{"id":11184,"date":"2023-05-19T12:05:19","date_gmt":"2023-05-19T10:05:19","guid":{"rendered":"https:\/\/www.smd-led.pl\/blog\/?p=11184"},"modified":"2023-12-07T11:39:30","modified_gmt":"2023-12-07T10:39:30","slug":"jak-rozjasnic-salon-z-ciemnymi-meblami","status":"publish","type":"post","link":"https:\/\/www.smd-led.pl\/blog\/jak-rozjasnic-salon-z-ciemnymi-meblami\/","title":{"rendered":"Jak rozja\u015bni\u0107 salon z ciemnymi meblami"},"content":{"rendered":"<p data-pm-slice=\"1 1 []\">Ciemne meble s\u0105 niezmiennie modne. Zaaran\u017cowanie salonu z ciemnymi meblami nie jest proste. Musimy dobra\u0107 odpowiednie dodatki i kolory \u015bcian, aby zachowa\u0107 odpowiedni kontrast. Ciemny kolor mebli otwiera drog\u0119 do ciekawych aran\u017cacji. Jak rozja\u015bni\u0107 salon z ciemnymi meblami? Dobrym pomys\u0142em na rozja\u015bnienie salonu z ciemnymi meblami jest wprowadzenie jaskrawych dodatk\u00f3w kt\u00f3re przek\u0142uj\u0105 uwag\u0119 i b\u0119d\u0105 mocno kontrastowa\u0107. Dodatkowo <strong>bardzo modne w 2023 roku jest\u00a0 wprowadzenie\u00a0 ciekawych instalacji o\u015bwietleniowych wykonane za pomoc\u0105 ta\u015bm LED i profili.<\/strong> Pami\u0119taj te\u017c o \u015bcianach w jasnym kolorze, kt\u00f3re s\u0105 niezb\u0119dne przy ciemnych meblach. Nowoczesny salon z ciemnymi meblami wymaga te\u017c dobrego o\u015bwietlenia. Je\u015bli masz ciemne meble w salonie i chcesz rozja\u015bni\u0107 przestrze\u0144 dobrym sposobem na rozja\u015bnienie go jest dodanie odpowiedniego o\u015bwietlenia. Mo\u017cesz zainstalowa\u0107 dodatkowe lampy lub kinkiety, aby rozja\u015bni\u0107 ciemne k\u0105ty w salonie. Idealnie sprawdz\u0105 si\u0119 ta\u015bmy LED w profilach zainstalowane na \u015bcianach i suficie, a tak\u017ce na meblach. Jasne kolory \u015bcian mog\u0105 pom\u00f3c w rozja\u015bnieniu salonu. Mo\u017cesz zdecydowa\u0107 si\u0119 na jasne odcienie szaro\u015bci, be\u017cu lub bia\u0142e \u015bciany. Dodanie jasnych element\u00f3w, takich jak poduszki, koce, firanki lub dekoracje \u015bcienne, mo\u017ce pom\u00f3c w rozja\u015bnieniu salonu. Wybieraj\u0105c jasne dekoracje, takie jak lustra, ramki na zdj\u0119cia, wazony lub ro\u015bliny doniczkowe, mo\u017cesz pom\u00f3c w rozja\u015bnieniu salonu. Meble z przeszklonymi elementami, takie jak stolik kawowy lub szafka, mog\u0105 pom\u00f3c w rozja\u015bnieniu salonu, poniewa\u017c promienie s\u0142oneczne b\u0119d\u0105 lepiej przechodzi\u0107 przez nie. Je\u015bli masz ciemne meble, kt\u00f3re zajmuj\u0105 du\u017co przestrzeni w salonie, mo\u017cesz rozwa\u017cy\u0107 ich przesuni\u0119cie lub wymian\u0119 na mniejsze, aby otworzy\u0107 przestrze\u0144 w salonie. Warto tak\u017ce u\u017cy\u0107 lustra. Lustra odbijaj\u0105 \u015bwiat\u0142o, co mo\u017ce pom\u00f3c w rozja\u015bnieniu salonu. Umie\u015b\u0107 du\u017ce lustro na jednej ze \u015bcian, aby odbija\u0142o naturalne \u015bwiat\u0142o lub stw\u00f3rz galeri\u0119 z mniejszych luster, aby odbi\u0107 wi\u0119cej \u015bwiat\u0142a. Aran\u017cacje wn\u0119trz, w kt\u00f3rych w salonie przewa\u017caj\u0105 ciemne meble, mog\u0105 by\u0107 niezwykle stylowe i eleganckie. Ciemne meble maj\u0105 charakterystyczn\u0105 g\u0142\u0119bi\u0119 i elegancj\u0119, kt\u00f3ra dodaje pomieszczeniom wyrafinowanego wygl\u0105du. Wkomponowanie ciemnych mebli w wystr\u00f3j wn\u0119trza wymaga jednak pewnej dozy umiej\u0119tno\u015bci.<\/p>\n<div id=\"attachment_11291\" style=\"width: 2180px\" class=\"wp-caption aligncenter\"><img loading=\"lazy\" decoding=\"async\" aria-describedby=\"caption-attachment-11291\" class=\"wp-image-11291 size-full\" title=\"Jak rozja\u015bni\u0107 salon z ciemnymi meblami\" src=\"https:\/\/www.smd-led.pl\/blog\/wp-content\/uploads\/2023\/05\/Jak-rozjasnic-salon-z-ciemnymi-meblami.jpg\" alt=\"Jak rozja\u015bni\u0107 salon z ciemnymi meblami\" width=\"2170\" height=\"2170\" srcset=\"https:\/\/www.smd-led.pl\/blog\/wp-content\/uploads\/2023\/05\/Jak-rozjasnic-salon-z-ciemnymi-meblami.jpg 2170w, https:\/\/www.smd-led.pl\/blog\/wp-content\/uploads\/2023\/05\/Jak-rozjasnic-salon-z-ciemnymi-meblami-300x300.jpg 300w, https:\/\/www.smd-led.pl\/blog\/wp-content\/uploads\/2023\/05\/Jak-rozjasnic-salon-z-ciemnymi-meblami-1024x1024.jpg 1024w, https:\/\/www.smd-led.pl\/blog\/wp-content\/uploads\/2023\/05\/Jak-rozjasnic-salon-z-ciemnymi-meblami-150x150.jpg 150w, https:\/\/www.smd-led.pl\/blog\/wp-content\/uploads\/2023\/05\/Jak-rozjasnic-salon-z-ciemnymi-meblami-768x768.jpg 768w, https:\/\/www.smd-led.pl\/blog\/wp-content\/uploads\/2023\/05\/Jak-rozjasnic-salon-z-ciemnymi-meblami-1536x1536.jpg 1536w, https:\/\/www.smd-led.pl\/blog\/wp-content\/uploads\/2023\/05\/Jak-rozjasnic-salon-z-ciemnymi-meblami-2048x2048.jpg 2048w\" sizes=\"auto, (max-width: 2170px) 100vw, 2170px\" \/><p id=\"caption-attachment-11291\" class=\"wp-caption-text\">Jak rozja\u015bni\u0107 salon z ciemnymi meblami<\/p><\/div>\n<p style=\"text-align: center;\"><span style=\"color: #ff0000;\"><strong><span style=\"font-size: 24pt;\">Najcz\u0119\u015bciej wybierane kategorie do o\u015bwietlenie salonu przez klient\u00f3w: Ta\u015bmy LED COB, Profile LED, O\u015bwietlenie szynowe\u00a0<\/span><\/strong><\/span><\/p>\n<div class=\"call-to-action-07\"><div class=\"call-to-action-07__product-box\"><img decoding=\"async\" src=\"https:\/\/www.smd-led.pl\/blog\/wp-content\/uploads\/2023\/12\/tasma-led-24v-cob-11w-480led-ip20-4000-100k-100lm-w-ra-90-1m-8mm-e1701942081650.webp\" alt=\"tasma-led-24v-cob-11w-480led-ip20-4000-100k-100lm-w-ra-90-1m-8mm\" \/><span class=\"call-to-action-07__product-title\">Ta\u015bma LED COB<\/span><a href=\"https:\/\/www.smd-led.pl\/tasma-led-cob\" class=\"button\" id=\"lamy_salon_kategorie\" target=\"_self\">Zobacz produkty<\/a><\/div><div class=\"call-to-action-07__product-box\"><img decoding=\"async\" src=\"https:\/\/www.smd-led.pl\/blog\/wp-content\/uploads\/2023\/03\/PROFIL-SURFACE14-EF-TY-NAWIERZCHNIOWY.jpg\" alt=\"PROFIL SURFACE14 EF\/TY NAWIERZCHNIOWY\" \/><span class=\"call-to-action-07__product-title\"><a href=\"https:\/\/www.smd-led.pl\/profil-aluminiowy-led\" data-internallinksmanager029f6b8e52c=\"31\" title=\"Profile LED\">Profil aluminiowy LED<\/a><\/span><a href=\"https:\/\/www.smd-led.pl\/profil-aluminiowy-led\" class=\"button\" id=\"lamy_salon_kategorie\" target=\"_self\">Zobacz produkty<\/a><\/div><div class=\"call-to-action-07__product-box\"><img decoding=\"async\" src=\"https:\/\/www.smd-led.pl\/blog\/wp-content\/uploads\/2023\/12\/Projekt-bez-nazwy-7-e1701942224917.jpg\" alt=\"O\u015bwietlenie szynowe\" \/><span class=\"call-to-action-07__product-title\">O\u015bwietlenie szynowe<\/span><a href=\"https:\/\/www.smd-led.pl\/oswietlenie-szynowe\" class=\"button\" id=\"lamy_salon_kategorie\" target=\"_self\">Zobacz produkty<\/a><\/div><\/div>\n<p data-pm-slice=\"1 1 []\">Jak rozja\u015bni\u0107 salon z ciemnymi meblami? Kluczem jest zbalansowanie obecno\u015bci ciemnych mebli z innymi, ja\u015bniejszymi elementami aran\u017cacji wn\u0119trz. Je\u015bli posiadamy ciemne meble, warto zastanowi\u0107 si\u0119 nad ich ustawieniem. Sprytne ciemne meble, umieszczone zgodnie z zasadami kompozycji, mog\u0105 znacz\u0105co zmieni\u0107 odbi\u00f3r przestrzeni. Jednym z kluczowych aspekt\u00f3w jest umiejscowienie mebli ciemnych w najja\u015bniejszym, a nie w najciemniejszym k\u0105cie salonu. Taki zabieg umo\u017cliwia maksymalne wykorzystanie naturalnego \u015bwiat\u0142a, kt\u00f3re sk\u0105pane w nim ciemne meble prezentuj\u0105 si\u0119 wyj\u0105tkowo efektownie. Jasna pod\u0142oga stanowi r\u00f3wnie\u017c \u015bwietne t\u0142o dla ciemnych mebli, podkre\u015blaj\u0105c ich estetyk\u0119. Bry\u0142y ciemnych mebli mog\u0105 dominowa\u0107 w przestrzeni, dlatego warto dobra\u0107 do nich jasne dodatki i akcenty, kt\u00f3re zr\u00f3wnowa\u017c\u0105 ich obecno\u015b\u0107. Ciemnymi meblami doskonale komponuj\u0105 si\u0119 jasne tekstylia, szk\u0142o czy metal. Wyr\u00f3\u017cni\u0105 one ciemne meble, jednocze\u015bnie nie przyt\u0142aczaj\u0105c przestrzeni. Przy planowaniu wystroju wn\u0119trza z ciemnymi meblami, we\u017a pod uwag\u0119 lokalizacj\u0119 okien. \u015awiat\u0142o naturalne padaj\u0105ce z okien na \u015bcianie salonu sprawi, \u017ce meble ciemne stan\u0105 si\u0119 bardziej wyraziste. Zestawiaj\u0105c ciemne meble z innymi elementami wn\u0119trza, pami\u0119taj o zasadzie harmonii. Staraj si\u0119, aby meble ciemne nie dominowa\u0142y ca\u0142kowicie przestrzeni, ale by\u0142y r\u00f3wnowa\u017cone przez jasne elementy &#8211; \u015bciany, pod\u0142og\u0119 czy dodatki. Podsumowuj\u0105c, salon z ciemnymi meblami to propozycja dla tych, kt\u00f3rzy ceni\u0105 elegancj\u0119 i wyrafinowanie. Taka aran\u017cacja, cho\u0107 wymaga pewnej dozy umiej\u0119tno\u015bci, mo\u017ce przynie\u015b\u0107 zaskakuj\u0105co satysfakcjonuj\u0105ce rezultaty. Abt jednak odpowiedzie\u0107 na pytanie jak rozja\u015bni\u0107 salon z ciemnymi meblami warto wybiera\u0107 r\u00f3\u017cne rozwi\u0105zania takie jakie b\u0119d\u0105 pasowa\u0142y u\u017cytkownikom tego mieszkania.<\/p>\n<div id=\"attachment_11343\" style=\"width: 1410px\" class=\"wp-caption aligncenter\"><img loading=\"lazy\" decoding=\"async\" aria-describedby=\"caption-attachment-11343\" class=\"wp-image-11343\" src=\"https:\/\/www.smd-led.pl\/blog\/wp-content\/uploads\/2023\/05\/7.jpg\" alt=\"Jak rozja\u015bni\u0107 salon z ciemnymi meblami\" width=\"1400\" height=\"915\" srcset=\"https:\/\/www.smd-led.pl\/blog\/wp-content\/uploads\/2023\/05\/7.jpg 768w, https:\/\/www.smd-led.pl\/blog\/wp-content\/uploads\/2023\/05\/7-300x196.jpg 300w\" sizes=\"auto, (max-width: 1400px) 100vw, 1400px\" \/><p id=\"caption-attachment-11343\" class=\"wp-caption-text\">Jak rozja\u015bni\u0107 salon z ciemnymi meblami<\/p><\/div>\n<h2>Jak urz\u0105dzi\u0107 salon z ciemnymi meblami?<\/h2>\n<p>Jak urz\u0105dzi\u0107 salon z ciemnymi meblami? <strong>W salonie z ciemnymi meblami wa\u017cne jest zastosowanie kilku rodzaj\u00f3w o\u015bwietlenia, opr\u00f3cz o\u015bwietlenia g\u0142\u00f3wnego zastosuj:<\/strong><\/p>\n<ol>\n<li><strong>Lampy stoj\u0105ce pod\u0142ogowe &#8211; nie tylko wygl\u0105daj\u0105 stylowo, ale zapewni\u0105 dodatkowe o\u015bwietlenie ciemnych k\u0105t\u00f3w.<\/strong><\/li>\n<li><strong>Kinkiety \u015bcienne &#8211; wybieraj\u0105c kinkiety z tej samej rodziny lamp, co \u017cyrandol zapewnimy sobie doskona\u0142e rozja\u015bnienie salonu i niepowtarzalny klimat.<\/strong><\/li>\n<\/ol>\n<p>Urz\u0105dzenie salonu z ciemnymi meblami mo\u017ce by\u0107 wyzwaniem, ale z kilkoma wskaz\u00f3wkami mo\u017cna stworzy\u0107 pi\u0119kne i przytulne wn\u0119trze. Dodaj kontrasty do salonu. Aby prze\u0142ama\u0107 ciemn\u0105 kolorystyk\u0119 mebli, warto doda\u0107 jasne elementy dekoracyjne, np. jasne poduszki, kolorowe lampy, jasne dywany lub obrazy. Kontrastuj\u0105ce kolory i tekstury pomog\u0105 w o\u017cywieniu przestrzeni. Jasne kolory \u015bcian lub tapet, takie jak biel, kremowy, jasny be\u017c lub szary, pomog\u0105 rozja\u015bni\u0107 przestrze\u0144 i wyr\u00f3wna\u0107 ciemne meble. Wybierz dodatki w kolorze akcentowym. Je\u015bli salon jest utrzymany w ciemnej kolorystyce, mo\u017cna doda\u0107 kilka akcent\u00f3w kolorystycznych, takich jak \u017c\u00f3\u0142ty, zielony, czerwony, granatowy lub r\u00f3\u017cowy, aby przyci\u0105gn\u0105\u0107 wzrok i wprowadzi\u0107 cieplejszy klimat. Wykorzystaj naturalne \u015bwiat\u0142o, otw\u00f3rz okna, aby wpuszcza\u0107 do salonu naturalne \u015bwiat\u0142o, co rozja\u015bni pomieszczenie i poka\u017ce ciemne meble z innej perspektywy. Otwarcie okien pomo\u017ce tak\u017ce w poprawie jako\u015bci powietrza i stworzy przyjemniejszy klimat. Zainwestuj w o\u015bwietlenie, dob\u00f3r odpowiedniego o\u015bwietlenia mo\u017ce pom\u00f3c w rozja\u015bnieniu ciemnych mebli. Wybierz lampy z bia\u0142ymi aba\u017curami lub punkty \u015bwietlne, kt\u00f3re o\u015bwietl\u0105 ciemne zakamarki pokoju. Ciemne meble cz\u0119sto same w sobie stanowi\u0105 ozdob\u0119 pomieszczenia, dlatego warto ograniczy\u0107 dodatki i wykorzysta\u0107 jedynie niezb\u0119dne elementy dekoracyjne. Zielone ro\u015bliny wprowadz\u0105 do wn\u0119trza przyjemny klimat i \u017cywio\u0142ow\u0105 energi\u0119, co zr\u00f3wnowa\u017cy ciemne meble. Warto wybra\u0107 ro\u015bliny o li\u015bciach w jasnych kolorach lub pastelach, aby stworzy\u0107 harmonijne po\u0142\u0105czenie. Ciemne meble mog\u0105 sprawi\u0107, \u017ce pomieszczenie wydaje si\u0119 mniejsze, dlatego warto zastosowa\u0107 sztuczk\u0119 otwierania przestrzeni. Zmie\u0144 ustawienie mebli, przesu\u0144 je w kierunku okna lub zastosuj szafki z przeszklonymi drzwiami, kt\u00f3re wizualnie otworz\u0105 salon. Je\u015bli chcesz wiedzie\u0107 jak urz\u0105dzi\u0107 salon z ciemnymi meblami, mo\u017cesz zastosowa\u0107 opisane przez nas metody. Aran\u017cacje salonu mog\u0105 bywa\u0107 wyzwaniem, zw\u0142aszcza gdy przestrze\u0144 jest naturalnie ciemna. Ciemny salon mo\u017ce wydawa\u0107 si\u0119 mniej przytulny i przyt\u0142aczaj\u0105cy, ale odpowiednie u\u017cycie koloru mebli, dodatk\u00f3w i o\u015bwietlenia mo\u017ce ca\u0142kowicie odmieni\u0107 jego atmosfer\u0119. Ciemne pomieszczenia nie musz\u0105 by\u0107 problemem, o ile wiemy, jak je odpowiednio rozja\u015bni\u0107. Ciemne meble \u015bwietnie prezentuj\u0105 si\u0119 w nowoczesnym salonie. Ich kolorystyka i charakter sprawiaj\u0105, \u017ce s\u0105 one eleganckie i luksusowe. Ale jak urz\u0105dzi\u0107 salon, w kt\u00f3rym dominuj\u0105 ciemne barwy? Kluczowe jest tutaj zastosowanie ciemnych mebli w odpowiedni spos\u00f3b. Oto kilka porad. Jasne \u015bciany to jedno z najprostszych rozwi\u0105za\u0144, kt\u00f3re optycznie rozja\u015bni ciemny salon. Bia\u0142e lub w jasnych odcieniach \u015bciany odbijaj\u0105 \u015bwiat\u0142o, co sprawia, \u017ce pomieszczenie wydaje si\u0119 wi\u0119ksze i ja\u015bniejsze. Jasne \u015bciany salonu dobrze komponuj\u0105 si\u0119 z ciemnymi meblami i dywanem, tworz\u0105c harmonijn\u0105 ca\u0142o\u015b\u0107. Jasne meble to kolejny spos\u00f3b na rozja\u015bnienie ciemnego pomieszczenia. Bia\u0142e meble, zw\u0142aszcza te o b\u0142yszcz\u0105cej powierzchni, odbijaj\u0105 \u015bwiat\u0142o, co rozja\u015bnia wn\u0119trza. Mo\u017cna tak\u017ce zastosowa\u0107 meble w kolorze naturalnego drewna, kt\u00f3re s\u0105 nieco ciemniejsze, ale nadal wprowadzaj\u0105 do wn\u0119trza ciep\u0142o. W przypadku ciemnych mebli warto zwr\u00f3ci\u0107 uwag\u0119 na ich rozmieszczenie.<\/p>\n<div class=\"call-to-action-04\"><div class=\"call-to-action-04__img-box\"><img decoding=\"async\" src=\"https:\/\/www.smd-led.pl\/blog\/wp-content\/uploads\/2023\/12\/IP65-1.png\" alt=\"Lampy pod\u0142ogowe - stoj\u0105ce LED\" \/><\/div><div class=\"call-to-action-04__info-box\"><span class=\"call-to-action-04__product-title\">Lampy pod\u0142ogowe - stoj\u0105ce LED<\/span><p><p><strong>Lampy pod\u0142ogowe LED<\/strong>\u00a0to bardzo cz\u0119sto spotykany rodzaj dodatkowego, akcentowego o\u015bwietlenia w naszych salonach czy sypialniach. Ich \u015bwiat\u0142o tworzy niesamowity nastr\u00f3j i \u015bwietnie uzupe\u0142nia braki w g\u0142\u00f3wnym o\u015bwietleniu.\u00a0<em>Lampki stoj\u0105ce LED<\/em>\u00a0pod\u0142\u0105czamy bezpo\u015brednio do dowolnego gniazdka, bez potrzeby u\u017cywania \u017cadnych zb\u0119dnych zasilaczy.\u00a0<strong>Lampa pod\u0142ogowa LED<\/strong> stanowi r\u00f3wnie\u017c znakomity element dekoracyjny, kt\u00f3ry pr\u00f3cz klimatycznego o\u015bwietlenia, swoim wygl\u0105dem zachwyci wszystkich mieszka\u0144c\u00f3w. Zapraszamy po szeroki wyb\u00f3r lamp stoj\u0105cych!<\/p>\n<\/p><a href=\"https:\/\/www.smd-led.pl\/lampy-podlogowe-stojace-led\" class=\"button\" id=\"lampa_podlogowa\" target=\"_self\">Zobacz produkty<\/a><\/div><\/div>\n<p>Ustawienie ciemnych mebli w taki spos\u00f3b, aby nie tworzy\u0142y ci\u0119\u017ckich, monolitycznych bry\u0142, to sprytne rozwi\u0105zanie. Jasna pod\u0142oga i jasne dodatki mog\u0105 dodatkowo rozja\u015bni\u0107 aran\u017cacj\u0119 pomieszczenia. Ciemne meble doskonale pasuj\u0105 do wn\u0119trz urz\u0105dzonych w kolorach naturalnych. Mo\u017cna zatem po\u0142\u0105czy\u0107 ciemne meble drewniane z dodatkami w kolorze ciemnego drewna, a ca\u0142o\u015b\u0107 uzupe\u0142ni\u0107 jasnymi tekstyliami i dekoracjami. Chc\u0105c rozja\u015bni\u0107 ciemne wn\u0119trza, warto zwr\u00f3ci\u0107 uwag\u0119 na o\u015bwietlenie. Du\u017ce okna na \u015bcianie salonu to \u015bwietne rozwi\u0105zanie, ale je\u017celi nie mamy takiej mo\u017cliwo\u015bci, warto zastosowa\u0107 dodatkowe \u017ar\u00f3d\u0142a \u015bwiat\u0142a. <a href=\"https:\/\/www.smd-led.pl\/lampy-podlogowe-stojace-led\">Lampy pod\u0142ogowe<\/a>, kinkiety, a tak\u017ce reflektory sufitowe skierowane na \u015bcian\u0119 dodaj\u0105 niesamowity efekt i potrafi\u0105 rozja\u015bni\u0107 ka\u017cde wn\u0119trze. Aran\u017cacje salonu z ciemnymi meblami mog\u0105 by\u0107 niezwykle eleganckie i nowoczesne. W przypadku ciemnych mebli warto zwr\u00f3ci\u0107 uwag\u0119 na kolorystyk\u0119 oraz charakter tych element\u00f3w. Wykorzystanie ciemnych mebli w salonie pozwala na ciekawe po\u0142\u0105czenia z jasnymi dodatkami, kt\u00f3re sprawi\u0105, \u017ce wn\u0119trza ciemne stan\u0105 si\u0119 bardziej przytulne i przyjemne dla oka. Dobrym pomys\u0142em jest zastosowanie ciemnych mebli w kontrastuj\u0105cych barwach z jasnymi \u015bcianami. Salon rozja\u015bnisz bia\u0142\u0105 farb\u0105 na \u015bcian salonu, co optycznie powi\u0119kszy pomieszczenie i pozwoli na lepsze odbijanie \u015bwiat\u0142a. Jasne meble r\u00f3wnie\u017c mog\u0105 by\u0107 \u0142\u0105czone z ciemnymi meblami, tworz\u0105c interesuj\u0105ce aran\u017cacje wn\u0119trza. Naturalny kolor mebli, jak ciemne drewno, \u015bwietnie komponuje si\u0119 z jasnymi odcieniami na \u015bcianach, pod\u0142odze czy dodatkach. Wybieraj\u0105c kolor \u015bcian dla ciemnego salonu, warto postawi\u0107 na bia\u0142e meble lub jasne dodatki. Warto r\u00f3wnie\u017c pami\u0119ta\u0107, \u017ce ciemne meble wcale nie musz\u0105 by\u0107 ci\u0119\u017ckimi bry\u0142ami \u2013 sprytne ustawienie ciemnych mebli mo\u017ce sprawi\u0107, \u017ce wn\u0119trze stanie si\u0119 przestronniejsze. Ciemnymi meblami mo\u017cna r\u00f3wnie\u017c zestawi\u0107 dywan w jasnym kolorze, kt\u00f3ry rozja\u015bni aran\u017cacj\u0119 pomieszczenia. Jasna pod\u0142oga r\u00f3wnie\u017c pomo\u017ce w rozja\u015bnieniu ciemnego salonu, szczeg\u00f3lnie je\u015bli meble s\u0105 wykonane z ciemnego drewna. W przypadku wyboru ciemnych mebli dla salonu, warto zwr\u00f3ci\u0107 uwag\u0119 na styl wn\u0119trza i estetyk\u0119 tych element\u00f3w. Nowoczesne ciemne meble doskonale pasuj\u0105 do minimalistycznych wn\u0119trz, natomiast b\u0142yszcz\u0105ce ciemne meble b\u0119d\u0105 wygl\u0105da\u0107 dobrze w bardziej eleganckich i klasycznych aran\u017cacjach. Chc\u0105c rozja\u015bni\u0107 ciemne wn\u0119trza, warto pomy\u015ble\u0107 o umieszczeniu okna na \u015bcianie salonu. \u015awiat\u0142o dzienne wpadaj\u0105ce przez okno sprawi, \u017ce ciemne pomieszczenia stan\u0105 si\u0119 ja\u015bniejsze, a ciemne meble b\u0119d\u0105 si\u0119 prezentowa\u0107 jeszcze lepiej. Podsumowuj\u0105c, aran\u017cacja salonu z ciemnymi meblami mo\u017ce by\u0107 elegancka i nowoczesna. Warto poeksperymentowa\u0107 z r\u00f3\u017cnymi kolorystykami i dodatkami, aby stworzy\u0107 przytulne i ciekawe wn\u0119trza.<\/p>\n<div id=\"attachment_11294\" style=\"width: 2180px\" class=\"wp-caption aligncenter\"><img loading=\"lazy\" decoding=\"async\" aria-describedby=\"caption-attachment-11294\" class=\"wp-image-11294 size-full\" title=\"Jak urz\u0105dzi\u0107 salon z ciemnymi meblami?\" src=\"https:\/\/www.smd-led.pl\/blog\/wp-content\/uploads\/2023\/05\/Jak-urzadzic-salon-z-ciemnymi-meblami.jpg\" alt=\"Jak urz\u0105dzi\u0107 salon z ciemnymi meblami? - Jak rozja\u015bni\u0107 salon z ciemnymi meblami\" width=\"2170\" height=\"2170\" srcset=\"https:\/\/www.smd-led.pl\/blog\/wp-content\/uploads\/2023\/05\/Jak-urzadzic-salon-z-ciemnymi-meblami.jpg 2170w, https:\/\/www.smd-led.pl\/blog\/wp-content\/uploads\/2023\/05\/Jak-urzadzic-salon-z-ciemnymi-meblami-300x300.jpg 300w, https:\/\/www.smd-led.pl\/blog\/wp-content\/uploads\/2023\/05\/Jak-urzadzic-salon-z-ciemnymi-meblami-1024x1024.jpg 1024w, https:\/\/www.smd-led.pl\/blog\/wp-content\/uploads\/2023\/05\/Jak-urzadzic-salon-z-ciemnymi-meblami-150x150.jpg 150w, https:\/\/www.smd-led.pl\/blog\/wp-content\/uploads\/2023\/05\/Jak-urzadzic-salon-z-ciemnymi-meblami-768x768.jpg 768w, https:\/\/www.smd-led.pl\/blog\/wp-content\/uploads\/2023\/05\/Jak-urzadzic-salon-z-ciemnymi-meblami-1536x1536.jpg 1536w, https:\/\/www.smd-led.pl\/blog\/wp-content\/uploads\/2023\/05\/Jak-urzadzic-salon-z-ciemnymi-meblami-2048x2048.jpg 2048w\" sizes=\"auto, (max-width: 2170px) 100vw, 2170px\" \/><p id=\"caption-attachment-11294\" class=\"wp-caption-text\">Jak urz\u0105dzi\u0107 salon z ciemnymi meblami? &#8211; Jak rozja\u015bni\u0107 salon z ciemnymi meblami<\/p><\/div>\n<h2>Jak o\u017cywi\u0107 salon z ciemnymi meblami?<\/h2>\n<p><strong>Jak o\u017cywi\u0107 salon z ciemnymi meblami? Ciemne meble to wyzwanie, z kt\u00f3rymi poradzi sobie o\u015bwietlenie meblowe, kt\u00f3re wykonamy za pomoc\u0105 ta\u015bm LED oraz odpowiednich profili:<\/strong><\/p>\n<ol>\n<li><strong><a href=\"https:\/\/www.smd-led.pl\/profil-led-zewnetrzny-typ-a\">Profil LED zewn\u0119trzny typu A<\/a> &#8211; idealnie sprawdzi si\u0119 w standardowych zabudowach, posiada szeroko\u015b\u0107 wewn\u0119trzn\u0105 13 mm.<\/strong><\/li>\n<li><strong><a href=\"https:\/\/www.smd-led.pl\/profil-led-wpuszczany-typ-b\">Profil LED wpuszczany typu B<\/a> &#8211; zastosujesz go we wcze\u015bniej wyfrezowanym otworze i dyskretnie ukryjesz ta\u015bm\u0119 Led.<\/strong><\/li>\n<\/ol>\n<p>O\u017cywienie salonu z ciemnymi meblami mo\u017ce by\u0107 wyzwaniem, ale z kilkoma prostymi trikami mo\u017cna stworzy\u0107 przytuln\u0105 i ciep\u0142\u0105 przestrze\u0144. Jasne poduszki, kolorowe zas\u0142ony, dywan lub inne dodatki w jasnych kolorach pomog\u0105 rozja\u015bni\u0107 przestrze\u0144 i stworzy\u0107 kontrast z ciemnymi meblami. Kolorowe akcenty, dodanie kolorowych akcent\u00f3w, takich jak jasne obrazy, kolorowe lampy lub ozdobne pude\u0142ka, mo\u017ce pom\u00f3c w urozmaiceniu i o\u017cywieniu ciemnej kolorystyki mebli. Zielone ro\u015bliny nie tylko wprowadz\u0105 do wn\u0119trza \u017cycie i koloryt, ale tak\u017ce pomog\u0105 w regulowaniu wilgotno\u015bci powietrza, co poprawi jako\u015b\u0107 powietrza i stworzy przyjemny klimat. Zastosowanie tkanin w ciekawych wzorach i kolorach, takich jak kwiaty, geometryczne motywy lub abstrakcyjne wzory, mo\u017ce pom\u00f3c w stworzeniu interesuj\u0105cej i oryginalnej przestrzeni. Dob\u00f3r odpowiedniego o\u015bwietlenia mo\u017ce pom\u00f3c w o\u017cywieniu ciemnych mebli. Wybierz lampy w ciekawym kszta\u0142cie lub kolorze, kt\u00f3re b\u0119d\u0105 stanowi\u0107 ozdob\u0119 i jednocze\u015bnie dostarcz\u0105 odpowiedniego \u015bwiat\u0142a. Dodanie ciekawych dekoracji, takich jak rze\u017aby, obrazy, lustra lub ozdobne pude\u0142ka, mo\u017ce pom\u00f3c w stworzeniu interesuj\u0105cej i niebanalnej przestrzeni. Stw\u00f3rz interesuj\u0105ce po\u0142\u0105czenia kolorystyczne, np. zestawiaj\u0105c ciemne meble z pastelowymi dodatkami lub jasnymi tkaninami. Gra kolorami mo\u017ce wprowadzi\u0107 do wn\u0119trza energi\u0119 i pozytywny nastr\u00f3j. Jak o\u017cywi\u0107 salon z ciemnymi meblami? Zmiana ustawienia mebli mo\u017ce pom\u00f3c w o\u017cywieniu salonu. Przesu\u0144 kanap\u0119 w inne miejsce, dodaj dodatkowe krzes\u0142a lub stolik kawowy, aby stworzy\u0107 now\u0105 i ciekaw\u0105 aran\u017cacj\u0119. Odpowiadaj\u0105c sobie na pytanie\u00a0 Jak rozja\u015bni\u0107 salon z ciemnymi meblami ? nie ma jednej odpowiedzi jest wiele trik\u00f3w i jeszcze wi\u0119cej sposob\u00f3w. Ogranicza nas wyobra\u017ania i kreatywno\u015b\u0107.<\/p>\n<div class=\"call-to-action-05\" style=\"background-image: url('https:\/\/www.smd-led.pl\/blog\/wp-content\/uploads\/2023\/12\/Lampy-do-salonu-6.png')\"><div class=\"call-to-action-05__info-box\"><div class=\"call-to-action-05__info\"><p class=\"call-to-action-05__txt\">Zobacz wi\u0119cej z kategorii<\/p><span class=\"call-to-action-05__cat-title\">Profil aluminiowy LED<\/span><a href=\"https:\/\/www.smd-led.pl\/profil-aluminiowy-led\" class=\"button\" id=\"profile_kartegoria\" target=\"_self\">Zobacz produkty<\/a><\/div><\/div><\/div>\n<div id=\"attachment_11296\" style=\"width: 2180px\" class=\"wp-caption aligncenter\"><img loading=\"lazy\" decoding=\"async\" aria-describedby=\"caption-attachment-11296\" class=\"wp-image-11296 size-full\" title=\"Jak o\u017cywi\u0107 salon z ciemnymi meblami? - Jak rozja\u015bni\u0107 salon z ciemnymi meblami\" src=\"https:\/\/www.smd-led.pl\/blog\/wp-content\/uploads\/2023\/05\/Jak-ozywic-salon-z-ciemnymi-meblami.jpg\" alt=\"Jak o\u017cywi\u0107 salon z ciemnymi meblami? - Jak rozja\u015bni\u0107 salon z ciemnymi meblami\" width=\"2170\" height=\"2170\" srcset=\"https:\/\/www.smd-led.pl\/blog\/wp-content\/uploads\/2023\/05\/Jak-ozywic-salon-z-ciemnymi-meblami.jpg 2170w, https:\/\/www.smd-led.pl\/blog\/wp-content\/uploads\/2023\/05\/Jak-ozywic-salon-z-ciemnymi-meblami-300x300.jpg 300w, https:\/\/www.smd-led.pl\/blog\/wp-content\/uploads\/2023\/05\/Jak-ozywic-salon-z-ciemnymi-meblami-1024x1024.jpg 1024w, https:\/\/www.smd-led.pl\/blog\/wp-content\/uploads\/2023\/05\/Jak-ozywic-salon-z-ciemnymi-meblami-150x150.jpg 150w, https:\/\/www.smd-led.pl\/blog\/wp-content\/uploads\/2023\/05\/Jak-ozywic-salon-z-ciemnymi-meblami-768x768.jpg 768w, https:\/\/www.smd-led.pl\/blog\/wp-content\/uploads\/2023\/05\/Jak-ozywic-salon-z-ciemnymi-meblami-1536x1536.jpg 1536w, https:\/\/www.smd-led.pl\/blog\/wp-content\/uploads\/2023\/05\/Jak-ozywic-salon-z-ciemnymi-meblami-2048x2048.jpg 2048w\" sizes=\"auto, (max-width: 2170px) 100vw, 2170px\" \/><p id=\"caption-attachment-11296\" class=\"wp-caption-text\">Jak o\u017cywi\u0107 salon z ciemnymi meblami? &#8211; Jak rozja\u015bni\u0107 salon z ciemnymi meblami<\/p><\/div>\n<p style=\"text-align: center;\"><strong>Zapraszamy r\u00f3wnie\u017c do zapoznania si\u0119 z innymi blogami zwi\u0105zane z kategori\u0105 o\u015bwietlenie dla domu<\/strong><\/p>\n<div class=\"cat-slider-02\"><div class=\"cat-slider-02__box\"><div class=\"cat-slider-02__wrapper\"><p class=\"cat-slider-02__title\"><\/p><div class=\"cat-slider-02__slider\"><div class=\"cat-slider-02__slide\"><a href=\"https:\/\/www.smd-led.pl\/blog\/jakie-tasmy-led-najlepiej-wspolpracuja-z-profilami-aluminiowymi\/\" class=\"cat-slider-02__link\"><div class=\"cat-slider-02__img-box\"><img loading=\"lazy\" decoding=\"async\" width=\"1024\" height=\"576\" src=\"https:\/\/www.smd-led.pl\/blog\/wp-content\/uploads\/2024\/11\/2-1024x576.png\" class=\"cat-slider-02__img wp-post-image\" alt=\"Jakie ta\u015bmy LED najlepiej wsp\u00f3\u0142pracuj\u0105 z profilami aluminiowymi?\" srcset=\"https:\/\/www.smd-led.pl\/blog\/wp-content\/uploads\/2024\/11\/2-1024x576.png 1024w, https:\/\/www.smd-led.pl\/blog\/wp-content\/uploads\/2024\/11\/2-300x169.png 300w, https:\/\/www.smd-led.pl\/blog\/wp-content\/uploads\/2024\/11\/2-768x432.png 768w, https:\/\/www.smd-led.pl\/blog\/wp-content\/uploads\/2024\/11\/2-1536x864.png 1536w, https:\/\/www.smd-led.pl\/blog\/wp-content\/uploads\/2024\/11\/2.png 1920w\" sizes=\"auto, (max-width: 1024px) 100vw, 1024px\" \/><\/div><\/a><a href=\"https:\/\/www.smd-led.pl\/blog\/jakie-tasmy-led-najlepiej-wspolpracuja-z-profilami-aluminiowymi\/\" class=\"cat-slider-02__link\"><div class=\"cat-slider-02__heading-box\"><p class=\"cat-slider-02__post-title\">Jakie ta\u015bmy LED najlepiej wsp\u00f3\u0142pracuj\u0105 z profilami aluminiowymi?<\/p><p>Wprowadzenie do ta\u015bm LED i profili aluminiowych Technologia LED zrewolucjonizowa\u0142a spos\u00f3b, w jaki podchodzimy do [&hellip;]<\/p>\n<\/div><\/a><\/div><div class=\"cat-slider-02__slide\"><a href=\"https:\/\/www.smd-led.pl\/blog\/jaka-barwa-swiatla-do-sypialni-co-wybrac\/\" class=\"cat-slider-02__link\"><div class=\"cat-slider-02__img-box\"><img loading=\"lazy\" decoding=\"async\" width=\"1024\" height=\"1024\" src=\"https:\/\/www.smd-led.pl\/blog\/wp-content\/uploads\/2023\/11\/smdled_a_glamorous_style_bedroom_illuminated_with_slightly_blue_c98be2bb-a856-455d-aaaf-9133afda07fd.png\" class=\"cat-slider-02__img wp-post-image\" alt=\"\" srcset=\"https:\/\/www.smd-led.pl\/blog\/wp-content\/uploads\/2023\/11\/smdled_a_glamorous_style_bedroom_illuminated_with_slightly_blue_c98be2bb-a856-455d-aaaf-9133afda07fd.png 1024w, https:\/\/www.smd-led.pl\/blog\/wp-content\/uploads\/2023\/11\/smdled_a_glamorous_style_bedroom_illuminated_with_slightly_blue_c98be2bb-a856-455d-aaaf-9133afda07fd-300x300.png 300w, https:\/\/www.smd-led.pl\/blog\/wp-content\/uploads\/2023\/11\/smdled_a_glamorous_style_bedroom_illuminated_with_slightly_blue_c98be2bb-a856-455d-aaaf-9133afda07fd-150x150.png 150w, https:\/\/www.smd-led.pl\/blog\/wp-content\/uploads\/2023\/11\/smdled_a_glamorous_style_bedroom_illuminated_with_slightly_blue_c98be2bb-a856-455d-aaaf-9133afda07fd-768x768.png 768w\" sizes=\"auto, (max-width: 1024px) 100vw, 1024px\" \/><\/div><\/a><a href=\"https:\/\/www.smd-led.pl\/blog\/jaka-barwa-swiatla-do-sypialni-co-wybrac\/\" class=\"cat-slider-02__link\"><div class=\"cat-slider-02__heading-box\"><p class=\"cat-slider-02__post-title\">Jaka barwa \u015bwiat\u0142a do sypialni co wybra\u0107?<\/p><p>Wyb\u00f3r odpowiedniej barwy \u015bwiat\u0142a do sypialni jest niezwykle wa\u017cny, aby zapewni\u0107 komfort, funkcjonalno\u015b\u0107 oraz stworzy\u0107 [&hellip;]<\/p>\n<\/div><\/a><\/div><div class=\"cat-slider-02__slide\"><a href=\"https:\/\/www.smd-led.pl\/blog\/jak-podswietlic-lamele\/\" class=\"cat-slider-02__link\"><div class=\"cat-slider-02__img-box\"><img loading=\"lazy\" decoding=\"async\" width=\"1024\" height=\"512\" src=\"https:\/\/www.smd-led.pl\/blog\/wp-content\/uploads\/2023\/10\/Jak-podswietlic-lamele-2-1024x512.jpg\" class=\"cat-slider-02__img wp-post-image\" alt=\"Jak pod\u015bwietli\u0107 lamele\" srcset=\"https:\/\/www.smd-led.pl\/blog\/wp-content\/uploads\/2023\/10\/Jak-podswietlic-lamele-2-1024x512.jpg 1024w, https:\/\/www.smd-led.pl\/blog\/wp-content\/uploads\/2023\/10\/Jak-podswietlic-lamele-2-300x150.jpg 300w, https:\/\/www.smd-led.pl\/blog\/wp-content\/uploads\/2023\/10\/Jak-podswietlic-lamele-2-768x384.jpg 768w, https:\/\/www.smd-led.pl\/blog\/wp-content\/uploads\/2023\/10\/Jak-podswietlic-lamele-2.jpg 1200w\" sizes=\"auto, (max-width: 1024px) 100vw, 1024px\" \/><\/div><\/a><a href=\"https:\/\/www.smd-led.pl\/blog\/jak-podswietlic-lamele\/\" class=\"cat-slider-02__link\"><div class=\"cat-slider-02__heading-box\"><p class=\"cat-slider-02__post-title\">Jak pod\u015bwietli\u0107 lamele?<\/p><p>Ka\u017cdy z nas szuka sposob\u00f3w, aby uczyni\u0107 swoje wn\u0119trze wyj\u0105tkowym i niepowtarzalnym. W dzisiejszym \u015bwiecie [&hellip;]<\/p>\n<\/div><\/a><\/div><div class=\"cat-slider-02__slide\"><a href=\"https:\/\/www.smd-led.pl\/blog\/obraz-na-szarej-scianie\/\" class=\"cat-slider-02__link\"><div class=\"cat-slider-02__img-box\"><img loading=\"lazy\" decoding=\"async\" width=\"768\" height=\"502\" src=\"https:\/\/www.smd-led.pl\/blog\/wp-content\/uploads\/2023\/07\/Obraz-na-szarej-scianie-1-1.jpg\" class=\"cat-slider-02__img wp-post-image\" alt=\"Obraz na szarej \u015bcianie\" srcset=\"https:\/\/www.smd-led.pl\/blog\/wp-content\/uploads\/2023\/07\/Obraz-na-szarej-scianie-1-1.jpg 768w, https:\/\/www.smd-led.pl\/blog\/wp-content\/uploads\/2023\/07\/Obraz-na-szarej-scianie-1-1-300x196.jpg 300w\" sizes=\"auto, (max-width: 768px) 100vw, 768px\" \/><\/div><\/a><a href=\"https:\/\/www.smd-led.pl\/blog\/obraz-na-szarej-scianie\/\" class=\"cat-slider-02__link\"><div class=\"cat-slider-02__heading-box\"><p class=\"cat-slider-02__post-title\">Obraz na szarej \u015bcianie<\/p><p>&nbsp; Tw\u00f3j szary salon zas\u0142uguje na odrobin\u0119 magii i osobistego wyrazu. Dlatego te\u017c warto zastanowi\u0107 [&hellip;]<\/p>\n<\/div><\/a><\/div><div class=\"cat-slider-02__slide\"><a href=\"https:\/\/www.smd-led.pl\/blog\/montaz-tasmy-led-na-scianie\/\" class=\"cat-slider-02__link\"><div class=\"cat-slider-02__img-box\"><img loading=\"lazy\" decoding=\"async\" width=\"1024\" height=\"768\" src=\"https:\/\/www.smd-led.pl\/blog\/wp-content\/uploads\/2023\/04\/Profil-LED-P18-2_inspiracja-1024x768.jpg\" class=\"cat-slider-02__img wp-post-image\" alt=\"Profil LED P18-2_inspiracja\" srcset=\"https:\/\/www.smd-led.pl\/blog\/wp-content\/uploads\/2023\/04\/Profil-LED-P18-2_inspiracja-1024x768.jpg 1024w, https:\/\/www.smd-led.pl\/blog\/wp-content\/uploads\/2023\/04\/Profil-LED-P18-2_inspiracja-300x225.jpg 300w, https:\/\/www.smd-led.pl\/blog\/wp-content\/uploads\/2023\/04\/Profil-LED-P18-2_inspiracja-768x576.jpg 768w, https:\/\/www.smd-led.pl\/blog\/wp-content\/uploads\/2023\/04\/Profil-LED-P18-2_inspiracja-1536x1152.jpg 1536w, https:\/\/www.smd-led.pl\/blog\/wp-content\/uploads\/2023\/04\/Profil-LED-P18-2_inspiracja.jpg 1600w\" sizes=\"auto, (max-width: 1024px) 100vw, 1024px\" \/><\/div><\/a><a href=\"https:\/\/www.smd-led.pl\/blog\/montaz-tasmy-led-na-scianie\/\" class=\"cat-slider-02__link\"><div class=\"cat-slider-02__heading-box\"><p class=\"cat-slider-02__post-title\">Monta\u017c ta\u015bmy Led na \u015bcianie<\/p><p>Jak zrobi\u0107 prawid\u0142owo Monta\u017c ta\u015bmy Led na \u015bcianie? aby monta\u017c ta\u015bmy, by\u0142 zgodny z trendami [&hellip;]<\/p>\n<\/div><\/a><\/div><div class=\"cat-slider-02__slide\"><a href=\"https:\/\/www.smd-led.pl\/blog\/jak-przykleic-tasme-led-do-sufitu\/\" class=\"cat-slider-02__link\"><div class=\"cat-slider-02__img-box\"><img loading=\"lazy\" decoding=\"async\" width=\"1024\" height=\"768\" src=\"https:\/\/www.smd-led.pl\/blog\/wp-content\/uploads\/2023\/04\/Jak-przykleic-tasme-LED-do-sufitu-4-1024x768.jpg\" class=\"cat-slider-02__img wp-post-image\" alt=\"Jak przyklei\u0107 ta\u015bm\u0119 LED do sufitu (4)\" srcset=\"https:\/\/www.smd-led.pl\/blog\/wp-content\/uploads\/2023\/04\/Jak-przykleic-tasme-LED-do-sufitu-4-1024x768.jpg 1024w, https:\/\/www.smd-led.pl\/blog\/wp-content\/uploads\/2023\/04\/Jak-przykleic-tasme-LED-do-sufitu-4-300x225.jpg 300w, https:\/\/www.smd-led.pl\/blog\/wp-content\/uploads\/2023\/04\/Jak-przykleic-tasme-LED-do-sufitu-4-768x576.jpg 768w, https:\/\/www.smd-led.pl\/blog\/wp-content\/uploads\/2023\/04\/Jak-przykleic-tasme-LED-do-sufitu-4-1536x1152.jpg 1536w, https:\/\/www.smd-led.pl\/blog\/wp-content\/uploads\/2023\/04\/Jak-przykleic-tasme-LED-do-sufitu-4.jpg 1600w\" sizes=\"auto, (max-width: 1024px) 100vw, 1024px\" \/><\/div><\/a><a href=\"https:\/\/www.smd-led.pl\/blog\/jak-przykleic-tasme-led-do-sufitu\/\" class=\"cat-slider-02__link\"><div class=\"cat-slider-02__heading-box\"><p class=\"cat-slider-02__post-title\">Jak przyklei\u0107 ta\u015bm\u0119 LED do sufitu<\/p><p>Czy zastanawia\u0142e\u015b si\u0119 kiedy\u015b, jak efektywnie przyklei\u0107 ta\u015bm\u0119 LED do sufitu, aby doda\u0107 swojemu wn\u0119trzu [&hellip;]<\/p>\n<\/div><\/a><\/div><div class=\"cat-slider-02__slide\"><a href=\"https:\/\/www.smd-led.pl\/blog\/jak-zrobic-sufit-podwieszany-led-5-sposobow\/\" class=\"cat-slider-02__link\"><div class=\"cat-slider-02__img-box\"><img loading=\"lazy\" decoding=\"async\" width=\"1024\" height=\"768\" src=\"https:\/\/www.smd-led.pl\/blog\/wp-content\/uploads\/2023\/04\/Jak-zrobic-sufit-podwieszany-LED-5-sposobow-2-1024x768.jpg\" class=\"cat-slider-02__img wp-post-image\" alt=\"Jak zrobi\u0107 sufit podwieszany LED -5 sposob\u00f3w (2)\" srcset=\"https:\/\/www.smd-led.pl\/blog\/wp-content\/uploads\/2023\/04\/Jak-zrobic-sufit-podwieszany-LED-5-sposobow-2-1024x768.jpg 1024w, https:\/\/www.smd-led.pl\/blog\/wp-content\/uploads\/2023\/04\/Jak-zrobic-sufit-podwieszany-LED-5-sposobow-2-300x225.jpg 300w, https:\/\/www.smd-led.pl\/blog\/wp-content\/uploads\/2023\/04\/Jak-zrobic-sufit-podwieszany-LED-5-sposobow-2-768x576.jpg 768w, https:\/\/www.smd-led.pl\/blog\/wp-content\/uploads\/2023\/04\/Jak-zrobic-sufit-podwieszany-LED-5-sposobow-2-1536x1152.jpg 1536w, https:\/\/www.smd-led.pl\/blog\/wp-content\/uploads\/2023\/04\/Jak-zrobic-sufit-podwieszany-LED-5-sposobow-2.jpg 1600w\" sizes=\"auto, (max-width: 1024px) 100vw, 1024px\" \/><\/div><\/a><a href=\"https:\/\/www.smd-led.pl\/blog\/jak-zrobic-sufit-podwieszany-led-5-sposobow\/\" class=\"cat-slider-02__link\"><div class=\"cat-slider-02__heading-box\"><p class=\"cat-slider-02__post-title\">Jak zrobi\u0107 sufit podwieszany LED &#8211; 5 sposob\u00f3w<\/p><p>Sufit podwieszany LED to nie tylko stylowe i nowoczesne rozwi\u0105zanie, ale tak\u017ce praktyczne podej\u015bcie do [&hellip;]<\/p>\n<\/div><\/a><\/div><div class=\"cat-slider-02__slide\"><a href=\"https:\/\/www.smd-led.pl\/blog\/oswietlenie-podszafkowe\/\" class=\"cat-slider-02__link\"><div class=\"cat-slider-02__img-box\"><img loading=\"lazy\" decoding=\"async\" width=\"1024\" height=\"768\" src=\"https:\/\/www.smd-led.pl\/blog\/wp-content\/uploads\/2020\/08\/jaka-tasma-led-do-kuchni.jpg\" class=\"cat-slider-02__img wp-post-image\" alt=\"O\u015bwietlenie podszafkowe i mo\u017cliwo\u015b\u0107 opraw LED\" \/><\/div><\/a><a href=\"https:\/\/www.smd-led.pl\/blog\/oswietlenie-podszafkowe\/\" class=\"cat-slider-02__link\"><div class=\"cat-slider-02__heading-box\"><p class=\"cat-slider-02__post-title\">O\u015bwietlenie podszafkowe w 2023r. &#8211; poradnik od A do Z<\/p><p>W nowoczesnych wn\u0119trzach wa\u017cny jest ka\u017cdy aspekt wystroju. Odpowiednio dobrane o\u015bwietlenie to jedno z wa\u017cniejszych [&hellip;]<\/p>\n<\/div><\/a><\/div><div class=\"cat-slider-02__slide\"><a href=\"https:\/\/www.smd-led.pl\/blog\/jak-oswietlic-polki-w-lazience-nowe-trendy-w-2023r\/\" class=\"cat-slider-02__link\"><div class=\"cat-slider-02__img-box\"><img loading=\"lazy\" decoding=\"async\" width=\"1024\" height=\"768\" src=\"https:\/\/www.smd-led.pl\/blog\/wp-content\/uploads\/2023\/03\/Jak-oswietlic-polke-w-lazience-1024x768.jpg\" class=\"cat-slider-02__img wp-post-image\" alt=\"Jak o\u015bwietli\u0107 p\u00f3\u0142k\u0119 w \u0142azience?\" srcset=\"https:\/\/www.smd-led.pl\/blog\/wp-content\/uploads\/2023\/03\/Jak-oswietlic-polke-w-lazience-1024x768.jpg 1024w, https:\/\/www.smd-led.pl\/blog\/wp-content\/uploads\/2023\/03\/Jak-oswietlic-polke-w-lazience-300x225.jpg 300w, https:\/\/www.smd-led.pl\/blog\/wp-content\/uploads\/2023\/03\/Jak-oswietlic-polke-w-lazience-768x576.jpg 768w, https:\/\/www.smd-led.pl\/blog\/wp-content\/uploads\/2023\/03\/Jak-oswietlic-polke-w-lazience-1536x1152.jpg 1536w, https:\/\/www.smd-led.pl\/blog\/wp-content\/uploads\/2023\/03\/Jak-oswietlic-polke-w-lazience.jpg 1600w\" sizes=\"auto, (max-width: 1024px) 100vw, 1024px\" \/><\/div><\/a><a href=\"https:\/\/www.smd-led.pl\/blog\/jak-oswietlic-polki-w-lazience-nowe-trendy-w-2023r\/\" class=\"cat-slider-02__link\"><div class=\"cat-slider-02__heading-box\"><p class=\"cat-slider-02__post-title\">P\u00f3\u0142ka z o\u015bwietleniem led &#8211; Jak o\u015bwietli\u0107 p\u00f3\u0142ki w \u0142azience?<\/p><p>W obecnych czasach wygl\u0105d i aran\u017cacja wn\u0119trza ma ogromne znaczenie. Nasze domy i mieszkania s\u0105 [&hellip;]<\/p>\n<\/div><\/a><\/div><div class=\"cat-slider-02__slide\"><a href=\"https:\/\/www.smd-led.pl\/blog\/oswietlenie-pokoju-led\/\" class=\"cat-slider-02__link\"><div class=\"cat-slider-02__img-box\"><img loading=\"lazy\" decoding=\"async\" width=\"1024\" height=\"614\" src=\"https:\/\/www.smd-led.pl\/blog\/wp-content\/uploads\/2021\/01\/pokoj-goscinny.jpg\" class=\"cat-slider-02__img wp-post-image\" alt=\"O\u015bwietlenie pokoju LED\" \/><\/div><\/a><a href=\"https:\/\/www.smd-led.pl\/blog\/oswietlenie-pokoju-led\/\" class=\"cat-slider-02__link\"><div class=\"cat-slider-02__heading-box\"><p class=\"cat-slider-02__post-title\">O\u015bwietlenie pokoju LED<\/p><p>Jakie powinno by\u0107 o\u015bwietlenie pokoju LED? Wybieraj\u0105c rodzaj o\u015bwietlenia do pokoju nale\u017cy pami\u0119ta\u0107, \u017ce wa\u017cne [&hellip;]<\/p>\n<\/div><\/a><\/div><div class=\"cat-slider-02__slide\"><a href=\"https:\/\/www.smd-led.pl\/blog\/jak-podlaczyc-oswietlenie-schodowe\/\" class=\"cat-slider-02__link\"><div class=\"cat-slider-02__img-box\"><img loading=\"lazy\" decoding=\"async\" width=\"1000\" height=\"750\" src=\"https:\/\/www.smd-led.pl\/blog\/wp-content\/uploads\/2022\/08\/Jak-podlaczyc-oswietlenie-schodowe.jpg\" class=\"cat-slider-02__img wp-post-image\" alt=\"\" \/><\/div><\/a><a href=\"https:\/\/www.smd-led.pl\/blog\/jak-podlaczyc-oswietlenie-schodowe\/\" class=\"cat-slider-02__link\"><div class=\"cat-slider-02__heading-box\"><p class=\"cat-slider-02__post-title\">Jak pod\u0142\u0105czy\u0107 o\u015bwietlenie schodowe?<\/p><p>M\u0119czy Ci\u0119 ci\u0105g\u0142e zapalanie \u015bwiat\u0142a schodowego po zmroku? A mo\u017ce robisz remont swojego domu i [&hellip;]<\/p>\n<\/div><\/a><\/div><div class=\"cat-slider-02__slide\"><a href=\"https:\/\/www.smd-led.pl\/blog\/jak-oswietlic-garderobe\/\" class=\"cat-slider-02__link\"><div class=\"cat-slider-02__img-box\"><img loading=\"lazy\" decoding=\"async\" width=\"619\" height=\"1000\" src=\"https:\/\/www.smd-led.pl\/blog\/wp-content\/uploads\/2018\/10\/Jak-oswietlic-garderobe-1-1.jpg\" class=\"cat-slider-02__img wp-post-image\" alt=\"Jak o\u015bwietli\u0107 garderob\u0119\" \/><\/div><\/a><a href=\"https:\/\/www.smd-led.pl\/blog\/jak-oswietlic-garderobe\/\" class=\"cat-slider-02__link\"><div class=\"cat-slider-02__heading-box\"><p class=\"cat-slider-02__post-title\">Jak o\u015bwietli\u0107 garderob\u0119?<\/p><p>Wybieraj\u0105c odpowiednie o\u015bwietlenie do naszych pomieszcze\u0144, powinni\u015bmy zastanowi\u0107 si\u0119 przede wszystkim nad tym, jak\u0105 funkcj\u0119 [&hellip;]<\/p>\n<\/div><\/a><\/div><div class=\"cat-slider-02__slide\"><a href=\"https:\/\/www.smd-led.pl\/blog\/podswietlenie-sciany-tasma-led\/\" class=\"cat-slider-02__link\"><div class=\"cat-slider-02__img-box\"><img loading=\"lazy\" decoding=\"async\" width=\"1024\" height=\"576\" src=\"https:\/\/www.smd-led.pl\/blog\/wp-content\/uploads\/2021\/10\/living-room-update-Pietrasik_Living-Room-8.jpg\" class=\"cat-slider-02__img wp-post-image\" alt=\"Pod\u015bwietlenie \u015bciany ta\u015bm\u0105 LED\" \/><\/div><\/a><a href=\"https:\/\/www.smd-led.pl\/blog\/podswietlenie-sciany-tasma-led\/\" class=\"cat-slider-02__link\"><div class=\"cat-slider-02__heading-box\"><p class=\"cat-slider-02__post-title\">Pod\u015bwietlenie \u015bciany ta\u015bm\u0105 LED<\/p><p>Pod\u015bwietlenie \u015bciany ta\u015bm\u0105 LED jest coraz cz\u0119\u015bciej wybieranym rozwi\u0105zaniem na dekoracyjne o\u015bwietlenie wn\u0119trz. W 21. [&hellip;]<\/p>\n<\/div><\/a><\/div><div class=\"cat-slider-02__slide\"><a href=\"https:\/\/www.smd-led.pl\/blog\/jakie-oswietlenie-do-szafy-jakie-oswietlenie-led-wybrac\/\" class=\"cat-slider-02__link\"><div class=\"cat-slider-02__img-box\"><img loading=\"lazy\" decoding=\"async\" width=\"1024\" height=\"768\" src=\"https:\/\/www.smd-led.pl\/blog\/wp-content\/uploads\/2022\/07\/oswietlenie-szafy.jpg\" class=\"cat-slider-02__img wp-post-image\" alt=\"O\u015bwietlenie do szafy - jakie o\u015bwietlenie LED wybra\u0107\" \/><\/div><\/a><a href=\"https:\/\/www.smd-led.pl\/blog\/jakie-oswietlenie-do-szafy-jakie-oswietlenie-led-wybrac\/\" class=\"cat-slider-02__link\"><div class=\"cat-slider-02__heading-box\"><p class=\"cat-slider-02__post-title\">Pod\u015bwietlenie szafy \u2014 jakie o\u015bwietlenie LED wybra\u0107<\/p><p>Ka\u017cdego dnia korzystamy z szafy, zazwyczaj jest to wcze\u015bnie rano lub wieczorem, dlatego wa\u017cne jest, [&hellip;]<\/p>\n<\/div><\/a><\/div><div class=\"cat-slider-02__slide\"><a href=\"https:\/\/www.smd-led.pl\/blog\/nowoczesne-aranzacje-wnetrz\/\" class=\"cat-slider-02__link\"><div class=\"cat-slider-02__img-box\"><img loading=\"lazy\" decoding=\"async\" width=\"1024\" height=\"576\" src=\"https:\/\/www.smd-led.pl\/blog\/wp-content\/uploads\/2022\/07\/nowoczesne-aranzacje-wnetrz..jpeg\" class=\"cat-slider-02__img wp-post-image\" alt=\"Nowoczesne aran\u017cacje wn\u0119trz\" \/><\/div><\/a><a href=\"https:\/\/www.smd-led.pl\/blog\/nowoczesne-aranzacje-wnetrz\/\" class=\"cat-slider-02__link\"><div class=\"cat-slider-02__heading-box\"><p class=\"cat-slider-02__post-title\">Nowoczesne aran\u017cacje wn\u0119trz<\/p><p>Nowoczesne aran\u017cacje wn\u0119trz w 2022 roku to umiej\u0119tne po\u0142\u0105czenie aran\u017cacji o\u015bwietleniowej z og\u00f3ln\u0105 aran\u017cacj\u0105 i [&hellip;]<\/p>\n<\/div><\/a><\/div><div class=\"cat-slider-02__slide\"><a href=\"https:\/\/www.smd-led.pl\/blog\/najlepsze-oswietlenie-na-romantyczna-randke-w-domu\/\" class=\"cat-slider-02__link\"><div class=\"cat-slider-02__img-box\"><img loading=\"lazy\" decoding=\"async\" width=\"1000\" height=\"1000\" src=\"https:\/\/www.smd-led.pl\/blog\/wp-content\/uploads\/2022\/07\/Najlepsze-oswietlenie-na-romantyczna-randke-w-domu..jpg\" class=\"cat-slider-02__img wp-post-image\" alt=\"Najlepsze o\u015bwietlenie na romantyczn\u0105 randk\u0119 w domu\" \/><\/div><\/a><a href=\"https:\/\/www.smd-led.pl\/blog\/najlepsze-oswietlenie-na-romantyczna-randke-w-domu\/\" class=\"cat-slider-02__link\"><div class=\"cat-slider-02__heading-box\"><p class=\"cat-slider-02__post-title\">Najlepsze o\u015bwietlenie na romantyczn\u0105 randk\u0119 w domu<\/p><p>O\u015bwietlenie na randce w domu to bardzo istotny aspekt odgrywaj\u0105cy jedn\u0105 z kluczowych r\u00f3l. Najlepsze [&hellip;]<\/p>\n<\/div><\/a><\/div><div class=\"cat-slider-02__slide\"><a href=\"https:\/\/www.smd-led.pl\/blog\/oswietlenie-poddasza\/\" class=\"cat-slider-02__link\"><div class=\"cat-slider-02__img-box\"><img loading=\"lazy\" decoding=\"async\" width=\"1000\" height=\"667\" src=\"https:\/\/www.smd-led.pl\/blog\/wp-content\/uploads\/2022\/05\/oswietlenie-poddasza-ze-skosami.jpg\" class=\"cat-slider-02__img wp-post-image\" alt=\"Ile powinno by\u0107 lux\u00f3w?\" \/><\/div><\/a><a href=\"https:\/\/www.smd-led.pl\/blog\/oswietlenie-poddasza\/\" class=\"cat-slider-02__link\"><div class=\"cat-slider-02__heading-box\"><p class=\"cat-slider-02__post-title\">O\u015bwietlenie poddasza, czyli jak o\u015bwietli\u0107 poddasze?<\/p><p>Poddasze to pomieszczenie, kt\u00f3re coraz cz\u0119\u015bciej staramy si\u0119 zagospodarowa\u0107. Przytulnie urz\u0105dzone, doskonale sprawdzi si\u0119 jako [&hellip;]<\/p>\n<\/div><\/a><\/div><div class=\"cat-slider-02__slide\"><a href=\"https:\/\/www.smd-led.pl\/blog\/jak-oswietlic-schody-wewnetrzne\/\" class=\"cat-slider-02__link\"><div class=\"cat-slider-02__img-box\"><img loading=\"lazy\" decoding=\"async\" width=\"1000\" height=\"667\" src=\"https:\/\/www.smd-led.pl\/blog\/wp-content\/uploads\/2022\/04\/oswietlenie-schodow-4.jpg\" class=\"cat-slider-02__img wp-post-image\" alt=\"Jak zrobi\u0107 o\u015bwietlenie LED schod\u00f3w\" \/><\/div><\/a><a href=\"https:\/\/www.smd-led.pl\/blog\/jak-oswietlic-schody-wewnetrzne\/\" class=\"cat-slider-02__link\"><div class=\"cat-slider-02__heading-box\"><p class=\"cat-slider-02__post-title\">Jak o\u015bwietli\u0107 schody wewn\u0119trzne? &#8211; Wszystko, co warto wiedzie\u0107<\/p><p>Schody s\u0105 jednym z najwa\u017cniejszych element\u00f3w, od kt\u00f3rego zale\u017cy komfort i bezpiecze\u0144stwo poruszania si\u0119 po [&hellip;]<\/p>\n<\/div><\/a><\/div><div class=\"cat-slider-02__slide\"><a href=\"https:\/\/www.smd-led.pl\/blog\/oswietlenie-korytarza-co-warto-wiedziec\/\" class=\"cat-slider-02__link\"><div class=\"cat-slider-02__img-box\"><img loading=\"lazy\" decoding=\"async\" width=\"1024\" height=\"768\" src=\"https:\/\/www.smd-led.pl\/blog\/wp-content\/uploads\/2020\/07\/oswietlenie-korytarza.jpg\" class=\"cat-slider-02__img wp-post-image\" alt=\"O\u015bwietlenie korytarza\" \/><\/div><\/a><a href=\"https:\/\/www.smd-led.pl\/blog\/oswietlenie-korytarza-co-warto-wiedziec\/\" class=\"cat-slider-02__link\"><div class=\"cat-slider-02__heading-box\"><p class=\"cat-slider-02__post-title\">O\u015bwietlenie korytarza &#8211; co warto wiedzie\u0107?<\/p><p>O\u015bwietlenie korytarza jest bardzo istotne ze wzgl\u0119du na to, \u017ce cz\u0119sto korytarz jak i przedpok\u00f3j [&hellip;]<\/p>\n<\/div><\/a><\/div><div class=\"cat-slider-02__slide\"><a href=\"https:\/\/www.smd-led.pl\/blog\/oswietlenie-w-sypialni-nad-lozkiem\/\" class=\"cat-slider-02__link\"><div class=\"cat-slider-02__img-box\"><img loading=\"lazy\" decoding=\"async\" width=\"1024\" height=\"576\" src=\"https:\/\/www.smd-led.pl\/blog\/wp-content\/uploads\/2020\/01\/oswietlenie-sypialni-nad-lozkiem.jpg\" class=\"cat-slider-02__img wp-post-image\" alt=\"Kinkiet do pokoju m\u0142odzie\u017cowego\" \/><\/div><\/a><a href=\"https:\/\/www.smd-led.pl\/blog\/oswietlenie-w-sypialni-nad-lozkiem\/\" class=\"cat-slider-02__link\"><div class=\"cat-slider-02__heading-box\"><p class=\"cat-slider-02__post-title\">O\u015bwietlenie w sypialni nad \u0142\u00f3\u017ckiem<\/p><p>O\u015bwietlenie w sypialni nad \u0142\u00f3\u017ckiem s\u0105 coraz ch\u0119tniej wybierane przez obecnych projektant\u00f3w wn\u0119trz. Lampa nad [&hellip;]<\/p>\n<\/div><\/a><\/div><div class=\"cat-slider-02__slide\"><a href=\"https:\/\/www.smd-led.pl\/blog\/oswietlenie-na-klatce-schodowej\/\" class=\"cat-slider-02__link\"><div class=\"cat-slider-02__img-box\"><img loading=\"lazy\" decoding=\"async\" width=\"800\" height=\"533\" src=\"https:\/\/www.smd-led.pl\/blog\/wp-content\/uploads\/2019\/02\/Oswietlenie-schodow.jpg\" class=\"cat-slider-02__img wp-post-image\" alt=\"O\u015bwietlenie schod\u00f3w\" \/><\/div><\/a><a href=\"https:\/\/www.smd-led.pl\/blog\/oswietlenie-na-klatce-schodowej\/\" class=\"cat-slider-02__link\"><div class=\"cat-slider-02__heading-box\"><p class=\"cat-slider-02__post-title\">Jakie o\u015bwietlenie na klatk\u0119 schodow\u0105?<\/p><p>W\u015br\u00f3d wielu rodzaj\u00f3w o\u015bwietlenia, kt\u00f3re stosujemy zar\u00f3wno w domach jednorodzinnych, jak i du\u017cych blokowiskach, do\u015b\u0107 [&hellip;]<\/p>\n<\/div><\/a><\/div><\/div><\/div><\/div><\/div>\n<h2>Jak rozja\u015bni\u0107 ciemne meble?<\/h2>\n<p>Rozja\u015bnienie ciemnych mebli mo\u017ce przynie\u015b\u0107 \u015bwie\u017co\u015b\u0107 i now\u0105 dynamik\u0119 do wn\u0119trza. <strong>Jak rozja\u015bni\u0107 ciemne meble? Nie od dzi\u015b wiadomo, \u017ce najlepsze 3 sposoby na rozja\u015bnienie ciemnych mebli to:<\/strong><\/p>\n<ol>\n<li><strong>Zastosowanie o\u015bwietlenia do mebli &#8211; nie tylko rozja\u015bni, ale tak\u017ce nada wyrazisty i ponadczasowy wygl\u0105d Twoim meblom.<\/strong><\/li>\n<li><strong>Zawieszenie lustra na przeciw meblom &#8211; odbite \u015bwiat\u0142o rozja\u015bni i powi\u0119kszy pomieszczenie.<\/strong><\/li>\n<li><strong>Przemalowanie mebli &#8211; ciemne meble mo\u017cesz przemalowa\u0107, warto poprosi\u0107 o pomoc specjalist\u0119.<\/strong><\/li>\n<\/ol>\n<p>Je\u015bli meble s\u0105 drewniane, mo\u017cesz rozwa\u017cy\u0107 malowanie ich na ja\u015bniejszy kolor. Wybierz pastelowe odcienie lub jasne, neutralne kolory, kt\u00f3re odbijaj\u0105 \u015bwiat\u0142o. Przemalowanie mebli na jasny kolor od\u015bwie\u017cy ich wygl\u0105d i stworzy wra\u017cenie wi\u0119kszej przestrzeni. Aby o\u017cywi\u0107 ciemne meble, dodaj jasne poduszki, narzuty, zas\u0142ony, obicia na krzes\u0142ach czy dekoracje sto\u0142u. Wykorzystaj kontrastuj\u0105ce kolory, kt\u00f3re dodadz\u0105 witalno\u015bci i rozja\u015bni\u0105 meble. Jak rozja\u015bni\u0107 salon z ciemnymi meblami? Odpowiednie o\u015bwietlenie mo\u017ce znacznie wp\u0142yn\u0105\u0107 na wygl\u0105d mebli. Ustaw \u017ar\u00f3d\u0142a \u015bwiat\u0142a wok\u00f3\u0142 ciemnych mebli, takie jak <a href=\"https:\/\/www.smd-led.pl\/lampa-stolowa\">lampy sto\u0142owe<\/a>, kinkiety lub punkty \u015bwietlne, aby skierowa\u0107 \u015bwiat\u0142o na meble i rozja\u015bni\u0107 je. Zawie\u015b du\u017ce lustra na \u015bcianach naprzeciwko ciemnych mebli. Lustra odbij\u0105 \u015bwiat\u0142o i stworz\u0105 wra\u017cenie wi\u0119kszej przestrzeni. Dodatkowo, rozja\u015bni\u0105 otoczenie i zbalansuj\u0105 ciemne meble. Je\u015bli masz ciemne meble tapicerowane, mo\u017cesz rozwa\u017cy\u0107 ponowne tapicerowanie ich jasnymi tkaninami. Wybierz jasne odcienie lub wzory, kt\u00f3re rozja\u015bni\u0105 meble i dodadz\u0105 im \u015bwie\u017co\u015bci. Dodaj elementy dekoracyjne w jasnych kolorach, jasne obrazy, wazony, dekoracje \u015bcienne lub ozdobne przedmioty mog\u0105 wnie\u015b\u0107 do pomieszczenia o\u017cywienie i rozja\u015bni\u0107 ciemne meble. Wybierz kolorowe akcenty, kt\u00f3re przyci\u0105gn\u0105 uwag\u0119 i stworz\u0105 kontrast z meblami. Dodatkowe lampki sto\u0142owe, kinkiety lub lampki na stolikach nocnych mog\u0105 pom\u00f3c w rozja\u015bnieniu ciemnych mebli. Postaw je obok mebli lub na p\u00f3\u0142kach, aby skierowa\u0107 \u015bwiat\u0142o na meble i rozja\u015bni\u0107 ich wygl\u0105d. Je\u015bli zastanawiasz si\u0119 jak rozja\u015bni\u0107 ciemne meble pami\u0119taj, \u017ce przed przyst\u0105pieniem do jakiejkolwiek modyfikacji mebli wa\u017cne jest, aby upewni\u0107 si\u0119, \u017ce jeste\u015b \u015bwiadomy swoich umiej\u0119tno\u015bci i \u017ce spe\u0142niasz wszelkie warunki konserwacji lub malowania danego rodzaju mebli.<\/p>\n<div class=\"call-to-action-07\"><div class=\"call-to-action-07__product-box\"><img decoding=\"async\" src=\"https:\/\/www.smd-led.pl\/blog\/wp-content\/uploads\/2023\/12\/czarna-stolowa-lampka-basket-1xe27.webp\" alt=\"LAMPA STO\u0141OWA LOFTOWA CZARNA\" \/><span class=\"call-to-action-07__product-title\">LAMPA STO\u0141OWA LOFTOWA CZARNA<\/span><a href=\"https:\/\/www.smd-led.pl\/lampka-nocna-led\" class=\"button\" id=\"lampy_stolowe\" target=\"_self\">Zobacz produkt<\/a><\/div><div class=\"call-to-action-07__product-box\"><img decoding=\"async\" src=\"https:\/\/www.smd-led.pl\/blog\/wp-content\/uploads\/2023\/12\/lampka-stolowa-cosmo-12w-led.webp\" alt=\"LAMPKA STO\u0141OWA COSMO 12W LED\" \/><span class=\"call-to-action-07__product-title\">LAMPKA STO\u0141OWA COSMO 12W LED<\/span><a href=\"https:\/\/www.smd-led.pl\/lampa-stolowa\" class=\"button\" id=\"lampy_stolowe\" target=\"_self\">Zobacz produkty<\/a><\/div><div class=\"call-to-action-07__product-box\"><img decoding=\"async\" src=\"https:\/\/www.smd-led.pl\/blog\/wp-content\/uploads\/2023\/12\/Bez-nazwy-350\u00d7350-px-3.png\" alt=\"LAMPKA STO\u0141OWA K-4044\" \/><span class=\"call-to-action-07__product-title\">LAMPKA STO\u0141OWA K-4044<\/span><a href=\"https:\/\/www.smd-led.pl\/lampka-na-biurko\" class=\"button\" id=\"lampy_stolowe\" target=\"_self\">Zobacz produkt<\/a><\/div><\/div>\n<div id=\"attachment_11298\" style=\"width: 2180px\" class=\"wp-caption aligncenter\"><img loading=\"lazy\" decoding=\"async\" aria-describedby=\"caption-attachment-11298\" class=\"wp-image-11298 size-full\" title=\"meble ciemne - Jak rozja\u015bni\u0107 ciemne meble?\" src=\"https:\/\/www.smd-led.pl\/blog\/wp-content\/uploads\/2023\/05\/Jak-rozjasnic-ciemne-meble-1.jpg\" alt=\"meble ciemne - Jak rozja\u015bni\u0107 ciemne meble?\" width=\"2170\" height=\"2170\" srcset=\"https:\/\/www.smd-led.pl\/blog\/wp-content\/uploads\/2023\/05\/Jak-rozjasnic-ciemne-meble-1.jpg 2170w, https:\/\/www.smd-led.pl\/blog\/wp-content\/uploads\/2023\/05\/Jak-rozjasnic-ciemne-meble-1-300x300.jpg 300w, https:\/\/www.smd-led.pl\/blog\/wp-content\/uploads\/2023\/05\/Jak-rozjasnic-ciemne-meble-1-1024x1024.jpg 1024w, https:\/\/www.smd-led.pl\/blog\/wp-content\/uploads\/2023\/05\/Jak-rozjasnic-ciemne-meble-1-150x150.jpg 150w, https:\/\/www.smd-led.pl\/blog\/wp-content\/uploads\/2023\/05\/Jak-rozjasnic-ciemne-meble-1-768x768.jpg 768w, https:\/\/www.smd-led.pl\/blog\/wp-content\/uploads\/2023\/05\/Jak-rozjasnic-ciemne-meble-1-1536x1536.jpg 1536w, https:\/\/www.smd-led.pl\/blog\/wp-content\/uploads\/2023\/05\/Jak-rozjasnic-ciemne-meble-1-2048x2048.jpg 2048w\" sizes=\"auto, (max-width: 2170px) 100vw, 2170px\" \/><p id=\"caption-attachment-11298\" class=\"wp-caption-text\">meble ciemne &#8211; Jak rozja\u015bni\u0107 ciemne meble?<\/p><\/div>\n<h2>Jaki kolor \u015bcian do ciemnych mebli?<\/h2>\n<p>Wyb\u00f3r koloru \u015bcian do ciemnych mebli mo\u017ce zale\u017ce\u0107 od wielu czynnik\u00f3w, takich jak styl dekoracji, osobiste preferencje i o\u015bwietlenie pokoju. <strong>Jaki kolor \u015bcian do ciemnych mebli? Do ciemnych mebli nale\u017cy wybra\u0107 jasne barwy, takie jak biel lub be\u017c. Takie po\u0142\u0105czenie zapewni\u0105 nam niepowtarzalne aran\u017cacje. <\/strong>Jasne kolory \u015bcian uwydatni\u0105 zalety ciemnych mebli. Na tle jasnej \u015bciany wygl\u0105daj\u0105 elegancko i stylowo. Jasne kolory \u015bcian w salonie z ciemnymi meblami to gwarancja elegancji. Jasny odcie\u0144 szaro\u015bci mo\u017ce stworzy\u0107 spokojny i elegancki wystr\u00f3j, kt\u00f3ry doskonale komponuje si\u0119 z ciemnymi meblami. Szary kolor na \u015bcianach mo\u017ce r\u00f3wnowa\u017cy\u0107 intensywno\u015b\u0107 ciemnych mebli i dodawa\u0107 wra\u017cenia przestronno\u015bci w pomieszczeniu. Be\u017cowy kolor to doskona\u0142a opcja dla tych, kt\u00f3rzy chc\u0105 zachowa\u0107 ciep\u0142o i przytulno\u015b\u0107 w pokoju. Be\u017cowy odcie\u0144 mo\u017ce r\u00f3wnie\u017c stworzy\u0107 harmonijny kontrast z ciemnymi meblami, a tak\u017ce sprawi\u0107, \u017ce pomieszczenie wyda si\u0119 wi\u0119ksze i bardziej przestronne. Odcie\u0144 ko\u015bci s\u0142oniowej tak\u017ce doskonale nadaje si\u0119 do salonu z ciemnymi meblami. Ten subtelny odcie\u0144 bieli mo\u017ce by\u0107 dobrym wyborem dla os\u00f3b, kt\u00f3re chc\u0105 stworzy\u0107 spokojn\u0105 i eleganck\u0105 atmosfer\u0119 w pomieszczeniu. Odcie\u0144 ko\u015bci s\u0142oniowej mo\u017ce pom\u00f3c w wyr\u00f3\u017cnieniu ciemnych mebli i dodaniu im \u015bwiat\u0142a. B\u0142\u0119kitny kolor mo\u017ce stworzy\u0107 wra\u017cenie spokoju i harmonii w pokoju. Jest to dobry wyb\u00f3r dla os\u00f3b, kt\u00f3re chc\u0105 doda\u0107 pomieszczeniu wra\u017cenia przestrzeni i o\u017cywienia. B\u0142\u0119kitny odcie\u0144 mo\u017ce by\u0107 dobrym kontrastem dla ciemnych mebli, tworz\u0105c przy tym wyj\u0105tkowy i oryginalny wystr\u00f3j. Zielony kolor to kolor natury, kt\u00f3ry mo\u017ce doda\u0107 pomieszczeniu \u015bwie\u017co\u015bci i witalno\u015bci. Jasna ziele\u0144 to doskona\u0142y wyb\u00f3r dla os\u00f3b, kt\u00f3re chc\u0105 doda\u0107 troch\u0119 koloru do pomieszczenia, a jednocze\u015bnie zachowa\u0107 spokojn\u0105 i eleganck\u0105 atmosfer\u0119. Pami\u0119taj, \u017ce wyb\u00f3r koloru \u015bcian zawsze zale\u017cy od indywidualnych upodoba\u0144 i stylu dekoracji. Je\u015bli zastanawiasz si\u0119 jaki kolor do ciemnych mebli b\u0119dzie odpowiedni i wybierzesz ju\u017c jedn\u0105 z opcji, przed podj\u0119ciem decyzji, warto zastanowi\u0107 si\u0119, jakie wra\u017cenie chce si\u0119 osi\u0105gn\u0105\u0107 w pomieszczeniu i w jakim kierunku chce si\u0119 pod\u0105\u017ca\u0107 z aran\u017cacj\u0105.<\/p>\n<div id=\"attachment_11310\" style=\"width: 2180px\" class=\"wp-caption aligncenter\"><img loading=\"lazy\" decoding=\"async\" aria-describedby=\"caption-attachment-11310\" class=\"wp-image-11310 size-full\" title=\"kolor \u015bcian do ciemnych mebli - Jaki kolor scian do ciemnych mebli\" src=\"https:\/\/www.smd-led.pl\/blog\/wp-content\/uploads\/2023\/05\/Jaki-kolor-scian-do-ciemnych-mebli.jpg\" alt=\"kolor \u015bcian do ciemnych mebli - Jaki kolor scian do ciemnych mebli\" width=\"2170\" height=\"2170\" srcset=\"https:\/\/www.smd-led.pl\/blog\/wp-content\/uploads\/2023\/05\/Jaki-kolor-scian-do-ciemnych-mebli.jpg 2170w, https:\/\/www.smd-led.pl\/blog\/wp-content\/uploads\/2023\/05\/Jaki-kolor-scian-do-ciemnych-mebli-300x300.jpg 300w, https:\/\/www.smd-led.pl\/blog\/wp-content\/uploads\/2023\/05\/Jaki-kolor-scian-do-ciemnych-mebli-1024x1024.jpg 1024w, https:\/\/www.smd-led.pl\/blog\/wp-content\/uploads\/2023\/05\/Jaki-kolor-scian-do-ciemnych-mebli-150x150.jpg 150w, https:\/\/www.smd-led.pl\/blog\/wp-content\/uploads\/2023\/05\/Jaki-kolor-scian-do-ciemnych-mebli-768x768.jpg 768w, https:\/\/www.smd-led.pl\/blog\/wp-content\/uploads\/2023\/05\/Jaki-kolor-scian-do-ciemnych-mebli-1536x1536.jpg 1536w, https:\/\/www.smd-led.pl\/blog\/wp-content\/uploads\/2023\/05\/Jaki-kolor-scian-do-ciemnych-mebli-2048x2048.jpg 2048w\" sizes=\"auto, (max-width: 2170px) 100vw, 2170px\" \/><p id=\"caption-attachment-11310\" class=\"wp-caption-text\">kolor \u015bcian do ciemnych mebli &#8211; Jaki kolor scian do ciemnych mebli<\/p><\/div>\n<h2>Jak pomalowa\u0107 salon z ciemnymi meblami?<\/h2>\n<p>Pomalowanie salonu z ciemnymi meblami mo\u017ce by\u0107 \u015bwietnym sposobem na od\u015bwie\u017cenie przestrzeni i stworzenie nowego wygl\u0105du. <strong>Jak pomalowa\u0107 salon z ciemnymi meblami?<\/strong><\/p>\n<ol>\n<li><strong>Przygotowanie pomieszczenia:<\/strong> Przed rozpocz\u0119ciem malowania salonu nale\u017cy przygotowa\u0107 pomieszczenie. Odsu\u0144 meble od \u015bcian, zabezpiecz pod\u0142og\u0119 i inne elementy, kt\u00f3re nie maj\u0105 by\u0107 pomalowane, za pomoc\u0105 folii ochronnej lub malarskiej ta\u015bmy. Usu\u0144 r\u00f3wnie\u017c wszelkie obrazy, zas\u0142ony lub inne dekoracje ze \u015bcian.<\/li>\n<li><strong>Wyb\u00f3r koloru farby:<\/strong> Zdecyduj, jaki kolor farby chcesz u\u017cy\u0107. Mo\u017cesz zastosowa\u0107 jasne kolory, kt\u00f3re rozja\u015bni\u0105 przestrze\u0144, lub kontrastuj\u0105ce kolory, kt\u00f3re b\u0119d\u0105 stanowi\u0107 ciekawy akcent w po\u0142\u0105czeniu z ciemnymi meblami. Wybierz farb\u0119 o dobrej jako\u015bci, kt\u00f3ra zapewni trwa\u0142y efekt i \u0142atwo\u015b\u0107 aplikacji.<\/li>\n<li><strong>Przygotowanie powierzchni:<\/strong> Przed malowaniem wa\u017cne jest przygotowanie powierzchni \u015bcian. Je\u015bli s\u0105 zabrudzone lub maj\u0105 ubytki, najlepiej jest je oczy\u015bci\u0107 i wyr\u00f3wna\u0107. Usu\u0144 star\u0105 farb\u0119 lub tapet\u0119, a nast\u0119pnie wype\u0142nij wszelkie nier\u00f3wno\u015bci za pomoc\u0105 szpachli. Na koniec, wyg\u0142ad\u017a powierzchni\u0119 i oczy\u015b\u0107 \u015bciany z kurzu.<\/li>\n<li><strong>Malowanie:<\/strong> Przed rozpocz\u0119ciem malowania, na\u0142\u00f3\u017c pierwsz\u0105 warstw\u0119 farby przy u\u017cyciu wa\u0142ka malarskiego. Zaczynaj od g\u00f3ry \u015bciany i maluj w d\u00f3\u0142, r\u00f3wnomiernie rozprowadzaj\u0105c farb\u0119. Je\u015bli farba jest zbyt g\u0119sta, rozcie\u0144cz j\u0105 zgodnie z instrukcjami producenta. Po zako\u0144czeniu pierwszej warstwy, pozostaw farb\u0119 do wyschni\u0119cia zgodnie z zaleceniami producenta, a nast\u0119pnie na\u0142\u00f3\u017c drug\u0105 warstw\u0119 dla pe\u0142nego pokrycia i intensywno\u015bci koloru.<\/li>\n<li><strong>Szczeg\u00f3\u0142y i wyko\u0144czenie<\/strong>: Po zako\u0144czeniu malowania \u015bcian, przyst\u0105p do wyko\u0144czenia detali. Pokryj listwy przypod\u0142ogowe i framugi okienne ta\u015bm\u0105 malarsk\u0105, aby ochroni\u0107 je przed farb\u0105. Przejd\u017a ostro\u017cnie p\u0119dzlem wok\u00f3\u0142 detali, takich jak okna, drzwi czy inne elementy dekoracyjne, aby zapewni\u0107 czyste i precyzyjne wyko\u0144czenie.<\/li>\n<li><strong>Suszenie i czyszczenie:<\/strong> Pozostaw farb\u0119 do pe\u0142nego wyschni\u0119cia zgodnie z zaleceniami producenta. Upewnij si\u0119, \u017ce pomieszczenie jest dobrze wentylowane podczas suszenia farby.<\/li>\n<\/ol>\n<p>Jak pomalowa\u0107 salon z ciemnymi meblami? Powy\u017cej przedstawili\u015bmy pogl\u0105dowe dzia\u0142ania, kt\u00f3rych nale\u017cy si\u0119 trzyma\u0107 podczas malowania salonu z ciemnymi meblami. W razie w\u0105tpliwo\u015bci porad\u017a si\u0119 fachowca.<\/p>\n<div id=\"attachment_11316\" style=\"width: 2180px\" class=\"wp-caption aligncenter\"><img loading=\"lazy\" decoding=\"async\" aria-describedby=\"caption-attachment-11316\" class=\"wp-image-11316 size-full\" title=\"kolor \u015bcian do ciemnych mebli zdj\u0119cia - Jak pomalowa\u0107 salon z ciemnymi meblami?\" src=\"https:\/\/www.smd-led.pl\/blog\/wp-content\/uploads\/2023\/05\/Jak-pomalowac-salon-z-ciemnymi-meblami.jpg\" alt=\"kolor \u015bcian do ciemnych mebli zdj\u0119cia - Jak pomalowa\u0107 salon z ciemnymi meblami?\" width=\"2170\" height=\"2170\" srcset=\"https:\/\/www.smd-led.pl\/blog\/wp-content\/uploads\/2023\/05\/Jak-pomalowac-salon-z-ciemnymi-meblami.jpg 2170w, https:\/\/www.smd-led.pl\/blog\/wp-content\/uploads\/2023\/05\/Jak-pomalowac-salon-z-ciemnymi-meblami-300x300.jpg 300w, https:\/\/www.smd-led.pl\/blog\/wp-content\/uploads\/2023\/05\/Jak-pomalowac-salon-z-ciemnymi-meblami-1024x1024.jpg 1024w, https:\/\/www.smd-led.pl\/blog\/wp-content\/uploads\/2023\/05\/Jak-pomalowac-salon-z-ciemnymi-meblami-150x150.jpg 150w, https:\/\/www.smd-led.pl\/blog\/wp-content\/uploads\/2023\/05\/Jak-pomalowac-salon-z-ciemnymi-meblami-768x768.jpg 768w, https:\/\/www.smd-led.pl\/blog\/wp-content\/uploads\/2023\/05\/Jak-pomalowac-salon-z-ciemnymi-meblami-1536x1536.jpg 1536w, https:\/\/www.smd-led.pl\/blog\/wp-content\/uploads\/2023\/05\/Jak-pomalowac-salon-z-ciemnymi-meblami-2048x2048.jpg 2048w\" sizes=\"auto, (max-width: 2170px) 100vw, 2170px\" \/><p id=\"caption-attachment-11316\" class=\"wp-caption-text\">kolor \u015bcian do ciemnych mebli zdj\u0119cia &#8211; Jak pomalowa\u0107 salon z ciemnymi meblami?<\/p><\/div>\n<p>&nbsp;<\/p>\n<h2>5 b\u0142\u0119d\u00f3w kt\u00f3re pope\u0142niamy\u00a0 przy rozja\u015bnieniu salonu z ciemnymi meblami<\/h2>\n<p>Oczywi\u015bcie! Je\u017celi masz salon z ciemnymi meblami i chcesz go rozja\u015bni\u0107, istnieje kilka b\u0142\u0119d\u00f3w, kt\u00f3re warto unika\u0107, aby osi\u0105gn\u0105\u0107 po\u017c\u0105dany efekt. Oto pi\u0119\u0107 cz\u0119sto pope\u0142nianych b\u0142\u0119d\u00f3w:<\/p>\n<ol>\n<li><strong>Brak kontrastu:<\/strong> Jednym z najcz\u0119stszych b\u0142\u0119d\u00f3w jest unikanie jasnych kolor\u00f3w na \u015bcianach, pod\u0142odze lub w dodatkach. By stworzy\u0107 przyjemny kontrast z ciemnymi meblami, warto zastosowa\u0107 jasne odcienie na \u015bcianach, takie jak biel, jasnoszary lub pastelowe kolory.<\/li>\n<li><strong>Za ma\u0142o o\u015bwietlenia:<\/strong> O\u015bwietlenie odgrywa kluczow\u0105 rol\u0119 w rozja\u015bnieniu ka\u017cdego pomieszczenia. Unikanie dodatkowych \u017ar\u00f3de\u0142 \u015bwiat\u0142a lub wybieranie zbyt ciemnych aba\u017cur\u00f3w mo\u017ce sprawi\u0107, \u017ce salon b\u0119dzie wygl\u0105da\u0142 jeszcze ciemniej. Warto inwestowa\u0107 w r\u00f3\u017cne \u017ar\u00f3d\u0142a \u015bwiat\u0142a: lampy pod\u0142ogowe, kinkiety czy <a href=\"https:\/\/www.smd-led.pl\/zyrandole\">\u017cyrandole<\/a>.<\/li>\n<li><strong>Brak luster:<\/strong> Lustro potrafi znacz\u0105co rozja\u015bni\u0107 przestrze\u0144, odbijaj\u0105c \u015bwiat\u0142o i czyni\u0105c pok\u00f3j bardziej przestronnym. Unikanie luster w ciemno umeblowanym salonie to stracona okazja do dodania g\u0142\u0119bi i jasno\u015bci.<\/li>\n<li><strong>Zbyt ci\u0119\u017ckie tekstylia:<\/strong> Wybieraj\u0105c zbyt ciemne i ci\u0119\u017ckie zas\u0142ony, dywany czy poduszki, mo\u017cemy jeszcze bardziej przyt\u0142oczy\u0107 wn\u0119trze. Lepiej jest zdecydowa\u0107 si\u0119 na jasne, lekkie tkaniny, kt\u00f3re wprowadz\u0105 do pomieszczenia \u015bwie\u017co\u015b\u0107 i lekko\u015b\u0107.<\/li>\n<li><strong>Nie wykorzystanie dekoracji:<\/strong> Jasne dodatki i dekoracje, takie jak obrazy, wazony czy \u015bwieczniki, mog\u0105 znacz\u0105co wp\u0142yn\u0105\u0107 na odbi\u00f3r ca\u0142ego wn\u0119trza. Unikanie ich lub wybieranie wy\u0142\u0105cznie ciemnych dekoracji sprawi, \u017ce salon pozostanie mroczny i nieprzytulny.<\/li>\n<\/ol>\n<p>Pami\u0119taj, \u017ce kluczem jest balans. Jasne \u015bciany, odpowiednie o\u015bwietlenie oraz dodatki mog\u0105 skutecznie prze\u0142ama\u0107 dominacj\u0119 ciemnych mebli w salonie, czyni\u0105c go bardziej przytulnym i przyjemnym do wypoczynku.<\/p>\n<div class=\"call-to-action-06\" style=\"background-image: url('https:\/\/www.smd-led.pl\/blog\/wp-content\/uploads\/2023\/12\/Lampy-do-salonu-1.png')\"><div class=\"call-to-action-06__info-box\"><div class=\"call-to-action-06__info\"><p class=\"call-to-action-06__txt\">Zobacz wi\u0119cej z kategorii<\/p><span class=\"call-to-action-06__cat-title\">Lampy do salonu<\/span><a href=\"https:\/\/www.smd-led.pl\/lampy-do-salonu\" class=\"button\" id=\"lampy_do_salonu_\" target=\"_self\">Zobacz produkty<\/a><\/div><\/div><\/div>\n<h2>Kolor do salonu z ciemnymi meblami<\/h2>\n<p>Wyb\u00f3r koloru do salonu z ciemnymi meblami zale\u017cy od Twojego gustu i stylu, kt\u00f3ry chcesz osi\u0105gn\u0105\u0107. Istnieje wiele opcji kolorystycznych, kt\u00f3re dobrze komponuj\u0105 si\u0119 z ciemnymi meblami. <strong>Kolor o salonu z ciemnymi meblami, jaki wybra\u0107? W 2023 roku najmodniejszym kolorem do salonu z ciemnymi meblami je\u017c kolor be\u017cowy, bia\u0142y i jasnoszary.<\/strong> Jasne odcienie be\u017cu lub kremowego to doskona\u0142y wyb\u00f3r dla salonu z ciemnymi meblami. Dodaj\u0105 one ciep\u0142a i r\u00f3wnowagi do pomieszczenia, a jednocze\u015bnie s\u0105 neutralne i \u0142atwe do \u0142\u0105czenia z innymi kolorami. Szary to elegancki i neutralny kolor, kt\u00f3ry idealnie pasuje do ciemnych mebli. Mo\u017cesz wybra\u0107 ciemny, grafitowy odcie\u0144 lub ja\u015bniejszy, bardziej stonowany szary, aby stworzy\u0107 spokojny i wyrafinowany wystr\u00f3j. Kolor morskiej zieleni to \u015bwietny wyb\u00f3r, je\u015bli chcesz doda\u0107 troch\u0119 koloru i \u017cycia do salonu z ciemnymi meblami. Ten odcie\u0144 sprawia, \u017ce pomieszczenie staje si\u0119 bardziej przytulne i relaksuj\u0105ce. Odcienie koralowego lub pomara\u0144czowego s\u0105 idealne dla tych, kt\u00f3rzy szukaj\u0105 mocniejszych kontrast\u00f3w. Dodadz\u0105 one ciep\u0142a i energii do pomieszczenia, a jednocze\u015bnie wyr\u00f3\u017cni\u0105 si\u0119 na tle ciemnych mebli. B\u0142\u0119kitny kolor to dobry wyb\u00f3r, je\u015bli chcesz stworzy\u0107 spokojne i relaksuj\u0105ce otoczenie w salonie. Wybierz odcie\u0144 b\u0142\u0119kitu, kt\u00f3ry b\u0119dzie pasowa\u0142 do koloru ciemnych mebli, na przyk\u0142ad jasny b\u0142\u0119kit lub szary niebieski. Warto pami\u0119ta\u0107, \u017ce wyb\u00f3r koloru zale\u017cy od Twojego gustu i stylu, kt\u00f3ry chcesz osi\u0105gn\u0105\u0107. Kolor do salonu z ciemnymi meblami nie tak \u0142atwo dobra\u0107. Przed dokonaniem ostatecznego wyboru, zr\u00f3b pr\u00f3bki kolor\u00f3w na \u015bcianach lub poszukaj inspiracji w magazynach wn\u0119trzarskich.<\/p>\n<div id=\"attachment_11304\" style=\"width: 2180px\" class=\"wp-caption aligncenter\"><img loading=\"lazy\" decoding=\"async\" aria-describedby=\"caption-attachment-11304\" class=\"wp-image-11304 size-full\" title=\"Kolor do salonu z ciemnymi meblami\" src=\"https:\/\/www.smd-led.pl\/blog\/wp-content\/uploads\/2023\/05\/Kolor-do-salonu-z-ciemnymi-meblami.jpg\" alt=\"Kolor do salonu z ciemnymi meblami - Jak rozja\u015bni\u0107 salon z ciemnymi meblami\" width=\"2170\" height=\"2170\" srcset=\"https:\/\/www.smd-led.pl\/blog\/wp-content\/uploads\/2023\/05\/Kolor-do-salonu-z-ciemnymi-meblami.jpg 2170w, https:\/\/www.smd-led.pl\/blog\/wp-content\/uploads\/2023\/05\/Kolor-do-salonu-z-ciemnymi-meblami-300x300.jpg 300w, https:\/\/www.smd-led.pl\/blog\/wp-content\/uploads\/2023\/05\/Kolor-do-salonu-z-ciemnymi-meblami-1024x1024.jpg 1024w, https:\/\/www.smd-led.pl\/blog\/wp-content\/uploads\/2023\/05\/Kolor-do-salonu-z-ciemnymi-meblami-150x150.jpg 150w, https:\/\/www.smd-led.pl\/blog\/wp-content\/uploads\/2023\/05\/Kolor-do-salonu-z-ciemnymi-meblami-768x768.jpg 768w, https:\/\/www.smd-led.pl\/blog\/wp-content\/uploads\/2023\/05\/Kolor-do-salonu-z-ciemnymi-meblami-1536x1536.jpg 1536w, https:\/\/www.smd-led.pl\/blog\/wp-content\/uploads\/2023\/05\/Kolor-do-salonu-z-ciemnymi-meblami-2048x2048.jpg 2048w\" sizes=\"auto, (max-width: 2170px) 100vw, 2170px\" \/><p id=\"caption-attachment-11304\" class=\"wp-caption-text\">Kolor do salonu z ciemnymi meblami &#8211; Jak rozja\u015bni\u0107 salon z ciemnymi meblami<\/p><\/div>\n<div class=\"call-to-action-07\"><div class=\"call-to-action-07__product-box\"><img decoding=\"async\" src=\"https:\/\/www.smd-led.pl\/blog\/wp-content\/uploads\/2022\/07\/tasma-led-24v-cob-11w-480led-ip20-3000-100k-95lm-w-ra-90-8mm-1m.jpg\" alt=\"TA\u015aMA LED 24V \/ COB \/ 11W \/ 480LED \/ IP20 \/ 3000 +\/-100K \/ 95LM\/W \/ RA 90 \/ 8MM \/ 1M\" \/><span class=\"call-to-action-07__product-title\">TA\u015aMA LED 24V \/ COB \/ 11W \/ 3000K<\/span><a href=\"https:\/\/www.smd-led.pl\/tasma-led-24v-cob-11w-480led-ip20-3000-100k-95lm-w-ra-90-8mm-1m-116147\" class=\"button\" id=\"COB_NOWE\" target=\"_self\">Zobacz produkt<\/a><\/div><div class=\"call-to-action-07__product-box\"><img decoding=\"async\" src=\"https:\/\/www.smd-led.pl\/blog\/wp-content\/uploads\/2023\/07\/Tasma-Led-24V-Cob-11W-480Led-Ip20-4000-100K-100LmW-Ra-90-1M-8Mm.jpg\" alt=\"Ta\u015bma Led 24V Cob 11W 480Led Ip20 4000 +-100K 100LmW Ra 90 1M 8Mm\" \/><span class=\"call-to-action-07__product-title\">TA\u015aMA LED 24V \/ COB \/ 11W \/ 4000K<\/span><a href=\"https:\/\/www.smd-led.pl\/tasma-led-24v-cob-11w-480led-ip20-4000-100k-100lm-w-ra-90-1m-8mm-97390\" class=\"button\" id=\"COB_NOWE\" target=\"_self\">Zobacz produkt<\/a><\/div><div class=\"call-to-action-07__product-box\"><img decoding=\"async\" src=\"https:\/\/www.smd-led.pl\/blog\/wp-content\/uploads\/2022\/07\/tasma-led-24v-cob-11w-480led-ip20-6000-100k-100lm-w-ra-90-8mm-1m.jpg\" alt=\"TA\u015aMA LED 24V \/ COB \/ 11W \/ 480LED \/ IP20 \/ 6000 +\/-100K \/ 100LM\/W \/ RA 90 \/ 8MM \/ 1M\" \/><span class=\"call-to-action-07__product-title\">TA\u015aMA LED 24V \/ COB \/ 11W \/ 6000K<\/span><a href=\"https:\/\/www.smd-led.pl\/tasma-led-24v-cob-11w-480led-ip20-6000-100k-100lm-w-ra-90-8mm-1m-116158\" class=\"button\" id=\"COB_NOWE\" target=\"_self\">Zobacz produkt<\/a><\/div><\/div>\n<h2>Aran\u017cacja salonu z ciemnymi meblami<\/h2>\n<p>Aran\u017cacja salonu z ciemnymi meblami mo\u017ce by\u0107 wyzwaniem, ale z kilkoma prostymi krokami mo\u017cna stworzy\u0107 przestrze\u0144, kt\u00f3ra b\u0119dzie wygl\u0105da\u0142a elegancko i stylowo. <strong>Aran\u017cacja salonu z ciemnymi meblami wymaga przestrzegania kilku krok\u00f3w. Oto wskaz\u00f3wki:<\/strong><\/p>\n<ol>\n<li><strong>Stw\u00f3rz kontrast<\/strong>: Dla uzyskania interesuj\u0105cego i harmonijnego wygl\u0105du warto zastosowa\u0107 kontrastuj\u0105ce kolory i tekstury. Mo\u017cesz zdecydowa\u0107 si\u0119 na jasne dodatki, takie jak poduszki, narzuty, firanki, dywany czy ozdoby \u015bciennne, aby o\u017cywi\u0107 ciemne meble. W ten spos\u00f3b stworzysz r\u00f3wnowag\u0119 pomi\u0119dzy ciemnymi i jasnymi elementami w salonie.<\/li>\n<li><strong>Dobierz o\u015bwietlenie<\/strong>: O\u015bwietlenie jest kluczowe w salonie z ciemnymi meblami. Jasne i dobrze skierowane \u017ar\u00f3d\u0142a \u015bwiat\u0142a, takie jak lampy sto\u0142owe i pod\u0142ogowe, mog\u0105 pom\u00f3c rozja\u015bni\u0107 pomieszczenie. Mo\u017cesz r\u00f3wnie\u017c zainstalowa\u0107 \u017cyrandol lub <a href=\"https:\/\/www.smd-led.pl\/tasmy-ledowe\">ta\u015bmy LED<\/a>, aby dodatkowo rozja\u015bni\u0107 salon.<\/li>\n<li><strong>Dobierz dodatki<\/strong>: Dodatki, takie jak zas\u0142ony, narzuty, poduszki, dywany, kwiaty i dekoracje \u015bcienne, mog\u0105 doda\u0107 koloru i tekstury do salonu z ciemnymi meblami. Warto zdecydowa\u0107 si\u0119 na dodatki w jasnych kolorach lub o\u017cywiaj\u0105cych wzorach, aby stworzy\u0107 interesuj\u0105cy i przyjazny dla oka wystr\u00f3j.<\/li>\n<li><strong>Uk\u0142ad mebli<\/strong>: Odpowiedni uk\u0142ad mebli mo\u017ce pom\u00f3c rozja\u015bni\u0107 salon z ciemnymi meblami. Postaw kanap\u0119 i fotele w taki spos\u00f3b, aby by\u0142y dobrze o\u015bwietlone, a jednocze\u015bnie zachowa\u0107 przestrze\u0144 w pomieszczeniu. Mo\u017cesz r\u00f3wnie\u017c doda\u0107 lustra lub elementy szklane, aby odbija\u0142y \u015bwiat\u0142o i dodawa\u0142y g\u0142\u0119bi pomieszczeniu.<\/li>\n<li><strong>Kolor \u015bcian<\/strong>: Ostatecznie, warto wybra\u0107 odpowiedni kolor \u015bcian, kt\u00f3ry b\u0119dzie pasowa\u0142 do ciemnych mebli. Mo\u017cesz wybra\u0107 jasny odcie\u0144, kt\u00f3ry rozja\u015bni pomieszczenie lub stonowan\u0105 barw\u0119, kt\u00f3ra b\u0119dzie stanowi\u0107 kontrast dla ciemnych mebli. Mo\u017cesz r\u00f3wnie\u017c zdecydowa\u0107 si\u0119 na tapet\u0119 z wzorem lub tekstur\u0105, aby doda\u0107 zainteresowania pomieszczeniu.<\/li>\n<\/ol>\n<p>Podsumowuj\u0105c, aran\u017cacja salonu z ciemnymi meblami wymaga troch\u0119 wysi\u0142ku i kreatywno\u015bci, ale z odpowiednimi dodatkami, o\u015bwietleniem i kolorem \u015bcian mo\u017cna stworzy\u0107 pi\u0119kn\u0105 i eleganck\u0105 przestrze\u0144.<\/p>\n<div id=\"attachment_11306\" style=\"width: 2180px\" class=\"wp-caption aligncenter\"><img loading=\"lazy\" decoding=\"async\" aria-describedby=\"caption-attachment-11306\" class=\"wp-image-11306 size-full\" title=\"Aran\u017cacja salonu z ciemnymi meblami - Jak rozja\u015bni\u0107 salon z ciemnymi meblami\" src=\"https:\/\/www.smd-led.pl\/blog\/wp-content\/uploads\/2023\/05\/Aranzacja-salonu-z-ciemnymi-meblami.jpg\" alt=\"Aran\u017cacja salonu z ciemnymi meblami - Jak rozja\u015bni\u0107 salon z ciemnymi meblami\" width=\"2170\" height=\"2170\" srcset=\"https:\/\/www.smd-led.pl\/blog\/wp-content\/uploads\/2023\/05\/Aranzacja-salonu-z-ciemnymi-meblami.jpg 2170w, https:\/\/www.smd-led.pl\/blog\/wp-content\/uploads\/2023\/05\/Aranzacja-salonu-z-ciemnymi-meblami-300x300.jpg 300w, https:\/\/www.smd-led.pl\/blog\/wp-content\/uploads\/2023\/05\/Aranzacja-salonu-z-ciemnymi-meblami-1024x1024.jpg 1024w, https:\/\/www.smd-led.pl\/blog\/wp-content\/uploads\/2023\/05\/Aranzacja-salonu-z-ciemnymi-meblami-150x150.jpg 150w, https:\/\/www.smd-led.pl\/blog\/wp-content\/uploads\/2023\/05\/Aranzacja-salonu-z-ciemnymi-meblami-768x768.jpg 768w, https:\/\/www.smd-led.pl\/blog\/wp-content\/uploads\/2023\/05\/Aranzacja-salonu-z-ciemnymi-meblami-1536x1536.jpg 1536w, https:\/\/www.smd-led.pl\/blog\/wp-content\/uploads\/2023\/05\/Aranzacja-salonu-z-ciemnymi-meblami-2048x2048.jpg 2048w\" sizes=\"auto, (max-width: 2170px) 100vw, 2170px\" \/><p id=\"caption-attachment-11306\" class=\"wp-caption-text\">Aran\u017cacja salonu z ciemnymi meblami &#8211; Jak rozja\u015bni\u0107 salon z ciemnymi meblami<\/p><\/div>\n<h2>Jakie dodatki do ciemnych mebli w salonie?<\/h2>\n<p><strong>Jakie dodatki do ciemnych mebli w salonie? Doskona\u0142ym dodatkiem do ciemnych mebli w salonie b\u0119dzie lampa sto\u0142owa BASKET WHITE MLP7193. <\/strong>Posiada pi\u0119kny geometryczny kszta\u0142t i sprawdzi si\u0119 w ka\u017cdym domu. Ciemne meble w salonie mog\u0105 wygl\u0105da\u0107 elegancko i stylowo, ale dodatki s\u0105 kluczowe, aby o\u017cywi\u0107 przestrze\u0144 i doda\u0107 koloru. Dodatki tekstylne, takie jak poduszki i narzuty, mog\u0105 doda\u0107 koloru i tekstury do salonu z ciemnymi meblami. Mo\u017cesz zdecydowa\u0107 si\u0119 na poduszki w jasnych, o\u017cywiaj\u0105cych kolorach lub z interesuj\u0105cymi wzorami, kt\u00f3re wprowadz\u0105 zr\u00f3\u017cnicowanie do przestrzeni. Narzuty z mi\u0119kkiego materia\u0142u, takie jak we\u0142na lub dzianina, b\u0119d\u0105 doskona\u0142ym dodatkiem w ch\u0142odne dni. Dywany to doskona\u0142y spos\u00f3b na dodanie ciep\u0142a i koloru do salonu z ciemnymi meblami. Mo\u017cesz zdecydowa\u0107 si\u0119 na dywan w jasnym kolorze lub z ciekawym wzorem, kt\u00f3ry wprowadzi interesuj\u0105cy akcent do przestrzeni. Dywan powinien by\u0107 odpowiednio du\u017cy, aby pokrywa\u0142 pod\u0142og\u0119 pod meblami, co stworzy jednolity i sp\u00f3jny wygl\u0105d. Dekoracje \u015bcienne, takie jak obrazy, plakaty, ramki z fotografiami, czy lustra, mog\u0105 doda\u0107 g\u0142\u0119bi i zainteresowania do salonu z ciemnymi meblami. Mo\u017cesz wybra\u0107 jedn\u0105 wi\u0119ksz\u0105 dekoracj\u0119 lub zestaw mniejszych, aby stworzy\u0107 galeri\u0119 na \u015bcianie. Ro\u015bliny s\u0105 idealnym dodatkiem do salonu z ciemnymi meblami, poniewa\u017c wprowadzaj\u0105 \u017cywe, zielone elementy do pomieszczenia. Mo\u017cesz zdecydowa\u0107 si\u0119 na du\u017c\u0105 ro\u015blin\u0119 lub kilka mniejszych, ustawionych na stole lub na p\u00f3\u0142ce. Ro\u015bliny o du\u017cych li\u015bciach, takie jak kaktusy, draceny, monstery, czy filodendrony, b\u0119d\u0105 pasowa\u0107 do ciemnych mebli. \u015awiece to doskona\u0142y spos\u00f3b na wprowadzenie ciep\u0142ego, przyjemnego \u015bwiat\u0142a do salonu z ciemnymi meblami. Mo\u017cesz wybra\u0107 \u015bwiece w jasnych, pastelowych kolorach lub w ciep\u0142ych odcieniach, takich jak pomara\u0144czowy, czerwony czy \u017c\u00f3\u0142ty. \u015awiece w po\u0142\u0105czeniu z poduszkami i narzutami tworz\u0105 przytuln\u0105 atmosfer\u0119 w salonie. Podsumowuj\u0105c, jakie dodatki do ciemnych mebli w salonie wybra\u0107? Dodatki s\u0105 kluczowe w aran\u017cacji salonu z ciemnymi meblami. Wybierz dodatki w jasnych kolorach lub z interesuj\u0105cymi wzorami, aby o\u017cywi\u0107 pomieszczenie i stworzy\u0107 harmonijn\u0105 przestrze\u0144.<\/p>\n<div id=\"attachment_11311\" style=\"width: 2180px\" class=\"wp-caption aligncenter\"><img loading=\"lazy\" decoding=\"async\" aria-describedby=\"caption-attachment-11311\" class=\"wp-image-11311 size-full\" title=\"dodatki do ciemnych mebli - Jakie dodatki do ciemnych mebli w salonie? \" src=\"https:\/\/www.smd-led.pl\/blog\/wp-content\/uploads\/2023\/05\/Jakie-dodatki-do-ciemnych-mebli-w-salonie.jpg\" alt=\"dodatki do ciemnych mebli - Jakie dodatki do ciemnych mebli w salonie? \" width=\"2170\" height=\"2170\" srcset=\"https:\/\/www.smd-led.pl\/blog\/wp-content\/uploads\/2023\/05\/Jakie-dodatki-do-ciemnych-mebli-w-salonie.jpg 2170w, https:\/\/www.smd-led.pl\/blog\/wp-content\/uploads\/2023\/05\/Jakie-dodatki-do-ciemnych-mebli-w-salonie-300x300.jpg 300w, https:\/\/www.smd-led.pl\/blog\/wp-content\/uploads\/2023\/05\/Jakie-dodatki-do-ciemnych-mebli-w-salonie-1024x1024.jpg 1024w, https:\/\/www.smd-led.pl\/blog\/wp-content\/uploads\/2023\/05\/Jakie-dodatki-do-ciemnych-mebli-w-salonie-150x150.jpg 150w, https:\/\/www.smd-led.pl\/blog\/wp-content\/uploads\/2023\/05\/Jakie-dodatki-do-ciemnych-mebli-w-salonie-768x768.jpg 768w, https:\/\/www.smd-led.pl\/blog\/wp-content\/uploads\/2023\/05\/Jakie-dodatki-do-ciemnych-mebli-w-salonie-1536x1536.jpg 1536w, https:\/\/www.smd-led.pl\/blog\/wp-content\/uploads\/2023\/05\/Jakie-dodatki-do-ciemnych-mebli-w-salonie-2048x2048.jpg 2048w\" sizes=\"auto, (max-width: 2170px) 100vw, 2170px\" \/><p id=\"caption-attachment-11311\" class=\"wp-caption-text\">dodatki do ciemnych mebli &#8211; Jakie dodatki do ciemnych mebli w salonie?<\/p><\/div>\n<div class=\"call-to-action-07\"><div class=\"call-to-action-07__product-box\"><img decoding=\"async\" src=\"https:\/\/www.smd-led.pl\/blog\/wp-content\/uploads\/2023\/12\/lampa-wiszaca-jasper-led-51w-4000k-1.jpg\" alt=\"lampa-wiszaca-jasper-led-51w-4000k (1)\" \/><span class=\"call-to-action-07__product-title\">LAMPA WISZ\u0104CA JASPER LED 51W 4000K<\/span><a href=\"https:\/\/www.smd-led.pl\/lampa-wiszaca\" class=\"button\" id=\"sypialnia_lampy\" target=\"_self\">Zobacz produkt<\/a><\/div><div class=\"call-to-action-07__product-box\"><img decoding=\"async\" src=\"https:\/\/www.smd-led.pl\/blog\/wp-content\/uploads\/2023\/12\/plafon-led-artesia-92w-czarny-cct-pilot.jpg\" alt=\"plafon-led-artesia-92w-czarny-cct-pilot\" \/><span class=\"call-to-action-07__product-title\">PLAFON LED ARTESIA 92W CZARNY CCT PILOT<\/span><a href=\"https:\/\/www.smd-led.pl\/nowoczesne-lampy-sufitowe\" class=\"button\" id=\"sypialnia_lampy\" target=\"_self\">Zobacz produkt<\/a><\/div><div class=\"call-to-action-07__product-box\"><img decoding=\"async\" src=\"https:\/\/www.smd-led.pl\/blog\/wp-content\/uploads\/2023\/12\/plafon-led-dayton-36w-czarny-4000k.jpg\" alt=\"plafon-led-dayton-36w-czarny-4000k\" \/><span class=\"call-to-action-07__product-title\">PLAFON LED DAYTON 36W CZARNY 4000K<\/span><a href=\"https:\/\/www.smd-led.pl\/plafony-led\" class=\"button\" id=\"sypialnia_lampy\" target=\"_self\">Zobacz produkt<\/a><\/div><\/div>\n<h2>Ciemne meble salon aran\u017cacje<\/h2>\n<p>Salon z ciemnymi meblami zachowany z odpowiedni\u0105 kolorystyk\u0105 \u015bcian i odpowiedni\u0105 ilo\u015bci\u0105 \u015bwiat\u0142a dziennego, a tak\u017ce sztucznego pod postaci\u0105 o\u015bwietlenia LED, stworzy pi\u0119kn\u0105 aran\u017cacj\u0119. <strong>Ciemne meble salon aran\u017cacje, co wybra\u0107 w 21. wieku? Oto kilka pomys\u0142\u00f3w na aran\u017cacje salonu z ciemnymi meblami:<\/strong><\/p>\n<ol>\n<li><strong>O\u015bwietlenie<\/strong>: Odpowiednie o\u015bwietlenie jest kluczowe w salonie z ciemnymi meblami. Wykorzystaj r\u00f3\u017cne \u017ar\u00f3d\u0142a \u015bwiat\u0142a, takie jak lampa sufitowa, lampy pod\u0142ogowe, sto\u0142owe i \u015bcienne, a tak\u017ce ta\u015bmy LED, aby stworzy\u0107 przytuln\u0105 atmosfer\u0119. Dodaj te\u017c lustra, kt\u00f3re odbij\u0105 \u015bwiat\u0142o i stworz\u0105 wra\u017cenie wi\u0119kszej przestrzeni.<\/li>\n<li><strong>Kontrast z jasnymi \u015bcianami<\/strong>: Je\u015bli masz ciemne meble, mo\u017cesz zdecydowa\u0107 si\u0119 na jasne kolory \u015bcian, takie jak biel, krem, jasny szary lub pastelowe odcienie. Jasne \u015bciany stanowi\u0105 kontrast dla ciemnych mebli, tworz\u0105c optyczne rozja\u015bnienie przestrzeni. Mo\u017cesz r\u00f3wnie\u017c zastosowa\u0107 tapet\u0119 o jasnym wzorze lub teksturze, aby doda\u0107 zainteresowania.<\/li>\n<li><strong>Monochromatyczna paleta kolor\u00f3w<\/strong>: Wybierz jedn\u0105 dominuj\u0105c\u0105 barw\u0119 i stosuj j\u0105 w r\u00f3\u017cnych odcieniach w salonie. Na przyk\u0142ad, je\u015bli masz ciemnobr\u0105zowe meble, mo\u017cesz zdecydowa\u0107 si\u0119 na \u015bciany w odcieniach be\u017cu lub jasnego br\u0105zu. Dodaj akcenty w tej samej kolorystyce, na przyk\u0142ad poduszki, dywany czy obrazy, aby zachowa\u0107 sp\u00f3jno\u015b\u0107.<\/li>\n<li><strong>Po\u0142\u0105czenie z metalami<\/strong>: Ciemne meble \u015bwietnie wsp\u00f3\u0142graj\u0105 z metalowymi akcentami. Dodaj elementy w kolorze srebra, z\u0142ota lub miedzi, takie jak lampy, stoliki, ramki czy ozdoby \u015bcienne. Metaliczne dodatki dodadz\u0105 blasku i luksusu do salonu.<\/li>\n<li><strong>Kolorowe dodatki<\/strong>: Dodaj odwa\u017cne i kolorowe dodatki, aby o\u017cywi\u0107 przestrze\u0144 z ciemnymi meblami. Mo\u017cesz zdecydowa\u0107 si\u0119 na jasne poduszki, dywany w intensywnych kolorach, oryginalne obrazy czy ozdobne wazony. Kolorowe dodatki stanowi\u0105 interesuj\u0105cy kontrast dla ciemnych mebli i nadaj\u0105 salonowi energii.<\/li>\n<li><strong>Naturalne materia\u0142y i tekstury<\/strong>: Wykorzystaj naturalne materia\u0142y i tekstury, aby stworzy\u0107 ciep\u0142y i przyjemny wystr\u00f3j salonu. Dodaj drewniane elementy, takie jak rega\u0142y, stoliki czy ramy, kt\u00f3re wprowadz\u0105 naturalny akcent. Mo\u017cesz r\u00f3wnie\u017c zastosowa\u0107 tekstylne dodatki, takie jak poduszki czy narzuty z we\u0142ny, lniane zas\u0142ony czy plecione kosze.<\/li>\n<\/ol>\n<p>Aran\u017cacja salonu z ciemnymi meblami zale\u017cy od Twojego gustu i preferencji. Warto eksperymentowa\u0107 i dostosowa\u0107 pomys\u0142y do swojego salonu.<\/p>\n<div id=\"attachment_11307\" style=\"width: 2180px\" class=\"wp-caption aligncenter\"><img loading=\"lazy\" decoding=\"async\" aria-describedby=\"caption-attachment-11307\" class=\"wp-image-11307 size-full\" title=\"Ciemne meble salon aran\u017cacje - Jak rozja\u015bni\u0107 salon z ciemnymi meblami\" src=\"https:\/\/www.smd-led.pl\/blog\/wp-content\/uploads\/2023\/05\/Ciemne-meble-salon-aranzacje.jpg\" alt=\"Ciemne meble salon aran\u017cacje - Jak rozja\u015bni\u0107 salon z ciemnymi meblami\" width=\"2170\" height=\"2170\" srcset=\"https:\/\/www.smd-led.pl\/blog\/wp-content\/uploads\/2023\/05\/Ciemne-meble-salon-aranzacje.jpg 2170w, https:\/\/www.smd-led.pl\/blog\/wp-content\/uploads\/2023\/05\/Ciemne-meble-salon-aranzacje-300x300.jpg 300w, https:\/\/www.smd-led.pl\/blog\/wp-content\/uploads\/2023\/05\/Ciemne-meble-salon-aranzacje-1024x1024.jpg 1024w, https:\/\/www.smd-led.pl\/blog\/wp-content\/uploads\/2023\/05\/Ciemne-meble-salon-aranzacje-150x150.jpg 150w, https:\/\/www.smd-led.pl\/blog\/wp-content\/uploads\/2023\/05\/Ciemne-meble-salon-aranzacje-768x768.jpg 768w, https:\/\/www.smd-led.pl\/blog\/wp-content\/uploads\/2023\/05\/Ciemne-meble-salon-aranzacje-1536x1536.jpg 1536w, https:\/\/www.smd-led.pl\/blog\/wp-content\/uploads\/2023\/05\/Ciemne-meble-salon-aranzacje-2048x2048.jpg 2048w\" sizes=\"auto, (max-width: 2170px) 100vw, 2170px\" \/><p id=\"caption-attachment-11307\" class=\"wp-caption-text\">Ciemne meble salon aran\u017cacje &#8211; Jak rozja\u015bni\u0107 salon z ciemnymi meblami<\/p><\/div>\n<h2>Jak \u0142\u0105czy\u0107 ciemne meble z jasnymi?<\/h2>\n<p>\u0141\u0105czenie ciemnych mebli z jasnymi mo\u017ce by\u0107 trudne, ale istnieje kilka sposob\u00f3w na uzyskanie harmonijnej aran\u017cacji. <strong>Jak \u0142\u0105czy\u0107 ciemne meble z jasnymi? Przede wszystkim musisz pami\u0119ta\u0107 o tym, aby:<\/strong><\/p>\n<ol>\n<li><strong>Zachowa\u0107 kontrast &#8211; do ciemnych mebli pasuj\u0105 jasne dodatki i \u015bciany, kt\u00f3re o\u017cywi\u0105 ca\u0142o\u015b\u0107.<\/strong><\/li>\n<li><strong>Odpowiednio do\u015bwietli\u0107 meble &#8211; ciemne meble, a tak\u017ce te jasne, wymagaj\u0105 odpowiedniego do\u015bwietlenia, mo\u017cesz to zrobi\u0107 za pomoc\u0105 ta\u015bm LED z profilami.<\/strong><\/li>\n<\/ol>\n<p>Zastosuj jasne kolory \u015bcian i dodatki, takie jak poduszki, narzuty czy obrazy, aby stworzy\u0107 kontrast z ciemnymi meblami. Jasne akcenty dodadz\u0105 przestrzeni \u015bwie\u017co\u015bci i o\u017cywi\u0105 pomieszczenie. Wybierz jasne i neutralne t\u0142o, takie jak bia\u0142e lub szare \u015bciany, aby meble sta\u0142y si\u0119 centralnym punktem pomieszczenia. Mo\u017cesz r\u00f3wnie\u017c zastosowa\u0107 jasne dywany czy zas\u0142ony, kt\u00f3re uzupe\u0142ni\u0105 ciemne meble. Mieszaj style i tekstury, aby stworzy\u0107 zr\u00f3\u017cnicowan\u0105 aran\u017cacj\u0119. Dodaj jasne elementy o ciekawym wzorze czy fakturze, takie jak poduszki, narzuty czy dywany. Mo\u017cesz r\u00f3wnie\u017c zastosowa\u0107 drewno, szk\u0142o czy metalowe dodatki, kt\u00f3re b\u0119d\u0105 kontrastowa\u0107 z ciemnymi meblami. Odpowiednie o\u015bwietlenie mo\u017ce pom\u00f3c w harmonijnej aran\u017cacji salonu z ciemnymi meblami. Zastosuj lampy stoj\u0105ce, sto\u0142owe i sufitowe, aby stworzy\u0107 przytuln\u0105 atmosfer\u0119. Mo\u017cesz r\u00f3wnie\u017c doda\u0107 lustra, kt\u00f3re odbij\u0105 \u015bwiat\u0142o i optycznie powi\u0119ksz\u0105 pomieszczenie. Akcenty w odcieniach pastelowych to dobry pomys\u0142. Dodaj jasne akcenty w odcieniach pastelowych, takie jak r\u00f3\u017c, b\u0142\u0119kit czy mi\u0119ta, aby stworzy\u0107 delikatny kontrast z ciemnymi meblami. Mo\u017cesz zastosowa\u0107 poduszki, zas\u0142ony czy dodatki w tych kolorach, aby stworzy\u0107 sp\u00f3jn\u0105 aran\u017cacj\u0119. Pami\u0119taj, \u017ce po\u0142\u0105czenie ciemnych mebli z jasnymi zale\u017cy od Twojego gustu i preferencji. Jak \u0142\u0105czy\u0107 ciemne meble z jasnymi? Wa\u017cne jest, aby stworzy\u0107 aran\u017cacj\u0119, kt\u00f3ra b\u0119dzie odpowiada\u0142a Twojemu stylowi i charakterowi pomieszczenia. Salon z ciemnymi meblami wcale nie wychodzi z mody, mo\u017cemy go stylizowa\u0107 na wiele sposob\u00f3w, dzi\u0119ki czemu zawsze zachowa \u015bwie\u017co\u015b\u0107. Czer\u0144 i ciemny br\u0105z na meblach mo\u017ce przyt\u0142oczy\u0107 tylko wtedy, gdy ciemne meble do salonu zostan\u0105 po\u0142\u0105czone z ciemnymi \u015bcianami. Urz\u0105dzaj\u0105c salon, pok\u00f3j dzienny lub inne pomieszczenie pami\u0119taj o tej zasadzie.<\/p>\n<div id=\"attachment_11312\" style=\"width: 2180px\" class=\"wp-caption aligncenter\"><img loading=\"lazy\" decoding=\"async\" aria-describedby=\"caption-attachment-11312\" class=\"wp-image-11312 size-full\" title=\"aran\u017cacja salonu z ciemnymi meblami - Jak \u0142\u0105czy\u0107 ciemne meble z jasnymi?\" src=\"https:\/\/www.smd-led.pl\/blog\/wp-content\/uploads\/2023\/05\/Jak-laczyc-ciemne-meble-z-jasnymi.jpg\" alt=\"aran\u017cacja salonu z ciemnymi meblami - Jak \u0142\u0105czy\u0107 ciemne meble z jasnymi?\" width=\"2170\" height=\"2170\" srcset=\"https:\/\/www.smd-led.pl\/blog\/wp-content\/uploads\/2023\/05\/Jak-laczyc-ciemne-meble-z-jasnymi.jpg 2170w, https:\/\/www.smd-led.pl\/blog\/wp-content\/uploads\/2023\/05\/Jak-laczyc-ciemne-meble-z-jasnymi-300x300.jpg 300w, https:\/\/www.smd-led.pl\/blog\/wp-content\/uploads\/2023\/05\/Jak-laczyc-ciemne-meble-z-jasnymi-1024x1024.jpg 1024w, https:\/\/www.smd-led.pl\/blog\/wp-content\/uploads\/2023\/05\/Jak-laczyc-ciemne-meble-z-jasnymi-150x150.jpg 150w, https:\/\/www.smd-led.pl\/blog\/wp-content\/uploads\/2023\/05\/Jak-laczyc-ciemne-meble-z-jasnymi-768x768.jpg 768w, https:\/\/www.smd-led.pl\/blog\/wp-content\/uploads\/2023\/05\/Jak-laczyc-ciemne-meble-z-jasnymi-1536x1536.jpg 1536w, https:\/\/www.smd-led.pl\/blog\/wp-content\/uploads\/2023\/05\/Jak-laczyc-ciemne-meble-z-jasnymi-2048x2048.jpg 2048w\" sizes=\"auto, (max-width: 2170px) 100vw, 2170px\" \/><p id=\"caption-attachment-11312\" class=\"wp-caption-text\">aran\u017cacja salonu z ciemnymi meblami &#8211; Jak \u0142\u0105czy\u0107 ciemne meble z jasnymi?<\/p><\/div>\n<h2>Ciemne meble w salonie jaki kolor \u015bcian?<\/h2>\n<p>Wyb\u00f3r koloru \u015bcian w salonie z ciemnymi meblami zale\u017cy od Twojego gustu i stylu, kt\u00f3ry chcesz uzyska\u0107. Istniej\u0105 jednak pewne kolorowe schematy, kt\u00f3re dobrze komponuj\u0105 si\u0119 z ciemnymi meblami. <strong>Ciemne meble w salonie jaki kolor \u015bcian? Wybieraj\u0105c be\u017ce i odcienie ko\u015bci s\u0142oniowej, a tak\u017ce biel i odcienie szaro\u015bci do ciemnych mebli w salonie mo\u017cesz mie\u0107 pewno\u015b\u0107 udanej aran\u017cacji.<\/strong> Biele i szaro\u015bci to klasyczne kolory, kt\u00f3re dobrze komponuj\u0105 si\u0119 z ciemnymi meblami. Bia\u0142y lub jasnoszary kolor \u015bcian nada pomieszczeniu jasno\u015bci i optycznie powi\u0119kszy przestrze\u0144, jednocze\u015bnie zachowuj\u0105c elegancki charakter. Be\u017cowe i ko\u015b\u0107 s\u0142oniowa odcienie to idealne kolory, aby zmi\u0119kczy\u0107 i ociepli\u0107 aran\u017cacj\u0119 z ciemnymi meblami. Te kolory dodadz\u0105 przytulno\u015bci i wprowadz\u0105 ciep\u0142\u0105 atmosfer\u0119 do pomieszczenia. Odcienie zieleni, takie jak butelkowa ziele\u0144, khaki lub oliwka, mog\u0105 stworzy\u0107 interesuj\u0105cy kontrast z ciemnymi meblami i nadaj\u0105 pomieszczeniu spokojny charakter. Zielenie te dobrze komponuj\u0105 si\u0119 z naturalnymi materia\u0142ami, takimi jak drewno, co tworzy harmonijn\u0105 aran\u017cacj\u0119. Niebieskie odcienie, takie jak szary niebieski lub b\u0142\u0119kit, to kolory, kt\u00f3re mog\u0105 stworzy\u0107 spokojn\u0105 i relaksuj\u0105c\u0105 atmosfer\u0119 w salonie z ciemnymi meblami. Te kolory dodadz\u0105 tak\u017ce elegancji i klasy pomieszczeniu. Ciemne meble w salonie jaki kolor \u015bcian? Wyb\u00f3r koloru \u015bcian zale\u017cy od Twojego gustu i stylu, kt\u00f3ry chcesz uzyska\u0107 w pomieszczeniu. Warto tak\u017ce zwr\u00f3ci\u0107 uwag\u0119 na naturalne o\u015bwietlenie w salonie, poniewa\u017c r\u00f3\u017cne kolory mog\u0105 wygl\u0105da\u0107 inaczej w zale\u017cno\u015bci od ilo\u015bci \u015bwiat\u0142a, jakie wpada do pomieszczenia. Zastosowanie ciemnych mebli otwiera drog\u0119 do urz\u0105dzenia niemal ca\u0142ej aran\u017cacji w jasnych barwach. R\u00f3\u017cnorodne dodatki wraz z ciemnymi meblami warto \u0142\u0105czy\u0107 na ka\u017cdy spos\u00f3b. Nawet niewielkie elementy wystroju i funkcjonalne dodatki maj\u0105 znaczenie. Do ciemnych mebli idealnie sprawdz\u0105 si\u0119 te w odcieniach szaro\u015bci lub be\u017cu.<\/p>\n<div id=\"attachment_11313\" style=\"width: 2180px\" class=\"wp-caption aligncenter\"><img loading=\"lazy\" decoding=\"async\" aria-describedby=\"caption-attachment-11313\" class=\"wp-image-11313 size-full\" title=\"kolor \u015bcian w salonie do ciemnych mebli - Ciemne meble w salonie jaki kolor \u015bcian?\" src=\"https:\/\/www.smd-led.pl\/blog\/wp-content\/uploads\/2023\/05\/Ciemne-meble-w-salonie-jaki-kolor-scian.jpg\" alt=\"kolor \u015bcian w salonie do ciemnych mebli - Ciemne meble w salonie jaki kolor \u015bcian?\" width=\"2170\" height=\"2170\" srcset=\"https:\/\/www.smd-led.pl\/blog\/wp-content\/uploads\/2023\/05\/Ciemne-meble-w-salonie-jaki-kolor-scian.jpg 2170w, https:\/\/www.smd-led.pl\/blog\/wp-content\/uploads\/2023\/05\/Ciemne-meble-w-salonie-jaki-kolor-scian-300x300.jpg 300w, https:\/\/www.smd-led.pl\/blog\/wp-content\/uploads\/2023\/05\/Ciemne-meble-w-salonie-jaki-kolor-scian-1024x1024.jpg 1024w, https:\/\/www.smd-led.pl\/blog\/wp-content\/uploads\/2023\/05\/Ciemne-meble-w-salonie-jaki-kolor-scian-150x150.jpg 150w, https:\/\/www.smd-led.pl\/blog\/wp-content\/uploads\/2023\/05\/Ciemne-meble-w-salonie-jaki-kolor-scian-768x768.jpg 768w, https:\/\/www.smd-led.pl\/blog\/wp-content\/uploads\/2023\/05\/Ciemne-meble-w-salonie-jaki-kolor-scian-1536x1536.jpg 1536w, https:\/\/www.smd-led.pl\/blog\/wp-content\/uploads\/2023\/05\/Ciemne-meble-w-salonie-jaki-kolor-scian-2048x2048.jpg 2048w\" sizes=\"auto, (max-width: 2170px) 100vw, 2170px\" \/><p id=\"caption-attachment-11313\" class=\"wp-caption-text\">kolor \u015bcian w salonie do ciemnych mebli &#8211; Ciemne meble w salonie jaki kolor \u015bcian?<\/p><\/div>\n<h2>Jak rozja\u015bni\u0107 pok\u00f3j kilka sposob\u00f3w<\/h2>\n<p><strong>\u00a0Jak rozja\u015bni\u0107 pok\u00f3j kilka sposob\u00f3w. Je\u015bli chcesz rozja\u015bni\u0107 pok\u00f3j i stworzy\u0107 pi\u0119kne i funkcjonalne wn\u0119trze u\u017cyj:<\/strong><\/p>\n<ol>\n<li><strong>\u017byrandola lub lampy stoj\u0105cej z kilkoma \u017ar\u00f3d\u0142ami \u015bwiat\u0142a &#8211; lampa wisz\u0105ca PLARE 40W LED to doskona\u0142y spos\u00f3b na rozja\u015bnienie pokoju.<\/strong><\/li>\n<li><strong>\u017byrandola ze sterowaniem &#8211; lampa SOVANA PENDANT 80 CCT BLACK z funkcj\u0105 \u015bciemniania wspaniale sprawdzi si\u0119 w Twoim pokoju.<\/strong><\/li>\n<\/ol>\n<p>Wprowadzenie odpowiedniego o\u015bwietlenia do pokoju jest jednym z najskuteczniejszych sposob\u00f3w na rozja\u015bnienie pomieszczenia. Mo\u017cna zastosowa\u0107 r\u00f3\u017cne rodzaje o\u015bwietlenia, takie jak lampy stoj\u0105ce, kinkiety, lampy sufitowe lub punktowe, aby rozproszy\u0107 \u015bwiat\u0142o w pomieszczeniu. Mo\u017cna r\u00f3wnie\u017c wykorzysta\u0107 \u017car\u00f3wki o wy\u017cszej mocy, aby zapewni\u0107 wi\u0119cej \u015bwiat\u0142a. Lustra odbijaj\u0105 \u015bwiat\u0142o i pomagaj\u0105 optycznie powi\u0119kszy\u0107 przestrze\u0144, co mo\u017ce pom\u00f3c w rozja\u015bnieniu pokoju. Umieszczenie lustra naprzeciwko okna pozwala odbi\u0107 \u015bwiat\u0142o s\u0142oneczne w pomieszczeniu. Jasne kolory, takie jak biel, krem, b\u0142\u0119kit czy pastelowe odcienie r\u00f3\u017cu, zawsze wprowadzaj\u0105 do pomieszczenia wi\u0119cej \u015bwiat\u0142a. Mo\u017cna zastosowa\u0107 te kolory na \u015bcianach, meblach, dekoracjach, aby rozja\u015bni\u0107 pok\u00f3j. Ci\u0119\u017ckie zas\u0142ony, zw\u0142aszcza te w ciemnych kolorach, mog\u0105 absorbowa\u0107 du\u017co \u015bwiat\u0142a i sprawi\u0107, \u017ce pomieszczenie wydaje si\u0119 ciemniejsze. Mo\u017cna zast\u0105pi\u0107 je jasnymi i lekkimi firanami lub roletami, kt\u00f3re pozwalaj\u0105 na wpuszczenie wi\u0119kszej ilo\u015bci \u015bwiat\u0142a do pomieszczenia. L\u015bni\u0105ce powierzchnie, takie jak metaliczne akcenty, lustrzane blaty lub b\u0142yszcz\u0105ce dodatki, odbijaj\u0105 \u015bwiat\u0142o i pomagaj\u0105 rozja\u015bni\u0107 pomieszczenie. Zbyt du\u017co mebli, ozd\u00f3b i innych przedmiot\u00f3w w pokoju mo\u017ce sprawi\u0107, \u017ce pomieszczenie wydaje si\u0119 ciemne i przyt\u0142aczaj\u0105ce. Minimalistyczna aran\u017cacja, z mniej meblami i bardziej otwart\u0105 przestrzeni\u0105, mo\u017ce pom\u00f3c w rozja\u015bnieniu pokoju. Jak rozja\u015bni\u0107 pok\u00f3j kilka sposob\u00f3w, kt\u00f3re podali\u015bmy powy\u017cej sprawdz\u0105 si\u0119 u wi\u0119kszo\u015bci. Jednak ka\u017cde pomieszczenie jest inne i wymaga indywidualnego podej\u015bcia. Warto eksperymentowa\u0107 z r\u00f3\u017cnymi sposobami, aby znale\u017a\u0107 najlepszy spos\u00f3b na rozja\u015bnienie swojego pokoju. Je\u015bli szukasz informacji <a href=\"https:\/\/www.smd-led.pl\/blog\/jaka-barwa-swiatla-do-salonu\/\">jaka barwa \u015bwiat\u0142a do salonu<\/a> zapraszamy do naszego bloga w kt\u00f3rym obja\u015bnimy wszelkie w\u0105tpliwo\u015bci.<\/p>\n<div id=\"attachment_11317\" style=\"width: 2180px\" class=\"wp-caption aligncenter\"><img loading=\"lazy\" decoding=\"async\" aria-describedby=\"caption-attachment-11317\" class=\"wp-image-11317 size-full\" title=\"ciemny pok\u00f3j jak rozja\u015bni\u0107 - Jak rozja\u015bni\u0107 pok\u00f3j kilka sposob\u00f3w?\" src=\"https:\/\/www.smd-led.pl\/blog\/wp-content\/uploads\/2023\/05\/Jak-rozjasnic-pokoj-kilka-sposobow.jpg\" alt=\"ciemny pok\u00f3j jak rozja\u015bni\u0107 - Jak rozja\u015bni\u0107 pok\u00f3j kilka sposob\u00f3w?\" width=\"2170\" height=\"2170\" srcset=\"https:\/\/www.smd-led.pl\/blog\/wp-content\/uploads\/2023\/05\/Jak-rozjasnic-pokoj-kilka-sposobow.jpg 2170w, https:\/\/www.smd-led.pl\/blog\/wp-content\/uploads\/2023\/05\/Jak-rozjasnic-pokoj-kilka-sposobow-300x300.jpg 300w, https:\/\/www.smd-led.pl\/blog\/wp-content\/uploads\/2023\/05\/Jak-rozjasnic-pokoj-kilka-sposobow-1024x1024.jpg 1024w, https:\/\/www.smd-led.pl\/blog\/wp-content\/uploads\/2023\/05\/Jak-rozjasnic-pokoj-kilka-sposobow-150x150.jpg 150w, https:\/\/www.smd-led.pl\/blog\/wp-content\/uploads\/2023\/05\/Jak-rozjasnic-pokoj-kilka-sposobow-768x768.jpg 768w, https:\/\/www.smd-led.pl\/blog\/wp-content\/uploads\/2023\/05\/Jak-rozjasnic-pokoj-kilka-sposobow-1536x1536.jpg 1536w, https:\/\/www.smd-led.pl\/blog\/wp-content\/uploads\/2023\/05\/Jak-rozjasnic-pokoj-kilka-sposobow-2048x2048.jpg 2048w\" sizes=\"auto, (max-width: 2170px) 100vw, 2170px\" \/><p id=\"caption-attachment-11317\" class=\"wp-caption-text\">ciemny pok\u00f3j jak rozja\u015bni\u0107 &#8211; Jak rozja\u015bni\u0107 pok\u00f3j kilka sposob\u00f3w?<\/p><\/div>\n<h2>Jak do\u015bwietli\u0107 ciemny pok\u00f3j?<\/h2>\n<p><strong>Jak do\u015bwietli\u0107 ciemny pok\u00f3j? Jako do\u015bwietlenie ciemnego pokoju doskonale sprawdz\u0105 si\u0119:<\/strong><\/p>\n<ol>\n<li><strong>Lampy szynowe &#8211; warto zapewni\u0107 kilka punkt\u00f3w \u015bwietlnych, kt\u00f3re zapewni\u0105 odpowiednie do\u015bwietlenie ka\u017cdej strefy.<\/strong><\/li>\n<li><strong>Lampy z wymienn\u0105 \u017car\u00f3wk\u0105 &#8211; to idealny spos\u00f3b na do\u015bwietlenie ciemnego pokoju, posiadaj\u0105c lamp\u0119 z wymiennym \u017ar\u00f3d\u0142em \u015bwiat\u0142a mo\u017cemy zastosowa\u0107\u00a0 \u017car\u00f3wki wi\u0119kszej mocy.<\/strong><\/li>\n<\/ol>\n<p>Je\u015bli chcesz do\u015bwietli\u0107 ciemny pok\u00f3j, to mo\u017cesz skorzysta\u0107 z kilku prostych sposob\u00f3w. Wprowadzenie dodatkowego \u017ar\u00f3d\u0142a \u015bwiat\u0142a mo\u017ce znacznie poprawi\u0107 jasno\u015b\u0107 pokoju. Mo\u017cesz zastosowa\u0107 r\u00f3\u017cne rodzaje o\u015bwietlenia, takie jak lampy stoj\u0105ce, kinkiety, lampy sufitowe lub punktowe, aby rozproszy\u0107 \u015bwiat\u0142o w pomieszczeniu. Ci\u0119\u017ckie zas\u0142ony lub grube firanki mog\u0105 blokowa\u0107 \u015bwiat\u0142o s\u0142oneczne, co powoduje, \u017ce pok\u00f3j wydaje si\u0119 ciemny. Mo\u017cesz zast\u0105pi\u0107 je cie\u0144szymi lub bardziej przejrzystymi, aby wpuszcza\u0142y wi\u0119cej \u015bwiat\u0142a. Ciemne kolory \u015bcian mog\u0105 wprowadza\u0107 do pokoju ciemno\u015b\u0107. Jasne kolory, takie jak biel, krem, jasny szary czy pastelowe odcienie, odbijaj\u0105 \u015bwiat\u0142o i pomagaj\u0105 rozja\u015bni\u0107 pomieszczenie. Lustra odbijaj\u0105 \u015bwiat\u0142o, dzi\u0119ki czemu pok\u00f3j wydaje si\u0119 ja\u015bniejszy i bardziej przestronny. Mo\u017cesz umie\u015bci\u0107 lustro naprzeciwko okna, aby odbija\u0142o \u015bwiat\u0142o s\u0142oneczne. Jasne tkaniny, takie jak bawe\u0142na, len czy jedwab, odbijaj\u0105 \u015bwiat\u0142o i pomagaj\u0105 rozja\u015bni\u0107 pomieszczenie. Mo\u017cesz r\u00f3wnie\u017c doda\u0107 jasne dodatki, takie jak poduszki, dywany czy obrazy, aby poprawi\u0107 jasno\u015b\u0107 pokoju. L\u015bni\u0105ce powierzchnie, takie jak metaliczne akcenty, lustrzane blaty lub b\u0142yszcz\u0105ce dodatki, odbijaj\u0105 \u015bwiat\u0142o i pomagaj\u0105 rozja\u015bni\u0107 pomieszczenie. Meble mog\u0105 blokowa\u0107 \u015bwiat\u0142o, wi\u0119c warto zadba\u0107 o to, aby nie blokowa\u0142y okien ani innych \u017ar\u00f3de\u0142 \u015bwiat\u0142a. Jak do\u015bwietli\u0107 ciemny pok\u00f3j? Mo\u017cesz r\u00f3wnie\u017c przesun\u0105\u0107 meble, aby zwi\u0119kszy\u0107 przestrze\u0144 i poprawi\u0107 o\u015bwietlenie. Pami\u0119taj, \u017ce ka\u017cdy pok\u00f3j jest inny i wymaga indywidualnego podej\u015bcia. Mo\u017cesz eksperymentowa\u0107 z r\u00f3\u017cnymi sposobami, aby znale\u017a\u0107 najlepszy spos\u00f3b na do\u015bwietlenie swojego ciemnego pokoju.<\/p>\n<div id=\"attachment_11318\" style=\"width: 2180px\" class=\"wp-caption aligncenter\"><img loading=\"lazy\" decoding=\"async\" aria-describedby=\"caption-attachment-11318\" class=\"wp-image-11318 size-full\" title=\"Jak do\u015bwietli\u0107 ciemny pok\u00f3j? - Jak rozja\u015bni\u0107 salon z ciemnymi meblami\" src=\"https:\/\/www.smd-led.pl\/blog\/wp-content\/uploads\/2023\/05\/Jak-doswietlic-ciemny-pokoj.jpg\" alt=\"Jak do\u015bwietli\u0107 ciemny pok\u00f3j? - Jak rozja\u015bni\u0107 salon z ciemnymi meblami\" width=\"2170\" height=\"2170\" srcset=\"https:\/\/www.smd-led.pl\/blog\/wp-content\/uploads\/2023\/05\/Jak-doswietlic-ciemny-pokoj.jpg 2170w, https:\/\/www.smd-led.pl\/blog\/wp-content\/uploads\/2023\/05\/Jak-doswietlic-ciemny-pokoj-300x300.jpg 300w, https:\/\/www.smd-led.pl\/blog\/wp-content\/uploads\/2023\/05\/Jak-doswietlic-ciemny-pokoj-1024x1024.jpg 1024w, https:\/\/www.smd-led.pl\/blog\/wp-content\/uploads\/2023\/05\/Jak-doswietlic-ciemny-pokoj-150x150.jpg 150w, https:\/\/www.smd-led.pl\/blog\/wp-content\/uploads\/2023\/05\/Jak-doswietlic-ciemny-pokoj-768x768.jpg 768w, https:\/\/www.smd-led.pl\/blog\/wp-content\/uploads\/2023\/05\/Jak-doswietlic-ciemny-pokoj-1536x1536.jpg 1536w, https:\/\/www.smd-led.pl\/blog\/wp-content\/uploads\/2023\/05\/Jak-doswietlic-ciemny-pokoj-2048x2048.jpg 2048w\" sizes=\"auto, (max-width: 2170px) 100vw, 2170px\" \/><p id=\"caption-attachment-11318\" class=\"wp-caption-text\">Jak do\u015bwietli\u0107 ciemny pok\u00f3j? &#8211; Jak rozja\u015bni\u0107 salon z ciemnymi meblami<\/p><\/div>\n<h2>Jak rozja\u015bni\u0107 pok\u00f3j z ma\u0142ym oknem?<\/h2>\n<p><strong>Jak rozja\u015bni\u0107 pok\u00f3j z ma\u0142ym oknem? Do rozja\u015bnienia pokoju z ma\u0142ym oknem wspaniale sprawdzi si\u0119 zastosowanie ta\u015bmy LED z profilem DUAL 58403, w kt\u00f3rym zmieszcz\u0105 si\u0119 dwie ta\u015bmy.<\/strong> Umie\u015b\u0107 je pod \u0142\u00f3\u017ckiem, na meblach, czy na \u015bcianach. Rozja\u015bnienie pokoju z ma\u0142ym oknem mo\u017ce by\u0107 trudnym wyzwaniem, ale istniej\u0105 sposoby, aby poprawi\u0107 o\u015bwietlenie i uczyni\u0107 pomieszczenie ja\u015bniejszym. Aby zrekompensowa\u0107 brak naturalnego \u015bwiat\u0142a, warto zainwestowa\u0107 w dodatkowe \u017ar\u00f3d\u0142a sztucznego \u015bwiat\u0142a. Mo\u017cna zastosowa\u0107 r\u00f3\u017cne rodzaje o\u015bwietlenia, tak\u017ce takie jak lampy stoj\u0105ce, kinkiety, <a href=\"https:\/\/www.smd-led.pl\/lampa-sufitowa\">lampy sufitowe<\/a> lub punktowe, aby rozproszy\u0107 \u015bwiat\u0142o w pomieszczeniu.\u00a0Wykorzystaj jasne kolory. Jasne kolory, takie jak biel, krem, jasny szary lub pastelowe odcienie, odbijaj\u0105 \u015bwiat\u0142o i pomagaj\u0105 rozja\u015bni\u0107 pomieszczenie. Mo\u017cna zastosowa\u0107 je na \u015bcianach, meblach, dodatkach czy zas\u0142onach. Ci\u0119\u017ckie zas\u0142ony lub grube firanki mog\u0105 blokowa\u0107 \u015bwiat\u0142o s\u0142oneczne, co powoduje, \u017ce pok\u00f3j wydaje si\u0119 ciemny.<\/p>\n<div class=\"call-to-action-06\" style=\"background-image: url('https:\/\/www.smd-led.pl\/blog\/wp-content\/uploads\/2023\/12\/Lampy-do-salonu-7.png')\"><div class=\"call-to-action-06__info-box\"><div class=\"call-to-action-06__info\"><p class=\"call-to-action-06__txt\">Zobacz wi\u0119cej z kategorii<\/p><span class=\"call-to-action-06__cat-title\">Lampy sufitowe<\/span><a href=\"https:\/\/www.smd-led.pl\/lampa-sufitowa\" class=\"button\" id=\"lampy_sufitowe_kategoria\" target=\"_self\">Zobacz produkty<\/a><\/div><\/div><\/div>\n<p>Mo\u017cna zast\u0105pi\u0107 je cie\u0144szymi lub bardziej przejrzystymi, aby wpuszcza\u0142y wi\u0119cej \u015bwiat\u0142a. Meble mog\u0105 blokowa\u0107 \u015bwiat\u0142o, wi\u0119c warto zadba\u0107 o to, aby nie blokowa\u0142y okien ani innych \u017ar\u00f3de\u0142 \u015bwiat\u0142a. Mo\u017cna r\u00f3wnie\u017c przesun\u0105\u0107 meble, aby zwi\u0119kszy\u0107 przestrze\u0144 i poprawi\u0107 o\u015bwietlenie. Lustra odbijaj\u0105 \u015bwiat\u0142o, dzi\u0119ki czemu pok\u00f3j wydaje si\u0119 ja\u015bniejszy i bardziej przestronny. Mo\u017cna umie\u015bci\u0107 lustro naprzeciwko okna, aby odbija\u0142o \u015bwiat\u0142o s\u0142oneczne. Jak rozja\u015bni\u0107 pok\u00f3j z ma\u0142ym oknem? Lekkie i przewiewne meble, takie jak krzes\u0142a z plecionk\u0105 czy stolik kawowy z metalow\u0105 ram\u0105, pomog\u0105 zachowa\u0107 wra\u017cenie przestrzeni i poprawi\u0105 o\u015bwietlenie w pomieszczeniu.<\/p>\n<div id=\"attachment_11319\" style=\"width: 2180px\" class=\"wp-caption aligncenter\"><img loading=\"lazy\" decoding=\"async\" aria-describedby=\"caption-attachment-11319\" class=\"wp-image-11319 size-full\" title=\"Jak rozja\u015bni\u0107 pok\u00f3j z ma\u0142ym oknem?\" src=\"https:\/\/www.smd-led.pl\/blog\/wp-content\/uploads\/2023\/05\/Jak-rozjasnic-pokoj-z-malym-oknem.jpg\" alt=\"Jak rozja\u015bni\u0107 pok\u00f3j z ma\u0142ym oknem?\" width=\"2170\" height=\"2170\" srcset=\"https:\/\/www.smd-led.pl\/blog\/wp-content\/uploads\/2023\/05\/Jak-rozjasnic-pokoj-z-malym-oknem.jpg 2170w, https:\/\/www.smd-led.pl\/blog\/wp-content\/uploads\/2023\/05\/Jak-rozjasnic-pokoj-z-malym-oknem-300x300.jpg 300w, https:\/\/www.smd-led.pl\/blog\/wp-content\/uploads\/2023\/05\/Jak-rozjasnic-pokoj-z-malym-oknem-1024x1024.jpg 1024w, https:\/\/www.smd-led.pl\/blog\/wp-content\/uploads\/2023\/05\/Jak-rozjasnic-pokoj-z-malym-oknem-150x150.jpg 150w, https:\/\/www.smd-led.pl\/blog\/wp-content\/uploads\/2023\/05\/Jak-rozjasnic-pokoj-z-malym-oknem-768x768.jpg 768w, https:\/\/www.smd-led.pl\/blog\/wp-content\/uploads\/2023\/05\/Jak-rozjasnic-pokoj-z-malym-oknem-1536x1536.jpg 1536w, https:\/\/www.smd-led.pl\/blog\/wp-content\/uploads\/2023\/05\/Jak-rozjasnic-pokoj-z-malym-oknem-2048x2048.jpg 2048w\" sizes=\"auto, (max-width: 2170px) 100vw, 2170px\" \/><p id=\"caption-attachment-11319\" class=\"wp-caption-text\">Jak rozja\u015bni\u0107 pok\u00f3j z ma\u0142ym oknem?<\/p><\/div>\n<h2>Jak rozja\u015bni\u0107 pok\u00f3j dodatkami?<\/h2>\n<p>Dodatki mog\u0105 mie\u0107 znacz\u0105cy wp\u0142yw na o\u015bwietlenie pokoju.<strong> Jak rozja\u015bni\u0107 pok\u00f3j dodatkami? Warto postawi\u0107 na 4 najwa\u017cniejsze elementy:<\/strong><\/p>\n<ol>\n<li><strong>Lustro<\/strong> &#8211; lustro odbija \u015bwiat\u0142o po pokoju, dzi\u0119ki czemu roz\u015bwietli ca\u0142\u0105 powierzchni\u0119.<\/li>\n<li><strong>O\u015bwietlenie punktowe<\/strong> &#8211; wiele punkt\u00f3w o\u015bwietleniowych pomo\u017ce do\u015bwietli\u0107 ka\u017cdy k\u0105t.<\/li>\n<li><strong>Dekoracje<\/strong> &#8211; \u015bcienne dekoracje w jasnych kolorach wspaniale rozja\u015bni\u0105 ca\u0142o\u015b\u0107.<\/li>\n<li><strong>Zas\u0142ony<\/strong> &#8211; jasne zas\u0142ony to must-have ka\u017cdego pokoju wymagaj\u0105cego rozja\u015bnienia.<\/li>\n<\/ol>\n<p>Wybierz jasne poduszki i narzuty w pastelowych kolorach lub bia\u0142ych odcieniach. Dzi\u0119ki temu \u0142atwiej b\u0119dzie rozproszy\u0107 \u015bwiat\u0142o w pomieszczeniu, a dodatkowo stworzysz przyjemny i przytulny klimat. Wybierz lekkie, przepuszczaj\u0105ce \u015bwiat\u0142o zas\u0142ony w jasnych odcieniach. Mo\u017cesz r\u00f3wnie\u017c spr\u00f3bowa\u0107 przezroczystych zas\u0142on, kt\u00f3re pozwol\u0105 na wprowadzenie do pokoju wi\u0119cej naturalnego \u015bwiat\u0142a. Umie\u015b\u0107 lustra w r\u00f3\u017cnych miejscach pokoju, aby odbija\u0142y \u015bwiat\u0142o i roz\u015bwietla\u0142y pomieszczenie. Mo\u017cesz umie\u015bci\u0107 lustra naprzeciwko okna lub w pobli\u017cu \u017ar\u00f3d\u0142a \u015bwiat\u0142a, aby odbija\u0142y jego refleksy. \u00a0Wybierz lampy, kt\u00f3re rozpraszaj\u0105 \u015bwiat\u0142o w r\u00f3\u017cnych kierunkach, aby rozja\u015bni\u0107 pomieszczenie. Mo\u017cesz r\u00f3wnie\u017c wybra\u0107 lampy z jasnymi aba\u017curami lub w odcieniach metalicznego srebra, kt\u00f3re odbijaj\u0105 \u015bwiat\u0142o. Jak rozja\u015bni\u0107 pok\u00f3j dodatkami? Wybierz jasne obrazy lub plakaty, kt\u00f3re odbijaj\u0105 \u015bwiat\u0142o i nadaj\u0105 pomieszczeniu bardziej otwartego charakteru. Mo\u017cesz r\u00f3wnie\u017c postawi\u0107 na jasne ramki, kt\u00f3re pomog\u0105 rozproszy\u0107 \u015bwiat\u0142o. Ro\u015bliny przyci\u0105gaj\u0105 uwag\u0119 i nadaj\u0105 pomieszczeniu naturalnego uroku. Mo\u017cesz wybra\u0107 ro\u015bliny, kt\u00f3re lubi\u0105 jasne miejsca, takie jak storczyki, aloes czy draceny. Ro\u015bliny odbijaj\u0105 \u015bwiat\u0142o i w naturalny spos\u00f3b rozja\u015bniaj\u0105 pomieszczenie. Jasne dywany, takie jak bia\u0142e lub be\u017cowe, odbijaj\u0105 \u015bwiat\u0142o i pomagaj\u0105 rozja\u015bni\u0107 pomieszczenie. Mo\u017cesz r\u00f3wnie\u017c wybra\u0107 dywany z elementami metalicznymi lub w jasnych odcieniach pastelowych, kt\u00f3re dodadz\u0105 pomieszczeniu lekko\u015bci i elegancji. Podsumowuj\u0105c, dodatki mog\u0105 mie\u0107 du\u017cy wp\u0142yw na o\u015bwietlenie i og\u00f3ln\u0105 atmosfer\u0119 w pokoju. Warto wybiera\u0107 jasne i lekkie elementy, kt\u00f3re rozpraszaj\u0105 \u015bwiat\u0142o i dodaj\u0105 pomieszczeniu lekko\u015bci.<\/p>\n<div id=\"attachment_11314\" style=\"width: 2180px\" class=\"wp-caption aligncenter\"><img loading=\"lazy\" decoding=\"async\" aria-describedby=\"caption-attachment-11314\" class=\"wp-image-11314 size-full\" title=\"Jak rozja\u015bni\u0107 pok\u00f3j dodatkami?\" src=\"https:\/\/www.smd-led.pl\/blog\/wp-content\/uploads\/2023\/05\/Jak-rozjasnic-pokoj-dodatkami.jpg\" alt=\"Jak rozja\u015bni\u0107 pok\u00f3j dodatkami?\" width=\"2170\" height=\"2170\" srcset=\"https:\/\/www.smd-led.pl\/blog\/wp-content\/uploads\/2023\/05\/Jak-rozjasnic-pokoj-dodatkami.jpg 2170w, https:\/\/www.smd-led.pl\/blog\/wp-content\/uploads\/2023\/05\/Jak-rozjasnic-pokoj-dodatkami-300x300.jpg 300w, https:\/\/www.smd-led.pl\/blog\/wp-content\/uploads\/2023\/05\/Jak-rozjasnic-pokoj-dodatkami-1024x1024.jpg 1024w, https:\/\/www.smd-led.pl\/blog\/wp-content\/uploads\/2023\/05\/Jak-rozjasnic-pokoj-dodatkami-150x150.jpg 150w, https:\/\/www.smd-led.pl\/blog\/wp-content\/uploads\/2023\/05\/Jak-rozjasnic-pokoj-dodatkami-768x768.jpg 768w, https:\/\/www.smd-led.pl\/blog\/wp-content\/uploads\/2023\/05\/Jak-rozjasnic-pokoj-dodatkami-1536x1536.jpg 1536w, https:\/\/www.smd-led.pl\/blog\/wp-content\/uploads\/2023\/05\/Jak-rozjasnic-pokoj-dodatkami-2048x2048.jpg 2048w\" sizes=\"auto, (max-width: 2170px) 100vw, 2170px\" \/><p id=\"caption-attachment-11314\" class=\"wp-caption-text\">Jak rozja\u015bni\u0107 pok\u00f3j dodatkami?<\/p><\/div>\n<h2>Jak rozja\u015bni\u0107 ciemny salon?<\/h2>\n<p><strong>Jak rozja\u015bni\u0107 ciemny salon? Przede wszystkim postaw na odpowiednie \u017ar\u00f3d\u0142o \u015bwiat\u0142a. Wybierz np. 4-punktowy \u017cyrandol z mo\u017cliwo\u015bci\u0105 sterowania jasno\u015bci\u0105 \u015bwiat\u0142a.<\/strong> Je\u015bli chcesz rozja\u015bni\u0107 ciemny salon, mo\u017cesz skorzysta\u0107 z kilku prostych sposob\u00f3w. Wybierz jasne kolory \u015bcian, takie jak biel, krem, jasny be\u017c lub pastelowe odcienie. Jasne kolory odbijaj\u0105 \u015bwiat\u0142o i dodaj\u0105 pomieszczeniu przestrzeni oraz lekko\u015bci. Odpowiednie o\u015bwietlenie to klucz do rozja\u015bnienia ciemnego salonu. Wybierz lampy, kt\u00f3re rozpraszaj\u0105 \u015bwiat\u0142o w r\u00f3\u017cnych kierunkach. Mo\u017cesz r\u00f3wnie\u017c zainstalowa\u0107 kinkiety lub plafony, kt\u00f3re o\u015bwietlaj\u0105 ca\u0142e pomieszczenie. Umie\u015b\u0107 lustra na \u015bcianach, kt\u00f3re odbijaj\u0105 \u015bwiat\u0142o i roz\u015bwietlaj\u0105 pomieszczenie. Mo\u017cesz umie\u015bci\u0107 lustra naprzeciwko okna lub w pobli\u017cu \u017ar\u00f3d\u0142a \u015bwiat\u0142a, aby odbija\u0142y jego refleksy. Je\u015bli to mo\u017cliwe, wybierz jasne firany lub zas\u0142ony, kt\u00f3re przepuszczaj\u0105 jak najwi\u0119cej \u015bwiat\u0142a. W ciemnym salonie warto zrezygnowa\u0107 z ci\u0119\u017ckich, masywnych zas\u0142on, kt\u00f3re przyci\u0105gaj\u0105 uwag\u0119 i zaciemniaj\u0105 pomieszczenie. Ro\u015bliny przyci\u0105gaj\u0105 uwag\u0119 i nadaj\u0105 pomieszczeniu naturalnego uroku. Wybierz ro\u015bliny, kt\u00f3re lubi\u0105 jasne miejsca, takie jak storczyki, aloes czy draceny. Ro\u015bliny odbijaj\u0105 \u015bwiat\u0142o i w naturalny spos\u00f3b rozja\u015bniaj\u0105 pomieszczenie. Wybierz jasne meble lub dodatki, kt\u00f3re odbijaj\u0105 \u015bwiat\u0142o i dodaj\u0105 salonowi przestrzeni. Mo\u017cesz r\u00f3wnie\u017c postawi\u0107 na meble w odcieniach szaro\u015bci lub jasnego drewna, kt\u00f3re kontrastuj\u0105 z ciemn\u0105 kolorystyk\u0105 \u015bcian i pod\u0142ogi. Jak rozja\u015bni\u0107 ciemny salon? Dodaj do salonu jasne i kolorowe dodatki, takie jak poduszki, narzuty, obrazy lub plakaty. Jasne dodatki o\u017cywi\u0105 pomieszczenie i dodadz\u0105 mu energii. Podsumowuj\u0105c, aby rozja\u015bni\u0107 ciemny salon, warto skorzysta\u0107 z jasnych kolor\u00f3w, odpowiedniego o\u015bwietlenia oraz jasnych mebli i dodatk\u00f3w, kt\u00f3re odbijaj\u0105 \u015bwiat\u0142o i dodaj\u0105 przestrzeni.<\/p>\n<div id=\"attachment_11320\" style=\"width: 2180px\" class=\"wp-caption aligncenter\"><img loading=\"lazy\" decoding=\"async\" aria-describedby=\"caption-attachment-11320\" class=\"wp-image-11320 size-full\" title=\"Jak rozja\u015bni\u0107 ciemny salon? - Jak rozja\u015bni\u0107 salon z ciemnymi meblami\" src=\"https:\/\/www.smd-led.pl\/blog\/wp-content\/uploads\/2023\/05\/Jak-rozjasnic-ciemny-salon.jpg\" alt=\"Jak rozja\u015bni\u0107 ciemny salon? - Jak rozja\u015bni\u0107 salon z ciemnymi meblami\" width=\"2170\" height=\"2170\" srcset=\"https:\/\/www.smd-led.pl\/blog\/wp-content\/uploads\/2023\/05\/Jak-rozjasnic-ciemny-salon.jpg 2170w, https:\/\/www.smd-led.pl\/blog\/wp-content\/uploads\/2023\/05\/Jak-rozjasnic-ciemny-salon-300x300.jpg 300w, https:\/\/www.smd-led.pl\/blog\/wp-content\/uploads\/2023\/05\/Jak-rozjasnic-ciemny-salon-1024x1024.jpg 1024w, https:\/\/www.smd-led.pl\/blog\/wp-content\/uploads\/2023\/05\/Jak-rozjasnic-ciemny-salon-150x150.jpg 150w, https:\/\/www.smd-led.pl\/blog\/wp-content\/uploads\/2023\/05\/Jak-rozjasnic-ciemny-salon-768x768.jpg 768w, https:\/\/www.smd-led.pl\/blog\/wp-content\/uploads\/2023\/05\/Jak-rozjasnic-ciemny-salon-1536x1536.jpg 1536w, https:\/\/www.smd-led.pl\/blog\/wp-content\/uploads\/2023\/05\/Jak-rozjasnic-ciemny-salon-2048x2048.jpg 2048w\" sizes=\"auto, (max-width: 2170px) 100vw, 2170px\" \/><p id=\"caption-attachment-11320\" class=\"wp-caption-text\">Jak rozja\u015bni\u0107 ciemny salon? &#8211; Jak rozja\u015bni\u0107 salon z ciemnymi meblami<\/p><\/div>\n<h2>Zimny pok\u00f3j od p\u00f3\u0142nocy jak rozja\u015bni\u0107?<\/h2>\n<p><strong>Zimny pok\u00f3j od p\u00f3\u0142nocy jak rozja\u015bni\u0107? Je\u015bli masz pok\u00f3j od p\u00f3\u0142nocy we\u017a pod uwag\u0119 pomalowanie parapet\u00f3w na bia\u0142y kolor, kt\u00f3ry odbije promienie s\u0142oneczne. Mo\u017cesz te\u017c umie\u015bci\u0107 lustra na \u015bcianach.<\/strong> Je\u015bli tw\u00f3j pok\u00f3j znajduje si\u0119 od strony p\u00f3\u0142nocnej i jest zimny oraz ciemny, istnieje kilka sprawdzonych sposob\u00f3w, aby go rozja\u015bni\u0107. Wybierz jasne kolory \u015bcian, takie jak biel lub pastelowe odcienie. Jasne kolory odbijaj\u0105 \u015bwiat\u0142o i dodaj\u0105 pomieszczeniu jasno\u015bci. Odpowiednie o\u015bwietlenie to klucz do rozja\u015bnienia ciemnego i zimnego pokoju. Wybierz lampy, kt\u00f3re rozpraszaj\u0105 \u015bwiat\u0142o w r\u00f3\u017cnych kierunkach. Mo\u017cesz r\u00f3wnie\u017c zainstalowa\u0107 kinkiety lub <a href=\"https:\/\/www.smd-led.pl\/oswietlenie-szynowe\">o\u015bwietlenie szynowe<\/a>, kt\u00f3re o\u015bwietlaj\u0105 ca\u0142e pomieszczenie. Ro\u015bliny przyci\u0105gaj\u0105 uwag\u0119 i dodaj\u0105 naturalnego uroku do pomieszczenia. Wybierz ro\u015bliny, kt\u00f3re lubi\u0105 zimne i ciemne miejsca, takie jak paprocie lub storczyki. Dodaj do pokoju jasne i kolorowe dodatki, takie jak poduszki, narzuty, zas\u0142ony lub dywany. Jasne dodatki o\u017cywi\u0105 pomieszczenie i dodadz\u0105 mu energii. Umie\u015b\u0107 lustra na \u015bcianach, kt\u00f3re odbijaj\u0105 \u015bwiat\u0142o i roz\u015bwietlaj\u0105 pomieszczenie. Mo\u017cesz umie\u015bci\u0107 lustra naprzeciwko okna lub w pobli\u017cu \u017ar\u00f3d\u0142a \u015bwiat\u0142a, aby odbija\u0142y jego refleksy. Je\u015bli to mo\u017cliwe, wybierz jasne firany lub zas\u0142ony, kt\u00f3re przepuszczaj\u0105 jak najwi\u0119cej \u015bwiat\u0142a. W przypadku pokoju od strony p\u00f3\u0142nocnej, warto wybiera\u0107 ciep\u0142e i delikatne tkaniny, takie jak bawe\u0142na lub len. Zimny pok\u00f3j od p\u00f3\u0142nocy jak rozja\u015bni\u0107? Aby rozja\u015bni\u0107 zimny pok\u00f3j od p\u00f3\u0142nocy, warto skorzysta\u0107 z jasnych kolor\u00f3w, odpowiedniego o\u015bwietlenia oraz jasnych dodatk\u00f3w i tekstyli\u00f3w, kt\u00f3re o\u017cywi\u0105 pomieszczenie i dodadz\u0105 mu energii. Dodatkowo, ro\u015bliny i lustra mog\u0105 pom\u00f3c w odbiciu \u015bwiat\u0142a i dodaniu naturalnego uroku do pomieszczenia.<\/p>\n<div class=\"call-to-action-07\"><div class=\"call-to-action-07__product-box\"><img decoding=\"async\" src=\"https:\/\/www.smd-led.pl\/blog\/wp-content\/uploads\/2023\/12\/Bez-nazwy-350\u00d7350-px-3.jpg\" alt=\"Lampy szynowe 1-Fazowe serii LVT\" \/><span class=\"call-to-action-07__product-title\">Lampy szynowe 1-Fazowe serii LVT<\/span><a href=\"https:\/\/www.smd-led.pl\/lampy-szynowe-1-fazowe-serii-lvt\" class=\"button\" id=\"szynoprzewody_\" target=\"_self\">Zobacz produkty<\/a><\/div><div class=\"call-to-action-07__product-box\"><img decoding=\"async\" src=\"https:\/\/www.smd-led.pl\/blog\/wp-content\/uploads\/2023\/12\/Bez-nazwy-350\u00d7350-px-4.jpg\" alt=\"\" \/><span class=\"call-to-action-07__product-title\">Lampy szynowe 3-Fazowe serii LVT<\/span><a href=\"https:\/\/www.smd-led.pl\/lampy-szynowe-3-fazowe-serii-lvt\" class=\"button\" id=\"szynoprzewody_\" target=\"_self\">Zobacz produkty<\/a><\/div><div class=\"call-to-action-07__product-box\"><img decoding=\"async\" src=\"https:\/\/www.smd-led.pl\/blog\/wp-content\/uploads\/2023\/12\/Bez-nazwy-350\u00d7350-px-2.png\" alt=\"Szynoprzewody magnetyczne\" \/><span class=\"call-to-action-07__product-title\">Szynoprzewody magnetyczne<\/span><a href=\"https:\/\/www.smd-led.pl\/szynoprzewody-magnetyczne\" class=\"button\" id=\"szynoprzewody_\" target=\"_self\">Zobacz produkty<\/a><\/div><\/div>\n<div id=\"attachment_11321\" style=\"width: 2180px\" class=\"wp-caption aligncenter\"><img loading=\"lazy\" decoding=\"async\" aria-describedby=\"caption-attachment-11321\" class=\"wp-image-11321 size-full\" title=\"jak roz\u015bwietli\u0107 pok\u00f3j - Zimny pok\u00f3j od p\u00f3\u0142nocy jak rozja\u015bni\u0107?\" src=\"https:\/\/www.smd-led.pl\/blog\/wp-content\/uploads\/2023\/05\/Zimny-pokoj-od-polnocy-jak-rozjasnic.jpg\" alt=\"jak roz\u015bwietli\u0107 pok\u00f3j - Zimny pok\u00f3j od p\u00f3\u0142nocy jak rozja\u015bni\u0107?\" width=\"2170\" height=\"2170\" srcset=\"https:\/\/www.smd-led.pl\/blog\/wp-content\/uploads\/2023\/05\/Zimny-pokoj-od-polnocy-jak-rozjasnic.jpg 2170w, https:\/\/www.smd-led.pl\/blog\/wp-content\/uploads\/2023\/05\/Zimny-pokoj-od-polnocy-jak-rozjasnic-300x300.jpg 300w, https:\/\/www.smd-led.pl\/blog\/wp-content\/uploads\/2023\/05\/Zimny-pokoj-od-polnocy-jak-rozjasnic-1024x1024.jpg 1024w, https:\/\/www.smd-led.pl\/blog\/wp-content\/uploads\/2023\/05\/Zimny-pokoj-od-polnocy-jak-rozjasnic-150x150.jpg 150w, https:\/\/www.smd-led.pl\/blog\/wp-content\/uploads\/2023\/05\/Zimny-pokoj-od-polnocy-jak-rozjasnic-768x768.jpg 768w, https:\/\/www.smd-led.pl\/blog\/wp-content\/uploads\/2023\/05\/Zimny-pokoj-od-polnocy-jak-rozjasnic-1536x1536.jpg 1536w, https:\/\/www.smd-led.pl\/blog\/wp-content\/uploads\/2023\/05\/Zimny-pokoj-od-polnocy-jak-rozjasnic-2048x2048.jpg 2048w\" sizes=\"auto, (max-width: 2170px) 100vw, 2170px\" \/><p id=\"caption-attachment-11321\" class=\"wp-caption-text\">jak roz\u015bwietli\u0107 pok\u00f3j &#8211; Zimny pok\u00f3j od p\u00f3\u0142nocy jak rozja\u015bni\u0107?<\/p><\/div>\n<h2>Jak rozja\u015bni\u0107 ciemny pok\u00f3j dziecka?<\/h2>\n<p><strong>Jak rozja\u015bni\u0107 ciemny pok\u00f3j dziecka? W ciemnym pokoju dziecka zastosuj lampki na biurko, lampki nocne, a tak\u017ce wisz\u0105ce lampy z kilkoma \u017ar\u00f3d\u0142ami \u015bwiat\u0142a, doskonale sprawdzi si\u0119 lampa wisz\u0105ca DINO 3xe27 o symbolu MLP4952. <\/strong>Ewentualnie mo\u017cna skorzysta\u0107 z bogatej oferty <a href=\"https:\/\/www.smd-led.pl\/lampy-wiszace-dzieciece\">Lamp wisz\u0105cych dzieci\u0119cych<\/a><strong>. <\/strong>Rozja\u015bnienie ciemnego pokoju dziecka jest wa\u017cne, aby stworzy\u0107 przyjazne i inspiruj\u0105ce otoczenie. Wa\u017cne jest, aby zapewni\u0107 dobrze rozproszone o\u015bwietlenie w pokoju dziecka. Mo\u017cesz zainstalowa\u0107 sufitow\u0105 lamp\u0119 z jasnym aba\u017curem lub kinkiet, kt\u00f3ry o\u015bwietli ca\u0142e pomieszczenie. Dodatkowo, lampki nocne lub lampki sto\u0142owe mog\u0105 dostarcza\u0107 punktowego o\u015bwietlenia w wybranych obszarach. Wybierz jasne kolory \u015bcian, takie jak b\u0142\u0119kit, r\u00f3\u017c, \u017c\u00f3\u0142\u0107, jasny zielony lub pastelowe odcienie. Jasne kolory odbijaj\u0105 \u015bwiat\u0142o i dodaj\u0105 pomieszczeniu przestrzeni oraz rado\u015bci. Wybierz jasne meble lub dodatki, takie jak bia\u0142e, drewniane lub kolorowe meble, kt\u00f3re odbijaj\u0105 \u015bwiat\u0142o i dodaj\u0105 przestrzeni. Unikaj ci\u0119\u017ckich, ciemnych mebli, kt\u00f3re mog\u0105 nadawa\u0107 pomieszczeniu mroczny wygl\u0105d. Jak rozja\u015bni\u0107 ciemny pok\u00f3j dziecka? Wykorzystaj naturalne \u015bwiat\u0142o dziennego. Upewnij si\u0119, \u017ce okna s\u0105 odkryte, aby wpuszcza\u0107 jak najwi\u0119cej \u015bwiat\u0142a do pokoju dziecka. Je\u015bli potrzebne s\u0105 zas\u0142ony lub rolety, wybierz takie, kt\u00f3re s\u0105 w jasnych kolorach lub maj\u0105 wzory, kt\u00f3re nadaj\u0105 pomieszczeniu rado\u015b\u0107 i energi\u0119. Uporz\u0105dkowany i schludny pok\u00f3j mo\u017ce wydawa\u0107 si\u0119 ja\u015bniejszy i bardziej przyjazny. Zach\u0119\u0107 dziecko do utrzymania porz\u0105dku, aby unikn\u0105\u0107 efektu zagraconego i przyt\u0142aczaj\u0105cego wn\u0119trza. Pami\u0119taj, \u017ce dzieci maj\u0105 r\u00f3\u017cne upodobania, dlatego wa\u017cne jest uwzgl\u0119dnienie ich preferencji podczas aran\u017cacji pokoju. Staraj si\u0119 tworzy\u0107 przestrze\u0144, kt\u00f3ra jest zar\u00f3wno funkcjonalna, jak i przyjemna dla dziecka.<\/p>\n<div id=\"attachment_11322\" style=\"width: 2180px\" class=\"wp-caption aligncenter\"><img loading=\"lazy\" decoding=\"async\" aria-describedby=\"caption-attachment-11322\" class=\"wp-image-11322 size-full\" title=\"Jak rozja\u015bni\u0107 ciemny pok\u00f3j dziecka?\" src=\"https:\/\/www.smd-led.pl\/blog\/wp-content\/uploads\/2023\/05\/Jak-rozjasnic-ciemny-pokoj-dziecka.jpg\" alt=\"Jak rozja\u015bni\u0107 ciemny pok\u00f3j dziecka?\" width=\"2170\" height=\"2170\" srcset=\"https:\/\/www.smd-led.pl\/blog\/wp-content\/uploads\/2023\/05\/Jak-rozjasnic-ciemny-pokoj-dziecka.jpg 2170w, https:\/\/www.smd-led.pl\/blog\/wp-content\/uploads\/2023\/05\/Jak-rozjasnic-ciemny-pokoj-dziecka-300x300.jpg 300w, https:\/\/www.smd-led.pl\/blog\/wp-content\/uploads\/2023\/05\/Jak-rozjasnic-ciemny-pokoj-dziecka-1024x1024.jpg 1024w, https:\/\/www.smd-led.pl\/blog\/wp-content\/uploads\/2023\/05\/Jak-rozjasnic-ciemny-pokoj-dziecka-150x150.jpg 150w, https:\/\/www.smd-led.pl\/blog\/wp-content\/uploads\/2023\/05\/Jak-rozjasnic-ciemny-pokoj-dziecka-768x768.jpg 768w, https:\/\/www.smd-led.pl\/blog\/wp-content\/uploads\/2023\/05\/Jak-rozjasnic-ciemny-pokoj-dziecka-1536x1536.jpg 1536w, https:\/\/www.smd-led.pl\/blog\/wp-content\/uploads\/2023\/05\/Jak-rozjasnic-ciemny-pokoj-dziecka-2048x2048.jpg 2048w\" sizes=\"auto, (max-width: 2170px) 100vw, 2170px\" \/><p id=\"caption-attachment-11322\" class=\"wp-caption-text\">Jak rozja\u015bni\u0107 ciemny pok\u00f3j dziecka?<\/p><\/div>\n<div class=\"call-to-action-07\"><div class=\"call-to-action-07__product-box\"><img decoding=\"async\" src=\"https:\/\/www.smd-led.pl\/blog\/wp-content\/uploads\/2023\/12\/lampa-wiszaca-mis-1xe27.jpg\" alt=\"lampa-wiszaca-mis-1xe27\" \/><span class=\"call-to-action-07__product-title\">Lampy wisz\u0105ce dzieci\u0119ce<\/span><a href=\"https:\/\/www.smd-led.pl\/lampy-wiszace-dzieciece\" class=\"button\" id=\"lampy_dziecko_kategorie\" target=\"_self\">Zobacz produkty<\/a><\/div><div class=\"call-to-action-07__product-box\"><img decoding=\"async\" src=\"https:\/\/www.smd-led.pl\/blog\/wp-content\/uploads\/2023\/12\/lampa-sufitowa-star-3xe27.webp\" alt=\"Lampa sufitowa\" \/><span class=\"call-to-action-07__product-title\">Lampa sufitowa<\/span><a href=\"https:\/\/www.smd-led.pl\/lampa-sufitowa\" class=\"button\" id=\"lampy_dziecko_kategorie\" target=\"_self\">Zobacz produkty<\/a><\/div><div class=\"call-to-action-07__product-box\"><img decoding=\"async\" src=\"https:\/\/www.smd-led.pl\/blog\/wp-content\/uploads\/2023\/12\/Projekt-bez-nazwy-10.png\" alt=\"Lampka biurkowa dla dzieci\" \/><span class=\"call-to-action-07__product-title\">Lampka biurkowa dla dzieci<\/span><a href=\"https:\/\/www.smd-led.pl\/lampka-biurkowa-dla-dzieci\" class=\"button\" id=\"lampy_dziecko_kategorie\" target=\"_self\">Zobacz produkty<\/a><\/div><\/div>\n<h2>Kolory do ciemnych pomieszcze\u0144 co wybra\u0107?<\/h2>\n<p><strong>Kolory do ciemnych pomieszcze\u0144 co wybra\u0107? W ciemnych pomieszczeniach nie sprawdz\u0105 si\u0119 g\u0142\u0119boko nasycone, ci\u0119\u017ckie kolory. Zamiast tego zastosuj biel, szaro\u015b\u0107 lub od 2 lat zyskuj\u0105ce na popularno\u015bci pastele.\u00a0<\/strong>Pomalowanie \u015bcian na jasno mo\u017ce mie\u0107 wiele zalet. Jasne kolory odbijaj\u0105 \u015bwiat\u0142o, co sprawia, \u017ce wn\u0119trze wydaje si\u0119 wi\u0119ksze i przestronniejsze. Nadaj\u0105 pomieszczeniu \u015bwie\u017co\u015bci i czysto\u015bci, jasne kolory kojarz\u0105 si\u0119 z czysto\u015bci\u0105 i higien\u0105, przez co wn\u0119trze wydaje si\u0119 bardziej zadbane i schludne. Pasuj\u0105 do wielu innych kolor\u00f3w, przez co \u0142atwiej jest dobra\u0107 meble i dodatki. Jasne \u015bciany poprawiaj\u0105 nastr\u00f3j i wprowadzaj\u0105 dobre samopoczucie. Kojarz\u0105 si\u0119 z rado\u015bci\u0105, energi\u0105 i optymizmem, co mo\u017ce wp\u0142yn\u0105\u0107 pozytywnie na samopoczucie mieszka\u0144c\u00f3w. Sprawiaj\u0105, \u017ce wn\u0119trze wydaje si\u0119 bardziej eleganckie i nowoczesne. Kolory do ciemnych pomieszcze\u0144 co wybra\u0107? Oczywi\u015bcie, wyb\u00f3r koloru zale\u017cy od indywidualnych preferencji i stylu mieszka\u0144c\u00f3w, jednak jasne kolory maj\u0105 wiele zalet i warto rozwa\u017cy\u0107 ich u\u017cycie w pomieszczeniu.<\/p>\n<div id=\"attachment_11323\" style=\"width: 2180px\" class=\"wp-caption aligncenter\"><img loading=\"lazy\" decoding=\"async\" aria-describedby=\"caption-attachment-11323\" class=\"wp-image-11323 size-full\" title=\"Kolory do ciemnych pomieszcze\u0144 co wybra\u0107? - Jak rozja\u015bni\u0107 salon z ciemnymi meblami\" src=\"https:\/\/www.smd-led.pl\/blog\/wp-content\/uploads\/2023\/05\/Kolory-do-ciemnych-pomieszczen-co-wybrac.jpg\" alt=\"Kolory do ciemnych pomieszcze\u0144 co wybra\u0107? - Jak rozja\u015bni\u0107 salon z ciemnymi meblami\" width=\"2170\" height=\"2170\" srcset=\"https:\/\/www.smd-led.pl\/blog\/wp-content\/uploads\/2023\/05\/Kolory-do-ciemnych-pomieszczen-co-wybrac.jpg 2170w, https:\/\/www.smd-led.pl\/blog\/wp-content\/uploads\/2023\/05\/Kolory-do-ciemnych-pomieszczen-co-wybrac-300x300.jpg 300w, https:\/\/www.smd-led.pl\/blog\/wp-content\/uploads\/2023\/05\/Kolory-do-ciemnych-pomieszczen-co-wybrac-1024x1024.jpg 1024w, https:\/\/www.smd-led.pl\/blog\/wp-content\/uploads\/2023\/05\/Kolory-do-ciemnych-pomieszczen-co-wybrac-150x150.jpg 150w, https:\/\/www.smd-led.pl\/blog\/wp-content\/uploads\/2023\/05\/Kolory-do-ciemnych-pomieszczen-co-wybrac-768x768.jpg 768w, https:\/\/www.smd-led.pl\/blog\/wp-content\/uploads\/2023\/05\/Kolory-do-ciemnych-pomieszczen-co-wybrac-1536x1536.jpg 1536w, https:\/\/www.smd-led.pl\/blog\/wp-content\/uploads\/2023\/05\/Kolory-do-ciemnych-pomieszczen-co-wybrac-2048x2048.jpg 2048w\" sizes=\"auto, (max-width: 2170px) 100vw, 2170px\" \/><p id=\"caption-attachment-11323\" class=\"wp-caption-text\">Kolory do ciemnych pomieszcze\u0144 co wybra\u0107? &#8211; Jak rozja\u015bni\u0107 salon z ciemnymi meblami<\/p><\/div>\n<h2>Pok\u00f3j od p\u00f3\u0142nocy jakie kolory?<\/h2>\n<p>Pok\u00f3j od strony p\u00f3\u0142nocnej zwykle jest s\u0142abo o\u015bwietlony naturalnym \u015bwiat\u0142em, co oznacza, \u017ce \u200b\u200bwarto wybra\u0107 kolory, kt\u00f3re pomog\u0105 optycznie rozja\u015bni\u0107 wn\u0119trze i wprowadz\u0105 w nie ciep\u0142o. <strong>Pok\u00f3j od p\u00f3\u0142nocy jakie kolory? W pokoju znajduj\u0105cym si\u0119 od p\u00f3\u0142nocy zastosuj jeden z kolor\u00f3w:<\/strong><\/p>\n<ol>\n<li><strong>\u015anie\u017cna biel.<\/strong><\/li>\n<li><strong>Kolor kremowy.<\/strong><\/li>\n<li><strong>Kolor waniliowy.<\/strong><\/li>\n<li><strong>Kolor be\u017cowy.<\/strong><\/li>\n<\/ol>\n<p>Jasne odcienie bieli, takie jak per\u0142owa, ko\u015b\u0107 s\u0142oniowa lub ecru, odbijaj\u0105 \u015bwiat\u0142o, dzi\u0119ki czemu pomieszczenie wydaje si\u0119 wi\u0119ksze i ja\u015bniejsze. Pok\u00f3j od p\u00f3\u0142nocy jakie kolory? Odcienie be\u017cu, takie jak piasek lub jasny br\u0105z, dodaj\u0105 ciep\u0142a i o\u017cywiaj\u0105 pomieszczenie, a jednocze\u015bnie wprowadzaj\u0105 naturalne \u015bwiat\u0142o. Jasne odcienie \u017c\u00f3\u0142ci, takie jak s\u0142oneczny, cytrynowy lub waniliowy, wprowadzaj\u0105 w pomieszczeniu wra\u017cenie ciep\u0142a i o\u017cywiaj\u0105 wn\u0119trze. Pami\u0119taj, \u017ce ostateczny wyb\u00f3r kolor\u00f3w zale\u017cy od indywidualnych preferencji, stylu aran\u017cacji, wielko\u015bci i kszta\u0142tu pomieszczenia oraz ilo\u015bci naturalnego \u015bwiat\u0142a. Zawsze warto wypr\u00f3bowa\u0107 kilka kolor\u00f3w na pr\u00f3bnikach i obejrze\u0107, jak wygl\u0105daj\u0105 w r\u00f3\u017cnych warunkach o\u015bwietleniowych w danym pomieszczeniu.<\/p>\n<div id=\"attachment_11324\" style=\"width: 2180px\" class=\"wp-caption aligncenter\"><img loading=\"lazy\" decoding=\"async\" aria-describedby=\"caption-attachment-11324\" class=\"wp-image-11324 size-full\" title=\"jaki kolor \u015bcian do pokoju od p\u00f3\u0142nocy\" src=\"https:\/\/www.smd-led.pl\/blog\/wp-content\/uploads\/2023\/05\/Pokoj-od-polnocy-jakie-kolory.jpg\" alt=\"jaki kolor \u015bcian do pokoju od p\u00f3\u0142nocy\" width=\"2170\" height=\"2170\" srcset=\"https:\/\/www.smd-led.pl\/blog\/wp-content\/uploads\/2023\/05\/Pokoj-od-polnocy-jakie-kolory.jpg 2170w, https:\/\/www.smd-led.pl\/blog\/wp-content\/uploads\/2023\/05\/Pokoj-od-polnocy-jakie-kolory-300x300.jpg 300w, https:\/\/www.smd-led.pl\/blog\/wp-content\/uploads\/2023\/05\/Pokoj-od-polnocy-jakie-kolory-1024x1024.jpg 1024w, https:\/\/www.smd-led.pl\/blog\/wp-content\/uploads\/2023\/05\/Pokoj-od-polnocy-jakie-kolory-150x150.jpg 150w, https:\/\/www.smd-led.pl\/blog\/wp-content\/uploads\/2023\/05\/Pokoj-od-polnocy-jakie-kolory-768x768.jpg 768w, https:\/\/www.smd-led.pl\/blog\/wp-content\/uploads\/2023\/05\/Pokoj-od-polnocy-jakie-kolory-1536x1536.jpg 1536w, https:\/\/www.smd-led.pl\/blog\/wp-content\/uploads\/2023\/05\/Pokoj-od-polnocy-jakie-kolory-2048x2048.jpg 2048w\" sizes=\"auto, (max-width: 2170px) 100vw, 2170px\" \/><p id=\"caption-attachment-11324\" class=\"wp-caption-text\">jaki kolor \u015bcian do pokoju od p\u00f3\u0142nocy<\/p><\/div>\n<h2>Jakie kolory do ma\u0142ego pokoju?<\/h2>\n<p>Dobieraj\u0105c kolory do ma\u0142ego pokoju, warto wybra\u0107 takie, kt\u00f3re optycznie powi\u0119ksz\u0105 przestrze\u0144 i dodadz\u0105 jej \u015bwiat\u0142a i przytulno\u015bci. <strong>Jakie kolory do ma\u0142ego pokoju? Poni\u017cej znajdziesz kilka sugestii:<\/strong><\/p>\n<ol>\n<li><strong>Biele <\/strong>&#8211; jasne odcienie bieli, takie jak ko\u015b\u0107 s\u0142oniowa, per\u0142owa czy ecru, optycznie powi\u0119kszaj\u0105 pomieszczenie, odbijaj\u0105 \u015bwiat\u0142o i dodaj\u0105 mu lekko\u015bci.<\/li>\n<li><strong>Pastelowe kolory<\/strong> &#8211; delikatne odcienie r\u00f3\u017cu, mi\u0119ty, b\u0142\u0119kitu lub lawendy, wprowadz\u0105 do pomieszczenia wra\u017cenie \u015bwie\u017co\u015bci i o\u017cywienia, a jednocze\u015bnie optycznie rozja\u015bni\u0105 i otworz\u0105 przestrze\u0144.<\/li>\n<li><strong>Jasne odcienie szaro\u015bci<\/strong> &#8211; takie jak ko\u015b\u0107 s\u0142oniowa, per\u0142owa czy szary b\u0142\u0119kit, s\u0105 bardzo eleganckie i neutralne, a jednocze\u015bnie optycznie powi\u0119ksz\u0105 pomieszczenie.<\/li>\n<li><strong>Kremy i be\u017ce<\/strong> &#8211; ciep\u0142e i przytulne odcienie krem\u00f3w i be\u017cy, optycznie powi\u0119ksz\u0105 pomieszczenie.<\/li>\n<li><strong>Jasne kolory ziemi <\/strong>&#8211; takie jak jasny br\u0105z, orzech lub piasek, s\u0105 bardzo przytulne i naturalne, a jednocze\u015bnie optycznie rozja\u015bni\u0105 pomieszczenie.<\/li>\n<\/ol>\n<div id=\"attachment_11289\" style=\"width: 2180px\" class=\"wp-caption aligncenter\"><a href=\"https:\/\/www.smd-led.pl\/\"><img loading=\"lazy\" decoding=\"async\" aria-describedby=\"caption-attachment-11289\" class=\"wp-image-11289 size-full\" title=\"sklep z o\u015bwietleniem LED - Jak rozja\u015bni\u0107 salon z ciemnymi meblami\" src=\"https:\/\/www.smd-led.pl\/blog\/wp-content\/uploads\/2023\/05\/Jak-rozjasnic-waski-korytarz-1.jpg\" alt=\"sklep z o\u015bwietleniem LED - Jak rozja\u015bni\u0107 salon z ciemnymi meblami\" width=\"2170\" height=\"2170\" srcset=\"https:\/\/www.smd-led.pl\/blog\/wp-content\/uploads\/2023\/05\/Jak-rozjasnic-waski-korytarz-1.jpg 2170w, https:\/\/www.smd-led.pl\/blog\/wp-content\/uploads\/2023\/05\/Jak-rozjasnic-waski-korytarz-1-300x300.jpg 300w, https:\/\/www.smd-led.pl\/blog\/wp-content\/uploads\/2023\/05\/Jak-rozjasnic-waski-korytarz-1-1024x1024.jpg 1024w, https:\/\/www.smd-led.pl\/blog\/wp-content\/uploads\/2023\/05\/Jak-rozjasnic-waski-korytarz-1-150x150.jpg 150w, https:\/\/www.smd-led.pl\/blog\/wp-content\/uploads\/2023\/05\/Jak-rozjasnic-waski-korytarz-1-768x768.jpg 768w, https:\/\/www.smd-led.pl\/blog\/wp-content\/uploads\/2023\/05\/Jak-rozjasnic-waski-korytarz-1-1536x1536.jpg 1536w, https:\/\/www.smd-led.pl\/blog\/wp-content\/uploads\/2023\/05\/Jak-rozjasnic-waski-korytarz-1-2048x2048.jpg 2048w\" sizes=\"auto, (max-width: 2170px) 100vw, 2170px\" \/><\/a><p id=\"caption-attachment-11289\" class=\"wp-caption-text\">sklep z o\u015bwietleniem LED &#8211; Jak rozja\u015bni\u0107 salon z ciemnymi meblami<\/p><\/div>\n<p>Jakie kolory do ma\u0142ego pokoju wybra\u0107? Ostateczny wyb\u00f3r kolor\u00f3w zale\u017cy od stylu aran\u017cacji i indywidualnych preferencji. Wa\u017cne jest r\u00f3wnie\u017c, aby wypr\u00f3bowa\u0107 kilka kolor\u00f3w na pr\u00f3bnikach i obejrze\u0107, jak wygl\u0105daj\u0105 w r\u00f3\u017cnych warunkach o\u015bwietleniowych w danym pomieszczeniu. Kolory \u015bcian te\u017c maj\u0105 wp\u0142yw na nasz nastr\u00f3j jaki mamy w obecnej chwili znajduj\u0105c si\u0119 w danym pomieszczeniu.<\/p>\n<p><strong>Niebieski<\/strong>: \u015aciany w kolorze niebieskim mog\u0105 dzia\u0142a\u0107 uspokajaj\u0105co i relaksuj\u0105co. Ten kolor jest cz\u0119sto kojarzony z spokojem, harmoni\u0105 i intelektem. Jest idealny do sypialni lub miejsc, gdzie chcemy stworzy\u0107 atmosfer\u0119 relaksu.<\/p>\n<p><strong>Zielony:<\/strong> Kolor zielony jest kojarzony z natur\u0105, \u015bwie\u017co\u015bci\u0105 i r\u00f3wnowag\u0105. \u015aciany w tym kolorze mog\u0105 wp\u0142ywa\u0107 na nasze samopoczucie, przynosz\u0105c uczucie harmonii i spokoju. Zielony jest idealny do sypialni, salon\u00f3w czy miejsc, gdzie chcemy czu\u0107 si\u0119 zrelaksowani.<\/p>\n<p><strong>\u017b\u00f3\u0142ty:<\/strong> \u015aciany w kolorze \u017c\u00f3\u0142tym mog\u0105 doda\u0107 energii i optymizmu do pomieszczenia. Ten jasny, radosny kolor mo\u017ce poprawi\u0107 nastr\u00f3j i pobudzi\u0107 nasz\u0105 kreatywno\u015b\u0107. \u017b\u00f3\u0142ty jest szczeg\u00f3lnie odpowiedni w miejscach, gdzie chcemy mie\u0107 pozytywne i pe\u0142ne energii \u015brodowisko, jak np. kuchnia czy pok\u00f3j dzieci\u0119cy.<\/p>\n<p><strong>Czerwony:<\/strong> Czerwony jest intensywnym kolorem, kt\u00f3ry mo\u017ce wp\u0142ywa\u0107 na nasz\u0105 energi\u0119 i pobudza\u0107 zmys\u0142y. \u015aciany w tym kolorze mog\u0105 wywo\u0142ywa\u0107 emocje, takie jak pasja i entuzjazm. Jednak nale\u017cy zachowa\u0107 ostro\u017cno\u015b\u0107 przy u\u017cywaniu czerwieni, poniewa\u017c mo\u017ce by\u0107 zbyt przyt\u0142aczaj\u0105cy w wi\u0119kszych ilo\u015bciach. Dobrze sprawdza si\u0119 w akcentach lub w ma\u0142ych pomieszczeniach.<\/p>\n<p><strong>Bia\u0142y:<\/strong> Bia\u0142y jest neutralnym kolorem, kt\u00f3ry odbija \u015bwiat\u0142o i tworzy wra\u017cenie przestronno\u015bci. \u015aciany w tym kolorze nadaj\u0105 si\u0119 do wi\u0119kszo\u015bci pomieszcze\u0144 i pozwalaj\u0105 na \u0142atwe dopasowanie dodatk\u00f3w. Bia\u0142y mo\u017ce tak\u017ce dawa\u0107 uczucie czysto\u015bci i spokoju.<\/p>\n<p>Pami\u0119taj, \u017ce preferencje co do kolor\u00f3w mog\u0105 si\u0119 r\u00f3\u017cni\u0107, dlatego wa\u017cne jest, aby wybra\u0107 takie, kt\u00f3re najbardziej odpowiadaj\u0105 twojemu gustowi i zamierzeniom dla danego pomieszczenia. Podczas wybierania kolor\u00f3w \u015bcian warto uwa\u017ca\u0107, aby nie przesadzi\u0107 i zachowa\u0107 r\u00f3wnowag\u0119. Oto kilka kolor\u00f3w, z kt\u00f3rymi warto by\u0107 ostro\u017cnym:<\/p>\n<p><strong>Czarny:<\/strong> \u015aciany w kolorze czarnym mog\u0105 by\u0107 przyt\u0142aczaj\u0105ce i sprawi\u0107, \u017ce pomieszczenie wyda si\u0119 mniejsze. Czarny jest zwykle u\u017cywany jako akcent lub w mniejszych ilo\u015bciach, aby nie przyt\u0142oczy\u0107 przestrzeni.<\/p>\n<p><strong>Intensywne kolory neonowe:<\/strong> Kolory takie jak jaskrawa ziele\u0144, neonowy r\u00f3\u017c czy intensywna pomara\u0144cz mog\u0105 by\u0107 przyt\u0142aczaj\u0105ce i m\u0119cz\u0105ce dla oczu, szczeg\u00f3lnie gdy s\u0105 stosowane na wi\u0119kszych powierzchniach. Warto rozwa\u017cy\u0107 ich u\u017cycie jako akcenty lub w mniejszych ilo\u015bciach.<\/p>\n<p><strong>Kontrastowe po\u0142\u0105czenia:<\/strong> Zbyt du\u017ce kontrasty mi\u0119dzy kolorami \u015bcian mog\u0105 wprowadza\u0107 chaos w pomieszczeniu i zak\u0142\u00f3ca\u0107 harmoni\u0119. Nale\u017cy dobrze zastanowi\u0107 si\u0119 nad dobraniem kolor\u00f3w, aby zachowa\u0107 sp\u00f3jno\u015b\u0107 i r\u00f3wnowag\u0119 wizualn\u0105.<\/p>\n<p><strong>Zbyt jasne kolory:<\/strong> Zbyt jasne kolory, takie jak czysta biel lub jasne odcienie \u017c\u00f3\u0142tego, mog\u0105 odbija\u0107 du\u017co \u015bwiat\u0142a i prowadzi\u0107 do odczuwania nadmiernego blasku. Mog\u0105 tak\u017ce sprawia\u0107 wra\u017cenie ch\u0142odzenia pomieszczenia. Warto rozwa\u017cy\u0107 u\u017cycie delikatniejszych odcieni lub dodanie innych kolor\u00f3w dla z\u0142agodzenia efektu.<\/p>\n<p>Wa\u017cne jest, aby dobiera\u0107 kolory \u015bcian zgodnie z w\u0142asnymi preferencjami, stylami i funkcjonalno\u015bci\u0105 danego pomieszczenia. Przy wyborze kolor\u00f3w warto tak\u017ce wzi\u0105\u0107 pod uwag\u0119 o\u015bwietlenie w pomieszczeniu, aby upewni\u0107 si\u0119, \u017ce kolory b\u0119d\u0105 wygl\u0105da\u0107 tak, jak si\u0119 tego oczekuje.<\/p>\n<div id=\"attachment_11325\" style=\"width: 2180px\" class=\"wp-caption aligncenter\"><img loading=\"lazy\" decoding=\"async\" aria-describedby=\"caption-attachment-11325\" class=\"wp-image-11325 size-full\" title=\"jakie kolory do ma\u0142ego pokoju?\" src=\"https:\/\/www.smd-led.pl\/blog\/wp-content\/uploads\/2023\/05\/Jakie-kolory-do-malego-pokoju.jpg\" alt=\"jakie kolory do ma\u0142ego pokoju?\" width=\"2170\" height=\"2170\" srcset=\"https:\/\/www.smd-led.pl\/blog\/wp-content\/uploads\/2023\/05\/Jakie-kolory-do-malego-pokoju.jpg 2170w, https:\/\/www.smd-led.pl\/blog\/wp-content\/uploads\/2023\/05\/Jakie-kolory-do-malego-pokoju-300x300.jpg 300w, https:\/\/www.smd-led.pl\/blog\/wp-content\/uploads\/2023\/05\/Jakie-kolory-do-malego-pokoju-1024x1024.jpg 1024w, https:\/\/www.smd-led.pl\/blog\/wp-content\/uploads\/2023\/05\/Jakie-kolory-do-malego-pokoju-150x150.jpg 150w, https:\/\/www.smd-led.pl\/blog\/wp-content\/uploads\/2023\/05\/Jakie-kolory-do-malego-pokoju-768x768.jpg 768w, https:\/\/www.smd-led.pl\/blog\/wp-content\/uploads\/2023\/05\/Jakie-kolory-do-malego-pokoju-1536x1536.jpg 1536w, https:\/\/www.smd-led.pl\/blog\/wp-content\/uploads\/2023\/05\/Jakie-kolory-do-malego-pokoju-2048x2048.jpg 2048w\" sizes=\"auto, (max-width: 2170px) 100vw, 2170px\" \/><p id=\"caption-attachment-11325\" class=\"wp-caption-text\">jakie kolory do ma\u0142ego pokoju?<\/p><\/div>\n<h2>Czym rozja\u015bni\u0107 pok\u00f3j?<\/h2>\n<p><strong>Czym rozja\u015bni\u0107 pok\u00f3j? Je\u015bli chcesz stworzy\u0107 przejrzysty i jasny pok\u00f3j zastosuj ta\u015bm\u0119 LED z profilem i umie\u015b\u0107 je na \u015bcianach, pod\u0142odze i suficie tworz\u0105c oryginaln\u0105 instalacj\u0119.<\/strong> Pami\u0119taj o mo\u017cliwo\u015bci sterowania o\u015bwietleniem, kt\u00f3ra zapewni jasno\u015b\u0107 jakiej potrzebujesz. Istnieje wiele sposob\u00f3w, aby rozja\u015bni\u0107 pok\u00f3j. Dobrym pomys\u0142em jest te\u017c umieszczenie kilku \u017ar\u00f3de\u0142 \u015bwiat\u0142a w pomieszczeniu, takich jak lampy sto\u0142owe, kinkiet lub \u017cyrandol. Mo\u017cesz r\u00f3wnie\u017c rozwa\u017cy\u0107 zainstalowanie o\u015bwietlenia punktowego, aby podkre\u015bli\u0107 okre\u015blone elementy w pomieszczeniu.\u00a0Jasne kolory, takie jak bia\u0142y, ko\u015b\u0107 s\u0142oniowa, pastelowe odcienie r\u00f3\u017cu, mi\u0119ty czy b\u0142\u0119kitu, odbijaj\u0105 \u015bwiat\u0142o i dodaj\u0105 pomieszczeniu lekko\u015bci. Umieszczenie luster w pomieszczeniu pozwala na odbicie \u015bwiat\u0142a, co sprawia, \u017ce pok\u00f3j wydaje si\u0119 wi\u0119kszy i bardziej o\u015bwietlony. Czym rozja\u015bni\u0107 pok\u00f3j? Meble w jasnych kolorach, takich jak bia\u0142y lub jasnoszary, optycznie powi\u0119kszaj\u0105 przestrze\u0144 i dodaj\u0105 jej lekko\u015bci.\u00a0Zbyt wiele mebli lub element\u00f3w dekoracyjnych w pomieszczeniu mo\u017ce sprawi\u0107, \u017ce wyda si\u0119 ono ciemne i przyt\u0142aczaj\u0105ce. Minimalizacja pomaga w takiej sytuacji, aby przestrze\u0144 by\u0142a bardziej przejrzysta i o\u015bwietlona.<\/p>\n<div id=\"attachment_11326\" style=\"width: 2180px\" class=\"wp-caption aligncenter\"><img loading=\"lazy\" decoding=\"async\" aria-describedby=\"caption-attachment-11326\" class=\"wp-image-11326 size-full\" title=\"Jak rozja\u015bni\u0107 salon z ciemnymi meblami\" src=\"https:\/\/www.smd-led.pl\/blog\/wp-content\/uploads\/2023\/05\/Czym-rozjasnic-pokoj.jpg\" alt=\"Jak rozja\u015bni\u0107 salon z ciemnymi meblami\" width=\"2170\" height=\"2170\" srcset=\"https:\/\/www.smd-led.pl\/blog\/wp-content\/uploads\/2023\/05\/Czym-rozjasnic-pokoj.jpg 2170w, https:\/\/www.smd-led.pl\/blog\/wp-content\/uploads\/2023\/05\/Czym-rozjasnic-pokoj-300x300.jpg 300w, https:\/\/www.smd-led.pl\/blog\/wp-content\/uploads\/2023\/05\/Czym-rozjasnic-pokoj-1024x1024.jpg 1024w, https:\/\/www.smd-led.pl\/blog\/wp-content\/uploads\/2023\/05\/Czym-rozjasnic-pokoj-150x150.jpg 150w, https:\/\/www.smd-led.pl\/blog\/wp-content\/uploads\/2023\/05\/Czym-rozjasnic-pokoj-768x768.jpg 768w, https:\/\/www.smd-led.pl\/blog\/wp-content\/uploads\/2023\/05\/Czym-rozjasnic-pokoj-1536x1536.jpg 1536w, https:\/\/www.smd-led.pl\/blog\/wp-content\/uploads\/2023\/05\/Czym-rozjasnic-pokoj-2048x2048.jpg 2048w\" sizes=\"auto, (max-width: 2170px) 100vw, 2170px\" \/><p id=\"caption-attachment-11326\" class=\"wp-caption-text\">Czym rozja\u015bni\u0107 pok\u00f3j? Jak rozja\u015bni\u0107 salon z ciemnymi meblami<\/p><\/div>\n","protected":false},"excerpt":{"rendered":"<p>Ciemne meble s\u0105 niezmiennie modne. Zaaran\u017cowanie salonu z ciemnymi meblami nie jest proste. Musimy dobra\u0107 [&hellip;]<\/p>\n","protected":false},"author":7,"featured_media":11343,"comment_status":"closed","ping_status":"closed","sticky":false,"template":"","format":"standard","meta":{"inline_featured_image":false,"footnotes":""},"categories":[52,31,34],"tags":[],"class_list":["post-11184","post","type-post","status-publish","format-standard","has-post-thumbnail","hentry","category-energooszczedny-dom","category-oswietlenie-dla-domu","category-poradnik-led"],"acf":[],"yoast_head":"<!-- This site is optimized with the Yoast SEO Premium plugin v26.8 (Yoast SEO v26.8) - https:\/\/yoast.com\/product\/yoast-seo-premium-wordpress\/ -->\n<title>Jak rozja\u015bni\u0107 salon z ciemnymi meblami - SMD-LED<\/title>\n<meta name=\"description\" content=\"5 b\u0142\u0119d\u00f3w kt\u00f3re pope\u0142niamy przy rozja\u015bnieniu salonu z ciemnymi meblami. Jak rozja\u015bni\u0107 salon z ciemnymi meblami? Czego unika\u0107 to mo\u017ce Ci\u0119 zaskoczy\u0107.\" \/>\n<meta name=\"robots\" content=\"index, follow, max-snippet:-1, max-image-preview:large, max-video-preview:-1\" \/>\n<link rel=\"canonical\" href=\"https:\/\/www.smd-led.pl\/blog\/jak-rozjasnic-salon-z-ciemnymi-meblami\/\" \/>\n<meta property=\"og:locale\" content=\"pl_PL\" \/>\n<meta property=\"og:type\" content=\"article\" \/>\n<meta property=\"og:title\" content=\"Jak rozja\u015bni\u0107 salon z ciemnymi meblami\" \/>\n<meta property=\"og:description\" content=\"5 b\u0142\u0119d\u00f3w kt\u00f3re pope\u0142niamy przy rozja\u015bnieniu salonu z ciemnymi meblami. Jak rozja\u015bni\u0107 salon z ciemnymi meblami? Czego unika\u0107 to mo\u017ce Ci\u0119 zaskoczy\u0107.\" \/>\n<meta property=\"og:url\" content=\"https:\/\/www.smd-led.pl\/blog\/jak-rozjasnic-salon-z-ciemnymi-meblami\/\" \/>\n<meta property=\"og:site_name\" content=\"SMD-LED\" \/>\n<meta property=\"article:published_time\" content=\"2023-05-19T10:05:19+00:00\" \/>\n<meta property=\"article:modified_time\" content=\"2023-12-07T10:39:30+00:00\" \/>\n<meta property=\"og:image\" content=\"https:\/\/www.smd-led.pl\/blog\/wp-content\/uploads\/2023\/05\/7.jpg\" \/>\n\t<meta property=\"og:image:width\" content=\"768\" \/>\n\t<meta property=\"og:image:height\" content=\"502\" \/>\n\t<meta property=\"og:image:type\" content=\"image\/jpeg\" \/>\n<meta name=\"author\" content=\"Marcin Pietrasik\" \/>\n<meta name=\"twitter:card\" content=\"summary_large_image\" \/>\n<meta name=\"twitter:label1\" content=\"Napisane przez\" \/>\n\t<meta name=\"twitter:data1\" content=\"Marcin Pietrasik\" \/>\n\t<meta name=\"twitter:label2\" content=\"Szacowany czas czytania\" \/>\n\t<meta name=\"twitter:data2\" content=\"53 minuty\" \/>\n<script type=\"application\/ld+json\" class=\"yoast-schema-graph\">{\"@context\":\"https:\/\/schema.org\",\"@graph\":[{\"@type\":\"Article\",\"@id\":\"https:\/\/www.smd-led.pl\/blog\/jak-rozjasnic-salon-z-ciemnymi-meblami\/#article\",\"isPartOf\":{\"@id\":\"https:\/\/www.smd-led.pl\/blog\/jak-rozjasnic-salon-z-ciemnymi-meblami\/\"},\"author\":{\"name\":\"Marcin Pietrasik\",\"@id\":\"https:\/\/www.smd-led.pl\/blog\/#\/schema\/person\/887fa24be503d7ae726f67021d1623f5\"},\"headline\":\"Jak rozja\u015bni\u0107 salon z ciemnymi meblami\",\"datePublished\":\"2023-05-19T10:05:19+00:00\",\"dateModified\":\"2023-12-07T10:39:30+00:00\",\"mainEntityOfPage\":{\"@id\":\"https:\/\/www.smd-led.pl\/blog\/jak-rozjasnic-salon-z-ciemnymi-meblami\/\"},\"wordCount\":9835,\"image\":{\"@id\":\"https:\/\/www.smd-led.pl\/blog\/jak-rozjasnic-salon-z-ciemnymi-meblami\/#primaryimage\"},\"thumbnailUrl\":\"https:\/\/www.smd-led.pl\/blog\/wp-content\/uploads\/2023\/05\/7.jpg\",\"articleSection\":[\"Energooszcz\u0119dny dom\",\"O\u015bwietlenie dla domu\",\"Poradnik LED\"],\"inLanguage\":\"pl-PL\"},{\"@type\":\"WebPage\",\"@id\":\"https:\/\/www.smd-led.pl\/blog\/jak-rozjasnic-salon-z-ciemnymi-meblami\/\",\"url\":\"https:\/\/www.smd-led.pl\/blog\/jak-rozjasnic-salon-z-ciemnymi-meblami\/\",\"name\":\"Jak rozja\u015bni\u0107 salon z ciemnymi meblami - SMD-LED\",\"isPartOf\":{\"@id\":\"https:\/\/www.smd-led.pl\/blog\/#website\"},\"primaryImageOfPage\":{\"@id\":\"https:\/\/www.smd-led.pl\/blog\/jak-rozjasnic-salon-z-ciemnymi-meblami\/#primaryimage\"},\"image\":{\"@id\":\"https:\/\/www.smd-led.pl\/blog\/jak-rozjasnic-salon-z-ciemnymi-meblami\/#primaryimage\"},\"thumbnailUrl\":\"https:\/\/www.smd-led.pl\/blog\/wp-content\/uploads\/2023\/05\/7.jpg\",\"datePublished\":\"2023-05-19T10:05:19+00:00\",\"dateModified\":\"2023-12-07T10:39:30+00:00\",\"author\":{\"@id\":\"https:\/\/www.smd-led.pl\/blog\/#\/schema\/person\/887fa24be503d7ae726f67021d1623f5\"},\"description\":\"5 b\u0142\u0119d\u00f3w kt\u00f3re pope\u0142niamy przy rozja\u015bnieniu salonu z ciemnymi meblami. Jak rozja\u015bni\u0107 salon z ciemnymi meblami? Czego unika\u0107 to mo\u017ce Ci\u0119 zaskoczy\u0107.\",\"breadcrumb\":{\"@id\":\"https:\/\/www.smd-led.pl\/blog\/jak-rozjasnic-salon-z-ciemnymi-meblami\/#breadcrumb\"},\"inLanguage\":\"pl-PL\",\"potentialAction\":[{\"@type\":\"ReadAction\",\"target\":[\"https:\/\/www.smd-led.pl\/blog\/jak-rozjasnic-salon-z-ciemnymi-meblami\/\"]}]},{\"@type\":\"ImageObject\",\"inLanguage\":\"pl-PL\",\"@id\":\"https:\/\/www.smd-led.pl\/blog\/jak-rozjasnic-salon-z-ciemnymi-meblami\/#primaryimage\",\"url\":\"https:\/\/www.smd-led.pl\/blog\/wp-content\/uploads\/2023\/05\/7.jpg\",\"contentUrl\":\"https:\/\/www.smd-led.pl\/blog\/wp-content\/uploads\/2023\/05\/7.jpg\",\"width\":768,\"height\":502,\"caption\":\"Jak rozja\u015bni\u0107 salon z ciemnymi meblami\"},{\"@type\":\"BreadcrumbList\",\"@id\":\"https:\/\/www.smd-led.pl\/blog\/jak-rozjasnic-salon-z-ciemnymi-meblami\/#breadcrumb\",\"itemListElement\":[{\"@type\":\"ListItem\",\"position\":1,\"name\":\"Strona g\u0142\u00f3wna\",\"item\":\"https:\/\/www.smd-led.pl\/blog\/\"},{\"@type\":\"ListItem\",\"position\":2,\"name\":\"Jak rozja\u015bni\u0107 salon z ciemnymi meblami\"}]},{\"@type\":\"WebSite\",\"@id\":\"https:\/\/www.smd-led.pl\/blog\/#website\",\"url\":\"https:\/\/www.smd-led.pl\/blog\/\",\"name\":\"SMD-LED\",\"description\":\"O\u015bwietlenie Led do domu i przemys\u0142u porady, testy i opinie ekspert\u00f3w\",\"potentialAction\":[{\"@type\":\"SearchAction\",\"target\":{\"@type\":\"EntryPoint\",\"urlTemplate\":\"https:\/\/www.smd-led.pl\/blog\/?s={search_term_string}\"},\"query-input\":{\"@type\":\"PropertyValueSpecification\",\"valueRequired\":true,\"valueName\":\"search_term_string\"}}],\"inLanguage\":\"pl-PL\"},{\"@type\":\"Person\",\"@id\":\"https:\/\/www.smd-led.pl\/blog\/#\/schema\/person\/887fa24be503d7ae726f67021d1623f5\",\"name\":\"Marcin Pietrasik\",\"image\":{\"@type\":\"ImageObject\",\"inLanguage\":\"pl-PL\",\"@id\":\"https:\/\/www.smd-led.pl\/blog\/#\/schema\/person\/image\/\",\"url\":\"https:\/\/secure.gravatar.com\/avatar\/c886f4ccbb5c83b665ee8b66f0b3401128439bc832dca6389b6e67c6bdc3d38b?s=96&d=mm&r=g\",\"contentUrl\":\"https:\/\/secure.gravatar.com\/avatar\/c886f4ccbb5c83b665ee8b66f0b3401128439bc832dca6389b6e67c6bdc3d38b?s=96&d=mm&r=g\",\"caption\":\"Marcin Pietrasik\"},\"url\":\"https:\/\/www.smd-led.pl\/blog\/author\/mpietrasik\/\"}]}<\/script>\n<!-- \/ Yoast SEO Premium plugin. -->","yoast_head_json":{"title":"Jak rozja\u015bni\u0107 salon z ciemnymi meblami - SMD-LED","description":"5 b\u0142\u0119d\u00f3w kt\u00f3re pope\u0142niamy przy rozja\u015bnieniu salonu z ciemnymi meblami. Jak rozja\u015bni\u0107 salon z ciemnymi meblami? Czego unika\u0107 to mo\u017ce Ci\u0119 zaskoczy\u0107.","robots":{"index":"index","follow":"follow","max-snippet":"max-snippet:-1","max-image-preview":"max-image-preview:large","max-video-preview":"max-video-preview:-1"},"canonical":"https:\/\/www.smd-led.pl\/blog\/jak-rozjasnic-salon-z-ciemnymi-meblami\/","og_locale":"pl_PL","og_type":"article","og_title":"Jak rozja\u015bni\u0107 salon z ciemnymi meblami","og_description":"5 b\u0142\u0119d\u00f3w kt\u00f3re pope\u0142niamy przy rozja\u015bnieniu salonu z ciemnymi meblami. Jak rozja\u015bni\u0107 salon z ciemnymi meblami? Czego unika\u0107 to mo\u017ce Ci\u0119 zaskoczy\u0107.","og_url":"https:\/\/www.smd-led.pl\/blog\/jak-rozjasnic-salon-z-ciemnymi-meblami\/","og_site_name":"SMD-LED","article_published_time":"2023-05-19T10:05:19+00:00","article_modified_time":"2023-12-07T10:39:30+00:00","og_image":[{"width":768,"height":502,"url":"https:\/\/www.smd-led.pl\/blog\/wp-content\/uploads\/2023\/05\/7.jpg","type":"image\/jpeg"}],"author":"Marcin Pietrasik","twitter_card":"summary_large_image","twitter_misc":{"Napisane przez":"Marcin Pietrasik","Szacowany czas czytania":"53 minuty"},"schema":{"@context":"https:\/\/schema.org","@graph":[{"@type":"Article","@id":"https:\/\/www.smd-led.pl\/blog\/jak-rozjasnic-salon-z-ciemnymi-meblami\/#article","isPartOf":{"@id":"https:\/\/www.smd-led.pl\/blog\/jak-rozjasnic-salon-z-ciemnymi-meblami\/"},"author":{"name":"Marcin Pietrasik","@id":"https:\/\/www.smd-led.pl\/blog\/#\/schema\/person\/887fa24be503d7ae726f67021d1623f5"},"headline":"Jak rozja\u015bni\u0107 salon z ciemnymi meblami","datePublished":"2023-05-19T10:05:19+00:00","dateModified":"2023-12-07T10:39:30+00:00","mainEntityOfPage":{"@id":"https:\/\/www.smd-led.pl\/blog\/jak-rozjasnic-salon-z-ciemnymi-meblami\/"},"wordCount":9835,"image":{"@id":"https:\/\/www.smd-led.pl\/blog\/jak-rozjasnic-salon-z-ciemnymi-meblami\/#primaryimage"},"thumbnailUrl":"https:\/\/www.smd-led.pl\/blog\/wp-content\/uploads\/2023\/05\/7.jpg","articleSection":["Energooszcz\u0119dny dom","O\u015bwietlenie dla domu","Poradnik LED"],"inLanguage":"pl-PL"},{"@type":"WebPage","@id":"https:\/\/www.smd-led.pl\/blog\/jak-rozjasnic-salon-z-ciemnymi-meblami\/","url":"https:\/\/www.smd-led.pl\/blog\/jak-rozjasnic-salon-z-ciemnymi-meblami\/","name":"Jak rozja\u015bni\u0107 salon z ciemnymi meblami - SMD-LED","isPartOf":{"@id":"https:\/\/www.smd-led.pl\/blog\/#website"},"primaryImageOfPage":{"@id":"https:\/\/www.smd-led.pl\/blog\/jak-rozjasnic-salon-z-ciemnymi-meblami\/#primaryimage"},"image":{"@id":"https:\/\/www.smd-led.pl\/blog\/jak-rozjasnic-salon-z-ciemnymi-meblami\/#primaryimage"},"thumbnailUrl":"https:\/\/www.smd-led.pl\/blog\/wp-content\/uploads\/2023\/05\/7.jpg","datePublished":"2023-05-19T10:05:19+00:00","dateModified":"2023-12-07T10:39:30+00:00","author":{"@id":"https:\/\/www.smd-led.pl\/blog\/#\/schema\/person\/887fa24be503d7ae726f67021d1623f5"},"description":"5 b\u0142\u0119d\u00f3w kt\u00f3re pope\u0142niamy przy rozja\u015bnieniu salonu z ciemnymi meblami. Jak rozja\u015bni\u0107 salon z ciemnymi meblami? Czego unika\u0107 to mo\u017ce Ci\u0119 zaskoczy\u0107.","breadcrumb":{"@id":"https:\/\/www.smd-led.pl\/blog\/jak-rozjasnic-salon-z-ciemnymi-meblami\/#breadcrumb"},"inLanguage":"pl-PL","potentialAction":[{"@type":"ReadAction","target":["https:\/\/www.smd-led.pl\/blog\/jak-rozjasnic-salon-z-ciemnymi-meblami\/"]}]},{"@type":"ImageObject","inLanguage":"pl-PL","@id":"https:\/\/www.smd-led.pl\/blog\/jak-rozjasnic-salon-z-ciemnymi-meblami\/#primaryimage","url":"https:\/\/www.smd-led.pl\/blog\/wp-content\/uploads\/2023\/05\/7.jpg","contentUrl":"https:\/\/www.smd-led.pl\/blog\/wp-content\/uploads\/2023\/05\/7.jpg","width":768,"height":502,"caption":"Jak rozja\u015bni\u0107 salon z ciemnymi meblami"},{"@type":"BreadcrumbList","@id":"https:\/\/www.smd-led.pl\/blog\/jak-rozjasnic-salon-z-ciemnymi-meblami\/#breadcrumb","itemListElement":[{"@type":"ListItem","position":1,"name":"Strona g\u0142\u00f3wna","item":"https:\/\/www.smd-led.pl\/blog\/"},{"@type":"ListItem","position":2,"name":"Jak rozja\u015bni\u0107 salon z ciemnymi meblami"}]},{"@type":"WebSite","@id":"https:\/\/www.smd-led.pl\/blog\/#website","url":"https:\/\/www.smd-led.pl\/blog\/","name":"SMD-LED","description":"O\u015bwietlenie Led do domu i przemys\u0142u porady, testy i opinie ekspert\u00f3w","potentialAction":[{"@type":"SearchAction","target":{"@type":"EntryPoint","urlTemplate":"https:\/\/www.smd-led.pl\/blog\/?s={search_term_string}"},"query-input":{"@type":"PropertyValueSpecification","valueRequired":true,"valueName":"search_term_string"}}],"inLanguage":"pl-PL"},{"@type":"Person","@id":"https:\/\/www.smd-led.pl\/blog\/#\/schema\/person\/887fa24be503d7ae726f67021d1623f5","name":"Marcin Pietrasik","image":{"@type":"ImageObject","inLanguage":"pl-PL","@id":"https:\/\/www.smd-led.pl\/blog\/#\/schema\/person\/image\/","url":"https:\/\/secure.gravatar.com\/avatar\/c886f4ccbb5c83b665ee8b66f0b3401128439bc832dca6389b6e67c6bdc3d38b?s=96&d=mm&r=g","contentUrl":"https:\/\/secure.gravatar.com\/avatar\/c886f4ccbb5c83b665ee8b66f0b3401128439bc832dca6389b6e67c6bdc3d38b?s=96&d=mm&r=g","caption":"Marcin Pietrasik"},"url":"https:\/\/www.smd-led.pl\/blog\/author\/mpietrasik\/"}]}},"_links":{"self":[{"href":"https:\/\/www.smd-led.pl\/blog\/wp-json\/wp\/v2\/posts\/11184","targetHints":{"allow":["GET"]}}],"collection":[{"href":"https:\/\/www.smd-led.pl\/blog\/wp-json\/wp\/v2\/posts"}],"about":[{"href":"https:\/\/www.smd-led.pl\/blog\/wp-json\/wp\/v2\/types\/post"}],"author":[{"embeddable":true,"href":"https:\/\/www.smd-led.pl\/blog\/wp-json\/wp\/v2\/users\/7"}],"replies":[{"embeddable":true,"href":"https:\/\/www.smd-led.pl\/blog\/wp-json\/wp\/v2\/comments?post=11184"}],"version-history":[{"count":40,"href":"https:\/\/www.smd-led.pl\/blog\/wp-json\/wp\/v2\/posts\/11184\/revisions"}],"predecessor-version":[{"id":15128,"href":"https:\/\/www.smd-led.pl\/blog\/wp-json\/wp\/v2\/posts\/11184\/revisions\/15128"}],"wp:featuredmedia":[{"embeddable":true,"href":"https:\/\/www.smd-led.pl\/blog\/wp-json\/wp\/v2\/media\/11343"}],"wp:attachment":[{"href":"https:\/\/www.smd-led.pl\/blog\/wp-json\/wp\/v2\/media?parent=11184"}],"wp:term":[{"taxonomy":"category","embeddable":true,"href":"https:\/\/www.smd-led.pl\/blog\/wp-json\/wp\/v2\/categories?post=11184"},{"taxonomy":"post_tag","embeddable":true,"href":"https:\/\/www.smd-led.pl\/blog\/wp-json\/wp\/v2\/tags?post=11184"}],"curies":[{"name":"wp","href":"https:\/\/api.w.org\/{rel}","templated":true}]}}