{"id":11330,"date":"2023-07-24T16:47:24","date_gmt":"2023-07-24T14:47:24","guid":{"rendered":"https:\/\/www.smd-led.pl\/blog\/?p=11330"},"modified":"2024-02-01T10:10:19","modified_gmt":"2024-02-01T09:10:19","slug":"obraz-na-szarej-scianie","status":"publish","type":"post","link":"https:\/\/www.smd-led.pl\/blog\/obraz-na-szarej-scianie\/","title":{"rendered":"Obraz na szarej \u015bcianie"},"content":{"rendered":"<p>&nbsp;<\/p>\n<p>Tw\u00f3j szary salon zas\u0142uguje na odrobin\u0119 magii i osobistego wyrazu. Dlatego te\u017c warto zastanowi\u0107 si\u0119 nad dodaniem obrazu, kt\u00f3ry wzbogaci estetyk\u0119 i stworzy unikaln\u0105 atmosfer\u0119 w twojej przestrzeni.<strong> Obraz do szarego salonu mo\u017ce by\u0107 kluczowym elementem<\/strong>, kt\u00f3ry o\u017cywi wn\u0119trze, nadaj\u0105c mu g\u0142\u0119bi i charakteru. Niezale\u017cnie od twojego stylu czy preferencji, istnieje obraz, kt\u00f3ry doskonale pasuje do twojego szarego salonu. Mo\u017ce to by\u0107 abstrakcja, kt\u00f3ra wniesie nowoczesny i odwa\u017cny akcent, pejza\u017c, kt\u00f3ry przyniesie spok\u00f3j i harmoni\u0119, czy te\u017c motyw kwiatowy, kt\u00f3ry doda delikatno\u015bci i \u015bwie\u017co\u015bci. Mo\u017cliwo\u015bci s\u0105 nieograniczone, a wyb\u00f3r zale\u017cy tylko od twojej wyobra\u017ani. Wa\u017cne jest, aby wybra\u0107 obraz, kt\u00f3ry idealnie komponuje si\u0119 z tonacj\u0105 \u015bcian, meblami i pozosta\u0142ymi elementami wystroju. Mo\u017ce to by\u0107 obraz w stonowanych odcieniach szaro\u015bci, kt\u00f3ry stworzy sp\u00f3jn\u0105 palet\u0119 kolor\u00f3w, albo te\u017c obraz z wyrazistymi kontrastami, kt\u00f3ry stanie si\u0119 centralnym punktem zainteresowania. Pami\u0119taj, \u017ce obraz to nie tylko dekoracja, ale tak\u017ce spos\u00f3b wyra\u017cenia siebie i wprowadzenia w\u0142asnej historii do wn\u0119trza. Wybierz taki, kt\u00f3ry rezonuje z twoim stylem \u017cycia, pasjami i gustem. Niech stanie si\u0119 wyj\u0105tkowym akcentem, kt\u00f3ry przyci\u0105ga uwag\u0119 i inspiruje zar\u00f3wno ciebie, jak i go\u015bci odwiedzaj\u0105cych tw\u00f3j salon. Prze\u017cyj przyjemno\u015b\u0107 odkrywania i wybierania obrazu, kt\u00f3ry najlepiej odzwierciedla to, kim jeste\u015b i jak\u0105 atmosfer\u0119 chcesz stworzy\u0107 w swoim szarym salonie. B\u0105d\u017a odwa\u017cny, eksperymentuj i ciesz si\u0119 pi\u0119knem, kt\u00f3re przywo\u0142uje ka\u017cdy dobrze dobrany obraz do szarego salonu. Obraz na szarej \u015bcianie jak si\u0119 inspirowa\u0107, jaki wybra\u0107 najlepszy obraz na szar\u0105 \u015bcian\u0119 te i inne odpowiedzi mo\u017cesz zobaczy\u0107 w naszym artykule. Obrazy na szarej \u015bcianie to dodatek cz\u0119sto zwany MUST HAVE w naszym mieszkaniu. Dodatek ten idealnie wpasowuje si\u0119 na przyk\u0142ad w styl skandynawski gdzie kolorami dominuj\u0105cymi s\u0105 odcienie szaro\u015bci. Mo\u017cemy sobie zada\u0107 pytanie czym si\u0119 kierowa\u0107 przy zakupie obrazu na szar\u0105 na \u015bcian\u0119, jaki styl obrazu wybra\u0107 czy te\u017c jaki rozmiar obrazu wybra\u0107.<\/p>\n<div id=\"attachment_11361\" style=\"width: 1210px\" class=\"wp-caption aligncenter\"><a href=\"https:\/\/www.smd-led.pl\/lampy-do-salonu\"><img loading=\"lazy\" decoding=\"async\" aria-describedby=\"caption-attachment-11361\" class=\"wp-image-11361 size-full\" title=\"Obraz na szarej \u015bcianie\" src=\"https:\/\/www.smd-led.pl\/blog\/wp-content\/uploads\/2023\/07\/Obraz-na-szarej-scianie.jpg\" alt=\"Obraz na szarej \u015bcianie\" width=\"1200\" height=\"600\" srcset=\"https:\/\/www.smd-led.pl\/blog\/wp-content\/uploads\/2023\/07\/Obraz-na-szarej-scianie.jpg 1200w, https:\/\/www.smd-led.pl\/blog\/wp-content\/uploads\/2023\/07\/Obraz-na-szarej-scianie-300x150.jpg 300w, https:\/\/www.smd-led.pl\/blog\/wp-content\/uploads\/2023\/07\/Obraz-na-szarej-scianie-1024x512.jpg 1024w, https:\/\/www.smd-led.pl\/blog\/wp-content\/uploads\/2023\/07\/Obraz-na-szarej-scianie-768x384.jpg 768w\" sizes=\"auto, (max-width: 1200px) 100vw, 1200px\" \/><\/a><p id=\"caption-attachment-11361\" class=\"wp-caption-text\">Obraz na szarej \u015bcianie<\/p><\/div>\n<p style=\"text-align: center;\"><span style=\"color: #ff0000;\"><strong><span style=\"font-size: 24pt;\">Najcz\u0119\u015bciej wybierane kategorie lamp do o\u015bwietlenia obrazu przez klient\u00f3w: O\u015bwietlenie szynowe, Reflektory punktowe, Kinkiety\u00a0<\/span><\/strong><\/span><\/p>\n<div class=\"call-to-action-07\"><div class=\"call-to-action-07__product-box\"><img decoding=\"async\" src=\"https:\/\/www.smd-led.pl\/blog\/wp-content\/uploads\/2023\/12\/Kopia-Bez-nazwy-9.png\" alt=\"O\u015bwietlenie szynowe\" \/><span class=\"call-to-action-07__product-title\">O\u015bwietlenie szynowe<\/span><a href=\"https:\/\/www.smd-led.pl\/oswietlenie-szynowe\" class=\"button\" id=\"szynoprzewody_reflektory_kinkiety\" target=\"_self\">Zobacz produkty<\/a><\/div><div class=\"call-to-action-07__product-box\"><img decoding=\"async\" src=\"https:\/\/www.smd-led.pl\/blog\/wp-content\/uploads\/2022\/08\/Kopia-Kopia-V-TAC-SWIETLOWKI-I-OPRAWY.jpg\" alt=\"REFLEKTOR NA BAZ\u0118 SUFITOW\u0104 MADARA MINI GU10 - CZARNY\" \/><span class=\"call-to-action-07__product-title\">Reflektor punktowy LED<\/span><a href=\"https:\/\/www.smd-led.pl\/reflektor-punktowy-led\" class=\"button\" id=\"szynoprzewody_reflektory_kinkiety\" target=\"_self\">Zobacz produkty<\/a><\/div><div class=\"call-to-action-07__product-box\"><img decoding=\"async\" src=\"https:\/\/www.smd-led.pl\/blog\/wp-content\/uploads\/2023\/12\/kinkiet-ring-1-szary.jpg\" alt=\"Lampy Kinkiety \u015bcienne LED\" \/><span class=\"call-to-action-07__product-title\">Lampy Kinkiety \u015bcienne LED<\/span><a href=\"https:\/\/www.smd-led.pl\/lampy-kinkiety-scienne-led\" class=\"button\" id=\"szynoprzewody_reflektory_kinkiety\" target=\"_self\">Zobacz produkty<\/a><\/div><\/div>\n<h2>Obraz na szar\u0105 \u015bcian\u0119<\/h2>\n<p>Rozwa\u017casz zakup obrazu do swojego salonu i zastanawiasz si\u0119, jaki wybra\u0107? A mo\u017ce masz na my\u015bli konkretny kolor \u015bciany, na kt\u00f3rej ten obraz zostanie zawieszony? Szary kolor \u015bciany jest jednym z najbardziej uniwersalnych wybor\u00f3w, kt\u00f3ry doskonale komponuje si\u0119 z wieloma rodzajami obraz\u00f3w. W tym wpisie poka\u017cemy Ci, jak wybra\u0107 idealny obraz na szar\u0105 \u015bcian\u0119, kt\u00f3ry przekszta\u0142ci Tw\u00f3j salon w prawdziwe dzie\u0142o sztuki. Pierwsze, co przychodzi na my\u015bl, kiedy my\u015blimy o szarym salonie, to minimalistyczny design, subtelne kolory i prostota form. Szary jest kolorem spokojnym, uniwersalnym i eleganckim. Ale szary salon nie musi by\u0107 nijaki! W\u0142a\u015bciwie dobrany obraz na szar\u0105 \u015bcian\u0119 mo\u017ce ca\u0142kowicie odmieni\u0107 charakter pomieszczenia i nada\u0107 mu wyj\u0105tkowego charakteru. Pami\u0119taj \u017ce \u015bciany mog\u0105 wyst\u0119powa\u0107 w r\u00f3\u017cnych odcieniach szaro\u015bci. Wybieraj\u0105c obraz do salonu, warto zwr\u00f3ci\u0107 uwag\u0119 na kilka kluczowych aspekt\u00f3w. Przede wszystkim na kolorystyk\u0119 &#8211; idealnie dobrany obraz na szar\u0105 \u015bcian\u0119 powinien tworzy\u0107 harmoni\u0119 z pozosta\u0142ymi elementami wn\u0119trza, ale jednocze\u015bnie stanowi\u0107 wyra\u017any, zauwa\u017calny akcent. Pami\u0119taj, \u017ce szary to kolor neutralny, kt\u00f3ry \u015bwietnie \u0142\u0105czy si\u0119 z wieloma innymi odcieniami. Kolejnym wa\u017cnym aspektem jest styl obrazu. W zale\u017cno\u015bci od charakteru Twojego salonu, mo\u017cesz wybra\u0107 obrazy nowoczesne, obrazy a\u017curowe, abstrakcyjne, klasyczne, realistyczne, a nawet portrety czy pejza\u017ce. Szary salon z obrazami mo\u017ce sta\u0107 si\u0119 miejscem nie tylko eleganckim, ale r\u00f3wnie\u017c pe\u0142nym ciekawych, artystycznych akcent\u00f3w. Pami\u0119taj, \u017ce obrazy na szar\u0105 \u015bcian\u0119 to nie tylko delikatna dekoracja, ale tak\u017ce wyraz Twojego gustu i osobowo\u015bci. Wybieraj\u0105c obraz do salonu, poka\u017cesz swoje zainteresowania, pasje, a mo\u017ce nawet marzenia. Nie b\u00f3j si\u0119 eksperymentowa\u0107 z r\u00f3\u017cnymi rodzajami obraz\u00f3w &#8211; czasem to w\u0142a\u015bnie najbardziej nieoczywiste po\u0142\u0105czenia tworz\u0105 najciekawsze kompozycje. Szary salon z obrazami nabiera zupe\u0142nie nowego wymiaru. Obraz na szarej \u015bcianie o\u017cywia przestrze\u0144, dodaje jej charakteru i sprawia, \u017ce staje si\u0119 ona bardziej atrakcyjna dla oka. To idealne rozwi\u0105zanie dla tych, kt\u00f3rzy pragn\u0105 w prosty spos\u00f3b od\u015bwie\u017cy\u0107 swoje wn\u0119trza i nada\u0107 im niepowtarzalnego charakteru poprzez dodanie ciekawych motyw\u00f3w. Wiemy, \u017ce wyb\u00f3r obraz\u00f3w do salonu to nie lada wyzwanie. W ko\u0144cu to one w du\u017cej mierze decyduj\u0105 o tym, jak b\u0119dzie wygl\u0105da\u0142o nasze wn\u0119trze. Ale pami\u0119taj &#8211; obraz na szar\u0105 \u015bcian\u0119 to co\u015b wi\u0119cej ni\u017c tylko dekoracja. To wyraz Twojego stylu, Twojej osobowo\u015bci, Twojego spojrzenia na \u015bwiat. Idealnym rozwi\u0105zaniem aby o\u015bwietli\u0107 obraz na szarej \u015bcianie w jedynym stylu jest to <a href=\"https:\/\/www.smd-led.pl\/kinkiet-szary-skandynawski\">kinkiet szary skandynawski<\/a> kt\u00f3ry cechuj\u0119 si\u0119 neutralnym szarym kolorem w takim wypadku zyskuj\u0119 sp\u00f3jno\u015b\u0107 w aran\u017cacji.<\/p>\n<div id=\"attachment_11362\" style=\"width: 1210px\" class=\"wp-caption aligncenter\"><img loading=\"lazy\" decoding=\"async\" aria-describedby=\"caption-attachment-11362\" class=\"size-full wp-image-11362\" src=\"https:\/\/www.smd-led.pl\/blog\/wp-content\/uploads\/2023\/07\/Obraz-na-szara-sciane-1.jpg\" alt=\"Obraz na szar\u0105 \u015bcian\u0119\" width=\"1200\" height=\"600\" srcset=\"https:\/\/www.smd-led.pl\/blog\/wp-content\/uploads\/2023\/07\/Obraz-na-szara-sciane-1.jpg 1200w, https:\/\/www.smd-led.pl\/blog\/wp-content\/uploads\/2023\/07\/Obraz-na-szara-sciane-1-300x150.jpg 300w, https:\/\/www.smd-led.pl\/blog\/wp-content\/uploads\/2023\/07\/Obraz-na-szara-sciane-1-1024x512.jpg 1024w, https:\/\/www.smd-led.pl\/blog\/wp-content\/uploads\/2023\/07\/Obraz-na-szara-sciane-1-768x384.jpg 768w\" sizes=\"auto, (max-width: 1200px) 100vw, 1200px\" \/><p id=\"caption-attachment-11362\" class=\"wp-caption-text\">Obraz na szar\u0105 \u015bcian\u0119<\/p><\/div>\n<p data-pm-slice=\"1 1 []\"><div class=\"call-to-action-07\"><div class=\"call-to-action-07__product-box\"><img decoding=\"async\" src=\"https:\/\/www.smd-led.pl\/blog\/wp-content\/uploads\/2023\/07\/Tasma-Led-24V-Cob-11W-480Led-Ip20-4000-100K-100LmW-Ra-90-1M-8Mm.jpg\" alt=\"Ta\u015bma Led 24V Cob 11W 480Led Ip20 4000 +-100K 100LmW Ra 90 1M 8Mm\" \/><span class=\"call-to-action-07__product-title\">Ta\u015bma Led 24V Cob 11W 480Led Ip20 4000 +-100K 100LmW Ra 90 1M 8Mm<\/span><a href=\"https:\/\/www.smd-led.pl\/tasma-led-cob\" class=\"button\" id=\"zestaw_cob\" target=\"_self\">zobacz produkt<\/a><\/div><div class=\"call-to-action-07__product-box\"><img decoding=\"async\" src=\"https:\/\/www.smd-led.pl\/blog\/wp-content\/uploads\/2023\/07\/zestaw-pilot-sterownik-mono-12v-24vdc-12a-fut036sa.jpg\" alt=\"ZESTAW PILOT + STEROWNIK MONO 12V-24VDC 12A FUT036SA\" \/><span class=\"call-to-action-07__product-title\">ZESTAW PILOT + STEROWNIK MONO 12V-24VDC 12A FUT036SA<\/span><a href=\"https:\/\/www.smd-led.pl\/sterownik-led\" class=\"button\" id=\"zestaw_cob\" target=\"_self\">zobacz produkt<\/a><\/div><div class=\"call-to-action-07__product-box\"><img decoding=\"async\" src=\"https:\/\/www.smd-led.pl\/blog\/wp-content\/uploads\/2023\/07\/V-TAC-SWIETLOWKI-I-OPRAWY.png\" alt=\"profile aluminiowe\" \/><span class=\"call-to-action-07__product-title\">Profile aluminiowe<\/span><a href=\"https:\/\/www.smd-led.pl\/profil-aluminiowy-led\" class=\"button\" id=\"zestaw_cob\" target=\"_self\">zobacz wi\u0119cej<\/a><\/div><\/div><\/p>\n<h2>Obraz do szarego pokoju<\/h2>\n<p>Szukasz idealnego obrazu do swojego szarego pokoju? Doskonale trafi\u0142e\u015b! Oto kilka wskaz\u00f3wek, kt\u00f3re pomog\u0105 Ci wybra\u0107 obrazy, kt\u00f3re doskonale wpasuj\u0105 si\u0119 w aran\u017cacj\u0119 Twojego wn\u0119trza, jednocze\u015bnie wprowadzaj\u0105c do niego now\u0105, \u015bwie\u017c\u0105 energi\u0119. Szary jest kolorem uniwersalnym i ponadczasowym. Przez wiele os\u00f3b jest postrzegany jako kolor nijaki i monotonny, ale to nieprawda! Szary to barwa, kt\u00f3ra potrafi stworzy\u0107 t\u0142o dla najr\u00f3\u017cniejszych element\u00f3w dekoracyjnych, w tym r\u00f3wnie\u017c obraz\u00f3w. W\u0142a\u015bciwie dobrany obraz do szarego pokoju mo\u017ce ca\u0142kowicie odmieni\u0107 jego charakter i doda\u0107 mu nowego wymiaru. Je\u015bli chcesz wprowadzi\u0107 do swojego pokoju troch\u0119 nowoczesno\u015bci, pomy\u015bl o wyborze nowoczesnego obrazu. Geometryczne formy, abstrakcyjne motywy, jasne i wyraziste kolory &#8211; takie obrazy doskonale wpisuj\u0105 si\u0119 w estetyk\u0119 minimalistyczn\u0105, loftow\u0105, czy skandynawsk\u0105. Szary kolor \u015bcian stanie si\u0119 dla nich idealnym t\u0142em, kt\u00f3re pozwoli na pe\u0142ne wyeksponowanie ich formy i kolorystyki. Jednak obraz do szarego pokoju to nie tylko kwestia estetyki, ale te\u017c funkcjonalno\u015bci. Obraz powinien pasowa\u0107 do reszty aran\u017cacji, ale jednocze\u015bnie wprowadza\u0107 do niej co\u015b nowego. Obrazy doskonale wp\u0142ywaj\u0105 na nastr\u00f3j wn\u0119trza &#8211; mog\u0105 je o\u017cywi\u0107, doda\u0107 mu elegancji, a nawet wprowadzi\u0107 odrobin\u0119 tajemniczo\u015bci. Dlatego wa\u017cne jest, aby wybra\u0107 obraz, kt\u00f3ry b\u0119dzie nie tylko \u0142adny, ale te\u017c b\u0119dzie w harmonii z reszt\u0105 pokoju. Pami\u0119taj, \u017ce wyb\u00f3r obrazu to te\u017c wyraz Twojego stylu i osobowo\u015bci. Dlatego nie b\u00f3j si\u0119 eksperymentowa\u0107! Szary pok\u00f3j to idealne miejsce na takie eksperymenty, poniewa\u017c jego neutralna kolorystyka pozwala na po\u0142\u0105czenie najr\u00f3\u017cniejszych styl\u00f3w i kolor\u00f3w. Nowoczesny obraz w szarym pokoju to gwarancja stylowej i modnej aran\u017cacji. Niezale\u017cnie od tego, czy preferujesz abstrakcj\u0119, pop art, czy mo\u017ce grafik\u0119, na pewno znajdziesz co\u015b dla siebie. Obrazy na szarej \u015bcianie doskonale podkre\u015bl\u0105 charakter Twojego wn\u0119trza, dodadz\u0105 mu oryginalno\u015bci i uczyni\u0105 go miejscem, kt\u00f3re z przyjemno\u015bci\u0105 b\u0119dziesz chcia\u0142 pokaza\u0107 swoim go\u015bciom. W ofercie naszego sklepu znajdziesz <a href=\"https:\/\/www.smd-led.pl\/kinkiet-szary-skandynawski\">szary kinkiet skandynawski<\/a> kt\u00f3ry idealnie wpisz\u0119 si\u0119 w wystr\u00f3j.<\/p>\n<div id=\"attachment_11364\" style=\"width: 1210px\" class=\"wp-caption aligncenter\"><img loading=\"lazy\" decoding=\"async\" aria-describedby=\"caption-attachment-11364\" class=\"wp-image-11364 size-full\" src=\"https:\/\/www.smd-led.pl\/blog\/wp-content\/uploads\/2023\/07\/Obraz-do-szarego-pokoju.jpg\" alt=\"Obraz do szarego pokoju - Obraz na szarej \u015bcianie\" width=\"1200\" height=\"600\" srcset=\"https:\/\/www.smd-led.pl\/blog\/wp-content\/uploads\/2023\/07\/Obraz-do-szarego-pokoju.jpg 1200w, https:\/\/www.smd-led.pl\/blog\/wp-content\/uploads\/2023\/07\/Obraz-do-szarego-pokoju-300x150.jpg 300w, https:\/\/www.smd-led.pl\/blog\/wp-content\/uploads\/2023\/07\/Obraz-do-szarego-pokoju-1024x512.jpg 1024w, https:\/\/www.smd-led.pl\/blog\/wp-content\/uploads\/2023\/07\/Obraz-do-szarego-pokoju-768x384.jpg 768w\" sizes=\"auto, (max-width: 1200px) 100vw, 1200px\" \/><p id=\"caption-attachment-11364\" class=\"wp-caption-text\">Obraz do szarego pokoju &#8211; Obraz na szarej \u015bcianie<\/p><\/div>\n<h2>Jaki obraz na szarej \u015bcianie<\/h2>\n<p data-pm-slice=\"1 1 []\">Zastanawiasz si\u0119, jaki obraz na szarej \u015bcianie? Wyb\u00f3r idealnego obrazu, kt\u00f3ry nie tylko pasuje do kolorystyki pomieszczenia, ale te\u017c podkre\u015bla jego charakter, mo\u017ce by\u0107 trudny. W tym wpisie podpowiemy Ci, na co zwr\u00f3ci\u0107 uwag\u0119, by obrazy doskonale komponowa\u0142y si\u0119 z aran\u017cacj\u0105 Twojego wn\u0119trza. Szary jest kolorem neutralnym, kt\u00f3ry sprawdza si\u0119 w ka\u017cdym wn\u0119trzu. \u015aciana w kolorach szaro\u015bci to doskona\u0142e t\u0142o dla r\u00f3\u017cnych styl\u00f3w malarstwa, zar\u00f3wno tradycyjnego, jak i nowoczesnego. Je\u015bli preferujesz minimalistyczn\u0105 estetyk\u0119, nowoczesny obraz b\u0119dzie idealnym wyborem. Abstrakcyjne kompozycje, geometryczne formy, czy obrazy o surowym, industrialnym charakterze doskonale uzupe\u0142ni\u0105 wn\u0119trza utrzymane w stylistyce skandynawskiej, loftowej, czy minimalistycznej. Nie b\u00f3j si\u0119 r\u00f3wnie\u017c kolor\u00f3w &#8211; intensywne barwy mog\u0105 o\u017cywi\u0107 szare t\u0142o i sta\u0107 si\u0119 mocnym, efektownym akcentem w pomieszczeniu. Je\u017celi jednak szukasz czego\u015b bardziej klasycznego, propozycja mo\u017ce by\u0107 obraz w stonowanej kolorystyce, np. pejza\u017ce, portrety, czy martwa natura. Taki obraz wprowadzi do wn\u0119trza nut\u0119 elegancji i spokoju. Z drugiej strony, je\u015bli wolisz bardziej odwa\u017cne rozwi\u0105zania, mo\u017cesz zdecydowa\u0107 si\u0119 na malarstwo nowoczesne, kt\u00f3re cz\u0119sto \u0142\u0105czy r\u00f3\u017cne style, techniki i materia\u0142y. W takim przypadku, obraz stanie si\u0119 nie tylko elementem dekoracyjnym, ale te\u017c g\u0142\u00f3wn\u0105 atrakcj\u0105 i punktem zainteresowania w pomieszczeniu. Dob\u00f3r obraz\u00f3w do szarej \u015bciany to nie tylko kwestia gustu, ale tak\u017ce przemy\u015blana decyzja, kt\u00f3ra ma wp\u0142yw na atmosfer\u0119 panuj\u0105c\u0105 w pomieszczeniu. Jaki obraz na szarej \u015bcianie Obrazy doskonale potrafi\u0105 podkre\u015bli\u0107 charakter wn\u0119trza, doda\u0107 mu g\u0142\u0119bi i wyrazisto\u015bci, a tak\u017ce o\u017cywi\u0107 i nada\u0107 mu indywidualnego charakteru. <strong>Pami\u0119taj, \u017ce obrazy na szarej \u015bcianie to nie tylko eleganckie dekoracje<\/strong>, ale te\u017c spos\u00f3b na wyra\u017cenie swojego stylu i osobowo\u015bci. Niezale\u017cnie od tego, czy wybierzesz nowoczesny obraz, czy zdecydujesz si\u0119 na co\u015b bardziej klasycznego, pami\u0119taj, aby by\u0142a to propozycja, kt\u00f3ra odpowiada Twojemu gustowi. Ostatecznie, wyb\u00f3r obrazu do pomieszczenia o szarych \u015bcianach zale\u017cy od Ciebie i Twojego stylu. Niezale\u017cnie od tego, jaki obraz wybierzesz, pami\u0119taj, \u017ce powinien on przede wszystkim przynosi\u0107 Ci rado\u015b\u0107 i sprawia\u0107, \u017ce b\u0119dziesz czu\u0107 si\u0119 dobrze w swoim otoczeniu. Z naszymi propozycjami, z pewno\u015bci\u0105 znajdziesz obraz, kt\u00f3ry doskonale wpasuje si\u0119 w aran\u017cacj\u0119 Twojego wn\u0119trza, tworz\u0105c niepowtarzaln\u0105 atmosfer\u0119.<\/p>\n<div id=\"attachment_11365\" style=\"width: 1210px\" class=\"wp-caption aligncenter\"><img loading=\"lazy\" decoding=\"async\" aria-describedby=\"caption-attachment-11365\" class=\"size-full wp-image-11365\" src=\"https:\/\/www.smd-led.pl\/blog\/wp-content\/uploads\/2023\/07\/Jaki-obraz-na-szarej-scianie.jpg\" alt=\"obraz na szarej \u015bcianie\" width=\"1200\" height=\"600\" srcset=\"https:\/\/www.smd-led.pl\/blog\/wp-content\/uploads\/2023\/07\/Jaki-obraz-na-szarej-scianie.jpg 1200w, https:\/\/www.smd-led.pl\/blog\/wp-content\/uploads\/2023\/07\/Jaki-obraz-na-szarej-scianie-300x150.jpg 300w, https:\/\/www.smd-led.pl\/blog\/wp-content\/uploads\/2023\/07\/Jaki-obraz-na-szarej-scianie-1024x512.jpg 1024w, https:\/\/www.smd-led.pl\/blog\/wp-content\/uploads\/2023\/07\/Jaki-obraz-na-szarej-scianie-768x384.jpg 768w\" sizes=\"auto, (max-width: 1200px) 100vw, 1200px\" \/><p id=\"caption-attachment-11365\" class=\"wp-caption-text\">Obraz na szarej \u015bcianie<\/p><\/div>\n<p style=\"text-align: center;\"><strong>Zobacz r\u00f3wnie\u017c:<\/strong><\/p>\n<style id=\"sp_pcp_dynamic_style17791\">#pcp_wrapper-17791:not(.sps-glossary-layout) .sp-pcp-row,#pcp_wrapper-17791 .sps-glossary-items-group .sps-glossary-items-content {margin-right: -10px;margin-left: -10px;}#pcp_wrapper-17791 .sp-pcp-row [class*='sp-pcp-col-']{padding-right: 10px;padding-left: 10px; padding-bottom:20px;}.pcp-wrapper-17791 .sp-pcp-title a {color: #111;display: inherit;} .pcp-wrapper-17791 .sp-pcp-title a:hover {color: #e1624b;}.pcp-wrapper-17791 .sp-pcp-post-content{color: #444; }#pcp_wrapper-17791 .sp-pcp-post {padding: 0 0 0 0;}#pcp_wrapper-17791.sp-slider_layout .sp-pcp-post .sp-pcp-post-details {top: 0; right:0; bottom:0; left:0;}#pcp_wrapper-17791 .sp-pcp-post {border: 0px solid #e2e2e2; border-radius: 0px }#pcp_wrapper-17791 .sp-pcp-post{background-color: transparent;}#pcp_wrapper-17791 .pcp-post-thumb-wrapper{border: 0px solid #dddddd;border-radius:0px;}.pcp-wrapper-17791 .sp-pcp-post-meta li,.pcp-wrapper-17791 .sp-pcp-post-meta ul,.pcp-wrapper-17791 .sp-pcp-post-meta li a{color: #888;}.pcp-wrapper-17791 .sp-pcp-post-meta li a:hover{color: #e1624b;}#pcp_wrapper-17791 .pcp-readmore-link{ background: transparent; color: #111; border: 1px solid #888; border-radius: 0px; } #pcp_wrapper-17791 .pcp-readmore-link:hover { background-color: #e1624b; color: #fff; border-color: #e1624b; }#pcp_wrapper-17791 .pcp-post-pagination .page-numbers.current, #pcp_wrapper-17791 .pcp-post-pagination a.active , #pcp_wrapper-17791 .pcp-post-pagination a:hover{ color: #ffffff; background: #e1624b; border-color: #e1624b; }#pcp_wrapper-17791 .pcp-post-pagination .page-numbers, .pcp-post-pagination a{ background: #ffffff; color:#5e5e5e; border: 2px solid #bbbbbb;border-radius: 2px; }#pcp_wrapper-17791 .pcp-post-pagination{text-align: left;}@media (min-width: 1200px) {.sp-pcp-row .sp-pcp-col-xl-1 {flex: 0 0 100%;}.sp-pcp-row .sp-pcp-col-xl-2 {flex: 1 1 calc( 50% - 20px);}.sp-pcp-row .sp-pcp-col-xl-3 {flex: 1 1 calc( 33.333% - 20px);}.sp-pcp-row .sp-pcp-col-xl-4 {flex: 1 1 calc( 25% - 20px);}.sp-pcp-row .sp-pcp-col-xl-5 { flex: 1 1 calc( 20% - 20px);}.sp-pcp-row .sp-pcp-col-xl-6 {flex: 1 1 calc( 16.66666666666667% - 20px);}.sp-pcp-row .sp-pcp-col-xl-7 {flex: 1 1 calc( 14.28571428% - 20px);}.sp-pcp-row .sp-pcp-col-xl-8 {flex: 1 1 calc( 12.5% - 20px);}}@media (max-width: 1200px) {.sp-pcp-row .sp-pcp-col-lg-1 {flex: 0 0 100%;}.sp-pcp-row .sp-pcp-col-lg-2 {flex: 1 1 calc( 50% - 20px);}.sp-pcp-row .sp-pcp-col-lg-3 {flex: 1 1 calc( 33.333% - 20px);}.sp-pcp-row .sp-pcp-col-lg-4 {flex: 1 1 calc( 25% - 20px);}.sp-pcp-row .sp-pcp-col-lg-5 { flex: 1 1 calc( 20% - 20px);}.sp-pcp-row .sp-pcp-col-lg-6 {flex: 1 1 calc( 16.66666666666667% - 20px);}.sp-pcp-row .sp-pcp-col-lg-7 {flex: 1 1 calc( 14.28571428% - 20px);}.sp-pcp-row .sp-pcp-col-lg-8 {flex: 1 1 calc( 12.5% - 20px);}}@media (max-width: 992px) {.sp-pcp-row .sp-pcp-col-md-1 {flex: 0 0 100%;}.sp-pcp-row .sp-pcp-col-md-2 {flex: 1 1 calc( 50% - 20px);}.sp-pcp-row .sp-pcp-col-md-2-5 {flex: 0 0 75%;}.sp-pcp-row .sp-pcp-col-md-3 {flex: 1 1 calc( 33.333% - 20px);}.sp-pcp-row .sp-pcp-col-md-4 {flex: 1 1 calc( 25% - 20px);}.sp-pcp-row .sp-pcp-col-md-5 { flex: 1 1 calc( 20% - 20px);}.sp-pcp-row .sp-pcp-col-md-6 {flex: 1 1 calc( 16.66666666666667% - 20px);}.sp-pcp-row .sp-pcp-col-md-7 {flex: 1 1 calc( 14.28571428% - 20px);}.sp-pcp-row .sp-pcp-col-md-8 {flex: 1 1 calc( 12.5% - 20px);}}@media (max-width: 768px) {.sp-pcp-row .sp-pcp-col-sm-1 {flex: 0 0 100%;}.sp-pcp-row .sp-pcp-col-sm-2 {flex: 1 1 calc( 50% - 20px);}.sp-pcp-row .sp-pcp-col-sm-2-5 {flex: 0 0 75%;}.sp-pcp-row .sp-pcp-col-sm-3 {flex: 1 1 calc( 33.333% - 20px);}.sp-pcp-row .sp-pcp-col-sm-4 {flex: 1 1 calc( 25% - 20px);}.sp-pcp-row .sp-pcp-col-sm-5 { flex: 1 1 calc( 20% - 20px);}.sp-pcp-row .sp-pcp-col-sm-6 {flex: 1 1 calc( 16.66666666666667% - 20px);}.sp-pcp-row .sp-pcp-col-sm-7 {flex: 1 1 calc( 14.28571428% - 20px);}.sp-pcp-row .sp-pcp-col-sm-8 {flex: 1 1 calc( 12.5% - 20px);}}@media (max-width: 420px) {.sp-pcp-row .sp-pcp-col-xs-1 {flex: 0 0 100%;}.sp-pcp-row .sp-pcp-col-xs-2 {flex: 1 1 calc( 50% - 20px);}.sp-pcp-row .sp-pcp-col-xs-3 {flex: 1 1 calc( 33.333% - 20px);}.sp-pcp-row .sp-pcp-col-xs-4 {flex: 1 1 calc( 25% - 20px);}.sp-pcp-row .sp-pcp-col-xs-5 { flex: 1 1 calc( 20% - 20px);}.sp-pcp-row .sp-pcp-col-xs-6 {flex: 1 1 calc( 16.66666666666667% - 20px);}.sp-pcp-row .sp-pcp-col-xs-7 {flex: 1 1 calc( 14.28571428% - 20px);}.sp-pcp-row .sp-pcp-col-xs-8 {flex: 1 1 calc( 12.5% - 20px);}}<\/style>\n<div id=\"pcp_wrapper-17791\" class=\"sp-pcp-section sp-pcp-container pcp-wrapper-17791\">\n<div id=\"pcp-preloader\" class=\"pcp-preloader\"><\/div>\n\t\t<div class=\"sp-pcp-row\">\n\t\t\t\t<div class=\" sp-pcp-col-xs-1 sp-pcp-col-sm-2 sp-pcp-col-md-3 sp-pcp-col-lg-4 sp-pcp-col-xl-4\">\n\t\t\t<div class=\"sp-pcp-post default pcp-item-14468\" data-id=\"14468\">\n\t\t\t\t\t\t\t\t<div class=\"pcp-post-thumb-wrapper\">\n\t\t\t\t\t<div class=\"sp-pcp-post-thumb-area\">\n\t\t\t\t\t\t\t\t\t\t\t\t<a class=\"sp-pcp-thumb\" href=\"https:\/\/www.smd-led.pl\/blog\/jaka-barwa-swiatla-do-sypialni-co-wybrac\/\" target=\"_self\" >\n\t\t\t\t\t\t\t\t\t\t\t\t\t<img loading=\"lazy\" decoding=\"async\" src=\"https:\/\/www.smd-led.pl\/blog\/wp-content\/uploads\/2023\/11\/smdled_a_glamorous_style_bedroom_illuminated_with_slightly_blue_c98be2bb-a856-455d-aaaf-9133afda07fd.png\" width=\"1024\" height=\"1024\" alt=\"\">\n\t\t\t\t\t\t<\/a>\n\t\t\t\t\t<\/div>\n\t\t\t\t<\/div>\n\t\t\t\t\t\t\t\t<div class=\"sp-pcp-post-details\">\n\t\t\t\t\t<div class=\"sp-pcp-post-details-content\">\n\t\t\t\t\t\t\t\t<h2 class=\"sp-pcp-title\">\n\t\t\t\t\t\t\t\t\t<a href=\"https:\/\/www.smd-led.pl\/blog\/jaka-barwa-swiatla-do-sypialni-co-wybrac\/\"  target=\"_self\">Jaka barwa \u015bwiat\u0142a do sypialni co wybra\u0107?<\/a>\t\t\t\t\t\t\t<\/h2>\n\t\t\t\t\t\t<div class=\"sp-pcp-post-meta\">\n\t\t\t<ul><li>\t\t\t\t\t<i class=\"fa fa-user\"><\/i>\n\t\t\t\t\t<a href=\"https:\/\/www.smd-led.pl\/blog\/author\/mpietrasik\/\"\n\t\t\t\t\t\trel=\"author\">Marcin Pietrasik<\/a>\n\t\t\t\t\t<\/li> <li>\t\t\t\t\t<i class=\"fa fa-calendar\"><\/i>\n\t\t\t\t\t<time class=\"entry-date published updated\">8 listopada, 2023<\/time>\n\t\t\t\t\t<\/li><\/ul>\t\t<\/div>\n\t\t\t\t\t<div class=\"sp-pcp-post-content\">\n\t\t\t<p>Wyb\u00f3r odpowiedniej barwy \u015bwiat\u0142a do sypialni jest niezwykle wa\u017cny, aby zapewni\u0107 komfort, funkcjonalno\u015b\u0107 oraz stworzy\u0107 [&hellip;]<\/p>\n\t\t<div class=\"sp-pcp-readmore\">\n\t\t\t\t\t\t\t<a class=\"pcp-readmore-link\" target=\"_self\" href=\"https:\/\/www.smd-led.pl\/blog\/jaka-barwa-swiatla-do-sypialni-co-wybrac\/\" >\n\t\t\t\t\t\tCzytaj wi\u0119cej! <\/a>\n\t\t<\/div>\n\t\t\t\t\t<\/div>\n\t\t\t\t\t\t\t\t<\/div>\n\t\t\t\t<\/div>\n\t\t\t<\/div>\n\t\t<\/div>\n\t\t\t\t<div class=\" sp-pcp-col-xs-1 sp-pcp-col-sm-2 sp-pcp-col-md-3 sp-pcp-col-lg-4 sp-pcp-col-xl-4\">\n\t\t\t<div class=\"sp-pcp-post default pcp-item-13918\" data-id=\"13918\">\n\t\t\t\t\t\t\t\t<div class=\"pcp-post-thumb-wrapper\">\n\t\t\t\t\t<div class=\"sp-pcp-post-thumb-area\">\n\t\t\t\t\t\t\t\t\t\t\t\t<a class=\"sp-pcp-thumb\" href=\"https:\/\/www.smd-led.pl\/blog\/jak-podswietlic-lamele\/\" target=\"_self\" >\n\t\t\t\t\t\t\t\t\t\t\t\t\t<img loading=\"lazy\" decoding=\"async\" src=\"https:\/\/www.smd-led.pl\/blog\/wp-content\/uploads\/2023\/10\/Jak-podswietlic-lamele-2.jpg\" width=\"1200\" height=\"600\" alt=\"Jak pod\u015bwietli\u0107 lamele\">\n\t\t\t\t\t\t<\/a>\n\t\t\t\t\t<\/div>\n\t\t\t\t<\/div>\n\t\t\t\t\t\t\t\t<div class=\"sp-pcp-post-details\">\n\t\t\t\t\t<div class=\"sp-pcp-post-details-content\">\n\t\t\t\t\t\t\t\t<h2 class=\"sp-pcp-title\">\n\t\t\t\t\t\t\t\t\t<a href=\"https:\/\/www.smd-led.pl\/blog\/jak-podswietlic-lamele\/\"  target=\"_self\">Jak pod\u015bwietli\u0107 lamele?<\/a>\t\t\t\t\t\t\t<\/h2>\n\t\t\t\t\t\t<div class=\"sp-pcp-post-meta\">\n\t\t\t<ul><li>\t\t\t\t\t<i class=\"fa fa-user\"><\/i>\n\t\t\t\t\t<a href=\"https:\/\/www.smd-led.pl\/blog\/author\/mpietrasik\/\"\n\t\t\t\t\t\trel=\"author\">Marcin Pietrasik<\/a>\n\t\t\t\t\t<\/li> <li>\t\t\t\t\t<i class=\"fa fa-calendar\"><\/i>\n\t\t\t\t\t<time class=\"entry-date published updated\">18 pa\u017adziernika, 2023<\/time>\n\t\t\t\t\t<\/li><\/ul>\t\t<\/div>\n\t\t\t\t\t<div class=\"sp-pcp-post-content\">\n\t\t\t<p>Ka\u017cdy z nas szuka sposob\u00f3w, aby uczyni\u0107 swoje wn\u0119trze wyj\u0105tkowym i niepowtarzalnym. W dzisiejszym \u015bwiecie [&hellip;]<\/p>\n\t\t<div class=\"sp-pcp-readmore\">\n\t\t\t\t\t\t\t<a class=\"pcp-readmore-link\" target=\"_self\" href=\"https:\/\/www.smd-led.pl\/blog\/jak-podswietlic-lamele\/\" >\n\t\t\t\t\t\tCzytaj wi\u0119cej! <\/a>\n\t\t<\/div>\n\t\t\t\t\t<\/div>\n\t\t\t\t\t\t\t\t<\/div>\n\t\t\t\t<\/div>\n\t\t\t<\/div>\n\t\t<\/div>\n\t\t\t\t<div class=\" sp-pcp-col-xs-1 sp-pcp-col-sm-2 sp-pcp-col-md-3 sp-pcp-col-lg-4 sp-pcp-col-xl-4\">\n\t\t\t<div class=\"sp-pcp-post default pcp-item-11330\" data-id=\"11330\">\n\t\t\t\t\t\t\t\t<div class=\"pcp-post-thumb-wrapper\">\n\t\t\t\t\t<div class=\"sp-pcp-post-thumb-area\">\n\t\t\t\t\t\t\t\t\t\t\t\t<a class=\"sp-pcp-thumb\" href=\"https:\/\/www.smd-led.pl\/blog\/obraz-na-szarej-scianie\/\" target=\"_self\" >\n\t\t\t\t\t\t\t\t\t\t\t\t\t<img loading=\"lazy\" decoding=\"async\" src=\"https:\/\/www.smd-led.pl\/blog\/wp-content\/uploads\/2023\/07\/Obraz-na-szarej-scianie-1-1.jpg\" width=\"768\" height=\"502\" alt=\"Obraz na szarej \u015bcianie\">\n\t\t\t\t\t\t<\/a>\n\t\t\t\t\t<\/div>\n\t\t\t\t<\/div>\n\t\t\t\t\t\t\t\t<div class=\"sp-pcp-post-details\">\n\t\t\t\t\t<div class=\"sp-pcp-post-details-content\">\n\t\t\t\t\t\t\t\t<h2 class=\"sp-pcp-title\">\n\t\t\t\t\t\t\t\t\t<a href=\"https:\/\/www.smd-led.pl\/blog\/obraz-na-szarej-scianie\/\"  target=\"_self\">Obraz na szarej \u015bcianie<\/a>\t\t\t\t\t\t\t<\/h2>\n\t\t\t\t\t\t<div class=\"sp-pcp-post-meta\">\n\t\t\t<ul><li>\t\t\t\t\t<i class=\"fa fa-user\"><\/i>\n\t\t\t\t\t<a href=\"https:\/\/www.smd-led.pl\/blog\/author\/mpietrasik\/\"\n\t\t\t\t\t\trel=\"author\">Marcin Pietrasik<\/a>\n\t\t\t\t\t<\/li> <li>\t\t\t\t\t<i class=\"fa fa-calendar\"><\/i>\n\t\t\t\t\t<time class=\"entry-date published updated\">24 lipca, 2023<\/time>\n\t\t\t\t\t<\/li><\/ul>\t\t<\/div>\n\t\t\t\t\t<div class=\"sp-pcp-post-content\">\n\t\t\t<p>&nbsp; Tw\u00f3j szary salon zas\u0142uguje na odrobin\u0119 magii i osobistego wyrazu. Dlatego te\u017c warto zastanowi\u0107 [&hellip;]<\/p>\n\t\t<div class=\"sp-pcp-readmore\">\n\t\t\t\t\t\t\t<a class=\"pcp-readmore-link\" target=\"_self\" href=\"https:\/\/www.smd-led.pl\/blog\/obraz-na-szarej-scianie\/\" >\n\t\t\t\t\t\tCzytaj wi\u0119cej! <\/a>\n\t\t<\/div>\n\t\t\t\t\t<\/div>\n\t\t\t\t\t\t\t\t<\/div>\n\t\t\t\t<\/div>\n\t\t\t<\/div>\n\t\t<\/div>\n\t\t\t\t<div class=\" sp-pcp-col-xs-1 sp-pcp-col-sm-2 sp-pcp-col-md-3 sp-pcp-col-lg-4 sp-pcp-col-xl-4\">\n\t\t\t<div class=\"sp-pcp-post default pcp-item-11112\" data-id=\"11112\">\n\t\t\t\t\t\t\t\t<div class=\"pcp-post-thumb-wrapper\">\n\t\t\t\t\t<div class=\"sp-pcp-post-thumb-area\">\n\t\t\t\t\t\t\t\t\t\t\t\t<a class=\"sp-pcp-thumb\" href=\"https:\/\/www.smd-led.pl\/blog\/montaz-tasmy-led-na-scianie\/\" target=\"_self\" >\n\t\t\t\t\t\t\t\t\t\t\t\t\t<img loading=\"lazy\" decoding=\"async\" src=\"https:\/\/www.smd-led.pl\/blog\/wp-content\/uploads\/2023\/04\/Profil-LED-P18-2_inspiracja.jpg\" width=\"1600\" height=\"1200\" alt=\"Profil LED P18-2_inspiracja\">\n\t\t\t\t\t\t<\/a>\n\t\t\t\t\t<\/div>\n\t\t\t\t<\/div>\n\t\t\t\t\t\t\t\t<div class=\"sp-pcp-post-details\">\n\t\t\t\t\t<div class=\"sp-pcp-post-details-content\">\n\t\t\t\t\t\t\t\t<h2 class=\"sp-pcp-title\">\n\t\t\t\t\t\t\t\t\t<a href=\"https:\/\/www.smd-led.pl\/blog\/montaz-tasmy-led-na-scianie\/\"  target=\"_self\">Monta\u017c ta\u015bmy Led na \u015bcianie<\/a>\t\t\t\t\t\t\t<\/h2>\n\t\t\t\t\t\t<div class=\"sp-pcp-post-meta\">\n\t\t\t<ul><li>\t\t\t\t\t<i class=\"fa fa-user\"><\/i>\n\t\t\t\t\t<a href=\"https:\/\/www.smd-led.pl\/blog\/author\/mpietrasik\/\"\n\t\t\t\t\t\trel=\"author\">Marcin Pietrasik<\/a>\n\t\t\t\t\t<\/li> <li>\t\t\t\t\t<i class=\"fa fa-calendar\"><\/i>\n\t\t\t\t\t<time class=\"entry-date published updated\">17 kwietnia, 2023<\/time>\n\t\t\t\t\t<\/li><\/ul>\t\t<\/div>\n\t\t\t\t\t<div class=\"sp-pcp-post-content\">\n\t\t\t<p>Jak zrobi\u0107 prawid\u0142owo Monta\u017c ta\u015bmy Led na \u015bcianie? aby monta\u017c ta\u015bmy, by\u0142 zgodny z trendami [&hellip;]<\/p>\n\t\t<div class=\"sp-pcp-readmore\">\n\t\t\t\t\t\t\t<a class=\"pcp-readmore-link\" target=\"_self\" href=\"https:\/\/www.smd-led.pl\/blog\/montaz-tasmy-led-na-scianie\/\" >\n\t\t\t\t\t\tCzytaj wi\u0119cej! <\/a>\n\t\t<\/div>\n\t\t\t\t\t<\/div>\n\t\t\t\t\t\t\t\t<\/div>\n\t\t\t\t<\/div>\n\t\t\t<\/div>\n\t\t<\/div>\n\t\t\t<\/div>\n\t\t<span class=\"sp-pcp-pagination-data\" style=\"display:none;\"><\/span>\n\n\t\t<nav class=\"pcp-post-pagination pcp-on-desktop\">\n\t\t\t\t\t<\/nav>\n\t\t\t\t\t<nav class=\"pcp-post-pagination pcp-on-mobile\">\n\t\t\t\t\t<\/nav>\n\t\t\t\t<\/div>\n\n<h2>Szare \u015bciany w salonie jakie dodatki<\/h2>\n<p>Wyb\u00f3r szarych \u015bcian do salonu w nowoczesnym mieszkaniu to decyzja, kt\u00f3ra otwiera wiele mo\u017cliwo\u015bci aran\u017cacyjnych. Szare \u015bciany stanowi\u0105 doskona\u0142e t\u0142o dla r\u00f3\u017cnorodnych dodatk\u00f3w, kt\u00f3re mog\u0105 podkre\u015bli\u0107 unikalny charakter wn\u0119trza. Jakie dodatki warto zastosowa\u0107, aby o\u017cywi\u0107 szare \u015bciany i nada\u0107 im niepowtarzalnego charakteru? Oto nasze propozycje.<br \/>\nPrzede wszystkim, szary kolor jest uniwersalny i pasuje do wi\u0119kszo\u015bci innych odcieni. Mo\u017cna go z powodzeniem \u0142\u0105czy\u0107 zar\u00f3wno z ciep\u0142ymi, jak i zimnymi kolorami. Wybieraj\u0105c dodatki do szarego salonu, warto zatem zwr\u00f3ci\u0107 uwag\u0119 na palet\u0119 barw, kt\u00f3ra b\u0119dzie komponowa\u0107 si\u0119 z szarymi \u015bcianami. Je\u015bli jeste\u015b mi\u0142o\u015bnikiem stylu nowojorskiego, doskonale do szarych \u015bcian b\u0119d\u0105 pasowa\u0107 dodatki w metalicznych kolorach. Szczeg\u00f3lnie stylowo prezentuj\u0105 si\u0119 elementy w kolorach miedzi, z\u0142ota i srebra, kt\u00f3re nadadz\u0105 wn\u0119trzu eleganckiego wygl\u0105du. Kolejnym aspektem, na kt\u00f3ry warto zwr\u00f3ci\u0107 uwag\u0119, jest materia\u0142 dodatk\u00f3w. Szary kolor dobrze komponuje si\u0119 z r\u00f3\u017cnymi fakturami &#8211; od g\u0142adkich, po te bardziej wyraziste. Dlatego te\u017c do salonu z szarymi \u015bcianami warto wybra\u0107 dodatki wykonane z r\u00f3\u017cnych materia\u0142\u00f3w, kt\u00f3re dodadz\u0105 wn\u0119trzu g\u0142\u0119bi i zr\u00f3\u017cnicuj\u0105 przestrze\u0144. Szare \u015bciany w salonie jakie dodatki u\u017cyjesz to chodzi o konkretn\u0105 palet\u0119 dodatk\u00f3w, warto wybra\u0107 takie, kt\u00f3re b\u0119d\u0105 nie tylko estetycznie prezentowa\u0107 si\u0119 na tle szarych \u015bcian, ale tak\u017ce b\u0119d\u0105 odporne na uszkodzenia. Szczeg\u00f3lnie je\u015bli w domu s\u0105 ma\u0142e dzieci lub zwierz\u0119ta. Przyk\u0142adem takich dodatk\u00f3w mog\u0105 by\u0107 stylowe lampy pod\u0142ogowe, metalowe ramki na zdj\u0119cia, a tak\u017ce dywany o wyrazistej fakturze.<br \/>\nOstatecznie, przygotowuj\u0105c salon z szarymi \u015bcianami, pami\u0119taj o tym, aby dostosowa\u0107 dodatki do swojego stylu \u017cycia i gustu. Szary jest na tyle uniwersalnym kolorem, \u017ce z powodzeniem mo\u017cna go po\u0142\u0105czy\u0107 z r\u00f3\u017cnymi odcieniami i materia\u0142ami. Wykorzystaj to, aby stworzy\u0107 wn\u0119trze, kt\u00f3re b\u0119dzie nie tylko modnie wygl\u0105da\u0107, ale przede wszystkim b\u0119dzie spe\u0142nia\u0142o Twoje oczekiwania. Szare \u015bciany w salonie jakie dodatki wybierzesz to indywidulany wyb\u00f3r dla ka\u017cdej osoby mo\u017cna u\u017cy\u0107 obraz ceramiczny czy te\u017c jakie\u015b nowoczesne grafiki ka\u017cdy wyb\u00f3r jest dobry je\u015bli pasuj\u0119 w tw\u00f3j gust.<\/p>\n<p><img loading=\"lazy\" decoding=\"async\" width=\"1200\" height=\"600\" class=\"size-full wp-image-11366 aligncenter\" src=\"https:\/\/www.smd-led.pl\/blog\/wp-content\/uploads\/2023\/07\/Szare-sciany-w-salonie-jakie-dodatki.jpg\" alt=\"&lt;yoastmark class=\" srcset=\"https:\/\/www.smd-led.pl\/blog\/wp-content\/uploads\/2023\/07\/Szare-sciany-w-salonie-jakie-dodatki.jpg 1200w, https:\/\/www.smd-led.pl\/blog\/wp-content\/uploads\/2023\/07\/Szare-sciany-w-salonie-jakie-dodatki-300x150.jpg 300w, https:\/\/www.smd-led.pl\/blog\/wp-content\/uploads\/2023\/07\/Szare-sciany-w-salonie-jakie-dodatki-1024x512.jpg 1024w, https:\/\/www.smd-led.pl\/blog\/wp-content\/uploads\/2023\/07\/Szare-sciany-w-salonie-jakie-dodatki-768x384.jpg 768w\" sizes=\"auto, (max-width: 1200px) 100vw, 1200px\" \/><\/p>\n<h2>Szare obrazy do salonu<\/h2>\n<p>Obrazy s\u0105 jednym z najwa\u017cniejszych element\u00f3w dekoracyjnych w ka\u017cdym domu. Przy pomocy obraz\u00f3w mo\u017cemy wyrazi\u0107 siebie, pokaza\u0107 nasz gust i styl, a tak\u017ce o\u017cywi\u0107 i urozmaici\u0107 wystr\u00f3j wn\u0119trza. Szary obraz do salonu to propozycja, kt\u00f3ra wpisuje si\u0119 w aktualne trendy wn\u0119trzarskie, oferuj\u0105c szerokie mo\u017cliwo\u015bci aran\u017cacyjne. Oto, jak malowane szare obrazy mog\u0105 poprawi\u0107 wygl\u0105d salonu.\u00a0Szary to kolor, kt\u00f3ry od kilku lat nie schodzi z wn\u0119trzarskich salon\u00f3w. To barwa uniwersalna, kt\u00f3ra wprowadza do wn\u0119trz elegancj\u0119, a jednocze\u015bnie pozwala na swobod\u0119 w doborze dodatk\u00f3w i akcent\u00f3w kolorystycznych. Szare obrazy do salonu to propozycja dla os\u00f3b ceni\u0105cych sobie subteln\u0105 elegancj\u0119, ale te\u017c dla tych, kt\u00f3rzy szukaj\u0105 ciekawych i nietuzinkowych rozwi\u0105za\u0144. Szare obrazy to element, kt\u00f3ry nadaje ton ca\u0142emu wn\u0119trzu, podkre\u015blaj\u0105c jego charakter. Mog\u0105 stanowi\u0107 g\u0142\u00f3wny punkt zainteresowania, przyci\u0105gaj\u0105c uwag\u0119 swoj\u0105 form\u0105 i kolorystyk\u0105, albo subtelnie komponowa\u0107 si\u0119 z reszt\u0105 aran\u017cacji, tworz\u0105c sp\u00f3jn\u0105 i harmonijn\u0105 ca\u0142o\u015b\u0107. Co wi\u0119cej, szary obraz do salonu doskonale wpisuje si\u0119 w r\u00f3\u017cne style wn\u0119trzarskie. W nowoczesnym salonie mog\u0105 stanowi\u0107 minimalistyczny, abstrakcyjny akcent, kt\u00f3ry o\u017cywi proste formy i surowe materia\u0142y.<\/p>\n\n<p>W klasycznym wn\u0119trzu szary obraz b\u0119dzie eleganckim dope\u0142nieniem stonowanej kolorystyki, dodaj\u0105c wn\u0119trzu szlachetno\u015bci. Przy wyborze szarego obrazu do salonu warto r\u00f3wnie\u017c zwr\u00f3ci\u0107 uwag\u0119 na to, jakie emocje wywo\u0142uje i jak wp\u0142ywa na nastr\u00f3j w pomieszczeniu. Szary jest kolorem spokojnym, sprzyjaj\u0105cym relaksowi i koncentracji, dlatego takie obrazy doskonale sprawdz\u0105 si\u0119 w salonie, kt\u00f3ry ma by\u0107 miejscem odpoczynku po ci\u0119\u017ckim dniu. Szare obrazy do salonu s\u0105 te\u017c doskona\u0142\u0105 baz\u0105 do eksperymentowania z kolorami. Mo\u017cna je zestawi\u0107 z dodatkami w intensywnych barwach, takich jak czerwony, niebieski czy \u017c\u00f3\u0142ty, tworz\u0105c efektowne i odwa\u017cne kontrasty. Mo\u017cna te\u017c postawi\u0107 na stonowan\u0105 palet\u0119 barw, dobieraj\u0105c dodatki w odcieniach szaro\u015bci, bieli i be\u017cu, dla osi\u0105gni\u0119cia efektu spokoju i harmonii. Podsumowuj\u0105c, malowane szare obrazy to propozycja dla ka\u017cdego, kto ceni sobie elegancj\u0119, ale nie boi si\u0119 r\u00f3wnie\u017c eksperyment\u00f3w. W zale\u017cno\u015bci od wybranego motywu i stylu mog\u0105 one sta\u0107 si\u0119 subtelnym t\u0142em dla reszty aran\u017cacji, albo mocnym akcentem, kt\u00f3ry przyci\u0105ga wzrok i dodaje wn\u0119trzu charakteru. Bez wzgl\u0119du na to, jak\u0105 rol\u0119 przypiszemy szarym obrazom w naszym salonie, jedno jest pewne &#8211; dzi\u0119ki nim wn\u0119trze zyska nowy wymiar i stanie si\u0119 jeszcze bardziej wyraziste i niepowtarzalne.<\/p>\n<div id=\"attachment_11367\" style=\"width: 1210px\" class=\"wp-caption aligncenter\"><img loading=\"lazy\" decoding=\"async\" aria-describedby=\"caption-attachment-11367\" class=\"wp-image-11367 size-full\" src=\"https:\/\/www.smd-led.pl\/blog\/wp-content\/uploads\/2023\/07\/Szare-obrazy-do-salonu.jpg\" alt=\"obrazy do szarego salonu - Obraz na szarej \u015bcianie\" width=\"1200\" height=\"600\" srcset=\"https:\/\/www.smd-led.pl\/blog\/wp-content\/uploads\/2023\/07\/Szare-obrazy-do-salonu.jpg 1200w, https:\/\/www.smd-led.pl\/blog\/wp-content\/uploads\/2023\/07\/Szare-obrazy-do-salonu-300x150.jpg 300w, https:\/\/www.smd-led.pl\/blog\/wp-content\/uploads\/2023\/07\/Szare-obrazy-do-salonu-1024x512.jpg 1024w, https:\/\/www.smd-led.pl\/blog\/wp-content\/uploads\/2023\/07\/Szare-obrazy-do-salonu-768x384.jpg 768w\" sizes=\"auto, (max-width: 1200px) 100vw, 1200px\" \/><p id=\"caption-attachment-11367\" class=\"wp-caption-text\">obrazy do szarego salonu &#8211; Obraz na szarej \u015bcianie<\/p><\/div>\n<h2>Szary salon inspiracje. Obraz na szarej \u015bcianie aran\u017cacja<\/h2>\n<p>Szary salon to popularny trend w nowoczesnym designie wn\u0119trz. Jest elegancki, uniwersalny i daje wiele mo\u017cliwo\u015bci aran\u017cacyjnych. Przygotowuj\u0105c projekt szarego salonu, warto zaczerpn\u0105\u0107 inspiracji z r\u00f3\u017cnych \u017ar\u00f3de\u0142 i kierowa\u0107 si\u0119 aktualnymi trendami. Oto pi\u0119\u0107 pomys\u0142\u00f3w na szary salon inspiracje, kt\u00f3re mog\u0105 Ci pom\u00f3c.<\/p>\n<ol>\n<li>Dekoracja: Dekoracje s\u0105 niezb\u0119dnym elementem ka\u017cdego salonu. Mog\u0105 one wprowadzi\u0107 do pomieszczenia ciep\u0142o, kolor i \u017cycie. W szarym salonie warto zdecydowa\u0107 si\u0119 na dekoracje, kt\u00f3re stan\u0105 si\u0119 mocnym akcentem kolorystycznym. Doskona\u0142\u0105 dekoracj\u0105 mog\u0105 to by\u0107 na przyk\u0142ad jaskrawe poduszki, kolorowe dywany czy oryginalne obrazy.<\/li>\n<li>Motyw: Motyw przewodni to co\u015b, co mo\u017ce nada\u0107 Twojemu salonowi charakteru. Mo\u017ce to by\u0107 motyw zwi\u0105zany z natur\u0105, motywy geometryczne, abstrakcyjne czy minimalistyczne. Szary kolor \u015bciany pozwala na eksperymentowanie z r\u00f3\u017cnymi motywami, nie ograniczaj\u0105c kreatywno\u015bci.<\/li>\n<li>Obraz na szarej \u015bcianie salonu: W szarym salonie obraz ma wyj\u0105tkowo wa\u017cn\u0105 rol\u0119. To on mo\u017ce sta\u0107 si\u0119 g\u0142\u00f3wnym punktem zainteresowania i wprowadzi\u0107 do pomieszczenia niepowtarzalny klimat. Mo\u017ce przedstawia\u0107 konkretny motyw, na przyk\u0142ad natur\u0119, abstrakcyjne kszta\u0142ty, a mo\u017ce by\u0107 te\u017c utrzymany w minimalistycznym stylu. W zale\u017cno\u015bci od tego, co chcesz zobaczy\u0107 na swojej \u015bcianie, mo\u017cesz zdecydowa\u0107 si\u0119 na klasyczne malarstwo szary obraz olejny, nowoczesny obraz, a nawet grafik\u0119.<\/li>\n<li>Kolor: Cho\u0107 szary jest kolorem dominuj\u0105cym, nie oznacza to, \u017ce musi by\u0107 jedynym kolorem w salonie. Szary doskonale komponuje si\u0119 z wieloma innymi kolorami. Mo\u017cesz zdecydowa\u0107 si\u0119 na stonowan\u0105 palet\u0119 kolorystyczn\u0105, dodaj\u0105c do szaro\u015bci bieli i be\u017cu, lub zdecydowa\u0107 si\u0119 na odwa\u017cne, kontrastowe po\u0142\u0105czenia, na przyk\u0142ad szaro\u015bci z fuksj\u0105, turkusem czy pomara\u0144cz\u0105.<\/li>\n<li>Style: Szary salon mo\u017ce by\u0107 utrzymany w r\u00f3\u017cnych stylach. Mo\u017ce to by\u0107 elegancki salon w stylu glamour, surowy i minimalistyczny loft, a mo\u017ce przytulny salon w stylu skandynawskim. Wyb\u00f3r stylu zale\u017cy od Twojego gustu i tego, jaki nastr\u00f3j chcesz stworzy\u0107 w swoim salonie.<\/li>\n<\/ol>\n<p>Pami\u0119taj, \u017ce szary salon inspiracje to przestrze\u0144, kt\u00f3ra daje Ci wiele mo\u017cliwo\u015bci aran\u017cacyjnych. Bez wzgl\u0119du na to, czy zdecydujesz si\u0119 na nowoczesny obraz, kolorowe dekoracje czy spokojne, stonowane dodatki, szary salon z pewno\u015bci\u0105 b\u0119dzie elegancki, stylowy i wygodny.<\/p>\n<div id=\"attachment_11370\" style=\"width: 1210px\" class=\"wp-caption aligncenter\"><img loading=\"lazy\" decoding=\"async\" aria-describedby=\"caption-attachment-11370\" class=\"size-full wp-image-11370\" src=\"https:\/\/www.smd-led.pl\/blog\/wp-content\/uploads\/2023\/07\/Szary-salon-inspiracje.jpg\" alt=\"Szary salon inspiracje\" width=\"1200\" height=\"600\" srcset=\"https:\/\/www.smd-led.pl\/blog\/wp-content\/uploads\/2023\/07\/Szary-salon-inspiracje.jpg 1200w, https:\/\/www.smd-led.pl\/blog\/wp-content\/uploads\/2023\/07\/Szary-salon-inspiracje-300x150.jpg 300w, https:\/\/www.smd-led.pl\/blog\/wp-content\/uploads\/2023\/07\/Szary-salon-inspiracje-1024x512.jpg 1024w, https:\/\/www.smd-led.pl\/blog\/wp-content\/uploads\/2023\/07\/Szary-salon-inspiracje-768x384.jpg 768w\" sizes=\"auto, (max-width: 1200px) 100vw, 1200px\" \/><p id=\"caption-attachment-11370\" class=\"wp-caption-text\">Szary salon inspiracje<\/p><\/div>\n<p>&nbsp;<\/p>\n<h2>W jakim kolorze obrazy w szarym salonie<\/h2>\n<p>Szary salon to nie tylko elegancja i uniwersalno\u015b\u0107, ale przede wszystkim ogromne mo\u017cliwo\u015bci aran\u017cacyjne. Jednym z kluczowych element\u00f3w wystroju ka\u017cdego salonu s\u0105 obrazy, kt\u00f3re mog\u0105 nada\u0107 wn\u0119trzu charakteru, zdefiniowa\u0107 jego styl i stworzy\u0107 po\u017c\u0105dany nastr\u00f3j. W jakim kolorze obrazy w szarym salonie? Oto kilka propozycji, kt\u00f3re mog\u0105 Ci\u0119 zainspirowa\u0107.<\/p>\n<ul>\n<li>Obrazy w ciep\u0142ych, intensywnych kolorach: Szary to kolor neutralny, kt\u00f3ry doskonale wsp\u00f3\u0142gra z intensywnymi, ciep\u0142ymi barwami.<\/li>\n<li>Obrazy w odcieniach czerwieni, pomara\u0144czy czy z\u0142ota mog\u0105 nada\u0107 szaremu salonowi energii, ciep\u0142a i dynamiki. Warto wybra\u0107 abstrakcyjne motywy, kt\u00f3re przyci\u0105gaj\u0105 uwag\u0119 i staj\u0105 si\u0119 g\u0142\u00f3wnym punktem zainteresowania w pomieszczeniu.<\/li>\n<li>Obrazy w odcieniach szaro\u015bci: Je\u015bli preferujesz minimalistyczne, spokojne wn\u0119trza, obrazy w odcieniach szaro\u015bci mog\u0105 by\u0107 dla Ciebie idealnym wyborem. Stworz\u0105 one harmonijn\u0105 ca\u0142o\u015b\u0107 z szarymi \u015bcianami, podkre\u015blaj\u0105c elegancj\u0119 i prostot\u0119 aran\u017cacji. Mo\u017cesz wybra\u0107 obrazy przedstawiaj\u0105ce konkretne motywy, na przyk\u0142ad natur\u0119 czy architektur\u0119, lub zdecydowa\u0107 si\u0119 na abstrakcyjne kompozycje.<\/li>\n<li>Obrazy w ch\u0142odnych kolorach: Szary kolor \u015bwietnie komponuje si\u0119 r\u00f3wnie\u017c z ch\u0142odnymi barwami, takimi jak niebieski, turkus czy fiolet. Obrazy w tych kolorach mog\u0105 doda\u0107 szaremu salonowi \u015bwie\u017co\u015bci i spokoju. Warto wybra\u0107 obrazy, kt\u00f3re wprowadz\u0105 do wn\u0119trza troch\u0119 natury, na przyk\u0142ad przedstawiaj\u0105ce morze, niebo czy kwiaty.<\/li>\n<li>Obrazy czarno-bia\u0142e: Czarno-bia\u0142e obrazy to klasyka, kt\u00f3ra nigdy nie wychodzi z mody. Tego rodzaju obrazy doskonale pasuj\u0105 do szarego salonu, dodaj\u0105c mu elegancji i klasy. Mog\u0105 przedstawia\u0107 r\u00f3\u017cne motywy, od portret\u00f3w, przez pejza\u017ce, a\u017c po abstrakcyjne kompozycje.<\/li>\n<li>Obrazy w pastelach: Je\u015bli szukasz delikatnych, subtelnego wyko\u0144czenia do szarego salonu, obrazy w pastelowych kolorach mog\u0105 by\u0107 strza\u0142em w dziesi\u0105tk\u0119. Odcienie r\u00f3\u017cu, b\u0142\u0119kitu czy zieleni dodadz\u0105 wn\u0119trzu lekko\u015bci i romantyzmu.<\/li>\n<\/ul>\n<p>Pami\u0119taj, \u017ce wyb\u00f3r kolor\u00f3w obraz\u00f3w do salonu zale\u017cy przede wszystkim od Twojego gustu i stylu, kt\u00f3rym chcesz nada\u0107 wn\u0119trzu. Szary salon to t\u0142o, kt\u00f3re pozwala na dowolne eksperymenty z kolorami i motywami. Bez wzgl\u0119du na to, czy zdecydujesz si\u0119 na intensywne barwy, delikatne pastele, czy klasyczn\u0105 biel i czer\u0144 &#8211; obrazy b\u0119d\u0105 nie tylko ozdob\u0105, ale i odbiciem Twojej osobowo\u015bci. Cz\u0119sto zadajcie pytanie nam w jakim kolorze obrazy w szarym salonie? Przy wyborze obraz\u00f3w do szarego salonu warto zwr\u00f3ci\u0107 uwag\u0119 nie tylko na kolor, ale tak\u017ce na jako\u015b\u0107 wykonania i oryginalno\u015b\u0107 motywu. Warto tak\u017ce pami\u0119ta\u0107, \u017ce obrazy to element dekoracji, kt\u00f3ry mo\u017cna \u0142atwo wymienia\u0107, dostosowuj\u0105c wn\u0119trze do aktualnych trend\u00f3w, nastroju czy pory roku. Obraz na szarej \u015bcianie to idealnie rozwi\u0105zanie kt\u00f3ra idealnie sprawdzi si\u0119 w salonie.<\/p>\n<div id=\"attachment_11371\" style=\"width: 1210px\" class=\"wp-caption aligncenter\"><img loading=\"lazy\" decoding=\"async\" aria-describedby=\"caption-attachment-11371\" class=\" wp-image-11371\" src=\"https:\/\/www.smd-led.pl\/blog\/wp-content\/uploads\/2023\/07\/W-jakim-kolorze-obrazy-w-szarym-salonie.jpg\" alt=\"Obrazy do szarego salonu\" width=\"1200\" height=\"600\" srcset=\"https:\/\/www.smd-led.pl\/blog\/wp-content\/uploads\/2023\/07\/W-jakim-kolorze-obrazy-w-szarym-salonie.jpg 1200w, https:\/\/www.smd-led.pl\/blog\/wp-content\/uploads\/2023\/07\/W-jakim-kolorze-obrazy-w-szarym-salonie-300x150.jpg 300w, https:\/\/www.smd-led.pl\/blog\/wp-content\/uploads\/2023\/07\/W-jakim-kolorze-obrazy-w-szarym-salonie-1024x512.jpg 1024w, https:\/\/www.smd-led.pl\/blog\/wp-content\/uploads\/2023\/07\/W-jakim-kolorze-obrazy-w-szarym-salonie-768x384.jpg 768w\" sizes=\"auto, (max-width: 1200px) 100vw, 1200px\" \/><p id=\"caption-attachment-11371\" class=\"wp-caption-text\">Obrazy do szarego salonu<\/p><\/div>\n<h2>Jaka tematyka obrazu na \u015bcian\u0119 do szarego salonu<\/h2>\n<p>Jaka tematyka obrazu na \u015bcian\u0119 do szarego salonu warto wybra\u0107 oraz jaki wyb\u00f3r tematyki obraz\u00f3w do szarego salonu jest szeroki i zale\u017cy g\u0142\u00f3wnie od indywidualnych upodoba\u0144 oraz stylu, w kt\u00f3rym urz\u0105dzony jest salon. Szary jest kolorem uniwersalnym i dobrze komponuje si\u0119 z wieloma innymi kolorami oraz motywami. Poni\u017cej przedstawiamy pi\u0119\u0107 propozycji:<\/p>\n<ol>\n<li>Natura: Obrazy przedstawiaj\u0105ce natur\u0119 zawsze s\u0105 dobrym wyborem. Mog\u0105 to by\u0107 zar\u00f3wno pejza\u017ce, jak i abstrakcyjne przedstawienia przyrody. Zielone li\u015bcie, kwiaty, g\u00f3ry czy lasy mog\u0105 doda\u0107 salonowi \u017cycia i \u015bwie\u017co\u015bci.<\/li>\n<li>Abstrakcja: Abstrakcyjne obrazy s\u0105 doskona\u0142ym wyborem dla nowoczesnych, minimalistycznych wn\u0119trz. Bez konkretnego motywu, skupiaj\u0105 si\u0119 one na formie, kolorze i teksturze, co mo\u017ce przyci\u0105ga\u0107 uwag\u0119 i stymulowa\u0107 wyobra\u017ani\u0119.<\/li>\n<li>Portrety i postacie: Je\u017celi preferujesz bardziej klasyczne podej\u015bcie, portrety lub postacie mog\u0105 by\u0107 interesuj\u0105cym wyborem. Mog\u0105 one doda\u0107 pomieszczeniu g\u0142\u0119bi i emocjonalno\u015bci.<\/li>\n<li>Architektura i miasta: Obrazy przedstawiaj\u0105ce architektur\u0119, miasta, czy znane miejsca na \u015bwiecie mog\u0105 by\u0107 fascynuj\u0105cym dodatkiem do salonu. Idealnie wpasowuj\u0105 si\u0119 w styl industrialny, nowojorski, a tak\u017ce modern.<\/li>\n<li>Sztuka wsp\u00f3\u0142czesna: Je\u015bli chcesz nada\u0107 swojemu salonowi unikalnego charakteru, wybierz obrazy wsp\u00f3\u0142czesnych artyst\u00f3w. Mog\u0105 one przedstawia\u0107 r\u00f3\u017cne motywy &#8211; od scen z \u017cycia codziennego, przez abstrakcje, a\u017c po grafiki inspirowane popkultur\u0105.<\/li>\n<\/ol>\n<p>Pami\u0119taj, \u017ce obrazy to nie tylko element dekoracyjny, ale tak\u017ce wyraz twojego gustu i osobowo\u015bci. Niezale\u017cnie od wybranej tematyki, wa\u017cne jest, aby\u015b czu\u0142 si\u0119 dobrze w otoczeniu wybranych przez siebie obraz\u00f3w.<\/p>\n<div id=\"attachment_11372\" style=\"width: 1210px\" class=\"wp-caption aligncenter\"><img loading=\"lazy\" decoding=\"async\" aria-describedby=\"caption-attachment-11372\" class=\"size-full wp-image-11372\" src=\"https:\/\/www.smd-led.pl\/blog\/wp-content\/uploads\/2023\/07\/Jaka-tematyka-obrazu-na-sciane-do-szarego-salonu.jpg\" alt=\"Obraz na szarej \u015bcianie\" width=\"1200\" height=\"600\" srcset=\"https:\/\/www.smd-led.pl\/blog\/wp-content\/uploads\/2023\/07\/Jaka-tematyka-obrazu-na-sciane-do-szarego-salonu.jpg 1200w, https:\/\/www.smd-led.pl\/blog\/wp-content\/uploads\/2023\/07\/Jaka-tematyka-obrazu-na-sciane-do-szarego-salonu-300x150.jpg 300w, https:\/\/www.smd-led.pl\/blog\/wp-content\/uploads\/2023\/07\/Jaka-tematyka-obrazu-na-sciane-do-szarego-salonu-1024x512.jpg 1024w, https:\/\/www.smd-led.pl\/blog\/wp-content\/uploads\/2023\/07\/Jaka-tematyka-obrazu-na-sciane-do-szarego-salonu-768x384.jpg 768w\" sizes=\"auto, (max-width: 1200px) 100vw, 1200px\" \/><p id=\"caption-attachment-11372\" class=\"wp-caption-text\">Obraz na szarej \u015bcianie<\/p><\/div>\n<h2>Jaki rozmiar obrazu na szar\u0105 \u015bcian\u0119 w salonie<\/h2>\n<p>Wyb\u00f3r obrazu do salonu to nie tylko decyzja o motywie czy kolorystyce. Warto r\u00f3wnie\u017c zwr\u00f3ci\u0107 uwag\u0119 na rozmiar dzie\u0142a, kt\u00f3re ma zdobi\u0107 nasz\u0105 \u015bcian\u0119. Szary salon jest t\u0142em, kt\u00f3re pozwala na dowolne eksperymenty z wielko\u015bci\u0105 i formatem obraz\u00f3w. Oto kilka propozycji, kt\u00f3re mog\u0105 Ci\u0119 zainspirowa\u0107.<\/p>\n<ul>\n<li>Du\u017ce obrazy: Je\u017celi \u015bciana, na kt\u00f3rej planujesz powiesi\u0107 obraz, jest pusta i du\u017cej powierzchni, du\u017cy obraz b\u0119dzie \u015bwietnym pomys\u0142em. Taki obraz stanie si\u0119 centralnym punktem salonu, przyci\u0105gaj\u0105cym uwag\u0119 i nadaj\u0105cym charakter ca\u0142emu pomieszczeniu. Du\u017ce obrazy, o wymiarach na przyk\u0142ad 120&#215;150 cm, dobrze wygl\u0105daj\u0105 zar\u00f3wno w formie drukowanych reprodukcji, jak i oryginalnych prac malarskich.<\/li>\n<li>Kolekcja mniejszych obraz\u00f3w: Je\u015bli masz do dyspozycji mniejsz\u0105 przestrze\u0144 lub po prostu lubisz r\u00f3\u017cnorodno\u015b\u0107, stworzenie kolekcji mniejszych obraz\u00f3w mo\u017ce by\u0107 dla Ciebie idealnym rozwi\u0105zaniem. Mo\u017cesz powiesi\u0107 kilka obraz\u00f3w o r\u00f3\u017cnych wymiarach, tworz\u0105c unikaln\u0105 kompozycj\u0119 na \u015bcianie. Taka aran\u017cacja daje du\u017c\u0105 swobod\u0119 w doborze motyw\u00f3w i styl\u00f3w. W przypadku mniejszych obraz\u00f3w dobrze sprawdz\u0105 si\u0119 formaty takie jak 30&#215;40 cm, 50&#215;50 cm czy 40&#215;60 cm.<\/li>\n<li>Pionowe i poziome obrazy: Kierunek, w kt\u00f3rym zawiesimy obraz, r\u00f3wnie\u017c ma znaczenie. Pionowe obrazy mog\u0105 &#8222;podnie\u015b\u0107&#8221; sufit i doda\u0107 przestrzeni g\u0142\u0119bi, natomiast poziome mog\u0105 &#8222;poszerzy\u0107&#8221; pomieszczenie i sprawi\u0107, \u017ce b\u0119dzie ono wydawa\u0107 si\u0119 wi\u0119ksze. Warto wybra\u0107 format, kt\u00f3ry najlepiej pasuje do proporcji \u015bciany &#8211; na w\u0119\u017cszej \u015bcianie dobrze sprawdz\u0105 si\u0119 obrazy pionowe (np. 60&#215;90 cm), na szerszej &#8211; poziome (np. 120&#215;80 cm).<\/li>\n<li>Obrazy drukowane i malowane: Zar\u00f3wno drukowane reprodukcje, jak i oryginalne prace malarskie, mog\u0105 doskonale prezentowa\u0107 si\u0119 na szarej \u015bcianie w salonie. Drukowane obrazy s\u0105 cz\u0119sto ta\u0144sze i dost\u0119pne w wi\u0119kszym wyborze motyw\u00f3w i styl\u00f3w. Obrazy malowane natomiast, mog\u0105 doda\u0107 salonowi indywidualnego charakteru i artystycznego klimatu.<\/li>\n<\/ul>\n<p>Jaki rozmiar obrazu na szar\u0105 \u015bcian\u0119 w salonie? Cz\u0119sto zadawane pytanie do architekt\u00f3w. Wyb\u00f3r rozmiaru obraz\u00f3w do salonu z szarymi \u015bcianami zale\u017cy przede wszystkim od Twojego gustu, stylu wn\u0119trza i wielko\u015bci pomieszczenia. Bez wzgl\u0119du na to, czy zdecydujesz si\u0119 na du\u017cy obraz, kolekcj\u0119 mniejszych dzie\u0142, czy obrazy drukowane czy malowane, pami\u0119taj, \u017ce obrazy to element dekoracji, kt\u00f3ry mo\u017ce ca\u0142kowicie odmieni\u0107 wygl\u0105d salonu i nada\u0107 mu unikalnego charakteru.<\/p>\n<div id=\"attachment_11373\" style=\"width: 1210px\" class=\"wp-caption aligncenter\"><img loading=\"lazy\" decoding=\"async\" aria-describedby=\"caption-attachment-11373\" class=\"wp-image-11373 size-full\" src=\"https:\/\/www.smd-led.pl\/blog\/wp-content\/uploads\/2023\/07\/Jaki-rozmiar-obrazu-na-szara-sciane-w-salonie.jpg\" alt=\"nowoczesne obrazy obrazy do salonu w ramach\" width=\"1200\" height=\"600\" srcset=\"https:\/\/www.smd-led.pl\/blog\/wp-content\/uploads\/2023\/07\/Jaki-rozmiar-obrazu-na-szara-sciane-w-salonie.jpg 1200w, https:\/\/www.smd-led.pl\/blog\/wp-content\/uploads\/2023\/07\/Jaki-rozmiar-obrazu-na-szara-sciane-w-salonie-300x150.jpg 300w, https:\/\/www.smd-led.pl\/blog\/wp-content\/uploads\/2023\/07\/Jaki-rozmiar-obrazu-na-szara-sciane-w-salonie-1024x512.jpg 1024w, https:\/\/www.smd-led.pl\/blog\/wp-content\/uploads\/2023\/07\/Jaki-rozmiar-obrazu-na-szara-sciane-w-salonie-768x384.jpg 768w\" sizes=\"auto, (max-width: 1200px) 100vw, 1200px\" \/><p id=\"caption-attachment-11373\" class=\"wp-caption-text\">nowoczesne obrazy do salonu w ramach &#8211; obraz na szarej \u015bcianie<\/p><\/div>\n<h2>Szare \u015bciany jakie dodatki<\/h2>\n<p>Szare \u015bciany oferuj\u0105 nieograniczone mo\u017cliwo\u015bci w kontek\u015bcie doboru dodatk\u00f3w. Uniwersalny, szary kolor jest doskona\u0142ym t\u0142em, kt\u00f3re mo\u017cna wzbogaci\u0107 o r\u00f3\u017cnorodne elementy. Poni\u017cej przedstawiam kilka inspiruj\u0105cych pomys\u0142\u00f3w:<\/p>\n<ul>\n<li>Obrazy i plakaty: Obrazy i plakaty s\u0105 jednym z najprostszych sposob\u00f3w na dodanie charakteru szarym \u015bcianom. Wybierz dzie\u0142a, kt\u00f3re odzwierciedlaj\u0105 Tw\u00f3j styl i osobowo\u015b\u0107. Mog\u0105 to by\u0107 abstrakcyjne motywy, pejza\u017ce, portrety czy plakaty filmowe i muzyczne. Du\u017cy, kolorowy obraz mo\u017ce sta\u0107 si\u0119 centrum uwagi, a kolekcja mniejszych plakat\u00f3w tworzy niepowtarzaln\u0105 galeri\u0119.<\/li>\n<li>Lustra: Lustro to nie tylko praktyczny element wystroju, ale r\u00f3wnie\u017c dekoracyjny. Wieszaj\u0105c lustro na \u015bcianie, optycznie powi\u0119kszasz przestrze\u0144, dodaj\u0105c jej lekko\u015bci i jasno\u015bci. Klasyczne, okr\u0105g\u0142e lustro, du\u017ce lustro w prostok\u0105tnym kszta\u0142cie czy kolekcja ma\u0142ych luster to tylko niekt\u00f3re z mo\u017cliwo\u015bci.<\/li>\n<li>P\u00f3\u0142ki i rega\u0142y: P\u00f3\u0142ki i rega\u0142y to nie tylko miejsce do przechowywania ksi\u0105\u017cek czy pami\u0105tek. Mog\u0105 one s\u0142u\u017cy\u0107 r\u00f3wnie\u017c jako powierzchnia do wyeksponowania ulubionych przedmiot\u00f3w, takich jak ramki ze zdj\u0119ciami, doniczki z ro\u015blinami czy figurek.<\/li>\n<li>Zielone ro\u015bliny: Ro\u015bliny w doniczkach to \u015bwietny spos\u00f3b na dodanie koloru i \u017cycia szarym \u015bcianom. Wysokie ro\u015bliny, takie jak palmy, draceny czy filodendrony, mog\u0105 sta\u0107 na pod\u0142odze, mniejsze ro\u015bliny, takie jak sukulenty, kaktusy czy storczyki, mo\u017cna postawi\u0107 na p\u00f3\u0142kach, rega\u0142ach czy parapecie.<\/li>\n<li>O\u015bwietlenie: Lampy i \u017cyrandole nie tylko dostarczaj\u0105 \u015bwiat\u0142a, ale mog\u0105 stanowi\u0107 ciekawy element dekoracyjny. Industrialne lampy sufitowe, nowoczesne kinkiety, lampy pod\u0142ogowe z ciep\u0142ym \u015bwiat\u0142em to tylko niekt\u00f3re z propozycji. O\u015bwietlenie mo\u017ce doda\u0107 szarym \u015bcianom ciep\u0142a i przytulno\u015bci.<\/li>\n<\/ul>\n<p>Szary kolor \u015bcian pozwala na wiele eksperyment\u00f3w z dodatkami. Wybierz te, kt\u00f3re najbardziej Ci si\u0119 podobaj\u0105 i tw\u00f3rz swoje wymarzone wn\u0119trze, pe\u0142ne osobistego stylu i charakteru. Pami\u0119taj, \u017ce zmiana dodatk\u00f3w to prosty spos\u00f3b na szybk\u0105 metamorfoz\u0119 wn\u0119trza i dostosowanie go do aktualnych trend\u00f3w, nastroju czy pory roku.<\/p>\n<div id=\"attachment_11374\" style=\"width: 1210px\" class=\"wp-caption aligncenter\"><img loading=\"lazy\" decoding=\"async\" aria-describedby=\"caption-attachment-11374\" class=\"wp-image-11374 size-full\" src=\"https:\/\/www.smd-led.pl\/blog\/wp-content\/uploads\/2023\/07\/Szare-sciany-jakie-dodatki.jpg\" alt=\"Szare \u015bciany jakie dodatki - Obraz na szarej \u015bcianie\" width=\"1200\" height=\"600\" srcset=\"https:\/\/www.smd-led.pl\/blog\/wp-content\/uploads\/2023\/07\/Szare-sciany-jakie-dodatki.jpg 1200w, https:\/\/www.smd-led.pl\/blog\/wp-content\/uploads\/2023\/07\/Szare-sciany-jakie-dodatki-300x150.jpg 300w, https:\/\/www.smd-led.pl\/blog\/wp-content\/uploads\/2023\/07\/Szare-sciany-jakie-dodatki-1024x512.jpg 1024w, https:\/\/www.smd-led.pl\/blog\/wp-content\/uploads\/2023\/07\/Szare-sciany-jakie-dodatki-768x384.jpg 768w\" sizes=\"auto, (max-width: 1200px) 100vw, 1200px\" \/><p id=\"caption-attachment-11374\" class=\"wp-caption-text\">Szare \u015bciany jakie dodatki &#8211; Obraz na szarej \u015bcianie<\/p><\/div>\n<div class=\"call-to-action-07\"><div class=\"call-to-action-07__product-box\"><img decoding=\"async\" src=\"https:\/\/www.smd-led.pl\/blog\/wp-content\/uploads\/2023\/07\/Lampka-Stolowa-K-4372-Z-Serii-Remi-Gray-K-4372-.jpg\" alt=\"Lampka Sto\u0142owa K-4372 Z Serii Remi Gray K-4372\" \/><span class=\"call-to-action-07__product-title\">LAMPKA STO\u0141OWA K-4372 Z SERII REMI GRAY<\/span><a href=\"https:\/\/www.smd-led.pl\/lampa-stolowa\" class=\"button\" id=\"lampy_skandynawskie\" target=\"_self\">zobacz produkt<\/a><\/div><div class=\"call-to-action-07__product-box\"><img decoding=\"async\" src=\"https:\/\/www.smd-led.pl\/blog\/wp-content\/uploads\/2023\/07\/LAMPA-WISZACA-K-4370-Z-SERII-REMI-GRAY-K-4370.jpg\" alt=\"LAMPA WISZ\u0104CA K-4370 Z SERII REMI GRAY K-4370\" \/><span class=\"call-to-action-07__product-title\">LAMPA WISZ\u0104CA K-4370 Z SERII REMI GRAY<\/span><a href=\"https:\/\/www.smd-led.pl\/lampa-wiszaca\" class=\"button\" id=\"lampy_skandynawskie\" target=\"_self\">zobacz produkt<\/a><\/div><div class=\"call-to-action-07__product-box\"><img decoding=\"async\" src=\"https:\/\/www.smd-led.pl\/blog\/wp-content\/uploads\/2023\/07\/Szary-Dekoracyjny-Scienny-Kinkiet-Basket-1Xe27.jpg\" alt=\"Szary Dekoracyjny \u015acienny Kinkiet Basket 1Xe27\" \/><span class=\"call-to-action-07__product-title\">SZARY DEKORACYJNY \u015aCIENNY KINKIET BASKET 1XE27<\/span><a href=\"https:\/\/www.smd-led.pl\/kinkiet-do-salonu\" class=\"button\" id=\"lampy_skandynawskie\" target=\"_self\">zobacz produkt<\/a><\/div><\/div>\n<h2>Czy obrazy w szaro\u015bciach pasuj\u0105 do szarego salonu<\/h2>\n<p>Czy obrazy w szaro\u015bciach pasuj\u0105 do szarego salonu? Odpowied\u017a brzmi: tak, obrazy w szaro\u015bciach mog\u0105 by\u0107 \u015bwietnym dodatkiem do szarego salonu. Szaro\u015b\u0107 jest wszechstronnym kolorem, kt\u00f3ry dobrze komponuje si\u0119 zar\u00f3wno z innymi odcieniami szaro\u015bci, jak i z innymi kolorami. Szare obrazy mog\u0105 wprowadzi\u0107 subtelne niuanse i g\u0142\u0119bi\u0119 do wn\u0119trza, jednocze\u015bnie utrzymuj\u0105c sp\u00f3jno\u015b\u0107 kolorystyczn\u0105. Szary salon to jedno z najpopularniejszych wn\u0119trzarskich trend\u00f3w ostatnich lat. Jest to kolor neutralny, elegancki i ponadczasowy, kt\u00f3ry nadaje si\u0119 do wielu styl\u00f3w wystroju. W przypadku urz\u0105dzania takiego salonu, obrazy mog\u0105 odgrywa\u0107 kluczow\u0105 rol\u0119 w tworzeniu odpowiedniej atmosfery i dodawaniu charakteru pomieszczeniu. Pytanie brzmi, czy obrazy w szaro\u015bciach b\u0119d\u0105 pasowa\u0107 do ju\u017c szarego salonu? Wybieraj\u0105c obrazy w szaro\u015bciach, warto zwr\u00f3ci\u0107 uwag\u0119 na kilka czynnik\u00f3w.<\/p>\n<ul>\n<li>Po pierwsze, istotne jest dopasowanie odcieni szaro\u015bci mi\u0119dzy obrazem a reszt\u0105 wystroju. Je\u015bli salon ma ch\u0142odniejsze odcienie szaro\u015bci, warto wybra\u0107 obrazy o podobnej tonacji. Je\u015bli natomiast salon ma cieplejsze odcienie szaro\u015bci, mo\u017cna postawi\u0107 na obrazy z delikatnymi be\u017cami lub br\u0105zami.<\/li>\n<li>Po drugie, warto zwr\u00f3ci\u0107 uwag\u0119 na tematyk\u0119 obraz\u00f3w. Szary salon jest doskona\u0142ym t\u0142em dla r\u00f3\u017cnych styl\u00f3w artystycznych i temat\u00f3w. Mo\u017cesz wybra\u0107 abstrakcyjne kompozycje, minimalistyczne linie, krajobrazy, portrety lub geometryczne wzory w szaro\u015bciach. Wa\u017cne jest, aby obrazy harmonizowa\u0142y z reszt\u0105 wystroju i by\u0142y sp\u00f3jne stylistycznie.<\/li>\n<li>Po trzecie, rozmiar i uk\u0142ad obraz\u00f3w maj\u0105 znaczenie. Je\u015bli masz du\u017ce \u015bciany, mo\u017cesz postawi\u0107 na wi\u0119ksze obrazy lub zestawienie kilku mniejszych obraz\u00f3w w jednym miejscu. Mo\u017cesz r\u00f3wnie\u017c eksperymentowa\u0107 z r\u00f3\u017cnymi kszta\u0142tami ram, aby doda\u0107 ciekawego efektu wizualnego. W przypadku mniejszych salon\u00f3w, lepiej jest wybra\u0107 mniejsze obrazy, kt\u00f3re nie przyt\u0142ocz\u0105 przestrzeni.<\/li>\n<\/ul>\n<p>Obrazy w szaro\u015bciach doskonale pasuj\u0105 do szarego salonu. Wzmacniaj\u0105 one estetyk\u0119 pomieszczenia, nadaj\u0105 mu charakteru i tworz\u0105 harmonijn\u0105 atmosfer\u0119. Wybieraj\u0105c odpowiednie odcienie i tematyk\u0119 obraz\u00f3w, mo\u017cna stworzy\u0107 wn\u0119trze, kt\u00f3re b\u0119dzie zar\u00f3wno stylowe, jak i nowoczesne. Czy obrazy w szaro\u015bciach pasuj\u0105 do szarego salonu? Podsumowuj\u0105c oczywi\u015bcie \u017ce tak style si\u0119 \u0142\u0105cz\u0105 jaki i mieszaj\u0105 ka\u017cde pomieszczenie zale\u017cne jest od naszych upodoba\u0144. Mo\u017cemy si\u0119 cz\u0119sto inspirowa\u0107 r\u00f3\u017cnymi stylami chod\u017a najwa\u017cniejsz\u0105 kwestia jest nasze samopoczucie i nas gust co nam si\u0119 po prostu podoba.<\/p>\n<div id=\"attachment_11375\" style=\"width: 1210px\" class=\"wp-caption aligncenter\"><img loading=\"lazy\" decoding=\"async\" aria-describedby=\"caption-attachment-11375\" class=\"wp-image-11375 size-full\" src=\"https:\/\/www.smd-led.pl\/blog\/wp-content\/uploads\/2023\/07\/Czy-obrazy-w-szarosciach-pasuja-do-szarego-salonu.jpg\" alt=\"Jakie obrazy do szarego salonu - Obraz na szarej \u015bcianie\" width=\"1200\" height=\"600\" srcset=\"https:\/\/www.smd-led.pl\/blog\/wp-content\/uploads\/2023\/07\/Czy-obrazy-w-szarosciach-pasuja-do-szarego-salonu.jpg 1200w, https:\/\/www.smd-led.pl\/blog\/wp-content\/uploads\/2023\/07\/Czy-obrazy-w-szarosciach-pasuja-do-szarego-salonu-300x150.jpg 300w, https:\/\/www.smd-led.pl\/blog\/wp-content\/uploads\/2023\/07\/Czy-obrazy-w-szarosciach-pasuja-do-szarego-salonu-1024x512.jpg 1024w, https:\/\/www.smd-led.pl\/blog\/wp-content\/uploads\/2023\/07\/Czy-obrazy-w-szarosciach-pasuja-do-szarego-salonu-768x384.jpg 768w\" sizes=\"auto, (max-width: 1200px) 100vw, 1200px\" \/><p id=\"caption-attachment-11375\" class=\"wp-caption-text\">Jakie obrazy do szarego salonu &#8211; Obraz na szarej \u015bcianie<\/p><\/div>\n<h2>Obrazy do du\u017cego salonu w kolorze szarym<\/h2>\n<p>Du\u017cy salon to przestrze\u0144, kt\u00f3ra daje nam wiele mo\u017cliwo\u015bci aran\u017cacyjnych. Kolor szary jest popularnym wyborem, poniewa\u017c dodaje elegancji i neutralno\u015bci wn\u0119trzu. Aby ten szary salon wygl\u0105da\u0142 jeszcze lepiej, warto rozwa\u017cy\u0107 dodanie obraz\u00f3w, kt\u00f3re b\u0119d\u0105 widnie\u0107 na \u015bcianach i dekorowa\u0107 przestrze\u0144. Obrazy do du\u017cego salonu w kolorze szarym dodaj\u0105 nam kunsztu i stylu co czasem brakuj\u0119 w wn\u0119trzu. Jak dobra\u0107 obrazy szare, kt\u00f3re b\u0119d\u0105 idealnie pasowa\u0107 do du\u017cego salonu? Oto kilka wskaz\u00f3wek, jak poleca\u0107 i dostosowa\u0107 je do preferencji.<\/p>\n<ul>\n<li>Dopasowanie kolor\u00f3w: Wybieraj\u0105c obrazy szare, wa\u017cne jest dopasowanie ich odcienia do reszty wystroju salonu. Mo\u017cesz zdecydowa\u0107 si\u0119 na szare obrazy o podobnej tonacji, kt\u00f3re b\u0119d\u0105 harmonizowa\u0107 z innymi elementami dekoracyjnymi w pomieszczeniu. Warto r\u00f3wnie\u017c rozwa\u017cy\u0107 dodanie akcent\u00f3w innych kolor\u00f3w, kt\u00f3re wprowadz\u0105 kontrast i o\u017cywi\u0105 przestrze\u0144.<\/li>\n<li>Tematyczny wyb\u00f3r: Preferencje dotycz\u0105ce temat\u00f3w obraz\u00f3w mog\u0105 si\u0119 r\u00f3\u017cni\u0107, dlatego warto zwr\u00f3ci\u0107 uwag\u0119 na to, co pasuje do gustu w\u0142a\u015bciciela salonu. Obrazy abstrakcyjne, pejza\u017ce, portrety czy te\u017c geometryczne wzory \u2013 istnieje wiele opcji, kt\u00f3re mog\u0105 odzwierciedla\u0107 indywidualny styl i zainteresowania. Istotne jest, aby obrazy by\u0142y sp\u00f3jne ze stylem aran\u017cacji i przekazywa\u0142y po\u017c\u0105dane emocje.<\/li>\n<li>Skala i proporcje: Du\u017ce \u015bciany du\u017cego salonu daj\u0105 nam mo\u017cliwo\u015b\u0107 eksperymentowania z r\u00f3\u017cnymi rozmiarami obraz\u00f3w. Mo\u017cna postawi\u0107 na du\u017ce, imponuj\u0105ce dzie\u0142a sztuki lub zestawi\u0107 kilka mniejszych obraz\u00f3w w jednym miejscu. Wa\u017cne jest, aby proporcje obraz\u00f3w by\u0142y odpowiednie do skali pomieszczenia. Przyjrzyj si\u0119 uwa\u017cnie przestrzeni, aby dostosowa\u0107 wielko\u015b\u0107 i uk\u0142ad obraz\u00f3w do wn\u0119trza.<\/li>\n<li>Kompozycja i uk\u0142ad: Kompozycja obraz\u00f3w mo\u017ce mie\u0107 du\u017ce znaczenie dla ostatecznego efektu wizualnego. Mo\u017cesz stworzy\u0107 symetryczn\u0105 kompozycj\u0119, umieszczaj\u0105c obrazy w linii prostej lub zdecydowa\u0107 si\u0119 na asymetryczne rozmieszczenie, co doda dynamiki i zainteresowania przestrzeni. Eksperymentuj z r\u00f3\u017cnymi uk\u0142adami, a\u017c znajdziesz ten, kt\u00f3ry najbardziej Ci odpowiada.<\/li>\n<\/ul>\n<p>Obrazy do du\u017cego salonu w kolorze szarym mog\u0105 by\u0107 doskona\u0142ym dodatkiem. Dobra kompozycja, dopasowanie kolor\u00f3w i temat\u00f3w oraz zastosowanie odpowiednich proporcji sprawi\u0105, \u017ce b\u0119d\u0105 one stanowi\u0107 estetyczn\u0105 dekoracj\u0119, kt\u00f3ra podkre\u015bli charakter pomieszczenia. Pami\u0119taj r\u00f3wnie\u017c o optymalizacji tre\u015bci zgodnie z zasadami SEO, aby dotrze\u0107 do wi\u0119kszej liczby os\u00f3b poszukuj\u0105cych inspiracji do aran\u017cacji swojego du\u017cego salonu.<\/p>\n<div id=\"attachment_11377\" style=\"width: 1210px\" class=\"wp-caption aligncenter\"><a href=\"https:\/\/www.smd-led.pl\/nowoczesne-lampy-stojace\"><img loading=\"lazy\" decoding=\"async\" aria-describedby=\"caption-attachment-11377\" class=\"wp-image-11377 size-full\" src=\"https:\/\/www.smd-led.pl\/blog\/wp-content\/uploads\/2023\/07\/Obrazy-do-duzego-salonu-w-kolorze-szarym.jpg\" alt=\"Du\u017cy obraz do salonu\" width=\"1200\" height=\"600\" srcset=\"https:\/\/www.smd-led.pl\/blog\/wp-content\/uploads\/2023\/07\/Obrazy-do-duzego-salonu-w-kolorze-szarym.jpg 1200w, https:\/\/www.smd-led.pl\/blog\/wp-content\/uploads\/2023\/07\/Obrazy-do-duzego-salonu-w-kolorze-szarym-300x150.jpg 300w, https:\/\/www.smd-led.pl\/blog\/wp-content\/uploads\/2023\/07\/Obrazy-do-duzego-salonu-w-kolorze-szarym-1024x512.jpg 1024w, https:\/\/www.smd-led.pl\/blog\/wp-content\/uploads\/2023\/07\/Obrazy-do-duzego-salonu-w-kolorze-szarym-768x384.jpg 768w\" sizes=\"auto, (max-width: 1200px) 100vw, 1200px\" \/><\/a><p id=\"caption-attachment-11377\" class=\"wp-caption-text\">Du\u017cy obraz do salonu &#8211; obraz na szarej \u015bcianie<\/p><\/div>\n<h2>Czy grafiki pasuj\u0105 jako obraz do szarej \u015bciany w salonie<\/h2>\n<p>Grafiki to wyj\u0105tkowe obrazy, kt\u00f3re mog\u0105 doda\u0107 niepowtarzalnego uroku i stylu do ka\u017cdego wn\u0119trza, w tym do salonu z szar\u0105 \u015bcian\u0105. Wyb\u00f3r grafik jako dekoracji jest \u015bwietnym sposobem na personalizacj\u0119 przestrzeni i dodanie unikalnego charakteru. Oto kilka powod\u00f3w, dlaczego grafiki doskonale pasuj\u0105 jako obrazy do szarej \u015bciany w salonie.<\/p>\n<ul>\n<li>Kontrast i wyrazisto\u015b\u0107: Szara \u015bciana stanowi doskona\u0142e t\u0142o dla grafik, poniewa\u017c tworzy kontrastowy efekt wizualny. Kolor szary w po\u0142\u0105czeniu z kolorowymi lub monochromatycznymi grafikami mo\u017ce nadawa\u0107 pomieszczeniu wyj\u0105tkowego charakteru. Wyraziste i dynamiczne grafiki mog\u0105 przyci\u0105ga\u0107 uwag\u0119 i stworzy\u0107 interesuj\u0105cy punkt centralny w salonie.<\/li>\n<li>Harmonia kolorystyczna: Wybieraj\u0105c grafiki do szarej \u015bciany, mo\u017cna skupi\u0107 si\u0119 na tworzeniu harmonijnej palety kolor\u00f3w. Mo\u017cesz wybiera\u0107 grafiki, kt\u00f3re zawieraj\u0105 odcienie szaro\u015bci, aby utrzyma\u0107 sp\u00f3jno\u015b\u0107 kolorystyczn\u0105 w ca\u0142ym pomieszczeniu. Ponadto, grafiki mog\u0105 wprowadza\u0107 subtelne akcenty kolorystyczne, kt\u00f3re uzupe\u0142niaj\u0105 palet\u0119 barw w salonie.<\/li>\n<li>Tematyczne dopasowanie: Grafiki daj\u0105 ogromne mo\u017cliwo\u015bci tematyczne. Mo\u017cesz wybiera\u0107 spo\u015br\u00f3d abstrakcyjnych kompozycji, krajobraz\u00f3w, portret\u00f3w, wzor\u00f3w geometrycznych, ilustracji czy fotografii. Dobieraj\u0105c grafiki, warto zwr\u00f3ci\u0107 uwag\u0119 na styl aran\u017cacji salonu i w\u0142asne preferencje, aby stworzy\u0107 przestrze\u0144, kt\u00f3ra odzwierciedla indywidualny gust i zainteresowania.<\/li>\n<li>Skala i proporcje: Wa\u017cne jest, aby dopasowa\u0107 rozmiar grafik do wielko\u015bci \u015bciany. Du\u017ce grafiki mog\u0105 by\u0107 imponuj\u0105cym elementem dominuj\u0105cym w salonie, podczas gdy mniejsze grafiki mog\u0105 by\u0107 uroczo uk\u0142adane w zestawieniach. Zadanie odpowiednich proporcji grafik do \u015bciany pomo\u017ce stworzy\u0107 estetyczne i zbalansowane wra\u017cenie wizualne.<\/li>\n<li>Odpowiednia prezentacja: Grafiki mo\u017cna prezentowa\u0107 na r\u00f3\u017cne sposoby, takie jak oprawianie w ramki, wykorzystanie galerii na \u015bcianie, umieszczenie na p\u00f3\u0142kach czy na regale. Mo\u017cliwo\u015bci s\u0105 nieograniczone, a spos\u00f3b prezentacji grafik wp\u0142ywa na og\u00f3ln\u0105 estetyk\u0119 i atmosfer\u0119 salonu.<\/li>\n<\/ul>\n<p>Czy grafiki pasuj\u0105 jako obraz do szarej \u015bciany w salonie? Pytanie jest proste grafiki s\u0105 znakomitym wyborem jako obrazy do szarej \u015bciany w salonie. Tworz\u0105 kontrast i wyrazisto\u015b\u0107, wprowadzaj\u0105 harmoni\u0119 kolorystyczn\u0105, pozwalaj\u0105 na tematyczne dopasowanie, a tak\u017ce umo\u017cliwiaj\u0105 dopasowanie skali i proporcji do pomieszczenia. Czarno bia\u0142a grafika ostatnio wpad\u0142a w viral i znajduj\u0119 znakomite zastosowanie jako dekoracje \u015bcienne.<\/p>\n<div id=\"attachment_11378\" style=\"width: 1210px\" class=\"wp-caption aligncenter\"><a href=\"https:\/\/www.smd-led.pl\/lampa-wiszaca-szklana\"><img loading=\"lazy\" decoding=\"async\" aria-describedby=\"caption-attachment-11378\" class=\"size-full wp-image-11378\" src=\"https:\/\/www.smd-led.pl\/blog\/wp-content\/uploads\/2023\/07\/Czy-grafiki-pasuja-jako-obraz-do-szare-sciany-w-salonie.jpg\" alt=\"Grafiki do salonu\" width=\"1200\" height=\"600\" srcset=\"https:\/\/www.smd-led.pl\/blog\/wp-content\/uploads\/2023\/07\/Czy-grafiki-pasuja-jako-obraz-do-szare-sciany-w-salonie.jpg 1200w, https:\/\/www.smd-led.pl\/blog\/wp-content\/uploads\/2023\/07\/Czy-grafiki-pasuja-jako-obraz-do-szare-sciany-w-salonie-300x150.jpg 300w, https:\/\/www.smd-led.pl\/blog\/wp-content\/uploads\/2023\/07\/Czy-grafiki-pasuja-jako-obraz-do-szare-sciany-w-salonie-1024x512.jpg 1024w, https:\/\/www.smd-led.pl\/blog\/wp-content\/uploads\/2023\/07\/Czy-grafiki-pasuja-jako-obraz-do-szare-sciany-w-salonie-768x384.jpg 768w\" sizes=\"auto, (max-width: 1200px) 100vw, 1200px\" \/><\/a><p id=\"caption-attachment-11378\" class=\"wp-caption-text\">Grafiki do salonu<\/p><\/div>\n\n<h2>Czy obrazy pastelowe pasuj\u0105 na szare \u015bciany w salonie<\/h2>\n<p>Szare \u015bciany w salonie stanowi\u0105 doskona\u0142e t\u0142o dla r\u00f3\u017cnych styl\u00f3w dekoracji i dodatk\u00f3w. Jednym z ciekawych wybor\u00f3w s\u0105 obrazy pastelowe, kt\u00f3re mog\u0105 wprowadzi\u0107 subtelno\u015b\u0107, delikatno\u015b\u0107 i harmoni\u0119 kolor\u00f3w do pomieszczenia. Czy obrazy pastelowe pasuj\u0105 na szare \u015bciany w salonie? Odpowied\u017a brzmi: tak! Przeanalizujmy, dlaczego obrazy pastelowe s\u0105 znakomitym wyborem na szarych \u015bcianach i jak wp\u0142ywaj\u0105 na atmosfer\u0119 wn\u0119trza.<\/p>\n<ul>\n<li>Kontrast i harmonia kolorystyczna: Szara \u015bciana tworzy doskona\u0142e t\u0142o dla obraz\u00f3w pastelowych. Kontrast mi\u0119dzy szaro\u015bci\u0105 a delikatnymi, subtelnie nasyconymi kolorami pastelowymi tworzy wyj\u0105tkowy efekt wizualny. Obrazy w odcieniach pastelowych mog\u0105 wprowadza\u0107 harmoni\u0119 kolorystyczn\u0105 do salonu, \u0142\u0105cz\u0105c r\u00f3\u017cne odcienie i tworz\u0105c spokojn\u0105, uspokajaj\u0105c\u0105 atmosfer\u0119.<\/li>\n<li>Subtelno\u015b\u0107 i delikatno\u015b\u0107: Obrazy pastelowe charakteryzuj\u0105 si\u0119 \u0142agodnymi, stonowanymi kolorami, kt\u00f3re nie przyt\u0142aczaj\u0105 przestrzeni, ale dodaj\u0105 jej lekko\u015bci i subtelno\u015bci. Na szarych \u015bcianach, kt\u00f3re same s\u0105 neutralne, obrazy pastelowe mog\u0105 wprowadza\u0107 odrobin\u0119 koloru, ale w subtelny spos\u00f3b, dzi\u0119ki czemu ca\u0142o\u015b\u0107 pozostaje elegancka i harmonijna.<\/li>\n<li>Stylowe dopasowanie: Obrazy pastelowe doskonale pasuj\u0105 do r\u00f3\u017cnych styl\u00f3w wystroju salonu jako dekoracje \u015bcian. Mog\u0105 by\u0107 wykorzystane w minimalistycznych aran\u017cacjach, skandynawskich wn\u0119trzach czy te\u017c romantycznych. Zale\u017cy to od motywu, tematu i stylu samych obraz\u00f3w. Dobieraj\u0105c obrazy pastelowe, warto zwr\u00f3ci\u0107 uwag\u0119 na to, \u017ceby by\u0142y one sp\u00f3jne z reszt\u0105 wystroju i dodawa\u0142y mu charakteru.<\/li>\n<li>Wyraz artystyczny: Obrazy pastelowe cz\u0119sto emanuj\u0105 delikatno\u015bci\u0105 i artystycznym wdzi\u0119kiem. Ich subtelne kszta\u0142ty, tekstury i kolorystyka mog\u0105 przyci\u0105ga\u0107 wzrok i stanowi\u0107 pi\u0119kne dzie\u0142a sztuki. Ciekawe kompozycje, abstrakcyjne motywy czy te\u017c pejza\u017ce w pastelowych odcieniach mog\u0105 by\u0107 nie tylko dekoracyjne, ale tak\u017ce wyrazem artystycznego wyczucia.<\/li>\n<\/ul>\n<p>Czy obrazy pastelowe pasuj\u0105 na szare \u015bciany w salonie? Odpowied\u017a brzmi tak poniewa\u017c obrazy do salonu wprowadzaj\u0105 subtelno\u015b\u0107, delikatno\u015b\u0107 i harmoni\u0119 kolor\u00f3w, tworz\u0105c wyj\u0105tkow\u0105 atmosfer\u0119. Kiedy obrazy pastelowe spotykaj\u0105 si\u0119 ze szarymi \u015bcianami, dodaj\u0105 one ciep\u0142a i koloru, zapobiegaj\u0105c monotonii. U\u017cywaj\u0105c takiego zestawienia, mo\u017cemy \u0142atwo osi\u0105gn\u0105\u0107 styl, kt\u00f3ry jest zar\u00f3wno elegancki, jak i przytulny, staj\u0105c si\u0119 uzupe\u0142nieniem dla dowolnego rodzaju dekoracji. Pastelowe obrazy idealnie wpasowuj\u0105 si\u0119 w szary salon.<\/p>\n<div id=\"attachment_11379\" style=\"width: 1210px\" class=\"wp-caption aligncenter\"><a href=\"https:\/\/www.smd-led.pl\/lampa-wiszaca-zlota\"><img loading=\"lazy\" decoding=\"async\" aria-describedby=\"caption-attachment-11379\" class=\"size-full wp-image-11379\" src=\"https:\/\/www.smd-led.pl\/blog\/wp-content\/uploads\/2023\/07\/Czy-obrazy-pastelowe-pasuja-na-szare-sciany-w-salonie.jpg\" alt=\"Pastelowe obrazy do salonu\" width=\"1200\" height=\"600\" srcset=\"https:\/\/www.smd-led.pl\/blog\/wp-content\/uploads\/2023\/07\/Czy-obrazy-pastelowe-pasuja-na-szare-sciany-w-salonie.jpg 1200w, https:\/\/www.smd-led.pl\/blog\/wp-content\/uploads\/2023\/07\/Czy-obrazy-pastelowe-pasuja-na-szare-sciany-w-salonie-300x150.jpg 300w, https:\/\/www.smd-led.pl\/blog\/wp-content\/uploads\/2023\/07\/Czy-obrazy-pastelowe-pasuja-na-szare-sciany-w-salonie-1024x512.jpg 1024w, https:\/\/www.smd-led.pl\/blog\/wp-content\/uploads\/2023\/07\/Czy-obrazy-pastelowe-pasuja-na-szare-sciany-w-salonie-768x384.jpg 768w\" sizes=\"auto, (max-width: 1200px) 100vw, 1200px\" \/><\/a><p id=\"caption-attachment-11379\" class=\"wp-caption-text\">Pastelowe obrazy do salonu<\/p><\/div>\n<h2>Jaki obraz olejny na p\u0142\u00f3tnie pasuje do szarego salonu<\/h2>\n<p>Obraz olejny na p\u0142\u00f3tnie to doskona\u0142y wyb\u00f3r, je\u015bli chcesz doda\u0107 szaremu salonowi wyrazisto\u015bci, g\u0142\u0119bi i artystycznego charakteru. Szaro\u015b\u0107 jest neutralnym kolorem, kt\u00f3ry dobrze komponuje si\u0119 z r\u00f3\u017cnymi stylami wystroju, wi\u0119c mo\u017cliwo\u015bci s\u0105 szerokie. Jaki obraz dobra\u0107 do szarej \u015bciany? Oto kilka wskaz\u00f3wek, jak wybra\u0107 idealny obraz olejny na p\u0142\u00f3tnie, kt\u00f3ry pasuje do szarego salonu.<\/p>\n<ol>\n<li>Kontrast i harmonia kolorystyczna: Szara \u015bciana stanowi doskona\u0142e t\u0142o dla obraz\u00f3w olejnych. Kontrast mi\u0119dzy szaro\u015bci\u0105 a \u017cywymi, intensywnymi kolorami obrazu mo\u017ce stworzy\u0107 wspania\u0142\u0105 wizualn\u0105 ekspresj\u0119. Warto zwr\u00f3ci\u0107 uwag\u0119 na palet\u0119 barw obrazu olejnego, aby harmonizowa\u0142a z odcieniem szaro\u015bci w salonie. Mo\u017cesz wybra\u0107 obrazy z akcentami kolor\u00f3w kontrastowych lub obrazy w delikatniejszych, stonowanych tonacjach.<\/li>\n<li>Styl i temat: Wyb\u00f3r stylu i tematu obrazu olejnego zale\u017cy od preferencji i charakteru salonu. Mo\u017cesz zdecydowa\u0107 si\u0119 na abstrakcyjne kompozycje, pejza\u017ce, portrety, martwe natury, czy te\u017c dzie\u0142a inspirowane r\u00f3\u017cnymi epokami i stylami artystycznymi. Warto dopasowa\u0107 styl obrazu do og\u00f3lnej koncepcji wystroju salonu, aby wprowadzi\u0107 sp\u00f3jno\u015b\u0107 i estetyczne zgranie.<\/li>\n<li>Rozmiar i proporcje: Du\u017cy salon z szarymi \u015bcianami daje mo\u017cliwo\u015b\u0107 umieszczenia wi\u0119kszego obrazu olejnego na p\u0142\u00f3tnie, kt\u00f3ry b\u0119dzie stanowi\u0142 centralny punkt pomieszczenia. Du\u017ce dzie\u0142o sztuki mo\u017ce by\u0107 imponuj\u0105ce i nadawa\u0107 salonowi elegancji. Je\u015bli salon ma mniejsze rozmiary, warto wybra\u0107 mniejszy obraz lub zestawienie kilku mniejszych dzie\u0142, aby nie przyt\u0142oczy\u0107 przestrzeni. Proporcje obrazu na p\u0142\u00f3tnie powinny by\u0107 odpowiednio dostosowane do rozmiaru \u015bciany i mebli.<\/li>\n<li>Wyra\u017ane tekstury i faktury: Obrazy olejne na p\u0142\u00f3tnie charakteryzuj\u0105 si\u0119 bogactwem tekstur i faktur, kt\u00f3re dodaj\u0105 im wyj\u0105tkowego uroku. Mo\u017cesz wybra\u0107 obraz, kt\u00f3ry ma reliefowe elementy, g\u0119ste farby lub interesuj\u0105ce struktury. Tekstury mog\u0105 wprowadzi\u0107 tr\u00f3jwymiarowo\u015b\u0107 i dodatkowy wymiar do salonu, tworz\u0105c interesuj\u0105cy wizualny efekt.<\/li>\n<li>Odpowiednie o\u015bwietlenie: Pami\u0119taj o odpowiednim o\u015bwietleniu obrazu olejnego na p\u0142\u00f3tnie, aby podkre\u015bli\u0107 jego pi\u0119kno. Mo\u017cesz wykorzysta\u0107 kierunkowe o\u015bwietlenie, aby skierowa\u0107 \u015bwiat\u0142o na obraz i podkre\u015bli\u0107 jego detale i faktury. Dobrze dobrana iluminacja mo\u017ce doda\u0107 dramatyzmu i g\u0142\u0119bi obrazowi.<\/li>\n<\/ol>\n<p>Jaki obraz olejny na p\u0142\u00f3tnie pasuje do szarego salonu? Wyb\u00f3r obrazu olejnego na p\u0142\u00f3tnie do szarego salonu zale\u017cy od preferencji i charakteru pomieszczenia. Kontrast, harmonia kolorystyczna, styl, rozmiar, tekstury i odpowiednie o\u015bwietlenie s\u0105 kluczowe w tworzeniu doskona\u0142ej aran\u017cacji. Najwa\u017cniejsze w wybraniu jaki obraz olejny na p\u0142\u00f3tnie pasuje do szarego salonu jest nasza kwestia indywidualna ka\u017cdy ma sw\u00f3j styl oczywi\u015bcie mo\u017cna inspirowa\u0107 si\u0119 r\u00f3\u017cnymi stylami chod\u017a najwa\u017cniejsze jest nasze samopoczucie i tym trzeba kierowa\u0107 si\u0119 przy wyborze obrazu na p\u0142\u00f3tnie.<\/p>\n<div id=\"attachment_11380\" style=\"width: 1210px\" class=\"wp-caption aligncenter\"><a href=\"https:\/\/www.smd-led.pl\/lampa-stolowa\"><img loading=\"lazy\" decoding=\"async\" aria-describedby=\"caption-attachment-11380\" class=\"size-full wp-image-11380\" src=\"https:\/\/www.smd-led.pl\/blog\/wp-content\/uploads\/2023\/07\/Jaki-obraz-olejny-na-plotnie-pasuje-do-szarego-salonu.jpg\" alt=\"Obrazy olejne na p\u0142\u00f3tnie\" width=\"1200\" height=\"600\" srcset=\"https:\/\/www.smd-led.pl\/blog\/wp-content\/uploads\/2023\/07\/Jaki-obraz-olejny-na-plotnie-pasuje-do-szarego-salonu.jpg 1200w, https:\/\/www.smd-led.pl\/blog\/wp-content\/uploads\/2023\/07\/Jaki-obraz-olejny-na-plotnie-pasuje-do-szarego-salonu-300x150.jpg 300w, https:\/\/www.smd-led.pl\/blog\/wp-content\/uploads\/2023\/07\/Jaki-obraz-olejny-na-plotnie-pasuje-do-szarego-salonu-1024x512.jpg 1024w, https:\/\/www.smd-led.pl\/blog\/wp-content\/uploads\/2023\/07\/Jaki-obraz-olejny-na-plotnie-pasuje-do-szarego-salonu-768x384.jpg 768w\" sizes=\"auto, (max-width: 1200px) 100vw, 1200px\" \/><\/a><p id=\"caption-attachment-11380\" class=\"wp-caption-text\">Obrazy olejne na p\u0142\u00f3tnie<\/p><\/div>\n<div class=\"call-to-action-07\"><div class=\"call-to-action-07__product-box\"><img decoding=\"async\" src=\"https:\/\/www.smd-led.pl\/blog\/wp-content\/uploads\/2023\/07\/LAMPA-WISZACA-K-4370-Z-SERII-REMI-GRAY-K-4370-1.jpg\" alt=\"Lampa Z Aba\u017curem Do Sypialni K-4344 Z Serii Simone E27\" \/><span class=\"call-to-action-07__product-title\">LAMPA Z ABA\u017bUREM DO SYPIALNI K-4344 Z SERII SIMONE E27<\/span><a href=\"https:\/\/www.smd-led.pl\/kinkiet-szary-skandynawski\" class=\"button\" id=\"skandynawskie_lampy\" target=\"_self\">zobacz produkt<\/a><\/div><div class=\"call-to-action-07__product-box\"><img decoding=\"async\" src=\"https:\/\/www.smd-led.pl\/blog\/wp-content\/uploads\/2023\/07\/Lampa-Wiszaca-K-4340-Z-Serii-Simone-Gray.jpg\" alt=\"Lampa Wisz\u0105ca K-4340 Z Serii Simone Gray\" \/><span class=\"call-to-action-07__product-title\">LAMPA WISZ\u0104CA K-4340 Z SERII SIMONE GRAY<\/span><a href=\"https:\/\/www.smd-led.pl\/lampa-jednopunktowa\" class=\"button\" id=\"skandynawskie_lampy\" target=\"_self\">zobacz produkt<\/a><\/div><div class=\"call-to-action-07__product-box\"><img decoding=\"async\" src=\"https:\/\/www.smd-led.pl\/blog\/wp-content\/uploads\/2023\/07\/Szary-Kinkiet-Scienny-K-4584-Z-Serii-Mika-E27-K-4584.jpg\" alt=\"Szary Kinkiet \u015acienny K-4584 Z Serii Mika E27\" \/><span class=\"call-to-action-07__product-title\">SZARY KINKIET \u015aCIENNY K-4584 Z SERII MIKA E27<\/span><a href=\"https:\/\/www.smd-led.pl\/kinkiet-szary-skandynawski\" class=\"button\" id=\"skandynawskie_lampy\" target=\"_self\">zobacz produkt<\/a><\/div><\/div>\n<h2>Czy szkice w\u0119glem pasuj\u0105 do szarej \u015bciany w salonie<\/h2>\n<p>Szkice w\u0119glem jako dodatki do szarych \u015bcian w salonie &#8211; stylowe i wyraziste akcenty. Tak, szkice w\u0119glem s\u0105 doskona\u0142ymi dodatkami do szarych \u015bcian w salonie. Szkice w\u0119glem charakteryzuj\u0105 si\u0119 swoj\u0105 surowo\u015bci\u0105, kontrastem i wyrazisto\u015bci\u0105, kt\u00f3re doskonale komponuj\u0105 si\u0119 z neutralno\u015bci\u0105 szarego t\u0142a. Dodatkowo, wprowadzaj\u0105 one do wn\u0119trza artystyczny i oryginalny charakter. Oto kilka wskaz\u00f3wek dotycz\u0105cych szkic\u00f3w w\u0119glem jako dodatk\u00f3w na szarych \u015bcianach salonu, oraz jakie dodatki mo\u017cna zastosowa\u0107 wraz z nimi.<\/p>\n<ul>\n<li>Kontrast i wyrazisto\u015b\u0107: Szkice w\u0119glem na szarych \u015bcianach tworz\u0105 silny kontrast, kt\u00f3ry przyci\u0105ga wzrok. Czarne linie i cienie na szarym tle nadaj\u0105 wn\u0119trzu dynamiki i g\u0142\u0119bi. Ten kontrast tworzy interesuj\u0105c\u0105 wizualn\u0105 ekspresj\u0119, kt\u00f3ra dodaje salonowi charakteru.<\/li>\n<li>Galeria szkic\u00f3w: Je\u015bli masz wi\u0119ksz\u0105 przestrze\u0144 na \u015bcianie, warto stworzy\u0107 galeri\u0119 szkic\u00f3w w\u0119glem. Mo\u017cesz wybra\u0107 r\u00f3\u017cne szkice o r\u00f3\u017cnych tematach i stylach artystycznych, aby stworzy\u0107 eklektyczn\u0105 i intryguj\u0105c\u0105 kompozycj\u0119. U\u0142o\u017cenie szkic\u00f3w w r\u00f3\u017cnych rozmiarach i uk\u0142adach mo\u017ce tworzy\u0107 ciekawe i harmonijne wra\u017cenie wizualne.<\/li>\n<li>Dodatkowe ramy: Ramy s\u0105 wa\u017cnym elementem prezentacji szkic\u00f3w w\u0119glem. Wybierz odpowiednie ramy, kt\u00f3re b\u0119d\u0105 komplementowa\u0107 zar\u00f3wno szare \u015bciany, jak i styl szkic\u00f3w. Mo\u017cesz zdecydowa\u0107 si\u0119 na proste i minimalistyczne ramy w kolorze czarnym lub bieli, kt\u00f3re podkre\u015bl\u0105 wyrazisto\u015b\u0107 szkic\u00f3w. Je\u015bli preferujesz bardziej tradycyjny styl, ramy w naturalnym drewnie b\u0119d\u0105 pasowa\u0107 doskonale.<\/li>\n<li>O\u015bwietlenie i pod\u015bwietlanie: Odpowiednie o\u015bwietlenie jest kluczowe, aby podkre\u015bli\u0107 szkice w\u0119glem na szarych \u015bcianach. Mo\u017cesz skorzysta\u0107 z kierunkowego o\u015bwietlenia, kt\u00f3re skieruje \u015bwiat\u0142o na szkice i wyostrzy ich detale. Mo\u017cna tak\u017ce rozwa\u017cy\u0107 zastosowanie punktowego o\u015bwietlenia, aby stworzy\u0107 efekt pod\u015bwietlenia i przyku\u0107 uwag\u0119 do szkic\u00f3w.<\/li>\n<li>Inne dodatki: Aby wzbogaci\u0107 aran\u017cacj\u0119 salonu, mo\u017cna doda\u0107 inne dodatki, kt\u00f3re b\u0119d\u0105 komponowa\u0107 si\u0119 z szkicami w\u0119glem i szarymi \u015bcianami. Przyk\u0142adami takich dodatk\u00f3w mog\u0105 by\u0107: minimalistyczne ramki na p\u00f3\u0142ce z kolekcj\u0105 ksi\u0105\u017cek artystycznych, eleganckie poduszki w odcieniach szaro\u015bci na sofie, a tak\u017ce tkaniny w szaro-bia\u0142ej kolorystyce na zas\u0142onach czy dywanach. Wszystko to pomo\u017ce stworzy\u0107 sp\u00f3jn\u0105 i harmonijn\u0105 atmosfer\u0119.<\/li>\n<\/ul>\n<p>Szkice w\u0119glem s\u0105 stylowymi i wyrazistymi dodatkami do szarych \u015bcian w salonie. Kontrast, galeria szkic\u00f3w, odpowiednie ramy i o\u015bwietlenie tworz\u0105 efektown\u0105 prezentacj\u0119. Wa\u017cne jest r\u00f3wnie\u017c dobrane dodatki, kt\u00f3re b\u0119d\u0105 komponowa\u0107 si\u0119 z szkicami w\u0119glem i podkre\u015bla\u0107 ich artystyczny charakter. Czy szkice w\u0119glem pasuj\u0105 do szarej \u015bciany w salonie? Ka\u017cdy z nas powinien zada\u0107 sobie to pytanie czy podobaj\u0105 mi si\u0119 szkice w\u0119glem je\u015bli tak to jest to super rozwi\u0105zanie ozdobienia salonu jak i \u015bciany powieszonym obrazem. Nowoczesna abstrakcja obrazu pozwoli na danie nutki czego\u015b intryguj\u0105cego na \u015bcianie w salonie.<\/p>\n<div id=\"attachment_11381\" style=\"width: 1210px\" class=\"wp-caption aligncenter\"><a href=\"https:\/\/www.smd-led.pl\/lampa-stolowa\"><img loading=\"lazy\" decoding=\"async\" aria-describedby=\"caption-attachment-11381\" class=\"size-full wp-image-11381\" src=\"https:\/\/www.smd-led.pl\/blog\/wp-content\/uploads\/2023\/07\/Czy-szkice-weglem-pasuja-do-szarej-sciany-w-salonie.jpg\" alt=\"Szkice w\u0119glem\" width=\"1200\" height=\"600\" srcset=\"https:\/\/www.smd-led.pl\/blog\/wp-content\/uploads\/2023\/07\/Czy-szkice-weglem-pasuja-do-szarej-sciany-w-salonie.jpg 1200w, https:\/\/www.smd-led.pl\/blog\/wp-content\/uploads\/2023\/07\/Czy-szkice-weglem-pasuja-do-szarej-sciany-w-salonie-300x150.jpg 300w, https:\/\/www.smd-led.pl\/blog\/wp-content\/uploads\/2023\/07\/Czy-szkice-weglem-pasuja-do-szarej-sciany-w-salonie-1024x512.jpg 1024w, https:\/\/www.smd-led.pl\/blog\/wp-content\/uploads\/2023\/07\/Czy-szkice-weglem-pasuja-do-szarej-sciany-w-salonie-768x384.jpg 768w\" sizes=\"auto, (max-width: 1200px) 100vw, 1200px\" \/><\/a><p id=\"caption-attachment-11381\" class=\"wp-caption-text\">Szkice w\u0119glem<\/p><\/div>\n<h2>Jak\u0105 ram\u0119 do obrazu na szarej \u015bcianie<\/h2>\n<p>Wyb\u00f3r odpowiedniej ramy do obrazu na szarej \u015bcianie jest istotny, poniewa\u017c mo\u017ce wp\u0142ywa\u0107 na og\u00f3lny efekt wizualny i styl aran\u017cacji. Istnieje kilka czynnik\u00f3w, kt\u00f3re warto wzi\u0105\u0107 pod uwag\u0119 przy wyborze ramy do obrazu na szarej \u015bcianie:<\/p>\n<ul>\n<li>Kontrast lub harmonia: W zale\u017cno\u015bci od efektu, kt\u00f3ry chcesz osi\u0105gn\u0105\u0107, mo\u017cesz zdecydowa\u0107 si\u0119 na ram\u0119, kt\u00f3ra stworzy kontrast z szar\u0105 \u015bcian\u0105 lub harmonizuje z ni\u0105. Je\u015bli szukasz efektu kontrastu, mo\u017cesz wybra\u0107 ram\u0119 w jasnym kolorze, na przyk\u0142ad bia\u0142\u0105, kt\u00f3ra wyr\u00f3\u017cni si\u0119 na szarym tle. Je\u015bli natomiast preferujesz harmoni\u0119, mo\u017cesz wybra\u0107 ram\u0119 w odcieniu szaro\u015bci, kt\u00f3ra b\u0119dzie komplementowa\u0107 kolor \u015bciany.<\/li>\n<li>Styl i charakter obrazu: Styl i charakter samego obrazu r\u00f3wnie\u017c mog\u0105 wp\u0142ywa\u0107 na wyb\u00f3r odpowiedniej ramy. Je\u015bli obraz ma tradycyjny charakter, ramy w drewnie o cieplejszych odcieniach mog\u0105 podkre\u015bli\u0107 jego klasyczny wygl\u0105d. Natomiast dla obraz\u00f3w o nowoczesnym charakterze, proste i minimalistyczne ramy w metalu lub czarne ramy mog\u0105 by\u0107 doskona\u0142ym wyborem.<\/li>\n<li>Proporcje i rozmiar obrazu: Proporcje i rozmiar obrazu s\u0105 r\u00f3wnie\u017c wa\u017cne przy doborze ramy. Je\u015bli obraz jest wi\u0119kszy, mo\u017ce wymaga\u0107 solidniejszej i bardziej wyrazistej ramy, kt\u00f3ra podkre\u015bli jego obecno\u015b\u0107 na \u015bcianie. Dla mniejszych obraz\u00f3w, delikatniejsze ramy mog\u0105 by\u0107 bardziej odpowiednie, aby nie przyt\u0142acza\u0107 obrazu i zachowa\u0107 r\u00f3wnowag\u0119 wizualn\u0105.<\/li>\n<li>Ograniczenia bud\u017cetowe: Ostatecznie, bud\u017cet r\u00f3wnie\u017c mo\u017ce mie\u0107 wp\u0142yw na wyb\u00f3r ramy. Istnieje szeroki wyb\u00f3r ram w r\u00f3\u017cnych cenach, od ta\u0144szych plastikowych ram po ekskluzywne ramy z drewna czy metalu. Warto znale\u017a\u0107 odpowiedni\u0105 ram\u0119, kt\u00f3ra pasuje do Twojego bud\u017cetu, jednocze\u015bnie spe\u0142niaj\u0105c Twoje estetyczne preferencje.<\/li>\n<\/ul>\n<h3>Jak\u0105 ram\u0119 do obrazu na szarej \u015bcianie?<\/h3>\n<p>Pami\u0119taj, \u017ce wyb\u00f3r ramy do obrazu na szarej \u015bcianie zale\u017cy od Twoich indywidualnych preferencji i stylu aran\u017cacji. Warto r\u00f3wnie\u017c wzi\u0105\u0107 pod uwag\u0119 og\u00f3ln\u0105 koncepcj\u0119 wystroju pomieszczenia i efekt, jaki chcesz osi\u0105gn\u0105\u0107. Przeszukaj r\u00f3\u017cne opcje, zwracaj\u0105c uwag\u0119 na kontrast lub harmoni\u0119, styl obrazu, proporcje i bud\u017cet, aby znale\u017a\u0107 idealn\u0105 ram\u0119, kt\u00f3ra uzupe\u0142ni i podkre\u015bli pi\u0119kno Twojego obrazu na szarej \u015bcianie.<\/p>\n<div id=\"attachment_11382\" style=\"width: 1210px\" class=\"wp-caption aligncenter\"><a href=\"https:\/\/www.smd-led.pl\/lampa-podlogowa-biala\"><img loading=\"lazy\" decoding=\"async\" aria-describedby=\"caption-attachment-11382\" class=\"wp-image-11382 size-full\" title=\"Ramy do obraz\u00f3w w salonie\" src=\"https:\/\/www.smd-led.pl\/blog\/wp-content\/uploads\/2023\/07\/Jaka-rame-do-obrazu-na-szarej-scianie.jpg\" alt=\"Ramy do obraz\u00f3w w salonie\" width=\"1200\" height=\"600\" srcset=\"https:\/\/www.smd-led.pl\/blog\/wp-content\/uploads\/2023\/07\/Jaka-rame-do-obrazu-na-szarej-scianie.jpg 1200w, https:\/\/www.smd-led.pl\/blog\/wp-content\/uploads\/2023\/07\/Jaka-rame-do-obrazu-na-szarej-scianie-300x150.jpg 300w, https:\/\/www.smd-led.pl\/blog\/wp-content\/uploads\/2023\/07\/Jaka-rame-do-obrazu-na-szarej-scianie-1024x512.jpg 1024w, https:\/\/www.smd-led.pl\/blog\/wp-content\/uploads\/2023\/07\/Jaka-rame-do-obrazu-na-szarej-scianie-768x384.jpg 768w\" sizes=\"auto, (max-width: 1200px) 100vw, 1200px\" \/><\/a><p id=\"caption-attachment-11382\" class=\"wp-caption-text\">Ramy do obraz\u00f3w w salonie<\/p><\/div>\n<h2>Jaki obraz pasuje do szarych \u015bcian? Obraz na szarej \u015bcianie ciekawe rozwi\u0105zanie<\/h2>\n<p>Wyb\u00f3r obrazu do szarych \u015bcian zale\u017cy od osobistego gustu i stylu pomieszczenia. S\u0105 jednak pewne og\u00f3lne zasady, kt\u00f3re mog\u0105 pom\u00f3c. Cz\u0119sto zadawanym pytaniem przez ludzi jest jakie obrazy do szarego salonu? Szary jest uniwersalnym kolorem, kt\u00f3ry dobrze wygl\u0105da w po\u0142\u0105czeniu z wieloma kolorami. Mo\u017cesz wybra\u0107 obrazy z \u017cywymi, nasyconymi kolorami, kt\u00f3re dodadz\u0105 pomieszczeniu \u017cycia i energii. Takie obrazy b\u0119d\u0105 pi\u0119knie kontrastowa\u0107 ze szarymi \u015bcianami. Alternatywnie, je\u015bli preferujesz bardziej stonowan\u0105 estetyk\u0119, mo\u017cesz wybra\u0107 obrazy w pastelowych tonacjach. Jak wspomnia\u0142em wcze\u015bniej, obrazy pastelowe dodaj\u0105 subtelno\u015bci i delikatno\u015bci, tworz\u0105c wyj\u0105tkow\u0105 atmosfer\u0119. Szare \u015bciany s\u0105 idealnym t\u0142em dla takich obraz\u00f3w, poniewa\u017c nie przyci\u0105gaj\u0105 one zbyt wiele uwagi i pozwalaj\u0105 na to, aby obraz by\u0142 g\u0142\u00f3wnym punktem zainteresowania. Kolejn\u0105 opcj\u0105 s\u0105 obrazy czarno-bia\u0142e. Te klasyczne i eleganckie obrazy idealnie pasuj\u0105 do szarej \u015bciany, dodaj\u0105c pomieszczeniu nowoczesno\u015bci i minimalizmu.<\/p>\n<div class=\"call-to-action-06\" style=\"background-image: url('https:\/\/www.smd-led.pl\/blog\/wp-content\/uploads\/2023\/12\/Lampy-do-salonu-5.png')\"><div class=\"call-to-action-06__info-box\"><div class=\"call-to-action-06__info\"><p class=\"call-to-action-06__txt\">Zobacz wi\u0119cej z kategorii<\/p><span class=\"call-to-action-06__cat-title\">Kinkiet bia\u0142y skandynawski<\/span><a href=\"https:\/\/www.smd-led.pl\/kinkiet-bialy-skandynawski\" class=\"button\" id=\"kinkiet_bialy_skandynawski_kategoria\" target=\"_self\">Zobacz produkty<\/a><\/div><\/div><\/div>\n<p>Mo\u017cna r\u00f3wnie\u017c rozwa\u017cy\u0107 obrazy o tematyce geometrycznej lub abstrakcyjnej, kt\u00f3re dobrze komponuj\u0105 si\u0119 ze szarymi \u015bcianami. Zastanawiasz si\u0119, jaki obraz pasuje do szarych \u015bcian? Wyb\u00f3r mo\u017ce zale\u017ce\u0107 od wielu czynnik\u00f3w, w tym od twojego osobistego gustu, stylu wn\u0119trza, a nawet nastroju, kt\u00f3ry chcesz w nim stworzy\u0107. Szary, jako uniwersalny kolor, daje szerokie mo\u017cliwo\u015bci. Jaki obraz pasuje do szarych \u015bcian w nowoczesnym salonie? Mo\u017ce to by\u0107 na przyk\u0142ad abstrakcyjne dzie\u0142o sztuki w \u017cywych, nasyconych kolorach, kt\u00f3re o\u017cywi pomieszczenie i stworzy ciekawy kontrast. Natomiast w spokojniejszym, minimalistycznym pomieszczeniu dobrze sprawdzi si\u0119 subtelny, pastelowy obraz lub monochromatyczna fotografia. Podsumowuj\u0105c, jaki obraz pasuje do szarych \u015bcian? Najwa\u017cniejsze jest, aby\u015b czu\u0142 si\u0119 dobrze z wybranym obrazem, \u017ce odzwierciedla on twoj\u0105 osobowo\u015b\u0107 i pasuje do stylu pomieszczenia. Obraz jest nie tylko dekoracj\u0105, ale te\u017c przed\u0142u\u017ceniem twojej osobowo\u015bci i gustu. Warto obraz powiesi\u0107 na szarej \u015bcianie lub jej szarych odcieniach poniewa\u017c dodadz\u0105 jej wi\u0119cej elegancji lub nutki czego\u015b inspiruj\u0105cego.<\/p>\n<div id=\"attachment_11383\" style=\"width: 1210px\" class=\"wp-caption aligncenter\"><a href=\"https:\/\/www.smd-led.pl\/lampa-stojaca-z-abazurem\"><img loading=\"lazy\" decoding=\"async\" aria-describedby=\"caption-attachment-11383\" class=\"size-full wp-image-11383\" src=\"https:\/\/www.smd-led.pl\/blog\/wp-content\/uploads\/2023\/07\/Jaki-obraz-pasuje-do-szarych-scian.jpg\" alt=\"Jaki obraz pasuje do salonu?\" width=\"1200\" height=\"600\" srcset=\"https:\/\/www.smd-led.pl\/blog\/wp-content\/uploads\/2023\/07\/Jaki-obraz-pasuje-do-szarych-scian.jpg 1200w, https:\/\/www.smd-led.pl\/blog\/wp-content\/uploads\/2023\/07\/Jaki-obraz-pasuje-do-szarych-scian-300x150.jpg 300w, https:\/\/www.smd-led.pl\/blog\/wp-content\/uploads\/2023\/07\/Jaki-obraz-pasuje-do-szarych-scian-1024x512.jpg 1024w, https:\/\/www.smd-led.pl\/blog\/wp-content\/uploads\/2023\/07\/Jaki-obraz-pasuje-do-szarych-scian-768x384.jpg 768w\" sizes=\"auto, (max-width: 1200px) 100vw, 1200px\" \/><\/a><p id=\"caption-attachment-11383\" class=\"wp-caption-text\">Jaki obraz pasuje do salonu?<\/p><\/div>\n<h2>Jak odpowiednio dobra\u0107 obrazy do szarych \u015bcian?<\/h2>\n<p>Zastanawiasz si\u0119, jak odpowiednio dobra\u0107 obrazy do szarych \u015bcian? Istnieje kilka kluczowych czynnik\u00f3w, kt\u00f3re warto rozwa\u017cy\u0107. Przede wszystkim, nale\u017cy wzi\u0105\u0107 pod uwag\u0119 og\u00f3lny styl i kolorystyk\u0119 pomieszczenia. Szary jest kolorem neutralnym, wi\u0119c dobrze komponuje si\u0119 z r\u00f3\u017cnorodnymi barwami i stylami artystycznymi. Wi\u0119c jak odpowiednio dobra\u0107 obrazy do szarych \u015bcian? Jednym z podej\u015b\u0107 jest zdecydowanie si\u0119 na \u017cywe, kontrastuj\u0105ce kolory. Szczeg\u00f3lnie dobrze sprawdzaj\u0105 si\u0119 tu intensywne barwy, kt\u00f3re dodaj\u0105 energii i o\u017cywiaj\u0105 pomieszczenie. Z drugiej strony, mo\u017cesz zdecydowa\u0107 si\u0119 na co\u015b bardziej subtelnego, takiego jak obrazy w pastelowych kolorach. Tworz\u0105 one delikatny, relaksuj\u0105cy nastr\u00f3j i dodaj\u0105 pomieszczeniu elegancji. Dobieranie obraz\u00f3w do szarych \u015bcian mo\u017ce wydawa\u0107 si\u0119 wyzwaniem, ale pami\u0119taj, \u017ce szary to bardzo uniwersalny kolor, kt\u00f3ry dobrze komponuje si\u0119 z wieloma innymi kolorami i stylami. Oto kilka wskaz\u00f3wek, jak to zrobi\u0107:<\/p>\n<h3>Oto kilka wskaz\u00f3wek, jak to zrobi\u0107 jak odpowiednio dobra\u0107 obraz na szarej \u015bcianie:<\/h3>\n<ul>\n<li>Rozwa\u017c kontrast: Jaskrawe i \u017cywe kolory na obrazach mog\u0105 stworzy\u0107 ciekawy kontrast ze szarymi \u015bcianami, dodaj\u0105c pomieszczeniu energii. To mo\u017ce by\u0107 szczeg\u00f3lnie skuteczne w nowoczesnych, minimalistycznych przestrzeniach.<\/li>\n<li>Pomy\u015bl o tonacji: Obrazy w pastelowych kolorach mog\u0105 wprowadzi\u0107 subtelno\u015b\u0107 i delikatno\u015b\u0107, tworz\u0105c spokojn\u0105 i relaksuj\u0105c\u0105 atmosfer\u0119. Szare \u015bciany s\u0105 doskona\u0142ym t\u0142em dla takich obraz\u00f3w, pozwalaj\u0105c im na prawdziwe &#8222;roz\u015bwietlenie&#8221; pomieszczenia.<\/li>\n<li>Klasyka w czerni i bieli: Obrazy czarno-bia\u0142e s\u0105 klasyczne i eleganckie. Mog\u0105 one doda\u0107 pomieszczeniu nowoczesno\u015bci i minimalizmu, a szary kolor \u015bciany podkre\u015bla ich prostot\u0119 i czysto\u015b\u0107.<\/li>\n<li>Motyw i styl: Motyw i styl obrazu powinien pasowa\u0107 do reszty dekoracji w pokoju. Na przyk\u0142ad, je\u015bli twoje wn\u0119trze jest urz\u0105dzone w stylu skandynawskim, mo\u017cesz wybra\u0107 obrazy o prostych, naturalnych motywach i delikatnych kolorach.<\/li>\n<li>Osobisty gust: Najwa\u017cniejsze jest, aby obraz, kt\u00f3ry wybierasz, odzwierciedla\u0142 tw\u00f3j osobisty styl i gust. Obraz jest nie tylko elementem dekoracyjnym, ale r\u00f3wnie\u017c odzwierciedleniem twojej osobowo\u015bci.<\/li>\n<\/ul>\n<p>Pami\u0119taj, \u017ce dobieraj\u0105c obraz na szarej \u015bcianie, nie ma jednej &#8222;poprawnej&#8221; odpowiedzi. To, co najbardziej liczy si\u0119, to twoje osobiste preferencje i to, jak obraz wpisuje si\u0119 w og\u00f3lny styl twojego domu.<\/p>\n<div id=\"attachment_11384\" style=\"width: 1210px\" class=\"wp-caption aligncenter\"><a href=\"https:\/\/www.smd-led.pl\/lampa-podlogowa-czarna\"><img loading=\"lazy\" decoding=\"async\" aria-describedby=\"caption-attachment-11384\" class=\"wp-image-11384 size-full\" src=\"https:\/\/www.smd-led.pl\/blog\/wp-content\/uploads\/2023\/07\/Jak-odpowiednio-dobrac-obrazy-do-szarych-scian.jpg\" alt=\"Jak dobra\u0107 obraz do salonu? - Obraz na szarej \u015bcianie\" width=\"1200\" height=\"600\" srcset=\"https:\/\/www.smd-led.pl\/blog\/wp-content\/uploads\/2023\/07\/Jak-odpowiednio-dobrac-obrazy-do-szarych-scian.jpg 1200w, https:\/\/www.smd-led.pl\/blog\/wp-content\/uploads\/2023\/07\/Jak-odpowiednio-dobrac-obrazy-do-szarych-scian-300x150.jpg 300w, https:\/\/www.smd-led.pl\/blog\/wp-content\/uploads\/2023\/07\/Jak-odpowiednio-dobrac-obrazy-do-szarych-scian-1024x512.jpg 1024w, https:\/\/www.smd-led.pl\/blog\/wp-content\/uploads\/2023\/07\/Jak-odpowiednio-dobrac-obrazy-do-szarych-scian-768x384.jpg 768w\" sizes=\"auto, (max-width: 1200px) 100vw, 1200px\" \/><\/a><p id=\"caption-attachment-11384\" class=\"wp-caption-text\">Jak dobra\u0107 obraz do salonu? &#8211; Obraz na szarej \u015bcianie<\/p><\/div>\n<h2>Obraz do szarego salonu \u2013 czego unika\u0107?<\/h2>\n<p>Cz\u0119sto zastanawiamy si\u0119, jaki obraz do szarego salonu wybra\u0107, jednak r\u00f3wnie wa\u017cne jest pytanie &#8211; czego unika\u0107? Chocia\u017c wyb\u00f3r obrazu do szarego salonu zale\u017cy g\u0142\u00f3wnie od indywidualnych preferencji, istniej\u0105 pewne elementy, kt\u00f3rych warto unika\u0107. Zbyt du\u017ce obrazy mog\u0105 sta\u0107 si\u0119 problemem, szczeg\u00f3lnie w ma\u0142ych pomieszczeniach. Mog\u0105 one sprawi\u0107, \u017ce przestrze\u0144 wyda si\u0119 jeszcze mniejsza i bardziej zat\u0142oczona. Zawsze dobrze jest dopasowa\u0107 rozmiar obrazu do proporcji salonu. W\u0142a\u015bciwy kontrast to kolejny aspekt, kt\u00f3ry warto uwzgl\u0119dni\u0107. Obrazy o podobnej tonacji co szare \u015bciany mog\u0105 sprawi\u0107, \u017ce ca\u0142o\u015b\u0107 wygl\u0105da monotonicznie i nieciekawie. Nie b\u00f3j si\u0119 dodawa\u0107 koloru! R\u00f3wnie\u017c zbyt wiele kolor\u00f3w mo\u017ce by\u0107 problematyczne. Mimo \u017ce obrazy w \u017cywych kolorach pi\u0119knie kontrastuj\u0105 ze szarymi \u015bcianami, zbyt wiele r\u00f3\u017cnych odcieni mo\u017ce wprowadzi\u0107 chaos i przesadn\u0105 ekspresj\u0119. Zr\u00f3wnowa\u017cony wyb\u00f3r kolor\u00f3w to klucz. Przy wyborze obrazu do szarego salonu &#8211; czego unika\u0107? Niezgodno\u015bci styl\u00f3w. Obraz na szarej \u015bcianie powinien harmonizowa\u0107 ze stylem pomieszczenia. Je\u015bli tw\u00f3j salon jest urz\u0105dzony w stylu minimalistycznym, obraz pe\u0142en detali i ozd\u00f3b mo\u017ce wygl\u0105da\u0107 nie na miejscu. Na koniec, unikaj obraz\u00f3w, kt\u00f3re nie pasuj\u0105 do twojego gustu. To, co najwa\u017cniejsze, to aby obraz, kt\u00f3ry wybierasz, by\u0142 ci bliski i odzwierciedla\u0142 twoje preferencje. Dobierz obraz do szarego salonu \u2013 czego unika\u0107? Przede wszystkim nie wybieraj obrazu tylko dlatego, \u017ce jest modny czy pasuje do kolorystyki. Pami\u0119taj, \u017ce to twoje wn\u0119trze i powinno ono odzwierciedla\u0107 twoj\u0105 osobowo\u015b\u0107. Dobrze dobrany obraz to taki, kt\u00f3ry sprawia ci przyjemno\u015b\u0107 i wprowadza pozytywn\u0105 energi\u0119 do pomieszczenia.<\/p>\n<div id=\"attachment_11386\" style=\"width: 1210px\" class=\"wp-caption aligncenter\"><a href=\"https:\/\/www.smd-led.pl\/lampa-stolowa\"><img loading=\"lazy\" decoding=\"async\" aria-describedby=\"caption-attachment-11386\" class=\"wp-image-11386\" src=\"https:\/\/www.smd-led.pl\/blog\/wp-content\/uploads\/2023\/07\/Obraz-do-szarego-salonu-\u2013-czego-unikac.jpg\" alt=\"Obraz do szarego salonu - Obraz na szarej \u015bcianie\" width=\"1200\" height=\"600\" srcset=\"https:\/\/www.smd-led.pl\/blog\/wp-content\/uploads\/2023\/07\/Obraz-do-szarego-salonu-\u2013-czego-unikac.jpg 1200w, https:\/\/www.smd-led.pl\/blog\/wp-content\/uploads\/2023\/07\/Obraz-do-szarego-salonu-\u2013-czego-unikac-300x150.jpg 300w, https:\/\/www.smd-led.pl\/blog\/wp-content\/uploads\/2023\/07\/Obraz-do-szarego-salonu-\u2013-czego-unikac-1024x512.jpg 1024w, https:\/\/www.smd-led.pl\/blog\/wp-content\/uploads\/2023\/07\/Obraz-do-szarego-salonu-\u2013-czego-unikac-768x384.jpg 768w\" sizes=\"auto, (max-width: 1200px) 100vw, 1200px\" \/><\/a><p id=\"caption-attachment-11386\" class=\"wp-caption-text\">Obraz do szarego salonu &#8211; Obraz na szarej \u015bcianie<\/p><\/div>\n<p>Podsumowuj\u0105c, wyb\u00f3r obrazu do szarego salonu powinien opiera\u0107 si\u0119 na kilku kluczowych zasadach, aby uzyska\u0107 harmonijne i stylowe wn\u0119trze. Przede wszystkim, warto unika\u0107 zbyt du\u017cych obraz\u00f3w w ma\u0142ych pomieszczeniach, aby nie przyt\u0142oczy\u0107 przestrzeni. Kontrast jest wa\u017cny, ale powinien by\u0107 dobrze przemy\u015blany \u2013 zbyt wiele jaskrawych kolor\u00f3w mo\u017ce wprowadzi\u0107 chaos, podczas gdy obrazy o podobnej tonacji do szarych \u015bcian mog\u0105 sprawi\u0107, \u017ce wn\u0119trze wyda si\u0119 monotoniczne. Wa\u017cne jest r\u00f3wnie\u017c, aby obraz harmonizowa\u0142 ze stylem salonu i by\u0142 zgodny z osobistymi preferencjami. Nie nale\u017cy wybiera\u0107 obrazu tylko dlatego, \u017ce jest modny; najwa\u017cniejsze, by by\u0142 bliski sercu i wprowadza\u0142 pozytywn\u0105 energi\u0119 do pomieszczenia. Pami\u0119taj, \u017ce obraz w salonie to nie tylko dekoracja, ale tak\u017ce odzwierciedlenie Twojego gustu i osobowo\u015bci. Dobrze dobrany obraz w szarym salonie mo\u017ce ca\u0142kowicie odmieni\u0107 charakter wn\u0119trza, dodaj\u0105c mu \u017cycia, stylu i wyj\u0105tkowo\u015bci.<\/p>\n<p><a href=\"https:\/\/www.smd-led.pl\/lampy-do-salonu\"><img loading=\"lazy\" decoding=\"async\" class=\"wp-image-11361 size-full aligncenter\" title=\"Obraz na szarej \u015bcianie\" src=\"https:\/\/www.smd-led.pl\/blog\/wp-content\/uploads\/2023\/07\/Obraz-na-szarej-scianie.jpg\" alt=\"Obraz na szarej \u015bcianie\" width=\"1200\" height=\"600\" srcset=\"https:\/\/www.smd-led.pl\/blog\/wp-content\/uploads\/2023\/07\/Obraz-na-szarej-scianie.jpg 1200w, https:\/\/www.smd-led.pl\/blog\/wp-content\/uploads\/2023\/07\/Obraz-na-szarej-scianie-300x150.jpg 300w, https:\/\/www.smd-led.pl\/blog\/wp-content\/uploads\/2023\/07\/Obraz-na-szarej-scianie-1024x512.jpg 1024w, https:\/\/www.smd-led.pl\/blog\/wp-content\/uploads\/2023\/07\/Obraz-na-szarej-scianie-768x384.jpg 768w\" sizes=\"auto, (max-width: 1200px) 100vw, 1200px\" \/><\/a><\/p>\n","protected":false},"excerpt":{"rendered":"<p>&nbsp; Tw\u00f3j szary salon zas\u0142uguje na odrobin\u0119 magii i osobistego wyrazu. Dlatego te\u017c warto zastanowi\u0107 [&hellip;]<\/p>\n","protected":false},"author":7,"featured_media":11411,"comment_status":"closed","ping_status":"closed","sticky":false,"template":"","format":"standard","meta":{"inline_featured_image":false,"footnotes":""},"categories":[50,51,31,34,65,72,75],"tags":[801],"class_list":["post-11330","post","type-post","status-publish","format-standard","has-post-thumbnail","hentry","category-dom-lampy","category-dom-wnetrza","category-oswietlenie-dla-domu","category-poradnik-led","category-profil-led","category-sufit-i-sciana-oswietlenie","category-tasmy-led","tag-wnetrza"],"acf":[],"yoast_head":"<!-- This site is optimized with the Yoast SEO Premium plugin v26.8 (Yoast SEO v26.8) - https:\/\/yoast.com\/product\/yoast-seo-premium-wordpress\/ -->\n<title>Obraz na szarej \u015bcianie - SMD-LED<\/title>\n<meta name=\"description\" content=\"Zobacz jak wy\u015bmienicie wygl\u0105da obraz na szarej \u015bcianie. Wiele rozwi\u0105za\u0144 kt\u00f3re mog\u0105 Ci\u0119 zaszokowa\u0107. Co modne w 2023r na szarej \u015bcianie?\" \/>\n<meta name=\"robots\" content=\"index, follow, max-snippet:-1, max-image-preview:large, max-video-preview:-1\" \/>\n<link rel=\"canonical\" href=\"https:\/\/www.smd-led.pl\/blog\/obraz-na-szarej-scianie\/\" \/>\n<meta property=\"og:locale\" content=\"pl_PL\" \/>\n<meta property=\"og:type\" content=\"article\" \/>\n<meta property=\"og:title\" content=\"Obraz na szarej \u015bcianie\" \/>\n<meta property=\"og:description\" content=\"Zobacz jak wy\u015bmienicie wygl\u0105da obraz na szarej \u015bcianie. Wiele rozwi\u0105za\u0144 kt\u00f3re mog\u0105 Ci\u0119 zaszokowa\u0107. Co modne w 2023r na szarej \u015bcianie?\" \/>\n<meta property=\"og:url\" content=\"https:\/\/www.smd-led.pl\/blog\/obraz-na-szarej-scianie\/\" \/>\n<meta property=\"og:site_name\" content=\"SMD-LED\" \/>\n<meta property=\"article:published_time\" content=\"2023-07-24T14:47:24+00:00\" \/>\n<meta property=\"article:modified_time\" content=\"2024-02-01T09:10:19+00:00\" \/>\n<meta property=\"og:image\" content=\"https:\/\/www.smd-led.pl\/blog\/wp-content\/uploads\/2023\/07\/Obraz-na-szarej-scianie-1-1.jpg\" \/>\n\t<meta property=\"og:image:width\" content=\"768\" \/>\n\t<meta property=\"og:image:height\" content=\"502\" \/>\n\t<meta property=\"og:image:type\" content=\"image\/jpeg\" \/>\n<meta name=\"author\" content=\"Marcin Pietrasik\" \/>\n<meta name=\"twitter:card\" content=\"summary_large_image\" \/>\n<meta name=\"twitter:label1\" content=\"Napisane przez\" \/>\n\t<meta name=\"twitter:data1\" content=\"Marcin Pietrasik\" \/>\n\t<meta name=\"twitter:label2\" content=\"Szacowany czas czytania\" \/>\n\t<meta name=\"twitter:data2\" content=\"48 minut\" \/>\n<script type=\"application\/ld+json\" class=\"yoast-schema-graph\">{\"@context\":\"https:\/\/schema.org\",\"@graph\":[{\"@type\":\"Article\",\"@id\":\"https:\/\/www.smd-led.pl\/blog\/obraz-na-szarej-scianie\/#article\",\"isPartOf\":{\"@id\":\"https:\/\/www.smd-led.pl\/blog\/obraz-na-szarej-scianie\/\"},\"author\":{\"name\":\"Marcin Pietrasik\",\"@id\":\"https:\/\/www.smd-led.pl\/blog\/#\/schema\/person\/887fa24be503d7ae726f67021d1623f5\"},\"headline\":\"Obraz na szarej \u015bcianie\",\"datePublished\":\"2023-07-24T14:47:24+00:00\",\"dateModified\":\"2024-02-01T09:10:19+00:00\",\"mainEntityOfPage\":{\"@id\":\"https:\/\/www.smd-led.pl\/blog\/obraz-na-szarej-scianie\/\"},\"wordCount\":8766,\"image\":{\"@id\":\"https:\/\/www.smd-led.pl\/blog\/obraz-na-szarej-scianie\/#primaryimage\"},\"thumbnailUrl\":\"https:\/\/www.smd-led.pl\/blog\/wp-content\/uploads\/2023\/07\/Obraz-na-szarej-scianie-1-1.jpg\",\"keywords\":[\"wn\u0119trza\"],\"articleSection\":[\"Dom lampy\",\"Dom wn\u0119trza\",\"O\u015bwietlenie dla domu\",\"Poradnik LED\",\"Profil LED\",\"Sufit i \u015bciana o\u015bwietlenie\",\"Ta\u015bmy LED\"],\"inLanguage\":\"pl-PL\"},{\"@type\":\"WebPage\",\"@id\":\"https:\/\/www.smd-led.pl\/blog\/obraz-na-szarej-scianie\/\",\"url\":\"https:\/\/www.smd-led.pl\/blog\/obraz-na-szarej-scianie\/\",\"name\":\"Obraz na szarej \u015bcianie - SMD-LED\",\"isPartOf\":{\"@id\":\"https:\/\/www.smd-led.pl\/blog\/#website\"},\"primaryImageOfPage\":{\"@id\":\"https:\/\/www.smd-led.pl\/blog\/obraz-na-szarej-scianie\/#primaryimage\"},\"image\":{\"@id\":\"https:\/\/www.smd-led.pl\/blog\/obraz-na-szarej-scianie\/#primaryimage\"},\"thumbnailUrl\":\"https:\/\/www.smd-led.pl\/blog\/wp-content\/uploads\/2023\/07\/Obraz-na-szarej-scianie-1-1.jpg\",\"datePublished\":\"2023-07-24T14:47:24+00:00\",\"dateModified\":\"2024-02-01T09:10:19+00:00\",\"author\":{\"@id\":\"https:\/\/www.smd-led.pl\/blog\/#\/schema\/person\/887fa24be503d7ae726f67021d1623f5\"},\"description\":\"Zobacz jak wy\u015bmienicie wygl\u0105da obraz na szarej \u015bcianie. Wiele rozwi\u0105za\u0144 kt\u00f3re mog\u0105 Ci\u0119 zaszokowa\u0107. Co modne w 2023r na szarej \u015bcianie?\",\"breadcrumb\":{\"@id\":\"https:\/\/www.smd-led.pl\/blog\/obraz-na-szarej-scianie\/#breadcrumb\"},\"inLanguage\":\"pl-PL\",\"potentialAction\":[{\"@type\":\"ReadAction\",\"target\":[\"https:\/\/www.smd-led.pl\/blog\/obraz-na-szarej-scianie\/\"]}]},{\"@type\":\"ImageObject\",\"inLanguage\":\"pl-PL\",\"@id\":\"https:\/\/www.smd-led.pl\/blog\/obraz-na-szarej-scianie\/#primaryimage\",\"url\":\"https:\/\/www.smd-led.pl\/blog\/wp-content\/uploads\/2023\/07\/Obraz-na-szarej-scianie-1-1.jpg\",\"contentUrl\":\"https:\/\/www.smd-led.pl\/blog\/wp-content\/uploads\/2023\/07\/Obraz-na-szarej-scianie-1-1.jpg\",\"width\":768,\"height\":502,\"caption\":\"Obraz na szarej \u015bcianie\"},{\"@type\":\"BreadcrumbList\",\"@id\":\"https:\/\/www.smd-led.pl\/blog\/obraz-na-szarej-scianie\/#breadcrumb\",\"itemListElement\":[{\"@type\":\"ListItem\",\"position\":1,\"name\":\"Strona g\u0142\u00f3wna\",\"item\":\"https:\/\/www.smd-led.pl\/blog\/\"},{\"@type\":\"ListItem\",\"position\":2,\"name\":\"Obraz na szarej \u015bcianie\"}]},{\"@type\":\"WebSite\",\"@id\":\"https:\/\/www.smd-led.pl\/blog\/#website\",\"url\":\"https:\/\/www.smd-led.pl\/blog\/\",\"name\":\"SMD-LED\",\"description\":\"O\u015bwietlenie Led do domu i przemys\u0142u porady, testy i opinie ekspert\u00f3w\",\"potentialAction\":[{\"@type\":\"SearchAction\",\"target\":{\"@type\":\"EntryPoint\",\"urlTemplate\":\"https:\/\/www.smd-led.pl\/blog\/?s={search_term_string}\"},\"query-input\":{\"@type\":\"PropertyValueSpecification\",\"valueRequired\":true,\"valueName\":\"search_term_string\"}}],\"inLanguage\":\"pl-PL\"},{\"@type\":\"Person\",\"@id\":\"https:\/\/www.smd-led.pl\/blog\/#\/schema\/person\/887fa24be503d7ae726f67021d1623f5\",\"name\":\"Marcin Pietrasik\",\"image\":{\"@type\":\"ImageObject\",\"inLanguage\":\"pl-PL\",\"@id\":\"https:\/\/www.smd-led.pl\/blog\/#\/schema\/person\/image\/\",\"url\":\"https:\/\/secure.gravatar.com\/avatar\/c886f4ccbb5c83b665ee8b66f0b3401128439bc832dca6389b6e67c6bdc3d38b?s=96&d=mm&r=g\",\"contentUrl\":\"https:\/\/secure.gravatar.com\/avatar\/c886f4ccbb5c83b665ee8b66f0b3401128439bc832dca6389b6e67c6bdc3d38b?s=96&d=mm&r=g\",\"caption\":\"Marcin Pietrasik\"},\"url\":\"https:\/\/www.smd-led.pl\/blog\/author\/mpietrasik\/\"}]}<\/script>\n<!-- \/ Yoast SEO Premium plugin. -->","yoast_head_json":{"title":"Obraz na szarej \u015bcianie - SMD-LED","description":"Zobacz jak wy\u015bmienicie wygl\u0105da obraz na szarej \u015bcianie. Wiele rozwi\u0105za\u0144 kt\u00f3re mog\u0105 Ci\u0119 zaszokowa\u0107. Co modne w 2023r na szarej \u015bcianie?","robots":{"index":"index","follow":"follow","max-snippet":"max-snippet:-1","max-image-preview":"max-image-preview:large","max-video-preview":"max-video-preview:-1"},"canonical":"https:\/\/www.smd-led.pl\/blog\/obraz-na-szarej-scianie\/","og_locale":"pl_PL","og_type":"article","og_title":"Obraz na szarej \u015bcianie","og_description":"Zobacz jak wy\u015bmienicie wygl\u0105da obraz na szarej \u015bcianie. Wiele rozwi\u0105za\u0144 kt\u00f3re mog\u0105 Ci\u0119 zaszokowa\u0107. Co modne w 2023r na szarej \u015bcianie?","og_url":"https:\/\/www.smd-led.pl\/blog\/obraz-na-szarej-scianie\/","og_site_name":"SMD-LED","article_published_time":"2023-07-24T14:47:24+00:00","article_modified_time":"2024-02-01T09:10:19+00:00","og_image":[{"width":768,"height":502,"url":"https:\/\/www.smd-led.pl\/blog\/wp-content\/uploads\/2023\/07\/Obraz-na-szarej-scianie-1-1.jpg","type":"image\/jpeg"}],"author":"Marcin Pietrasik","twitter_card":"summary_large_image","twitter_misc":{"Napisane przez":"Marcin Pietrasik","Szacowany czas czytania":"48 minut"},"schema":{"@context":"https:\/\/schema.org","@graph":[{"@type":"Article","@id":"https:\/\/www.smd-led.pl\/blog\/obraz-na-szarej-scianie\/#article","isPartOf":{"@id":"https:\/\/www.smd-led.pl\/blog\/obraz-na-szarej-scianie\/"},"author":{"name":"Marcin Pietrasik","@id":"https:\/\/www.smd-led.pl\/blog\/#\/schema\/person\/887fa24be503d7ae726f67021d1623f5"},"headline":"Obraz na szarej \u015bcianie","datePublished":"2023-07-24T14:47:24+00:00","dateModified":"2024-02-01T09:10:19+00:00","mainEntityOfPage":{"@id":"https:\/\/www.smd-led.pl\/blog\/obraz-na-szarej-scianie\/"},"wordCount":8766,"image":{"@id":"https:\/\/www.smd-led.pl\/blog\/obraz-na-szarej-scianie\/#primaryimage"},"thumbnailUrl":"https:\/\/www.smd-led.pl\/blog\/wp-content\/uploads\/2023\/07\/Obraz-na-szarej-scianie-1-1.jpg","keywords":["wn\u0119trza"],"articleSection":["Dom lampy","Dom wn\u0119trza","O\u015bwietlenie dla domu","Poradnik LED","Profil LED","Sufit i \u015bciana o\u015bwietlenie","Ta\u015bmy LED"],"inLanguage":"pl-PL"},{"@type":"WebPage","@id":"https:\/\/www.smd-led.pl\/blog\/obraz-na-szarej-scianie\/","url":"https:\/\/www.smd-led.pl\/blog\/obraz-na-szarej-scianie\/","name":"Obraz na szarej \u015bcianie - SMD-LED","isPartOf":{"@id":"https:\/\/www.smd-led.pl\/blog\/#website"},"primaryImageOfPage":{"@id":"https:\/\/www.smd-led.pl\/blog\/obraz-na-szarej-scianie\/#primaryimage"},"image":{"@id":"https:\/\/www.smd-led.pl\/blog\/obraz-na-szarej-scianie\/#primaryimage"},"thumbnailUrl":"https:\/\/www.smd-led.pl\/blog\/wp-content\/uploads\/2023\/07\/Obraz-na-szarej-scianie-1-1.jpg","datePublished":"2023-07-24T14:47:24+00:00","dateModified":"2024-02-01T09:10:19+00:00","author":{"@id":"https:\/\/www.smd-led.pl\/blog\/#\/schema\/person\/887fa24be503d7ae726f67021d1623f5"},"description":"Zobacz jak wy\u015bmienicie wygl\u0105da obraz na szarej \u015bcianie. Wiele rozwi\u0105za\u0144 kt\u00f3re mog\u0105 Ci\u0119 zaszokowa\u0107. Co modne w 2023r na szarej \u015bcianie?","breadcrumb":{"@id":"https:\/\/www.smd-led.pl\/blog\/obraz-na-szarej-scianie\/#breadcrumb"},"inLanguage":"pl-PL","potentialAction":[{"@type":"ReadAction","target":["https:\/\/www.smd-led.pl\/blog\/obraz-na-szarej-scianie\/"]}]},{"@type":"ImageObject","inLanguage":"pl-PL","@id":"https:\/\/www.smd-led.pl\/blog\/obraz-na-szarej-scianie\/#primaryimage","url":"https:\/\/www.smd-led.pl\/blog\/wp-content\/uploads\/2023\/07\/Obraz-na-szarej-scianie-1-1.jpg","contentUrl":"https:\/\/www.smd-led.pl\/blog\/wp-content\/uploads\/2023\/07\/Obraz-na-szarej-scianie-1-1.jpg","width":768,"height":502,"caption":"Obraz na szarej \u015bcianie"},{"@type":"BreadcrumbList","@id":"https:\/\/www.smd-led.pl\/blog\/obraz-na-szarej-scianie\/#breadcrumb","itemListElement":[{"@type":"ListItem","position":1,"name":"Strona g\u0142\u00f3wna","item":"https:\/\/www.smd-led.pl\/blog\/"},{"@type":"ListItem","position":2,"name":"Obraz na szarej \u015bcianie"}]},{"@type":"WebSite","@id":"https:\/\/www.smd-led.pl\/blog\/#website","url":"https:\/\/www.smd-led.pl\/blog\/","name":"SMD-LED","description":"O\u015bwietlenie Led do domu i przemys\u0142u porady, testy i opinie ekspert\u00f3w","potentialAction":[{"@type":"SearchAction","target":{"@type":"EntryPoint","urlTemplate":"https:\/\/www.smd-led.pl\/blog\/?s={search_term_string}"},"query-input":{"@type":"PropertyValueSpecification","valueRequired":true,"valueName":"search_term_string"}}],"inLanguage":"pl-PL"},{"@type":"Person","@id":"https:\/\/www.smd-led.pl\/blog\/#\/schema\/person\/887fa24be503d7ae726f67021d1623f5","name":"Marcin Pietrasik","image":{"@type":"ImageObject","inLanguage":"pl-PL","@id":"https:\/\/www.smd-led.pl\/blog\/#\/schema\/person\/image\/","url":"https:\/\/secure.gravatar.com\/avatar\/c886f4ccbb5c83b665ee8b66f0b3401128439bc832dca6389b6e67c6bdc3d38b?s=96&d=mm&r=g","contentUrl":"https:\/\/secure.gravatar.com\/avatar\/c886f4ccbb5c83b665ee8b66f0b3401128439bc832dca6389b6e67c6bdc3d38b?s=96&d=mm&r=g","caption":"Marcin Pietrasik"},"url":"https:\/\/www.smd-led.pl\/blog\/author\/mpietrasik\/"}]}},"_links":{"self":[{"href":"https:\/\/www.smd-led.pl\/blog\/wp-json\/wp\/v2\/posts\/11330","targetHints":{"allow":["GET"]}}],"collection":[{"href":"https:\/\/www.smd-led.pl\/blog\/wp-json\/wp\/v2\/posts"}],"about":[{"href":"https:\/\/www.smd-led.pl\/blog\/wp-json\/wp\/v2\/types\/post"}],"author":[{"embeddable":true,"href":"https:\/\/www.smd-led.pl\/blog\/wp-json\/wp\/v2\/users\/7"}],"replies":[{"embeddable":true,"href":"https:\/\/www.smd-led.pl\/blog\/wp-json\/wp\/v2\/comments?post=11330"}],"version-history":[{"count":47,"href":"https:\/\/www.smd-led.pl\/blog\/wp-json\/wp\/v2\/posts\/11330\/revisions"}],"predecessor-version":[{"id":11449,"href":"https:\/\/www.smd-led.pl\/blog\/wp-json\/wp\/v2\/posts\/11330\/revisions\/11449"}],"wp:featuredmedia":[{"embeddable":true,"href":"https:\/\/www.smd-led.pl\/blog\/wp-json\/wp\/v2\/media\/11411"}],"wp:attachment":[{"href":"https:\/\/www.smd-led.pl\/blog\/wp-json\/wp\/v2\/media?parent=11330"}],"wp:term":[{"taxonomy":"category","embeddable":true,"href":"https:\/\/www.smd-led.pl\/blog\/wp-json\/wp\/v2\/categories?post=11330"},{"taxonomy":"post_tag","embeddable":true,"href":"https:\/\/www.smd-led.pl\/blog\/wp-json\/wp\/v2\/tags?post=11330"}],"curies":[{"name":"wp","href":"https:\/\/api.w.org\/{rel}","templated":true}]}}