{"id":1217,"date":"2022-08-17T14:37:43","date_gmt":"2022-08-17T12:37:43","guid":{"rendered":"https:\/\/www.smd-led.pl\/blog\/?p=1217"},"modified":"2023-12-29T10:45:45","modified_gmt":"2023-12-29T09:45:45","slug":"lampa-garazowa-jak-oswietlic-garaz","status":"publish","type":"post","link":"https:\/\/www.smd-led.pl\/blog\/lampa-garazowa-jak-oswietlic-garaz\/","title":{"rendered":"Lampa gara\u017cowa \u2013 jak o\u015bwietli\u0107 gara\u017c?"},"content":{"rendered":"<p>O\u015bwietlenie gara\u017cowe\u00a0to temat bardzo wa\u017cny dla ka\u017cdego z nas. Jest to rodzaj o\u015bwietlenia, kt\u00f3ry pozwoli nam swobodnie zaparkowa\u0107 auto w naszym gara\u017cu, ale tak\u017ce dosy\u0107 sprawnie znale\u017a\u0107 w nim potrzebne narz\u0119dzia oraz akcesoria.<strong> Lampa gara\u017cowa &#8211; jak o\u015bwietli\u0107 gara\u017c? Do o\u015bwietlenia gara\u017cu idealnie nadadz\u0105 si\u0119 np. lampy liniowe posiadaj\u0105ce zintegrowane \u017ar\u00f3d\u0142o \u015bwiat\u0142a. W gara\u017cu nale\u017cy zadba\u0107 o odpowiednie nat\u0119\u017cenie, kt\u00f3re nie powinno by\u0107 mniejsze ni\u017c 200 luks\u00f3w. <\/strong>Wybieraj\u0105c lampy gara\u017cowe, powinni\u015bmy przede wszystkim wzi\u0105\u0107 pod uwag\u0119 to, w jaki spos\u00f3b z tego rodzaju wn\u0119trza b\u0119dziemy korzysta\u0107, oraz jak mocnego o\u015bwietlenia b\u0119dziemy potrzebowa\u0107. Jest wiele mo\u017cliwo\u015bci wyboru o\u015bwietlenia od zwyk\u0142ych \u015bwietl\u00f3wek LED, opraw kana\u0142owych do hermetycznych lamp przemys\u0142owych. O\u015bwietlenie gara\u017cu gdy sp\u0119dzamy du\u017co czasu jest wa\u017cne i je\u015bli szukasz takiego o\u015bwietlania zapraszam do nas na sklep lub zadzwo\u0144 do naszego specjalisty!<\/p>\n<p><img loading=\"lazy\" decoding=\"async\" class=\"size-full wp-image-4483 aligncenter\" src=\"https:\/\/www.smd-led.pl\/blog\/wp-content\/uploads\/2019\/02\/lampy-garazowejak-oswietlic-garaz-baner-reklamowy-sklep-z-oswietleniem-smd-led.pl_.jpeg\" alt=\"lampy garazowejak oswietlic garaz baner reklamowy sklep z oswietleniem smd-led.pl\" width=\"800\" height=\"533\" \/><\/p>\n<p style=\"text-align: center;\"><strong><span style=\"font-size: 24pt; color: #ff0000;\">Najlepiej wybierane lampy do o\u015bwietlenia gara\u017cu przez naszych klient\u00f3w:<\/span><\/strong><\/p>\n<div class=\"call-to-action-07\"><div class=\"call-to-action-07__product-box\"><img decoding=\"async\" src=\"https:\/\/www.smd-led.pl\/blog\/wp-content\/uploads\/2023\/12\/oprawa-hermetyczna-led-line-prime-linker-40w-4000k-150lm-w-220-240v-ip65-1.jpg\" alt=\"OPRAWA HERMETYCZNA LED LINE PRIME LINKER 40W\" \/><span class=\"call-to-action-07__product-title\">OPRAWA HERMETYCZNA LED LINE PRIME LINKER 40W<\/span><a href=\"https:\/\/www.smd-led.pl\/oprawa-hermetyczna\" class=\"button\" id=\"oprawy_hermetyczne_\" target=\"_self\">Zobacz produkt<\/a><\/div><div class=\"call-to-action-07__product-box\"><img decoding=\"async\" src=\"https:\/\/www.smd-led.pl\/blog\/wp-content\/uploads\/2023\/12\/oprawa-hermetyczna-led-v-tac-g-series-120cm-36w-120lm-w-vt-1249-4000k-4320lm.webp\" alt=\"Oprawa gara\u017cowa\" \/><span class=\"call-to-action-07__product-title\">LAMPA HERMETYCZNA LED LIMEA GIGANT 38W<\/span><a href=\"https:\/\/www.smd-led.pl\/swietlowki-i-oprawy-led\" class=\"button\" id=\"oprawy_hermetyczne_\" target=\"_self\">Zobacz Produkt<\/a><\/div><div class=\"call-to-action-07__product-box\"><img decoding=\"async\" src=\"https:\/\/www.smd-led.pl\/blog\/wp-content\/uploads\/2023\/12\/oprawa-led-nexforce1-60w-neutralna-biala.webp\" alt=\"OPRAWA LED NEXFORCE1 60W NEUTRALNA BIA\u0141A\" \/><span class=\"call-to-action-07__product-title\">OPRAWA LED NEXFORCE1 60W<\/span><a href=\"https:\/\/www.smd-led.pl\/lampa-led-do-garazu\" class=\"button\" id=\"oprawy_hermetyczne_\" target=\"_blank\">Zobacz produkt<\/a><\/div><\/div>\n<h2>Lampy gara\u017cowe &#8211; jakie wybra\u0107<\/h2>\n<p><strong>Aran\u017cuj\u0105c sw\u00f3j gara\u017c jednym z najwa\u017cniejszych przedmiot\u00f3w, kt\u00f3re musz\u0105 si\u0119 w nim znale\u017a\u0107 s\u0105 lampy gara\u017cowe &#8211; jakie wybra\u0107? Idealnie sprawdz\u0105 si\u0119 lampy LED, bez wzgl\u0119du na wielko\u015b\u0107 pomieszczenia. Nasze o\u015bwietlenie gara\u017cu LED mo\u017ce sk\u0142ada\u0107 z opraw o d\u0142ugo\u015bci 60, 90, 120 lub nawet 150 cm.<\/strong> Wszystko zale\u017cy od naszego zapotrzebowania \u015bwiat\u0142a oraz wielko\u015bci wn\u0119trza. Obecnie na rynku dost\u0119pna jest\u00a0lampa gara\u017cowa LED\u00a0w wielu rodzajach i odmianach. Do o\u015bwietlenia gara\u017cu dzi\u015b mo\u017cemy u\u017cy\u0107 zar\u00f3wno opraw ze \u015bwietl\u00f3wkami, liniowych lamp ze zintegrowanym \u017ar\u00f3d\u0142em \u015bwiat\u0142a, czy popularnych ju\u017c na\u015bwietlaczy LED. W wysokich obiektach spotkamy tak\u017ce lampy przemys\u0142owe o w\u0105skim, lecz d\u0142ugim strumieniu \u015bwiat\u0142a. Wszystko zale\u017cy wy\u0142\u0105cznie od naszych indywidualnych preferencji i rodzaju zapotrzebowania.<\/p>\n<div id=\"attachment_1219\" style=\"width: 650px\" class=\"wp-caption aligncenter\"><img loading=\"lazy\" decoding=\"async\" aria-describedby=\"caption-attachment-1219\" class=\"wp-image-1219 size-full\" src=\"https:\/\/www.smd-led.pl\/blog\/wp-content\/uploads\/2019\/02\/Lampy-warsztatowe-sufitowe.jpg\" alt=\"Lampy gara\u017cowe - jakie wybra\u0107\" width=\"640\" height=\"295\" \/><p id=\"caption-attachment-1219\" class=\"wp-caption-text\">Lampy gara\u017cowe &#8211; jakie wybra\u0107<\/p><\/div>\n<p>Oprawa \u015bwietl\u00f3wkowa to chyba najcz\u0119\u015bciej wybierany zestaw do o\u015bwietlenia gara\u017cu. Mo\u017ce nie imponuje ona swoim wygl\u0105dem, ale jest niezwykle funkcjonalna i wystarczaj\u0105ca do og\u00f3lnego o\u015bwietlenia nawet du\u017cych powierzchni.\u00a0<em>Oprawa jarzeniowa<\/em>\u00a0posiada tak\u017ce ogromn\u0105 zalet\u0119, jak\u0105 jest wymienne \u017ar\u00f3d\u0142o \u015bwiat\u0142a. W momencie, kiedy b\u0119dziemy chcieli zmieni\u0107 jej moc, barw\u0119 \u015bwiat\u0142a, czy po prostu wymieni\u0107 star\u0105 \u015bwietl\u00f3wk\u0119 na now\u0105, wystarczy zakup nowej tuby LED, zamiast wymiany ca\u0142ej lampy. Obecnie\u00a0\u015bwietl\u00f3wki LED dost\u0119pne s\u0105 w bardzo atrakcyjnych cenach, dzi\u0119ki czemu taka wymiana nie b\u0119dzie zbyt kosztowna, ani trudna do wykonania. Lampy o\u015bwietleniowe gara\u017cowe w postaci \u015bwietl\u00f3wek LED s\u0105 tak\u017ce dost\u0119pne w wielu rozmiarach, dlatego nie ogranicza nas tutaj tak\u017ce ich wielko\u015b\u0107.<\/p>\n<div id=\"attachment_1220\" style=\"width: 716px\" class=\"wp-caption aligncenter\"><img loading=\"lazy\" decoding=\"async\" aria-describedby=\"caption-attachment-1220\" class=\"wp-image-1220 size-full\" src=\"https:\/\/www.smd-led.pl\/blog\/wp-content\/uploads\/2019\/02\/Oprawa-jarzeniowa.jpg\" alt=\"Oprawa jarzeniowa\" width=\"706\" height=\"541\" \/><p id=\"caption-attachment-1220\" class=\"wp-caption-text\">Lampy gara\u017cowe &#8211; jakie wybra\u0107<\/p><\/div>\n<p>&nbsp;<\/p>\n<p>&nbsp;<\/p>\n<p><span style=\"font-size: 18pt;\">Pami\u0119taj, \u017ce&#8230;<\/span><\/p>\n<p>Posiadaj\u0105c ju\u017c tradycyjne\u00a0oprawy \u015bwietl\u00f3wkowe\u00a0nie mo\u017cemy do nich pod\u0142\u0105czy\u0107 \u015bwietl\u00f3wek diodiowych. Tuby ledowe pracuj\u0105 pod napi\u0119ciem 230V, a do swojej pracy nie potrzebuj\u0105 \u017cadnych dodatkowych starter\u00f3w, czy statecznik\u00f3w. Dlatego te\u017c chc\u0105c wymieni\u0107 swoje stare jarzeni\u00f3wki na te wykonane w technologii LED, powinni\u015bmy odpowiednio przerobi\u0107 ca\u0142\u0105 opraw\u0119, usuwaj\u0105c z niej wszystkie dodatkowe akcesoria, tak aby nasza nowa \u015bwietl\u00f3wka LED by\u0142a pod\u0142\u0105czona bezpo\u015brednio pod napi\u0119cie 230V. Nie jest to zbyt trudne, ale czasem warto zada\u0107 sobie pytanie \u201eCzy warto?\u201d.<\/p>\n\n<p>Obecnie belki do \u015bwietl\u00f3wek dost\u0119pne s\u0105 w bardzo niskich cenach, a decyduj\u0105c si\u0119 na zakup nowej oprawy, otrzymujemy r\u00f3wnie\u017c nowe gniazda T8, kt\u00f3re w wi\u0119kszo\u015bci przypadk\u00f3w i tak musieliby\u015bmy zmieni\u0107.<\/p>\n<p>W naszej ofercie znajdziesz produkty takie jak: <a href=\"https:\/\/www.smd-led.pl\/oprawa-kanalowa\" target=\"_blank\" rel=\"noopener noreferrer\">oprawa kana\u0142owa<\/a>, <a href=\"https:\/\/www.smd-led.pl\/lampy-przemyslowe\" target=\"_blank\" rel=\"noopener noreferrer\">lampy przemys\u0142owe<\/a>,\u00a0<a href=\"https:\/\/www.smd-led.pl\/swietlowka-led\" target=\"_blank\" rel=\"noopener noreferrer\">\u015bwietl\u00f3wka LED<\/a>, \u00a0<a href=\"https:\/\/www.smd-led.pl\/oprawy_do_swietlowek.php\" target=\"_blank\" rel=\"noopener noreferrer\">oprawy \u015bwietl\u00f3wkowe<\/a>!<\/p>\n<div id=\"attachment_1218\" style=\"width: 810px\" class=\"wp-caption aligncenter\"><img loading=\"lazy\" decoding=\"async\" aria-describedby=\"caption-attachment-1218\" class=\"wp-image-1218\" src=\"https:\/\/www.smd-led.pl\/blog\/wp-content\/uploads\/2019\/02\/Lampy-garazowe.jpg\" alt=\"Lampy gara\u017cowe - jakie wybra\u0107\" width=\"800\" height=\"480\" \/><p id=\"caption-attachment-1218\" class=\"wp-caption-text\">Lampy gara\u017cowe &#8211; jakie wybra\u0107<\/p><\/div>\n<p>&nbsp;<\/p>\n<p class=\"video-container\"><iframe loading=\"lazy\" src=\"\/\/www.youtube.com\/embed\/G9MMdSjjIUg\" width=\"800\" height=\"449\" allowfullscreen=\"allowfullscreen\"><\/iframe><\/p>\n<p>Lampa liniowa to kolejna oprawa gara\u017cowa, kt\u00f3ra w tym przypadku posiada zintegrowane \u017ar\u00f3d\u0142o \u015bwiat\u0142a. Oznacza to, \u017ce kupuj\u0105c tego rodzaju lamp\u0119, decydujemy si\u0119 na gotowy produkt, kt\u00f3ry wystarczy pod\u0142\u0105czy\u0107 do zasilania, aby zacz\u0105\u0142 swoj\u0105 prac\u0119. Jej monta\u017c, jak i zasada dzia\u0142ania jest bardzo podobna do oprawy \u015bwietl\u00f3wkowej, tylko w tym przypadku zamiast dw\u00f3ch \u015bwiec\u0105cych tub LED, nasza lampa wyposa\u017cona jest w PCB diodowe, ukryte pod rozpraszaj\u0105cym kloszem. Oprawy liniowe LED wygl\u0105daj\u0105 znacznie lepiej od opraw ze \u015bwietl\u00f3wkami, co jest ich wielk\u0105 zalet\u0105. Zintegrowane \u017ar\u00f3d\u0142o \u015bwiat\u0142a to r\u00f3wnie\u017c wygodne rozwi\u0105zanie, dzi\u0119ki kt\u00f3remu nie musimy dobiera\u0107 \u015bwietl\u00f3wek do naszej lampy. Wi\u0105\u017ce si\u0119 to r\u00f3wnie\u017c z nieco z wy\u017cszymi kosztami, poniewa\u017c po pewnym okresie u\u017cytkowania b\u0119dziemy musieli wymieni\u0107 ca\u0142\u0105 lamp\u0119, a nie sam\u0105 \u015bwietl\u00f3wk\u0119.<\/p>\n<div id=\"attachment_1221\" style=\"width: 810px\" class=\"wp-caption aligncenter\"><img loading=\"lazy\" decoding=\"async\" aria-describedby=\"caption-attachment-1221\" class=\"wp-image-1221 size-full\" src=\"https:\/\/www.smd-led.pl\/blog\/wp-content\/uploads\/2019\/02\/Lampa-garazowa-led.jpg\" alt=\"Lampa gara\u017cowa led\" width=\"800\" height=\"532\" \/><p id=\"caption-attachment-1221\" class=\"wp-caption-text\">Lampy gara\u017cowe &#8211; jakie wybra\u0107<\/p><\/div>\n<p>Cz\u0119sto nasi klienci nie mog\u0105 zdecydowa\u0107 si\u0119 czy lampy, kt\u00f3re zamontuj\u0105 w gara\u017cu, powinny by\u0107 wodoszczelne. Wszystko tak naprawd\u0119 zale\u017cy od warunk\u00f3w w nich panuj\u0105cych. Je\u015bli jest to typowy zewn\u0119trzny gara\u017c, w kt\u00f3rym panuje wysoka wilgotno\u015b\u0107 to radzimy zastosowanie lamp o klasie szczelno\u015bci minimum IP65. W przypadku kiedy nasz gara\u017c jest po\u0142\u0105czony z domem, a warunki w nim panuj\u0105ce s\u0105 podobne do tych w naszym wn\u0119trzu, wtedy mo\u017cemy pokusi\u0107 si\u0119 o zwyk\u0142e lampy, bez dodatkowej ochrony.<\/p>\n<div id=\"attachment_1225\" style=\"width: 810px\" class=\"wp-caption aligncenter\"><img loading=\"lazy\" decoding=\"async\" aria-describedby=\"caption-attachment-1225\" class=\"wp-image-1225 size-full\" src=\"https:\/\/www.smd-led.pl\/blog\/wp-content\/uploads\/2019\/02\/Oswietlenie-garazowe.jpg\" alt=\"Lampy gara\u017cowe - jakie wybra\u0107\" width=\"800\" height=\"533\" \/><p id=\"caption-attachment-1225\" class=\"wp-caption-text\">Lampy gara\u017cowe &#8211; jakie wybra\u0107<\/p><\/div>\n<p style=\"text-align: center;\"><strong>Zobacz r\u00f3wnie\u017c nasze inne artyku\u0142y o o\u015bwietleniu warsztat\u00f3w i gara\u017cy<\/strong><\/p>\n<div class=\"cat-slider-02\"><div class=\"cat-slider-02__box\"><div class=\"cat-slider-02__wrapper\"><p class=\"cat-slider-02__title\"><\/p><div class=\"cat-slider-02__slider\"><div class=\"cat-slider-02__slide\"><a href=\"https:\/\/www.smd-led.pl\/blog\/oswietlenie-led-wiaty-garazowej-i-carportu-5-projektow-architektonicznych\/\" class=\"cat-slider-02__link\"><div class=\"cat-slider-02__img-box\"><img loading=\"lazy\" decoding=\"async\" width=\"1024\" height=\"572\" src=\"https:\/\/www.smd-led.pl\/blog\/wp-content\/uploads\/2026\/03\/2026-04-wiata-hero-1024x572.png\" class=\"cat-slider-02__img wp-post-image\" alt=\"wiata hero\" srcset=\"https:\/\/www.smd-led.pl\/blog\/wp-content\/uploads\/2026\/03\/2026-04-wiata-hero-1024x572.png 1024w, https:\/\/www.smd-led.pl\/blog\/wp-content\/uploads\/2026\/03\/2026-04-wiata-hero-300x167.png 300w, https:\/\/www.smd-led.pl\/blog\/wp-content\/uploads\/2026\/03\/2026-04-wiata-hero-768x429.png 768w, https:\/\/www.smd-led.pl\/blog\/wp-content\/uploads\/2026\/03\/2026-04-wiata-hero-1536x857.png 1536w, https:\/\/www.smd-led.pl\/blog\/wp-content\/uploads\/2026\/03\/2026-04-wiata-hero-2048x1143.png 2048w\" sizes=\"auto, (max-width: 1024px) 100vw, 1024px\" \/><\/div><\/a><a href=\"https:\/\/www.smd-led.pl\/blog\/oswietlenie-led-wiaty-garazowej-i-carportu-5-projektow-architektonicznych\/\" class=\"cat-slider-02__link\"><div class=\"cat-slider-02__heading-box\"><p class=\"cat-slider-02__post-title\">O\u015bwietlenie LED wiaty gara\u017cowej i carportu &#8211; 5 projekt\u00f3w architektonicznych<\/p><p>O\u015bwietlenie wiaty gara\u017cowej LED &#8211; nowoczesna wiata z ta\u015bm\u0105 LED O\u015bwietlenie wiaty gara\u017cowej LED to [&hellip;]<\/p>\n<\/div><\/a><\/div><div class=\"cat-slider-02__slide\"><a href=\"https:\/\/www.smd-led.pl\/blog\/jak-oszczedzac-energie-elektryczna-w-warsztacie\/\" class=\"cat-slider-02__link\"><div class=\"cat-slider-02__img-box\"><img loading=\"lazy\" decoding=\"async\" width=\"626\" height=\"388\" src=\"https:\/\/www.smd-led.pl\/blog\/wp-content\/uploads\/2021\/06\/jak-otwierac-warsztat-samochodowy.jpg\" class=\"cat-slider-02__img wp-post-image\" alt=\"Jak oszcz\u0119dza\u0107 energi\u0119 elektryczn\u0105 w warsztacie?\" srcset=\"https:\/\/www.smd-led.pl\/blog\/wp-content\/uploads\/2021\/06\/jak-otwierac-warsztat-samochodowy.jpg 626w, https:\/\/www.smd-led.pl\/blog\/wp-content\/uploads\/2021\/06\/jak-otwierac-warsztat-samochodowy-300x186.jpg 300w\" sizes=\"auto, (max-width: 626px) 100vw, 626px\" \/><\/div><\/a><a href=\"https:\/\/www.smd-led.pl\/blog\/jak-oszczedzac-energie-elektryczna-w-warsztacie\/\" class=\"cat-slider-02__link\"><div class=\"cat-slider-02__heading-box\"><p class=\"cat-slider-02__post-title\">Jak oszcz\u0119dza\u0107 energi\u0119 elektryczn\u0105 w warsztacie?<\/p><p>Wy\u017csze rachunki za pr\u0105d s\u0105 ostatnio tematem na czasie. Wy\u017csze koszty pr\u0105du powoduj\u0105, \u017ce szukamy [&hellip;]<\/p>\n<\/div><\/a><\/div><div class=\"cat-slider-02__slide\"><a href=\"https:\/\/www.smd-led.pl\/blog\/lampy-robocze-led-jakie-wybrac\/\" class=\"cat-slider-02__link\"><div class=\"cat-slider-02__img-box\"><img loading=\"lazy\" decoding=\"async\" width=\"638\" height=\"502\" src=\"https:\/\/www.smd-led.pl\/blog\/wp-content\/uploads\/2020\/02\/lampy-robocze-led.jpg\" class=\"cat-slider-02__img wp-post-image\" alt=\"Lampy robocze LED\" \/><\/div><\/a><a href=\"https:\/\/www.smd-led.pl\/blog\/lampy-robocze-led-jakie-wybrac\/\" class=\"cat-slider-02__link\"><div class=\"cat-slider-02__heading-box\"><p class=\"cat-slider-02__post-title\">Lampy robocze LED &#8211; jakie wybra\u0107?<\/p><p>O\u015bwietlenie robocze to poj\u0119cie posiadaj\u0105ce bardzo szeroki zakres. Lampa robocza LED &#8211; jakie wybra\u0107? S\u0105 [&hellip;]<\/p>\n<\/div><\/a><\/div><div class=\"cat-slider-02__slide\"><a href=\"https:\/\/www.smd-led.pl\/blog\/jaki-halogen-led-do-quada\/\" class=\"cat-slider-02__link\"><div class=\"cat-slider-02__img-box\"><img loading=\"lazy\" decoding=\"async\" width=\"725\" height=\"533\" src=\"https:\/\/www.smd-led.pl\/blog\/wp-content\/uploads\/2022\/08\/Jaki-halogen-LED-do-Quada.jpeg\" class=\"cat-slider-02__img wp-post-image\" alt=\"Jaki halogen LED do Quada\" \/><\/div><\/a><a href=\"https:\/\/www.smd-led.pl\/blog\/jaki-halogen-led-do-quada\/\" class=\"cat-slider-02__link\"><div class=\"cat-slider-02__heading-box\"><p class=\"cat-slider-02__post-title\">Jaki halogen LED do Quada?<\/p><p>Dobre o\u015bwietlenie to gwarancja bezpiecze\u0144stwa, tyczy si\u0119 to zar\u00f3wno samochod\u00f3w jak i cz\u0119sto wybieranych w [&hellip;]<\/p>\n<\/div><\/a><\/div><div class=\"cat-slider-02__slide\"><a href=\"https:\/\/www.smd-led.pl\/blog\/lampa-garazowa-jak-oswietlic-garaz\/\" class=\"cat-slider-02__link\"><div class=\"cat-slider-02__img-box\"><img loading=\"lazy\" decoding=\"async\" width=\"1000\" height=\"600\" src=\"https:\/\/www.smd-led.pl\/blog\/wp-content\/uploads\/2019\/02\/Lampy-garazowe.jpg\" class=\"cat-slider-02__img wp-post-image\" alt=\"lampy garazowe - jak oswietlic garaz\" \/><\/div><\/a><a href=\"https:\/\/www.smd-led.pl\/blog\/lampa-garazowa-jak-oswietlic-garaz\/\" class=\"cat-slider-02__link\"><div class=\"cat-slider-02__heading-box\"><p class=\"cat-slider-02__post-title\">Lampa gara\u017cowa \u2013 jak o\u015bwietli\u0107 gara\u017c?<\/p><p>O\u015bwietlenie gara\u017cowe\u00a0to temat bardzo wa\u017cny dla ka\u017cdego z nas. Jest to rodzaj o\u015bwietlenia, kt\u00f3ry pozwoli [&hellip;]<\/p>\n<\/div><\/a><\/div><div class=\"cat-slider-02__slide\"><a href=\"https:\/\/www.smd-led.pl\/blog\/oprawa-hermetyczna-led-zastosowanie\/\" class=\"cat-slider-02__link\"><div class=\"cat-slider-02__img-box\"><img loading=\"lazy\" decoding=\"async\" width=\"960\" height=\"640\" src=\"https:\/\/www.smd-led.pl\/blog\/wp-content\/uploads\/2021\/03\/system-Dali-magazyn.jpg\" class=\"cat-slider-02__img wp-post-image\" alt=\"Bia\u0142y certyfikat - jak go zdoby\u0107?\" \/><\/div><\/a><a href=\"https:\/\/www.smd-led.pl\/blog\/oprawa-hermetyczna-led-zastosowanie\/\" class=\"cat-slider-02__link\"><div class=\"cat-slider-02__heading-box\"><p class=\"cat-slider-02__post-title\">Oprawa hermetyczna LED &#8211; zastosowanie<\/p><p>Posiadaj\u0105c warsztat samochodowy, gara\u017c, czy hale produkcyjne musimy pami\u0119ta\u0107 o tym, \u017ce dobre o\u015bwietlenie tego [&hellip;]<\/p>\n<\/div><\/a><\/div><div class=\"cat-slider-02__slide\"><a href=\"https:\/\/www.smd-led.pl\/blog\/jaki-halogen-na-budowe\/\" class=\"cat-slider-02__link\"><div class=\"cat-slider-02__img-box\"><img loading=\"lazy\" decoding=\"async\" width=\"999\" height=\"665\" src=\"https:\/\/www.smd-led.pl\/blog\/wp-content\/uploads\/2022\/08\/Jaki-halogen-na-budowe..jpg\" class=\"cat-slider-02__img wp-post-image\" alt=\"Jaki halogen na budow\u0119\" \/><\/div><\/a><a href=\"https:\/\/www.smd-led.pl\/blog\/jaki-halogen-na-budowe\/\" class=\"cat-slider-02__link\"><div class=\"cat-slider-02__heading-box\"><p class=\"cat-slider-02__post-title\">Jaki halogen na budow\u0119? &#8211; halogen budowlany<\/p><p>Jaki halogen na budow\u0119 jest odpowiedni? &#8211; halogen budowlany. Aby prawid\u0142owo o\u015bwietli\u0107 miejsce pracy na [&hellip;]<\/p>\n<\/div><\/a><\/div><div class=\"cat-slider-02__slide\"><a href=\"https:\/\/www.smd-led.pl\/blog\/lampy-do-warsztatu-ranking-top-10\/\" class=\"cat-slider-02__link\"><div class=\"cat-slider-02__img-box\"><img loading=\"lazy\" decoding=\"async\" width=\"800\" height=\"533\" src=\"https:\/\/www.smd-led.pl\/blog\/wp-content\/uploads\/2020\/07\/oswietlenie-warsztatu.jpg\" class=\"cat-slider-02__img wp-post-image\" alt=\"Co ma wp\u0142yw na prawid\u0142owe o\u015bwietlenie stanowiska pracy?\" \/><\/div><\/a><a href=\"https:\/\/www.smd-led.pl\/blog\/lampy-do-warsztatu-ranking-top-10\/\" class=\"cat-slider-02__link\"><div class=\"cat-slider-02__heading-box\"><p class=\"cat-slider-02__post-title\">Lampy do warsztatu &#8211; Ranking TOP 10<\/p><p>O\u015bwietlenie warsztatu\u00a0jest, czego nie potrzeba udowadnia\u0107, nad wyraz wa\u017cn\u0105 spraw\u0105. Jakie powinno by\u0107 to o\u015bwietlenie, [&hellip;]<\/p>\n<\/div><\/a><\/div><div class=\"cat-slider-02__slide\"><a href=\"https:\/\/www.smd-led.pl\/blog\/oswietlenie-stolarni\/\" class=\"cat-slider-02__link\"><div class=\"cat-slider-02__img-box\"><img loading=\"lazy\" decoding=\"async\" width=\"1000\" height=\"633\" src=\"https:\/\/www.smd-led.pl\/blog\/wp-content\/uploads\/2021\/12\/Oswietlenie-stolarni-1.jpg\" class=\"cat-slider-02__img wp-post-image\" alt=\"O\u015bwietlenie z certyfikatem ATEX do stolarni\" \/><\/div><\/a><a href=\"https:\/\/www.smd-led.pl\/blog\/oswietlenie-stolarni\/\" class=\"cat-slider-02__link\"><div class=\"cat-slider-02__heading-box\"><p class=\"cat-slider-02__post-title\">O\u015bwietlenie stolarni &#8211; na co zwr\u00f3ci\u0107 uwag\u0119 i jak dobrze wybra\u0107<\/p><p>Stolarnia jest miejscem, w kt\u00f3rym praca wykonywana jest ponad 8 godzin dziennie, a cz\u0119sto niekt\u00f3re [&hellip;]<\/p>\n<\/div><\/a><\/div><div class=\"cat-slider-02__slide\"><a href=\"https:\/\/www.smd-led.pl\/blog\/oswietlenie-kanalu-samochodowego-jakie-lampy-wybrac\/\" class=\"cat-slider-02__link\"><div class=\"cat-slider-02__img-box\"><img loading=\"lazy\" decoding=\"async\" width=\"1024\" height=\"682\" src=\"https:\/\/www.smd-led.pl\/blog\/wp-content\/uploads\/2020\/04\/oswietlenie-kanalu-w-warsztacie.jpg\" class=\"cat-slider-02__img wp-post-image\" alt=\"Jakie o\u015bwietlenie do gara\u017cu?\" \/><\/div><\/a><a href=\"https:\/\/www.smd-led.pl\/blog\/oswietlenie-kanalu-samochodowego-jakie-lampy-wybrac\/\" class=\"cat-slider-02__link\"><div class=\"cat-slider-02__heading-box\"><p class=\"cat-slider-02__post-title\">O\u015bwietlenie kana\u0142u samochodowego &#8211; jakie lampy wybra\u0107?<\/p><p>Gara\u017c \u2013 bawialnia doros\u0142ego ch\u0142opca. Mo\u017ce i jest to stwierdzenie \u017cartobliwe, ale jednak gara\u017c cz\u0119sto [&hellip;]<\/p>\n<\/div><\/a><\/div><div class=\"cat-slider-02__slide\"><a href=\"https:\/\/www.smd-led.pl\/blog\/lampy-do-lakierni-oswietlenie-lakierni\/\" class=\"cat-slider-02__link\"><div class=\"cat-slider-02__img-box\"><img loading=\"lazy\" decoding=\"async\" width=\"1024\" height=\"680\" src=\"https:\/\/www.smd-led.pl\/blog\/wp-content\/uploads\/2020\/04\/oswietlenie-lakierni.jpg\" class=\"cat-slider-02__img wp-post-image\" alt=\"O\u015bwietlenie lakierni\" \/><\/div><\/a><a href=\"https:\/\/www.smd-led.pl\/blog\/lampy-do-lakierni-oswietlenie-lakierni\/\" class=\"cat-slider-02__link\"><div class=\"cat-slider-02__heading-box\"><p class=\"cat-slider-02__post-title\">Lampy do lakierni &#8211; o\u015bwietlenie lakierni<\/p><p>\u015awiat\u0142o mocno mo\u017ce wp\u0142ywa\u0107 na percepcj\u0119, szczeg\u00f3lnie kolor\u00f3w. Dlatego odpowiedni wyb\u00f3r o\u015bwietlenia mo\u017ce by\u0107 pomocny [&hellip;]<\/p>\n<\/div><\/a><\/div><\/div><\/div><\/div><\/div>\n<h2>O\u015bwietlenie LED do gara\u017cu &#8211; o czym pami\u0119ta\u0107?<\/h2>\n<p>Lampy warsztatowe sufitowe to nie wszystko, co powinno znale\u017a\u0107 si\u0119 w naszym gara\u017cu. G\u0142\u00f3wne o\u015bwietlenie cz\u0119sto mo\u017ce okaza\u0107 si\u0119 zbyt s\u0142abe w miejscach, w kt\u00f3rych przechowujemy narz\u0119dzie czy inne akcesoria. W tego typu przypadkach dosy\u0107 ciekawym rozwi\u0105zaniem s\u0105 dodatkowe \u017ar\u00f3d\u0142a \u015bwiat\u0142a, kt\u00f3re pos\u0142u\u017c\u0105 nam do o\u015bwietlenia w\u0142a\u015bnie takich skrajnych miejsc. <strong>Posiadamy ju\u017c o\u015bwietlenie LED do gara\u017cu &#8211; o czym pami\u0119ta\u0107 poza g\u0142\u00f3wnym o\u015bwietleniem? Podczas prac wykonywanych w gara\u017cu przydatne b\u0119dzie dodatkowe o\u015bwietlenie, na przyk\u0142ad lampy przeno\u015bne, zapewniaj\u0105ce do\u015bwietlenie wa\u017cnych, trudno dost\u0119pnych miejsc. Tak\u0105 lamp\u0119 mo\u017cemy kupi\u0107 ju\u017c za oko\u0142o 100z\u0142, co nie nadszarpnie naszego bud\u017cetu. <\/strong><\/p>\n\n<p>Najlepszym i najcz\u0119\u015bciej wybieranym przez naszych klient\u00f3w o\u015bwietleniem tego typu s\u0105 oprawy natynkowe, czy bardzo popularne dzi\u015b plafony LED. Jest to rodzaj produkt\u00f3w, kt\u00f3ry dost\u0119pny jest tak\u017ce w wersji hermetycznej. S\u0105 to lampy o podwy\u017cszonej klasie szczelno\u015bci, kt\u00f3rym py\u0142, kurz, czy nadmierna wilgo\u0107 nie przeszkodz\u0105 w d\u0142ugiej i bezawaryjnej pracy.<\/p>\n<div id=\"attachment_1222\" style=\"width: 410px\" class=\"wp-caption aligncenter\"><img loading=\"lazy\" decoding=\"async\" aria-describedby=\"caption-attachment-1222\" class=\"wp-image-1222\" src=\"https:\/\/www.smd-led.pl\/blog\/wp-content\/uploads\/2019\/02\/Oprawa-garazowa-LED.jpg\" alt=\"Oprawa gara\u017cowa LED\" width=\"400\" height=\"400\" \/><p id=\"caption-attachment-1222\" class=\"wp-caption-text\">O\u015bwietlenie LED do gara\u017cu &#8211; o czym pami\u0119ta\u0107?<\/p><\/div>\n<p>Lampy o\u015bwietleniowe gara\u017cowe tego typu doskonale sprawdz\u0105 si\u0119 w miejscach, w kt\u00f3rych b\u0119dziemy potrzebowa\u0107 dodatkowego \u017ar\u00f3d\u0142a \u015bwiat\u0142a, do wykonania podstawowych prac warsztatowych. Mo\u017ce ono okaza\u0107 si\u0119 niezb\u0119dne, kiedy b\u0119dziemy chcieli wybra\u0107 odpowiedni wkr\u0119t, czy \u015brubokr\u0119t z p\u00f3\u0142ki.<\/p>\n<div id=\"attachment_1223\" style=\"width: 650px\" class=\"wp-caption aligncenter\"><img loading=\"lazy\" decoding=\"async\" aria-describedby=\"caption-attachment-1223\" class=\"wp-image-1223 size-full\" src=\"https:\/\/www.smd-led.pl\/blog\/wp-content\/uploads\/2019\/02\/Lampa-garazowa-sufitowa.jpg\" alt=\"O\u015bwietlenie LED do gara\u017cu - o czym pami\u0119ta\u0107?\" width=\"640\" height=\"426\" \/><p id=\"caption-attachment-1223\" class=\"wp-caption-text\">O\u015bwietlenie LED do gara\u017cu &#8211; o czym pami\u0119ta\u0107?<\/p><\/div>\n<p>Najwy\u017cszy czas przej\u015b\u0107 do produkt\u00f3w, kt\u00f3re najlepiej sprawdz\u0105 si\u0119 jako\u00a0lampy do gara\u017cu LED. Zacznijmy od tych, kt\u00f3re b\u0119dziemy montowa\u0107 na \u015bcianie. Ze wzgl\u0119du na wysoko\u015b\u0107 monta\u017cu, musz\u0105 by\u0107 to lampy o szerokim k\u0105cie \u015bwiecenia, kt\u00f3re nie b\u0119d\u0105 nas zbytnio o\u015blepia\u0107. Oczywi\u015bcie mo\u017cemy zdecydowa\u0107 si\u0119 r\u00f3wnie\u017c na oprawy o kierunkowym \u015bwietle, kt\u00f3re odpowiednio nakierujemy. Tutaj polecanym przez nas wyborem s\u0105 lampy gara\u017cowe. S\u0105 to typowe oprawy kana\u0142owe, kt\u00f3re nie imponuj\u0105 swoim wygl\u0105dem, ale zaskakuj\u0105 nisk\u0105 cen\u0105 i wysok\u0105 trwa\u0142o\u015bci\u0105. S\u0105 to bardzo odporne lampy, kt\u00f3re poradz\u0105 sobie nawet w najtrudniejszych warunkach.<\/p>\n<div id=\"attachment_7611\" style=\"width: 610px\" class=\"wp-caption aligncenter\"><img loading=\"lazy\" decoding=\"async\" aria-describedby=\"caption-attachment-7611\" class=\"size-full wp-image-7611\" src=\"https:\/\/www.smd-led.pl\/blog\/wp-content\/uploads\/2019\/02\/jakie-oswietlenie-do-garazu.jpg\" alt=\"O\u015bwietlenie LED do gara\u017cu - o czym pami\u0119ta\u0107?\" width=\"600\" height=\"480\" \/><p id=\"caption-attachment-7611\" class=\"wp-caption-text\">O\u015bwietlenie LED do gara\u017cu &#8211; o czym pami\u0119ta\u0107?<\/p><\/div>\n<p>Jako\u00a0o\u015bwietlenie do gara\u017cu, kt\u00f3re zamontujemy na \u015bcianie, doskonale sprawdz\u0105 si\u0119 tak\u017ce\u00a0halogeny LED. Tutaj powinni\u015bmy wybiera\u0107 oprawy o niezbyt du\u017cej mocy i o w\u0105skim k\u0105cie \u015bwiecenia. Taka lampa LED do gara\u017cu, dzi\u0119ki specjalnemu uchwytowi jest w pe\u0142ni ruchoma i mobilna. Halogeny LED warto mocowa\u0107 na wysoko\u015bci r\u0119ki, a p\u00f3\u017aniej w zale\u017cno\u015bci od zastosowania nakierowywa\u0107 ich \u015bwiat\u0142o na wyznaczone punkty.<\/p>\n<div class=\"call-to-action-05\" style=\"background-image: url('https:\/\/www.smd-led.pl\/blog\/wp-content\/uploads\/2023\/12\/oswietlenie_led_do_podbitki_dachowej-52.png')\"><div class=\"call-to-action-05__info-box\"><div class=\"call-to-action-05__info\"><p class=\"call-to-action-05__txt\">Zobacz wi\u0119cej z kategorii<\/p><span class=\"call-to-action-05__cat-title\">Oprawy LED kana\u0142owe do wymagaj\u0105cych przestrzeni roboczych<\/span><a href=\"https:\/\/www.smd-led.pl\/oprawa-kanalowa\" class=\"button\" id=\"oprawy_kana\u0142owe\" target=\"_self\">Zobacz produkt<\/a><\/div><\/div><\/div>\n<h2>Oprawa gara\u017cowa &#8211; jak\u0105 wybra\u0107?<\/h2>\n<p>Wsp\u00f3\u0142czesne\u00a0o\u015bwietlenie gara\u017cu LED\u00a0nie musi by\u0107 ju\u017c tylko funkcjonalne. Dost\u0119pne obecnie na rynku o\u015bwietlenie techniczne LED mo\u017ce sk\u0142ada\u0107 si\u0119 z mocnych, ale tak\u017ce eleganckich lamp tworz\u0105cych niesamowity klimat. M\u00f3wimy tutaj oczywi\u015bcie o\u00a0profile LED\u00a0Lumines, kt\u00f3re s\u0105 coraz cz\u0119\u015bciej wybierane r\u00f3wnie\u017c do o\u015bwietlenia gara\u017cu.<strong> Oprawa gara\u017cowa &#8211; jak\u0105 wybra\u0107? Wybieraj\u0105c o\u015bwietlenie do gara\u017cu nale\u017cy kierowa\u0107 si\u0119 zar\u00f3wno funkcjonalno\u015bci\u0105, czyli m.in. klas\u0105 szczelno\u015bci, kt\u00f3ra powinna wynosi\u0107 co najmniej IP65, jak i pomocnymi i nowoczesnymi rozwi\u0105zaniami takimi jak chocia\u017cby czujniki ruchu, pozwalaj\u0105ce na swobodne korzystanie z pomieszczenia. <\/strong>Dowolno\u015b\u0107 wyboru barwy i mocy \u015bwiat\u0142a, ale tak\u017ce koloru takich lamp sprawia, \u017ce tego typu o\u015bwietlenie b\u0119dziemy mogli dostawa\u0107 do naszych w\u0142asnych i indywidualnych preferencji. Dost\u0119pne dzi\u015b na rynku ta\u015bmy LED z wodoodporn\u0105 pow\u0142ok\u0105, doskonale poradz\u0105 sobie nawet w trudnych warunkach, a zamkni\u0119te w stylowym profilu, stworz\u0105 nie tylko funkcjonaln\u0105, ale tak\u017ce eleganck\u0105 ca\u0142o\u015b\u0107.<\/p>\n<div id=\"attachment_1224\" style=\"width: 810px\" class=\"wp-caption aligncenter\"><img loading=\"lazy\" decoding=\"async\" aria-describedby=\"caption-attachment-1224\" class=\"wp-image-1224 size-full\" src=\"https:\/\/www.smd-led.pl\/blog\/wp-content\/uploads\/2019\/02\/Oswietlenie-garazu-led.jpg\" alt=\"Oprawa gara\u017cowa - jak\u0105 wybra\u0107?\" width=\"800\" height=\"533\" \/><p id=\"caption-attachment-1224\" class=\"wp-caption-text\">Oprawa gara\u017cowa &#8211; jak\u0105 wybra\u0107?<\/p><\/div>\n<p>Ostatnim rodzajem \u015bwiat\u0142a, kt\u00f3re zastosujemy w naszym przydomowym warsztacie, b\u0119d\u0105 oczywi\u015bcie\u00a0lampy gara\u017cowe zewn\u0119trzne. Jest to typ o\u015bwietlenia, do kt\u00f3rego najcz\u0119\u015bciej wybieramy halogeny LED. Dost\u0119pne s\u0105 one w wersji z czujnikiem ruchu lub bez a montujemy je najcz\u0119\u015bciej nad drzwiami gara\u017cowymi. Nie musi by\u0107 to bardzo mocne \u015bwiat\u0142o, ale powinno wystarczy\u0107 nam do tego, aby m\u00f3c spokojnie wprowadzi\u0107 wieczorem do gara\u017cu kosiark\u0119, czy rower po d\u0142u\u017cszej wyciecze. Wersja z czujnikiem ruchu pozwoli nam natomiast na ca\u0142kowite zautomatyzowanie tego rodzaju o\u015bwietlenia. Oznacza to, \u017ce wje\u017cd\u017caj\u0105c autem na podw\u00f3rko, nasza lampa, wykrywaj\u0105c ruch, uruchomi \u015bwiat\u0142o i pozwoli nam omin\u0105\u0107 realne przeszkody na wje\u017adzie, czy w czasie zamykania gara\u017cu na klucz, nie b\u0119dziemy potrzebowa\u0107 \u017cadnej latarki czy dodatkowej lampki. Jest to bardzo ciekawe rozwi\u0105zanie, kt\u00f3re samoczynnie wy\u0142\u0105czy tak\u017ce o\u015bwietlenie, kiedy przestanie wyczuwa\u0107 ruch i b\u0119dzie ono po prostu zb\u0119dne.<\/p>\n<p>Interesuje Ci\u0119 o\u015bwietlenie takie jak <a href=\"https:\/\/www.smd-led.pl\/profil-aluminiowy-led\" target=\"_blank\" rel=\"noopener noreferrer\">profile LED<\/a>, czy\u00a0 <a href=\"https:\/\/www.smd-led.pl\/halogeny-led\" target=\"_blank\" rel=\"noopener noreferrer\">halogeny LED<\/a>? Nasz sklep oferuje najlepsze ceny!<\/p>\n<div id=\"attachment_1226\" style=\"width: 710px\" class=\"wp-caption aligncenter\"><img loading=\"lazy\" decoding=\"async\" aria-describedby=\"caption-attachment-1226\" class=\"wp-image-1226\" src=\"https:\/\/www.smd-led.pl\/blog\/wp-content\/uploads\/2019\/02\/Lampy-garazowe-zewnetrzne.jpg\" alt=\"Oprawa gara\u017cowa - jak\u0105 wybra\u0107?\" width=\"700\" height=\"473\" \/><p id=\"caption-attachment-1226\" class=\"wp-caption-text\">Oprawa gara\u017cowa &#8211; jak\u0105 wybra\u0107?<\/p><\/div>\n<h2>O\u015bwietlenie gara\u017cu &#8211; co wybra\u0107?<\/h2>\n<p>O\u015bwietlenie gara\u017cowe\u00a0pe\u0142ni bardzo wa\u017cn\u0105 funkcj\u0119 w ka\u017cdym pomieszczeniu tego typu. <strong>Jakie powinno by\u0107 odpowiednie o\u015bwietlenie gara\u017cu &#8211; co wybra\u0107, by spe\u0142nia\u0142o swoj\u0105 funkcj\u0119 w idealny spos\u00f3b? Aby zapewni\u0107 w\u0142a\u015bciwe o\u015bwietlenie do gara\u017cu nale\u017cy pami\u0119ta\u0107, \u017ce lampa, kt\u00f3r\u0105 wybierzemy powinna zapewnia\u0107 200 lumen\u00f3w na metr kwadratowy pomieszczenia. <\/strong> Odpowiednio wybrane\u00a0lampy do gara\u017cu pozwol\u0105 nam w pe\u0142ni wykorzysta\u0107 rol\u0119 tego pomieszczenia, ale tak\u017ce zapewni\u0105 wymagan\u0105 jasno\u015b\u0107 danej przestrzeni. Gara\u017c to miejsce, kt\u00f3re s\u0142u\u017cy nie tylko przetrzymywania naszych pojazd\u00f3w, ale tak\u017ce wykonujemy w nim r\u00f3\u017cne podstawowe zadania takie jak wymiana \u017car\u00f3wki w samochodzie, czy inne drobne naprawy. Wa\u017cne jest wi\u0119c, aby nasze o\u015bwietlenie gara\u017cu doskonale sprawdzi\u0142o si\u0119 zar\u00f3wno do parkowania w nim pojazd\u00f3w, jak i wykonywania podstawowych w nim prac. Zapoznaj si\u0119 z naszym wpisem i sprawd\u017a jakie lampy do gara\u017cu najlepiej wybra\u0107 i czym kierowa\u0107 si\u0119 podczas ich zakupu.<\/p>\n<div id=\"attachment_3134\" style=\"width: 1930px\" class=\"wp-caption aligncenter\"><img loading=\"lazy\" decoding=\"async\" aria-describedby=\"caption-attachment-3134\" class=\"size-full wp-image-3134\" src=\"https:\/\/www.smd-led.pl\/blog\/wp-content\/uploads\/2021\/02\/oswietlenie-garazu.jpg\" alt=\"O\u015bwietlenie gara\u017cu - co wybra\u0107?\" width=\"1920\" height=\"1280\" \/><p id=\"caption-attachment-3134\" class=\"wp-caption-text\">O\u015bwietlenie gara\u017cu &#8211; co wybra\u0107?<\/p><\/div>\n<div class=\"call-to-action-05\" style=\"background-image: url('https:\/\/www.smd-led.pl\/blog\/wp-content\/uploads\/2023\/12\/oswietlenie_led_do_podbitki_dachowej-42.png')\"><div class=\"call-to-action-05__info-box\"><div class=\"call-to-action-05__info\"><p class=\"call-to-action-05__txt\">Zobacz wi\u0119cej z kategorii<\/p><span class=\"call-to-action-05__cat-title\">Lampy robocze LED \u2013 mocne \u015bwiat\u0142o do ka\u017cdego zadania<\/span><a href=\"https:\/\/www.smd-led.pl\/lampy-przenosne-led\" class=\"button\" id=\"lampy_robocze\" target=\"_self\">Zobacz produkt<\/a><\/div><\/div><\/div>\n<h2>Jaka lampa LED do gara\u017cu?<\/h2>\n<p>J<strong>aka lampa LED do gara\u017cu sprawdzi si\u0119 najlepiej? W ostatnich latach najcz\u0119\u015bciej wybieranym rodzajem o\u015bwietlenia jest o\u015bwietlenie LED. Decyduj\u0105c si\u0119 na takie rozwi\u0105zanie mo\u017cemy zaoszcz\u0119dzi\u0107 na rachunkach nawet do 80%, a tak\u017ce cieszymy si\u0119 d\u0142ug\u0105 \u017cywotno\u015bci\u0105, kt\u00f3ra jest charakterystyczna dla technologii LED.<\/strong> O\u015bwietlenie w gara\u017cu\u00a0jest r\u00f3wnie wa\u017cne zar\u00f3wno wewn\u0119trzne, jak i zewn\u0119trzne. Obecnie jako lampy LED do gara\u017cu mo\u017cemy wykorzysta\u0107 przer\u00f3\u017cne oprawy \u015bwietlne, a najcz\u0119\u015bciej decydujemy si\u0119 na te energooszcz\u0119dne, czyli wykonane w technologii LED. Jako\u00a0lampy sufitowe LED do gara\u017cu\u00a0najch\u0119tniej wybierane s\u0105 oprawy \u015bwietl\u00f3wkowe, czy o\u015bwietlenie liniowe. Coraz wi\u0119ksz\u0105 popularno\u015b\u0107 zyskuj\u0105 tak\u017ce lampy hermetyczne, czyli oprawy ze zintegrowanym \u017ar\u00f3d\u0142em \u015bwiat\u0142a, zamkni\u0119tym w obudowie o wysokiej szczelno\u015bci jak na przyk\u0142ad oprawy kana\u0142owe. Pozostaje nam wi\u0119c tylko o\u015bwietlenie zewn\u0119trzne, w kt\u00f3rym prym wiod\u0105 halogeny LED.<\/p>\n<div id=\"attachment_7610\" style=\"width: 610px\" class=\"wp-caption aligncenter\"><img loading=\"lazy\" decoding=\"async\" aria-describedby=\"caption-attachment-7610\" class=\"size-full wp-image-7610\" src=\"https:\/\/www.smd-led.pl\/blog\/wp-content\/uploads\/2019\/02\/oswietlenie-do-garazu-led.jpg\" alt=\"Jaka lampa LED do gara\u017cu?\" width=\"600\" height=\"450\" \/><p id=\"caption-attachment-7610\" class=\"wp-caption-text\">Jaka lampa LED do gara\u017cu?<\/p><\/div>\n<p>Obecnie s\u0105 one stosowane najcz\u0119\u015bciej na naszych domach, czy gara\u017cach. Wyposa\u017cone w \u017ar\u00f3d\u0142o \u015bwiat\u0142a LED pobieraj\u0105 znacznie mniej energii od tradycyjnych lamp \u017carnikowych. Spotka\u0107 mo\u017cemy tak\u017ce przeno\u015bne lampy halogenowe, w pe\u0142ni mobilne, kt\u00f3re mo\u017cemy dowolnie przenosi\u0107. S\u0105 one wyposa\u017cone w d\u0142ugi przew\u00f3d lub wbudowany akumulator. Jest to doskona\u0142e rozwi\u0105zanie, kiedy potrzebujemy do\u015bwietla\u0107 r\u00f3\u017cne przestrzenie i potrzebuje jak najbardziej mobilnego o\u015bwietlenia.<\/p>\n<div class=\"call-to-action-06\" style=\"background-image: url('https:\/\/www.smd-led.pl\/blog\/wp-content\/uploads\/2023\/12\/Lampy-do-salonu-13.png')\"><div class=\"call-to-action-06__info-box\"><div class=\"call-to-action-06__info\"><p class=\"call-to-action-06__txt\">Zobacz wi\u0119cej z kategorii<\/p><span class=\"call-to-action-06__cat-title\">Lampa warsztatowa<\/span><a href=\"https:\/\/www.smd-led.pl\/lampa-warsztatowa\" class=\"button\" id=\"lampy_robocze_kategoria\" target=\"_self\">Zobacz produkty<\/a><\/div><\/div><\/div>\n<h2>O\u015bwietlenie do gara\u017cu<\/h2>\n<p>Lampa LED do gara\u017cu\u00a0powinna by\u0107 zawsze wybierana odpowiednio do jego zastosowania, jak i samej wielko\u015bci. <strong>O\u015bwietlenie do gara\u017cu zale\u017cy przede wszystkim od czynno\u015bci, kt\u00f3re b\u0119d\u0105 w nim wykonywane. Je\u015bli nasz gara\u017c nie jest przeznaczony do r\u00f3\u017cnego rodzaju prac manualnych, zdecydowanie wystarczy nam nat\u0119\u017cenie \u015bwiat\u0142a o warto\u015bci ok. 150 lx.<\/strong> Je\u015bli nasz gara\u017c s\u0142u\u017cy wy\u0142\u0105cznie do parkowania w nim pojazd\u00f3w, to nie b\u0119dziemy potrzebowali bardzo mocnego o\u015bwietlenia. Przydadz\u0105 si\u0119 wtedy nam dodatkowe lampy przeno\u015bne, kt\u00f3re pos\u0142u\u017c\u0105 jako \u015bwiat\u0142o dope\u0142niaj\u0105ce, kiedy b\u0119dziemy dolewa\u0107 oleju do auta, czy wymienia\u0107 w nim \u017car\u00f3wk\u0119. O\u015bwietlenie LED gara\u017cu\u00a0nie musi wygl\u0105da\u0107 idealnie, lecz powinno spe\u0142nia\u0107 wszystkie zadania \u015bwietlne przez nas wymagane. Oczywi\u015bcie dost\u0119pne s\u0105 bardzo eleganckie lampy, kt\u00f3rych jednak g\u0142\u00f3wnym celem, s\u0105 klienci, kt\u00f3rzy w gara\u017cu, widz\u0105 co\u015b wi\u0119cej ni\u017c miejsce przechowywania wy\u0142\u0105cznie pojazd\u00f3w i narz\u0119dzi.<\/p>\n<div id=\"attachment_7328\" style=\"width: 1009px\" class=\"wp-caption aligncenter\"><img loading=\"lazy\" decoding=\"async\" aria-describedby=\"caption-attachment-7328\" class=\"size-full wp-image-7328\" src=\"https:\/\/www.smd-led.pl\/blog\/wp-content\/uploads\/2020\/07\/Lampy-ledowe-do-warsztatu-\u2014-TOP-10.jpg\" alt=\"O\u015bwietlenie do gara\u017cu\" width=\"999\" height=\"667\" \/><p id=\"caption-attachment-7328\" class=\"wp-caption-text\">O\u015bwietlenie do gara\u017cu<\/p><\/div>\n<p>Je\u015bli nasz przydomowy gara\u017c b\u0119dzie r\u00f3wnie\u017c pe\u0142ni\u0142 funkcj\u0119 warsztatu, warto wybra\u0107 tam nieco mocniejsze o\u015bwietlenie. \u015awiat\u0142o do gara\u017cu w takich przypadkach powinno by\u0107 jak najbardziej r\u00f3wnomierne na ca\u0142ej jego powierzchni, a przy tym na tyle mocne, aby\u015bmy bez mo\u017cliwo\u015bci dodatkowego o\u015bwietlenia, mogli swobodnie dokr\u0119ci\u0107 nawet ma\u0142\u0105 \u015brubk\u0119.<\/p>\n<div>Interesuj\u0105 Ci\u0119 <a href=\"https:\/\/www.smd-led.pl\/lampy-przenosne-led\" target=\"_blank\" rel=\"noopener noreferrer\">lampy przeno\u015bne<\/a> i <a href=\"https:\/\/www.smd-led.pl\/oprawa-kanalowa\" target=\"_blank\" rel=\"noopener noreferrer\">oprawy kana\u0142owe<\/a>? Sprawd\u017a ofert\u0119 naszego sklepu i wybierz co\u015b dla siebie!<\/div>\n<h2>Lampy sufitowe LED do gara\u017cu<\/h2>\n<p><strong>Lampy sufitowe LED do gara\u017cu s\u0105 cz\u0119sto wybieranym rodzajem o\u015bwietlenia w tego typu pomieszczeniach. Je\u015bli zdecydujemy si\u0119 na zainstalowanie lamp sufitowych LED w swoim gara\u017cu, mo\u017cemy zauwa\u017cy\u0107 znaczny spadek poboru energii. Lampy te pobior\u0105 nawet 50 % mniej pr\u0105du ni\u017c stare zamienniki. <\/strong>O\u015bwietlenie w gara\u017cu\u00a0to r\u00f3wnie\u017c lampy sufitowe, kt\u00f3re obecnie spotkamy w prawie ka\u017cdym tego rodzaju wn\u0119trzu. Pe\u0142ni\u0105 one przede wszystkim rol\u0119 g\u0142\u00f3wnego o\u015bwietlenia, kt\u00f3re r\u00f3wnomiernie o\u015bwietli ca\u0142y nasz gara\u017c. W tym przypadku warto r\u00f3wnie\u017c zwr\u00f3ci\u0107 uwag\u0119 na ich klas\u0119 szczelno\u015bci. Je\u015bli nasze lampy nie b\u0119d\u0105 nara\u017cone na wysok\u0105 wilgotno\u015b\u0107, kurz i zapylenie, mo\u017cemy wybiera\u0107 nawet te o niskiej klasie szczelno\u015bci. W przypadku kiedy nasza lampa LED do gara\u017cu b\u0119dzie musia\u0142a pracowa\u0107 w bardzo trudnych warunkach, wtedy zalecamy wyb\u00f3r opraw o klasie szczelno\u015bci minimum IP65.<\/p>\n<div id=\"attachment_7612\" style=\"width: 951px\" class=\"wp-caption aligncenter\"><img loading=\"lazy\" decoding=\"async\" aria-describedby=\"caption-attachment-7612\" class=\"size-full wp-image-7612\" src=\"https:\/\/www.smd-led.pl\/blog\/wp-content\/uploads\/2019\/02\/klasa-szczelnosci-ip.jpg\" alt=\"Lampy sufitowe LED do gara\u017cu\" width=\"941\" height=\"982\" \/><p id=\"caption-attachment-7612\" class=\"wp-caption-text\">Lampy sufitowe LED do gara\u017cu<\/p><\/div>\n<p>\u015awietl\u00f3wki LED\u00a0do gara\u017cu s\u0105 obecnie najch\u0119tniej wybierane jako lampy sufitowe. Pobieraj\u0105 nawet 50% energii mniej od swoich tradycyjnych zamiennik\u00f3w, a ponadto dost\u0119pne s\u0105 w bardzo atrakcyjnej i niskiej cenie. Za jedn\u0105 \u015bwietl\u00f3wk\u0119 o d\u0142ugo\u015bci 120cm zap\u0142acimy ju\u017c oko\u0142o 10z\u0142 brutto, a ca\u0142y zestaw z dwiema tubami LED i opraw\u0105 hermetyczn\u0105 kupimy za jedyne 49z\u0142.<\/p>\n<div>\n<div id=\"attachment_1325\" style=\"width: 810px\" class=\"wp-caption aligncenter\"><img loading=\"lazy\" decoding=\"async\" aria-describedby=\"caption-attachment-1325\" class=\"size-full wp-image-1325\" src=\"https:\/\/www.smd-led.pl\/blog\/wp-content\/uploads\/2019\/05\/Oprawa-jarzeniowa-LED.jpg\" alt=\"Lampy sufitowe LED do gara\u017cu\" width=\"800\" height=\"800\" \/><p id=\"caption-attachment-1325\" class=\"wp-caption-text\">Lampy sufitowe LED do gara\u017cu<\/p><\/div>\n<\/div>\n<p>Jako\u00a0lampy sufitowe LED do gara\u017cu\u00a0mo\u017cemy wykorzysta\u0107 tak\u017ce oprawy ze zintegrowanym \u017ar\u00f3d\u0142em \u015bwiat\u0142a. S\u0105 to\u00a0lampy liniowe i hermetyczne, kt\u00f3re wystarczy pod\u0142\u0105czy\u0107 do pr\u0105du 230V, aby zacz\u0119\u0142y swoj\u0105 prac\u0119. Jest to bardzo proste w monta\u017cu i samej instalacji rozwi\u0105zanie. Taka lampa sufitowa do gara\u017cu odrazu po zakupie jest gotowa do pracy, a b\u0119dziemy mogli j\u0105 zamontowa\u0107 zar\u00f3wno natynkowo, jak i zwiesi\u0107 na dedykowanych linkach.<\/p>\n<p><a href=\"https:\/\/www.smd-led.pl\/oswietlenie-liniowe-led\" target=\"_blank\" rel=\"noopener noreferrer\">lampy liniowe<\/a><a href=\"https:\/\/www.smd-led.pl\/oswietlenie-liniowe-led\" target=\"_blank\" rel=\"noopener noreferrer\">\u00a0<\/a> &#8211; znajdziesz je w naszym sklepie!<\/p>\n<div id=\"attachment_7614\" style=\"width: 610px\" class=\"wp-caption aligncenter\"><img loading=\"lazy\" decoding=\"async\" aria-describedby=\"caption-attachment-7614\" class=\"size-full wp-image-7614\" src=\"https:\/\/www.smd-led.pl\/blog\/wp-content\/uploads\/2019\/02\/lampa-led-do-garazu.jpg\" alt=\"Lampy sufitowe LED do gara\u017cu\" width=\"600\" height=\"296\" \/><p id=\"caption-attachment-7614\" class=\"wp-caption-text\">Lampy sufitowe LED do gara\u017cu<\/p><\/div>\n<p>&nbsp;<\/p>\n<h2>Jaka barwa \u015bwiat\u0142a do gara\u017cu?<\/h2>\n<p><strong>To jaka barwa \u015bwiat\u0142a do gara\u017cu b\u0119dzie zainstalowana, ma niebagatelny wp\u0142yw na samopoczucie, a tak\u017ce wydajno\u015b\u0107 podczas pracy. W gara\u017cu najlepiej sprawdzi si\u0119 neutralna barwa \u015bwiat\u0142a. W nowoczesnej technologii LED mo\u017cemy wybiera\u0107 lampy LED do gara\u017cu \u015bwiec\u0105ce w temperaturze barwowej od 2200K do 12000K.<\/strong> Do dyspozycji b\u0119dziemy mieli wi\u0119c a\u017c 3 barwy \u015bwiat\u0142a, czyli ciep\u0142\u0105, dzienn\u0105 i neutraln\u0105. Wi\u0119cej na temat kolor\u00f3w \u015bwiat\u0142a, dowiedz\u0105 si\u0119 Pa\u0144stwo z naszego wpisu pod tytu\u0142em \u201e<a href=\"https:\/\/www.zarowka-led.com\/blog\/oswietlenie-led\/barwa-swiatla-od-czego-zalezy-i-jak-dobrac-do-otoczenia\" target=\"_blank\" rel=\"noopener noreferrer\">BARWA \u015aWIAT\u0141A &#8211; OD CZEGO ZALE\u017bY I JAK DOBRA\u0106 DO OTOCZENIA<\/a>?\u201d<\/p>\n<div id=\"attachment_7615\" style=\"width: 1010px\" class=\"wp-caption aligncenter\"><img loading=\"lazy\" decoding=\"async\" aria-describedby=\"caption-attachment-7615\" class=\"size-full wp-image-7615\" src=\"https:\/\/www.smd-led.pl\/blog\/wp-content\/uploads\/2019\/02\/jaka-barwa-swiatla-do-garazu.jpg\" alt=\"Jaka barwa \u015bwiat\u0142a do gara\u017cu?\" width=\"1000\" height=\"348\" \/><p id=\"caption-attachment-7615\" class=\"wp-caption-text\">Jaka barwa \u015bwiat\u0142a do gara\u017cu?<\/p><\/div>\n<p>O\u015bwietlenie do gara\u017cu\u00a0powinni\u015bmy wybiera\u0107 jednak mi\u0119dzy jedynie dwoma barwami, czyli neutraln\u0105 i zimn\u0105. Ciep\u0142a jest bardzo rzadko wykorzystywana do tego rodzaju pomieszcze\u0144, a g\u0142\u00f3wnie spotka\u0107 b\u0119dziemy j\u0105 mogli w miejscach, w kt\u00f3rych relaksujemy si\u0119 i odpoczywamy. Barwa neutralna jest to po\u015bredni kolor \u015bwiat\u0142a, kt\u00f3ry obecnie jest najcz\u0119\u015bciej wykorzystywany. Idealnie sprawdza si\u0119 nie tylko w miejscach pracy biurowej, ale tak\u017ce w warsztatach, czy gara\u017cach. Barwa zimna natomiast jest jedn\u0105 z najja\u015bniejszych, ale tak\u017ce najch\u0142odniejszych. Ze wzgl\u0119du na jej specyficzn\u0105 barw\u0119 sprzyja jednak koncentracji i znacznie pobudza do dzia\u0142ania.<\/p>\n<div id=\"attachment_7616\" style=\"width: 610px\" class=\"wp-caption aligncenter\"><img loading=\"lazy\" decoding=\"async\" aria-describedby=\"caption-attachment-7616\" class=\"size-full wp-image-7616\" src=\"https:\/\/www.smd-led.pl\/blog\/wp-content\/uploads\/2019\/02\/oswietlenie-garazu.jpg\" alt=\"Jaka barwa \u015bwiat\u0142a do gara\u017cu?\" width=\"600\" height=\"430\" \/><p id=\"caption-attachment-7616\" class=\"wp-caption-text\">Jaka barwa \u015bwiat\u0142a do gara\u017cu?<\/p><\/div>\n<h2>Jakie o\u015bwietlenie do gara\u017cu?<\/h2>\n<p><strong>Je\u015bli podj\u0119li\u015bmy si\u0119 aran\u017cacji o\u015bwietlenia swojego gara\u017cu, na pewno zastanawiamy si\u0119 jakie o\u015bwietlenie do gara\u017cu powinni\u015bmy zainstalowa\u0107. Gara\u017c i warsztat to pomieszczenia, w kt\u00f3rych zazwyczaj odbywaj\u0105 si\u0119 delikatne naprawy, dlatego wa\u017cne, by o\u015bwietlenie w gara\u017cu by\u0142o odporne na py\u0142, czyli posiada\u0142o szczelno\u015b\u0107 IP65, a tak\u017ce by\u0142o odporne na uszkodzenia. <\/strong>Wybieraj\u0105c o\u015bwietlenie do gara\u017cu na zewn\u0105trz nale\u017cy pami\u0119ta\u0107, \u017ce nasza oprawa o\u015bwietleniowa nara\u017cona b\u0119dzie na r\u00f3\u017cnego rodzaju warunki atmosferyczne, kt\u00f3re je\u015bli dokonamy z\u0142ego wyboru, mo\u017ce ulec awarii. Oprawa znajduj\u0105ca si\u0119 na zewn\u0105trz gara\u017cu musi cechowa\u0107 si\u0119 przede wszystkim wysok\u0105 klas\u0105 szczelno\u015bci.<\/p>\n<div id=\"attachment_2655\" style=\"width: 1290px\" class=\"wp-caption aligncenter\"><img loading=\"lazy\" decoding=\"async\" aria-describedby=\"caption-attachment-2655\" class=\"size-full wp-image-2655\" src=\"https:\/\/www.smd-led.pl\/blog\/wp-content\/uploads\/2020\/04\/oswietlenie-kanalu-w-warsztacie.jpg\" alt=\"Jakie o\u015bwietlenie do gara\u017cu?\" width=\"1280\" height=\"853\" \/><p id=\"caption-attachment-2655\" class=\"wp-caption-text\">Jakie o\u015bwietlenie do gara\u017cu?<\/p><\/div>\n<p>W przypadku lamp znajduj\u0105cych si\u0119 wewn\u0105trz gara\u017cu nale\u017cy pami\u0119ta\u0107 o odporno\u015bci na wszelkiego rodzaju py\u0142 i kurz, gdy\u017c wytwarzanie go podczas prac wykonywanych w tym pomieszczeniu jest nieuniknione. O\u015bwietlenie do gara\u017cu musi posiada\u0107 tak\u017ce odpowiedni\u0105 barw\u0119 \u015bwiat\u0142a, pozwalaj\u0105c\u0105 na swobodn\u0105 prac\u0119 i przebywanie w pomieszczeniu w komfortowych warunkach. \u0179le dobrana barwa \u015bwiat\u0142a mog\u0142aby powodowa\u0107 zm\u0119czenie i uniemo\u017cliwia\u0107 wykonywanie czynno\u015bci w bezpieczny spos\u00f3b.<\/p>\n<div class=\"call-to-action-04\"><div class=\"call-to-action-04__img-box\"><img decoding=\"async\" src=\"https:\/\/www.smd-led.pl\/blog\/wp-content\/uploads\/2023\/12\/lampa-przenosna-led-loyal-lighting-7200lm-lumileds-ip65-4k-stojak-przewvde-wtyczka.webp\" alt=\"lampa-przenosna-led-loyal-lighting-7200lm-lumileds-ip65-4k-stojak-przewvde-wtyczka\" \/><\/div><div class=\"call-to-action-04__info-box\"><span class=\"call-to-action-04__product-title\">LAMPA PRZENO\u015aNA LED LOYAL LIGHTING 7200LM<\/span><p><p><a href=\"https:\/\/www.smd-led.pl\/naswietlacz-led\" data-internallinksmanager029f6b8e52c=\"30\" title=\"na\u015bwietlacz led\">Na\u015bwietlacz LED<\/a> przeno\u015bny\u00a0<strong>50W\u00a0<\/strong>od firmy ART Multioffice o kodzie<strong>\u00a0LY-LWL-C50<\/strong>. Dedykowany do pracy na budowie z strumieniem \u015bwietlnym\u00a0<strong>7200lm<\/strong>. Idealnie sprawdzi si\u0119 w ka\u017cdym warsztacie!<\/p>\n<\/p><a href=\"https:\/\/www.smd-led.pl\/lampy-przenosne-led\" class=\"button\" id=\"przenosna_lampa\" target=\"_self\">Zobacz produkt<\/a><\/div><\/div>\n<h2>O\u015bwietlenie do gara\u017cu z czujnikiem ruchu<\/h2>\n<p><strong>Lampy LED do gara\u017cu wybra\u0107 nale\u017cy tak, by spe\u0142nia\u0142y jak najwi\u0119cej funkcji pomocniczych. W przypadku gara\u017cu lub warsztatu warto wybra\u0107 o\u015bwietlenie do gara\u017cu z czujnikiem ruchu. Jest to jedna z najcz\u0119\u015bciej wybieranych metod w 2022 roku. Dlaczego? O\u015bwietlenie z czujnikiem ruchu pozwoli na oszcz\u0119dno\u015b\u0107 energii elektrycznej. <\/strong>Wyb\u00f3r o\u015bwietlenia to wa\u017cna decyzja, kt\u00f3ra wi\u0105\u017ce si\u0119 z p\u00f3\u017aniejszym komfortem przebywania w danym pomieszczeniu. Z o\u015bwietlenia korzystamy ka\u017cdego dnia, zar\u00f3wno w nocy jak i wczesnym rankiem, gdy jest jeszcze ciemno. Bez wzgl\u0119du na por\u0119 dnia, czy pomieszczenie, w kt\u00f3rym instalujemy o\u015bwietlenie, chcieliby\u015bmy, aby rachunki za pr\u0105d by\u0142y jak najni\u017csze. Jak to zrobi\u0107? Przede wszystkim nale\u017cy rozwa\u017cy\u0107 zakup o\u015bwietlenia LED, kt\u00f3re jest nie tylko niezwykle energooszcz\u0119dne, ale te\u017c jego \u017cywotno\u015b\u0107 znacznie przewy\u017csza \u017cywotno\u015b\u0107 starego typu o\u015bwietlenia.<\/p>\n<div id=\"attachment_3979\" style=\"width: 1010px\" class=\"wp-caption aligncenter\"><img loading=\"lazy\" decoding=\"async\" aria-describedby=\"caption-attachment-3979\" class=\"size-full wp-image-3979\" src=\"https:\/\/www.smd-led.pl\/blog\/wp-content\/uploads\/2021\/10\/Jaka-lampa-zewnetrzna-z-czujnikiem-ruchu.jpg\" alt=\"O\u015bwietlenie do gara\u017cu z czujnikiem ruchu\" width=\"1000\" height=\"667\" \/><p id=\"caption-attachment-3979\" class=\"wp-caption-text\">O\u015bwietlenie do gara\u017cu z czujnikiem ruchu<\/p><\/div>\n<p>Nast\u0119pnym wa\u017cnym krokiem w uzyskaniu jak najni\u017cszych op\u0142at za energi\u0119 jest zainstalowanie o\u015bwietlenia z czujnikiem ruchu. Czujnik wykryje nasz ruch, dlatego \u015bwiat\u0142o b\u0119dzie u\u017cywane tylko podczas potrzeby, po naszym wyj\u015bciu, by nie nara\u017ca\u0107 nas na koszty, zostanie ono wy\u0142\u0105czone. Poza tym czujnik mo\u017ce &#8222;obserwowa\u0107&#8221; por\u0119 dnia i na\u015bwietlenie jakie panuje wok\u00f3\u0142, dzi\u0119ki temu nie w\u0142\u0105czy \u015bwiat\u0142a, gdy b\u0119dzie ono zb\u0119dne.<\/p>\n<h2>Nat\u0119\u017cenie o\u015bwietlenia w gara\u017cu normy<\/h2>\n<p>Gara\u017c mimo, \u017ce nie jest typowym miejscem pracy, cz\u0119sto jest pomieszczeniem do wykonywania prac wymagaj\u0105cych precyzji i skupienia wzroku. <strong>Z tego powodu, warto zastanowi\u0107 si\u0119 jakie nat\u0119\u017cenie o\u015bwietlenia w gara\u017cu i normy s\u0105 w\u0142a\u015bciwe. Najlepiej jest zastosowa\u0107 o\u015bwietlenie daj\u0105ce nie mniej ni\u017c 200 lx. Aran\u017cuj\u0105c o\u015bwietlenie do gara\u017cu pami\u0119tajmy tak\u017ce o o\u015bwietleniu dodatkowym, najlepiej przeno\u015bnym, kt\u00f3re pozwoli na swobodne do\u015bwietlenie wa\u017cnych miejsc. <\/strong>O\u015bwietlenie w gara\u017cu powinno posiada\u0107 w\u0142a\u015bciw\u0105 barw\u0119, najlepiej neutraln\u0105. Poza tym, je\u015bli jest taka mo\u017cliwo\u015b\u0107 powinni\u015bmy postara\u0107 si\u0119 o naturalne \u015bwiat\u0142o wpadaj\u0105ce do pomieszczenia przez okna.<\/p>\n<div id=\"attachment_1219\" style=\"width: 650px\" class=\"wp-caption aligncenter\"><img loading=\"lazy\" decoding=\"async\" aria-describedby=\"caption-attachment-1219\" class=\"size-full wp-image-1219\" src=\"https:\/\/www.smd-led.pl\/blog\/wp-content\/uploads\/2019\/02\/Lampy-warsztatowe-sufitowe.jpg\" alt=\"Nat\u0119\u017cenie o\u015bwietlenia w gara\u017cu normy\" width=\"640\" height=\"295\" \/><p id=\"caption-attachment-1219\" class=\"wp-caption-text\">Nat\u0119\u017cenie o\u015bwietlenia w gara\u017cu normy<\/p><\/div>\n<p>W takim \u015bwietle najlepiej wida\u0107 przedmioty i ich rzeczywiste kolory, co cz\u0119sto jest wa\u017cne podczas drobnych napraw. W gara\u017cu powinni\u015bmy pami\u0119ta\u0107 o zachowaniu szczeg\u00f3lnej ostro\u017cno\u015bci i przestrzeganiu zasad panuj\u0105cych w miejscach pracy takich jak warsztaty, je\u015bli przeprowadzamy w nim naprawy lub inne czynno\u015bci wymagaj\u0105ce dobrego wzroku. O swoje zdrowie, a tak\u017ce samopoczucie i komfort pracy nale\u017cy dba\u0107 wsz\u0119dzie, nie tylko w zak\u0142adach publicznych.<\/p>\n<p><img loading=\"lazy\" decoding=\"async\" class=\"size-full wp-image-4483 aligncenter\" src=\"https:\/\/www.smd-led.pl\/blog\/wp-content\/uploads\/2019\/02\/lampy-garazowejak-oswietlic-garaz-baner-reklamowy-sklep-z-oswietleniem-smd-led.pl_.jpeg\" alt=\"lampy garazowejak oswietlic garaz baner reklamowy sklep z oswietleniem smd-led.pl\" width=\"800\" height=\"533\" \/><\/p>\n","protected":false},"excerpt":{"rendered":"<p>O\u015bwietlenie gara\u017cowe\u00a0to temat bardzo wa\u017cny dla ka\u017cdego z nas. Jest to rodzaj o\u015bwietlenia, kt\u00f3ry pozwoli [&hellip;]<\/p>\n","protected":false},"author":7,"featured_media":1218,"comment_status":"closed","ping_status":"closed","sticky":false,"template":"","format":"standard","meta":{"inline_featured_image":false,"footnotes":""},"categories":[31,33,80],"tags":[],"class_list":["post-1217","post","type-post","status-publish","format-standard","has-post-thumbnail","hentry","category-oswietlenie-dla-domu","category-oswietlenie-zewnetrzne","category-warsztaty-i-garaze"],"acf":[],"yoast_head":"<!-- This site is optimized with the Yoast SEO Premium plugin v26.8 (Yoast SEO v26.8) - https:\/\/yoast.com\/product\/yoast-seo-premium-wordpress\/ -->\n<title>Lampa gara\u017cowa \u2013 jak o\u015bwietli\u0107 gara\u017c? - Porady i wskaz\u00f3wki<\/title>\n<meta name=\"description\" content=\"O\u015bwietlenie gara\u017cu nie musi by\u0107 ju\u017c tylko funkcjonalne ale tak\u017ce eleganckie. Sprawd\u017a najnowsze trendy w o\u015bwietleniu gara\u017cowym i zewn\u0119trznym.\" \/>\n<meta name=\"robots\" content=\"index, follow, max-snippet:-1, max-image-preview:large, max-video-preview:-1\" \/>\n<link rel=\"canonical\" href=\"https:\/\/www.smd-led.pl\/blog\/lampa-garazowa-jak-oswietlic-garaz\/\" \/>\n<meta property=\"og:locale\" content=\"pl_PL\" \/>\n<meta property=\"og:type\" content=\"article\" \/>\n<meta property=\"og:title\" content=\"Lampa gara\u017cowa \u2013 jak o\u015bwietli\u0107 gara\u017c?\" \/>\n<meta property=\"og:description\" content=\"O\u015bwietlenie gara\u017cu nie musi by\u0107 ju\u017c tylko funkcjonalne ale tak\u017ce eleganckie. Sprawd\u017a najnowsze trendy w o\u015bwietleniu gara\u017cowym i zewn\u0119trznym.\" \/>\n<meta property=\"og:url\" content=\"https:\/\/www.smd-led.pl\/blog\/lampa-garazowa-jak-oswietlic-garaz\/\" \/>\n<meta property=\"og:site_name\" content=\"SMD-LED\" \/>\n<meta property=\"article:published_time\" content=\"2022-08-17T12:37:43+00:00\" \/>\n<meta property=\"article:modified_time\" content=\"2023-12-29T09:45:45+00:00\" \/>\n<meta property=\"og:image\" content=\"https:\/\/www.smd-led.pl\/blog\/wp-content\/uploads\/2019\/02\/Lampy-garazowe.jpg\" \/>\n\t<meta property=\"og:image:width\" content=\"1000\" \/>\n\t<meta property=\"og:image:height\" content=\"600\" \/>\n\t<meta property=\"og:image:type\" content=\"image\/jpeg\" \/>\n<meta name=\"author\" content=\"Marcin Pietrasik\" \/>\n<meta name=\"twitter:card\" content=\"summary_large_image\" \/>\n<meta name=\"twitter:label1\" content=\"Napisane przez\" \/>\n\t<meta name=\"twitter:data1\" content=\"Marcin Pietrasik\" \/>\n\t<meta name=\"twitter:label2\" content=\"Szacowany czas czytania\" \/>\n\t<meta name=\"twitter:data2\" content=\"23 minuty\" \/>\n<script type=\"application\/ld+json\" class=\"yoast-schema-graph\">{\"@context\":\"https:\/\/schema.org\",\"@graph\":[{\"@type\":\"Article\",\"@id\":\"https:\/\/www.smd-led.pl\/blog\/lampa-garazowa-jak-oswietlic-garaz\/#article\",\"isPartOf\":{\"@id\":\"https:\/\/www.smd-led.pl\/blog\/lampa-garazowa-jak-oswietlic-garaz\/\"},\"author\":{\"name\":\"Marcin Pietrasik\",\"@id\":\"https:\/\/www.smd-led.pl\/blog\/#\/schema\/person\/887fa24be503d7ae726f67021d1623f5\"},\"headline\":\"Lampa gara\u017cowa \u2013 jak o\u015bwietli\u0107 gara\u017c?\",\"datePublished\":\"2022-08-17T12:37:43+00:00\",\"dateModified\":\"2023-12-29T09:45:45+00:00\",\"mainEntityOfPage\":{\"@id\":\"https:\/\/www.smd-led.pl\/blog\/lampa-garazowa-jak-oswietlic-garaz\/\"},\"wordCount\":3917,\"image\":{\"@id\":\"https:\/\/www.smd-led.pl\/blog\/lampa-garazowa-jak-oswietlic-garaz\/#primaryimage\"},\"thumbnailUrl\":\"https:\/\/www.smd-led.pl\/blog\/wp-content\/uploads\/2019\/02\/Lampy-garazowe.jpg\",\"articleSection\":[\"O\u015bwietlenie dla domu\",\"O\u015bwietlenie zewn\u0119trzne\",\"Warsztaty i gara\u017ce\"],\"inLanguage\":\"pl-PL\"},{\"@type\":\"WebPage\",\"@id\":\"https:\/\/www.smd-led.pl\/blog\/lampa-garazowa-jak-oswietlic-garaz\/\",\"url\":\"https:\/\/www.smd-led.pl\/blog\/lampa-garazowa-jak-oswietlic-garaz\/\",\"name\":\"Lampa gara\u017cowa \u2013 jak o\u015bwietli\u0107 gara\u017c? - Porady i wskaz\u00f3wki\",\"isPartOf\":{\"@id\":\"https:\/\/www.smd-led.pl\/blog\/#website\"},\"primaryImageOfPage\":{\"@id\":\"https:\/\/www.smd-led.pl\/blog\/lampa-garazowa-jak-oswietlic-garaz\/#primaryimage\"},\"image\":{\"@id\":\"https:\/\/www.smd-led.pl\/blog\/lampa-garazowa-jak-oswietlic-garaz\/#primaryimage\"},\"thumbnailUrl\":\"https:\/\/www.smd-led.pl\/blog\/wp-content\/uploads\/2019\/02\/Lampy-garazowe.jpg\",\"datePublished\":\"2022-08-17T12:37:43+00:00\",\"dateModified\":\"2023-12-29T09:45:45+00:00\",\"author\":{\"@id\":\"https:\/\/www.smd-led.pl\/blog\/#\/schema\/person\/887fa24be503d7ae726f67021d1623f5\"},\"description\":\"O\u015bwietlenie gara\u017cu nie musi by\u0107 ju\u017c tylko funkcjonalne ale tak\u017ce eleganckie. Sprawd\u017a najnowsze trendy w o\u015bwietleniu gara\u017cowym i zewn\u0119trznym.\",\"breadcrumb\":{\"@id\":\"https:\/\/www.smd-led.pl\/blog\/lampa-garazowa-jak-oswietlic-garaz\/#breadcrumb\"},\"inLanguage\":\"pl-PL\",\"potentialAction\":[{\"@type\":\"ReadAction\",\"target\":[\"https:\/\/www.smd-led.pl\/blog\/lampa-garazowa-jak-oswietlic-garaz\/\"]}]},{\"@type\":\"ImageObject\",\"inLanguage\":\"pl-PL\",\"@id\":\"https:\/\/www.smd-led.pl\/blog\/lampa-garazowa-jak-oswietlic-garaz\/#primaryimage\",\"url\":\"https:\/\/www.smd-led.pl\/blog\/wp-content\/uploads\/2019\/02\/Lampy-garazowe.jpg\",\"contentUrl\":\"https:\/\/www.smd-led.pl\/blog\/wp-content\/uploads\/2019\/02\/Lampy-garazowe.jpg\",\"width\":1000,\"height\":600,\"caption\":\"Lampy gara\u017cowe - jak o\u015bwietli\u0107 gara\u017c?\"},{\"@type\":\"BreadcrumbList\",\"@id\":\"https:\/\/www.smd-led.pl\/blog\/lampa-garazowa-jak-oswietlic-garaz\/#breadcrumb\",\"itemListElement\":[{\"@type\":\"ListItem\",\"position\":1,\"name\":\"Strona g\u0142\u00f3wna\",\"item\":\"https:\/\/www.smd-led.pl\/blog\/\"},{\"@type\":\"ListItem\",\"position\":2,\"name\":\"Lampa gara\u017cowa \u2013 jak o\u015bwietli\u0107 gara\u017c?\"}]},{\"@type\":\"WebSite\",\"@id\":\"https:\/\/www.smd-led.pl\/blog\/#website\",\"url\":\"https:\/\/www.smd-led.pl\/blog\/\",\"name\":\"SMD-LED\",\"description\":\"O\u015bwietlenie Led do domu i przemys\u0142u porady, testy i opinie ekspert\u00f3w\",\"potentialAction\":[{\"@type\":\"SearchAction\",\"target\":{\"@type\":\"EntryPoint\",\"urlTemplate\":\"https:\/\/www.smd-led.pl\/blog\/?s={search_term_string}\"},\"query-input\":{\"@type\":\"PropertyValueSpecification\",\"valueRequired\":true,\"valueName\":\"search_term_string\"}}],\"inLanguage\":\"pl-PL\"},{\"@type\":\"Person\",\"@id\":\"https:\/\/www.smd-led.pl\/blog\/#\/schema\/person\/887fa24be503d7ae726f67021d1623f5\",\"name\":\"Marcin Pietrasik\",\"image\":{\"@type\":\"ImageObject\",\"inLanguage\":\"pl-PL\",\"@id\":\"https:\/\/www.smd-led.pl\/blog\/#\/schema\/person\/image\/\",\"url\":\"https:\/\/secure.gravatar.com\/avatar\/c886f4ccbb5c83b665ee8b66f0b3401128439bc832dca6389b6e67c6bdc3d38b?s=96&d=mm&r=g\",\"contentUrl\":\"https:\/\/secure.gravatar.com\/avatar\/c886f4ccbb5c83b665ee8b66f0b3401128439bc832dca6389b6e67c6bdc3d38b?s=96&d=mm&r=g\",\"caption\":\"Marcin Pietrasik\"},\"url\":\"https:\/\/www.smd-led.pl\/blog\/author\/mpietrasik\/\"}]}<\/script>\n<!-- \/ Yoast SEO Premium plugin. -->","yoast_head_json":{"title":"Lampa gara\u017cowa \u2013 jak o\u015bwietli\u0107 gara\u017c? - Porady i wskaz\u00f3wki","description":"O\u015bwietlenie gara\u017cu nie musi by\u0107 ju\u017c tylko funkcjonalne ale tak\u017ce eleganckie. Sprawd\u017a najnowsze trendy w o\u015bwietleniu gara\u017cowym i zewn\u0119trznym.","robots":{"index":"index","follow":"follow","max-snippet":"max-snippet:-1","max-image-preview":"max-image-preview:large","max-video-preview":"max-video-preview:-1"},"canonical":"https:\/\/www.smd-led.pl\/blog\/lampa-garazowa-jak-oswietlic-garaz\/","og_locale":"pl_PL","og_type":"article","og_title":"Lampa gara\u017cowa \u2013 jak o\u015bwietli\u0107 gara\u017c?","og_description":"O\u015bwietlenie gara\u017cu nie musi by\u0107 ju\u017c tylko funkcjonalne ale tak\u017ce eleganckie. Sprawd\u017a najnowsze trendy w o\u015bwietleniu gara\u017cowym i zewn\u0119trznym.","og_url":"https:\/\/www.smd-led.pl\/blog\/lampa-garazowa-jak-oswietlic-garaz\/","og_site_name":"SMD-LED","article_published_time":"2022-08-17T12:37:43+00:00","article_modified_time":"2023-12-29T09:45:45+00:00","og_image":[{"width":1000,"height":600,"url":"https:\/\/www.smd-led.pl\/blog\/wp-content\/uploads\/2019\/02\/Lampy-garazowe.jpg","type":"image\/jpeg"}],"author":"Marcin Pietrasik","twitter_card":"summary_large_image","twitter_misc":{"Napisane przez":"Marcin Pietrasik","Szacowany czas czytania":"23 minuty"},"schema":{"@context":"https:\/\/schema.org","@graph":[{"@type":"Article","@id":"https:\/\/www.smd-led.pl\/blog\/lampa-garazowa-jak-oswietlic-garaz\/#article","isPartOf":{"@id":"https:\/\/www.smd-led.pl\/blog\/lampa-garazowa-jak-oswietlic-garaz\/"},"author":{"name":"Marcin Pietrasik","@id":"https:\/\/www.smd-led.pl\/blog\/#\/schema\/person\/887fa24be503d7ae726f67021d1623f5"},"headline":"Lampa gara\u017cowa \u2013 jak o\u015bwietli\u0107 gara\u017c?","datePublished":"2022-08-17T12:37:43+00:00","dateModified":"2023-12-29T09:45:45+00:00","mainEntityOfPage":{"@id":"https:\/\/www.smd-led.pl\/blog\/lampa-garazowa-jak-oswietlic-garaz\/"},"wordCount":3917,"image":{"@id":"https:\/\/www.smd-led.pl\/blog\/lampa-garazowa-jak-oswietlic-garaz\/#primaryimage"},"thumbnailUrl":"https:\/\/www.smd-led.pl\/blog\/wp-content\/uploads\/2019\/02\/Lampy-garazowe.jpg","articleSection":["O\u015bwietlenie dla domu","O\u015bwietlenie zewn\u0119trzne","Warsztaty i gara\u017ce"],"inLanguage":"pl-PL"},{"@type":"WebPage","@id":"https:\/\/www.smd-led.pl\/blog\/lampa-garazowa-jak-oswietlic-garaz\/","url":"https:\/\/www.smd-led.pl\/blog\/lampa-garazowa-jak-oswietlic-garaz\/","name":"Lampa gara\u017cowa \u2013 jak o\u015bwietli\u0107 gara\u017c? - Porady i wskaz\u00f3wki","isPartOf":{"@id":"https:\/\/www.smd-led.pl\/blog\/#website"},"primaryImageOfPage":{"@id":"https:\/\/www.smd-led.pl\/blog\/lampa-garazowa-jak-oswietlic-garaz\/#primaryimage"},"image":{"@id":"https:\/\/www.smd-led.pl\/blog\/lampa-garazowa-jak-oswietlic-garaz\/#primaryimage"},"thumbnailUrl":"https:\/\/www.smd-led.pl\/blog\/wp-content\/uploads\/2019\/02\/Lampy-garazowe.jpg","datePublished":"2022-08-17T12:37:43+00:00","dateModified":"2023-12-29T09:45:45+00:00","author":{"@id":"https:\/\/www.smd-led.pl\/blog\/#\/schema\/person\/887fa24be503d7ae726f67021d1623f5"},"description":"O\u015bwietlenie gara\u017cu nie musi by\u0107 ju\u017c tylko funkcjonalne ale tak\u017ce eleganckie. Sprawd\u017a najnowsze trendy w o\u015bwietleniu gara\u017cowym i zewn\u0119trznym.","breadcrumb":{"@id":"https:\/\/www.smd-led.pl\/blog\/lampa-garazowa-jak-oswietlic-garaz\/#breadcrumb"},"inLanguage":"pl-PL","potentialAction":[{"@type":"ReadAction","target":["https:\/\/www.smd-led.pl\/blog\/lampa-garazowa-jak-oswietlic-garaz\/"]}]},{"@type":"ImageObject","inLanguage":"pl-PL","@id":"https:\/\/www.smd-led.pl\/blog\/lampa-garazowa-jak-oswietlic-garaz\/#primaryimage","url":"https:\/\/www.smd-led.pl\/blog\/wp-content\/uploads\/2019\/02\/Lampy-garazowe.jpg","contentUrl":"https:\/\/www.smd-led.pl\/blog\/wp-content\/uploads\/2019\/02\/Lampy-garazowe.jpg","width":1000,"height":600,"caption":"Lampy gara\u017cowe - jak o\u015bwietli\u0107 gara\u017c?"},{"@type":"BreadcrumbList","@id":"https:\/\/www.smd-led.pl\/blog\/lampa-garazowa-jak-oswietlic-garaz\/#breadcrumb","itemListElement":[{"@type":"ListItem","position":1,"name":"Strona g\u0142\u00f3wna","item":"https:\/\/www.smd-led.pl\/blog\/"},{"@type":"ListItem","position":2,"name":"Lampa gara\u017cowa \u2013 jak o\u015bwietli\u0107 gara\u017c?"}]},{"@type":"WebSite","@id":"https:\/\/www.smd-led.pl\/blog\/#website","url":"https:\/\/www.smd-led.pl\/blog\/","name":"SMD-LED","description":"O\u015bwietlenie Led do domu i przemys\u0142u porady, testy i opinie ekspert\u00f3w","potentialAction":[{"@type":"SearchAction","target":{"@type":"EntryPoint","urlTemplate":"https:\/\/www.smd-led.pl\/blog\/?s={search_term_string}"},"query-input":{"@type":"PropertyValueSpecification","valueRequired":true,"valueName":"search_term_string"}}],"inLanguage":"pl-PL"},{"@type":"Person","@id":"https:\/\/www.smd-led.pl\/blog\/#\/schema\/person\/887fa24be503d7ae726f67021d1623f5","name":"Marcin Pietrasik","image":{"@type":"ImageObject","inLanguage":"pl-PL","@id":"https:\/\/www.smd-led.pl\/blog\/#\/schema\/person\/image\/","url":"https:\/\/secure.gravatar.com\/avatar\/c886f4ccbb5c83b665ee8b66f0b3401128439bc832dca6389b6e67c6bdc3d38b?s=96&d=mm&r=g","contentUrl":"https:\/\/secure.gravatar.com\/avatar\/c886f4ccbb5c83b665ee8b66f0b3401128439bc832dca6389b6e67c6bdc3d38b?s=96&d=mm&r=g","caption":"Marcin Pietrasik"},"url":"https:\/\/www.smd-led.pl\/blog\/author\/mpietrasik\/"}]}},"_links":{"self":[{"href":"https:\/\/www.smd-led.pl\/blog\/wp-json\/wp\/v2\/posts\/1217","targetHints":{"allow":["GET"]}}],"collection":[{"href":"https:\/\/www.smd-led.pl\/blog\/wp-json\/wp\/v2\/posts"}],"about":[{"href":"https:\/\/www.smd-led.pl\/blog\/wp-json\/wp\/v2\/types\/post"}],"author":[{"embeddable":true,"href":"https:\/\/www.smd-led.pl\/blog\/wp-json\/wp\/v2\/users\/7"}],"replies":[{"embeddable":true,"href":"https:\/\/www.smd-led.pl\/blog\/wp-json\/wp\/v2\/comments?post=1217"}],"version-history":[{"count":12,"href":"https:\/\/www.smd-led.pl\/blog\/wp-json\/wp\/v2\/posts\/1217\/revisions"}],"predecessor-version":[{"id":16426,"href":"https:\/\/www.smd-led.pl\/blog\/wp-json\/wp\/v2\/posts\/1217\/revisions\/16426"}],"wp:featuredmedia":[{"embeddable":true,"href":"https:\/\/www.smd-led.pl\/blog\/wp-json\/wp\/v2\/media\/1218"}],"wp:attachment":[{"href":"https:\/\/www.smd-led.pl\/blog\/wp-json\/wp\/v2\/media?parent=1217"}],"wp:term":[{"taxonomy":"category","embeddable":true,"href":"https:\/\/www.smd-led.pl\/blog\/wp-json\/wp\/v2\/categories?post=1217"},{"taxonomy":"post_tag","embeddable":true,"href":"https:\/\/www.smd-led.pl\/blog\/wp-json\/wp\/v2\/tags?post=1217"}],"curies":[{"name":"wp","href":"https:\/\/api.w.org\/{rel}","templated":true}]}}