{"id":1401,"date":"2022-07-14T13:30:41","date_gmt":"2022-07-14T11:30:41","guid":{"rendered":"https:\/\/www.smd-led.pl\/blog\/?p=1401"},"modified":"2023-12-29T15:11:31","modified_gmt":"2023-12-29T14:11:31","slug":"oswietlenie-fryzjerskie-a-nowoczesny-salon-fryzjerski","status":"publish","type":"post","link":"https:\/\/www.smd-led.pl\/blog\/oswietlenie-fryzjerskie-a-nowoczesny-salon-fryzjerski\/","title":{"rendered":"O\u015bwietlenie salonu fryzjerskiego, a nowoczesny salon fryzjerski"},"content":{"rendered":"<p><span style=\"font-size: 14pt;\"><b>O\u015bwietlenie salonu fryzjerskiego powinno by\u0107 podzielone na r\u00f3\u017cne strefy. Stefa samego fotela musi by\u0107\u00a0 najmocniej o\u015bwietlona w przedziale 300-500 lx. Odpowiednie <a href=\"https:\/\/www.smd-led.pl\/blog\/oswietlenie-do-salonu-fryzjerskiego-jak-zrobic-jakie-sa-normy-i-przepisy\/\">o\u015bwietlenie w salonie fryzjerskim<\/a> wp\u0142ywa na lepszy komfort i bezpiecze\u0144stwo pracy. <\/b>Salon fryzjerski to zaraz obok bar\u00f3w czy pub\u00f3w miejsce spotka\u0144 m\u0119\u017cczyzn tych m\u0142odszych pokoleniem i starszych. Zawsze warto, jest wi\u0119c zadba\u0107 o odpowiedni klimat w swoim salonie fryzjerskim i tym samym sprawi\u0107 by m\u0119\u017cczy\u017ani ci m\u0142odsi i starsi czuli si\u0119 tam komfortowo. Tutaj bardzo wa\u017cn\u0105 funkcj\u0119 pe\u0142ni\u0107 b\u0119dzie\u00a0o\u015bwietlenie fryzjerskie. Odpowiednio dobrane\u00a0lampy do salonu fryzjerskiego\u00a0mog\u0105 nie tylko efektownie wygl\u0105da\u0107, ale tak\u017ce wyj\u0105tkowo roz\u015bwietli\u0107 ca\u0142e nasze wn\u0119trze.<\/span><\/p>\n<div id=\"attachment_4522\" style=\"width: 810px\" class=\"wp-caption aligncenter\"><img loading=\"lazy\" decoding=\"async\" aria-describedby=\"caption-attachment-4522\" class=\"size-full wp-image-4522\" src=\"https:\/\/www.smd-led.pl\/blog\/wp-content\/uploads\/2019\/07\/oswietlenie-fryzjerskie-a-nowoczesny-salon-ryzjerski-baner-reklamowy-sklep-z-oswietleniem-smd-led.pl_.jpeg\" alt=\"oswietlenie fryzjerskie a nowoczesny salon ryzjerski, baner reklamowy, sklep z oswietleniem smd-led.pl\" width=\"800\" height=\"533\" \/><p id=\"caption-attachment-4522\" class=\"wp-caption-text\">SMD-LED.PL udzieli Ci fachowej pomocy w o\u015bwietleniu Twojego salonu fryzjerskiego. Razem znajdziemy idealne rozwi\u0105zanie!<\/p><\/div>\n<h2 style=\"text-align: center;\"><span style=\"font-size: 24pt; color: #ff0000;\"><b style=\"color: #ff0000; font-size: 24pt;\">Lampy kt\u00f3re najcz\u0119\u015bciej s\u0105 wybierane do salonu fryzjerskiego<\/b><b style=\"color: #ff0000; font-size: 24pt;\">: Szynoprzewody<\/b><\/span><span style=\"font-size: 24pt; color: #ff0000;\"><b style=\"color: #ff0000; font-size: 24pt;\">, K<\/b><\/span><span style=\"font-size: 24pt; color: #ff0000;\"><b style=\"color: #ff0000; font-size: 24pt;\">inkiety, Panele LED<\/b><\/span><\/h2>\n<div class=\"call-to-action-07\"><div class=\"call-to-action-07__product-box\"><img decoding=\"async\" src=\"https:\/\/www.smd-led.pl\/blog\/wp-content\/uploads\/2023\/01\/CZARNA-SZYNOWA-LAMPA-LED-27W-MDR-BRANTA-METALICA-940-60ST-4000K.jpg\" alt=\"O\u015bwietlenie szynowe\" \/><span class=\"call-to-action-07__product-title\">O\u015bwietlenie szynowe<\/span><a href=\"https:\/\/www.smd-led.pl\/oswietlenie-szynowe\" class=\"button\" id=\"lampy_fryzier\" target=\"_self\">Zobacz produkty<\/a><\/div><div class=\"call-to-action-07__product-box\"><img decoding=\"async\" src=\"https:\/\/www.smd-led.pl\/blog\/wp-content\/uploads\/2023\/12\/kinkiet-rolf-1-wall-bk-az4475.webp\" alt=\"Lampy Kinkiety \u015bcienne LED\" \/><span class=\"call-to-action-07__product-title\">Lampy Kinkiety \u015bcienne LED<\/span><a href=\"https:\/\/www.smd-led.pl\/lampy-kinkiety-scienne-led\" class=\"button\" id=\"lampy_fryzier\" target=\"_self\">Zobacz produkty<\/a><\/div><div class=\"call-to-action-07__product-box\"><img decoding=\"async\" src=\"https:\/\/www.smd-led.pl\/blog\/wp-content\/uploads\/2022\/08\/PANEL-LED-1.png\" alt=\"PANEL LED\" \/><span class=\"call-to-action-07__product-title\">Panele LED<\/span><a href=\"https:\/\/www.smd-led.pl\/panele-led\" class=\"button\" id=\"lampy_fryzier\" target=\"_self\">Zobacz produkty<\/a><\/div><\/div>\n<div class=\"mceTemp\"><\/div>\n<p>Badania naukowe dowodz\u0105, i\u017c wi\u0119ksza cz\u0119\u015b\u0107 Pan\u00f3w nie zmienia fryzjera, jest przyzwyczajony do jednego i przez d\u0142ugie lata stara si\u0119 by\u0107 mu wiernym. Powinni\u015bmy zadba\u0107 wi\u0119c o pe\u0142en komfort naszego sta\u0142ego klienta i sprawi\u0107 by ka\u017cde p\u00f3j\u015bcie do fryzjera sta\u0142o si\u0119 czym\u015b magicznym. Wa\u017cna jest te\u017c poczta pantoflowa, robi\u0105c bardzo dobre wra\u017cenie na swoim kliencie, on poleci nas nast\u0119pnemu i tak tworzymy \u0142a\u0144cuszek zadowolonych klient\u00f3w. Jest kilka czynnik\u00f3w wp\u0142ywaj\u0105cych na komfort i zadowolenie naszych Klient\u00f3w, o kt\u00f3rych trzeba pami\u0119ta\u0107. W tym kr\u00f3tkim blogu postaramy si\u0119 om\u00f3wi\u0107 je wszystkie i da\u0107 kilka ciekawych rozwi\u0105za\u0144 jak uprzyjemni\u0107 czas sp\u0119dzony u fryzjera i dzi\u0119ki temu kupi\u0107 jego wierno\u015b\u0107 na lata.<\/p>\n<div id=\"attachment_1418\" style=\"width: 972px\" class=\"wp-caption aligncenter\"><img loading=\"lazy\" decoding=\"async\" aria-describedby=\"caption-attachment-1418\" class=\"wp-image-1418\" src=\"https:\/\/www.smd-led.pl\/blog\/wp-content\/uploads\/2019\/06\/Nowoczesny-salon-fryzjerski-11.jpg\" alt=\"O\u015bwietlenie fryzjerskie, a nowoczesny salon fryzjerski\" width=\"962\" height=\"642\" \/><p id=\"caption-attachment-1418\" class=\"wp-caption-text\">O\u015bwietlenie fryzjerskie, a nowoczesny salon fryzjerski<\/p><\/div>\n<p>O\u015bwietlenie salonu fryzjerskiego\u00a0musi by\u0107 sp\u00f3jne, dok\u0142adne, a zarazem eleganckie i wpasowuj\u0105ce si\u0119 w jego og\u00f3lny styl i design. Powinni\u015bmy pami\u0119ta\u0107 o tym, aby by\u0142o ono tak\u017ce przytulne dla klienta, ale r\u00f3wnie\u017c odpowiednio do\u015bwietla\u0142o miejsce naszej pracy. Wybieraj\u0105c\u00a0lampy sufitowe do salonu fryzjerskiego, powinni\u015bmy dobiera\u0107 je odpowiednio do stylu wn\u0119trza oraz miejsca ich monta\u017cu. W poczekalni mo\u017cemy zastosowa\u0107 ciep\u0142e \u015bwiat\u0142o, kt\u00f3re odpowiednio zbuduje klimat miejsca, a tak\u017ce pozwoli zrelaksowa\u0107 si\u0119 naszym klientom. \u015awiat\u0142o tam powinno by\u0107 r\u00f3wnie\u017c odpowiednie do tego, aby nasi klienci mogli przeczyta\u0107 gazet\u0119, czy inne czasopismo. Do miejsca strzy\u017cenia polecamy g\u0142\u00f3wnie \u015bwiat\u0142o neutralne, kt\u00f3re doskonale oddaje naturalne kolory, a tak\u017ce odpowiednio o\u015bwietla miejsce pracy. Tam musimy wybra\u0107 oprawy \u015bwietlne, kt\u00f3re pozwol\u0105 skupi\u0107 si\u0119 nam na wykonywanej pracy, ale tak\u017ce swoim \u015bwiat\u0142em odpowiednio o\u015bwietl\u0105 fryzury naszych klient\u00f3w.\u00a0O\u015bwietlenie salonu fryzjerskiego to bardzo wa\u017cny element, odpowiednie dobrane \u015bwiat\u0142o poprawia komfort pracy fryzjerom i tworzy klimat dla klienta.<\/p>\n<div class=\"call-to-action-02\"><div class=\"call-to-action-02__spots-map\"><img decoding=\"async\" src=\"https:\/\/www.smd-led.pl\/blog\/wp-content\/uploads\/2023\/01\/salon-fryzierski_1.jpg\" alt=\"\" class=\"call-to-action-02__spots-map-img\" \/><div class=\"call-to-action-02__spots\"><div class=\"call-to-action-02__spot1\"><div class=\"call-to-action-02__spot-icn\" style=\"top: 13.4920%; left: 97.2079%;     transform: translate(-50%, -50%);\"><div class=\"call-to-action-02__icon-box\"><img decoding=\"async\" src=\"https:\/\/moleo.pl\/wp-content\/themes\/moleotheme\/assets\/img\/plus-icon.svg\" class=\"call-to-action-02__icon\"><\/div><div class=\"call-to-action-02__spot-product-box\"><img decoding=\"async\" src=\"https:\/\/www.smd-led.pl\/blog\/wp-content\/uploads\/2023\/01\/af239daf.jpg\" alt=\"\"\/><span class=\"call-to-action-02__product-title\">SPOT K-4405 SANTI Z SERII MILE BLACK<\/span><a href=\"https:\/\/www.smd-led.pl\/tuby-sufitowe\" class=\"button\" id=\"salon_fryzier_1\" target=\"_self\">Zobacz produkt<\/a><\/div><\/div><\/div><div class=\"call-to-action-02__spot1\"><div class=\"call-to-action-02__spot-icn\" style=\"top: 15.9012%; left: 64.3234%;     transform: translate(-50%, -50%);\"><div class=\"call-to-action-02__icon-box\"><img decoding=\"async\" src=\"https:\/\/moleo.pl\/wp-content\/themes\/moleotheme\/assets\/img\/plus-icon.svg\" class=\"call-to-action-02__icon\"><\/div><div class=\"call-to-action-02__spot-product-box\"><img decoding=\"async\" src=\"https:\/\/www.smd-led.pl\/blog\/wp-content\/uploads\/2023\/01\/590e8827.jpg\" alt=\"\"\/><span class=\"call-to-action-02__product-title\">LAMPA WISZ\u0104CA K-4401 Z SERII MILE BLACK<\/span><a href=\"https:\/\/www.smd-led.pl\/lampa-wiszaca-potrojna\" class=\"button\" id=\"salon_fryzier_1\" target=\"_self\">Zobacz produkt<\/a><\/div><\/div><\/div><div class=\"call-to-action-02__spot1\"><div class=\"call-to-action-02__spot-icn\" style=\"top: 10.6008%; left: 8.8535%;     transform: translate(-50%, -50%);\"><div class=\"call-to-action-02__icon-box\"><img decoding=\"async\" src=\"https:\/\/moleo.pl\/wp-content\/themes\/moleotheme\/assets\/img\/plus-icon.svg\" class=\"call-to-action-02__icon\"><\/div><div class=\"call-to-action-02__spot-product-box\"><img decoding=\"async\" src=\"https:\/\/www.smd-led.pl\/blog\/wp-content\/uploads\/2023\/01\/499b9140.jpg\" alt=\"\"\/><span class=\"call-to-action-02__product-title\">LAMPA WISZ\u0104CA K-4407 Z SERII MILE BLACK<\/span><a href=\"https:\/\/www.smd-led.pl\/lampa-jednopunktowa\" class=\"button\" id=\"salon_fryzier_1\" target=\"_self\">Zobacz produkt<\/a><\/div><\/div><\/div><div class=\"call-to-action-02__spot1\"><div class=\"call-to-action-02__spot-icn\" style=\"top: 24.5746%; left: 29.6321%;     transform: translate(-50%, -50%);\"><div class=\"call-to-action-02__icon-box\"><img decoding=\"async\" src=\"https:\/\/moleo.pl\/wp-content\/themes\/moleotheme\/assets\/img\/plus-icon.svg\" class=\"call-to-action-02__icon\"><\/div><div class=\"call-to-action-02__spot-product-box\"><img decoding=\"async\" src=\"https:\/\/www.smd-led.pl\/blog\/wp-content\/uploads\/2023\/01\/KINKIET-K-4403-Z-SERII-MILE-BLACK.jpg\" alt=\"KINKIET K-4403 Z SERII MILE BLACK\"\/><span class=\"call-to-action-02__product-title\">KINKIET K-4403 Z SERII MILE BLACK<\/span><a href=\"https:\/\/www.smd-led.pl\/kinkiet-do-salonu\" class=\"button\" id=\"salon_fryzier_1\" target=\"_self\">Zobacz produkt<\/a><\/div><\/div><\/div><\/div><\/div><\/div>\n<h2>O\u015bwietlenie do salonu fryzjerskiego<\/h2>\n<p><strong>O\u015bwietlenie do salonu fryzjerskiego powinno by\u0107 przemy\u015blane zar\u00f3wno pod wzgl\u0119dem estetycznym jak i praktycznym. Warto wzi\u0105\u0107 pod uwag\u0119 2 wa\u017cne aspekty: dobra\u0107 o\u015bwietlenie pasuj\u0105ce do ca\u0142ego wystroju i stylu salonu oraz uwzgl\u0119dni\u0107 normy o\u015bwietleniowe jakimi s\u0105 m.in. nat\u0119\u017cenie nie mniejsze ni\u017c 300 lx.\u00a0<\/strong>Zacznijmy od podstaw. Fotel, na kt\u00f3rym b\u0119dzie wykonana us\u0142uga fryzjerska, powinien charakteryzowa\u0107 si\u0119 nieprzeci\u0119tn\u0105 funkcjonalno\u015bci\u0105. Musi mie\u0107 regulowane zar\u00f3wno po\u0142o\u017cenie, wysoko\u015b\u0107, jak i k\u0105t nachylenia oparcia czy mo\u017cliwo\u015b\u0107 obracania. Materia\u0142, z kt\u00f3rego nasz fotel zosta\u0142 wykonany, nie powinien stanowi\u0107 problem\u00f3w, z utrzymaniem jego czysto\u015bci. Bardzo wa\u017cn\u0105 rzecz\u0105 jest te\u017c jego wygl\u0105d zewn\u0119trzny. Fotel jest jak siedzenie kierowcy, im bogatsza i bardziej wypasiona wersja, tym lepiej si\u0119 w niej czuje kierowca.<\/p>\n<div id=\"attachment_1415\" style=\"width: 810px\" class=\"wp-caption aligncenter\"><img loading=\"lazy\" decoding=\"async\" aria-describedby=\"caption-attachment-1415\" class=\"wp-image-1415\" src=\"https:\/\/www.smd-led.pl\/blog\/wp-content\/uploads\/2019\/06\/Nowoczesny-salon-fryzjerski-8.jpg\" alt=\"O\u015bwietlenie do salonu fryzjerskiego\" width=\"800\" height=\"534\" \/><p id=\"caption-attachment-1415\" class=\"wp-caption-text\">O\u015bwietlenie do salonu fryzjerskiego<\/p><\/div>\n<p>Opr\u00f3cz walor\u00f3w estetycznych wa\u017cne jest, aby mia\u0142 on regulacj\u0119 g\u00f3ra d\u00f3\u0142, co pozwoli nam optymalnie go dopasowa\u0107 pod ka\u017cdego klienta. Regulacja ta zapewni tak\u017ce komfort pracy fryzjerowi i pozwoli oszcz\u0119dzi\u0107 jego kr\u0119gos\u0142up. Po wybraniu naszego fotela powinni\u015bmy przej\u015b\u0107 do zakupu odpowiedniej lampy do salonu fryzjerskiego. Fotel to miejsce, gdzie wa\u017cne jest odpowiednie do\u015bwietlenie. Minimalny przedzia\u0142 podawany w luksach waha si\u0119 mi\u0119dzy 300lx, a 500lx. Odpowiednie o\u015bwietlenie fryzjerskie jest gwarancj\u0105 lepszej kondycji naszych oczu. Wbrew temu, co mo\u017ce nam si\u0119 wydawa\u0107 praca fryzjera polega na wzmo\u017conym wysi\u0142ku zar\u00f3wno fizycznym, jak i psychicznym. Praca przez kilka godzin na nogach cz\u0119sto w pozycji ma\u0142o naturalnej. Wpatrywanie si\u0119 w jeden punkt podczas strzy\u017cenia te\u017c nie dzia\u0142a komfortowo na nasze oczy.<\/p>\n<p class=\"video-container\"><iframe loading=\"lazy\" src=\"\/\/www.youtube.com\/embed\/G9MMdSjjIUg\" width=\"800\" height=\"449\" allowfullscreen=\"allowfullscreen\"><\/iframe><\/p>\n<p>Dlatego wa\u017cne jest, aby to miejsce nie by\u0142o zbyt s\u0142abo o\u015bwietlone. Tu mamy \u015bwietnie pokazane jak za pomoc\u0105 dw\u00f3ch odpowiednio rozstawionych lamp bezpo\u015brednio nad fotelami zadbali\u015bmy o to, aby poziom luks\u00f3w by\u0142 odpowiedni do wymaga\u0144 nowoczesnego salonu fryzjerskiego. Kolejnym bardzo ciekawym elementem s\u0105 dwie lampy zamontowane nad lustrami. Lampy te maj\u0105 mo\u017cliwo\u015b\u0107 regulacji kierunku padania \u015bwiat\u0142a co w skrajnych przypadkach pozwoli nam na dodatkowe do\u015bwietlenie miejsca pracy. Na przedstawionym poni\u017cej zdj\u0119ciu znajdziemy\u00a0reflektor Haron 10W czarny. Jest to lampa zamontowana bezpo\u015brednio nad lustrem. Na suficie dosy\u0107 szybko mo\u017cna spostrzec tak\u017ce\u00a0lampy wisz\u0105ce sufitowe, czyli te odpowiedzialne za og\u00f3lne o\u015bwietlenie wn\u0119trza.<\/p>\n<p>Chcesz kupi\u0107 <a href=\"https:\/\/www.smd-led.pl\/reflektor-haron-10w-czarny-6339\" target=\"_blank\" rel=\"noopener noreferrer\">reflektor Haron 10W czarny<\/a>? A mo\u017ce interesuj\u0105 Ci\u0119 <a href=\"https:\/\/www.smd-led.pl\/lampa-wiszaca\" target=\"_blank\" rel=\"noopener noreferrer\">lampy wisz\u0105ce<\/a>? Odwied\u017a nasz sklep!<\/p>\n<div id=\"attachment_1417\" style=\"width: 1010px\" class=\"wp-caption aligncenter\"><img loading=\"lazy\" decoding=\"async\" aria-describedby=\"caption-attachment-1417\" class=\"wp-image-1417 size-full\" src=\"https:\/\/www.smd-led.pl\/blog\/wp-content\/uploads\/2019\/06\/Nowoczesny-salon-fryzjerski-10.jpg\" alt=\"O\u015bwietlenie do salonu fryzjerskiego\" width=\"1000\" height=\"667\" \/><p id=\"caption-attachment-1417\" class=\"wp-caption-text\">O\u015bwietlenie do salonu fryzjerskiego<\/p><\/div>\n<p style=\"text-align: center;\"><b>Zobacz r\u00f3wnie\u017c nasze inne artyku\u0142y o o\u015bwietleniu salonu beauty<\/b><\/p>\n<div class=\"cat-slider-02\"><div class=\"cat-slider-02__box\"><div class=\"cat-slider-02__wrapper\"><p class=\"cat-slider-02__title\"><\/p><div class=\"cat-slider-02__slider\"><div class=\"cat-slider-02__slide\"><a href=\"https:\/\/www.smd-led.pl\/blog\/jak-oswietlic-salon-fryzjerski\/\" class=\"cat-slider-02__link\"><div class=\"cat-slider-02__img-box\"><img loading=\"lazy\" decoding=\"async\" width=\"1024\" height=\"512\" src=\"https:\/\/www.smd-led.pl\/blog\/wp-content\/uploads\/2023\/11\/13-1024x512.png\" class=\"cat-slider-02__img wp-post-image\" alt=\"O\u015bwietlenie salonu fryzjerskiego\" srcset=\"https:\/\/www.smd-led.pl\/blog\/wp-content\/uploads\/2023\/11\/13-1024x512.png 1024w, https:\/\/www.smd-led.pl\/blog\/wp-content\/uploads\/2023\/11\/13-300x150.png 300w, https:\/\/www.smd-led.pl\/blog\/wp-content\/uploads\/2023\/11\/13-768x384.png 768w, https:\/\/www.smd-led.pl\/blog\/wp-content\/uploads\/2023\/11\/13.png 1200w\" sizes=\"auto, (max-width: 1024px) 100vw, 1024px\" \/><\/div><\/a><a href=\"https:\/\/www.smd-led.pl\/blog\/jak-oswietlic-salon-fryzjerski\/\" class=\"cat-slider-02__link\"><div class=\"cat-slider-02__heading-box\"><p class=\"cat-slider-02__post-title\">jak o\u015bwietli\u0107 salon fryzjerski<\/p><p>O\u015bwietlenie do salonu fryzjerskiego to kluczowy element, kt\u00f3ry wp\u0142ywa na komfort pracy fryzjer\u00f3w, jako\u015b\u0107 us\u0142ug [&hellip;]<\/p>\n<\/div><\/a><\/div><div class=\"cat-slider-02__slide\"><a href=\"https:\/\/www.smd-led.pl\/blog\/jak-urzadzic-maly-salon-kosmetyczny\/\" class=\"cat-slider-02__link\"><div class=\"cat-slider-02__img-box\"><img loading=\"lazy\" decoding=\"async\" width=\"768\" height=\"502\" src=\"https:\/\/www.smd-led.pl\/blog\/wp-content\/uploads\/2023\/07\/Projekt-bez-nazwy.jpg\" class=\"cat-slider-02__img wp-post-image\" alt=\"Jak urz\u0105dzi\u0107 ma\u0142y salon kosmetyczny\" srcset=\"https:\/\/www.smd-led.pl\/blog\/wp-content\/uploads\/2023\/07\/Projekt-bez-nazwy.jpg 768w, https:\/\/www.smd-led.pl\/blog\/wp-content\/uploads\/2023\/07\/Projekt-bez-nazwy-300x196.jpg 300w\" sizes=\"auto, (max-width: 768px) 100vw, 768px\" \/><\/div><\/a><a href=\"https:\/\/www.smd-led.pl\/blog\/jak-urzadzic-maly-salon-kosmetyczny\/\" class=\"cat-slider-02__link\"><div class=\"cat-slider-02__heading-box\"><p class=\"cat-slider-02__post-title\">Jak urz\u0105dzi\u0107 ma\u0142y salon kosmetyczny<\/p><p>Jak urz\u0105dzi\u0107 ma\u0142y salon kosmetyczny to najcz\u0119\u015bciej zadawane pytanie w roku 2023r przez u\u017cytkownik\u00f3w Internetu [&hellip;]<\/p>\n<\/div><\/a><\/div><div class=\"cat-slider-02__slide\"><a href=\"https:\/\/www.smd-led.pl\/blog\/oswietlenie-fryzjerskie-a-nowoczesny-salon-fryzjerski\/\" class=\"cat-slider-02__link\"><div class=\"cat-slider-02__img-box\"><img loading=\"lazy\" decoding=\"async\" width=\"1000\" height=\"667\" src=\"https:\/\/www.smd-led.pl\/blog\/wp-content\/uploads\/2019\/06\/Nowoczesny-salon-fryzjerski-8.jpg\" class=\"cat-slider-02__img wp-post-image\" alt=\"\" \/><\/div><\/a><a href=\"https:\/\/www.smd-led.pl\/blog\/oswietlenie-fryzjerskie-a-nowoczesny-salon-fryzjerski\/\" class=\"cat-slider-02__link\"><div class=\"cat-slider-02__heading-box\"><p class=\"cat-slider-02__post-title\">O\u015bwietlenie salonu fryzjerskiego, a nowoczesny salon fryzjerski<\/p><p>O\u015bwietlenie salonu fryzjerskiego powinno by\u0107 podzielone na r\u00f3\u017cne strefy. Stefa samego fotela musi by\u0107\u00a0 najmocniej [&hellip;]<\/p>\n<\/div><\/a><\/div><div class=\"cat-slider-02__slide\"><a href=\"https:\/\/www.smd-led.pl\/blog\/oswietlenie-salonu-kosmetycznego\/\" class=\"cat-slider-02__link\"><div class=\"cat-slider-02__img-box\"><img loading=\"lazy\" decoding=\"async\" width=\"1000\" height=\"675\" src=\"https:\/\/www.smd-led.pl\/blog\/wp-content\/uploads\/2021\/09\/jakie-oswietlenie-do-salonu-kosmetycznego.jpg\" class=\"cat-slider-02__img wp-post-image\" alt=\"Jakie o\u015bwietlenie do salonu kosmetycznego\" \/><\/div><\/a><a href=\"https:\/\/www.smd-led.pl\/blog\/oswietlenie-salonu-kosmetycznego\/\" class=\"cat-slider-02__link\"><div class=\"cat-slider-02__heading-box\"><p class=\"cat-slider-02__post-title\">Jak o\u015bwietli\u0107 salon Beauty? Praktyczne porady i wskaz\u00f3wki<\/p><p>Ludzie odwiedzaj\u0105 salon beauty, aby czu\u0107 si\u0119 i wygl\u0105da\u0107 jak najlepiej. Czy wiesz, \u017ce mo\u017ce [&hellip;]<\/p>\n<\/div><\/a><\/div><div class=\"cat-slider-02__slide\"><a href=\"https:\/\/www.smd-led.pl\/blog\/oswietlenie-do-makijazu-najwazniejsze-aspekty\/\" class=\"cat-slider-02__link\"><div class=\"cat-slider-02__img-box\"><img loading=\"lazy\" decoding=\"async\" width=\"1024\" height=\"642\" src=\"https:\/\/www.smd-led.pl\/blog\/wp-content\/uploads\/2020\/03\/jakie-oswietlenie-do-makijazu.jpg\" class=\"cat-slider-02__img wp-post-image\" alt=\"Jakie o\u015bwietlenie do makija\u017cu\" \/><\/div><\/a><a href=\"https:\/\/www.smd-led.pl\/blog\/oswietlenie-do-makijazu-najwazniejsze-aspekty\/\" class=\"cat-slider-02__link\"><div class=\"cat-slider-02__heading-box\"><p class=\"cat-slider-02__post-title\">O\u015bwietlenie do makija\u017cu &#8211; najwa\u017cniejsze aspekty<\/p><p>Ka\u017cda kobieta przyk\u0142ada wag\u0119 do wygl\u0105du. Jednym z aspekt\u00f3w w dziedzinie w\u0142a\u015bciwego wygl\u0105du jest oczywi\u015bcie [&hellip;]<\/p>\n<\/div><\/a><\/div><\/div><\/div><\/div><\/div>\n<h2>Lampa fryzjerska<\/h2>\n<p>Czym kierowa\u0107 si\u0119 wybieraj\u0105c o\u015bwietlenie do swojego salonu fryzjerskiego?<strong>\u00a0Jako lampa fryzjerska w 2022 roku dobrze sprawdzi si\u0119 lampa wisz\u0105ca, kt\u00f3ra nie b\u0119dzie powodowa\u0107 cienia i zapewni doskona\u0142e o\u015bwietlenie ca\u0142ego lokalu. Pami\u0119tajmy, by zastosowa\u0107 co najmniej 2 rodzaje o\u015bwietlenia, takie jak lampa sufitowa oraz lampa fryzjerska do\u015bwietlaj\u0105ca stanowisko.\u00a0<\/strong>Bardzo istotnym elementem, je\u017celi chodzi o\u00a0<strong>o\u015bwietlenie salonu fryzjerskiego<\/strong>, jest tak\u017ce odpowiednie zaakcentowanie wn\u0119trza \u015bwiat\u0142em. Do tego celu powinni\u015bmy wybra\u0107 lampy nie tylko o odpowiedniej barwie \u015bwiat\u0142a, ale r\u00f3wnie\u017c mocy. Bardzo cz\u0119sto spotykamy si\u0119 z pytaniem \u201eJaka barwa \u015bwiat\u0142a do salonu fryzjerskiego jest najlepsza?\u201d Z naszej strony polecamy g\u0142\u00f3wnie barw\u0119 neutraln\u0105. Jest to \u015bwiat\u0142o po\u015brednie mi\u0119dzy ciep\u0142\u0105 i zimn\u0105, a wi\u0119c doskonale sprawdza si\u0119 w miejscach pracy, a przy tym nie przek\u0142amuje naturalnych kolor\u00f3w. W poczekalni mo\u017cemy wykorzysta\u0107 ciep\u0142\u0105 barw\u0119 \u015bwiat\u0142a, kt\u00f3ra pozwoli naszym klientom zrelaksowa\u0107 si\u0119 i odpocz\u0105\u0107.<\/p>\n<div id=\"attachment_1445\" style=\"width: 1010px\" class=\"wp-caption aligncenter\"><img loading=\"lazy\" decoding=\"async\" aria-describedby=\"caption-attachment-1445\" class=\"wp-image-1445 size-full\" src=\"https:\/\/www.smd-led.pl\/blog\/wp-content\/uploads\/2019\/07\/Oswietlenie-fryzjerskie-1.jpg\" alt=\"Lampa fryzjerska\" width=\"1000\" height=\"666\" \/><p id=\"caption-attachment-1445\" class=\"wp-caption-text\">Lampa fryzjerska<\/p><\/div>\n<p>Projektuj\u0105c\u00a0o\u015bwietlenie do salonu fryzjerskiego\u00a0obecnie, powinni\u015bmy wybiera\u0107 wy\u0142\u0105cznie lampy wykonane w technologii LED. Pobieraj\u0105 one znacznie mniej energii od tradycyjnego o\u015bwietlenia, a przy tym ich \u015bwiat\u0142o jest znacznie lepszej jako\u015bci. Prawid\u0142owe o\u015bwietlenie salonu fryzjerskiego powinno by\u0107 r\u00f3wnomiernie rozmieszczone po ca\u0142ym jego wn\u0119trzu. Najwi\u0119ksz\u0105 jasno\u015b\u0107 powinni\u015bmy uzyska\u0107 przy fotelu, czyli tam, gdzie odbywa si\u0119 wi\u0119kszo\u015b\u0107 pracy dobrego fryzjera.<\/p>\n<div class=\"call-to-action-02\"><div class=\"call-to-action-02__spots-map\"><img decoding=\"async\" src=\"https:\/\/www.smd-led.pl\/blog\/wp-content\/uploads\/2023\/01\/fryzier-wasto-black.jpg\" alt=\"\" class=\"call-to-action-02__spots-map-img\" \/><div class=\"call-to-action-02__spots\"><div class=\"call-to-action-02__spot1\"><div class=\"call-to-action-02__spot-icn\" style=\"top: 9.1553%; left: 93.7749%;     transform: translate(-50%, -50%);\"><div class=\"call-to-action-02__icon-box\"><img decoding=\"async\" src=\"https:\/\/moleo.pl\/wp-content\/themes\/moleotheme\/assets\/img\/plus-icon.svg\" class=\"call-to-action-02__icon\"><\/div><div class=\"call-to-action-02__spot-product-box\"><img decoding=\"async\" src=\"https:\/\/www.smd-led.pl\/blog\/wp-content\/uploads\/2023\/01\/LAMPA-SUFITOWA-K-8005-2-BK-Z-SERII-WATSO-BLACK-K-8005-2-BK-1.jpg\" alt=\"\"\/><span class=\"call-to-action-02__product-title\">LAMPA SUFITOWA K-8005-2 BK Z SERII WATSO BLACK K-8005-2 BK<\/span><a href=\"https:\/\/www.smd-led.pl\/lampa-sufitowa\" class=\"button\" id=\"salon_fryzier_2\" target=\"_self\">Zobacz produkt<\/a><\/div><\/div><\/div><div class=\"call-to-action-02__spot1\"><div class=\"call-to-action-02__spot-icn\" style=\"top: 19.7561%; left: 72.2735%;     transform: translate(-50%, -50%);\"><div class=\"call-to-action-02__icon-box\"><img decoding=\"async\" src=\"https:\/\/moleo.pl\/wp-content\/themes\/moleotheme\/assets\/img\/plus-icon.svg\" class=\"call-to-action-02__icon\"><\/div><div class=\"call-to-action-02__spot-product-box\"><img decoding=\"async\" src=\"https:\/\/www.smd-led.pl\/blog\/wp-content\/uploads\/2023\/01\/LAMPA-WISZACA-K-8005A-1-BK-Z-SERII-WATSO-BLACK-K-8005A-1-BK-1.jpg\" alt=\"\"\/><span class=\"call-to-action-02__product-title\">LAMPA WISZ\u0104CA K-8005A-1 BK Z SERII WATSO BLACK K-8005A-1 BK<\/span><a href=\"https:\/\/www.smd-led.pl\/lampa-wiszaca\" class=\"button\" id=\"salon_fryzier_2\" target=\"_self\">Zobacz produkt<\/a><\/div><\/div><\/div><div class=\"call-to-action-02__spot1\"><div class=\"call-to-action-02__spot-icn\" style=\"top: 13.0101%; left: 25.2957%;     transform: translate(-50%, -50%);\"><div class=\"call-to-action-02__icon-box\"><img decoding=\"async\" src=\"https:\/\/moleo.pl\/wp-content\/themes\/moleotheme\/assets\/img\/plus-icon.svg\" class=\"call-to-action-02__icon\"><\/div><div class=\"call-to-action-02__spot-product-box\"><img decoding=\"async\" src=\"https:\/\/www.smd-led.pl\/blog\/wp-content\/uploads\/2023\/01\/KINKIET-WEWNETRZNY-CZARNY-K-8005W-1-BK-Z-SERII-WATSO-E14-1.jpg\" alt=\"\"\/><span class=\"call-to-action-02__product-title\">KINKIET WEWN\u0118TRZNY CZARNY K-8005W-1 BK Z SERII WATSO E14<\/span><a href=\"https:\/\/www.smd-led.pl\/kinkiet-do-salonu\" class=\"button\" id=\"salon_fryzier_2\" target=\"_self\">Zobacz produkt<\/a><\/div><\/div><\/div><\/div><\/div><\/div>\n<p>W niedalekiej przesz\u0142o\u015bci jako\u00a0o\u015bwietlenie w salonie fryzjerskim\u00a0wykorzystywano g\u0142\u00f3wnie oprawy rastrowe z tradycyjnymi \u015bwietl\u00f3wkami. Po pewnym okresie pracy pewnie ka\u017cdy z nas zauwa\u017cy\u0142, \u017ce ich \u015bwiat\u0142o jest s\u0142absze i zaczynaj\u0105 coraz bardziej ha\u0142asowa\u0107. Obecnie prawie ca\u0142kowicie zast\u0105piono je przez\u00a0lampy sufitowe lub\u00a0panele LED (najcz\u0119\u015bciej wybierany <a href=\"https:\/\/www.smd-led.pl\/panele-led\" data-internallinksmanager029f6b8e52c=\"1\" title=\"Panele LED\">Panel LED<\/a> Aigostar 40W 4000K). Na poni\u017cszym zdj\u0119ciu mog\u0105 Pa\u0144stwo zauwa\u017cy\u0107\u00a0Panel LED Zorda, czyli ramkow\u0105 lamp\u0119 pe\u0142ni\u0105c\u0105 w tym wn\u0119trzu nie tylko rol\u0119 o\u015bwietleniow\u0105, ale tak\u017ce ozdobn\u0105.<\/p>\n<p>Interesuj\u0105 Ci\u0119 <a href=\"https:\/\/www.smd-led.pl\/lampa-sufitowa\" target=\"_blank\" rel=\"noopener noreferrer\">lampy sufitowe<\/a>, <a href=\"https:\/\/www.smd-led.pl\/panele-led\" target=\"_blank\" rel=\"noopener noreferrer\">panele LED<\/a>, a mo\u017ce konkretny model <a href=\"https:\/\/www.smd-led.pl\/panel-led-zorda-40w-4000lm-287x1190mm-biala-dzienna-5246\" target=\"_blank\" rel=\"noopener noreferrer\">Panel LED Zorda<\/a>? Zapraszamy!<\/p>\n<p style=\"text-align: center;\"><b>Sprawd\u017a jaki panel LED wybra\u0107 i jak go zamontowa\u0107<\/b><\/p>\n<div class=\"cat-slider-02\"><div class=\"cat-slider-02__box\"><div class=\"cat-slider-02__wrapper\"><p class=\"cat-slider-02__title\"><\/p><div class=\"cat-slider-02__slider\"><div class=\"cat-slider-02__slide\"><a href=\"https:\/\/www.smd-led.pl\/blog\/jak-oswietlic-biurowiec-biurowiec-a-oswietlenie-do-biura-led\/\" class=\"cat-slider-02__link\"><div class=\"cat-slider-02__img-box\"><img loading=\"lazy\" decoding=\"async\" width=\"1024\" height=\"896\" src=\"https:\/\/www.smd-led.pl\/blog\/wp-content\/uploads\/2023\/12\/Jak-oswietlic-biurowiec-biurowiec-a-oswietlenie-do-biura-Led-1024x896.png\" class=\"cat-slider-02__img wp-post-image\" alt=\"Jak o\u015bwietli\u0107 biuro nieruchomo\u015bci\" srcset=\"https:\/\/www.smd-led.pl\/blog\/wp-content\/uploads\/2023\/12\/Jak-oswietlic-biurowiec-biurowiec-a-oswietlenie-do-biura-Led-1024x896.png 1024w, https:\/\/www.smd-led.pl\/blog\/wp-content\/uploads\/2023\/12\/Jak-oswietlic-biurowiec-biurowiec-a-oswietlenie-do-biura-Led-300x263.png 300w, https:\/\/www.smd-led.pl\/blog\/wp-content\/uploads\/2023\/12\/Jak-oswietlic-biurowiec-biurowiec-a-oswietlenie-do-biura-Led-768x672.png 768w, https:\/\/www.smd-led.pl\/blog\/wp-content\/uploads\/2023\/12\/Jak-oswietlic-biurowiec-biurowiec-a-oswietlenie-do-biura-Led-1536x1344.png 1536w, https:\/\/www.smd-led.pl\/blog\/wp-content\/uploads\/2023\/12\/Jak-oswietlic-biurowiec-biurowiec-a-oswietlenie-do-biura-Led.png 1600w\" sizes=\"auto, (max-width: 1024px) 100vw, 1024px\" \/><\/div><\/a><a href=\"https:\/\/www.smd-led.pl\/blog\/jak-oswietlic-biurowiec-biurowiec-a-oswietlenie-do-biura-led\/\" class=\"cat-slider-02__link\"><div class=\"cat-slider-02__heading-box\"><p class=\"cat-slider-02__post-title\">Jak o\u015bwietli\u0107 biurowiec: biurowiec a o\u015bwietlenie do biura Led<\/p><p>W\u0142a\u015bciwe o\u015bwietlenie biurowca jest kluczowe dla komfortu pracy i efektywno\u015bci pracownik\u00f3w. W tym artykule dowiesz [&hellip;]<\/p>\n<\/div><\/a><\/div><div class=\"cat-slider-02__slide\"><a href=\"https:\/\/www.smd-led.pl\/blog\/oswietlenie-biblioteki\/\" class=\"cat-slider-02__link\"><div class=\"cat-slider-02__img-box\"><img loading=\"lazy\" decoding=\"async\" width=\"1024\" height=\"718\" src=\"https:\/\/www.smd-led.pl\/blog\/wp-content\/uploads\/2023\/01\/Oswietlenie-biblioteki.jpeg\" class=\"cat-slider-02__img wp-post-image\" alt=\"O\u015bwietlenie biblioteki\" \/><\/div><\/a><a href=\"https:\/\/www.smd-led.pl\/blog\/oswietlenie-biblioteki\/\" class=\"cat-slider-02__link\"><div class=\"cat-slider-02__heading-box\"><p class=\"cat-slider-02__post-title\">O\u015bwietlenie biblioteki<\/p><p>O\u015bwietlenie biblioteki jest wa\u017cnym elementem, kt\u00f3ry wp\u0142ywa na funkcjonowanie tej instytucji. Poprzez odpowiednie nat\u0119\u017cenie (przyk\u0142adowo [&hellip;]<\/p>\n<\/div><\/a><\/div><div class=\"cat-slider-02__slide\"><a href=\"https:\/\/www.smd-led.pl\/blog\/panel-led-montaz-natynkowy\/\" class=\"cat-slider-02__link\"><div class=\"cat-slider-02__img-box\"><img loading=\"lazy\" decoding=\"async\" width=\"1024\" height=\"684\" src=\"https:\/\/www.smd-led.pl\/blog\/wp-content\/uploads\/2019\/08\/black-and-white-boardroom-ceiling-260689.jpg\" class=\"cat-slider-02__img wp-post-image\" alt=\"panel led montaz natynkowy\" \/><\/div><\/a><a href=\"https:\/\/www.smd-led.pl\/blog\/panel-led-montaz-natynkowy\/\" class=\"cat-slider-02__link\"><div class=\"cat-slider-02__heading-box\"><p class=\"cat-slider-02__post-title\">Panel LED monta\u017c natynkowy<\/p><p>Panele ledowe natynkowe\u00a0to nowoczesna alternatywa dla standardowych opraw \u015bwietl\u00f3wkowych. Dzi\u0119ki zastosowaniu nowoczesnej technologii LED jest [&hellip;]<\/p>\n<\/div><\/a><\/div><div class=\"cat-slider-02__slide\"><a href=\"https:\/\/www.smd-led.pl\/blog\/zmniejszenie-zuzycia-energii-elektrycznej-o-10-w-urzedzie-jak-to-zrobic\/\" class=\"cat-slider-02__link\"><div class=\"cat-slider-02__img-box\"><img loading=\"lazy\" decoding=\"async\" width=\"1024\" height=\"683\" src=\"https:\/\/www.smd-led.pl\/blog\/wp-content\/uploads\/2022\/11\/Zmniejszenie-zuzycia-energii-elektrycznej-o-10-w-urzedzie-jak-to-zrobic.jpg\" class=\"cat-slider-02__img wp-post-image\" alt=\"Zmniejszenie zu\u017cycia energii elektrycznej o 10% w urz\u0119dzie - jak to zrobi\u0107?\" \/><\/div><\/a><a href=\"https:\/\/www.smd-led.pl\/blog\/zmniejszenie-zuzycia-energii-elektrycznej-o-10-w-urzedzie-jak-to-zrobic\/\" class=\"cat-slider-02__link\"><div class=\"cat-slider-02__heading-box\"><p class=\"cat-slider-02__post-title\">Zmniejszenie zu\u017cycia energii elektrycznej o 10% w urz\u0119dzie &#8211; jak to zrobi\u0107?<\/p><p>Obowi\u0105zek zmniejszenia zu\u017cycia energii elektrycznej w jednostkach sektora finans\u00f3w publicznych sta\u0142 si\u0119 faktem.\u00a0Zmniejszenie zu\u017cycia energii [&hellip;]<\/p>\n<\/div><\/a><\/div><div class=\"cat-slider-02__slide\"><a href=\"https:\/\/www.smd-led.pl\/blog\/panele-led-montaz-podtynkowy\/\" class=\"cat-slider-02__link\"><div class=\"cat-slider-02__img-box\"><img loading=\"lazy\" decoding=\"async\" width=\"800\" height=\"533\" src=\"https:\/\/www.smd-led.pl\/blog\/wp-content\/uploads\/2022\/08\/MG_7776.jpg\" class=\"cat-slider-02__img wp-post-image\" alt=\"Panele LED monta\u017c podtynkowy\" \/><\/div><\/a><a href=\"https:\/\/www.smd-led.pl\/blog\/panele-led-montaz-podtynkowy\/\" class=\"cat-slider-02__link\"><div class=\"cat-slider-02__heading-box\"><p class=\"cat-slider-02__post-title\">Panele LED monta\u017c podtynkowy<\/p><p>Panele LED monta\u017c podtynkowy &#8211; na czym polega? Je\u015bli chcemy zamocowa\u0107 panel LED podtynkowy nale\u017cy [&hellip;]<\/p>\n<\/div><\/a><\/div><div class=\"cat-slider-02__slide\"><a href=\"https:\/\/www.smd-led.pl\/blog\/panele-led-zwieszane-montaz-na-linkach\/\" class=\"cat-slider-02__link\"><div class=\"cat-slider-02__img-box\"><img loading=\"lazy\" decoding=\"async\" width=\"1000\" height=\"667\" src=\"https:\/\/www.smd-led.pl\/blog\/wp-content\/uploads\/2022\/08\/MG_7767-1.jpg\" class=\"cat-slider-02__img wp-post-image\" alt=\"Panele LED zwieszane - monta\u017c na linkach\" \/><\/div><\/a><a href=\"https:\/\/www.smd-led.pl\/blog\/panele-led-zwieszane-montaz-na-linkach\/\" class=\"cat-slider-02__link\"><div class=\"cat-slider-02__heading-box\"><p class=\"cat-slider-02__post-title\">Panele LED zwieszane &#8211; monta\u017c lampy na linkach<\/p><p>Panele LED zwieszane &#8211; monta\u017c lampy na linkach to jeden ciekawszych sposob\u00f3w na zamontowanie o\u015bwietlenia [&hellip;]<\/p>\n<\/div><\/a><\/div><div class=\"cat-slider-02__slide\"><a href=\"https:\/\/www.smd-led.pl\/blog\/panel-led-sposoby-montazu\/\" class=\"cat-slider-02__link\"><div class=\"cat-slider-02__img-box\"><img loading=\"lazy\" decoding=\"async\" width=\"800\" height=\"507\" src=\"https:\/\/www.smd-led.pl\/blog\/wp-content\/uploads\/2022\/08\/MG_7945.jpg\" class=\"cat-slider-02__img wp-post-image\" alt=\"Panel LED - sposoby monta\u017cu\" \/><\/div><\/a><a href=\"https:\/\/www.smd-led.pl\/blog\/panel-led-sposoby-montazu\/\" class=\"cat-slider-02__link\"><div class=\"cat-slider-02__heading-box\"><p class=\"cat-slider-02__post-title\">Panel LED &#8211; sposoby monta\u017cu &#8211; monta\u017c paneli na suficie<\/p><p>Panele LED to energooszcz\u0119dny i elegancki zamiennik tradycyjnych opraw rastrowych ze \u015bwietl\u00f3wkami. \u015awiec\u0105 one w [&hellip;]<\/p>\n<\/div><\/a><\/div><div class=\"cat-slider-02__slide\"><a href=\"https:\/\/www.smd-led.pl\/blog\/oprawa-rastrowa-co-to-jest\/\" class=\"cat-slider-02__link\"><div class=\"cat-slider-02__img-box\"><img loading=\"lazy\" decoding=\"async\" width=\"1024\" height=\"768\" src=\"https:\/\/www.smd-led.pl\/blog\/wp-content\/uploads\/2019\/08\/25044506908_4a7e9dd403_o.jpg\" class=\"cat-slider-02__img wp-post-image\" alt=\"lampy rastrowe czy panele led co wyrac\" \/><\/div><\/a><a href=\"https:\/\/www.smd-led.pl\/blog\/oprawa-rastrowa-co-to-jest\/\" class=\"cat-slider-02__link\"><div class=\"cat-slider-02__heading-box\"><p class=\"cat-slider-02__post-title\">Oprawa rastrowa &#8211; co to jest?<\/p><p>Wyb\u00f3r o\u015bwietlenia nie nale\u017cy do najprostszych spraw, szczeg\u00f3lnie je\u015bli do o\u015bwietlenia mamy du\u017c\u0105 powierzchni\u0119. Do [&hellip;]<\/p>\n<\/div><\/a><\/div><div class=\"cat-slider-02__slide\"><a href=\"https:\/\/www.smd-led.pl\/blog\/jaki-panel-led-wybrac\/\" class=\"cat-slider-02__link\"><div class=\"cat-slider-02__img-box\"><img loading=\"lazy\" decoding=\"async\" width=\"1024\" height=\"766\" src=\"https:\/\/www.smd-led.pl\/blog\/wp-content\/uploads\/2021\/09\/Test-paneli-LED-60x60-1.jpg\" class=\"cat-slider-02__img wp-post-image\" alt=\"Test paneli LED 60x60\" \/><\/div><\/a><a href=\"https:\/\/www.smd-led.pl\/blog\/jaki-panel-led-wybrac\/\" class=\"cat-slider-02__link\"><div class=\"cat-slider-02__heading-box\"><p class=\"cat-slider-02__post-title\">Jaki Panel LED wybra\u0107? TOP 6 paneli LED &#8211; ich por\u00f3wnanie i test<\/p><p>Panele LED 60 \u00d7 60 cm to najpopularniejsze panele, wykorzystywane mi\u0119dzy innymi w pomieszczeniach biurowych. [&hellip;]<\/p>\n<\/div><\/a><\/div><\/div><\/div><\/div><\/div>\n<div id=\"attachment_1443\" style=\"width: 1010px\" class=\"wp-caption aligncenter\"><img loading=\"lazy\" decoding=\"async\" aria-describedby=\"caption-attachment-1443\" class=\"wp-image-1443 size-full\" src=\"https:\/\/www.smd-led.pl\/blog\/wp-content\/uploads\/2019\/07\/Lampy-do-salonu-fryzjerskiego.jpg\" alt=\"Lampa fryzjerska\" width=\"1000\" height=\"667\" \/><p id=\"caption-attachment-1443\" class=\"wp-caption-text\">Lampa fryzjerska<\/p><\/div>\n<h2>O\u015bwietlenie w salonie fryzjerskim<\/h2>\n<p>Jak ju\u017c zd\u0105\u017cyli\u015bmy wspomnie\u0107, projektuj\u0105c\u00a0o\u015bwietlenie do zak\u0142ad\u00f3w fryzjerskich, zalecamy wyb\u00f3r g\u0142\u00f3wnie lamp wykonanych w technologii LED.\u00a0<strong>O\u015bwietlenie w salonie fryzjerskim wyposa\u017cone w pe\u0142ni z opraw wykonanych w nowoczesnej technologii LED przyniesie nam nie tylko szereg zalet o\u015bwietleniowych, ale tak\u017ce znacznie ni\u017csze wydatki za energi\u0119. Oszcz\u0119dno\u015b\u0107 ta mo\u017ce si\u0119ga\u0107 nawet do 60%. <\/strong>O\u015bwietlenie w salonie w fryzjerskim to bez w\u0105tpienia jeden z najwa\u017cniejszych czynnik\u00f3w, decyduj\u0105cych o wygl\u0105dzie i og\u00f3lnym odbiorze salonu przez klienta. Jak dobrze wiemy to w\u0142a\u015bnie o\u015bwietlenie jak nic innego potrafi sprawi\u0107, \u017ce lokal zyska charakteru.<\/p>\n<div id=\"attachment_1444\" style=\"width: 1010px\" class=\"wp-caption aligncenter\"><img loading=\"lazy\" decoding=\"async\" aria-describedby=\"caption-attachment-1444\" class=\"wp-image-1444 size-full\" src=\"https:\/\/www.smd-led.pl\/blog\/wp-content\/uploads\/2019\/07\/Oswietlenie-do-salonu-fryzjerskiego-1.jpg\" alt=\"O\u015bwietlenie w salonie fryzjerskim\" width=\"1000\" height=\"666\" \/><p id=\"caption-attachment-1444\" class=\"wp-caption-text\">O\u015bwietlenie w salonie fryzjerskim<\/p><\/div>\n<p>Obecnie dost\u0119pnych jest wiele r\u00f3\u017cnych modeli lamp. W naszym wpisie blogowym skupili\u015bmy si\u0119 g\u0142\u00f3wnie na lampach sufitowych, ale jako\u00a0lampy do salonu fryzjerskiego\u00a0r\u00f3wnie dobrze sprawdz\u0105 si\u0119 kinkiety \u015bcienne, czy reflektory szynowe. Jako o\u015bwietlenie ozdobne b\u0119dziemy mogli wykorzysta\u0107 tak\u017ce\u00a0ta\u015bmy LED, kt\u00f3re zamontowane w profilach aluminiowych, przykuj\u0105 uwag\u0119 swoj\u0105 nowoczesn\u0105 form\u0105. Pami\u0119tajmy jednak o tym, \u017ce o\u015bwietlenie dekoracyjne nie powinno s\u0142u\u017cy\u0107 nam jako g\u0142\u00f3wna forma o\u015bwietleniowa. Do tego celu powinni\u015bmy u\u017cywa\u0107 wy\u0142\u0105cznie lamp o odpowiedniej mocy \u015bwietlnej i w zale\u017cno\u015bci od zastosowania o szerokim lub w\u0105skim k\u0105cie \u015bwiecenia.<\/p>\n<p>Szukasz <a href=\"https:\/\/www.smd-led.pl\/tasmy-ledowe\" target=\"_blank\" rel=\"noopener noreferrer\">ta\u015bmy LED<\/a>? Znajdziesz j\u0105 w naszym sklepie!<\/p>\n<h2>Nowoczesne o\u015bwietlenie do salonu fryzjerskiego<\/h2>\n<p><strong>Nowoczesne o\u015bwietlenie do salonu fryzjerskiego musi spe\u0142nia\u0107 zar\u00f3wno funkcj\u0119 praktyczn\u0105, jak i designersk\u0105. Je\u015bli nasz salon nawi\u0105zuje przyk\u0142adowo do stylu Retro i lat 70-tych, oczywistym jest, \u017ce nie u\u017cyjemy nowoczesnej lampy. Dobrze dobrane o\u015bwietlenie mo\u017ce stanowi\u0107 doskona\u0142\u0105 dekoracj\u0119.\u00a0<\/strong>Salon fryzjerski obecnie jest projektowany zgodnie ze wsp\u00f3\u0142czesnymi trendami i rzadko dzi\u015b spotkamy miejsca nawi\u0105zuj\u0105ce do tradycyjnego, klasycznego wygl\u0105du.\u00a0Nowoczesne o\u015bwietlenie\u00a0do takiego\u00a0salonu fryzjerskiego\u00a0b\u0119dzie pe\u0142ni\u0142o tutaj r\u00f3wnie\u017c niebagateln\u0105 funkcj\u0119. Nasze wsp\u00f3\u0142czesne wyposa\u017cone wn\u0119trza musi przecie\u017c doskonale komponowa\u0107 si\u0119 r\u00f3wnie\u017c z reszt\u0105 naszej aran\u017cacji. Nie wybierzemy przecie\u017c nowoczesnego fotelu, kt\u00f3ry by\u015bmy o\u015bwietlili tradycyjn\u0105 lamp\u0105. Najlepsz\u0105 decyzj\u0105 wtedy b\u0119d\u0105 lampy sufitowe do salonu fryzjerskiego, kt\u00f3re jak najbardziej wpasuj\u0105 si\u0119 do aran\u017cacji naszego wn\u0119trza. Ogromn\u0105 zalet\u0105, jak\u0105 posiadaj\u0105 tutaj lampy LED, jest og\u00f3lna dost\u0119pno\u015b\u0107 ich wielu modeli. Dzisiaj na rynku o\u015bwietleniowym spotkamy wiele zwyk\u0142ych lamp niewyr\u00f3\u017cniaj\u0105cych si\u0119 swoim wygl\u0105dem.\u00a0O\u015bwietlenie salonu fryzjerskiego\u00a0oparte o tego typu lampy nie b\u0119dzie praktycznie niczym wyr\u00f3\u017cnia\u0107 si\u0119 w por\u00f3wnaniu z nasz\u0105 konkurencj\u0105. Technologia LED daje nam jednak mo\u017cliwo\u015b\u0107 wyboru o\u015bwietlenia, kt\u00f3re r\u00f3wnie\u017c swoim designem wpasuje si\u0119 do naszego wn\u0119trza. Eleganckie lampy do salonu fryzjerskiego nie tylko b\u0119d\u0105 efektownie wygl\u0105da\u0107, ale tak\u017ce spe\u0142ni\u0105 wszystkie nasze indywidualne wymagania odno\u015bnie do o\u015bwietlenia tego typu wn\u0119trza.<\/p>\n<div id=\"attachment_1446\" style=\"width: 1010px\" class=\"wp-caption aligncenter\"><img loading=\"lazy\" decoding=\"async\" aria-describedby=\"caption-attachment-1446\" class=\"wp-image-1446 size-full\" src=\"https:\/\/www.smd-led.pl\/blog\/wp-content\/uploads\/2019\/07\/Oswietlenie-salonu-fryzjerskiego-1.jpg\" alt=\"Nowoczesne o\u015bwietlenie do salonu fryzjerskiego\" width=\"1000\" height=\"666\" \/><p id=\"caption-attachment-1446\" class=\"wp-caption-text\">Nowoczesne o\u015bwietlenie do salonu fryzjerskiego<\/p><\/div>\n<p>Chc\u0105c zainwestowa\u0107 w\u00a0nowoczesne o\u015bwietlenie do salonu fryzjerskiego, powinni\u015bmy zdecydowa\u0107 si\u0119 wy\u0142\u0105cznie na produkty wykonane w energooszcz\u0119dnej technologii LED. W tym momencie jest ona na tyle rozwini\u0119ta i posiada szerok\u0105 gam\u0119 produkt\u00f3w, \u017ce b\u0119dziemy w stanie stworzy\u0107 takie \u015bwiat\u0142o, kt\u00f3re jak najbardziej spe\u0142ni nasze wymagania, jak i te przestrzegane przez normy o\u015bwietleniowe. Dzi\u015b jako o\u015bwietlenie LED do salonu fryzjerskiego mo\u017cemy wybra\u0107 zar\u00f3wno lampy natynkowe, oprawy wpuszczane, a tak\u017ce ciesz\u0105ce si\u0119 coraz wi\u0119ksz\u0105 popularno\u015bci\u0105 \u017car\u00f3wki na przewodzie. W\u015br\u00f3d lamp, kt\u00f3re zamontujemy natynkowo mo\u017cemy wybra\u0107 okr\u0105g\u0142e, czy kwadratowe plafony, eleganckie i stylowe lampy sufitowe i wisz\u0105ce, a tak\u017ce kinkiety, kt\u00f3re pos\u0142u\u017c\u0105 jako punktowe o\u015bwietlenie. W\u015br\u00f3d lamp wpuszczanych r\u00f3wnie\u017c mamy ogromny wyb\u00f3r. Tutaj mo\u017cemy wybra\u0107 zar\u00f3wno du\u017ce\u00a0panele LED, jak i te mniejsze typu downlight. Bardzo ciekawym i atrakcyjnym cenowo rozwi\u0105zaniem s\u0105 tak\u017ce oprawki sufitowe wraz z \u017car\u00f3wkami. W tym przypadku dobrze rozmieszczone pozwol\u0105 nam na odpowiednio o\u015bwietlenie niezbyt du\u017cym kosztem.<\/p>\n<div id=\"attachment_3595\" style=\"width: 1010px\" class=\"wp-caption aligncenter\"><img loading=\"lazy\" decoding=\"async\" aria-describedby=\"caption-attachment-3595\" class=\"wp-image-3595 size-full\" src=\"https:\/\/www.smd-led.pl\/blog\/wp-content\/uploads\/2021\/09\/jak-oswietlic-salon-beauty.jpg\" alt=\"Nowoczesne o\u015bwietlenie do salonu fryzjerskiego\" width=\"1000\" height=\"667\" \/><p id=\"caption-attachment-3595\" class=\"wp-caption-text\">Nowoczesne o\u015bwietlenie do salonu fryzjerskiego<\/p><\/div>\n<p>O\u015bwietlenie naszego salonu fryzjerskiego powinno przyci\u0105ga\u0107 r\u00f3wnie\u017c klient\u00f3w, wi\u0119c warto pokusi\u0107 si\u0119 r\u00f3wnie\u017c o lampy dekoracyjne. Tutaj polecamy w szczeg\u00f3lno\u015bci profile wraz z ta\u015bmami ledowymi, jak \u017car\u00f3wki na przewodzie, o kt\u00f3rych wspominali\u015bmy wcze\u015bniej. W przypadku tego typu lamp wisz\u0105cych, mo\u017cemy pokusi\u0107 si\u0119 r\u00f3wnie\u017c o dekoracyjne \u017car\u00f3wki \u017carnikowe. Wtedy decydujemy si\u0119 jednak na nieco wy\u017cszy pob\u00f3r energii, ale r\u00f3wnie\u017c na wyj\u0105tkowy design i niecodzienny styl. O\u015bwietlenie dekoracyjne do salonu fryzjerskiego nie powinno by\u0107 u\u017cywane, jako jego g\u0142\u00f3wne \u017ar\u00f3d\u0142o \u015bwiat\u0142a. Ta\u015bmy LED posiadaj\u0105 mocny, lecz kr\u00f3tki strumie\u0144 \u015bwiat\u0142a, ciep\u0142e \u015bwiat\u0142o \u017car\u00f3wek dekoracyjnych nie jest najlepsze do pracy i nie pomaga w skupieniu, a bardziej relaksuje. Nie zapomnijmy o odpowiednim o\u015bwietleniu reklamy, kt\u00f3ra jako pierwsza przyci\u0105gnie nowych klient\u00f3w do naszego salonu. Tutaj idealnie sprawdz\u0105 si\u0119 modu\u0142y LED, kt\u00f3re dzi\u0119ki wielu mo\u017cliwo\u015bci\u0105 monta\u017cu, pozwol\u0105 nam na idealne do\u015bwietlenie reklamy. Tutaj mo\u017cemy wybra\u0107 dowolny kolor \u015bwiat\u0142a bia\u0142ego, a tak\u017ce pokusi\u0107 si\u0119 o kolorowego o\u015bwietlenie, a tak\u017ce te wykonane w technologii RGB.<\/p>\n<div class=\"call-to-action-02\"><div class=\"call-to-action-02__spots-map\"><img decoding=\"async\" src=\"https:\/\/www.smd-led.pl\/blog\/wp-content\/uploads\/2023\/01\/salon-fryzierski-z-szynoprzewodami.jpg\" alt=\"\" class=\"call-to-action-02__spots-map-img\" \/><div class=\"call-to-action-02__spots\"><div class=\"call-to-action-02__spot1\"><div class=\"call-to-action-02__spot-icn\" style=\"top: 16.3831%; left: 43.3641%;     transform: translate(-50%, -50%);\"><div class=\"call-to-action-02__icon-box\"><img decoding=\"async\" src=\"https:\/\/moleo.pl\/wp-content\/themes\/moleotheme\/assets\/img\/plus-icon.svg\" class=\"call-to-action-02__icon\"><\/div><div class=\"call-to-action-02__spot-product-box\"><img decoding=\"async\" src=\"https:\/\/www.smd-led.pl\/blog\/wp-content\/uploads\/2023\/01\/REFLEKTOR-LED-SZYNOWY-PRO-BRANTA-LUX-27W.jpg\" alt=\"\"\/><span class=\"call-to-action-02__product-title\">REFLEKTOR LED SZYNOWY PRO BRANTA LUX 27W - BIA\u0141A NEUTRALNA<\/span><a href=\"https:\/\/www.smd-led.pl\/oswietlenie-szynowe?fast_search=fs\" class=\"button\" id=\"salon_fryzier_3\" target=\"_self\">Zobacz produkt<\/a><\/div><\/div><\/div><div class=\"call-to-action-02__spot1\"><div class=\"call-to-action-02__spot-icn\" style=\"top: 1.9274%; left: 13.3706%;     transform: translate(-50%, -50%);\"><div class=\"call-to-action-02__icon-box\"><img decoding=\"async\" src=\"https:\/\/moleo.pl\/wp-content\/themes\/moleotheme\/assets\/img\/plus-icon.svg\" class=\"call-to-action-02__icon\"><\/div><div class=\"call-to-action-02__spot-product-box\"><img decoding=\"async\" src=\"https:\/\/www.smd-led.pl\/blog\/wp-content\/uploads\/2023\/01\/CZARNA-SZYNOWA-LAMPA-LED-27W-MDR-BRANTA.jpg\" alt=\"\"\/><span class=\"call-to-action-02__product-title\">CZARNA SZYNOWA LAMPA LED 27W MDR BRANTA<\/span><a href=\"https:\/\/www.smd-led.pl\/szyny-magnetyczne-podtynkowe-ll-20a-pod-plyte-gk95mm\" class=\"button\" id=\"salon_fryzier_3\" target=\"_self\">Zobacz produkt<\/a><\/div><\/div><\/div><div class=\"call-to-action-02__spot1\"><div class=\"call-to-action-02__spot-icn\" style=\"top: 10.6008%; left: 80.0429%;     transform: translate(-50%, -50%);\"><div class=\"call-to-action-02__icon-box\"><img decoding=\"async\" src=\"https:\/\/moleo.pl\/wp-content\/themes\/moleotheme\/assets\/img\/plus-icon.svg\" class=\"call-to-action-02__icon\"><\/div><div class=\"call-to-action-02__spot-product-box\"><img decoding=\"async\" src=\"https:\/\/www.smd-led.pl\/blog\/wp-content\/uploads\/2023\/01\/REFLEKTOR-SZYNOWY-MADARA-MINI-II-BIALY.jpg\" alt=\"\"\/><span class=\"call-to-action-02__product-title\">REFLEKTOR SZYNOWY MADARA MINI II - BIA\u0141Y<\/span><a href=\"https:\/\/www.smd-led.pl\/lampa-szynowa-biala\" class=\"button\" id=\"salon_fryzier_3\" target=\"_self\">Zobacz produkt<\/a><\/div><\/div><\/div><\/div><\/div><\/div>\n<h2>Profesjonalne o\u015bwietlenie salonu fryzjerskiego<\/h2>\n<p>W salonie fryzjerskim \u015bwiat\u0142o odgrywa znacz\u0105c\u0105 rol\u0119.\u00a0<strong>To w\u0142a\u015bnie profesjonalne o\u015bwietlenie salonu pozwala na dobranie i wykonanie idealnej fryzury i koloru. Dlatego te\u017c profesjonalne o\u015bwietlenie w salonie fryzjerskim musi by\u0107 niem\u0119cz\u0105ce dla wzroku wynosz\u0105ce od 300 do 500 lx, posiadaj\u0105ce neutraln\u0105 barw\u0119.\u00a0<\/strong>O\u015bwietlenie salonu fryzjerskiego w pomieszczeniu, w kt\u00f3rym odbywa si\u0119 praca musi by\u0107 dostosowane g\u0142\u00f3wnie pod fryzjera, to w jego r\u0119kach jest, jakby nie patrze\u0107, dosy\u0107 du\u017ca odpowiedzialno\u015b\u0107 za wykonan\u0105 us\u0142ug\u0119. Nie mo\u017ce by\u0107 wi\u0119c rozpraszany przez b\u0142\u0119dnie dobrane \u015bwiat\u0142o czy nieodpowiedni\u0105 jego barw\u0119. Gdy chcesz wybra\u0107 o\u015bwietlenie do swojego salonu fryzjerskiego przede wszystkim zastan\u00f3w si\u0119 jakiego typu lampy b\u0119d\u0105 pasowa\u0142y do wystroju i og\u00f3lnego zamys\u0142u jaki masz co do tego miejsca. Sklepy oferuj\u0105 wiele ciekawych rozwi\u0105za\u0144 i bez w\u0105tpienia ka\u017cdy znajdzie co\u015b dla siebie. Lampy sufitowe w postaci \u017cyrandola nadadz\u0105 klasy i elegancji, wybieraj\u0105c niestandardowy wz\u00f3r, nadasz swojemu salonowi charakteru. Nie zapominaj o o\u015bwietleniu dodatkowym, kt\u00f3re sprawdzi si\u0119 na przyk\u0142ad do do\u015bwietlenia dyplom\u00f3w i certyfikat\u00f3w \u015bwiadcz\u0105cych o kompetencji salonu.<\/p>\n<div id=\"attachment_6465\" style=\"width: 1010px\" class=\"wp-caption aligncenter\"><img loading=\"lazy\" decoding=\"async\" aria-describedby=\"caption-attachment-6465\" class=\"size-full wp-image-6465\" src=\"https:\/\/www.smd-led.pl\/blog\/wp-content\/uploads\/2019\/07\/Profesjonalne-oswietlenie-salonu-fryzjerskiego-1.jpg\" alt=\"Profesjonalne o\u015bwietlenie salonu fryzjerskiego\" width=\"1000\" height=\"878\" \/><p id=\"caption-attachment-6465\" class=\"wp-caption-text\">Profesjonalne o\u015bwietlenie salonu fryzjerskiego<\/p><\/div>\n<h2>Nat\u0119\u017cenie o\u015bwietlenia w salonie fryzjerskim<\/h2>\n<p>\u0179r\u00f3d\u0142o \u015bwiat\u0142a w salonie fryzjerskim musi by\u0107 funkcjonalne i by\u0107 przystosowane do obowi\u0105zuj\u0105cych norm<strong>. Tak jak w ka\u017cdym miejscu pracy, nat\u0119\u017cenie o\u015bwietlenia w salonie fryzjerskim musi spe\u0142nia\u0107 okre\u015blone wytyczne. 300 \u2013 500 lx (luks\u00f3w) to optymalne nat\u0119\u017cenie o\u015bwietlenia w salonie fryzjerskim. Pozwoli ono na wydajn\u0105 i efektywn\u0105 prac\u0119.\u00a0Pami\u0119tajmy te\u017c, \u017ce \u015bwiat\u0142o powinno by\u0107 o neutralnej barwie. <\/strong>Praca fryzjera wi\u0105\u017ce si\u0119 z wielogodzinnym wyt\u0119\u017caniem wzroku, pracownik musi ka\u017cdego dnia zmaga\u0107 si\u0119 z dok\u0142adnym rozpoznawaniem odcienia w\u0142os\u00f3w klienta i dobieraniem w\u0142a\u015bciwego koloru czy strzy\u017cenia. Zapewne nie nale\u017cy to do \u0142atwych zada\u0144 samo w sobie, dlatego tak istotne jest, by dodatkowo nie utrudnia\u0107 pracy poprzez rozproszenie na przyk\u0142ad poprzez zbyt ma\u0142\u0105 ilo\u015b\u0107 \u017ar\u00f3de\u0142 \u015bwiat\u0142a. Je\u015bli mamy tak\u0105 mo\u017cliwo\u015b\u0107, warto zapewni\u0107 w salonie jak najwi\u0119ksz\u0105 ilo\u015b\u0107 \u015bwiat\u0142a naturalnego wpadaj\u0105cego przez okna. Niestety nie zawsze jest to mo\u017cliwe do zrealizowania. Na szcz\u0119\u015bcie nowoczesne lampy sprawdzaj\u0105 si\u0119 r\u00f3wnie dobrze co \u015bwiat\u0142o s\u0142oneczne.<\/p>\n<div id=\"attachment_6466\" style=\"width: 1010px\" class=\"wp-caption aligncenter\"><img loading=\"lazy\" decoding=\"async\" aria-describedby=\"caption-attachment-6466\" class=\"size-full wp-image-6466\" src=\"https:\/\/www.smd-led.pl\/blog\/wp-content\/uploads\/2019\/07\/Natezenie-oswietlenia-w-salonie-fryzjerskim.jpg\" alt=\"Nat\u0119\u017cenie o\u015bwietlenia w salonie fryzjerskim\" width=\"1000\" height=\"675\" \/><p id=\"caption-attachment-6466\" class=\"wp-caption-text\">Nat\u0119\u017cenie o\u015bwietlenia w salonie fryzjerskim<\/p><\/div>\n<h2>Jakie \u015bwiat\u0142o do salonu fryzjerskiego ciep\u0142e czy zimne<\/h2>\n<p>Miejsce takie jak salon fryzjerski wymaga odpowiedniego \u015bwiat\u0142a, by umo\u017cliwia\u0107 w\u0142a\u015bciwe wykonywanie obowi\u0105zk\u00f3w przez pracownik\u00f3w, a tak\u017ce by by\u0142o odpowiednie dla klient\u00f3w.\u00a0<strong>Je\u015bli zastanawiamy si\u0119 jakie \u015bwiat\u0142o do salonu fryzjerskiego b\u0119dzie odpowiednie ciep\u0142e, czy zimne, warto wiedzie\u0107, \u017ce tak jak do ka\u017cdej pracy wzrokowej odpowiednia b\u0119dzie ch\u0142odna barwa. Ch\u0142odne, neutralne \u015bwiat\u0142o nie przek\u0142amuje kolor\u00f3w, oddaje obraz 1:1.\u00a0<\/strong>Je\u015bli chodzi o ciep\u0142\u0105 barw\u0119 \u015bwiat\u0142a, nie musimy rezygnowa\u0107 z niej w 100%. Jest to idealna barwa, kt\u00f3r\u0105 mo\u017cemy zastosowa\u0107 w poczekalni dla klient\u00f3w naszego salonu. Ciep\u0142a barwa \u015bwiat\u0142a umili oczekiwanie na zabieg fryzjerski, pozwoli klientowi zrelaksowa\u0107 si\u0119 i czerpa\u0107 jeszcze wi\u0119cej przyjemno\u015bci z pobytu w salonie. Z oczywistych wzgl\u0119d\u00f3w, zastosowanie takiej barwy w pomieszczeniu, w kt\u00f3rym pracujemy by\u0142oby niew\u0142a\u015bciwe. Fryzjer m\u00f3g\u0142by poczu\u0107 si\u0119 zm\u0119czony i jego praca przesta\u0142aby by\u0107 efektywna, co prze\u0142o\u017cy\u0142oby si\u0119 na straty salonu.<\/p>\n<div id=\"attachment_6467\" style=\"width: 1009px\" class=\"wp-caption aligncenter\"><img loading=\"lazy\" decoding=\"async\" aria-describedby=\"caption-attachment-6467\" class=\"size-full wp-image-6467\" src=\"https:\/\/www.smd-led.pl\/blog\/wp-content\/uploads\/2019\/07\/Jakie-swiatlo-do-salonu-fryzjerskiego-cieple-czy-zimne.jpg\" alt=\"Jakie \u015bwiat\u0142o do salonu fryzjerskiego ciep\u0142e czy zimne\" width=\"999\" height=\"667\" \/><p id=\"caption-attachment-6467\" class=\"wp-caption-text\">Jakie \u015bwiat\u0142o do salonu fryzjerskiego ciep\u0142e czy zimne<\/p><\/div>\n<h2>Jakie \u015bwiat\u0142o w salonie fryzjerskim jest niewskazane<\/h2>\n<p>Jak ju\u017c wiemy \u015bwiat\u0142o ma istotne znaczenie w miejscu takim jak salon fryzjerski. Odgrywa jedn\u0105 z g\u0142\u00f3wnych r\u00f3l i posiada normy, kt\u00f3rych nale\u017cy przestrzega\u0107.\u00a0<strong>Warto zastanowi\u0107 si\u0119 jakie \u015bwiat\u0142o w salonie fryzjerskim jest niewskazane, odpowiedzi\u0105 bez w\u0105tpienia jest fakt, \u017ce wsp\u00f3\u0142czynnik oddawania barw <a href=\"https:\/\/www.smd-led.pl\/blog\/wspolczynnik-oddawania-barw-ra-cri\/\" data-internallinksmanager029f6b8e52c=\"2\" title=\"Wsp\u00f3\u0142czynnik oddawania barw RA - czym jest CRI?\">CRI<\/a> musi by\u0107 powy\u017cej 80. Ni\u017csza warto\u015b\u0107 wsp\u00f3\u0142czynnika sprawi\u0142aby, \u017ce kolory nie b\u0119d\u0105 oddawane w naturalny spos\u00f3b co bez w\u0105tpienia mia\u0142oby wp\u0142yw na koloryzacj\u0119.\u00a0<\/strong>Bez w\u0105tpienia nikt z nas nie chcia\u0142by do\u015bwiadczy\u0107 \u017ale dobranego koloru i fryzury na w\u0142asnej sk\u00f3rze. Takie faux pas sp\u0119dza sen z powiek nie tylko klientom, ale te\u017c w\u0142a\u015bcicielom salon\u00f3w fryzjerskich. W\u0142osy to ozdoba ka\u017cdego cz\u0142owieka i dla wi\u0119kszo\u015bci z nas s\u0105 niezwykle wa\u017cne i zapuszczamy je latami, dbaj\u0105c o nie najlepiej jak potrafimy. W zawodzie fryzjera nie tak \u0142atwo naprawi\u0107 b\u0142\u0105d, dlatego najlepiej zrobi\u0107 wszystko co w naszej mocy, by unikn\u0105\u0107 wspomnianego wy\u017cej koszmaru. Jak ju\u017c wspomnieli\u015bmy, wsp\u00f3\u0142czynnik oddawania barw CRI80 to minimalna podstawa jak\u0105 nale\u017cy zapewni\u0107, by zminimalizowa\u0107 ryzyko pomy\u0142ki podczas pracy.<\/p>\n<div id=\"attachment_7044\" style=\"width: 710px\" class=\"wp-caption aligncenter\"><img loading=\"lazy\" decoding=\"async\" aria-describedby=\"caption-attachment-7044\" class=\"size-full wp-image-7044\" src=\"https:\/\/www.smd-led.pl\/blog\/wp-content\/uploads\/2019\/07\/Nowoczesne-oswietlenie-do-salonu-fryzjerskiego.jpg\" alt=\"Jakie \u015bwiat\u0142o w salonie fryzjerskim jest niewskazane\" width=\"700\" height=\"468\" \/><p id=\"caption-attachment-7044\" class=\"wp-caption-text\">Jakie \u015bwiat\u0142o w salonie fryzjerskim jest niewskazane<\/p><\/div>\n<h2>Jaka barwa \u015bwiat\u0142a do salonu fryzjerskiego<\/h2>\n<p>Co jeszcze musimy wiedzie\u0107 o o\u015bwietleniu w salonie fryzjerskim?<strong> Cz\u0119sto zadawanym pytaniem jest pytanie jaka barwa \u015bwiat\u0142a do salonu fryzjerskiego jest odpowiednia, a odpowied\u017a na to jest prosta: barwa \u015bwiat\u0142a do salonu fryzjerskiego powinna wynosi\u0107 4000 K i by\u0107 neutralna. Mo\u017cemy te\u017c zastosowa\u0107 ch\u0142odn\u0105 barw\u0119 wynosz\u0105c\u0105 ok. 6000 K. <\/strong>W salonie fryzjerskim barwa \u015bwiat\u0142a jest niezwykle istotna. Naturalnie wygl\u0105daj\u0105ce barwy zapewni\u0105 odpowiednio dobran\u0105 oraz wykonan\u0105 koloryzacj\u0119. Dzi\u0119ki zapewnieniu odpowiedniej barwy \u015bwiat\u0142a nasz salon b\u0119dzie wygl\u0105da\u0142 profesjonalnie, a jego wyposa\u017cenie b\u0119dzie prezentowa\u0107 si\u0119 idealnie. Pami\u0119tajmy, \u017ce nawet najmniejszy szczeg\u00f3\u0142 ma znaczenie, a zadbanie o takie rzeczy jak w\u0142a\u015bciwie dobranie o\u015bwietlenie i jego barwa, zaprocentuj\u0105 zadowoleniem klient\u00f3w.<\/p>\n<div id=\"attachment_6468\" style=\"width: 1010px\" class=\"wp-caption aligncenter\"><img loading=\"lazy\" decoding=\"async\" aria-describedby=\"caption-attachment-6468\" class=\"size-full wp-image-6468\" src=\"https:\/\/www.smd-led.pl\/blog\/wp-content\/uploads\/2019\/07\/Jaka-barwa-swiatla-do-salonu-fryzjerskiego.jpg\" alt=\"Jaka barwa \u015bwiat\u0142a do salonu fryzjerskiego\" width=\"1000\" height=\"656\" \/><p id=\"caption-attachment-6468\" class=\"wp-caption-text\">Jaka barwa \u015bwiat\u0142a do salonu fryzjerskiego<\/p><\/div>\n<h2>Lampy LED-owe do salonu fryzjerskiego<\/h2>\n<p><strong>Lampy LED-owe do salonu fryzjerskiego to bardzo cz\u0119sto wybierane o\u015bwietlenie w 2022 roku. S\u0105 ku temu powody. Nie powoduje ono rzucania cienia, a co za tym idzie nie utrudnia pracy fryzjera, a lampy LED-owe potrafi\u0105 dok\u0142adnie o\u015bwietli\u0107 ka\u017cde pomieszczenie. <\/strong>Salony fryzjerskie nie maj\u0105 okre\u015blonej wielko\u015bci pomieszczenia, a ka\u017cdy salon charakteryzuje si\u0119 niepowtarzalno\u015bci\u0105 w swoim stylu i sposobie pracy. Lampy ledowe to o\u015bwietlenie, kt\u00f3re do niedawna kojarzone by\u0142o z biurami czy sklepami. Warto jednak wiedzie\u0107, \u017ce o\u015bwietlenie LED idealnie sprawdza si\u0119 w r\u00f3\u017cnego typu salonach us\u0142ugowych, a wygl\u0105d lamp nie musi by\u0107 nudny i przewidywalny. Lampy ledowe coraz cz\u0119\u015bciej stosowane s\u0105 r\u00f3wnie\u017c w domach prywatnych, a to wszystko dzi\u0119ki wielu zaletom, kt\u00f3re posiadaj\u0105. Przede wszystkim lampy ledowe s\u0105 energooszcz\u0119dne, pozwala to znacznie zmniejszy\u0107 rachunki za pr\u0105d. Opr\u00f3cz tego znane s\u0105 ze swojej nieocenionej mo\u017cliwo\u015bci dok\u0142adnego o\u015bwietlenia ca\u0142ego pomieszczenia, nie powoduj\u0105c przy tym niepotrzebnego cienia. Dzi\u0119ki swoim formom, idealnie dopasuj\u0105 si\u0119 te\u017c do salon\u00f3w o ma\u0142ej powierzchni nie zmniejszaj\u0105c jej.<\/p>\n<div id=\"attachment_6469\" style=\"width: 1010px\" class=\"wp-caption aligncenter\"><img loading=\"lazy\" decoding=\"async\" aria-describedby=\"caption-attachment-6469\" class=\"size-full wp-image-6469\" src=\"https:\/\/www.smd-led.pl\/blog\/wp-content\/uploads\/2019\/07\/Lampy-LED-owe-do-salonu-fryzjerskiego.jpg\" alt=\"Lampy LED-owe do salonu fryzjerskiego\" width=\"1000\" height=\"750\" \/><p id=\"caption-attachment-6469\" class=\"wp-caption-text\">Lampy LED-owe do salonu fryzjerskiego<\/p><\/div>\n<h2>Prawid\u0142owe o\u015bwietlenie salonu fryzjerskiego<\/h2>\n<p><strong>Prawid\u0142owe o\u015bwietlenie salonu fryzjerskiego\u00a0powinno odpowiednio o\u015bwietli\u0107 miejsce pracy, jak i przyci\u0105gn\u0105\u0107 uwag\u0119 klient\u00f3w. Wn\u0119trze salonu powinno by\u0107 o\u015bwietlone zgodnie z panuj\u0105cym w nim stylu, a tak\u017ce spe\u0142nia\u0107 obowi\u0105zuj\u0105ce normy PN-EN 12464-1. Nie mo\u017cemy zapomnie\u0107 o do\u015bwietleniu naszego logo, czy reklamy.<\/strong> To w\u0142a\u015bnie ona dzi\u015b (razem z internetowym marketingiem) przyci\u0105ga najwi\u0119ksz\u0105 ilo\u015b\u0107 potencjalnych klient\u00f3w. O\u015bwietlenie w salonie kosmetycznym, czy w innym miejscu, w kt\u00f3rym dbamy o wygl\u0105d naszych klient\u00f3w, powinno posiada\u0107 nat\u0119\u017cenie w wysoko\u015bci nie mniejszej ni\u017c 500 lx. Zgodnie z obowi\u0105zuj\u0105c\u0105 norm\u0105 PN-EN 12464-1 \u201e\u015awiat\u0142o i o\u015bwietlenie &#8211; O\u015bwietlenie miejsc pracy\u201d o\u015bwietlenie salonu fryzjerskiego okre\u015bla si\u0119 jako form\u0119 pracy biurowej, w kt\u00f3rej w\u0142a\u015bnie wymagana jest takie nat\u0119\u017cenie o\u015bwietlenia. Dotyczy to oczywi\u015bcie miejsca naszej pracy, czyli przestrzeni, w kt\u00f3rych dbamy o fryzury klient\u00f3w. W poczekalni b\u0119dziemy mieli wi\u0119ksz\u0105 dowolno\u015b\u0107 odno\u015bnie do o\u015bwietlenia, ale i tak nie mo\u017cemy zapomnie\u0107 o tym, \u017ce tam d\u0142u\u017csz\u0105 chwil\u0119 musz\u0105 sp\u0119dza\u0107 nasi klienci i w\u0142a\u015bnie ze wzgl\u0119du na nich powinni\u015bmy odpowiednio zadba\u0107 o o\u015bwietlenie r\u00f3wnie\u017c tego pomieszczenia i sprawi\u0107, aby by\u0142o przytulne i relaksuj\u0105ce.<\/p>\n<div id=\"attachment_7045\" style=\"width: 1290px\" class=\"wp-caption aligncenter\"><img loading=\"lazy\" decoding=\"async\" aria-describedby=\"caption-attachment-7045\" class=\"size-full wp-image-7045\" src=\"https:\/\/www.smd-led.pl\/blog\/wp-content\/uploads\/2019\/07\/jakie-oswietlenie-do-salonu-fryzjerskiego.jpg\" alt=\"Prawid\u0142owe o\u015bwietlenie salonu fryzjerskiego\" width=\"1280\" height=\"854\" \/><p id=\"caption-attachment-7045\" class=\"wp-caption-text\">Prawid\u0142owe o\u015bwietlenie salonu fryzjerskiego<\/p><\/div>\n<p>Od tego, jakie\u00a0o\u015bwietlenie do salonu fryzjerskiego\u00a0wybierzemy, ogromny wp\u0142yw b\u0119dzie mia\u0142o zar\u00f3wno ilo\u015b\u0107 okien w jego wn\u0119trzu, jak i sama jego wielko\u015b\u0107. Je\u015bli nasz salon nie jest zbyt du\u017cy, mo\u017ce wystarczy\u0107 nam jedna lampa do g\u0142\u00f3wnego o\u015bwietlenia i mniejsze, przy fotelach, tak aby dodatkowo do\u015bwietli\u0142y naszych klient\u00f3w podczas strzy\u017cenia. W przypadku kiedy posiadamy ju\u017c wi\u0119kszy salon i kilka miejsc, w kt\u00f3rych strzy\u017cemy klient\u00f3w, nie obejdzie si\u0119 bez wi\u0119kszej ilo\u015bci lamp sufitowych. Pami\u0119tajmy o tym, aby r\u00f3wnomiernie je rozmie\u015bci\u0107, w ten spos\u00f3b, aby ca\u0142e nasze wn\u0119trze by\u0142o odpowiednio do\u015bwietlone.<\/p>\n<h2>Jakie o\u015bwietlenie do salonu fryzjerskiego<\/h2>\n<p><strong>Jakie o\u015bwietlenie do salonu fryzjerskiego b\u0119dzie w\u0142a\u015bciwe? W salonie fryzjerskim o\u015bwietlenie powinno by\u0107 neutralne, ch\u0142odne, tak aby zapewni\u0107 doskona\u0142\u0105 widoczno\u015b\u0107 i oddawanie kolor\u00f3w 1 do 1. Zapewni to doskona\u0142e warunki pracy. Pami\u0119tajmy te\u017c o w\u0142a\u015bciwie dobranym nat\u0119\u017ceniu, kt\u00f3re zmienia si\u0119 wraz ze stanowiskiem pracy jednak nie b\u0119dzie mniejsze ni\u017c 300 lx. <\/strong>Salon fryzjerski jest miejscem do\u015b\u0107 wymagaj\u0105cym. Dzieje si\u0119 tak z tego wzgl\u0119du, gdy\u017c nawet troch\u0119 \u017ale dobrane o\u015bwietlenie mo\u017ce spowodowa\u0107 nieprawid\u0142owo wykonan\u0105 prac\u0119 przez fryzjera. \u0179le dobrany odcie\u0144 w\u0142os\u00f3w do urody klienta mo\u017ce by\u0107 przyczyn\u0105 z\u0142ej opinii, szczeg\u00f3lnie w mniejszych miejscowo\u015bciach. Ka\u017cdy z nas wola\u0142by unikn\u0105\u0107 tego typu wpadki, dlatego urz\u0105dzaj\u0105c salon fryzjerski pami\u0119tajmy te\u017c o dodatkowym o\u015bwietleniu. Nale\u017cy zaopatrzy\u0107 si\u0119 w lampy do\u015bwietlaj\u0105ce stanowisko pracy, dzi\u0119ki kt\u00f3remu bardziej szczeg\u00f3\u0142owe zabiegi nie b\u0119d\u0105 sprawia\u0142y problemu.<\/p>\n<div id=\"attachment_7046\" style=\"width: 710px\" class=\"wp-caption aligncenter\"><img loading=\"lazy\" decoding=\"async\" aria-describedby=\"caption-attachment-7046\" class=\"size-full wp-image-7046\" src=\"https:\/\/www.smd-led.pl\/blog\/wp-content\/uploads\/2019\/07\/prawidlowe-oswietlenie-salonu-fryzjerskiego.jpg\" alt=\"Jakie o\u015bwietlenie do salonu fryzjerskiego\" width=\"700\" height=\"466\" \/><p id=\"caption-attachment-7046\" class=\"wp-caption-text\">Jakie o\u015bwietlenie do salonu fryzjerskiego<\/p><\/div>\n<h2>Lampa stoj\u0105ca do salonu fryzjerskiego<\/h2>\n<p><strong>Czy lampa stoj\u0105ca do salonu fryzjerskiego jest konieczna? W ka\u017cdym salonie fryzjerskim dobrze mie\u0107 lamp\u0119 stoj\u0105c\u0105. Nie powinni\u015bmy liczy\u0107 tylko na o\u015bwietlenie g\u0142\u00f3wne, nie b\u0119dzie ono wystarczaj\u0105ce. Lampa stoj\u0105ca opr\u00f3cz do\u015bwietlenia stanowiska mo\u017ce stanowi\u0107 dekoracj\u0119 salonu, w 2022 roku mamy szeroki wyb\u00f3r lamp w przer\u00f3\u017cnych kszta\u0142tach. <\/strong>Kolory i wyposa\u017cenie salonu to nie jedyne rzeczy, kt\u00f3re b\u0119d\u0105 mia\u0142y wp\u0142yw na jako\u015b\u0107 oferowanych us\u0142ug fryzjerskich. Ponadto \u015bwiat\u0142o odgrywa znacz\u0105c\u0105 rol\u0119 w pracy, kt\u00f3r\u0105 wykonuje fryzjer. Je\u015bli dokonasz w\u0142a\u015bciwego wyboru, Twoja praca stanie si\u0119 wygodniejsza i przyjemniejsza. Z drugiej strony klient wyrazi poczucie spokoju i zadowolenia w odniesieniu do \u015bwiadczonej us\u0142ugi. Dlatego \u015bwiat\u0142a fryzjerskie nie mog\u0105 wytwarza\u0107 ol\u015bnienia, kt\u00f3re powstaje, gdy \u015bwiat\u0142o odbija si\u0119 od g\u0142adkich, polerowanych powierzchni. Ponadto nie powinny emitowa\u0107 \u015bwiat\u0142a o nieodpowiednim lub nadmiernym nat\u0119\u017ceniu \u015bwiat\u0142a. Spowodowa\u0142oby to, \u017ce fryzjerzy do\u015bwiadczaliby szybkiego zm\u0119czenia oczu, a klienci czuliby dyskomfort. Lampa stoj\u0105ca do salonu fryzjerskiego jest doskona\u0142ym pomys\u0142em je\u015bli chodzi do do\u015bwietlenie stanowiska. Jest nie tylko efektowna, ale i skuteczna, a o to nam przecie\u017c chodzi.<\/p>\n<div id=\"attachment_7047\" style=\"width: 710px\" class=\"wp-caption aligncenter\"><img loading=\"lazy\" decoding=\"async\" aria-describedby=\"caption-attachment-7047\" class=\"size-full wp-image-7047\" src=\"https:\/\/www.smd-led.pl\/blog\/wp-content\/uploads\/2019\/07\/Oswietlenie-do-salonu-fryzjerskiego-2.jpg\" alt=\"Lampa stoj\u0105ca do salonu fryzjerskiego\" width=\"700\" height=\"583\" \/><p id=\"caption-attachment-7047\" class=\"wp-caption-text\">Lampa stoj\u0105ca do salonu fryzjerskiego<\/p><\/div>\n<p>O\u015bwietlenie salonu fryzjerskiego odgrywa kluczow\u0105 rol\u0119 zar\u00f3wno w kwestii estetyki, jak i funkcjonalno\u015bci. Dobre o\u015bwietlenie nie tylko podkre\u015bla wystr\u00f3j salonu, ale tak\u017ce zapewnia odpowiednie warunki do pracy fryzjer\u00f3w i komfort dla klient\u00f3w. W salonie wa\u017cne jest zastosowanie r\u00f3\u017cnych rodzaj\u00f3w o\u015bwietlenia, gdzie strefa fotela wymaga najwi\u0119kszej jasno\u015bci w przedziale 300-500 lx. Lampy sufitowe powinny pasowa\u0107 do stylu wn\u0119trza, a w poczekalni zaleca si\u0119 ciep\u0142e \u015bwiat\u0142o dla relaksu klient\u00f3w. Nad fotelami najlepiej sprawdzi si\u0119 \u015bwiat\u0142o neutralne, realistycznie oddaj\u0105ce kolory. Nowoczesne lampy LED s\u0105 energooszcz\u0119dne i zapewniaj\u0105 wysok\u0105 jako\u015b\u0107 \u015bwiat\u0142a, a ich r\u00f3\u017cnorodno\u015b\u0107 umo\u017cliwia dopasowanie do ka\u017cdego stylu salonu. Pami\u0119tajmy o o\u015bwietleniu reklamowym, kt\u00f3re przyci\u0105ga klient\u00f3w, oraz o dodatkowych lampach, kt\u00f3re u\u0142atwiaj\u0105 precyzyjn\u0105 prac\u0119 fryzjera. Wyb\u00f3r w\u0142a\u015bciwego o\u015bwietlenia wp\u0142ynie na odbi\u00f3r salonu przez klient\u00f3w i pomo\u017ce w tworzeniu pozytywnych do\u015bwiadcze\u0144.<\/p>\n<p><img loading=\"lazy\" decoding=\"async\" class=\"size-full wp-image-4522 aligncenter\" src=\"https:\/\/www.smd-led.pl\/blog\/wp-content\/uploads\/2019\/07\/oswietlenie-fryzjerskie-a-nowoczesny-salon-ryzjerski-baner-reklamowy-sklep-z-oswietleniem-smd-led.pl_.jpeg\" alt=\"oswietlenie fryzjerskie a nowoczesny salon ryzjerski, baner reklamowy, sklep z oswietleniem smd-led.pl\" width=\"800\" height=\"533\" \/><\/p>\n","protected":false},"excerpt":{"rendered":"<p>O\u015bwietlenie salonu fryzjerskiego powinno by\u0107 podzielone na r\u00f3\u017cne strefy. Stefa samego fotela musi by\u0107\u00a0 najmocniej [&hellip;]<\/p>\n","protected":false},"author":7,"featured_media":1415,"comment_status":"closed","ping_status":"closed","sticky":false,"template":"","format":"standard","meta":{"inline_featured_image":false,"footnotes":""},"categories":[57,34],"tags":[],"class_list":["post-1401","post","type-post","status-publish","format-standard","has-post-thumbnail","hentry","category-obiekt-beauty","category-poradnik-led"],"acf":[],"yoast_head":"<!-- This site is optimized with the Yoast SEO Premium plugin v26.8 (Yoast SEO v26.8) - https:\/\/yoast.com\/product\/yoast-seo-premium-wordpress\/ -->\n<title>O\u015bwietlenie salonu fryzjerskiego, a nowoczesny salon fryzjerski<\/title>\n<meta name=\"description\" content=\"O\u015bwietlenie salonu fryzjerskiego powinno by\u0107 zawsze dobrze dobrane do naszego salonu. Sprawd\u017a, jakie lampy do salonu fryzjerskiego polecamy.\" \/>\n<meta name=\"robots\" content=\"index, follow, max-snippet:-1, max-image-preview:large, max-video-preview:-1\" \/>\n<link rel=\"canonical\" href=\"https:\/\/www.smd-led.pl\/blog\/oswietlenie-fryzjerskie-a-nowoczesny-salon-fryzjerski\/\" \/>\n<meta property=\"og:locale\" content=\"pl_PL\" \/>\n<meta property=\"og:type\" content=\"article\" \/>\n<meta property=\"og:title\" content=\"O\u015bwietlenie salonu fryzjerskiego, a nowoczesny salon fryzjerski\" \/>\n<meta property=\"og:description\" content=\"O\u015bwietlenie salonu fryzjerskiego powinno by\u0107 zawsze dobrze dobrane do naszego salonu. Sprawd\u017a, jakie lampy do salonu fryzjerskiego polecamy.\" \/>\n<meta property=\"og:url\" content=\"https:\/\/www.smd-led.pl\/blog\/oswietlenie-fryzjerskie-a-nowoczesny-salon-fryzjerski\/\" \/>\n<meta property=\"og:site_name\" content=\"SMD-LED\" \/>\n<meta property=\"article:published_time\" content=\"2022-07-14T11:30:41+00:00\" \/>\n<meta property=\"article:modified_time\" content=\"2023-12-29T14:11:31+00:00\" \/>\n<meta property=\"og:image\" content=\"https:\/\/www.smd-led.pl\/blog\/wp-content\/uploads\/2019\/06\/Nowoczesny-salon-fryzjerski-8.jpg\" \/>\n\t<meta property=\"og:image:width\" content=\"1000\" \/>\n\t<meta property=\"og:image:height\" content=\"667\" \/>\n\t<meta property=\"og:image:type\" content=\"image\/jpeg\" \/>\n<meta name=\"author\" content=\"Marcin Pietrasik\" \/>\n<meta name=\"twitter:card\" content=\"summary_large_image\" \/>\n<meta name=\"twitter:label1\" content=\"Napisane przez\" \/>\n\t<meta name=\"twitter:data1\" content=\"Marcin Pietrasik\" \/>\n\t<meta name=\"twitter:label2\" content=\"Szacowany czas czytania\" \/>\n\t<meta name=\"twitter:data2\" content=\"25 minut\" \/>\n<script type=\"application\/ld+json\" class=\"yoast-schema-graph\">{\"@context\":\"https:\/\/schema.org\",\"@graph\":[{\"@type\":\"Article\",\"@id\":\"https:\/\/www.smd-led.pl\/blog\/oswietlenie-fryzjerskie-a-nowoczesny-salon-fryzjerski\/#article\",\"isPartOf\":{\"@id\":\"https:\/\/www.smd-led.pl\/blog\/oswietlenie-fryzjerskie-a-nowoczesny-salon-fryzjerski\/\"},\"author\":{\"name\":\"Marcin Pietrasik\",\"@id\":\"https:\/\/www.smd-led.pl\/blog\/#\/schema\/person\/887fa24be503d7ae726f67021d1623f5\"},\"headline\":\"O\u015bwietlenie salonu fryzjerskiego, a nowoczesny salon fryzjerski\",\"datePublished\":\"2022-07-14T11:30:41+00:00\",\"dateModified\":\"2023-12-29T14:11:31+00:00\",\"mainEntityOfPage\":{\"@id\":\"https:\/\/www.smd-led.pl\/blog\/oswietlenie-fryzjerskie-a-nowoczesny-salon-fryzjerski\/\"},\"wordCount\":4419,\"image\":{\"@id\":\"https:\/\/www.smd-led.pl\/blog\/oswietlenie-fryzjerskie-a-nowoczesny-salon-fryzjerski\/#primaryimage\"},\"thumbnailUrl\":\"https:\/\/www.smd-led.pl\/blog\/wp-content\/uploads\/2019\/06\/Nowoczesny-salon-fryzjerski-8.jpg\",\"articleSection\":[\"Obiekt Beauty\",\"Poradnik LED\"],\"inLanguage\":\"pl-PL\"},{\"@type\":\"WebPage\",\"@id\":\"https:\/\/www.smd-led.pl\/blog\/oswietlenie-fryzjerskie-a-nowoczesny-salon-fryzjerski\/\",\"url\":\"https:\/\/www.smd-led.pl\/blog\/oswietlenie-fryzjerskie-a-nowoczesny-salon-fryzjerski\/\",\"name\":\"O\u015bwietlenie salonu fryzjerskiego, a nowoczesny salon fryzjerski\",\"isPartOf\":{\"@id\":\"https:\/\/www.smd-led.pl\/blog\/#website\"},\"primaryImageOfPage\":{\"@id\":\"https:\/\/www.smd-led.pl\/blog\/oswietlenie-fryzjerskie-a-nowoczesny-salon-fryzjerski\/#primaryimage\"},\"image\":{\"@id\":\"https:\/\/www.smd-led.pl\/blog\/oswietlenie-fryzjerskie-a-nowoczesny-salon-fryzjerski\/#primaryimage\"},\"thumbnailUrl\":\"https:\/\/www.smd-led.pl\/blog\/wp-content\/uploads\/2019\/06\/Nowoczesny-salon-fryzjerski-8.jpg\",\"datePublished\":\"2022-07-14T11:30:41+00:00\",\"dateModified\":\"2023-12-29T14:11:31+00:00\",\"author\":{\"@id\":\"https:\/\/www.smd-led.pl\/blog\/#\/schema\/person\/887fa24be503d7ae726f67021d1623f5\"},\"description\":\"O\u015bwietlenie salonu fryzjerskiego powinno by\u0107 zawsze dobrze dobrane do naszego salonu. Sprawd\u017a, jakie lampy do salonu fryzjerskiego polecamy.\",\"breadcrumb\":{\"@id\":\"https:\/\/www.smd-led.pl\/blog\/oswietlenie-fryzjerskie-a-nowoczesny-salon-fryzjerski\/#breadcrumb\"},\"inLanguage\":\"pl-PL\",\"potentialAction\":[{\"@type\":\"ReadAction\",\"target\":[\"https:\/\/www.smd-led.pl\/blog\/oswietlenie-fryzjerskie-a-nowoczesny-salon-fryzjerski\/\"]}]},{\"@type\":\"ImageObject\",\"inLanguage\":\"pl-PL\",\"@id\":\"https:\/\/www.smd-led.pl\/blog\/oswietlenie-fryzjerskie-a-nowoczesny-salon-fryzjerski\/#primaryimage\",\"url\":\"https:\/\/www.smd-led.pl\/blog\/wp-content\/uploads\/2019\/06\/Nowoczesny-salon-fryzjerski-8.jpg\",\"contentUrl\":\"https:\/\/www.smd-led.pl\/blog\/wp-content\/uploads\/2019\/06\/Nowoczesny-salon-fryzjerski-8.jpg\",\"width\":1000,\"height\":667,\"caption\":\"O\u015bwietlenie fryzjerskie, a nowoczesny salon fryzjerski\"},{\"@type\":\"BreadcrumbList\",\"@id\":\"https:\/\/www.smd-led.pl\/blog\/oswietlenie-fryzjerskie-a-nowoczesny-salon-fryzjerski\/#breadcrumb\",\"itemListElement\":[{\"@type\":\"ListItem\",\"position\":1,\"name\":\"Strona g\u0142\u00f3wna\",\"item\":\"https:\/\/www.smd-led.pl\/blog\/\"},{\"@type\":\"ListItem\",\"position\":2,\"name\":\"O\u015bwietlenie salonu fryzjerskiego, a nowoczesny salon fryzjerski\"}]},{\"@type\":\"WebSite\",\"@id\":\"https:\/\/www.smd-led.pl\/blog\/#website\",\"url\":\"https:\/\/www.smd-led.pl\/blog\/\",\"name\":\"SMD-LED\",\"description\":\"O\u015bwietlenie Led do domu i przemys\u0142u porady, testy i opinie ekspert\u00f3w\",\"potentialAction\":[{\"@type\":\"SearchAction\",\"target\":{\"@type\":\"EntryPoint\",\"urlTemplate\":\"https:\/\/www.smd-led.pl\/blog\/?s={search_term_string}\"},\"query-input\":{\"@type\":\"PropertyValueSpecification\",\"valueRequired\":true,\"valueName\":\"search_term_string\"}}],\"inLanguage\":\"pl-PL\"},{\"@type\":\"Person\",\"@id\":\"https:\/\/www.smd-led.pl\/blog\/#\/schema\/person\/887fa24be503d7ae726f67021d1623f5\",\"name\":\"Marcin Pietrasik\",\"image\":{\"@type\":\"ImageObject\",\"inLanguage\":\"pl-PL\",\"@id\":\"https:\/\/www.smd-led.pl\/blog\/#\/schema\/person\/image\/\",\"url\":\"https:\/\/secure.gravatar.com\/avatar\/c886f4ccbb5c83b665ee8b66f0b3401128439bc832dca6389b6e67c6bdc3d38b?s=96&d=mm&r=g\",\"contentUrl\":\"https:\/\/secure.gravatar.com\/avatar\/c886f4ccbb5c83b665ee8b66f0b3401128439bc832dca6389b6e67c6bdc3d38b?s=96&d=mm&r=g\",\"caption\":\"Marcin Pietrasik\"},\"url\":\"https:\/\/www.smd-led.pl\/blog\/author\/mpietrasik\/\"}]}<\/script>\n<!-- \/ Yoast SEO Premium plugin. -->","yoast_head_json":{"title":"O\u015bwietlenie salonu fryzjerskiego, a nowoczesny salon fryzjerski","description":"O\u015bwietlenie salonu fryzjerskiego powinno by\u0107 zawsze dobrze dobrane do naszego salonu. Sprawd\u017a, jakie lampy do salonu fryzjerskiego polecamy.","robots":{"index":"index","follow":"follow","max-snippet":"max-snippet:-1","max-image-preview":"max-image-preview:large","max-video-preview":"max-video-preview:-1"},"canonical":"https:\/\/www.smd-led.pl\/blog\/oswietlenie-fryzjerskie-a-nowoczesny-salon-fryzjerski\/","og_locale":"pl_PL","og_type":"article","og_title":"O\u015bwietlenie salonu fryzjerskiego, a nowoczesny salon fryzjerski","og_description":"O\u015bwietlenie salonu fryzjerskiego powinno by\u0107 zawsze dobrze dobrane do naszego salonu. Sprawd\u017a, jakie lampy do salonu fryzjerskiego polecamy.","og_url":"https:\/\/www.smd-led.pl\/blog\/oswietlenie-fryzjerskie-a-nowoczesny-salon-fryzjerski\/","og_site_name":"SMD-LED","article_published_time":"2022-07-14T11:30:41+00:00","article_modified_time":"2023-12-29T14:11:31+00:00","og_image":[{"width":1000,"height":667,"url":"https:\/\/www.smd-led.pl\/blog\/wp-content\/uploads\/2019\/06\/Nowoczesny-salon-fryzjerski-8.jpg","type":"image\/jpeg"}],"author":"Marcin Pietrasik","twitter_card":"summary_large_image","twitter_misc":{"Napisane przez":"Marcin Pietrasik","Szacowany czas czytania":"25 minut"},"schema":{"@context":"https:\/\/schema.org","@graph":[{"@type":"Article","@id":"https:\/\/www.smd-led.pl\/blog\/oswietlenie-fryzjerskie-a-nowoczesny-salon-fryzjerski\/#article","isPartOf":{"@id":"https:\/\/www.smd-led.pl\/blog\/oswietlenie-fryzjerskie-a-nowoczesny-salon-fryzjerski\/"},"author":{"name":"Marcin Pietrasik","@id":"https:\/\/www.smd-led.pl\/blog\/#\/schema\/person\/887fa24be503d7ae726f67021d1623f5"},"headline":"O\u015bwietlenie salonu fryzjerskiego, a nowoczesny salon fryzjerski","datePublished":"2022-07-14T11:30:41+00:00","dateModified":"2023-12-29T14:11:31+00:00","mainEntityOfPage":{"@id":"https:\/\/www.smd-led.pl\/blog\/oswietlenie-fryzjerskie-a-nowoczesny-salon-fryzjerski\/"},"wordCount":4419,"image":{"@id":"https:\/\/www.smd-led.pl\/blog\/oswietlenie-fryzjerskie-a-nowoczesny-salon-fryzjerski\/#primaryimage"},"thumbnailUrl":"https:\/\/www.smd-led.pl\/blog\/wp-content\/uploads\/2019\/06\/Nowoczesny-salon-fryzjerski-8.jpg","articleSection":["Obiekt Beauty","Poradnik LED"],"inLanguage":"pl-PL"},{"@type":"WebPage","@id":"https:\/\/www.smd-led.pl\/blog\/oswietlenie-fryzjerskie-a-nowoczesny-salon-fryzjerski\/","url":"https:\/\/www.smd-led.pl\/blog\/oswietlenie-fryzjerskie-a-nowoczesny-salon-fryzjerski\/","name":"O\u015bwietlenie salonu fryzjerskiego, a nowoczesny salon fryzjerski","isPartOf":{"@id":"https:\/\/www.smd-led.pl\/blog\/#website"},"primaryImageOfPage":{"@id":"https:\/\/www.smd-led.pl\/blog\/oswietlenie-fryzjerskie-a-nowoczesny-salon-fryzjerski\/#primaryimage"},"image":{"@id":"https:\/\/www.smd-led.pl\/blog\/oswietlenie-fryzjerskie-a-nowoczesny-salon-fryzjerski\/#primaryimage"},"thumbnailUrl":"https:\/\/www.smd-led.pl\/blog\/wp-content\/uploads\/2019\/06\/Nowoczesny-salon-fryzjerski-8.jpg","datePublished":"2022-07-14T11:30:41+00:00","dateModified":"2023-12-29T14:11:31+00:00","author":{"@id":"https:\/\/www.smd-led.pl\/blog\/#\/schema\/person\/887fa24be503d7ae726f67021d1623f5"},"description":"O\u015bwietlenie salonu fryzjerskiego powinno by\u0107 zawsze dobrze dobrane do naszego salonu. Sprawd\u017a, jakie lampy do salonu fryzjerskiego polecamy.","breadcrumb":{"@id":"https:\/\/www.smd-led.pl\/blog\/oswietlenie-fryzjerskie-a-nowoczesny-salon-fryzjerski\/#breadcrumb"},"inLanguage":"pl-PL","potentialAction":[{"@type":"ReadAction","target":["https:\/\/www.smd-led.pl\/blog\/oswietlenie-fryzjerskie-a-nowoczesny-salon-fryzjerski\/"]}]},{"@type":"ImageObject","inLanguage":"pl-PL","@id":"https:\/\/www.smd-led.pl\/blog\/oswietlenie-fryzjerskie-a-nowoczesny-salon-fryzjerski\/#primaryimage","url":"https:\/\/www.smd-led.pl\/blog\/wp-content\/uploads\/2019\/06\/Nowoczesny-salon-fryzjerski-8.jpg","contentUrl":"https:\/\/www.smd-led.pl\/blog\/wp-content\/uploads\/2019\/06\/Nowoczesny-salon-fryzjerski-8.jpg","width":1000,"height":667,"caption":"O\u015bwietlenie fryzjerskie, a nowoczesny salon fryzjerski"},{"@type":"BreadcrumbList","@id":"https:\/\/www.smd-led.pl\/blog\/oswietlenie-fryzjerskie-a-nowoczesny-salon-fryzjerski\/#breadcrumb","itemListElement":[{"@type":"ListItem","position":1,"name":"Strona g\u0142\u00f3wna","item":"https:\/\/www.smd-led.pl\/blog\/"},{"@type":"ListItem","position":2,"name":"O\u015bwietlenie salonu fryzjerskiego, a nowoczesny salon fryzjerski"}]},{"@type":"WebSite","@id":"https:\/\/www.smd-led.pl\/blog\/#website","url":"https:\/\/www.smd-led.pl\/blog\/","name":"SMD-LED","description":"O\u015bwietlenie Led do domu i przemys\u0142u porady, testy i opinie ekspert\u00f3w","potentialAction":[{"@type":"SearchAction","target":{"@type":"EntryPoint","urlTemplate":"https:\/\/www.smd-led.pl\/blog\/?s={search_term_string}"},"query-input":{"@type":"PropertyValueSpecification","valueRequired":true,"valueName":"search_term_string"}}],"inLanguage":"pl-PL"},{"@type":"Person","@id":"https:\/\/www.smd-led.pl\/blog\/#\/schema\/person\/887fa24be503d7ae726f67021d1623f5","name":"Marcin Pietrasik","image":{"@type":"ImageObject","inLanguage":"pl-PL","@id":"https:\/\/www.smd-led.pl\/blog\/#\/schema\/person\/image\/","url":"https:\/\/secure.gravatar.com\/avatar\/c886f4ccbb5c83b665ee8b66f0b3401128439bc832dca6389b6e67c6bdc3d38b?s=96&d=mm&r=g","contentUrl":"https:\/\/secure.gravatar.com\/avatar\/c886f4ccbb5c83b665ee8b66f0b3401128439bc832dca6389b6e67c6bdc3d38b?s=96&d=mm&r=g","caption":"Marcin Pietrasik"},"url":"https:\/\/www.smd-led.pl\/blog\/author\/mpietrasik\/"}]}},"_links":{"self":[{"href":"https:\/\/www.smd-led.pl\/blog\/wp-json\/wp\/v2\/posts\/1401","targetHints":{"allow":["GET"]}}],"collection":[{"href":"https:\/\/www.smd-led.pl\/blog\/wp-json\/wp\/v2\/posts"}],"about":[{"href":"https:\/\/www.smd-led.pl\/blog\/wp-json\/wp\/v2\/types\/post"}],"author":[{"embeddable":true,"href":"https:\/\/www.smd-led.pl\/blog\/wp-json\/wp\/v2\/users\/7"}],"replies":[{"embeddable":true,"href":"https:\/\/www.smd-led.pl\/blog\/wp-json\/wp\/v2\/comments?post=1401"}],"version-history":[{"count":7,"href":"https:\/\/www.smd-led.pl\/blog\/wp-json\/wp\/v2\/posts\/1401\/revisions"}],"predecessor-version":[{"id":16584,"href":"https:\/\/www.smd-led.pl\/blog\/wp-json\/wp\/v2\/posts\/1401\/revisions\/16584"}],"wp:featuredmedia":[{"embeddable":true,"href":"https:\/\/www.smd-led.pl\/blog\/wp-json\/wp\/v2\/media\/1415"}],"wp:attachment":[{"href":"https:\/\/www.smd-led.pl\/blog\/wp-json\/wp\/v2\/media?parent=1401"}],"wp:term":[{"taxonomy":"category","embeddable":true,"href":"https:\/\/www.smd-led.pl\/blog\/wp-json\/wp\/v2\/categories?post=1401"},{"taxonomy":"post_tag","embeddable":true,"href":"https:\/\/www.smd-led.pl\/blog\/wp-json\/wp\/v2\/tags?post=1401"}],"curies":[{"name":"wp","href":"https:\/\/api.w.org\/{rel}","templated":true}]}}