{"id":14401,"date":"2023-11-09T15:10:25","date_gmt":"2023-11-09T14:10:25","guid":{"rendered":"https:\/\/www.smd-led.pl\/blog\/?p=14401"},"modified":"2024-02-01T11:25:02","modified_gmt":"2024-02-01T10:25:02","slug":"jaka-barwe-swiatla-wybrac-do-lazienki","status":"publish","type":"post","link":"https:\/\/www.smd-led.pl\/blog\/jaka-barwe-swiatla-wybrac-do-lazienki\/","title":{"rendered":"Jaka barwa \u015bwiat\u0142a do \u0142azienki? : Kompleksowy przewodnik"},"content":{"rendered":"<p>Jaka barwa \u015bwiat\u0142a do \u0142azienki b\u0119dzie najlepsza? To pytanie zadaje sobie wiele os\u00f3b. Wyb\u00f3r odpowiedniej\u00a0<strong>barwy \u015bwiat\u0142a do \u0142azienki<\/strong> jest kluczowy dla komfortu u\u017cytkowania tej przestrzeni. W\u0142a\u015bciwe o\u015bwietlenie wp\u0142ywa na nasze samopoczucie, u\u0142atwia wykonywanie codziennych czynno\u015bci, takich jak mycie, golenie czy makija\u017c, a tak\u017ce mo\u017ce wp\u0142yn\u0105\u0107 na optyczne powi\u0119kszenie ma\u0142ej \u0142azienki.\u00a0 \u0141azienka nie jest ju\u017c tylko miejscem, gdzie si\u0119 myjemy. Sta\u0142a si\u0119 oaz\u0105 relaksu, miejscem, gdzie chcemy czu\u0107 si\u0119 komfortowo i odpr\u0119\u017ca\u0107 po trudach dnia. Jednak, aby osi\u0105gn\u0105\u0107 ten stan, musimy zadba\u0107 o wiele element\u00f3w &#8211; od wyboru p\u0142ytek, przez meble, po detale takie jak myd\u0142o czy r\u0119czniki. Jednak jednym z najwa\u017cniejszych, cz\u0119sto niedocenianych element\u00f3w, jest o\u015bwietlenie w \u0142azience. To od niego zale\u017cy, czy nasza \u0142azienka b\u0119dzie miejscem przytulnym, czy zimnym i nieprzyjaznym. Cz\u0119sto po\u015br\u00f3d pyta\u0144 dotycz\u0105cych aran\u017cacji tego pomieszczenia pojawia si\u0119 to: &#8222;Jak\u0105 barw\u0119 \u015bwiat\u0142a do \u0142azienki wybra\u0107?&#8221;\u00a0 <strong>Najlepsz\u0105 barw\u0105 \u015bwiat\u0142a do \u0142azienki jako o\u015bwietlenie g\u0142\u00f3wne jest przedzia\u0142 temperatury barwowej od 4000- 5500K. Tak\u0105 barw\u0119 najcz\u0119\u015bciej wybieraj\u0105 nasi klienci i projektanci.<\/strong> Decyduj\u0105c si\u0119 na wyb\u00f3r konkretnej barwy \u015bwiat\u0142a, musimy wiedzie\u0107, \u017ce nie jest to wyb\u00f3r przypadkowy. Barwa \u015bwiat\u0142a wp\u0142ywa nie tylko na nasz komfort wzrokowy, ale tak\u017ce na nasze samopoczucie. Ciep\u0142a barwa \u015bwiat\u0142a mo\u017ce wp\u0142yn\u0105\u0107 na nasze uczucie relaksu, sprawi\u0107, \u017ce poczujemy si\u0119 komfortowo, jak w domowym spa. Natomiast zimna barwa \u015bwiat\u0142a o\u017cywi nas, dodaj\u0105c energii na rano. Ale jak to przetransponowa\u0107 na konkretne \u017ar\u00f3d\u0142a \u015bwiat\u0142a w \u0142azience? Wyobra\u017amy sobie, \u017ce chcemy zamontowa\u0107 kinkiet nad lustrem. Je\u015bli chcemy, aby \u015bwiat\u0142o to pomog\u0142o nam w codziennych czynno\u015bciach &#8211; myciu twarzy, goleniu czy malowaniu &#8211; warto postawi\u0107 na neutralne lub lekko ch\u0142odne \u015bwiat\u0142o. Dzi\u0119ki temu zobaczymy dok\u0142adnie ka\u017cdy detal naszej twarzy. Jednak je\u015bli kinkiet ma s\u0142u\u017cy\u0107 g\u0142\u00f3wnie do stworzenia klimatu, na przyk\u0142ad podczas k\u0105pieli w wannie, warto zdecydowa\u0107 si\u0119 na ciep\u0142\u0105 barw\u0119 \u015bwiat\u0142a. Doda to przestrzeni przytulno\u015bci i uczucia relaksu. Na moim blogu chcia\u0142bym podzieli\u0107 si\u0119 z Wami wiedz\u0105 i do\u015bwiadczeniem w zakresie o\u015bwietlenia w \u0142azience. Om\u00f3wi\u0119 r\u00f3\u017cne rodzaje \u015bwiate\u0142, ich moc, barw\u0119, a tak\u017ce wska\u017c\u0119, gdzie najlepiej je zamontowa\u0107. Dzi\u0119ki temu Wasza \u0142azienka stanie si\u0119 miejscem nie tylko funkcjonalnym, ale tak\u017ce przytulnym i sprzyjaj\u0105cym relaksowi. Je\u015bli zastanawiasz si\u0119 nad wyborem o\u015bwietlenia do swojej \u0142azienki, koniecznie zagl\u0105daj na mojego bloga. Razem odkryjemy, jak wa\u017cne jest \u015bwiat\u0142o w naszym \u017cyciu! W tym artykule przedstawimy kompleksowy przewodnik, kt\u00f3ry pomo\u017ce Ci wybra\u0107 najlepsz\u0105 barw\u0119 \u015bwiat\u0142a do Twojej \u0142azienki.<\/p>\n<div id=\"attachment_14410\" style=\"width: 1210px\" class=\"wp-caption aligncenter\"><img loading=\"lazy\" decoding=\"async\" aria-describedby=\"caption-attachment-14410\" class=\"size-full wp-image-14410\" src=\"https:\/\/www.smd-led.pl\/blog\/wp-content\/uploads\/2023\/10\/Jaka-barwa-swiatla-do-lazienki-Kompleksowy-przewodnik.jpg\" alt=\"Jaka barwa \u015bwiat\u0142\u0105 do \u0142azienki Kompleksowy przewodnik\" width=\"1200\" height=\"600\" srcset=\"https:\/\/www.smd-led.pl\/blog\/wp-content\/uploads\/2023\/10\/Jaka-barwa-swiatla-do-lazienki-Kompleksowy-przewodnik.jpg 1200w, https:\/\/www.smd-led.pl\/blog\/wp-content\/uploads\/2023\/10\/Jaka-barwa-swiatla-do-lazienki-Kompleksowy-przewodnik-300x150.jpg 300w, https:\/\/www.smd-led.pl\/blog\/wp-content\/uploads\/2023\/10\/Jaka-barwa-swiatla-do-lazienki-Kompleksowy-przewodnik-1024x512.jpg 1024w, https:\/\/www.smd-led.pl\/blog\/wp-content\/uploads\/2023\/10\/Jaka-barwa-swiatla-do-lazienki-Kompleksowy-przewodnik-768x384.jpg 768w\" sizes=\"auto, (max-width: 1200px) 100vw, 1200px\" \/><p id=\"caption-attachment-14410\" class=\"wp-caption-text\">Jaka barwa \u015bwiat\u0142\u0105 do \u0142azienki Kompleksowy przewodnik<\/p><\/div>\n<h2 style=\"text-align: center;\"><span style=\"font-size: 24pt; color: #ff0000;\"><b style=\"color: #ff0000; font-size: 24pt;\">Lampy kt\u00f3re najcz\u0119\u015bciej s\u0105 wybierane do \u0142azienki<\/b><b style=\"color: #ff0000; font-size: 24pt;\">: <\/b><\/span><span style=\"font-size: 24pt; color: #ff0000;\"><b style=\"color: #ff0000; font-size: 24pt;\">Lampy nad lustro, P<\/b><\/span><span style=\"font-size: 24pt; color: #ff0000;\"><b style=\"color: #ff0000; font-size: 24pt;\">lafony, Tuby<\/b><\/span><\/h2>\n<div class=\"call-to-action-07\"><div class=\"call-to-action-07__product-box\"><img decoding=\"async\" src=\"https:\/\/www.smd-led.pl\/blog\/wp-content\/uploads\/2019\/02\/43bd0a85.jpg\" alt=\"Lampa nad lustro do \u0142azienki\" \/><span class=\"call-to-action-07__product-title\">Lampa nad lustro<\/span><a href=\"https:\/\/www.smd-led.pl\/lampa-nad-lustro\" class=\"button\" id=\"lampa_lazienka\" target=\"_self\">Zobacz produkty<\/a><\/div><div class=\"call-to-action-07__product-box\"><img decoding=\"async\" src=\"https:\/\/www.smd-led.pl\/blog\/wp-content\/uploads\/2023\/12\/czarna-lampa-sufitowa-sovana-top-55-cct-black-50w.webp\" alt=\"Plafony do \u0142azienki\" \/><span class=\"call-to-action-07__product-title\">Plafony do \u0142azienki<\/span><a href=\"https:\/\/www.smd-led.pl\/plafony-do-lazienki\" class=\"button\" id=\"lampa_lazienka\" target=\"_self\">Zobacz produkty<\/a><\/div><div class=\"call-to-action-07__product-box\"><img decoding=\"async\" src=\"https:\/\/www.smd-led.pl\/blog\/wp-content\/uploads\/2023\/12\/oprawa-natynkowa-okragla-chloe-gu10-ip65-czarna.webp\" alt=\"tuby sufitowe\" \/><span class=\"call-to-action-07__product-title\">Tuby sufitowe<\/span><a href=\"https:\/\/www.smd-led.pl\/tuby-sufitowe\" class=\"button\" id=\"lampa_lazienka\" target=\"_self\">Zobacz produkty<\/a><\/div><\/div>\n<h2>Rozumienie barwy \u015bwiat\u0142a: Podstawy<\/h2>\n<p><strong>Barwa \u015bwiat\u0142a<\/strong> odgrywa kluczow\u0105 rol\u0119 w aran\u017cacji wn\u0119trz, zw\u0142aszcza w przypadku pomieszcze\u0144 takich jak \u0142azienka. W\u0142a\u015bciwe o\u015bwietlenie wp\u0142ywa na nasze samopoczucie, u\u0142atwia wykonywanie codziennych czynno\u015bci i mo\u017ce wp\u0142yn\u0105\u0107 na optyczne powi\u0119kszenie ma\u0142ej \u0142azienki. Zatem jaka barwa \u015bwiat\u0142a do \u0142azienki sprawdzi si\u0119 najlepiej? W tym artykule przedstawimy podstawy zwi\u0105zane z barw\u0105 \u015bwiat\u0142a oraz jej znaczenie w kontek\u015bcie <strong>barwy \u015bwiat\u0142a do \u0142azienki<\/strong>.<\/p>\n<div id=\"attachment_14434\" style=\"width: 1210px\" class=\"wp-caption aligncenter\"><img loading=\"lazy\" decoding=\"async\" aria-describedby=\"caption-attachment-14434\" class=\"size-full wp-image-14434\" src=\"https:\/\/www.smd-led.pl\/blog\/wp-content\/uploads\/2023\/10\/Rozumienie-barwy-swiatla-Podstawy.jpg\" alt=\"Rozumienie barwy \u015bwiat\u0142a Podstawy\" width=\"1200\" height=\"600\" srcset=\"https:\/\/www.smd-led.pl\/blog\/wp-content\/uploads\/2023\/10\/Rozumienie-barwy-swiatla-Podstawy.jpg 1200w, https:\/\/www.smd-led.pl\/blog\/wp-content\/uploads\/2023\/10\/Rozumienie-barwy-swiatla-Podstawy-300x150.jpg 300w, https:\/\/www.smd-led.pl\/blog\/wp-content\/uploads\/2023\/10\/Rozumienie-barwy-swiatla-Podstawy-1024x512.jpg 1024w, https:\/\/www.smd-led.pl\/blog\/wp-content\/uploads\/2023\/10\/Rozumienie-barwy-swiatla-Podstawy-768x384.jpg 768w\" sizes=\"auto, (max-width: 1200px) 100vw, 1200px\" \/><p id=\"caption-attachment-14434\" class=\"wp-caption-text\">Rozumienie barwy \u015bwiat\u0142a Podstawy<\/p><\/div>\n<h3>Co to jest barwa \u015bwiat\u0142a i jak j\u0105 mierzymy<\/h3>\n<p><strong>Barwa \u015bwiat\u0142a to w\u0142a\u015bciwo\u015b\u0107 \u015bwiat\u0142a, kt\u00f3ra decyduje o odcieniu, jaki b\u0119dzie mia\u0142o o\u015bwietlenie. Mierzymy j\u0105 w jednostkach zwi\u0105zanych z temperatur\u0105, czyli w kelwinach (K). Im wy\u017csza warto\u015b\u0107 w kelwinach, tym bardziej niebieski (zimny) odcie\u0144 \u015bwiat\u0142a. Im ni\u017csza warto\u015b\u0107, tym bardziej \u017c\u00f3\u0142ty (ciep\u0142y) odcie\u0144 \u015bwiat\u0142a. W przypadku barwy \u015bwiat\u0142a LED, warto\u015bci te mog\u0105 si\u0119 r\u00f3\u017cni\u0107 w zale\u017cno\u015bci od producenta i modelu \u017car\u00f3wki.<\/strong><\/p>\n<p><strong>Barw\u0119 \u015bwiat\u0142a mo\u017cna mierzy\u0107 za pomoc\u0105 urz\u0105dzenia zwanego spektrofotometrem lub spektrometrem<\/strong>. Spektrofotometr analizuje sk\u0142ad spektralny \u015bwiat\u0142a i pozwala okre\u015bli\u0107 jego temperatur\u0119 barwow\u0105 oraz inne parametry zwi\u0105zane z barw\u0105. Innym urz\u0105dzeniem, kt\u00f3re jest cz\u0119sto u\u017cywane w bran\u017cy filmowej i fotograficznej, jest kolorometr. Kolorometry s\u0105 bardziej skoncentrowane na pomiarze i ocenie koloru \u015bwiat\u0142a w kontek\u015bcie jego wp\u0142ywu na reprodukcj\u0119 kolor\u00f3w w kamerach i na zdj\u0119ciach. Dla konkretnych zastosowa\u0144 i wymaga\u0144 r\u00f3\u017cne rodzaje spektrometr\u00f3w i kolorometr\u00f3w mog\u0105 by\u0107 bardziej odpowiednie. Wyb\u00f3r odpowiedniego urz\u0105dzenia zale\u017cy od potrzeb i specyfiki zadania. Barw\u0119 \u015bwiat\u0142a mierzymy za pomoc\u0105 temperatury barwowej, wyra\u017canej w jednostkach Kelvina (K). Temperatura barwowa opisuje odcie\u0144 \u015bwiat\u0142a emitowanego przez czarne cia\u0142o, gdy jest podgrzewane do okre\u015blonej temperatury.<\/p>\n<p>W skr\u00f3cie:<\/p>\n<ul>\n<li>\u015awiat\u0142o o niskiej temperaturze barwowej (np. 2700K &#8211; 3000K) b\u0119dzie mia\u0142o cieplejszy, bardziej \u017c\u00f3\u0142to-pomara\u0144czowy odcie\u0144, cz\u0119sto okre\u015blany jako &#8222;ciep\u0142e bia\u0142e&#8221;.<\/li>\n<li>\u015awiat\u0142o o \u015bredniej temperaturze barwowej (np. 3500K &#8211; 4100K) jest cz\u0119sto opisywane jako &#8222;neutralne bia\u0142e&#8221;.<\/li>\n<li>\u015awiat\u0142o o wysokiej temperaturze barwowej (5000K i wi\u0119cej) b\u0119dzie mia\u0142o zimniejszy, bardziej niebieski odcie\u0144, nazywany &#8222;zimnym bia\u0142ym&#8221; lub &#8222;dzie\u0144 \u015bwietlny&#8221;\u00a0 Warto r\u00f3wnie\u017c pami\u0119ta\u0107, \u017ce barwa \u015bwiat\u0142a nie m\u00f3wi nam nic o jego intensywno\u015bci. Do mierzenia jasno\u015bci \u015bwiat\u0142a u\u017cywamy jednostek takich jak <a title=\"Co to jest Lumen\" href=\"https:\/\/www.smd-led.pl\/blog\/co-to-jest-lux-i-lumen\/\">lumeny<\/a>.<\/li>\n<\/ul>\n<div id=\"attachment_14411\" style=\"width: 1210px\" class=\"wp-caption aligncenter\"><img loading=\"lazy\" decoding=\"async\" aria-describedby=\"caption-attachment-14411\" class=\"size-full wp-image-14411\" src=\"https:\/\/www.smd-led.pl\/blog\/wp-content\/uploads\/2023\/10\/Co-to-jest-barwa-swiatla-i-jak-ja-mierzymy.jpg\" alt=\"Co to jest barwa \u015bwiat\u0142a i jak j\u0105 mierzymy\" width=\"1200\" height=\"600\" srcset=\"https:\/\/www.smd-led.pl\/blog\/wp-content\/uploads\/2023\/10\/Co-to-jest-barwa-swiatla-i-jak-ja-mierzymy.jpg 1200w, https:\/\/www.smd-led.pl\/blog\/wp-content\/uploads\/2023\/10\/Co-to-jest-barwa-swiatla-i-jak-ja-mierzymy-300x150.jpg 300w, https:\/\/www.smd-led.pl\/blog\/wp-content\/uploads\/2023\/10\/Co-to-jest-barwa-swiatla-i-jak-ja-mierzymy-1024x512.jpg 1024w, https:\/\/www.smd-led.pl\/blog\/wp-content\/uploads\/2023\/10\/Co-to-jest-barwa-swiatla-i-jak-ja-mierzymy-768x384.jpg 768w\" sizes=\"auto, (max-width: 1200px) 100vw, 1200px\" \/><p id=\"caption-attachment-14411\" class=\"wp-caption-text\">Co to jest barwa \u015bwiat\u0142a i jak j\u0105 mierzymy<\/p><\/div>\n<h3 style=\"text-align: center;\"><span style=\"font-size: 18pt;\"><b>Zobacz nasze inne artyku\u0142y o o\u015bwietleniu \u0142azienki:<\/b><\/span><\/h3>\n<style id=\"sp_pcp_dynamic_style17825\">#pcp_wrapper-17825:not(.sps-glossary-layout) .sp-pcp-row,#pcp_wrapper-17825 .sps-glossary-items-group .sps-glossary-items-content {margin-right: -10px;margin-left: -10px;}#pcp_wrapper-17825 .sp-pcp-row [class*='sp-pcp-col-']{padding-right: 10px;padding-left: 10px; padding-bottom:20px;}.pcp-wrapper-17825 .sp-pcp-title a {color: #111;display: inherit;} .pcp-wrapper-17825 .sp-pcp-title a:hover {color: #e1624b;}.pcp-wrapper-17825 .sp-pcp-post-content{color: #444; }#pcp_wrapper-17825 .sp-pcp-post {padding: 0 0 0 0;}#pcp_wrapper-17825.sp-slider_layout .sp-pcp-post .sp-pcp-post-details {top: 0; right:0; bottom:0; left:0;}#pcp_wrapper-17825 .sp-pcp-post {border: 0px solid #e2e2e2; border-radius: 0px }#pcp_wrapper-17825 .sp-pcp-post{background-color: transparent;}#pcp_wrapper-17825 .pcp-post-thumb-wrapper{border: 0px solid #dddddd;border-radius:0px;}.pcp-wrapper-17825 .sp-pcp-post-meta li,.pcp-wrapper-17825 .sp-pcp-post-meta ul,.pcp-wrapper-17825 .sp-pcp-post-meta li a{color: #888;}.pcp-wrapper-17825 .sp-pcp-post-meta li a:hover{color: #e1624b;}#pcp_wrapper-17825 .pcp-readmore-link{ background: transparent; color: #111; border: 1px solid #888; border-radius: 0px; } #pcp_wrapper-17825 .pcp-readmore-link:hover { background-color: #e1624b; color: #fff; border-color: #e1624b; }#pcp_wrapper-17825 .pcp-post-pagination .page-numbers.current, #pcp_wrapper-17825 .pcp-post-pagination a.active , #pcp_wrapper-17825 .pcp-post-pagination a:hover{ color: #ffffff; background: #e1624b; border-color: #e1624b; }#pcp_wrapper-17825 .pcp-post-pagination .page-numbers, .pcp-post-pagination a{ background: #ffffff; color:#5e5e5e; border: 2px solid #bbbbbb;border-radius: 2px; }#pcp_wrapper-17825 .pcp-post-pagination{text-align: left;}@media (min-width: 1200px) {.sp-pcp-row .sp-pcp-col-xl-1 {flex: 0 0 100%;}.sp-pcp-row .sp-pcp-col-xl-2 {flex: 1 1 calc( 50% - 20px);}.sp-pcp-row .sp-pcp-col-xl-3 {flex: 1 1 calc( 33.333% - 20px);}.sp-pcp-row .sp-pcp-col-xl-4 {flex: 1 1 calc( 25% - 20px);}.sp-pcp-row .sp-pcp-col-xl-5 { flex: 1 1 calc( 20% - 20px);}.sp-pcp-row .sp-pcp-col-xl-6 {flex: 1 1 calc( 16.66666666666667% - 20px);}.sp-pcp-row .sp-pcp-col-xl-7 {flex: 1 1 calc( 14.28571428% - 20px);}.sp-pcp-row .sp-pcp-col-xl-8 {flex: 1 1 calc( 12.5% - 20px);}}@media (max-width: 1200px) {.sp-pcp-row .sp-pcp-col-lg-1 {flex: 0 0 100%;}.sp-pcp-row .sp-pcp-col-lg-2 {flex: 1 1 calc( 50% - 20px);}.sp-pcp-row .sp-pcp-col-lg-3 {flex: 1 1 calc( 33.333% - 20px);}.sp-pcp-row .sp-pcp-col-lg-4 {flex: 1 1 calc( 25% - 20px);}.sp-pcp-row .sp-pcp-col-lg-5 { flex: 1 1 calc( 20% - 20px);}.sp-pcp-row .sp-pcp-col-lg-6 {flex: 1 1 calc( 16.66666666666667% - 20px);}.sp-pcp-row .sp-pcp-col-lg-7 {flex: 1 1 calc( 14.28571428% - 20px);}.sp-pcp-row .sp-pcp-col-lg-8 {flex: 1 1 calc( 12.5% - 20px);}}@media (max-width: 992px) {.sp-pcp-row .sp-pcp-col-md-1 {flex: 0 0 100%;}.sp-pcp-row .sp-pcp-col-md-2 {flex: 1 1 calc( 50% - 20px);}.sp-pcp-row .sp-pcp-col-md-2-5 {flex: 0 0 75%;}.sp-pcp-row .sp-pcp-col-md-3 {flex: 1 1 calc( 33.333% - 20px);}.sp-pcp-row .sp-pcp-col-md-4 {flex: 1 1 calc( 25% - 20px);}.sp-pcp-row .sp-pcp-col-md-5 { flex: 1 1 calc( 20% - 20px);}.sp-pcp-row .sp-pcp-col-md-6 {flex: 1 1 calc( 16.66666666666667% - 20px);}.sp-pcp-row .sp-pcp-col-md-7 {flex: 1 1 calc( 14.28571428% - 20px);}.sp-pcp-row .sp-pcp-col-md-8 {flex: 1 1 calc( 12.5% - 20px);}}@media (max-width: 768px) {.sp-pcp-row .sp-pcp-col-sm-1 {flex: 0 0 100%;}.sp-pcp-row .sp-pcp-col-sm-2 {flex: 1 1 calc( 50% - 20px);}.sp-pcp-row .sp-pcp-col-sm-2-5 {flex: 0 0 75%;}.sp-pcp-row .sp-pcp-col-sm-3 {flex: 1 1 calc( 33.333% - 20px);}.sp-pcp-row .sp-pcp-col-sm-4 {flex: 1 1 calc( 25% - 20px);}.sp-pcp-row .sp-pcp-col-sm-5 { flex: 1 1 calc( 20% - 20px);}.sp-pcp-row .sp-pcp-col-sm-6 {flex: 1 1 calc( 16.66666666666667% - 20px);}.sp-pcp-row .sp-pcp-col-sm-7 {flex: 1 1 calc( 14.28571428% - 20px);}.sp-pcp-row .sp-pcp-col-sm-8 {flex: 1 1 calc( 12.5% - 20px);}}@media (max-width: 420px) {.sp-pcp-row .sp-pcp-col-xs-1 {flex: 0 0 100%;}.sp-pcp-row .sp-pcp-col-xs-2 {flex: 1 1 calc( 50% - 20px);}.sp-pcp-row .sp-pcp-col-xs-3 {flex: 1 1 calc( 33.333% - 20px);}.sp-pcp-row .sp-pcp-col-xs-4 {flex: 1 1 calc( 25% - 20px);}.sp-pcp-row .sp-pcp-col-xs-5 { flex: 1 1 calc( 20% - 20px);}.sp-pcp-row .sp-pcp-col-xs-6 {flex: 1 1 calc( 16.66666666666667% - 20px);}.sp-pcp-row .sp-pcp-col-xs-7 {flex: 1 1 calc( 14.28571428% - 20px);}.sp-pcp-row .sp-pcp-col-xs-8 {flex: 1 1 calc( 12.5% - 20px);}}<\/style>\n<div id=\"pcp_wrapper-17825\" class=\"sp-pcp-section sp-pcp-container pcp-wrapper-17825\">\n\t<div class=\"sp-pcp-row\">\n\t\t\t\t<div class=\" sp-pcp-col-xs-1 sp-pcp-col-sm-2 sp-pcp-col-md-3 sp-pcp-col-lg-4 sp-pcp-col-xl-4\">\n\t\t\t<div class=\"sp-pcp-post default pcp-item-14401\" data-id=\"14401\">\n\t\t\t\t\t\t\t\t<div class=\"pcp-post-thumb-wrapper\">\n\t\t\t\t\t<div class=\"sp-pcp-post-thumb-area\">\n\t\t\t\t\t\t\t\t\t\t\t\t<a class=\"sp-pcp-thumb\" href=\"https:\/\/www.smd-led.pl\/blog\/jaka-barwe-swiatla-wybrac-do-lazienki\/\" target=\"_self\" >\n\t\t\t\t\t\t\t\t\t\t\t\t\t<img loading=\"lazy\" decoding=\"async\" src=\"https:\/\/www.smd-led.pl\/blog\/wp-content\/uploads\/2023\/11\/Podswietlenie-wanny-czyli-Ledy-pod-wanne-1.jpg\" width=\"1100\" height=\"550\" alt=\"\">\n\t\t\t\t\t\t<\/a>\n\t\t\t\t\t<\/div>\n\t\t\t\t<\/div>\n\t\t\t\t\t\t\t\t<div class=\"sp-pcp-post-details\">\n\t\t\t\t\t<div class=\"sp-pcp-post-details-content\">\n\t\t\t\t\t\t\t\t<h2 class=\"sp-pcp-title\">\n\t\t\t\t\t\t\t\t\t<a href=\"https:\/\/www.smd-led.pl\/blog\/jaka-barwe-swiatla-wybrac-do-lazienki\/\"  target=\"_self\">Jaka barwa \u015bwiat\u0142a do \u0142azienki? : Kompleksowy przewodnik<\/a>\t\t\t\t\t\t\t<\/h2>\n\t\t\t\t\t\t<div class=\"sp-pcp-post-meta\">\n\t\t\t<ul><li>\t\t\t\t\t<i class=\"fa fa-user\"><\/i>\n\t\t\t\t\t<a href=\"https:\/\/www.smd-led.pl\/blog\/author\/mpietrasik\/\"\n\t\t\t\t\t\trel=\"author\">Marcin Pietrasik<\/a>\n\t\t\t\t\t<\/li> <li>\t\t\t\t\t<i class=\"fa fa-calendar\"><\/i>\n\t\t\t\t\t<time class=\"entry-date published updated\">9 listopada, 2023<\/time>\n\t\t\t\t\t<\/li><\/ul>\t\t<\/div>\n\t\t\t\t\t<div class=\"sp-pcp-post-content\">\n\t\t\t<p>Jaka barwa \u015bwiat\u0142a do \u0142azienki b\u0119dzie najlepsza? To pytanie zadaje sobie wiele os\u00f3b. Wyb\u00f3r odpowiedniej\u00a0barwy [&hellip;]<\/p>\n\t\t<div class=\"sp-pcp-readmore\">\n\t\t\t\t\t\t\t<a class=\"pcp-readmore-link\" target=\"_self\" href=\"https:\/\/www.smd-led.pl\/blog\/jaka-barwe-swiatla-wybrac-do-lazienki\/\" >\n\t\t\t\t\t\tCzytaj wi\u0119cej! <\/a>\n\t\t<\/div>\n\t\t\t\t\t<\/div>\n\t\t\t\t\t\t\t\t<\/div>\n\t\t\t\t<\/div>\n\t\t\t<\/div>\n\t\t<\/div>\n\t\t\t\t<div class=\" sp-pcp-col-xs-1 sp-pcp-col-sm-2 sp-pcp-col-md-3 sp-pcp-col-lg-4 sp-pcp-col-xl-4\">\n\t\t\t<div class=\"sp-pcp-post default pcp-item-10107\" data-id=\"10107\">\n\t\t\t\t\t\t\t\t<div class=\"pcp-post-thumb-wrapper\">\n\t\t\t\t\t<div class=\"sp-pcp-post-thumb-area\">\n\t\t\t\t\t\t\t\t\t\t\t\t<a class=\"sp-pcp-thumb\" href=\"https:\/\/www.smd-led.pl\/blog\/jak-oswietlic-polki-w-lazience-nowe-trendy-w-2023r\/\" target=\"_self\" >\n\t\t\t\t\t\t\t\t\t\t\t\t\t<img loading=\"lazy\" decoding=\"async\" src=\"https:\/\/www.smd-led.pl\/blog\/wp-content\/uploads\/2023\/03\/Jak-oswietlic-polke-w-lazience.jpg\" width=\"1600\" height=\"1200\" alt=\"Jak o\u015bwietli\u0107 p\u00f3\u0142k\u0119 w \u0142azience?\">\n\t\t\t\t\t\t<\/a>\n\t\t\t\t\t<\/div>\n\t\t\t\t<\/div>\n\t\t\t\t\t\t\t\t<div class=\"sp-pcp-post-details\">\n\t\t\t\t\t<div class=\"sp-pcp-post-details-content\">\n\t\t\t\t\t\t\t\t<h2 class=\"sp-pcp-title\">\n\t\t\t\t\t\t\t\t\t<a href=\"https:\/\/www.smd-led.pl\/blog\/jak-oswietlic-polki-w-lazience-nowe-trendy-w-2023r\/\"  target=\"_self\">P\u00f3\u0142ka z o\u015bwietleniem led &#8211; Jak o\u015bwietli\u0107 p\u00f3\u0142ki w \u0142azience?<\/a>\t\t\t\t\t\t\t<\/h2>\n\t\t\t\t\t\t<div class=\"sp-pcp-post-meta\">\n\t\t\t<ul><li>\t\t\t\t\t<i class=\"fa fa-user\"><\/i>\n\t\t\t\t\t<a href=\"https:\/\/www.smd-led.pl\/blog\/author\/mpietrasik\/\"\n\t\t\t\t\t\trel=\"author\">Marcin Pietrasik<\/a>\n\t\t\t\t\t<\/li> <li>\t\t\t\t\t<i class=\"fa fa-calendar\"><\/i>\n\t\t\t\t\t<time class=\"entry-date published updated\">10 marca, 2023<\/time>\n\t\t\t\t\t<\/li><\/ul>\t\t<\/div>\n\t\t\t\t\t<div class=\"sp-pcp-post-content\">\n\t\t\t<p>W obecnych czasach wygl\u0105d i aran\u017cacja wn\u0119trza ma ogromne znaczenie. Nasze domy i mieszkania s\u0105 [&hellip;]<\/p>\n\t\t<div class=\"sp-pcp-readmore\">\n\t\t\t\t\t\t\t<a class=\"pcp-readmore-link\" target=\"_self\" href=\"https:\/\/www.smd-led.pl\/blog\/jak-oswietlic-polki-w-lazience-nowe-trendy-w-2023r\/\" >\n\t\t\t\t\t\tCzytaj wi\u0119cej! <\/a>\n\t\t<\/div>\n\t\t\t\t\t<\/div>\n\t\t\t\t\t\t\t\t<\/div>\n\t\t\t\t<\/div>\n\t\t\t<\/div>\n\t\t<\/div>\n\t\t\t\t<div class=\" sp-pcp-col-xs-1 sp-pcp-col-sm-2 sp-pcp-col-md-3 sp-pcp-col-lg-4 sp-pcp-col-xl-4\">\n\t\t\t<div class=\"sp-pcp-post default pcp-item-4309\" data-id=\"4309\">\n\t\t\t\t\t\t\t\t<div class=\"pcp-post-thumb-wrapper\">\n\t\t\t\t\t<div class=\"sp-pcp-post-thumb-area\">\n\t\t\t\t\t\t\t\t\t\t\t\t<a class=\"sp-pcp-thumb\" href=\"https:\/\/www.smd-led.pl\/blog\/jakie-oswietlenie-do-lazienki\/\" target=\"_self\" >\n\t\t\t\t\t\t\t\t\t\t\t\t\t<img loading=\"lazy\" decoding=\"async\" src=\"https:\/\/www.smd-led.pl\/blog\/wp-content\/uploads\/2018\/10\/lazienka1.jpg\" width=\"640\" height=\"400\" alt=\"jak oswietlic lazienke\">\n\t\t\t\t\t\t<\/a>\n\t\t\t\t\t<\/div>\n\t\t\t\t<\/div>\n\t\t\t\t\t\t\t\t<div class=\"sp-pcp-post-details\">\n\t\t\t\t\t<div class=\"sp-pcp-post-details-content\">\n\t\t\t\t\t\t\t\t<h2 class=\"sp-pcp-title\">\n\t\t\t\t\t\t\t\t\t<a href=\"https:\/\/www.smd-led.pl\/blog\/jakie-oswietlenie-do-lazienki\/\"  target=\"_self\">Jakie o\u015bwietlenie do \u0142azienki?<\/a>\t\t\t\t\t\t\t<\/h2>\n\t\t\t\t\t\t<div class=\"sp-pcp-post-meta\">\n\t\t\t<ul><li>\t\t\t\t\t<i class=\"fa fa-user\"><\/i>\n\t\t\t\t\t<a href=\"https:\/\/www.smd-led.pl\/blog\/author\/mpietrasik\/\"\n\t\t\t\t\t\trel=\"author\">Marcin Pietrasik<\/a>\n\t\t\t\t\t<\/li> <li>\t\t\t\t\t<i class=\"fa fa-calendar\"><\/i>\n\t\t\t\t\t<time class=\"entry-date published updated\">9 marca, 2023<\/time>\n\t\t\t\t\t<\/li> <li>\t\t\t\t\t\t<i class=\"fa fa-comments-o\"><\/i>\n\t\t\t\t\t\t\t<a href=\"https:\/\/www.smd-led.pl\/blog\/jakie-oswietlenie-do-lazienki\/\">0<\/a>\n\t\t\t\t\t\t<\/li><\/ul>\t\t<\/div>\n\t\t\t\t\t<div class=\"sp-pcp-post-content\">\n\t\t\t<p>\u0141azienka to bardzo wa\u017cna cz\u0119\u015b\u0107 naszego domu, w kt\u00f3rej wbrew pozorom sp\u0119dzamy bardzo du\u017co czasu. [&hellip;]<\/p>\n\t\t<div class=\"sp-pcp-readmore\">\n\t\t\t\t\t\t\t<a class=\"pcp-readmore-link\" target=\"_self\" href=\"https:\/\/www.smd-led.pl\/blog\/jakie-oswietlenie-do-lazienki\/\" >\n\t\t\t\t\t\tCzytaj wi\u0119cej! <\/a>\n\t\t<\/div>\n\t\t\t\t\t<\/div>\n\t\t\t\t\t\t\t\t<\/div>\n\t\t\t\t<\/div>\n\t\t\t<\/div>\n\t\t<\/div>\n\t\t\t\t<div class=\" sp-pcp-col-xs-1 sp-pcp-col-sm-2 sp-pcp-col-md-3 sp-pcp-col-lg-4 sp-pcp-col-xl-4\">\n\t\t\t<div class=\"sp-pcp-post default pcp-item-8877\" data-id=\"8877\">\n\t\t\t\t\t\t\t\t<div class=\"pcp-post-thumb-wrapper\">\n\t\t\t\t\t<div class=\"sp-pcp-post-thumb-area\">\n\t\t\t\t\t\t\t\t\t\t\t\t<a class=\"sp-pcp-thumb\" href=\"https:\/\/www.smd-led.pl\/blog\/jak-oswietlic-mala-lazienke-poradnik\/\" target=\"_self\" >\n\t\t\t\t\t\t\t\t\t\t\t\t\t<img loading=\"lazy\" decoding=\"async\" src=\"https:\/\/www.smd-led.pl\/blog\/wp-content\/uploads\/2021\/07\/Oswietlenie-malej-lazienki-5.jpg\" width=\"1000\" height=\"750\" alt=\"O\u015bwietlenie do ma\u0142ej \u0142azienki\">\n\t\t\t\t\t\t<\/a>\n\t\t\t\t\t<\/div>\n\t\t\t\t<\/div>\n\t\t\t\t\t\t\t\t<div class=\"sp-pcp-post-details\">\n\t\t\t\t\t<div class=\"sp-pcp-post-details-content\">\n\t\t\t\t\t\t\t\t<h2 class=\"sp-pcp-title\">\n\t\t\t\t\t\t\t\t\t<a href=\"https:\/\/www.smd-led.pl\/blog\/jak-oswietlic-mala-lazienke-poradnik\/\"  target=\"_self\">Jak o\u015bwietli\u0107 ma\u0142\u0105 \u0142azienk\u0119? &#8211; Poradnik<\/a>\t\t\t\t\t\t\t<\/h2>\n\t\t\t\t\t\t<div class=\"sp-pcp-post-meta\">\n\t\t\t<ul><li>\t\t\t\t\t<i class=\"fa fa-user\"><\/i>\n\t\t\t\t\t<a href=\"https:\/\/www.smd-led.pl\/blog\/author\/mpietrasik\/\"\n\t\t\t\t\t\trel=\"author\">Marcin Pietrasik<\/a>\n\t\t\t\t\t<\/li> <li>\t\t\t\t\t<i class=\"fa fa-calendar\"><\/i>\n\t\t\t\t\t<time class=\"entry-date published updated\">7 marca, 2023<\/time>\n\t\t\t\t\t<\/li><\/ul>\t\t<\/div>\n\t\t\t\t\t<div class=\"sp-pcp-post-content\">\n\t\t\t<p>Zastan\u00f3wmy si\u0119 jak o\u015bwietli\u0107 ma\u0142\u0105 \u0142azienk\u0119? Aby dobrze o\u015bwietli\u0107 ma\u0142\u0105 \u0142azienk\u0119, nale\u017cy podzieli\u0107 j\u0105 na [&hellip;]<\/p>\n\t\t<div class=\"sp-pcp-readmore\">\n\t\t\t\t\t\t\t<a class=\"pcp-readmore-link\" target=\"_self\" href=\"https:\/\/www.smd-led.pl\/blog\/jak-oswietlic-mala-lazienke-poradnik\/\" >\n\t\t\t\t\t\tCzytaj wi\u0119cej! <\/a>\n\t\t<\/div>\n\t\t\t\t\t<\/div>\n\t\t\t\t\t\t\t\t<\/div>\n\t\t\t\t<\/div>\n\t\t\t<\/div>\n\t\t<\/div>\n\t\t\t<\/div>\n\t\t<span class=\"sp-pcp-pagination-data\" style=\"display:none;\"><\/span>\n\n\t\t<nav class=\"pcp-post-pagination pcp-on-desktop\">\n\t\t\t\t\t<\/nav>\n\t\t\t\t\t<nav class=\"pcp-post-pagination pcp-on-mobile\">\n\t\t\t\t\t<\/nav>\n\t\t\t\t<\/div>\n\n<h3>Temperatura barwowa \u015bwiat\u0142a: Co to jest i jak wp\u0142ywa na barw\u0119 \u015bwiat\u0142a<\/h3>\n<p><strong>Temperatura barwowa to miara, kt\u00f3ra opisuje, jak ciep\u0142e lub zimne jest \u015bwiat\u0142o. Warto\u015bci temperatury barwowej wp\u0142ywaj\u0105 na barw\u0119 \u015bwiat\u0142a i s\u0105 wyra\u017cane w kelwinach. W kontek\u015bcie temperatury barwowej do \u0142azienki, warto zwr\u00f3ci\u0107 uwag\u0119 na to, jakie odcienie \u015bwiat\u0142a b\u0119d\u0105 najbardziej komfortowe dla u\u017cytkownik\u00f3w oraz jak wp\u0142yn\u0105 na wygl\u0105d wn\u0119trza. Temperatura barwowa \u015bwiat\u0142a mo\u017ce znacz\u0105co wp\u0142yn\u0105\u0107 na to, jak postrzegamy kolor \u015bcian w \u0142azience czy w ka\u017cdym innym pomieszczeniu.<\/strong> \u015awiat\u0142o o cieplejszej temperaturze barwowej, takiej jak 2700K &#8211; 3000K, doda \u015bcianom cieplejszego odcienia, podkre\u015blaj\u0105c \u017c\u00f3\u0142te i pomara\u0144czowe tony. Bia\u0142e \u015bciany mog\u0105 wydawa\u0107 si\u0119 nieco kremowe. Z kolei \u015bwiat\u0142o o neutralnej temperaturze barwowej, na przyk\u0142ad 3500K &#8211; 4100K, sprawi, \u017ce \u015bciany b\u0119d\u0105 wydawa\u0107 si\u0119 bardziej naturalne i zbalansowane. Natomiast \u015bwiat\u0142o o wy\u017cszej temperaturze barwowej, takiej jak 5000K lub wy\u017cszej, nada \u015bcianom ch\u0142odniejszy odcie\u0144, podkre\u015blaj\u0105c niebieskie i fioletowe tony. Bia\u0142e \u015bciany mog\u0105 wydawa\u0107 si\u0119 bardziej ch\u0142odne i ja\u015bniejsze. Dlatego wa\u017cne jest, aby dok\u0142adnie przemy\u015ble\u0107 wyb\u00f3r temperatury barwowej o\u015bwietlenia w \u0142azience, zw\u0142aszcza je\u015bli kolor \u015bcian jest dla nas wa\u017cny. \u015awiat\u0142o o bardzo zimnej temperaturze barwowej, takiej jak 11000K, jest rzadko spotykane w typowych zastosowaniach domowych. Ma ono wyra\u017anie niebieski odcie\u0144. W kontek\u015bcie \u0142azienki, takie \u015bwiat\u0142o jeszcze bardziej podkre\u015bli niebieskie i fioletowe tony na \u015bcianach. Je\u015bli \u015bciany s\u0105 bia\u0142e lub w odcieniach szaro\u015bci, mog\u0105 wydawa\u0107 si\u0119 niemal lodowate pod wp\u0142ywem takiego o\u015bwietlenia. Warto doda\u0107, \u017ce \u015bwiat\u0142o o tak zimnej temperaturze barwowej mo\u017ce by\u0107 mniej komfortowe dla oczu w codziennym u\u017cytkowaniu, cho\u0107 mo\u017ce znale\u017a\u0107 zastosowanie w specyficznych celach dekoracyjnych lub artystycznych.<\/p>\n<div class=\"call-to-action-05\" style=\"background-image: url('https:\/\/www.smd-led.pl\/blog\/wp-content\/uploads\/2023\/12\/Projekt-bez-nazwy-16.png')\"><div class=\"call-to-action-05__info-box\"><div class=\"call-to-action-05__info\"><p class=\"call-to-action-05__txt\">Zobacz wi\u0119cej z kategorii<\/p><span class=\"call-to-action-05__cat-title\">Profile aluminiowe LED<\/span><a href=\"https:\/\/www.smd-led.pl\/profil-aluminiowy-led\" class=\"button\" id=\"profil_lazienka\" target=\"_self\">Zobacz produkty<\/a><\/div><\/div><\/div>\n<div id=\"attachment_14412\" style=\"width: 1210px\" class=\"wp-caption aligncenter\"><img loading=\"lazy\" decoding=\"async\" aria-describedby=\"caption-attachment-14412\" class=\"size-full wp-image-14412\" src=\"https:\/\/www.smd-led.pl\/blog\/wp-content\/uploads\/2023\/10\/Temperatura-barwowa-swiatla-Co-to-jest-i-jak-wplywa-na-barwe-swiatla.jpg\" alt=\"Temperatura barwowa \u015bwiat\u0142a Co to jest i jak wp\u0142ywa na barw\u0119 \u015bwiat\u0142a\" width=\"1200\" height=\"600\" srcset=\"https:\/\/www.smd-led.pl\/blog\/wp-content\/uploads\/2023\/10\/Temperatura-barwowa-swiatla-Co-to-jest-i-jak-wplywa-na-barwe-swiatla.jpg 1200w, https:\/\/www.smd-led.pl\/blog\/wp-content\/uploads\/2023\/10\/Temperatura-barwowa-swiatla-Co-to-jest-i-jak-wplywa-na-barwe-swiatla-300x150.jpg 300w, https:\/\/www.smd-led.pl\/blog\/wp-content\/uploads\/2023\/10\/Temperatura-barwowa-swiatla-Co-to-jest-i-jak-wplywa-na-barwe-swiatla-1024x512.jpg 1024w, https:\/\/www.smd-led.pl\/blog\/wp-content\/uploads\/2023\/10\/Temperatura-barwowa-swiatla-Co-to-jest-i-jak-wplywa-na-barwe-swiatla-768x384.jpg 768w\" sizes=\"auto, (max-width: 1200px) 100vw, 1200px\" \/><p id=\"caption-attachment-14412\" class=\"wp-caption-text\">Temperatura barwowa \u015bwiat\u0142a Co to jest i jak wp\u0142ywa na barw\u0119 \u015bwiat\u0142a<\/p><\/div>\n<h3>Barwy \u015bwiat\u0142a i ich przeznaczenie: Przegl\u0105d<\/h3>\n<p>R\u00f3\u017cne <strong>barwy \u015bwiat\u0142a i ich przeznaczenie<\/strong> maj\u0105 wp\u0142yw na atmosfer\u0119 i funkcjonalno\u015b\u0107 pomieszczenia. Wyr\u00f3\u017cniamy mi\u0119dzy innymi:<\/p>\n<ul>\n<li><strong>Barwa \u015bwiat\u0142a ultra ciep\u0142a<\/strong> (poni\u017cej 2700-4000 K) &#8211; idealna do sypialni, salon\u00f3w czy miejsc, gdzie chcemy stworzy\u0107 przytuln\u0105 atmosfer\u0119.<\/li>\n<li><strong>Barwa \u015bwiat\u0142a zimna<\/strong> (powy\u017cej 5000-11000K) &#8211; polecana do pomieszcze\u0144, gdzie potrzebujemy dobrej widoczno\u015bci, np. w kuchni, gara\u017cu czy warsztacie.<\/li>\n<li><strong>Neutralna barwa \u015bwiat\u0142a<\/strong> (oko\u0142o 4000-5000K) &#8211; uniwersalna barwa, kt\u00f3ra sprawdzi si\u0119 w wi\u0119kszo\u015bci pomieszcze\u0144, w tym r\u00f3wnie\u017c w \u0142azience.<\/li>\n<\/ul>\n<p>Wyb\u00f3r odpowiedniej <strong>barwy \u015bwiat\u0142a do \u0142azienki<\/strong> zale\u017cy od indywidualnych preferencji oraz funkcji, jak\u0105 ma pe\u0142ni\u0107 o\u015bwietlenie. Warto eksperymentowa\u0107 z r\u00f3\u017cnymi barwami, aby znale\u017a\u0107 najlepsze rozwi\u0105zanie dla swojej przestrzeni.<\/p>\n<div id=\"attachment_14413\" style=\"width: 1210px\" class=\"wp-caption aligncenter\"><img loading=\"lazy\" decoding=\"async\" aria-describedby=\"caption-attachment-14413\" class=\"size-full wp-image-14413\" src=\"https:\/\/www.smd-led.pl\/blog\/wp-content\/uploads\/2023\/10\/Barwy-swiatla-i-ich-przeznaczenie-Przeglad.jpg\" alt=\"Barwy \u015bwiat\u0142a i ich przeznaczenie Przegl\u0105d\" width=\"1200\" height=\"600\" srcset=\"https:\/\/www.smd-led.pl\/blog\/wp-content\/uploads\/2023\/10\/Barwy-swiatla-i-ich-przeznaczenie-Przeglad.jpg 1200w, https:\/\/www.smd-led.pl\/blog\/wp-content\/uploads\/2023\/10\/Barwy-swiatla-i-ich-przeznaczenie-Przeglad-300x150.jpg 300w, https:\/\/www.smd-led.pl\/blog\/wp-content\/uploads\/2023\/10\/Barwy-swiatla-i-ich-przeznaczenie-Przeglad-1024x512.jpg 1024w, https:\/\/www.smd-led.pl\/blog\/wp-content\/uploads\/2023\/10\/Barwy-swiatla-i-ich-przeznaczenie-Przeglad-768x384.jpg 768w\" sizes=\"auto, (max-width: 1200px) 100vw, 1200px\" \/><p id=\"caption-attachment-14413\" class=\"wp-caption-text\">Barwy \u015bwiat\u0142a i ich przeznaczenie Przegl\u0105d<\/p><\/div>\n<h2>Jak dobra\u0107 \u015bwiat\u0142o do \u0142azienki: Praktyczne wskaz\u00f3wki<\/h2>\n<p>Dob\u00f3r odpowiedniego \u015bwiat\u0142a do \u0142azienki mo\u017ce by\u0107 kluczowy dla komfortu u\u017cytkowania tego pomieszczenia. <strong>Warto zwr\u00f3ci\u0107 uwag\u0119 na kilka czynnik\u00f3w, kt\u00f3re wp\u0142yn\u0105 na wyb\u00f3r o\u015bwietlenia, takich jak barwa, moc oraz aran\u017cacja o\u015bwietlenia. Barwa \u015bwiat\u0142a w \u0142azience ma znacz\u0105cy wp\u0142yw na to, jak postrzegamy kolor sk\u00f3ry.<\/strong> \u015awiat\u0142o o r\u00f3\u017cnej temperaturze barwowej mo\u017ce powodowa\u0107, \u017ce sk\u00f3ra wygl\u0105da na ja\u015bniejsz\u0105, ciemniejsz\u0105, bardziej czerwon\u0105 lub \u017c\u00f3\u0142t\u0105. Na przyk\u0142ad \u015bwiat\u0142o o ciep\u0142ej temperaturze barwowej, takie jak <a title=\"\u017bar\u00f3wki Led\" href=\"https:\/\/www.smd-led.pl\/zarowki-led\">\u017car\u00f3wki<\/a> o barwie \u017c\u00f3\u0142tej lub pomara\u0144czowej, mo\u017ce sprawi\u0107, \u017ce sk\u00f3ra wygl\u0105da na cieplejsz\u0105 i bardziej \u017c\u00f3\u0142t\u0105. Z kolei \u015bwiat\u0142o o ch\u0142odnej temperaturze barwowej, takie jak diody LED emituj\u0105ce bia\u0142e lub niebieskie \u015bwiat\u0142o, mo\u017ce nadawa\u0107 sk\u00f3rze niebieskawy odcie\u0144. Odpowiednie o\u015bwietlenie jest wa\u017cne zw\u0142aszcza podczas wykonywania czynno\u015bci wymagaj\u0105cych dok\u0142adno\u015bci, takich jak makija\u017c. Niew\u0142a\u015bciwe o\u015bwietlenie mo\u017ce prowadzi\u0107 do b\u0142\u0119dnej oceny koloru podk\u0142adu czy cieni do powiek. Dlatego przy wyborze o\u015bwietlenia do \u0142azienki warto zwr\u00f3ci\u0107 uwag\u0119 na temperatur\u0119 barw\u0105 \u015bwiat\u0142a, tak aby jak najdok\u0142adniej odzwierciedla\u0142a naturalne \u015bwiat\u0142o dzienne, kt\u00f3re jest uwa\u017cane za najbardziej optymalne do oceny koloru sk\u00f3ry.<\/p>\n<div id=\"attachment_14414\" style=\"width: 1210px\" class=\"wp-caption aligncenter\"><img loading=\"lazy\" decoding=\"async\" aria-describedby=\"caption-attachment-14414\" class=\"size-full wp-image-14414\" src=\"https:\/\/www.smd-led.pl\/blog\/wp-content\/uploads\/2023\/10\/Jak-dobrac-swiatlo-do-lazienki-Praktyczne-wskazowki.jpg\" alt=\"Jak dobra\u0107 \u015bwiat\u0142o do \u0142azienki Praktyczne wskaz\u00f3wki\" width=\"1200\" height=\"600\" srcset=\"https:\/\/www.smd-led.pl\/blog\/wp-content\/uploads\/2023\/10\/Jak-dobrac-swiatlo-do-lazienki-Praktyczne-wskazowki.jpg 1200w, https:\/\/www.smd-led.pl\/blog\/wp-content\/uploads\/2023\/10\/Jak-dobrac-swiatlo-do-lazienki-Praktyczne-wskazowki-300x150.jpg 300w, https:\/\/www.smd-led.pl\/blog\/wp-content\/uploads\/2023\/10\/Jak-dobrac-swiatlo-do-lazienki-Praktyczne-wskazowki-1024x512.jpg 1024w, https:\/\/www.smd-led.pl\/blog\/wp-content\/uploads\/2023\/10\/Jak-dobrac-swiatlo-do-lazienki-Praktyczne-wskazowki-768x384.jpg 768w\" sizes=\"auto, (max-width: 1200px) 100vw, 1200px\" \/><p id=\"caption-attachment-14414\" class=\"wp-caption-text\">Jak dobra\u0107 \u015bwiat\u0142o do \u0142azienki Praktyczne wskaz\u00f3wki<\/p><\/div>\n<h3><strong>\u00a0<\/strong><\/h3>\n<h3><strong>Jaka barwa \u015bwiat\u0142a do \u0142azienki<\/strong>: Ciep\u0142a, neutralna czy zimna?<\/h3>\n<p>W kontek\u015bcie <strong>\u015bwiat\u0142a do \u0142azienki<\/strong>, warto rozwa\u017cy\u0107 trzy g\u0142\u00f3wne rodzaje barw: <strong>\u015bwiat\u0142o ciep\u0142e, neutralne i zimne<\/strong>. Ciep\u0142e \u015bwiat\u0142o (poni\u017cej 3300 K) nadaje wn\u0119trzu przytulny charakter, jednak mo\u017ce nie by\u0107 najlepsze do wykonywania precyzyjnych czynno\u015bci, takich jak makija\u017c. Zimne \u015bwiat\u0142o (powy\u017cej 5000 K) zapewnia lepsz\u0105 widoczno\u015b\u0107, ale mo\u017ce sprawia\u0107 wra\u017cenie zimnego i nieprzytulnego. <strong>\u015awiat\u0142o neutralne do \u0142azienki<\/strong> (oko\u0142o 4000 K) jest kompromisem mi\u0119dzy tymi dwoma rodzajami i sprawdzi si\u0119 w wi\u0119kszo\u015bci przypadk\u00f3w.<\/p>\n<div id=\"attachment_14415\" style=\"width: 1210px\" class=\"wp-caption aligncenter\"><img loading=\"lazy\" decoding=\"async\" aria-describedby=\"caption-attachment-14415\" class=\"size-full wp-image-14415\" src=\"https:\/\/www.smd-led.pl\/blog\/wp-content\/uploads\/2023\/10\/Jaka-barwa-swiatla-do-lazienki-Ciepla-neutralna-czy-zimna.jpg\" alt=\"Jaka barwa \u015bwiat\u0142a do \u0142azienki Ciep\u0142a, neutralna czy zimna\" width=\"1200\" height=\"600\" srcset=\"https:\/\/www.smd-led.pl\/blog\/wp-content\/uploads\/2023\/10\/Jaka-barwa-swiatla-do-lazienki-Ciepla-neutralna-czy-zimna.jpg 1200w, https:\/\/www.smd-led.pl\/blog\/wp-content\/uploads\/2023\/10\/Jaka-barwa-swiatla-do-lazienki-Ciepla-neutralna-czy-zimna-300x150.jpg 300w, https:\/\/www.smd-led.pl\/blog\/wp-content\/uploads\/2023\/10\/Jaka-barwa-swiatla-do-lazienki-Ciepla-neutralna-czy-zimna-1024x512.jpg 1024w, https:\/\/www.smd-led.pl\/blog\/wp-content\/uploads\/2023\/10\/Jaka-barwa-swiatla-do-lazienki-Ciepla-neutralna-czy-zimna-768x384.jpg 768w\" sizes=\"auto, (max-width: 1200px) 100vw, 1200px\" \/><p id=\"caption-attachment-14415\" class=\"wp-caption-text\">Jaka barwa \u015bwiat\u0142a do \u0142azienki Ciep\u0142a, neutralna czy zimna<\/p><\/div>\n<h3>Dob\u00f3r odpowiedniego \u015bwiat\u0142a: Kwestia mocy i koloru<\/h3>\n<p>Wa\u017cnym aspektem przy wyborze <strong>\u015bwiat\u0142a do \u0142azienki<\/strong> jest r\u00f3wnie\u017c <strong>moc \u015bwiat\u0142a<\/strong>. Zbyt s\u0142abe o\u015bwietlenie mo\u017ce utrudnia\u0107 codzienne czynno\u015bci, natomiast zbyt mocne mo\u017ce by\u0107 m\u0119cz\u0105ce dla oczu. Dobrze jest eksperymentowa\u0107 z r\u00f3\u017cnymi mocami, aby znale\u017a\u0107 optymalne rozwi\u0105zanie. Kolejnym czynnikiem jest <strong>kolor \u015bwiat\u0142a<\/strong>, kt\u00f3ry wp\u0142ywa na atmosfer\u0119 wn\u0119trza. Warto zwr\u00f3ci\u0107 uwag\u0119 na to, jakie odcienie \u015bwiat\u0142a b\u0119d\u0105 najbardziej komfortowe dla u\u017cytkownik\u00f3w oraz jak wp\u0142yn\u0105 na wygl\u0105d wn\u0119trza.\u00a0 Dob\u00f3r odpowiedniego \u015bwiat\u0142a do \u0142azienki to kluczowy aspekt aran\u017cacji tego pomieszczenia. P\u0142ytki w \u0142azience, ich kolor i faktura, maj\u0105 du\u017cy wp\u0142yw na wyb\u00f3r o\u015bwietlenia. Oto kilka wskaz\u00f3wek, jak dobra\u0107 \u015bwiat\u0142o bior\u0105c pod uwag\u0119 p\u0142ytki:<\/p>\n<p><strong><em>1. Kolor p\u0142ytek:<\/em><\/strong><\/p>\n<ul>\n<li><strong>Jasne p\u0142ytki<\/strong> (bia\u0142e, be\u017cowe, pastelowe) dobrze odbijaj\u0105 \u015bwiat\u0142o, dlatego mo\u017cna zastosowa\u0107 \u015bwiat\u0142o o neutralnej lub lekko cieplej temperaturze barwowej.<\/li>\n<li>Ciemne p\u0142ytki (grafit, br\u0105z, czarny) poch\u0142aniaj\u0105 wi\u0119cej \u015bwiat\u0142a. W takim przypadku warto zastosowa\u0107 ja\u015bniejsze \u017ar\u00f3d\u0142a \u015bwiat\u0142a o wy\u017cszej ilo\u015bci lumen\u00f3w i unika\u0107 zbyt ciep\u0142ych barw, kt\u00f3re mog\u0105 czyni\u0107 przestrze\u0144 jeszcze ciemniejsz\u0105.<\/li>\n<\/ul>\n<p><strong><em>2. Faktura p\u0142ytek:<\/em><\/strong><\/p>\n<ul>\n<li><strong>Matowe p\u0142ytki<\/strong> nie odbijaj\u0105 \u015bwiat\u0142a tak silnie jak b\u0142yszcz\u0105ce, dlatego dla takich powierzchni warto zastosowa\u0107 ja\u015bniejsze o\u015bwietlenie.<\/li>\n<li><strong>B\u0142yszcz\u0105ce p\u0142ytki <\/strong>mog\u0105 dawa\u0107 odblaski, wi\u0119c warto zastanowi\u0107 si\u0119 nad rozmieszczeniem \u017ar\u00f3de\u0142 \u015bwiat\u0142a, aby unika\u0107 niechcianych refleks\u00f3w.<\/li>\n<\/ul>\n<p><strong><em>3. Funkcjonalno\u015b\u0107 \u0142azienki:<\/em><\/strong><\/p>\n<ul>\n<li><strong>Nad lustrem<\/strong> warto zamontowa\u0107 o\u015bwietlenie punktowe, kt\u00f3re dobrze o\u015bwietli twarz podczas wykonywania czynno\u015bci takich jak golenie czy makija\u017c.<br \/>\nJe\u015bli w \u0142azience jest wanna lub kabina prysznicowa, warto zastanowi\u0107 si\u0119 nad dodatkowym, delikatniejszym \u017ar\u00f3d\u0142em \u015bwiat\u0142a w tych miejscach, kt\u00f3re b\u0119dzie sprzyja\u0107 relaksowi.<\/li>\n<li><strong>Atmosfera:<\/strong> Je\u015bli chcemy, aby \u0142azienka by\u0142a miejscem relaksu, warto zastanowi\u0107 si\u0119 nad dodaniem \u015bwiate\u0142 punktowych o cieplejszej temperaturze barwowej, kt\u00f3re b\u0119d\u0105 tworzy\u0107 przytuln\u0105 atmosfer\u0119. Mo\u017cna r\u00f3wnie\u017c rozwa\u017cy\u0107 zastosowanie \u015bciemniaczy, kt\u00f3re pozwol\u0105 na regulacj\u0119 intensywno\u015bci \u015bwiat\u0142a w zale\u017cno\u015bci od potrzeb.<\/li>\n<\/ul>\n<p>Podsumowuj\u0105c, p\u0142ytki w \u0142azience maj\u0105 du\u017cy wp\u0142yw na odbi\u00f3r koloru i jasno\u015bci o\u015bwietlenia. Dlatego warto \u015bwiadomie dobra\u0107 \u017ar\u00f3d\u0142a \u015bwiat\u0142a, kt\u00f3re b\u0119d\u0105 wsp\u00f3\u0142gra\u0107 z kolorem i faktur\u0105 p\u0142ytek, jednocze\u015bnie zapewniaj\u0105c funkcjonalno\u015b\u0107 i po\u017c\u0105dan\u0105 atmosfer\u0119 w pomieszczeniu.<\/p>\n<div id=\"attachment_14416\" style=\"width: 1210px\" class=\"wp-caption aligncenter\"><img loading=\"lazy\" decoding=\"async\" aria-describedby=\"caption-attachment-14416\" class=\"size-full wp-image-14416\" src=\"https:\/\/www.smd-led.pl\/blog\/wp-content\/uploads\/2023\/10\/Dobor-odpowiedniego-swiatla-Kwestia-mocy-i-koloru.jpg\" alt=\"Dob\u00f3r odpowiedniego \u015bwiat\u0142a Kwestia mocy i koloru\" width=\"1200\" height=\"600\" srcset=\"https:\/\/www.smd-led.pl\/blog\/wp-content\/uploads\/2023\/10\/Dobor-odpowiedniego-swiatla-Kwestia-mocy-i-koloru.jpg 1200w, https:\/\/www.smd-led.pl\/blog\/wp-content\/uploads\/2023\/10\/Dobor-odpowiedniego-swiatla-Kwestia-mocy-i-koloru-300x150.jpg 300w, https:\/\/www.smd-led.pl\/blog\/wp-content\/uploads\/2023\/10\/Dobor-odpowiedniego-swiatla-Kwestia-mocy-i-koloru-1024x512.jpg 1024w, https:\/\/www.smd-led.pl\/blog\/wp-content\/uploads\/2023\/10\/Dobor-odpowiedniego-swiatla-Kwestia-mocy-i-koloru-768x384.jpg 768w\" sizes=\"auto, (max-width: 1200px) 100vw, 1200px\" \/><p id=\"caption-attachment-14416\" class=\"wp-caption-text\">Dob\u00f3r odpowiedniego \u015bwiat\u0142a Kwestia mocy i koloru<\/p><\/div>\n<h3>Planowanie o\u015bwietlenia \u0142azienki: Co warto wiedzie\u0107<\/h3>\n<p><strong>Planowanie o\u015bwietlenia \u0142azienki<\/strong> to nie tylko kwestia <strong>moc\u0105 i kolorem \u015bwiat\u0142a<\/strong>, ale r\u00f3wnie\u017c aran\u017cacji o\u015bwietlenia. Warto zwr\u00f3ci\u0107 uwag\u0119 na takie elementy jak <strong>\u015bwiat\u0142o og\u00f3lne w \u0142azience<\/strong>, kt\u00f3re powinno by\u0107 r\u00f3wnomiernie roz\u0142o\u017cone po ca\u0142ym pomieszczeniu, oraz o\u015bwietlenie punktowe, kt\u00f3re mo\u017ce by\u0107 wykorzystane do podkre\u015blenia wybranych element\u00f3w wn\u0119trza. Dobrze jest r\u00f3wnie\u017c <strong>zaplanowa\u0107 o\u015bwietlenie \u0142azienki<\/strong> w taki spos\u00f3b, aby mo\u017cna by\u0142o regulowa\u0107 jego intensywno\u015b\u0107 w zale\u017cno\u015bci od potrzeb. Mo\u017cna samemu kombinowa\u0107 ale mo\u017cna tez zaczerpn\u0105\u0107 wiedz\u0119 fachow\u0105. O\u015bwietlenie w \u0142azience mo\u017ce zosta\u0107 zaprojektowane przez kilka grup zawodowych, kt\u00f3re maj\u0105 odpowiednie kwalifikacje i do\u015bwiadczenie:<\/p>\n<p>&#8211; <strong>Architekt wn\u0119trz<\/strong>: Osoba ta zajmuje si\u0119 projektowaniem ca\u0142ych przestrzeni, w tym tak\u017ce o\u015bwietlenia. Architekt wn\u0119trz potrafi dobra\u0107 odpowiednie \u017ar\u00f3d\u0142a \u015bwiat\u0142a w zale\u017cno\u015bci od stylu, funkcjonalno\u015bci i potrzeb u\u017cytkownika.<\/p>\n<p>&#8211; <strong>Projektant o\u015bwietlenia<\/strong>: To specjalista, kt\u00f3ry koncentruje si\u0119 wy\u0142\u0105cznie na projektowaniu o\u015bwietlenia. Posiada wiedz\u0119 na temat najnowszych technologii i trend\u00f3w w dziedzinie o\u015bwietlenia, a tak\u017ce zna si\u0119 na aspektach technicznych instalacji.<\/p>\n<p>&#8211; <strong>Elektryk<\/strong>: Chocia\u017c g\u0142\u00f3wn\u0105 rol\u0105 elektryka jest monta\u017c i pod\u0142\u0105czanie instalacji elektrycznych, niekt\u00f3rzy do\u015bwiadczeni elektrycy mog\u0105 doradzi\u0107 w zakresie podstawowego o\u015bwietlenia, cho\u0107 zazwyczaj nie zajmuj\u0105 si\u0119 one kompleksowym projektowaniem o\u015bwietlenia.<\/p>\n<p><strong>&#8211; Doradca w sklepie z o\u015bwietleniem<\/strong>: Pracownicy specjalistycznych sklep\u00f3w z o\u015bwietleniem cz\u0119sto posiadaj\u0105 wiedz\u0119 na temat dost\u0119pnych produkt\u00f3w i potrafi\u0105 doradzi\u0107 w zakresie doboru odpowiednich lamp i \u017car\u00f3wek.<\/p>\n<div class=\"call-to-action-04\"><div class=\"call-to-action-04__img-box\"><img decoding=\"async\" src=\"https:\/\/www.smd-led.pl\/blog\/wp-content\/uploads\/2023\/12\/lampa-nad-lustro-venus-12w-60cm-czarno-zlota.webp\" alt=\"Kinkiety \u0142azienkowe\" \/><\/div><div class=\"call-to-action-04__info-box\"><span class=\"call-to-action-04__product-title\">Kinkiety \u0142azienkowe<\/span><p><p>Odpowiednio dobrane o\u015bwietlenie do \u0142azienki u\u0142atwi wszelkie odbywaj\u0105ce si\u0119 niej czynno\u015bci piel\u0119gnacyjne. Dlatego tak wa\u017cna jest ka\u017cda lampa do \u0142azienki, jak\u0105 wybierzemy. Jednym z rodzaj\u00f3w lamp \u0142azienkowych s\u0105 kinkiety \u0142azienkowe.\u00a0<strong>Kinkiety \u0142azienkowe LED<\/strong> mog\u0105 znale\u017a\u0107 si\u0119 obok lustra lub tu\u017c nad nim. Tak umieszczona lampa kinkiet do \u0142azienki zapewni dobre o\u015bwietlenie twarzy podczas podstawowych czynno\u015bci piel\u0119gnacyjnych. Szybki makija\u017c, golenie, czy zwyk\u0142e mycie twarzy i z\u0119b\u00f3w b\u0119d\u0105 \u0142atwiejsze, je\u015bli twarz b\u0119dzie o\u015bwietlana \u015bwiat\u0142em z kinkietu. Szukasz kinkietu do \u0142azienki zapraszamy do nas na sklep a na pewno znajdziesz co\u015b dla siebie!<\/p>\n<\/p><a href=\"https:\/\/www.smd-led.pl\/kinkiety-lazienkowe\" class=\"button\" id=\"kinkiet_lazienkowy\" target=\"_self\">Zobacz produkty<\/a><\/div><\/div>\n<p>Je\u015bli planujesz skomplikowane o\u015bwietlenie, kt\u00f3re ma spe\u0142nia\u0107 konkretne funkcje estetyczne i praktyczne, najlepiej skorzysta\u0107 z us\u0142ug architekta wn\u0119trz lub specjalisty od projektowania o\u015bwietlenia. Jednak w prostszych przypadkach doradztwo w sklepie z o\u015bwietleniem lub konsultacja z elektrykiem mo\u017ce by\u0107 wystarczaj\u0105ca. Dla tego zapraszamy do <a title=\"Kontakt smd-led\" href=\"https:\/\/www.smd-led.pl\/kontakt\">kontaktu<\/a> z naszym doradc\u0105. Lub napisz na czacie.<\/p>\n<div id=\"attachment_14417\" style=\"width: 1210px\" class=\"wp-caption aligncenter\"><img loading=\"lazy\" decoding=\"async\" aria-describedby=\"caption-attachment-14417\" class=\"size-full wp-image-14417\" src=\"https:\/\/www.smd-led.pl\/blog\/wp-content\/uploads\/2023\/10\/Planowanie-oswietlenia-lazienki-Co-warto-wiedziec.jpg\" alt=\"Planowanie o\u015bwietlenia \u0142azienki Co warto wiedzie\u0107\" width=\"1200\" height=\"600\" srcset=\"https:\/\/www.smd-led.pl\/blog\/wp-content\/uploads\/2023\/10\/Planowanie-oswietlenia-lazienki-Co-warto-wiedziec.jpg 1200w, https:\/\/www.smd-led.pl\/blog\/wp-content\/uploads\/2023\/10\/Planowanie-oswietlenia-lazienki-Co-warto-wiedziec-300x150.jpg 300w, https:\/\/www.smd-led.pl\/blog\/wp-content\/uploads\/2023\/10\/Planowanie-oswietlenia-lazienki-Co-warto-wiedziec-1024x512.jpg 1024w, https:\/\/www.smd-led.pl\/blog\/wp-content\/uploads\/2023\/10\/Planowanie-oswietlenia-lazienki-Co-warto-wiedziec-768x384.jpg 768w\" sizes=\"auto, (max-width: 1200px) 100vw, 1200px\" \/><p id=\"caption-attachment-14417\" class=\"wp-caption-text\">Planowanie o\u015bwietlenia \u0142azienki Co warto wiedzie\u0107<\/p><\/div>\n<h2>R\u00f3\u017cne rodzaje o\u015bwietlenia do \u0142azienki<\/h2>\n<p>Wyb\u00f3r odpowiedniego <strong>o\u015bwietlenia do \u0142azienki<\/strong> jest kluczowy dla komfortu u\u017cytkowania tego pomieszczenia. Warto zwr\u00f3ci\u0107 uwag\u0119 na r\u00f3\u017cne <strong>rodzaje o\u015bwietlenia<\/strong>, takie jak <strong>o\u015bwietlenie og\u00f3lne<\/strong>, <strong>\u015bwiat\u0142o do lustra \u0142azienkowego<\/strong> oraz <strong>o\u015bwietlenie dekoracyjne \u0142azienki<\/strong>. W tym rozdziale om\u00f3wimy, jak dobra\u0107 odpowiedni\u0105 barw\u0119 \u015bwiat\u0142a dla ka\u017cdego z tych rodzaj\u00f3w o\u015bwietlenia. W zale\u017cno\u015bci od wielko\u015bci i funkcji \u0142azienki oraz indywidualnych potrzeb u\u017cytkownik\u00f3w, \u0142azienka mo\u017ce zawiera\u0107 r\u00f3\u017cn\u0105 liczb\u0119 stref o\u015bwietleniowych. Typowo w \u0142azience znajduje si\u0119 g\u0142\u00f3wne \u017ar\u00f3d\u0142o \u015bwiat\u0142a, zwykle umieszczone na suficie, kt\u00f3re ma za zadanie r\u00f3wnomierne roz\u015bwietlenie ca\u0142ego pomieszczenia. Bardzo wa\u017cne jest r\u00f3wnie\u017c <a title=\"Kinkiety \u0141azienkowe\" href=\"https:\/\/www.smd-led.pl\/kinkiety-lazienkowe\">o\u015bwietlenie punktowe nad lustrem<\/a>, kt\u00f3re s\u0142u\u017cy do dok\u0142adnego o\u015bwietlenia twarzy, szczeg\u00f3lnie podczas wykonywania czynno\u015bci takich jak golenie czy makija\u017c. Je\u015bli w \u0142azience jest wanna lub kabina prysznicowa, warto zastosowa\u0107 dodatkowe o\u015bwietlenie w tych miejscach, kt\u00f3re mo\u017ce by\u0107 delikatniejsze i relaksuj\u0105ce. Dodatkowo mo\u017cna uwzgl\u0119dni\u0107 o\u015bwietlenie akcentowe, kt\u00f3re podkre\u015bli pewne elementy dekoracyjne, nisze czy p\u00f3\u0142ki, dodaj\u0105c pomieszczeniu charakteru. W niekt\u00f3rych \u0142azienkach pojawia si\u0119 te\u017c potrzeba o\u015bwietlenia funkcjonalnego w miejscach, gdzie wykonujemy konkretne czynno\u015bci, jak cho\u0107by w szafce z kosmetykami. Dla os\u00f3b korzystaj\u0105cych z \u0142azienki w nocy, warto rozwa\u017cy\u0107 instalacj\u0119 delikatnego o\u015bwietlenia nocnego, kt\u00f3re pozwoli bezpiecznie porusza\u0107 si\u0119 po pomieszczeniu. Ostateczna liczba stref o\u015bwietleniowych zale\u017cy od specyfiki ka\u017cdej \u0142azienki i potrzeb jej u\u017cytkownik\u00f3w.<\/p>\n<div id=\"attachment_14418\" style=\"width: 1210px\" class=\"wp-caption aligncenter\"><img loading=\"lazy\" decoding=\"async\" aria-describedby=\"caption-attachment-14418\" class=\"size-full wp-image-14418\" src=\"https:\/\/www.smd-led.pl\/blog\/wp-content\/uploads\/2023\/10\/Rozne-rodzaje-oswietlenia-do-lazienki.jpg\" alt=\"R\u00f3\u017cne rodzaje o\u015bwietlenia do \u0142azienki\" width=\"1200\" height=\"600\" srcset=\"https:\/\/www.smd-led.pl\/blog\/wp-content\/uploads\/2023\/10\/Rozne-rodzaje-oswietlenia-do-lazienki.jpg 1200w, https:\/\/www.smd-led.pl\/blog\/wp-content\/uploads\/2023\/10\/Rozne-rodzaje-oswietlenia-do-lazienki-300x150.jpg 300w, https:\/\/www.smd-led.pl\/blog\/wp-content\/uploads\/2023\/10\/Rozne-rodzaje-oswietlenia-do-lazienki-1024x512.jpg 1024w, https:\/\/www.smd-led.pl\/blog\/wp-content\/uploads\/2023\/10\/Rozne-rodzaje-oswietlenia-do-lazienki-768x384.jpg 768w\" sizes=\"auto, (max-width: 1200px) 100vw, 1200px\" \/><p id=\"caption-attachment-14418\" class=\"wp-caption-text\">R\u00f3\u017cne rodzaje o\u015bwietlenia do \u0142azienki<\/p><\/div>\n<div class=\"call-to-action-07\"><div class=\"call-to-action-07__product-box\"><img decoding=\"async\" src=\"https:\/\/www.smd-led.pl\/blog\/wp-content\/uploads\/2023\/03\/SUFITOWA-OPRAWA-WPUSZCZANA-MONI-LED-D-5W.jpg\" alt=\"SUFITOWA OPRAWA WPUSZCZANA MONI LED D 5W\" \/><span class=\"call-to-action-07__product-title\">SUFITOWA OPRAWA WPUSZCZANA MONI LED D 5W<\/span><a href=\"https:\/\/www.smd-led.pl\/lampy-punktowe-wpuszczane\" class=\"button\" id=\"jakie_halogeny_do_lazienki_1\" target=\"_self\">Zobacz produkt<\/a><\/div><div class=\"call-to-action-07__product-box\"><img decoding=\"async\" src=\"https:\/\/www.smd-led.pl\/blog\/wp-content\/uploads\/2023\/03\/OPRAWA-WPUSZCZANA-KWADRATOWA-RUCHOMA-BIALY-MAT-CUBO-MIDI.jpg\" alt=\"OPRAWA WPUSZCZANA KWADRATOWA RUCHOMA BIA\u0141Y MAT - CUBO MIDI\" \/><span class=\"call-to-action-07__product-title\">OPRAWA WPUSZCZANA KWADRATOWA RUCHOMA BIA\u0141Y MAT - CUBO MIDI<\/span><a href=\"https:\/\/www.smd-led.pl\/lampa-punktowa\" class=\"button\" id=\"jakie_halogeny_do_lazienki_1\" target=\"_self\">Zobacz produkt<\/a><\/div><div class=\"call-to-action-07__product-box\"><img decoding=\"async\" src=\"https:\/\/www.smd-led.pl\/blog\/wp-content\/uploads\/2023\/03\/WPUSZCZANA-OKRAGLA-LED-OPRAWA-MONI-LED-C-5W-4000K-WHITE.jpg\" alt=\"WPUSZCZANA OKR\u0104G\u0141A LED OPRAWA MONI LED C 5W 4000K WHITE\" \/><span class=\"call-to-action-07__product-title\">WPUSZCZANA OKR\u0104G\u0141A LED OPRAWA MONI LED C 5W 4000K WHITE<\/span><a href=\"https:\/\/www.smd-led.pl\/lampa-wpuszczana-biala\" class=\"button\" id=\"jakie_halogeny_do_lazienki_1\" target=\"_self\">Zobacz produkt<\/a><\/div><\/div>\n<h3>O\u015bwietlenie og\u00f3lne \u0142azienki: Jak\u0105 barw\u0119 \u015bwiat\u0142a wybra\u0107 i jak\u0105 moc<\/h3>\n<p><strong>Og\u00f3lnego o\u015bwietlenia \u0142azienki<\/strong> wymaga r\u00f3wnomiernego roz\u0142o\u017cenia <strong>\u015bwiat\u0142a og\u00f3lnego<\/strong> po ca\u0142ym pomieszczeniu.<strong> W przypadku o\u015bwietlenia og\u00f3lnego \u0142azienki, warto rozwa\u017cy\u0107 barw\u0119 \u015bwiat\u0142a neutraln\u0105 (oko\u0142o 4000 K), kt\u00f3ra zapewnia dobr\u0105 widoczno\u015b\u0107 i komfort u\u017cytkowania. Je\u015bli jednak preferujemy bardziej przytuln\u0105 atmosfer\u0119, mo\u017cna zastosowa\u0107 ciep\u0142e \u015bwiat\u0142o (poni\u017cej 3300 K). Zimne \u015bwiat\u0142o (powy\u017cej 5000 K) mo\u017ce by\u0107 stosowane w przypadku, gdy zale\u017cy nam na maksymalnej widoczno\u015bci, jednak mo\u017ce sprawia\u0107 wra\u017cenie zimnego i nieprzytulnego.<\/strong> Moc o\u015bwietlenia w \u0142azience zale\u017cy od wielko\u015bci pomieszczenia i potrzeb u\u017cytkownika, ale dla typowej \u0142azienki \u015bredniej wielko\u015bci zaleca si\u0119 moc og\u00f3lnego o\u015bwietlenia sufitowego w zakresie 20-30 <a href=\"https:\/\/www.smd-led.pl\/blog\/co-to-jest-wat\/\" data-internallinksmanager029f6b8e52c=\"28\" title=\"Co to jest wat -  jak przelicza\u0107 jednostk\u0119 amper na wat lub volt\">wat\u00f3w<\/a> dla tradycyjnych \u017car\u00f3wek lub oko\u0142o 2000-3000 lumen\u00f3w dla diod LED, podczas gdy w obszarze lustra warto zastosowa\u0107 mocniejsze o\u015bwietlenie o mocy 300-500 lumen\u00f3w na ka\u017cdy bok lustra, a dodatkowe o\u015bwietlenie punktowe, na przyk\u0142ad dla wn\u0119k czy p\u00f3\u0142ek, powinno mie\u0107 moc od 50 do 200 <a title=\"Ile lumen\u00f3w na metr kwadratowy\" href=\"https:\/\/www.smd-led.pl\/blog\/ile-lumenow-na-m2\/\">lumen\u00f3w<\/a> na punkt. Dzi\u0119ki nowoczesnym technologiom, takim jak LED, mo\u017cna uzyska\u0107 odpowiedni\u0105 jasno\u015b\u0107 przy mniejszym zu\u017cyciu energii, a doboru mocy i rodzaju \u015bwiat\u0142a najlepiej dostosowa\u0107 do indywidualnych potrzeb i warunk\u00f3w w \u0142azience, uwzgl\u0119dniaj\u0105c czynniki takie jak wilgotno\u015b\u0107.<\/p>\n<div id=\"attachment_14419\" style=\"width: 1210px\" class=\"wp-caption aligncenter\"><img loading=\"lazy\" decoding=\"async\" aria-describedby=\"caption-attachment-14419\" class=\"size-full wp-image-14419\" src=\"https:\/\/www.smd-led.pl\/blog\/wp-content\/uploads\/2023\/10\/Oswietlenie-ogolne-lazienki-Jaka-barwe-swiatla-wybrac-i-jaka-moc.jpg\" alt=\"O\u015bwietlenie og\u00f3lne \u0142azienki Jak\u0105 barw\u0119 \u015bwiat\u0142a wybra\u0107 i jak\u0105 moc\" width=\"1200\" height=\"600\" srcset=\"https:\/\/www.smd-led.pl\/blog\/wp-content\/uploads\/2023\/10\/Oswietlenie-ogolne-lazienki-Jaka-barwe-swiatla-wybrac-i-jaka-moc.jpg 1200w, https:\/\/www.smd-led.pl\/blog\/wp-content\/uploads\/2023\/10\/Oswietlenie-ogolne-lazienki-Jaka-barwe-swiatla-wybrac-i-jaka-moc-300x150.jpg 300w, https:\/\/www.smd-led.pl\/blog\/wp-content\/uploads\/2023\/10\/Oswietlenie-ogolne-lazienki-Jaka-barwe-swiatla-wybrac-i-jaka-moc-1024x512.jpg 1024w, https:\/\/www.smd-led.pl\/blog\/wp-content\/uploads\/2023\/10\/Oswietlenie-ogolne-lazienki-Jaka-barwe-swiatla-wybrac-i-jaka-moc-768x384.jpg 768w\" sizes=\"auto, (max-width: 1200px) 100vw, 1200px\" \/><p id=\"caption-attachment-14419\" class=\"wp-caption-text\">O\u015bwietlenie og\u00f3lne \u0142azienki Jak\u0105 barw\u0119 \u015bwiat\u0142a wybra\u0107 i jak\u0105 moc<\/p><\/div>\n<h3>\u015awiat\u0142o do lustra \u0142azienkowego: Idealna barwa i moc<\/h3>\n<p>W przypadku <strong>\u015bwiat\u0142a do lustra \u0142azienkowego<\/strong>, wa\u017cne jest, aby dobra\u0107 odpowiedni\u0105 barw\u0119 i moc, kt\u00f3re zapewni\u0105 komfort u\u017cytkowania. Zaleca si\u0119 stosowanie <strong><a title=\"Lampy nad lustro Led\" href=\"https:\/\/www.smd-led.pl\/lampa-nad-lustro\">o\u015bwietlenia lustra<\/a> \u0142azienkowego<\/strong> o barwie neutralnej (oko\u0142o 4000 K) lub zimnej (powy\u017cej 5000 K), kt\u00f3re zapewniaj\u0105 lepsz\u0105 widoczno\u015b\u0107 podczas wykonywania precyzyjnych czynno\u015bci, takich jak makija\u017c czy golenie. Warto r\u00f3wnie\u017c zwr\u00f3ci\u0107 uwag\u0119 na <strong>odpowiednie o\u015bwietlenie lustra<\/strong>, kt\u00f3re powinno by\u0107 r\u00f3wnomiernie roz\u0142o\u017cone wok\u00f3\u0142 lustra, aby unikn\u0105\u0107 tworzenia cieni na twarzy.<\/p>\n<div id=\"attachment_14420\" style=\"width: 1210px\" class=\"wp-caption aligncenter\"><img loading=\"lazy\" decoding=\"async\" aria-describedby=\"caption-attachment-14420\" class=\"size-full wp-image-14420\" src=\"https:\/\/www.smd-led.pl\/blog\/wp-content\/uploads\/2023\/10\/Swiatlo-do-lustra-lazienkowego-Idealna-barwa-i-moc.jpg\" alt=\"\u015awiat\u0142o do lustra \u0142azienkowego Idealna barwa i moc\" width=\"1200\" height=\"600\" srcset=\"https:\/\/www.smd-led.pl\/blog\/wp-content\/uploads\/2023\/10\/Swiatlo-do-lustra-lazienkowego-Idealna-barwa-i-moc.jpg 1200w, https:\/\/www.smd-led.pl\/blog\/wp-content\/uploads\/2023\/10\/Swiatlo-do-lustra-lazienkowego-Idealna-barwa-i-moc-300x150.jpg 300w, https:\/\/www.smd-led.pl\/blog\/wp-content\/uploads\/2023\/10\/Swiatlo-do-lustra-lazienkowego-Idealna-barwa-i-moc-1024x512.jpg 1024w, https:\/\/www.smd-led.pl\/blog\/wp-content\/uploads\/2023\/10\/Swiatlo-do-lustra-lazienkowego-Idealna-barwa-i-moc-768x384.jpg 768w\" sizes=\"auto, (max-width: 1200px) 100vw, 1200px\" \/><p id=\"caption-attachment-14420\" class=\"wp-caption-text\">\u015awiat\u0142o do lustra \u0142azienkowego Idealna barwa i moc<\/p><\/div>\n<h3>O\u015bwietlenie k\u0105pielowe i dekoracyjne: Jakie barwy \u015bwiat\u0142a preferowa\u0107<\/h3>\n<p><strong>O\u015bwietlenie dekoracyjne \u0142azienki<\/strong> oraz <strong>o\u015bwietlenie k\u0105pielowe \u0142azienki<\/strong> maj\u0105 na celu stworzenie przyjemnej atmosfery i podkre\u015blenie wybranych element\u00f3w wn\u0119trza. W przypadku <strong>o\u015bwietlenia dekoracyjnego<\/strong>, warto eksperymentowa\u0107 z r\u00f3\u017cnymi barwami \u015bwiat\u0142a, takimi jak ciep\u0142e (poni\u017cej 3300 K), neutralne (oko\u0142o 4000 K) czy zimne (powy\u017cej 5000 K), w zale\u017cno\u015bci od preferencji i charakteru wn\u0119trza. O\u015bwietlenie k\u0105pielowe, takie jak \u015bwiat\u0142o wok\u00f3\u0142 wanny czy kabiny prysznicowej, mo\u017ce by\u0107 r\u00f3wnie\u017c dostosowane do indywidualnych potrzeb, np. ciep\u0142e \u015bwiat\u0142o dla relaksuj\u0105cej k\u0105pieli czy zimne \u015bwiat\u0142o dla energetyzuj\u0105cego prysznica.<\/p>\n<div id=\"attachment_14421\" style=\"width: 1210px\" class=\"wp-caption aligncenter\"><img loading=\"lazy\" decoding=\"async\" aria-describedby=\"caption-attachment-14421\" class=\"size-full wp-image-14421\" src=\"https:\/\/www.smd-led.pl\/blog\/wp-content\/uploads\/2023\/10\/Oswietlenie-kapielowe-i-dekoracyjne-Jakie-barwy-swiatla-preferowac.jpg\" alt=\"O\u015bwietlenie k\u0105pielowe i dekoracyjne Jakie barwy \u015bwiat\u0142a preferowa\u0107\" width=\"1200\" height=\"600\" srcset=\"https:\/\/www.smd-led.pl\/blog\/wp-content\/uploads\/2023\/10\/Oswietlenie-kapielowe-i-dekoracyjne-Jakie-barwy-swiatla-preferowac.jpg 1200w, https:\/\/www.smd-led.pl\/blog\/wp-content\/uploads\/2023\/10\/Oswietlenie-kapielowe-i-dekoracyjne-Jakie-barwy-swiatla-preferowac-300x150.jpg 300w, https:\/\/www.smd-led.pl\/blog\/wp-content\/uploads\/2023\/10\/Oswietlenie-kapielowe-i-dekoracyjne-Jakie-barwy-swiatla-preferowac-1024x512.jpg 1024w, https:\/\/www.smd-led.pl\/blog\/wp-content\/uploads\/2023\/10\/Oswietlenie-kapielowe-i-dekoracyjne-Jakie-barwy-swiatla-preferowac-768x384.jpg 768w\" sizes=\"auto, (max-width: 1200px) 100vw, 1200px\" \/><p id=\"caption-attachment-14421\" class=\"wp-caption-text\">O\u015bwietlenie k\u0105pielowe i dekoracyjne Jakie barwy \u015bwiat\u0142a preferowa\u0107<\/p><\/div>\n<h2>Barwa \u015bwiat\u0142a a komfort u\u017cytkowania \u0142azienki<\/h2>\n<p>Wyb\u00f3r odpowiedniej <strong>barwy \u015bwiat\u0142a do domu<\/strong> ma kluczowe znaczenie dla komfortu u\u017cytkowania poszczeg\u00f3lnych pomieszcze\u0144. W przypadku \u0142azienki, warto por\u00f3wna\u0107 <strong>barw\u0119 \u015bwiat\u0142a do \u0142azienki<\/strong> z barw\u0105 \u015bwiat\u0142a stosowan\u0105 w innych pomieszczeniach, takich jak <strong>salon, sypialnia, pok\u00f3j dzieci\u0119cy czy kuchnia<\/strong>. Wp\u0142yw barwy \u015bwiat\u0142a na nasze samopoczucie oraz odczucie przestrzeni mo\u017ce by\u0107 r\u00f3\u017cny w zale\u017cno\u015bci od rodzaju pomieszczenia.<\/p>\n<div id=\"attachment_14422\" style=\"width: 1210px\" class=\"wp-caption aligncenter\"><img loading=\"lazy\" decoding=\"async\" aria-describedby=\"caption-attachment-14422\" class=\"size-full wp-image-14422\" src=\"https:\/\/www.smd-led.pl\/blog\/wp-content\/uploads\/2023\/10\/Barwa-swiatla-a-komfort-uzytkowania-lazienki.jpg\" alt=\"Barwa \u015bwiat\u0142a a komfort u\u017cytkowania \u0142azienki\" width=\"1200\" height=\"600\" srcset=\"https:\/\/www.smd-led.pl\/blog\/wp-content\/uploads\/2023\/10\/Barwa-swiatla-a-komfort-uzytkowania-lazienki.jpg 1200w, https:\/\/www.smd-led.pl\/blog\/wp-content\/uploads\/2023\/10\/Barwa-swiatla-a-komfort-uzytkowania-lazienki-300x150.jpg 300w, https:\/\/www.smd-led.pl\/blog\/wp-content\/uploads\/2023\/10\/Barwa-swiatla-a-komfort-uzytkowania-lazienki-1024x512.jpg 1024w, https:\/\/www.smd-led.pl\/blog\/wp-content\/uploads\/2023\/10\/Barwa-swiatla-a-komfort-uzytkowania-lazienki-768x384.jpg 768w\" sizes=\"auto, (max-width: 1200px) 100vw, 1200px\" \/><p id=\"caption-attachment-14422\" class=\"wp-caption-text\">Barwa \u015bwiat\u0142a a komfort u\u017cytkowania \u0142azienki<\/p><\/div>\n<h3>Jak barwa \u015bwiat\u0142a wp\u0142ywa na nasze samopoczucie<\/h3>\n<p><strong>Wp\u0142yw ciep\u0142ej barwie \u015bwiat\u0142a oraz zimnej barwie na nasze samopoczucie mo\u017ce by\u0107 istotny. \u015awiat\u0142o o ciep\u0142ej barwie ma tendencj\u0119 do tworzenia przytulnej, relaksuj\u0105cej atmosfery, podczas gdy \u015bwiat\u0142o o ch\u0142odnej barwie mo\u017ce sprawia\u0107 wra\u017cenie bardziej sterylnego i energetyzuj\u0105cego.<\/strong> Aby poprawi\u0107 samopoczucie, warto wybra\u0107 barw\u0119 \u015bwiat\u0142a, kt\u00f3ra odpowiada naszym indywidualnym preferencjom oraz charakterowi pomieszczenia.<\/p>\n<div id=\"attachment_14423\" style=\"width: 1210px\" class=\"wp-caption aligncenter\"><img loading=\"lazy\" decoding=\"async\" aria-describedby=\"caption-attachment-14423\" class=\"size-full wp-image-14423\" src=\"https:\/\/www.smd-led.pl\/blog\/wp-content\/uploads\/2023\/10\/Jak-barwa-swiatla-wplywa-na-nasze-samopoczucie.jpg\" alt=\"Jak barwa \u015bwiat\u0142a wp\u0142ywa na nasze samopoczucie\" width=\"1200\" height=\"600\" srcset=\"https:\/\/www.smd-led.pl\/blog\/wp-content\/uploads\/2023\/10\/Jak-barwa-swiatla-wplywa-na-nasze-samopoczucie.jpg 1200w, https:\/\/www.smd-led.pl\/blog\/wp-content\/uploads\/2023\/10\/Jak-barwa-swiatla-wplywa-na-nasze-samopoczucie-300x150.jpg 300w, https:\/\/www.smd-led.pl\/blog\/wp-content\/uploads\/2023\/10\/Jak-barwa-swiatla-wplywa-na-nasze-samopoczucie-1024x512.jpg 1024w, https:\/\/www.smd-led.pl\/blog\/wp-content\/uploads\/2023\/10\/Jak-barwa-swiatla-wplywa-na-nasze-samopoczucie-768x384.jpg 768w\" sizes=\"auto, (max-width: 1200px) 100vw, 1200px\" \/><p id=\"caption-attachment-14423\" class=\"wp-caption-text\">Jak barwa \u015bwiat\u0142a wp\u0142ywa na nasze samopoczucie<\/p><\/div>\n<h3>Barwa \u015bwiat\u0142a do makija\u017cu: Jakie \u015bwiat\u0142o jest najlepsze<\/h3>\n<p>W przypadku wyboru <strong>barwy \u015bwiat\u0142a do makija\u017cu<\/strong>, warto zwr\u00f3ci\u0107 uwag\u0119 na <strong>o\u015bwietlenie makija\u017cu<\/strong>, kt\u00f3re zapewnia dobr\u0105 widoczno\u015b\u0107 i komfort u\u017cytkowania. Zaleca si\u0119 stosowanie \u015bwiat\u0142a o barwie neutralnej (oko\u0142o 4000 K) lub zimnej (powy\u017cej 5000 K), kt\u00f3re zapewniaj\u0105 lepsz\u0105 widoczno\u015b\u0107 podczas wykonywania precyzyjnych czynno\u015bci, takich jak makija\u017c czy golenie. Odpowiednie o\u015bwietlenie do makija\u017cu powinno by\u0107 r\u00f3wnomiernie roz\u0142o\u017cone wok\u00f3\u0142 lustra, aby unikn\u0105\u0107 tworzenia cieni na twarzy. Przy wyborze o\u015bwietlenia do robienia makija\u017cu warto zwr\u00f3ci\u0107 uwag\u0119 na dwie kluczowe cechy: barw\u0119 \u015bwiat\u0142a oraz wsp\u00f3\u0142czynnik <a href=\"https:\/\/www.smd-led.pl\/blog\/wspolczynnik-oddawania-barw-ra-cri\/\" data-internallinksmanager029f6b8e52c=\"2\" title=\"Wsp\u00f3\u0142czynnik oddawania barw RA - czym jest CRI?\">CRI<\/a> (indeks odwzorowania barw).<\/p>\n<p><strong>Barwa \u015bwiat\u0142a: <\/strong>Najlepsza barwa \u015bwiat\u0142a do robienia makija\u017cu to ta, kt\u00f3ra najbardziej zbli\u017ca si\u0119 do naturalnego \u015bwiat\u0142a dziennego. \u015awiat\u0142o o temperaturze barwowej w zakresie 5000-6000 Kelvin\u00f3w (K) jest uwa\u017cane za optymalne. \u015awiat\u0142o w tym zakresie jest jasne i neutralne, co pozwala dok\u0142adnie dobra\u0107 kolory kosmetyk\u00f3w i prawid\u0142owo oceni\u0107 efekt makija\u017cu.<\/p>\n<p><strong>Wsp\u00f3\u0142czynnik CRI<\/strong>: CRI to miara, jak dobrze \u017ar\u00f3d\u0142o \u015bwiat\u0142a odwzorowuje kolory w por\u00f3wnaniu do naturalnego \u015bwiat\u0142a dziennego. Skala CRI mie\u015bci si\u0119 w zakresie od 0 do 100, gdzie 100 oznacza idealne odwzorowanie barw. Dla cel\u00f3w makija\u017cu zaleca si\u0119 wyb\u00f3r \u017ar\u00f3d\u0142a \u015bwiat\u0142a z CRI co najmniej 90. Wysoki wsp\u00f3\u0142czynnik CRI zapewni, \u017ce kolory b\u0119d\u0105 wygl\u0105da\u0107 naturalnie i wiernie pod danym o\u015bwietleniem.<\/p>\n<div class=\"call-to-action-05\" style=\"background-image: url('https:\/\/www.smd-led.pl\/blog\/wp-content\/uploads\/2023\/10\/oswietlenie_led_do_podbitki_dachowej-53.png')\"><div class=\"call-to-action-05__info-box\"><div class=\"call-to-action-05__info\"><p class=\"call-to-action-05__txt\">Zobacz wi\u0119cej z kategorii<\/p><span class=\"call-to-action-05__cat-title\">O\u015bwietlenie do \u0142azienki, kt\u00f3re \u0142\u0105czy funkcjonalno\u015b\u0107 z eleganckim stylem<\/span><a href=\"https:\/\/www.smd-led.pl\/lampa-do-lazienki\" class=\"button\" id=\"oswietlenie_halogenowe_do_lazienki_1\" target=\"_self\">Zobacz produkt<\/a><\/div><\/div><\/div>\n<p>Podsumowuj\u0105c, przy wyborze o\u015bwietlenia do makija\u017cu warto zwr\u00f3ci\u0107 uwag\u0119 na neutraln\u0105 temperatur\u0119 barwow\u0105 zbli\u017con\u0105 do \u015bwiat\u0142a dziennego oraz wysoki wsp\u00f3\u0142czynnik CRI. Dobrej jako\u015bci o\u015bwietlenie sprawi, \u017ce makija\u017c b\u0119dzie precyzyjny i wiernie odzwierciedla rzeczywiste kolory kosmetyk\u00f3w.<\/p>\n<div id=\"attachment_14424\" style=\"width: 1210px\" class=\"wp-caption aligncenter\"><img loading=\"lazy\" decoding=\"async\" aria-describedby=\"caption-attachment-14424\" class=\"size-full wp-image-14424\" src=\"https:\/\/www.smd-led.pl\/blog\/wp-content\/uploads\/2023\/10\/Barwa-swiatla-do-makijazu-Jakie-swiatlo-jest-najlepsze.jpg\" alt=\"Barwa \u015bwiat\u0142a do makija\u017cu Jakie \u015bwiat\u0142o jest najlepsze\" width=\"1200\" height=\"600\" srcset=\"https:\/\/www.smd-led.pl\/blog\/wp-content\/uploads\/2023\/10\/Barwa-swiatla-do-makijazu-Jakie-swiatlo-jest-najlepsze.jpg 1200w, https:\/\/www.smd-led.pl\/blog\/wp-content\/uploads\/2023\/10\/Barwa-swiatla-do-makijazu-Jakie-swiatlo-jest-najlepsze-300x150.jpg 300w, https:\/\/www.smd-led.pl\/blog\/wp-content\/uploads\/2023\/10\/Barwa-swiatla-do-makijazu-Jakie-swiatlo-jest-najlepsze-1024x512.jpg 1024w, https:\/\/www.smd-led.pl\/blog\/wp-content\/uploads\/2023\/10\/Barwa-swiatla-do-makijazu-Jakie-swiatlo-jest-najlepsze-768x384.jpg 768w\" sizes=\"auto, (max-width: 1200px) 100vw, 1200px\" \/><p id=\"caption-attachment-14424\" class=\"wp-caption-text\">Barwa \u015bwiat\u0142a do makija\u017cu Jakie \u015bwiat\u0142o jest najlepsze<\/p><\/div>\n<h3>Barwa \u015bwiat\u0142a w niewielkiej przestrzeni: Czy ma to znaczenie<\/h3>\n<p><strong>Barwa \u015bwiat\u0142a w niewielkiej przestrzeni<\/strong>, takiej jak ma\u0142a \u0142azienka, mo\u017ce mie\u0107 wp\u0142yw na odczucie przestrzeni. \u015awiat\u0142o o ciep\u0142ej barwie mo\u017ce sprawia\u0107 wra\u017cenie przytulniejszego i bardziej relaksuj\u0105cego, podczas gdy \u015bwiat\u0142o o zimnej barwie mo\u017ce optycznie powi\u0119kszy\u0107 przestrze\u0144. Warto zatem dobra\u0107 odpowiedni\u0105 barw\u0119 \u015bwiat\u0142a, kt\u00f3ra pozwoli na stworzenie komfortowej atmosfery oraz optymalnego odczucia przestrzeni w niewielkiej \u0142azience. O\u015bwietlenie odgrywa kluczow\u0105 rol\u0119 w kreowaniu wra\u017cenia przestrzeni w pomieszczeniu, a poprzez umiej\u0119tne zastosowanie \u015bwiat\u0142a mo\u017cna &#8222;oszuka\u0107&#8221; oko i sprawi\u0107, \u017ce niewielka przestrze\u0144 b\u0119dzie wydawa\u0142a si\u0119 wi\u0119ksza. Jasne, jednolite o\u015bwietlenie sufitowe powinno by\u0107 r\u00f3wnomiernie rozprowadzone po ca\u0142ym pokoju, poniewa\u017c ciemne k\u0105ty mog\u0105 powodowa\u0107 wra\u017cenie ciasnoty. O\u015bwietlenie punktowe skierowane na konkretne elementy w pomieszczeniu tworzy wra\u017cenie g\u0142\u0119bi, podczas gdy o\u015bwietlenie \u015bcian od do\u0142u do g\u00f3ry lub zastosowanie listew o\u015bwietleniowych przy pod\u0142odze mo\u017ce &#8222;podnie\u015b\u0107&#8221; sufit.<\/p>\n<div class=\"call-to-action-04\"><div class=\"call-to-action-04__img-box\"><img decoding=\"async\" src=\"https:\/\/www.smd-led.pl\/blog\/wp-content\/uploads\/2023\/10\/profil-led-wpuszczany-2026-03-23T143417.668.png\" alt=\"Oprawki halogenowe sufitowe do nowoczesnych i funkcjonalnych wn\u0119trz\" \/><\/div><div class=\"call-to-action-04__info-box\"><span class=\"call-to-action-04__product-title\">Oprawki halogenowe sufitowe do nowoczesnych i funkcjonalnych wn\u0119trz<\/span><p><p>Odkryj oprawki halogenowe sufitowe, kt\u00f3re pozwalaj\u0105 stworzy\u0107 estetyczne, subtelne i dobrze zaplanowane o\u015bwietlenie w salonie, kuchni, \u0142azience i korytarzu. To praktyczne rozwi\u0105zanie dla os\u00f3b, kt\u00f3re ceni\u0105 nowoczesny wygl\u0105d, wygod\u0119 u\u017cytkowania i precyzyjne do\u015bwietlenie wn\u0119trza.<\/p>\n<\/p><a href=\"https:\/\/www.smd-led.pl\/oprawy-halogenowe\" class=\"button\" id=\"oswietlenie_wanny_jak_bezpiecznie_1\" target=\"_self\">Zobacz produkt<\/a><\/div><\/div>\n<p>Lustra, kt\u00f3re odbijaj\u0105 \u015bwiat\u0142o, tworz\u0105 wra\u017cenie dodatkowej przestrzeni, zw\u0142aszcza w po\u0142\u0105czeniu z odpowiednio umieszczonymi \u017ar\u00f3d\u0142ami \u015bwiat\u0142a, a jasne, przezroczyste materia\u0142y w lampach sprawiaj\u0105, \u017ce przestrze\u0144 jest bardziej otwarta. O\u015bwietlenie wn\u0119k i p\u00f3\u0142ek dodaje g\u0142\u0119bi pomieszczeniu, podkre\u015blaj\u0105c jego architektoniczne detale, a po\u0142\u0105czenie r\u00f3\u017cnych rodzaj\u00f3w lamp, takich jak pod\u0142ogowe, sto\u0142owe czy sufitowe, tworzy warstwowe o\u015bwietlenie, kt\u00f3re dodatkowo zwi\u0119ksza wra\u017cenie g\u0142\u0119bi. Kluczem jest \u015bwiadome korzystanie z o\u015bwietlenia, aby kszta\u0142towa\u0107 postrzeganie przestrzeni i osi\u0105gn\u0105\u0107 wra\u017cenie wi\u0119kszego, bardziej przestronnego wn\u0119trza.<\/p>\n<div id=\"attachment_14425\" style=\"width: 1210px\" class=\"wp-caption aligncenter\"><img loading=\"lazy\" decoding=\"async\" aria-describedby=\"caption-attachment-14425\" class=\"size-full wp-image-14425\" src=\"https:\/\/www.smd-led.pl\/blog\/wp-content\/uploads\/2023\/10\/Barwa-swiatla-w-niewielkiej-przestrzeni-Czy-ma-to-znaczenie.jpg\" alt=\"Barwa \u015bwiat\u0142a w niewielkiej przestrzeni Czy ma to znaczenie\" width=\"1200\" height=\"600\" srcset=\"https:\/\/www.smd-led.pl\/blog\/wp-content\/uploads\/2023\/10\/Barwa-swiatla-w-niewielkiej-przestrzeni-Czy-ma-to-znaczenie.jpg 1200w, https:\/\/www.smd-led.pl\/blog\/wp-content\/uploads\/2023\/10\/Barwa-swiatla-w-niewielkiej-przestrzeni-Czy-ma-to-znaczenie-300x150.jpg 300w, https:\/\/www.smd-led.pl\/blog\/wp-content\/uploads\/2023\/10\/Barwa-swiatla-w-niewielkiej-przestrzeni-Czy-ma-to-znaczenie-1024x512.jpg 1024w, https:\/\/www.smd-led.pl\/blog\/wp-content\/uploads\/2023\/10\/Barwa-swiatla-w-niewielkiej-przestrzeni-Czy-ma-to-znaczenie-768x384.jpg 768w\" sizes=\"auto, (max-width: 1200px) 100vw, 1200px\" \/><p id=\"caption-attachment-14425\" class=\"wp-caption-text\">Barwa \u015bwiat\u0142a w niewielkiej przestrzeni Czy ma to znaczenie<\/p><\/div>\n<h2>Popularne barwy \u015bwiat\u0142a na rynku Polskim kt\u00f3re dominuj\u0105 w naszych \u0142azienkach<\/h2>\n<p>Na rynku dost\u0119pne s\u0105 r\u00f3\u017cne <strong>popularne barwy \u015bwiat\u0142a<\/strong>, kt\u00f3re mo\u017cna wykorzysta\u0107 w \u0142azience. Wyb\u00f3r odpowiedniej barwy \u015bwiat\u0142a ma kluczowe znaczenie dla komfortu u\u017cytkowania pomieszczenia oraz estetyki wn\u0119trza. W tym artykule por\u00f3wnamy r\u00f3\u017cne <strong>barwy \u015bwiat\u0142a na rynku<\/strong> oraz om\u00f3wimy ich zalety i wady. Na rynku polskim w \u0142azienkach dominuj\u0105 przede wszystkim bia\u0142a neutralna o temperaturze oko\u0142o 4000 Kelvin\u00f3w, oferuj\u0105ca uniwersalne i komfortowe dla oczu o\u015bwietlenie, oraz bia\u0142a ciep\u0142a z zakresu 2700-3000 Kelvin\u00f3w, przypominaj\u0105ca \u015bwiat\u0142o tradycyjnych \u017car\u00f3wek. Warto doda\u0107, \u017ce nowe technologie pozwalaj\u0105 na sterowanie temperatur\u0105 barwow\u0105, co daje mo\u017cliwo\u015b\u0107 indywidualnego dostosowywania \u015bwiat\u0142a do preferencji u\u017cytkownika. Bardzo modne w ostatnich 2 lat zrobi\u0142o si\u0119 o\u015bwietlenie umieszczone w <a title=\"Profile Led \" href=\"https:\/\/www.smd-led.pl\/profil-aluminiowy-led\">profilach Led<\/a> nie do\u015b\u0107 \u017ce daje ono nieograniczone mo\u017cliwo\u015bci monta\u017cu to dodatkowo jest ono bardzo nowoczesne i ponadczasowe. W profilach istnieje mo\u017cliwo\u015b\u0107 zamontowania nowoczesnych <a title=\"Ta\u015bmy Led\" href=\"https:\/\/www.smd-led.pl\/tasmy-led-i-akcesoria\">ta\u015bm Led<\/a> kt\u00f3re daj\u0105 efekt jednolicie \u015bwiec\u0105cej linii, a wszystko dzi\u0119ki <a title=\"Tasma Led Cob\" href=\"https:\/\/www.smd-led.pl\/tasma-led-cob\">Ta\u015bmie COB Led<\/a><\/p>\n<div class=\"call-to-action-07\"><div class=\"call-to-action-07__product-box\"><img decoding=\"async\" src=\"https:\/\/www.smd-led.pl\/blog\/wp-content\/uploads\/2022\/07\/tasma-led-24v-cob-11w-480led-ip20-3000-100k-95lm-w-ra-90-8mm-1m.jpg\" alt=\"TA\u015aMA LED 24V \/ COB \/ 11W \/ 480LED \/ IP20 \/ 3000 +\/-100K \/ 95LM\/W \/ RA 90 \/ 8MM \/ 1M\" \/><span class=\"call-to-action-07__product-title\">TA\u015aMA LED 24V \/ COB \/ 11W \/ 3000K<\/span><a href=\"https:\/\/www.smd-led.pl\/tasma-led-24v-cob-11w-480led-ip20-3000-100k-95lm-w-ra-90-8mm-1m-116147\" class=\"button\" id=\"COB_NOWE\" target=\"_self\">Zobacz produkt<\/a><\/div><div class=\"call-to-action-07__product-box\"><img decoding=\"async\" src=\"https:\/\/www.smd-led.pl\/blog\/wp-content\/uploads\/2023\/07\/Tasma-Led-24V-Cob-11W-480Led-Ip20-4000-100K-100LmW-Ra-90-1M-8Mm.jpg\" alt=\"Ta\u015bma Led 24V Cob 11W 480Led Ip20 4000 +-100K 100LmW Ra 90 1M 8Mm\" \/><span class=\"call-to-action-07__product-title\">TA\u015aMA LED 24V \/ COB \/ 11W \/ 4000K<\/span><a href=\"https:\/\/www.smd-led.pl\/tasma-led-24v-cob-11w-480led-ip20-4000-100k-100lm-w-ra-90-1m-8mm-97390\" class=\"button\" id=\"COB_NOWE\" target=\"_self\">Zobacz produkt<\/a><\/div><div class=\"call-to-action-07__product-box\"><img decoding=\"async\" src=\"https:\/\/www.smd-led.pl\/blog\/wp-content\/uploads\/2022\/07\/tasma-led-24v-cob-11w-480led-ip20-6000-100k-100lm-w-ra-90-8mm-1m.jpg\" alt=\"TA\u015aMA LED 24V \/ COB \/ 11W \/ 480LED \/ IP20 \/ 6000 +\/-100K \/ 100LM\/W \/ RA 90 \/ 8MM \/ 1M\" \/><span class=\"call-to-action-07__product-title\">TA\u015aMA LED 24V \/ COB \/ 11W \/ 6000K<\/span><a href=\"https:\/\/www.smd-led.pl\/tasma-led-24v-cob-11w-480led-ip20-6000-100k-100lm-w-ra-90-8mm-1m-116158\" class=\"button\" id=\"COB_NOWE\" target=\"_self\">Zobacz produkt<\/a><\/div><\/div>\n<div id=\"attachment_14426\" style=\"width: 1210px\" class=\"wp-caption aligncenter\"><img loading=\"lazy\" decoding=\"async\" aria-describedby=\"caption-attachment-14426\" class=\"size-full wp-image-14426\" src=\"https:\/\/www.smd-led.pl\/blog\/wp-content\/uploads\/2023\/10\/Popularne-barwy-swiatla-na-rynku-Polskim-ktore-dominuja-w-naszych-lazienkach.jpg\" alt=\"Popularne barwy \u015bwiat\u0142a na rynku Polskim kt\u00f3re dominuj\u0105 w naszych \u0142azienkach\" width=\"1200\" height=\"600\" srcset=\"https:\/\/www.smd-led.pl\/blog\/wp-content\/uploads\/2023\/10\/Popularne-barwy-swiatla-na-rynku-Polskim-ktore-dominuja-w-naszych-lazienkach.jpg 1200w, https:\/\/www.smd-led.pl\/blog\/wp-content\/uploads\/2023\/10\/Popularne-barwy-swiatla-na-rynku-Polskim-ktore-dominuja-w-naszych-lazienkach-300x150.jpg 300w, https:\/\/www.smd-led.pl\/blog\/wp-content\/uploads\/2023\/10\/Popularne-barwy-swiatla-na-rynku-Polskim-ktore-dominuja-w-naszych-lazienkach-1024x512.jpg 1024w, https:\/\/www.smd-led.pl\/blog\/wp-content\/uploads\/2023\/10\/Popularne-barwy-swiatla-na-rynku-Polskim-ktore-dominuja-w-naszych-lazienkach-768x384.jpg 768w\" sizes=\"auto, (max-width: 1200px) 100vw, 1200px\" \/><p id=\"caption-attachment-14426\" class=\"wp-caption-text\">Popularne barwy \u015bwiat\u0142a na rynku Polskim kt\u00f3re dominuj\u0105 w naszych \u0142azienkach<\/p><\/div>\n<h3>Barwa \u015bwiat\u0142a ultra ciep\u0142a, ciep\u0142a, neutralna i zimna: Por\u00f3wnanie<\/h3>\n<p>Wyr\u00f3\u017cniamy cztery g\u0142\u00f3wne barwy \u015bwiat\u0142a: <strong>ciep\u0142e \u015bwiat\u0142o<\/strong>, <strong>neutralne \u015bwiat\u0142o<\/strong>, <strong>ch\u0142odne \u015bwiat\u0142o<\/strong> oraz <strong>zimne \u015bwiat\u0142o<\/strong>. Poni\u017cej przedstawiamy <strong>por\u00f3wnanie kolor\u00f3w<\/strong> oraz ich zalety i wady:<\/p>\n<p>Barwa \u015bwiat\u0142a Zalety Wady Ultra ciep\u0142a (poni\u017cej 3000 K) Tworzy przytuln\u0105, relaksuj\u0105c\u0105 atmosfer\u0119; idealna do sypialni i salon\u00f3w Nie sprzyja koncentracji; mo\u017ce sprawia\u0107 wra\u017cenie \u017c\u00f3\u0142tego \u015bwiat\u0142a Ciep\u0142a (3000-4000 K) Stwarza komfortowe warunki do pracy i wypoczynku; uniwersalna barwa \u015bwiat\u0142a Mo\u017ce by\u0107 zbyt ciep\u0142a dla niekt\u00f3rych zastosowa\u0144, np. makija\u017cu Neutralna (4000-5000 K) \u015awietna do pracy i nauki; dobrze oddaje kolory; polecana do \u0142azienek Mo\u017ce by\u0107 zbyt jasna dla niekt\u00f3rych pomieszcze\u0144, np. sypialni Zimna (powy\u017cej 5000 K) Stymuluje koncentracj\u0119; optycznie powi\u0119ksza przestrze\u0144; idealna do gabinet\u00f3w Mo\u017ce sprawia\u0107 wra\u017cenie zimnego, sterylnego \u015bwiat\u0142a; niepolecana do sypialni.<\/p>\n<div id=\"attachment_14427\" style=\"width: 1210px\" class=\"wp-caption aligncenter\"><img loading=\"lazy\" decoding=\"async\" aria-describedby=\"caption-attachment-14427\" class=\"size-full wp-image-14427\" src=\"https:\/\/www.smd-led.pl\/blog\/wp-content\/uploads\/2023\/10\/Barwa-swiatla-ultra-ciepla-ciepla-neutralna-i-zimna-Porownanie.jpg\" alt=\"Barwa \u015bwiat\u0142a ultra ciep\u0142a, ciep\u0142a, neutralna i zimna Por\u00f3wnanie\" width=\"1200\" height=\"600\" srcset=\"https:\/\/www.smd-led.pl\/blog\/wp-content\/uploads\/2023\/10\/Barwa-swiatla-ultra-ciepla-ciepla-neutralna-i-zimna-Porownanie.jpg 1200w, https:\/\/www.smd-led.pl\/blog\/wp-content\/uploads\/2023\/10\/Barwa-swiatla-ultra-ciepla-ciepla-neutralna-i-zimna-Porownanie-300x150.jpg 300w, https:\/\/www.smd-led.pl\/blog\/wp-content\/uploads\/2023\/10\/Barwa-swiatla-ultra-ciepla-ciepla-neutralna-i-zimna-Porownanie-1024x512.jpg 1024w, https:\/\/www.smd-led.pl\/blog\/wp-content\/uploads\/2023\/10\/Barwa-swiatla-ultra-ciepla-ciepla-neutralna-i-zimna-Porownanie-768x384.jpg 768w\" sizes=\"auto, (max-width: 1200px) 100vw, 1200px\" \/><p id=\"caption-attachment-14427\" class=\"wp-caption-text\">Barwa \u015bwiat\u0142a ultra ciep\u0142a, ciep\u0142a, neutralna i zimna Por\u00f3wnanie<\/p><\/div>\n<h3>Barwa \u015bwiat\u0142a Led: Czy warto j\u0105 wybra\u0107<\/h3>\n<p><strong>\u015awiat\u0142a\u00a0<\/strong><b>Led<\/b>\u00a0s\u0105 coraz bardziej popularne ze wzgl\u0119du na ich energooszcz\u0119dno\u015b\u0107, d\u0142ug\u0105 \u017cywotno\u015b\u0107 oraz mo\u017cliwo\u015b\u0107 regulacji barwy \u015bwiat\u0142a. <strong>Barwa \u015bwiat\u0142a\u00a0<\/strong><b>Led<\/b>\u00a0mo\u017ce by\u0107 dostosowana do indywidualnych potrzeb, co czyni je atrakcyjnym <strong>\u017ar\u00f3d\u0142em \u015bwiat\u0142a<\/strong> do r\u00f3\u017cnych pomieszcze\u0144, w tym \u0142azienek. <b><a title=\"O\u015bwietlenie Led Sklep\" href=\"https:\/\/www.smd-led.pl\/\">O\u015bwietlenie Led <\/a>do \u0142azienki<\/b> mo\u017ce by\u0107 zar\u00f3wno ciep\u0142e, neutralne, jak i zimne, co pozwala na stworzenie odpowiedniej atmosfery w zale\u017cno\u015bci od potrzeb u\u017cytkownik\u00f3w. Warto zatem rozwa\u017cy\u0107 wyb\u00f3r <strong>o\u015bwietlenia Led<\/strong> do \u0142azienki ze wzgl\u0119du na jego zalety i mo\u017cliwo\u015bci dostosowania do indywidualnych preferencji.<\/p>\n<div id=\"attachment_14428\" style=\"width: 1210px\" class=\"wp-caption aligncenter\"><img loading=\"lazy\" decoding=\"async\" aria-describedby=\"caption-attachment-14428\" class=\"size-full wp-image-14428\" src=\"https:\/\/www.smd-led.pl\/blog\/wp-content\/uploads\/2023\/10\/Barwa-swiatla-led-Czy-warto-ja-wybrac.jpg\" alt=\"Barwa \u015bwiat\u0142a led Czy warto j\u0105 wybra\u0107\" width=\"1200\" height=\"600\" srcset=\"https:\/\/www.smd-led.pl\/blog\/wp-content\/uploads\/2023\/10\/Barwa-swiatla-led-Czy-warto-ja-wybrac.jpg 1200w, https:\/\/www.smd-led.pl\/blog\/wp-content\/uploads\/2023\/10\/Barwa-swiatla-led-Czy-warto-ja-wybrac-300x150.jpg 300w, https:\/\/www.smd-led.pl\/blog\/wp-content\/uploads\/2023\/10\/Barwa-swiatla-led-Czy-warto-ja-wybrac-1024x512.jpg 1024w, https:\/\/www.smd-led.pl\/blog\/wp-content\/uploads\/2023\/10\/Barwa-swiatla-led-Czy-warto-ja-wybrac-768x384.jpg 768w\" sizes=\"auto, (max-width: 1200px) 100vw, 1200px\" \/><p id=\"caption-attachment-14428\" class=\"wp-caption-text\">Barwa \u015bwiat\u0142a led Czy warto j\u0105 wybra\u0107<\/p><\/div>\n<h3>Barwa \u015bwiat\u0142a bia\u0142a: Kiedy j\u0105 stosowa\u0107<\/h3>\n<p><strong>Barwa \u015bwiat\u0142a bia\u0142a<\/strong> jest uniwersalna i mo\u017ce by\u0107 stosowana w r\u00f3\u017cnych pomieszczeniach, w tym \u0142azienkach. <strong>\u015awiat\u0142a bia\u0142a<\/strong> maj\u0105 tendencj\u0119 do oddawania kolor\u00f3w w spos\u00f3b naturalny, co jest szczeg\u00f3lnie wa\u017cne podczas wykonywania czynno\u015bci wymagaj\u0105cych precyzji, takich jak makija\u017c czy golenie. Warto stosowa\u0107 bia\u0142e \u015bwiat\u0142o w \u0142azience, gdy chcemy uzyska\u0107 dobr\u0105 widoczno\u015b\u0107 oraz neutralne warunki o\u015bwietleniowe, kt\u00f3re nie wp\u0142yn\u0105 negatywnie na nasze samopoczucie ani odczucie przestrzeni.<\/p>\n<div id=\"attachment_14429\" style=\"width: 1210px\" class=\"wp-caption aligncenter\"><img loading=\"lazy\" decoding=\"async\" aria-describedby=\"caption-attachment-14429\" class=\"wp-image-14429 size-full\" title=\"Barwa \u015bwiat\u0142a bia\u0142a Kiedy j\u0105 stosowa\u0107\" src=\"https:\/\/www.smd-led.pl\/blog\/wp-content\/uploads\/2023\/10\/Barwa-swiatla-biala-Kiedy-ja-stosowac.jpg\" alt=\"Barwa \u015bwiat\u0142a bia\u0142a Kiedy j\u0105 stosowa\u0107\" width=\"1200\" height=\"600\" srcset=\"https:\/\/www.smd-led.pl\/blog\/wp-content\/uploads\/2023\/10\/Barwa-swiatla-biala-Kiedy-ja-stosowac.jpg 1200w, https:\/\/www.smd-led.pl\/blog\/wp-content\/uploads\/2023\/10\/Barwa-swiatla-biala-Kiedy-ja-stosowac-300x150.jpg 300w, https:\/\/www.smd-led.pl\/blog\/wp-content\/uploads\/2023\/10\/Barwa-swiatla-biala-Kiedy-ja-stosowac-1024x512.jpg 1024w, https:\/\/www.smd-led.pl\/blog\/wp-content\/uploads\/2023\/10\/Barwa-swiatla-biala-Kiedy-ja-stosowac-768x384.jpg 768w\" sizes=\"auto, (max-width: 1200px) 100vw, 1200px\" \/><p id=\"caption-attachment-14429\" class=\"wp-caption-text\">Barwa \u015bwiat\u0142a bia\u0142a Kiedy j\u0105 stosowa\u0107<\/p><\/div>\n<p><strong>Zobacz nasze inne artyku\u0142y na temat barwy \u015bwiat\u0142a i jej znaczenia w r\u00f3\u017cnych pomieszczeniach:\u00a0<\/strong><\/p>\n<ul>\n<li style=\"list-style-type: none;\">\n<ul>\n<li><a title=\"Jaka barwa do salonu ?\" href=\"https:\/\/www.smd-led.pl\/blog\/jaka-barwa-swiatla-do-salonu\/\">Jak\u0105 barw\u0119 \u015bwiat\u0142a do salonu ?<\/a><\/li>\n<li><a href=\"https:\/\/www.smd-led.pl\/blog\/jaka-barwe-swiatla-wybrac-do-przedpokoju\/\"><strong>Jaka barwa \u015bwiat\u0142a do przedpokoju ?<\/strong><\/a><\/li>\n<li><strong><a href=\"https:\/\/www.smd-led.pl\/blog\/jaka-barwa-swiatla-do-kuchni\/\">Jaka barwa \u015bwiat\u0142a do kuchni ?<\/a><br \/>\n<\/strong><\/li>\n<li><a href=\"https:\/\/www.smd-led.pl\/blog\/jaka-barwa-swiatla-do-sypialni-co-wybrac\/\">Jaka barwa \u015bwiat\u0142a do sypialni ?<\/a><\/li>\n<li><a href=\"https:\/\/www.smd-led.pl\/blog\/jaka-barwa-swiatla-jest-odpowiednia-do-pokoju-dziecka\/\">Jaka barwa \u015bwiat\u0142a do pokoju dziecka ?<\/a><\/li>\n<li><a href=\"https:\/\/www.smd-led.pl\/blog\/jaka-barwe-swiatla-wybrac-do-lazienki\/\">Jaka barwa \u015bwiat\u0142\u0105 do \u0142azienki ?<\/a><\/li>\n<li><a title=\"Barwa \u015bwiat\u0142a jak j\u0105 dobra\u0107 \" href=\"https:\/\/www.smd-led.pl\/blog\/barwa-swiatla-jak-ja-dobrac-i-czym-sie-kierowac\/\">Barwa \u015bwiat\u0142a \u2013 jak j\u0105 dobra\u0107 i czym si\u0119 kierowa\u0107 ?<\/a><\/li>\n<li><a title=\"Ile lumen\u00f3w na m2\" href=\"https:\/\/www.smd-led.pl\/blog\/ile-lumenow-na-m2\/\">Ile lumen\u00f3w na m2<\/a><\/li>\n<\/ul>\n<\/li>\n<\/ul>\n<div class=\"mceTemp\"><\/div>\n<h2>Podsumowanie jaka barwa \u015bwiat\u0142\u0105 do \u0142azienki ?<\/h2>\n<p>Wyb\u00f3r odpowiedniej <strong>barwy \u015bwiat\u0142a<\/strong> do \u0142azienki jest kluczowy dla komfortu u\u017cytkowania oraz estetyki wn\u0119trza. Warto zwr\u00f3ci\u0107 uwag\u0119 na <strong>temperatur\u0119 barwow\u0105<\/strong> oraz rodzaj o\u015bwietlenia, takie jak <strong>o\u015bwietlenie og\u00f3lne<\/strong>, <strong>\u015bwiat\u0142o do lustra<\/strong> czy <strong>o\u015bwietlenie k\u0105pielowe i dekoracyjne<\/strong>. Barwa \u015bwiat\u0142a wp\u0142ywa na nasze samopoczucie, dlatego warto dostosowa\u0107 j\u0105 do indywidualnych potrzeb i preferencji. Na rynku dost\u0119pne s\u0105 r\u00f3\u017cne barwy \u015bwiat\u0142a, takie jak <strong>ultra ciep\u0142a<\/strong>, <strong>ciep\u0142a<\/strong>, <strong>neutralna<\/strong> i <strong>zimna<\/strong>, a tak\u017ce <strong>\u015bwiat\u0142a led<\/strong> i <strong>bia\u0142e \u015bwiat\u0142o<\/strong>. Dobrze dobrana barwa \u015bwiat\u0142a sprawi, \u017ce \u0142azienka stanie si\u0119 funkcjonalna, przytulna i estetycznie atrakcyjna. Podsumowuj\u0105c artyku\u0142 &#8222;Jak\u0105 barw\u0119 \u015bwiat\u0142a do \u0142azienki&#8221;, o\u015bwietlenie \u0142azienki jest kluczowym elementem, kt\u00f3ry wp\u0142ywa nie tylko na funkcjonalno\u015b\u0107, ale r\u00f3wnie\u017c na estetyk\u0119 tego pomieszczenia. Wybieraj\u0105c lampy do \u0142azienki, warto zwr\u00f3ci\u0107 uwag\u0119 na wielko\u015b\u0107 \u0142azienki, poniewa\u017c od niej zale\u017cy, jak\u0105 moc i jak\u0105 barw\u0119 \u015bwiat\u0142a zastosowa\u0107. W obszarze obu stronach lustra, kluczowe jest zastosowanie odpowiednio mocnego o\u015bwietlenia, kt\u00f3re pozwoli dok\u0142adnie widzie\u0107 twarz podczas r\u00f3\u017cnych czynno\u015bci. <a title=\"Nowoczesny kinkiet do \u0141azienki\" href=\"https:\/\/www.smd-led.pl\/kinkiet-lazienkowy-nowoczesny\">Nowoczesny\u00a0kinkiet do \u0142azienki<\/a> to doskona\u0142e rozwi\u0105zanie, o\u015bwietlaj\u0105c lustro r\u00f3wnomiernie i dodaj\u0105c elegancji wn\u0119trzu. W kwestii barwy, dla wi\u0119kszo\u015bci zastosowa\u0144 w \u0142azience, najlepiej wybra\u0107 \u015bwiat\u0142o neutralne, kt\u00f3re dobrze odda kolory i b\u0119dzie najbardziej komfortowe dla oczu. Chodzi o \u0142azienk\u0119, wi\u0119c ka\u017cdy wyb\u00f3r, od lampy po barw\u0119 \u015bwiat\u0142a, powinien uwzgl\u0119dnia\u0107 specyfik\u0119 tego pomieszczenia, zar\u00f3wno pod wzgl\u0119dem funkcji, jak i designu.<\/p>\n<p><strong>Te artyku\u0142y zainteresowa\u0142y innych czytelnik\u00f3w:<\/strong><\/p>\n<ul>\n<li style=\"list-style-type: none;\">\n<ul>\n<li><a title=\"Jak o\u015bwietli\u0107 p\u00f3\u0142ki w \u0142azience\" href=\"https:\/\/www.smd-led.pl\/blog\/jak-oswietlic-polki-w-lazience-nowe-trendy-w-2023r\/\">P\u00f3\u0142ka z o\u015bwietleniem Led \u2013 Jak o\u015bwietli\u0107 p\u00f3\u0142ki w \u0142azience?<\/a><\/li>\n<li><a title=\"Jakie o\u015bwietlenie do \u0142azienki\" href=\"https:\/\/www.smd-led.pl\/blog\/jakie-oswietlenie-do-lazienki\/\">Jakie o\u015bwietlenie do \u0142azienki <\/a>?<\/li>\n<li><a title=\"Jak o\u015bwietli\u0107 ma\u0142\u0105 \u0142azienk\u0119 \" href=\"https:\/\/www.smd-led.pl\/blog\/jak-oswietlic-mala-lazienke-poradnik\/\">Jak o\u015bwietli\u0107 ma\u0142\u0105 \u0142azienk\u0119? \u2013 Poradnik<\/a><\/li>\n<li><a title=\"Jak o\u015bwietli\u0107 wann\u0119 \" href=\"https:\/\/www.smd-led.pl\/blog\/podswietlenie-wanny-czyli-ledy-pod-wanne\/\">Pod\u015bwietlenie wanny, czyli Ledy pod wann\u0119<\/a><\/li>\n<li><a title=\"Halogeny do \u0142azienki Jakie wybra\u0107 ?\" href=\"Halogeny+do+\u0142azienki+\u2014+jakie+wybra\u0107\">Halogeny do \u0142azienki \u2014 jakie wybra\u0107 ?<\/a><\/li>\n<li><a title=\"Jak o\u015bwietli\u0107 lustro w \u0142azience\" href=\"https:\/\/www.smd-led.pl\/blog\/jak-oswietlic-lustro-w-lazience\/\">Jak o\u015bwietli\u0107 lustro w \u0142azience ?<\/a><\/li>\n<li><a title=\"Jakie o\u015bwietlenie do makija\u017cu \" href=\"https:\/\/www.smd-led.pl\/blog\/oswietlenie-do-makijazu-najwazniejsze-aspekty\/\">O\u015bwietlenie do makija\u017cu \u2013 najwa\u017cniejsze aspekty<\/a><\/li>\n<\/ul>\n<\/li>\n<\/ul>\n<div id=\"attachment_14430\" style=\"width: 1210px\" class=\"wp-caption aligncenter\"><img loading=\"lazy\" decoding=\"async\" aria-describedby=\"caption-attachment-14430\" class=\"size-full wp-image-14430\" src=\"https:\/\/www.smd-led.pl\/blog\/wp-content\/uploads\/2023\/10\/Podsumowanie-jaka-barwa-swiatla-do-lazienki-.jpg\" alt=\"Podsumowanie jaka barwa \u015bwiat\u0142\u0105 do \u0142azienki\" width=\"1200\" height=\"600\" srcset=\"https:\/\/www.smd-led.pl\/blog\/wp-content\/uploads\/2023\/10\/Podsumowanie-jaka-barwa-swiatla-do-lazienki-.jpg 1200w, https:\/\/www.smd-led.pl\/blog\/wp-content\/uploads\/2023\/10\/Podsumowanie-jaka-barwa-swiatla-do-lazienki--300x150.jpg 300w, https:\/\/www.smd-led.pl\/blog\/wp-content\/uploads\/2023\/10\/Podsumowanie-jaka-barwa-swiatla-do-lazienki--1024x512.jpg 1024w, https:\/\/www.smd-led.pl\/blog\/wp-content\/uploads\/2023\/10\/Podsumowanie-jaka-barwa-swiatla-do-lazienki--768x384.jpg 768w\" sizes=\"auto, (max-width: 1200px) 100vw, 1200px\" \/><p id=\"caption-attachment-14430\" class=\"wp-caption-text\">Podsumowanie jaka barwa \u015bwiat\u0142\u0105 do \u0142azienki<\/p><\/div>\n","protected":false},"excerpt":{"rendered":"<p>Jaka barwa \u015bwiat\u0142a do \u0142azienki b\u0119dzie najlepsza? To pytanie zadaje sobie wiele os\u00f3b. Wyb\u00f3r odpowiedniej\u00a0barwy [&hellip;]<\/p>\n","protected":false},"author":7,"featured_media":14545,"comment_status":"closed","ping_status":"closed","sticky":false,"template":"","format":"standard","meta":{"inline_featured_image":false,"footnotes":""},"categories":[41,31],"tags":[802],"class_list":["post-14401","post","type-post","status-publish","format-standard","has-post-thumbnail","hentry","category-lazienka-wewnetrzne-kategorie","category-oswietlenie-dla-domu","tag-oswietlenie-lazienki"],"acf":[],"yoast_head":"<!-- This site is optimized with the Yoast SEO Premium plugin v26.8 (Yoast SEO v26.8) - https:\/\/yoast.com\/product\/yoast-seo-premium-wordpress\/ -->\n<title>Jaka barwa \u015bwiat\u0142a do \u0142azienki? : Kompleksowy przewodnik - SMD-LED<\/title>\n<meta name=\"description\" content=\"Jaka barwa \u015bwiat\u0142a do \u0142azienki? Zobacz nasz artyku\u0142 i zobacz jak barwy 3000K, 4000K, 6500K zmieniaj\u0105 wygl\u0105d \u0142azienki!\" \/>\n<meta name=\"robots\" content=\"index, follow, max-snippet:-1, max-image-preview:large, max-video-preview:-1\" \/>\n<link rel=\"canonical\" href=\"https:\/\/www.smd-led.pl\/blog\/jaka-barwe-swiatla-wybrac-do-lazienki\/\" \/>\n<meta property=\"og:locale\" content=\"pl_PL\" \/>\n<meta property=\"og:type\" content=\"article\" \/>\n<meta property=\"og:title\" content=\"Jaka barwa \u015bwiat\u0142a do \u0142azienki? : Kompleksowy przewodnik\" \/>\n<meta property=\"og:description\" content=\"Jaka barwa \u015bwiat\u0142a do \u0142azienki? Zobacz nasz artyku\u0142 i zobacz jak barwy 3000K, 4000K, 6500K zmieniaj\u0105 wygl\u0105d \u0142azienki!\" \/>\n<meta property=\"og:url\" content=\"https:\/\/www.smd-led.pl\/blog\/jaka-barwe-swiatla-wybrac-do-lazienki\/\" \/>\n<meta property=\"og:site_name\" content=\"SMD-LED\" \/>\n<meta property=\"article:published_time\" content=\"2023-11-09T14:10:25+00:00\" \/>\n<meta property=\"article:modified_time\" content=\"2024-02-01T10:25:02+00:00\" \/>\n<meta property=\"og:image\" content=\"https:\/\/www.smd-led.pl\/blog\/wp-content\/uploads\/2023\/11\/Podswietlenie-wanny-czyli-Ledy-pod-wanne-1.jpg\" \/>\n\t<meta property=\"og:image:width\" content=\"1100\" \/>\n\t<meta property=\"og:image:height\" content=\"550\" \/>\n\t<meta property=\"og:image:type\" content=\"image\/jpeg\" \/>\n<meta name=\"author\" content=\"Marcin Pietrasik\" \/>\n<meta name=\"twitter:card\" content=\"summary_large_image\" \/>\n<meta name=\"twitter:label1\" content=\"Napisane przez\" \/>\n\t<meta name=\"twitter:data1\" content=\"Marcin Pietrasik\" \/>\n\t<meta name=\"twitter:label2\" content=\"Szacowany czas czytania\" \/>\n\t<meta name=\"twitter:data2\" content=\"29 minut\" \/>\n<script type=\"application\/ld+json\" class=\"yoast-schema-graph\">{\"@context\":\"https:\/\/schema.org\",\"@graph\":[{\"@type\":\"Article\",\"@id\":\"https:\/\/www.smd-led.pl\/blog\/jaka-barwe-swiatla-wybrac-do-lazienki\/#article\",\"isPartOf\":{\"@id\":\"https:\/\/www.smd-led.pl\/blog\/jaka-barwe-swiatla-wybrac-do-lazienki\/\"},\"author\":{\"name\":\"Marcin Pietrasik\",\"@id\":\"https:\/\/www.smd-led.pl\/blog\/#\/schema\/person\/887fa24be503d7ae726f67021d1623f5\"},\"headline\":\"Jaka barwa \u015bwiat\u0142a do \u0142azienki? : Kompleksowy przewodnik\",\"datePublished\":\"2023-11-09T14:10:25+00:00\",\"dateModified\":\"2024-02-01T10:25:02+00:00\",\"mainEntityOfPage\":{\"@id\":\"https:\/\/www.smd-led.pl\/blog\/jaka-barwe-swiatla-wybrac-do-lazienki\/\"},\"wordCount\":5281,\"image\":{\"@id\":\"https:\/\/www.smd-led.pl\/blog\/jaka-barwe-swiatla-wybrac-do-lazienki\/#primaryimage\"},\"thumbnailUrl\":\"https:\/\/www.smd-led.pl\/blog\/wp-content\/uploads\/2023\/11\/Podswietlenie-wanny-czyli-Ledy-pod-wanne-1.jpg\",\"keywords\":[\"o\u015bwietlenie \u0142azienki\"],\"articleSection\":[\"\u0141azienka\",\"O\u015bwietlenie dla domu\"],\"inLanguage\":\"pl-PL\"},{\"@type\":\"WebPage\",\"@id\":\"https:\/\/www.smd-led.pl\/blog\/jaka-barwe-swiatla-wybrac-do-lazienki\/\",\"url\":\"https:\/\/www.smd-led.pl\/blog\/jaka-barwe-swiatla-wybrac-do-lazienki\/\",\"name\":\"Jaka barwa \u015bwiat\u0142a do \u0142azienki? : Kompleksowy przewodnik - SMD-LED\",\"isPartOf\":{\"@id\":\"https:\/\/www.smd-led.pl\/blog\/#website\"},\"primaryImageOfPage\":{\"@id\":\"https:\/\/www.smd-led.pl\/blog\/jaka-barwe-swiatla-wybrac-do-lazienki\/#primaryimage\"},\"image\":{\"@id\":\"https:\/\/www.smd-led.pl\/blog\/jaka-barwe-swiatla-wybrac-do-lazienki\/#primaryimage\"},\"thumbnailUrl\":\"https:\/\/www.smd-led.pl\/blog\/wp-content\/uploads\/2023\/11\/Podswietlenie-wanny-czyli-Ledy-pod-wanne-1.jpg\",\"datePublished\":\"2023-11-09T14:10:25+00:00\",\"dateModified\":\"2024-02-01T10:25:02+00:00\",\"author\":{\"@id\":\"https:\/\/www.smd-led.pl\/blog\/#\/schema\/person\/887fa24be503d7ae726f67021d1623f5\"},\"description\":\"Jaka barwa \u015bwiat\u0142a do \u0142azienki? Zobacz nasz artyku\u0142 i zobacz jak barwy 3000K, 4000K, 6500K zmieniaj\u0105 wygl\u0105d \u0142azienki!\",\"breadcrumb\":{\"@id\":\"https:\/\/www.smd-led.pl\/blog\/jaka-barwe-swiatla-wybrac-do-lazienki\/#breadcrumb\"},\"inLanguage\":\"pl-PL\",\"potentialAction\":[{\"@type\":\"ReadAction\",\"target\":[\"https:\/\/www.smd-led.pl\/blog\/jaka-barwe-swiatla-wybrac-do-lazienki\/\"]}]},{\"@type\":\"ImageObject\",\"inLanguage\":\"pl-PL\",\"@id\":\"https:\/\/www.smd-led.pl\/blog\/jaka-barwe-swiatla-wybrac-do-lazienki\/#primaryimage\",\"url\":\"https:\/\/www.smd-led.pl\/blog\/wp-content\/uploads\/2023\/11\/Podswietlenie-wanny-czyli-Ledy-pod-wanne-1.jpg\",\"contentUrl\":\"https:\/\/www.smd-led.pl\/blog\/wp-content\/uploads\/2023\/11\/Podswietlenie-wanny-czyli-Ledy-pod-wanne-1.jpg\",\"width\":1100,\"height\":550},{\"@type\":\"BreadcrumbList\",\"@id\":\"https:\/\/www.smd-led.pl\/blog\/jaka-barwe-swiatla-wybrac-do-lazienki\/#breadcrumb\",\"itemListElement\":[{\"@type\":\"ListItem\",\"position\":1,\"name\":\"Strona g\u0142\u00f3wna\",\"item\":\"https:\/\/www.smd-led.pl\/blog\/\"},{\"@type\":\"ListItem\",\"position\":2,\"name\":\"Jaka barwa \u015bwiat\u0142a do \u0142azienki? : Kompleksowy przewodnik\"}]},{\"@type\":\"WebSite\",\"@id\":\"https:\/\/www.smd-led.pl\/blog\/#website\",\"url\":\"https:\/\/www.smd-led.pl\/blog\/\",\"name\":\"SMD-LED\",\"description\":\"O\u015bwietlenie Led do domu i przemys\u0142u porady, testy i opinie ekspert\u00f3w\",\"potentialAction\":[{\"@type\":\"SearchAction\",\"target\":{\"@type\":\"EntryPoint\",\"urlTemplate\":\"https:\/\/www.smd-led.pl\/blog\/?s={search_term_string}\"},\"query-input\":{\"@type\":\"PropertyValueSpecification\",\"valueRequired\":true,\"valueName\":\"search_term_string\"}}],\"inLanguage\":\"pl-PL\"},{\"@type\":\"Person\",\"@id\":\"https:\/\/www.smd-led.pl\/blog\/#\/schema\/person\/887fa24be503d7ae726f67021d1623f5\",\"name\":\"Marcin Pietrasik\",\"image\":{\"@type\":\"ImageObject\",\"inLanguage\":\"pl-PL\",\"@id\":\"https:\/\/www.smd-led.pl\/blog\/#\/schema\/person\/image\/\",\"url\":\"https:\/\/secure.gravatar.com\/avatar\/c886f4ccbb5c83b665ee8b66f0b3401128439bc832dca6389b6e67c6bdc3d38b?s=96&d=mm&r=g\",\"contentUrl\":\"https:\/\/secure.gravatar.com\/avatar\/c886f4ccbb5c83b665ee8b66f0b3401128439bc832dca6389b6e67c6bdc3d38b?s=96&d=mm&r=g\",\"caption\":\"Marcin Pietrasik\"},\"url\":\"https:\/\/www.smd-led.pl\/blog\/author\/mpietrasik\/\"}]}<\/script>\n<!-- \/ Yoast SEO Premium plugin. -->","yoast_head_json":{"title":"Jaka barwa \u015bwiat\u0142a do \u0142azienki? : Kompleksowy przewodnik - SMD-LED","description":"Jaka barwa \u015bwiat\u0142a do \u0142azienki? Zobacz nasz artyku\u0142 i zobacz jak barwy 3000K, 4000K, 6500K zmieniaj\u0105 wygl\u0105d \u0142azienki!","robots":{"index":"index","follow":"follow","max-snippet":"max-snippet:-1","max-image-preview":"max-image-preview:large","max-video-preview":"max-video-preview:-1"},"canonical":"https:\/\/www.smd-led.pl\/blog\/jaka-barwe-swiatla-wybrac-do-lazienki\/","og_locale":"pl_PL","og_type":"article","og_title":"Jaka barwa \u015bwiat\u0142a do \u0142azienki? : Kompleksowy przewodnik","og_description":"Jaka barwa \u015bwiat\u0142a do \u0142azienki? Zobacz nasz artyku\u0142 i zobacz jak barwy 3000K, 4000K, 6500K zmieniaj\u0105 wygl\u0105d \u0142azienki!","og_url":"https:\/\/www.smd-led.pl\/blog\/jaka-barwe-swiatla-wybrac-do-lazienki\/","og_site_name":"SMD-LED","article_published_time":"2023-11-09T14:10:25+00:00","article_modified_time":"2024-02-01T10:25:02+00:00","og_image":[{"width":1100,"height":550,"url":"https:\/\/www.smd-led.pl\/blog\/wp-content\/uploads\/2023\/11\/Podswietlenie-wanny-czyli-Ledy-pod-wanne-1.jpg","type":"image\/jpeg"}],"author":"Marcin Pietrasik","twitter_card":"summary_large_image","twitter_misc":{"Napisane przez":"Marcin Pietrasik","Szacowany czas czytania":"29 minut"},"schema":{"@context":"https:\/\/schema.org","@graph":[{"@type":"Article","@id":"https:\/\/www.smd-led.pl\/blog\/jaka-barwe-swiatla-wybrac-do-lazienki\/#article","isPartOf":{"@id":"https:\/\/www.smd-led.pl\/blog\/jaka-barwe-swiatla-wybrac-do-lazienki\/"},"author":{"name":"Marcin Pietrasik","@id":"https:\/\/www.smd-led.pl\/blog\/#\/schema\/person\/887fa24be503d7ae726f67021d1623f5"},"headline":"Jaka barwa \u015bwiat\u0142a do \u0142azienki? : Kompleksowy przewodnik","datePublished":"2023-11-09T14:10:25+00:00","dateModified":"2024-02-01T10:25:02+00:00","mainEntityOfPage":{"@id":"https:\/\/www.smd-led.pl\/blog\/jaka-barwe-swiatla-wybrac-do-lazienki\/"},"wordCount":5281,"image":{"@id":"https:\/\/www.smd-led.pl\/blog\/jaka-barwe-swiatla-wybrac-do-lazienki\/#primaryimage"},"thumbnailUrl":"https:\/\/www.smd-led.pl\/blog\/wp-content\/uploads\/2023\/11\/Podswietlenie-wanny-czyli-Ledy-pod-wanne-1.jpg","keywords":["o\u015bwietlenie \u0142azienki"],"articleSection":["\u0141azienka","O\u015bwietlenie dla domu"],"inLanguage":"pl-PL"},{"@type":"WebPage","@id":"https:\/\/www.smd-led.pl\/blog\/jaka-barwe-swiatla-wybrac-do-lazienki\/","url":"https:\/\/www.smd-led.pl\/blog\/jaka-barwe-swiatla-wybrac-do-lazienki\/","name":"Jaka barwa \u015bwiat\u0142a do \u0142azienki? : Kompleksowy przewodnik - SMD-LED","isPartOf":{"@id":"https:\/\/www.smd-led.pl\/blog\/#website"},"primaryImageOfPage":{"@id":"https:\/\/www.smd-led.pl\/blog\/jaka-barwe-swiatla-wybrac-do-lazienki\/#primaryimage"},"image":{"@id":"https:\/\/www.smd-led.pl\/blog\/jaka-barwe-swiatla-wybrac-do-lazienki\/#primaryimage"},"thumbnailUrl":"https:\/\/www.smd-led.pl\/blog\/wp-content\/uploads\/2023\/11\/Podswietlenie-wanny-czyli-Ledy-pod-wanne-1.jpg","datePublished":"2023-11-09T14:10:25+00:00","dateModified":"2024-02-01T10:25:02+00:00","author":{"@id":"https:\/\/www.smd-led.pl\/blog\/#\/schema\/person\/887fa24be503d7ae726f67021d1623f5"},"description":"Jaka barwa \u015bwiat\u0142a do \u0142azienki? Zobacz nasz artyku\u0142 i zobacz jak barwy 3000K, 4000K, 6500K zmieniaj\u0105 wygl\u0105d \u0142azienki!","breadcrumb":{"@id":"https:\/\/www.smd-led.pl\/blog\/jaka-barwe-swiatla-wybrac-do-lazienki\/#breadcrumb"},"inLanguage":"pl-PL","potentialAction":[{"@type":"ReadAction","target":["https:\/\/www.smd-led.pl\/blog\/jaka-barwe-swiatla-wybrac-do-lazienki\/"]}]},{"@type":"ImageObject","inLanguage":"pl-PL","@id":"https:\/\/www.smd-led.pl\/blog\/jaka-barwe-swiatla-wybrac-do-lazienki\/#primaryimage","url":"https:\/\/www.smd-led.pl\/blog\/wp-content\/uploads\/2023\/11\/Podswietlenie-wanny-czyli-Ledy-pod-wanne-1.jpg","contentUrl":"https:\/\/www.smd-led.pl\/blog\/wp-content\/uploads\/2023\/11\/Podswietlenie-wanny-czyli-Ledy-pod-wanne-1.jpg","width":1100,"height":550},{"@type":"BreadcrumbList","@id":"https:\/\/www.smd-led.pl\/blog\/jaka-barwe-swiatla-wybrac-do-lazienki\/#breadcrumb","itemListElement":[{"@type":"ListItem","position":1,"name":"Strona g\u0142\u00f3wna","item":"https:\/\/www.smd-led.pl\/blog\/"},{"@type":"ListItem","position":2,"name":"Jaka barwa \u015bwiat\u0142a do \u0142azienki? : Kompleksowy przewodnik"}]},{"@type":"WebSite","@id":"https:\/\/www.smd-led.pl\/blog\/#website","url":"https:\/\/www.smd-led.pl\/blog\/","name":"SMD-LED","description":"O\u015bwietlenie Led do domu i przemys\u0142u porady, testy i opinie ekspert\u00f3w","potentialAction":[{"@type":"SearchAction","target":{"@type":"EntryPoint","urlTemplate":"https:\/\/www.smd-led.pl\/blog\/?s={search_term_string}"},"query-input":{"@type":"PropertyValueSpecification","valueRequired":true,"valueName":"search_term_string"}}],"inLanguage":"pl-PL"},{"@type":"Person","@id":"https:\/\/www.smd-led.pl\/blog\/#\/schema\/person\/887fa24be503d7ae726f67021d1623f5","name":"Marcin Pietrasik","image":{"@type":"ImageObject","inLanguage":"pl-PL","@id":"https:\/\/www.smd-led.pl\/blog\/#\/schema\/person\/image\/","url":"https:\/\/secure.gravatar.com\/avatar\/c886f4ccbb5c83b665ee8b66f0b3401128439bc832dca6389b6e67c6bdc3d38b?s=96&d=mm&r=g","contentUrl":"https:\/\/secure.gravatar.com\/avatar\/c886f4ccbb5c83b665ee8b66f0b3401128439bc832dca6389b6e67c6bdc3d38b?s=96&d=mm&r=g","caption":"Marcin Pietrasik"},"url":"https:\/\/www.smd-led.pl\/blog\/author\/mpietrasik\/"}]}},"_links":{"self":[{"href":"https:\/\/www.smd-led.pl\/blog\/wp-json\/wp\/v2\/posts\/14401","targetHints":{"allow":["GET"]}}],"collection":[{"href":"https:\/\/www.smd-led.pl\/blog\/wp-json\/wp\/v2\/posts"}],"about":[{"href":"https:\/\/www.smd-led.pl\/blog\/wp-json\/wp\/v2\/types\/post"}],"author":[{"embeddable":true,"href":"https:\/\/www.smd-led.pl\/blog\/wp-json\/wp\/v2\/users\/7"}],"replies":[{"embeddable":true,"href":"https:\/\/www.smd-led.pl\/blog\/wp-json\/wp\/v2\/comments?post=14401"}],"version-history":[{"count":25,"href":"https:\/\/www.smd-led.pl\/blog\/wp-json\/wp\/v2\/posts\/14401\/revisions"}],"predecessor-version":[{"id":17826,"href":"https:\/\/www.smd-led.pl\/blog\/wp-json\/wp\/v2\/posts\/14401\/revisions\/17826"}],"wp:featuredmedia":[{"embeddable":true,"href":"https:\/\/www.smd-led.pl\/blog\/wp-json\/wp\/v2\/media\/14545"}],"wp:attachment":[{"href":"https:\/\/www.smd-led.pl\/blog\/wp-json\/wp\/v2\/media?parent=14401"}],"wp:term":[{"taxonomy":"category","embeddable":true,"href":"https:\/\/www.smd-led.pl\/blog\/wp-json\/wp\/v2\/categories?post=14401"},{"taxonomy":"post_tag","embeddable":true,"href":"https:\/\/www.smd-led.pl\/blog\/wp-json\/wp\/v2\/tags?post=14401"}],"curies":[{"name":"wp","href":"https:\/\/api.w.org\/{rel}","templated":true}]}}