{"id":14462,"date":"2023-11-09T14:46:42","date_gmt":"2023-11-09T13:46:42","guid":{"rendered":"https:\/\/www.smd-led.pl\/blog\/?p=14462"},"modified":"2024-02-01T11:06:02","modified_gmt":"2024-02-01T10:06:02","slug":"jaka-barwa-swiatla-do-kuchni","status":"publish","type":"post","link":"https:\/\/www.smd-led.pl\/blog\/jaka-barwa-swiatla-do-kuchni\/","title":{"rendered":"Jaka barwa \u015bwiat\u0142a do kuchni?\u00a0"},"content":{"rendered":"<p>Pytanie jaka barwa \u015bwiat\u0142a do kuchni sprawdzi si\u0119 w o\u015bwietlaniu kuchni chocia\u017c odpowied\u017a wydaje si\u0119 prosta w rzeczywisto\u015bci taka nie jest. Zatem jaka barwa \u015bwiat\u0142a do kuchni sprawdzi si\u0119 w Twoim domu? Odpowied\u017a na to pytanie znajdziecie Pa\u0144stwo w dalszej cz\u0119\u015bci artyku\u0142u. <strong>Wybieraj\u0105c barw\u0119 \u015bwiat\u0142a do swojej kuchni, nale\u017cy pami\u0119ta\u0107, \u017ce jest to decyzja wp\u0142ywaj\u0105ca nie tylko na funkcjonalno\u015b\u0107, ale i estetyk\u0119 ka\u017cdej kuchni. \u015awiat\u0142o w kuchni mo\u017ce przyjmowa\u0107 r\u00f3\u017cne barwy, od ciep\u0142ych po zimne, kt\u00f3re maj\u0105 zasadnicze znaczenie dla komfortu pracy i atmosfery panuj\u0105cej w tym pomieszczeniu. Barwa \u015bwiat\u0142a to w\u0142a\u015bciwie odcie\u0144 emitowany przez \u017ar\u00f3d\u0142o \u015bwiat\u0142a, kt\u00f3ry mo\u017ce by\u0107 bardziej bia\u0142y, \u017c\u00f3\u0142ty lub niebieski, w zale\u017cno\u015bci od jego temperatury barwowej. Warto po\u0142\u0105czy\u0107 kilka \u017ar\u00f3de\u0142 \u015bwiat\u0142a, aby zapewni\u0107 odpowiedni\u0105 iluminacj\u0119 zar\u00f3wno dla stref roboczych, jak i ca\u0142ej przestrzeni. O\u015bwietlenie punktowe, jak lampy pod szafkowe czy <a href=\"https:\/\/www.smd-led.pl\/reflektor-punktowy-led\">reflektory<\/a>, jest idealne do o\u015bwietlenia stref roboczych w kuchni. Natomiast og\u00f3lne o\u015bwietlenie, takie jak <a href=\"https:\/\/www.smd-led.pl\/lampy-do-kuchni-sufitowe\">lampy sufitowe<\/a>, mo\u017ce by\u0107 uzupe\u0142nione o \u015bwiat\u0142o ciep\u0142e lub zimne, w zale\u017cno\u015bci od preferowanego nastroju i stylu kuchni.\u00a0<\/strong>Podsumowuj\u0105c, wyb\u00f3r odpowiedniej barwy \u015bwiat\u0142a do kuchni zale\u017cy od wielu czynnik\u00f3w, w tym od stylu, w jakim jest ona urz\u0105dzona, oraz od indywidualnych preferencji u\u017cytkownik\u00f3w. Dobieraj\u0105c barw\u0119 \u015bwiat\u0142a do pomieszczenia, warto zwr\u00f3ci\u0107 uwag\u0119 na to, jak \u015bwiat\u0142o wp\u0142ywa na kolorystyk\u0119 i nastr\u00f3j w kuchni, a tak\u017ce na funkcjonalno\u015b\u0107 pracy w tym wa\u017cnym miejscu domu.<\/p>\n<div id=\"attachment_14518\" style=\"width: 1210px\" class=\"wp-caption aligncenter\"><img loading=\"lazy\" decoding=\"async\" aria-describedby=\"caption-attachment-14518\" class=\"size-full wp-image-14518\" src=\"https:\/\/www.smd-led.pl\/blog\/wp-content\/uploads\/2023\/11\/Jaka-barwa-swiatla-do-kuchni_-.png\" alt=\"Jaka barwa \u015bwiat\u0142a do kuchni\" width=\"1200\" height=\"600\" srcset=\"https:\/\/www.smd-led.pl\/blog\/wp-content\/uploads\/2023\/11\/Jaka-barwa-swiatla-do-kuchni_-.png 1200w, https:\/\/www.smd-led.pl\/blog\/wp-content\/uploads\/2023\/11\/Jaka-barwa-swiatla-do-kuchni_--300x150.png 300w, https:\/\/www.smd-led.pl\/blog\/wp-content\/uploads\/2023\/11\/Jaka-barwa-swiatla-do-kuchni_--1024x512.png 1024w, https:\/\/www.smd-led.pl\/blog\/wp-content\/uploads\/2023\/11\/Jaka-barwa-swiatla-do-kuchni_--768x384.png 768w\" sizes=\"auto, (max-width: 1200px) 100vw, 1200px\" \/><p id=\"caption-attachment-14518\" class=\"wp-caption-text\">Jaka barwa \u015bwiat\u0142a do kuchni<\/p><\/div>\n<h2 style=\"text-align: center;\"><span style=\"font-size: 24pt; color: #ff0000;\"><b style=\"color: #ff0000; font-size: 24pt;\">Lampy kt\u00f3re najcz\u0119\u015bciej s\u0105 wybierane do kuchni<\/b><b style=\"color: #ff0000; font-size: 24pt;\">: <\/b><\/span><span style=\"font-size: 24pt; color: #ff0000;\"><b style=\"color: #ff0000; font-size: 24pt;\">Lampy wisz\u0105ce, Szynoprzewody<\/b><\/span><span style=\"font-size: 24pt; color: #ff0000;\"><b style=\"color: #ff0000; font-size: 24pt;\">, Tuby<\/b><\/span><\/h2>\n<div class=\"call-to-action-07\"><div class=\"call-to-action-07__product-box\"><img decoding=\"async\" src=\"https:\/\/www.smd-led.pl\/blog\/wp-content\/uploads\/2023\/12\/lampa-wiszaca-toro-black-gold-3xe27.webp\" alt=\"Lampa wisz\u0105ca\" \/><span class=\"call-to-action-07__product-title\">Lampa wisz\u0105ca<\/span><a href=\"https:\/\/www.smd-led.pl\/lampa-wiszaca\" class=\"button\" id=\"kategorie_lampa_kuchnia\" target=\"_self\">Zobacz produkty<\/a><\/div><div class=\"call-to-action-07__product-box\"><img decoding=\"async\" src=\"https:\/\/www.smd-led.pl\/blog\/wp-content\/uploads\/2023\/12\/Kopia-Bez-nazwy-9.png\" alt=\"O\u015bwietlenie szynowe\" \/><span class=\"call-to-action-07__product-title\">O\u015bwietlenie szynowe<\/span><a href=\"https:\/\/www.smd-led.pl\/oswietlenie-szynowe\" class=\"button\" id=\"kategorie_lampa_kuchnia\" target=\"_self\">Zobacz produkty<\/a><\/div><div class=\"call-to-action-07__product-box\"><img decoding=\"async\" src=\"https:\/\/www.smd-led.pl\/blog\/wp-content\/uploads\/2023\/12\/Projekt-bez-nazwy-17.png\" alt=\"Tuby sufitowe\" \/><span class=\"call-to-action-07__product-title\">Tuby sufitowe<\/span><a href=\"https:\/\/www.smd-led.pl\/tuby-sufitowe\" class=\"button\" id=\"kategorie_lampa_kuchnia\" target=\"_self\">Zobacz produkty<\/a><\/div><\/div>\n<h3>Co to jest barwa \u015bwiat\u0142a i jak j\u0105 mierzymy?<\/h3>\n<p><strong>Temperatura barwowa to miara, kt\u00f3ra pozwala okre\u015bli\u0107 barw\u0119 \u015bwiat\u0142a. Mierzy si\u0119 j\u0105 w jednostkach kelwin\u00f3w (K) i okre\u015bla, jak ciep\u0142y lub zimny jest kolor \u015bwiat\u0142a. Im wy\u017csza temperatura barwowa, tym zimniejsza barwa \u015bwiat\u0142a, a im ni\u017csza temperatura, tym cieplejsza barwa.<\/strong> Warto zwr\u00f3ci\u0107 uwag\u0119 na temperatur\u0119 barwow\u0105 \u015bwiat\u0142a do kuchni, aby dopasowa\u0107 o\u015bwietlenie do potrzeb i stylu pomieszczenia.<\/p>\n<div id=\"attachment_14519\" style=\"width: 1210px\" class=\"wp-caption aligncenter\"><img loading=\"lazy\" decoding=\"async\" aria-describedby=\"caption-attachment-14519\" class=\"size-full wp-image-14519\" src=\"https:\/\/www.smd-led.pl\/blog\/wp-content\/uploads\/2023\/11\/Co-to-jest-barwa-swiatla-i-jak-ja-mierzymy.png\" alt=\"Co to jest barwa \u015bwiat\u0142a i jak j\u0105 mierzymy\" width=\"1200\" height=\"600\" srcset=\"https:\/\/www.smd-led.pl\/blog\/wp-content\/uploads\/2023\/11\/Co-to-jest-barwa-swiatla-i-jak-ja-mierzymy.png 1200w, https:\/\/www.smd-led.pl\/blog\/wp-content\/uploads\/2023\/11\/Co-to-jest-barwa-swiatla-i-jak-ja-mierzymy-300x150.png 300w, https:\/\/www.smd-led.pl\/blog\/wp-content\/uploads\/2023\/11\/Co-to-jest-barwa-swiatla-i-jak-ja-mierzymy-1024x512.png 1024w, https:\/\/www.smd-led.pl\/blog\/wp-content\/uploads\/2023\/11\/Co-to-jest-barwa-swiatla-i-jak-ja-mierzymy-768x384.png 768w\" sizes=\"auto, (max-width: 1200px) 100vw, 1200px\" \/><p id=\"caption-attachment-14519\" class=\"wp-caption-text\">Co to jest barwa \u015bwiat\u0142a i jak j\u0105 mierzymy<\/p><\/div>\n<h3><\/h3>\n<h3>R\u00f3\u017cne barwy \u015bwiat\u0142a: od ciep\u0142ej do zimnej<\/h3>\n<p><strong>Ciep\u0142a barwa \u015bwiat\u0142a charakteryzuje si\u0119 ni\u017csz\u0105 temperatur\u0105 barwow\u0105 (poni\u017cej 3500K) i daje przyjemne, \u017c\u00f3\u0142te \u015bwiat\u0142o. Zimna barwa o\u015bwietlenia, o wy\u017cszej temperaturze barwowej (powy\u017cej 5000K), daje niebieskawe \u015bwiat\u0142o. Ciep\u0142e barwy \u015bwiat\u0142a sprawiaj\u0105, \u017ce pomieszczenie wydaje si\u0119 przytulniejsze, podczas gdy zimna barwa \u015bwiat\u0142a mo\u017ce sprawi\u0107, \u017ce wn\u0119trze b\u0119dzie wygl\u0105da\u0107 bardziej nowocze\u015bnie i przestronnie.<\/strong> Wyb\u00f3r mi\u0119dzy barw\u0105 ciep\u0142\u0105 a barw\u0105 \u015bwiat\u0142a zimn\u0105 zale\u017cy od indywidualnych preferencji i funkcji pomieszczenia.<\/p>\n<div id=\"attachment_14520\" style=\"width: 1210px\" class=\"wp-caption aligncenter\"><img loading=\"lazy\" decoding=\"async\" aria-describedby=\"caption-attachment-14520\" class=\"size-full wp-image-14520\" src=\"https:\/\/www.smd-led.pl\/blog\/wp-content\/uploads\/2023\/11\/Rozne-barwy-swiatla_-od-cieplej-do-zimnej.png\" alt=\"R\u00f3\u017cne barwy \u015bwiat\u0142a_ od ciep\u0142ej do zimnej\" width=\"1200\" height=\"600\" srcset=\"https:\/\/www.smd-led.pl\/blog\/wp-content\/uploads\/2023\/11\/Rozne-barwy-swiatla_-od-cieplej-do-zimnej.png 1200w, https:\/\/www.smd-led.pl\/blog\/wp-content\/uploads\/2023\/11\/Rozne-barwy-swiatla_-od-cieplej-do-zimnej-300x150.png 300w, https:\/\/www.smd-led.pl\/blog\/wp-content\/uploads\/2023\/11\/Rozne-barwy-swiatla_-od-cieplej-do-zimnej-1024x512.png 1024w, https:\/\/www.smd-led.pl\/blog\/wp-content\/uploads\/2023\/11\/Rozne-barwy-swiatla_-od-cieplej-do-zimnej-768x384.png 768w\" sizes=\"auto, (max-width: 1200px) 100vw, 1200px\" \/><p id=\"caption-attachment-14520\" class=\"wp-caption-text\">R\u00f3\u017cne barwy \u015bwiat\u0142a_ od ciep\u0142ej do zimnej<\/p><\/div>\n<h3>Oznaczenie barw \u015bwiat\u0142a: Jak odczyta\u0107 temperatur\u0119 barwow\u0105?<\/h3>\n<p><strong>Aby odczyta\u0107 oznaczenie barw \u015bwiat\u0142a, nale\u017cy sprawdzi\u0107 opis na opakowaniu \u017car\u00f3wki lub innego \u017ar\u00f3d\u0142a \u015bwiat\u0142a.\u00a0<\/strong> Zatem jak odczyta\u0107 temperatur\u0119 barwow\u0105 prawid\u0142owo?\u00a0 Zazwyczaj temperatura barwowa podawana jest w kelwinach (K) i mo\u017ce by\u0107 przedstawiona jako liczba (np. 2700K) lub opis (np. ciep\u0142a biel). Wybieraj\u0105c o\u015bwietlenie, warto zwr\u00f3ci\u0107 uwag\u0119 na oznaczenia, aby dopasowa\u0107 barw\u0119 \u015bwiat\u0142a do potrzeb i stylu wn\u0119trza.<\/p>\n<div id=\"attachment_14521\" style=\"width: 1210px\" class=\"wp-caption aligncenter\"><img loading=\"lazy\" decoding=\"async\" aria-describedby=\"caption-attachment-14521\" class=\"size-full wp-image-14521\" src=\"https:\/\/www.smd-led.pl\/blog\/wp-content\/uploads\/2023\/11\/Oznaczenie-barw-swiatla_-Jak-odczytac-temperature-barwowa.png\" alt=\"Oznaczenie barw \u015bwiat\u0142a_ Jak odczyta\u0107 temperatur\u0119 barwow\u0105\" width=\"1200\" height=\"600\" srcset=\"https:\/\/www.smd-led.pl\/blog\/wp-content\/uploads\/2023\/11\/Oznaczenie-barw-swiatla_-Jak-odczytac-temperature-barwowa.png 1200w, https:\/\/www.smd-led.pl\/blog\/wp-content\/uploads\/2023\/11\/Oznaczenie-barw-swiatla_-Jak-odczytac-temperature-barwowa-300x150.png 300w, https:\/\/www.smd-led.pl\/blog\/wp-content\/uploads\/2023\/11\/Oznaczenie-barw-swiatla_-Jak-odczytac-temperature-barwowa-1024x512.png 1024w, https:\/\/www.smd-led.pl\/blog\/wp-content\/uploads\/2023\/11\/Oznaczenie-barw-swiatla_-Jak-odczytac-temperature-barwowa-768x384.png 768w\" sizes=\"auto, (max-width: 1200px) 100vw, 1200px\" \/><p id=\"caption-attachment-14521\" class=\"wp-caption-text\">Oznaczenie barw \u015bwiat\u0142a_ Jak odczyta\u0107 temperatur\u0119 barwow\u0105<\/p><\/div>\n<p>&nbsp;<\/p>\n<h2>Wyb\u00f3r odpowiedniej barwy \u015bwiat\u0142a do kuchni<\/h2>\n<p>Wyb\u00f3r odpowiedniej barwy \u015bwiat\u0142a do kuchni\u00a0 jest istotny nie tylko ze wzgl\u0119du na estetyk\u0119, ale r\u00f3wnie\u017c ze wzgl\u0119du na nasze samopoczucie i funkcjonalno\u015b\u0107 przestrzeni. W zale\u017cno\u015bci od stylu kuchni oraz u\u017cytych w niej materia\u0142\u00f3w, r\u00f3\u017cne barwy \u015bwiat\u0142a mog\u0105 by\u0107 zalecane. W kuchniach urz\u0105dzonych w stylu Skandynawskim, gdzie dominuje drewno i naturalne materia\u0142y, doskonale sprawdzi si\u0119 \u015bwiat\u0142o neutralne. Jego barwa \u015bwietnie wsp\u00f3\u0142gra z jasnymi, naturalnymi kolorami i teksturami, tworz\u0105c harmonijn\u0105 i spokojn\u0105 atmosfer\u0119. Dla kuchni w stylu nowoczesnym i minimalistycznym, gdzie dominuj\u0105 proste formy i monochromatyczne kolory, rekomendowane jest zastosowanie \u015bwiat\u0142a zimnego. To \u015bwiat\u0142o podkre\u015bla surowo\u015b\u0107 i nowoczesno\u015b\u0107 tych aran\u017cacji, nadaj\u0105c wn\u0119trzom czysty i uporz\u0105dkowany wygl\u0105d. W przypadku kuchni urz\u0105dzonych w stylu Rustykalnym oraz Glamour, gdzie cz\u0119sto spotykane s\u0105 ciep\u0142e barwy i bogate detale, idealne b\u0119dzie \u015bwiat\u0142o ciep\u0142e. Takie o\u015bwietlenie podkre\u015bla g\u0142\u0119bi\u0119 kolor\u00f3w i tekstur, takich jak drewno czy kamie\u0144, dodaj\u0105c wn\u0119trzu przytulno\u015bci i elegancji.<\/p>\n<div class=\"call-to-action-06\" style=\"background-image: url('https:\/\/www.smd-led.pl\/blog\/wp-content\/uploads\/2023\/12\/Lampy-do-kuchni.png')\"><div class=\"call-to-action-06__info-box\"><div class=\"call-to-action-06__info\"><p class=\"call-to-action-06__txt\">Zobacz wi\u0119cej z kategorii<\/p><span class=\"call-to-action-06__cat-title\">Lampy do kuchni<\/span><a href=\"https:\/\/www.smd-led.pl\/lampy-do-kuchni\" class=\"button\" id=\"lamy_do_kuchni_kategoria\" target=\"_self\">Zobacz produkty<\/a><\/div><\/div><\/div>\n<p>Dla kuchni w stylu klasycznym, Vintage czy industrialnym, gdzie u\u017cywane s\u0105 materia\u0142y konstrukcyjne jak ceg\u0142a czy stal, ciep\u0142a barwa \u015bwiat\u0142a r\u00f3wnie\u017c b\u0119dzie odpowiednia. W tych stylach ciep\u0142e \u015bwiat\u0142o pomaga stworzy\u0107 przytulne i ciep\u0142e wn\u0119trze, r\u00f3wnowa\u017c\u0105c surowo\u015b\u0107 u\u017cytych materia\u0142\u00f3w.<strong> Podsumowuj\u0105c, wybieraj\u0105c barw\u0119 \u015bwiat\u0142a do kuchni, nale\u017cy uwzgl\u0119dni\u0107 styl aran\u017cacji oraz u\u017cyte materia\u0142y. Neutralne \u015bwiat\u0142o jest odpowiednie dla naturalnych, jasnych wn\u0119trz w stylu Skandynawskim, zimne \u015bwiat\u0142o podkre\u015bla nowoczesno\u015b\u0107 i minimalizm, natomiast ciep\u0142e \u015bwiat\u0142o nadaje si\u0119 do wn\u0119trz klasycznych, Vintage oraz industrialnych, gdzie dominuj\u0105 ci\u0119\u017csze materia\u0142y konstrukcyjne. Taki dob\u00f3r o\u015bwietlenia zapewni nie tylko odpowiedni\u0105 funkcjonalno\u015b\u0107, ale tak\u017ce pozytywnie wp\u0142ynie na atmosfer\u0119 i samopoczucie w kuchni. Warto podkre\u015bli\u0107 i\u017c barwa \u015bwiat\u0142a wp\u0142ywa na samopoczucie, dlatego tak wa\u017cne jest dobranie odpowiedniej barwy \u015bwiat\u0142a.<\/strong><\/p>\n<div id=\"attachment_14542\" style=\"width: 1210px\" class=\"wp-caption aligncenter\"><img loading=\"lazy\" decoding=\"async\" aria-describedby=\"caption-attachment-14542\" class=\"size-full wp-image-14542\" src=\"https:\/\/www.smd-led.pl\/blog\/wp-content\/uploads\/2023\/11\/Wybor-odpowiedniej-barwy-swiatla-do-kuchni-1.png\" alt=\"_ Wyb\u00f3r odpowiedniej barwy \u015bwiat\u0142a do kuchni\" width=\"1200\" height=\"600\" srcset=\"https:\/\/www.smd-led.pl\/blog\/wp-content\/uploads\/2023\/11\/Wybor-odpowiedniej-barwy-swiatla-do-kuchni-1.png 1200w, https:\/\/www.smd-led.pl\/blog\/wp-content\/uploads\/2023\/11\/Wybor-odpowiedniej-barwy-swiatla-do-kuchni-1-300x150.png 300w, https:\/\/www.smd-led.pl\/blog\/wp-content\/uploads\/2023\/11\/Wybor-odpowiedniej-barwy-swiatla-do-kuchni-1-1024x512.png 1024w, https:\/\/www.smd-led.pl\/blog\/wp-content\/uploads\/2023\/11\/Wybor-odpowiedniej-barwy-swiatla-do-kuchni-1-768x384.png 768w\" sizes=\"auto, (max-width: 1200px) 100vw, 1200px\" \/><p id=\"caption-attachment-14542\" class=\"wp-caption-text\">Wyb\u00f3r odpowiedniej barwy \u015bwiat\u0142a do kuchni<\/p><\/div>\n<h3>Ciep\u0142a barwa \u015bwiat\u0142a: Kiedy jest odpowiednia?<\/h3>\n<p><strong>Wybieraj\u0105c o\u015bwietlenie do kuchni utrzymanych w stylach klasycznym, Vintage, industrialnym oraz Retro, gdzie cz\u0119sto wyst\u0119puj\u0105 materia\u0142y takie jak ceg\u0142a czy stal, najlepiej sprawdzi si\u0119 ciep\u0142a barwa \u015bwiat\u0142a. Jego barwa doskonale komponuje si\u0119 z charakterem tych wn\u0119trz, dodaj\u0105c im elegancji i ciep\u0142ego charakteru.<\/strong> W kuchniach klasycznych ciep\u0142e \u015bwiat\u0142o podkre\u015bla elegancj\u0119 mebli i wzbogaca kolorystyk\u0119 wn\u0119trza. W aran\u017cacjach Vintage to \u015bwiat\u0142o uwydatnia unikatowo\u015b\u0107 i styl, a w przestrzeniach industrialnych oraz Retro, \u015bwiat\u0142o ciep\u0142e r\u00f3wnowa\u017cy surowo\u015b\u0107 i ch\u0142odne tekstury u\u017cytych materia\u0142\u00f3w, tworz\u0105c przytuln\u0105 atmosfer\u0119. \u00a0Niezale\u017cnie od stylu kuchni, wa\u017cne jest r\u00f3wnie\u017c, aby zwr\u00f3ci\u0107 uwag\u0119 na prawid\u0142owo dopasowane o\u015bwietlenie obszar\u00f3w roboczych w formie punktowego o\u015bwietlenia, takiego jak lampy pod szafkowe czy reflektory. Takie rozwi\u0105zanie u\u0142atwia wykonywanie codziennych czynno\u015bci i wp\u0142ywa na samopoczucie cz\u0142owieka. Dzi\u0119ki po\u0142\u0105czeniu <a href=\"https:\/\/www.smd-led.pl\/lampy-do-kuchni-sufitowe\">og\u00f3lnego \u015bwiat\u0142a<\/a>, kt\u00f3re odbija si\u0119 od sufitu i \u015bcian, z funkcjonalnym <a href=\"https:\/\/www.smd-led.pl\/reflektor-punktowy-led\">punktowym \u015bwiat\u0142em<\/a>, stworzona zostaje przestrze\u0144, kt\u00f3ra \u0142\u0105czy w sobie pi\u0119kno i praktyczno\u015b\u0107, sprzyjaj\u0105c efektywno\u015bci pracy i dobremu samopoczuciu.<\/p>\n<div id=\"attachment_14523\" style=\"width: 1210px\" class=\"wp-caption aligncenter\"><img loading=\"lazy\" decoding=\"async\" aria-describedby=\"caption-attachment-14523\" class=\"size-full wp-image-14523\" src=\"https:\/\/www.smd-led.pl\/blog\/wp-content\/uploads\/2023\/11\/Ciepla-barwa-swiatla_-Kiedy-jest-odpowiednia.png\" alt=\"Ciep\u0142a barwa \u015bwiat\u0142a_ Kiedy jest odpowiednia\" width=\"1200\" height=\"600\" srcset=\"https:\/\/www.smd-led.pl\/blog\/wp-content\/uploads\/2023\/11\/Ciepla-barwa-swiatla_-Kiedy-jest-odpowiednia.png 1200w, https:\/\/www.smd-led.pl\/blog\/wp-content\/uploads\/2023\/11\/Ciepla-barwa-swiatla_-Kiedy-jest-odpowiednia-300x150.png 300w, https:\/\/www.smd-led.pl\/blog\/wp-content\/uploads\/2023\/11\/Ciepla-barwa-swiatla_-Kiedy-jest-odpowiednia-1024x512.png 1024w, https:\/\/www.smd-led.pl\/blog\/wp-content\/uploads\/2023\/11\/Ciepla-barwa-swiatla_-Kiedy-jest-odpowiednia-768x384.png 768w\" sizes=\"auto, (max-width: 1200px) 100vw, 1200px\" \/><p id=\"caption-attachment-14523\" class=\"wp-caption-text\">Ciep\u0142a barwa \u015bwiat\u0142a_ Kiedy jest odpowiednia<\/p><\/div>\n<h3>Neutralna barwa \u015bwiat\u0142a: Uniwersalne rozwi\u0105zanie do kuchni<\/h3>\n<p><strong>Neutralna barwa \u015bwiat\u0142a to doskona\u0142a opcja dla wielu styl\u00f3w kuchni, takich jak Skandynawski, Nowoczesny, Minimalistyczny, Rustykalny, Glamour, a tak\u017ce Vintage. Dzi\u0119ki swojej zdolno\u015bci do realistycznego oddawania kolor\u00f3w, \u015bwiat\u0142o o neutralnej temperaturze barwowej jest wyj\u0105tkowo przydatne w kuchni, gdzie precyzyjne rozpoznawanie barw jest istotne, zw\u0142aszcza przy przygotowywaniu potraw.<\/strong> W kuchniach utrzymanych w stylu Skandynawskim, gdzie prym wiedzie minimalizm i jasna paleta barw, neutralne \u015bwiat\u0142o doskonale uzupe\u0142nia ich czyst\u0105 estetyk\u0119. Podobnie, w nowoczesnych aran\u017cacjach, gdzie dominuj\u0105 proste formy i jasne odcienie, neutralna barwa \u015bwiat\u0142a harmonijnie wsp\u00f3\u0142gra z nowatorskim designem.\u00a0W kuchniach minimalistycznych, gdzie liczy si\u0119 prostota i funkcjonalno\u015b\u0107, neutralna barwa \u015bwiat\u0142a dodatkowo podkre\u015bla te aspekty, nie rozpraszaj\u0105c uwagi niepotrzebnymi detalami. Natomiast w stylu Industrialnym, neutralne \u015bwiat\u0142o akcentuje surowe materia\u0142y i struktury charakterystyczne dla tego stylu. Dla kuchni Rustykalnych, gdzie przewa\u017caj\u0105 naturalne materia\u0142y i ciep\u0142e barwy, neutralne \u015bwiat\u0142o pozwala na zachowanie r\u00f3wnowagi i naturalnego wygl\u0105du drewna czy kamienia.<\/p>\n<div class=\"call-to-action-03\"><div class=\"call-to-action-03__product-box\"><img decoding=\"async\" src=\"https:\/\/www.smd-led.pl\/blog\/wp-content\/uploads\/2023\/12\/reflektor-spot-k-4727-z-serii-monti.webp\" alt=\"reflektor-spot-k-4727-z-serii-monti\" \/><span class=\"call-to-action-03__product-title\">REFLEKTOR \/ SPOT K-4727 Z SERII MONTI<\/span><a href=\"https:\/\/www.smd-led.pl\/lampy-do-kuchni-sufitowe\" class=\"button\" id=\"kuchnia_\" target=\"_self\">Zobacz produkt<\/a><\/div><div class=\"call-to-action-03__product-box\"><img decoding=\"async\" src=\"https:\/\/www.smd-led.pl\/blog\/wp-content\/uploads\/2023\/12\/lampa-wiszaca-solo-sawn-white-patinated-wood-5x-mini-gu10.webp\" alt=\"lampa-wiszaca-solo-sawn-white-patinated-wood-5x-mini-gu10\" \/><span class=\"call-to-action-03__product-title\">LAMPA WISZ\u0104CA SOLO SAWN WHITE \/ PATINATED<\/span><a href=\"https:\/\/www.smd-led.pl\/lampa-sufitowa\" class=\"button\" id=\"kuchnia_\" target=\"_self\">Zobacz produkt<\/a><\/div><div class=\"call-to-action-03__product-box\"><img decoding=\"async\" src=\"https:\/\/www.smd-led.pl\/blog\/wp-content\/uploads\/2023\/12\/oprawa-meblowa-led-kwadrat-2w-4000k-biala.webp\" alt=\"oprawa-meblowa-led-kwadrat-2w-4000k-biala\" \/><span class=\"call-to-action-03__product-title\">OPRAWA MEBLOWA LED KWADRAT 2W 4000K BIA\u0141A<\/span><a href=\"https:\/\/www.smd-led.pl\/plafony-led\" class=\"button\" id=\"kuchnia_\" target=\"_self\">Zobacz produkt<\/a><\/div><div class=\"call-to-action-03__product-box\"><img decoding=\"async\" src=\"https:\/\/www.smd-led.pl\/blog\/wp-content\/uploads\/2023\/12\/OPRAWA-HALOGENOWA-NATYNKOWA-OHN-3C.png\" alt=\"OPRAWA HALOGENOWA NATYNKOWA OHN-3C\" \/><span class=\"call-to-action-03__product-title\">OPRAWA HALOGENOWA NATYNKOWA OHN-3C<\/span><a href=\"https:\/\/www.smd-led.pl\/tuby-sufitowe\" class=\"button\" id=\"kuchnia_\" target=\"_self\">Zobacz produkt<\/a><\/div><div class=\"call-to-action-03__product-box\"><img decoding=\"async\" src=\"https:\/\/www.smd-led.pl\/blog\/wp-content\/uploads\/2023\/12\/tasma-led-24v-cob-11w-480led-ip20-4000-100k-100lm-w-ra-90-1m-8mm-e1701942081650.webp\" alt=\"tasma-led-24v-cob-11w-480led-ip20-4000-100k-100lm-w-ra-90-1m-8mm\" \/><span class=\"call-to-action-03__product-title\">TA\u015aMA LED 24V \/ COB \/ 11W \/ 4000K<\/span><a href=\"https:\/\/www.smd-led.pl\/tasma-led-cob\" class=\"button\" id=\"kuchnia_\" target=\"_self\">Zobacz produkt<\/a><\/div><div class=\"call-to-action-03__product-box call-to-action-03__product-box--category\"><img decoding=\"async\" src=\"https:\/\/www.smd-led.pl\/blog\/wp-content\/uploads\/2023\/12\/IP65.png\" alt=\"Lampy wpuszczane w sufit\" \/><div class=\"call-to-action-03__txt-box\"><p class=\"call-to-action-03__txt\">Zobacz wi\u0119cej z kategorii<\/p><span class=\"call-to-action-03__product-title\">Lampy wpuszczane w sufit<\/span><\/div><a href=\"https:\/\/www.smd-led.pl\/lampy-wpuszczane-w-sufit\" class=\"button call-to-action-03__btn\" id=\"kuchnia_\" target=\"_self\">Zobacz produkty<\/a><\/div><\/div>\n<p>W stylistykach Glamour i Vintage, z ich bogactwem detali i unikatowych element\u00f3w, neutralne \u015bwiat\u0142o doskonale wydobywa ich urok, nie zmieniaj\u0105c percepcji barw. Jednak\u017ce warto zaznaczy\u0107, \u017ce niekt\u00f3re z tych styl\u00f3w, jak Minimalistyczny, Glamour czy Skandynawski, r\u00f3wnie dobrze sprawdz\u0105 si\u0119 r\u00f3wnie\u017c przy zastosowaniu zimnej temperatury barwowej \u015bwiat\u0142a, kt\u00f3ra mo\u017ce dodatkowo podkre\u015bli\u0107 ich nowoczesny charakter.\u00a0Projektuj\u0105c kuchni\u0119, musimy r\u00f3wnie\u017c pami\u0119ta\u0107 o dodatkowym o\u015bwietleniu obszar\u00f3w roboczych. O\u015bwietlenie w postaci<a href=\"https:\/\/www.smd-led.pl\/reflektor-punktowy-led\"> punktowych lamp<\/a>, jak na przyk\u0142ad lampy pod szafkowe, jest niezb\u0119dne do o\u015bwietlenia konkretnych stref pracy w kuchni. Dzi\u0119ki temu po\u0142\u0105czeniu <a href=\"https:\/\/www.smd-led.pl\/lampy-do-kuchni-sufitowe\">og\u00f3lnego o\u015bwietlenia<\/a> z funkcjonalnym, punktowym \u015bwiat\u0142em, mo\u017cemy stworzy\u0107 przestrze\u0144 nie tylko pi\u0119kn\u0105, ale i praktyczn\u0105, sprzyjaj\u0105c\u0105 efektywno\u015bci pracy i dobremu samopoczuciu. Neutralna barwa \u015bwiat\u0142a jest wszechstronna i pasuje do wielu styl\u00f3w kuchni, dlatego jest godna rozwa\u017cenia przy wyborze o\u015bwietlenia do kuchni.<\/p>\n<div id=\"attachment_14525\" style=\"width: 1210px\" class=\"wp-caption aligncenter\"><img loading=\"lazy\" decoding=\"async\" aria-describedby=\"caption-attachment-14525\" class=\"size-full wp-image-14525\" src=\"https:\/\/www.smd-led.pl\/blog\/wp-content\/uploads\/2023\/11\/Neutralna-barwa-swiatla_-Uniwersalne-rozwiazanie-do-kuchni.png\" alt=\"Neutralna barwa \u015bwiat\u0142a_ Uniwersalne rozwi\u0105zanie do kuchni\" width=\"1200\" height=\"600\" srcset=\"https:\/\/www.smd-led.pl\/blog\/wp-content\/uploads\/2023\/11\/Neutralna-barwa-swiatla_-Uniwersalne-rozwiazanie-do-kuchni.png 1200w, https:\/\/www.smd-led.pl\/blog\/wp-content\/uploads\/2023\/11\/Neutralna-barwa-swiatla_-Uniwersalne-rozwiazanie-do-kuchni-300x150.png 300w, https:\/\/www.smd-led.pl\/blog\/wp-content\/uploads\/2023\/11\/Neutralna-barwa-swiatla_-Uniwersalne-rozwiazanie-do-kuchni-1024x512.png 1024w, https:\/\/www.smd-led.pl\/blog\/wp-content\/uploads\/2023\/11\/Neutralna-barwa-swiatla_-Uniwersalne-rozwiazanie-do-kuchni-768x384.png 768w\" sizes=\"auto, (max-width: 1200px) 100vw, 1200px\" \/><p id=\"caption-attachment-14525\" class=\"wp-caption-text\">Neutralna barwa \u015bwiat\u0142a_ Uniwersalne rozwi\u0105zanie do kuchni<\/p><\/div>\n<h3>Zimna barwa \u015bwiat\u0142a: Czy pasuje do kuchni?<\/h3>\n<p><strong>Podczas wybierania o\u015bwietlenia do kuchni w stylach Minimalistycznym, Glamour i Skandynawskim, \u015bwietnym wyborem oka\u017ce si\u0119 zimna barwa \u015bwiat\u0142a. Charakteryzuj\u0105ca si\u0119 zdolno\u015bci\u0105 do wprowadzania wra\u017cenia przestrzenno\u015bci i nowoczesno\u015bci, zimna barwa \u015bwiat\u0142a znakomicie uzupe\u0142nia te style.<\/strong> W kuchniach minimalistycznych, gdzie przewa\u017caj\u0105 proste linie i monochromatyczne palety, zimne \u015bwiat\u0142o wzmacnia ich minimalistyczny charakter. Podobnie w stylu Skandynawskim, gdzie dominuj\u0105 jasne barwy i czyste formy, a tak\u017ce w stylu Glamour, zimna barwa \u015bwiat\u0142a podkre\u015bla nowoczesno\u015b\u0107 i elegancj\u0119 wn\u0119trz.\u00a0Projektuj\u0105c o\u015bwietlenie w du\u017cej kuchni, wa\u017cne jest, aby umiej\u0119tnie dobiera\u0107 barw\u0119 \u015bwiat\u0142a. Zastosowanie r\u00f3\u017cnych \u017ar\u00f3de\u0142 \u015bwiat\u0142a o r\u00f3\u017cnej barwie pozwala na stworzenie zr\u00f3wnowa\u017conego i funkcjonalnego \u015brodowiska. Na przyk\u0142ad, zimne <a href=\"https:\/\/www.smd-led.pl\/lampy-do-kuchni-sufitowe\">o\u015bwietlenie sufitowe<\/a> mo\u017ce by\u0107 uzupe\u0142nione o cieplejsze \u015bwiat\u0142o LED pod szafkami, co pozwala na stworzenie przytulniejszych zak\u0105tk\u00f3w w kuchni.\u00a0Wykorzystanie technologii LED w kuchni to nie tylko wygodne, ale i energooszcz\u0119dne rozwi\u0105zanie. Lampy LED mo\u017cna zastosowa\u0107 zar\u00f3wno jako g\u0142\u00f3wne \u017ar\u00f3d\u0142o \u015bwiat\u0142a, jak i do <a href=\"https:\/\/www.smd-led.pl\/reflektor-punktowy-led\">o\u015bwietlenia blat\u00f3w kuchennych<\/a>, co zwi\u0119ksza funkcjonalno\u015b\u0107 kuchni. Wybieraj\u0105c o\u015bwietlenie do kuchni, najlepiej kierowa\u0107 si\u0119 nie tylko aktualnym stylem wn\u0119trza, ale r\u00f3wnie\u017c jego wielko\u015bci\u0105 i przeznaczeniem. W ten spos\u00f3b zimna barwa \u015bwiat\u0142a, odpowiednio zastosowana, mo\u017ce znacz\u0105co poprawi\u0107 odbi\u00f3r i funkcjonalno\u015b\u0107 przestrzeni kuchennej.<\/p>\n<div id=\"attachment_14524\" style=\"width: 1210px\" class=\"wp-caption aligncenter\"><img loading=\"lazy\" decoding=\"async\" aria-describedby=\"caption-attachment-14524\" class=\"size-full wp-image-14524\" src=\"https:\/\/www.smd-led.pl\/blog\/wp-content\/uploads\/2023\/11\/Zimna-barwa-swiatla_-Czy-pasuje-do-kuchni.png\" alt=\"Zimna barwa \u015bwiat\u0142a_ Czy pasuje do kuchni\" width=\"1200\" height=\"600\" srcset=\"https:\/\/www.smd-led.pl\/blog\/wp-content\/uploads\/2023\/11\/Zimna-barwa-swiatla_-Czy-pasuje-do-kuchni.png 1200w, https:\/\/www.smd-led.pl\/blog\/wp-content\/uploads\/2023\/11\/Zimna-barwa-swiatla_-Czy-pasuje-do-kuchni-300x150.png 300w, https:\/\/www.smd-led.pl\/blog\/wp-content\/uploads\/2023\/11\/Zimna-barwa-swiatla_-Czy-pasuje-do-kuchni-1024x512.png 1024w, https:\/\/www.smd-led.pl\/blog\/wp-content\/uploads\/2023\/11\/Zimna-barwa-swiatla_-Czy-pasuje-do-kuchni-768x384.png 768w\" sizes=\"auto, (max-width: 1200px) 100vw, 1200px\" \/><p id=\"caption-attachment-14524\" class=\"wp-caption-text\">Zimna barwa \u015bwiat\u0142a_ Czy pasuje do kuchni<\/p><\/div>\n<h3>Jak barwa \u015bwiat\u0142a wp\u0142ywa na niewielk\u0105 przestrze\u0144 kuchni?<\/h3>\n<p>Odpowiednio dobrana barwa \u015bwiat\u0142a ma ogromny wp\u0142yw na percepcj\u0119 wielko\u015bci naszej kuchni, mo\u017ce zmieni\u0107 jej charakter oraz wp\u0142yn\u0105\u0107 na odczucie przestrzeni. <strong>A wi\u0119c jak barwa \u015bwiat\u0142a wp\u0142ywa na niewielk\u0105 przestrze\u0144 kuchni? W niewielkich wn\u0119trzach, takich jak ma\u0142e kuchnie, stosowanie zimnej barwy \u015bwiat\u0142a jako o\u015bwietlenia centralnego mo\u017ce optycznie powi\u0119kszy\u0107 przestrze\u0144, nadaj\u0105c jej bardziej przestronny i nowoczesny wygl\u0105d. Jednak\u017ce, aby nie straci\u0107 elementu przytulno\u015bci, przy blacie roboczym czy sto\u0142ach kuchennych warto montowa\u0107 lampy emituj\u0105ce ciep\u0142e \u015bwiat\u0142o, kt\u00f3re dodaj\u0105 wn\u0119trzu domowej atmosfery.\u00a0<\/strong>Przy wyborze o\u015bwietlenia do kuchni nale\u017cy pami\u0119ta\u0107, \u017ce zbyt zimna barwa mo\u017ce uczyni\u0107 pomieszczenie surowym i nieprzyjemnym, podczas gdy nadmiar ciep\u0142ego \u015bwiat\u0142a mo\u017ce sprawi\u0107, \u017ce kuchnia stanie si\u0119 mniej funkcjonalna. Dlatego w aran\u017cacji ma\u0142ych przestrzeni kuchennych, doskona\u0142ym rozwi\u0105zaniem jest zastosowanie <a href=\"https:\/\/www.smd-led.pl\/lampy-do-kuchni-sufitowe\">lamp wisz\u0105cych<\/a> z zimnym \u015bwiat\u0142em, kt\u00f3re optycznie powi\u0119ksz\u0105 przestrze\u0144, a montowanie pod przeszklonymi szafkami punkt\u00f3w \u015bwietlnych z ciep\u0142\u0105 barw\u0105 \u015bwiat\u0142a, kt\u00f3re wprowadz\u0105 element przytulno\u015bci.\u00a0Kluczowe jest, aby umiej\u0119tnie wybra\u0107 o\u015bwietlenie, kt\u00f3re nie tylko b\u0119dzie praktyczne i funkcjonalne, ale te\u017c stworzy po\u017c\u0105dan\u0105 atmosfer\u0119. O\u015bwietlenie centralne mo\u017ce wi\u0119c mie\u0107 ch\u0142odniejsz\u0105 barw\u0119, natomiast dodatkowe lampy wybra\u0107 w tonacji ciep\u0142ej. W ten spos\u00f3b, dane o\u015bwietlenie wykorzystujemy nie tylko do cel\u00f3w praktycznych, ale r\u00f3wnie\u017c jako element dekoracyjny i tworz\u0105cy nastr\u00f3j w naszej kuchni.<\/p>\n<div id=\"attachment_14526\" style=\"width: 1210px\" class=\"wp-caption aligncenter\"><img loading=\"lazy\" decoding=\"async\" aria-describedby=\"caption-attachment-14526\" class=\"size-full wp-image-14526\" src=\"https:\/\/www.smd-led.pl\/blog\/wp-content\/uploads\/2023\/11\/Jak-barwa-swiatla-wplywa-na-niewielka-przestrzen-kuchni.png\" alt=\"Jak barwa \u015bwiat\u0142a wp\u0142ywa na niewielk\u0105 przestrze\u0144 kuchni\" width=\"1200\" height=\"600\" srcset=\"https:\/\/www.smd-led.pl\/blog\/wp-content\/uploads\/2023\/11\/Jak-barwa-swiatla-wplywa-na-niewielka-przestrzen-kuchni.png 1200w, https:\/\/www.smd-led.pl\/blog\/wp-content\/uploads\/2023\/11\/Jak-barwa-swiatla-wplywa-na-niewielka-przestrzen-kuchni-300x150.png 300w, https:\/\/www.smd-led.pl\/blog\/wp-content\/uploads\/2023\/11\/Jak-barwa-swiatla-wplywa-na-niewielka-przestrzen-kuchni-1024x512.png 1024w, https:\/\/www.smd-led.pl\/blog\/wp-content\/uploads\/2023\/11\/Jak-barwa-swiatla-wplywa-na-niewielka-przestrzen-kuchni-768x384.png 768w\" sizes=\"auto, (max-width: 1200px) 100vw, 1200px\" \/><p id=\"caption-attachment-14526\" class=\"wp-caption-text\">Jak barwa \u015bwiat\u0142a wp\u0142ywa na niewielk\u0105 przestrze\u0144 kuchni<\/p><\/div>\n<h2>Rodzaje o\u015bwietlenia kuchennego i ich barwy:<\/h2>\n<p>Wyb\u00f3r odpowiedniego o\u015bwietlenia kuchennego jest kluczowy dla funkcjonalno\u015bci i estetyki pomieszczenia. W zale\u017cno\u015bci od potrzeb, warto zwr\u00f3ci\u0107 uwag\u0119 na r\u00f3\u017cne rodzaje o\u015bwietlenia oraz rodzaje \u015bwiat\u0142a, kt\u00f3re mog\u0105 wp\u0142yn\u0105\u0107 na atmosfer\u0119 w kuchni. Poni\u017cej om\u00f3wimy trzy g\u0142\u00f3wne rodzaje o\u015bwietlenia kuchennego oraz ich barwy.<\/p>\n<div id=\"attachment_14527\" style=\"width: 1210px\" class=\"wp-caption aligncenter\"><img loading=\"lazy\" decoding=\"async\" aria-describedby=\"caption-attachment-14527\" class=\"size-full wp-image-14527\" src=\"https:\/\/www.smd-led.pl\/blog\/wp-content\/uploads\/2023\/11\/Rodzaje-oswietlenia-kuchennego-i-ich-barwy.png\" alt=\"Rodzaje o\u015bwietlenia kuchennego i ich barwy\" width=\"1200\" height=\"600\" srcset=\"https:\/\/www.smd-led.pl\/blog\/wp-content\/uploads\/2023\/11\/Rodzaje-oswietlenia-kuchennego-i-ich-barwy.png 1200w, https:\/\/www.smd-led.pl\/blog\/wp-content\/uploads\/2023\/11\/Rodzaje-oswietlenia-kuchennego-i-ich-barwy-300x150.png 300w, https:\/\/www.smd-led.pl\/blog\/wp-content\/uploads\/2023\/11\/Rodzaje-oswietlenia-kuchennego-i-ich-barwy-1024x512.png 1024w, https:\/\/www.smd-led.pl\/blog\/wp-content\/uploads\/2023\/11\/Rodzaje-oswietlenia-kuchennego-i-ich-barwy-768x384.png 768w\" sizes=\"auto, (max-width: 1200px) 100vw, 1200px\" \/><p id=\"caption-attachment-14527\" class=\"wp-caption-text\">Rodzaje o\u015bwietlenia kuchennego i ich barwy<\/p><\/div>\n<h3>O\u015bwietlenie og\u00f3lne do kuchni: Jaka barwa \u015bwiat\u0142a?<\/h3>\n<p>O\u015bwietlenie og\u00f3lne do kuchni, pe\u0142ni kluczow\u0105 rol\u0119 w rozja\u015bnianiu ca\u0142ej przestrzeni. <strong>Jego zadaniem jest zapewnienie r\u00f3wnomiernego rozprowadzenia \u015bwiat\u0142a po ka\u017cdym zak\u0105tku pomieszczenia, co jest szczeg\u00f3lnie istotne w miejscach, gdzie wykonujemy r\u00f3\u017cnorodne czynno\u015bci, takich jak gotowanie czy przygotowywanie posi\u0142k\u00f3w. Wybieraj\u0105c g\u0142\u00f3wne \u017ar\u00f3d\u0142o \u015bwiat\u0142a, powinni\u015bmy uwzgl\u0119dni\u0107 zar\u00f3wno wielko\u015b\u0107, jak i styl aran\u017cacji naszej kuchni.<\/strong> W ma\u0142ych kuchniach optymalnym wyborem b\u0119dzie jedno centralnie umieszczone <a href=\"https:\/\/www.smd-led.pl\/lampy-do-kuchni-sufitowe\">o\u015bwietlenie sufitowe<\/a>, kt\u00f3re zapewni wystarczaj\u0105c\u0105 ilo\u015b\u0107 \u015bwiat\u0142a do ca\u0142ego pomieszczenia. Natomiast w wi\u0119kszych kuchniach zalecane mo\u017ce by\u0107 zastosowanie kilku mniejszych lamp lub <a href=\"https:\/\/www.smd-led.pl\/listwa-led\">listew LED<\/a>, rozmieszczonych w strategicznych miejscach, takich jak nad wysp\u0105 kuchenn\u0105 czy blatem roboczym, co pozwoli na stworzenie funkcjonalnych stref \u015bwietlnych. W przypadku o\u015bwietlenia og\u00f3lnego, preferowana jest barwa \u015bwiat\u0142a neutralna. Taka barwa pozwala na wiernie oddanie kolor\u00f3w, co jest niezwykle wa\u017cne w kuchni, szczeg\u00f3lnie podczas przygotowywania i prezentowania potraw. Ponadto, neutralne \u015bwiat\u0142o sprawia, \u017ce pomieszczenie wydaje si\u0119 bardziej przestronne i jasne, co jest korzystne zar\u00f3wno w przypadku kuchni o nowoczesnym, jak i tradycyjnym wystroju. Kluczowe jest, aby odpowiednio dobra\u0107 intensywno\u015b\u0107 oraz rodzaj o\u015bwietlenia og\u00f3lnego, tak aby wsp\u00f3\u0142gra\u0142o ono z reszt\u0105 aran\u017cacji, jednocze\u015bnie zapewniaj\u0105c maksymaln\u0105 funkcjonalno\u015b\u0107 i komfort u\u017cytkowania przestrzeni kuchennej.<\/p>\n<div id=\"attachment_14528\" style=\"width: 1210px\" class=\"wp-caption aligncenter\"><img loading=\"lazy\" decoding=\"async\" aria-describedby=\"caption-attachment-14528\" class=\"size-full wp-image-14528\" src=\"https:\/\/www.smd-led.pl\/blog\/wp-content\/uploads\/2023\/11\/Oswietlenie-ogolne-do-kuchni_-Jaka-barwa-swiatla.png\" alt=\"O\u015bwietlenie og\u00f3lne do kuchni_ Jaka barwa \u015bwiat\u0142a\" width=\"1200\" height=\"600\" srcset=\"https:\/\/www.smd-led.pl\/blog\/wp-content\/uploads\/2023\/11\/Oswietlenie-ogolne-do-kuchni_-Jaka-barwa-swiatla.png 1200w, https:\/\/www.smd-led.pl\/blog\/wp-content\/uploads\/2023\/11\/Oswietlenie-ogolne-do-kuchni_-Jaka-barwa-swiatla-300x150.png 300w, https:\/\/www.smd-led.pl\/blog\/wp-content\/uploads\/2023\/11\/Oswietlenie-ogolne-do-kuchni_-Jaka-barwa-swiatla-1024x512.png 1024w, https:\/\/www.smd-led.pl\/blog\/wp-content\/uploads\/2023\/11\/Oswietlenie-ogolne-do-kuchni_-Jaka-barwa-swiatla-768x384.png 768w\" sizes=\"auto, (max-width: 1200px) 100vw, 1200px\" \/><p id=\"caption-attachment-14528\" class=\"wp-caption-text\">O\u015bwietlenie og\u00f3lne do kuchni -Jaka barwa \u015bwiat\u0142a<\/p><\/div>\n<h3>O\u015bwietlenie robocze: Barwa \u015bwiat\u0142a nad blatem i sto\u0142em kuchennym<\/h3>\n<p>O\u015bwietlenie robocze w kuchni, skoncentrowane na konkretnych miejscach pracy, jak blat kuchenny czy st\u00f3\u0142, odgrywa niezmiernie wa\u017cn\u0105 rol\u0119. <strong>Jest to rodzaj o\u015bwietlenia, kt\u00f3ry powinien by\u0107 dostosowany do specyficznych czynno\u015bci wykonywanych w danej strefie. Na przyk\u0142ad, o\u015bwietlenie nad sto\u0142em kuchennym powinno by\u0107 zaprojektowane tak, aby stworzy\u0107 przyjemn\u0105 atmosfer\u0119 do spo\u017cywania posi\u0142k\u00f3w, jednocze\u015bnie umo\u017cliwiaj\u0105c komfortowe rozmowy i spotkania przy stole.\u00a0W przypadku o\u015bwietlenia nad blatem kuchennym, idealnym rozwi\u0105zaniem mo\u017ce by\u0107 zastosowanie neutralnej barwy \u015bwiat\u0142a.<\/strong> Taka barwa \u015bwiat\u0142a jest kluczowa do dok\u0142adnego rozpoznawania kolor\u00f3w, co ma znacz\u0105cy wp\u0142yw na przygotowywanie posi\u0142k\u00f3w, szczeg\u00f3lnie w przypadkach, gdy precyzyjne odcienie maj\u0105 znaczenie, jak np. podczas dekorowania ciast czy komponowania sa\u0142atek.\u00a0Natomiast ciep\u0142a barwa \u015bwiat\u0142a nad sto\u0142em kuchennym tworzy przytuln\u0105 atmosfer\u0119, sprzyjaj\u0105c\u0105 relaksacji i wsp\u00f3lnemu sp\u0119dzaniu czasu. Ciep\u0142e \u015bwiat\u0142o jest idealne do stworzenia mi\u0142ego nastroju podczas rodzinnych obiad\u00f3w czy kolacji z przyjaci\u00f3\u0142mi, nadaj\u0105c pomieszczeniu domowego ciep\u0142a.\u00a0Wa\u017cne jest r\u00f3wnie\u017c, aby o\u015bwietlenie robocze by\u0142o dobrze zintegrowane z reszt\u0105 aran\u017cacji kuchni. Mo\u017cna zastosowa\u0107 r\u00f3\u017cne rodzaje lamp, takie jak<a href=\"https:\/\/www.smd-led.pl\/lampa-wiszaca\"> wisz\u0105ce lampy nad sto\u0142em<\/a> czy lampy pod szafkowe nad blatem kuchennym, kt\u00f3re nie tylko dostarczaj\u0105 odpowiedniego \u015bwiat\u0142a, ale tak\u017ce stanowi\u0105 element dekoracyjny wn\u0119trza. Wybieraj\u0105c o\u015bwietlenie do tych obszar\u00f3w, warto zwr\u00f3ci\u0107 uwag\u0119 na ich funkcjonalno\u015b\u0107 i styl, aby harmonijnie wsp\u00f3\u0142gra\u0142y z ca\u0142ym wystrojem kuchni.<\/p>\n<div id=\"attachment_14529\" style=\"width: 1210px\" class=\"wp-caption aligncenter\"><img loading=\"lazy\" decoding=\"async\" aria-describedby=\"caption-attachment-14529\" class=\"size-full wp-image-14529\" src=\"https:\/\/www.smd-led.pl\/blog\/wp-content\/uploads\/2023\/11\/Oswietlenie-robocze_-Barwa-swiatla-nad-blatem-i-stolem-kuchennym.png\" alt=\"O\u015bwietlenie robocze_ Barwa \u015bwiat\u0142a nad blatem i sto\u0142em kuchennym\" width=\"1200\" height=\"600\" srcset=\"https:\/\/www.smd-led.pl\/blog\/wp-content\/uploads\/2023\/11\/Oswietlenie-robocze_-Barwa-swiatla-nad-blatem-i-stolem-kuchennym.png 1200w, https:\/\/www.smd-led.pl\/blog\/wp-content\/uploads\/2023\/11\/Oswietlenie-robocze_-Barwa-swiatla-nad-blatem-i-stolem-kuchennym-300x150.png 300w, https:\/\/www.smd-led.pl\/blog\/wp-content\/uploads\/2023\/11\/Oswietlenie-robocze_-Barwa-swiatla-nad-blatem-i-stolem-kuchennym-1024x512.png 1024w, https:\/\/www.smd-led.pl\/blog\/wp-content\/uploads\/2023\/11\/Oswietlenie-robocze_-Barwa-swiatla-nad-blatem-i-stolem-kuchennym-768x384.png 768w\" sizes=\"auto, (max-width: 1200px) 100vw, 1200px\" \/><p id=\"caption-attachment-14529\" class=\"wp-caption-text\">O\u015bwietlenie robocze_ Barwa \u015bwiat\u0142a nad blatem i sto\u0142em kuchennym<\/p><\/div>\n<h3>O\u015bwietlenie dekoracyjne: Czy barwa \u015bwiat\u0142a ma znaczenie?<\/h3>\n<p>O\u015bwietlenie dekoracyjne w kuchni to wa\u017cny element, kt\u00f3ry nie tylko roz\u015bwietla przestrze\u0144, ale r\u00f3wnie\u017c wzbogaca jej wygl\u0105d, nadaj\u0105c charakteru i stylu. <strong>Ten typ o\u015bwietlenia koncentruje si\u0119 na wyeksponowaniu wybranych element\u00f3w wystroju, jak na przyk\u0142ad szafek, obraz\u00f3w, czy specyficznych obszar\u00f3w kuchni. W zale\u017cno\u015bci od preferencji oraz og\u00f3lnego stylu aran\u017cacji kuchni, barwa \u015bwiat\u0142a w o\u015bwietleniu dekoracyjnym mo\u017ce by\u0107 r\u00f3\u017cnorodna.<\/strong> Ciep\u0142e \u015bwiat\u0142o jest idealne do stworzenia przytulnej i domowej atmosfery, szczeg\u00f3lnie w kuchniach urz\u0105dzonych w stylu industrialnym czy vintage. Takie o\u015bwietlenie mo\u017ce by\u0107 wykorzystane do podkre\u015blenia tekstury naturalnych materia\u0142\u00f3w, jak drewno czy kamie\u0144. Z kolei zimna barwa \u015bwiat\u0142a doskonale sprawdzi si\u0119 w nowoczesnych, minimalistycznych lub skandynawskich kuchniach, gdzie podkre\u015bla ich wsp\u00f3\u0142czesny i surowy charakter. Mo\u017ce by\u0107 stosowana do akcentowania metalowych element\u00f3w, szklanych detali czy geometrycznych form. O\u015bwietlenie dekoracyjne mo\u017ce przybiera\u0107 r\u00f3\u017cne formy, od subtelnego pod\u015bwietlenia ledowego, przez <a href=\"https:\/\/www.smd-led.pl\/kinkiet-kuchenny\">kinkiety<\/a>, a\u017c po efektowne <a href=\"https:\/\/www.smd-led.pl\/lampy-do-kuchni-sufitowe\">lampy wisz\u0105ce<\/a>. Wa\u017cne jest, aby dobrze dopasowa\u0107 je do reszty wystroju kuchni i efektywnie wykorzysta\u0107 do stworzenia unikalnej atmosfery oraz podkre\u015blenia indywidualnego charakteru przestrzeni.<\/p>\n<div id=\"attachment_14530\" style=\"width: 1210px\" class=\"wp-caption aligncenter\"><img loading=\"lazy\" decoding=\"async\" aria-describedby=\"caption-attachment-14530\" class=\"size-full wp-image-14530\" src=\"https:\/\/www.smd-led.pl\/blog\/wp-content\/uploads\/2023\/11\/Oswietlenie-dekoracyjne_-Czy-barwa-swiatla-ma-znaczenie.png\" alt=\"O\u015bwietlenie dekoracyjne_ Czy barwa \u015bwiat\u0142a ma znaczenie\" width=\"1200\" height=\"600\" srcset=\"https:\/\/www.smd-led.pl\/blog\/wp-content\/uploads\/2023\/11\/Oswietlenie-dekoracyjne_-Czy-barwa-swiatla-ma-znaczenie.png 1200w, https:\/\/www.smd-led.pl\/blog\/wp-content\/uploads\/2023\/11\/Oswietlenie-dekoracyjne_-Czy-barwa-swiatla-ma-znaczenie-300x150.png 300w, https:\/\/www.smd-led.pl\/blog\/wp-content\/uploads\/2023\/11\/Oswietlenie-dekoracyjne_-Czy-barwa-swiatla-ma-znaczenie-1024x512.png 1024w, https:\/\/www.smd-led.pl\/blog\/wp-content\/uploads\/2023\/11\/Oswietlenie-dekoracyjne_-Czy-barwa-swiatla-ma-znaczenie-768x384.png 768w\" sizes=\"auto, (max-width: 1200px) 100vw, 1200px\" \/><p id=\"caption-attachment-14530\" class=\"wp-caption-text\">O\u015bwietlenie dekoracyjne_ Czy barwa \u015bwiat\u0142a ma znaczenie?<\/p><\/div>\n<h3>O\u015bwietlenie Led w kuchni: Barwy \u015bwiat\u0142a ledowego<\/h3>\n<p>O\u015bwietlenie\u00a0Led\u00a0 w kuchni to energooszcz\u0119dne i trwa\u0142e rozwi\u0105zanie, kt\u00f3re mo\u017ce by\u0107 stosowane we wszystkich rodzajach o\u015bwietlenia kuchennego. \u015awiat\u0142a\u00a0Led\u00a0dost\u0119pne s\u0105 w r\u00f3\u017cnych barwach \u015bwiat\u0142a ledowego, takich jak ciep\u0142a, neutralna czy zimna. Wyb\u00f3r odpowiedniej barwy \u015bwiat\u0142a Led do kuchni zale\u017cy od funkcji, jak\u0105 ma pe\u0142ni\u0107 dane \u017ar\u00f3d\u0142o \u015bwiat\u0142a\u00a0Led. <strong>W przypadku o\u015bwietlenia og\u00f3lnego i roboczego, zaleca si\u0119 stosowanie barwy neutralnej, natomiast w przypadku o\u015bwietlenia dekoracyjnego mo\u017cna eksperymentowa\u0107 z r\u00f3\u017cnymi barwami \u015bwiat\u0142a ledowego.<\/strong><\/p>\n<div id=\"attachment_14531\" style=\"width: 1210px\" class=\"wp-caption aligncenter\"><img loading=\"lazy\" decoding=\"async\" aria-describedby=\"caption-attachment-14531\" class=\"size-full wp-image-14531\" src=\"https:\/\/www.smd-led.pl\/blog\/wp-content\/uploads\/2023\/11\/Oswietlenie-Led-w-kuchni_-Barwy-swiatla-ledowego.png\" alt=\"O\u015bwietlenie Led w kuchni_ Barwy \u015bwiat\u0142a ledowego\" width=\"1200\" height=\"600\" srcset=\"https:\/\/www.smd-led.pl\/blog\/wp-content\/uploads\/2023\/11\/Oswietlenie-Led-w-kuchni_-Barwy-swiatla-ledowego.png 1200w, https:\/\/www.smd-led.pl\/blog\/wp-content\/uploads\/2023\/11\/Oswietlenie-Led-w-kuchni_-Barwy-swiatla-ledowego-300x150.png 300w, https:\/\/www.smd-led.pl\/blog\/wp-content\/uploads\/2023\/11\/Oswietlenie-Led-w-kuchni_-Barwy-swiatla-ledowego-1024x512.png 1024w, https:\/\/www.smd-led.pl\/blog\/wp-content\/uploads\/2023\/11\/Oswietlenie-Led-w-kuchni_-Barwy-swiatla-ledowego-768x384.png 768w\" sizes=\"auto, (max-width: 1200px) 100vw, 1200px\" \/><p id=\"caption-attachment-14531\" class=\"wp-caption-text\">O\u015bwietlenie Led w kuchni_ Barwy \u015bwiat\u0142a ledowego<\/p><\/div>\n<h2>Najlepsza barwa \u015bwiat\u0142a do kuchni: Praktyczne porady<\/h2>\n<p>Wybieraj\u0105c barw\u0119 \u015bwiat\u0142a do kuchni, warto przede wszystkim zastanowi\u0107 si\u0119 nad funkcjami, jakie ma ono spe\u0142nia\u0107 w poszczeg\u00f3lnych obszarach. <strong>Na przyk\u0142ad, w strefach, gdzie przygotowuje si\u0119 posi\u0142ki, jak blaty robocze, najlepiej sprawdzi si\u0119 neutralne lub lekko zimne \u015bwiat\u0142o, kt\u00f3re u\u0142atwia dok\u0142adne rozpoznawanie kolor\u00f3w i szczeg\u00f3\u0142\u00f3w. Natomiast dla cz\u0119\u015bci jadalnianej lub miejsc, gdzie rodzina sp\u0119dza czas, zalecane mo\u017ce by\u0107 ciep\u0142e \u015bwiat\u0142o, kt\u00f3re stworzy przytuln\u0105 i relaksuj\u0105c\u0105 atmosfer\u0119.\u00a0Nast\u0119pnie, zwr\u00f3\u0107 uwag\u0119 na wielko\u015b\u0107 i styl kuchni.<\/strong> W ma\u0142ych, ciasnych kuchniach lepiej zastosowa\u0107 \u015bwiat\u0142o o zimniejszej barwie, kt\u00f3re optycznie powi\u0119kszy przestrze\u0144. W przestronniejszych kuchniach, gdzie jest wi\u0119cej miejsca na eksperymentowanie z r\u00f3\u017cnymi rodzajami o\u015bwietlenia, mo\u017cna zastosowa\u0107 kombinacj\u0119 barw, dostosowuj\u0105c je do indywidualnych potrzeb i stylu kuchni.\u00a0R\u00f3wnie\u017c warto wzi\u0105\u0107 pod uwag\u0119 kolorystyk\u0119 kuchni.<\/p>\n<div class=\"call-to-action-06\" style=\"background-image: url('https:\/\/www.smd-led.pl\/blog\/wp-content\/uploads\/2023\/12\/Plafony-do-kuchni.png')\"><div class=\"call-to-action-06__info-box\"><div class=\"call-to-action-06__info\"><p class=\"call-to-action-06__txt\">Zobacz wi\u0119cej z kategorii<\/p><span class=\"call-to-action-06__cat-title\">Plafony do kuchni<\/span><a href=\"https:\/\/www.smd-led.pl\/plafony-do-kuchni\" class=\"button\" id=\"plafon_do_kuchni\" target=\"_self\">Zobacz produkty<\/a><\/div><\/div><\/div>\n<p>Jasne, neutralne kolory lepiej komponuj\u0105 si\u0119 ze zimnym \u015bwiat\u0142em, kt\u00f3re podkre\u015bla ich czysto\u015b\u0107 i \u015bwie\u017co\u015b\u0107, podczas gdy w kuchniach z dominacj\u0105 ciemnych lub ciep\u0142ych barw lepiej sprawdzi si\u0119 ciep\u0142e o\u015bwietlenie, kt\u00f3re doda g\u0142\u0119bi i przytulno\u015bci.\u00a0Podsumowuj\u0105c, wyb\u00f3r barwy \u015bwiat\u0142a do kuchni powinien by\u0107 przemy\u015blany i dostosowany do funkcji poszczeg\u00f3lnych obszar\u00f3w, stylu aran\u017cacji, wielko\u015bci pomieszczenia oraz indywidualnych preferencji. Dzi\u0119ki temu stworzysz przestrze\u0144 nie tylko funkcjonaln\u0105, ale i przyjemn\u0105 dla oka.<\/p>\n<div id=\"attachment_14532\" style=\"width: 1210px\" class=\"wp-caption aligncenter\"><img loading=\"lazy\" decoding=\"async\" aria-describedby=\"caption-attachment-14532\" class=\"size-full wp-image-14532\" src=\"https:\/\/www.smd-led.pl\/blog\/wp-content\/uploads\/2023\/11\/Najlepsza-barwa-swiatla-do-kuchni_-Praktyczne-porady.png\" alt=\"Najlepsza barwa \u015bwiat\u0142a do kuchni_ Praktyczne porady\" width=\"1200\" height=\"600\" srcset=\"https:\/\/www.smd-led.pl\/blog\/wp-content\/uploads\/2023\/11\/Najlepsza-barwa-swiatla-do-kuchni_-Praktyczne-porady.png 1200w, https:\/\/www.smd-led.pl\/blog\/wp-content\/uploads\/2023\/11\/Najlepsza-barwa-swiatla-do-kuchni_-Praktyczne-porady-300x150.png 300w, https:\/\/www.smd-led.pl\/blog\/wp-content\/uploads\/2023\/11\/Najlepsza-barwa-swiatla-do-kuchni_-Praktyczne-porady-1024x512.png 1024w, https:\/\/www.smd-led.pl\/blog\/wp-content\/uploads\/2023\/11\/Najlepsza-barwa-swiatla-do-kuchni_-Praktyczne-porady-768x384.png 768w\" sizes=\"auto, (max-width: 1200px) 100vw, 1200px\" \/><p id=\"caption-attachment-14532\" class=\"wp-caption-text\">Najlepsza barwa \u015bwiat\u0142a do kuchni_ Praktyczne porady<\/p><\/div>\n<h3>Jak\u0105 barw\u0119 \u015bwiat\u0142a wybra\u0107 do kuchni w bloku?<\/h3>\n<p>W przypadku o\u015bwietlenia kuchni w bloku, warto zwr\u00f3ci\u0107 uwag\u0119 na wielko\u015b\u0107 pomieszczenia oraz jego wystroju.\u00a0 Zatem jak\u0105 barw\u0119 \u015bwiat\u0142a wybra\u0107 do kuchni w bloku?<strong> Dla mniejszych kuchni, zaleca si\u0119 stosowanie barwy \u015bwiat\u0142a neutralnej, kt\u00f3ra sprawia, \u017ce pomieszczenie wydaje si\u0119 przestronne i jasne. Natomiast w wi\u0119kszych kuchniach mo\u017cna eksperymentowa\u0107 z r\u00f3\u017cnymi barwami \u015bwiat\u0142a, takimi jak ciep\u0142a czy zimna, w zale\u017cno\u015bci od indywidualnych preferencji oraz stylu kuchni.<\/strong><\/p>\n<div id=\"attachment_14533\" style=\"width: 1210px\" class=\"wp-caption aligncenter\"><img loading=\"lazy\" decoding=\"async\" aria-describedby=\"caption-attachment-14533\" class=\"size-full wp-image-14533\" src=\"https:\/\/www.smd-led.pl\/blog\/wp-content\/uploads\/2023\/11\/Jaka-barwe-swiatla-wybrac-do-kuchni-w-bloku.png\" alt=\"Jak\u0105 barw\u0119 \u015bwiat\u0142a wybra\u0107 do kuchni w bloku\" width=\"1200\" height=\"600\" srcset=\"https:\/\/www.smd-led.pl\/blog\/wp-content\/uploads\/2023\/11\/Jaka-barwe-swiatla-wybrac-do-kuchni-w-bloku.png 1200w, https:\/\/www.smd-led.pl\/blog\/wp-content\/uploads\/2023\/11\/Jaka-barwe-swiatla-wybrac-do-kuchni-w-bloku-300x150.png 300w, https:\/\/www.smd-led.pl\/blog\/wp-content\/uploads\/2023\/11\/Jaka-barwe-swiatla-wybrac-do-kuchni-w-bloku-1024x512.png 1024w, https:\/\/www.smd-led.pl\/blog\/wp-content\/uploads\/2023\/11\/Jaka-barwe-swiatla-wybrac-do-kuchni-w-bloku-768x384.png 768w\" sizes=\"auto, (max-width: 1200px) 100vw, 1200px\" \/><p id=\"caption-attachment-14533\" class=\"wp-caption-text\">Jak\u0105 barw\u0119 \u015bwiat\u0142a wybra\u0107 do kuchni w bloku<\/p><\/div>\n<h3>Jakiego \u015bwiat\u0142a w kuchni unika\u0107?<\/h3>\n<p>W kuchni lepiej unika\u0107 o\u015bwietlenia, kt\u00f3re jest zbyt intensywne lub zbyt s\u0142abe, poniewa\u017c mo\u017ce to negatywnie wp\u0142ywa\u0107 na komfort i efektywno\u015b\u0107 pracy w tym pomieszczeniu. A wi\u0119c jakiego \u015bwiat\u0142a w kuchni unika\u0107?\u00a0 <strong>\u015awiat\u0142o zbyt jaskrawe mo\u017ce prowadzi\u0107 do szybkiego m\u0119czenia si\u0119 wzroku, co jest szczeg\u00f3lnie niekorzystne podczas wykonywania precyzyjnych czynno\u015bci kuchennych, jak krojenie czy czytanie przepis\u00f3w. Z kolei zbyt ciemne o\u015bwietlenie sprawia, \u017ce trudniej jest skupi\u0107 si\u0119 na pracy i mo\u017ce przyczynia\u0107 si\u0119 do powstawania cienia, co zwi\u0119ksza ryzyko wypadk\u00f3w kuchennych.<\/strong> Niew\u0142a\u015bciwie dobrana barwa \u015bwiat\u0142a r\u00f3wnie\u017c mo\u017ce wp\u0142ywa\u0107 negatywnie na samopoczucie i atmosfer\u0119 w kuchni. Na przyk\u0142ad, \u015bwiat\u0142o o zimnej barwie w ciep\u0142o urz\u0105dzonych wn\u0119trzach mo\u017ce wydawa\u0107 si\u0119 nieprzyjemne i nieharmonijne. Z drugiej strony, ciep\u0142e \u015bwiat\u0142o w minimalistycznych, nowoczesnych przestrzeniach mo\u017ce zak\u0142\u00f3ca\u0107 ich \u015bwie\u017cy i nowoczesny charakter. Dlatego warto zainwestowa\u0107 w funkcjonalne o\u015bwietlenie, kt\u00f3re b\u0119dzie dostosowane do wielko\u015bci kuchni oraz jej stylu. Optymalnym rozwi\u0105zaniem jest kombinacja r\u00f3\u017cnych rodzaj\u00f3w \u015bwiat\u0142a, w tym <a href=\"https:\/\/www.smd-led.pl\/lampy-do-kuchni-sufitowe\">o\u015bwietlenia og\u00f3lnego<\/a>, <a href=\"https:\/\/www.smd-led.pl\/reflektor-punktowy-led\">punktowego<\/a> i <a href=\"https:\/\/www.smd-led.pl\/listwa-led\">dekoracyjnego<\/a>, kt\u00f3re zapewni\u0105 r\u00f3wnomierne roz\u0142o\u017cenie \u015bwiat\u0142a w ca\u0142ym pomieszczeniu i stworz\u0105 przyjemn\u0105 atmosfer\u0119. Wybieraj\u0105c o\u015bwietlenie do kuchni, nale\u017cy r\u00f3wnie\u017c pami\u0119ta\u0107 o zastosowaniu energooszcz\u0119dnych \u017ar\u00f3de\u0142 \u015bwiat\u0142a, takich jak technologia LED, kt\u00f3ra poza aspektem praktycznym, przyczynia si\u0119 r\u00f3wnie\u017c do oszcz\u0119dno\u015bci energetycznych.<\/p>\n<div id=\"attachment_14534\" style=\"width: 1210px\" class=\"wp-caption aligncenter\"><img loading=\"lazy\" decoding=\"async\" aria-describedby=\"caption-attachment-14534\" class=\"size-full wp-image-14534\" src=\"https:\/\/www.smd-led.pl\/blog\/wp-content\/uploads\/2023\/11\/Jakiego-swiatla-w-kuchni-unikac.png\" alt=\"Jakiego \u015bwiat\u0142a w kuchni unika\u0107\" width=\"1200\" height=\"600\" srcset=\"https:\/\/www.smd-led.pl\/blog\/wp-content\/uploads\/2023\/11\/Jakiego-swiatla-w-kuchni-unikac.png 1200w, https:\/\/www.smd-led.pl\/blog\/wp-content\/uploads\/2023\/11\/Jakiego-swiatla-w-kuchni-unikac-300x150.png 300w, https:\/\/www.smd-led.pl\/blog\/wp-content\/uploads\/2023\/11\/Jakiego-swiatla-w-kuchni-unikac-1024x512.png 1024w, https:\/\/www.smd-led.pl\/blog\/wp-content\/uploads\/2023\/11\/Jakiego-swiatla-w-kuchni-unikac-768x384.png 768w\" sizes=\"auto, (max-width: 1200px) 100vw, 1200px\" \/><p id=\"caption-attachment-14534\" class=\"wp-caption-text\">Jakiego \u015bwiat\u0142a w kuchni unika\u0107<\/p><\/div>\n<h3>Czy warto wybra\u0107 barw\u0119 \u015bwiat\u0142a ultra ciep\u0142\u0105?<\/h3>\n<p>Barwa \u015bwiat\u0142a ultra ciep\u0142a mo\u017ce by\u0107 atrakcyjnym wyborem dla kuchni urz\u0105dzonych w stylach, kt\u00f3re ceni\u0105 sobie przytulno\u015b\u0107 i ciep\u0142o, takich jak Rustykalny czy Vintage.<strong> Tego rodzaju \u015bwiat\u0142o z powodzeniem podkre\u015bla ciep\u0142o i przytulno\u015b\u0107 wn\u0119trz, co jest charakterystyczne dla tych styl\u00f3w. Jednak\u017ce, warto mie\u0107 na uwadze, \u017ce ultra ciep\u0142e \u015bwiat\u0142o mo\u017ce zniekszta\u0142ca\u0107 percepcj\u0119 kolor\u00f3w, co nie jest zalecane w miejscach, gdzie dok\u0142adne rozpoznawanie barw jest kluczowe, na przyk\u0142ad podczas przygotowywania posi\u0142k\u00f3w.<\/strong> Dla kuchni urz\u0105dzonych w stylu klasycznym, Vintage, industrialnym i Retro, gdzie przewa\u017caj\u0105 materia\u0142y konstrukcyjne jak ceg\u0142a czy stal, lepszym wyborem b\u0119dzie ciep\u0142a, ale niekoniecznie ultra ciep\u0142a barwa \u015bwiat\u0142a. Ciep\u0142e \u015bwiat\u0142o doskonale wsp\u00f3\u0142gra z surowymi materia\u0142ami, dodaj\u0105c im g\u0142\u0119bi i przytulno\u015bci, nie zak\u0142\u00f3caj\u0105c jednocze\u015bnie percepcji barw.<\/p>\n<div id=\"attachment_14535\" style=\"width: 1210px\" class=\"wp-caption aligncenter\"><img loading=\"lazy\" decoding=\"async\" aria-describedby=\"caption-attachment-14535\" class=\"size-full wp-image-14535\" src=\"https:\/\/www.smd-led.pl\/blog\/wp-content\/uploads\/2023\/11\/Czy-warto-wybrac-barwe-swiatla-ultra-ciepla.png\" alt=\"Czy warto wybra\u0107 barw\u0119 \u015bwiat\u0142a ultra ciep\u0142\u0105\" width=\"1200\" height=\"600\" srcset=\"https:\/\/www.smd-led.pl\/blog\/wp-content\/uploads\/2023\/11\/Czy-warto-wybrac-barwe-swiatla-ultra-ciepla.png 1200w, https:\/\/www.smd-led.pl\/blog\/wp-content\/uploads\/2023\/11\/Czy-warto-wybrac-barwe-swiatla-ultra-ciepla-300x150.png 300w, https:\/\/www.smd-led.pl\/blog\/wp-content\/uploads\/2023\/11\/Czy-warto-wybrac-barwe-swiatla-ultra-ciepla-1024x512.png 1024w, https:\/\/www.smd-led.pl\/blog\/wp-content\/uploads\/2023\/11\/Czy-warto-wybrac-barwe-swiatla-ultra-ciepla-768x384.png 768w\" sizes=\"auto, (max-width: 1200px) 100vw, 1200px\" \/><p id=\"caption-attachment-14535\" class=\"wp-caption-text\">Czy warto wybra\u0107 barw\u0119 \u015bwiat\u0142a ultra ciep\u0142\u0105<\/p><\/div>\n<h3>Jak wp\u0142ywa barwa \u015bwiat\u0142a na samopoczucie w kuchni?<\/h3>\n<p>Wp\u0142yw barwy \u015bwiat\u0142a na nasze samopoczucie w kuchni jest bardzo wa\u017cny. Odpowiednio dobrana barwa mo\u017ce znacz\u0105co wp\u0142ywa\u0107 na nasze emocje, poziom energii, a tak\u017ce komfort pracy w tym pomieszczeniu. <strong>Zatem jak wp\u0142ywa barwa \u015bwiat\u0142a na samopoczucie w kuchni? \u015awiat\u0142o o ciep\u0142ej barwie sprzyja relaksacji i pomaga stworzy\u0107 atmosfer\u0119 przytulno\u015bci i ciep\u0142a. Jest to idealne rozwi\u0105zanie do kuchni, w kt\u00f3rych chcemy cieszy\u0107 si\u0119 spokojem i odpoczynkiem, na przyk\u0142ad podczas wsp\u00f3lnych rodzinnych posi\u0142k\u00f3w czy relaksu przy fili\u017cance kawy. Z drugiej strony, zimna barwa \u015bwiat\u0142a mo\u017ce dzia\u0142a\u0107 pobudzaj\u0105co i dodawa\u0107 energii, co jest szczeg\u00f3lnie przydatne podczas porannych przygotowa\u0144 czy wykonywania zada\u0144 wymagaj\u0105cych skupienia.<\/strong> \u015awiat\u0142o o zimnej barwie sprawdza si\u0119 w nowoczesnych, minimalistycznych kuchniach, gdzie preferowane jest \u015bwie\u017ce i stymuluj\u0105ce \u015brodowisko. Dlatego przy wyborze o\u015bwietlenia do kuchni warto zwr\u00f3ci\u0107 uwag\u0119 na to, jak barwa \u015bwiat\u0142a wp\u0142ywa na nasze samopoczucie i dostosowa\u0107 j\u0105 do indywidualnych potrzeb oraz charakteru wn\u0119trza. Odpowiednio dobrane o\u015bwietlenie nie tylko poprawia funkcjonalno\u015b\u0107 kuchni, ale tak\u017ce tworzy przyjemne i komfortowe miejsce do pracy oraz sp\u0119dzania czasu.<\/p>\n<div id=\"attachment_14536\" style=\"width: 1210px\" class=\"wp-caption aligncenter\"><img loading=\"lazy\" decoding=\"async\" aria-describedby=\"caption-attachment-14536\" class=\"size-full wp-image-14536\" src=\"https:\/\/www.smd-led.pl\/blog\/wp-content\/uploads\/2023\/11\/Jak-wplywa-barwa-swiatla-na-samopoczucie-w-kuchni.png\" alt=\"Jak wp\u0142ywa barwa \u015bwiat\u0142a na samopoczucie w kuchni\" width=\"1200\" height=\"600\" srcset=\"https:\/\/www.smd-led.pl\/blog\/wp-content\/uploads\/2023\/11\/Jak-wplywa-barwa-swiatla-na-samopoczucie-w-kuchni.png 1200w, https:\/\/www.smd-led.pl\/blog\/wp-content\/uploads\/2023\/11\/Jak-wplywa-barwa-swiatla-na-samopoczucie-w-kuchni-300x150.png 300w, https:\/\/www.smd-led.pl\/blog\/wp-content\/uploads\/2023\/11\/Jak-wplywa-barwa-swiatla-na-samopoczucie-w-kuchni-1024x512.png 1024w, https:\/\/www.smd-led.pl\/blog\/wp-content\/uploads\/2023\/11\/Jak-wplywa-barwa-swiatla-na-samopoczucie-w-kuchni-768x384.png 768w\" sizes=\"auto, (max-width: 1200px) 100vw, 1200px\" \/><p id=\"caption-attachment-14536\" class=\"wp-caption-text\">Jak wp\u0142ywa barwa \u015bwiat\u0142a na samopoczucie w kuchni<\/p><\/div>\n<h2>Wyb\u00f3r o\u015bwietlenia Led do kuchni<\/h2>\n<p>O\u015bwietlenie Led do kuchni to coraz popularniejsze rozwi\u0105zanie, kt\u00f3re \u0142\u0105czy w sobie energooszcz\u0119dno\u015b\u0107, trwa\u0142o\u015b\u0107 oraz szerokie mo\u017cliwo\u015bci aran\u017cacyjne. <strong>Wyb\u00f3r odpowiedniego o\u015bwietlenia\u00a0Led\u00a0do kuchni mo\u017ce by\u0107 jednak nieco skomplikowany, ze wzgl\u0119du na r\u00f3\u017cnorodno\u015b\u0107 dost\u0119pnych produkt\u00f3w, takich jak <a href=\"https:\/\/www.smd-led.pl\/tasmy-ledowe\">ta\u015bmy\u00a0Led<\/a>\u00a0czy <a href=\"https:\/\/www.smd-led.pl\/zarowki-led\">\u017car\u00f3wki\u00a0Led<\/a>.<\/strong> W poni\u017cszych podrozdzia\u0142ach przedstawimy porady dotycz\u0105ce wyboru barwy \u015bwiat\u0142a Led oraz rodzaju o\u015bwietlenia ledowego do kuchni.<\/p>\n<div id=\"attachment_14537\" style=\"width: 1210px\" class=\"wp-caption aligncenter\"><img loading=\"lazy\" decoding=\"async\" aria-describedby=\"caption-attachment-14537\" class=\"size-full wp-image-14537\" src=\"https:\/\/www.smd-led.pl\/blog\/wp-content\/uploads\/2023\/11\/Wybor-oswietlenia-Led-do-kuchni.png\" alt=\"Wyb\u00f3r o\u015bwietlenia Led do kuchni\" width=\"1200\" height=\"600\" srcset=\"https:\/\/www.smd-led.pl\/blog\/wp-content\/uploads\/2023\/11\/Wybor-oswietlenia-Led-do-kuchni.png 1200w, https:\/\/www.smd-led.pl\/blog\/wp-content\/uploads\/2023\/11\/Wybor-oswietlenia-Led-do-kuchni-300x150.png 300w, https:\/\/www.smd-led.pl\/blog\/wp-content\/uploads\/2023\/11\/Wybor-oswietlenia-Led-do-kuchni-1024x512.png 1024w, https:\/\/www.smd-led.pl\/blog\/wp-content\/uploads\/2023\/11\/Wybor-oswietlenia-Led-do-kuchni-768x384.png 768w\" sizes=\"auto, (max-width: 1200px) 100vw, 1200px\" \/><p id=\"caption-attachment-14537\" class=\"wp-caption-text\">Wyb\u00f3r o\u015bwietlenia Led do kuchni<\/p><\/div>\n<h3><\/h3>\n<p style=\"text-align: center;\"><span style=\"font-size: 18pt;\"><b>Zobacz nasze inne artyku\u0142y o o\u015bwietleniu dla domu:<\/b><\/span><\/p>\n<style id=\"sp_pcp_dynamic_style17791\">#pcp_wrapper-17791:not(.sps-glossary-layout) .sp-pcp-row,#pcp_wrapper-17791 .sps-glossary-items-group .sps-glossary-items-content {margin-right: -10px;margin-left: -10px;}#pcp_wrapper-17791 .sp-pcp-row [class*='sp-pcp-col-']{padding-right: 10px;padding-left: 10px; padding-bottom:20px;}.pcp-wrapper-17791 .sp-pcp-title a {color: #111;display: inherit;} .pcp-wrapper-17791 .sp-pcp-title a:hover {color: #e1624b;}.pcp-wrapper-17791 .sp-pcp-post-content{color: #444; }#pcp_wrapper-17791 .sp-pcp-post {padding: 0 0 0 0;}#pcp_wrapper-17791.sp-slider_layout .sp-pcp-post .sp-pcp-post-details {top: 0; right:0; bottom:0; left:0;}#pcp_wrapper-17791 .sp-pcp-post {border: 0px solid #e2e2e2; border-radius: 0px }#pcp_wrapper-17791 .sp-pcp-post{background-color: transparent;}#pcp_wrapper-17791 .pcp-post-thumb-wrapper{border: 0px solid #dddddd;border-radius:0px;}.pcp-wrapper-17791 .sp-pcp-post-meta li,.pcp-wrapper-17791 .sp-pcp-post-meta ul,.pcp-wrapper-17791 .sp-pcp-post-meta li a{color: #888;}.pcp-wrapper-17791 .sp-pcp-post-meta li a:hover{color: #e1624b;}#pcp_wrapper-17791 .pcp-readmore-link{ background: transparent; color: #111; border: 1px solid #888; border-radius: 0px; } #pcp_wrapper-17791 .pcp-readmore-link:hover { background-color: #e1624b; color: #fff; border-color: #e1624b; }#pcp_wrapper-17791 .pcp-post-pagination .page-numbers.current, #pcp_wrapper-17791 .pcp-post-pagination a.active , #pcp_wrapper-17791 .pcp-post-pagination a:hover{ color: #ffffff; background: #e1624b; border-color: #e1624b; }#pcp_wrapper-17791 .pcp-post-pagination .page-numbers, .pcp-post-pagination a{ background: #ffffff; color:#5e5e5e; border: 2px solid #bbbbbb;border-radius: 2px; }#pcp_wrapper-17791 .pcp-post-pagination{text-align: left;}@media (min-width: 1200px) {.sp-pcp-row .sp-pcp-col-xl-1 {flex: 0 0 100%;}.sp-pcp-row .sp-pcp-col-xl-2 {flex: 1 1 calc( 50% - 20px);}.sp-pcp-row .sp-pcp-col-xl-3 {flex: 1 1 calc( 33.333% - 20px);}.sp-pcp-row .sp-pcp-col-xl-4 {flex: 1 1 calc( 25% - 20px);}.sp-pcp-row .sp-pcp-col-xl-5 { flex: 1 1 calc( 20% - 20px);}.sp-pcp-row .sp-pcp-col-xl-6 {flex: 1 1 calc( 16.66666666666667% - 20px);}.sp-pcp-row .sp-pcp-col-xl-7 {flex: 1 1 calc( 14.28571428% - 20px);}.sp-pcp-row .sp-pcp-col-xl-8 {flex: 1 1 calc( 12.5% - 20px);}}@media (max-width: 1200px) {.sp-pcp-row .sp-pcp-col-lg-1 {flex: 0 0 100%;}.sp-pcp-row .sp-pcp-col-lg-2 {flex: 1 1 calc( 50% - 20px);}.sp-pcp-row .sp-pcp-col-lg-3 {flex: 1 1 calc( 33.333% - 20px);}.sp-pcp-row .sp-pcp-col-lg-4 {flex: 1 1 calc( 25% - 20px);}.sp-pcp-row .sp-pcp-col-lg-5 { flex: 1 1 calc( 20% - 20px);}.sp-pcp-row .sp-pcp-col-lg-6 {flex: 1 1 calc( 16.66666666666667% - 20px);}.sp-pcp-row .sp-pcp-col-lg-7 {flex: 1 1 calc( 14.28571428% - 20px);}.sp-pcp-row .sp-pcp-col-lg-8 {flex: 1 1 calc( 12.5% - 20px);}}@media (max-width: 992px) {.sp-pcp-row .sp-pcp-col-md-1 {flex: 0 0 100%;}.sp-pcp-row .sp-pcp-col-md-2 {flex: 1 1 calc( 50% - 20px);}.sp-pcp-row .sp-pcp-col-md-2-5 {flex: 0 0 75%;}.sp-pcp-row .sp-pcp-col-md-3 {flex: 1 1 calc( 33.333% - 20px);}.sp-pcp-row .sp-pcp-col-md-4 {flex: 1 1 calc( 25% - 20px);}.sp-pcp-row .sp-pcp-col-md-5 { flex: 1 1 calc( 20% - 20px);}.sp-pcp-row .sp-pcp-col-md-6 {flex: 1 1 calc( 16.66666666666667% - 20px);}.sp-pcp-row .sp-pcp-col-md-7 {flex: 1 1 calc( 14.28571428% - 20px);}.sp-pcp-row .sp-pcp-col-md-8 {flex: 1 1 calc( 12.5% - 20px);}}@media (max-width: 768px) {.sp-pcp-row .sp-pcp-col-sm-1 {flex: 0 0 100%;}.sp-pcp-row .sp-pcp-col-sm-2 {flex: 1 1 calc( 50% - 20px);}.sp-pcp-row .sp-pcp-col-sm-2-5 {flex: 0 0 75%;}.sp-pcp-row .sp-pcp-col-sm-3 {flex: 1 1 calc( 33.333% - 20px);}.sp-pcp-row .sp-pcp-col-sm-4 {flex: 1 1 calc( 25% - 20px);}.sp-pcp-row .sp-pcp-col-sm-5 { flex: 1 1 calc( 20% - 20px);}.sp-pcp-row .sp-pcp-col-sm-6 {flex: 1 1 calc( 16.66666666666667% - 20px);}.sp-pcp-row .sp-pcp-col-sm-7 {flex: 1 1 calc( 14.28571428% - 20px);}.sp-pcp-row .sp-pcp-col-sm-8 {flex: 1 1 calc( 12.5% - 20px);}}@media (max-width: 420px) {.sp-pcp-row .sp-pcp-col-xs-1 {flex: 0 0 100%;}.sp-pcp-row .sp-pcp-col-xs-2 {flex: 1 1 calc( 50% - 20px);}.sp-pcp-row .sp-pcp-col-xs-3 {flex: 1 1 calc( 33.333% - 20px);}.sp-pcp-row .sp-pcp-col-xs-4 {flex: 1 1 calc( 25% - 20px);}.sp-pcp-row .sp-pcp-col-xs-5 { flex: 1 1 calc( 20% - 20px);}.sp-pcp-row .sp-pcp-col-xs-6 {flex: 1 1 calc( 16.66666666666667% - 20px);}.sp-pcp-row .sp-pcp-col-xs-7 {flex: 1 1 calc( 14.28571428% - 20px);}.sp-pcp-row .sp-pcp-col-xs-8 {flex: 1 1 calc( 12.5% - 20px);}}<\/style>\n<div id=\"pcp_wrapper-17791\" class=\"sp-pcp-section sp-pcp-container pcp-wrapper-17791\">\n<div id=\"pcp-preloader\" class=\"pcp-preloader\"><\/div>\n\t\t<div class=\"sp-pcp-row\">\n\t\t\t\t<div class=\" sp-pcp-col-xs-1 sp-pcp-col-sm-2 sp-pcp-col-md-3 sp-pcp-col-lg-4 sp-pcp-col-xl-4\">\n\t\t\t<div class=\"sp-pcp-post default pcp-item-14468\" data-id=\"14468\">\n\t\t\t\t\t\t\t\t<div class=\"pcp-post-thumb-wrapper\">\n\t\t\t\t\t<div class=\"sp-pcp-post-thumb-area\">\n\t\t\t\t\t\t\t\t\t\t\t\t<a class=\"sp-pcp-thumb\" href=\"https:\/\/www.smd-led.pl\/blog\/jaka-barwa-swiatla-do-sypialni-co-wybrac\/\" target=\"_self\" >\n\t\t\t\t\t\t\t\t\t\t\t\t\t<img loading=\"lazy\" decoding=\"async\" src=\"https:\/\/www.smd-led.pl\/blog\/wp-content\/uploads\/2023\/11\/smdled_a_glamorous_style_bedroom_illuminated_with_slightly_blue_c98be2bb-a856-455d-aaaf-9133afda07fd.png\" width=\"1024\" height=\"1024\" alt=\"\">\n\t\t\t\t\t\t<\/a>\n\t\t\t\t\t<\/div>\n\t\t\t\t<\/div>\n\t\t\t\t\t\t\t\t<div class=\"sp-pcp-post-details\">\n\t\t\t\t\t<div class=\"sp-pcp-post-details-content\">\n\t\t\t\t\t\t\t\t<h2 class=\"sp-pcp-title\">\n\t\t\t\t\t\t\t\t\t<a href=\"https:\/\/www.smd-led.pl\/blog\/jaka-barwa-swiatla-do-sypialni-co-wybrac\/\"  target=\"_self\">Jaka barwa \u015bwiat\u0142a do sypialni co wybra\u0107?<\/a>\t\t\t\t\t\t\t<\/h2>\n\t\t\t\t\t\t<div class=\"sp-pcp-post-meta\">\n\t\t\t<ul><li>\t\t\t\t\t<i class=\"fa fa-user\"><\/i>\n\t\t\t\t\t<a href=\"https:\/\/www.smd-led.pl\/blog\/author\/mpietrasik\/\"\n\t\t\t\t\t\trel=\"author\">Marcin Pietrasik<\/a>\n\t\t\t\t\t<\/li> <li>\t\t\t\t\t<i class=\"fa fa-calendar\"><\/i>\n\t\t\t\t\t<time class=\"entry-date published updated\">8 listopada, 2023<\/time>\n\t\t\t\t\t<\/li><\/ul>\t\t<\/div>\n\t\t\t\t\t<div class=\"sp-pcp-post-content\">\n\t\t\t<p>Wyb\u00f3r odpowiedniej barwy \u015bwiat\u0142a do sypialni jest niezwykle wa\u017cny, aby zapewni\u0107 komfort, funkcjonalno\u015b\u0107 oraz stworzy\u0107 [&hellip;]<\/p>\n\t\t<div class=\"sp-pcp-readmore\">\n\t\t\t\t\t\t\t<a class=\"pcp-readmore-link\" target=\"_self\" href=\"https:\/\/www.smd-led.pl\/blog\/jaka-barwa-swiatla-do-sypialni-co-wybrac\/\" >\n\t\t\t\t\t\tCzytaj wi\u0119cej! <\/a>\n\t\t<\/div>\n\t\t\t\t\t<\/div>\n\t\t\t\t\t\t\t\t<\/div>\n\t\t\t\t<\/div>\n\t\t\t<\/div>\n\t\t<\/div>\n\t\t\t\t<div class=\" sp-pcp-col-xs-1 sp-pcp-col-sm-2 sp-pcp-col-md-3 sp-pcp-col-lg-4 sp-pcp-col-xl-4\">\n\t\t\t<div class=\"sp-pcp-post default pcp-item-13918\" data-id=\"13918\">\n\t\t\t\t\t\t\t\t<div class=\"pcp-post-thumb-wrapper\">\n\t\t\t\t\t<div class=\"sp-pcp-post-thumb-area\">\n\t\t\t\t\t\t\t\t\t\t\t\t<a class=\"sp-pcp-thumb\" href=\"https:\/\/www.smd-led.pl\/blog\/jak-podswietlic-lamele\/\" target=\"_self\" >\n\t\t\t\t\t\t\t\t\t\t\t\t\t<img loading=\"lazy\" decoding=\"async\" src=\"https:\/\/www.smd-led.pl\/blog\/wp-content\/uploads\/2023\/10\/Jak-podswietlic-lamele-2.jpg\" width=\"1200\" height=\"600\" alt=\"Jak pod\u015bwietli\u0107 lamele\">\n\t\t\t\t\t\t<\/a>\n\t\t\t\t\t<\/div>\n\t\t\t\t<\/div>\n\t\t\t\t\t\t\t\t<div class=\"sp-pcp-post-details\">\n\t\t\t\t\t<div class=\"sp-pcp-post-details-content\">\n\t\t\t\t\t\t\t\t<h2 class=\"sp-pcp-title\">\n\t\t\t\t\t\t\t\t\t<a href=\"https:\/\/www.smd-led.pl\/blog\/jak-podswietlic-lamele\/\"  target=\"_self\">Jak pod\u015bwietli\u0107 lamele?<\/a>\t\t\t\t\t\t\t<\/h2>\n\t\t\t\t\t\t<div class=\"sp-pcp-post-meta\">\n\t\t\t<ul><li>\t\t\t\t\t<i class=\"fa fa-user\"><\/i>\n\t\t\t\t\t<a href=\"https:\/\/www.smd-led.pl\/blog\/author\/mpietrasik\/\"\n\t\t\t\t\t\trel=\"author\">Marcin Pietrasik<\/a>\n\t\t\t\t\t<\/li> <li>\t\t\t\t\t<i class=\"fa fa-calendar\"><\/i>\n\t\t\t\t\t<time class=\"entry-date published updated\">18 pa\u017adziernika, 2023<\/time>\n\t\t\t\t\t<\/li><\/ul>\t\t<\/div>\n\t\t\t\t\t<div class=\"sp-pcp-post-content\">\n\t\t\t<p>Ka\u017cdy z nas szuka sposob\u00f3w, aby uczyni\u0107 swoje wn\u0119trze wyj\u0105tkowym i niepowtarzalnym. W dzisiejszym \u015bwiecie [&hellip;]<\/p>\n\t\t<div class=\"sp-pcp-readmore\">\n\t\t\t\t\t\t\t<a class=\"pcp-readmore-link\" target=\"_self\" href=\"https:\/\/www.smd-led.pl\/blog\/jak-podswietlic-lamele\/\" >\n\t\t\t\t\t\tCzytaj wi\u0119cej! <\/a>\n\t\t<\/div>\n\t\t\t\t\t<\/div>\n\t\t\t\t\t\t\t\t<\/div>\n\t\t\t\t<\/div>\n\t\t\t<\/div>\n\t\t<\/div>\n\t\t\t\t<div class=\" sp-pcp-col-xs-1 sp-pcp-col-sm-2 sp-pcp-col-md-3 sp-pcp-col-lg-4 sp-pcp-col-xl-4\">\n\t\t\t<div class=\"sp-pcp-post default pcp-item-11330\" data-id=\"11330\">\n\t\t\t\t\t\t\t\t<div class=\"pcp-post-thumb-wrapper\">\n\t\t\t\t\t<div class=\"sp-pcp-post-thumb-area\">\n\t\t\t\t\t\t\t\t\t\t\t\t<a class=\"sp-pcp-thumb\" href=\"https:\/\/www.smd-led.pl\/blog\/obraz-na-szarej-scianie\/\" target=\"_self\" >\n\t\t\t\t\t\t\t\t\t\t\t\t\t<img loading=\"lazy\" decoding=\"async\" src=\"https:\/\/www.smd-led.pl\/blog\/wp-content\/uploads\/2023\/07\/Obraz-na-szarej-scianie-1-1.jpg\" width=\"768\" height=\"502\" alt=\"Obraz na szarej \u015bcianie\">\n\t\t\t\t\t\t<\/a>\n\t\t\t\t\t<\/div>\n\t\t\t\t<\/div>\n\t\t\t\t\t\t\t\t<div class=\"sp-pcp-post-details\">\n\t\t\t\t\t<div class=\"sp-pcp-post-details-content\">\n\t\t\t\t\t\t\t\t<h2 class=\"sp-pcp-title\">\n\t\t\t\t\t\t\t\t\t<a href=\"https:\/\/www.smd-led.pl\/blog\/obraz-na-szarej-scianie\/\"  target=\"_self\">Obraz na szarej \u015bcianie<\/a>\t\t\t\t\t\t\t<\/h2>\n\t\t\t\t\t\t<div class=\"sp-pcp-post-meta\">\n\t\t\t<ul><li>\t\t\t\t\t<i class=\"fa fa-user\"><\/i>\n\t\t\t\t\t<a href=\"https:\/\/www.smd-led.pl\/blog\/author\/mpietrasik\/\"\n\t\t\t\t\t\trel=\"author\">Marcin Pietrasik<\/a>\n\t\t\t\t\t<\/li> <li>\t\t\t\t\t<i class=\"fa fa-calendar\"><\/i>\n\t\t\t\t\t<time class=\"entry-date published updated\">24 lipca, 2023<\/time>\n\t\t\t\t\t<\/li><\/ul>\t\t<\/div>\n\t\t\t\t\t<div class=\"sp-pcp-post-content\">\n\t\t\t<p>&nbsp; Tw\u00f3j szary salon zas\u0142uguje na odrobin\u0119 magii i osobistego wyrazu. Dlatego te\u017c warto zastanowi\u0107 [&hellip;]<\/p>\n\t\t<div class=\"sp-pcp-readmore\">\n\t\t\t\t\t\t\t<a class=\"pcp-readmore-link\" target=\"_self\" href=\"https:\/\/www.smd-led.pl\/blog\/obraz-na-szarej-scianie\/\" >\n\t\t\t\t\t\tCzytaj wi\u0119cej! <\/a>\n\t\t<\/div>\n\t\t\t\t\t<\/div>\n\t\t\t\t\t\t\t\t<\/div>\n\t\t\t\t<\/div>\n\t\t\t<\/div>\n\t\t<\/div>\n\t\t\t\t<div class=\" sp-pcp-col-xs-1 sp-pcp-col-sm-2 sp-pcp-col-md-3 sp-pcp-col-lg-4 sp-pcp-col-xl-4\">\n\t\t\t<div class=\"sp-pcp-post default pcp-item-11112\" data-id=\"11112\">\n\t\t\t\t\t\t\t\t<div class=\"pcp-post-thumb-wrapper\">\n\t\t\t\t\t<div class=\"sp-pcp-post-thumb-area\">\n\t\t\t\t\t\t\t\t\t\t\t\t<a class=\"sp-pcp-thumb\" href=\"https:\/\/www.smd-led.pl\/blog\/montaz-tasmy-led-na-scianie\/\" target=\"_self\" >\n\t\t\t\t\t\t\t\t\t\t\t\t\t<img loading=\"lazy\" decoding=\"async\" src=\"https:\/\/www.smd-led.pl\/blog\/wp-content\/uploads\/2023\/04\/Profil-LED-P18-2_inspiracja.jpg\" width=\"1600\" height=\"1200\" alt=\"Profil LED P18-2_inspiracja\">\n\t\t\t\t\t\t<\/a>\n\t\t\t\t\t<\/div>\n\t\t\t\t<\/div>\n\t\t\t\t\t\t\t\t<div class=\"sp-pcp-post-details\">\n\t\t\t\t\t<div class=\"sp-pcp-post-details-content\">\n\t\t\t\t\t\t\t\t<h2 class=\"sp-pcp-title\">\n\t\t\t\t\t\t\t\t\t<a href=\"https:\/\/www.smd-led.pl\/blog\/montaz-tasmy-led-na-scianie\/\"  target=\"_self\">Monta\u017c ta\u015bmy Led na \u015bcianie<\/a>\t\t\t\t\t\t\t<\/h2>\n\t\t\t\t\t\t<div class=\"sp-pcp-post-meta\">\n\t\t\t<ul><li>\t\t\t\t\t<i class=\"fa fa-user\"><\/i>\n\t\t\t\t\t<a href=\"https:\/\/www.smd-led.pl\/blog\/author\/mpietrasik\/\"\n\t\t\t\t\t\trel=\"author\">Marcin Pietrasik<\/a>\n\t\t\t\t\t<\/li> <li>\t\t\t\t\t<i class=\"fa fa-calendar\"><\/i>\n\t\t\t\t\t<time class=\"entry-date published updated\">17 kwietnia, 2023<\/time>\n\t\t\t\t\t<\/li><\/ul>\t\t<\/div>\n\t\t\t\t\t<div class=\"sp-pcp-post-content\">\n\t\t\t<p>Jak zrobi\u0107 prawid\u0142owo Monta\u017c ta\u015bmy Led na \u015bcianie? aby monta\u017c ta\u015bmy, by\u0142 zgodny z trendami [&hellip;]<\/p>\n\t\t<div class=\"sp-pcp-readmore\">\n\t\t\t\t\t\t\t<a class=\"pcp-readmore-link\" target=\"_self\" href=\"https:\/\/www.smd-led.pl\/blog\/montaz-tasmy-led-na-scianie\/\" >\n\t\t\t\t\t\tCzytaj wi\u0119cej! <\/a>\n\t\t<\/div>\n\t\t\t\t\t<\/div>\n\t\t\t\t\t\t\t\t<\/div>\n\t\t\t\t<\/div>\n\t\t\t<\/div>\n\t\t<\/div>\n\t\t\t<\/div>\n\t\t<span class=\"sp-pcp-pagination-data\" style=\"display:none;\"><\/span>\n\n\t\t<nav class=\"pcp-post-pagination pcp-on-desktop\">\n\t\t\t\t\t<\/nav>\n\t\t\t\t\t<nav class=\"pcp-post-pagination pcp-on-mobile\">\n\t\t\t\t\t<\/nav>\n\t\t\t\t<\/div>\n\n<h3>Barwa \u015bwiat\u0142a Led: Ciep\u0142a, neutralna czy zimna?<\/h3>\n<p>Podobnie jak tradycyjne \u017ar\u00f3d\u0142a \u015bwiat\u0142a, r\u00f3wnie\u017c o\u015bwietlenie LED oferuje r\u00f3\u017cnorodne barwy \u015bwiat\u0142a, kt\u00f3re mog\u0105 by\u0107 dopasowane do r\u00f3\u017cnych styl\u00f3w kuchni.<strong> \u015awiat\u0142o LED o ciep\u0142ej barwie idealnie sprawdzi si\u0119 w kuchniach o stylu klasycznym, Vintage, industrialnym i Retro, gdzie dominuj\u0105 materia\u0142y konstrukcyjne jak ceg\u0142a czy stal. Ciep\u0142a barwa \u015bwiat\u0142a LED tworzy przytuln\u0105 atmosfer\u0119, podkre\u015blaj\u0105c tradycyjne i surowe elementy tych wn\u0119trz.\u00a0Barwa \u015bwiat\u0142a bia\u0142a (neutralna) jest uniwersalnym rozwi\u0105zaniem, pasuj\u0105cym do wi\u0119kszo\u015bci kuchni. Szczeg\u00f3lnie dobrze komponuje si\u0119 ze stylami Skandynawskim, nowoczesnym, minimalistycznym, Rustykalnym oraz glamour, gdzie dominuj\u0105 naturalne materia\u0142y jak drewno. Neutralne \u015bwiat\u0142o LED jest idealne do r\u00f3wnomiernego roz\u015bwietlenia przestrzeni, nie zniekszta\u0142caj\u0105c kolor\u00f3w i zapewniaj\u0105c komfortowe warunki do przygotowywania posi\u0142k\u00f3w.\u00a0Natomiast barwa \u015bwiat\u0142a zimna mo\u017ce by\u0107 doskona\u0142ym wyborem dla nowoczesnych kuchni, w stylach minimalistycznym, glamour i Skandynawskim. Zimne \u015bwiat\u0142o LED zapewnia precyzyjne o\u015bwietlenie robocze, kt\u00f3re jest kluczowe w miejscach wymagaj\u0105cych skupienia, jak obszary przygotowywania posi\u0142k\u00f3w.<\/strong> Jego stosowanie w nowoczesnych kuchniach podkre\u015bla ich nowatorski charakter i wspiera efektywno\u015b\u0107 pracy.\u00a0Warto pami\u0119ta\u0107, \u017ce wybieraj\u0105c o\u015bwietlenie LED do kuchni, nale\u017cy uwzgl\u0119dni\u0107 nie tylko styl, ale r\u00f3wnie\u017c funkcjonalno\u015b\u0107 i atmosfer\u0119, jak\u0105 chcemy stworzy\u0107. Dzi\u0119ki r\u00f3\u017cnym barwom \u015bwiat\u0142a LED, mo\u017cliwe jest stworzenie przestrzeni kuchennej, kt\u00f3ra jest zar\u00f3wno pi\u0119kna, jak i praktyczna, dostosowana do indywidualnych potrzeb i preferencji.<\/p>\n<div id=\"attachment_14538\" style=\"width: 1210px\" class=\"wp-caption aligncenter\"><img loading=\"lazy\" decoding=\"async\" aria-describedby=\"caption-attachment-14538\" class=\"size-full wp-image-14538\" src=\"https:\/\/www.smd-led.pl\/blog\/wp-content\/uploads\/2023\/11\/Barwa-swiatla-Led_-Ciepla-neutralna-czy-zimna.png\" alt=\"Barwa \u015bwiat\u0142a Led_ Ciep\u0142a, neutralna czy zimna\" width=\"1200\" height=\"600\" srcset=\"https:\/\/www.smd-led.pl\/blog\/wp-content\/uploads\/2023\/11\/Barwa-swiatla-Led_-Ciepla-neutralna-czy-zimna.png 1200w, https:\/\/www.smd-led.pl\/blog\/wp-content\/uploads\/2023\/11\/Barwa-swiatla-Led_-Ciepla-neutralna-czy-zimna-300x150.png 300w, https:\/\/www.smd-led.pl\/blog\/wp-content\/uploads\/2023\/11\/Barwa-swiatla-Led_-Ciepla-neutralna-czy-zimna-1024x512.png 1024w, https:\/\/www.smd-led.pl\/blog\/wp-content\/uploads\/2023\/11\/Barwa-swiatla-Led_-Ciepla-neutralna-czy-zimna-768x384.png 768w\" sizes=\"auto, (max-width: 1200px) 100vw, 1200px\" \/><p id=\"caption-attachment-14538\" class=\"wp-caption-text\">Barwa \u015bwiat\u0142a Led_ Ciep\u0142a, neutralna czy zimna<\/p><\/div>\n<h3>Jaka ta\u015bma Led do kuchni: Wyb\u00f3r barwy \u015bwiat\u0142a<\/h3>\n<p><a href=\"https:\/\/www.smd-led.pl\/tasmy-ledowe\">Ta\u015bma LED<\/a> do kuchni to wszechstronne i \u0142atwe w monta\u017cu rozwi\u0105zanie, kt\u00f3re umo\u017cliwia efektowne o\u015bwietlenie blatu, szafek czy wn\u0119k. <strong>Wybieraj\u0105c ta\u015bm\u0119 LED, kluczowe jest uwzgl\u0119dnienie funkcji, jak\u0105 ma pe\u0142ni\u0107 o\u015bwietlenie, oraz indywidualnych preferencji. Je\u015bli zale\u017cy nam na stworzeniu przytulnej i ciep\u0142ej atmosfery w kuchni, idealnym wyborem b\u0119dzie ta\u015bma LED emituj\u0105ca ciep\u0142e \u015bwiat\u0142o. Taka barwa \u015bwiat\u0142a wprowadza do wn\u0119trza poczucie relaksu i komfortu, czyni\u0105c kuchni\u0119 bardziej przyjazn\u0105 i przytuln\u0105. Z kolei dla miejsc, gdzie wykonuje si\u0119 precyzyjne czynno\u015bci, jak na przyk\u0142ad obszar przygotowywania posi\u0142k\u00f3w, lepiej sprawdzi si\u0119 ta\u015bma LED o neutralnej lub zimnej barwie \u015bwiat\u0142a. Kolor \u015bwiat\u0142a b\u0119dzie\u00a0 zimniejszy, co przyczynia si\u0119 do lepszej widoczno\u015bci i zwi\u0119ksza precyzj\u0119 podczas pracy.<\/strong> Zimne \u015bwiat\u0142o jest szczeg\u00f3lnie polecane w nowoczesnych, minimalistycznych kuchniach, gdzie wa\u017cna jest funkcjonalno\u015b\u0107 i klarowno\u015b\u0107 \u015brodowiska pracy. O\u015bwietlenie ledowe w kuchni to rozwi\u0105zanie, kt\u00f3re pozwala na elastyczne dostosowanie \u015bwiat\u0142a do r\u00f3\u017cnych potrzeb i styl\u00f3w wn\u0119trz. Dzi\u0119ki temu mo\u017cliwe jest stworzenie odpowiedniego balansu mi\u0119dzy \u015bwiat\u0142em ciep\u0142ym i zimnym, co pozwala na uzyskanie optymalnego efektu \u015bwietlnego w pomieszczeniu. A wi\u0119c jaka ta\u015bma Led do kuchni b\u0119dzie najlepsza? Wybieraj\u0105c ta\u015bm\u0119 LED, warto\u00a0 zastanowi\u0107 si\u0119, jakiego rodzaju \u015bwiat\u0142o najlepiej odpowiada naszym potrzebom oraz jak wp\u0142ynie ono na atmosfer\u0119 i funkcjonalno\u015b\u0107 kuchni.<\/p>\n<div class=\"call-to-action-07\"><div class=\"call-to-action-07__product-box\"><img decoding=\"async\" src=\"https:\/\/www.smd-led.pl\/blog\/wp-content\/uploads\/2022\/07\/tasma-led-24v-cob-11w-480led-ip20-3000-100k-95lm-w-ra-90-8mm-1m.jpg\" alt=\"TA\u015aMA LED 24V \/ COB \/ 11W \/ 480LED \/ IP20 \/ 3000 +\/-100K \/ 95LM\/W \/ RA 90 \/ 8MM \/ 1M\" \/><span class=\"call-to-action-07__product-title\">TA\u015aMA LED 24V \/ COB \/ 11W \/ 3000K<\/span><a href=\"https:\/\/www.smd-led.pl\/tasma-led-24v-cob-11w-480led-ip20-3000-100k-95lm-w-ra-90-8mm-1m-116147\" class=\"button\" id=\"COB_NOWE\" target=\"_self\">Zobacz produkt<\/a><\/div><div class=\"call-to-action-07__product-box\"><img decoding=\"async\" src=\"https:\/\/www.smd-led.pl\/blog\/wp-content\/uploads\/2023\/07\/Tasma-Led-24V-Cob-11W-480Led-Ip20-4000-100K-100LmW-Ra-90-1M-8Mm.jpg\" alt=\"Ta\u015bma Led 24V Cob 11W 480Led Ip20 4000 +-100K 100LmW Ra 90 1M 8Mm\" \/><span class=\"call-to-action-07__product-title\">TA\u015aMA LED 24V \/ COB \/ 11W \/ 4000K<\/span><a href=\"https:\/\/www.smd-led.pl\/tasma-led-24v-cob-11w-480led-ip20-4000-100k-100lm-w-ra-90-1m-8mm-97390\" class=\"button\" id=\"COB_NOWE\" target=\"_self\">Zobacz produkt<\/a><\/div><div class=\"call-to-action-07__product-box\"><img decoding=\"async\" src=\"https:\/\/www.smd-led.pl\/blog\/wp-content\/uploads\/2022\/07\/tasma-led-24v-cob-11w-480led-ip20-6000-100k-100lm-w-ra-90-8mm-1m.jpg\" alt=\"TA\u015aMA LED 24V \/ COB \/ 11W \/ 480LED \/ IP20 \/ 6000 +\/-100K \/ 100LM\/W \/ RA 90 \/ 8MM \/ 1M\" \/><span class=\"call-to-action-07__product-title\">TA\u015aMA LED 24V \/ COB \/ 11W \/ 6000K<\/span><a href=\"https:\/\/www.smd-led.pl\/tasma-led-24v-cob-11w-480led-ip20-6000-100k-100lm-w-ra-90-8mm-1m-116158\" class=\"button\" id=\"COB_NOWE\" target=\"_self\">Zobacz produkt<\/a><\/div><\/div>\n<div id=\"attachment_14539\" style=\"width: 1210px\" class=\"wp-caption aligncenter\"><img loading=\"lazy\" decoding=\"async\" aria-describedby=\"caption-attachment-14539\" class=\"size-full wp-image-14539\" src=\"https:\/\/www.smd-led.pl\/blog\/wp-content\/uploads\/2023\/11\/Jaka-tasma-Led-do-kuchni_-Wybor-barwy-swiatla.png\" alt=\"Jaka ta\u015bma Led do kuchni_ Wyb\u00f3r barwy \u015bwiat\u0142a\" width=\"1200\" height=\"600\" srcset=\"https:\/\/www.smd-led.pl\/blog\/wp-content\/uploads\/2023\/11\/Jaka-tasma-Led-do-kuchni_-Wybor-barwy-swiatla.png 1200w, https:\/\/www.smd-led.pl\/blog\/wp-content\/uploads\/2023\/11\/Jaka-tasma-Led-do-kuchni_-Wybor-barwy-swiatla-300x150.png 300w, https:\/\/www.smd-led.pl\/blog\/wp-content\/uploads\/2023\/11\/Jaka-tasma-Led-do-kuchni_-Wybor-barwy-swiatla-1024x512.png 1024w, https:\/\/www.smd-led.pl\/blog\/wp-content\/uploads\/2023\/11\/Jaka-tasma-Led-do-kuchni_-Wybor-barwy-swiatla-768x384.png 768w\" sizes=\"auto, (max-width: 1200px) 100vw, 1200px\" \/><p id=\"caption-attachment-14539\" class=\"wp-caption-text\">Jaka ta\u015bma Led do kuchni_ Wyb\u00f3r barwy \u015bwiat\u0142a<\/p><\/div>\n<h3>\u017bar\u00f3wka Led do o\u015bwietlenia g\u0142\u00f3wnego: Jaka barwa \u015bwiat\u0142a?<\/h3>\n<p>Wybieraj\u0105c o\u015bwietlenie LED do kuchni jako g\u0142\u00f3wne \u017ar\u00f3d\u0142o \u015bwiat\u0142a, istotne jest, aby dopasowa\u0107 je tak, by zapewni\u0107 nie tylko odpowiedni\u0105 ilo\u015b\u0107 \u015bwiat\u0142a, ale tak\u017ce aby stworzy\u0107 przyjemn\u0105 atmosfer\u0119 w pomieszczeniu.\u00a0 Zatem jaka barwa \u015bwiat\u0142a do kuchni sprawdzi si\u0119 najlepiej ? W zale\u017cno\u015bci od stylu Twojej kuchni oraz Twoich osobistych preferencji, masz do wyboru <a href=\"https:\/\/www.smd-led.pl\/zarowki-led\">\u017car\u00f3wki LED<\/a> o r\u00f3\u017cnych barwach \u015bwiat\u0142a.<strong> Je\u015bli Twoja kuchnia jest urz\u0105dzona w tradycyjnym stylu, zalecam wyb\u00f3r <a href=\"https:\/\/www.smd-led.pl\/zarowki-led\" data-internallinksmanager029f6b8e52c=\"20\" title=\"\u017bar\u00f3wki LED\">\u017car\u00f3wki LED<\/a> do o\u015bwietlenia g\u0142\u00f3wnego o ciep\u0142ej barwie \u015bwiat\u0142a. Taka barwa \u015bwiat\u0142a doda wn\u0119trzu przytulno\u015bci, podkre\u015blaj\u0105c ciep\u0142o drewna i klasycznych mebli. Jest to \u015bwietny wyb\u00f3r, je\u015bli chcesz stworzy\u0107 w kuchni miejsce, kt\u00f3re sprzyja relaksowi i wsp\u00f3lnym rodzinnych posi\u0142kom. Dla os\u00f3b preferuj\u0105cych bardziej uniwersalne rozwi\u0105zanie, kt\u00f3re pasuje do wielu styl\u00f3w kuchni, polecam \u017car\u00f3wki LED o neutralnej barwie \u015bwiat\u0142a. Takie o\u015bwietlenie zapewnia zr\u00f3wnowa\u017cone warunki do przygotowywania posi\u0142k\u00f3w, a jednocze\u015bnie nie zniekszta\u0142ca percepcji kolor\u00f3w.<\/strong> Natomiast w nowoczesnych kuchniach, gdzie liczy si\u0119 przede wszystkim funkcjonalno\u015b\u0107 i precyzja, najlepszym wyborem b\u0119dzie \u017car\u00f3wka LED o zimnej barwie \u015bwiat\u0142a. Taka barwa \u015bwiat\u0142a pomo\u017ce skupi\u0107 si\u0119 na wykonywaniu codziennych czynno\u015bci kuchennych i doda przestrzeni nowoczesnego charakteru. Pami\u0119taj, \u017ce wybieraj\u0105c g\u0142\u00f3wne \u017ar\u00f3d\u0142o \u015bwiat\u0142a w kuchni, warto zastanowi\u0107 si\u0119 nad tym, jakie emocje chcesz w niej wywo\u0142a\u0107 oraz jakie zadania najcz\u0119\u015bciej w niej wykonujesz. Dob\u00f3r odpowiedniego o\u015bwietlenia LED mo\u017ce znacz\u0105co wp\u0142yn\u0105\u0107 na funkcjonalno\u015b\u0107 i atmosfer\u0119 w Twojej kuchni.<\/p>\n<div id=\"attachment_14540\" style=\"width: 1210px\" class=\"wp-caption aligncenter\"><img loading=\"lazy\" decoding=\"async\" aria-describedby=\"caption-attachment-14540\" class=\"size-full wp-image-14540\" src=\"https:\/\/www.smd-led.pl\/blog\/wp-content\/uploads\/2023\/11\/Zarowka-Led-do-oswietlenia-glownego_-Jaka-barwa-swiatla.png\" alt=\"\u017bar\u00f3wka Led do o\u015bwietlenia g\u0142\u00f3wnego_ Jaka barwa \u015bwiat\u0142a\" width=\"1200\" height=\"600\" srcset=\"https:\/\/www.smd-led.pl\/blog\/wp-content\/uploads\/2023\/11\/Zarowka-Led-do-oswietlenia-glownego_-Jaka-barwa-swiatla.png 1200w, https:\/\/www.smd-led.pl\/blog\/wp-content\/uploads\/2023\/11\/Zarowka-Led-do-oswietlenia-glownego_-Jaka-barwa-swiatla-300x150.png 300w, https:\/\/www.smd-led.pl\/blog\/wp-content\/uploads\/2023\/11\/Zarowka-Led-do-oswietlenia-glownego_-Jaka-barwa-swiatla-1024x512.png 1024w, https:\/\/www.smd-led.pl\/blog\/wp-content\/uploads\/2023\/11\/Zarowka-Led-do-oswietlenia-glownego_-Jaka-barwa-swiatla-768x384.png 768w\" sizes=\"auto, (max-width: 1200px) 100vw, 1200px\" \/><p id=\"caption-attachment-14540\" class=\"wp-caption-text\">\u017bar\u00f3wka Led do o\u015bwietlenia g\u0142\u00f3wnego_ Jaka barwa \u015bwiat\u0142a<\/p><\/div>\n<h2><\/h2>\n<p><strong>Zobacz nasze inne artyku\u0142y na temat barwy \u015bwiat\u0142a i jej znaczenia w r\u00f3\u017cnych pomieszczeniach:\u00a0<\/strong><\/p>\n<ul>\n<li style=\"list-style-type: none;\">\n<ul>\n<li><a title=\"Jaka barwa do salonu ?\" href=\"https:\/\/www.smd-led.pl\/blog\/jaka-barwa-swiatla-do-salonu\/\">Jak\u0105 barw\u0119 \u015bwiat\u0142a do salonu ?<\/a><\/li>\n<li><a href=\"https:\/\/www.smd-led.pl\/blog\/jaka-barwe-swiatla-wybrac-do-przedpokoju\/\"><strong>Jaka barwa \u015bwiat\u0142a do przedpokoju ?<\/strong><\/a><\/li>\n<li><strong><a href=\"https:\/\/www.smd-led.pl\/blog\/jaka-barwa-swiatla-do-kuchni\/\">Jaka barwa \u015bwiat\u0142a do kuchni ?<\/a><br \/>\n<\/strong><\/li>\n<li><a href=\"https:\/\/www.smd-led.pl\/blog\/jaka-barwa-swiatla-do-sypialni-co-wybrac\/\">Jaka barwa \u015bwiat\u0142a do sypialni ?<\/a><\/li>\n<li><a href=\"https:\/\/www.smd-led.pl\/blog\/jaka-barwa-swiatla-jest-odpowiednia-do-pokoju-dziecka\/\">Jaka barwa \u015bwiat\u0142a do pokoju dziecka ?<\/a><\/li>\n<li><a href=\"https:\/\/www.smd-led.pl\/blog\/jaka-barwe-swiatla-wybrac-do-lazienki\/\">Jaka barwa \u015bwiat\u0142\u0105 do \u0142azienki ?<\/a><\/li>\n<li><a title=\"Barwa \u015bwiat\u0142a jak j\u0105 dobra\u0107 \" href=\"https:\/\/www.smd-led.pl\/blog\/barwa-swiatla-jak-ja-dobrac-i-czym-sie-kierowac\/\">Barwa \u015bwiat\u0142a \u2013 jak j\u0105 dobra\u0107 i czym si\u0119 kierowa\u0107 ?<\/a><\/li>\n<li><a title=\"Ile lumen\u00f3w na m2\" href=\"https:\/\/www.smd-led.pl\/blog\/ile-lumenow-na-m2\/\">Ile lumen\u00f3w na m2<\/a><\/li>\n<\/ul>\n<\/li>\n<\/ul>\n<h2>Podsumowanie<\/h2>\n<p><strong>Wyb\u00f3r odpowiedniej barwy \u015bwiat\u0142a do kuchni jest kluczowy dla stworzenia przyjemnej atmosfery oraz funkcjonalnego o\u015bwietlenia roboczego. Warto zwr\u00f3ci\u0107 uwag\u0119 na r\u00f3\u017cne rodzaje o\u015bwietlenia, takie jak o\u015bwietlenie og\u00f3lne, robocze czy dekoracyjne, oraz dostosowa\u0107 barw\u0119 \u015bwiat\u0142a do indywidualnych potrzeb i stylu kuchni.<\/strong> O\u015bwietlenie ledowe, takie jak ta\u015bmy\u00a0Led\u00a0czy \u017car\u00f3wki\u00a0Led, oferuje szerokie mo\u017cliwo\u015bci aran\u017cacyjne oraz energooszcz\u0119dno\u015b\u0107. Pami\u0119tajmy, \u017ce ciep\u0142a barwa \u015bwiat\u0142a sprawdzi si\u0119 w kuchniach o tradycyjnym wystroju, neutralna barwa \u015bwiat\u0142a b\u0119dzie uniwersalnym rozwi\u0105zaniem, a zimna barwa \u015bwiat\u0142a mo\u017ce by\u0107 odpowiednia dla nowoczesnych kuchni. Ostatecznie, wyb\u00f3r barwy \u015bwiat\u0142a powinien by\u0107 uzale\u017cniony od indywidualnych preferencji oraz funkcji, jak\u0105 ma pe\u0142ni\u0107 o\u015bwietlenie w kuchni.<\/p>\n<p><strong>Te artyku\u0142y zainteresowa\u0142y innych czytelnik\u00f3w:<\/strong><\/p>\n<ul>\n<li id=\"O\u015bwietlenie_kuchni_\u2013_jak_rozplanowa\u0107_i_rozmie\u015bci\u0107\"><a href=\"https:\/\/www.smd-led.pl\/blog\/jakie-oswietlenie-do-kuchni-wybrac\/\">O\u015bwietlenie kuchni \u2013 jak rozplanowa\u0107 i rozmie\u015bci\u0107<\/a><\/li>\n<li id=\"Jak_rozmie\u015bci\u0107_halogeny_w_kuchni?\"><a href=\"https:\/\/www.smd-led.pl\/blog\/jak-rozmiescic-halogeny-w-kuchni\/\">Jak rozmie\u015bci\u0107 halogeny w kuchni?<\/a><\/li>\n<li id=\"O\u015bwietlenie_kuchni_\u2013_jak_rozplanowa\u0107_i_rozmie\u015bci\u0107\"><a href=\"https:\/\/www.smd-led.pl\/blog\/oswietlenie-kuchni-jak-rozplanowac-i-rozmiescic\/\">O\u015bwietlenie kuchni \u2013 jak rozplanowa\u0107 i rozmie\u015bci\u0107<\/a><\/li>\n<li id=\"Ta\u015bma_LED_do_kuchni_\u2013_czy_to_dobre_rozwi\u0105zanie?\"><a href=\"https:\/\/www.smd-led.pl\/blog\/tasma-led-do-kuchni-czy-to-dobre-rozwiazanie\/\">Ta\u015bma LED do kuchni \u2013 czy to dobre rozwi\u0105zanie?<\/a><\/li>\n<li id=\"Zio\u0142a_w_kuchni_\u2013_jak_o\u015bwietli\u0107_domow\u0105_plantacj\u0119?\"><a href=\"https:\/\/www.smd-led.pl\/blog\/ziola-w-kuchni-jak-oswietlic-domowa-plantacje\/\">Zio\u0142a w kuchni \u2013 jak o\u015bwietli\u0107 domow\u0105 plantacj\u0119?<\/a><\/li>\n<li id=\"O\u015bwietlenie_blatu_kuchennego_\u2013_10_sposob\u00f3w_o_kt\u00f3rych_musisz_wiedzie\u0107\"><a href=\"https:\/\/www.smd-led.pl\/blog\/oswietlenie-blatu-kuchennego-10-sposobow-o-ktorych-musisz-wiedziec\/\">O\u015bwietlenie blatu kuchennego \u2013 10 sposob\u00f3w o kt\u00f3rych musisz wiedzie\u0107<\/a><\/li>\n<li id=\"O\u015bwietlenie_do_jadalni_\u2013_sprawd\u017a_na_co_postawi\u0107_w_2023_roku\"><a href=\"https:\/\/www.smd-led.pl\/blog\/oswietlenie-jadalni\/\">O\u015bwietlenie do jadalni \u2013 sprawd\u017a na co postawi\u0107 w 2023 roku<\/a><\/li>\n<\/ul>\n<div id=\"attachment_14518\" style=\"width: 1210px\" class=\"wp-caption aligncenter\"><img loading=\"lazy\" decoding=\"async\" aria-describedby=\"caption-attachment-14518\" class=\"size-full wp-image-14518\" src=\"https:\/\/www.smd-led.pl\/blog\/wp-content\/uploads\/2023\/11\/Jaka-barwa-swiatla-do-kuchni_-.png\" alt=\"Jaka barwa \u015bwiat\u0142a do kuchni\" width=\"1200\" height=\"600\" srcset=\"https:\/\/www.smd-led.pl\/blog\/wp-content\/uploads\/2023\/11\/Jaka-barwa-swiatla-do-kuchni_-.png 1200w, https:\/\/www.smd-led.pl\/blog\/wp-content\/uploads\/2023\/11\/Jaka-barwa-swiatla-do-kuchni_--300x150.png 300w, https:\/\/www.smd-led.pl\/blog\/wp-content\/uploads\/2023\/11\/Jaka-barwa-swiatla-do-kuchni_--1024x512.png 1024w, https:\/\/www.smd-led.pl\/blog\/wp-content\/uploads\/2023\/11\/Jaka-barwa-swiatla-do-kuchni_--768x384.png 768w\" sizes=\"auto, (max-width: 1200px) 100vw, 1200px\" \/><p id=\"caption-attachment-14518\" class=\"wp-caption-text\">Jaka barwa \u015bwiat\u0142a do kuchni podsumowania<\/p><\/div>\n","protected":false},"excerpt":{"rendered":"<p>Pytanie jaka barwa \u015bwiat\u0142a do kuchni sprawdzi si\u0119 w o\u015bwietlaniu kuchni chocia\u017c odpowied\u017a wydaje si\u0119 [&hellip;]<\/p>\n","protected":false},"author":7,"featured_media":14543,"comment_status":"closed","ping_status":"closed","sticky":false,"template":"","format":"standard","meta":{"inline_featured_image":false,"footnotes":""},"categories":[54,31,34,75,39],"tags":[],"class_list":["post-14462","post","type-post","status-publish","format-standard","has-post-thumbnail","hentry","category-kuchnia-wewnetrzne-kategorie","category-oswietlenie-dla-domu","category-poradnik-led","category-tasmy-led","category-zarowki"],"acf":[],"yoast_head":"<!-- This site is optimized with the Yoast SEO Premium plugin v26.8 (Yoast SEO v26.8) - https:\/\/yoast.com\/product\/yoast-seo-premium-wordpress\/ -->\n<title>Jaka barwa \u015bwiat\u0142a do kuchni?\u00a0 - SMD-LED<\/title>\n<meta name=\"description\" content=\"Jaka barwa \u015bwiat\u0142a do kuchni? Nasz artyku\u0142 Ci\u0119 zaskoczy, zobacz czego mo\u017cesz nie wiedzie\u0107 i jak lepiej poprawi\u0107 barw\u0119 \u015bwiat\u0142a w kuchni.\" \/>\n<meta name=\"robots\" content=\"index, follow, max-snippet:-1, max-image-preview:large, max-video-preview:-1\" \/>\n<link rel=\"canonical\" href=\"https:\/\/www.smd-led.pl\/blog\/jaka-barwa-swiatla-do-kuchni\/\" \/>\n<meta property=\"og:locale\" content=\"pl_PL\" \/>\n<meta property=\"og:type\" content=\"article\" \/>\n<meta property=\"og:title\" content=\"Jaka barwa \u015bwiat\u0142a do kuchni?\u00a0\" \/>\n<meta property=\"og:description\" content=\"Jaka barwa \u015bwiat\u0142a do kuchni? Nasz artyku\u0142 Ci\u0119 zaskoczy, zobacz czego mo\u017cesz nie wiedzie\u0107 i jak lepiej poprawi\u0107 barw\u0119 \u015bwiat\u0142a w kuchni.\" \/>\n<meta property=\"og:url\" content=\"https:\/\/www.smd-led.pl\/blog\/jaka-barwa-swiatla-do-kuchni\/\" \/>\n<meta property=\"og:site_name\" content=\"SMD-LED\" \/>\n<meta property=\"article:published_time\" content=\"2023-11-09T13:46:42+00:00\" \/>\n<meta property=\"article:modified_time\" content=\"2024-02-01T10:06:02+00:00\" \/>\n<meta property=\"og:image\" content=\"https:\/\/www.smd-led.pl\/blog\/wp-content\/uploads\/2023\/11\/smdled_upper_hanging_lighting_with_a_LED_bulb_in_the_kitchen_fu_05207aa2-b640-45b6-a6ad-b190d103abcc.png\" \/>\n\t<meta property=\"og:image:width\" content=\"1024\" \/>\n\t<meta property=\"og:image:height\" content=\"1024\" \/>\n\t<meta property=\"og:image:type\" content=\"image\/png\" \/>\n<meta name=\"author\" content=\"Marcin Pietrasik\" \/>\n<meta name=\"twitter:card\" content=\"summary_large_image\" \/>\n<meta name=\"twitter:label1\" content=\"Napisane przez\" \/>\n\t<meta name=\"twitter:data1\" content=\"Marcin Pietrasik\" \/>\n\t<meta name=\"twitter:label2\" content=\"Szacowany czas czytania\" \/>\n\t<meta name=\"twitter:data2\" content=\"31 minut\" \/>\n<script type=\"application\/ld+json\" class=\"yoast-schema-graph\">{\"@context\":\"https:\/\/schema.org\",\"@graph\":[{\"@type\":\"Article\",\"@id\":\"https:\/\/www.smd-led.pl\/blog\/jaka-barwa-swiatla-do-kuchni\/#article\",\"isPartOf\":{\"@id\":\"https:\/\/www.smd-led.pl\/blog\/jaka-barwa-swiatla-do-kuchni\/\"},\"author\":{\"name\":\"Marcin Pietrasik\",\"@id\":\"https:\/\/www.smd-led.pl\/blog\/#\/schema\/person\/887fa24be503d7ae726f67021d1623f5\"},\"headline\":\"Jaka barwa \u015bwiat\u0142a do kuchni?\u00a0\",\"datePublished\":\"2023-11-09T13:46:42+00:00\",\"dateModified\":\"2024-02-01T10:06:02+00:00\",\"mainEntityOfPage\":{\"@id\":\"https:\/\/www.smd-led.pl\/blog\/jaka-barwa-swiatla-do-kuchni\/\"},\"wordCount\":5434,\"image\":{\"@id\":\"https:\/\/www.smd-led.pl\/blog\/jaka-barwa-swiatla-do-kuchni\/#primaryimage\"},\"thumbnailUrl\":\"https:\/\/www.smd-led.pl\/blog\/wp-content\/uploads\/2023\/11\/smdled_upper_hanging_lighting_with_a_LED_bulb_in_the_kitchen_fu_05207aa2-b640-45b6-a6ad-b190d103abcc.png\",\"articleSection\":[\"Kuchnia\",\"O\u015bwietlenie dla domu\",\"Poradnik LED\",\"Ta\u015bmy LED\",\"\u017bar\u00f3wki\"],\"inLanguage\":\"pl-PL\"},{\"@type\":\"WebPage\",\"@id\":\"https:\/\/www.smd-led.pl\/blog\/jaka-barwa-swiatla-do-kuchni\/\",\"url\":\"https:\/\/www.smd-led.pl\/blog\/jaka-barwa-swiatla-do-kuchni\/\",\"name\":\"Jaka barwa \u015bwiat\u0142a do kuchni?\u00a0 - SMD-LED\",\"isPartOf\":{\"@id\":\"https:\/\/www.smd-led.pl\/blog\/#website\"},\"primaryImageOfPage\":{\"@id\":\"https:\/\/www.smd-led.pl\/blog\/jaka-barwa-swiatla-do-kuchni\/#primaryimage\"},\"image\":{\"@id\":\"https:\/\/www.smd-led.pl\/blog\/jaka-barwa-swiatla-do-kuchni\/#primaryimage\"},\"thumbnailUrl\":\"https:\/\/www.smd-led.pl\/blog\/wp-content\/uploads\/2023\/11\/smdled_upper_hanging_lighting_with_a_LED_bulb_in_the_kitchen_fu_05207aa2-b640-45b6-a6ad-b190d103abcc.png\",\"datePublished\":\"2023-11-09T13:46:42+00:00\",\"dateModified\":\"2024-02-01T10:06:02+00:00\",\"author\":{\"@id\":\"https:\/\/www.smd-led.pl\/blog\/#\/schema\/person\/887fa24be503d7ae726f67021d1623f5\"},\"description\":\"Jaka barwa \u015bwiat\u0142a do kuchni? Nasz artyku\u0142 Ci\u0119 zaskoczy, zobacz czego mo\u017cesz nie wiedzie\u0107 i jak lepiej poprawi\u0107 barw\u0119 \u015bwiat\u0142a w kuchni.\",\"breadcrumb\":{\"@id\":\"https:\/\/www.smd-led.pl\/blog\/jaka-barwa-swiatla-do-kuchni\/#breadcrumb\"},\"inLanguage\":\"pl-PL\",\"potentialAction\":[{\"@type\":\"ReadAction\",\"target\":[\"https:\/\/www.smd-led.pl\/blog\/jaka-barwa-swiatla-do-kuchni\/\"]}]},{\"@type\":\"ImageObject\",\"inLanguage\":\"pl-PL\",\"@id\":\"https:\/\/www.smd-led.pl\/blog\/jaka-barwa-swiatla-do-kuchni\/#primaryimage\",\"url\":\"https:\/\/www.smd-led.pl\/blog\/wp-content\/uploads\/2023\/11\/smdled_upper_hanging_lighting_with_a_LED_bulb_in_the_kitchen_fu_05207aa2-b640-45b6-a6ad-b190d103abcc.png\",\"contentUrl\":\"https:\/\/www.smd-led.pl\/blog\/wp-content\/uploads\/2023\/11\/smdled_upper_hanging_lighting_with_a_LED_bulb_in_the_kitchen_fu_05207aa2-b640-45b6-a6ad-b190d103abcc.png\",\"width\":1024,\"height\":1024},{\"@type\":\"BreadcrumbList\",\"@id\":\"https:\/\/www.smd-led.pl\/blog\/jaka-barwa-swiatla-do-kuchni\/#breadcrumb\",\"itemListElement\":[{\"@type\":\"ListItem\",\"position\":1,\"name\":\"Strona g\u0142\u00f3wna\",\"item\":\"https:\/\/www.smd-led.pl\/blog\/\"},{\"@type\":\"ListItem\",\"position\":2,\"name\":\"Jaka barwa \u015bwiat\u0142a do kuchni?\u00a0\"}]},{\"@type\":\"WebSite\",\"@id\":\"https:\/\/www.smd-led.pl\/blog\/#website\",\"url\":\"https:\/\/www.smd-led.pl\/blog\/\",\"name\":\"SMD-LED\",\"description\":\"O\u015bwietlenie Led do domu i przemys\u0142u porady, testy i opinie ekspert\u00f3w\",\"potentialAction\":[{\"@type\":\"SearchAction\",\"target\":{\"@type\":\"EntryPoint\",\"urlTemplate\":\"https:\/\/www.smd-led.pl\/blog\/?s={search_term_string}\"},\"query-input\":{\"@type\":\"PropertyValueSpecification\",\"valueRequired\":true,\"valueName\":\"search_term_string\"}}],\"inLanguage\":\"pl-PL\"},{\"@type\":\"Person\",\"@id\":\"https:\/\/www.smd-led.pl\/blog\/#\/schema\/person\/887fa24be503d7ae726f67021d1623f5\",\"name\":\"Marcin Pietrasik\",\"image\":{\"@type\":\"ImageObject\",\"inLanguage\":\"pl-PL\",\"@id\":\"https:\/\/www.smd-led.pl\/blog\/#\/schema\/person\/image\/\",\"url\":\"https:\/\/secure.gravatar.com\/avatar\/c886f4ccbb5c83b665ee8b66f0b3401128439bc832dca6389b6e67c6bdc3d38b?s=96&d=mm&r=g\",\"contentUrl\":\"https:\/\/secure.gravatar.com\/avatar\/c886f4ccbb5c83b665ee8b66f0b3401128439bc832dca6389b6e67c6bdc3d38b?s=96&d=mm&r=g\",\"caption\":\"Marcin Pietrasik\"},\"url\":\"https:\/\/www.smd-led.pl\/blog\/author\/mpietrasik\/\"}]}<\/script>\n<!-- \/ Yoast SEO Premium plugin. -->","yoast_head_json":{"title":"Jaka barwa \u015bwiat\u0142a do kuchni?\u00a0 - SMD-LED","description":"Jaka barwa \u015bwiat\u0142a do kuchni? Nasz artyku\u0142 Ci\u0119 zaskoczy, zobacz czego mo\u017cesz nie wiedzie\u0107 i jak lepiej poprawi\u0107 barw\u0119 \u015bwiat\u0142a w kuchni.","robots":{"index":"index","follow":"follow","max-snippet":"max-snippet:-1","max-image-preview":"max-image-preview:large","max-video-preview":"max-video-preview:-1"},"canonical":"https:\/\/www.smd-led.pl\/blog\/jaka-barwa-swiatla-do-kuchni\/","og_locale":"pl_PL","og_type":"article","og_title":"Jaka barwa \u015bwiat\u0142a do kuchni?\u00a0","og_description":"Jaka barwa \u015bwiat\u0142a do kuchni? Nasz artyku\u0142 Ci\u0119 zaskoczy, zobacz czego mo\u017cesz nie wiedzie\u0107 i jak lepiej poprawi\u0107 barw\u0119 \u015bwiat\u0142a w kuchni.","og_url":"https:\/\/www.smd-led.pl\/blog\/jaka-barwa-swiatla-do-kuchni\/","og_site_name":"SMD-LED","article_published_time":"2023-11-09T13:46:42+00:00","article_modified_time":"2024-02-01T10:06:02+00:00","og_image":[{"width":1024,"height":1024,"url":"https:\/\/www.smd-led.pl\/blog\/wp-content\/uploads\/2023\/11\/smdled_upper_hanging_lighting_with_a_LED_bulb_in_the_kitchen_fu_05207aa2-b640-45b6-a6ad-b190d103abcc.png","type":"image\/png"}],"author":"Marcin Pietrasik","twitter_card":"summary_large_image","twitter_misc":{"Napisane przez":"Marcin Pietrasik","Szacowany czas czytania":"31 minut"},"schema":{"@context":"https:\/\/schema.org","@graph":[{"@type":"Article","@id":"https:\/\/www.smd-led.pl\/blog\/jaka-barwa-swiatla-do-kuchni\/#article","isPartOf":{"@id":"https:\/\/www.smd-led.pl\/blog\/jaka-barwa-swiatla-do-kuchni\/"},"author":{"name":"Marcin Pietrasik","@id":"https:\/\/www.smd-led.pl\/blog\/#\/schema\/person\/887fa24be503d7ae726f67021d1623f5"},"headline":"Jaka barwa \u015bwiat\u0142a do kuchni?\u00a0","datePublished":"2023-11-09T13:46:42+00:00","dateModified":"2024-02-01T10:06:02+00:00","mainEntityOfPage":{"@id":"https:\/\/www.smd-led.pl\/blog\/jaka-barwa-swiatla-do-kuchni\/"},"wordCount":5434,"image":{"@id":"https:\/\/www.smd-led.pl\/blog\/jaka-barwa-swiatla-do-kuchni\/#primaryimage"},"thumbnailUrl":"https:\/\/www.smd-led.pl\/blog\/wp-content\/uploads\/2023\/11\/smdled_upper_hanging_lighting_with_a_LED_bulb_in_the_kitchen_fu_05207aa2-b640-45b6-a6ad-b190d103abcc.png","articleSection":["Kuchnia","O\u015bwietlenie dla domu","Poradnik LED","Ta\u015bmy LED","\u017bar\u00f3wki"],"inLanguage":"pl-PL"},{"@type":"WebPage","@id":"https:\/\/www.smd-led.pl\/blog\/jaka-barwa-swiatla-do-kuchni\/","url":"https:\/\/www.smd-led.pl\/blog\/jaka-barwa-swiatla-do-kuchni\/","name":"Jaka barwa \u015bwiat\u0142a do kuchni?\u00a0 - SMD-LED","isPartOf":{"@id":"https:\/\/www.smd-led.pl\/blog\/#website"},"primaryImageOfPage":{"@id":"https:\/\/www.smd-led.pl\/blog\/jaka-barwa-swiatla-do-kuchni\/#primaryimage"},"image":{"@id":"https:\/\/www.smd-led.pl\/blog\/jaka-barwa-swiatla-do-kuchni\/#primaryimage"},"thumbnailUrl":"https:\/\/www.smd-led.pl\/blog\/wp-content\/uploads\/2023\/11\/smdled_upper_hanging_lighting_with_a_LED_bulb_in_the_kitchen_fu_05207aa2-b640-45b6-a6ad-b190d103abcc.png","datePublished":"2023-11-09T13:46:42+00:00","dateModified":"2024-02-01T10:06:02+00:00","author":{"@id":"https:\/\/www.smd-led.pl\/blog\/#\/schema\/person\/887fa24be503d7ae726f67021d1623f5"},"description":"Jaka barwa \u015bwiat\u0142a do kuchni? Nasz artyku\u0142 Ci\u0119 zaskoczy, zobacz czego mo\u017cesz nie wiedzie\u0107 i jak lepiej poprawi\u0107 barw\u0119 \u015bwiat\u0142a w kuchni.","breadcrumb":{"@id":"https:\/\/www.smd-led.pl\/blog\/jaka-barwa-swiatla-do-kuchni\/#breadcrumb"},"inLanguage":"pl-PL","potentialAction":[{"@type":"ReadAction","target":["https:\/\/www.smd-led.pl\/blog\/jaka-barwa-swiatla-do-kuchni\/"]}]},{"@type":"ImageObject","inLanguage":"pl-PL","@id":"https:\/\/www.smd-led.pl\/blog\/jaka-barwa-swiatla-do-kuchni\/#primaryimage","url":"https:\/\/www.smd-led.pl\/blog\/wp-content\/uploads\/2023\/11\/smdled_upper_hanging_lighting_with_a_LED_bulb_in_the_kitchen_fu_05207aa2-b640-45b6-a6ad-b190d103abcc.png","contentUrl":"https:\/\/www.smd-led.pl\/blog\/wp-content\/uploads\/2023\/11\/smdled_upper_hanging_lighting_with_a_LED_bulb_in_the_kitchen_fu_05207aa2-b640-45b6-a6ad-b190d103abcc.png","width":1024,"height":1024},{"@type":"BreadcrumbList","@id":"https:\/\/www.smd-led.pl\/blog\/jaka-barwa-swiatla-do-kuchni\/#breadcrumb","itemListElement":[{"@type":"ListItem","position":1,"name":"Strona g\u0142\u00f3wna","item":"https:\/\/www.smd-led.pl\/blog\/"},{"@type":"ListItem","position":2,"name":"Jaka barwa \u015bwiat\u0142a do kuchni?\u00a0"}]},{"@type":"WebSite","@id":"https:\/\/www.smd-led.pl\/blog\/#website","url":"https:\/\/www.smd-led.pl\/blog\/","name":"SMD-LED","description":"O\u015bwietlenie Led do domu i przemys\u0142u porady, testy i opinie ekspert\u00f3w","potentialAction":[{"@type":"SearchAction","target":{"@type":"EntryPoint","urlTemplate":"https:\/\/www.smd-led.pl\/blog\/?s={search_term_string}"},"query-input":{"@type":"PropertyValueSpecification","valueRequired":true,"valueName":"search_term_string"}}],"inLanguage":"pl-PL"},{"@type":"Person","@id":"https:\/\/www.smd-led.pl\/blog\/#\/schema\/person\/887fa24be503d7ae726f67021d1623f5","name":"Marcin Pietrasik","image":{"@type":"ImageObject","inLanguage":"pl-PL","@id":"https:\/\/www.smd-led.pl\/blog\/#\/schema\/person\/image\/","url":"https:\/\/secure.gravatar.com\/avatar\/c886f4ccbb5c83b665ee8b66f0b3401128439bc832dca6389b6e67c6bdc3d38b?s=96&d=mm&r=g","contentUrl":"https:\/\/secure.gravatar.com\/avatar\/c886f4ccbb5c83b665ee8b66f0b3401128439bc832dca6389b6e67c6bdc3d38b?s=96&d=mm&r=g","caption":"Marcin Pietrasik"},"url":"https:\/\/www.smd-led.pl\/blog\/author\/mpietrasik\/"}]}},"_links":{"self":[{"href":"https:\/\/www.smd-led.pl\/blog\/wp-json\/wp\/v2\/posts\/14462","targetHints":{"allow":["GET"]}}],"collection":[{"href":"https:\/\/www.smd-led.pl\/blog\/wp-json\/wp\/v2\/posts"}],"about":[{"href":"https:\/\/www.smd-led.pl\/blog\/wp-json\/wp\/v2\/types\/post"}],"author":[{"embeddable":true,"href":"https:\/\/www.smd-led.pl\/blog\/wp-json\/wp\/v2\/users\/7"}],"replies":[{"embeddable":true,"href":"https:\/\/www.smd-led.pl\/blog\/wp-json\/wp\/v2\/comments?post=14462"}],"version-history":[{"count":19,"href":"https:\/\/www.smd-led.pl\/blog\/wp-json\/wp\/v2\/posts\/14462\/revisions"}],"predecessor-version":[{"id":17818,"href":"https:\/\/www.smd-led.pl\/blog\/wp-json\/wp\/v2\/posts\/14462\/revisions\/17818"}],"wp:featuredmedia":[{"embeddable":true,"href":"https:\/\/www.smd-led.pl\/blog\/wp-json\/wp\/v2\/media\/14543"}],"wp:attachment":[{"href":"https:\/\/www.smd-led.pl\/blog\/wp-json\/wp\/v2\/media?parent=14462"}],"wp:term":[{"taxonomy":"category","embeddable":true,"href":"https:\/\/www.smd-led.pl\/blog\/wp-json\/wp\/v2\/categories?post=14462"},{"taxonomy":"post_tag","embeddable":true,"href":"https:\/\/www.smd-led.pl\/blog\/wp-json\/wp\/v2\/tags?post=14462"}],"curies":[{"name":"wp","href":"https:\/\/api.w.org\/{rel}","templated":true}]}}