{"id":14653,"date":"2024-11-20T14:05:05","date_gmt":"2024-11-20T13:05:05","guid":{"rendered":"https:\/\/www.smd-led.pl\/blog\/?p=14653"},"modified":"2025-10-03T16:04:26","modified_gmt":"2025-10-03T14:04:26","slug":"jak-oswietlic-salon-fryzjerski","status":"publish","type":"post","link":"https:\/\/www.smd-led.pl\/blog\/jak-oswietlic-salon-fryzjerski\/","title":{"rendered":"jak o\u015bwietli\u0107 salon fryzjerski"},"content":{"rendered":"<p style=\"text-align: left;\">O\u015bwietlenie do salonu fryzjerskiego to kluczowy element, kt\u00f3ry wp\u0142ywa na komfort pracy fryzjer\u00f3w, jako\u015b\u0107 us\u0142ug oraz zadowolenie klient\u00f3w. W\u0142a\u015bciwe o\u015bwietlenie do salonu fryzjerskiego\u00a0 pozwala na precyzyjne wykonywanie zabieg\u00f3w, a tak\u017ce tworzy przyjemn\u0105 atmosfer\u0119 dla klient\u00f3w. <strong>Jak o\u015bwietli\u0107 salon fryzjerski,<\/strong>\u00a0 zatem jakie powinno by\u0107 prawid\u0142owe o\u015bwietlenie w salonie fryzjerskim?<strong> W salonie fryzjerskim o\u015bwietlenie powinno by\u0107 zr\u00f3\u017cnicowane w zale\u017cno\u015bci od strefy. Obszar wok\u00f3\u0142 fotela fryzjerskiego wymaga szczeg\u00f3lnie intensywnego o\u015bwietlenia, w granicach 300-500 lx. <\/strong>Zapewnienie odpowiednio do\u015bwietlonego miejsca pracy jest kluczowe dla komfortu i bezpiecze\u0144stwa wykonywania zawodu fryzjera. Generalnie z naszego do\u015bwiadczenia wynika \u017ce\u00a0 modernizacja o\u015bwietlenia i zadbanie o ten aspekt przyczyni\u0142o si\u0119 bezpo\u015brednio do wzrostu przychod\u00f3w. Klient ch\u0119tniej wraca do wn\u0119trz dobrze zaprojektowanych i o\u015bwietlonych. Dlatego o\u015bwietlenie do salonu fryzjerskiego mo\u017ce stanowi\u0107 kluczow\u0105 spraw\u0119 podczas projektowania nowoczesnego salonu fryzjerskiego.\u00a0 Bardziej szczeg\u00f3\u0142owe porady w dalszej cz\u0119\u015bci artyku\u0142u.<\/p>\n<div id=\"attachment_14657\" style=\"width: 810px\" class=\"wp-caption aligncenter\"><img loading=\"lazy\" decoding=\"async\" aria-describedby=\"caption-attachment-14657\" class=\"size-full wp-image-14657\" src=\"https:\/\/www.smd-led.pl\/blog\/wp-content\/uploads\/2023\/11\/oswietlenie-fryzjerskie-a-nowoczesny-salon-ryzjerski-baner-reklamowy-sklep-z-oswietleniem-smd-led.pl_.jpeg\" alt=\"o\u015bwietlenie do salonu fryzjerskiego\" width=\"800\" height=\"533\" srcset=\"https:\/\/www.smd-led.pl\/blog\/wp-content\/uploads\/2023\/11\/oswietlenie-fryzjerskie-a-nowoczesny-salon-ryzjerski-baner-reklamowy-sklep-z-oswietleniem-smd-led.pl_.jpeg 800w, https:\/\/www.smd-led.pl\/blog\/wp-content\/uploads\/2023\/11\/oswietlenie-fryzjerskie-a-nowoczesny-salon-ryzjerski-baner-reklamowy-sklep-z-oswietleniem-smd-led.pl_-300x200.jpeg 300w, https:\/\/www.smd-led.pl\/blog\/wp-content\/uploads\/2023\/11\/oswietlenie-fryzjerskie-a-nowoczesny-salon-ryzjerski-baner-reklamowy-sklep-z-oswietleniem-smd-led.pl_-768x512.jpeg 768w\" sizes=\"auto, (max-width: 800px) 100vw, 800px\" \/><p id=\"caption-attachment-14657\" class=\"wp-caption-text\">o\u015bwietlenie do salonu fryzjerskiego<\/p><\/div>\n<h2 style=\"text-align: center;\"><span style=\"font-size: 24pt; color: #ff0000;\"><b style=\"color: #ff0000; font-size: 24pt;\">Lampy kt\u00f3re najcz\u0119\u015bciej s\u0105 wybierane do salonu fryzjerskiego<\/b><b style=\"color: #ff0000; font-size: 24pt;\">: Szynoprzewody<\/b><\/span><span style=\"font-size: 24pt; color: #ff0000;\"><b style=\"color: #ff0000; font-size: 24pt;\">, K<\/b><\/span><span style=\"font-size: 24pt; color: #ff0000;\"><b style=\"color: #ff0000; font-size: 24pt;\">inkiety, Panele LED<\/b><\/span><\/h2>\n<div class=\"call-to-action-07\"><div class=\"call-to-action-07__product-box\"><img decoding=\"async\" src=\"https:\/\/www.smd-led.pl\/blog\/wp-content\/uploads\/2023\/01\/CZARNA-SZYNOWA-LAMPA-LED-27W-MDR-BRANTA-METALICA-940-60ST-4000K.jpg\" alt=\"O\u015bwietlenie szynowe\" \/><span class=\"call-to-action-07__product-title\">O\u015bwietlenie szynowe<\/span><a href=\"https:\/\/www.smd-led.pl\/oswietlenie-szynowe\" class=\"button\" id=\"lampy_fryzier\" target=\"_self\">Zobacz produkty<\/a><\/div><div class=\"call-to-action-07__product-box\"><img decoding=\"async\" src=\"https:\/\/www.smd-led.pl\/blog\/wp-content\/uploads\/2023\/12\/kinkiet-rolf-1-wall-bk-az4475.webp\" alt=\"Lampy Kinkiety \u015bcienne LED\" \/><span class=\"call-to-action-07__product-title\">Lampy Kinkiety \u015bcienne LED<\/span><a href=\"https:\/\/www.smd-led.pl\/lampy-kinkiety-scienne-led\" class=\"button\" id=\"lampy_fryzier\" target=\"_self\">Zobacz produkty<\/a><\/div><div class=\"call-to-action-07__product-box\"><img decoding=\"async\" src=\"https:\/\/www.smd-led.pl\/blog\/wp-content\/uploads\/2022\/08\/PANEL-LED-1.png\" alt=\"PANEL LED\" \/><span class=\"call-to-action-07__product-title\">Panele LED<\/span><a href=\"https:\/\/www.smd-led.pl\/panele-led\" class=\"button\" id=\"lampy_fryzier\" target=\"_self\">Zobacz produkty<\/a><\/div><\/div>\n<h2>Rola o\u015bwietlenia w salonie fryzjerskim<\/h2>\n<p>Rola o\u015bwietlenia w salonie fryzjerskim pe\u0142ni niezmiernie wa\u017cn\u0105 funkcj\u0119, poniewa\u017c nie tylko wp\u0142ywa na og\u00f3ln\u0105 atmosfer\u0119 miejsca, ale r\u00f3wnie\u017c na efektywno\u015b\u0107 pracy fryzjer\u00f3w. <strong>Dobre o\u015bwietlenie umo\u017cliwia fryzjerom precyzyjne wykonywanie zabieg\u00f3w, co jest niezb\u0119dne do osi\u0105gania oczekiwanych efekt\u00f3w i zadowolenia klient\u00f3w. Jasne i r\u00f3wnomierne \u015bwiat\u0142o pozwala na dok\u0142adn\u0105 ocen\u0119 koloru w\u0142os\u00f3w oraz precyzj\u0119 w strzy\u017ceniu i stylizacji, co jest niezwykle wa\u017cne w tej bran\u017cy. Ponadto, odpowiednio zaprojektowane o\u015bwietlenie tworzy przyjazn\u0105 i relaksuj\u0105c\u0105 atmosfer\u0119, kt\u00f3ra sprawia, \u017ce klienci czuj\u0105 si\u0119 komfortowo i ch\u0119tniej wracaj\u0105 do salonu.<\/strong> Nowoczesne rozwi\u0105zania o\u015bwietleniowe w salonach fryzjerskich cz\u0119sto \u0142\u0105cz\u0105 funkcjonalno\u015b\u0107 z estetyk\u0105, stosuj\u0105c na przyk\u0142ad systemy o\u015bwietleniowe LED do kt\u00f3rych nale\u017c\u0105 mi\u0119dzy innymi: <a href=\"https:\/\/www.smd-led.pl\/plafony-led\">plafony Led<\/a>, kinkiety Led, kt\u00f3re s\u0105 energooszcz\u0119dne i umo\u017cliwiaj\u0105 regulacj\u0119 nat\u0119\u017cenia \u015bwiat\u0142a. Takie rozwi\u0105zania nie tylko poprawiaj\u0105 warunki pracy fryzjer\u00f3w, ale tak\u017ce przyczyniaj\u0105 si\u0119 do zmniejszenia koszt\u00f3w eksploatacyjnych salonu. W rezultacie, o\u015bwietlenie w salonie fryzjerskim pe\u0142ni wielorak\u0105 rol\u0119, od technicznej po estetyczn\u0105, i jest kluczowym elementem, kt\u00f3ry wp\u0142ywa na jako\u015b\u0107 \u015bwiadczonych us\u0142ug oraz og\u00f3lne wra\u017cenie klienta na temat salonu.<\/p>\n<div id=\"attachment_14658\" style=\"width: 1010px\" class=\"wp-caption aligncenter\"><img loading=\"lazy\" decoding=\"async\" aria-describedby=\"caption-attachment-14658\" class=\"size-full wp-image-14658\" src=\"https:\/\/www.smd-led.pl\/blog\/wp-content\/uploads\/2023\/11\/Nowoczesny-salon-fryzjerski-11.jpg\" alt=\"Rola o\u015bwietlenia w salonie fryzjerskim\" width=\"1000\" height=\"667\" srcset=\"https:\/\/www.smd-led.pl\/blog\/wp-content\/uploads\/2023\/11\/Nowoczesny-salon-fryzjerski-11.jpg 1000w, https:\/\/www.smd-led.pl\/blog\/wp-content\/uploads\/2023\/11\/Nowoczesny-salon-fryzjerski-11-300x200.jpg 300w, https:\/\/www.smd-led.pl\/blog\/wp-content\/uploads\/2023\/11\/Nowoczesny-salon-fryzjerski-11-768x512.jpg 768w\" sizes=\"auto, (max-width: 1000px) 100vw, 1000px\" \/><p id=\"caption-attachment-14658\" class=\"wp-caption-text\">O\u015bwietlenie salonu fryzjerskiego -fotel fryzjerski<\/p><\/div>\n<h3>Jak dobre o\u015bwietlenie salonu wp\u0142ywa na komfort pracy fryzjer\u00f3w?<\/h3>\n<div class=\"w-full text-token-text-primary border-b border-black\/10 gizmo:border-0 dark:border-gray-900\/50 gizmo:dark:border-0 gizmo:bg-transparent dark:bg-gray-800 gizmo:dark:bg-transparent\" data-testid=\"conversation-turn-6\">\n<div class=\"p-4 gizmo:py-2 justify-center text-base md:gap-6 md:py-6 m-auto\">\n<div class=\"flex flex-1 gap-4 text-base mx-auto md:gap-6 gizmo:gap-3 gizmo:md:px-5 gizmo:lg:px-1 gizmo:xl:px-5 md:max-w-2xl lg:max-w-[38rem] gizmo:md:max-w-3xl gizmo:lg:max-w-[40rem] gizmo:xl:max-w-[48rem] xl:max-w-3xl } group\">\n<div class=\"relative flex w-[calc(100%-50px)] flex-col gizmo:w-full lg:w-[calc(100%-115px)]\">\n<div class=\"flex-col gap-1 md:gap-3\">\n<div class=\"flex flex-grow flex-col max-w-full gap-3 gizmo:gap-0\">\n<div class=\"min-h-[20px] text-message flex flex-col items-start gap-3 whitespace-pre-wrap break-words [.text-message+&amp;]:mt-5 overflow-x-auto\" data-message-author-role=\"user\" data-message-id=\"aaa20888-acdb-49ff-9aae-6272c012fbe1\">Dobre o\u015bwietlenie salonu fryzjerskiego ma istotny wp\u0142yw na komfort pracy fryzjer\u00f3w, co jest kluczowe zar\u00f3wno dla ich zdrowia, jak i efektywno\u015bci wykonywanych us\u0142ug. <strong>Jasne i r\u00f3wnomierne \u015bwiat\u0142o znacz\u0105co u\u0142atwia precyzyjne wykonanie zabieg\u00f3w w ka\u017cdym salonie fryzjerskim. Prawid\u0142owe o\u015bwietlenie wp\u0142ywa na wykonywanie takich czynno\u015bci jak strzy\u017cenie, koloryzacja czy modelowanie w\u0142os\u00f3w. Dzi\u0119ki temu fryzjerzy mog\u0105 z wi\u0119ksz\u0105 dok\u0142adno\u015bci\u0105 oceni\u0107 kolor, faktur\u0119 oraz og\u00f3lny stan w\u0142os\u00f3w, co jest niezb\u0119dne do zapewnienia wysokiej jako\u015bci us\u0142ug. Odpowiednie o\u015bwietlenie w salonie fryzjerskim przyczynia si\u0119 r\u00f3wnie\u017c do zmniejszenia zm\u0119czenia wzroku oraz poprawy koncentracji pracownik\u00f3w. Jest to szczeg\u00f3lnie istotne w zawodzie, kt\u00f3ry wymaga d\u0142ugotrwa\u0142ego skupienia na drobnych szczeg\u00f3\u0142ach. Lepsza widoczno\u015b\u0107 nie tylko u\u0142atwia precyzyjn\u0105 prac\u0119, ale tak\u017ce zapobiega b\u0142\u0119dom, kt\u00f3re mog\u0105 wyst\u0105pi\u0107 w s\u0142abo o\u015bwietlonym otoczeniu.\u00a0Kolejnym aspektem jest lepsza organizacja pracy.<\/strong> <strong>W dobrze o\u015bwietlonym salonie fryzjerzy mog\u0105 \u0142atwiej dostrzec wszelkie nieprawid\u0142owo\u015bci w strukturze w\u0142os\u00f3w oraz szybko znale\u017a\u0107 potrzebne narz\u0119dzia i produkty.<\/strong> To z kolei przek\u0142ada si\u0119 na p\u0142ynno\u015b\u0107 pracy i skr\u00f3cenie czasu potrzebnego na wykonanie poszczeg\u00f3lnych zabieg\u00f3w. O\u015bwietlenie do salonu fryzjerskiego powinno by\u0107 tak\u017ce dopasowane do charakteru i stylu wn\u0119trza. Przy dobieraniu odpowiedniego o\u015bwietlenia nale\u017cy wzi\u0105\u0107 r\u00f3wnie\u017c pod uwag\u0119 dodatkowe punktowe o\u015bwietlenie np.: <a href=\"https:\/\/www.smd-led.pl\/tasmy-ledowe\">ta\u015bmy Ledowe<\/a>, kinkiety, lampy stoj\u0105ce Led. Opr\u00f3cz funkcjonalno\u015bci, estetyka o\u015bwietlenia ma wp\u0142yw na og\u00f3ln\u0105 atmosfer\u0119 w salonie fryzjerskim, co jest wa\u017cne dla do\u015bwiadcze\u0144 klient\u00f3w. Przyjemna, nie ra\u017c\u0105ca \u015bwiat\u0142o\u015b\u0107 sprawia, \u017ce klienci czuj\u0105 si\u0119 zrelaksowani i komfortowo, co jest nieod\u0142\u0105cznym elementem pozytywnego do\u015bwiadczenia w salonie. Podsumowuj\u0105c, dobre o\u015bwietlenie do salonu fryzjerskiego jest niezb\u0119dne nie tylko dla efektywnej i precyzyjnej pracy fryzjer\u00f3w, ale r\u00f3wnie\u017c dla stworzenia przyjemnej atmosfery dla klient\u00f3w. Wyb\u00f3r odpowiedniego o\u015bwietlenia to inwestycja, kt\u00f3ra przynosi korzy\u015bci zar\u00f3wno pracownikom, jak i klientom salonu.<\/div>\n<div id=\"attachment_14660\" style=\"width: 1010px\" class=\"wp-caption aligncenter\"><img loading=\"lazy\" decoding=\"async\" aria-describedby=\"caption-attachment-14660\" class=\"size-full wp-image-14660\" src=\"https:\/\/www.smd-led.pl\/blog\/wp-content\/uploads\/2023\/11\/Lampy-LED-owe-do-salonu-fryzjerskiego.jpg\" alt=\"Jak dobre o\u015bwietlenie salonu wp\u0142ywa na komfort pracy fryzjer\u00f3w?\" width=\"1000\" height=\"750\" srcset=\"https:\/\/www.smd-led.pl\/blog\/wp-content\/uploads\/2023\/11\/Lampy-LED-owe-do-salonu-fryzjerskiego.jpg 1000w, https:\/\/www.smd-led.pl\/blog\/wp-content\/uploads\/2023\/11\/Lampy-LED-owe-do-salonu-fryzjerskiego-300x225.jpg 300w, https:\/\/www.smd-led.pl\/blog\/wp-content\/uploads\/2023\/11\/Lampy-LED-owe-do-salonu-fryzjerskiego-768x576.jpg 768w\" sizes=\"auto, (max-width: 1000px) 100vw, 1000px\" \/><p id=\"caption-attachment-14660\" class=\"wp-caption-text\">O\u015bwietlenie salonu fryzjerskiego<\/p><\/div>\n<div data-message-author-role=\"user\" data-message-id=\"aaa20888-acdb-49ff-9aae-6272c012fbe1\"><\/div>\n<div data-message-author-role=\"user\" data-message-id=\"aaa20888-acdb-49ff-9aae-6272c012fbe1\">\n<h2>Lumeny w salonie fryzjerskim ile powinno ich by\u0107?<\/h2>\n<p>Liczba lumen\u00f3w w salonie fryzjerskim powinna zapewnia\u0107 <strong>optymalne warunki o\u015bwietleniowe<\/strong>, tak aby zar\u00f3wno fryzjer, jak i klient czuli si\u0119 komfortowo. Zaleca si\u0119, aby w miejscach pracy, gdzie wykonywane s\u0105 precyzyjne czynno\u015bci (np. strzy\u017cenie, koloryzacja, modelowanie), nat\u0119\u017cenie \u015bwiat\u0142a wynosi\u0142o oko\u0142o <strong>400\u2013500 luks\u00f3w<\/strong>. W praktyce oznacza to, \u017ce na ka\u017cdy metr kwadratowy powierzchni salonu nale\u017cy dostarczy\u0107 podobn\u0105 liczb\u0119 lumen\u00f3w, gdy\u017c <strong>1 luks odpowiada 1 lumenowi na metr kwadratowy<\/strong>. Dla przyk\u0142adowego pomieszczenia o powierzchni <strong>20 m\u00b2, potrzebne by\u0142oby wi\u0119c oko\u0142o 8 000\u201310 000 lumen\u00f3w<\/strong> \u0142\u0105cznie, aby osi\u0105gn\u0105\u0107 <strong>po\u017c\u0105dane warunki o\u015bwietleniowe<\/strong>, umo\u017cliwiaj\u0105ce <strong>dok\u0142adn\u0105 i wygodn\u0105 prac\u0119<\/strong>.<\/p>\n<h2>Barwa \u015bwiat\u0142a do salonu fryzjerskiego jaka powinna by\u0107?<\/h2>\n<p>Barwa \u015bwiat\u0142a w salonie fryzjerskim powinna by\u0107 przede wszystkim <strong>naturalna i neutralna<\/strong>, aby zapewni\u0107 <strong>jak najwierniejsze odwzorowanie kolor\u00f3w<\/strong> w\u0142os\u00f3w oraz sk\u00f3ry. Zaleca si\u0119 stosowanie \u017ar\u00f3de\u0142 \u015bwiat\u0142a o temperaturze barwowej w przedziale <strong>od 3500 do 5000 K<\/strong>, kt\u00f3re s\u0105 <strong>zbli\u017cone do naturalnego \u015bwiat\u0142a dziennego<\/strong>. Dzi\u0119ki temu fryzjer b\u0119dzie mia\u0142 pewno\u015b\u0107, \u017ce efekty koloryzacji czy stylizacji b\u0119d\u0105 oddane dok\u0142adnie, a klient nie dozna rozczarowania zmieniaj\u0105c o\u015bwietlenie po wyj\u015bciu z salonu. <strong>Neutralne, lekko ciep\u0142e \u015bwiat\u0142o<\/strong> poprawia r\u00f3wnie\u017c samopoczucie i tworzy <strong>przyjemn\u0105 atmosfer\u0119<\/strong>, sprzyjaj\u0105c\u0105 relaksowi i pozytywnemu do\u015bwiadczeniu podczas wizyty. <strong>Zimna barwa \u015bwiat\u0142a<\/strong> (cz\u0119sto powy\u017cej <strong>6500 K<\/strong>) nie jest wskazana w salonie fryzjerskim, gdy\u017c mo\u017ce powodowa\u0107 <strong>nienaturalne wyostrzenie kolor\u00f3w<\/strong>, daj\u0105c wra\u017cenie, \u017ce w\u0142osy maj\u0105 szaraw\u0105 lub matow\u0105 po\u015bwiat\u0119. W efekcie zar\u00f3wno stylistom, jak i klientom trudniej b\u0119dzie oceni\u0107 <strong>realny wygl\u0105d fryzury<\/strong>, co mo\u017ce prowadzi\u0107 do <strong>niezamierzonych efekt\u00f3w ko\u0144cowych<\/strong>. Dodatkowo, zimne \u015bwiat\u0142o bywa mniej przyjazne dla oczu i mo\u017ce m\u0119czy\u0107 wzrok przy d\u0142u\u017cszej pracy.<\/p>\n<div id=\"attachment_18602\" style=\"width: 2570px\" class=\"wp-caption aligncenter\"><img loading=\"lazy\" decoding=\"async\" aria-describedby=\"caption-attachment-18602\" class=\"size-full wp-image-18602\" src=\"https:\/\/www.smd-led.pl\/blog\/wp-content\/uploads\/2023\/11\/IMG_3160-scaled.jpeg\" alt=\"O\u015bwietlenie salonu fryzjerskiego jaka barwa? \" width=\"2560\" height=\"1920\" srcset=\"https:\/\/www.smd-led.pl\/blog\/wp-content\/uploads\/2023\/11\/IMG_3160-scaled.jpeg 2560w, https:\/\/www.smd-led.pl\/blog\/wp-content\/uploads\/2023\/11\/IMG_3160-300x225.jpeg 300w, https:\/\/www.smd-led.pl\/blog\/wp-content\/uploads\/2023\/11\/IMG_3160-1024x768.jpeg 1024w, https:\/\/www.smd-led.pl\/blog\/wp-content\/uploads\/2023\/11\/IMG_3160-768x576.jpeg 768w, https:\/\/www.smd-led.pl\/blog\/wp-content\/uploads\/2023\/11\/IMG_3160-1536x1152.jpeg 1536w, https:\/\/www.smd-led.pl\/blog\/wp-content\/uploads\/2023\/11\/IMG_3160-2048x1536.jpeg 2048w\" sizes=\"auto, (max-width: 2560px) 100vw, 2560px\" \/><p id=\"caption-attachment-18602\" class=\"wp-caption-text\">O\u015bwietlenie salonu fryzjerskiego jaka barwa? przyk\u0142ad salon z Gda\u0144ska D\u0142ugosz Barber Shop<\/p><\/div>\n<p>Bardzo wa\u017cne jest tak\u017ce, aby stosowane \u017ar\u00f3d\u0142a \u015bwiat\u0142a mia\u0142y <strong>wysoki wsp\u00f3\u0142czynnik oddawania barw (<a href=\"https:\/\/www.smd-led.pl\/blog\/wspolczynnik-oddawania-barw-ra-cri\/\" data-internallinksmanager029f6b8e52c=\"2\" title=\"Wsp\u00f3\u0142czynnik oddawania barw RA - czym jest CRI?\">CRI<\/a>), najlepiej powy\u017cej 90<\/strong>. Wysoki CRI gwarantuje <strong>najdok\u0142adniejsze odwzorowanie kolor\u00f3w<\/strong>, co jest kluczowe przy <strong>koloryzacji, precyzyjnym strzy\u017ceniu oraz ocenie efekt\u00f3w stylizacji<\/strong>. Dzi\u0119ki temu fryzjerzy mog\u0105 <strong>efektywniej kontrolowa\u0107 proces tworzenia fryzur<\/strong>, a klienci b\u0119d\u0105 bardziej zadowoleni, gdy\u017c <strong>efekt widoczny w salonie b\u0119dzie zbli\u017cony do tego, jak fryzura prezentuje si\u0119 przy \u015bwietle naturalnym<\/strong>.<\/p>\n<h2>O\u015bwietlenie do poczekalni w salonach fryzjerskich<\/h2>\n<p>O\u015bwietlenie w poczekalni salonu fryzjerskiego powinno tworzy\u0107 <strong>przyjemn\u0105, odpr\u0119\u017caj\u0105c\u0105 atmosfer\u0119<\/strong>, sprzyjaj\u0105c\u0105 <strong>komfortowemu oczekiwaniu na zabieg<\/strong>. Warto zastosowa\u0107 tutaj <strong>\u015bwiat\u0142o o ciep\u0142ej lub neutralnej barwie<\/strong>, aby zapewni\u0107 <strong>mi\u0119kkie, \u0142agodne i przytulne wra\u017cenie<\/strong>. Unikanie <strong>zbyt intensywnych \u017ar\u00f3de\u0142 \u015bwiat\u0142a<\/strong> oraz stosowanie <strong>opraw o\u015bwietleniowych z dyfuzorami<\/strong> pozwoli zminimalizowa\u0107 <strong>ostre cienie i odblaski<\/strong>, zwi\u0119kszaj\u0105c wygod\u0119 dla oczu. Dobrym rozwi\u0105zaniem mog\u0105 by\u0107 r\u00f3wnie\u017c <strong>delikatne akcenty \u015bwietlne<\/strong> skierowane na ro\u015bliny, obrazy czy elementy dekoracyjne, kt\u00f3re <strong>uatrakcyjni\u0105 wystr\u00f3j<\/strong> oraz <strong>podkre\u015bl\u0105 charakter wn\u0119trza<\/strong>, zach\u0119caj\u0105c do <strong>relaksu i buduj\u0105c pozytywne skojarzenia z salonem<\/strong>.<\/p>\n<h2>Jakie lampy do salonu fryzjerskiego s\u0105 wybierane?<\/h2>\n<p>W salonach fryzjerskich coraz cz\u0119\u015bciej wybierane s\u0105 <strong>nowoczesne i energooszcz\u0119dne \u017ar\u00f3d\u0142a \u015bwiat\u0142a<\/strong>, takie jak <strong>lampy LED<\/strong>, kt\u00f3re oferuj\u0105 <strong>szeroki zakres barw<\/strong> oraz <strong>wysok\u0105 jako\u015b\u0107 oddawania kolor\u00f3w<\/strong>. Popularne s\u0105 <strong>oprawy sufitowe<\/strong> zapewniaj\u0105ce <strong>r\u00f3wnomierne i mocne o\u015bwietlenie<\/strong> ca\u0142ego pomieszczenia, a tak\u017ce <strong>reflektory kierunkowe lub listwy o\u015bwietleniowe<\/strong>, pozwalaj\u0105ce na <strong>precyzyjne do\u015bwietlenie stanowisk pracy<\/strong>. Wa\u017cnym elementem jest r\u00f3wnie\u017c <strong>estetyka lamp<\/strong> \u2013 <strong>minimalistyczne i eleganckie wzornictwo<\/strong> dobrze wpisuje si\u0119 w <strong>nowoczesne wn\u0119trza<\/strong>, nadaj\u0105c im <strong>profesjonalny, a zarazem przytulny charakter<\/strong>. Dzi\u0119ki temu zar\u00f3wno klienci, jak i fryzjerzy zyskuj\u0105 <strong>optymalne warunki do pracy, relaksu oraz oceny efekt\u00f3w zabieg\u00f3w<\/strong>.<\/p>\n<p>Najcz\u0119stszym wyborem w\u015br\u00f3d salon\u00f3w fryzjerskich jest <strong>oprawa LED Cabail 40W<\/strong>, kt\u00f3ra dzi\u0119ki <strong>nowoczesnej technologii<\/strong> i <strong>wysokiej jako\u015bci komponentom<\/strong>, takim jak <strong>diody marki Samsung<\/strong>, zapewnia <strong>stabilne i r\u00f3wnomierne o\u015bwietlenie o neutralnej barwie 4000 K<\/strong>. Ta <strong>liniowa lampa o d\u0142ugo\u015bci oko\u0142o 1,2 metra<\/strong> doskonale sprawdza si\u0119 zar\u00f3wno nad <strong>stanowiskami pracy<\/strong>, jak i w <strong>strefie recepcji czy poczekalni<\/strong>, gwarantuj\u0105c <strong>optymalne warunki \u015bwietlne do precyzyjnego wykonywania zabieg\u00f3w<\/strong>. Ponadto, <strong>elegancki, czarny design oprawy<\/strong> wpisuje si\u0119 w <strong>nowoczesn\u0105 stylistyk\u0119 wn\u0119trz<\/strong>, a <strong>energooszcz\u0119dno\u015b\u0107 oraz d\u0142uga \u017cywotno\u015b\u0107<\/strong> przyczyniaj\u0105 si\u0119 do <strong>minimalizacji koszt\u00f3w eksploatacji<\/strong>. Dzi\u0119ki temu <strong>Cabail 40W<\/strong> staje si\u0119 <strong>synonimem profesjonalizmu i praktyczno\u015bci<\/strong>, ch\u0119tnie wybieranym przez w\u0142a\u015bcicieli salon\u00f3w fryzjerskich.<\/p>\n<div id=\"attachment_18600\" style=\"width: 2570px\" class=\"wp-caption aligncenter\"><img loading=\"lazy\" decoding=\"async\" aria-describedby=\"caption-attachment-18600\" class=\"size-full wp-image-18600\" src=\"https:\/\/www.smd-led.pl\/blog\/wp-content\/uploads\/2023\/11\/IMG_3161-1-scaled.jpeg\" alt=\"lampa do salonu fryzjerskiego\" width=\"2560\" height=\"1920\" srcset=\"https:\/\/www.smd-led.pl\/blog\/wp-content\/uploads\/2023\/11\/IMG_3161-1-scaled.jpeg 2560w, https:\/\/www.smd-led.pl\/blog\/wp-content\/uploads\/2023\/11\/IMG_3161-1-300x225.jpeg 300w, https:\/\/www.smd-led.pl\/blog\/wp-content\/uploads\/2023\/11\/IMG_3161-1-1024x768.jpeg 1024w, https:\/\/www.smd-led.pl\/blog\/wp-content\/uploads\/2023\/11\/IMG_3161-1-768x576.jpeg 768w, https:\/\/www.smd-led.pl\/blog\/wp-content\/uploads\/2023\/11\/IMG_3161-1-1536x1152.jpeg 1536w, https:\/\/www.smd-led.pl\/blog\/wp-content\/uploads\/2023\/11\/IMG_3161-1-2048x1536.jpeg 2048w\" sizes=\"auto, (max-width: 2560px) 100vw, 2560px\" \/><p id=\"caption-attachment-18600\" class=\"wp-caption-text\">Lampa do salonu fryzjerskiego &#8211; D\u0142ugosz Barber Shop Gda\u0144sk<\/p><\/div>\n<p>Dzi\u0119kujemy D\u0142ugosz Barber Shop Gda\u0144sk za udost\u0119pnienie zdj\u0119\u0107 i oczywi\u015bcie polecamy ich us\u0142ugi:) Wszystkim\u00a0 mieszka\u0144com lub turyst\u0105 przebywaj\u0105cych akurat w Gda\u0144sku jako ciekawe miejsce kt\u00f3re warto odwiedzi\u0107.<\/p>\n<h2>\u015awiat\u0142o w salonie fryzjerskim a komfort klient\u00f3w<\/h2>\n<\/div>\n<\/div>\n<\/div>\n<\/div>\n<\/div>\n<\/div>\n<\/div>\n<p>O\u015bwietlenie do salonu fryzjerskiego odgrywa niezwykle istotn\u0105 rol\u0119 w zapewnianiu komfortu klient\u00f3w, a jako\u015b\u0107 \u015bwiat\u0142a bezpo\u015brednio wp\u0142ywa na ich og\u00f3lne samopoczucie podczas wizyty. Lecz poza parametrami istotny jest r\u00f3wnie\u017c wygl\u0105d poniewa\u017c o\u015bwietlenie g\u0142\u00f3wne w szczeg\u00f3lno\u015bci: <a href=\"https:\/\/www.smd-led.pl\/reflektor-punktowy-led\">reflektory Led<\/a>, panele Led albo lampy wisz\u0105ce poza spe\u0142nianiem swojej g\u0142\u00f3wnej funkcji mog\u0105 pe\u0142ni\u0107 funkcj\u0119 dekoracji pomieszczenia. Barwa \u015bwiat\u0142a jest kluczowym elementem, kt\u00f3ry powinien by\u0107 neutralny, aby wiernie oddawa\u0107 kolory w\u0142os\u00f3w i stosowanych kosmetyk\u00f3w. Zar\u00f3wno zbyt ciep\u0142a, jak i zbyt zimna barwa \u015bwiat\u0142a mo\u017ce wprowadza\u0107 klient\u00f3w w b\u0142\u0105d co do efekt\u00f3w zabieg\u00f3w fryzjerskich.<\/p>\n<ul>\n<li><strong>Nat\u0119\u017cenie \u015bwiat\u0142a w salonie fryzjerskim<\/strong> powinno zapewnia\u0107 wystarczaj\u0105c\u0105 ilo\u015b\u0107 \u015bwiat\u0142a, aby umo\u017cliwi\u0107 fryzjerom dok\u0142adne wykonywanie zabieg\u00f3w, jednocze\u015bnie nie powoduj\u0105c dyskomfortu u klient\u00f3w. Zbyt jasne \u015bwiat\u0142o mo\u017ce by\u0107 ra\u017c\u0105ce i niekomfortowe, podczas gdy zbyt ciemne mo\u017ce utrudnia\u0107 precyzyjn\u0105 prac\u0119.<\/li>\n<li><strong>Wysoki wsp\u00f3\u0142czynnik oddawania barw (CRI)<\/strong> jest r\u00f3wnie\u017c istotny, poniewa\u017c zapewnia precyzyjne odwzorowanie kolor\u00f3w, co jest niezb\u0119dne dla fryzjer\u00f3w przy doborze odcieni farb i ocenie efekt\u00f3w zabieg\u00f3w.<\/li>\n<li><strong>R\u00f3\u017cnorodno\u015b\u0107 rodzaj\u00f3w o\u015bwietlenia<\/strong>, takich jak o\u015bwietlenie og\u00f3lne i akcentowe, jest wa\u017cne dla stworzenia funkcjonalnego i estetycznego wn\u0119trza salonu. Lampy LED s\u0105 cz\u0119sto wybierane ze wzgl\u0119du na ich energooszcz\u0119dno\u015b\u0107, d\u0142ug\u0105 \u017cywotno\u015b\u0107 oraz mo\u017cliwo\u015b\u0107 regulacji nat\u0119\u017cenia \u015bwiat\u0142a, co jest korzystne zar\u00f3wno dla fryzjer\u00f3w, jak i klient\u00f3w.<\/li>\n<\/ul>\n<p>Podsumowuj\u0105c, o\u015bwietlenie salonu fryzjerskiego odgrywa kluczow\u0105 rol\u0119 w zapewnieniu komfortu klient\u00f3w. Odpowiedni dob\u00f3r barwy, nat\u0119\u017cenia \u015bwiat\u0142a, oraz wysoki wsp\u00f3\u0142czynnik CRI s\u0105 niezb\u0119dne dla profesjonalizmu i efektywno\u015bci pracy, a tak\u017ce dla zapewnienia przyjemnej atmosfery w salonie.<\/p>\n<div id=\"attachment_14663\" style=\"width: 1009px\" class=\"wp-caption aligncenter\"><img loading=\"lazy\" decoding=\"async\" aria-describedby=\"caption-attachment-14663\" class=\"size-full wp-image-14663\" src=\"https:\/\/www.smd-led.pl\/blog\/wp-content\/uploads\/2023\/11\/Jakie-swiatlo-do-salonu-fryzjerskiego-cieple-czy-zimne.jpg\" alt=\"Jako\u015b\u0107 \u015bwiat\u0142a a komfort klient\u00f3w\" width=\"999\" height=\"667\" srcset=\"https:\/\/www.smd-led.pl\/blog\/wp-content\/uploads\/2023\/11\/Jakie-swiatlo-do-salonu-fryzjerskiego-cieple-czy-zimne.jpg 999w, https:\/\/www.smd-led.pl\/blog\/wp-content\/uploads\/2023\/11\/Jakie-swiatlo-do-salonu-fryzjerskiego-cieple-czy-zimne-300x200.jpg 300w, https:\/\/www.smd-led.pl\/blog\/wp-content\/uploads\/2023\/11\/Jakie-swiatlo-do-salonu-fryzjerskiego-cieple-czy-zimne-768x513.jpg 768w\" sizes=\"auto, (max-width: 999px) 100vw, 999px\" \/><p id=\"caption-attachment-14663\" class=\"wp-caption-text\">O\u015bwietlenie salonu fryzjerskiego<\/p><\/div>\n<h2>Rodzaje o\u015bwietlenia w salonie fryzjerskim<\/h2>\n<p>Wyb\u00f3r odpowiedniego <strong>rodzaju o\u015bwietlenia<\/strong> jest kluczowy dla funkcjonowania salonu fryzjerskiego. W zale\u017cno\u015bci od potrzeb i wymaga\u0144, mo\u017cna zastosowa\u0107 r\u00f3\u017cne rodzaje o\u015bwietlenia, takie jak <strong>o\u015bwietlenie ledowe<\/strong>, <strong>o\u015bwietlenie zadaniowe<\/strong>, <strong>o\u015bwietlenie punktowe<\/strong>, <strong>o\u015bwietlenie akcentowe<\/strong>, <strong>o\u015bwietlenie sufitowe<\/strong>, <strong>lampy wisz\u0105ce<\/strong> czy <strong>o\u015bwietlenie stanowiska fryzjerskiego<\/strong>. Ka\u017cdy z nich ma swoje zalety i zastosowania, kt\u00f3re om\u00f3wimy poni\u017cej.<\/p>\n<div class=\"call-to-action-02\"><div class=\"call-to-action-02__spots-map\"><img decoding=\"async\" src=\"https:\/\/www.smd-led.pl\/blog\/wp-content\/uploads\/2023\/01\/salon-fryzierski_1.jpg\" alt=\"\" class=\"call-to-action-02__spots-map-img\" \/><div class=\"call-to-action-02__spots\"><div class=\"call-to-action-02__spot1\"><div class=\"call-to-action-02__spot-icn\" style=\"top: 13.4920%; left: 97.2079%;     transform: translate(-50%, -50%);\"><div class=\"call-to-action-02__icon-box\"><img decoding=\"async\" src=\"https:\/\/moleo.pl\/wp-content\/themes\/moleotheme\/assets\/img\/plus-icon.svg\" class=\"call-to-action-02__icon\"><\/div><div class=\"call-to-action-02__spot-product-box\"><img decoding=\"async\" src=\"https:\/\/www.smd-led.pl\/blog\/wp-content\/uploads\/2023\/01\/af239daf.jpg\" alt=\"\"\/><span class=\"call-to-action-02__product-title\">SPOT K-4405 SANTI Z SERII MILE BLACK<\/span><a href=\"https:\/\/www.smd-led.pl\/tuby-sufitowe\" class=\"button\" id=\"salon_fryzier_1\" target=\"_self\">Zobacz produkt<\/a><\/div><\/div><\/div><div class=\"call-to-action-02__spot1\"><div class=\"call-to-action-02__spot-icn\" style=\"top: 15.9012%; left: 64.3234%;     transform: translate(-50%, -50%);\"><div class=\"call-to-action-02__icon-box\"><img decoding=\"async\" src=\"https:\/\/moleo.pl\/wp-content\/themes\/moleotheme\/assets\/img\/plus-icon.svg\" class=\"call-to-action-02__icon\"><\/div><div class=\"call-to-action-02__spot-product-box\"><img decoding=\"async\" src=\"https:\/\/www.smd-led.pl\/blog\/wp-content\/uploads\/2023\/01\/590e8827.jpg\" alt=\"\"\/><span class=\"call-to-action-02__product-title\">LAMPA WISZ\u0104CA K-4401 Z SERII MILE BLACK<\/span><a href=\"https:\/\/www.smd-led.pl\/lampa-wiszaca-potrojna\" class=\"button\" id=\"salon_fryzier_1\" target=\"_self\">Zobacz produkt<\/a><\/div><\/div><\/div><div class=\"call-to-action-02__spot1\"><div class=\"call-to-action-02__spot-icn\" style=\"top: 10.6008%; left: 8.8535%;     transform: translate(-50%, -50%);\"><div class=\"call-to-action-02__icon-box\"><img decoding=\"async\" src=\"https:\/\/moleo.pl\/wp-content\/themes\/moleotheme\/assets\/img\/plus-icon.svg\" class=\"call-to-action-02__icon\"><\/div><div class=\"call-to-action-02__spot-product-box\"><img decoding=\"async\" src=\"https:\/\/www.smd-led.pl\/blog\/wp-content\/uploads\/2023\/01\/499b9140.jpg\" alt=\"\"\/><span class=\"call-to-action-02__product-title\">LAMPA WISZ\u0104CA K-4407 Z SERII MILE BLACK<\/span><a href=\"https:\/\/www.smd-led.pl\/lampa-jednopunktowa\" class=\"button\" id=\"salon_fryzier_1\" target=\"_self\">Zobacz produkt<\/a><\/div><\/div><\/div><div class=\"call-to-action-02__spot1\"><div class=\"call-to-action-02__spot-icn\" style=\"top: 24.5746%; left: 29.6321%;     transform: translate(-50%, -50%);\"><div class=\"call-to-action-02__icon-box\"><img decoding=\"async\" src=\"https:\/\/moleo.pl\/wp-content\/themes\/moleotheme\/assets\/img\/plus-icon.svg\" class=\"call-to-action-02__icon\"><\/div><div class=\"call-to-action-02__spot-product-box\"><img decoding=\"async\" src=\"https:\/\/www.smd-led.pl\/blog\/wp-content\/uploads\/2023\/01\/KINKIET-K-4403-Z-SERII-MILE-BLACK.jpg\" alt=\"KINKIET K-4403 Z SERII MILE BLACK\"\/><span class=\"call-to-action-02__product-title\">KINKIET K-4403 Z SERII MILE BLACK<\/span><a href=\"https:\/\/www.smd-led.pl\/kinkiet-do-salonu\" class=\"button\" id=\"salon_fryzier_1\" target=\"_self\">Zobacz produkt<\/a><\/div><\/div><\/div><\/div><\/div><\/div>\n<h3>O\u015bwietlenie ledowe a tradycyjne &#8211; por\u00f3wnanie<\/h3>\n<p>O\u015bwietlenie ledowe zyskuje coraz wi\u0119ksz\u0105 popularno\u015b\u0107 w salonach fryzjerskich, g\u0142\u00f3wnie ze wzgl\u0119du na swoje liczne zalety w por\u00f3wnaniu z tradycyjnym o\u015bwietleniem. <strong>Przede wszystkim, diody LED charakteryzuj\u0105 si\u0119 d\u0142ug\u0105 \u017cywotno\u015bci\u0105, niskim zu\u017cyciem energii oraz mo\u017cliwo\u015bci\u0105 regulacji nat\u0119\u017cenia i barwy \u015bwiat\u0142a, co czyni je idealnym rozwi\u0105zaniem dla o\u015bwietlenia do salonu fryzjerskiego. W przeciwie\u0144stwie do tradycyjnych \u017car\u00f3wek, o\u015bwietlenie LED nie emituje szkodliwego promieniowania UV, co jest istotne dla ochrony zdrowia fryzjer\u00f3w i klient\u00f3w. Ponadto, o\u015bwietlenie LED zapewnia lepsz\u0105 jako\u015b\u0107 \u015bwiat\u0142a, co przek\u0142ada si\u0119 na wi\u0119kszy komfort pracy i precyzyjne wykonywanie zabieg\u00f3w fryzjerskich. W kontek\u015bcie o\u015bwietlenia g\u0142\u00f3wnego, lampy sufitowe, <a href=\"https:\/\/www.smd-led.pl\/panele-led\">panele Led<\/a>, reflektory do salonu fryzjerskiego oparte na technologii LED s\u0105 bardziej efektywne energetycznie i oferuj\u0105 lepsz\u0105 kontrol\u0119 nad \u015brodowiskiem pracy. Mo\u017cliwo\u015b\u0107 zmiany barwy i nat\u0119\u017cenia \u015bwiat\u0142a pozwala na dostosowanie o\u015bwietlenia do r\u00f3\u017cnych zada\u0144, od strzy\u017cenia po koloryzacj\u0119 w\u0142os\u00f3w. LED do salonu fryzjerskiego jest r\u00f3wnie\u017c bardziej ekologiczny, co jest istotne w kontek\u015bcie rosn\u0105cej \u015bwiadomo\u015bci ekologicznej zar\u00f3wno w\u015br\u00f3d klient\u00f3w, jak i w\u0142a\u015bcicieli salon\u00f3w. Tradycyjne o\u015bwietlenie, cho\u0107 cz\u0119sto ta\u0144sze w zakupie, szybko traci na atrakcyjno\u015bci ze wzgl\u0119du na wy\u017csze koszty eksploatacyjne, kr\u00f3tsz\u0105 \u017cywotno\u015b\u0107 i gorsz\u0105 jako\u015b\u0107 \u015bwiat\u0142a.<\/strong> Nie oferuje takiej elastyczno\u015bci w regulacji \u015bwiat\u0142a jak o\u015bwietlenie LED, co mo\u017ce by\u0107 problemem przy wykonywaniu delikatnych zabieg\u00f3w fryzjerskich.\u00a0Podsumowuj\u0105c, idealne o\u015bwietlenie do salonu fryzjerskiego powinno zapewnia\u0107 nie tylko odpowiedni\u0105 ilo\u015b\u0107 i jako\u015b\u0107 \u015bwiat\u0142a, ale tak\u017ce by\u0107 ekonomiczne i bezpieczne dla zdrowia. Technologia LED spe\u0142nia te wymagania, czyni\u0105c je bardziej odpowiednim wyborem dla nowoczesnych salon\u00f3w fryzjerskich, kt\u00f3re d\u0105\u017c\u0105 do zapewnienia najwy\u017cszego komfortu pracy dla swoich pracownik\u00f3w oraz doskona\u0142ych warunk\u00f3w dla swoich klient\u00f3w. Zatem Ledowe o\u015bwietlenie do salonu fryzjerskiego posiada wiele korzy\u015bci.<\/p>\n<div id=\"attachment_14662\" style=\"width: 1010px\" class=\"wp-caption aligncenter\"><img loading=\"lazy\" decoding=\"async\" aria-describedby=\"caption-attachment-14662\" class=\"size-full wp-image-14662\" src=\"https:\/\/www.smd-led.pl\/blog\/wp-content\/uploads\/2023\/11\/jak-oswietlic-salon-beauty.jpg\" alt=\"O\u015bwietlenie salonu fryzjerskiego\" width=\"1000\" height=\"667\" srcset=\"https:\/\/www.smd-led.pl\/blog\/wp-content\/uploads\/2023\/11\/jak-oswietlic-salon-beauty.jpg 1000w, https:\/\/www.smd-led.pl\/blog\/wp-content\/uploads\/2023\/11\/jak-oswietlic-salon-beauty-300x200.jpg 300w, https:\/\/www.smd-led.pl\/blog\/wp-content\/uploads\/2023\/11\/jak-oswietlic-salon-beauty-768x512.jpg 768w\" sizes=\"auto, (max-width: 1000px) 100vw, 1000px\" \/><p id=\"caption-attachment-14662\" class=\"wp-caption-text\">O\u015bwietlenie salonu fryzjerskiego<\/p><\/div>\n<h3>O\u015bwietlenie\u00a0 punktowe i akcentowe &#8211; jak je wykorzysta\u0107?<\/h3>\n<p>O\u015bwietlenie\u00a0 punktowe i akcentowe\u00a0w salonie fryzjerskim odgrywa kluczow\u0105 rol\u0119 w tworzeniu odpowiednich warunk\u00f3w do precyzyjnych prac, takich jak strzy\u017cenie czy farbowanie w\u0142os\u00f3w. <strong>O\u015bwietlenie punktowe koncentruje \u015bwiat\u0142o na okre\u015blonym miejscu, na przyk\u0142ad nad stanowiskiem fryzjerskim, zapewniaj\u0105c doskona\u0142e warunki do dok\u0142adnej pracy. Z kolei o\u015bwietlenie akcentowe s\u0142u\u017cy do wyr\u00f3\u017cniania szczeg\u00f3lnych element\u00f3w wn\u0119trza, na przyk\u0142ad luster lub ozd\u00f3b, dodaj\u0105c charakteru ca\u0142emu salonowi.<\/strong> Wybieraj\u0105c o\u015bwietlenie do salonu fryzjerskiego, warto po\u0142\u0105czy\u0107 te dwa typy, aby uzyska\u0107 najlepsze o\u015bwietlenie, kt\u00f3re nie tylko b\u0119dzie funkcjonalne, ale r\u00f3wnie\u017c estetycznie uatrakcyjni przestrze\u0144. Odpowiednie o\u015bwietlenie fryzjerskie jest niezb\u0119dne, aby zapewni\u0107 zar\u00f3wno wysok\u0105 jako\u015b\u0107 us\u0142ug, jak i przyjemn\u0105 atmosfer\u0119 dla klient\u00f3w.<\/p>\n<div id=\"attachment_14665\" style=\"width: 1010px\" class=\"wp-caption aligncenter\"><img loading=\"lazy\" decoding=\"async\" aria-describedby=\"caption-attachment-14665\" class=\"size-full wp-image-14665\" src=\"https:\/\/www.smd-led.pl\/blog\/wp-content\/uploads\/2023\/11\/Jaka-barwa-swiatla-do-salonu-fryzjerskiego.jpg\" alt=\"O\u015bwietlenie salonu fryzjerskiego\" width=\"1000\" height=\"656\" srcset=\"https:\/\/www.smd-led.pl\/blog\/wp-content\/uploads\/2023\/11\/Jaka-barwa-swiatla-do-salonu-fryzjerskiego.jpg 1000w, https:\/\/www.smd-led.pl\/blog\/wp-content\/uploads\/2023\/11\/Jaka-barwa-swiatla-do-salonu-fryzjerskiego-300x197.jpg 300w, https:\/\/www.smd-led.pl\/blog\/wp-content\/uploads\/2023\/11\/Jaka-barwa-swiatla-do-salonu-fryzjerskiego-768x504.jpg 768w\" sizes=\"auto, (max-width: 1000px) 100vw, 1000px\" \/><p id=\"caption-attachment-14665\" class=\"wp-caption-text\">O\u015bwietlenie salonu fryzjerskiego<\/p><\/div>\n<h3>O\u015bwietlenie sufitowe, lampy wisz\u0105ce czy o\u015bwietlenie stanowiska fryzjerskiego &#8211; co wybra\u0107?<\/h3>\n<p>Wyb\u00f3r o\u015bwietlenia do salonu fryzjerskiego jest kluczowym elementem wyposa\u017cenia, kt\u00f3ry odgrywa niezwykle wa\u017cn\u0105 rol\u0119 w kszta\u0142towaniu odpowiedniej atmosfery i warunk\u00f3w pracy. <strong>O\u015bwietlenie sufitowe, lampy wisz\u0105ce czy o\u015bwietlenie stanowiska fryzjerskiego &#8211; ka\u017cdy z tych element\u00f3w ma swoj\u0105 specyficzn\u0105 funkcj\u0119 i znaczenie. O\u015bwietlenie sufitowe jest niezb\u0119dne do zapewnienia r\u00f3wnomiernego rozproszenia \u015bwiat\u0142a w ca\u0142ym salonie, co jest kluczowe dla stworzenia przyjemnej og\u00f3lnej atmosfery. Lampy wisz\u0105ce, pe\u0142ni\u0105ce tak\u017ce funkcje dekoracyjne, pozwalaj\u0105 na skoncentrowanie \u015bwiat\u0142a w wybranych strefach, takich jak nad stanowiskami fryzjerskimi, co jest istotne dla precyzji wykonywanych zabieg\u00f3w. Z kolei o\u015bwietlenie stanowiska fryzjerskiego, w postaci lamp sto\u0142owych lub <a href=\"https:\/\/www.smd-led.pl\/lampy-kinkiety-scienne-led\">kinkiet\u00f3w<\/a>, umo\u017cliwia fryzjerom indywidualne dostosowanie nat\u0119\u017cenia i kierunku \u015bwiat\u0142a do w\u0142asnych potrzeb pracy. <\/strong>Dlatego wybieraj\u0105c o\u015bwietlenie do salonu fryzjerskiego, nale\u017cy zwr\u00f3ci\u0107 uwag\u0119 na aspekty zar\u00f3wno funkcjonalne, jak i estetyczne, aby zapewni\u0107 komfortowe i przyjazne \u015brodowisko zar\u00f3wno dla klient\u00f3w, jak i pracownik\u00f3w.<\/p>\n<div id=\"attachment_14666\" style=\"width: 1010px\" class=\"wp-caption aligncenter\"><img loading=\"lazy\" decoding=\"async\" aria-describedby=\"caption-attachment-14666\" class=\"size-full wp-image-14666\" src=\"https:\/\/www.smd-led.pl\/blog\/wp-content\/uploads\/2023\/11\/Nowoczesny-salon-fryzjerski-8.jpg\" alt=\"O\u015bwietlenie salonu fryzjerskiego\" width=\"1000\" height=\"667\" srcset=\"https:\/\/www.smd-led.pl\/blog\/wp-content\/uploads\/2023\/11\/Nowoczesny-salon-fryzjerski-8.jpg 1000w, https:\/\/www.smd-led.pl\/blog\/wp-content\/uploads\/2023\/11\/Nowoczesny-salon-fryzjerski-8-300x200.jpg 300w, https:\/\/www.smd-led.pl\/blog\/wp-content\/uploads\/2023\/11\/Nowoczesny-salon-fryzjerski-8-768x512.jpg 768w\" sizes=\"auto, (max-width: 1000px) 100vw, 1000px\" \/><p id=\"caption-attachment-14666\" class=\"wp-caption-text\">O\u015bwietlenie salonu fryzjerskiego<\/p><\/div>\n<h3>Lampy sufitowe a lampy wisz\u0105ce<\/h3>\n<p>Wybieraj\u0105c o\u015bwietlenie do salonu fryzjerskiego, istotne jest rozwa\u017cenie r\u00f3\u017cnic mi\u0119dzy lampami sufitowymi a lampami wisz\u0105cymi. <strong><a href=\"https:\/\/www.smd-led.pl\/lampa-sufitowa\">Lampy sufitowe<\/a> a lampy wisz\u0105ce r\u00f3\u017cni\u0105 si\u0119 zar\u00f3wno funkcjonalno\u015bci\u0105, jak i wp\u0142ywem na estetyk\u0119 wn\u0119trza. Oprawy sufitowe s\u0105 zazwyczaj bardziej dyskretne i zapewniaj\u0105 r\u00f3wnomierne o\u015bwietlenie ca\u0142ego pomieszczenia, co jest kluczowe dla komfortu klient\u00f3w i sprzyja tworzeniu spokojnej atmosfery. S\u0105 one idealne do stworzenia podstawowego o\u015bwietlenia w salonie.\u00a0Z drugiej strony, lampy wisz\u0105ce mog\u0105 by\u0107 wykorzystane jako efektowny element dekoracyjny. Pozwalaj\u0105 one na skoncentrowanie \u015bwiat\u0142a nad wybranymi strefami, co jest szczeg\u00f3lnie przydatne nad stanowiskami fryzjerskimi, gdzie potrzebne jest precyzyjne o\u015bwietlenie. Mog\u0105 one r\u00f3wnie\u017c doda\u0107 charakteru wn\u0119trzu, tworz\u0105c unikalny klimat salonu.<\/strong>\u00a0Decyduj\u0105c, jakie o\u015bwietlenie wybra\u0107, nale\u017cy zastanowi\u0107 si\u0119 nad specyfik\u0105 pracy w salonie oraz nad oczekiwanym efektem wizualnym. Dobrane o\u015bwietlenie powinno harmonijnie \u0142\u0105czy\u0107 zar\u00f3wno aspekty praktyczne, jak i estetyczne, tworz\u0105c przyjemne \u015brodowisko pracy dla fryzjer\u00f3w i relaksuj\u0105c\u0105 atmosfer\u0119 dla klient\u00f3w. O\u015bwietlenie do salonu fryzjerskiego powinno by\u0107 zatem starannie dobrane, bior\u0105c pod uwag\u0119 zar\u00f3wno potrzeby pracownik\u00f3w, jak i oczekiwania klient\u00f3w.<\/p>\n<div id=\"attachment_14667\" style=\"width: 1010px\" class=\"wp-caption aligncenter\"><img loading=\"lazy\" decoding=\"async\" aria-describedby=\"caption-attachment-14667\" class=\"size-full wp-image-14667\" src=\"https:\/\/www.smd-led.pl\/blog\/wp-content\/uploads\/2023\/11\/Profesjonalne-oswietlenie-salonu-fryzjerskiego-1.jpg\" alt=\"O\u015bwietlenie salonu fryzjerskiego\" width=\"1000\" height=\"878\" srcset=\"https:\/\/www.smd-led.pl\/blog\/wp-content\/uploads\/2023\/11\/Profesjonalne-oswietlenie-salonu-fryzjerskiego-1.jpg 1000w, https:\/\/www.smd-led.pl\/blog\/wp-content\/uploads\/2023\/11\/Profesjonalne-oswietlenie-salonu-fryzjerskiego-1-300x263.jpg 300w, https:\/\/www.smd-led.pl\/blog\/wp-content\/uploads\/2023\/11\/Profesjonalne-oswietlenie-salonu-fryzjerskiego-1-768x674.jpg 768w\" sizes=\"auto, (max-width: 1000px) 100vw, 1000px\" \/><p id=\"caption-attachment-14667\" class=\"wp-caption-text\">O\u015bwietlenie salonu fryzjerskiego<\/p><\/div>\n<h2>Projektowanie o\u015bwietlenia do salonu fryzjerskiego<\/h2>\n<p>Projektowanie o\u015bwietlenia do salonu fryzjerskiego jest procesem, kt\u00f3ry wymaga uwzgl\u0119dnienia wielu istotnych aspekt\u00f3w, aby osi\u0105gn\u0105\u0107 zar\u00f3wno funkcjonalno\u015b\u0107, jak i estetyczny efekt wn\u0119trza. O\u015bwietlenie salonu fryzjerskiego odgrywa niezwykle wa\u017cn\u0105 rol\u0119, poniewa\u017c nie tylko wp\u0142ywa na komfort i do\u015bwiadczenia klient\u00f3w, ale r\u00f3wnie\u017c na wygod\u0119 pracy fryzjer\u00f3w. <strong>Wa\u017cne jest, aby projekt o\u015bwietlenia by\u0142 dopasowany do stylu wn\u0119trza salonu, co umo\u017cliwi stworzenie sp\u00f3jnej i harmonijnej przestrzeni. Podczas projektowania o\u015bwietlenia nale\u017cy zwr\u00f3ci\u0107 szczeg\u00f3ln\u0105 uwag\u0119 na strefowanie salonu. Oznacza to, \u017ce r\u00f3\u017cne obszary salonu wymagaj\u0105 r\u00f3\u017cnego rodzaju o\u015bwietlenia. Na przyk\u0142ad, obszar przy kasie mo\u017ce potrzebowa\u0107 cieplejszego, bardziej przytulnego \u015bwiat\u0142a, podczas gdy strefa strzy\u017cenia wymaga \u015bwiat\u0142a ja\u015bniejszego i bardziej skoncentrowanego, aby zapewni\u0107 precyzj\u0119 pracy. O\u015bwietlenie nie tylko wp\u0142ywa na funkcjonalno\u015b\u0107 stref salonu, ale tak\u017ce na ich estetyk\u0119. Dobre o\u015bwietlenie mo\u017ce podkre\u015bli\u0107 wystr\u00f3j wn\u0119trza, wyeksponowa\u0107 jego najlepsze cechy oraz stworzy\u0107 po\u017c\u0105dany nastr\u00f3j poprzez dodanie o\u015bwietlenia dekoracyjnego na przyk\u0142ad: dekoracyjnych <a href=\"https:\/\/www.smd-led.pl\/lampy-podlogowe-stojace-led\">lamp pod\u0142ogowych<\/a>.<\/strong> Dlatego wa\u017cne jest, aby w procesie projektowania o\u015bwietlenia do salonu fryzjerskiego uwzgl\u0119dni\u0107 zar\u00f3wno potrzeby praktyczne, jak i estetyczne, aby stworzy\u0107 przestrze\u0144 przyjemn\u0105 zar\u00f3wno dla klient\u00f3w, jak i pracownik\u00f3w.<\/p>\n<p>&nbsp;<\/p>\n<p style=\"text-align: center;\"><b>Sprawd\u017a jaki <a href=\"https:\/\/www.smd-led.pl\/panele-led\" data-internallinksmanager029f6b8e52c=\"1\" title=\"Panele LED\">panel LED<\/a> wybra\u0107 i jak go zamontowa\u0107<\/b><\/p>\n<div class=\"cat-slider-02\"><div class=\"cat-slider-02__box\"><div class=\"cat-slider-02__wrapper\"><p class=\"cat-slider-02__title\"><\/p><div class=\"cat-slider-02__slider\"><div class=\"cat-slider-02__slide\"><a href=\"https:\/\/www.smd-led.pl\/blog\/jak-oswietlic-biurowiec-biurowiec-a-oswietlenie-do-biura-led\/\" class=\"cat-slider-02__link\"><div class=\"cat-slider-02__img-box\"><img loading=\"lazy\" decoding=\"async\" width=\"1024\" height=\"896\" src=\"https:\/\/www.smd-led.pl\/blog\/wp-content\/uploads\/2023\/12\/Jak-oswietlic-biurowiec-biurowiec-a-oswietlenie-do-biura-Led-1024x896.png\" class=\"cat-slider-02__img wp-post-image\" alt=\"Jak o\u015bwietli\u0107 biuro nieruchomo\u015bci\" srcset=\"https:\/\/www.smd-led.pl\/blog\/wp-content\/uploads\/2023\/12\/Jak-oswietlic-biurowiec-biurowiec-a-oswietlenie-do-biura-Led-1024x896.png 1024w, https:\/\/www.smd-led.pl\/blog\/wp-content\/uploads\/2023\/12\/Jak-oswietlic-biurowiec-biurowiec-a-oswietlenie-do-biura-Led-300x263.png 300w, https:\/\/www.smd-led.pl\/blog\/wp-content\/uploads\/2023\/12\/Jak-oswietlic-biurowiec-biurowiec-a-oswietlenie-do-biura-Led-768x672.png 768w, https:\/\/www.smd-led.pl\/blog\/wp-content\/uploads\/2023\/12\/Jak-oswietlic-biurowiec-biurowiec-a-oswietlenie-do-biura-Led-1536x1344.png 1536w, https:\/\/www.smd-led.pl\/blog\/wp-content\/uploads\/2023\/12\/Jak-oswietlic-biurowiec-biurowiec-a-oswietlenie-do-biura-Led.png 1600w\" sizes=\"auto, (max-width: 1024px) 100vw, 1024px\" \/><\/div><\/a><a href=\"https:\/\/www.smd-led.pl\/blog\/jak-oswietlic-biurowiec-biurowiec-a-oswietlenie-do-biura-led\/\" class=\"cat-slider-02__link\"><div class=\"cat-slider-02__heading-box\"><p class=\"cat-slider-02__post-title\">Jak o\u015bwietli\u0107 biurowiec: biurowiec a o\u015bwietlenie do biura Led<\/p><p>W\u0142a\u015bciwe o\u015bwietlenie biurowca jest kluczowe dla komfortu pracy i efektywno\u015bci pracownik\u00f3w. W tym artykule dowiesz [&hellip;]<\/p>\n<\/div><\/a><\/div><div class=\"cat-slider-02__slide\"><a href=\"https:\/\/www.smd-led.pl\/blog\/oswietlenie-biblioteki\/\" class=\"cat-slider-02__link\"><div class=\"cat-slider-02__img-box\"><img loading=\"lazy\" decoding=\"async\" width=\"1024\" height=\"718\" src=\"https:\/\/www.smd-led.pl\/blog\/wp-content\/uploads\/2023\/01\/Oswietlenie-biblioteki.jpeg\" class=\"cat-slider-02__img wp-post-image\" alt=\"O\u015bwietlenie biblioteki\" \/><\/div><\/a><a href=\"https:\/\/www.smd-led.pl\/blog\/oswietlenie-biblioteki\/\" class=\"cat-slider-02__link\"><div class=\"cat-slider-02__heading-box\"><p class=\"cat-slider-02__post-title\">O\u015bwietlenie biblioteki<\/p><p>O\u015bwietlenie biblioteki jest wa\u017cnym elementem, kt\u00f3ry wp\u0142ywa na funkcjonowanie tej instytucji. Poprzez odpowiednie nat\u0119\u017cenie (przyk\u0142adowo [&hellip;]<\/p>\n<\/div><\/a><\/div><div class=\"cat-slider-02__slide\"><a href=\"https:\/\/www.smd-led.pl\/blog\/panel-led-montaz-natynkowy\/\" class=\"cat-slider-02__link\"><div class=\"cat-slider-02__img-box\"><img loading=\"lazy\" decoding=\"async\" width=\"1024\" height=\"684\" src=\"https:\/\/www.smd-led.pl\/blog\/wp-content\/uploads\/2019\/08\/black-and-white-boardroom-ceiling-260689.jpg\" class=\"cat-slider-02__img wp-post-image\" alt=\"panel led montaz natynkowy\" \/><\/div><\/a><a href=\"https:\/\/www.smd-led.pl\/blog\/panel-led-montaz-natynkowy\/\" class=\"cat-slider-02__link\"><div class=\"cat-slider-02__heading-box\"><p class=\"cat-slider-02__post-title\">Panel LED monta\u017c natynkowy<\/p><p>Panele ledowe natynkowe\u00a0to nowoczesna alternatywa dla standardowych opraw \u015bwietl\u00f3wkowych. Dzi\u0119ki zastosowaniu nowoczesnej technologii LED jest [&hellip;]<\/p>\n<\/div><\/a><\/div><div class=\"cat-slider-02__slide\"><a href=\"https:\/\/www.smd-led.pl\/blog\/zmniejszenie-zuzycia-energii-elektrycznej-o-10-w-urzedzie-jak-to-zrobic\/\" class=\"cat-slider-02__link\"><div class=\"cat-slider-02__img-box\"><img loading=\"lazy\" decoding=\"async\" width=\"1024\" height=\"683\" src=\"https:\/\/www.smd-led.pl\/blog\/wp-content\/uploads\/2022\/11\/Zmniejszenie-zuzycia-energii-elektrycznej-o-10-w-urzedzie-jak-to-zrobic.jpg\" class=\"cat-slider-02__img wp-post-image\" alt=\"Zmniejszenie zu\u017cycia energii elektrycznej o 10% w urz\u0119dzie - jak to zrobi\u0107?\" \/><\/div><\/a><a href=\"https:\/\/www.smd-led.pl\/blog\/zmniejszenie-zuzycia-energii-elektrycznej-o-10-w-urzedzie-jak-to-zrobic\/\" class=\"cat-slider-02__link\"><div class=\"cat-slider-02__heading-box\"><p class=\"cat-slider-02__post-title\">Zmniejszenie zu\u017cycia energii elektrycznej o 10% w urz\u0119dzie &#8211; jak to zrobi\u0107?<\/p><p>Obowi\u0105zek zmniejszenia zu\u017cycia energii elektrycznej w jednostkach sektora finans\u00f3w publicznych sta\u0142 si\u0119 faktem.\u00a0Zmniejszenie zu\u017cycia energii [&hellip;]<\/p>\n<\/div><\/a><\/div><div class=\"cat-slider-02__slide\"><a href=\"https:\/\/www.smd-led.pl\/blog\/panele-led-montaz-podtynkowy\/\" class=\"cat-slider-02__link\"><div class=\"cat-slider-02__img-box\"><img loading=\"lazy\" decoding=\"async\" width=\"800\" height=\"533\" src=\"https:\/\/www.smd-led.pl\/blog\/wp-content\/uploads\/2022\/08\/MG_7776.jpg\" class=\"cat-slider-02__img wp-post-image\" alt=\"Panele LED monta\u017c podtynkowy\" \/><\/div><\/a><a href=\"https:\/\/www.smd-led.pl\/blog\/panele-led-montaz-podtynkowy\/\" class=\"cat-slider-02__link\"><div class=\"cat-slider-02__heading-box\"><p class=\"cat-slider-02__post-title\">Panele LED monta\u017c podtynkowy<\/p><p>Panele LED monta\u017c podtynkowy &#8211; na czym polega? Je\u015bli chcemy zamocowa\u0107 panel LED podtynkowy nale\u017cy [&hellip;]<\/p>\n<\/div><\/a><\/div><div class=\"cat-slider-02__slide\"><a href=\"https:\/\/www.smd-led.pl\/blog\/panele-led-zwieszane-montaz-na-linkach\/\" class=\"cat-slider-02__link\"><div class=\"cat-slider-02__img-box\"><img loading=\"lazy\" decoding=\"async\" width=\"1000\" height=\"667\" src=\"https:\/\/www.smd-led.pl\/blog\/wp-content\/uploads\/2022\/08\/MG_7767-1.jpg\" class=\"cat-slider-02__img wp-post-image\" alt=\"Panele LED zwieszane - monta\u017c na linkach\" \/><\/div><\/a><a href=\"https:\/\/www.smd-led.pl\/blog\/panele-led-zwieszane-montaz-na-linkach\/\" class=\"cat-slider-02__link\"><div class=\"cat-slider-02__heading-box\"><p class=\"cat-slider-02__post-title\">Panele LED zwieszane &#8211; monta\u017c lampy na linkach<\/p><p>Panele LED zwieszane &#8211; monta\u017c lampy na linkach to jeden ciekawszych sposob\u00f3w na zamontowanie o\u015bwietlenia [&hellip;]<\/p>\n<\/div><\/a><\/div><div class=\"cat-slider-02__slide\"><a href=\"https:\/\/www.smd-led.pl\/blog\/panel-led-sposoby-montazu\/\" class=\"cat-slider-02__link\"><div class=\"cat-slider-02__img-box\"><img loading=\"lazy\" decoding=\"async\" width=\"800\" height=\"507\" src=\"https:\/\/www.smd-led.pl\/blog\/wp-content\/uploads\/2022\/08\/MG_7945.jpg\" class=\"cat-slider-02__img wp-post-image\" alt=\"Panel LED - sposoby monta\u017cu\" \/><\/div><\/a><a href=\"https:\/\/www.smd-led.pl\/blog\/panel-led-sposoby-montazu\/\" class=\"cat-slider-02__link\"><div class=\"cat-slider-02__heading-box\"><p class=\"cat-slider-02__post-title\">Panel LED &#8211; sposoby monta\u017cu &#8211; monta\u017c paneli na suficie<\/p><p>Panele LED to energooszcz\u0119dny i elegancki zamiennik tradycyjnych opraw rastrowych ze \u015bwietl\u00f3wkami. \u015awiec\u0105 one w [&hellip;]<\/p>\n<\/div><\/a><\/div><div class=\"cat-slider-02__slide\"><a href=\"https:\/\/www.smd-led.pl\/blog\/oprawa-rastrowa-co-to-jest\/\" class=\"cat-slider-02__link\"><div class=\"cat-slider-02__img-box\"><img loading=\"lazy\" decoding=\"async\" width=\"1024\" height=\"768\" src=\"https:\/\/www.smd-led.pl\/blog\/wp-content\/uploads\/2019\/08\/25044506908_4a7e9dd403_o.jpg\" class=\"cat-slider-02__img wp-post-image\" alt=\"lampy rastrowe czy panele led co wyrac\" \/><\/div><\/a><a href=\"https:\/\/www.smd-led.pl\/blog\/oprawa-rastrowa-co-to-jest\/\" class=\"cat-slider-02__link\"><div class=\"cat-slider-02__heading-box\"><p class=\"cat-slider-02__post-title\">Oprawa rastrowa &#8211; co to jest?<\/p><p>Wyb\u00f3r o\u015bwietlenia nie nale\u017cy do najprostszych spraw, szczeg\u00f3lnie je\u015bli do o\u015bwietlenia mamy du\u017c\u0105 powierzchni\u0119. Do [&hellip;]<\/p>\n<\/div><\/a><\/div><div class=\"cat-slider-02__slide\"><a href=\"https:\/\/www.smd-led.pl\/blog\/jaki-panel-led-wybrac\/\" class=\"cat-slider-02__link\"><div class=\"cat-slider-02__img-box\"><img loading=\"lazy\" decoding=\"async\" width=\"1024\" height=\"766\" src=\"https:\/\/www.smd-led.pl\/blog\/wp-content\/uploads\/2021\/09\/Test-paneli-LED-60x60-1.jpg\" class=\"cat-slider-02__img wp-post-image\" alt=\"Test paneli LED 60x60\" \/><\/div><\/a><a href=\"https:\/\/www.smd-led.pl\/blog\/jaki-panel-led-wybrac\/\" class=\"cat-slider-02__link\"><div class=\"cat-slider-02__heading-box\"><p class=\"cat-slider-02__post-title\">Jaki Panel LED wybra\u0107? TOP 6 paneli LED &#8211; ich por\u00f3wnanie i test<\/p><p>Panele LED 60 \u00d7 60 cm to najpopularniejsze panele, wykorzystywane mi\u0119dzy innymi w pomieszczeniach biurowych. [&hellip;]<\/p>\n<\/div><\/a><\/div><\/div><\/div><\/div><\/div>\n<div id=\"attachment_14669\" style=\"width: 1010px\" class=\"wp-caption aligncenter\"><img loading=\"lazy\" decoding=\"async\" aria-describedby=\"caption-attachment-14669\" class=\"size-full wp-image-14669\" src=\"https:\/\/www.smd-led.pl\/blog\/wp-content\/uploads\/2023\/11\/Oswietlenie-fryzjerskie-1.jpg\" alt=\"O\u015bwietlenie salonu fryzjerskiego\" width=\"1000\" height=\"666\" srcset=\"https:\/\/www.smd-led.pl\/blog\/wp-content\/uploads\/2023\/11\/Oswietlenie-fryzjerskie-1.jpg 1000w, https:\/\/www.smd-led.pl\/blog\/wp-content\/uploads\/2023\/11\/Oswietlenie-fryzjerskie-1-300x200.jpg 300w, https:\/\/www.smd-led.pl\/blog\/wp-content\/uploads\/2023\/11\/Oswietlenie-fryzjerskie-1-768x511.jpg 768w\" sizes=\"auto, (max-width: 1000px) 100vw, 1000px\" \/><p id=\"caption-attachment-14669\" class=\"wp-caption-text\">O\u015bwietlenie salonu fryzjerskiego<\/p><\/div>\n<h3>Jak stworzy\u0107 projekt o\u015bwietlenia salonu dostosowany do stylu wn\u0119trza?<\/h3>\n<div class=\"react-scroll-to-bottom--css-grobb-1n7m0yu\">\n<div class=\"flex flex-col text-sm gizmo:pb-9 dark:bg-gray-800 gizmo:dark:bg-transparent\">\n<div class=\"w-full text-token-text-primary border-b border-black\/10 gizmo:border-0 dark:border-gray-900\/50 gizmo:dark:border-0 bg-gray-50 gizmo:bg-transparent dark:bg-[#444654] gizmo:dark:bg-transparent sm:AIPRM__conversation__response\" data-testid=\"conversation-turn-29\">\n<div class=\"p-4 gizmo:py-2 justify-center text-base md:gap-6 md:py-6 m-auto\">\n<div class=\"flex flex-1 gap-4 text-base mx-auto md:gap-6 gizmo:gap-3 gizmo:md:px-5 gizmo:lg:px-1 gizmo:xl:px-5 md:max-w-2xl lg:max-w-[38rem] gizmo:md:max-w-3xl gizmo:lg:max-w-[40rem] gizmo:xl:max-w-[48rem] xl:max-w-3xl } group final-completion\">\n<div class=\"relative flex w-[calc(100%-50px)] flex-col gizmo:w-full lg:w-[calc(100%-115px)] agent-turn\">\n<div class=\"flex-col gap-1 md:gap-3\">\n<div class=\"flex flex-grow flex-col max-w-full gap-3 gizmo:gap-0\">\n<div class=\"min-h-[20px] text-message flex flex-col items-start gap-3 whitespace-pre-wrap break-words [.text-message+&amp;]:mt-5 overflow-x-auto\" data-message-author-role=\"assistant\" data-message-id=\"fdfe70d4-a20a-4c23-90ab-7b1a3b4ec0fc\">\n<div class=\"markdown prose w-full break-words dark:prose-invert light AIPRM__conversation__response\">\n<p>Jak stworzy\u0107 projekt o\u015bwietlenia salonu dostosowany do stylu wn\u0119trza? <strong>To pytanie jest kluczowe przy projektowaniu o\u015bwietlenia do salonu fryzjerskiego. O\u015bwietlenie jest niezb\u0119dne nie tylko do stworzenia odpowiedniej atmosfery, ale tak\u017ce do zapewnienia funkcjonalno\u015bci i komfortu pracy. Podczas wybierania o\u015bwietlenia nale\u017cy wzi\u0105\u0107 pod uwag\u0119 kilka istotnych czynnik\u00f3w, kt\u00f3re maj\u0105 bezpo\u015bredni wp\u0142yw na efektywno\u015b\u0107 pracy fryzjer\u00f3w i zadowolenie klient\u00f3w.<\/strong><\/p>\n<ul>\n<li><strong>Po pierwsze, wa\u017cne jest, aby o\u015bwietlenie harmonijnie wsp\u00f3\u0142gra\u0142o ze stylem wn\u0119trza salonu.<\/strong> Nale\u017cy dopasowa\u0107 rodzaj i styl lamp tak, aby komplementowa\u0142y one og\u00f3lny wystr\u00f3j, jednocze\u015bnie tworz\u0105c przyjemn\u0105 atmosfer\u0119 dla klient\u00f3w. O\u015bwietlenie powinno podkre\u015bla\u0107 charakterystyczne elementy wn\u0119trza, takie jak kolory \u015bcian, rodzaj mebli czy dekoracje.<\/li>\n<li><strong>Po drugie, o\u015bwietlenie odgrywa kluczow\u0105 rol\u0119 w pracy fryzjera.<\/strong> Musi zapewnia\u0107 r\u00f3wnomierne i wystarczaj\u0105co silne \u015bwiat\u0142o, kt\u00f3re umo\u017cliwi precyzyjne wykonywanie r\u00f3\u017cnych zabieg\u00f3w, takich jak strzy\u017cenie, modelowanie czy koloryzacja w\u0142os\u00f3w. Szczeg\u00f3ln\u0105 uwag\u0119 nale\u017cy zwr\u00f3ci\u0107 na o\u015bwietlenie stanowisk pracy, gdzie wa\u017cne jest skoncentrowane i jasne \u015bwiat\u0142o, kt\u00f3re nie m\u0119czy wzroku.<\/li>\n<li><strong>Warto r\u00f3wnie\u017c pomy\u015ble\u0107 o zastosowaniu r\u00f3\u017cnych rodzaj\u00f3w o\u015bwietlenia<\/strong>, takich jak o\u015bwietlenie g\u0142\u00f3wne, punktowe i akcentowe, aby umo\u017cliwi\u0107 strefowanie salonu. To pozwoli na stworzenie r\u00f3\u017cnych obszar\u00f3w z odpowiednim na\u015bwietleniem dla oczekiwanych czynno\u015bci, jednocze\u015bnie zachowuj\u0105c sp\u00f3jno\u015b\u0107 ca\u0142ego wn\u0119trza.<\/li>\n<\/ul>\n<\/div>\n<div class=\"cat-slider-02\"><div class=\"cat-slider-02__box\"><div class=\"cat-slider-02__wrapper\"><p class=\"cat-slider-02__title\"><\/p><div class=\"cat-slider-02__slider\"><div class=\"cat-slider-02__slide\"><a href=\"https:\/\/www.smd-led.pl\/blog\/jak-oswietlic-salon-fryzjerski\/\" class=\"cat-slider-02__link\"><div class=\"cat-slider-02__img-box\"><img loading=\"lazy\" decoding=\"async\" width=\"1024\" height=\"512\" src=\"https:\/\/www.smd-led.pl\/blog\/wp-content\/uploads\/2023\/11\/13-1024x512.png\" class=\"cat-slider-02__img wp-post-image\" alt=\"O\u015bwietlenie salonu fryzjerskiego\" srcset=\"https:\/\/www.smd-led.pl\/blog\/wp-content\/uploads\/2023\/11\/13-1024x512.png 1024w, https:\/\/www.smd-led.pl\/blog\/wp-content\/uploads\/2023\/11\/13-300x150.png 300w, https:\/\/www.smd-led.pl\/blog\/wp-content\/uploads\/2023\/11\/13-768x384.png 768w, https:\/\/www.smd-led.pl\/blog\/wp-content\/uploads\/2023\/11\/13.png 1200w\" sizes=\"auto, (max-width: 1024px) 100vw, 1024px\" \/><\/div><\/a><a href=\"https:\/\/www.smd-led.pl\/blog\/jak-oswietlic-salon-fryzjerski\/\" class=\"cat-slider-02__link\"><div class=\"cat-slider-02__heading-box\"><p class=\"cat-slider-02__post-title\">jak o\u015bwietli\u0107 salon fryzjerski<\/p><p>O\u015bwietlenie do salonu fryzjerskiego to kluczowy element, kt\u00f3ry wp\u0142ywa na komfort pracy fryzjer\u00f3w, jako\u015b\u0107 us\u0142ug [&hellip;]<\/p>\n<\/div><\/a><\/div><div class=\"cat-slider-02__slide\"><a href=\"https:\/\/www.smd-led.pl\/blog\/jak-urzadzic-maly-salon-kosmetyczny\/\" class=\"cat-slider-02__link\"><div class=\"cat-slider-02__img-box\"><img loading=\"lazy\" decoding=\"async\" width=\"768\" height=\"502\" src=\"https:\/\/www.smd-led.pl\/blog\/wp-content\/uploads\/2023\/07\/Projekt-bez-nazwy.jpg\" class=\"cat-slider-02__img wp-post-image\" alt=\"Jak urz\u0105dzi\u0107 ma\u0142y salon kosmetyczny\" srcset=\"https:\/\/www.smd-led.pl\/blog\/wp-content\/uploads\/2023\/07\/Projekt-bez-nazwy.jpg 768w, https:\/\/www.smd-led.pl\/blog\/wp-content\/uploads\/2023\/07\/Projekt-bez-nazwy-300x196.jpg 300w\" sizes=\"auto, (max-width: 768px) 100vw, 768px\" \/><\/div><\/a><a href=\"https:\/\/www.smd-led.pl\/blog\/jak-urzadzic-maly-salon-kosmetyczny\/\" class=\"cat-slider-02__link\"><div class=\"cat-slider-02__heading-box\"><p class=\"cat-slider-02__post-title\">Jak urz\u0105dzi\u0107 ma\u0142y salon kosmetyczny<\/p><p>Jak urz\u0105dzi\u0107 ma\u0142y salon kosmetyczny to najcz\u0119\u015bciej zadawane pytanie w roku 2023r przez u\u017cytkownik\u00f3w Internetu [&hellip;]<\/p>\n<\/div><\/a><\/div><div class=\"cat-slider-02__slide\"><a href=\"https:\/\/www.smd-led.pl\/blog\/oswietlenie-fryzjerskie-a-nowoczesny-salon-fryzjerski\/\" class=\"cat-slider-02__link\"><div class=\"cat-slider-02__img-box\"><img loading=\"lazy\" decoding=\"async\" width=\"1000\" height=\"667\" src=\"https:\/\/www.smd-led.pl\/blog\/wp-content\/uploads\/2019\/06\/Nowoczesny-salon-fryzjerski-8.jpg\" class=\"cat-slider-02__img wp-post-image\" alt=\"\" \/><\/div><\/a><a href=\"https:\/\/www.smd-led.pl\/blog\/oswietlenie-fryzjerskie-a-nowoczesny-salon-fryzjerski\/\" class=\"cat-slider-02__link\"><div class=\"cat-slider-02__heading-box\"><p class=\"cat-slider-02__post-title\">O\u015bwietlenie salonu fryzjerskiego, a nowoczesny salon fryzjerski<\/p><p>O\u015bwietlenie salonu fryzjerskiego powinno by\u0107 podzielone na r\u00f3\u017cne strefy. Stefa samego fotela musi by\u0107\u00a0 najmocniej [&hellip;]<\/p>\n<\/div><\/a><\/div><div class=\"cat-slider-02__slide\"><a href=\"https:\/\/www.smd-led.pl\/blog\/oswietlenie-salonu-kosmetycznego\/\" class=\"cat-slider-02__link\"><div class=\"cat-slider-02__img-box\"><img loading=\"lazy\" decoding=\"async\" width=\"1000\" height=\"675\" src=\"https:\/\/www.smd-led.pl\/blog\/wp-content\/uploads\/2021\/09\/jakie-oswietlenie-do-salonu-kosmetycznego.jpg\" class=\"cat-slider-02__img wp-post-image\" alt=\"Jakie o\u015bwietlenie do salonu kosmetycznego\" \/><\/div><\/a><a href=\"https:\/\/www.smd-led.pl\/blog\/oswietlenie-salonu-kosmetycznego\/\" class=\"cat-slider-02__link\"><div class=\"cat-slider-02__heading-box\"><p class=\"cat-slider-02__post-title\">Jak o\u015bwietli\u0107 salon Beauty? Praktyczne porady i wskaz\u00f3wki<\/p><p>Ludzie odwiedzaj\u0105 salon beauty, aby czu\u0107 si\u0119 i wygl\u0105da\u0107 jak najlepiej. Czy wiesz, \u017ce mo\u017ce [&hellip;]<\/p>\n<\/div><\/a><\/div><div class=\"cat-slider-02__slide\"><a href=\"https:\/\/www.smd-led.pl\/blog\/oswietlenie-do-makijazu-najwazniejsze-aspekty\/\" class=\"cat-slider-02__link\"><div class=\"cat-slider-02__img-box\"><img loading=\"lazy\" decoding=\"async\" width=\"1024\" height=\"642\" src=\"https:\/\/www.smd-led.pl\/blog\/wp-content\/uploads\/2020\/03\/jakie-oswietlenie-do-makijazu.jpg\" class=\"cat-slider-02__img wp-post-image\" alt=\"Jakie o\u015bwietlenie do makija\u017cu\" \/><\/div><\/a><a href=\"https:\/\/www.smd-led.pl\/blog\/oswietlenie-do-makijazu-najwazniejsze-aspekty\/\" class=\"cat-slider-02__link\"><div class=\"cat-slider-02__heading-box\"><p class=\"cat-slider-02__post-title\">O\u015bwietlenie do makija\u017cu &#8211; najwa\u017cniejsze aspekty<\/p><p>Ka\u017cda kobieta przyk\u0142ada wag\u0119 do wygl\u0105du. Jednym z aspekt\u00f3w w dziedzinie w\u0142a\u015bciwego wygl\u0105du jest oczywi\u015bcie [&hellip;]<\/p>\n<\/div><\/a><\/div><\/div><\/div><\/div><\/div>\n<div class=\"markdown prose w-full break-words dark:prose-invert light AIPRM__conversation__response\">\n<p>Podsumowuj\u0105c, przy projektowaniu o\u015bwietlenia do salonu fryzjerskiego nale\u017cy wzi\u0105\u0107 pod uwag\u0119 zar\u00f3wno aspekty estetyczne, jak i funkcjonalne. Dobrze zaprojektowane o\u015bwietlenie zwi\u0119ksza komfort pracy fryzjer\u00f3w, poprawia og\u00f3lne wra\u017cenia klient\u00f3w i przyczynia si\u0119 do stworzenia przestrzeni, kt\u00f3ra jest zar\u00f3wno praktyczna, jak i przyjemna dla oka.<\/p>\n<\/div>\n<\/div>\n<\/div>\n<\/div>\n<\/div>\n<\/div>\n<\/div>\n<\/div>\n<\/div>\n<\/div>\n<div id=\"attachment_14671\" style=\"width: 710px\" class=\"wp-caption aligncenter\"><img loading=\"lazy\" decoding=\"async\" aria-describedby=\"caption-attachment-14671\" class=\"size-full wp-image-14671\" src=\"https:\/\/www.smd-led.pl\/blog\/wp-content\/uploads\/2023\/11\/prawidlowe-oswietlenie-salonu-fryzjerskiego.jpg\" alt=\"O\u015bwietlenie salonu fryzjerskiego\" width=\"700\" height=\"466\" srcset=\"https:\/\/www.smd-led.pl\/blog\/wp-content\/uploads\/2023\/11\/prawidlowe-oswietlenie-salonu-fryzjerskiego.jpg 700w, https:\/\/www.smd-led.pl\/blog\/wp-content\/uploads\/2023\/11\/prawidlowe-oswietlenie-salonu-fryzjerskiego-300x200.jpg 300w\" sizes=\"auto, (max-width: 700px) 100vw, 700px\" \/><p id=\"caption-attachment-14671\" class=\"wp-caption-text\">O\u015bwietlenie salonu fryzjerskiego<\/p><\/div>\n<div id=\"AIPRM__sidebar-icon\" class=\"AIPRM__p-2 AIPRM__top-12 md:AIPRM__top-2 AIPRM__p-2 AIPRM__items-center AIPRM__transition-colors AIPRM__duration-200 AIPRM__cursor-pointer AIPRM__text-sm AIPRM__rounded-md AIPRM__border AIPRM__bg-white dark:AIPRM__bg-gray-800 AIPRM__border-black\/10 dark:AIPRM__border-white\/20 hover:AIPRM__bg-gray-50 dark:hover:AIPRM__bg-gray-700 AIPRM__cursor-pointer AIPRM__fixed AIPRM__right-4 AIPRM__z-30\" title=\"Open AIPRM sidebar\"><\/div>\n<h3>Strefowanie wn\u0119trza za pomoc\u0105 o\u015bwietlenia &#8211; praktyczne wskaz\u00f3wki<\/h3>\n<p>Strefowanie wn\u0119trza za pomoc\u0105 o\u015bwietlenia jest niezwykle wa\u017cne w salonach fryzjerskich, poniewa\u017c pozwala na wyodr\u0119bnienie r\u00f3\u017cnych obszar\u00f3w, takich jak stanowiska fryzjerskie, poczekalnia czy strefa kasy. Odpowiednio dobrane lampy do salonu fryzjerskiego pe\u0142ni\u0105 kluczow\u0105 rol\u0119 w tworzeniu zar\u00f3wno funkcjonalnej, jak i przyjemnej przestrzeni.<\/p>\n<ol>\n<li><strong>Nad stanowiskami fryzjerskimi najlepiej sprawdzi si\u0119 o\u015bwietlenie zadaniowe<\/strong>, kt\u00f3re zapewnia odpowiednie warunki do pracy. Jasne, skoncentrowane \u015bwiat\u0142o umo\u017cliwia fryzjerom precyzyjne wykonywanie zabieg\u00f3w, jednocze\u015bnie nie m\u0119cz\u0105c wzroku klient\u00f3w.<\/li>\n<li><strong>W poczekalni warto zastosowa\u0107 o\u015bwietlenie punktowe lub akcentowe<\/strong>, aby stworzy\u0107 komfortow\u0105 i relaksuj\u0105c\u0105 atmosfer\u0119 dla klient\u00f3w oczekuj\u0105cych na zabiegi. \u015awiat\u0142a do komfortowego wypoczynku mog\u0105 by\u0107 cieplejsze i delikatniejsze, co sprzyja odpr\u0119\u017ceniu i sprawia, \u017ce poczekalnia staje si\u0119 przytulnym zak\u0105tkiem.<\/li>\n<li><strong>W strefie kasy idealnie sprawdz\u0105 si\u0119 o\u015bwietlenie sufitowe lub <a href=\"https:\/\/www.smd-led.pl\/lampa-wiszaca\">lampy wisz\u0105ce<\/a><\/strong>, kt\u00f3re nie tylko podkre\u015blaj\u0105 funkcj\u0119 tej cz\u0119\u015bci salonu, ale r\u00f3wnie\u017c u\u0142atwiaj\u0105 obs\u0142ug\u0119 klient\u00f3w i zarz\u0105dzanie p\u0142atno\u015bciami.<\/li>\n<li><strong>Dodatkowo, zastosowanie o\u015bwietlenia dekoracyjnego, jak girlandy \u015bwietlne czy lampy pod\u0142ogowe,<\/strong> mo\u017ce doda\u0107 wn\u0119trzu salonu fryzjerskiego unikatowego charakteru i stylu. Takie elementy s\u0105 nie tylko ozdob\u0105, ale tak\u017ce mog\u0105 wp\u0142ywa\u0107 na pozytywne wra\u017cenia klient\u00f3w.<\/li>\n<\/ol>\n<p><strong>Podsumowuj\u0105c, strefowanie wn\u0119trza za pomoc\u0105 o\u015bwietlenia w salonie fryzjerskim to proces, kt\u00f3ry wymaga przemy\u015blanej selekcji i zastosowania r\u00f3\u017cnych rodzaj\u00f3w o\u015bwietlenia.<\/strong> O\u015bwietlenie do salonu fryzjerskiego powinno by\u0107 nie tylko funkcjonalne, ale tak\u017ce estetycznie dopasowane do wn\u0119trza, tworz\u0105c sp\u00f3jn\u0105 i przyjemn\u0105 przestrze\u0144 dla klient\u00f3w i pracownik\u00f3w.<\/p>\n<div id=\"attachment_14672\" style=\"width: 710px\" class=\"wp-caption aligncenter\"><img loading=\"lazy\" decoding=\"async\" aria-describedby=\"caption-attachment-14672\" class=\"size-full wp-image-14672\" src=\"https:\/\/www.smd-led.pl\/blog\/wp-content\/uploads\/2023\/11\/Oswietlenie-do-salonu-fryzjerskiego-2.jpg\" alt=\"O\u015bwietlenie salonu fryzjerskiego\" width=\"700\" height=\"583\" srcset=\"https:\/\/www.smd-led.pl\/blog\/wp-content\/uploads\/2023\/11\/Oswietlenie-do-salonu-fryzjerskiego-2.jpg 700w, https:\/\/www.smd-led.pl\/blog\/wp-content\/uploads\/2023\/11\/Oswietlenie-do-salonu-fryzjerskiego-2-300x250.jpg 300w\" sizes=\"auto, (max-width: 700px) 100vw, 700px\" \/><p id=\"caption-attachment-14672\" class=\"wp-caption-text\">O\u015bwietlenie salonu fryzjerskiego<\/p><\/div>\n<h2>Wyb\u00f3r odpowiednich lamp i \u017car\u00f3wek do salonu fryzjerskiego<\/h2>\n<p>Wyb\u00f3r odpowiednich lamp i \u017car\u00f3wek do salonu fryzjerskiego jest kluczowy dla zapewnienia zar\u00f3wno komfortu pracy fryzjer\u00f3w, jak i zadowolenia klient\u00f3w. Odpowiednie o\u015bwietlenie do salonu fryzjerskiego powinno spe\u0142nia\u0107 kilka istotnych kryteri\u00f3w.<\/p>\n<ul>\n<li><strong>Po pierwsze, nale\u017cy zwr\u00f3ci\u0107 uwag\u0119 na intensywno\u015b\u0107 i barw\u0119 \u015bwiat\u0142a.<\/strong> Idealne \u015bwiat\u0142o powinno by\u0107 jasne i naturalne, najlepiej odwzorowuj\u0105ce naturalne \u015bwiat\u0142o dzienne, co jest szczeg\u00f3lnie wa\u017cne przy zadaniach wymagaj\u0105cych precyzji, takich jak koloryzacja w\u0142os\u00f3w.<\/li>\n<li><strong>Po drugie, istotna jest energooszcz\u0119dno\u015b\u0107 i \u017cywotno\u015b\u0107 \u017car\u00f3wek.<\/strong> W tym kontek\u015bcie <a href=\"https:\/\/www.smd-led.pl\/zarowki-led\">\u017car\u00f3wki LED<\/a> s\u0105 cz\u0119sto najlepszym wyborem, poniewa\u017c zu\u017cywaj\u0105 mniej energii i maj\u0105 d\u0142u\u017csz\u0105 \u017cywotno\u015b\u0107 w por\u00f3wnaniu do tradycyjnych \u017car\u00f3wek. <a href=\"https:\/\/www.smd-led.pl\/zarowki-led\" data-internallinksmanager029f6b8e52c=\"20\" title=\"\u017bar\u00f3wki LED\">\u017bar\u00f3wki LED<\/a> oferuj\u0105 r\u00f3wnie\u017c mo\u017cliwo\u015b\u0107 regulacji nat\u0119\u017cenia \u015bwiat\u0142a, co pozwala na dostosowanie o\u015bwietlenia do r\u00f3\u017cnych potrzeb i godzin pracy salonu.<\/li>\n<li><strong>Przy wyborze o\u015bwietlenia, nale\u017cy r\u00f3wnie\u017c wzi\u0105\u0107 pod uwag\u0119 og\u00f3lny styl i design salonu. <\/strong>Lampy powinny harmonijnie wsp\u00f3\u0142gra\u0107 z wn\u0119trzem, b\u0119d\u0105c jego uzupe\u0142nieniem i dodaj\u0105cym charakteru. Warto rozwa\u017cy\u0107 r\u00f3\u017cne rodzaje lamp, takie jak sufitowe, wisz\u0105ce czy specjalne lampy zadaniowe nad stanowiskami pracy.<\/li>\n<\/ul>\n<p><strong>Podsumowuj\u0105c, wybieraj\u0105c o\u015bwietlenie do salonu fryzjerskiego, nale\u017cy zwr\u00f3ci\u0107 uwag\u0119 na jako\u015b\u0107 \u015bwiat\u0142a, efektywno\u015b\u0107 energetyczn\u0105 oraz estetyk\u0119 lamp.<\/strong> Odpowiednio dobrane lampy i \u017car\u00f3wki nie tylko poprawi\u0105 jako\u015b\u0107 pracy, ale tak\u017ce wp\u0142yn\u0105 na og\u00f3lne wra\u017cenie i atmosfer\u0119 salonu.<\/p>\n<div id=\"attachment_14673\" style=\"width: 710px\" class=\"wp-caption aligncenter\"><img loading=\"lazy\" decoding=\"async\" aria-describedby=\"caption-attachment-14673\" class=\"size-full wp-image-14673\" src=\"https:\/\/www.smd-led.pl\/blog\/wp-content\/uploads\/2023\/11\/Nowoczesne-oswietlenie-do-salonu-fryzjerskiego.jpg\" alt=\"O\u015bwietlenie salonu fryzjerskiego\" width=\"700\" height=\"468\" srcset=\"https:\/\/www.smd-led.pl\/blog\/wp-content\/uploads\/2023\/11\/Nowoczesne-oswietlenie-do-salonu-fryzjerskiego.jpg 700w, https:\/\/www.smd-led.pl\/blog\/wp-content\/uploads\/2023\/11\/Nowoczesne-oswietlenie-do-salonu-fryzjerskiego-300x201.jpg 300w\" sizes=\"auto, (max-width: 700px) 100vw, 700px\" \/><p id=\"caption-attachment-14673\" class=\"wp-caption-text\">O\u015bwietlenie salonu fryzjerskiego<\/p><\/div>\n<h3>Dopasowane lampy fryzjerskie &#8211; na co zwr\u00f3ci\u0107 uwag\u0119?<\/h3>\n<p>Wybieraj\u0105c dopasowane lampy fryzjerskie do salonu, nale\u017cy wzi\u0105\u0107 pod uwag\u0119 kilka kluczowych aspekt\u00f3w, aby zapewni\u0107 optymalne o\u015bwietlenie do salonu fryzjerskiego.<\/p>\n<ol>\n<li>Jednym z najwa\u017cniejszych czynnik\u00f3w jest <strong>barwa \u015bwiat\u0142a<\/strong>, kt\u00f3ra powinna by\u0107 jak najbardziej neutralna. \u015awiat\u0142o neutralne jest istotne, aby wiernie odzwierciedla\u0107 naturalne kolory w\u0142os\u00f3w i sk\u00f3ry klient\u00f3w. Dzi\u0119ki temu fryzjerzy mog\u0105 dok\u0142adnie oceni\u0107 efekty swojej pracy, a klienci b\u0119d\u0105 zadowoleni z realistycznego wygl\u0105du ko\u0144cowego efektu zabiegu.<\/li>\n<li>Kolejnym wa\u017cnym elementem jest <strong>intensywno\u015b\u0107 \u015bwiat\u0142a<\/strong>. Odpowiednie nat\u0119\u017cenie \u015bwiat\u0142a jest kluczowe nie tylko dla komfortu pracy fryzjer\u00f3w, ale tak\u017ce dla precyzyjnego wykonywania zabieg\u00f3w. Zbyt s\u0142abe o\u015bwietlenie mo\u017ce powodowa\u0107 zm\u0119czenie oczu i utrudnia\u0107 prac\u0119, podczas gdy zbyt jaskrawe \u015bwiat\u0142o mo\u017ce by\u0107 niekomfortowe dla klient\u00f3w.<\/li>\n<li><strong>Regulacja jasno\u015bci<\/strong> to kolejna wa\u017cna funkcja, kt\u00f3r\u0105 powinny posiada\u0107 dopasowane lampy fryzjerskie. Mo\u017cliwo\u015b\u0107 regulacji jasno\u015bci pozwala na dostosowanie warunk\u00f3w pracy do r\u00f3\u017cnych czynno\u015bci wykonywanych w salonie, jak r\u00f3wnie\u017c do indywidualnych preferencji fryzjer\u00f3w i klient\u00f3w. To zapewnia elastyczno\u015b\u0107 i pozwala na stworzenie idealnych warunk\u00f3w pracy w r\u00f3\u017cnych sytuacjach.<\/li>\n<li>Na koniec, <strong>design lamp<\/strong> jest r\u00f3wnie wa\u017cny. Wybieraj\u0105c lampy, warto zwr\u00f3ci\u0107 uwag\u0119 na to, aby ich styl i wygl\u0105d pasowa\u0142y do wn\u0119trza salonu fryzjerskiego oraz podkre\u015bla\u0142y jego charakter. Dobrze dobrane lampy mog\u0105 sta\u0107 si\u0119 nie tylko funkcjonalnym elementem, ale tak\u017ce istotnym sk\u0142adnikiem dekoracyjnym, kt\u00f3ry wzbogaci wystr\u00f3j salonu.<\/li>\n<\/ol>\n<p><strong>Podsumowuj\u0105c, wybieraj\u0105c o\u015bwietlenie do salonu fryzjerskiego, nale\u017cy rozwa\u017cy\u0107 barw\u0119 \u015bwiat\u0142a, intensywno\u015b\u0107, mo\u017cliwo\u015b\u0107 regulacji jasno\u015bci oraz design lamp. <\/strong>Dopasowane lampy fryzjerskie, spe\u0142niaj\u0105ce te kryteria, b\u0119d\u0105 nie tylko funkcjonalne, ale tak\u017ce estetycznie uatrakcyjni\u0105 wn\u0119trze salonu, tworz\u0105c przyjemn\u0105 atmosfer\u0119 dla klient\u00f3w i optymalne warunki pracy dla fryzjer\u00f3w.<\/p>\n<h3 style=\"text-align: center;\"><iframe loading=\"lazy\" src=\"\/\/www.youtube.com\/embed\/G9MMdSjjIUg\" width=\"560\" height=\"314\" allowfullscreen=\"allowfullscreen\"><\/iframe><\/h3>\n<h3>\u017bar\u00f3wki Led &#8211; dlaczego warto je wybra\u0107 do salonu fryzjerskiego?<\/h3>\n<p>\u017bar\u00f3wki LED s\u0105 doskona\u0142ym wyborem do salonu fryzjerskiego ze wzgl\u0119du na szereg korzy\u015bci, jakie oferuj\u0105. Dlaczego warto je wybra\u0107 do salonu fryzjerskiego? <strong>Przede wszystkim, \u017car\u00f3wki LED charakteryzuj\u0105 si\u0119 znaczn\u0105 energooszcz\u0119dno\u015bci\u0105 w por\u00f3wnaniu do tradycyjnych \u017car\u00f3wek, co przek\u0142ada si\u0119 na ni\u017csze rachunki za pr\u0105d. Jest to istotne w salonach fryzjerskich, gdzie o\u015bwietlenie jest u\u017cywane przez wi\u0119kszo\u015b\u0107 dnia.\u00a0Kolejn\u0105 zalet\u0105 jest d\u0142uga \u017cywotno\u015b\u0107 tych \u017car\u00f3wek. Dzi\u0119ki temu, \u017car\u00f3wki LED nie wymagaj\u0105 cz\u0119stej wymiany, co jest korzystne zar\u00f3wno z punktu widzenia ekonomii, jak i wygody. Ponadto, bezpiecze\u0144stwo jest kolejnym wa\u017cnym aspektem. \u017bar\u00f3wki LED nie nagrzewaj\u0105 si\u0119 tak bardzo jak tradycyjne \u017car\u00f3wki, co minimalizuje ryzyko poparze\u0144 oraz uszkodze\u0144 sprz\u0119tu w salonie.\u00a0Aspekt ekologiczny r\u00f3wnie\u017c nie mo\u017ce zosta\u0107 pomini\u0119ty. \u017bar\u00f3wki LED s\u0105 przyjazne dla \u015brodowiska, poniewa\u017c nie zawieraj\u0105 szkodliwych substancji, takich jak rt\u0119\u0107. Dodatkowo, dost\u0119pno\u015b\u0107 \u017car\u00f3wek LED w r\u00f3\u017cnych barwach \u015bwiat\u0142a pozwala na dopasowanie o\u015bwietlenia do indywidualnych potrzeb salonu, co jest szczeg\u00f3lnie wa\u017cne w bran\u017cy fryzjerskiej, gdzie odpowiednie o\u015bwietlenie wp\u0142ywa na dok\u0142adno\u015b\u0107 wykonywanych zabieg\u00f3w.<\/strong>\u00a0Podsumowuj\u0105c, \u017car\u00f3wki LED to \u015bwietny wyb\u00f3r do salonu fryzjerskiego z wielu powod\u00f3w. Ich energooszcz\u0119dno\u015b\u0107, d\u0142uga \u017cywotno\u015b\u0107, bezpiecze\u0144stwo, ekologiczny charakter, a tak\u017ce mo\u017cliwo\u015b\u0107 wyboru odpowiedniej barwy \u015bwiat\u0142a czyni\u0105 je idealnym rozwi\u0105zaniem o\u015bwietleniowym. Odpowiednio dobrany wyb\u00f3r lamp i \u017car\u00f3wek LED do o\u015bwietlenia salonu fryzjerskiego pozwala na stworzenie funkcjonalnych, bezpiecznych i estetycznie atrakcyjnych warunk\u00f3w pracy, przyczyniaj\u0105c si\u0119 do zadowolenia zar\u00f3wno pracownik\u00f3w, jak i klient\u00f3w.<\/p>\n<div id=\"attachment_14675\" style=\"width: 1010px\" class=\"wp-caption aligncenter\"><img loading=\"lazy\" decoding=\"async\" aria-describedby=\"caption-attachment-14675\" class=\"size-full wp-image-14675\" src=\"https:\/\/www.smd-led.pl\/blog\/wp-content\/uploads\/2023\/11\/Nowoczesny-salon-fryzjerski-10.jpg\" alt=\"O\u015bwietlenie salonu fryzjerskiego\" width=\"1000\" height=\"667\" srcset=\"https:\/\/www.smd-led.pl\/blog\/wp-content\/uploads\/2023\/11\/Nowoczesny-salon-fryzjerski-10.jpg 1000w, https:\/\/www.smd-led.pl\/blog\/wp-content\/uploads\/2023\/11\/Nowoczesny-salon-fryzjerski-10-300x200.jpg 300w, https:\/\/www.smd-led.pl\/blog\/wp-content\/uploads\/2023\/11\/Nowoczesny-salon-fryzjerski-10-768x512.jpg 768w\" sizes=\"auto, (max-width: 1000px) 100vw, 1000px\" \/><p id=\"caption-attachment-14675\" class=\"wp-caption-text\">O\u015bwietlenie salonu fryzjerskiego<\/p><\/div>\n<p><span style=\"font-size: 1.6em;\">Parametry \u015bwiat\u0142a kluczowe dla salonu fryzjerskiego<\/span><\/p>\n<p>Parametry \u015bwiat\u0142a s\u0105 kluczowe dla salonu fryzjerskiego, poniewa\u017c to w\u0142a\u015bnie one decyduj\u0105 o jako\u015bci i komforcie pracy w takim miejscu. Profesjonalne o\u015bwietlenie salonu fryzjerskiego wymaga starannego doboru zar\u00f3wno lamp, jak i \u017car\u00f3wek, aby stworzy\u0107 optymalne warunki dla fryzjer\u00f3w i ich klient\u00f3w.<\/p>\n<ol>\n<li><strong>Wa\u017cne jest, aby \u015bwiat\u0142a o temperaturze barwowej by\u0142y odpowiednio dobrane.<\/strong> Temperatura ta wp\u0142ywa na percepcj\u0119 kolor\u00f3w i mo\u017ce wp\u0142yn\u0105\u0107 na ostateczny wynik us\u0142ugi fryzjerskiej. Zbyt ciep\u0142e \u015bwiat\u0142o mo\u017ce sprawi\u0107, \u017ce kolory b\u0119d\u0105 wydawa\u0142y si\u0119 ja\u015bniejsze, podczas gdy zbyt zimne mo\u017ce nada\u0107 im blasku, co nie zawsze jest po\u017c\u0105dane.<\/li>\n<li><strong>Barwa \u015bwiat\u0142a w salonie fryzjerskim powinna by\u0107 jak najbardziej zbli\u017cona do naturalnego \u015bwiat\u0142a dziennego<\/strong>, aby fryzjer m\u00f3g\u0142 dok\u0142adnie oceni\u0107 kolor w\u0142os\u00f3w klienta. Intensywno\u015b\u0107 \u015bwiat\u0142a r\u00f3wnie\u017c nie mo\u017ce by\u0107 przypadkowa \u2013 zbyt s\u0142abe o\u015bwietlenie utrudnia prac\u0119 i mo\u017ce prowadzi\u0107 do szybszego zm\u0119czenia wzroku, natomiast zbyt mocne mo\u017ce by\u0107 niewygodne dla klient\u00f3w i pracownik\u00f3w.<\/li>\n<li><strong>Regulacja jasno\u015bci to kolejny aspekt, kt\u00f3ry nale\u017cy uwzgl\u0119dni\u0107, wybieraj\u0105c o\u015bwietlenie.<\/strong> Pozwala ona na zmian\u0119 nat\u0119\u017cenia \u015bwiat\u0142a w zale\u017cno\u015bci od potrzeb \u2013 na przyk\u0142ad, podczas pracy z klientem czy sprz\u0105tania salonu po zamkni\u0119ciu. Indeks oddawania barw (CRI) to parametr, kt\u00f3ry powinien by\u0107 jak najwy\u017cszy, by zapewni\u0107 najwierniejsze odwzorowanie kolor\u00f3w.<\/li>\n<li><strong>Na koniec, ilo\u015b\u0107 lumen\u00f3w ma bezpo\u015bredni wp\u0142yw na to, jak jasne b\u0119dzie pomieszczenie.<\/strong> Warto wybra\u0107 o\u015bwietlenie, kt\u00f3re zapewni od 300 do 500 luks\u00f3w , co gwarantuje komfortow\u0105 prac\u0119 bez nadmiernego zm\u0119czenia wzroku.<\/li>\n<\/ol>\n<p>Podsumowuj\u0105c, wybieraj\u0105c o\u015bwietlenie do salonu fryzjerskiego, nale\u017cy zwr\u00f3ci\u0107 uwag\u0119 na parametry \u015bwiat\u0142a takie jak barwa, intensywno\u015b\u0107, mo\u017cliwo\u015b\u0107 regulacji jasno\u015bci oraz indeks oddawania barw. Tylko wtedy mo\u017cna zapewni\u0107 profesjonalne o\u015bwietlenie, kt\u00f3re zadowoli zar\u00f3wno pracownik\u00f3w, jak i klient\u00f3w salonu fryzjerskiego.<\/p>\n<div id=\"attachment_14676\" style=\"width: 1010px\" class=\"wp-caption aligncenter\"><img loading=\"lazy\" decoding=\"async\" aria-describedby=\"caption-attachment-14676\" class=\"size-full wp-image-14676\" src=\"https:\/\/www.smd-led.pl\/blog\/wp-content\/uploads\/2023\/11\/Natezenie-oswietlenia-w-salonie-fryzjerskim.jpg\" alt=\"O\u015bwietlenie salonu fryzjerskiego\" width=\"1000\" height=\"675\" srcset=\"https:\/\/www.smd-led.pl\/blog\/wp-content\/uploads\/2023\/11\/Natezenie-oswietlenia-w-salonie-fryzjerskim.jpg 1000w, https:\/\/www.smd-led.pl\/blog\/wp-content\/uploads\/2023\/11\/Natezenie-oswietlenia-w-salonie-fryzjerskim-300x203.jpg 300w, https:\/\/www.smd-led.pl\/blog\/wp-content\/uploads\/2023\/11\/Natezenie-oswietlenia-w-salonie-fryzjerskim-768x518.jpg 768w\" sizes=\"auto, (max-width: 1000px) 100vw, 1000px\" \/><p id=\"caption-attachment-14676\" class=\"wp-caption-text\">O\u015bwietlenie salonu fryzjerskiego<\/p><\/div>\n<h2>Barwa \u015bwiat\u0142a a kolor \u015bwiat\u0142a<\/h2>\n<p>Jaka barwa \u015bwiat\u0142a\u00a0 w salonie fryzjerskim powinna by\u0107 stosowana? To pytanie jest kluczowe, aby zapewni\u0107 nowoczesne o\u015bwietlenie do salonu fryzjerskiego. Barwa \u015bwiat\u0142a a kolor \u015bwiat\u0142a to dwa wa\u017cne parametry, kt\u00f3re maj\u0105 znacz\u0105cy wp\u0142yw nie tylko na atmosfer\u0119 salonu, ale tak\u017ce na precyzj\u0119 pracy wykonywanej przez fryzjer\u00f3w.<\/p>\n<p><strong>Barwa \u015bwiat\u0142a<\/strong> okre\u015bla, czy jest ono ciep\u0142e, neutralne, czy zimne i mierzona jest w stopniach Kelvina (K). W salonie fryzjerskim rekomendowana jest barwa neutralna, oscyluj\u0105ca wok\u00f3\u0142 4000K. Taka barwa \u015bwiat\u0142a jest zbli\u017cona do naturalnego \u015bwiat\u0142a dziennego i pozwala na wierniejsze odwzorowanie kolor\u00f3w w\u0142os\u00f3w i sk\u00f3ry klient\u00f3w. Jest to szczeg\u00f3lnie wa\u017cne przy wykonywaniu zabieg\u00f3w wymagaj\u0105cych precyzji, takich jak koloryzacja czy dob\u00f3r odpowiednich odcieni.<\/p>\n<p><strong>Kolor \u015bwiat\u0142a<\/strong> odnosi si\u0119 natomiast do widzialnego spektrum \u015bwiat\u0142a i jego r\u00f3\u017cnorodno\u015bci, w zale\u017cno\u015bci od \u017ar\u00f3d\u0142a \u015bwiat\u0142a. W przypadku salonu fryzjerskiego istotne jest, aby kolor \u015bwiat\u0142a by\u0142 jak najbardziej zbli\u017cony do \u015bwiat\u0142a dziennego. Pozwala to na precyzyjne odczytanie naturalnych kolor\u00f3w i jest kluczowe dla jako\u015bci \u015bwiadczonych us\u0142ug.<\/p>\n<p><strong>Barwa \u015bwiat\u0142a a kolor \u015bwiat\u0142a maj\u0105 bezpo\u015bredni wp\u0142yw na stworzenie odpowiedniej atmosfery w salonie. Neutralna barwa \u015bwiat\u0142a wp\u0142ywa na og\u00f3lne samopoczucie i komfort klient\u00f3w, a tak\u017ce na skuteczno\u015b\u0107 pracy fryzjer\u00f3w. Z kolei odpowiedni kolor \u015bwiat\u0142a zapewnia wierno\u015b\u0107 kolor\u00f3w, co jest niezb\u0119dne w precyzyjnych pracach fryzjerskich.<\/strong><\/p>\n<div class=\"call-to-action-02\"><div class=\"call-to-action-02__spots-map\"><img decoding=\"async\" src=\"https:\/\/www.smd-led.pl\/blog\/wp-content\/uploads\/2023\/01\/fryzier-wasto-black.jpg\" alt=\"\" class=\"call-to-action-02__spots-map-img\" \/><div class=\"call-to-action-02__spots\"><div class=\"call-to-action-02__spot1\"><div class=\"call-to-action-02__spot-icn\" style=\"top: 9.1553%; left: 93.7749%;     transform: translate(-50%, -50%);\"><div class=\"call-to-action-02__icon-box\"><img decoding=\"async\" src=\"https:\/\/moleo.pl\/wp-content\/themes\/moleotheme\/assets\/img\/plus-icon.svg\" class=\"call-to-action-02__icon\"><\/div><div class=\"call-to-action-02__spot-product-box\"><img decoding=\"async\" src=\"https:\/\/www.smd-led.pl\/blog\/wp-content\/uploads\/2023\/01\/LAMPA-SUFITOWA-K-8005-2-BK-Z-SERII-WATSO-BLACK-K-8005-2-BK-1.jpg\" alt=\"\"\/><span class=\"call-to-action-02__product-title\">LAMPA SUFITOWA K-8005-2 BK Z SERII WATSO BLACK K-8005-2 BK<\/span><a href=\"https:\/\/www.smd-led.pl\/lampa-sufitowa\" class=\"button\" id=\"salon_fryzier_2\" target=\"_self\">Zobacz produkt<\/a><\/div><\/div><\/div><div class=\"call-to-action-02__spot1\"><div class=\"call-to-action-02__spot-icn\" style=\"top: 19.7561%; left: 72.2735%;     transform: translate(-50%, -50%);\"><div class=\"call-to-action-02__icon-box\"><img decoding=\"async\" src=\"https:\/\/moleo.pl\/wp-content\/themes\/moleotheme\/assets\/img\/plus-icon.svg\" class=\"call-to-action-02__icon\"><\/div><div class=\"call-to-action-02__spot-product-box\"><img decoding=\"async\" src=\"https:\/\/www.smd-led.pl\/blog\/wp-content\/uploads\/2023\/01\/LAMPA-WISZACA-K-8005A-1-BK-Z-SERII-WATSO-BLACK-K-8005A-1-BK-1.jpg\" alt=\"\"\/><span class=\"call-to-action-02__product-title\">LAMPA WISZ\u0104CA K-8005A-1 BK Z SERII WATSO BLACK K-8005A-1 BK<\/span><a href=\"https:\/\/www.smd-led.pl\/lampa-wiszaca\" class=\"button\" id=\"salon_fryzier_2\" target=\"_self\">Zobacz produkt<\/a><\/div><\/div><\/div><div class=\"call-to-action-02__spot1\"><div class=\"call-to-action-02__spot-icn\" style=\"top: 13.0101%; left: 25.2957%;     transform: translate(-50%, -50%);\"><div class=\"call-to-action-02__icon-box\"><img decoding=\"async\" src=\"https:\/\/moleo.pl\/wp-content\/themes\/moleotheme\/assets\/img\/plus-icon.svg\" class=\"call-to-action-02__icon\"><\/div><div class=\"call-to-action-02__spot-product-box\"><img decoding=\"async\" src=\"https:\/\/www.smd-led.pl\/blog\/wp-content\/uploads\/2023\/01\/KINKIET-WEWNETRZNY-CZARNY-K-8005W-1-BK-Z-SERII-WATSO-E14-1.jpg\" alt=\"\"\/><span class=\"call-to-action-02__product-title\">KINKIET WEWN\u0118TRZNY CZARNY K-8005W-1 BK Z SERII WATSO E14<\/span><a href=\"https:\/\/www.smd-led.pl\/kinkiet-do-salonu\" class=\"button\" id=\"salon_fryzier_2\" target=\"_self\">Zobacz produkt<\/a><\/div><\/div><\/div><\/div><\/div><\/div>\n<h2>Wsp\u00f3\u0142czynnik oddawania barw CRI w lampach -a salon fryzjerski ile powinien wynosi\u0107?<\/h2>\n<p>Wsp\u00f3\u0142czynnik oddawania barw (CRI &#8211; Color Rendering Index) jest kluczowym elementem przy wyborze o\u015bwietlenia do salonu fryzjerskiego. Jego wysoka warto\u015b\u0107 jest niezb\u0119dna, aby fryzjerzy mogli precyzyjnie ocenia\u0107 kolory w\u0142os\u00f3w i sk\u00f3ry klient\u00f3w. <strong>W kontek\u015bcie salonu fryzjerskiego, zaleca si\u0119, aby CRI lamp wynosi\u0142 co najmniej 90.<\/strong>\u00a0Prawid\u0142owe o\u015bwietlenie salonu fryzjerskiego ma istotne znaczenie zar\u00f3wno dla komfortu pracy fryzjer\u00f3w, jak i dla zadowolenia klient\u00f3w. Lampy z wysokim wsp\u00f3\u0142czynnikiem CRI zapewniaj\u0105, \u017ce kolory s\u0105 widziane w spos\u00f3b najbardziej zbli\u017cony do naturalnego \u015bwiat\u0142a dziennego. Dzi\u0119ki temu fryzjerzy mog\u0105 dok\u0142adniej dobra\u0107 odcienie farb do w\u0142os\u00f3w oraz precyzyjniej pracowa\u0107 nad kolorem i struktur\u0105 fryzury.\u00a0<strong>Warto\u015bci CRI powy\u017cej 90 zapewniaj\u0105, \u017ce kolory b\u0119d\u0105 oddane w spos\u00f3b bardzo wierny, co jest szczeg\u00f3lnie wa\u017cne w bran\u017cy fryzjerskiej, gdzie subtelne r\u00f3\u017cnice w odcieniach mog\u0105 mie\u0107 znacz\u0105cy wp\u0142yw na ko\u0144cowy efekt.<\/strong> Dlatego w\u0142a\u015bnie w salonach fryzjerskich nale\u017cy stosowa\u0107 lampy o wysokim CRI, aby zapewni\u0107 najlepsze warunki pracy i zadowolenie klient\u00f3w.<\/p>\n<div id=\"attachment_14680\" style=\"width: 1210px\" class=\"wp-caption aligncenter\"><img loading=\"lazy\" decoding=\"async\" aria-describedby=\"caption-attachment-14680\" class=\"size-full wp-image-14680\" src=\"https:\/\/www.smd-led.pl\/blog\/wp-content\/uploads\/2023\/11\/17.png\" alt=\"O\u015bwietlenie salonu fryzjerskiego\" width=\"1200\" height=\"600\" srcset=\"https:\/\/www.smd-led.pl\/blog\/wp-content\/uploads\/2023\/11\/17.png 1200w, https:\/\/www.smd-led.pl\/blog\/wp-content\/uploads\/2023\/11\/17-300x150.png 300w, https:\/\/www.smd-led.pl\/blog\/wp-content\/uploads\/2023\/11\/17-1024x512.png 1024w, https:\/\/www.smd-led.pl\/blog\/wp-content\/uploads\/2023\/11\/17-768x384.png 768w\" sizes=\"auto, (max-width: 1200px) 100vw, 1200px\" \/><p id=\"caption-attachment-14680\" class=\"wp-caption-text\">O\u015bwietlenie salonu fryzjerskiego<\/p><\/div>\n<h3>Jako\u015b\u0107 \u015bwiat\u0142a &#8211; jakie nat\u0119\u017cenie i barw\u0119 \u015bwiat\u0142a wybra\u0107?<\/h3>\n<p>W salonie fryzjerskim, jako\u015b\u0107 \u015bwiat\u0142a odgrywa zasadnicz\u0105 rol\u0119, zar\u00f3wno dla komfortu pracy fryzjer\u00f3w, jak i dla zadowolenia klient\u00f3w. Aby zapewni\u0107 optymaln\u0105 jako\u015b\u0107 o\u015bwietlenia, kluczowe jest zwr\u00f3cenie uwagi na nat\u0119\u017cenie oraz barw\u0119 \u015bwiat\u0142a. Odpowiednie parametry o\u015bwietlenia s\u0105 niezb\u0119dne do precyzyjnej pracy oraz oceny kolor\u00f3w, co jest niezb\u0119dne w bran\u017cy fryzjerskiej. Jakie nat\u0119\u017cenie i barw\u0119 \u015bwiat\u0142a wybra\u0107, aby zapewni\u0107 najlepsze warunki w salonie fryzjerskim?<\/p>\n<ul>\n<li>\u00a0Przede wszystkim, <strong>nat\u0119\u017cenie \u015bwiat\u0142a<\/strong> powinno by\u0107 dostosowane tak, aby zapewni\u0107 optymalne warunki pracy. <strong>Optymalne nat\u0119\u017cenie o\u015bwietlenia w salonie fryzjerskim powinno wynosi\u0107 oko\u0142o 300 luks\u00f3w.<\/strong> Jest to poziom, kt\u00f3ry zapewnia wystarczaj\u0105c\u0105 jasno\u015b\u0107 do precyzyjnego wykonywania zabieg\u00f3w fryzjerskich, jednocze\u015bnie nie m\u0119cz\u0105c wzroku pracownik\u00f3w. Nat\u0119\u017cenie to jest wystarczaj\u0105ce do dok\u0142adnego oceniania kolor\u00f3w i odcieni, co jest kluczowe przy farbowaniu czy strzy\u017ceniu w\u0142os\u00f3w.<\/li>\n<li>Je\u015bli chodzi o <strong>barw\u0119 \u015bwiat\u0142a<\/strong>, zalecana jest barwa neutralna, kt\u00f3ra najwierniej oddaje naturalne kolory.<strong> \u015awiat\u0142o o barwie oko\u0142o 4000K (kelwin\u00f3w) jest idealne, poniewa\u017c nie wprowadza zniekszta\u0142ce\u0144 kolorystycznych.<\/strong> Takie o\u015bwietlenie pozwala na realistyczne i precyzyjne ocenianie kolor\u00f3w w\u0142os\u00f3w oraz sk\u00f3ry klient\u00f3w. Barwa neutralna jest szczeg\u00f3lnie wa\u017cna przy dobieraniu odcieni farb do w\u0142os\u00f3w, gdy\u017c zapewnia wiern\u0105 interpretacj\u0119 kolor\u00f3w w r\u00f3\u017cnych warunkach o\u015bwietleniowych.<\/li>\n<\/ul>\n<p>Podsumowuj\u0105c, w salonie fryzjerskim nale\u017cy zadba\u0107 o to, aby o\u015bwietlenie by\u0142o odpowiednio dobrane pod wzgl\u0119dem nat\u0119\u017cenia i barwy. Optymalne nat\u0119\u017cenie \u015bwiat\u0142a wynosz\u0105ce oko\u0142o 300-500 luks\u00f3w oraz neutralna barwa \u015bwiat\u0142a (oko\u0142o 4000K) s\u0105 kluczowe dla zapewnienia komfortu pracy i precyzji w ocenie kolor\u00f3w. Taki dob\u00f3r o\u015bwietlenia salonu fryzjerskiego przyczynia si\u0119 do lepszej jako\u015bci \u015bwiadczonych us\u0142ug oraz zwi\u0119kszenia satysfakcji klient\u00f3w.<\/p>\n<div id=\"attachment_14681\" style=\"width: 1210px\" class=\"wp-caption aligncenter\"><img loading=\"lazy\" decoding=\"async\" aria-describedby=\"caption-attachment-14681\" class=\"size-full wp-image-14681\" src=\"https:\/\/www.smd-led.pl\/blog\/wp-content\/uploads\/2023\/11\/18.png\" alt=\"O\u015bwietlenie salonu fryzjerskiego\" width=\"1200\" height=\"600\" srcset=\"https:\/\/www.smd-led.pl\/blog\/wp-content\/uploads\/2023\/11\/18.png 1200w, https:\/\/www.smd-led.pl\/blog\/wp-content\/uploads\/2023\/11\/18-300x150.png 300w, https:\/\/www.smd-led.pl\/blog\/wp-content\/uploads\/2023\/11\/18-1024x512.png 1024w, https:\/\/www.smd-led.pl\/blog\/wp-content\/uploads\/2023\/11\/18-768x384.png 768w\" sizes=\"auto, (max-width: 1200px) 100vw, 1200px\" \/><p id=\"caption-attachment-14681\" class=\"wp-caption-text\">O\u015bwietlenie salonu fryzjerskiego<\/p><\/div>\n<h3>Nat\u0119\u017cenie o\u015bwietlenia a ilo\u015b\u0107 lumen\u00f3w<\/h3>\n<p>Nat\u0119\u017cenie o\u015bwietlenia w salonie fryzjerskim, podobnie jak w ka\u017cdym miejscu pracy, jest kluczowe dla efektywno\u015bci i wygody pracy. Jest ono bezpo\u015brednio powi\u0105zane z ilo\u015bci\u0105 lumen\u00f3w, czyli jednostk\u0105 miary strumienia \u015bwietlnego emitowanego przez \u017ar\u00f3d\u0142o \u015bwiat\u0142a. <strong>Aby osi\u0105gn\u0105\u0107 odpowiednie nat\u0119\u017cenie o\u015bwietlenia, w przypadku salonu fryzjerskiego zaleca si\u0119 poziom od 300 do 500 luks\u00f3w, nale\u017cy dobra\u0107 \u017ar\u00f3d\u0142a \u015bwiat\u0142a emituj\u0105ce odpowiedni\u0105 ilo\u015b\u0107 lumen\u00f3w. Warto\u015b\u0107 ta zale\u017cy od rozmiar\u00f3w pomieszczenia oraz liczby i rodzaju \u017ar\u00f3de\u0142 \u015bwiat\u0142a.<\/strong>\u00a0W szczeg\u00f3lno\u015bci, o\u015bwietlenie LED do salonu fryzjerskiego jest dobrym wyborem, ze wzgl\u0119du na ich efektywno\u015b\u0107 energetyczn\u0105 oraz mo\u017cliwo\u015b\u0107 precyzyjnego doboru ilo\u015bci lumen\u00f3w. O\u015bwietlenie LED umo\u017cliwia osi\u0105gni\u0119cie wymaganego nat\u0119\u017cenia o\u015bwietlenia przy jednoczesnym zachowaniu neutralnej barwy \u015bwiat\u0142a, co jest istotne dla prawid\u0142owej oceny kolor\u00f3w. Nat\u0119\u017cenie o\u015bwietlenia i ilo\u015b\u0107 lumen\u00f3w to parametry, kt\u00f3re nale\u017cy starannie dobra\u0107, aby zapewni\u0107 optymalne warunki pracy w salonie fryzjerskim.<\/p>\n<div id=\"attachment_14683\" style=\"width: 1210px\" class=\"wp-caption aligncenter\"><img loading=\"lazy\" decoding=\"async\" aria-describedby=\"caption-attachment-14683\" class=\"size-full wp-image-14683\" src=\"https:\/\/www.smd-led.pl\/blog\/wp-content\/uploads\/2023\/11\/16.png\" alt=\"O\u015bwietlenie salonu fryzjerskiego\" width=\"1200\" height=\"600\" srcset=\"https:\/\/www.smd-led.pl\/blog\/wp-content\/uploads\/2023\/11\/16.png 1200w, https:\/\/www.smd-led.pl\/blog\/wp-content\/uploads\/2023\/11\/16-300x150.png 300w, https:\/\/www.smd-led.pl\/blog\/wp-content\/uploads\/2023\/11\/16-1024x512.png 1024w, https:\/\/www.smd-led.pl\/blog\/wp-content\/uploads\/2023\/11\/16-768x384.png 768w\" sizes=\"auto, (max-width: 1200px) 100vw, 1200px\" \/><p id=\"caption-attachment-14683\" class=\"wp-caption-text\">O\u015bwietlenie salonu fryzjerskiego<\/p><\/div>\n<h3>\u015awiat\u0142o ciep\u0142e a ciep\u0142a barwa \u015bwiat\u0142a<\/h3>\n<div class=\"react-scroll-to-bottom--css-harph-1n7m0yu\">\n<div class=\"flex flex-col text-sm gizmo:pb-9 dark:bg-gray-800 gizmo:dark:bg-transparent\">\n<div class=\"w-full text-token-text-primary border-b border-black\/10 gizmo:border-0 dark:border-gray-900\/50 gizmo:dark:border-0 bg-gray-50 gizmo:bg-transparent dark:bg-[#444654] gizmo:dark:bg-transparent sm:AIPRM__conversation__response\" data-testid=\"conversation-turn-11\">\n<div class=\"p-4 gizmo:py-2 justify-center text-base md:gap-6 md:py-6 m-auto\">\n<div class=\"flex flex-1 gap-4 text-base mx-auto md:gap-6 gizmo:gap-3 gizmo:md:px-5 gizmo:lg:px-1 gizmo:xl:px-5 md:max-w-2xl lg:max-w-[38rem] gizmo:md:max-w-3xl gizmo:lg:max-w-[40rem] gizmo:xl:max-w-[48rem] xl:max-w-3xl } group final-completion\">\n<div class=\"relative flex w-[calc(100%-50px)] flex-col gizmo:w-full lg:w-[calc(100%-115px)] agent-turn\">\n<div class=\"flex-col gap-1 md:gap-3\">\n<div class=\"flex flex-grow flex-col max-w-full gap-3 gizmo:gap-0\">\n<div class=\"min-h-[20px] text-message flex flex-col items-start gap-3 whitespace-pre-wrap break-words [.text-message+&amp;]:mt-5 overflow-x-auto\" data-message-author-role=\"assistant\" data-message-id=\"2eaf500c-ddc7-40ec-8874-221a358b0f24\">\n<div class=\"markdown prose w-full break-words dark:prose-invert light AIPRM__conversation__response\">\n<p>W salonie fryzjerskim, dob\u00f3r odpowiedniego o\u015bwietlenia ma kluczowe znaczenie nie tylko dla pracy, ale i dla atmosfery panuj\u0105cej w pomieszczeniu. Rozr\u00f3\u017cnienie mi\u0119dzy \u015bwiat\u0142em ciep\u0142ym a ciep\u0142\u0105 barw\u0105 \u015bwiat\u0142a jest istotne przy projektowaniu o\u015bwietlenia. <strong>\u015awiat\u0142o ciep\u0142e, o ni\u017cszej temperaturze barwowej (poni\u017cej 3300K), charakteryzuje si\u0119 ciep\u0142ymi, \u017c\u00f3\u0142tymi barwami, kt\u00f3re tworz\u0105 przytuln\u0105 i relaksuj\u0105c\u0105 atmosfer\u0119. Jest to idealne rozwi\u0105zanie do stref relaksu lub poczekalni w salonie fryzjerskim, gdzie stworzenie spokojnego, odpr\u0119\u017caj\u0105cego klimatu jest po\u017c\u0105dane.\u00a0Natomiast, gdy m\u00f3wimy o ciep\u0142ej barwie \u015bwiat\u0142a, odnosimy si\u0119 do w\u0142a\u015bciwo\u015bci \u015bwiat\u0142a, kt\u00f3re sprawiaj\u0105, \u017ce jest ono przyjemne dla oka, niezale\u017cnie od jego temperatury barwowej. W przestrzeni roboczej salonu fryzjerskiego zaleca si\u0119 stosowanie o\u015bwietlenia o barwie neutralnej, czyli oko\u0142o 4000K<\/strong>. Taka barwa \u015bwiat\u0142a pozwala na wierniejsze i naturalniejsze oddanie kolor\u00f3w w\u0142os\u00f3w i sk\u00f3ry klient\u00f3w, co jest niezb\u0119dne do precyzyjnej pracy fryzjerskiej.\u00a0Podsumowuj\u0105c, w salonie fryzjerskim powinno si\u0119 stosowa\u0107 r\u00f3\u017cne rodzaje o\u015bwietlenia w zale\u017cno\u015bci od przeznaczenia poszczeg\u00f3lnych stref. \u015awiat\u0142o ciep\u0142e jest idealne do stref relaksu i poczekalni, tworz\u0105c przytuln\u0105 atmosfer\u0119, natomiast o\u015bwietlenie o barwie neutralnej jest niezb\u0119dne w strefach pracy, gdzie dok\u0142adna ocena kolor\u00f3w jest kluczowa. Dobre o\u015bwietlenie do salonu fryzjerskiego powinno wi\u0119c uwzgl\u0119dnia\u0107 zar\u00f3wno aspekty praktyczne, jak i estetyczne.<\/p>\n<div id=\"attachment_14682\" style=\"width: 1210px\" class=\"wp-caption aligncenter\"><img loading=\"lazy\" decoding=\"async\" aria-describedby=\"caption-attachment-14682\" class=\"size-full wp-image-14682\" src=\"https:\/\/www.smd-led.pl\/blog\/wp-content\/uploads\/2023\/11\/19.png\" alt=\"O\u015bwietlenie salonu fryzjerskiego\" width=\"1200\" height=\"600\" srcset=\"https:\/\/www.smd-led.pl\/blog\/wp-content\/uploads\/2023\/11\/19.png 1200w, https:\/\/www.smd-led.pl\/blog\/wp-content\/uploads\/2023\/11\/19-300x150.png 300w, https:\/\/www.smd-led.pl\/blog\/wp-content\/uploads\/2023\/11\/19-1024x512.png 1024w, https:\/\/www.smd-led.pl\/blog\/wp-content\/uploads\/2023\/11\/19-768x384.png 768w\" sizes=\"auto, (max-width: 1200px) 100vw, 1200px\" \/><p id=\"caption-attachment-14682\" class=\"wp-caption-text\">O\u015bwietlenie salonu fryzjerskiego<\/p><\/div>\n<\/div>\n<\/div>\n<\/div>\n<\/div>\n<\/div>\n<\/div>\n<\/div>\n<\/div>\n<\/div>\n<\/div>\n<h3>\u015awiat\u0142o zimne a strumie\u0144 \u015bwietlny<\/h3>\n<p>Dob\u00f3r w\u0142a\u015bciwego o\u015bwietlenia do salonu fryzjerskiego wymaga uwzgl\u0119dnienia r\u00f3\u017cnych aspekt\u00f3w, takich jak temperatura barwowa \u015bwiat\u0142a oraz jego strumie\u0144 \u015bwietlny. <strong>\u015awiat\u0142o zimne, charakteryzuj\u0105ce si\u0119 wy\u017csz\u0105 temperatur\u0105 barwow\u0105 (powy\u017cej 5000K) i emituj\u0105ce zimne, niebieskie barwy, jest idealne do zastosowania w specyficznych strefach salonu. Przyk\u0142adowo, w strefach mycia g\u0142owy lub w pomieszczeniach technicznych, gdzie potrzebne jest silne i wyra\u017ane o\u015bwietlenie, \u015bwiat\u0142o zimne b\u0119dzie najbardziej odpowiednie. Jego zimna barwa \u015bwiat\u0142a sprzyja koncentracji i jest pomocna w pracach wymagaj\u0105cych precyzji.\u00a0Z kolei, dla obszar\u00f3w, gdzie fryzjerzy wykonuj\u0105 zabiegi koloryzacji i strzy\u017cenia, zaleca si\u0119 stosowanie o\u015bwietlenia o barwie neutralnej, czyli oko\u0142o 4000K. Taka temperatura barwowa \u015bwiat\u0142a pozwala na naturalne i wiernie oddane kolory w\u0142os\u00f3w i sk\u00f3ry klient\u00f3w. Jest to kluczowe dla dok\u0142adnej oceny i pracy z kolorem, co ma bezpo\u015bredni wp\u0142yw na jako\u015b\u0107 us\u0142ug fryzjerskich.\u00a0<\/strong>Strumie\u0144 \u015bwietlny, mierzony w lumenach, odgrywa r\u00f3wnie\u017c wa\u017cn\u0105 rol\u0119 w dobieraniu o\u015bwietlenia do salonu fryzjerskiego. Warto\u015b\u0107 ta powinna by\u0107 dostosowana do rozmiaru i charakteru pomieszczenia, zapewniaj\u0105c odpowiedni\u0105 ilo\u015b\u0107 \u015bwiat\u0142a niezb\u0119dn\u0105 do wykonywania precyzyjnych prac fryzjerskich.\u00a0Podsumowuj\u0105c, przy wyborze o\u015bwietlenia do salonu fryzjerskiego, jakie o\u015bwietlenie do salonu fryzjerskiego nale\u017cy wybra\u0107, nale\u017cy rozwa\u017cy\u0107 zar\u00f3wno temperatur\u0119 barwow\u0105, jak i strumie\u0144 \u015bwietlny. O\u015bwietlenie o barwie neutralnej jest preferowane w strefach pracy z klientem, podczas gdy \u015bwiat\u0142o zimne mo\u017ce by\u0107 u\u017cywane w strefach mycia g\u0142owy i pomieszczeniach technicznych.<\/p>\n<div id=\"attachment_14684\" style=\"width: 1210px\" class=\"wp-caption aligncenter\"><img loading=\"lazy\" decoding=\"async\" aria-describedby=\"caption-attachment-14684\" class=\"size-full wp-image-14684\" src=\"https:\/\/www.smd-led.pl\/blog\/wp-content\/uploads\/2023\/11\/15.png\" alt=\"O\u015bwietlenie salonu fryzjerskiego\" width=\"1200\" height=\"600\" srcset=\"https:\/\/www.smd-led.pl\/blog\/wp-content\/uploads\/2023\/11\/15.png 1200w, https:\/\/www.smd-led.pl\/blog\/wp-content\/uploads\/2023\/11\/15-300x150.png 300w, https:\/\/www.smd-led.pl\/blog\/wp-content\/uploads\/2023\/11\/15-1024x512.png 1024w, https:\/\/www.smd-led.pl\/blog\/wp-content\/uploads\/2023\/11\/15-768x384.png 768w\" sizes=\"auto, (max-width: 1200px) 100vw, 1200px\" \/><p id=\"caption-attachment-14684\" class=\"wp-caption-text\">O\u015bwietlenie salonu fryzjerskiego<\/p><\/div>\n<h3>Ilo\u015b\u0107 lumen\u00f3w, indeks oddawania barw i strumie\u0144 \u015bwietlny &#8211; jakie maj\u0105 znaczenie?<\/h3>\n<div class=\"react-scroll-to-bottom--css-harph-1n7m0yu\">\n<div class=\"flex flex-col text-sm gizmo:pb-9 dark:bg-gray-800 gizmo:dark:bg-transparent\">\n<div class=\"w-full text-token-text-primary border-b border-black\/10 gizmo:border-0 dark:border-gray-900\/50 gizmo:dark:border-0 bg-gray-50 gizmo:bg-transparent dark:bg-[#444654] gizmo:dark:bg-transparent sm:AIPRM__conversation__response\" data-testid=\"conversation-turn-15\">\n<div class=\"p-4 gizmo:py-2 justify-center text-base md:gap-6 md:py-6 m-auto\">\n<div class=\"flex flex-1 gap-4 text-base mx-auto md:gap-6 gizmo:gap-3 gizmo:md:px-5 gizmo:lg:px-1 gizmo:xl:px-5 md:max-w-2xl lg:max-w-[38rem] gizmo:md:max-w-3xl gizmo:lg:max-w-[40rem] gizmo:xl:max-w-[48rem] xl:max-w-3xl } group final-completion\">\n<div class=\"relative flex w-[calc(100%-50px)] flex-col gizmo:w-full lg:w-[calc(100%-115px)] agent-turn\">\n<div class=\"flex-col gap-1 md:gap-3\">\n<div class=\"flex flex-grow flex-col max-w-full gap-3 gizmo:gap-0\">\n<div class=\"min-h-[20px] text-message flex flex-col items-start gap-3 whitespace-pre-wrap break-words [.text-message+&amp;]:mt-5 overflow-x-auto\" data-message-author-role=\"assistant\" data-message-id=\"e7809e5f-5a29-4a48-9f94-df72a1c9914e\">\n<div class=\"markdown prose w-full break-words dark:prose-invert light AIPRM__conversation__response\">\n<p>W kontek\u015bcie aran\u017cacji o\u015bwietlenia do salonu fryzjerskiego, ilo\u015b\u0107 lumen\u00f3w, indeks oddawania barw oraz strumie\u0144 \u015bwietlny odgrywaj\u0105 niezwykle istotne role. Te parametry o\u015bwietleniowe s\u0105 kluczowe dla zapewnienia jako\u015bci pracy fryzjer\u00f3w oraz satysfakcji klient\u00f3w.<\/p>\n<ul>\n<li><strong>Ilo\u015b\u0107 lumen\u00f3w<\/strong>, czyli mierzona w lumenach ilo\u015b\u0107 \u015bwiat\u0142a emitowanego przez \u017ar\u00f3d\u0142o \u015bwiat\u0142a, bezpo\u015brednio wp\u0142ywa na jasno\u015b\u0107 o\u015bwietlenia w salonie. Dostateczna ilo\u015b\u0107 lumen\u00f3w jest niezb\u0119dna, aby fryzjerzy mogli dok\u0142adnie oceni\u0107 kolor w\u0142os\u00f3w i sk\u00f3ry klient\u00f3w, co jest kluczowe przy wykonywaniu precyzyjnych prac, takich jak koloryzacja czy strzy\u017cenie.<\/li>\n<li><strong>Indeks oddawania barw (CRI)<\/strong> to parametr okre\u015blaj\u0105cy, jak wiernie \u015bwiat\u0142o \u017ar\u00f3d\u0142a oddaje naturalne kolory. W salonie fryzjerskim, wysoki indeks oddawania barw jest niezb\u0119dny, aby kolory w\u0142os\u00f3w i sk\u00f3ry by\u0142y widziane jak najbardziej naturalnie, co jest wa\u017cne dla dok\u0142adnej oceny i doboru odpowiednich produkt\u00f3w oraz technik fryzjerskich.<\/li>\n<li><strong>Strumie\u0144 \u015bwietlny<\/strong>, czyli ilo\u015b\u0107 \u015bwiat\u0142a rozchodz\u0105cego si\u0119 z danego \u017ar\u00f3d\u0142a, ma r\u00f3wnie\u017c du\u017ce znaczenie. W salonie fryzjerskim zaleca si\u0119 stosowanie o\u015bwietlenia o barwie neutralnej (oko\u0142o 4000K) oraz o nat\u0119\u017ceniu w zakresie 350-500 luks\u00f3w. Takie parametry \u015bwiat\u0142a zapewniaj\u0105 optymalne warunki do pracy, umo\u017cliwiaj\u0105c fryzjerom precyzyjn\u0105 prac\u0119 i komfort, a tak\u017ce zwi\u0119kszaj\u0105 zadowolenie klient\u00f3w.<\/li>\n<\/ul>\n<p><strong>Podsumowuj\u0105c, przy projektowaniu o\u015bwietlenia do salonu fryzjerskiego, warto zwr\u00f3ci\u0107 uwag\u0119 na ilo\u015b\u0107 lumen\u00f3w, indeks oddawania barw i strumie\u0144 \u015bwietlny, aby zapewni\u0107 optymalne warunki pracy dla fryzjer\u00f3w oraz zadowolenie klient\u00f3w.<\/strong> Te parametry s\u0105 kluczowe w stworzeniu odpowiedniego \u015brodowiska pracy, kt\u00f3re wp\u0142ywa zar\u00f3wno na jako\u015b\u0107 wykonanych us\u0142ug, jak i na og\u00f3lne wra\u017cenie i do\u015bwiadczenie klient\u00f3w w salonie.<\/p>\n<\/div>\n<\/div>\n<\/div>\n<\/div>\n<\/div>\n<\/div>\n<\/div>\n<\/div>\n<\/div>\n<\/div>\n<div id=\"AIPRM__sidebar-icon\" class=\"AIPRM__p-2 AIPRM__top-12 md:AIPRM__top-2 AIPRM__p-2 AIPRM__items-center AIPRM__transition-colors AIPRM__duration-200 AIPRM__cursor-pointer AIPRM__text-sm AIPRM__rounded-md AIPRM__border AIPRM__bg-white dark:AIPRM__bg-gray-800 AIPRM__border-black\/10 dark:AIPRM__border-white\/20 hover:AIPRM__bg-gray-50 dark:hover:AIPRM__bg-gray-700 AIPRM__cursor-pointer AIPRM__fixed AIPRM__right-4 AIPRM__z-30\" title=\"Open AIPRM sidebar\">\n<div id=\"attachment_14685\" style=\"width: 1210px\" class=\"wp-caption aligncenter\"><img loading=\"lazy\" decoding=\"async\" aria-describedby=\"caption-attachment-14685\" class=\"size-full wp-image-14685\" src=\"https:\/\/www.smd-led.pl\/blog\/wp-content\/uploads\/2023\/11\/14.png\" alt=\"O\u015bwietlenie salonu fryzjerskiego\" width=\"1200\" height=\"600\" srcset=\"https:\/\/www.smd-led.pl\/blog\/wp-content\/uploads\/2023\/11\/14.png 1200w, https:\/\/www.smd-led.pl\/blog\/wp-content\/uploads\/2023\/11\/14-300x150.png 300w, https:\/\/www.smd-led.pl\/blog\/wp-content\/uploads\/2023\/11\/14-1024x512.png 1024w, https:\/\/www.smd-led.pl\/blog\/wp-content\/uploads\/2023\/11\/14-768x384.png 768w\" sizes=\"auto, (max-width: 1200px) 100vw, 1200px\" \/><p id=\"caption-attachment-14685\" class=\"wp-caption-text\">O\u015bwietlenie salonu fryzjerskiego<\/p><\/div>\n<\/div>\n<h2>Nowoczesne rozwi\u0105zania w o\u015bwietleniu salonu fryzjerskiego<\/h2>\n<p>Wraz z rozwojem technologii, nowoczesne o\u015bwietlenie fryzjerskie staje si\u0119 coraz bardziej zaawansowane, oferuj\u0105c innowacyjne rozwi\u0105zania, kt\u00f3re zwi\u0119kszaj\u0105 komfort pracy fryzjer\u00f3w oraz zadowolenie klient\u00f3w. W\u015br\u00f3d tych nowoczesnych rozwi\u0105za\u0144 warto zwr\u00f3ci\u0107 uwag\u0119 na inteligentne lampy oraz o\u015bwietlenie ledowe. <strong>Te profesjonalne o\u015bwietlenia do salonu fryzjerskiego wpisuj\u0105 si\u0119 w trend nowoczesnego wyposa\u017cenia salon\u00f3w, \u0142\u0105cz\u0105c funkcjonalno\u015b\u0107 z estetyk\u0105.\u00a0Inteligentne lampy w salonie fryzjerskim umo\u017cliwiaj\u0105 nie tylko regulacj\u0119 nat\u0119\u017cenia \u015bwiat\u0142a i jego temperatury barwowej, ale tak\u017ce mog\u0105 dostosowywa\u0107 si\u0119 do pory dnia czy specyficznych potrzeb danego zabiegu. Takie elastyczne rozwi\u0105zanie pozwala na stworzenie idealnych warunk\u00f3w o\u015bwietleniowych dla ka\u017cdej us\u0142ugi, od strzy\u017cenia po farbowanie w\u0142os\u00f3w.\u00a0O\u015bwietlenie LED, z kolei, wyr\u00f3\u017cnia si\u0119 swoj\u0105 energooszcz\u0119dno\u015bci\u0105 i d\u0142ug\u0105 \u017cywotno\u015bci\u0105. To nie tylko ekonomiczne, ale tak\u017ce ekologiczne rozwi\u0105zanie, kt\u00f3re zapewnia jasne i czyste \u015bwiat\u0142o, idealne do precyzyjnych prac fryzjerskich.<\/strong> Dodatkowo, nowoczesne o\u015bwietlenie LED mo\u017ce by\u0107 stylowo zaprojektowane, co dodaje salonowi nowoczesnego i profesjonalnego wygl\u0105du.\u00a0Nowoczesne rozwi\u0105zania w o\u015bwietleniu salonu fryzjerskiego, jak inteligentne lampy i o\u015bwietlenie LED, s\u0105 wi\u0119c nie tylko praktyczne, ale i wp\u0142ywaj\u0105 na estetyk\u0119 oraz wizerunek salonu. Stanowi\u0105 one istotny element wyposa\u017cenia salonu, kt\u00f3ry przyci\u0105ga uwag\u0119 klient\u00f3w i podnosi standard \u015bwiadczonych us\u0142ug. Dlatego przy projektowaniu o\u015bwietlenia w salonie fryzjerskim warto zainwestowa\u0107 w te nowoczesne i profesjonalne rozwi\u0105zania, aby zapewni\u0107 najlepsze warunki pracy i zadowolenie klient\u00f3w.<\/p>\n<div id=\"attachment_14686\" style=\"width: 1210px\" class=\"wp-caption aligncenter\"><img loading=\"lazy\" decoding=\"async\" aria-describedby=\"caption-attachment-14686\" class=\"size-full wp-image-14686\" src=\"https:\/\/www.smd-led.pl\/blog\/wp-content\/uploads\/2023\/11\/Jaka-barwa-swiatla-do-salonu-.png\" alt=\"O\u015bwietlenie salonu fryzjerskiego\" width=\"1200\" height=\"600\" srcset=\"https:\/\/www.smd-led.pl\/blog\/wp-content\/uploads\/2023\/11\/Jaka-barwa-swiatla-do-salonu-.png 1200w, https:\/\/www.smd-led.pl\/blog\/wp-content\/uploads\/2023\/11\/Jaka-barwa-swiatla-do-salonu--300x150.png 300w, https:\/\/www.smd-led.pl\/blog\/wp-content\/uploads\/2023\/11\/Jaka-barwa-swiatla-do-salonu--1024x512.png 1024w, https:\/\/www.smd-led.pl\/blog\/wp-content\/uploads\/2023\/11\/Jaka-barwa-swiatla-do-salonu--768x384.png 768w\" sizes=\"auto, (max-width: 1200px) 100vw, 1200px\" \/><p id=\"caption-attachment-14686\" class=\"wp-caption-text\">O\u015bwietlenie salonu fryzjerskiego<\/p><\/div>\n<h3>Inteligentne lampy i o\u015bwietlenie ledowe &#8211; przysz\u0142o\u015b\u0107 salon\u00f3w fryzjerskich<\/h3>\n<p><strong>Inteligentne lampy<\/strong> to nowoczesne \u017ar\u00f3d\u0142a \u015bwiat\u0142a, kt\u00f3re mo\u017cna sterowa\u0107 za pomoc\u0105 smartfon\u00f3w, tablet\u00f3w czy specjalnych pilot\u00f3w. Dzi\u0119ki temu, fryzjerzy maj\u0105 mo\u017cliwo\u015b\u0107 dostosowania nat\u0119\u017cenia, barwy oraz kierunku \u015bwiat\u0142a w zale\u017cno\u015bci od potrzeb. Inteligentne lampy mog\u0105 r\u00f3wnie\u017c wsp\u00f3\u0142pracowa\u0107 z systemami automatyki budynkowej, co pozwala na oszcz\u0119dno\u015b\u0107 energii oraz zwi\u0119kszenie komfortu pracy.<\/p>\n<p><strong>O\u015bwietlenie ledowe<\/strong> to kolejne rozwi\u0105zanie, kt\u00f3re zyskuje na popularno\u015bci w salonach fryzjerskich. Charakteryzuje si\u0119 ono wysok\u0105 efektywno\u015bci\u0105 energetyczn\u0105, d\u0142ug\u0105 \u017cywotno\u015bci\u0105 oraz doskona\u0142ym oddawaniem barw. O\u015bwietlenie ledowe pozwala na precyzyjne dostosowanie nat\u0119\u017cenia i barwy \u015bwiat\u0142a, co jest niezwykle istotne w pracy fryzjera. Ponadto, diody LED emituj\u0105 niewielk\u0105 ilo\u015b\u0107 ciep\u0142a, co przek\u0142ada si\u0119 na ni\u017csze koszty klimatyzacji oraz wi\u0119kszy komfort pracy.<\/p>\n<div id=\"attachment_14687\" style=\"width: 1210px\" class=\"wp-caption aligncenter\"><img loading=\"lazy\" decoding=\"async\" aria-describedby=\"caption-attachment-14687\" class=\"size-full wp-image-14687\" src=\"https:\/\/www.smd-led.pl\/blog\/wp-content\/uploads\/2023\/11\/Jaka-barwa-swiatla-do-salonu-1.png\" alt=\"O\u015bwietlenie salonu fryzjerskiego\" width=\"1200\" height=\"600\" srcset=\"https:\/\/www.smd-led.pl\/blog\/wp-content\/uploads\/2023\/11\/Jaka-barwa-swiatla-do-salonu-1.png 1200w, https:\/\/www.smd-led.pl\/blog\/wp-content\/uploads\/2023\/11\/Jaka-barwa-swiatla-do-salonu-1-300x150.png 300w, https:\/\/www.smd-led.pl\/blog\/wp-content\/uploads\/2023\/11\/Jaka-barwa-swiatla-do-salonu-1-1024x512.png 1024w, https:\/\/www.smd-led.pl\/blog\/wp-content\/uploads\/2023\/11\/Jaka-barwa-swiatla-do-salonu-1-768x384.png 768w\" sizes=\"auto, (max-width: 1200px) 100vw, 1200px\" \/><p id=\"caption-attachment-14687\" class=\"wp-caption-text\">O\u015bwietlenie salonu fryzjerskiego<\/p><\/div>\n<h3>O\u015bwietlenie dekoracyjne jako element aran\u017cacji salonu fryzjerskiego<\/h3>\n<p><strong>O\u015bwietlenie dekoracyjne<\/strong> to kolejny aspekt, kt\u00f3ry warto uwzgl\u0119dni\u0107 przy planowaniu o\u015bwietlenia salonu fryzjerskiego. Odpowiednio dobrana aran\u017cacja \u015bwietlna mo\u017ce podkre\u015bli\u0107 styl wn\u0119trza, doda\u0107 mu charakteru oraz stworzy\u0107 przyjemn\u0105 atmosfer\u0119 dla klient\u00f3w. Warto zastosowa\u0107 r\u00f3\u017cnorodne \u017ar\u00f3d\u0142a \u015bwiat\u0142a, takie jak lampy wisz\u0105ce, kinkiety czy ta\u015bmy LED, aby uzyska\u0107 ciekawy efekt wizualny.\u00a0Podczas planowania <strong>aran\u017cacji salonu fryzjerskiego<\/strong>, warto zwr\u00f3ci\u0107 uwag\u0119 na harmoni\u0119 pomi\u0119dzy o\u015bwietleniem funkcjonalnym a dekoracyjnym. Odpowiednie po\u0142\u0105czenie tych dw\u00f3ch aspekt\u00f3w pozwoli na stworzenie przestrzeni, kt\u00f3ra b\u0119dzie zar\u00f3wno praktyczna, jak i estetycznie atrakcyjna.<\/p>\n<div id=\"attachment_14690\" style=\"width: 1210px\" class=\"wp-caption aligncenter\"><img loading=\"lazy\" decoding=\"async\" aria-describedby=\"caption-attachment-14690\" class=\"size-full wp-image-14690\" src=\"https:\/\/www.smd-led.pl\/blog\/wp-content\/uploads\/2023\/11\/Jaka-barwa-swiatla-do-salonu-3.png\" alt=\"O\u015bwietlenie salonu fryzjerskiego\" width=\"1200\" height=\"600\" srcset=\"https:\/\/www.smd-led.pl\/blog\/wp-content\/uploads\/2023\/11\/Jaka-barwa-swiatla-do-salonu-3.png 1200w, https:\/\/www.smd-led.pl\/blog\/wp-content\/uploads\/2023\/11\/Jaka-barwa-swiatla-do-salonu-3-300x150.png 300w, https:\/\/www.smd-led.pl\/blog\/wp-content\/uploads\/2023\/11\/Jaka-barwa-swiatla-do-salonu-3-1024x512.png 1024w, https:\/\/www.smd-led.pl\/blog\/wp-content\/uploads\/2023\/11\/Jaka-barwa-swiatla-do-salonu-3-768x384.png 768w\" sizes=\"auto, (max-width: 1200px) 100vw, 1200px\" \/><p id=\"caption-attachment-14690\" class=\"wp-caption-text\">O\u015bwietlenie salonu fryzjerskiego<\/p><\/div>\n<h2>Podsumowanie<\/h2>\n<p>W artykule om\u00f3wili\u015bmy kluczowe aspekty zwi\u0105zane z <strong>o\u015bwietleniem salonu fryzjerskiego<\/strong>, takie jak rola o\u015bwietlenia w komforcie pracy fryzjer\u00f3w, jako\u015b\u0107 \u015bwiat\u0142a a komfort klient\u00f3w, rodzaje o\u015bwietlenia oraz projektowanie o\u015bwietlenia. Przedstawili\u015bmy r\u00f3wnie\u017c nowoczesne rozwi\u0105zania, takie jak inteligentne lampy i o\u015bwietlenie ledowe, kt\u00f3re zyskuj\u0105 na popularno\u015bci w bran\u017cy fryzjerskiej. Podkre\u015blili\u015bmy, jak wa\u017cne jest <strong>dobranie odpowiednich lamp i \u017car\u00f3wek<\/strong> do salonu fryzjerskiego, zwracaj\u0105c uwag\u0119 na parametry \u015bwiat\u0142a, takie jak barwa, nat\u0119\u017cenie, ilo\u015b\u0107 lumen\u00f3w czy wsp\u00f3\u0142czynnik oddawania barw CRI. Wskazali\u015bmy r\u00f3wnie\u017c na znaczenie <strong>aran\u017cacji o\u015bwietlenia dekoracyjnego<\/strong> w salonie fryzjerskim, kt\u00f3re mo\u017ce podkre\u015bli\u0107 styl wn\u0119trza i stworzy\u0107 przyjemn\u0105 atmosfer\u0119 dla klient\u00f3w. W praktyce, odpowiednie o\u015bwietlenie salonu fryzjerskiego to klucz do sukcesu, zar\u00f3wno pod wzgl\u0119dem funkcjonalno\u015bci, jak i estetyki. Dlatego warto zainwestowa\u0107 czas i \u015brodki w <strong>staranne planowanie o\u015bwietlenia<\/strong>, aby stworzy\u0107 przestrze\u0144, kt\u00f3ra b\u0119dzie sprzyja\u0107 efektywnej pracy fryzjer\u00f3w oraz zadowoleniu klient\u00f3w.<\/p>\n<div class=\"cat-slider-02\"><div class=\"cat-slider-02__box\"><div class=\"cat-slider-02__wrapper\"><p class=\"cat-slider-02__title\"><\/p><div class=\"cat-slider-02__slider\"><div class=\"cat-slider-02__slide\"><a href=\"https:\/\/www.smd-led.pl\/blog\/jak-oswietlic-salon-fryzjerski\/\" class=\"cat-slider-02__link\"><div class=\"cat-slider-02__img-box\"><img loading=\"lazy\" decoding=\"async\" width=\"1024\" height=\"512\" src=\"https:\/\/www.smd-led.pl\/blog\/wp-content\/uploads\/2023\/11\/13-1024x512.png\" class=\"cat-slider-02__img wp-post-image\" alt=\"O\u015bwietlenie salonu fryzjerskiego\" srcset=\"https:\/\/www.smd-led.pl\/blog\/wp-content\/uploads\/2023\/11\/13-1024x512.png 1024w, https:\/\/www.smd-led.pl\/blog\/wp-content\/uploads\/2023\/11\/13-300x150.png 300w, https:\/\/www.smd-led.pl\/blog\/wp-content\/uploads\/2023\/11\/13-768x384.png 768w, https:\/\/www.smd-led.pl\/blog\/wp-content\/uploads\/2023\/11\/13.png 1200w\" sizes=\"auto, (max-width: 1024px) 100vw, 1024px\" \/><\/div><\/a><a href=\"https:\/\/www.smd-led.pl\/blog\/jak-oswietlic-salon-fryzjerski\/\" class=\"cat-slider-02__link\"><div class=\"cat-slider-02__heading-box\"><p class=\"cat-slider-02__post-title\">jak o\u015bwietli\u0107 salon fryzjerski<\/p><p>O\u015bwietlenie do salonu fryzjerskiego to kluczowy element, kt\u00f3ry wp\u0142ywa na komfort pracy fryzjer\u00f3w, jako\u015b\u0107 us\u0142ug [&hellip;]<\/p>\n<\/div><\/a><\/div><div class=\"cat-slider-02__slide\"><a href=\"https:\/\/www.smd-led.pl\/blog\/jak-urzadzic-maly-salon-kosmetyczny\/\" class=\"cat-slider-02__link\"><div class=\"cat-slider-02__img-box\"><img loading=\"lazy\" decoding=\"async\" width=\"768\" height=\"502\" src=\"https:\/\/www.smd-led.pl\/blog\/wp-content\/uploads\/2023\/07\/Projekt-bez-nazwy.jpg\" class=\"cat-slider-02__img wp-post-image\" alt=\"Jak urz\u0105dzi\u0107 ma\u0142y salon kosmetyczny\" srcset=\"https:\/\/www.smd-led.pl\/blog\/wp-content\/uploads\/2023\/07\/Projekt-bez-nazwy.jpg 768w, https:\/\/www.smd-led.pl\/blog\/wp-content\/uploads\/2023\/07\/Projekt-bez-nazwy-300x196.jpg 300w\" sizes=\"auto, (max-width: 768px) 100vw, 768px\" \/><\/div><\/a><a href=\"https:\/\/www.smd-led.pl\/blog\/jak-urzadzic-maly-salon-kosmetyczny\/\" class=\"cat-slider-02__link\"><div class=\"cat-slider-02__heading-box\"><p class=\"cat-slider-02__post-title\">Jak urz\u0105dzi\u0107 ma\u0142y salon kosmetyczny<\/p><p>Jak urz\u0105dzi\u0107 ma\u0142y salon kosmetyczny to najcz\u0119\u015bciej zadawane pytanie w roku 2023r przez u\u017cytkownik\u00f3w Internetu [&hellip;]<\/p>\n<\/div><\/a><\/div><div class=\"cat-slider-02__slide\"><a href=\"https:\/\/www.smd-led.pl\/blog\/oswietlenie-fryzjerskie-a-nowoczesny-salon-fryzjerski\/\" class=\"cat-slider-02__link\"><div class=\"cat-slider-02__img-box\"><img loading=\"lazy\" decoding=\"async\" width=\"1000\" height=\"667\" src=\"https:\/\/www.smd-led.pl\/blog\/wp-content\/uploads\/2019\/06\/Nowoczesny-salon-fryzjerski-8.jpg\" class=\"cat-slider-02__img wp-post-image\" alt=\"\" \/><\/div><\/a><a href=\"https:\/\/www.smd-led.pl\/blog\/oswietlenie-fryzjerskie-a-nowoczesny-salon-fryzjerski\/\" class=\"cat-slider-02__link\"><div class=\"cat-slider-02__heading-box\"><p class=\"cat-slider-02__post-title\">O\u015bwietlenie salonu fryzjerskiego, a nowoczesny salon fryzjerski<\/p><p>O\u015bwietlenie salonu fryzjerskiego powinno by\u0107 podzielone na r\u00f3\u017cne strefy. Stefa samego fotela musi by\u0107\u00a0 najmocniej [&hellip;]<\/p>\n<\/div><\/a><\/div><div class=\"cat-slider-02__slide\"><a href=\"https:\/\/www.smd-led.pl\/blog\/oswietlenie-salonu-kosmetycznego\/\" class=\"cat-slider-02__link\"><div class=\"cat-slider-02__img-box\"><img loading=\"lazy\" decoding=\"async\" width=\"1000\" height=\"675\" src=\"https:\/\/www.smd-led.pl\/blog\/wp-content\/uploads\/2021\/09\/jakie-oswietlenie-do-salonu-kosmetycznego.jpg\" class=\"cat-slider-02__img wp-post-image\" alt=\"Jakie o\u015bwietlenie do salonu kosmetycznego\" \/><\/div><\/a><a href=\"https:\/\/www.smd-led.pl\/blog\/oswietlenie-salonu-kosmetycznego\/\" class=\"cat-slider-02__link\"><div class=\"cat-slider-02__heading-box\"><p class=\"cat-slider-02__post-title\">Jak o\u015bwietli\u0107 salon Beauty? Praktyczne porady i wskaz\u00f3wki<\/p><p>Ludzie odwiedzaj\u0105 salon beauty, aby czu\u0107 si\u0119 i wygl\u0105da\u0107 jak najlepiej. Czy wiesz, \u017ce mo\u017ce [&hellip;]<\/p>\n<\/div><\/a><\/div><div class=\"cat-slider-02__slide\"><a href=\"https:\/\/www.smd-led.pl\/blog\/oswietlenie-do-makijazu-najwazniejsze-aspekty\/\" class=\"cat-slider-02__link\"><div class=\"cat-slider-02__img-box\"><img loading=\"lazy\" decoding=\"async\" width=\"1024\" height=\"642\" src=\"https:\/\/www.smd-led.pl\/blog\/wp-content\/uploads\/2020\/03\/jakie-oswietlenie-do-makijazu.jpg\" class=\"cat-slider-02__img wp-post-image\" alt=\"Jakie o\u015bwietlenie do makija\u017cu\" \/><\/div><\/a><a href=\"https:\/\/www.smd-led.pl\/blog\/oswietlenie-do-makijazu-najwazniejsze-aspekty\/\" class=\"cat-slider-02__link\"><div class=\"cat-slider-02__heading-box\"><p class=\"cat-slider-02__post-title\">O\u015bwietlenie do makija\u017cu &#8211; najwa\u017cniejsze aspekty<\/p><p>Ka\u017cda kobieta przyk\u0142ada wag\u0119 do wygl\u0105du. Jednym z aspekt\u00f3w w dziedzinie w\u0142a\u015bciwego wygl\u0105du jest oczywi\u015bcie [&hellip;]<\/p>\n<\/div><\/a><\/div><\/div><\/div><\/div><\/div>\n<p><img loading=\"lazy\" decoding=\"async\" class=\"size-full wp-image-14657 aligncenter\" src=\"https:\/\/www.smd-led.pl\/blog\/wp-content\/uploads\/2023\/11\/oswietlenie-fryzjerskie-a-nowoczesny-salon-ryzjerski-baner-reklamowy-sklep-z-oswietleniem-smd-led.pl_.jpeg\" alt=\"o\u015bwietlenie do salonu fryzjerskiego\" width=\"800\" height=\"533\" srcset=\"https:\/\/www.smd-led.pl\/blog\/wp-content\/uploads\/2023\/11\/oswietlenie-fryzjerskie-a-nowoczesny-salon-ryzjerski-baner-reklamowy-sklep-z-oswietleniem-smd-led.pl_.jpeg 800w, https:\/\/www.smd-led.pl\/blog\/wp-content\/uploads\/2023\/11\/oswietlenie-fryzjerskie-a-nowoczesny-salon-ryzjerski-baner-reklamowy-sklep-z-oswietleniem-smd-led.pl_-300x200.jpeg 300w, https:\/\/www.smd-led.pl\/blog\/wp-content\/uploads\/2023\/11\/oswietlenie-fryzjerskie-a-nowoczesny-salon-ryzjerski-baner-reklamowy-sklep-z-oswietleniem-smd-led.pl_-768x512.jpeg 768w\" sizes=\"auto, (max-width: 800px) 100vw, 800px\" \/><\/p>\n","protected":false},"excerpt":{"rendered":"<p>O\u015bwietlenie do salonu fryzjerskiego to kluczowy element, kt\u00f3ry wp\u0142ywa na komfort pracy fryzjer\u00f3w, jako\u015b\u0107 us\u0142ug [&hellip;]<\/p>\n","protected":false},"author":7,"featured_media":14689,"comment_status":"closed","ping_status":"closed","sticky":false,"template":"","format":"standard","meta":{"inline_featured_image":false,"footnotes":""},"categories":[57,32],"tags":[],"class_list":["post-14653","post","type-post","status-publish","format-standard","has-post-thumbnail","hentry","category-obiekt-beauty","category-oswietlenie-przemyslowe"],"acf":[],"yoast_head":"<!-- This site is optimized with the Yoast SEO Premium plugin v26.8 (Yoast SEO v26.8) - https:\/\/yoast.com\/product\/yoast-seo-premium-wordpress\/ -->\n<title>jak o\u015bwietli\u0107 salon fryzjerski - SMD-LED<\/title>\n<meta name=\"description\" content=\"Planujesz modernizacj\u0119 o\u015bwietlenia do salonu fryzjerskiego? Nie wiesz jak zaplanowa\u0107 funkcjonalne o\u015bwietlenie? Zobacz Nasze wskaz\u00f3wki!\" \/>\n<meta name=\"robots\" content=\"index, follow, max-snippet:-1, max-image-preview:large, max-video-preview:-1\" \/>\n<link rel=\"canonical\" href=\"https:\/\/www.smd-led.pl\/blog\/jak-oswietlic-salon-fryzjerski\/\" \/>\n<meta property=\"og:locale\" content=\"pl_PL\" \/>\n<meta property=\"og:type\" content=\"article\" \/>\n<meta property=\"og:title\" content=\"jak o\u015bwietli\u0107 salon fryzjerski\" \/>\n<meta property=\"og:description\" content=\"Planujesz modernizacj\u0119 o\u015bwietlenia do salonu fryzjerskiego? Nie wiesz jak zaplanowa\u0107 funkcjonalne o\u015bwietlenie? Zobacz Nasze wskaz\u00f3wki!\" \/>\n<meta property=\"og:url\" content=\"https:\/\/www.smd-led.pl\/blog\/jak-oswietlic-salon-fryzjerski\/\" \/>\n<meta property=\"og:site_name\" content=\"SMD-LED\" \/>\n<meta property=\"article:published_time\" content=\"2024-11-20T13:05:05+00:00\" \/>\n<meta property=\"article:modified_time\" content=\"2025-10-03T14:04:26+00:00\" \/>\n<meta property=\"og:image\" content=\"https:\/\/www.smd-led.pl\/blog\/wp-content\/uploads\/2023\/11\/13.png\" \/>\n\t<meta property=\"og:image:width\" content=\"1200\" \/>\n\t<meta property=\"og:image:height\" content=\"600\" \/>\n\t<meta property=\"og:image:type\" content=\"image\/png\" \/>\n<meta name=\"author\" content=\"Marcin Pietrasik\" \/>\n<meta name=\"twitter:card\" content=\"summary_large_image\" \/>\n<meta name=\"twitter:label1\" content=\"Napisane przez\" \/>\n\t<meta name=\"twitter:data1\" content=\"Marcin Pietrasik\" \/>\n\t<meta name=\"twitter:label2\" content=\"Szacowany czas czytania\" \/>\n\t<meta name=\"twitter:data2\" content=\"42 minuty\" \/>\n<script type=\"application\/ld+json\" class=\"yoast-schema-graph\">{\"@context\":\"https:\/\/schema.org\",\"@graph\":[{\"@type\":\"Article\",\"@id\":\"https:\/\/www.smd-led.pl\/blog\/jak-oswietlic-salon-fryzjerski\/#article\",\"isPartOf\":{\"@id\":\"https:\/\/www.smd-led.pl\/blog\/jak-oswietlic-salon-fryzjerski\/\"},\"author\":{\"name\":\"Marcin Pietrasik\",\"@id\":\"https:\/\/www.smd-led.pl\/blog\/#\/schema\/person\/887fa24be503d7ae726f67021d1623f5\"},\"headline\":\"jak o\u015bwietli\u0107 salon fryzjerski\",\"datePublished\":\"2024-11-20T13:05:05+00:00\",\"dateModified\":\"2025-10-03T14:04:26+00:00\",\"mainEntityOfPage\":{\"@id\":\"https:\/\/www.smd-led.pl\/blog\/jak-oswietlic-salon-fryzjerski\/\"},\"wordCount\":7735,\"image\":{\"@id\":\"https:\/\/www.smd-led.pl\/blog\/jak-oswietlic-salon-fryzjerski\/#primaryimage\"},\"thumbnailUrl\":\"https:\/\/www.smd-led.pl\/blog\/wp-content\/uploads\/2023\/11\/13.png\",\"articleSection\":[\"Obiekt Beauty\",\"O\u015bwietlenie przemys\u0142owe\"],\"inLanguage\":\"pl-PL\"},{\"@type\":\"WebPage\",\"@id\":\"https:\/\/www.smd-led.pl\/blog\/jak-oswietlic-salon-fryzjerski\/\",\"url\":\"https:\/\/www.smd-led.pl\/blog\/jak-oswietlic-salon-fryzjerski\/\",\"name\":\"jak o\u015bwietli\u0107 salon fryzjerski - SMD-LED\",\"isPartOf\":{\"@id\":\"https:\/\/www.smd-led.pl\/blog\/#website\"},\"primaryImageOfPage\":{\"@id\":\"https:\/\/www.smd-led.pl\/blog\/jak-oswietlic-salon-fryzjerski\/#primaryimage\"},\"image\":{\"@id\":\"https:\/\/www.smd-led.pl\/blog\/jak-oswietlic-salon-fryzjerski\/#primaryimage\"},\"thumbnailUrl\":\"https:\/\/www.smd-led.pl\/blog\/wp-content\/uploads\/2023\/11\/13.png\",\"datePublished\":\"2024-11-20T13:05:05+00:00\",\"dateModified\":\"2025-10-03T14:04:26+00:00\",\"author\":{\"@id\":\"https:\/\/www.smd-led.pl\/blog\/#\/schema\/person\/887fa24be503d7ae726f67021d1623f5\"},\"description\":\"Planujesz modernizacj\u0119 o\u015bwietlenia do salonu fryzjerskiego? Nie wiesz jak zaplanowa\u0107 funkcjonalne o\u015bwietlenie? Zobacz Nasze wskaz\u00f3wki!\",\"breadcrumb\":{\"@id\":\"https:\/\/www.smd-led.pl\/blog\/jak-oswietlic-salon-fryzjerski\/#breadcrumb\"},\"inLanguage\":\"pl-PL\",\"potentialAction\":[{\"@type\":\"ReadAction\",\"target\":[\"https:\/\/www.smd-led.pl\/blog\/jak-oswietlic-salon-fryzjerski\/\"]}]},{\"@type\":\"ImageObject\",\"inLanguage\":\"pl-PL\",\"@id\":\"https:\/\/www.smd-led.pl\/blog\/jak-oswietlic-salon-fryzjerski\/#primaryimage\",\"url\":\"https:\/\/www.smd-led.pl\/blog\/wp-content\/uploads\/2023\/11\/13.png\",\"contentUrl\":\"https:\/\/www.smd-led.pl\/blog\/wp-content\/uploads\/2023\/11\/13.png\",\"width\":1200,\"height\":600,\"caption\":\"O\u015bwietlenie salonu fryzjerskiego\"},{\"@type\":\"BreadcrumbList\",\"@id\":\"https:\/\/www.smd-led.pl\/blog\/jak-oswietlic-salon-fryzjerski\/#breadcrumb\",\"itemListElement\":[{\"@type\":\"ListItem\",\"position\":1,\"name\":\"Strona g\u0142\u00f3wna\",\"item\":\"https:\/\/www.smd-led.pl\/blog\/\"},{\"@type\":\"ListItem\",\"position\":2,\"name\":\"jak o\u015bwietli\u0107 salon fryzjerski\"}]},{\"@type\":\"WebSite\",\"@id\":\"https:\/\/www.smd-led.pl\/blog\/#website\",\"url\":\"https:\/\/www.smd-led.pl\/blog\/\",\"name\":\"SMD-LED\",\"description\":\"O\u015bwietlenie Led do domu i przemys\u0142u porady, testy i opinie ekspert\u00f3w\",\"potentialAction\":[{\"@type\":\"SearchAction\",\"target\":{\"@type\":\"EntryPoint\",\"urlTemplate\":\"https:\/\/www.smd-led.pl\/blog\/?s={search_term_string}\"},\"query-input\":{\"@type\":\"PropertyValueSpecification\",\"valueRequired\":true,\"valueName\":\"search_term_string\"}}],\"inLanguage\":\"pl-PL\"},{\"@type\":\"Person\",\"@id\":\"https:\/\/www.smd-led.pl\/blog\/#\/schema\/person\/887fa24be503d7ae726f67021d1623f5\",\"name\":\"Marcin Pietrasik\",\"image\":{\"@type\":\"ImageObject\",\"inLanguage\":\"pl-PL\",\"@id\":\"https:\/\/www.smd-led.pl\/blog\/#\/schema\/person\/image\/\",\"url\":\"https:\/\/secure.gravatar.com\/avatar\/c886f4ccbb5c83b665ee8b66f0b3401128439bc832dca6389b6e67c6bdc3d38b?s=96&d=mm&r=g\",\"contentUrl\":\"https:\/\/secure.gravatar.com\/avatar\/c886f4ccbb5c83b665ee8b66f0b3401128439bc832dca6389b6e67c6bdc3d38b?s=96&d=mm&r=g\",\"caption\":\"Marcin Pietrasik\"},\"url\":\"https:\/\/www.smd-led.pl\/blog\/author\/mpietrasik\/\"}]}<\/script>\n<!-- \/ Yoast SEO Premium plugin. -->","yoast_head_json":{"title":"jak o\u015bwietli\u0107 salon fryzjerski - SMD-LED","description":"Planujesz modernizacj\u0119 o\u015bwietlenia do salonu fryzjerskiego? Nie wiesz jak zaplanowa\u0107 funkcjonalne o\u015bwietlenie? Zobacz Nasze wskaz\u00f3wki!","robots":{"index":"index","follow":"follow","max-snippet":"max-snippet:-1","max-image-preview":"max-image-preview:large","max-video-preview":"max-video-preview:-1"},"canonical":"https:\/\/www.smd-led.pl\/blog\/jak-oswietlic-salon-fryzjerski\/","og_locale":"pl_PL","og_type":"article","og_title":"jak o\u015bwietli\u0107 salon fryzjerski","og_description":"Planujesz modernizacj\u0119 o\u015bwietlenia do salonu fryzjerskiego? Nie wiesz jak zaplanowa\u0107 funkcjonalne o\u015bwietlenie? Zobacz Nasze wskaz\u00f3wki!","og_url":"https:\/\/www.smd-led.pl\/blog\/jak-oswietlic-salon-fryzjerski\/","og_site_name":"SMD-LED","article_published_time":"2024-11-20T13:05:05+00:00","article_modified_time":"2025-10-03T14:04:26+00:00","og_image":[{"width":1200,"height":600,"url":"https:\/\/www.smd-led.pl\/blog\/wp-content\/uploads\/2023\/11\/13.png","type":"image\/png"}],"author":"Marcin Pietrasik","twitter_card":"summary_large_image","twitter_misc":{"Napisane przez":"Marcin Pietrasik","Szacowany czas czytania":"42 minuty"},"schema":{"@context":"https:\/\/schema.org","@graph":[{"@type":"Article","@id":"https:\/\/www.smd-led.pl\/blog\/jak-oswietlic-salon-fryzjerski\/#article","isPartOf":{"@id":"https:\/\/www.smd-led.pl\/blog\/jak-oswietlic-salon-fryzjerski\/"},"author":{"name":"Marcin Pietrasik","@id":"https:\/\/www.smd-led.pl\/blog\/#\/schema\/person\/887fa24be503d7ae726f67021d1623f5"},"headline":"jak o\u015bwietli\u0107 salon fryzjerski","datePublished":"2024-11-20T13:05:05+00:00","dateModified":"2025-10-03T14:04:26+00:00","mainEntityOfPage":{"@id":"https:\/\/www.smd-led.pl\/blog\/jak-oswietlic-salon-fryzjerski\/"},"wordCount":7735,"image":{"@id":"https:\/\/www.smd-led.pl\/blog\/jak-oswietlic-salon-fryzjerski\/#primaryimage"},"thumbnailUrl":"https:\/\/www.smd-led.pl\/blog\/wp-content\/uploads\/2023\/11\/13.png","articleSection":["Obiekt Beauty","O\u015bwietlenie przemys\u0142owe"],"inLanguage":"pl-PL"},{"@type":"WebPage","@id":"https:\/\/www.smd-led.pl\/blog\/jak-oswietlic-salon-fryzjerski\/","url":"https:\/\/www.smd-led.pl\/blog\/jak-oswietlic-salon-fryzjerski\/","name":"jak o\u015bwietli\u0107 salon fryzjerski - SMD-LED","isPartOf":{"@id":"https:\/\/www.smd-led.pl\/blog\/#website"},"primaryImageOfPage":{"@id":"https:\/\/www.smd-led.pl\/blog\/jak-oswietlic-salon-fryzjerski\/#primaryimage"},"image":{"@id":"https:\/\/www.smd-led.pl\/blog\/jak-oswietlic-salon-fryzjerski\/#primaryimage"},"thumbnailUrl":"https:\/\/www.smd-led.pl\/blog\/wp-content\/uploads\/2023\/11\/13.png","datePublished":"2024-11-20T13:05:05+00:00","dateModified":"2025-10-03T14:04:26+00:00","author":{"@id":"https:\/\/www.smd-led.pl\/blog\/#\/schema\/person\/887fa24be503d7ae726f67021d1623f5"},"description":"Planujesz modernizacj\u0119 o\u015bwietlenia do salonu fryzjerskiego? Nie wiesz jak zaplanowa\u0107 funkcjonalne o\u015bwietlenie? Zobacz Nasze wskaz\u00f3wki!","breadcrumb":{"@id":"https:\/\/www.smd-led.pl\/blog\/jak-oswietlic-salon-fryzjerski\/#breadcrumb"},"inLanguage":"pl-PL","potentialAction":[{"@type":"ReadAction","target":["https:\/\/www.smd-led.pl\/blog\/jak-oswietlic-salon-fryzjerski\/"]}]},{"@type":"ImageObject","inLanguage":"pl-PL","@id":"https:\/\/www.smd-led.pl\/blog\/jak-oswietlic-salon-fryzjerski\/#primaryimage","url":"https:\/\/www.smd-led.pl\/blog\/wp-content\/uploads\/2023\/11\/13.png","contentUrl":"https:\/\/www.smd-led.pl\/blog\/wp-content\/uploads\/2023\/11\/13.png","width":1200,"height":600,"caption":"O\u015bwietlenie salonu fryzjerskiego"},{"@type":"BreadcrumbList","@id":"https:\/\/www.smd-led.pl\/blog\/jak-oswietlic-salon-fryzjerski\/#breadcrumb","itemListElement":[{"@type":"ListItem","position":1,"name":"Strona g\u0142\u00f3wna","item":"https:\/\/www.smd-led.pl\/blog\/"},{"@type":"ListItem","position":2,"name":"jak o\u015bwietli\u0107 salon fryzjerski"}]},{"@type":"WebSite","@id":"https:\/\/www.smd-led.pl\/blog\/#website","url":"https:\/\/www.smd-led.pl\/blog\/","name":"SMD-LED","description":"O\u015bwietlenie Led do domu i przemys\u0142u porady, testy i opinie ekspert\u00f3w","potentialAction":[{"@type":"SearchAction","target":{"@type":"EntryPoint","urlTemplate":"https:\/\/www.smd-led.pl\/blog\/?s={search_term_string}"},"query-input":{"@type":"PropertyValueSpecification","valueRequired":true,"valueName":"search_term_string"}}],"inLanguage":"pl-PL"},{"@type":"Person","@id":"https:\/\/www.smd-led.pl\/blog\/#\/schema\/person\/887fa24be503d7ae726f67021d1623f5","name":"Marcin Pietrasik","image":{"@type":"ImageObject","inLanguage":"pl-PL","@id":"https:\/\/www.smd-led.pl\/blog\/#\/schema\/person\/image\/","url":"https:\/\/secure.gravatar.com\/avatar\/c886f4ccbb5c83b665ee8b66f0b3401128439bc832dca6389b6e67c6bdc3d38b?s=96&d=mm&r=g","contentUrl":"https:\/\/secure.gravatar.com\/avatar\/c886f4ccbb5c83b665ee8b66f0b3401128439bc832dca6389b6e67c6bdc3d38b?s=96&d=mm&r=g","caption":"Marcin Pietrasik"},"url":"https:\/\/www.smd-led.pl\/blog\/author\/mpietrasik\/"}]}},"_links":{"self":[{"href":"https:\/\/www.smd-led.pl\/blog\/wp-json\/wp\/v2\/posts\/14653","targetHints":{"allow":["GET"]}}],"collection":[{"href":"https:\/\/www.smd-led.pl\/blog\/wp-json\/wp\/v2\/posts"}],"about":[{"href":"https:\/\/www.smd-led.pl\/blog\/wp-json\/wp\/v2\/types\/post"}],"author":[{"embeddable":true,"href":"https:\/\/www.smd-led.pl\/blog\/wp-json\/wp\/v2\/users\/7"}],"replies":[{"embeddable":true,"href":"https:\/\/www.smd-led.pl\/blog\/wp-json\/wp\/v2\/comments?post=14653"}],"version-history":[{"count":24,"href":"https:\/\/www.smd-led.pl\/blog\/wp-json\/wp\/v2\/posts\/14653\/revisions"}],"predecessor-version":[{"id":18690,"href":"https:\/\/www.smd-led.pl\/blog\/wp-json\/wp\/v2\/posts\/14653\/revisions\/18690"}],"wp:featuredmedia":[{"embeddable":true,"href":"https:\/\/www.smd-led.pl\/blog\/wp-json\/wp\/v2\/media\/14689"}],"wp:attachment":[{"href":"https:\/\/www.smd-led.pl\/blog\/wp-json\/wp\/v2\/media?parent=14653"}],"wp:term":[{"taxonomy":"category","embeddable":true,"href":"https:\/\/www.smd-led.pl\/blog\/wp-json\/wp\/v2\/categories?post=14653"},{"taxonomy":"post_tag","embeddable":true,"href":"https:\/\/www.smd-led.pl\/blog\/wp-json\/wp\/v2\/tags?post=14653"}],"curies":[{"name":"wp","href":"https:\/\/api.w.org\/{rel}","templated":true}]}}