{"id":18268,"date":"2024-02-15T12:00:34","date_gmt":"2024-02-15T11:00:34","guid":{"rendered":"https:\/\/www.smd-led.pl\/blog\/?p=18268"},"modified":"2024-02-15T13:07:13","modified_gmt":"2024-02-15T12:07:13","slug":"plafon-materialowy","status":"publish","type":"post","link":"https:\/\/www.smd-led.pl\/blog\/plafon-materialowy\/","title":{"rendered":"Plafon materia\u0142owy"},"content":{"rendered":"<p>W dzisiejszych czasach, plafon materia\u0142owy sta\u0142 si\u0119 popularnym wyborem w\u015br\u00f3d os\u00f3b poszukuj\u0105cych stylowych i funkcjonalnych rozwi\u0105za\u0144 o\u015bwietleniowych. <strong>Plafon materia\u0142owy, b\u0119d\u0105cy rodzajem o\u015bwietlenia sufitowego, wyr\u00f3\u017cnia si\u0119 zastosowaniem tkanin w swojej konstrukcji, co nadaje mu unikatowy charakter. Ma\u0142e plafony zwykle maj\u0105 \u015brednic\u0119 od 20 do 40 cm, \u015brednie od 40 do 60 cm, natomiast du\u017ce modele mog\u0105 przekracza\u0107 60 cm \u015brednicy, dostosowane do o\u015bwietlenia przestronnych wn\u0119trz. <\/strong>Dzi\u0119ki r\u00f3\u017cnorodno\u015bci wzor\u00f3w, kolor\u00f3w i rodzaj\u00f3w materia\u0142\u00f3w, <a href=\"https:\/\/www.smd-led.pl\/plafony-led\">plafony materia\u0142owe<\/a> pozwalaj\u0105 na dopasowanie o\u015bwietlenia nie tylko do funkcji pomieszczenia, ale r\u00f3wnie\u017c do indywidualnych preferencji estetycznych i stylistyki wn\u0119trza. W tym artykule przyjrzymy si\u0119 r\u00f3\u017cnym rodzajom, stylom oraz zastosowaniom plafon\u00f3w materia\u0142owych, aby pom\u00f3c Ci wybra\u0107 ten, kt\u00f3ry najlepiej sprawdzi si\u0119 w Twoim wn\u0119trzu.<\/p>\n<div id=\"attachment_18271\" style=\"width: 1610px\" class=\"wp-caption aligncenter\"><a href=\"https:\/\/www.smd-led.pl\/\"><img loading=\"lazy\" decoding=\"async\" aria-describedby=\"caption-attachment-18271\" class=\"size-full wp-image-18271\" src=\"https:\/\/www.smd-led.pl\/blog\/wp-content\/uploads\/2024\/02\/Plafon-materialowy.png\" alt=\"Plafon materia\u0142owy\" width=\"1600\" height=\"1400\" srcset=\"https:\/\/www.smd-led.pl\/blog\/wp-content\/uploads\/2024\/02\/Plafon-materialowy.png 1600w, https:\/\/www.smd-led.pl\/blog\/wp-content\/uploads\/2024\/02\/Plafon-materialowy-300x263.png 300w, https:\/\/www.smd-led.pl\/blog\/wp-content\/uploads\/2024\/02\/Plafon-materialowy-1024x896.png 1024w, https:\/\/www.smd-led.pl\/blog\/wp-content\/uploads\/2024\/02\/Plafon-materialowy-768x672.png 768w, https:\/\/www.smd-led.pl\/blog\/wp-content\/uploads\/2024\/02\/Plafon-materialowy-1536x1344.png 1536w\" sizes=\"auto, (max-width: 1600px) 100vw, 1600px\" \/><\/a><p id=\"caption-attachment-18271\" class=\"wp-caption-text\">Plafon materia\u0142owy<\/p><\/div>\n<p style=\"text-align: center;\"><span style=\"font-size: 18pt; color: #ff0000;\">Najcz\u0119\u015bciej wybierane plafony materia\u0142owe przez klient\u00f3w:<\/span><\/p>\n<div class=\"call-to-action-07\"><div class=\"call-to-action-07__product-box\"><img decoding=\"async\" src=\"https:\/\/www.smd-led.pl\/blog\/wp-content\/uploads\/2024\/02\/lampa-sufitowa-satino-silver-3xe27-50cm.webp\" alt=\"lampa-sufitowa-satino-silver-3xe27-50cm\" \/><span class=\"call-to-action-07__product-title\">LAMPA SUFITOWA SATINO SILVER 3XE27 50CM<\/span><a href=\"https:\/\/www.smd-led.pl\/lampa-sufitowa-satino-silver-3xe27-50cm-55154\" class=\"button\" id=\"plafon_materialowy_5\" target=\"_self\">Zobacz produkt<\/a><\/div><div class=\"call-to-action-07__product-box\"><img decoding=\"async\" src=\"https:\/\/www.smd-led.pl\/blog\/wp-content\/uploads\/2024\/02\/lampa-sufitowa-kwadrat-ultimo-white-2xe27-40cm.webp\" alt=\"lampa-sufitowa-kwadrat-ultimo-white-2xe27-40cm\" \/><span class=\"call-to-action-07__product-title\">LAMPA SUFITOWA KWADRAT ULTIMO WHITE 2XE27 40CM<\/span><a href=\"https:\/\/www.smd-led.pl\/lampa-sufitowa-kwadrat-ultimo-white-2xe27-40cm-52096\" class=\"button\" id=\"plafon_materialowy_5\" target=\"_self\">Zobacz produkt<\/a><\/div><div class=\"call-to-action-07__product-box\"><img decoding=\"async\" src=\"https:\/\/www.smd-led.pl\/blog\/wp-content\/uploads\/2024\/02\/lampa-sufitowa-lino-biel-len-3xe27.webp\" alt=\"lampa-sufitowa-lino-biel-len-3xe27\" \/><span class=\"call-to-action-07__product-title\">LAMPA SUFITOWA LINO BIEL \/ LEN 3XE27<\/span><a href=\"https:\/\/www.smd-led.pl\/lampa-sufitowa-lino-biel-len-3xe27-52117\" class=\"button\" id=\"plafon_materialowy_5\" target=\"_self\">Zobacz produkt<\/a><\/div><\/div>\n<h2>Czym jest plafon materia\u0142owy?<\/h2>\n<p>Termin <strong>plafon materia\u0142owy<\/strong> odnosi si\u0119 do rodzaju o\u015bwietlenia, w kt\u00f3rym g\u0142\u00f3wnym elementem dekoracyjnym jest materia\u0142, z kt\u00f3rego wykonana jest lampa. W dalszej cz\u0119\u015bci artyku\u0142u przyjrzymy si\u0119 bli\u017cej definicji i charakterystyce plafonu sufitowego materia\u0142owego oraz por\u00f3wnamy go z innymi rodzajami plafon\u00f3w.<\/p>\n<h3>Definicja i charakterystyka plafonu materia\u0142owego<\/h3>\n<p>Plafon sufitowy materia\u0142owy to rodzaj o\u015bwietlenia montowanego bezpo\u015brednio do sufitu, kt\u00f3rego g\u0142\u00f3wnym elementem dekoracyjnym jest materia\u0142, z kt\u00f3rego wykonana jest lampa. Plafon sufitowy materia\u0142owy charakteryzuje si\u0119 unikalnym po\u0142\u0105czeniem funkcjonalno\u015bci z dekoracyjno\u015bci\u0105. Jego g\u0142\u00f3wn\u0105 cech\u0105 jest zastosowanie r\u00f3\u017cnorodnych materia\u0142\u00f3w, kt\u00f3re decyduj\u0105 o jego estetyce oraz sposobie rozpraszania \u015bwiat\u0142a. Dzi\u0119ki temu, plafony materia\u0142owe mog\u0105 tworzy\u0107 mi\u0119kkie, rozproszone \u015bwiat\u0142o, idealne do stworzenia ciep\u0142ej, przytulnej atmosfery w pomieszczeniu. Wyb\u00f3r materia\u0142u i faktury plafonu pozwala na dopasowanie go do stylu wn\u0119trza, oferuj\u0105c szerok\u0105 gam\u0119 wygl\u0105d\u00f3w \u2013 od minimalistycznych po bogato zdobione modele. Plafon materia\u0142owy jest wi\u0119c nie tylko \u017ar\u00f3d\u0142em \u015bwiat\u0142a, ale r\u00f3wnie\u017c elementem dekoracyjnym, kt\u00f3ry mo\u017ce podkre\u015bli\u0107 charakter i styl pomieszczenia, sprawiaj\u0105c, \u017ce staje si\u0119 ono bardziej wyraziste i spersonalizowane.<\/p>\n<div class=\"call-to-action-04\"><div class=\"call-to-action-04__img-box\"><img decoding=\"async\" src=\"https:\/\/www.smd-led.pl\/blog\/wp-content\/uploads\/2024\/02\/lampa-sufitowa-albion-biel-bawelna-2xe27.webp\" alt=\"lampa-sufitowa-albion-biel-bawelna-2xe27\" \/><\/div><div class=\"call-to-action-04__info-box\"><span class=\"call-to-action-04__product-title\">LAMPA SUFITOWA ALBION BIEL \/ BAWE\u0141NA 2XE27<\/span><p><p><strong>LAMPA SUFITOWA ALBION BIEL \/ BAWE\u0141NA 2XE27<\/strong>\u00a0to synonim subtelno\u015bci i elegancji, kt\u00f3ra wprowadzi do Twojego wn\u0119trza atmosfer\u0119 spokoju i harmonii. Oferowana przez\u00a0<strong>Eko-Light<\/strong>\u00a0i sygnowana przez mark\u0119\u00a0<strong>Milagro<\/strong>, ta wyj\u0105tkowa lampa sufitowa \u0142\u0105czy w sobie klasyczn\u0105 estetyk\u0119 z nowoczesnymi rozwi\u0105zaniami o\u015bwietleniowymi. Wyposa\u017cona w dwa gniazda na \u017car\u00f3wki typu\u00a0<strong>E27<\/strong>,<\/p>\n<\/p><a href=\"https:\/\/www.smd-led.pl\/lampa-sufitowa-albion-biel-bawelna-2xe27-52121\" class=\"button\" id=\"plafon_materialowy_6\" target=\"_self\">Zobacz produkt<\/a><\/div><\/div>\n<h3>R\u00f3\u017cnice mi\u0119dzy plafonem materia\u0142owym a innymi rodzajami plafon\u00f3w<\/h3>\n<p>W por\u00f3wnaniu do innych <strong>rodzaj\u00f3w plafon\u00f3w<\/strong>, plafon materia\u0142owy wyr\u00f3\u017cnia si\u0119 swoj\u0105 estetyk\u0105 i unikalnym wygl\u0105dem. Oto kilka r\u00f3\u017cnic mi\u0119dzy plafonem materia\u0142owym a innymi rodzajami plafon\u00f3w:<\/p>\n<ul>\n<li><strong>Materia\u0142:<\/strong> Plafon materia\u0142owy wykonany jest z materia\u0142u, podczas gdy inne rodzaje plafon\u00f3w mog\u0105 by\u0107 wykonane z metalu, szk\u0142a, plastiku czy drewna.<\/li>\n<li><strong>Styl:<\/strong> Plafoniery materia\u0142owe cz\u0119sto maj\u0105 bardziej przytulny i ciep\u0142y wygl\u0105d, dzi\u0119ki zastosowaniu materia\u0142\u00f3w takich jak tkanina czy len. Inne rodzaje plafon\u00f3w mog\u0105 mie\u0107 bardziej nowoczesny, minimalistyczny lub industrialny wygl\u0105d.<\/li>\n<li><strong>Rozpraszanie \u015bwiat\u0142a:<\/strong> Plafon materia\u0142owy mo\u017ce rozprasza\u0107 \u015bwiat\u0142o w bardziej mi\u0119kki i r\u00f3wnomierny spos\u00f3b, dzi\u0119ki zastosowaniu materia\u0142u, kt\u00f3ry przepuszcza \u015bwiat\u0142o. Inne rodzaje plafon\u00f3w mog\u0105 dawa\u0107 bardziej skoncentrowane lub punktowe \u017ar\u00f3d\u0142o \u015bwiat\u0142a.<\/li>\n<\/ul>\n<p>Wyb\u00f3r odpowiedniego rodzaju plafonu zale\u017cy od indywidualnych preferencji, stylu wn\u0119trza oraz potrzeb o\u015bwietleniowych. Plafon materia\u0142owy mo\u017ce by\u0107 doskona\u0142ym wyborem dla os\u00f3b, kt\u00f3re ceni\u0105 sobie przytuln\u0105 atmosfer\u0119 i unikalny wygl\u0105d o\u015bwietlenia.<\/p>\n<h2>Rodzaje plafon\u00f3w materia\u0142owych<\/h2>\n<p>W\u015br\u00f3d rodzaj\u00f3w plafon\u00f3w z materia\u0142u mo\u017cna wyr\u00f3\u017cni\u0107 kilka popularnych typ\u00f3w, kt\u00f3re r\u00f3\u017cni\u0105 si\u0119 stylem, funkcjonalno\u015bci\u0105 oraz zastosowaniem. W tej cz\u0119\u015bci artyku\u0142u przyjrzymy si\u0119 bli\u017cej plafonom z materia\u0142owym aba\u017curem, bia\u0142ym plafonom oraz du\u017cym plafonom materia\u0142owym. Por\u00f3wnamy r\u00f3wnie\u017c okr\u0105g\u0142e plafony z kwadratowymi.<\/p>\n<div id=\"attachment_18272\" style=\"width: 1610px\" class=\"wp-caption aligncenter\"><img loading=\"lazy\" decoding=\"async\" aria-describedby=\"caption-attachment-18272\" class=\"size-full wp-image-18272\" src=\"https:\/\/www.smd-led.pl\/blog\/wp-content\/uploads\/2024\/02\/Rodzaje-plafonow-materialowych.png\" alt=\"Rodzaje plafon\u00f3w materia\u0142owych\" width=\"1600\" height=\"1400\" srcset=\"https:\/\/www.smd-led.pl\/blog\/wp-content\/uploads\/2024\/02\/Rodzaje-plafonow-materialowych.png 1600w, https:\/\/www.smd-led.pl\/blog\/wp-content\/uploads\/2024\/02\/Rodzaje-plafonow-materialowych-300x263.png 300w, https:\/\/www.smd-led.pl\/blog\/wp-content\/uploads\/2024\/02\/Rodzaje-plafonow-materialowych-1024x896.png 1024w, https:\/\/www.smd-led.pl\/blog\/wp-content\/uploads\/2024\/02\/Rodzaje-plafonow-materialowych-768x672.png 768w, https:\/\/www.smd-led.pl\/blog\/wp-content\/uploads\/2024\/02\/Rodzaje-plafonow-materialowych-1536x1344.png 1536w\" sizes=\"auto, (max-width: 1600px) 100vw, 1600px\" \/><p id=\"caption-attachment-18272\" class=\"wp-caption-text\">Rodzaje plafon\u00f3w materia\u0142owych<\/p><\/div>\n<p>&nbsp;<\/p>\n<h3>Plafony z materia\u0142owym aba\u017curem: styl i funkcjonalno\u015b\u0107<\/h3>\n<p><strong>Plafony z materia\u0142owym aba\u017curem<\/strong> to rodzaj plafon\u00f3w, kt\u00f3re \u0142\u0105cz\u0105 w sobie elegancj\u0119 i funkcjonalno\u015b\u0107. Wyr\u00f3\u017cniaj\u0105 si\u0119 one materia\u0142owym aba\u017curem, kt\u00f3ry mo\u017ce by\u0107 wykonany z r\u00f3\u017cnych tkanin, takich jak bawe\u0142na, len czy jedwab. <strong>Plafon aba\u017curowy<\/strong> charakteryzuje si\u0119 mi\u0119kkim i r\u00f3wnomiernym rozpraszaniem \u015bwiat\u0142a, co sprawia, \u017ce jest idealny do stworzenia przytulnej atmosfery w pomieszczeniu.<\/p>\n<h3>Bia\u0142y plafon materia\u0142owy: uniwersalno\u015b\u0107 i elegancja<\/h3>\n<p>Bia\u0142y plafon materia\u0142owy to doskona\u0142y wyb\u00f3r dla tych, kt\u00f3rzy ceni\u0105 sobie uniwersalno\u015b\u0107 i elegancj\u0119 w aran\u017cacji wn\u0119trz. Jego niew\u0105tpliw\u0105 zalet\u0105 jest zdolno\u015b\u0107 do wpasowania si\u0119 w r\u00f3\u017cnorodne style \u2013 od nowoczesnych, przez minimalistyczne, a\u017c po bardziej tradycyjne czy boho. W sypialni bia\u0142y plafon przyczynia si\u0119 do stworzenia spokojnej i relaksuj\u0105cej atmosfery, w salonie podkre\u015bla przestronno\u015b\u0107 i klasy, natomiast w kuchni mo\u017ce optycznie powi\u0119kszy\u0107 przestrze\u0144 oraz doda\u0107 jej \u015bwie\u017co\u015bci. Wybieraj\u0105c bia\u0142y plafon materia\u0142owy, inwestujemy w ponadczasowe rozwi\u0105zanie, kt\u00f3re b\u0119dzie s\u0142u\u017cy\u0142o estetyce wn\u0119trza przez d\u0142ugie lata, niezale\u017cnie od zmieniaj\u0105cych si\u0119 trend\u00f3w.<\/p>\n<div class=\"call-to-action-07\"><div class=\"call-to-action-07__product-box\"><img decoding=\"async\" src=\"https:\/\/www.smd-led.pl\/blog\/wp-content\/uploads\/2024\/02\/lampa-sufitowa-ziggy-white-white-gold-3xe27.webp\" alt=\"lampa-sufitowa-ziggy-white-white-gold-3xe27\" \/><span class=\"call-to-action-07__product-title\">LAMPA SUFITOWA ZIGGY WHITE WHITE\/GOLD 3XE27<\/span><a href=\"https:\/\/www.smd-led.pl\/lampa-sufitowa-ziggy-white-white-gold-3xe27-52132\" class=\"button\" id=\"plafon_materialowy_2\" target=\"_self\">Zobacz produkt<\/a><\/div><div class=\"call-to-action-07__product-box\"><img decoding=\"async\" src=\"https:\/\/www.smd-led.pl\/blog\/wp-content\/uploads\/2024\/02\/profil-led-wpuszczany-48.png\" alt=\"Lampa Sufitowa Senso Black\/Gold Kwadrat 500Mm 3Xe27\" \/><span class=\"call-to-action-07__product-title\">Lampa Sufitowa Senso Black\/Gold Kwadrat 500Mm 3Xe27<\/span><a href=\"https:\/\/www.smd-led.pl\/lampa-sufitowa-senso-black-gold-kwadrat-500mm-3xe27-52085\" class=\"button\" id=\"plafon_materialowy_2\" target=\"_self\">Zobacz produkt<\/a><\/div><div class=\"call-to-action-07__product-box\"><img decoding=\"async\" src=\"https:\/\/www.smd-led.pl\/blog\/wp-content\/uploads\/2024\/02\/profil-led-wpuszczany-49.png\" alt=\"Lampa Sufitowa Ziggy Green Gold\/Bottle Green 3Xe27\" \/><span class=\"call-to-action-07__product-title\">LAMPA SUFITOWA ZIGGY WHITE WHITE\/GOLD 2XE27<\/span><a href=\"https:\/\/www.smd-led.pl\/lampa-sufitowa-ziggy-green-gold-bottle-green-3xe27-52140\" class=\"button\" id=\"plafon_materialowy_2\" target=\"_self\">Zobacz produkt<\/a><\/div><\/div>\n<h3>Du\u017cy plafon materia\u0142owy: kiedy warto go wybra\u0107?<\/h3>\n<p><strong>Du\u017cy plafon materia\u0142owy<\/strong> to idealne rozwi\u0105zanie dla os\u00f3b, kt\u00f3re chc\u0105 stworzy\u0107 efektowne o\u015bwietlenie w du\u017cym pomieszczeniu. Du\u017ce plafony materia\u0142owe mog\u0105 mie\u0107 r\u00f3\u017cne kszta\u0142ty i wzory, co pozwala na dopasowanie ich do indywidualnych potrzeb i stylu wn\u0119trza. Warto wybra\u0107 du\u017cy plafon materia\u0142owy, je\u015bli chcemy uzyska\u0107 efekt dekoracyjny oraz r\u00f3wnomiernie rozproszone \u015bwiat\u0142o w przestronnych pomieszczeniach, takich jak salon, jadalnia czy sypialnia.<\/p>\n<h3>Okr\u0105g\u0142y plafon materia\u0142owy versus kwadratowe plafony: por\u00f3wnanie<\/h3>\n<p>Wybieraj\u0105c plafon materia\u0142owy, warto zastanowi\u0107 si\u0119 nad jego kszta\u0142tem, kt\u00f3ry odgrywa istotn\u0105 rol\u0119 w kszta\u0142towaniu charakteru wn\u0119trza. Okr\u0105g\u0142e plafony, dzi\u0119ki swoim mi\u0119kkim linom, wprowadzaj\u0105 do przestrzeni poczucie spokoju i harmonii, idealnie komponuj\u0105c si\u0119 z aran\u017cacjami, gdzie dominuje delikatno\u015b\u0107 i r\u00f3wnowaga. S\u0105 one doskona\u0142ym wyborem do wn\u0119trz urz\u0105dzonych w stylu skandynawskim, minimalistycznym czy te\u017c klasycznym, gdzie zaokr\u0105glone formy podkre\u015blaj\u0105 \u0142agodno\u015b\u0107 i przytulno\u015b\u0107 pomieszczenia.\u00a0Z kolei kwadratowe plafony, z ich wyra\u017anie zarysowan\u0105 geometri\u0105, wnioskuj\u0105 nowoczesno\u015b\u0107 i stanowi\u0105 wyrazisty element dekoracyjny. Ich proste i surowe linie \u015bwietnie odnajd\u0105 si\u0119 w nowoczesnych, industrialnych lub loftowych przestrzeniach, dodaj\u0105c im charakteru i podkre\u015blaj\u0105c oryginalno\u015b\u0107. Dla wn\u0119trz, kt\u00f3re maj\u0105 by\u0107 dynamiczne i pe\u0142ne indywidualnego stylu, kwadratowe plafony mog\u0105 stanowi\u0107 doskona\u0142y wyb\u00f3r.\u00a0Ostateczna decyzja pomi\u0119dzy okr\u0105g\u0142ym a kwadratowym plafonem materia\u0142owym powinna by\u0107 podyktowana nie tylko osobistymi preferencjami, ale tak\u017ce og\u00f3lnym koncepcj\u0105 aran\u017cacyjn\u0105 wn\u0119trza, tak aby plafon harmonijnie wsp\u00f3\u0142gra\u0142 z reszt\u0105 przestrzeni, tworz\u0105c sp\u00f3jn\u0105 i przemy\u015blan\u0105 kompozycj\u0119.<\/p>\n<div class=\"call-to-action-01\"><div class=\"call-to-action-01__txt-box\"><span class=\"call-to-action-01__txt-box-title\">Plafoniera LED \u2013 nowoczesne o\u015bwietlenie wn\u0119trz<\/span><p><p>Plafoniery LED to nowoczesne i energooszcz\u0119dne o\u015bwietlenie sufitowe do salonu, kuchni, sypialni i korytarza. Zapewniaj\u0105 r\u00f3wnomierne \u015bwiat\u0142o i stylowy wygl\u0105d wn\u0119trza.<\/p>\n<\/p><\/div><div class=\"call-to-action-01__img-box\" style=\"background-image: url('https:\/\/www.smd-led.pl\/blog\/wp-content\/uploads\/2024\/02\/profil-LED-wpuszczany-51.png')\"><\/div><div class=\"call-to-action-01__product-box\"><div class=\"call-to-action-01__product-img\"><img decoding=\"async\" src=\"https:\/\/www.smd-led.pl\/blog\/wp-content\/uploads\/2024\/02\/profil-led-wpuszczany-50.png\" alt=\"Plafoniera LED \u2013 nowoczesne o\u015bwietlenie do ka\u017cdego pomieszczenia\" \/><\/div><div class=\"call-to-action-01__product-info\"><span class=\"call-to-action-01__product-title\">Plafoniera LED \u2013 nowoczesne o\u015bwietlenie do ka\u017cdego domu<\/span><p><\/p><a href=\"http:\/\/smd-led.pl\/plafoniera-led\" class=\"button\" id=\"plafon_materialowy_1\" target=\"_self\">Zobacz produkt<\/a><\/div><\/div><\/div>\n<h2>Plafoniery materia\u0142owe i ich zastosowanie<\/h2>\n<p><strong>Plafoniery z materia\u0142u<\/strong> to popularne rozwi\u0105zanie o\u015bwietleniowe, kt\u00f3re \u0142\u0105czy w sobie funkcjonalno\u015b\u0107 i estetyk\u0119. W tej cz\u0119\u015bci artyku\u0142u om\u00f3wimy najlepsze zastosowania dla plafon\u00f3w materia\u0142owych, zalety materia\u0142owych lamp sufitowych oraz wp\u0142yw sufitowych plafonier na atmosfer\u0119 pomieszczenia.<\/p>\n<h3>Plafon sufitowy materia\u0142owy: gdzie najlepiej sprawdzi si\u0119 jego u\u017cycie?<\/h3>\n<p><strong>Plafony materia\u0142owe<\/strong> doskonale sprawdz\u0105 si\u0119 w r\u00f3\u017cnych pomieszczeniach, takich jak sypialnia, salon, jadalnia czy kuchnia. Dzi\u0119ki swojej uniwersalno\u015bci, plafoniery z materia\u0142u mog\u0105 by\u0107 stosowane zar\u00f3wno w nowoczesnych, jak i tradycyjnych aran\u017cacjach wn\u0119trz. W sypialni plafon sufitowy materia\u0142owy doda przytulno\u015bci i ciep\u0142a, a w salonie czy jadalni stworzy mi\u0142\u0105 atmosfer\u0119 do spotka\u0144 z rodzin\u0105 i przyjaci\u00f3\u0142mi. W kuchni natomiast, plafon materia\u0142owy mo\u017ce by\u0107 praktycznym rozwi\u0105zaniem, kt\u00f3re r\u00f3wnocze\u015bnie wprowadzi do wn\u0119trza elegancj\u0119 i styl.<\/p>\n<div id=\"attachment_18273\" style=\"width: 1610px\" class=\"wp-caption aligncenter\"><img loading=\"lazy\" decoding=\"async\" aria-describedby=\"caption-attachment-18273\" class=\"size-full wp-image-18273\" src=\"https:\/\/www.smd-led.pl\/blog\/wp-content\/uploads\/2024\/02\/Plafon-sufitowy-materialowy_-gdzie-najlepiej-sprawdzi-sie-jego-uzycie.png\" alt=\"Plafon sufitowy materia\u0142owy_ gdzie najlepiej sprawdzi si\u0119 jego u\u017cycie\" width=\"1600\" height=\"1400\" srcset=\"https:\/\/www.smd-led.pl\/blog\/wp-content\/uploads\/2024\/02\/Plafon-sufitowy-materialowy_-gdzie-najlepiej-sprawdzi-sie-jego-uzycie.png 1600w, https:\/\/www.smd-led.pl\/blog\/wp-content\/uploads\/2024\/02\/Plafon-sufitowy-materialowy_-gdzie-najlepiej-sprawdzi-sie-jego-uzycie-300x263.png 300w, https:\/\/www.smd-led.pl\/blog\/wp-content\/uploads\/2024\/02\/Plafon-sufitowy-materialowy_-gdzie-najlepiej-sprawdzi-sie-jego-uzycie-1024x896.png 1024w, https:\/\/www.smd-led.pl\/blog\/wp-content\/uploads\/2024\/02\/Plafon-sufitowy-materialowy_-gdzie-najlepiej-sprawdzi-sie-jego-uzycie-768x672.png 768w, https:\/\/www.smd-led.pl\/blog\/wp-content\/uploads\/2024\/02\/Plafon-sufitowy-materialowy_-gdzie-najlepiej-sprawdzi-sie-jego-uzycie-1536x1344.png 1536w\" sizes=\"auto, (max-width: 1600px) 100vw, 1600px\" \/><p id=\"caption-attachment-18273\" class=\"wp-caption-text\">Plafon sufitowy materia\u0142owy_ gdzie najlepiej sprawdzi si\u0119 jego u\u017cycie<\/p><\/div>\n<p>&nbsp;<\/p>\n<h3>Materia\u0142owe lampy sufitowe: praktyczne i estetyczne rozwi\u0105zanie<\/h3>\n<p><strong>Materia\u0142owe lampy sufitowe<\/strong> to \u015bwietny wyb\u00f3r dla os\u00f3b, kt\u00f3re ceni\u0105 sobie zar\u00f3wno funkcjonalno\u015b\u0107, jak i estetyk\u0119. Plafoniery z materia\u0142u charakteryzuj\u0105 si\u0119 mi\u0119kkim i r\u00f3wnomiernym rozpraszaniem \u015bwiat\u0142a, co sprawia, \u017ce s\u0105 idealne do stworzenia przytulnej atmosfery w pomieszczeniu. Ponadto, materia\u0142owe lampy sufitowe s\u0105 dost\u0119pne w r\u00f3\u017cnych kszta\u0142tach, wzorach i kolorach, co pozwala na dopasowanie ich do indywidualnych potrzeb i stylu wn\u0119trza. Warto zwr\u00f3ci\u0107 uwag\u0119 na jako\u015b\u0107 materia\u0142u, z kt\u00f3rego wykonane s\u0105 plafoniery, gdy\u017c wp\u0142ywa to na trwa\u0142o\u015b\u0107 i \u0142atwo\u015b\u0107 utrzymania czysto\u015bci.<\/p>\n<div class=\"call-to-action-01\"><div class=\"call-to-action-01__txt-box\"><span class=\"call-to-action-01__txt-box-title\">Plafony LED natynkowe \u2013 nowoczesne o\u015bwietlenie<\/span><p><p>Stylowe i energooszcz\u0119dne plafony LED natynkowe do salonu, kuchni, korytarza i biura.<\/p>\n<\/p><\/div><div class=\"call-to-action-01__img-box\" style=\"background-image: url('https:\/\/www.smd-led.pl\/blog\/wp-content\/uploads\/2024\/02\/profil-LED-wpuszczany-46.png')\"><\/div><div class=\"call-to-action-01__product-box\"><div class=\"call-to-action-01__product-img\"><img decoding=\"async\" src=\"https:\/\/www.smd-led.pl\/blog\/wp-content\/uploads\/2024\/02\/profil-led-wpuszczany-47.png\" alt=\"plafony LED natynkowe\" \/><\/div><div class=\"call-to-action-01__product-info\"><span class=\"call-to-action-01__product-title\"><\/span><p><\/p><a href=\"https:\/\/www.smd-led.pl\/plafon-led-natynkowy\" class=\"button\" id=\"plafon_materialowy_3\" target=\"_self\">Zobacz produkt<\/a><\/div><\/div><\/div>\n<h3>Sufitowe plafoniery: jak wp\u0142ywaj\u0105 na atmosfer\u0119 pomieszczenia?<\/h3>\n<p>Sufitowe plafoniery maj\u0105 znacz\u0105cy wp\u0142yw na atmosfer\u0119 pomieszczenia, gdy\u017c o\u015bwietlenie odgrywa kluczow\u0105 rol\u0119 w kszta\u0142towaniu nastroju i charakteru wn\u0119trza. Plafoniery z materia\u0142u, dzi\u0119ki swojej konstrukcji, zapewniaj\u0105 mi\u0119kkie i r\u00f3wnomiernie rozproszone \u015bwiat\u0142o, kt\u00f3re wprowadza do pomieszczenia przytulno\u015b\u0107 i ciep\u0142o. W zale\u017cno\u015bci od wybranego wzoru i koloru materia\u0142u, sufitowe plafoniery mog\u0105 r\u00f3wnie\u017c doda\u0107 wn\u0119trzu elegancji, nowoczesno\u015bci lub oryginalno\u015bci. Dob\u00f3r odpowiedniego plafonu materia\u0142owego pozwoli na stworzenie sp\u00f3jnej i harmonijnej aran\u017cacji wn\u0119trza, kt\u00f3ra b\u0119dzie odpowiada\u0107 indywidualnym preferencjom i potrzebom mieszka\u0144c\u00f3w.<\/p>\n<h2>Jak wybra\u0107 idealny plafon materia\u0142owy?<\/h2>\n<p>Wyb\u00f3r idealnego plafonu materia\u0142owego mo\u017ce by\u0107 nie\u0142atwym zadaniem, ale z pewno\u015bci\u0105 warto po\u015bwi\u0119ci\u0107 mu czas, aby uzyska\u0107 optymalne efekty o\u015bwietleniowe i estetyczne. W tej cz\u0119\u015bci artyku\u0142u przedstawimy porady dotycz\u0105ce wyboru <strong>aba\u017curu materia\u0142owego<\/strong>, \u017ar\u00f3d\u0142a \u015bwiat\u0142a oraz dopasowania plafonu do stylu pomieszczenia.<\/p>\n<div id=\"attachment_18274\" style=\"width: 1610px\" class=\"wp-caption aligncenter\"><img loading=\"lazy\" decoding=\"async\" aria-describedby=\"caption-attachment-18274\" class=\"size-full wp-image-18274\" src=\"https:\/\/www.smd-led.pl\/blog\/wp-content\/uploads\/2024\/02\/Jak-wybrac-idealny-plafon-materialowy.png\" alt=\"Jak wybra\u0107 idealny plafon materia\u0142owy\" width=\"1600\" height=\"1400\" srcset=\"https:\/\/www.smd-led.pl\/blog\/wp-content\/uploads\/2024\/02\/Jak-wybrac-idealny-plafon-materialowy.png 1600w, https:\/\/www.smd-led.pl\/blog\/wp-content\/uploads\/2024\/02\/Jak-wybrac-idealny-plafon-materialowy-300x263.png 300w, https:\/\/www.smd-led.pl\/blog\/wp-content\/uploads\/2024\/02\/Jak-wybrac-idealny-plafon-materialowy-1024x896.png 1024w, https:\/\/www.smd-led.pl\/blog\/wp-content\/uploads\/2024\/02\/Jak-wybrac-idealny-plafon-materialowy-768x672.png 768w, https:\/\/www.smd-led.pl\/blog\/wp-content\/uploads\/2024\/02\/Jak-wybrac-idealny-plafon-materialowy-1536x1344.png 1536w\" sizes=\"auto, (max-width: 1600px) 100vw, 1600px\" \/><p id=\"caption-attachment-18274\" class=\"wp-caption-text\">Jak wybra\u0107 idealny plafon materia\u0142owy<\/p><\/div>\n<p>&nbsp;<\/p>\n<h3>Jakie \u017ar\u00f3d\u0142o \u015bwiat\u0142a wybra\u0107 do plafonu materia\u0142owego?<\/h3>\n<div class=\"react-scroll-to-bottom--css-xmhji-1n7m0yu\">\n<div class=\"flex flex-col pb-9 text-sm\">\n<div class=\"w-full text-token-text-primary sm:AIPRM__conversation__response\" data-testid=\"conversation-turn-5\">\n<div class=\"px-4 py-2 justify-center text-base md:gap-6 m-auto\">\n<div class=\"flex flex-1 text-base mx-auto gap-3 md:px-5 lg:px-1 xl:px-5 md:max-w-3xl lg:max-w-[40rem] xl:max-w-[48rem] group final-completion\">\n<div class=\"relative flex w-full flex-col agent-turn\">\n<div class=\"flex-col gap-1 md:gap-3\">\n<div class=\"flex flex-grow flex-col max-w-full\">\n<div class=\"min-h-[20px] text-message flex flex-col items-start gap-3 whitespace-pre-wrap break-words [.text-message+&amp;]:mt-5 overflow-x-auto\" data-message-author-role=\"assistant\" data-message-id=\"eb19af80-2dd3-4539-a55b-204fdd4e489d\">\n<div class=\"markdown prose w-full break-words dark:prose-invert light AIPRM__conversation__response\">\n<p>Wybieraj\u0105c \u017ar\u00f3d\u0142o \u015bwiat\u0142a do plafonu materia\u0142owego, kluczowe jest zastanowienie si\u0119 nad typem \u017car\u00f3wki i jej charakterystykami. Energooszcz\u0119dne <a href=\"https:\/\/www.smd-led.pl\/zarowki-led\" data-internallinksmanager029f6b8e52c=\"20\" title=\"\u017bar\u00f3wki LED\">\u017car\u00f3wki Led<\/a> oferuj\u0105 d\u0142ug\u0105 \u017cywotno\u015b\u0107 i mniejsze zu\u017cycie energii, cho\u0107 ich cena zakupu mo\u017ce by\u0107 wy\u017csza. Wa\u017cny jest r\u00f3wnie\u017c wyb\u00f3r temperatury barwowej: ciep\u0142e \u015bwiat\u0142o tworzy przytuln\u0105 atmosfer\u0119 idealne do relaksu w pokoju dziennym, neutralne pasuje do wi\u0119kszo\u015bci zastosowa\u0144, a zimne \u015bwiat\u0142o sprawdza si\u0119 w miejscach wymagaj\u0105cych koncentracji. Ponadto, nale\u017cy dostosowa\u0107 moc \u015bwiat\u0142a do rozmiaru pomieszczenia, aby zapewni\u0107 odpowiedni strumie\u0144 \u015bwietlny. Odpowiedni dob\u00f3r tych element\u00f3w pozwoli na stworzenie optymalnych warunk\u00f3w o\u015bwietleniowych, harmonijnie \u0142\u0105cz\u0105c funkcjonalno\u015b\u0107 z estetyk\u0105.<\/p>\n<\/div>\n<\/div>\n<\/div>\n<\/div>\n<\/div>\n<\/div>\n<\/div>\n<\/div>\n<\/div>\n<\/div>\n<div id=\"AIPRM__sidebar-icon\" class=\"AIPRM__p-2 AIPRM__top-12 md:AIPRM__top-2 AIPRM__p-2 AIPRM__items-center AIPRM__transition-colors AIPRM__duration-200 AIPRM__cursor-pointer AIPRM__text-sm AIPRM__rounded-md AIPRM__border AIPRM__bg-white dark:AIPRM__bg-gray-900 AIPRM__border-black\/10 dark:AIPRM__border-white\/20 hover:AIPRM__bg-gray-50 dark:hover:AIPRM__bg-gray-850 AIPRM__cursor-pointer AIPRM__fixed AIPRM__right-4 AIPRM__z-30\" title=\"Open AIPRM sidebar\"><div class=\"call-to-action-01\"><div class=\"call-to-action-01__txt-box\"><span class=\"call-to-action-01__txt-box-title\">Plafony LED z czujnikiem ruchu \u2013 wygodne o\u015bwietlenie<\/span><p><p data-start=\"292\" data-end=\"530\">Automatyczne \u015bwiat\u0142o do korytarza, gara\u017cu czy klatki schodowej. Oszcz\u0119dne i praktyczne o\u015bwietlenie LED.<\/p>\n<\/p><\/div><div class=\"call-to-action-01__img-box\" style=\"background-image: url('https:\/\/www.smd-led.pl\/blog\/wp-content\/uploads\/2024\/02\/plafony.png')\"><\/div><div class=\"call-to-action-01__product-box\"><div class=\"call-to-action-01__product-img\"><img decoding=\"async\" src=\"https:\/\/www.smd-led.pl\/blog\/wp-content\/uploads\/2024\/02\/profil-led-wpuszczany-45.png\" alt=\"Plafony LED z czujnikiem ruchu\" \/><\/div><div class=\"call-to-action-01__product-info\"><span class=\"call-to-action-01__product-title\"><\/span><p><\/p><a href=\"https:\/\/www.smd-led.pl\/plafon-led-z-czujnikiem-ruchu\" class=\"button\" id=\"plafon_materialowy_4\" target=\"_self\">Zobacz produkt<\/a><\/div><\/div><\/div><\/div>\n<h3>Klasyczne lampy sufitowe czy plafoniery z materia\u0142u: co lepiej pasuje do Twojego wn\u0119trza?<\/h3>\n<p>Wybieraj\u0105c o\u015bwietlenie sufitowe, wa\u017cne jest rozwa\u017cenie, czy preferujemy klasyczne lampy sufitowe, kt\u00f3re wprowadzaj\u0105 tradycyjny charakter do wn\u0119trza, czy mo\u017ce plafony materia\u0142owe, dodaj\u0105ce nowoczesno\u015bci i elegancji. Plafoniery z materia\u0142u wyr\u00f3\u017cniaj\u0105 si\u0119 nie tylko wsp\u00f3\u0142czesnym designem, ale r\u00f3wnie\u017c zdolno\u015bci\u0105 do mi\u0119kkiego, r\u00f3wnomiernego rozpraszania \u015bwiat\u0142a, co jest kluczowe dla stworzenia przytulnej atmosfery w domu. Z kolei bogata paleta wzor\u00f3w i kolor\u00f3w plafon\u00f3w materia\u0142owych pozwala na \u0142atwe dopasowanie ich do indywidualnego gustu i stylu aran\u017cacyjnego pomieszczenia. Decyduj\u0105c si\u0119 na konkretny typ o\u015bwietlenia, warto pomy\u015ble\u0107, jak b\u0119dzie on komponowa\u0142 si\u0119 z reszt\u0105 wn\u0119trza, zar\u00f3wno pod wzgl\u0119dem estetycznym, jak i funkcjonalnym, aby ostatecznie wybra\u0107 rozwi\u0105zanie, kt\u00f3re najlepiej odpowiada naszym potrzebom i oczekiwaniom.<\/p>\n<h3>Jak dopasowa\u0107 plafon materia\u0142owy do stylu pomieszczenia?<\/h3>\n<p>Dopasowanie plafonu materia\u0142owego do stylu wn\u0119trza, niezale\u017cnie od tego, czy jest to pok\u00f3j dzieci\u0119cy, salon, sypialnia, czy przedpok\u00f3j, wymaga uwzgl\u0119dnienia kilku kluczowych aspekt\u00f3w. Wa\u017cne jest, aby plafon by\u0142 zgodny z panuj\u0105cym stylem \u2013 czy to nowoczesno\u015bci\u0105, minimalizmem, czy te\u017c klimatem boho czy skandynawskim. Kolorystyka plafonu powinna harmonizowa\u0107 z barwami wn\u0119trza, tworz\u0105c sp\u00f3jny obraz. W pokojach dzieci\u0119cych, gdzie cz\u0119sto dominuje wi\u0119ksza swoboda w doborze kolor\u00f3w i wzor\u00f3w, plafon z ciekawym motywem mo\u017ce sta\u0107 si\u0119 centralnym punktem aran\u017cacji. W salonie czy sypialni, gdzie szukamy spokoju i harmonii, warto postawi\u0107 na subteln\u0105 elegancj\u0119, dopasowuj\u0105c plafon do og\u00f3lnej koncepcji kolorystycznej i stylistycznej. W przedpokoju, kt\u00f3ry jest wizyt\u00f3wk\u0105 domu, plafon mo\u017ce stanowi\u0107 stylowy akcent witaj\u0105cy go\u015bci. Kluczowe jest wi\u0119c zwr\u00f3cenie uwagi na jako\u015b\u0107, \u017ar\u00f3d\u0142o \u015bwiat\u0142a i zgodno\u015b\u0107 plafonu materia\u0142owego z charakterem wn\u0119trza, aby osi\u0105gn\u0105\u0107 po\u017c\u0105dany efekt estetyczny i funkcjonalny.<\/p>\n<div id=\"attachment_18275\" style=\"width: 1610px\" class=\"wp-caption aligncenter\"><img loading=\"lazy\" decoding=\"async\" aria-describedby=\"caption-attachment-18275\" class=\"size-full wp-image-18275\" src=\"https:\/\/www.smd-led.pl\/blog\/wp-content\/uploads\/2024\/02\/Jak-dopasowac-plafon-materialowy-do-stylu-pomieszczenia.png\" alt=\"Jak dopasowa\u0107 plafon materia\u0142owy do stylu pomieszczenia\" width=\"1600\" height=\"1400\" srcset=\"https:\/\/www.smd-led.pl\/blog\/wp-content\/uploads\/2024\/02\/Jak-dopasowac-plafon-materialowy-do-stylu-pomieszczenia.png 1600w, https:\/\/www.smd-led.pl\/blog\/wp-content\/uploads\/2024\/02\/Jak-dopasowac-plafon-materialowy-do-stylu-pomieszczenia-300x263.png 300w, https:\/\/www.smd-led.pl\/blog\/wp-content\/uploads\/2024\/02\/Jak-dopasowac-plafon-materialowy-do-stylu-pomieszczenia-1024x896.png 1024w, https:\/\/www.smd-led.pl\/blog\/wp-content\/uploads\/2024\/02\/Jak-dopasowac-plafon-materialowy-do-stylu-pomieszczenia-768x672.png 768w, https:\/\/www.smd-led.pl\/blog\/wp-content\/uploads\/2024\/02\/Jak-dopasowac-plafon-materialowy-do-stylu-pomieszczenia-1536x1344.png 1536w\" sizes=\"auto, (max-width: 1600px) 100vw, 1600px\" \/><p id=\"caption-attachment-18275\" class=\"wp-caption-text\">Jak dopasowa\u0107 plafon materia\u0142owy do stylu pomieszczenia<\/p><\/div>\n<p>&nbsp;<\/p>\n<h2>Podsumowanie<\/h2>\n<p>W artykule om\u00f3wili\u015bmy r\u00f3\u017cne aspekty zwi\u0105zane z <strong>plafonami materia\u0142owymi<\/strong>, takie jak ich rodzaje, zastosowania oraz porady dotycz\u0105ce wyboru idealnego plafonu. Plafony materia\u0142owe s\u0105 nowoczesnym i eleganckim rozwi\u0105zaniem o\u015bwietleniowym, kt\u00f3re pozwala na stworzenie przytulnej atmosfery w pomieszczeniu. Warto zwr\u00f3ci\u0107 uwag\u0119 na takie elementy jak rodzaj aba\u017curu, \u017ar\u00f3d\u0142o \u015bwiat\u0142a oraz dopasowanie do stylu wn\u0119trza. Pami\u0119tajmy r\u00f3wnie\u017c o por\u00f3wnaniu plafon\u00f3w materia\u0142owych z klasycznymi lampami sufitowymi, aby wybra\u0107 o\u015bwietlenie najlepiej pasuj\u0105ce do naszych potrzeb i preferencji. Podczas wyboru plafonu materia\u0142owego warto zwr\u00f3ci\u0107 uwag\u0119 na jego jako\u015b\u0107, \u017ar\u00f3d\u0142o \u015bwiat\u0142a oraz dopasowanie do stylu wn\u0119trza. Tylko wtedy mo\u017cna uzyska\u0107 optymalne efekty o\u015bwietleniowe i estetyczne, kt\u00f3re b\u0119d\u0105 cieszy\u0107 oko i wprowadza\u0107 przytuln\u0105 atmosfer\u0119 do pomieszczenia. Niezale\u017cnie od tego, czy wybieramy plafon z materia\u0142owym aba\u017curem, lniany, bia\u0142y, du\u017cy czy okr\u0105g\u0142y, wa\u017cne jest, aby dokona\u0107 \u015bwiadomego wyboru, kt\u00f3ry przyczyni si\u0119 do stworzenia harmonijnej i funkcjonalnej aran\u017cacji wn\u0119trza.<\/p>\n","protected":false},"excerpt":{"rendered":"<p>W dzisiejszych czasach, plafon materia\u0142owy sta\u0142 si\u0119 popularnym wyborem w\u015br\u00f3d os\u00f3b poszukuj\u0105cych stylowych i funkcjonalnych [&hellip;]<\/p>\n","protected":false},"author":7,"featured_media":18277,"comment_status":"closed","ping_status":"closed","sticky":false,"template":"","format":"standard","meta":{"inline_featured_image":false,"footnotes":""},"categories":[1],"tags":[],"class_list":["post-18268","post","type-post","status-publish","format-standard","has-post-thumbnail","hentry","category-bez-kategorii"],"acf":[],"yoast_head":"<!-- This site is optimized with the Yoast SEO Premium plugin v26.8 (Yoast SEO v26.8) - https:\/\/yoast.com\/product\/yoast-seo-premium-wordpress\/ -->\n<title>Plafon materia\u0142owy - SMD-LED<\/title>\n<meta name=\"description\" content=\"Plafon materia\u0142owy: odkryj jego zalety i mo\u017cliwo\u015bci! Zapraszamy do lektury na naszym blogu, gdzie czekaj\u0105 inspiracje i porady.\" \/>\n<meta name=\"robots\" content=\"index, follow, max-snippet:-1, max-image-preview:large, max-video-preview:-1\" \/>\n<link rel=\"canonical\" href=\"https:\/\/www.smd-led.pl\/blog\/plafon-materialowy\/\" \/>\n<meta property=\"og:locale\" content=\"pl_PL\" \/>\n<meta property=\"og:type\" content=\"article\" \/>\n<meta property=\"og:title\" content=\"Plafon materia\u0142owy\" \/>\n<meta property=\"og:description\" content=\"Plafon materia\u0142owy: odkryj jego zalety i mo\u017cliwo\u015bci! Zapraszamy do lektury na naszym blogu, gdzie czekaj\u0105 inspiracje i porady.\" \/>\n<meta property=\"og:url\" content=\"https:\/\/www.smd-led.pl\/blog\/plafon-materialowy\/\" \/>\n<meta property=\"og:site_name\" content=\"SMD-LED\" \/>\n<meta property=\"article:published_time\" content=\"2024-02-15T11:00:34+00:00\" \/>\n<meta property=\"article:modified_time\" content=\"2024-02-15T12:07:13+00:00\" \/>\n<meta property=\"og:image\" content=\"https:\/\/www.smd-led.pl\/blog\/wp-content\/uploads\/2024\/02\/Plafon-materialowy-1.png\" \/>\n\t<meta property=\"og:image:width\" content=\"475\" \/>\n\t<meta property=\"og:image:height\" content=\"267\" \/>\n\t<meta property=\"og:image:type\" content=\"image\/png\" \/>\n<meta name=\"author\" content=\"Marcin Pietrasik\" \/>\n<meta name=\"twitter:card\" content=\"summary_large_image\" \/>\n<meta name=\"twitter:label1\" content=\"Napisane przez\" \/>\n\t<meta name=\"twitter:data1\" content=\"Marcin Pietrasik\" \/>\n\t<meta name=\"twitter:label2\" content=\"Szacowany czas czytania\" \/>\n\t<meta name=\"twitter:data2\" content=\"12 minut\" \/>\n<script type=\"application\/ld+json\" class=\"yoast-schema-graph\">{\"@context\":\"https:\/\/schema.org\",\"@graph\":[{\"@type\":\"Article\",\"@id\":\"https:\/\/www.smd-led.pl\/blog\/plafon-materialowy\/#article\",\"isPartOf\":{\"@id\":\"https:\/\/www.smd-led.pl\/blog\/plafon-materialowy\/\"},\"author\":{\"name\":\"Marcin Pietrasik\",\"@id\":\"https:\/\/www.smd-led.pl\/blog\/#\/schema\/person\/887fa24be503d7ae726f67021d1623f5\"},\"headline\":\"Plafon materia\u0142owy\",\"datePublished\":\"2024-02-15T11:00:34+00:00\",\"dateModified\":\"2024-02-15T12:07:13+00:00\",\"mainEntityOfPage\":{\"@id\":\"https:\/\/www.smd-led.pl\/blog\/plafon-materialowy\/\"},\"wordCount\":2293,\"image\":{\"@id\":\"https:\/\/www.smd-led.pl\/blog\/plafon-materialowy\/#primaryimage\"},\"thumbnailUrl\":\"https:\/\/www.smd-led.pl\/blog\/wp-content\/uploads\/2024\/02\/Plafon-materialowy-1.png\",\"inLanguage\":\"pl-PL\"},{\"@type\":\"WebPage\",\"@id\":\"https:\/\/www.smd-led.pl\/blog\/plafon-materialowy\/\",\"url\":\"https:\/\/www.smd-led.pl\/blog\/plafon-materialowy\/\",\"name\":\"Plafon materia\u0142owy - SMD-LED\",\"isPartOf\":{\"@id\":\"https:\/\/www.smd-led.pl\/blog\/#website\"},\"primaryImageOfPage\":{\"@id\":\"https:\/\/www.smd-led.pl\/blog\/plafon-materialowy\/#primaryimage\"},\"image\":{\"@id\":\"https:\/\/www.smd-led.pl\/blog\/plafon-materialowy\/#primaryimage\"},\"thumbnailUrl\":\"https:\/\/www.smd-led.pl\/blog\/wp-content\/uploads\/2024\/02\/Plafon-materialowy-1.png\",\"datePublished\":\"2024-02-15T11:00:34+00:00\",\"dateModified\":\"2024-02-15T12:07:13+00:00\",\"author\":{\"@id\":\"https:\/\/www.smd-led.pl\/blog\/#\/schema\/person\/887fa24be503d7ae726f67021d1623f5\"},\"description\":\"Plafon materia\u0142owy: odkryj jego zalety i mo\u017cliwo\u015bci! Zapraszamy do lektury na naszym blogu, gdzie czekaj\u0105 inspiracje i porady.\",\"breadcrumb\":{\"@id\":\"https:\/\/www.smd-led.pl\/blog\/plafon-materialowy\/#breadcrumb\"},\"inLanguage\":\"pl-PL\",\"potentialAction\":[{\"@type\":\"ReadAction\",\"target\":[\"https:\/\/www.smd-led.pl\/blog\/plafon-materialowy\/\"]}]},{\"@type\":\"ImageObject\",\"inLanguage\":\"pl-PL\",\"@id\":\"https:\/\/www.smd-led.pl\/blog\/plafon-materialowy\/#primaryimage\",\"url\":\"https:\/\/www.smd-led.pl\/blog\/wp-content\/uploads\/2024\/02\/Plafon-materialowy-1.png\",\"contentUrl\":\"https:\/\/www.smd-led.pl\/blog\/wp-content\/uploads\/2024\/02\/Plafon-materialowy-1.png\",\"width\":475,\"height\":267,\"caption\":\"Plafon materia\u0142owy (1)\"},{\"@type\":\"BreadcrumbList\",\"@id\":\"https:\/\/www.smd-led.pl\/blog\/plafon-materialowy\/#breadcrumb\",\"itemListElement\":[{\"@type\":\"ListItem\",\"position\":1,\"name\":\"Strona g\u0142\u00f3wna\",\"item\":\"https:\/\/www.smd-led.pl\/blog\/\"},{\"@type\":\"ListItem\",\"position\":2,\"name\":\"Plafon materia\u0142owy\"}]},{\"@type\":\"WebSite\",\"@id\":\"https:\/\/www.smd-led.pl\/blog\/#website\",\"url\":\"https:\/\/www.smd-led.pl\/blog\/\",\"name\":\"SMD-LED\",\"description\":\"O\u015bwietlenie Led do domu i przemys\u0142u porady, testy i opinie ekspert\u00f3w\",\"potentialAction\":[{\"@type\":\"SearchAction\",\"target\":{\"@type\":\"EntryPoint\",\"urlTemplate\":\"https:\/\/www.smd-led.pl\/blog\/?s={search_term_string}\"},\"query-input\":{\"@type\":\"PropertyValueSpecification\",\"valueRequired\":true,\"valueName\":\"search_term_string\"}}],\"inLanguage\":\"pl-PL\"},{\"@type\":\"Person\",\"@id\":\"https:\/\/www.smd-led.pl\/blog\/#\/schema\/person\/887fa24be503d7ae726f67021d1623f5\",\"name\":\"Marcin Pietrasik\",\"image\":{\"@type\":\"ImageObject\",\"inLanguage\":\"pl-PL\",\"@id\":\"https:\/\/www.smd-led.pl\/blog\/#\/schema\/person\/image\/\",\"url\":\"https:\/\/secure.gravatar.com\/avatar\/c886f4ccbb5c83b665ee8b66f0b3401128439bc832dca6389b6e67c6bdc3d38b?s=96&d=mm&r=g\",\"contentUrl\":\"https:\/\/secure.gravatar.com\/avatar\/c886f4ccbb5c83b665ee8b66f0b3401128439bc832dca6389b6e67c6bdc3d38b?s=96&d=mm&r=g\",\"caption\":\"Marcin Pietrasik\"},\"url\":\"https:\/\/www.smd-led.pl\/blog\/author\/mpietrasik\/\"}]}<\/script>\n<!-- \/ Yoast SEO Premium plugin. -->","yoast_head_json":{"title":"Plafon materia\u0142owy - SMD-LED","description":"Plafon materia\u0142owy: odkryj jego zalety i mo\u017cliwo\u015bci! Zapraszamy do lektury na naszym blogu, gdzie czekaj\u0105 inspiracje i porady.","robots":{"index":"index","follow":"follow","max-snippet":"max-snippet:-1","max-image-preview":"max-image-preview:large","max-video-preview":"max-video-preview:-1"},"canonical":"https:\/\/www.smd-led.pl\/blog\/plafon-materialowy\/","og_locale":"pl_PL","og_type":"article","og_title":"Plafon materia\u0142owy","og_description":"Plafon materia\u0142owy: odkryj jego zalety i mo\u017cliwo\u015bci! Zapraszamy do lektury na naszym blogu, gdzie czekaj\u0105 inspiracje i porady.","og_url":"https:\/\/www.smd-led.pl\/blog\/plafon-materialowy\/","og_site_name":"SMD-LED","article_published_time":"2024-02-15T11:00:34+00:00","article_modified_time":"2024-02-15T12:07:13+00:00","og_image":[{"width":475,"height":267,"url":"https:\/\/www.smd-led.pl\/blog\/wp-content\/uploads\/2024\/02\/Plafon-materialowy-1.png","type":"image\/png"}],"author":"Marcin Pietrasik","twitter_card":"summary_large_image","twitter_misc":{"Napisane przez":"Marcin Pietrasik","Szacowany czas czytania":"12 minut"},"schema":{"@context":"https:\/\/schema.org","@graph":[{"@type":"Article","@id":"https:\/\/www.smd-led.pl\/blog\/plafon-materialowy\/#article","isPartOf":{"@id":"https:\/\/www.smd-led.pl\/blog\/plafon-materialowy\/"},"author":{"name":"Marcin Pietrasik","@id":"https:\/\/www.smd-led.pl\/blog\/#\/schema\/person\/887fa24be503d7ae726f67021d1623f5"},"headline":"Plafon materia\u0142owy","datePublished":"2024-02-15T11:00:34+00:00","dateModified":"2024-02-15T12:07:13+00:00","mainEntityOfPage":{"@id":"https:\/\/www.smd-led.pl\/blog\/plafon-materialowy\/"},"wordCount":2293,"image":{"@id":"https:\/\/www.smd-led.pl\/blog\/plafon-materialowy\/#primaryimage"},"thumbnailUrl":"https:\/\/www.smd-led.pl\/blog\/wp-content\/uploads\/2024\/02\/Plafon-materialowy-1.png","inLanguage":"pl-PL"},{"@type":"WebPage","@id":"https:\/\/www.smd-led.pl\/blog\/plafon-materialowy\/","url":"https:\/\/www.smd-led.pl\/blog\/plafon-materialowy\/","name":"Plafon materia\u0142owy - SMD-LED","isPartOf":{"@id":"https:\/\/www.smd-led.pl\/blog\/#website"},"primaryImageOfPage":{"@id":"https:\/\/www.smd-led.pl\/blog\/plafon-materialowy\/#primaryimage"},"image":{"@id":"https:\/\/www.smd-led.pl\/blog\/plafon-materialowy\/#primaryimage"},"thumbnailUrl":"https:\/\/www.smd-led.pl\/blog\/wp-content\/uploads\/2024\/02\/Plafon-materialowy-1.png","datePublished":"2024-02-15T11:00:34+00:00","dateModified":"2024-02-15T12:07:13+00:00","author":{"@id":"https:\/\/www.smd-led.pl\/blog\/#\/schema\/person\/887fa24be503d7ae726f67021d1623f5"},"description":"Plafon materia\u0142owy: odkryj jego zalety i mo\u017cliwo\u015bci! Zapraszamy do lektury na naszym blogu, gdzie czekaj\u0105 inspiracje i porady.","breadcrumb":{"@id":"https:\/\/www.smd-led.pl\/blog\/plafon-materialowy\/#breadcrumb"},"inLanguage":"pl-PL","potentialAction":[{"@type":"ReadAction","target":["https:\/\/www.smd-led.pl\/blog\/plafon-materialowy\/"]}]},{"@type":"ImageObject","inLanguage":"pl-PL","@id":"https:\/\/www.smd-led.pl\/blog\/plafon-materialowy\/#primaryimage","url":"https:\/\/www.smd-led.pl\/blog\/wp-content\/uploads\/2024\/02\/Plafon-materialowy-1.png","contentUrl":"https:\/\/www.smd-led.pl\/blog\/wp-content\/uploads\/2024\/02\/Plafon-materialowy-1.png","width":475,"height":267,"caption":"Plafon materia\u0142owy (1)"},{"@type":"BreadcrumbList","@id":"https:\/\/www.smd-led.pl\/blog\/plafon-materialowy\/#breadcrumb","itemListElement":[{"@type":"ListItem","position":1,"name":"Strona g\u0142\u00f3wna","item":"https:\/\/www.smd-led.pl\/blog\/"},{"@type":"ListItem","position":2,"name":"Plafon materia\u0142owy"}]},{"@type":"WebSite","@id":"https:\/\/www.smd-led.pl\/blog\/#website","url":"https:\/\/www.smd-led.pl\/blog\/","name":"SMD-LED","description":"O\u015bwietlenie Led do domu i przemys\u0142u porady, testy i opinie ekspert\u00f3w","potentialAction":[{"@type":"SearchAction","target":{"@type":"EntryPoint","urlTemplate":"https:\/\/www.smd-led.pl\/blog\/?s={search_term_string}"},"query-input":{"@type":"PropertyValueSpecification","valueRequired":true,"valueName":"search_term_string"}}],"inLanguage":"pl-PL"},{"@type":"Person","@id":"https:\/\/www.smd-led.pl\/blog\/#\/schema\/person\/887fa24be503d7ae726f67021d1623f5","name":"Marcin Pietrasik","image":{"@type":"ImageObject","inLanguage":"pl-PL","@id":"https:\/\/www.smd-led.pl\/blog\/#\/schema\/person\/image\/","url":"https:\/\/secure.gravatar.com\/avatar\/c886f4ccbb5c83b665ee8b66f0b3401128439bc832dca6389b6e67c6bdc3d38b?s=96&d=mm&r=g","contentUrl":"https:\/\/secure.gravatar.com\/avatar\/c886f4ccbb5c83b665ee8b66f0b3401128439bc832dca6389b6e67c6bdc3d38b?s=96&d=mm&r=g","caption":"Marcin Pietrasik"},"url":"https:\/\/www.smd-led.pl\/blog\/author\/mpietrasik\/"}]}},"_links":{"self":[{"href":"https:\/\/www.smd-led.pl\/blog\/wp-json\/wp\/v2\/posts\/18268","targetHints":{"allow":["GET"]}}],"collection":[{"href":"https:\/\/www.smd-led.pl\/blog\/wp-json\/wp\/v2\/posts"}],"about":[{"href":"https:\/\/www.smd-led.pl\/blog\/wp-json\/wp\/v2\/types\/post"}],"author":[{"embeddable":true,"href":"https:\/\/www.smd-led.pl\/blog\/wp-json\/wp\/v2\/users\/7"}],"replies":[{"embeddable":true,"href":"https:\/\/www.smd-led.pl\/blog\/wp-json\/wp\/v2\/comments?post=18268"}],"version-history":[{"count":7,"href":"https:\/\/www.smd-led.pl\/blog\/wp-json\/wp\/v2\/posts\/18268\/revisions"}],"predecessor-version":[{"id":18327,"href":"https:\/\/www.smd-led.pl\/blog\/wp-json\/wp\/v2\/posts\/18268\/revisions\/18327"}],"wp:featuredmedia":[{"embeddable":true,"href":"https:\/\/www.smd-led.pl\/blog\/wp-json\/wp\/v2\/media\/18277"}],"wp:attachment":[{"href":"https:\/\/www.smd-led.pl\/blog\/wp-json\/wp\/v2\/media?parent=18268"}],"wp:term":[{"taxonomy":"category","embeddable":true,"href":"https:\/\/www.smd-led.pl\/blog\/wp-json\/wp\/v2\/categories?post=18268"},{"taxonomy":"post_tag","embeddable":true,"href":"https:\/\/www.smd-led.pl\/blog\/wp-json\/wp\/v2\/tags?post=18268"}],"curies":[{"name":"wp","href":"https:\/\/api.w.org\/{rel}","templated":true}]}}