{"id":18551,"date":"2024-12-08T16:59:10","date_gmt":"2024-12-08T15:59:10","guid":{"rendered":"https:\/\/www.smd-led.pl\/blog\/?p=18551"},"modified":"2024-12-09T14:06:02","modified_gmt":"2024-12-09T13:06:02","slug":"napiecie-elektryczne-definicje-rodzaje-i-zastosowania","status":"publish","type":"post","link":"https:\/\/www.smd-led.pl\/blog\/napiecie-elektryczne-definicje-rodzaje-i-zastosowania\/","title":{"rendered":"Napi\u0119cie elektryczne: Definicje, Rodzaje i Zastosowania"},"content":{"rendered":"<p><strong>Napi\u0119cie elektryczne<\/strong>, znane r\u00f3wnie\u017c jako r\u00f3\u017cnica potencja\u0142\u00f3w, to jedno z kluczowych poj\u0119\u0107 w elektrotechnice. Mierzone w <strong>woltach (V)<\/strong>, odnosi si\u0119 do r\u00f3\u017cnicy potencja\u0142\u00f3w elektrycznych mi\u0119dzy dwoma punktami w obwodzie lub polu elektrycznym. To w\u0142a\u015bnie ono sprawia, \u017ce pr\u0105d mo\u017ce p\u0142yn\u0105\u0107. Bez napi\u0119cia, projektowanie czy analiza system\u00f3w elektrycznych by\u0142yby praktycznie niemo\u017cliwe.<\/p>\n<p>W naszym codziennym \u017cyciu <strong>napi\u0119cie elektryczne<\/strong> jest wszechobecne \u2013 od zasilania domowych urz\u0105dze\u0144, po zaawansowane systemy przemys\u0142owe. Zrozumienie, czym dok\u0142adnie jest napi\u0119cie, jakie s\u0105 jego rodzaje i gdzie znajduje zastosowanie, mo\u017ce okaza\u0107 si\u0119 przydatne nie tylko dla in\u017cynier\u00f3w. Ka\u017cdy, kto chce lepiej poj\u0105\u0107 technologi\u0119 otaczaj\u0105c\u0105 nas na co dzie\u0144, skorzysta z tej wiedzy.<\/p>\n<p>Jakie istniej\u0105 rodzaje napi\u0119\u0107 elektrycznych? Jak wp\u0142ywaj\u0105 na nasze \u017cycie? I gdzie znajduj\u0105 swoje praktyczne zastosowanie? Odpowiedzi na te pytania nie tylko zaspokoj\u0105 Twoj\u0105 ciekawo\u015b\u0107, ale tak\u017ce pomog\u0105 lepiej wykorzysta\u0107 technologi\u0119 elektryczn\u0105 w codziennych sytuacjach.<\/p>\n<div id=\"attachment_18554\" style=\"width: 1910px\" class=\"wp-caption aligncenter\"><img loading=\"lazy\" decoding=\"async\" aria-describedby=\"caption-attachment-18554\" class=\"size-full wp-image-18554\" src=\"https:\/\/www.smd-led.pl\/blog\/wp-content\/uploads\/2024\/12\/2.png\" alt=\"\" width=\"1900\" height=\"1200\" srcset=\"https:\/\/www.smd-led.pl\/blog\/wp-content\/uploads\/2024\/12\/2.png 1900w, https:\/\/www.smd-led.pl\/blog\/wp-content\/uploads\/2024\/12\/2-300x189.png 300w, https:\/\/www.smd-led.pl\/blog\/wp-content\/uploads\/2024\/12\/2-1024x647.png 1024w, https:\/\/www.smd-led.pl\/blog\/wp-content\/uploads\/2024\/12\/2-768x485.png 768w, https:\/\/www.smd-led.pl\/blog\/wp-content\/uploads\/2024\/12\/2-1536x970.png 1536w\" sizes=\"auto, (max-width: 1900px) 100vw, 1900px\" \/><p id=\"caption-attachment-18554\" class=\"wp-caption-text\">Napi\u0119cie Elektryczne<\/p><\/div>\n<h2>Czym jest napi\u0119cie elektryczne?<\/h2>\n<p>Napi\u0119cie elektryczne to jedno z tych poj\u0119\u0107, kt\u00f3re cz\u0119sto pojawia si\u0119 w rozmowach o elektryczno\u015bci. Ale co tak naprawd\u0119 oznacza? W skr\u00f3cie, to <strong>r\u00f3\u017cnica potencja\u0142\u00f3w elektrycznych<\/strong> mi\u0119dzy dwoma punktami w obwodzie. Mo\u017cna to sobie wyobrazi\u0107 jako &#8222;si\u0142\u0119&#8221;, kt\u00f3ra popycha \u0142adunki elektryczne do ruchu. Technicznie rzecz ujmuj\u0105c, napi\u0119cie to <strong>stosunek pracy wykonanej przy przenoszeniu \u0142adunku do warto\u015bci tego \u0142adunku<\/strong>. To w\u0142a\u015bnie ta r\u00f3\u017cnica potencja\u0142\u00f3w sprawia, \u017ce pr\u0105d p\u0142ynie. Dlatego napi\u0119cie jest kluczowym elementem w projektowaniu i analizie system\u00f3w elektrycznych.<\/p>\n<h3>Definicja napi\u0119cia elektrycznego<\/h3>\n<p>Aby dok\u0142adnie zrozumie\u0107, czym jest napi\u0119cie, warto si\u0119gn\u0105\u0107 po jego formaln\u0105 definicj\u0119. Napi\u0119cie, oznaczane liter\u0105 <strong>U<\/strong>, to stosunek pracy (<strong>W<\/strong>) wykonanej przy przenoszeniu \u0142adunku (<strong>q<\/strong>) mi\u0119dzy dwoma punktami:<\/p>\n<p><strong>U = W\/q<\/strong><\/p>\n<p>Innymi s\u0142owy, mierzy ono, ile energii potrzeba, by przemie\u015bci\u0107 \u0142adunek w polu elektrycznym. Wyra\u017cane w <strong>woltach (V)<\/strong>, jest jednym z najwa\u017cniejszych parametr\u00f3w, kt\u00f3re in\u017cynierowie musz\u0105 bra\u0107 pod uwag\u0119, projektuj\u0105c uk\u0142ady elektryczne.<\/p>\n<h3>R\u00f3\u017cnica potencja\u0142\u00f3w a napi\u0119cie<\/h3>\n<p>R\u00f3\u017cnica potencja\u0142\u00f3w i napi\u0119cie \u2013 te dwa terminy cz\u0119sto u\u017cywa si\u0119 zamiennie. Ale czy to na pewno to samo? No, prawie. R\u00f3\u017cnica potencja\u0142\u00f3w odnosi si\u0119 do <strong>r\u00f3\u017cnicy energii potencjalnej<\/strong> mi\u0119dzy dwoma punktami, a napi\u0119cie to poj\u0119cie bardziej specyficzne dla obwod\u00f3w elektrycznych. W praktyce, oba terminy opisuj\u0105 t\u0119 sam\u0105 wielko\u015b\u0107 fizyczn\u0105, cho\u0107 r\u00f3\u017cnica potencja\u0142\u00f3w mo\u017ce dotyczy\u0107 dowolnego pola elektrycznego, nie tylko obwod\u00f3w. Zrozumienie tej subtelnej r\u00f3\u017cnicy jest kluczowe, je\u015bli chcemy dok\u0142adnie analizowa\u0107 zjawiska elektryczne.<\/p>\n<div id=\"attachment_18556\" style=\"width: 1910px\" class=\"wp-caption aligncenter\"><img loading=\"lazy\" decoding=\"async\" aria-describedby=\"caption-attachment-18556\" class=\"size-full wp-image-18556\" src=\"https:\/\/www.smd-led.pl\/blog\/wp-content\/uploads\/2024\/12\/1-1.png\" alt=\"Napi\u0119cie elektryczne jak je mierzymy\" width=\"1900\" height=\"1200\" srcset=\"https:\/\/www.smd-led.pl\/blog\/wp-content\/uploads\/2024\/12\/1-1.png 1900w, https:\/\/www.smd-led.pl\/blog\/wp-content\/uploads\/2024\/12\/1-1-300x189.png 300w, https:\/\/www.smd-led.pl\/blog\/wp-content\/uploads\/2024\/12\/1-1-1024x647.png 1024w, https:\/\/www.smd-led.pl\/blog\/wp-content\/uploads\/2024\/12\/1-1-768x485.png 768w, https:\/\/www.smd-led.pl\/blog\/wp-content\/uploads\/2024\/12\/1-1-1536x970.png 1536w\" sizes=\"auto, (max-width: 1900px) 100vw, 1900px\" \/><p id=\"caption-attachment-18556\" class=\"wp-caption-text\">Napi\u0119cie elektryczne jak je mierzymy<\/p><\/div>\n<h2>Jednostka napi\u0119cia elektrycznego: Wolt<\/h2>\n<p>W uk\u0142adzie SI jednostk\u0105 napi\u0119cia elektrycznego jest <strong>wolt (V)<\/strong>. To kluczowa miara, kt\u00f3ra okre\u015bla r\u00f3\u017cnic\u0119 potencja\u0142\u00f3w elektrycznych mi\u0119dzy dwoma punktami. M\u00f3wi\u0105c pro\u015bciej, jeden wolt to ilo\u015b\u0107 pracy r\u00f3wna jednemu d\u017culowi, wykonanej przy przenoszeniu \u0142adunku o warto\u015bci jednego kulomba. Dzi\u0119ki tej definicji \u0142atwiej zrozumie\u0107, jak energia przep\u0142ywa w obwodach elektrycznych, co jest <strong>kluczowe przy projektowaniu i analizie system\u00f3w elektrycznych<\/strong>.<\/p>\n<h3>Jak mierzymy napi\u0119cie w woltach?<\/h3>\n<p>Aby <strong>zmierzy\u0107 napi\u0119cie elektryczne<\/strong>, korzystamy z urz\u0105dzenia zwanego woltomierzem. Woltomierz pod\u0142\u0105czamy r\u00f3wnolegle do obwodu, co pozwala na dok\u0142adne zmierzenie napi\u0119cia mi\u0119dzy dwoma punktami przewodnika. Dlaczego to wa\u017cne? R\u00f3wnoleg\u0142e po\u0142\u0105czenie sprawia, \u017ce woltomierz nie zak\u0142\u00f3ca przep\u0142ywu pr\u0105du, co mog\u0142oby wp\u0142yn\u0105\u0107 na wynik pomiaru. Dzi\u0119ki temu urz\u0105dzeniu mo\u017cemy precyzyjnie okre\u015bli\u0107 napi\u0119cie w danym punkcie obwodu, co jest <strong>niezb\u0119dne w wielu zastosowaniach technicznych i naukowych<\/strong>.<\/p>\n<h3>Historia jednostki: Alessandro Volta i ogniwo Volty<\/h3>\n<p>Historia jednostki napi\u0119cia elektrycznego jest nierozerwalnie zwi\u0105zana z postaci\u0105 <strong>Alessandro Volty<\/strong>. W 1800 roku stworzy\u0142 on pierwsze ogniwo elektryczne, znane jako ogniwo Volty. To urz\u0105dzenie by\u0142o jednym z pierwszych \u017ar\u00f3de\u0142 napi\u0119cia elektrycznego, przekszta\u0142caj\u0105c energi\u0119 chemiczn\u0105 w elektryczn\u0105. Wynalazek Volty <strong>zrewolucjonizowa\u0142 spos\u00f3b postrzegania energii elektrycznej<\/strong> i po\u0142o\u017cy\u0142 fundamenty pod rozw\u00f3j nowoczesnych technologii elektrycznych. Jego prace sta\u0142y si\u0119 kamieniem milowym w badaniach nad elektryczno\u015bci\u0105, a jego nazwisko zosta\u0142o uwiecznione w nazwie jednostki napi\u0119cia \u2013 wolt.<\/p>\n<h2>Rodzaje napi\u0119\u0107 elektrycznych<\/h2>\n<p>W \u015bwiecie elektryczno\u015bci <strong>rodzaje napi\u0119\u0107<\/strong> maj\u0105 fundamentalne znaczenie dla zrozumienia, jak energia jest generowana, przesy\u0142ana i wykorzystywana. Istniej\u0105 dwa g\u0142\u00f3wne typy napi\u0119\u0107: <strong>sta\u0142e (DC)<\/strong> oraz <strong>zmienne (AC)<\/strong>. Ka\u017cdy z nich posiada swoje unikalne w\u0142a\u015bciwo\u015bci i zastosowania, kt\u00f3re decyduj\u0105 o ich roli w r\u00f3\u017cnych systemach elektrycznych.<\/p>\n<h3>Napi\u0119cie pr\u0105du sta\u0142ego (DC)<\/h3>\n<p><strong>Napi\u0119cie pr\u0105du sta\u0142ego (DC)<\/strong> to taki rodzaj napi\u0119cia, kt\u00f3rego warto\u015b\u0107 pozostaje niezmienna w czasie. Jest to charakterystyczne dla baterii i akumulator\u00f3w, kt\u00f3re dostarczaj\u0105 stabilne napi\u0119cie, idealne do zasilania urz\u0105dze\u0144 elektronicznych. Dzi\u0119ki swojej sta\u0142o\u015bci, napi\u0119cie DC doskonale sprawdza si\u0119 tam, gdzie wymagana jest ci\u0105g\u0142a i niezawodna dostawa energii \u2013 na przyk\u0142ad w:<\/p>\n<ul>\n<li>urz\u0105dzeniach przeno\u015bnych,<\/li>\n<li>systemach zasilania awaryjnego,<\/li>\n<li>urz\u0105dzeniach elektronicznych wymagaj\u0105cych stabilnego napi\u0119cia.<\/li>\n<\/ul>\n<h3>Napi\u0119cie pr\u0105du przemiennego (AC)<\/h3>\n<p><strong>Napi\u0119cie pr\u0105du przemiennego (AC)<\/strong> charakteryzuje si\u0119 cykliczn\u0105 zmian\u0105 warto\u015bci w czasie. To w\u0142a\u015bnie ten rodzaj napi\u0119cia jest obecny w sieciach energetycznych. AC jest szeroko stosowane w domowych i przemys\u0142owych systemach zasilania, poniewa\u017c umo\u017cliwia efektywne przesy\u0142anie energii na du\u017ce odleg\u0142o\u015bci. Zmienno\u015b\u0107 napi\u0119cia AC jest r\u00f3wnie\u017c kluczowa dla dzia\u0142ania transformator\u00f3w, kt\u00f3re pozwalaj\u0105 na dostosowanie poziom\u00f3w napi\u0119cia do r\u00f3\u017cnych potrzeb u\u017cytkownik\u00f3w, takich jak:<\/p>\n<ul>\n<li>zasilanie domowych urz\u0105dze\u0144 elektrycznych,<\/li>\n<li>zasilanie przemys\u0142owych maszyn i urz\u0105dze\u0144,<\/li>\n<li>przesy\u0142 energii na du\u017ce odleg\u0142o\u015bci,<\/li>\n<li>dzia\u0142anie transformator\u00f3w w sieciach energetycznych.<\/li>\n<\/ul>\n<h3>Napi\u0119cie fazowe i mi\u0119dzyfazowe<\/h3>\n<p>W systemach tr\u00f3jfazowych <strong>napi\u0119cie fazowe<\/strong> oraz <strong>napi\u0119cie mi\u0119dzyfazowe<\/strong> to dwa istotne poj\u0119cia. Napi\u0119cie fazowe mierzy si\u0119 mi\u0119dzy przewodem fazowym a ziemi\u0105, natomiast napi\u0119cie mi\u0119dzyfazowe to napi\u0119cie mierzone mi\u0119dzy przewodami dw\u00f3ch r\u00f3\u017cnych faz. Zrozumienie tych rodzaj\u00f3w napi\u0119\u0107 jest kluczowe dla prawid\u0142owego funkcjonowania z\u0142o\u017conych system\u00f3w elektrycznych, takich jak te stosowane w:<\/p>\n<ul>\n<li>przemy\u015ble,<\/li>\n<li>du\u017cych budynkach,<\/li>\n<li>systemach zasilania tr\u00f3jfazowego.<\/li>\n<\/ul>\n<h2>Si\u0142a elektromotoryczna (SEM) a napi\u0119cie<\/h2>\n<p>W elektrotechnice poj\u0119cia <strong>si\u0142y elektromotorycznej (SEM)<\/strong> i napi\u0119cia pojawiaj\u0105 si\u0119 bardzo cz\u0119sto, zw\u0142aszcza gdy analizujemy obwody elektryczne. Na pierwszy rzut oka mog\u0105 wydawa\u0107 si\u0119 podobne, ale pe\u0142ni\u0105 zupe\u0142nie r\u00f3\u017cne funkcje w procesie generowania i wykorzystywania energii elektrycznej. <strong>SEM<\/strong> to miara napi\u0119cia, kt\u00f3re jest wytwarzane przez \u017ar\u00f3d\u0142o pr\u0105du elektrycznego, gdy pr\u0105d nie p\u0142ynie. To kluczowy parametr, kt\u00f3ry pozwala oceni\u0107 potencja\u0142 danego \u017ar\u00f3d\u0142a do generowania energii. Warto o tym pami\u0119ta\u0107.<\/p>\n<h3>Zale\u017cno\u015b\u0107 mi\u0119dzy SEM a napi\u0119ciem elektrycznym<\/h3>\n<p>Zrozumienie <strong>relacji mi\u0119dzy si\u0142\u0105 elektromotoryczn\u0105 a napi\u0119ciem elektrycznym<\/strong> jest niezwykle istotne, je\u015bli chcemy zg\u0142\u0119bi\u0107 dzia\u0142anie obwod\u00f3w elektrycznych. <strong>SEM<\/strong> to teoretyczna, maksymalna warto\u015b\u0107 napi\u0119cia, kt\u00f3r\u0105 \u017ar\u00f3d\u0142o mo\u017ce wytworzy\u0107, gdy obw\u00f3d jest otwarty i pr\u0105d nie p\u0142ynie. Jednak w praktyce, gdy obw\u00f3d zostaje zamkni\u0119ty i pr\u0105d zaczyna p\u0142yn\u0105\u0107, napi\u0119cie na zaciskach \u017ar\u00f3d\u0142a jest zazwyczaj ni\u017csze od SEM. Dlaczego? Z powodu spadk\u00f3w napi\u0119cia wynikaj\u0105cych z wewn\u0119trznej rezystancji \u017ar\u00f3d\u0142a.<\/p>\n<p>R\u00f3\u017cnica mi\u0119dzy <strong>SEM a rzeczywistym napi\u0119ciem<\/strong> w obwodzie ma ogromne znaczenie. Wp\u0142ywa ona bezpo\u015brednio na efektywno\u015b\u0107 system\u00f3w elektrycznych. Zrozumienie tej zale\u017cno\u015bci pozwala in\u017cynierom projektowa\u0107 bardziej wydajne i niezawodne systemy, kt\u00f3re lepiej wykorzystuj\u0105 dost\u0119pne \u017ar\u00f3d\u0142a energii. A kto wie, mo\u017ce przysz\u0142e technologie pozwol\u0105 jeszcze bardziej zoptymalizowa\u0107 wykorzystanie SEM? Czas poka\u017ce.<\/p>\n<div id=\"attachment_18555\" style=\"width: 1910px\" class=\"wp-caption aligncenter\"><img loading=\"lazy\" decoding=\"async\" aria-describedby=\"caption-attachment-18555\" class=\"size-full wp-image-18555\" src=\"https:\/\/www.smd-led.pl\/blog\/wp-content\/uploads\/2024\/12\/3.png\" alt=\"Napi\u0119cie elektryczne jak je mierzymy\" width=\"1900\" height=\"1200\" srcset=\"https:\/\/www.smd-led.pl\/blog\/wp-content\/uploads\/2024\/12\/3.png 1900w, https:\/\/www.smd-led.pl\/blog\/wp-content\/uploads\/2024\/12\/3-300x189.png 300w, https:\/\/www.smd-led.pl\/blog\/wp-content\/uploads\/2024\/12\/3-1024x647.png 1024w, https:\/\/www.smd-led.pl\/blog\/wp-content\/uploads\/2024\/12\/3-768x485.png 768w, https:\/\/www.smd-led.pl\/blog\/wp-content\/uploads\/2024\/12\/3-1536x970.png 1536w\" sizes=\"auto, (max-width: 1900px) 100vw, 1900px\" \/><p id=\"caption-attachment-18555\" class=\"wp-caption-text\">Napi\u0119cie elektryczne jak je mierzymy<\/p><\/div>\n<h2>Prawo Ohma i II prawo Kirchhoffa<\/h2>\n<p>W \u015bwiecie elektrotechniki <strong>prawo Ohma<\/strong> oraz <strong>II prawo Kirchhoffa<\/strong> stanowi\u0105 absolutne fundamenty. Dzi\u0119ki nim mo\u017cemy zrozumie\u0107, jak napi\u0119cie, pr\u0105d i op\u00f3r wsp\u00f3\u0142dzia\u0142aj\u0105 w obwodach elektrycznych. Te zasady nie tylko u\u0142atwiaj\u0105 analiz\u0119 i projektowanie system\u00f3w elektrycznych, ale s\u0105 r\u00f3wnie\u017c podstaw\u0105 wielu nowoczesnych technologii, kt\u00f3re nap\u0119dzaj\u0105 nasz\u0105 codzienno\u015b\u0107. Bez nich trudno by\u0142oby wyobrazi\u0107 sobie wsp\u00f3\u0142czesn\u0105 elektronik\u0119.<\/p>\n<h3>Prawo Ohma: Zale\u017cno\u015b\u0107 mi\u0119dzy napi\u0119ciem, pr\u0105dem i oporem<\/h3>\n<p><strong>Prawo Ohma<\/strong> to jedno z kluczowych praw w elektrotechnice, kt\u00f3re opisuje zale\u017cno\u015b\u0107 mi\u0119dzy napi\u0119ciem, pr\u0105dem i oporem w obwodzie elektrycznym. Zgodnie z tym prawem:<\/p>\n<ul>\n<li><strong>Napi\u0119cie (U)<\/strong> w obwodzie jest r\u00f3wne iloczynowi nat\u0119\u017cenia pr\u0105du (I) i oporu (R): <strong>U = I * R<\/strong>.<\/li>\n<li>Formu\u0142a ta pozwala in\u017cynierom precyzyjnie oblicza\u0107 pr\u0105d lub napi\u0119cie w dowolnym punkcie obwodu.<\/li>\n<li>Prawo Ohma jest kluczowe dla projektowania system\u00f3w elektrycznych, kt\u00f3re s\u0105 zar\u00f3wno wydajne, jak i bezpieczne.<\/li>\n<\/ul>\n<p>Bez tej wiedzy trudno by\u0142oby stworzy\u0107 nowoczesne urz\u0105dzenia, kt\u00f3re dzia\u0142aj\u0105 bez zarzutu. To prawo jest podstaw\u0105 wielu technologii, kt\u00f3re nap\u0119dzaj\u0105 nasz\u0105 codzienno\u015b\u0107.<\/p>\n<h3>II prawo Kirchhoffa: Spadki napi\u0119\u0107 w obwodach<\/h3>\n<p><strong>II prawo Kirchhoffa<\/strong>, znane r\u00f3wnie\u017c jako prawo napi\u0119\u0107 Kirchhoffa, pozwala zrozumie\u0107, jak napi\u0119cia rozk\u0142adaj\u0105 si\u0119 w zamkni\u0119tych obwodach elektrycznych. Zgodnie z tym prawem:<\/p>\n<ul>\n<li>Suma napi\u0119\u0107 w dowolnym zamkni\u0119tym obwodzie wynosi <strong>zero<\/strong>.<\/li>\n<li>Energia dostarczona przez \u017ar\u00f3d\u0142a napi\u0119cia jest r\u00f3wna energii zu\u017cytej przez elementy obwodu, takie jak rezystory.<\/li>\n<li>Prawo to jest nieocenione przy analizie bardziej z\u0142o\u017conych obwod\u00f3w, w kt\u00f3rych dzia\u0142a wiele \u017ar\u00f3de\u0142 napi\u0119cia i element\u00f3w.<\/li>\n<\/ul>\n<p>Bez II prawa Kirchhoffa analiza skomplikowanych system\u00f3w elektrycznych by\u0142aby znacznie trudniejsza, a projektowanie zaawansowanych uk\u0142ad\u00f3w \u2013 niemal niemo\u017cliwe.<\/p>\n<h2>Pomiar napi\u0119cia elektrycznego<\/h2>\n<p>Pomiar napi\u0119cia elektrycznego to <strong>podstawa w diagnostyce i utrzymaniu obwod\u00f3w elektrycznych<\/strong>. Bez precyzyjnych pomiar\u00f3w wykrycie usterek w systemach by\u0142oby nie tylko trudne, ale wr\u0119cz niemo\u017cliwe. A to mog\u0142oby prowadzi\u0107 do powa\u017cnych awarii lub spadku wydajno\u015bci urz\u0105dze\u0144. Dlatego ka\u017cdy, kto ma do czynienia z elektryczno\u015bci\u0105 \u2013 od in\u017cynier\u00f3w po technik\u00f3w serwisowych \u2013 musi umie\u0107 prawid\u0142owo mierzy\u0107 napi\u0119cie. To <strong>nieodzowna umiej\u0119tno\u015b\u0107<\/strong>, kt\u00f3rej nie mo\u017cna pomin\u0105\u0107.<\/p>\n<h3>Woltomierz: Jak dzia\u0142a i jak go u\u017cywa\u0107?<\/h3>\n<p>Woltomierz to narz\u0119dzie, kt\u00f3re pozwala na <strong>pomiar napi\u0119cia elektrycznego<\/strong>. Aby uzyska\u0107 dok\u0142adny wynik, nale\u017cy pod\u0142\u0105czy\u0107 go <strong>r\u00f3wnolegle do obwodu<\/strong>. Dlaczego to takie wa\u017cne? Bo takie po\u0142\u0105czenie minimalizuje wp\u0142yw woltomierza na przep\u0142yw pr\u0105du, co mog\u0142oby zniekszta\u0142ci\u0107 wyniki. Dzi\u0119ki temu mo\u017cemy precyzyjnie okre\u015bli\u0107 napi\u0119cie w wybranym punkcie obwodu. To kluczowe w wielu zastosowaniach technicznych, badawczych, a tak\u017ce w codziennej pracy z urz\u0105dzeniami elektrycznymi.<\/p>\n<h3>Pomiar napi\u0119cia pr\u0105du sta\u0142ego i przemiennego<\/h3>\n<p>Pomiar napi\u0119cia pr\u0105du sta\u0142ego (DC) i przemiennego (AC) r\u00f3\u017cni si\u0119, poniewa\u017c oba maj\u0105 zupe\u0142nie inn\u0105 charakterystyk\u0119:<\/p>\n<ul>\n<li><strong>Napi\u0119cie sta\u0142e (DC)<\/strong> utrzymuje si\u0119 na sta\u0142ym poziomie, co sprawia, \u017ce jego pomiar jest stosunkowo prosty \u2013 nie zmienia si\u0119 w czasie.<\/li>\n<li><strong>Napi\u0119cie zmienne (AC)<\/strong> cyklicznie si\u0119 zmienia, co wymaga zastosowania specjalnych metod pomiarowych, aby uzyska\u0107 dok\u0142adne wyniki.<\/li>\n<\/ul>\n<p>W przypadku napi\u0119cia AC cz\u0119sto mierzy si\u0119 <strong>warto\u015b\u0107 skuteczn\u0105<\/strong>, kt\u00f3ra pokazuje efektywn\u0105 warto\u015b\u0107 napi\u0119cia zmiennego. Zrozumienie tych r\u00f3\u017cnic jest kluczowe, je\u015bli chcemy prawid\u0142owo analizowa\u0107 i mierzy\u0107 systemy elektryczne. Bez tego trudno o precyzyjne wyniki.<\/p>\n<h2>Zastosowania napi\u0119cia elektrycznego<\/h2>\n<p>Napi\u0119cie elektryczne towarzyszy nam niemal na ka\u017cdym kroku. Od domowych urz\u0105dze\u0144, przez samochody, a\u017c po instalacje zwi\u0105zane z odnawialnymi \u017ar\u00f3d\u0142ami energii \u2013 wsz\u0119dzie tam pe\u0142ni kluczow\u0105 funkcj\u0119. Jego wszechstronno\u015b\u0107 sprawia, \u017ce sta\u0142o si\u0119 nieod\u0142\u0105cznym elementem wsp\u00f3\u0142czesnych technologii, kt\u00f3re nap\u0119dzaj\u0105 nasz \u015bwiat. <strong>Bez napi\u0119cia elektrycznego trudno wyobrazi\u0107 sobie codzienne \u017cycie<\/strong>.<\/p>\n<h3>Baterie i akumulatory jako \u017ar\u00f3d\u0142a napi\u0119cia<\/h3>\n<p>Baterie i akumulatory to jedne z najpowszechniejszych \u017ar\u00f3de\u0142 napi\u0119cia. Przekszta\u0142caj\u0105 energi\u0119 chemiczn\u0105 w elektryczn\u0105, co umo\u017cliwia zasilanie r\u00f3\u017cnorodnych urz\u0105dze\u0144. <strong>Bateria<\/strong> sk\u0142ada si\u0119 z ogniw, kt\u00f3re mog\u0105 by\u0107 po\u0142\u0105czone szeregowo lub r\u00f3wnolegle, dostarczaj\u0105c napi\u0119cie do wszystkiego \u2013 od prostych zabawek po zaawansowane systemy elektroniczne. <strong>Akumulator<\/strong>, z kolei, to urz\u0105dzenie, kt\u00f3re mo\u017cna wielokrotnie \u0142adowa\u0107 i roz\u0142adowywa\u0107, co czyni go idealnym rozwi\u0105zaniem w pojazdach elektrycznych oraz systemach zasilania awaryjnego.<\/p>\n<ul>\n<li><strong>Baterie<\/strong> \u2013 jednorazowe \u017ar\u00f3d\u0142a energii, kt\u00f3re po wyczerpaniu nie mog\u0105 by\u0107 ponownie na\u0142adowane.<\/li>\n<li><strong>Akumulatory<\/strong> \u2013 wielokrotnego u\u017cytku, mog\u0105 by\u0107 \u0142adowane i roz\u0142adowywane wielokrotnie.<\/li>\n<li>Stosowane w pojazdach elektrycznych, systemach awaryjnych oraz urz\u0105dzeniach przeno\u015bnych.<\/li>\n<\/ul>\n<p>Dzi\u0119ki zdolno\u015bci do wielokrotnego u\u017cytku, akumulatory zyskuj\u0105 na popularno\u015bci w coraz wi\u0119kszej liczbie zastosowa\u0144, szczeg\u00f3lnie w kontek\u015bcie zr\u00f3wnowa\u017conego rozwoju.<\/p>\n<h3>Generatory i ich rola w wytwarzaniu napi\u0119cia<\/h3>\n<p>Generatory odgrywaj\u0105 kluczow\u0105 rol\u0119 w produkcji napi\u0119cia elektrycznego. Przekszta\u0142caj\u0105 energi\u0119 mechaniczn\u0105 w elektryczn\u0105, co pozwala na wytwarzanie napi\u0119cia zmiennego. To w\u0142a\u015bnie to napi\u0119cie zasila zar\u00f3wno nasze domy, jak i ogromne zak\u0142ady przemys\u0142owe.<\/p>\n<ul>\n<li>Generatory przekszta\u0142caj\u0105 <strong>energi\u0119 mechaniczn\u0105<\/strong> (np. wiatru, wody) w <strong>energi\u0119 elektryczn\u0105<\/strong>.<\/li>\n<li>Wytwarzaj\u0105 napi\u0119cie zmienne, kt\u00f3re zasila domy i zak\u0142ady przemys\u0142owe.<\/li>\n<li>Wspieraj\u0105 produkcj\u0119 energii odnawialnej, zmniejszaj\u0105c zale\u017cno\u015b\u0107 od paliw kopalnych.<\/li>\n<\/ul>\n<p>Nowoczesne generatory s\u0105 projektowane tak, aby efektywnie przekszta\u0142ca\u0107 r\u00f3\u017cne formy energii mechanicznej \u2013 na przyk\u0142ad energi\u0119 wiatru czy wody \u2013 w energi\u0119 elektryczn\u0105. Dzi\u0119ki temu odgrywaj\u0105 istotn\u0105 rol\u0119 w d\u0105\u017ceniu do zr\u00f3wnowa\u017conego rozwoju, wspieraj\u0105c produkcj\u0119 energii odnawialnej i zmniejszaj\u0105c nasz\u0105 zale\u017cno\u015b\u0107 od paliw kopalnych.<\/p>\n<h2>Napi\u0119cia robocze, probiercze i skuteczne<\/h2>\n<p>W elektrotechnice r\u00f3\u017cne rodzaje napi\u0119\u0107 odgrywaj\u0105 kluczow\u0105 rol\u0119 w zapewnieniu zar\u00f3wno bezpiecze\u0144stwa, jak i efektywno\u015bci dzia\u0142ania urz\u0105dze\u0144 elektrycznych. <strong>Napi\u0119cia robocze, probiercze i skuteczne<\/strong> to trzy istotne kategorie, kt\u00f3re stosuje si\u0119 w r\u00f3\u017cnych sytuacjach, aby spe\u0142nia\u0107 konkretne wymagania techniczne oraz operacyjne. Ka\u017cde z nich ma swoje unikalne zastosowanie.<\/p>\n<h3>Napi\u0119cie robocze: Co to jest i gdzie si\u0119 stosuje?<\/h3>\n<p><strong>Napi\u0119cie robocze<\/strong> to napi\u0119cie, przy kt\u00f3rym urz\u0105dzenie elektryczne dzia\u0142a w normalnych warunkach. M\u00f3wi\u0105c pro\u015bciej, to takie napi\u0119cie, kt\u00f3re jest niezb\u0119dne, by urz\u0105dzenie funkcjonowa\u0142o poprawnie, bez ryzyka uszkodzenia. W praktyce, napi\u0119cie robocze bierze si\u0119 pod uwag\u0119 przy projektowaniu i doborze komponent\u00f3w elektrycznych, aby zapewni\u0107 ich niezawodno\u015b\u0107 oraz bezpiecze\u0144stwo w codziennym u\u017cytkowaniu.<\/p>\n<p>Przyk\u0142ady zastosowania napi\u0119cia roboczego:<\/p>\n<ul>\n<li>W domowych instalacjach elektrycznych napi\u0119cie robocze wynosi zazwyczaj <strong>230 V<\/strong>, co pozwala na bezpieczne korzystanie z urz\u0105dze\u0144 codziennego u\u017cytku.<\/li>\n<li>W przemy\u015ble napi\u0119cie robocze mo\u017ce by\u0107 wy\u017csze, w zale\u017cno\u015bci od specyfikacji urz\u0105dze\u0144 i maszyn.<\/li>\n<\/ul>\n<h3>Napi\u0119cie probiercze: Testowanie wytrzyma\u0142o\u015bci urz\u0105dze\u0144<\/h3>\n<p><strong>Napi\u0119cie probiercze<\/strong> to napi\u0119cie stosowane do testowania wytrzyma\u0142o\u015bci elektrycznej urz\u0105dze\u0144. Jest to specjalne napi\u0119cie u\u017cywane w testach laboratoryjnych, aby sprawdzi\u0107, czy urz\u0105dzenie wytrzyma okre\u015blone warunki napi\u0119ciowe bez awarii. Te testy s\u0105 kluczowe, by upewni\u0107 si\u0119, \u017ce urz\u0105dzenia b\u0119d\u0105 dzia\u0142a\u0107 bezpiecznie i efektywnie w r\u00f3\u017cnych warunkach, minimalizuj\u0105c ryzyko awarii i zwi\u0119kszaj\u0105c ich trwa\u0142o\u015b\u0107.<\/p>\n<p>Przyk\u0142ady zastosowania napi\u0119cia probierczego:<\/p>\n<ul>\n<li>Testowanie izolacji kabli, gdzie napi\u0119cie probiercze jest znacznie wy\u017csze ni\u017c napi\u0119cie robocze, aby upewni\u0107 si\u0119, \u017ce kabel wytrzyma ekstremalne warunki.<\/li>\n<li>Testowanie transformator\u00f3w, aby sprawdzi\u0107 ich odporno\u015b\u0107 na przepi\u0119cia.<\/li>\n<\/ul>\n<h3>Napi\u0119cie skuteczne: Warto\u015b\u0107 efektywna pr\u0105du przemiennego<\/h3>\n<p><strong>Napi\u0119cie skuteczne<\/strong> to warto\u015b\u0107 efektywna pr\u0105du przemiennego, kt\u00f3ra odpowiada warto\u015bci napi\u0119cia sta\u0142ego pod wzgl\u0119dem mocy. M\u00f3wi\u0105c pro\u015bciej, to miara, kt\u00f3ra pozwala por\u00f3wna\u0107 efektywno\u015b\u0107 pr\u0105du przemiennego z pr\u0105dem sta\u0142ym, co jest kluczowe w projektowaniu i analizie system\u00f3w elektrycznych.<\/p>\n<p>Przyk\u0142ady zastosowania napi\u0119cia skutecznego:<\/p>\n<ul>\n<li>Obliczenia zwi\u0105zane z przesy\u0142em i dystrybucj\u0105 energii elektrycznej, gdzie napi\u0119cie skuteczne pozwala dok\u0142adnie okre\u015bli\u0107 moc dostarczan\u0105 przez pr\u0105d przemienny.<\/li>\n<li>Precyzyjne obliczenie strat energii podczas przesy\u0142u na du\u017ce odleg\u0142o\u015bci w sieciach energetycznych.<\/li>\n<\/ul>\n<p><strong>Jakie nowe technologie mog\u0105 wp\u0142yn\u0105\u0107 na przysz\u0142e zastosowania tych rodzaj\u00f3w napi\u0119\u0107<\/strong> w dynamicznie rozwijaj\u0105cym si\u0119 \u015bwiecie elektrotechniki? Czy rozw\u00f3j technologii zwi\u0105zanych z energi\u0105 odnawialn\u0105 lub inteligentnymi sieciami energetycznymi zmieni spos\u00f3b, w jaki definiujemy i wykorzystujemy te napi\u0119cia?<\/p>\n<h2>Napi\u0119cia dotykowe i krokowe: Bezpiecze\u0144stwo w elektrotechnice<\/h2>\n<p>Kiedy m\u00f3wimy o <strong>bezpiecze\u0144stwie w elektrotechnice<\/strong>, poj\u0119cia takie jak <strong>napi\u0119cia dotykowe<\/strong> i <strong>napi\u0119cia krokowe<\/strong> odgrywaj\u0105 kluczow\u0105 rol\u0119. To zjawiska, kt\u00f3re mog\u0105 pojawi\u0107 si\u0119 w pobli\u017cu urz\u0105dze\u0144 elektrycznych, stwarzaj\u0105c realne zagro\u017cenie dla ludzi. Zrozumienie tych poj\u0119\u0107 jest niezb\u0119dne, by zapewni\u0107 bezpiecze\u0144stwo w miejscach, gdzie znajduj\u0105 si\u0119 instalacje elektryczne.<\/p>\n<p>Oba te napi\u0119cia wynikaj\u0105 z r\u00f3\u017cnicy potencja\u0142\u00f3w, kt\u00f3ra mo\u017ce pojawi\u0107 si\u0119 w wyniku awarii lub nieprawid\u0142owego dzia\u0142ania urz\u0105dze\u0144 elektrycznych. Skuteczne zarz\u0105dzanie tymi zjawiskami to podstawa, by zminimalizowa\u0107 ryzyko pora\u017cenia pr\u0105dem. Jakie zagro\u017cenia nios\u0105 ze sob\u0105 napi\u0119cia dotykowe i krokowe? I co wa\u017cniejsze, jak mo\u017cna si\u0119 przed nimi zabezpieczy\u0107?<\/p>\n<h3>Napi\u0119cie dotykowe: Zagro\u017cenia dla cz\u0142owieka<\/h3>\n<p><strong>Napi\u0119cie dotykowe<\/strong> pojawia si\u0119, gdy mi\u0119dzy dwoma punktami, kt\u00f3re cz\u0142owiek mo\u017ce jednocze\u015bnie dotkn\u0105\u0107, wyst\u0119puje r\u00f3\u017cnica potencja\u0142\u00f3w. To zjawisko jest szczeg\u00f3lnie niebezpieczne, bo mo\u017ce prowadzi\u0107 do przep\u0142ywu pr\u0105du przez cia\u0142o, co w skrajnych przypadkach mo\u017ce sko\u0144czy\u0107 si\u0119 tragicznie.<\/p>\n<p>W praktyce napi\u0119cie dotykowe mo\u017ce wyst\u0105pi\u0107, gdy urz\u0105dzenie elektryczne jest uszkodzone lub \u017ale zainstalowane. Dlatego tak wa\u017cne jest regularne sprawdzanie i konserwacja instalacji elektrycznych. Stosowanie odpowiednich \u015brodk\u00f3w ochrony, takich jak:<\/p>\n<ul>\n<li>izolacja<\/li>\n<li>uziemienie<\/li>\n<li>regularne przegl\u0105dy techniczne<\/li>\n<\/ul>\n<p>mo\u017ce znacz\u0105co zmniejszy\u0107 ryzyko wyst\u0105pienia napi\u0119cia dotykowego.<\/p>\n<h3>Napi\u0119cie krokowe: Jak powstaje i jak si\u0119 przed nim chroni\u0107?<\/h3>\n<p><strong>Napi\u0119cie krokowe<\/strong> powstaje w wyniku r\u00f3\u017cnicy potencja\u0142\u00f3w, kt\u00f3ra mo\u017ce pojawi\u0107 si\u0119 w pobli\u017cu urz\u0105dze\u0144 elektrycznych, zw\u0142aszcza w przypadku awarii. To napi\u0119cie wyst\u0119puje mi\u0119dzy dwoma punktami na ziemi, kt\u00f3re mog\u0105 by\u0107 jednocze\u015bnie dotkni\u0119te przez stopy cz\u0142owieka. Zjawisko to jest szczeg\u00f3lnie gro\u017ane na otwartych przestrzeniach, takich jak:<\/p>\n<ul>\n<li>stacje transformatorowe<\/li>\n<li>linie wysokiego napi\u0119cia<\/li>\n<li>miejsca awarii instalacji elektrycznych<\/li>\n<\/ul>\n<p>Aby chroni\u0107 si\u0119 przed napi\u0119ciem krokowym, kluczowe jest stosowanie odpowiednich \u015brodk\u00f3w ochrony, takich jak:<\/p>\n<ul>\n<li>izolowane obuwie<\/li>\n<li>unikanie przebywania w miejscach o potencjalnym zagro\u017ceniu<\/li>\n<li>projektowanie instalacji z my\u015bl\u0105 o minimalizacji ryzyka<\/li>\n<\/ul>\n<p>Odpowiednie uziemienie i zabezpieczenia w instalacjach elektrycznych r\u00f3wnie\u017c odgrywaj\u0105 kluczow\u0105 rol\u0119 w minimalizowaniu ryzyka wyst\u0105pienia napi\u0119cia krokowego.<\/p>\n<h2>Inne rodzaje napi\u0119\u0107: Mechaniczne, powierzchniowe i psychiczne<\/h2>\n<p>Kiedy s\u0142yszymy s\u0142owo <strong>napi\u0119cie<\/strong>, najcz\u0119\u015bciej my\u015blimy o elektryczno\u015bci. Ale to nie jedyny rodzaj napi\u0119cia, jaki istnieje! W fizyce i psychologii spotykamy tak\u017ce inne formy \u2013 <strong>mechaniczne<\/strong>, <strong>powierzchniowe<\/strong> oraz <strong>psychiczne<\/strong>. Ka\u017cde z nich pe\u0142ni swoj\u0105 specyficzn\u0105 rol\u0119 i ma r\u00f3\u017cne zastosowania. Co ciekawe, te zjawiska nie tylko wp\u0142ywaj\u0105 na nauk\u0119, ale r\u00f3wnie\u017c na nasze codzienne \u017cycie. Dzi\u0119ki nim mo\u017cemy lepiej zrozumie\u0107 otaczaj\u0105cy nas \u015bwiat i zjawiska, kt\u00f3re na pierwszy rzut oka mog\u0105 wydawa\u0107 si\u0119 skomplikowane. A jednak, s\u0105 one bli\u017cej nas, ni\u017c my\u015blimy.<\/p>\n<h3>Napi\u0119cie mechaniczne: Zastosowanie w mechanice<\/h3>\n<p><strong>Napi\u0119cie mechaniczne<\/strong> to jedno z kluczowych poj\u0119\u0107 w mechanice. W najprostszych s\u0142owach, odnosi si\u0119 do si\u0142 dzia\u0142aj\u0105cych na cia\u0142a sta\u0142e. Wyobra\u017a sobie, \u017ce co\u015b rozci\u0105gasz lub \u015bciskasz \u2013 to w\u0142a\u015bnie napi\u0119cie mechaniczne. Jest to szczeg\u00f3lnie istotne w projektowaniu konstrukcji, takich jak mosty czy budynki. In\u017cynierowie musz\u0105 precyzyjnie oblicza\u0107, jakie si\u0142y b\u0119d\u0105 dzia\u0142a\u0107 na materia\u0142y, aby unikn\u0105\u0107 katastrof. Z\u0142e obliczenia mog\u0105 prowadzi\u0107 do zawalenia si\u0119 budynku. Dlatego tak wa\u017cne jest, by wszystko by\u0142o dok\u0142adnie przemy\u015blane i zaplanowane. Bez tego, ryzyko jest ogromne.<\/p>\n<ul>\n<li><strong>Rozci\u0105ganie i \u015bciskanie<\/strong> \u2013 podstawowe formy napi\u0119cia mechanicznego.<\/li>\n<li><strong>Projektowanie konstrukcji<\/strong> \u2013 mosty, budynki i inne struktury wymagaj\u0105 precyzyjnych oblicze\u0144.<\/li>\n<li><strong>Ryzyko katastrofy<\/strong> \u2013 z\u0142e obliczenia mog\u0105 prowadzi\u0107 do zawalenia si\u0119 budynk\u00f3w.<\/li>\n<\/ul>\n<h3>Napi\u0119cie powierzchniowe: Zjawiska na powierzchni cieczy<\/h3>\n<p><strong>Napi\u0119cie powierzchniowe<\/strong> to zjawisko, kt\u00f3re zachodzi na granicy cieczy. To w\u0142a\u015bnie dzi\u0119ki niemu ma\u0142e owady, takie jak nartniki, mog\u0105 &#8222;spacerowa\u0107&#8221; po wodzie, a krople deszczu przybieraj\u0105 charakterystyczny, kulisty kszta\u0142t. Zjawisko to wynika z si\u0142 mi\u0119dzycz\u0105steczkowych i odgrywa kluczow\u0105 rol\u0119 w wielu dziedzinach, takich jak chemia, biologia czy in\u017cynieria.<\/p>\n<p>Przyk\u0142ady zastosowa\u0144 napi\u0119cia powierzchniowego:<\/p>\n<ul>\n<li><strong>Produkcja farb<\/strong> \u2013 wp\u0142ywa na to, jak farba rozprowadza si\u0119 po powierzchni i jak dobrze do niej przylega.<\/li>\n<li><strong>Tworzenie emulsji<\/strong> \u2013 kontrolowanie napi\u0119cia powierzchniowego pozwala na stabilizacj\u0119 emulsji.<\/li>\n<li><strong>Adhezja<\/strong> \u2013 napi\u0119cie powierzchniowe ma znaczenie w procesach zwi\u0105zanych z przyczepno\u015bci\u0105 materia\u0142\u00f3w.<\/li>\n<\/ul>\n<h3>Napi\u0119cie psychiczne: Metaforyczne odniesienie do napi\u0119cia elektrycznego<\/h3>\n<p><strong>Napi\u0119cie psychiczne<\/strong> to stan, kt\u00f3ry odczuwamy, gdy jeste\u015bmy zestresowani lub pod presj\u0105. Mo\u017cna je por\u00f3wna\u0107 do napi\u0119cia elektrycznego \u2013 gdy ro\u015bnie, mo\u017ce doj\u015b\u0107 do &#8222;przep\u0142ywu&#8221; emocji. W psychologii i medycynie zarz\u0105dzanie stresem i emocjami jest kluczowe dla naszego zdrowia. D\u0142ugotrwa\u0142e napi\u0119cie psychiczne mo\u017ce prowadzi\u0107 do wypalenia zawodowego, a nawet powa\u017cnych problem\u00f3w zdrowotnych, takich jak choroby serca.<\/p>\n<p>Dlaczego warto dba\u0107 o zdrowie psychiczne:<\/p>\n<ul>\n<li><strong>Zapobieganie wypaleniu zawodowemu<\/strong> \u2013 d\u0142ugotrwa\u0142y stres mo\u017ce prowadzi\u0107 do wyczerpania emocjonalnego.<\/li>\n<li><strong>Ochrona zdrowia fizycznego<\/strong> \u2013 napi\u0119cie psychiczne mo\u017ce przyczynia\u0107 si\u0119 do rozwoju chor\u00f3b serca.<\/li>\n<li><strong>Lepsze samopoczucie<\/strong> \u2013 umiej\u0119tno\u015b\u0107 radzenia sobie ze stresem poprawia jako\u015b\u0107 \u017cycia.<\/li>\n<\/ul>\n<p>Podsumowuj\u0105c, napi\u0119cie elektryczne to fundamentalne poj\u0119cie, kt\u00f3re stanowi podstaw\u0119 zrozumienia dzia\u0142ania uk\u0142ad\u00f3w i urz\u0105dze\u0144 elektrycznych. Jako r\u00f3\u017cnica potencja\u0142\u00f3w mi\u0119dzy dwoma punktami jest ono niezb\u0119dne do przep\u0142ywu pr\u0105du i efektywnego wykorzystania energii elektrycznej. Poznanie jego natury, rodzaj\u00f3w (DC i AC), zasad pomiaru, a tak\u017ce powi\u0105zania z innymi kluczowymi koncepcjami \u2013 takimi jak si\u0142a elektromotoryczna, prawo Ohma czy prawa Kirchhoffa \u2013 umo\u017cliwia nie tylko poprawn\u0105 analiz\u0119 i projektowanie system\u00f3w, lecz tak\u017ce dbanie o bezpiecze\u0144stwo u\u017cytkownik\u00f3w oraz skuteczne wykorzystywanie dost\u0119pnych \u017ar\u00f3de\u0142 energii.<\/p>\n<p>Rola napi\u0119cia w naszym codziennym \u017cyciu jest ogromna, od zasilania prostych urz\u0105dze\u0144 domowych, przez systemy przemys\u0142owe, a\u017c po nowoczesne technologie oparte na odnawialnych \u017ar\u00f3d\u0142ach energii. Jednocze\u015bnie zrozumienie zagadnie\u0144 zwi\u0105zanych z napi\u0119ciami roboczymi, probierczymi czy skutecznymi pozwala lepiej oceni\u0107 mo\u017cliwo\u015bci i ograniczenia r\u00f3\u017cnych element\u00f3w i podzespo\u0142\u00f3w elektrycznych. \u015awiadomo\u015b\u0107 zagro\u017ce\u0144 wynikaj\u0105cych z napi\u0119\u0107 dotykowych czy krokowych, a tak\u017ce dbanie o w\u0142a\u015bciw\u0105 izolacj\u0119 oraz uziemienie, przek\u0142ada si\u0119 na zwi\u0119kszenie bezpiecze\u0144stwa i niezawodno\u015bci instalacji.<\/p>\n<p>Ca\u0142o\u015b\u0107 wiedzy o napi\u0119ciu elektrycznym, uzupe\u0142niona o kontekst innych rodzaj\u00f3w napi\u0119\u0107 (mechanicznego, powierzchniowego i psychicznego), pozwala szerzej spojrze\u0107 na poj\u0119cie \u201enapi\u0119cia\u201d zar\u00f3wno w naukach \u015bcis\u0142ych, jak i w \u017cyciu codziennym. Dzi\u0119ki temu mo\u017cemy z wi\u0119ksz\u0105 \u015bwiadomo\u015bci\u0105 korzysta\u0107 z otaczaj\u0105cych nas technologii, lepiej rozumie\u0107 ich dzia\u0142anie oraz efektywniej wykorzystywa\u0107 energi\u0119 elektryczn\u0105.<\/p>\n<p>\u00a0<\/p>\n\n<div ><style id=\"sp_pcp_dynamic_style18593\">#pcp_wrapper-18593:not(.sps-glossary-layout) .sp-pcp-row,#pcp_wrapper-18593 .sps-glossary-items-group .sps-glossary-items-content {margin-right: -10px;margin-left: -10px;}#pcp_wrapper-18593 .sp-pcp-row [class*='sp-pcp-col-']{padding-right: 10px;padding-left: 10px; padding-bottom:20px;}.pcp-wrapper-18593 .sp-pcp-title a {color: #111;display: inherit;} .pcp-wrapper-18593 .sp-pcp-title a:hover {color: #e1624b;}.pcp-wrapper-18593 .sp-pcp-post-content{color: #444; }#pcp_wrapper-18593 .dots .swiper-pagination-bullet{ background: #cccccc; } #pcp_wrapper-18593 .dots .swiper-pagination-bullet-active { background: #D64224; }#pcp_wrapper-18593 .pcp-button-prev,#pcp_wrapper-18593 .pcp-button-next{ background-image: none; background-size: auto; background-color: #fff; height: 33px; width: 33px; margin-top: 8px; border: 1px solid #aaa; text-align: center; line-height: 30px; -webkit-transition: 0.3s; border-radius: 0px; }#pcp_wrapper-18593 .pcp-button-prev:hover, #pcp_wrapper-18593 .pcp-button-next:hover{ background-color: #D64224; border-color: #e1624b; } #pcp_wrapper-18593 .pcp-button-prev .fa, #pcp_wrapper-18593 .pcp-button-next .fa { color: #aaa; } #pcp_wrapper-18593 .pcp-button-prev:hover .fa, #pcp_wrapper-18593 .pcp-button-next:hover .fa { color: #fff; } #pcp_wrapper-18593.pcp-carousel-wrapper .sp-pcp-post{ margin-top: 0; }#pcp_wrapper-18593 .sp-pcp-post {padding: 0 0 0 0;}#pcp_wrapper-18593.sp-slider_layout .sp-pcp-post .sp-pcp-post-details {top: 0; right:0; bottom:0; left:0;}#pcp_wrapper-18593 .sp-pcp-post {border: 0px solid #e2e2e2; border-radius: 0px }#pcp_wrapper-18593 .sp-pcp-post{background-color: transparent;}#pcp_wrapper-18593 .pcp-post-thumb-wrapper{border: 0px solid #dddddd;border-radius:0px;}.pcp-wrapper-18593 .sp-pcp-post-meta li,.pcp-wrapper-18593 .sp-pcp-post-meta ul,.pcp-wrapper-18593 .sp-pcp-post-meta li a{color: #888;}.pcp-wrapper-18593 .sp-pcp-post-meta li a:hover{color: #e1624b;}#pcp_wrapper-18593 .pcp-readmore-link{ background: transparent; color: #111; border: 1px solid #888; border-radius: 0px; } #pcp_wrapper-18593 .pcp-readmore-link:hover { background-color: #e1624b; color: #fff; border-color: #e1624b; }#pcp_wrapper-18593 .pcp-post-pagination .page-numbers.current, #pcp_wrapper-18593 .pcp-post-pagination a.active , #pcp_wrapper-18593 .pcp-post-pagination a:hover{ color: #ffffff; background: #e1624b; border-color: #e1624b; }#pcp_wrapper-18593 .pcp-post-pagination .page-numbers, .pcp-post-pagination a{ background: #ffffff; color:#5e5e5e; border: 2px solid #bbbbbb;border-radius: 2px; }#pcp_wrapper-18593 .pcp-post-pagination{text-align: left;}@media (min-width: 1200px) {.sp-pcp-row .sp-pcp-col-xl-1 {flex: 0 0 100%;}.sp-pcp-row .sp-pcp-col-xl-2 {flex: 1 1 calc( 50% - 20px);}.sp-pcp-row .sp-pcp-col-xl-3 {flex: 1 1 calc( 33.333% - 20px);}.sp-pcp-row .sp-pcp-col-xl-4 {flex: 1 1 calc( 25% - 20px);}.sp-pcp-row .sp-pcp-col-xl-5 { flex: 1 1 calc( 20% - 20px);}.sp-pcp-row .sp-pcp-col-xl-6 {flex: 1 1 calc( 16.66666666666667% - 20px);}.sp-pcp-row .sp-pcp-col-xl-7 {flex: 1 1 calc( 14.28571428% - 20px);}.sp-pcp-row .sp-pcp-col-xl-8 {flex: 1 1 calc( 12.5% - 20px);}}@media (max-width: 1200px) {.sp-pcp-row .sp-pcp-col-lg-1 {flex: 0 0 100%;}.sp-pcp-row .sp-pcp-col-lg-2 {flex: 1 1 calc( 50% - 20px);}.sp-pcp-row .sp-pcp-col-lg-3 {flex: 1 1 calc( 33.333% - 20px);}.sp-pcp-row .sp-pcp-col-lg-4 {flex: 1 1 calc( 25% - 20px);}.sp-pcp-row .sp-pcp-col-lg-5 { flex: 1 1 calc( 20% - 20px);}.sp-pcp-row .sp-pcp-col-lg-6 {flex: 1 1 calc( 16.66666666666667% - 20px);}.sp-pcp-row .sp-pcp-col-lg-7 {flex: 1 1 calc( 14.28571428% - 20px);}.sp-pcp-row .sp-pcp-col-lg-8 {flex: 1 1 calc( 12.5% - 20px);}}@media (max-width: 992px) {.sp-pcp-row .sp-pcp-col-md-1 {flex: 0 0 100%;}.sp-pcp-row .sp-pcp-col-md-2 {flex: 1 1 calc( 50% - 20px);}.sp-pcp-row .sp-pcp-col-md-2-5 {flex: 0 0 75%;}.sp-pcp-row .sp-pcp-col-md-3 {flex: 1 1 calc( 33.333% - 20px);}.sp-pcp-row .sp-pcp-col-md-4 {flex: 1 1 calc( 25% - 20px);}.sp-pcp-row .sp-pcp-col-md-5 { flex: 1 1 calc( 20% - 20px);}.sp-pcp-row .sp-pcp-col-md-6 {flex: 1 1 calc( 16.66666666666667% - 20px);}.sp-pcp-row .sp-pcp-col-md-7 {flex: 1 1 calc( 14.28571428% - 20px);}.sp-pcp-row .sp-pcp-col-md-8 {flex: 1 1 calc( 12.5% - 20px);}}@media (max-width: 768px) {.sp-pcp-row .sp-pcp-col-sm-1 {flex: 0 0 100%;}.sp-pcp-row .sp-pcp-col-sm-2 {flex: 1 1 calc( 50% - 20px);}.sp-pcp-row .sp-pcp-col-sm-2-5 {flex: 0 0 75%;}.sp-pcp-row .sp-pcp-col-sm-3 {flex: 1 1 calc( 33.333% - 20px);}.sp-pcp-row .sp-pcp-col-sm-4 {flex: 1 1 calc( 25% - 20px);}.sp-pcp-row .sp-pcp-col-sm-5 { flex: 1 1 calc( 20% - 20px);}.sp-pcp-row .sp-pcp-col-sm-6 {flex: 1 1 calc( 16.66666666666667% - 20px);}.sp-pcp-row .sp-pcp-col-sm-7 {flex: 1 1 calc( 14.28571428% - 20px);}.sp-pcp-row .sp-pcp-col-sm-8 {flex: 1 1 calc( 12.5% - 20px);}}@media (max-width: 420px) {.sp-pcp-row .sp-pcp-col-xs-1 {flex: 0 0 100%;}.sp-pcp-row .sp-pcp-col-xs-2 {flex: 1 1 calc( 50% - 20px);}.sp-pcp-row .sp-pcp-col-xs-3 {flex: 1 1 calc( 33.333% - 20px);}.sp-pcp-row .sp-pcp-col-xs-4 {flex: 1 1 calc( 25% - 20px);}.sp-pcp-row .sp-pcp-col-xs-5 { flex: 1 1 calc( 20% - 20px);}.sp-pcp-row .sp-pcp-col-xs-6 {flex: 1 1 calc( 16.66666666666667% - 20px);}.sp-pcp-row .sp-pcp-col-xs-7 {flex: 1 1 calc( 14.28571428% - 20px);}.sp-pcp-row .sp-pcp-col-xs-8 {flex: 1 1 calc( 12.5% - 20px);}}<\/style><!-- Markup Starts -->\n<div id=\"pcp_wrapper-18593\" class=\"sp-pcp-section sp-pcp-container pcp-wrapper-18593 pcp-carousel-wrapper standard sp-carousel_layout\" data-sid=\"18593\">\n\t<div id=\"sp-pcp-id-18593\" class=\"swiper-container sp-pcp-carousel top_right\" dir=\"ltr\" data-carousel='{ \"speed\":600, \"items\":4, \"spaceBetween\":20, \"dynamicBullets\": false, \"navigation\":true, \"pagination\": true, \"autoplay\": true, \"autoplay_speed\": 2000, \"loop\": true, \"autoHeight\": false, \"lazy\":  true, \"simulateTouch\": true, \"freeMode\": false, \"slider_mouse_wheel\": false,\"allowTouchMove\": true, \"slidesPerView\": {\"lg_desktop\": 4, \"desktop\": 4, \"tablet\": 3, \"mobile_landscape\": 2, \"mobile\": 1}, \"navigation_mobile\": true, \"pagination_mobile\": true, \"stop_onHover\": true, \"enabled\": true, \"prevSlideMessage\": \"Previous slide\", \"nextSlideMessage\": \"Next slide\", \"firstSlideMessage\": \"This is the first slide\", \"lastSlideMessage\": \"This is the last slide\", \"keyboard\": \"true\", \"paginationBulletMessage\": \"Go to slide {{index}}\" }'>\n\t\t\t<div class=\"swiper-wrapper\">\n\t\t\t\t\t\t<div class=\" swiper-slide swiper-lazy\">\n\t\t\t<div class=\"sp-pcp-post default pcp-item-19404\" data-id=\"19404\">\n\t\t\t\t\t\t\t\t<div class=\"pcp-post-thumb-wrapper\">\n\t\t\t\t\t<div class=\"sp-pcp-post-thumb-area\">\n\t\t\t\t\t\t\t\t\t\t\t\t<a class=\"sp-pcp-thumb\" href=\"https:\/\/www.smd-led.pl\/blog\/minimalistyczne-oswietlenie-led-lampy-w-stylu-minimalistycznym-do-wnetrz\/\" target=\"_self\" >\n\t\t\t\t\t\t\t\t\t\t\t\t\t<img loading=\"lazy\" decoding=\"async\" src=\"https:\/\/www.smd-led.pl\/blog\/wp-content\/uploads\/2026\/03\/2026-03-23-minimalizm-hero-scaled.png\" width=\"2560\" height=\"1396\" alt=\"Minimalistyczne o\u015bwietlenie LED - linia \u015bwiat\u0142a w salonie\">\n\t\t\t\t\t\t<\/a>\n\t\t\t\t\t<\/div>\n\t\t\t\t<\/div>\n\t\t\t\t\t\t\t\t<div class=\"sp-pcp-post-details\">\n\t\t\t\t\t<div class=\"sp-pcp-post-details-content\">\n\t\t\t\t\t\t\t\t<h2 class=\"sp-pcp-title\">\n\t\t\t\t\t\t\t\t\t<a href=\"https:\/\/www.smd-led.pl\/blog\/minimalistyczne-oswietlenie-led-lampy-w-stylu-minimalistycznym-do-wnetrz\/\"  target=\"_self\">Minimalistyczne o\u015bwietlenie LED &#8211; lampy w stylu minimalistycznym do wn\u0119trz<\/a>\t\t\t\t\t\t\t<\/h2>\n\t\t\t\t\t\t<div class=\"sp-pcp-post-meta\">\n\t\t\t<ul><li>\t\t\t\t\t<i class=\"fa fa-user\"><\/i>\n\t\t\t\t\t<a href=\"https:\/\/www.smd-led.pl\/blog\/author\/mpietrasik\/\"\n\t\t\t\t\t\trel=\"author\">Marcin Pietrasik<\/a>\n\t\t\t\t\t<\/li> <li>\t\t\t\t\t<i class=\"fa fa-calendar\"><\/i>\n\t\t\t\t\t<time class=\"entry-date published updated\">27 kwietnia, 2026<\/time>\n\t\t\t\t\t<\/li><\/ul>\t\t<\/div>\n\t\t\t\t\t<div class=\"sp-pcp-post-content\">\n\t\t\t<p>Minimalistyczne o\u015bwietlenie LED &#8211; SMD-LED Minimalistyczne lampy wisz\u0105ce LED to odpowied\u017a na rosn\u0105ce zainteresowanie prostym [&hellip;]<\/p>\n\t\t<div class=\"sp-pcp-readmore\">\n\t\t\t\t\t\t\t<a class=\"pcp-readmore-link\" target=\"_self\" href=\"https:\/\/www.smd-led.pl\/blog\/minimalistyczne-oswietlenie-led-lampy-w-stylu-minimalistycznym-do-wnetrz\/\" >\n\t\t\t\t\t\tRead More <\/a>\n\t\t<\/div>\n\t\t\t\t\t<\/div>\n\t\t\t\t\t\t\t\t<\/div>\n\t\t\t\t<\/div>\n\t\t\t<\/div>\n\t\t<\/div>\n\t\t\t\t<div class=\" swiper-slide swiper-lazy\">\n\t\t\t<div class=\"sp-pcp-post default pcp-item-19529\" data-id=\"19529\">\n\t\t\t\t\t\t\t\t<div class=\"pcp-post-thumb-wrapper\">\n\t\t\t\t\t<div class=\"sp-pcp-post-thumb-area\">\n\t\t\t\t\t\t\t\t\t\t\t\t<a class=\"sp-pcp-thumb\" href=\"https:\/\/www.smd-led.pl\/blog\/jak-oswietlic-pergole-led-zintegrowane-oswietlenie-krok-po-kroku\/\" target=\"_self\" >\n\t\t\t\t\t\t\t\t\t\t\t\t\t<img loading=\"lazy\" decoding=\"async\" src=\"https:\/\/www.smd-led.pl\/blog\/wp-content\/uploads\/2026\/03\/2026-04-pergola-hero-scaled.png\" width=\"2560\" height=\"1396\" alt=\"pergola hero\">\n\t\t\t\t\t\t<\/a>\n\t\t\t\t\t<\/div>\n\t\t\t\t<\/div>\n\t\t\t\t\t\t\t\t<div class=\"sp-pcp-post-details\">\n\t\t\t\t\t<div class=\"sp-pcp-post-details-content\">\n\t\t\t\t\t\t\t\t<h2 class=\"sp-pcp-title\">\n\t\t\t\t\t\t\t\t\t<a href=\"https:\/\/www.smd-led.pl\/blog\/jak-oswietlic-pergole-led-zintegrowane-oswietlenie-krok-po-kroku\/\"  target=\"_self\">Jak o\u015bwietli\u0107 pergol\u0119 LED &#8211; zintegrowane o\u015bwietlenie krok po kroku<\/a>\t\t\t\t\t\t\t<\/h2>\n\t\t\t\t\t\t<div class=\"sp-pcp-post-meta\">\n\t\t\t<ul><li>\t\t\t\t\t<i class=\"fa fa-user\"><\/i>\n\t\t\t\t\t<a href=\"https:\/\/www.smd-led.pl\/blog\/author\/mpietrasik\/\"\n\t\t\t\t\t\trel=\"author\">Marcin Pietrasik<\/a>\n\t\t\t\t\t<\/li> <li>\t\t\t\t\t<i class=\"fa fa-calendar\"><\/i>\n\t\t\t\t\t<time class=\"entry-date published updated\">24 kwietnia, 2026<\/time>\n\t\t\t\t\t<\/li><\/ul>\t\t<\/div>\n\t\t\t\t\t<div class=\"sp-pcp-post-content\">\n\t\t\t<p>Pergola bioklimatyczna z o\u015bwietleniem LED wzd\u0142u\u017c belek O\u015bwietlenie pergoli tarasowej to instalacja ta\u015bm, profili lub [&hellip;]<\/p>\n\t\t<div class=\"sp-pcp-readmore\">\n\t\t\t\t\t\t\t<a class=\"pcp-readmore-link\" target=\"_self\" href=\"https:\/\/www.smd-led.pl\/blog\/jak-oswietlic-pergole-led-zintegrowane-oswietlenie-krok-po-kroku\/\" >\n\t\t\t\t\t\tRead More <\/a>\n\t\t<\/div>\n\t\t\t\t\t<\/div>\n\t\t\t\t\t\t\t\t<\/div>\n\t\t\t\t<\/div>\n\t\t\t<\/div>\n\t\t<\/div>\n\t\t\t\t<div class=\" swiper-slide swiper-lazy\">\n\t\t\t<div class=\"sp-pcp-post default pcp-item-19527\" data-id=\"19527\">\n\t\t\t\t\t\t\t\t<div class=\"pcp-post-thumb-wrapper\">\n\t\t\t\t\t<div class=\"sp-pcp-post-thumb-area\">\n\t\t\t\t\t\t\t\t\t\t\t\t<a class=\"sp-pcp-thumb\" href=\"https:\/\/www.smd-led.pl\/blog\/jak-oswietlic-zewnetrzne-schody-i-podjazd-led-bezpieczenstwo-i-estetyka\/\" target=\"_self\" >\n\t\t\t\t\t\t\t\t\t\t\t\t\t<img loading=\"lazy\" decoding=\"async\" src=\"https:\/\/www.smd-led.pl\/blog\/wp-content\/uploads\/2026\/03\/2026-04-schody-hero-scaled.png\" width=\"2560\" height=\"1396\" alt=\"schody hero\">\n\t\t\t\t\t\t<\/a>\n\t\t\t\t\t<\/div>\n\t\t\t\t<\/div>\n\t\t\t\t\t\t\t\t<div class=\"sp-pcp-post-details\">\n\t\t\t\t\t<div class=\"sp-pcp-post-details-content\">\n\t\t\t\t\t\t\t\t<h2 class=\"sp-pcp-title\">\n\t\t\t\t\t\t\t\t\t<a href=\"https:\/\/www.smd-led.pl\/blog\/jak-oswietlic-zewnetrzne-schody-i-podjazd-led-bezpieczenstwo-i-estetyka\/\"  target=\"_self\">Jak o\u015bwietli\u0107 zewn\u0119trzne schody i podjazd LED &#8211; bezpiecze\u0144stwo i estetyka<\/a>\t\t\t\t\t\t\t<\/h2>\n\t\t\t\t\t\t<div class=\"sp-pcp-post-meta\">\n\t\t\t<ul><li>\t\t\t\t\t<i class=\"fa fa-user\"><\/i>\n\t\t\t\t\t<a href=\"https:\/\/www.smd-led.pl\/blog\/author\/mpietrasik\/\"\n\t\t\t\t\t\trel=\"author\">Marcin Pietrasik<\/a>\n\t\t\t\t\t<\/li> <li>\t\t\t\t\t<i class=\"fa fa-calendar\"><\/i>\n\t\t\t\t\t<time class=\"entry-date published updated\">22 kwietnia, 2026<\/time>\n\t\t\t\t\t<\/li><\/ul>\t\t<\/div>\n\t\t\t\t\t<div class=\"sp-pcp-post-content\">\n\t\t\t<p>Schody zewn\u0119trzne z o\u015bwietleniem LED pod noskiem stopnia O\u015bwietlenie schod\u00f3w zewn\u0119trznych LED to instalacja opraw [&hellip;]<\/p>\n\t\t<div class=\"sp-pcp-readmore\">\n\t\t\t\t\t\t\t<a class=\"pcp-readmore-link\" target=\"_self\" href=\"https:\/\/www.smd-led.pl\/blog\/jak-oswietlic-zewnetrzne-schody-i-podjazd-led-bezpieczenstwo-i-estetyka\/\" >\n\t\t\t\t\t\tRead More <\/a>\n\t\t<\/div>\n\t\t\t\t\t<\/div>\n\t\t\t\t\t\t\t\t<\/div>\n\t\t\t\t<\/div>\n\t\t\t<\/div>\n\t\t<\/div>\n\t\t\t\t<div class=\" swiper-slide swiper-lazy\">\n\t\t\t<div class=\"sp-pcp-post default pcp-item-19525\" data-id=\"19525\">\n\t\t\t\t\t\t\t\t<div class=\"pcp-post-thumb-wrapper\">\n\t\t\t\t\t<div class=\"sp-pcp-post-thumb-area\">\n\t\t\t\t\t\t\t\t\t\t\t\t<a class=\"sp-pcp-thumb\" href=\"https:\/\/www.smd-led.pl\/blog\/jak-oswietlic-balustrade-i-porecze-tarasu-swiatlem-led\/\" target=\"_self\" >\n\t\t\t\t\t\t\t\t\t\t\t\t\t<img loading=\"lazy\" decoding=\"async\" src=\"https:\/\/www.smd-led.pl\/blog\/wp-content\/uploads\/2026\/03\/2026-04-balustrada-hero-scaled.png\" width=\"2560\" height=\"1396\" alt=\"balustrada hero\">\n\t\t\t\t\t\t<\/a>\n\t\t\t\t\t<\/div>\n\t\t\t\t<\/div>\n\t\t\t\t\t\t\t\t<div class=\"sp-pcp-post-details\">\n\t\t\t\t\t<div class=\"sp-pcp-post-details-content\">\n\t\t\t\t\t\t\t\t<h2 class=\"sp-pcp-title\">\n\t\t\t\t\t\t\t\t\t<a href=\"https:\/\/www.smd-led.pl\/blog\/jak-oswietlic-balustrade-i-porecze-tarasu-swiatlem-led\/\"  target=\"_self\">Jak o\u015bwietli\u0107 balustrad\u0119 i por\u0119cze tarasu \u015bwiat\u0142em LED<\/a>\t\t\t\t\t\t\t<\/h2>\n\t\t\t\t\t\t<div class=\"sp-pcp-post-meta\">\n\t\t\t<ul><li>\t\t\t\t\t<i class=\"fa fa-user\"><\/i>\n\t\t\t\t\t<a href=\"https:\/\/www.smd-led.pl\/blog\/author\/mpietrasik\/\"\n\t\t\t\t\t\trel=\"author\">Marcin Pietrasik<\/a>\n\t\t\t\t\t<\/li> <li>\t\t\t\t\t<i class=\"fa fa-calendar\"><\/i>\n\t\t\t\t\t<time class=\"entry-date published updated\">18 kwietnia, 2026<\/time>\n\t\t\t\t\t<\/li><\/ul>\t\t<\/div>\n\t\t\t\t\t<div class=\"sp-pcp-post-content\">\n\t\t\t<p>Balustrada tarasowa z pod\u015bwietleniem LED pod pochwytem Balustrady LED to monta\u017c ta\u015bm, modu\u0142\u00f3w lub profili [&hellip;]<\/p>\n\t\t<div class=\"sp-pcp-readmore\">\n\t\t\t\t\t\t\t<a class=\"pcp-readmore-link\" target=\"_self\" href=\"https:\/\/www.smd-led.pl\/blog\/jak-oswietlic-balustrade-i-porecze-tarasu-swiatlem-led\/\" >\n\t\t\t\t\t\tRead More <\/a>\n\t\t<\/div>\n\t\t\t\t\t<\/div>\n\t\t\t\t\t\t\t\t<\/div>\n\t\t\t\t<\/div>\n\t\t\t<\/div>\n\t\t<\/div>\n\t\t\t\t<div class=\" swiper-slide swiper-lazy\">\n\t\t\t<div class=\"sp-pcp-post default pcp-item-19523\" data-id=\"19523\">\n\t\t\t\t\t\t\t\t<div class=\"pcp-post-thumb-wrapper\">\n\t\t\t\t\t<div class=\"sp-pcp-post-thumb-area\">\n\t\t\t\t\t\t\t\t\t\t\t\t<a class=\"sp-pcp-thumb\" href=\"https:\/\/www.smd-led.pl\/blog\/jak-oswietlic-oczko-wodne-i-staw-ogrodowy-podwodne-led-ip68\/\" target=\"_self\" >\n\t\t\t\t\t\t\t\t\t\t\t\t\t<img loading=\"lazy\" decoding=\"async\" src=\"https:\/\/www.smd-led.pl\/blog\/wp-content\/uploads\/2026\/03\/2026-04-oczko-hero-scaled.png\" width=\"2560\" height=\"1396\" alt=\"oczko hero\">\n\t\t\t\t\t\t<\/a>\n\t\t\t\t\t<\/div>\n\t\t\t\t<\/div>\n\t\t\t\t\t\t\t\t<div class=\"sp-pcp-post-details\">\n\t\t\t\t\t<div class=\"sp-pcp-post-details-content\">\n\t\t\t\t\t\t\t\t<h2 class=\"sp-pcp-title\">\n\t\t\t\t\t\t\t\t\t<a href=\"https:\/\/www.smd-led.pl\/blog\/jak-oswietlic-oczko-wodne-i-staw-ogrodowy-podwodne-led-ip68\/\"  target=\"_self\">Jak o\u015bwietli\u0107 oczko wodne i staw ogrodowy &#8211; podwodne LED IP68<\/a>\t\t\t\t\t\t\t<\/h2>\n\t\t\t\t\t\t<div class=\"sp-pcp-post-meta\">\n\t\t\t<ul><li>\t\t\t\t\t<i class=\"fa fa-user\"><\/i>\n\t\t\t\t\t<a href=\"https:\/\/www.smd-led.pl\/blog\/author\/mpietrasik\/\"\n\t\t\t\t\t\trel=\"author\">Marcin Pietrasik<\/a>\n\t\t\t\t\t<\/li> <li>\t\t\t\t\t<i class=\"fa fa-calendar\"><\/i>\n\t\t\t\t\t<time class=\"entry-date published updated\">16 kwietnia, 2026<\/time>\n\t\t\t\t\t<\/li><\/ul>\t\t<\/div>\n\t\t\t\t\t<div class=\"sp-pcp-post-content\">\n\t\t\t<p>Oczko wodne z podwodnym o\u015bwietleniem LED noc\u0105 Wyobra\u017a sobie ciep\u0142y letni wiecz\u00f3r &#8211; siedzisz na [&hellip;]<\/p>\n\t\t<div class=\"sp-pcp-readmore\">\n\t\t\t\t\t\t\t<a class=\"pcp-readmore-link\" target=\"_self\" href=\"https:\/\/www.smd-led.pl\/blog\/jak-oswietlic-oczko-wodne-i-staw-ogrodowy-podwodne-led-ip68\/\" >\n\t\t\t\t\t\tRead More <\/a>\n\t\t<\/div>\n\t\t\t\t\t<\/div>\n\t\t\t\t\t\t\t\t<\/div>\n\t\t\t\t<\/div>\n\t\t\t<\/div>\n\t\t<\/div>\n\t\t\t\t<div class=\" swiper-slide swiper-lazy\">\n\t\t\t<div class=\"sp-pcp-post default pcp-item-19521\" data-id=\"19521\">\n\t\t\t\t\t\t\t\t<div class=\"pcp-post-thumb-wrapper\">\n\t\t\t\t\t<div class=\"sp-pcp-post-thumb-area\">\n\t\t\t\t\t\t\t\t\t\t\t\t<a class=\"sp-pcp-thumb\" href=\"https:\/\/www.smd-led.pl\/blog\/jak-oswietlic-sciezki-ogrodowe-led-normy-bezpieczenstwa-pn-en-13201\/\" target=\"_self\" >\n\t\t\t\t\t\t\t\t\t\t\t\t\t<img loading=\"lazy\" decoding=\"async\" src=\"https:\/\/www.smd-led.pl\/blog\/wp-content\/uploads\/2026\/03\/2026-04-sciezki-hero-scaled.png\" width=\"2560\" height=\"1396\" alt=\"sciezki hero\">\n\t\t\t\t\t\t<\/a>\n\t\t\t\t\t<\/div>\n\t\t\t\t<\/div>\n\t\t\t\t\t\t\t\t<div class=\"sp-pcp-post-details\">\n\t\t\t\t\t<div class=\"sp-pcp-post-details-content\">\n\t\t\t\t\t\t\t\t<h2 class=\"sp-pcp-title\">\n\t\t\t\t\t\t\t\t\t<a href=\"https:\/\/www.smd-led.pl\/blog\/jak-oswietlic-sciezki-ogrodowe-led-normy-bezpieczenstwa-pn-en-13201\/\"  target=\"_self\">Jak o\u015bwietli\u0107 \u015bcie\u017cki ogrodowe LED &#8211; normy bezpiecze\u0144stwa PN-EN 13201<\/a>\t\t\t\t\t\t\t<\/h2>\n\t\t\t\t\t\t<div class=\"sp-pcp-post-meta\">\n\t\t\t<ul><li>\t\t\t\t\t<i class=\"fa fa-user\"><\/i>\n\t\t\t\t\t<a href=\"https:\/\/www.smd-led.pl\/blog\/author\/mpietrasik\/\"\n\t\t\t\t\t\trel=\"author\">Marcin Pietrasik<\/a>\n\t\t\t\t\t<\/li> <li>\t\t\t\t\t<i class=\"fa fa-calendar\"><\/i>\n\t\t\t\t\t<time class=\"entry-date published updated\">14 kwietnia, 2026<\/time>\n\t\t\t\t\t<\/li><\/ul>\t\t<\/div>\n\t\t\t\t\t<div class=\"sp-pcp-post-content\">\n\t\t\t<p>O\u015bwietlenie \u015bcie\u017cki ogrodowej LED s\u0142upkami bollard O\u015bwietlenie \u015bcie\u017cek ogrodowych to system lamp i opraw LED [&hellip;]<\/p>\n\t\t<div class=\"sp-pcp-readmore\">\n\t\t\t\t\t\t\t<a class=\"pcp-readmore-link\" target=\"_self\" href=\"https:\/\/www.smd-led.pl\/blog\/jak-oswietlic-sciezki-ogrodowe-led-normy-bezpieczenstwa-pn-en-13201\/\" >\n\t\t\t\t\t\tRead More <\/a>\n\t\t<\/div>\n\t\t\t\t\t<\/div>\n\t\t\t\t\t\t\t\t<\/div>\n\t\t\t\t<\/div>\n\t\t\t<\/div>\n\t\t<\/div>\n\t\t\t\t<div class=\" swiper-slide swiper-lazy\">\n\t\t\t<div class=\"sp-pcp-post default pcp-item-19519\" data-id=\"19519\">\n\t\t\t\t\t\t\t\t<div class=\"pcp-post-thumb-wrapper\">\n\t\t\t\t\t<div class=\"sp-pcp-post-thumb-area\">\n\t\t\t\t\t\t\t\t\t\t\t\t<a class=\"sp-pcp-thumb\" href=\"https:\/\/www.smd-led.pl\/blog\/inteligentne-oswietlenie-ogrodu-led-sterowanie-z-aplikacji-krok-po-kroku\/\" target=\"_self\" >\n\t\t\t\t\t\t\t\t\t\t\t\t\t<img loading=\"lazy\" decoding=\"async\" src=\"https:\/\/www.smd-led.pl\/blog\/wp-content\/uploads\/2026\/03\/2026-04-smart-garden-hero-scaled.png\" width=\"2560\" height=\"1396\" alt=\"smart garden hero\">\n\t\t\t\t\t\t<\/a>\n\t\t\t\t\t<\/div>\n\t\t\t\t<\/div>\n\t\t\t\t\t\t\t\t<div class=\"sp-pcp-post-details\">\n\t\t\t\t\t<div class=\"sp-pcp-post-details-content\">\n\t\t\t\t\t\t\t\t<h2 class=\"sp-pcp-title\">\n\t\t\t\t\t\t\t\t\t<a href=\"https:\/\/www.smd-led.pl\/blog\/inteligentne-oswietlenie-ogrodu-led-sterowanie-z-aplikacji-krok-po-kroku\/\"  target=\"_self\">Inteligentne o\u015bwietlenie ogrodu LED &#8211; sterowanie z aplikacji krok po kroku<\/a>\t\t\t\t\t\t\t<\/h2>\n\t\t\t\t\t\t<div class=\"sp-pcp-post-meta\">\n\t\t\t<ul><li>\t\t\t\t\t<i class=\"fa fa-user\"><\/i>\n\t\t\t\t\t<a href=\"https:\/\/www.smd-led.pl\/blog\/author\/mpietrasik\/\"\n\t\t\t\t\t\trel=\"author\">Marcin Pietrasik<\/a>\n\t\t\t\t\t<\/li> <li>\t\t\t\t\t<i class=\"fa fa-calendar\"><\/i>\n\t\t\t\t\t<time class=\"entry-date published updated\">11 kwietnia, 2026<\/time>\n\t\t\t\t\t<\/li><\/ul>\t\t<\/div>\n\t\t\t\t\t<div class=\"sp-pcp-post-content\">\n\t\t\t<p>Google Home i Apple HomeKit &#8211; integracja inteligentnego o\u015bwietlenia ogrodowego Google Home i Apple HomeKit [&hellip;]<\/p>\n\t\t<div class=\"sp-pcp-readmore\">\n\t\t\t\t\t\t\t<a class=\"pcp-readmore-link\" target=\"_self\" href=\"https:\/\/www.smd-led.pl\/blog\/inteligentne-oswietlenie-ogrodu-led-sterowanie-z-aplikacji-krok-po-kroku\/\" >\n\t\t\t\t\t\tRead More <\/a>\n\t\t<\/div>\n\t\t\t\t\t<\/div>\n\t\t\t\t\t\t\t\t<\/div>\n\t\t\t\t<\/div>\n\t\t\t<\/div>\n\t\t<\/div>\n\t\t\t\t<div class=\" swiper-slide swiper-lazy\">\n\t\t\t<div class=\"sp-pcp-post default pcp-item-19517\" data-id=\"19517\">\n\t\t\t\t\t\t\t\t<div class=\"pcp-post-thumb-wrapper\">\n\t\t\t\t\t<div class=\"sp-pcp-post-thumb-area\">\n\t\t\t\t\t\t\t\t\t\t\t\t<a class=\"sp-pcp-thumb\" href=\"https:\/\/www.smd-led.pl\/blog\/led-solarny-vs-zasilacz-sieciowy-co-lepsze-do-ogrodu-w-2026\/\" target=\"_self\" >\n\t\t\t\t\t\t\t\t\t\t\t\t\t<img loading=\"lazy\" decoding=\"async\" src=\"https:\/\/www.smd-led.pl\/blog\/wp-content\/uploads\/2026\/03\/2026-04-solar-vs-sieciowy-hero-scaled.png\" width=\"2560\" height=\"1396\" alt=\"solar vs sieciowy hero\">\n\t\t\t\t\t\t<\/a>\n\t\t\t\t\t<\/div>\n\t\t\t\t<\/div>\n\t\t\t\t\t\t\t\t<div class=\"sp-pcp-post-details\">\n\t\t\t\t\t<div class=\"sp-pcp-post-details-content\">\n\t\t\t\t\t\t\t\t<h2 class=\"sp-pcp-title\">\n\t\t\t\t\t\t\t\t\t<a href=\"https:\/\/www.smd-led.pl\/blog\/led-solarny-vs-zasilacz-sieciowy-co-lepsze-do-ogrodu-w-2026\/\"  target=\"_self\">LED solarny vs zasilacz sieciowy &#8211; co lepsze do ogrodu w 2026<\/a>\t\t\t\t\t\t\t<\/h2>\n\t\t\t\t\t\t<div class=\"sp-pcp-post-meta\">\n\t\t\t<ul><li>\t\t\t\t\t<i class=\"fa fa-user\"><\/i>\n\t\t\t\t\t<a href=\"https:\/\/www.smd-led.pl\/blog\/author\/mpietrasik\/\"\n\t\t\t\t\t\trel=\"author\">Marcin Pietrasik<\/a>\n\t\t\t\t\t<\/li> <li>\t\t\t\t\t<i class=\"fa fa-calendar\"><\/i>\n\t\t\t\t\t<time class=\"entry-date published updated\">9 kwietnia, 2026<\/time>\n\t\t\t\t\t<\/li><\/ul>\t\t<\/div>\n\t\t\t\t\t<div class=\"sp-pcp-post-content\">\n\t\t\t<p>Por\u00f3wnanie o\u015bwietlenia solarnego i sieciowego LED w ogrodzie O\u015bwietlenie solarne ogrodowe to system lamp zasilanych [&hellip;]<\/p>\n\t\t<div class=\"sp-pcp-readmore\">\n\t\t\t\t\t\t\t<a class=\"pcp-readmore-link\" target=\"_self\" href=\"https:\/\/www.smd-led.pl\/blog\/led-solarny-vs-zasilacz-sieciowy-co-lepsze-do-ogrodu-w-2026\/\" >\n\t\t\t\t\t\tRead More <\/a>\n\t\t<\/div>\n\t\t\t\t\t<\/div>\n\t\t\t\t\t\t\t\t<\/div>\n\t\t\t\t<\/div>\n\t\t\t<\/div>\n\t\t<\/div>\n\t\t\t\t<div class=\" swiper-slide swiper-lazy\">\n\t\t\t<div class=\"sp-pcp-post default pcp-item-19515\" data-id=\"19515\">\n\t\t\t\t\t\t\t\t<div class=\"pcp-post-thumb-wrapper\">\n\t\t\t\t\t<div class=\"sp-pcp-post-thumb-area\">\n\t\t\t\t\t\t\t\t\t\t\t\t<a class=\"sp-pcp-thumb\" href=\"https:\/\/www.smd-led.pl\/blog\/czujnik-ruchu-led-jak-wybrac-podlaczyc-i-polaczyc-z-czujnikiem-zmierzchu\/\" target=\"_self\" >\n\t\t\t\t\t\t\t\t\t\t\t\t\t<img loading=\"lazy\" decoding=\"async\" src=\"https:\/\/www.smd-led.pl\/blog\/wp-content\/uploads\/2026\/03\/2026-04-czujnik-hero-scaled.png\" width=\"2560\" height=\"1396\" alt=\"czujnik hero\">\n\t\t\t\t\t\t<\/a>\n\t\t\t\t\t<\/div>\n\t\t\t\t<\/div>\n\t\t\t\t\t\t\t\t<div class=\"sp-pcp-post-details\">\n\t\t\t\t\t<div class=\"sp-pcp-post-details-content\">\n\t\t\t\t\t\t\t\t<h2 class=\"sp-pcp-title\">\n\t\t\t\t\t\t\t\t\t<a href=\"https:\/\/www.smd-led.pl\/blog\/czujnik-ruchu-led-jak-wybrac-podlaczyc-i-polaczyc-z-czujnikiem-zmierzchu\/\"  target=\"_self\">Czujnik ruchu LED &#8211; jak wybra\u0107, pod\u0142\u0105czy\u0107 i po\u0142\u0105czy\u0107 z czujnikiem zmierzchu<\/a>\t\t\t\t\t\t\t<\/h2>\n\t\t\t\t\t\t<div class=\"sp-pcp-post-meta\">\n\t\t\t<ul><li>\t\t\t\t\t<i class=\"fa fa-user\"><\/i>\n\t\t\t\t\t<a href=\"https:\/\/www.smd-led.pl\/blog\/author\/mpietrasik\/\"\n\t\t\t\t\t\trel=\"author\">Marcin Pietrasik<\/a>\n\t\t\t\t\t<\/li> <li>\t\t\t\t\t<i class=\"fa fa-calendar\"><\/i>\n\t\t\t\t\t<time class=\"entry-date published updated\">7 kwietnia, 2026<\/time>\n\t\t\t\t\t<\/li><\/ul>\t\t<\/div>\n\t\t\t\t\t<div class=\"sp-pcp-post-content\">\n\t\t\t<p>Czujnik ruchu PIR aktywuj\u0105cy o\u015bwietlenie LED przy wej\u015bciu do domu Czujnik ruchu LED to urz\u0105dzenie, [&hellip;]<\/p>\n\t\t<div class=\"sp-pcp-readmore\">\n\t\t\t\t\t\t\t<a class=\"pcp-readmore-link\" target=\"_self\" href=\"https:\/\/www.smd-led.pl\/blog\/czujnik-ruchu-led-jak-wybrac-podlaczyc-i-polaczyc-z-czujnikiem-zmierzchu\/\" >\n\t\t\t\t\t\tRead More <\/a>\n\t\t<\/div>\n\t\t\t\t\t<\/div>\n\t\t\t\t\t\t\t\t<\/div>\n\t\t\t\t<\/div>\n\t\t\t<\/div>\n\t\t<\/div>\n\t\t\t\t<div class=\" swiper-slide swiper-lazy\">\n\t\t\t<div class=\"sp-pcp-post default pcp-item-19513\" data-id=\"19513\">\n\t\t\t\t\t\t\t\t<div class=\"pcp-post-thumb-wrapper\">\n\t\t\t\t\t<div class=\"sp-pcp-post-thumb-area\">\n\t\t\t\t\t\t\t\t\t\t\t\t<a class=\"sp-pcp-thumb\" href=\"https:\/\/www.smd-led.pl\/blog\/temperatura-barwowa-led-jak-dobrac-do-wnetrza-i-na-zewnatrz\/\" target=\"_self\" >\n\t\t\t\t\t\t\t\t\t\t\t\t\t<img loading=\"lazy\" decoding=\"async\" src=\"https:\/\/www.smd-led.pl\/blog\/wp-content\/uploads\/2026\/03\/2026-04-temperatura-hero-scaled.png\" width=\"2560\" height=\"1396\" alt=\"temperatura hero\">\n\t\t\t\t\t\t<\/a>\n\t\t\t\t\t<\/div>\n\t\t\t\t<\/div>\n\t\t\t\t\t\t\t\t<div class=\"sp-pcp-post-details\">\n\t\t\t\t\t<div class=\"sp-pcp-post-details-content\">\n\t\t\t\t\t\t\t\t<h2 class=\"sp-pcp-title\">\n\t\t\t\t\t\t\t\t\t<a href=\"https:\/\/www.smd-led.pl\/blog\/temperatura-barwowa-led-jak-dobrac-do-wnetrza-i-na-zewnatrz\/\"  target=\"_self\">Temperatura barwowa LED &#8211; jak dobra\u0107 do wn\u0119trza i na zewn\u0105trz<\/a>\t\t\t\t\t\t\t<\/h2>\n\t\t\t\t\t\t<div class=\"sp-pcp-post-meta\">\n\t\t\t<ul><li>\t\t\t\t\t<i class=\"fa fa-user\"><\/i>\n\t\t\t\t\t<a href=\"https:\/\/www.smd-led.pl\/blog\/author\/mpietrasik\/\"\n\t\t\t\t\t\trel=\"author\">Marcin Pietrasik<\/a>\n\t\t\t\t\t<\/li> <li>\t\t\t\t\t<i class=\"fa fa-calendar\"><\/i>\n\t\t\t\t\t<time class=\"entry-date published updated\">4 kwietnia, 2026<\/time>\n\t\t\t\t\t<\/li><\/ul>\t\t<\/div>\n\t\t\t\t\t<div class=\"sp-pcp-post-content\">\n\t\t\t<p>Por\u00f3wnanie temperatury barwowej LED: 2700K, 4000K, 6500K Temperatura barwowa LED to parametr wyra\u017cony w kelwinach [&hellip;]<\/p>\n\t\t<div class=\"sp-pcp-readmore\">\n\t\t\t\t\t\t\t<a class=\"pcp-readmore-link\" target=\"_self\" href=\"https:\/\/www.smd-led.pl\/blog\/temperatura-barwowa-led-jak-dobrac-do-wnetrza-i-na-zewnatrz\/\" >\n\t\t\t\t\t\tRead More <\/a>\n\t\t<\/div>\n\t\t\t\t\t<\/div>\n\t\t\t\t\t\t\t\t<\/div>\n\t\t\t\t<\/div>\n\t\t\t<\/div>\n\t\t<\/div>\n\t\t\t\t\t<\/div>\n\t\t\t\t\t\t<div class=\"pcp-pagination swiper-pagination dots\"><\/div>\n\t\t\t\t\t\t\t\t\t\t<div class=\"pcp-button-next swiper-button-next top_right\"><i class=\"fa fa-angle-right\"><\/i><\/div>\n\t\t\t\t<div class=\"pcp-button-prev swiper-button-prev top_right\"><i class=\"fa fa-angle-left\"><\/i><\/div>\t<\/div>\n<\/div>\n<\/div>","protected":false},"excerpt":{"rendered":"<p>Napi\u0119cie elektryczne, znane r\u00f3wnie\u017c jako r\u00f3\u017cnica potencja\u0142\u00f3w, to jedno z kluczowych poj\u0119\u0107 w elektrotechnice. Mierzone [&hellip;]<\/p>\n","protected":false},"author":7,"featured_media":18557,"comment_status":"closed","ping_status":"closed","sticky":false,"template":"","format":"standard","meta":{"inline_featured_image":false,"footnotes":""},"categories":[34,77],"tags":[],"class_list":["post-18551","post","type-post","status-publish","format-standard","has-post-thumbnail","hentry","category-poradnik-led","category-techniczny-parametr"],"acf":[],"yoast_head":"<!-- This site is optimized with the Yoast SEO Premium plugin v26.8 (Yoast SEO v26.8) - https:\/\/yoast.com\/product\/yoast-seo-premium-wordpress\/ -->\n<title>Napi\u0119cie elektryczne: Definicje, Rodzaje i Zastosowania - SMD-LED<\/title>\n<meta name=\"robots\" content=\"index, follow, max-snippet:-1, max-image-preview:large, max-video-preview:-1\" \/>\n<link rel=\"canonical\" href=\"https:\/\/www.smd-led.pl\/blog\/napiecie-elektryczne-definicje-rodzaje-i-zastosowania\/\" \/>\n<meta property=\"og:locale\" content=\"pl_PL\" \/>\n<meta property=\"og:type\" content=\"article\" \/>\n<meta property=\"og:title\" content=\"Napi\u0119cie elektryczne: Definicje, Rodzaje i Zastosowania\" \/>\n<meta property=\"og:description\" content=\"Napi\u0119cie elektryczne, znane r\u00f3wnie\u017c jako r\u00f3\u017cnica potencja\u0142\u00f3w, to jedno z kluczowych poj\u0119\u0107 w elektrotechnice. Mierzone [&hellip;]\" \/>\n<meta property=\"og:url\" content=\"https:\/\/www.smd-led.pl\/blog\/napiecie-elektryczne-definicje-rodzaje-i-zastosowania\/\" \/>\n<meta property=\"og:site_name\" content=\"SMD-LED\" \/>\n<meta property=\"article:published_time\" content=\"2024-12-08T15:59:10+00:00\" \/>\n<meta property=\"article:modified_time\" content=\"2024-12-09T13:06:02+00:00\" \/>\n<meta property=\"og:image\" content=\"https:\/\/www.smd-led.pl\/blog\/wp-content\/uploads\/2024\/12\/2-1.png\" \/>\n\t<meta property=\"og:image:width\" content=\"1900\" \/>\n\t<meta property=\"og:image:height\" content=\"1200\" \/>\n\t<meta property=\"og:image:type\" content=\"image\/png\" \/>\n<meta name=\"author\" content=\"Marcin Pietrasik\" \/>\n<meta name=\"twitter:card\" content=\"summary_large_image\" \/>\n<meta name=\"twitter:label1\" content=\"Napisane przez\" \/>\n\t<meta name=\"twitter:data1\" content=\"Marcin Pietrasik\" \/>\n\t<meta name=\"twitter:label2\" content=\"Szacowany czas czytania\" \/>\n\t<meta name=\"twitter:data2\" content=\"20 minut\" \/>\n<script type=\"application\/ld+json\" class=\"yoast-schema-graph\">{\"@context\":\"https:\/\/schema.org\",\"@graph\":[{\"@type\":\"Article\",\"@id\":\"https:\/\/www.smd-led.pl\/blog\/napiecie-elektryczne-definicje-rodzaje-i-zastosowania\/#article\",\"isPartOf\":{\"@id\":\"https:\/\/www.smd-led.pl\/blog\/napiecie-elektryczne-definicje-rodzaje-i-zastosowania\/\"},\"author\":{\"name\":\"Marcin Pietrasik\",\"@id\":\"https:\/\/www.smd-led.pl\/blog\/#\/schema\/person\/887fa24be503d7ae726f67021d1623f5\"},\"headline\":\"Napi\u0119cie elektryczne: Definicje, Rodzaje i Zastosowania\",\"datePublished\":\"2024-12-08T15:59:10+00:00\",\"dateModified\":\"2024-12-09T13:06:02+00:00\",\"mainEntityOfPage\":{\"@id\":\"https:\/\/www.smd-led.pl\/blog\/napiecie-elektryczne-definicje-rodzaje-i-zastosowania\/\"},\"wordCount\":3897,\"image\":{\"@id\":\"https:\/\/www.smd-led.pl\/blog\/napiecie-elektryczne-definicje-rodzaje-i-zastosowania\/#primaryimage\"},\"thumbnailUrl\":\"https:\/\/www.smd-led.pl\/blog\/wp-content\/uploads\/2024\/12\/2-1.png\",\"articleSection\":[\"Poradnik LED\",\"Techniczny Parametr\"],\"inLanguage\":\"pl-PL\"},{\"@type\":\"WebPage\",\"@id\":\"https:\/\/www.smd-led.pl\/blog\/napiecie-elektryczne-definicje-rodzaje-i-zastosowania\/\",\"url\":\"https:\/\/www.smd-led.pl\/blog\/napiecie-elektryczne-definicje-rodzaje-i-zastosowania\/\",\"name\":\"Napi\u0119cie elektryczne: Definicje, Rodzaje i Zastosowania - SMD-LED\",\"isPartOf\":{\"@id\":\"https:\/\/www.smd-led.pl\/blog\/#website\"},\"primaryImageOfPage\":{\"@id\":\"https:\/\/www.smd-led.pl\/blog\/napiecie-elektryczne-definicje-rodzaje-i-zastosowania\/#primaryimage\"},\"image\":{\"@id\":\"https:\/\/www.smd-led.pl\/blog\/napiecie-elektryczne-definicje-rodzaje-i-zastosowania\/#primaryimage\"},\"thumbnailUrl\":\"https:\/\/www.smd-led.pl\/blog\/wp-content\/uploads\/2024\/12\/2-1.png\",\"datePublished\":\"2024-12-08T15:59:10+00:00\",\"dateModified\":\"2024-12-09T13:06:02+00:00\",\"author\":{\"@id\":\"https:\/\/www.smd-led.pl\/blog\/#\/schema\/person\/887fa24be503d7ae726f67021d1623f5\"},\"breadcrumb\":{\"@id\":\"https:\/\/www.smd-led.pl\/blog\/napiecie-elektryczne-definicje-rodzaje-i-zastosowania\/#breadcrumb\"},\"inLanguage\":\"pl-PL\",\"potentialAction\":[{\"@type\":\"ReadAction\",\"target\":[\"https:\/\/www.smd-led.pl\/blog\/napiecie-elektryczne-definicje-rodzaje-i-zastosowania\/\"]}]},{\"@type\":\"ImageObject\",\"inLanguage\":\"pl-PL\",\"@id\":\"https:\/\/www.smd-led.pl\/blog\/napiecie-elektryczne-definicje-rodzaje-i-zastosowania\/#primaryimage\",\"url\":\"https:\/\/www.smd-led.pl\/blog\/wp-content\/uploads\/2024\/12\/2-1.png\",\"contentUrl\":\"https:\/\/www.smd-led.pl\/blog\/wp-content\/uploads\/2024\/12\/2-1.png\",\"width\":1900,\"height\":1200,\"caption\":\"Napi\u0119cie elektryczne jak je mierzymy\"},{\"@type\":\"BreadcrumbList\",\"@id\":\"https:\/\/www.smd-led.pl\/blog\/napiecie-elektryczne-definicje-rodzaje-i-zastosowania\/#breadcrumb\",\"itemListElement\":[{\"@type\":\"ListItem\",\"position\":1,\"name\":\"Strona g\u0142\u00f3wna\",\"item\":\"https:\/\/www.smd-led.pl\/blog\/\"},{\"@type\":\"ListItem\",\"position\":2,\"name\":\"Napi\u0119cie elektryczne: Definicje, Rodzaje i Zastosowania\"}]},{\"@type\":\"WebSite\",\"@id\":\"https:\/\/www.smd-led.pl\/blog\/#website\",\"url\":\"https:\/\/www.smd-led.pl\/blog\/\",\"name\":\"SMD-LED\",\"description\":\"O\u015bwietlenie Led do domu i przemys\u0142u porady, testy i opinie ekspert\u00f3w\",\"potentialAction\":[{\"@type\":\"SearchAction\",\"target\":{\"@type\":\"EntryPoint\",\"urlTemplate\":\"https:\/\/www.smd-led.pl\/blog\/?s={search_term_string}\"},\"query-input\":{\"@type\":\"PropertyValueSpecification\",\"valueRequired\":true,\"valueName\":\"search_term_string\"}}],\"inLanguage\":\"pl-PL\"},{\"@type\":\"Person\",\"@id\":\"https:\/\/www.smd-led.pl\/blog\/#\/schema\/person\/887fa24be503d7ae726f67021d1623f5\",\"name\":\"Marcin Pietrasik\",\"image\":{\"@type\":\"ImageObject\",\"inLanguage\":\"pl-PL\",\"@id\":\"https:\/\/www.smd-led.pl\/blog\/#\/schema\/person\/image\/\",\"url\":\"https:\/\/secure.gravatar.com\/avatar\/c886f4ccbb5c83b665ee8b66f0b3401128439bc832dca6389b6e67c6bdc3d38b?s=96&d=mm&r=g\",\"contentUrl\":\"https:\/\/secure.gravatar.com\/avatar\/c886f4ccbb5c83b665ee8b66f0b3401128439bc832dca6389b6e67c6bdc3d38b?s=96&d=mm&r=g\",\"caption\":\"Marcin Pietrasik\"},\"url\":\"https:\/\/www.smd-led.pl\/blog\/author\/mpietrasik\/\"}]}<\/script>\n<!-- \/ Yoast SEO Premium plugin. -->","yoast_head_json":{"title":"Napi\u0119cie elektryczne: Definicje, Rodzaje i Zastosowania - SMD-LED","robots":{"index":"index","follow":"follow","max-snippet":"max-snippet:-1","max-image-preview":"max-image-preview:large","max-video-preview":"max-video-preview:-1"},"canonical":"https:\/\/www.smd-led.pl\/blog\/napiecie-elektryczne-definicje-rodzaje-i-zastosowania\/","og_locale":"pl_PL","og_type":"article","og_title":"Napi\u0119cie elektryczne: Definicje, Rodzaje i Zastosowania","og_description":"Napi\u0119cie elektryczne, znane r\u00f3wnie\u017c jako r\u00f3\u017cnica potencja\u0142\u00f3w, to jedno z kluczowych poj\u0119\u0107 w elektrotechnice. Mierzone [&hellip;]","og_url":"https:\/\/www.smd-led.pl\/blog\/napiecie-elektryczne-definicje-rodzaje-i-zastosowania\/","og_site_name":"SMD-LED","article_published_time":"2024-12-08T15:59:10+00:00","article_modified_time":"2024-12-09T13:06:02+00:00","og_image":[{"width":1900,"height":1200,"url":"https:\/\/www.smd-led.pl\/blog\/wp-content\/uploads\/2024\/12\/2-1.png","type":"image\/png"}],"author":"Marcin Pietrasik","twitter_card":"summary_large_image","twitter_misc":{"Napisane przez":"Marcin Pietrasik","Szacowany czas czytania":"20 minut"},"schema":{"@context":"https:\/\/schema.org","@graph":[{"@type":"Article","@id":"https:\/\/www.smd-led.pl\/blog\/napiecie-elektryczne-definicje-rodzaje-i-zastosowania\/#article","isPartOf":{"@id":"https:\/\/www.smd-led.pl\/blog\/napiecie-elektryczne-definicje-rodzaje-i-zastosowania\/"},"author":{"name":"Marcin Pietrasik","@id":"https:\/\/www.smd-led.pl\/blog\/#\/schema\/person\/887fa24be503d7ae726f67021d1623f5"},"headline":"Napi\u0119cie elektryczne: Definicje, Rodzaje i Zastosowania","datePublished":"2024-12-08T15:59:10+00:00","dateModified":"2024-12-09T13:06:02+00:00","mainEntityOfPage":{"@id":"https:\/\/www.smd-led.pl\/blog\/napiecie-elektryczne-definicje-rodzaje-i-zastosowania\/"},"wordCount":3897,"image":{"@id":"https:\/\/www.smd-led.pl\/blog\/napiecie-elektryczne-definicje-rodzaje-i-zastosowania\/#primaryimage"},"thumbnailUrl":"https:\/\/www.smd-led.pl\/blog\/wp-content\/uploads\/2024\/12\/2-1.png","articleSection":["Poradnik LED","Techniczny Parametr"],"inLanguage":"pl-PL"},{"@type":"WebPage","@id":"https:\/\/www.smd-led.pl\/blog\/napiecie-elektryczne-definicje-rodzaje-i-zastosowania\/","url":"https:\/\/www.smd-led.pl\/blog\/napiecie-elektryczne-definicje-rodzaje-i-zastosowania\/","name":"Napi\u0119cie elektryczne: Definicje, Rodzaje i Zastosowania - SMD-LED","isPartOf":{"@id":"https:\/\/www.smd-led.pl\/blog\/#website"},"primaryImageOfPage":{"@id":"https:\/\/www.smd-led.pl\/blog\/napiecie-elektryczne-definicje-rodzaje-i-zastosowania\/#primaryimage"},"image":{"@id":"https:\/\/www.smd-led.pl\/blog\/napiecie-elektryczne-definicje-rodzaje-i-zastosowania\/#primaryimage"},"thumbnailUrl":"https:\/\/www.smd-led.pl\/blog\/wp-content\/uploads\/2024\/12\/2-1.png","datePublished":"2024-12-08T15:59:10+00:00","dateModified":"2024-12-09T13:06:02+00:00","author":{"@id":"https:\/\/www.smd-led.pl\/blog\/#\/schema\/person\/887fa24be503d7ae726f67021d1623f5"},"breadcrumb":{"@id":"https:\/\/www.smd-led.pl\/blog\/napiecie-elektryczne-definicje-rodzaje-i-zastosowania\/#breadcrumb"},"inLanguage":"pl-PL","potentialAction":[{"@type":"ReadAction","target":["https:\/\/www.smd-led.pl\/blog\/napiecie-elektryczne-definicje-rodzaje-i-zastosowania\/"]}]},{"@type":"ImageObject","inLanguage":"pl-PL","@id":"https:\/\/www.smd-led.pl\/blog\/napiecie-elektryczne-definicje-rodzaje-i-zastosowania\/#primaryimage","url":"https:\/\/www.smd-led.pl\/blog\/wp-content\/uploads\/2024\/12\/2-1.png","contentUrl":"https:\/\/www.smd-led.pl\/blog\/wp-content\/uploads\/2024\/12\/2-1.png","width":1900,"height":1200,"caption":"Napi\u0119cie elektryczne jak je mierzymy"},{"@type":"BreadcrumbList","@id":"https:\/\/www.smd-led.pl\/blog\/napiecie-elektryczne-definicje-rodzaje-i-zastosowania\/#breadcrumb","itemListElement":[{"@type":"ListItem","position":1,"name":"Strona g\u0142\u00f3wna","item":"https:\/\/www.smd-led.pl\/blog\/"},{"@type":"ListItem","position":2,"name":"Napi\u0119cie elektryczne: Definicje, Rodzaje i Zastosowania"}]},{"@type":"WebSite","@id":"https:\/\/www.smd-led.pl\/blog\/#website","url":"https:\/\/www.smd-led.pl\/blog\/","name":"SMD-LED","description":"O\u015bwietlenie Led do domu i przemys\u0142u porady, testy i opinie ekspert\u00f3w","potentialAction":[{"@type":"SearchAction","target":{"@type":"EntryPoint","urlTemplate":"https:\/\/www.smd-led.pl\/blog\/?s={search_term_string}"},"query-input":{"@type":"PropertyValueSpecification","valueRequired":true,"valueName":"search_term_string"}}],"inLanguage":"pl-PL"},{"@type":"Person","@id":"https:\/\/www.smd-led.pl\/blog\/#\/schema\/person\/887fa24be503d7ae726f67021d1623f5","name":"Marcin Pietrasik","image":{"@type":"ImageObject","inLanguage":"pl-PL","@id":"https:\/\/www.smd-led.pl\/blog\/#\/schema\/person\/image\/","url":"https:\/\/secure.gravatar.com\/avatar\/c886f4ccbb5c83b665ee8b66f0b3401128439bc832dca6389b6e67c6bdc3d38b?s=96&d=mm&r=g","contentUrl":"https:\/\/secure.gravatar.com\/avatar\/c886f4ccbb5c83b665ee8b66f0b3401128439bc832dca6389b6e67c6bdc3d38b?s=96&d=mm&r=g","caption":"Marcin Pietrasik"},"url":"https:\/\/www.smd-led.pl\/blog\/author\/mpietrasik\/"}]}},"_links":{"self":[{"href":"https:\/\/www.smd-led.pl\/blog\/wp-json\/wp\/v2\/posts\/18551","targetHints":{"allow":["GET"]}}],"collection":[{"href":"https:\/\/www.smd-led.pl\/blog\/wp-json\/wp\/v2\/posts"}],"about":[{"href":"https:\/\/www.smd-led.pl\/blog\/wp-json\/wp\/v2\/types\/post"}],"author":[{"embeddable":true,"href":"https:\/\/www.smd-led.pl\/blog\/wp-json\/wp\/v2\/users\/7"}],"replies":[{"embeddable":true,"href":"https:\/\/www.smd-led.pl\/blog\/wp-json\/wp\/v2\/comments?post=18551"}],"version-history":[{"count":4,"href":"https:\/\/www.smd-led.pl\/blog\/wp-json\/wp\/v2\/posts\/18551\/revisions"}],"predecessor-version":[{"id":18596,"href":"https:\/\/www.smd-led.pl\/blog\/wp-json\/wp\/v2\/posts\/18551\/revisions\/18596"}],"wp:featuredmedia":[{"embeddable":true,"href":"https:\/\/www.smd-led.pl\/blog\/wp-json\/wp\/v2\/media\/18557"}],"wp:attachment":[{"href":"https:\/\/www.smd-led.pl\/blog\/wp-json\/wp\/v2\/media?parent=18551"}],"wp:term":[{"taxonomy":"category","embeddable":true,"href":"https:\/\/www.smd-led.pl\/blog\/wp-json\/wp\/v2\/categories?post=18551"},{"taxonomy":"post_tag","embeddable":true,"href":"https:\/\/www.smd-led.pl\/blog\/wp-json\/wp\/v2\/tags?post=18551"}],"curies":[{"name":"wp","href":"https:\/\/api.w.org\/{rel}","templated":true}]}}