{"id":2443,"date":"2019-11-08T14:21:39","date_gmt":"2019-11-08T13:21:39","guid":{"rendered":"https:\/\/www.smd-led.pl\/blog\/?p=2443"},"modified":"2024-02-01T11:13:06","modified_gmt":"2024-02-01T10:13:06","slug":"oswietlenie-kuchni-jak-rozplanowac-i-rozmiescic","status":"publish","type":"post","link":"https:\/\/www.smd-led.pl\/blog\/oswietlenie-kuchni-jak-rozplanowac-i-rozmiescic\/","title":{"rendered":"O\u015bwietlenie kuchni &#8211; jak rozplanowa\u0107 i rozmie\u015bci\u0107"},"content":{"rendered":"<p><strong>O\u015bwietlenie w kuchni<\/strong> to bardzo wa\u017cny element wyko\u0144czenia ka\u017cdego domu, czy mieszkania. To w\u0142a\u015bnie w tym pomieszczeniu sp\u0119dzamy bardzo du\u017co codziennego czasu. To tutaj przygotowujemy posi\u0142ki dla siebie i rodziny cz\u0119sto r\u00f3wnie\u017c pijemy kaw\u0119 czy, je\u015bli posiadamy w niej st\u00f3\u0142, spo\u017cywamy wszystkie posi\u0142ki. Odpowiednie <strong>o\u015bwietlenie kuchni<\/strong> to bardzo wa\u017cny aspekt, o kt\u00f3ry musimy zadba\u0107 podczas jej urz\u0105dzania. O\u015bwietlenie do kuchni powinno by\u0107 wi\u0119c funkcjonalne, ale r\u00f3wnie\u017c interesuj\u0105ce i przytulne. Ciekawym rozwi\u0105zaniem b\u0119dzie wykorzystanie <a href=\"https:\/\/www.smd-led.pl\/reflektor-punktowy-led\">reflektor\u00f3w punkt\u00f3wych<\/a>. M\u00f3wi si\u0119 niejednokrotnie, \u017ce kuchnia to serce naszego domu. Jest ona miejscem, w kt\u00f3rym ka\u017cdy z nas sp\u0119dza bardzo du\u017co czasu.<\/p>\n<div id=\"attachment_4560\" style=\"width: 810px\" class=\"wp-caption aligncenter\"><img loading=\"lazy\" decoding=\"async\" aria-describedby=\"caption-attachment-4560\" class=\"size-full wp-image-4560\" src=\"https:\/\/www.smd-led.pl\/blog\/wp-content\/uploads\/2019\/11\/oswietlenie-kuchni-jak-rozplanowac-i-rozmiescic-baner-reklamowy-sklep-z-oswietleniem-smd-led.pl_.jpeg\" alt=\"oswietlenie kuchni jak rozplanowac i rozmiescic, baner reklamowy, sklep z oswietleniem smd-led.pl\" width=\"800\" height=\"533\" \/><p id=\"caption-attachment-4560\" class=\"wp-caption-text\">SMD-LED.PL udzieli Ci fachowej pomocy w o\u015bwietleniu kuchni. Razem znajdziemy idealne rozwi\u0105zanie!<\/p><\/div>\n<p style=\"text-align: center;\"><strong><span style=\"font-size: 24pt; color: #ff0000;\">Najcz\u0119\u015bciej wybierane lampy przez naszych klient\u00f3w od o\u015bwietlania kuchni:<\/span><\/strong><\/p>\n<div class=\"call-to-action-03\"><div class=\"call-to-action-03__product-box\"><img decoding=\"async\" src=\"https:\/\/www.smd-led.pl\/blog\/wp-content\/uploads\/2023\/12\/reflektor-spot-k-4727-z-serii-monti.webp\" alt=\"reflektor-spot-k-4727-z-serii-monti\" \/><span class=\"call-to-action-03__product-title\">REFLEKTOR \/ SPOT K-4727 Z SERII MONTI<\/span><a href=\"https:\/\/www.smd-led.pl\/lampy-do-kuchni-sufitowe\" class=\"button\" id=\"kuchnia_\" target=\"_self\">Zobacz produkt<\/a><\/div><div class=\"call-to-action-03__product-box\"><img decoding=\"async\" src=\"https:\/\/www.smd-led.pl\/blog\/wp-content\/uploads\/2023\/12\/lampa-wiszaca-solo-sawn-white-patinated-wood-5x-mini-gu10.webp\" alt=\"lampa-wiszaca-solo-sawn-white-patinated-wood-5x-mini-gu10\" \/><span class=\"call-to-action-03__product-title\">LAMPA WISZ\u0104CA SOLO SAWN WHITE \/ PATINATED<\/span><a href=\"https:\/\/www.smd-led.pl\/lampa-sufitowa\" class=\"button\" id=\"kuchnia_\" target=\"_self\">Zobacz produkt<\/a><\/div><div class=\"call-to-action-03__product-box\"><img decoding=\"async\" src=\"https:\/\/www.smd-led.pl\/blog\/wp-content\/uploads\/2023\/12\/oprawa-meblowa-led-kwadrat-2w-4000k-biala.webp\" alt=\"oprawa-meblowa-led-kwadrat-2w-4000k-biala\" \/><span class=\"call-to-action-03__product-title\">OPRAWA MEBLOWA LED KWADRAT 2W 4000K BIA\u0141A<\/span><a href=\"https:\/\/www.smd-led.pl\/plafony-led\" class=\"button\" id=\"kuchnia_\" target=\"_self\">Zobacz produkt<\/a><\/div><div class=\"call-to-action-03__product-box\"><img decoding=\"async\" src=\"https:\/\/www.smd-led.pl\/blog\/wp-content\/uploads\/2023\/12\/OPRAWA-HALOGENOWA-NATYNKOWA-OHN-3C.png\" alt=\"OPRAWA HALOGENOWA NATYNKOWA OHN-3C\" \/><span class=\"call-to-action-03__product-title\">OPRAWA HALOGENOWA NATYNKOWA OHN-3C<\/span><a href=\"https:\/\/www.smd-led.pl\/tuby-sufitowe\" class=\"button\" id=\"kuchnia_\" target=\"_self\">Zobacz produkt<\/a><\/div><div class=\"call-to-action-03__product-box\"><img decoding=\"async\" src=\"https:\/\/www.smd-led.pl\/blog\/wp-content\/uploads\/2023\/12\/tasma-led-24v-cob-11w-480led-ip20-4000-100k-100lm-w-ra-90-1m-8mm-e1701942081650.webp\" alt=\"tasma-led-24v-cob-11w-480led-ip20-4000-100k-100lm-w-ra-90-1m-8mm\" \/><span class=\"call-to-action-03__product-title\">TA\u015aMA LED 24V \/ COB \/ 11W \/ 4000K<\/span><a href=\"https:\/\/www.smd-led.pl\/tasma-led-cob\" class=\"button\" id=\"kuchnia_\" target=\"_self\">Zobacz produkt<\/a><\/div><div class=\"call-to-action-03__product-box call-to-action-03__product-box--category\"><img decoding=\"async\" src=\"https:\/\/www.smd-led.pl\/blog\/wp-content\/uploads\/2023\/12\/IP65.png\" alt=\"Lampy wpuszczane w sufit\" \/><div class=\"call-to-action-03__txt-box\"><p class=\"call-to-action-03__txt\">Zobacz wi\u0119cej z kategorii<\/p><span class=\"call-to-action-03__product-title\">Lampy wpuszczane w sufit<\/span><\/div><a href=\"https:\/\/www.smd-led.pl\/lampy-wpuszczane-w-sufit\" class=\"button call-to-action-03__btn\" id=\"kuchnia_\" target=\"_self\">Zobacz produkty<\/a><\/div><\/div>\n<p>Poszukuj\u0105c rozwi\u0105za\u0144 dla naszej kuchni, mo\u017cemy spojrze\u0107 na kilka r\u00f3\u017cnych aspekt\u00f3w. Inaczej bowiem o\u015bwietlimy ma\u0142\u0105 kuchni\u0119, inaczej du\u017c\u0105 czy tak\u0105 bez okna. Ka\u017cda przestrze\u0144 wymaga od nas nieco innego rozwi\u0105zania o\u015bwietleniowego. O\u015bwietlenie do kuchni powinno by\u0107 wi\u0119cej nie tylko eleganckie i doskonale wpasowywa\u0107 si\u0119 do stylu naszego wn\u0119trza, ale przede wszystkim musi by\u0107 na tyle funkcjonalne, aby przy jego \u015bwietle m\u00f3c swobodnie si\u0119 w niej porusza\u0107, czy przygotowywa\u0107 jedzenie.<\/p>\n<p><img loading=\"lazy\" decoding=\"async\" class=\"wp-image-2447 size-full aligncenter\" src=\"https:\/\/www.smd-led.pl\/blog\/wp-content\/uploads\/2019\/11\/oswietlenie-kuchni-zdjecia.jpg\" alt=\"O\u015bwietlenie kuchni zdj\u0119cia\" width=\"1280\" height=\"850\" \/><\/p>\n<p>&nbsp;<\/p>\n<div class=\"call-to-action-07\"><div class=\"call-to-action-07__product-box\"><img decoding=\"async\" src=\"https:\/\/www.smd-led.pl\/blog\/wp-content\/uploads\/2023\/03\/PROFIL-LED-NAROZNIKOWY-TYP-C.jpg\" alt=\"PROFIL LED NARO\u017bNIKOWY TYP C\" \/><span class=\"call-to-action-07__product-title\"><a href=\"https:\/\/www.smd-led.pl\/profil-aluminiowy-led\" data-internallinksmanager029f6b8e52c=\"31\" title=\"Profile LED\">Profil LED<\/a> naro\u017cnikowy typ C<\/span><a href=\"https:\/\/www.smd-led.pl\/profil-led-naroznikowy-typ-c\" class=\"button\" id=\"porofil_c_h_ta\u015bma\" target=\"_self\">Zobacz produkt<\/a><\/div><div class=\"call-to-action-07__product-box\"><img decoding=\"async\" src=\"https:\/\/www.smd-led.pl\/blog\/wp-content\/uploads\/2023\/03\/PROFIL-ALUMINIOWY-NAROZNIKOWY-DO-TASM-LED-LUMINES-TYP-H-SREBRNY-2-METRY.jpg\" alt=\"PROFIL ALUMINIOWY NARO\u017bNIKOWY DO TA\u015aM LED LUMINES TYP H\" \/><span class=\"call-to-action-07__product-title\">Profil LED naro\u017cnikowy typ H<\/span><a href=\"https:\/\/www.smd-led.pl\/profil-led-naroznikowy-typ-h\" class=\"button\" id=\"porofil_c_h_ta\u015bma\" target=\"_self\">Zobacz produkt<\/a><\/div><div class=\"call-to-action-07__product-box\"><img decoding=\"async\" src=\"https:\/\/www.smd-led.pl\/blog\/wp-content\/uploads\/2023\/07\/Tasma-Led-24V-Cob-11W-480Led-Ip20-4000-100K-100LmW-Ra-90-1M-8Mm.jpg\" alt=\"Ta\u015bma Led 24V Cob 11W 480Led Ip20 4000 +-100K 100LmW Ra 90 1M 8Mm\" \/><span class=\"call-to-action-07__product-title\">Ta\u015bma LED COB<\/span><a href=\"https:\/\/www.smd-led.pl\/tasma-led-cob\" class=\"button\" id=\"porofil_c_h_ta\u015bma\" target=\"_self\">Zobacz produkt<\/a><\/div><\/div>\n<h2>O\u015bwietlenie do kuchni &#8211; najpopularniejsze rozwi\u0105zania<\/h2>\n<p><strong>\u015awiat\u0142o w kuchni<\/strong> i jego projekt powinni\u015bmy zacz\u0105\u0107 od najwa\u017cniejszego o\u015bwietlenia og\u00f3lnego. Najcz\u0119\u015bciej do tego celu wybierane s\u0105 lampy sufitowe wyposa\u017cone w zintegrowane \u017ar\u00f3d\u0142o \u015bwiat\u0142a LED lub przystosowane do monta\u017cu w nich \u017car\u00f3wek Ledowych. My stawiaj\u0105c na energooszcz\u0119dne o\u015bwietlenie, powinni\u015bmy bardziej skupi\u0107 si\u0119 na r\u00f3wnomiernym rozmieszczeniu kilku \u017ar\u00f3de\u0142 \u015bwiat\u0142a ni\u017c stawia\u0107 na jedn\u0105 lamp\u0105 o du\u017cej mocy \u015bwietlnej i wysokim poborze energii. Je\u015bli nie decydujemy si\u0119 na jedno centralne \u017ar\u00f3d\u0142o \u015bwiat\u0142a, do <strong>o\u015bwietlenia kuchni<\/strong> najlepiej sprawdzaj\u0105 si\u0119 <a href=\"https:\/\/www.smd-led.pl\/oprawy-halogenowe-led-line\">oprawy halogenowe<\/a>, <a href=\"https:\/\/www.smd-led.pl\/plafony-led\">plafony LED<\/a>, czy <a href=\"https:\/\/www.smd-led.pl\/oprawa-downlight-led\">oprawy typu downlight<\/a>. Ich ilo\u015b\u0107 oraz moc dobieramy odpowiednio do rozmiar\u00f3w naszej kuchni.<\/p>\n<div class=\"call-to-action-02\"><div class=\"call-to-action-02__spots-map\"><img decoding=\"async\" src=\"https:\/\/www.smd-led.pl\/blog\/wp-content\/uploads\/2023\/01\/seria-favo.jpg\" alt=\"\" class=\"call-to-action-02__spots-map-img\" \/><div class=\"call-to-action-02__spots\"><div class=\"call-to-action-02__spot1\"><div class=\"call-to-action-02__spot-icn\" style=\"top: 18.7570%; left: 18.0684%;     transform: translate(-50%, -50%);\"><div class=\"call-to-action-02__icon-box\"><img decoding=\"async\" src=\"https:\/\/moleo.pl\/wp-content\/themes\/moleotheme\/assets\/img\/plus-icon.svg\" class=\"call-to-action-02__icon\"><\/div><div class=\"call-to-action-02__spot-product-box\"><img decoding=\"async\" src=\"https:\/\/www.smd-led.pl\/blog\/wp-content\/uploads\/2023\/01\/LAMPA-WISZACA-K-4786-Z-SERII-FAVO.jpg\" alt=\"\"\/><span class=\"call-to-action-02__product-title\">LAMPA WISZ\u0104CA K-4787 Z SERII FAVO<\/span><a href=\"https:\/\/www.smd-led.pl\/nowoczesne-kinkiety-do-kuchni\" class=\"button\" id=\"kuchnia_1\" target=\"_self\">Zobacz produkt<\/a><\/div><\/div><\/div><div class=\"call-to-action-02__spot1\"><div class=\"call-to-action-02__spot-icn\" style=\"top: 15.8713%; left: 49.3267%;     transform: translate(-50%, -50%);\"><div class=\"call-to-action-02__icon-box\"><img decoding=\"async\" src=\"https:\/\/moleo.pl\/wp-content\/themes\/moleotheme\/assets\/img\/plus-icon.svg\" class=\"call-to-action-02__icon\"><\/div><div class=\"call-to-action-02__spot-product-box\"><img decoding=\"async\" src=\"https:\/\/www.smd-led.pl\/blog\/wp-content\/uploads\/2023\/01\/KINKIET-K-4789-Z-SERII-FAVO.jpg\" alt=\"\"\/><span class=\"call-to-action-02__product-title\">KINKIET K-4789 Z SERII FAVO<\/span><a href=\"https:\/\/www.smd-led.pl\/nowoczesne-kinkiety-do-kuchni\" class=\"button\" id=\"kuchnia_1\" target=\"_self\">Zobacz produkt<\/a><\/div><\/div><\/div><div class=\"call-to-action-02__spot1\"><div class=\"call-to-action-02__spot-icn\" style=\"top: 55.3092%; left: 47.7005%;     transform: translate(-50%, -50%);\"><div class=\"call-to-action-02__icon-box\"><img decoding=\"async\" src=\"https:\/\/moleo.pl\/wp-content\/themes\/moleotheme\/assets\/img\/plus-icon.svg\" class=\"call-to-action-02__icon\"><\/div><div class=\"call-to-action-02__spot-product-box\"><img decoding=\"async\" src=\"https:\/\/www.smd-led.pl\/blog\/wp-content\/uploads\/2023\/01\/LAMPA-WISZACA-K-4787-Z-SERII-FAVO.jpg\" alt=\"\"\/><span class=\"call-to-action-02__product-title\">LAMPA WISZ\u0104CA K-4787 Z SERII FAVO<\/span><a href=\"https:\/\/www.smd-led.pl\/lampy-do-kuchni-sufitowe\" class=\"button\" id=\"kuchnia_1\" target=\"_self\">Zobacz produkt<\/a><\/div><\/div><\/div><div class=\"call-to-action-02__spot1\"><div class=\"call-to-action-02__spot-icn\" style=\"top: 5.2904%; left: 79.3202%;     transform: translate(-50%, -50%);\"><div class=\"call-to-action-02__icon-box\"><img decoding=\"async\" src=\"https:\/\/moleo.pl\/wp-content\/themes\/moleotheme\/assets\/img\/plus-icon.svg\" class=\"call-to-action-02__icon\"><\/div><div class=\"call-to-action-02__spot-product-box\"><img decoding=\"async\" src=\"https:\/\/www.smd-led.pl\/blog\/wp-content\/uploads\/2023\/01\/LAMPA-WISZACA-K-4788-Z-SERII-FAVO.jpg\" alt=\"\"\/><span class=\"call-to-action-02__product-title\">LAMPA WISZ\u0104CA K-4788 Z SERII FAVO<\/span><a href=\"https:\/\/www.smd-led.pl\/lampa-loft\" class=\"button\" id=\"kuchnia_1\" target=\"_self\">Zobacz produkt<\/a><\/div><\/div><\/div><div class=\"call-to-action-02__spot1\"><div class=\"call-to-action-02__spot-icn\" style=\"top: 69.2567%; left: 89.4385%;     transform: translate(-50%, -50%);\"><div class=\"call-to-action-02__icon-box\"><img decoding=\"async\" src=\"https:\/\/moleo.pl\/wp-content\/themes\/moleotheme\/assets\/img\/plus-icon.svg\" class=\"call-to-action-02__icon\"><\/div><div class=\"call-to-action-02__spot-product-box\"><img decoding=\"async\" src=\"https:\/\/www.smd-led.pl\/blog\/wp-content\/uploads\/2023\/01\/LAMPA-WISZACA-K-4785-Z-SERII-FAVO.jpg\" alt=\"\"\/><span class=\"call-to-action-02__product-title\">LAMPA WISZ\u0104CA K-4785 Z SERII FAVO<\/span><a href=\"https:\/\/www.smd-led.pl\/lampy-do-kuchni-sufitowe\" class=\"button\" id=\"kuchnia_1\" target=\"_self\"><\/a><\/div><\/div><\/div><\/div><\/div><\/div>\n<p><strong>Zobacz r\u00f3wnie\u017c nasze artyku\u0142y:<\/strong><\/p>\n<ul>\n<li><a href=\"https:\/\/www.smd-led.pl\/blog\/tasma-led-do-kuchni-czy-to-dobre-rozwiazanie\/\">Ta\u015bma LED do kuchni &#8211; czy to dobre rozwi\u0105zanie?<\/a><\/li>\n<li><a href=\"https:\/\/www.smd-led.pl\/blog\/ziola-w-kuchni-jak-oswietlic-domowa-plantacje\/\">Zio\u0142a w kuchni \u2013 jak o\u015bwietli\u0107 domow\u0105 plantacj\u0119?<\/a><\/li>\n<li><a href=\"https:\/\/www.smd-led.pl\/blog\/oswietlenie-stolu-jaka-lampe-wybrac\/\">O\u015bwietlenie sto\u0142u &#8211; jak\u0105 lamp\u0119 wybra\u0107?<\/a><\/li>\n<li><a href=\"https:\/\/www.smd-led.pl\/blog\/lampy-do-jadalni-jakie-wybrac\/\">Lampy do jadalni &#8211; jakie wybra\u0107?<\/a><\/li>\n<\/ul>\n<p><img loading=\"lazy\" decoding=\"async\" class=\"wp-image-2448 size-full aligncenter\" src=\"https:\/\/www.smd-led.pl\/blog\/wp-content\/uploads\/2019\/11\/oswietlenie-kuchni-aranzacje.jpg\" alt=\"O\u015bwietlenie kuchni aran\u017cacje\" width=\"1280\" height=\"853\" \/><\/p>\n<p>W przypadku ma\u0142ych i du\u017cych kuchni bardzo interesuj\u0105cym rozwi\u0105zaniem jest zastosowanie wielu \u017ar\u00f3de\u0142 \u015bwiat\u0142a o nie du\u017cym poborze energii. Kuchnia jest pomieszczeniem, gdzie nie musimy martwi\u0107 si\u0119 o szczelno\u015b\u0107 naszych lamp, a wi\u0119c wyb\u00f3r mamy naprawd\u0119 ogromny.<\/p>\n<p>Do monta\u017cu natynkowego poleci\u0107 mo\u017cemy:<\/p>\n<ul>\n<li><a href=\"https:\/\/www.smd-led.pl\/plafon-led-okragly-natynkowy-6w-proma-biala-ciepla-3302\">Plafon LED okr\u0105g\u0142y natynkowy o mocy 6W<\/a><\/li>\n<\/ul>\n<p><a href=\"https:\/\/www.smd-led.pl\/plafon-led-okragly-natynkowy-6w-proma-biala-ciepla-3302\"><img loading=\"lazy\" decoding=\"async\" class=\"size-full wp-image-2449 aligncenter\" src=\"https:\/\/www.smd-led.pl\/blog\/wp-content\/uploads\/2019\/11\/c4040ef1.jpg\" alt=\"Plafon LED okr\u0105g\u0142y natynkowy o mocy 6W\" width=\"480\" height=\"480\" \/><\/a><\/p>\n<p>Czy jego kwadratow\u0105 ods\u0142on\u0119, czyli <a href=\"https:\/\/www.smd-led.pl\/plafon-led-kwadratowy-natynkowy-6w-proma-biala-ciepla-3296\">plafon LED kwadratowy 6W<\/a><\/p>\n<p><a href=\"https:\/\/www.smd-led.pl\/plafon-led-kwadratowy-natynkowy-6w-proma-biala-ciepla-3296\"><img loading=\"lazy\" decoding=\"async\" class=\"size-full wp-image-2450 aligncenter\" src=\"https:\/\/www.smd-led.pl\/blog\/wp-content\/uploads\/2019\/11\/08092509.jpg\" alt=\"\" width=\"480\" height=\"480\" \/><\/a><\/p>\n<p>S\u0105 to propozycj\u0119 w barwie ciep\u0142\u0119j, ale tego typu lampy wyst\u0119puj\u0105 tak\u017ce w wersji neutralnej i zimnej. Mamy wi\u0119c mo\u017cliwo\u015bci wyboru barwy \u015bwiat\u0142a, kt\u00f3ra doskonale wpasuje si\u0119 do naszego wn\u0119trza, a tak\u017ce b\u0119dzie na tyle jasna, aby optymalnie i efektywne pracowa\u0107 w kuchni.<\/p>\n<p class=\"video-container\"><iframe loading=\"lazy\" src=\"\/\/www.youtube.com\/embed\/DOSp9YUWXh8\" width=\"800\" height=\"449\" allowfullscreen=\"allowfullscreen\"><\/iframe><\/p>\n<p>W przypadku kiedy chcemy, wpu\u015bci\u0107 nasze lampy w sufit najlepszym rozwi\u0105zaniem b\u0119dzie:<\/p>\n<p><a href=\"https:\/\/www.smd-led.pl\/zestaw-zarowka-led-gu10-5w-b-ciepla-oprawka-sufitowa-satyna-stala-gniazdo-gu10-3784\"><img loading=\"lazy\" decoding=\"async\" class=\"size-full wp-image-2451 aligncenter\" src=\"https:\/\/www.smd-led.pl\/blog\/wp-content\/uploads\/2019\/11\/oprawka-satynowa-z-zarowka.jpg\" alt=\"oprawa satynowa z \u017car\u00f3wk\u0105\" width=\"640\" height=\"460\" \/><\/a><\/p>\n<p><a href=\"https:\/\/www.smd-led.pl\/zestaw-zarowka-led-gu10-5w-b-ciepla-oprawka-sufitowa-satyna-stala-gniazdo-gu10-3784\">Satynowa oprawa halogenowa z \u017car\u00f3wk\u0105 GU10 o mocy 5W<\/a>. Jest to najpopularniejsze rozwi\u0105zanie, kt\u00f3re wpasuje si\u0119 praktycznie do ka\u017cdego wn\u0119trza. Taki zestaw pod\u0142\u0105czamy bezpo\u015brednio do pr\u0105du o napi\u0119ciu 230V, wi\u0119c nie ma potrzeby wykorzystania w nich \u017cadnych zewn\u0119trznych zasilaczy. Ogromn\u0105 zal\u0119t\u0105 jest r\u00f3wnie\u017c ogromny wyb\u00f3r, je\u017celi chodzi o wersje kolorystyczne opraw. S\u0105 one dost\u0119pne w przer\u00f3\u017cnych kolorach, od chromu zaczynaj\u0105c, po czarnym ko\u0144cz\u0105c.<\/p>\n<p><img loading=\"lazy\" decoding=\"async\" class=\"aligncenter size-full wp-image-2452\" src=\"https:\/\/www.smd-led.pl\/blog\/wp-content\/uploads\/2019\/11\/oprawy-halogenowe.jpg\" alt=\"montaz-opraw-halogenowych\" width=\"1023\" height=\"384\" \/><\/p>\n<p>Mo\u017cemy zdecydowa\u0107 si\u0119 tak\u017ce na lampy ze zintegrowanym \u017ar\u00f3d\u0142em \u015bwiat\u0142a, czyli oprawy typu Downlight. My w tym przypadku mo\u017cemy poleci\u0107 <a href=\"https:\/\/www.smd-led.pl\/plafon-led-12w-okragly-podtynkowy-ultra-slim-170mm-biala-dzienna-4000k-1550\">Panel podtynkowy Ultra Slim o mocy 12W<\/a>. Dost\u0119pny obecnie w barwie neutralnej i bardzo atrakcyjnej cenie, doskonale sprawdza si\u0119 w pomieszczeniach kuchennych.<\/p>\n<p><a href=\"https:\/\/www.smd-led.pl\/plafon-led-12w-okragly-podtynkowy-ultra-slim-170mm-biala-dzienna-4000k-1550\"><img loading=\"lazy\" decoding=\"async\" class=\"aligncenter size-full wp-image-2463\" src=\"https:\/\/www.smd-led.pl\/blog\/wp-content\/uploads\/2019\/11\/oprawa-downlight-12w-1.jpg\" alt=\"Oprawa Downlight 12W\" width=\"480\" height=\"480\" \/><\/a><\/p>\n<p>&nbsp;<\/p>\n<p><strong>O\u015bwietlenie<\/strong> sufitowe <strong>kuchni<\/strong> to nie wszystko, o co warto zadba\u0107 w tego rodzaju wn\u0119trzach. Pami\u0119tajmy tak\u017ce o odpowiednim o\u015bwietleniu aneksu kuchennego i sto\u0142u roboczego. Dobre \u015bwiat\u0142o przydaje nam si\u0119 r\u00f3wnie\u017c do zmywania i sprz\u0105tania. Stw\u00f3rzmy zatem baz\u0119, kt\u00f3ra o\u015bwietli ca\u0142\u0105 kuchni\u0119, nie zapominaj\u0105c o tak wa\u017cnych punktach jej wn\u0119trza. Bardzo ch\u0119tnie wybieranym rozwi\u0105zaniem do tego typu o\u015bwietlenia jest <a href=\"https:\/\/www.smd-led.pl\/profile-aluminiowe-do-tasm-led\">profil aluminiowy LED<\/a>. Dost\u0119pny jest w wielu rodzajach, wi\u0119c b\u0119dziemy mogli go zamontowa\u0107 zar\u00f3wno natynkowo, jak i podtynkowo. Zastosowanie listwy LED pozwoli nam r\u00f3wnie\u017c swobodnie dobra\u0107 jej \u017ar\u00f3d\u0142o \u015bwiat\u0142a i moc. Wszystko zale\u017cy wy\u0142\u0105cznie od nas, jakiej mocy ta\u015bmy LED do niego wykorzystamy, a tak\u017ce, na jak\u0105 barw\u0119 \u015bwiat\u0142a si\u0119 zdecydujemy.<\/p>\n<p><img loading=\"lazy\" decoding=\"async\" class=\"wp-image-2454 size-full aligncenter\" src=\"https:\/\/www.smd-led.pl\/blog\/wp-content\/uploads\/2019\/11\/oswietlenie-w-kuchni-aranzacje.jpg\" alt=\"O\u015bwietlenie w kuchni aran\u017cacje\" width=\"1024\" height=\"512\" \/><\/p>\n<p>&nbsp;<\/p>\n<h2>O\u015bwietlenie w kuchni po\u0142\u0105czonej z salonem i jadalni\u0105<\/h2>\n<p>Obecnie coraz popularniejszym trendem staje si\u0119 \u0142\u0105czenie kuchni z salonem i jadalni\u0105. Je\u015bli w naszym mieszkaniu zastosowano w\u0142a\u015bnie takie rozwi\u0105zanie, powinni\u015bmy integraln\u0105 ca\u0142o\u015b\u0107 stworzy\u0107 r\u00f3wnie\u017c w przypadku o\u015bwietlenia takiego wn\u0119trza. Najlepszym rozwi\u0105zaniem b\u0119dzie wi\u0119c spojrzenie na tak\u0105 przestrze\u0144 jak na jedno pomieszczenie. <strong>\u015awiat\u0142o w<\/strong> takiej <strong>kuchni<\/strong> dobierajmy tak, aby stylem pasowa\u0142o do jej wn\u0119trza, a tak\u017ce do designu salonu.<\/p>\n<p><img loading=\"lazy\" decoding=\"async\" class=\"wp-image-2455 size-full aligncenter\" src=\"https:\/\/www.smd-led.pl\/blog\/wp-content\/uploads\/2019\/11\/oswietlenie-w-kuchni-galeria.jpg\" alt=\"O\u015bwietlenie w kuchni galeria\" width=\"1280\" height=\"847\" \/><\/p>\n<p>Nie musimy stosowa\u0107 tych samych lamp w kuchni co w salonie. Wybierajmy jednak stonowane o\u015bwietlenie w postaci plafon\u00f3w czy halogen\u00f3w, pozostawiaj\u0105c sobie dowolno\u015b\u0107 wyboru lamp ozdobnych do naszego salonu. Je\u015bli kuchni\u0119 \u0142\u0105czymy z jadalni\u0105 czy salonem, warto dodatkowo pokusi\u0107 si\u0119 o odpowiednie o\u015bwietlenie sto\u0142u, kt\u00f3re mo\u017ce by\u0107 u\u017cywane niezale\u017cnie od o\u015bwietlenia g\u0142\u00f3wnego. \u015awietnie sprawdz\u0105 si\u0119 tutaj lampy bezpo\u015brednio umieszczone nad sto\u0142em. Dadz\u0105 nam mocne \u015bwiat\u0142o, je\u015bli takowe preferujemy lub nastrojowe, je\u015bli lubimy spo\u017cywa\u0107 posi\u0142ki i jednocze\u015bnie si\u0119 relaksowa\u0107. Barwa \u015bwiat\u0142a w naszych kuchniach jest oczywi\u015bcie dowolna, wi\u0119c od nas zale\u017cy czy wolimy to neutralne najbardziej przypominaj\u0105ce dzienne, czy to ciep\u0142e.<\/p>\n<div class=\"call-to-action-02\"><div class=\"call-to-action-02__spots-map\"><img decoding=\"async\" src=\"https:\/\/www.smd-led.pl\/blog\/wp-content\/uploads\/2023\/01\/seria-MILE-BLACK.jpg\" alt=\"\" class=\"call-to-action-02__spots-map-img\" \/><div class=\"call-to-action-02__spots\"><div class=\"call-to-action-02__spot1\"><div class=\"call-to-action-02__spot-icn\" style=\"top: 5.7823%; left: 18.2491%;     transform: translate(-50%, -50%);\"><div class=\"call-to-action-02__icon-box\"><img decoding=\"async\" src=\"https:\/\/moleo.pl\/wp-content\/themes\/moleotheme\/assets\/img\/plus-icon.svg\" class=\"call-to-action-02__icon\"><\/div><div class=\"call-to-action-02__spot-product-box\"><img decoding=\"async\" src=\"https:\/\/www.smd-led.pl\/blog\/wp-content\/uploads\/2023\/01\/499b9140.jpg\" alt=\"\"\/><span class=\"call-to-action-02__product-title\">LAMPA WISZ\u0104CA K-4407 Z SERII MILE BLACK<\/span><a href=\"https:\/\/www.smd-led.pl\/lampy-do-kuchni-sufitowe\" class=\"button\" id=\"kuchnia_2\" target=\"_self\">Zobacz produkt<\/a><\/div><\/div><\/div><div class=\"call-to-action-02__spot1\"><div class=\"call-to-action-02__spot-icn\" style=\"top: 3.3730%; left: 57.2768%;     transform: translate(-50%, -50%);\"><div class=\"call-to-action-02__icon-box\"><img decoding=\"async\" src=\"https:\/\/moleo.pl\/wp-content\/themes\/moleotheme\/assets\/img\/plus-icon.svg\" class=\"call-to-action-02__icon\"><\/div><div class=\"call-to-action-02__spot-product-box\"><img decoding=\"async\" src=\"https:\/\/www.smd-led.pl\/blog\/wp-content\/uploads\/2023\/01\/af239daf.jpg\" alt=\"\"\/><span class=\"call-to-action-02__product-title\">SPOT K-4405 SANTI Z SERII MILE BLACK<\/span><a href=\"https:\/\/www.smd-led.pl\/lampa-do-kuchni-loft\" class=\"button\" id=\"kuchnia_2\" target=\"_self\">Zobacz produkt<\/a><\/div><\/div><\/div><div class=\"call-to-action-02__spot1\"><div class=\"call-to-action-02__spot-icn\" style=\"top: 4.8186%; left: 81.3077%;     transform: translate(-50%, -50%);\"><div class=\"call-to-action-02__icon-box\"><img decoding=\"async\" src=\"https:\/\/moleo.pl\/wp-content\/themes\/moleotheme\/assets\/img\/plus-icon.svg\" class=\"call-to-action-02__icon\"><\/div><div class=\"call-to-action-02__spot-product-box\"><img decoding=\"async\" src=\"https:\/\/www.smd-led.pl\/blog\/wp-content\/uploads\/2023\/01\/f019f629.jpg\" alt=\"\"\/><span class=\"call-to-action-02__product-title\">LAMPA SUFITOWA K-4402 Z SERII MILE BLACK<\/span><a href=\"https:\/\/www.smd-led.pl\/lampy-do-kuchni\" class=\"button\" id=\"kuchnia_2\" target=\"_self\">Zobacz produkt<\/a><\/div><\/div><\/div><div class=\"call-to-action-02__spot1\"><div class=\"call-to-action-02__spot-icn\" style=\"top: 53.4860%; left: 3.7944%;     transform: translate(-50%, -50%);\"><div class=\"call-to-action-02__icon-box\"><img decoding=\"async\" src=\"https:\/\/moleo.pl\/wp-content\/themes\/moleotheme\/assets\/img\/plus-icon.svg\" class=\"call-to-action-02__icon\"><\/div><div class=\"call-to-action-02__spot-product-box\"><img decoding=\"async\" src=\"https:\/\/www.smd-led.pl\/blog\/wp-content\/uploads\/2023\/01\/590e8827.jpg\" alt=\"\"\/><span class=\"call-to-action-02__product-title\">LAMPA WISZ\u0104CA K-4401 Z SERII MILE BLACK<\/span><a href=\"https:\/\/www.smd-led.pl\/lampa-do-kuchni-industrialna\" class=\"button\" id=\"kuchnia_2\" target=\"_self\">Zobacz produkt<\/a><\/div><\/div><\/div><\/div><\/div><\/div>\n<h2>Kuchnia, a o\u015bwietlenie wn\u0119trza bez okna<\/h2>\n<p>Mamy du\u017co szcz\u0119\u015bcia, kiedy w naszej kuchni znajduje si\u0119 du\u017co okien, kt\u00f3re dostarczaj\u0105 nam ogromne ilo\u015bci \u015bwiat\u0142a s\u0142onecznego. Jednak nie jest to regu\u0142\u0105. Je\u015bli nasza kuchnia nie ma \u017cadnego okna to jej \u015bwiat\u0142o pracowa\u0107 praktycznie przez dzie\u0144. W takich przypadkach warto zadba\u0107 o <strong>o\u015bwietlenie kuchni<\/strong>, kt\u00f3re jest przystosowane do d\u0142u\u017cszej pracy i nie zu\u017cywa si\u0119 zbyt szybko. Najlepiej zastosowa\u0107 wi\u0119c kilka r\u00f3\u017cnych \u017ar\u00f3de\u0142 \u015bwiat\u0142a. O\u015bwietlenie g\u0142\u00f3wne na ca\u0142e pomieszczenie i kierunkowe do\u015bwietlaj\u0105ce konkretn\u0105 przestrze\u0144. Zastosowanie mieszanego o\u015bwietlenia pozwoli na optymalne do\u015bwietlenie przestrzeni, kt\u00f3ra jest nam aktualnie potrzebna. Takie \u015bwiat\u0142o w kuchni pozwoli nam r\u00f3wnie\u017c unikn\u0105\u0107 konieczno\u015bci roz\u015bwietlania za ka\u017cdym razem ca\u0142ego wn\u0119trza. Delikatne \u015bwiat\u0142o przyda nam si\u0119 w nocy czy o poranku. Dzi\u0119ki niemu nie pobudzimy reszty domownik\u00f3w. Natomiast w czasie przygotowywania obiad\u00f3w, czy kolacji mo\u017cemy uruchomi\u0107 wszystkie \u015bwiat\u0142a zar\u00f3wno to g\u0142\u00f3wne, jak i do\u015bwietlaj\u0105ce blaty robocze, czy aneks kuchenny.<\/p>\n<p><img loading=\"lazy\" decoding=\"async\" class=\"wp-image-3357 size-full aligncenter\" src=\"https:\/\/www.smd-led.pl\/blog\/wp-content\/uploads\/2019\/11\/oswietlenie-kuchenne-aranzacje.jpg\" alt=\"O\u015bwietlenie kuchenne aran\u017cacje\" width=\"1280\" height=\"698\" \/><\/p>\n<div class=\"call-to-action-07\"><div class=\"call-to-action-07__product-box\"><img decoding=\"async\" src=\"https:\/\/www.smd-led.pl\/blog\/wp-content\/uploads\/2023\/12\/lampa-wiszaca-toro-black-gold-3xe27.webp\" alt=\"Lampa wisz\u0105ca\" \/><span class=\"call-to-action-07__product-title\">Lampa wisz\u0105ca<\/span><a href=\"https:\/\/www.smd-led.pl\/lampa-wiszaca\" class=\"button\" id=\"kategorie_lampa_kuchnia\" target=\"_self\">Zobacz produkty<\/a><\/div><div class=\"call-to-action-07__product-box\"><img decoding=\"async\" src=\"https:\/\/www.smd-led.pl\/blog\/wp-content\/uploads\/2023\/12\/Kopia-Bez-nazwy-9.png\" alt=\"O\u015bwietlenie szynowe\" \/><span class=\"call-to-action-07__product-title\">O\u015bwietlenie szynowe<\/span><a href=\"https:\/\/www.smd-led.pl\/oswietlenie-szynowe\" class=\"button\" id=\"kategorie_lampa_kuchnia\" target=\"_self\">Zobacz produkty<\/a><\/div><div class=\"call-to-action-07__product-box\"><img decoding=\"async\" src=\"https:\/\/www.smd-led.pl\/blog\/wp-content\/uploads\/2023\/12\/Projekt-bez-nazwy-17.png\" alt=\"Tuby sufitowe\" \/><span class=\"call-to-action-07__product-title\">Tuby sufitowe<\/span><a href=\"https:\/\/www.smd-led.pl\/tuby-sufitowe\" class=\"button\" id=\"kategorie_lampa_kuchnia\" target=\"_self\">Zobacz produkty<\/a><\/div><\/div>\n<h2>Jakie o\u015bwietlenie do kuchni wybra\u0107?<\/h2>\n<p>Nasze <strong>o\u015bwietlenie kuchni<\/strong> mo\u017cemy wybiera\u0107 w\u015br\u00f3d wielu r\u00f3\u017cnych rozwi\u0105za\u0144. Zastosowa\u0107 mo\u017cemy zar\u00f3wno standardowe \u017cyrandole, lampy zwieszany, oprawy sufitowe, czy \u017car\u00f3wki z oprawami halogenowymi. W zale\u017cno\u015bci od wybranych przez nas produkt\u00f3w b\u0119dziemy mogli umie\u015bci\u0107 je w centralnej cz\u0119\u015bci naszego wn\u0119trza lub r\u00f3wnomiernie je rozmie\u015bci\u0107 po ca\u0142ym suficie. Wielko\u015b\u0107 naszej kuchni b\u0119dzie mia\u0142o r\u00f3wnie\u017c ogromne znacznie, w wyborze odpowiedniego o\u015bwietlenia W zale\u017cno\u015bci od wielko\u015bci pomieszczenia powinni\u015bmy dobra\u0107 odpowiedni\u0105 ilo\u015b\u0107 lumen\u00f3w k\u0105t \u015bwiecenia, czy miejsce monta\u017cu naszego nowoczesnego o\u015bwietlenia. Zapewnimy sobie w ten spos\u00f3b r\u00f3wnomiernie jasne i rozchodz\u0105ce \u015bwiat\u0142o w kuchni. Wyb\u00f3r rodzaju o\u015bwietlenia kuchni zale\u017cy tak\u017ce od naszych mo\u017cliwo\u015bci i rodzaju monta\u017cu.<\/p>\n<div class=\"call-to-action-02\"><div class=\"call-to-action-02__spots-map\"><img decoding=\"async\" src=\"https:\/\/www.smd-led.pl\/blog\/wp-content\/uploads\/2023\/01\/seria-WATSO-BLACK-1.jpg\" alt=\"\" class=\"call-to-action-02__spots-map-img\" \/><div class=\"call-to-action-02__spots\"><div class=\"call-to-action-02__spot1\"><div class=\"call-to-action-02__spot-icn\" style=\"top: 6.2641%; left: 13.3706%;     transform: translate(-50%, -50%);\"><div class=\"call-to-action-02__icon-box\"><img decoding=\"async\" src=\"https:\/\/moleo.pl\/wp-content\/themes\/moleotheme\/assets\/img\/plus-icon.svg\" class=\"call-to-action-02__icon\"><\/div><div class=\"call-to-action-02__spot-product-box\"><img decoding=\"async\" src=\"https:\/\/www.smd-led.pl\/blog\/wp-content\/uploads\/2023\/01\/LAMPA-WISZACA-K-8005A-1-BK-Z-SERII-WATSO-BLACK-K-8005A-1-BK.jpg\" alt=\"\"\/><span class=\"call-to-action-02__product-title\">LAMPA WISZ\u0104CA K-8005A-1 BK Z SERII WATSO BLACK K-8005A-1 BK<\/span><a href=\"https:\/\/www.smd-led.pl\/lampa-wiszaca\" class=\"button\" id=\"kuchnia_3\" target=\"_self\">Zobacz produkt<\/a><\/div><\/div><\/div><div class=\"call-to-action-02__spot1\"><div class=\"call-to-action-02__spot-icn\" style=\"top: 3.8548%; left: 1.8068%;     transform: translate(-50%, -50%);\"><div class=\"call-to-action-02__icon-box\"><img decoding=\"async\" src=\"https:\/\/moleo.pl\/wp-content\/themes\/moleotheme\/assets\/img\/plus-icon.svg\" class=\"call-to-action-02__icon\"><\/div><div class=\"call-to-action-02__spot-product-box\"><img decoding=\"async\" src=\"https:\/\/www.smd-led.pl\/blog\/wp-content\/uploads\/2023\/01\/KINKIET-WEWNETRZNY-CZARNY-K-8005W-1-BK-Z-SERII-WATSO-E14.jpg\" alt=\"\"\/><span class=\"call-to-action-02__product-title\">KINKIET WEWN\u0118TRZNY CZARNY K-8005W-1 BK Z SERII WATSO E14<\/span><a href=\"https:\/\/www.smd-led.pl\/kinkiet-do-salonu\" class=\"button\" id=\"kuchnia_3\" target=\"_self\">Zobacz produkt<\/a><\/div><\/div><\/div><div class=\"call-to-action-02__spot1\"><div class=\"call-to-action-02__spot-icn\" style=\"top: 4.3367%; left: 42.6414%;     transform: translate(-50%, -50%);\"><div class=\"call-to-action-02__icon-box\"><img decoding=\"async\" src=\"https:\/\/moleo.pl\/wp-content\/themes\/moleotheme\/assets\/img\/plus-icon.svg\" class=\"call-to-action-02__icon\"><\/div><div class=\"call-to-action-02__spot-product-box\"><img decoding=\"async\" src=\"https:\/\/www.smd-led.pl\/blog\/wp-content\/uploads\/2023\/01\/LAMPA-SUFITOWA-K-8005-2-BK-Z-SERII-WATSO-BLACK-K-8005-2-BK.jpg\" alt=\"\"\/><span class=\"call-to-action-02__product-title\">LAMPA SUFITOWA K-8005-2 BK Z SERII WATSO BLACK K-8005-2 BK<\/span><a href=\"https:\/\/www.smd-led.pl\/lampa-sufitowa\" class=\"button\" id=\"kuchnia_3\" target=\"_self\">Zobacz produkt<\/a><\/div><\/div><\/div><div class=\"call-to-action-02__spot1\"><div class=\"call-to-action-02__spot-icn\" style=\"top: 21.2017%; left: 77.3327%;     transform: translate(-50%, -50%);\"><div class=\"call-to-action-02__icon-box\"><img decoding=\"async\" src=\"https:\/\/moleo.pl\/wp-content\/themes\/moleotheme\/assets\/img\/plus-icon.svg\" class=\"call-to-action-02__icon\"><\/div><div class=\"call-to-action-02__spot-product-box\"><img decoding=\"async\" src=\"https:\/\/www.smd-led.pl\/blog\/wp-content\/uploads\/2023\/01\/LAMPA-WISZACA-K-8005-1-BK-Z-SERII-WATSO-BLACK-K-8005-1-BK.jpg\" alt=\"\"\/><span class=\"call-to-action-02__product-title\">LAMPA WISZ\u0104CA K-8005-1 BK Z SERII WATSO BLACK K-8005-1 BK<\/span><a href=\"https:\/\/www.smd-led.pl\/lampa-wiszaca\" class=\"button\" id=\"kuchnia_3\" target=\"_self\"><\/a><\/div><\/div><\/div><\/div><\/div><\/div>\n<p>Oprawy sufitowe halogenowe montujemy podtynkowo, wi\u0119c niezb\u0119dne jest tu stworzenie niezb\u0119dnej bazy. Plafony mo\u017cemy zainstalowa\u0107 zar\u00f3wno podtynkowo, jak i natynkowo wi\u0119c mamy wi\u0119ksze mo\u017cliwo\u015bci ich zastosowania. Wybierajmy wi\u0119c technologi\u0119 LED, kt\u00f3ra pozwoli nam zaoszcz\u0119dzi\u0107 nie tylko energi\u0119 elektryczn\u0105, ale tak\u017ce pozwoli dobra\u0107 nam o\u015bwietlenie do kuchni, kt\u00f3re sprosta tak\u017ce naszym wymaganiom wizualnym.<\/p>\n<p><img loading=\"lazy\" decoding=\"async\" class=\"wp-image-3358 size-full aligncenter\" src=\"https:\/\/www.smd-led.pl\/blog\/wp-content\/uploads\/2019\/11\/oswietlenie-w-kuchni-zdjecia.jpg\" alt=\"O\u015bwietlenie w kuchni zdj\u0119cia\" width=\"1280\" height=\"855\" \/><\/p>\n<h2>\u015awiat\u0142o do kuchni &#8211; jego moc i barwa \u015bwiat\u0142a<\/h2>\n<p>Od tego, na jakie <strong>o\u015bwietlenie do kuchni<\/strong> si\u0119 zdecydujemy ogromny wp\u0142yw, b\u0119dzie mia\u0142a kolorystyka wn\u0119trza, ale tak\u017ce barwa \u015bwiat\u0142a, kt\u00f3r\u0105 osobi\u015bcie preferujemy najbardziej. Obecnie do wyboru mamy szeroki wachlarz temperatury barwy, zaczynaj\u0105c ju\u017c od oko\u0142o 2000K (bardzo ciep\u0142ego \u015bwiat\u0142a) a\u017c do 11000K (zimnego \u015bwiat\u0142a). Jest to najpopularniejszy przedzia\u0142, kt\u00f3ry spotkamy obecnie najcz\u0119\u015bciej w domach, biurach, czy sklepach lub galeriach.<\/p>\n<p><img loading=\"lazy\" decoding=\"async\" class=\"aligncenter size-full wp-image-2458\" src=\"https:\/\/www.smd-led.pl\/blog\/wp-content\/uploads\/2019\/11\/barwa-swiatla-w-kuchni.jpg\" alt=\"Barwa \u015bwiat\u0142a w kuchni\" width=\"1000\" height=\"348\" \/><\/p>\n<p><strong>\u015awiat\u0142o w kuchni<\/strong> najcz\u0119\u015bciej jest ciep\u0142e, dlatego, \u017ce w\u0142a\u015bnie do tej barwy \u015bwiat\u0142a jeste\u015bmy najbardziej przyzwyczajeni ze wzgl\u0119du na tradycyjne o\u015bwietlenie. To w\u0142a\u015bnie o tej barwie najcz\u0119\u015bciej spotkamy \u017car\u00f3wki w \u017cyrandolach, \u017ar\u00f3d\u0142a \u015bwiat\u0142a w oprawach halogenowych, czy linie \u015bwietlne pod\u015bwietlaj\u0105ce nasz aneks kuchenny. Coraz cz\u0119\u015bciej spotka\u0107 mo\u017cemy si\u0119 tak\u017ce z barw\u0105 neutraln\u0105, kt\u00f3r\u0105 obecnie najcz\u0119\u015bciej stosuje si\u0119 w biurach, czy salach sprzeda\u017cowych. Jak sama nazwa wskazuje, jest to kolor \u015bwiat\u0142a zbli\u017cony do \u015bwiat\u0142a s\u0142onecznego, dlatego w\u0142a\u015bnie przy nim nasze produkty wygl\u0105daj\u0105 najbardziej naturalnie. Barwa zimna jest u\u017cywana najrzadziej i spotka\u0107 j\u0105 mo\u017cemy przede wszystkim we wn\u0119trzach ludzi lubi\u0105cych typowo ch\u0142odne o\u015bwietlenie. Najcz\u0119\u015bciej wybierane jest ona do szpitali, a nikt z nas przecie\u017c za tego rodzaju \u015bwiat\u0142em nie przepada. Najlepiej wi\u0119c ten kolor o\u015bwietlenia wybiera\u0107 jedynie dla dekoracji i kontrastu z g\u0142\u00f3wnym \u017ar\u00f3d\u0142em \u015bwiat\u0142a.<\/p>\n<div id=\"attachment_2459\" style=\"width: 810px\" class=\"wp-caption aligncenter\"><img loading=\"lazy\" decoding=\"async\" aria-describedby=\"caption-attachment-2459\" class=\"wp-image-2459\" src=\"https:\/\/www.smd-led.pl\/blog\/wp-content\/uploads\/2019\/11\/kuchnia-oswietlenie-w-kuchni.jpg\" alt=\"kuchnia oswietlenie kuchni\" width=\"800\" height=\"533\" \/><p id=\"caption-attachment-2459\" class=\"wp-caption-text\">O\u015bwietlenie kuchni &#8211; jak rozplanowa\u0107 i rozmie\u015bci\u0107<\/p><\/div>\n<div class=\"call-to-action-07\"><div class=\"call-to-action-07__product-box\"><img decoding=\"async\" src=\"https:\/\/www.smd-led.pl\/blog\/wp-content\/uploads\/2022\/07\/tasma-led-24v-cob-11w-480led-ip20-3000-100k-95lm-w-ra-90-8mm-1m.jpg\" alt=\"TA\u015aMA LED 24V \/ COB \/ 11W \/ 480LED \/ IP20 \/ 3000 +\/-100K \/ 95LM\/W \/ RA 90 \/ 8MM \/ 1M\" \/><span class=\"call-to-action-07__product-title\">TA\u015aMA LED 24V \/ COB \/ 11W \/ 3000K<\/span><a href=\"https:\/\/www.smd-led.pl\/tasma-led-24v-cob-11w-480led-ip20-3000-100k-95lm-w-ra-90-8mm-1m-116147\" class=\"button\" id=\"COB_NOWE\" target=\"_self\">Zobacz produkt<\/a><\/div><div class=\"call-to-action-07__product-box\"><img decoding=\"async\" src=\"https:\/\/www.smd-led.pl\/blog\/wp-content\/uploads\/2023\/07\/Tasma-Led-24V-Cob-11W-480Led-Ip20-4000-100K-100LmW-Ra-90-1M-8Mm.jpg\" alt=\"Ta\u015bma Led 24V Cob 11W 480Led Ip20 4000 +-100K 100LmW Ra 90 1M 8Mm\" \/><span class=\"call-to-action-07__product-title\">TA\u015aMA LED 24V \/ COB \/ 11W \/ 4000K<\/span><a href=\"https:\/\/www.smd-led.pl\/tasma-led-24v-cob-11w-480led-ip20-4000-100k-100lm-w-ra-90-1m-8mm-97390\" class=\"button\" id=\"COB_NOWE\" target=\"_self\">Zobacz produkt<\/a><\/div><div class=\"call-to-action-07__product-box\"><img decoding=\"async\" src=\"https:\/\/www.smd-led.pl\/blog\/wp-content\/uploads\/2022\/07\/tasma-led-24v-cob-11w-480led-ip20-6000-100k-100lm-w-ra-90-8mm-1m.jpg\" alt=\"TA\u015aMA LED 24V \/ COB \/ 11W \/ 480LED \/ IP20 \/ 6000 +\/-100K \/ 100LM\/W \/ RA 90 \/ 8MM \/ 1M\" \/><span class=\"call-to-action-07__product-title\">TA\u015aMA LED 24V \/ COB \/ 11W \/ 6000K<\/span><a href=\"https:\/\/www.smd-led.pl\/tasma-led-24v-cob-11w-480led-ip20-6000-100k-100lm-w-ra-90-8mm-1m-116158\" class=\"button\" id=\"COB_NOWE\" target=\"_self\">Zobacz produkt<\/a><\/div><\/div>\n<p>O\u015bwietlenie kuchni jest kluczowym elementem jej aran\u017cacji i funkcjonalno\u015bci. Odpowiednie o\u015bwietlenie kuchni nie tylko tworzy przytuln\u0105 atmosfer\u0119, ale tak\u017ce umo\u017cliwia wygodne przygotowywanie posi\u0142k\u00f3w i prac\u0119 w tym pomieszczeniu. Wyb\u00f3r o\u015bwietlenia zale\u017cy od wielu czynnik\u00f3w, takich jak rozmiar kuchni, ilo\u015b\u0107 okien czy styl wn\u0119trza. Na pocz\u0105tek, warto zwr\u00f3ci\u0107 uwag\u0119 na o\u015bwietlenie og\u00f3lne, kt\u00f3re zapewni r\u00f3wnomierne o\u015bwietlenie ca\u0142ej kuchni. Mo\u017cemy wybiera\u0107 spo\u015br\u00f3d lamp sufitowych, plafon\u00f3w LED, opraw halogenowych lub paneli LED. Dob\u00f3r zale\u017cy od wielko\u015bci pomieszczenia, ale tak\u017ce preferencji co do barwy \u015bwiat\u0142a. O\u015bwietlenie kuchni mo\u017cna tak\u017ce rozmie\u015bci\u0107 r\u00f3wnomiernie, aby unikn\u0105\u0107 cieni i zapewni\u0107 optymalne warunki pracy. Je\u015bli kuchnia jest po\u0142\u0105czona z salonem i jadalni\u0105, warto stworzy\u0107 sp\u00f3jne o\u015bwietlenie dla ca\u0142ego wn\u0119trza, zachowuj\u0105c jednocze\u015bnie indywidualno\u015b\u0107 ka\u017cdej strefy. Stylowe lampy nad sto\u0142em jadalnianym mog\u0105 by\u0107 zar\u00f3wno funkcjonalne, jak i dekoracyjne. W przypadku kuchni bez okna, wa\u017cne jest, aby zastosowa\u0107 o\u015bwietlenie, kt\u00f3re zapewni odpowiedni\u0105 ilo\u015b\u0107 \u015bwiat\u0142a i d\u0142ugo b\u0119dzie dzia\u0142a\u0107. Kombinacja r\u00f3\u017cnych \u017ar\u00f3de\u0142 \u015bwiat\u0142a, takich jak o\u015bwietlenie og\u00f3lne i kierunkowe, pomo\u017ce w utrzymaniu optymalnych warunk\u00f3w w ci\u0105gu dnia i nocy. Wybieraj\u0105c o\u015bwietlenie do kuchni, warto zwr\u00f3ci\u0107 uwag\u0119 na moc i barw\u0119 \u015bwiat\u0142a. Wielko\u015b\u0107 kuchni wp\u0142ywa na ilo\u015b\u0107 potrzebnych lumen\u00f3w, a preferencje co do barwy \u015bwiat\u0142a mog\u0105 by\u0107 r\u00f3\u017cne. Ciep\u0142e \u015bwiat\u0142o jest najpopularniejsze, ale neutralne lub zimne \u015bwiat\u0142o r\u00f3wnie\u017c znajduje swoje zastosowanie. Warto inwestowa\u0107 w energooszcz\u0119dne \u017ar\u00f3d\u0142a \u015bwiat\u0142a, takie jak technologia LED, kt\u00f3ra nie tylko oszcz\u0119dza energi\u0119, ale tak\u017ce pozwala na dostosowanie o\u015bwietlenia do w\u0142asnych potrzeb wizualnych.<\/p>\n<p>Podsumowuj\u0105c, o\u015bwietlenie kuchni to wa\u017cny aspekt projektu wn\u0119trza, kt\u00f3ry ma wp\u0142yw na funkcjonalno\u015b\u0107 i estetyk\u0119 tego pomieszczenia. Odpowiedni wyb\u00f3r o\u015bwietlenia, jego rozmieszczenie i styl wp\u0142ynie na komfort korzystania z kuchni i stworzy przyjemn\u0105 atmosfer\u0119.<\/p>\n<p><img loading=\"lazy\" decoding=\"async\" class=\"size-full wp-image-4560 aligncenter\" src=\"https:\/\/www.smd-led.pl\/blog\/wp-content\/uploads\/2019\/11\/oswietlenie-kuchni-jak-rozplanowac-i-rozmiescic-baner-reklamowy-sklep-z-oswietleniem-smd-led.pl_.jpeg\" alt=\"oswietlenie kuchni jak rozplanowac i rozmiescic, baner reklamowy, sklep z oswietleniem smd-led.pl\" width=\"800\" height=\"533\" \/><\/p>\n","protected":false},"excerpt":{"rendered":"<p>O\u015bwietlenie w kuchni to bardzo wa\u017cny element wyko\u0144czenia ka\u017cdego domu, czy mieszkania. To w\u0142a\u015bnie w [&hellip;]<\/p>\n","protected":false},"author":7,"featured_media":3360,"comment_status":"closed","ping_status":"closed","sticky":false,"template":"","format":"standard","meta":{"inline_featured_image":false,"footnotes":""},"categories":[54,31],"tags":[],"class_list":["post-2443","post","type-post","status-publish","format-standard","has-post-thumbnail","hentry","category-kuchnia-wewnetrzne-kategorie","category-oswietlenie-dla-domu"],"acf":[],"yoast_head":"<!-- This site is optimized with the Yoast SEO Premium plugin v26.8 (Yoast SEO v26.8) - https:\/\/yoast.com\/product\/yoast-seo-premium-wordpress\/ -->\n<title>O\u015bwietlenie kuchni - jak rozplanowa\u0107 i rozmie\u015bci\u0107 - Przydatny poradnik<\/title>\n<meta name=\"description\" content=\"O\u015bwietlenie kuchni pe\u0142ni niezwykle wa\u017cn\u0105 rol\u0119 w tego typu wn\u0119trzach. Sprawd\u017a jakie \u015bwiat\u0142o do kuchni wybra\u0107 i czym si\u0119 kierowa\u0107 przy zakupie.\" \/>\n<meta name=\"robots\" content=\"index, follow, max-snippet:-1, max-image-preview:large, max-video-preview:-1\" \/>\n<link rel=\"canonical\" href=\"https:\/\/www.smd-led.pl\/blog\/oswietlenie-kuchni-jak-rozplanowac-i-rozmiescic\/\" \/>\n<meta property=\"og:locale\" content=\"pl_PL\" \/>\n<meta property=\"og:type\" content=\"article\" \/>\n<meta property=\"og:title\" content=\"O\u015bwietlenie kuchni - jak rozplanowa\u0107 i rozmie\u015bci\u0107\" \/>\n<meta property=\"og:description\" content=\"O\u015bwietlenie kuchni pe\u0142ni niezwykle wa\u017cn\u0105 rol\u0119 w tego typu wn\u0119trzach. Sprawd\u017a jakie \u015bwiat\u0142o do kuchni wybra\u0107 i czym si\u0119 kierowa\u0107 przy zakupie.\" \/>\n<meta property=\"og:url\" content=\"https:\/\/www.smd-led.pl\/blog\/oswietlenie-kuchni-jak-rozplanowac-i-rozmiescic\/\" \/>\n<meta property=\"og:site_name\" content=\"SMD-LED\" \/>\n<meta property=\"article:published_time\" content=\"2019-11-08T13:21:39+00:00\" \/>\n<meta property=\"article:modified_time\" content=\"2024-02-01T10:13:06+00:00\" \/>\n<meta property=\"og:image\" content=\"https:\/\/www.smd-led.pl\/blog\/wp-content\/uploads\/2019\/11\/kuchnia-oswietlenie-w-kuchni.jpg\" \/>\n\t<meta property=\"og:image:width\" content=\"640\" \/>\n\t<meta property=\"og:image:height\" content=\"426\" \/>\n\t<meta property=\"og:image:type\" content=\"image\/jpeg\" \/>\n<meta name=\"author\" content=\"Marcin Pietrasik\" \/>\n<meta name=\"twitter:card\" content=\"summary_large_image\" \/>\n<meta name=\"twitter:label1\" content=\"Napisane przez\" \/>\n\t<meta name=\"twitter:data1\" content=\"Marcin Pietrasik\" \/>\n\t<meta name=\"twitter:label2\" content=\"Szacowany czas czytania\" \/>\n\t<meta name=\"twitter:data2\" content=\"13 minut\" \/>\n<script type=\"application\/ld+json\" class=\"yoast-schema-graph\">{\"@context\":\"https:\/\/schema.org\",\"@graph\":[{\"@type\":\"Article\",\"@id\":\"https:\/\/www.smd-led.pl\/blog\/oswietlenie-kuchni-jak-rozplanowac-i-rozmiescic\/#article\",\"isPartOf\":{\"@id\":\"https:\/\/www.smd-led.pl\/blog\/oswietlenie-kuchni-jak-rozplanowac-i-rozmiescic\/\"},\"author\":{\"name\":\"Marcin Pietrasik\",\"@id\":\"https:\/\/www.smd-led.pl\/blog\/#\/schema\/person\/887fa24be503d7ae726f67021d1623f5\"},\"headline\":\"O\u015bwietlenie kuchni &#8211; jak rozplanowa\u0107 i rozmie\u015bci\u0107\",\"datePublished\":\"2019-11-08T13:21:39+00:00\",\"dateModified\":\"2024-02-01T10:13:06+00:00\",\"mainEntityOfPage\":{\"@id\":\"https:\/\/www.smd-led.pl\/blog\/oswietlenie-kuchni-jak-rozplanowac-i-rozmiescic\/\"},\"wordCount\":2121,\"image\":{\"@id\":\"https:\/\/www.smd-led.pl\/blog\/oswietlenie-kuchni-jak-rozplanowac-i-rozmiescic\/#primaryimage\"},\"thumbnailUrl\":\"https:\/\/www.smd-led.pl\/blog\/wp-content\/uploads\/2019\/11\/kuchnia-oswietlenie-w-kuchni.jpg\",\"articleSection\":[\"Kuchnia\",\"O\u015bwietlenie dla domu\"],\"inLanguage\":\"pl-PL\"},{\"@type\":\"WebPage\",\"@id\":\"https:\/\/www.smd-led.pl\/blog\/oswietlenie-kuchni-jak-rozplanowac-i-rozmiescic\/\",\"url\":\"https:\/\/www.smd-led.pl\/blog\/oswietlenie-kuchni-jak-rozplanowac-i-rozmiescic\/\",\"name\":\"O\u015bwietlenie kuchni - jak rozplanowa\u0107 i rozmie\u015bci\u0107 - Przydatny poradnik\",\"isPartOf\":{\"@id\":\"https:\/\/www.smd-led.pl\/blog\/#website\"},\"primaryImageOfPage\":{\"@id\":\"https:\/\/www.smd-led.pl\/blog\/oswietlenie-kuchni-jak-rozplanowac-i-rozmiescic\/#primaryimage\"},\"image\":{\"@id\":\"https:\/\/www.smd-led.pl\/blog\/oswietlenie-kuchni-jak-rozplanowac-i-rozmiescic\/#primaryimage\"},\"thumbnailUrl\":\"https:\/\/www.smd-led.pl\/blog\/wp-content\/uploads\/2019\/11\/kuchnia-oswietlenie-w-kuchni.jpg\",\"datePublished\":\"2019-11-08T13:21:39+00:00\",\"dateModified\":\"2024-02-01T10:13:06+00:00\",\"author\":{\"@id\":\"https:\/\/www.smd-led.pl\/blog\/#\/schema\/person\/887fa24be503d7ae726f67021d1623f5\"},\"description\":\"O\u015bwietlenie kuchni pe\u0142ni niezwykle wa\u017cn\u0105 rol\u0119 w tego typu wn\u0119trzach. Sprawd\u017a jakie \u015bwiat\u0142o do kuchni wybra\u0107 i czym si\u0119 kierowa\u0107 przy zakupie.\",\"breadcrumb\":{\"@id\":\"https:\/\/www.smd-led.pl\/blog\/oswietlenie-kuchni-jak-rozplanowac-i-rozmiescic\/#breadcrumb\"},\"inLanguage\":\"pl-PL\",\"potentialAction\":[{\"@type\":\"ReadAction\",\"target\":[\"https:\/\/www.smd-led.pl\/blog\/oswietlenie-kuchni-jak-rozplanowac-i-rozmiescic\/\"]}]},{\"@type\":\"ImageObject\",\"inLanguage\":\"pl-PL\",\"@id\":\"https:\/\/www.smd-led.pl\/blog\/oswietlenie-kuchni-jak-rozplanowac-i-rozmiescic\/#primaryimage\",\"url\":\"https:\/\/www.smd-led.pl\/blog\/wp-content\/uploads\/2019\/11\/kuchnia-oswietlenie-w-kuchni.jpg\",\"contentUrl\":\"https:\/\/www.smd-led.pl\/blog\/wp-content\/uploads\/2019\/11\/kuchnia-oswietlenie-w-kuchni.jpg\",\"width\":640,\"height\":426,\"caption\":\"O\u015bwietlenie kuchni - jak rozplanowa\u0107 i rozmie\u015bci\u0107\"},{\"@type\":\"BreadcrumbList\",\"@id\":\"https:\/\/www.smd-led.pl\/blog\/oswietlenie-kuchni-jak-rozplanowac-i-rozmiescic\/#breadcrumb\",\"itemListElement\":[{\"@type\":\"ListItem\",\"position\":1,\"name\":\"Strona g\u0142\u00f3wna\",\"item\":\"https:\/\/www.smd-led.pl\/blog\/\"},{\"@type\":\"ListItem\",\"position\":2,\"name\":\"O\u015bwietlenie kuchni &#8211; jak rozplanowa\u0107 i rozmie\u015bci\u0107\"}]},{\"@type\":\"WebSite\",\"@id\":\"https:\/\/www.smd-led.pl\/blog\/#website\",\"url\":\"https:\/\/www.smd-led.pl\/blog\/\",\"name\":\"SMD-LED\",\"description\":\"O\u015bwietlenie Led do domu i przemys\u0142u porady, testy i opinie ekspert\u00f3w\",\"potentialAction\":[{\"@type\":\"SearchAction\",\"target\":{\"@type\":\"EntryPoint\",\"urlTemplate\":\"https:\/\/www.smd-led.pl\/blog\/?s={search_term_string}\"},\"query-input\":{\"@type\":\"PropertyValueSpecification\",\"valueRequired\":true,\"valueName\":\"search_term_string\"}}],\"inLanguage\":\"pl-PL\"},{\"@type\":\"Person\",\"@id\":\"https:\/\/www.smd-led.pl\/blog\/#\/schema\/person\/887fa24be503d7ae726f67021d1623f5\",\"name\":\"Marcin Pietrasik\",\"image\":{\"@type\":\"ImageObject\",\"inLanguage\":\"pl-PL\",\"@id\":\"https:\/\/www.smd-led.pl\/blog\/#\/schema\/person\/image\/\",\"url\":\"https:\/\/secure.gravatar.com\/avatar\/c886f4ccbb5c83b665ee8b66f0b3401128439bc832dca6389b6e67c6bdc3d38b?s=96&d=mm&r=g\",\"contentUrl\":\"https:\/\/secure.gravatar.com\/avatar\/c886f4ccbb5c83b665ee8b66f0b3401128439bc832dca6389b6e67c6bdc3d38b?s=96&d=mm&r=g\",\"caption\":\"Marcin Pietrasik\"},\"url\":\"https:\/\/www.smd-led.pl\/blog\/author\/mpietrasik\/\"}]}<\/script>\n<!-- \/ Yoast SEO Premium plugin. -->","yoast_head_json":{"title":"O\u015bwietlenie kuchni - jak rozplanowa\u0107 i rozmie\u015bci\u0107 - Przydatny poradnik","description":"O\u015bwietlenie kuchni pe\u0142ni niezwykle wa\u017cn\u0105 rol\u0119 w tego typu wn\u0119trzach. Sprawd\u017a jakie \u015bwiat\u0142o do kuchni wybra\u0107 i czym si\u0119 kierowa\u0107 przy zakupie.","robots":{"index":"index","follow":"follow","max-snippet":"max-snippet:-1","max-image-preview":"max-image-preview:large","max-video-preview":"max-video-preview:-1"},"canonical":"https:\/\/www.smd-led.pl\/blog\/oswietlenie-kuchni-jak-rozplanowac-i-rozmiescic\/","og_locale":"pl_PL","og_type":"article","og_title":"O\u015bwietlenie kuchni - jak rozplanowa\u0107 i rozmie\u015bci\u0107","og_description":"O\u015bwietlenie kuchni pe\u0142ni niezwykle wa\u017cn\u0105 rol\u0119 w tego typu wn\u0119trzach. Sprawd\u017a jakie \u015bwiat\u0142o do kuchni wybra\u0107 i czym si\u0119 kierowa\u0107 przy zakupie.","og_url":"https:\/\/www.smd-led.pl\/blog\/oswietlenie-kuchni-jak-rozplanowac-i-rozmiescic\/","og_site_name":"SMD-LED","article_published_time":"2019-11-08T13:21:39+00:00","article_modified_time":"2024-02-01T10:13:06+00:00","og_image":[{"width":640,"height":426,"url":"https:\/\/www.smd-led.pl\/blog\/wp-content\/uploads\/2019\/11\/kuchnia-oswietlenie-w-kuchni.jpg","type":"image\/jpeg"}],"author":"Marcin Pietrasik","twitter_card":"summary_large_image","twitter_misc":{"Napisane przez":"Marcin Pietrasik","Szacowany czas czytania":"13 minut"},"schema":{"@context":"https:\/\/schema.org","@graph":[{"@type":"Article","@id":"https:\/\/www.smd-led.pl\/blog\/oswietlenie-kuchni-jak-rozplanowac-i-rozmiescic\/#article","isPartOf":{"@id":"https:\/\/www.smd-led.pl\/blog\/oswietlenie-kuchni-jak-rozplanowac-i-rozmiescic\/"},"author":{"name":"Marcin Pietrasik","@id":"https:\/\/www.smd-led.pl\/blog\/#\/schema\/person\/887fa24be503d7ae726f67021d1623f5"},"headline":"O\u015bwietlenie kuchni &#8211; jak rozplanowa\u0107 i rozmie\u015bci\u0107","datePublished":"2019-11-08T13:21:39+00:00","dateModified":"2024-02-01T10:13:06+00:00","mainEntityOfPage":{"@id":"https:\/\/www.smd-led.pl\/blog\/oswietlenie-kuchni-jak-rozplanowac-i-rozmiescic\/"},"wordCount":2121,"image":{"@id":"https:\/\/www.smd-led.pl\/blog\/oswietlenie-kuchni-jak-rozplanowac-i-rozmiescic\/#primaryimage"},"thumbnailUrl":"https:\/\/www.smd-led.pl\/blog\/wp-content\/uploads\/2019\/11\/kuchnia-oswietlenie-w-kuchni.jpg","articleSection":["Kuchnia","O\u015bwietlenie dla domu"],"inLanguage":"pl-PL"},{"@type":"WebPage","@id":"https:\/\/www.smd-led.pl\/blog\/oswietlenie-kuchni-jak-rozplanowac-i-rozmiescic\/","url":"https:\/\/www.smd-led.pl\/blog\/oswietlenie-kuchni-jak-rozplanowac-i-rozmiescic\/","name":"O\u015bwietlenie kuchni - jak rozplanowa\u0107 i rozmie\u015bci\u0107 - Przydatny poradnik","isPartOf":{"@id":"https:\/\/www.smd-led.pl\/blog\/#website"},"primaryImageOfPage":{"@id":"https:\/\/www.smd-led.pl\/blog\/oswietlenie-kuchni-jak-rozplanowac-i-rozmiescic\/#primaryimage"},"image":{"@id":"https:\/\/www.smd-led.pl\/blog\/oswietlenie-kuchni-jak-rozplanowac-i-rozmiescic\/#primaryimage"},"thumbnailUrl":"https:\/\/www.smd-led.pl\/blog\/wp-content\/uploads\/2019\/11\/kuchnia-oswietlenie-w-kuchni.jpg","datePublished":"2019-11-08T13:21:39+00:00","dateModified":"2024-02-01T10:13:06+00:00","author":{"@id":"https:\/\/www.smd-led.pl\/blog\/#\/schema\/person\/887fa24be503d7ae726f67021d1623f5"},"description":"O\u015bwietlenie kuchni pe\u0142ni niezwykle wa\u017cn\u0105 rol\u0119 w tego typu wn\u0119trzach. Sprawd\u017a jakie \u015bwiat\u0142o do kuchni wybra\u0107 i czym si\u0119 kierowa\u0107 przy zakupie.","breadcrumb":{"@id":"https:\/\/www.smd-led.pl\/blog\/oswietlenie-kuchni-jak-rozplanowac-i-rozmiescic\/#breadcrumb"},"inLanguage":"pl-PL","potentialAction":[{"@type":"ReadAction","target":["https:\/\/www.smd-led.pl\/blog\/oswietlenie-kuchni-jak-rozplanowac-i-rozmiescic\/"]}]},{"@type":"ImageObject","inLanguage":"pl-PL","@id":"https:\/\/www.smd-led.pl\/blog\/oswietlenie-kuchni-jak-rozplanowac-i-rozmiescic\/#primaryimage","url":"https:\/\/www.smd-led.pl\/blog\/wp-content\/uploads\/2019\/11\/kuchnia-oswietlenie-w-kuchni.jpg","contentUrl":"https:\/\/www.smd-led.pl\/blog\/wp-content\/uploads\/2019\/11\/kuchnia-oswietlenie-w-kuchni.jpg","width":640,"height":426,"caption":"O\u015bwietlenie kuchni - jak rozplanowa\u0107 i rozmie\u015bci\u0107"},{"@type":"BreadcrumbList","@id":"https:\/\/www.smd-led.pl\/blog\/oswietlenie-kuchni-jak-rozplanowac-i-rozmiescic\/#breadcrumb","itemListElement":[{"@type":"ListItem","position":1,"name":"Strona g\u0142\u00f3wna","item":"https:\/\/www.smd-led.pl\/blog\/"},{"@type":"ListItem","position":2,"name":"O\u015bwietlenie kuchni &#8211; jak rozplanowa\u0107 i rozmie\u015bci\u0107"}]},{"@type":"WebSite","@id":"https:\/\/www.smd-led.pl\/blog\/#website","url":"https:\/\/www.smd-led.pl\/blog\/","name":"SMD-LED","description":"O\u015bwietlenie Led do domu i przemys\u0142u porady, testy i opinie ekspert\u00f3w","potentialAction":[{"@type":"SearchAction","target":{"@type":"EntryPoint","urlTemplate":"https:\/\/www.smd-led.pl\/blog\/?s={search_term_string}"},"query-input":{"@type":"PropertyValueSpecification","valueRequired":true,"valueName":"search_term_string"}}],"inLanguage":"pl-PL"},{"@type":"Person","@id":"https:\/\/www.smd-led.pl\/blog\/#\/schema\/person\/887fa24be503d7ae726f67021d1623f5","name":"Marcin Pietrasik","image":{"@type":"ImageObject","inLanguage":"pl-PL","@id":"https:\/\/www.smd-led.pl\/blog\/#\/schema\/person\/image\/","url":"https:\/\/secure.gravatar.com\/avatar\/c886f4ccbb5c83b665ee8b66f0b3401128439bc832dca6389b6e67c6bdc3d38b?s=96&d=mm&r=g","contentUrl":"https:\/\/secure.gravatar.com\/avatar\/c886f4ccbb5c83b665ee8b66f0b3401128439bc832dca6389b6e67c6bdc3d38b?s=96&d=mm&r=g","caption":"Marcin Pietrasik"},"url":"https:\/\/www.smd-led.pl\/blog\/author\/mpietrasik\/"}]}},"_links":{"self":[{"href":"https:\/\/www.smd-led.pl\/blog\/wp-json\/wp\/v2\/posts\/2443","targetHints":{"allow":["GET"]}}],"collection":[{"href":"https:\/\/www.smd-led.pl\/blog\/wp-json\/wp\/v2\/posts"}],"about":[{"href":"https:\/\/www.smd-led.pl\/blog\/wp-json\/wp\/v2\/types\/post"}],"author":[{"embeddable":true,"href":"https:\/\/www.smd-led.pl\/blog\/wp-json\/wp\/v2\/users\/7"}],"replies":[{"embeddable":true,"href":"https:\/\/www.smd-led.pl\/blog\/wp-json\/wp\/v2\/comments?post=2443"}],"version-history":[{"count":8,"href":"https:\/\/www.smd-led.pl\/blog\/wp-json\/wp\/v2\/posts\/2443\/revisions"}],"predecessor-version":[{"id":17824,"href":"https:\/\/www.smd-led.pl\/blog\/wp-json\/wp\/v2\/posts\/2443\/revisions\/17824"}],"wp:featuredmedia":[{"embeddable":true,"href":"https:\/\/www.smd-led.pl\/blog\/wp-json\/wp\/v2\/media\/3360"}],"wp:attachment":[{"href":"https:\/\/www.smd-led.pl\/blog\/wp-json\/wp\/v2\/media?parent=2443"}],"wp:term":[{"taxonomy":"category","embeddable":true,"href":"https:\/\/www.smd-led.pl\/blog\/wp-json\/wp\/v2\/categories?post=2443"},{"taxonomy":"post_tag","embeddable":true,"href":"https:\/\/www.smd-led.pl\/blog\/wp-json\/wp\/v2\/tags?post=2443"}],"curies":[{"name":"wp","href":"https:\/\/api.w.org\/{rel}","templated":true}]}}