{"id":2549,"date":"2020-02-27T12:51:53","date_gmt":"2020-02-27T11:51:53","guid":{"rendered":"https:\/\/www.smd-led.pl\/blog\/?p=2549"},"modified":"2024-01-15T14:40:07","modified_gmt":"2024-01-15T13:40:07","slug":"podswietlenie-telewizora-czyli-nowy-trend","status":"publish","type":"post","link":"https:\/\/www.smd-led.pl\/blog\/podswietlenie-telewizora-czyli-nowy-trend\/","title":{"rendered":"Pod\u015bwietlenie telewizora, czyli nowy trend"},"content":{"rendered":"<p>Ekran telewizora emituje du\u017c\u0105 ilo\u015b\u0107 \u015bwiat\u0142a, a jednocze\u015bnie za telewizorem pozostaje ciemno\u015b\u0107. W takiej sytuacji jest o bardzo m\u0119cz\u0105ce dla oczu. Czy mo\u017cemy jako\u015b temu zaradzi\u0107 chroni\u0105c nasz wzrok? Oczywi\u015bcie. Rozwi\u0105zaniem jest <strong>pod\u015bwietlenie telewizora<\/strong>. Telewizor jest cz\u0119sto centralnym punktem domu. Wok\u00f3\u0142 niego toczy si\u0119 \u017cycie rodzinne i towarzyskie. Sp\u0119dzamy przed nim du\u017c\u0105 ilo\u015b\u0107 czasu. Dlatego <strong>o\u015bwietlenie TV<\/strong> na \u015bcianie b\u0119dzie dobrym rozwi\u0105zaniem uprzyjemniaj\u0105c te chwile, dbaj\u0105c o nasze zdrowe i nie nadwyr\u0119\u017cy naszej kieszeni przy okazji. Nie ka\u017cdego jednak sta\u0107 na zakup telewizora z fabrycznie zamontowanym pod\u015bwietleniem (rozwi\u0105zania te s\u0105 coraz bardziej popularne u r\u00f3\u017cnych producent\u00f3w). Tu z pomoc\u0105 przychodzi bran\u017ca o\u015bwietleniowa oferuj\u0105ca zestawy do samodzielnego monta\u017cu umo\u017cliwiaj\u0105ce pod\u015bwietlenie ka\u017cdego telewizora ta\u015bm\u0105 LED.<\/p>\n<div id=\"attachment_6174\" style=\"width: 810px\" class=\"wp-caption aligncenter\"><img loading=\"lazy\" decoding=\"async\" aria-describedby=\"caption-attachment-6174\" class=\"size-full wp-image-6174\" src=\"https:\/\/www.smd-led.pl\/blog\/wp-content\/uploads\/2020\/02\/podswietlenie-telewizora-1.png\" alt=\"Pod\u015bwietlenie telewizora\" width=\"800\" height=\"533\" \/><p id=\"caption-attachment-6174\" class=\"wp-caption-text\">Pod\u015bwietlenie telewizora<\/p><\/div>\n<p style=\"text-align: center;\"><span style=\"color: #ff0000;\"><strong><span style=\"font-size: 24pt;\">Super ta\u015bma za telewizor!<\/span><\/strong><\/span><\/p>\n<div class=\"call-to-action-04\"><div class=\"call-to-action-04__img-box\"><img decoding=\"async\" src=\"https:\/\/www.smd-led.pl\/blog\/wp-content\/uploads\/2024\/01\/tasma-led-usb-tv-2x50cm-6000k.webp\" alt=\"tasma-led-usb-tv-2x50cm-6000k\" \/><\/div><div class=\"call-to-action-04__info-box\"><span class=\"call-to-action-04__product-title\">TA\u015aMA LED USB TV 2X50CM 6000K<\/span><p><p><strong>Ta\u015bma LED USB o d\u0142ugo\u015bci 2x50cm<\/strong>\u00a0emituj\u0105ca bia\u0142e zimne \u015bwiat\u0142o. Doskona\u0142a ta\u015bma do pod\u015bwietlenia telewizora lub komputera. Wysoka jako\u015b\u0107 i du\u017ca trwa\u0142o\u015b\u0107.<strong>EKZ583<\/strong>.<\/p>\n<\/p><a href=\"https:\/\/www.smd-led.pl\/tasma-led-usb\" class=\"button\" id=\"tasma_tv\" target=\"_self\">Zobacz produkt<\/a><\/div><\/div>\n<h2>Pod\u015bwietlenie LED TV &#8211; pomys\u0142y?<\/h2>\n<p><strong>Pod\u015bwietlenie TV<\/strong> to nic innego jak umieszczenie za nim \u017ar\u00f3d\u0142a \u015bwiat\u0142a. Najlepiej w tym celu skorzysta\u0107 z <a href=\"https:\/\/www.smd-led.pl\/tasmy-ledowe\">ta\u015bmy LED<\/a> (jednokolorowej, wielokolorowej <a href=\"https:\/\/www.smd-led.pl\/tasma-led-rgb\">ta\u015bmy LED RGB<\/a>, czy <a href=\"https:\/\/www.smd-led.pl\/tasma-led-usb\">ta\u015bmy LED USB<\/a>, kt\u00f3r\u0105 pod\u0142\u0105czymy bezpo\u015brednio do naszego telewizora). <strong>Pod\u015bwietlenie LED TV<\/strong> umili ogl\u0105danie program\u00f3w telewizyjnych i film\u00f3w tworz\u0105c klimatyczn\u0105, nastrojow\u0105, \u015bwietln\u0105 \u0142un\u0119. Ogl\u0105danie stanie si\u0119 du\u017co bardziej komfortowe i bezpieczne dla naszych oczu. Jednocze\u015bnie pod\u015bwietlenie TV wygl\u0105da bardzo nowocze\u015bnie, przyjemnie i po prostu \u0142adnie. Ledy za TV s\u0105 tak\u017ce wysoce \u017cywotne i energooszcz\u0119dne, st\u0105d te\u017c mog\u0105 by\u0107 w\u0142\u0105czone regularnie, po kilka godzin dziennie.<\/p>\n<p><img loading=\"lazy\" decoding=\"async\" class=\"aligncenter size-full wp-image-2555\" src=\"https:\/\/www.smd-led.pl\/blog\/wp-content\/uploads\/2020\/02\/podswietlenie-telewizora.jpg\" alt=\"Pod\u015bwietlenie telewizora\" width=\"640\" height=\"436\" \/><\/p>\n<h2>Ledy do telewizora \u2014 jakie wybra\u0107?<\/h2>\n<p>Montuj\u0105c o\u015bwietlenie telewizora LED nie kierujmy si\u0119 wy\u0142\u0105cznie cen\u0105 produktu. Wybierajmy rozwi\u0105zania wysokiej jako\u015bci, sprawdzone i bezpieczne. Montuj\u0105c <strong>LED-y do telewizora<\/strong> mo\u017cemy skorzysta\u0107 z ta\u015bm jednokolorowych bia\u0142ych (o barwie ciep\u0142ej lub zimnej), a tak\u017ce z ta\u015bm wielokolorowych RGB. Pod\u015bwietlenie LED telewizora dobrze zamontowa\u0107 jak najja\u015bniejsze (5-10 W na metr ta\u015bmy), ale przy jednoczesnym wykorzystaniu \u015bciemniacza, kt\u00f3ry b\u0119dzie je \u015bciemnia\u0142, gdy b\u0119dzie taka konieczno\u015b\u0107. Zbyt s\u0142aba ta\u015bma nie da nam po\u017c\u0105danego efektu, a mocniejsz\u0105 zawsze mo\u017cemy przyciemni\u0107. Wersj\u0119 RGB dobrze uzupe\u0142ni\u0107 o sterownik s\u0142u\u017c\u0105cy do zmiany koloru \u015bwiat\u0142a. Uzyskamy wiele mo\u017cliwo\u015bci ustawie\u0144 i dopasujemy <strong>o\u015bwietlenie za TV<\/strong> do naszej aktualnej potrzeby i nastroju, uzyskuj\u0105c ciekawy efekt wizualny. Wa\u017cne jest, aby pilot sterowania komunikowa\u0142 si\u0119 ze sterownikiem drog\u0105 radiow\u0105, a nie na podczerwie\u0144 wchodz\u0105c w \u201ekolizje\u201d z pilotem od telewizora (mo\u017cliwa jest w\u00f3wczas zmiana ustawie\u0144 sterownika ta\u015bmy podczas obs\u0142ugiwania telewizora).<\/p>\n<p><img loading=\"lazy\" decoding=\"async\" class=\"aligncenter size-full wp-image-2556\" src=\"https:\/\/www.smd-led.pl\/blog\/wp-content\/uploads\/2020\/02\/podswietlenie-led-tv.jpg\" alt=\"Pod\u015bwietlenie LED TV\" width=\"640\" height=\"387\" \/><\/p>\n<p style=\"text-align: center;\"><strong>Sprawd\u017a jak\u0105 ta\u015bm\u0119 LED wybra\u0107<\/strong><\/p>\n<div class=\"cat-slider-02\"><div class=\"cat-slider-02__box\"><div class=\"cat-slider-02__wrapper\"><p class=\"cat-slider-02__title\"><\/p><div class=\"cat-slider-02__slider\"><div class=\"cat-slider-02__slide\"><a href=\"https:\/\/www.smd-led.pl\/blog\/jaki-uchwyt-do-telewizora-wybrac-poradnik\/\" class=\"cat-slider-02__link\"><div class=\"cat-slider-02__img-box\"><img loading=\"lazy\" decoding=\"async\" width=\"1024\" height=\"683\" src=\"https:\/\/www.smd-led.pl\/blog\/wp-content\/uploads\/2021\/01\/Jaki-uchwyt-do-telewizora-wybrac-Poradnik.jpg\" class=\"cat-slider-02__img wp-post-image\" alt=\"jaki-uchwyt-do-telewizora-wybrac-poradnik\" \/><\/div><\/a><a href=\"https:\/\/www.smd-led.pl\/blog\/jaki-uchwyt-do-telewizora-wybrac-poradnik\/\" class=\"cat-slider-02__link\"><div class=\"cat-slider-02__heading-box\"><p class=\"cat-slider-02__post-title\">Jaki uchwyt do telewizora wybra\u0107?<\/p><p>Telewizor jest jednym z podstawowych urz\u0105dze\u0144 znajduj\u0105cych si\u0119 w dzisiejszym domu. Sta\u0142 si\u0119 obecny nie [&hellip;]<\/p>\n<\/div><\/a><\/div><div class=\"cat-slider-02__slide\"><a href=\"https:\/\/www.smd-led.pl\/blog\/na-jakiej-wysokosci-powiesic-telewizor\/\" class=\"cat-slider-02__link\"><div class=\"cat-slider-02__img-box\"><img loading=\"lazy\" decoding=\"async\" width=\"960\" height=\"557\" src=\"https:\/\/www.smd-led.pl\/blog\/wp-content\/uploads\/2021\/01\/Na-jakiej-wysokosci-powiesic-telewizor.jpg\" class=\"cat-slider-02__img wp-post-image\" alt=\"Na-jakiej-wysokosci-powiesic-telewizor\" \/><\/div><\/a><a href=\"https:\/\/www.smd-led.pl\/blog\/na-jakiej-wysokosci-powiesic-telewizor\/\" class=\"cat-slider-02__link\"><div class=\"cat-slider-02__heading-box\"><p class=\"cat-slider-02__post-title\">Na jakiej wysoko\u015bci powiesi\u0107 telewizor?<\/p><p>Telewizor by\u0142 kiedy\u015b urz\u0105dzeniem o du\u017cych gabarytach i wadze, drogim i trudno dost\u0119pnym. Jednocze\u015bnie s\u0142u\u017cy\u0142 [&hellip;]<\/p>\n<\/div><\/a><\/div><div class=\"cat-slider-02__slide\"><a href=\"https:\/\/www.smd-led.pl\/blog\/podswietlenie-telewizora-czyli-nowy-trend\/\" class=\"cat-slider-02__link\"><div class=\"cat-slider-02__img-box\"><img loading=\"lazy\" decoding=\"async\" width=\"800\" height=\"600\" src=\"https:\/\/www.smd-led.pl\/blog\/wp-content\/uploads\/2020\/02\/podswietlenie-tv.jpg\" class=\"cat-slider-02__img wp-post-image\" alt=\"Pod\u015bwietlenie \u015bciany diodami LED\" \/><\/div><\/a><a href=\"https:\/\/www.smd-led.pl\/blog\/podswietlenie-telewizora-czyli-nowy-trend\/\" class=\"cat-slider-02__link\"><div class=\"cat-slider-02__heading-box\"><p class=\"cat-slider-02__post-title\">Pod\u015bwietlenie telewizora, czyli nowy trend<\/p><p>Ekran telewizora emituje du\u017c\u0105 ilo\u015b\u0107 \u015bwiat\u0142a, a jednocze\u015bnie za telewizorem pozostaje ciemno\u015b\u0107. W takiej sytuacji [&hellip;]<\/p>\n<\/div><\/a><\/div><\/div><\/div><\/div><\/div>\n<h2>Pod\u015bwietlenie Led telewizora \u2014 czy to dobre rozwi\u0105zanie?<\/h2>\n<p><strong>Tylne pod\u015bwietlenie telewizora<\/strong> jest rozwi\u0105zaniem wi\u0119cej ni\u017c dobrym. Dba o nasz wzrok, poprawiaj\u0105c komfort ogl\u0105dania telewizji lub grania na konsoli pod\u0142\u0105czonej do telewizora. Dzi\u0119ki niemu uzyskujemy efekt optycznego poszerzenia ekranu, a tak\u017ce lepszy jego kontrast. Wykorzystuj\u0105c pod\u015bwietlenie telewizora z ty\u0142u, uzyskamy wyra\u017aniejsze szczeg\u00f3\u0142y obrazu, podniesiemy jako\u015b\u0107 odbioru gry. Jednocze\u015bnie <strong>o\u015bwietlenie LED do TV<\/strong> jest nowoczesn\u0105 form\u0105 dekoracji w pomieszczeniu, w kt\u00f3rym znajduje si\u0119 telewizor. Podkre\u015blimy dzi\u0119ki niemu elegancj\u0119 salonu lub sypialni, a wykorzystuj\u0105c LED-y RGB dopasujemy o\u015bwietlenie do wystroju wn\u0119trza i naszego nastroju w danej chwili.<\/p>\n<p><img loading=\"lazy\" decoding=\"async\" class=\"aligncenter size-full wp-image-2557\" src=\"https:\/\/www.smd-led.pl\/blog\/wp-content\/uploads\/2020\/02\/ledy-do-telewizora.jpg\" alt=\"Ledy do telewizora\" width=\"640\" height=\"387\" \/><\/p>\n<h2><\/h2>\n<h2>Jak sprawdzi\u0107 pod\u015bwietlenie matrycy LED w telewizorach?<\/h2>\n<p>Je\u015bli chcesz sprawdzi\u0107 pod\u015bwietlenie matrycy LED w telewizorze, istnieje kilka metod, kt\u00f3re mo\u017cesz zastosowa\u0107. Mo\u017cesz uruchomi\u0107 r\u00f3\u017cne testy obrazu, kt\u00f3re pozwol\u0105 oceni\u0107 jako\u015b\u0107 pod\u015bwietlenia, na przyk\u0142ad przez wy\u015bwietlenie jasnych obiekt\u00f3w na ciemnym tle. Wykonywanie test\u00f3w w zaciemnionym pomieszczeniu mo\u017ce u\u0142atwi\u0107 zauwa\u017cenie problem\u00f3w, takich jak nier\u00f3wnomierny rozk\u0142ad \u015bwiat\u0142a czy plamy. Sprawdzenie i dostosowanie ustawie\u0144 jasno\u015bci i kontrastu w menu telewizora r\u00f3wnie\u017c mo\u017ce da\u0107 pewne wskaz\u00f3wki. Niekt\u00f3re nowoczesne telewizory maj\u0105 wbudowane opcje diagnostyczne, kt\u00f3re mo\u017cna wykorzysta\u0107 do oceny pod\u015bwietlenia. Zawsze warto te\u017c zapozna\u0107 si\u0119 z instrukcj\u0105 obs\u0142ugi oraz poszuka\u0107 opinii i informacji na forach internetowych, gdzie u\u017cytkownicy i recenzenci dziel\u0105 si\u0119 swoimi do\u015bwiadczeniami. Je\u017celi zauwa\u017cysz problemy z pod\u015bwietleniem, najlepiej skontaktowa\u0107 si\u0119 z serwisem technicznym lub producentem, gdy\u017c w niekt\u00f3rych przypadkach mo\u017ce to wymaga\u0107 profesjonalnej interwencji.<\/p>\n<h2>Monta\u017c Ta\u015bmy LED za telewizorem &#8211; pod\u015bwietlenie telewizora<\/h2>\n<p><strong>Jak zamontowa\u0107 ta\u015bm\u0119 LED za telewizorem?<\/strong> Odpowied\u017a jest bardzo prosta. Wystarczy zakupi\u0107 gotowy zestaw ta\u015bmy LED, pod\u0142\u0105czaj\u0105c j\u0105 do TV za pomoc\u0105 USB i po\u015bwi\u0119ci\u0107 chwil\u0119 czasu na jego instalacje. W sk\u0142ad takiego zestawu wchodzi:<\/p>\n<ul>\n<li>\u00a0Ta\u015bma LED o odpowiedniej d\u0142ugo\u015bci (np. do telewizor\u00f3w o przek\u0105tnej ekranu 42-50 cali wybierzmy ta\u015bm\u0119 o d\u0142ugo\u015bci 4 m),<\/li>\n<li>\u00a0Odpowiednio dobrany do mocy danej ta\u015bmy zasilacz,<\/li>\n<li>\u00a0Opcjonalnie <a href=\"https:\/\/www.smd-led.pl\/sterownik-rgb\">sterownik RGB<\/a> z pilotem do zmiany barwy \u015bwiat\u0142a<\/li>\n<li>\u00a0<a href=\"https:\/\/www.smd-led.pl\/tasma-led-cyfrowa\">Ta\u015bma LED cyfrowa<\/a> i <a href=\"https:\/\/www.smd-led.pl\/sterownik-muzyczny-led\">sterownik muzyczny LED<\/a> dla o\u015bwietlenia reaguj\u0105cego w rytm ton\u00f3w, bas\u00f3w i d\u017awi\u0119k\u00f3w<\/li>\n<\/ul>\n<p>Sam monta\u017c rozpoczynamy od ostro\u017cnego demonta\u017cu (zdj\u0119cia ze \u015bciany) odbiornika telewizyjnego. Najpierw od\u0142\u0105czamy od niego wszystkie przewody (zasilaj\u0105ce, antenowe, tunera, odtwarzacza itp.). Odk\u0142adamy telewizor w bezpieczne, wcze\u015bniej przygotowane miejsce. Najbezpieczniej po\u0142o\u017cy\u0107 go na du\u017cej p\u0142askiej powierzchni (st\u00f3\u0142, pod\u0142oga) przykrytej np. kocem. Ekran telewizora jest bardzo delikatny, a nie chcemy przecie\u017c, aby uleg\u0142 uszkodzeniu podczas monta\u017cu. Na tak przygotowanym telewizorze rozplanowujemy u\u0142o\u017cenie ta\u015bmy LED, aby nie wchodzi\u0142a w kolizj\u0119 z innymi przewodami. Warto te\u017c zostawi\u0107 ok. 10 cm odst\u0119pu mi\u0119dzy ta\u015bm\u0105 LED a kraw\u0119dzi\u0105 TV. Dzi\u0119ki temu \u015bwiat\u0142o b\u0119dzie rozchodzi\u0107 si\u0119 r\u00f3wnomiernie. Nast\u0119pnie przyst\u0119pujemy do przyklejenia ta\u015bmy. Ta\u015bmy LED [posiadaj\u0105 na tylnej cz\u0119\u015bci pasek samoprzylepny. Odrywamy jego zabezpieczenie i przyklejamy do wcze\u015bniej oczyszczonej i odt\u0142uszczonej obudowy. Pod\u0142\u0105czamy ta\u015bm\u0119 za pomoc\u0105 USB do urz\u0105dzenia i monta\u017c mamy sko\u0144czony. Pozostaje nam ponownie umie\u015bci\u0107 telewizor na \u015bcianie, pod\u0142\u0105czaj\u0105c wszystkie wcze\u015bniej od\u0142\u0105czone przewody. Otrzymujemy telewizor z pod\u015bwietleniem z ty\u0142u, kt\u00f3ry odmieni nam czas przed nim sp\u0119dzany, a tak\u017ce pomieszczenie, w kt\u00f3rym telewizor si\u0119 znajduje.<\/p>\n<p><img loading=\"lazy\" decoding=\"async\" class=\"aligncenter size-full wp-image-2553\" src=\"https:\/\/www.smd-led.pl\/blog\/wp-content\/uploads\/2020\/02\/podswietlenie-tv.jpg\" alt=\"Pod\u015bwietlenie TV\" width=\"800\" height=\"600\" \/><\/p>\n<p><strong>O\u015bwietlenie LED za telewizorem<\/strong> b\u0119dzie tym delikatniejsze, im dalej od \u015bciany b\u0119dzie umieszczony odbiornik. Pami\u0119tajmy o tym dokonuj\u0105c wyboru ta\u015bmy. Telewizor znajduj\u0105cy si\u0119 w wi\u0119kszej odleg\u0142o\u015bci od \u015bciany dobrze wyposa\u017cy\u0107 w mocniejsze LED-y.<\/p>\n<p style=\"text-align: center;\"><b>Sprawd\u017a jak zamontowa\u0107 telewizor na \u015bcianie<\/b><\/p>\n<div class=\"cat-slider-02\"><div class=\"cat-slider-02__box\"><div class=\"cat-slider-02__wrapper\"><p class=\"cat-slider-02__title\"><\/p><div class=\"cat-slider-02__slider\"><div class=\"cat-slider-02__slide\"><a href=\"https:\/\/www.smd-led.pl\/blog\/oswietlenie-led-wiaty-garazowej-i-carportu-5-projektow-architektonicznych\/\" class=\"cat-slider-02__link\"><div class=\"cat-slider-02__img-box\"><img loading=\"lazy\" decoding=\"async\" width=\"1024\" height=\"572\" src=\"https:\/\/www.smd-led.pl\/blog\/wp-content\/uploads\/2026\/03\/2026-04-wiata-hero-1024x572.png\" class=\"cat-slider-02__img wp-post-image\" alt=\"wiata hero\" srcset=\"https:\/\/www.smd-led.pl\/blog\/wp-content\/uploads\/2026\/03\/2026-04-wiata-hero-1024x572.png 1024w, https:\/\/www.smd-led.pl\/blog\/wp-content\/uploads\/2026\/03\/2026-04-wiata-hero-300x167.png 300w, https:\/\/www.smd-led.pl\/blog\/wp-content\/uploads\/2026\/03\/2026-04-wiata-hero-768x429.png 768w, https:\/\/www.smd-led.pl\/blog\/wp-content\/uploads\/2026\/03\/2026-04-wiata-hero-1536x857.png 1536w, https:\/\/www.smd-led.pl\/blog\/wp-content\/uploads\/2026\/03\/2026-04-wiata-hero-2048x1143.png 2048w\" sizes=\"auto, (max-width: 1024px) 100vw, 1024px\" \/><\/div><\/a><a href=\"https:\/\/www.smd-led.pl\/blog\/oswietlenie-led-wiaty-garazowej-i-carportu-5-projektow-architektonicznych\/\" class=\"cat-slider-02__link\"><div class=\"cat-slider-02__heading-box\"><p class=\"cat-slider-02__post-title\">O\u015bwietlenie LED wiaty gara\u017cowej i carportu &#8211; 5 projekt\u00f3w architektonicznych<\/p><p>O\u015bwietlenie wiaty gara\u017cowej LED &#8211; nowoczesna wiata z ta\u015bm\u0105 LED O\u015bwietlenie wiaty gara\u017cowej LED to [&hellip;]<\/p>\n<\/div><\/a><\/div><div class=\"cat-slider-02__slide\"><a href=\"https:\/\/www.smd-led.pl\/blog\/jaka-barwa-swiatla-do-kuchni\/\" class=\"cat-slider-02__link\"><div class=\"cat-slider-02__img-box\"><img loading=\"lazy\" decoding=\"async\" width=\"1024\" height=\"1024\" src=\"https:\/\/www.smd-led.pl\/blog\/wp-content\/uploads\/2023\/11\/smdled_upper_hanging_lighting_with_a_LED_bulb_in_the_kitchen_fu_05207aa2-b640-45b6-a6ad-b190d103abcc.png\" class=\"cat-slider-02__img wp-post-image\" alt=\"\" srcset=\"https:\/\/www.smd-led.pl\/blog\/wp-content\/uploads\/2023\/11\/smdled_upper_hanging_lighting_with_a_LED_bulb_in_the_kitchen_fu_05207aa2-b640-45b6-a6ad-b190d103abcc.png 1024w, https:\/\/www.smd-led.pl\/blog\/wp-content\/uploads\/2023\/11\/smdled_upper_hanging_lighting_with_a_LED_bulb_in_the_kitchen_fu_05207aa2-b640-45b6-a6ad-b190d103abcc-300x300.png 300w, https:\/\/www.smd-led.pl\/blog\/wp-content\/uploads\/2023\/11\/smdled_upper_hanging_lighting_with_a_LED_bulb_in_the_kitchen_fu_05207aa2-b640-45b6-a6ad-b190d103abcc-150x150.png 150w, https:\/\/www.smd-led.pl\/blog\/wp-content\/uploads\/2023\/11\/smdled_upper_hanging_lighting_with_a_LED_bulb_in_the_kitchen_fu_05207aa2-b640-45b6-a6ad-b190d103abcc-768x768.png 768w\" sizes=\"auto, (max-width: 1024px) 100vw, 1024px\" \/><\/div><\/a><a href=\"https:\/\/www.smd-led.pl\/blog\/jaka-barwa-swiatla-do-kuchni\/\" class=\"cat-slider-02__link\"><div class=\"cat-slider-02__heading-box\"><p class=\"cat-slider-02__post-title\">Jaka barwa \u015bwiat\u0142a do kuchni?\u00a0<\/p><p>Pytanie jaka barwa \u015bwiat\u0142a do kuchni sprawdzi si\u0119 w o\u015bwietlaniu kuchni chocia\u017c odpowied\u017a wydaje si\u0119 [&hellip;]<\/p>\n<\/div><\/a><\/div><div class=\"cat-slider-02__slide\"><a href=\"https:\/\/www.smd-led.pl\/blog\/jak-podswietlic-lamele\/\" class=\"cat-slider-02__link\"><div class=\"cat-slider-02__img-box\"><img loading=\"lazy\" decoding=\"async\" width=\"1024\" height=\"512\" src=\"https:\/\/www.smd-led.pl\/blog\/wp-content\/uploads\/2023\/10\/Jak-podswietlic-lamele-2-1024x512.jpg\" class=\"cat-slider-02__img wp-post-image\" alt=\"Jak pod\u015bwietli\u0107 lamele\" srcset=\"https:\/\/www.smd-led.pl\/blog\/wp-content\/uploads\/2023\/10\/Jak-podswietlic-lamele-2-1024x512.jpg 1024w, https:\/\/www.smd-led.pl\/blog\/wp-content\/uploads\/2023\/10\/Jak-podswietlic-lamele-2-300x150.jpg 300w, https:\/\/www.smd-led.pl\/blog\/wp-content\/uploads\/2023\/10\/Jak-podswietlic-lamele-2-768x384.jpg 768w, https:\/\/www.smd-led.pl\/blog\/wp-content\/uploads\/2023\/10\/Jak-podswietlic-lamele-2.jpg 1200w\" sizes=\"auto, (max-width: 1024px) 100vw, 1024px\" \/><\/div><\/a><a href=\"https:\/\/www.smd-led.pl\/blog\/jak-podswietlic-lamele\/\" class=\"cat-slider-02__link\"><div class=\"cat-slider-02__heading-box\"><p class=\"cat-slider-02__post-title\">Jak pod\u015bwietli\u0107 lamele?<\/p><p>Ka\u017cdy z nas szuka sposob\u00f3w, aby uczyni\u0107 swoje wn\u0119trze wyj\u0105tkowym i niepowtarzalnym. W dzisiejszym \u015bwiecie [&hellip;]<\/p>\n<\/div><\/a><\/div><div class=\"cat-slider-02__slide\"><a href=\"https:\/\/www.smd-led.pl\/blog\/obraz-na-szarej-scianie\/\" class=\"cat-slider-02__link\"><div class=\"cat-slider-02__img-box\"><img loading=\"lazy\" decoding=\"async\" width=\"768\" height=\"502\" src=\"https:\/\/www.smd-led.pl\/blog\/wp-content\/uploads\/2023\/07\/Obraz-na-szarej-scianie-1-1.jpg\" class=\"cat-slider-02__img wp-post-image\" alt=\"Obraz na szarej \u015bcianie\" srcset=\"https:\/\/www.smd-led.pl\/blog\/wp-content\/uploads\/2023\/07\/Obraz-na-szarej-scianie-1-1.jpg 768w, https:\/\/www.smd-led.pl\/blog\/wp-content\/uploads\/2023\/07\/Obraz-na-szarej-scianie-1-1-300x196.jpg 300w\" sizes=\"auto, (max-width: 768px) 100vw, 768px\" \/><\/div><\/a><a href=\"https:\/\/www.smd-led.pl\/blog\/obraz-na-szarej-scianie\/\" class=\"cat-slider-02__link\"><div class=\"cat-slider-02__heading-box\"><p class=\"cat-slider-02__post-title\">Obraz na szarej \u015bcianie<\/p><p>&nbsp; Tw\u00f3j szary salon zas\u0142uguje na odrobin\u0119 magii i osobistego wyrazu. Dlatego te\u017c warto zastanowi\u0107 [&hellip;]<\/p>\n<\/div><\/a><\/div><div class=\"cat-slider-02__slide\"><a href=\"https:\/\/www.smd-led.pl\/blog\/montaz-tasmy-led-na-scianie\/\" class=\"cat-slider-02__link\"><div class=\"cat-slider-02__img-box\"><img loading=\"lazy\" decoding=\"async\" width=\"1024\" height=\"768\" src=\"https:\/\/www.smd-led.pl\/blog\/wp-content\/uploads\/2023\/04\/Profil-LED-P18-2_inspiracja-1024x768.jpg\" class=\"cat-slider-02__img wp-post-image\" alt=\"Profil LED P18-2_inspiracja\" srcset=\"https:\/\/www.smd-led.pl\/blog\/wp-content\/uploads\/2023\/04\/Profil-LED-P18-2_inspiracja-1024x768.jpg 1024w, https:\/\/www.smd-led.pl\/blog\/wp-content\/uploads\/2023\/04\/Profil-LED-P18-2_inspiracja-300x225.jpg 300w, https:\/\/www.smd-led.pl\/blog\/wp-content\/uploads\/2023\/04\/Profil-LED-P18-2_inspiracja-768x576.jpg 768w, https:\/\/www.smd-led.pl\/blog\/wp-content\/uploads\/2023\/04\/Profil-LED-P18-2_inspiracja-1536x1152.jpg 1536w, https:\/\/www.smd-led.pl\/blog\/wp-content\/uploads\/2023\/04\/Profil-LED-P18-2_inspiracja.jpg 1600w\" sizes=\"auto, (max-width: 1024px) 100vw, 1024px\" \/><\/div><\/a><a href=\"https:\/\/www.smd-led.pl\/blog\/montaz-tasmy-led-na-scianie\/\" class=\"cat-slider-02__link\"><div class=\"cat-slider-02__heading-box\"><p class=\"cat-slider-02__post-title\">Monta\u017c ta\u015bmy Led na \u015bcianie<\/p><p>Jak zrobi\u0107 prawid\u0142owo Monta\u017c ta\u015bmy Led na \u015bcianie? aby monta\u017c ta\u015bmy, by\u0142 zgodny z trendami [&hellip;]<\/p>\n<\/div><\/a><\/div><div class=\"cat-slider-02__slide\"><a href=\"https:\/\/www.smd-led.pl\/blog\/oswietlenie-blatu-kuchennego-10-sposobow-o-ktorych-musisz-wiedziec\/\" class=\"cat-slider-02__link\"><div class=\"cat-slider-02__img-box\"><img loading=\"lazy\" decoding=\"async\" width=\"1024\" height=\"512\" src=\"https:\/\/www.smd-led.pl\/blog\/wp-content\/uploads\/2018\/10\/oswietlenie-kuchni.jpg\" class=\"cat-slider-02__img wp-post-image\" alt=\"O\u015bwietlenie blatu kuchennego - 10 sposob\u00f3w o kt\u00f3rych musisz wiedzie\u0107\" \/><\/div><\/a><a href=\"https:\/\/www.smd-led.pl\/blog\/oswietlenie-blatu-kuchennego-10-sposobow-o-ktorych-musisz-wiedziec\/\" class=\"cat-slider-02__link\"><div class=\"cat-slider-02__heading-box\"><p class=\"cat-slider-02__post-title\">O\u015bwietlenie blatu kuchennego &#8211; 10 sposob\u00f3w o kt\u00f3rych musisz wiedzie\u0107<\/p><p>Ka\u017cda kuchnia potrzebuje dodatkowego o\u015bwietlenia. Najcz\u0119\u015bciej wybieranym miejscem w kuchni, kt\u00f3re do\u015bwietlamy to blaty. To [&hellip;]<\/p>\n<\/div><\/a><\/div><div class=\"cat-slider-02__slide\"><a href=\"https:\/\/www.smd-led.pl\/blog\/oswietlenie-podszafkowe\/\" class=\"cat-slider-02__link\"><div class=\"cat-slider-02__img-box\"><img loading=\"lazy\" decoding=\"async\" width=\"1024\" height=\"768\" src=\"https:\/\/www.smd-led.pl\/blog\/wp-content\/uploads\/2020\/08\/jaka-tasma-led-do-kuchni.jpg\" class=\"cat-slider-02__img wp-post-image\" alt=\"O\u015bwietlenie podszafkowe i mo\u017cliwo\u015b\u0107 opraw LED\" \/><\/div><\/a><a href=\"https:\/\/www.smd-led.pl\/blog\/oswietlenie-podszafkowe\/\" class=\"cat-slider-02__link\"><div class=\"cat-slider-02__heading-box\"><p class=\"cat-slider-02__post-title\">O\u015bwietlenie podszafkowe w 2023r. &#8211; poradnik od A do Z<\/p><p>W nowoczesnych wn\u0119trzach wa\u017cny jest ka\u017cdy aspekt wystroju. Odpowiednio dobrane o\u015bwietlenie to jedno z wa\u017cniejszych [&hellip;]<\/p>\n<\/div><\/a><\/div><div class=\"cat-slider-02__slide\"><a href=\"https:\/\/www.smd-led.pl\/blog\/oswietlenie-biblioteki\/\" class=\"cat-slider-02__link\"><div class=\"cat-slider-02__img-box\"><img loading=\"lazy\" decoding=\"async\" width=\"1024\" height=\"718\" src=\"https:\/\/www.smd-led.pl\/blog\/wp-content\/uploads\/2023\/01\/Oswietlenie-biblioteki.jpeg\" class=\"cat-slider-02__img wp-post-image\" alt=\"O\u015bwietlenie biblioteki\" \/><\/div><\/a><a href=\"https:\/\/www.smd-led.pl\/blog\/oswietlenie-biblioteki\/\" class=\"cat-slider-02__link\"><div class=\"cat-slider-02__heading-box\"><p class=\"cat-slider-02__post-title\">O\u015bwietlenie biblioteki<\/p><p>O\u015bwietlenie biblioteki jest wa\u017cnym elementem, kt\u00f3ry wp\u0142ywa na funkcjonowanie tej instytucji. Poprzez odpowiednie nat\u0119\u017cenie (przyk\u0142adowo [&hellip;]<\/p>\n<\/div><\/a><\/div><div class=\"cat-slider-02__slide\"><a href=\"https:\/\/www.smd-led.pl\/blog\/tasmy-led-rodzaje-i-oznaczenia\/\" class=\"cat-slider-02__link\"><div class=\"cat-slider-02__img-box\"><img loading=\"lazy\" decoding=\"async\" width=\"1000\" height=\"759\" src=\"https:\/\/www.smd-led.pl\/blog\/wp-content\/uploads\/2022\/08\/Tasmy-LED-rodzaje-i-oznaczenia.jpg\" class=\"cat-slider-02__img wp-post-image\" alt=\"\" \/><\/div><\/a><a href=\"https:\/\/www.smd-led.pl\/blog\/tasmy-led-rodzaje-i-oznaczenia\/\" class=\"cat-slider-02__link\"><div class=\"cat-slider-02__heading-box\"><p class=\"cat-slider-02__post-title\">Ta\u015bmy LED &#8211; rodzaje ta\u015bm led i oznaczenia<\/p><p>Ta\u015bmy LED to nowoczesne i energooszcz\u0119dne rozwi\u0105zanie, kt\u00f3re daje nam niemal nieograniczone mo\u017cliwo\u015bci aran\u017cacyjne. Pasek [&hellip;]<\/p>\n<\/div><\/a><\/div><div class=\"cat-slider-02__slide\"><a href=\"https:\/\/www.smd-led.pl\/blog\/podswietlenie-sciany-tasma-led\/\" class=\"cat-slider-02__link\"><div class=\"cat-slider-02__img-box\"><img loading=\"lazy\" decoding=\"async\" width=\"1024\" height=\"576\" src=\"https:\/\/www.smd-led.pl\/blog\/wp-content\/uploads\/2021\/10\/living-room-update-Pietrasik_Living-Room-8.jpg\" class=\"cat-slider-02__img wp-post-image\" alt=\"Pod\u015bwietlenie \u015bciany ta\u015bm\u0105 LED\" \/><\/div><\/a><a href=\"https:\/\/www.smd-led.pl\/blog\/podswietlenie-sciany-tasma-led\/\" class=\"cat-slider-02__link\"><div class=\"cat-slider-02__heading-box\"><p class=\"cat-slider-02__post-title\">Pod\u015bwietlenie \u015bciany ta\u015bm\u0105 LED<\/p><p>Pod\u015bwietlenie \u015bciany ta\u015bm\u0105 LED jest coraz cz\u0119\u015bciej wybieranym rozwi\u0105zaniem na dekoracyjne o\u015bwietlenie wn\u0119trz. W 21. [&hellip;]<\/p>\n<\/div><\/a><\/div><div class=\"cat-slider-02__slide\"><a href=\"https:\/\/www.smd-led.pl\/blog\/jak-podlaczyc-tasmy-led\/\" class=\"cat-slider-02__link\"><div class=\"cat-slider-02__img-box\"><img loading=\"lazy\" decoding=\"async\" width=\"1024\" height=\"618\" src=\"https:\/\/www.smd-led.pl\/blog\/wp-content\/uploads\/2022\/02\/Jak-ciac-tasme-Led.jpg\" class=\"cat-slider-02__img wp-post-image\" alt=\"Monta\u017c ta\u015bmy Led\" \/><\/div><\/a><a href=\"https:\/\/www.smd-led.pl\/blog\/jak-podlaczyc-tasmy-led\/\" class=\"cat-slider-02__link\"><div class=\"cat-slider-02__heading-box\"><p class=\"cat-slider-02__post-title\">Jak pod\u0142\u0105czy\u0107 ta\u015bmy Led<\/p><p>Ta\u015bma Led to najpopularniejsze \u017ar\u00f3d\u0142o \u015bwiat\u0142a, jakie dominuje w naszych domach. Jego prawid\u0142owe pod\u0142\u0105czenie ma [&hellip;]<\/p>\n<\/div><\/a><\/div><div class=\"cat-slider-02__slide\"><a href=\"https:\/\/www.smd-led.pl\/blog\/tasma-led-w-rytm-muzyki-jak-zrobic\/\" class=\"cat-slider-02__link\"><div class=\"cat-slider-02__img-box\"><img loading=\"lazy\" decoding=\"async\" width=\"960\" height=\"640\" src=\"https:\/\/www.smd-led.pl\/blog\/wp-content\/uploads\/2021\/02\/led-w-takt-muzyki.jpg\" class=\"cat-slider-02__img wp-post-image\" alt=\"led w takt muzyki\" \/><\/div><\/a><a href=\"https:\/\/www.smd-led.pl\/blog\/tasma-led-w-rytm-muzyki-jak-zrobic\/\" class=\"cat-slider-02__link\"><div class=\"cat-slider-02__heading-box\"><p class=\"cat-slider-02__post-title\">Ta\u015bma LED w rytm muzyki &#8211; jak zrobi\u0107?<\/p><p>Decyduj\u0105c si\u0119 na wielokolorowe o\u015bwietlenie LED, ciekawym rozwi\u0105zaniem jest ta\u015bma LED w rytm muzyki \u2013 [&hellip;]<\/p>\n<\/div><\/a><\/div><div class=\"cat-slider-02__slide\"><a href=\"https:\/\/www.smd-led.pl\/blog\/ranking-tasm-led-czyli-jaka-tasme-led-wybrac\/\" class=\"cat-slider-02__link\"><div class=\"cat-slider-02__img-box\"><img loading=\"lazy\" decoding=\"async\" width=\"640\" height=\"480\" src=\"https:\/\/www.smd-led.pl\/blog\/wp-content\/uploads\/2021\/02\/ranking-tasm-LED-1.jpg\" class=\"cat-slider-02__img wp-post-image\" alt=\"Ile pr\u0105du pobiera ta\u015bma LED?\" \/><\/div><\/a><a href=\"https:\/\/www.smd-led.pl\/blog\/ranking-tasm-led-czyli-jaka-tasme-led-wybrac\/\" class=\"cat-slider-02__link\"><div class=\"cat-slider-02__heading-box\"><p class=\"cat-slider-02__post-title\">Ranking ta\u015bm LED, czyli jak\u0105 ta\u015bm\u0119 LED wybra\u0107?<\/p><p>&nbsp; Decyduj\u0105c si\u0119 na o\u015bwietlenie oparte o ta\u015bmy LED, nale\u017cy podj\u0105\u0107 decyzj\u0119 odno\u015bnie do wielu [&hellip;]<\/p>\n<\/div><\/a><\/div><div class=\"cat-slider-02__slide\"><a href=\"https:\/\/www.smd-led.pl\/blog\/tasma-led-w-profilu-czy-bez\/\" class=\"cat-slider-02__link\"><div class=\"cat-slider-02__img-box\"><img loading=\"lazy\" decoding=\"async\" width=\"1024\" height=\"609\" src=\"https:\/\/www.smd-led.pl\/blog\/wp-content\/uploads\/2021\/01\/tasma-led-w-profilu-czy-bez-4.jpg\" class=\"cat-slider-02__img wp-post-image\" alt=\"tasma-led-w-profilu-czy-bez\" \/><\/div><\/a><a href=\"https:\/\/www.smd-led.pl\/blog\/tasma-led-w-profilu-czy-bez\/\" class=\"cat-slider-02__link\"><div class=\"cat-slider-02__heading-box\"><p class=\"cat-slider-02__post-title\">Ta\u015bma LED w profilu czy bez?<\/p><p>Podczas gdy ta\u015bmy ledowe staj\u0105 si\u0119 coraz popularniejszym rozwi\u0105zaniem o\u015bwietleniowym, coraz cz\u0119\u015bciej zadajemy sobie pytanie [&hellip;]<\/p>\n<\/div><\/a><\/div><div class=\"cat-slider-02__slide\"><a href=\"https:\/\/www.smd-led.pl\/blog\/neon-na-sciane-czyli-efektowna-dekoracyjna\/\" class=\"cat-slider-02__link\"><div class=\"cat-slider-02__img-box\"><img loading=\"lazy\" decoding=\"async\" width=\"1024\" height=\"682\" src=\"https:\/\/www.smd-led.pl\/blog\/wp-content\/uploads\/2020\/07\/napis-neonowy.jpg\" class=\"cat-slider-02__img wp-post-image\" alt=\"Napis neonowy\" \/><\/div><\/a><a href=\"https:\/\/www.smd-led.pl\/blog\/neon-na-sciane-czyli-efektowna-dekoracyjna\/\" class=\"cat-slider-02__link\"><div class=\"cat-slider-02__heading-box\"><p class=\"cat-slider-02__post-title\">Neon na \u015bcian\u0119, czyli efektowna dekoracyjna<\/p><p>Neon na \u015bcian\u0119 obecnie prze\u017cywa drug\u0105 m\u0142od\u015b\u0107. Charakterystyczne dla ulic w latach 50-70 ubieg\u0142ego wieku, [&hellip;]<\/p>\n<\/div><\/a><\/div><div class=\"cat-slider-02__slide\"><a href=\"https:\/\/www.smd-led.pl\/blog\/jak-podlaczyc-tasme-led-pod-schodami\/\" class=\"cat-slider-02__link\"><div class=\"cat-slider-02__img-box\"><img loading=\"lazy\" decoding=\"async\" width=\"960\" height=\"640\" src=\"https:\/\/www.smd-led.pl\/blog\/wp-content\/uploads\/2019\/08\/stairs-2292830_960_720.jpg\" class=\"cat-slider-02__img wp-post-image\" alt=\"jak podlaczyc tasme led pod schodami\" \/><\/div><\/a><a href=\"https:\/\/www.smd-led.pl\/blog\/jak-podlaczyc-tasme-led-pod-schodami\/\" class=\"cat-slider-02__link\"><div class=\"cat-slider-02__heading-box\"><p class=\"cat-slider-02__post-title\">Jak pod\u0142\u0105czy\u0107 ta\u015bm\u0119 LED pod schodami?<\/p><p>Przez wiele lat przed wynalezieniem technologii LED jedynym sensownym o\u015bwietleniem schod\u00f3w by\u0142o o\u015bwietlenie sufitowe lub [&hellip;]<\/p>\n<\/div><\/a><\/div><\/div><\/div><\/div><\/div>\n<p>Rozw\u00f3j techniki sprawi\u0142, \u017ce w naszych domach na dobre zago\u015bci\u0142y p\u0142askie telewizory. Umieszczone na \u015bcianie przesta\u0142y by\u0107 &#8222;gad\u017ceciarskim&#8221; elementem wystroju mieszkania, ale sta\u0142y si\u0119 og\u00f3lnie spotykanym standardem. Wykorzystuj\u0105c telewizor z LED-ami z ty\u0142u uzyskujemy wi\u0119ksz\u0105 elegancj\u0119, szerokie mo\u017cliwo\u015bci aran\u017cacyjne, lepszej jako\u015bci obraz, dbamy tak\u017ce o nasz wzrok. Rozw\u00f3j technologii LED sprawia, \u017ce <strong>o\u015bwietlenie LED do telewizora<\/strong> mo\u017cemy zainstalowa\u0107 ju\u017c niewielkim kosztem i nak\u0142adem si\u0142. Cieszy\u0107 si\u0119 dzi\u0119ki temu mo\u017cemy zupe\u0142nie now\u0105 jako\u015bci\u0105 sp\u0119dzania czasu przed ekranem naszego \u201enowego\u201d telewizora.<\/p>\n<p><img loading=\"lazy\" decoding=\"async\" class=\"aligncenter size-full wp-image-2554\" src=\"https:\/\/www.smd-led.pl\/blog\/wp-content\/uploads\/2020\/02\/ledy-na-telewizor.jpg\" alt=\"Ledy na telewizor\" width=\"640\" height=\"387\" \/><\/p>\n","protected":false},"excerpt":{"rendered":"<p>Ekran telewizora emituje du\u017c\u0105 ilo\u015b\u0107 \u015bwiat\u0142a, a jednocze\u015bnie za telewizorem pozostaje ciemno\u015b\u0107. W takiej sytuacji [&hellip;]<\/p>\n","protected":false},"author":7,"featured_media":2553,"comment_status":"closed","ping_status":"closed","sticky":false,"template":"","format":"standard","meta":{"inline_featured_image":false,"footnotes":""},"categories":[34,78],"tags":[],"class_list":["post-2549","post","type-post","status-publish","format-standard","has-post-thumbnail","hentry","category-poradnik-led","category-telewizor-wewnetrzne-kategorie"],"acf":[],"yoast_head":"<!-- This site is optimized with the Yoast SEO Premium plugin v26.8 (Yoast SEO v26.8) - https:\/\/yoast.com\/product\/yoast-seo-premium-wordpress\/ -->\n<title>Pod\u015bwietlenie telewizora, czyli nowy trend w o\u015bwietleniu - SMD-LED<\/title>\n<meta name=\"description\" content=\"Pod\u015bwietlenie telewizora poprawi nasz komfort ogl\u0105dania telewizji, czy grania na konsoli. Sprawd\u017a jakie Ledy za TV wybra\u0107.\" \/>\n<meta name=\"robots\" content=\"index, follow, max-snippet:-1, max-image-preview:large, max-video-preview:-1\" \/>\n<link rel=\"canonical\" href=\"https:\/\/www.smd-led.pl\/blog\/podswietlenie-telewizora-czyli-nowy-trend\/\" \/>\n<meta property=\"og:locale\" content=\"pl_PL\" \/>\n<meta property=\"og:type\" content=\"article\" \/>\n<meta property=\"og:title\" content=\"Pod\u015bwietlenie telewizora, czyli nowy trend\" \/>\n<meta property=\"og:description\" content=\"Pod\u015bwietlenie telewizora poprawi nasz komfort ogl\u0105dania telewizji, czy grania na konsoli. Sprawd\u017a jakie Ledy za TV wybra\u0107.\" \/>\n<meta property=\"og:url\" content=\"https:\/\/www.smd-led.pl\/blog\/podswietlenie-telewizora-czyli-nowy-trend\/\" \/>\n<meta property=\"og:site_name\" content=\"SMD-LED\" \/>\n<meta property=\"article:published_time\" content=\"2020-02-27T11:51:53+00:00\" \/>\n<meta property=\"article:modified_time\" content=\"2024-01-15T13:40:07+00:00\" \/>\n<meta property=\"og:image\" content=\"https:\/\/www.smd-led.pl\/blog\/wp-content\/uploads\/2020\/02\/podswietlenie-tv.jpg\" \/>\n\t<meta property=\"og:image:width\" content=\"800\" \/>\n\t<meta property=\"og:image:height\" content=\"600\" \/>\n\t<meta property=\"og:image:type\" content=\"image\/jpeg\" \/>\n<meta name=\"author\" content=\"Marcin Pietrasik\" \/>\n<meta name=\"twitter:card\" content=\"summary_large_image\" \/>\n<meta name=\"twitter:label1\" content=\"Napisane przez\" \/>\n\t<meta name=\"twitter:data1\" content=\"Marcin Pietrasik\" \/>\n\t<meta name=\"twitter:label2\" content=\"Szacowany czas czytania\" \/>\n\t<meta name=\"twitter:data2\" content=\"8 minut\" \/>\n<script type=\"application\/ld+json\" class=\"yoast-schema-graph\">{\"@context\":\"https:\/\/schema.org\",\"@graph\":[{\"@type\":\"Article\",\"@id\":\"https:\/\/www.smd-led.pl\/blog\/podswietlenie-telewizora-czyli-nowy-trend\/#article\",\"isPartOf\":{\"@id\":\"https:\/\/www.smd-led.pl\/blog\/podswietlenie-telewizora-czyli-nowy-trend\/\"},\"author\":{\"name\":\"Marcin Pietrasik\",\"@id\":\"https:\/\/www.smd-led.pl\/blog\/#\/schema\/person\/887fa24be503d7ae726f67021d1623f5\"},\"headline\":\"Pod\u015bwietlenie telewizora, czyli nowy trend\",\"datePublished\":\"2020-02-27T11:51:53+00:00\",\"dateModified\":\"2024-01-15T13:40:07+00:00\",\"mainEntityOfPage\":{\"@id\":\"https:\/\/www.smd-led.pl\/blog\/podswietlenie-telewizora-czyli-nowy-trend\/\"},\"wordCount\":1240,\"image\":{\"@id\":\"https:\/\/www.smd-led.pl\/blog\/podswietlenie-telewizora-czyli-nowy-trend\/#primaryimage\"},\"thumbnailUrl\":\"https:\/\/www.smd-led.pl\/blog\/wp-content\/uploads\/2020\/02\/podswietlenie-tv.jpg\",\"articleSection\":[\"Poradnik LED\",\"Telewizor\"],\"inLanguage\":\"pl-PL\"},{\"@type\":\"WebPage\",\"@id\":\"https:\/\/www.smd-led.pl\/blog\/podswietlenie-telewizora-czyli-nowy-trend\/\",\"url\":\"https:\/\/www.smd-led.pl\/blog\/podswietlenie-telewizora-czyli-nowy-trend\/\",\"name\":\"Pod\u015bwietlenie telewizora, czyli nowy trend w o\u015bwietleniu - SMD-LED\",\"isPartOf\":{\"@id\":\"https:\/\/www.smd-led.pl\/blog\/#website\"},\"primaryImageOfPage\":{\"@id\":\"https:\/\/www.smd-led.pl\/blog\/podswietlenie-telewizora-czyli-nowy-trend\/#primaryimage\"},\"image\":{\"@id\":\"https:\/\/www.smd-led.pl\/blog\/podswietlenie-telewizora-czyli-nowy-trend\/#primaryimage\"},\"thumbnailUrl\":\"https:\/\/www.smd-led.pl\/blog\/wp-content\/uploads\/2020\/02\/podswietlenie-tv.jpg\",\"datePublished\":\"2020-02-27T11:51:53+00:00\",\"dateModified\":\"2024-01-15T13:40:07+00:00\",\"author\":{\"@id\":\"https:\/\/www.smd-led.pl\/blog\/#\/schema\/person\/887fa24be503d7ae726f67021d1623f5\"},\"description\":\"Pod\u015bwietlenie telewizora poprawi nasz komfort ogl\u0105dania telewizji, czy grania na konsoli. Sprawd\u017a jakie Ledy za TV wybra\u0107.\",\"breadcrumb\":{\"@id\":\"https:\/\/www.smd-led.pl\/blog\/podswietlenie-telewizora-czyli-nowy-trend\/#breadcrumb\"},\"inLanguage\":\"pl-PL\",\"potentialAction\":[{\"@type\":\"ReadAction\",\"target\":[\"https:\/\/www.smd-led.pl\/blog\/podswietlenie-telewizora-czyli-nowy-trend\/\"]}]},{\"@type\":\"ImageObject\",\"inLanguage\":\"pl-PL\",\"@id\":\"https:\/\/www.smd-led.pl\/blog\/podswietlenie-telewizora-czyli-nowy-trend\/#primaryimage\",\"url\":\"https:\/\/www.smd-led.pl\/blog\/wp-content\/uploads\/2020\/02\/podswietlenie-tv.jpg\",\"contentUrl\":\"https:\/\/www.smd-led.pl\/blog\/wp-content\/uploads\/2020\/02\/podswietlenie-tv.jpg\",\"width\":800,\"height\":600,\"caption\":\"Pod\u015bwietlenie \u015bciany diodami LED\"},{\"@type\":\"BreadcrumbList\",\"@id\":\"https:\/\/www.smd-led.pl\/blog\/podswietlenie-telewizora-czyli-nowy-trend\/#breadcrumb\",\"itemListElement\":[{\"@type\":\"ListItem\",\"position\":1,\"name\":\"Strona g\u0142\u00f3wna\",\"item\":\"https:\/\/www.smd-led.pl\/blog\/\"},{\"@type\":\"ListItem\",\"position\":2,\"name\":\"Pod\u015bwietlenie telewizora, czyli nowy trend\"}]},{\"@type\":\"WebSite\",\"@id\":\"https:\/\/www.smd-led.pl\/blog\/#website\",\"url\":\"https:\/\/www.smd-led.pl\/blog\/\",\"name\":\"SMD-LED\",\"description\":\"O\u015bwietlenie Led do domu i przemys\u0142u porady, testy i opinie ekspert\u00f3w\",\"potentialAction\":[{\"@type\":\"SearchAction\",\"target\":{\"@type\":\"EntryPoint\",\"urlTemplate\":\"https:\/\/www.smd-led.pl\/blog\/?s={search_term_string}\"},\"query-input\":{\"@type\":\"PropertyValueSpecification\",\"valueRequired\":true,\"valueName\":\"search_term_string\"}}],\"inLanguage\":\"pl-PL\"},{\"@type\":\"Person\",\"@id\":\"https:\/\/www.smd-led.pl\/blog\/#\/schema\/person\/887fa24be503d7ae726f67021d1623f5\",\"name\":\"Marcin Pietrasik\",\"image\":{\"@type\":\"ImageObject\",\"inLanguage\":\"pl-PL\",\"@id\":\"https:\/\/www.smd-led.pl\/blog\/#\/schema\/person\/image\/\",\"url\":\"https:\/\/secure.gravatar.com\/avatar\/c886f4ccbb5c83b665ee8b66f0b3401128439bc832dca6389b6e67c6bdc3d38b?s=96&d=mm&r=g\",\"contentUrl\":\"https:\/\/secure.gravatar.com\/avatar\/c886f4ccbb5c83b665ee8b66f0b3401128439bc832dca6389b6e67c6bdc3d38b?s=96&d=mm&r=g\",\"caption\":\"Marcin Pietrasik\"},\"url\":\"https:\/\/www.smd-led.pl\/blog\/author\/mpietrasik\/\"}]}<\/script>\n<!-- \/ Yoast SEO Premium plugin. -->","yoast_head_json":{"title":"Pod\u015bwietlenie telewizora, czyli nowy trend w o\u015bwietleniu - SMD-LED","description":"Pod\u015bwietlenie telewizora poprawi nasz komfort ogl\u0105dania telewizji, czy grania na konsoli. Sprawd\u017a jakie Ledy za TV wybra\u0107.","robots":{"index":"index","follow":"follow","max-snippet":"max-snippet:-1","max-image-preview":"max-image-preview:large","max-video-preview":"max-video-preview:-1"},"canonical":"https:\/\/www.smd-led.pl\/blog\/podswietlenie-telewizora-czyli-nowy-trend\/","og_locale":"pl_PL","og_type":"article","og_title":"Pod\u015bwietlenie telewizora, czyli nowy trend","og_description":"Pod\u015bwietlenie telewizora poprawi nasz komfort ogl\u0105dania telewizji, czy grania na konsoli. Sprawd\u017a jakie Ledy za TV wybra\u0107.","og_url":"https:\/\/www.smd-led.pl\/blog\/podswietlenie-telewizora-czyli-nowy-trend\/","og_site_name":"SMD-LED","article_published_time":"2020-02-27T11:51:53+00:00","article_modified_time":"2024-01-15T13:40:07+00:00","og_image":[{"width":800,"height":600,"url":"https:\/\/www.smd-led.pl\/blog\/wp-content\/uploads\/2020\/02\/podswietlenie-tv.jpg","type":"image\/jpeg"}],"author":"Marcin Pietrasik","twitter_card":"summary_large_image","twitter_misc":{"Napisane przez":"Marcin Pietrasik","Szacowany czas czytania":"8 minut"},"schema":{"@context":"https:\/\/schema.org","@graph":[{"@type":"Article","@id":"https:\/\/www.smd-led.pl\/blog\/podswietlenie-telewizora-czyli-nowy-trend\/#article","isPartOf":{"@id":"https:\/\/www.smd-led.pl\/blog\/podswietlenie-telewizora-czyli-nowy-trend\/"},"author":{"name":"Marcin Pietrasik","@id":"https:\/\/www.smd-led.pl\/blog\/#\/schema\/person\/887fa24be503d7ae726f67021d1623f5"},"headline":"Pod\u015bwietlenie telewizora, czyli nowy trend","datePublished":"2020-02-27T11:51:53+00:00","dateModified":"2024-01-15T13:40:07+00:00","mainEntityOfPage":{"@id":"https:\/\/www.smd-led.pl\/blog\/podswietlenie-telewizora-czyli-nowy-trend\/"},"wordCount":1240,"image":{"@id":"https:\/\/www.smd-led.pl\/blog\/podswietlenie-telewizora-czyli-nowy-trend\/#primaryimage"},"thumbnailUrl":"https:\/\/www.smd-led.pl\/blog\/wp-content\/uploads\/2020\/02\/podswietlenie-tv.jpg","articleSection":["Poradnik LED","Telewizor"],"inLanguage":"pl-PL"},{"@type":"WebPage","@id":"https:\/\/www.smd-led.pl\/blog\/podswietlenie-telewizora-czyli-nowy-trend\/","url":"https:\/\/www.smd-led.pl\/blog\/podswietlenie-telewizora-czyli-nowy-trend\/","name":"Pod\u015bwietlenie telewizora, czyli nowy trend w o\u015bwietleniu - SMD-LED","isPartOf":{"@id":"https:\/\/www.smd-led.pl\/blog\/#website"},"primaryImageOfPage":{"@id":"https:\/\/www.smd-led.pl\/blog\/podswietlenie-telewizora-czyli-nowy-trend\/#primaryimage"},"image":{"@id":"https:\/\/www.smd-led.pl\/blog\/podswietlenie-telewizora-czyli-nowy-trend\/#primaryimage"},"thumbnailUrl":"https:\/\/www.smd-led.pl\/blog\/wp-content\/uploads\/2020\/02\/podswietlenie-tv.jpg","datePublished":"2020-02-27T11:51:53+00:00","dateModified":"2024-01-15T13:40:07+00:00","author":{"@id":"https:\/\/www.smd-led.pl\/blog\/#\/schema\/person\/887fa24be503d7ae726f67021d1623f5"},"description":"Pod\u015bwietlenie telewizora poprawi nasz komfort ogl\u0105dania telewizji, czy grania na konsoli. Sprawd\u017a jakie Ledy za TV wybra\u0107.","breadcrumb":{"@id":"https:\/\/www.smd-led.pl\/blog\/podswietlenie-telewizora-czyli-nowy-trend\/#breadcrumb"},"inLanguage":"pl-PL","potentialAction":[{"@type":"ReadAction","target":["https:\/\/www.smd-led.pl\/blog\/podswietlenie-telewizora-czyli-nowy-trend\/"]}]},{"@type":"ImageObject","inLanguage":"pl-PL","@id":"https:\/\/www.smd-led.pl\/blog\/podswietlenie-telewizora-czyli-nowy-trend\/#primaryimage","url":"https:\/\/www.smd-led.pl\/blog\/wp-content\/uploads\/2020\/02\/podswietlenie-tv.jpg","contentUrl":"https:\/\/www.smd-led.pl\/blog\/wp-content\/uploads\/2020\/02\/podswietlenie-tv.jpg","width":800,"height":600,"caption":"Pod\u015bwietlenie \u015bciany diodami LED"},{"@type":"BreadcrumbList","@id":"https:\/\/www.smd-led.pl\/blog\/podswietlenie-telewizora-czyli-nowy-trend\/#breadcrumb","itemListElement":[{"@type":"ListItem","position":1,"name":"Strona g\u0142\u00f3wna","item":"https:\/\/www.smd-led.pl\/blog\/"},{"@type":"ListItem","position":2,"name":"Pod\u015bwietlenie telewizora, czyli nowy trend"}]},{"@type":"WebSite","@id":"https:\/\/www.smd-led.pl\/blog\/#website","url":"https:\/\/www.smd-led.pl\/blog\/","name":"SMD-LED","description":"O\u015bwietlenie Led do domu i przemys\u0142u porady, testy i opinie ekspert\u00f3w","potentialAction":[{"@type":"SearchAction","target":{"@type":"EntryPoint","urlTemplate":"https:\/\/www.smd-led.pl\/blog\/?s={search_term_string}"},"query-input":{"@type":"PropertyValueSpecification","valueRequired":true,"valueName":"search_term_string"}}],"inLanguage":"pl-PL"},{"@type":"Person","@id":"https:\/\/www.smd-led.pl\/blog\/#\/schema\/person\/887fa24be503d7ae726f67021d1623f5","name":"Marcin Pietrasik","image":{"@type":"ImageObject","inLanguage":"pl-PL","@id":"https:\/\/www.smd-led.pl\/blog\/#\/schema\/person\/image\/","url":"https:\/\/secure.gravatar.com\/avatar\/c886f4ccbb5c83b665ee8b66f0b3401128439bc832dca6389b6e67c6bdc3d38b?s=96&d=mm&r=g","contentUrl":"https:\/\/secure.gravatar.com\/avatar\/c886f4ccbb5c83b665ee8b66f0b3401128439bc832dca6389b6e67c6bdc3d38b?s=96&d=mm&r=g","caption":"Marcin Pietrasik"},"url":"https:\/\/www.smd-led.pl\/blog\/author\/mpietrasik\/"}]}},"_links":{"self":[{"href":"https:\/\/www.smd-led.pl\/blog\/wp-json\/wp\/v2\/posts\/2549","targetHints":{"allow":["GET"]}}],"collection":[{"href":"https:\/\/www.smd-led.pl\/blog\/wp-json\/wp\/v2\/posts"}],"about":[{"href":"https:\/\/www.smd-led.pl\/blog\/wp-json\/wp\/v2\/types\/post"}],"author":[{"embeddable":true,"href":"https:\/\/www.smd-led.pl\/blog\/wp-json\/wp\/v2\/users\/7"}],"replies":[{"embeddable":true,"href":"https:\/\/www.smd-led.pl\/blog\/wp-json\/wp\/v2\/comments?post=2549"}],"version-history":[{"count":3,"href":"https:\/\/www.smd-led.pl\/blog\/wp-json\/wp\/v2\/posts\/2549\/revisions"}],"predecessor-version":[{"id":12058,"href":"https:\/\/www.smd-led.pl\/blog\/wp-json\/wp\/v2\/posts\/2549\/revisions\/12058"}],"wp:featuredmedia":[{"embeddable":true,"href":"https:\/\/www.smd-led.pl\/blog\/wp-json\/wp\/v2\/media\/2553"}],"wp:attachment":[{"href":"https:\/\/www.smd-led.pl\/blog\/wp-json\/wp\/v2\/media?parent=2549"}],"wp:term":[{"taxonomy":"category","embeddable":true,"href":"https:\/\/www.smd-led.pl\/blog\/wp-json\/wp\/v2\/categories?post=2549"},{"taxonomy":"post_tag","embeddable":true,"href":"https:\/\/www.smd-led.pl\/blog\/wp-json\/wp\/v2\/tags?post=2549"}],"curies":[{"name":"wp","href":"https:\/\/api.w.org\/{rel}","templated":true}]}}