{"id":4307,"date":"2018-09-24T18:03:34","date_gmt":"2018-09-24T16:03:34","guid":{"rendered":"https:\/\/www.smd-led.pl\/blog\/?p=57"},"modified":"2024-01-16T13:28:19","modified_gmt":"2024-01-16T12:28:19","slug":"jak-oswietlic-pokoj-dziecka","status":"publish","type":"post","link":"https:\/\/www.smd-led.pl\/blog\/jak-oswietlic-pokoj-dziecka\/","title":{"rendered":"Jak o\u015bwietli\u0107 pok\u00f3j dziecka?"},"content":{"rendered":"<p style=\"text-align: justify;\"><span style=\"font-size: 14pt;\"><strong>Jak o\u015bwietli\u0107 pok\u00f3j dziecka,<\/strong> aby by\u0142 nie tylko funkcjonalny, ale r\u00f3wnie\u017c przyjazny? W dzieci\u0119cym pokoju w zale\u017cno\u015bci od wieku naszej pociechy potrzebujemy kilku r\u00f3\u017cnych \u017ar\u00f3de\u0142 \u015bwiat\u0142a. Zmienia si\u0119 to z wiekiem, dlatego odpowiednie rozplanowanie jest tak istotne. Planuj\u0105c <strong>o\u015bwietlenie do pokoju dziecka<\/strong>, powinni\u015bmy wzi\u0105\u0107 pod uwag\u0119 kilka r\u00f3\u017cnych aspekt\u00f3w. Przede wszystkim podzielimy pok\u00f3j na kilka r\u00f3\u017cnych sekcji, w zale\u017cno\u015bci od funkcji, jak\u0105 musz\u0105 spe\u0142nia\u0107. Dzieci\u0119cy pok\u00f3j to nie tylko miejsce, w kt\u00f3rym ono \u015bpi czy odrabia lekcj\u0119, ale tak\u017ce plac zabaw, miejsce spotka\u0144 z przyjaci\u00f3\u0142mi i bezpieczny azyl. Do o\u015bwietlenia pokoju dziecka mo\u017cemy wykorzysta\u0107 dekoracyjne<a href=\"https:\/\/www.smd-led.pl\/lampy-wiszace-dzieciece\"> lampy wisz\u0105ce. <\/a>W poni\u017cszym artykule postaramy si\u0119 pom\u00f3c zadecydowa\u0107 <em>jak o\u015bwietli\u0107 pok\u00f3j dziecka,<\/em>\u00a0aby spe\u0142nia\u0142 wszystkie powy\u017csze funkcje.\u00a0<\/span><\/p>\n<div id=\"attachment_14441\" style=\"width: 1210px\" class=\"wp-caption aligncenter\"><img loading=\"lazy\" decoding=\"async\" aria-describedby=\"caption-attachment-14441\" class=\"size-full wp-image-14441\" src=\"https:\/\/www.smd-led.pl\/blog\/wp-content\/uploads\/2023\/11\/Jaka-barwa-swiatla-jest-odpowiednia-do-pokoju-dziecka.png\" alt=\"Jaka barwa \u015bwiat\u0142a jest odpowiednia do pokoju dziecka\" width=\"1200\" height=\"600\" srcset=\"https:\/\/www.smd-led.pl\/blog\/wp-content\/uploads\/2023\/11\/Jaka-barwa-swiatla-jest-odpowiednia-do-pokoju-dziecka.png 1200w, https:\/\/www.smd-led.pl\/blog\/wp-content\/uploads\/2023\/11\/Jaka-barwa-swiatla-jest-odpowiednia-do-pokoju-dziecka-300x150.png 300w, https:\/\/www.smd-led.pl\/blog\/wp-content\/uploads\/2023\/11\/Jaka-barwa-swiatla-jest-odpowiednia-do-pokoju-dziecka-1024x512.png 1024w, https:\/\/www.smd-led.pl\/blog\/wp-content\/uploads\/2023\/11\/Jaka-barwa-swiatla-jest-odpowiednia-do-pokoju-dziecka-768x384.png 768w\" sizes=\"auto, (max-width: 1200px) 100vw, 1200px\" \/><p id=\"caption-attachment-14441\" class=\"wp-caption-text\">Jaka barwa \u015bwiat\u0142a jest odpowiednia do pokoju dziecka<\/p><\/div>\n<div class=\"mceTemp\"><\/div>\n<h2 style=\"text-align: center;\"><span style=\"font-size: 24pt; color: #ff0000;\"><b style=\"color: #ff0000; font-size: 24pt;\">Lampy kt\u00f3re najcz\u0119\u015bciej s\u0105 wybierane do pokoju dziecka<\/b><b style=\"color: #ff0000; font-size: 24pt;\">: <\/b><\/span><span style=\"font-size: 24pt; color: #ff0000;\"><b style=\"color: #ff0000; font-size: 24pt;\">Lampy wisz\u0105ce, <\/b><\/span><span style=\"font-size: 24pt; color: #ff0000;\"><b style=\"color: #ff0000; font-size: 24pt;\">Lampy sufitowe, Lampki biurkowe<\/b><\/span><\/h2>\n<div class=\"call-to-action-07\"><div class=\"call-to-action-07__product-box\"><img decoding=\"async\" src=\"https:\/\/www.smd-led.pl\/blog\/wp-content\/uploads\/2023\/12\/lampa-wiszaca-mis-1xe27.jpg\" alt=\"lampa-wiszaca-mis-1xe27\" \/><span class=\"call-to-action-07__product-title\">Lampy wisz\u0105ce dzieci\u0119ce<\/span><a href=\"https:\/\/www.smd-led.pl\/lampy-wiszace-dzieciece\" class=\"button\" id=\"lampy_dziecko_kategorie\" target=\"_self\">Zobacz produkty<\/a><\/div><div class=\"call-to-action-07__product-box\"><img decoding=\"async\" src=\"https:\/\/www.smd-led.pl\/blog\/wp-content\/uploads\/2023\/12\/lampa-sufitowa-star-3xe27.webp\" alt=\"Lampa sufitowa\" \/><span class=\"call-to-action-07__product-title\">Lampa sufitowa<\/span><a href=\"https:\/\/www.smd-led.pl\/lampa-sufitowa\" class=\"button\" id=\"lampy_dziecko_kategorie\" target=\"_self\">Zobacz produkty<\/a><\/div><div class=\"call-to-action-07__product-box\"><img decoding=\"async\" src=\"https:\/\/www.smd-led.pl\/blog\/wp-content\/uploads\/2023\/12\/Projekt-bez-nazwy-10.png\" alt=\"Lampka biurkowa dla dzieci\" \/><span class=\"call-to-action-07__product-title\">Lampka biurkowa dla dzieci<\/span><a href=\"https:\/\/www.smd-led.pl\/lampka-biurkowa-dla-dzieci\" class=\"button\" id=\"lampy_dziecko_kategorie\" target=\"_self\">Zobacz produkty<\/a><\/div><\/div>\n<h2>O\u015bwietlenie pokoju dziecka &#8211; co wybra\u0107<\/h2>\n<div id=\"attachment_103\" style=\"width: 810px\" class=\"wp-caption aligncenter\"><img loading=\"lazy\" decoding=\"async\" aria-describedby=\"caption-attachment-103\" class=\"wp-image-103\" src=\"https:\/\/www.smd-led.pl\/blog\/wp-content\/uploads\/2018\/09\/Jak-oswietlic-pokoj-dziecka-34.jpg\" alt=\"Jak o\u015bwietli\u0107 pok\u00f3j dziecka\" width=\"800\" height=\"533\" \/><p id=\"caption-attachment-103\" class=\"wp-caption-text\">Jak o\u015bwietli\u0107 pok\u00f3j dziecka<\/p><\/div>\n<p style=\"text-align: justify;\"><span style=\"font-size: 14pt;\">Na rynku o\u015bwietlenia mamy ogromny wyb\u00f3r lampek, kinkiet\u00f3w i innych rodzaj\u00f3w opraw skierowanych w\u0142a\u015bnie do najm\u0142odszych. Wybiera\u0107 mo\u017cemy z wszystkich kolor\u00f3w, kszta\u0142t\u00f3w i wzor\u00f3w. Kt\u00f3ry z nich wybierzemy, zale\u017cy od p\u0142ci i upodoba\u0144 naszych dzieci. Jednak\u017ce podejmuj\u0105c decyzj\u0119 o o\u015bwietleniu, warto wzi\u0105\u0107 pod uwag\u0119, \u017ce b\u0119dzie si\u0119 ono zmienia\u0107 wraz z wiekiem naszej pociechy. Mo\u017cemy zatem stworzy\u0107 funkcjonaln\u0105 baz\u0119 w postaci neutralnego o\u015bwietlenia g\u00f3rnego, kt\u00f3re zostanie niezmienne a postawi\u0107 na ciekawe rozwi\u0105zania w postaci drobnych akcent\u00f3w jak lampka nocna czy kinkiet.\u00a0 G\u00f3rne \u015bwiat\u0142o to <span class=\"mce-difficulty mce-long-sentence\">najwa\u017cniejsz\u0105<\/span> cz\u0119\u015b\u0107 <strong>o\u015bwietlenia w dzieci\u0119cym pokoju<\/strong>. S\u0142u\u017cy ono do zabawy, spotka\u0144 z kolegami czy do sprz\u0105tania. Wa\u017cnym jest, aby by\u0142o optymalnie rozmieszczone i r\u00f3wnomiernie rozchodzi\u0142o si\u0119 po ca\u0142ym pomieszczeniu. Sprawdza si\u0119 tutaj zar\u00f3wno r\u00f3wnolegle rozmieszczone halogeny czy te\u017c \u017cyrandole i lampy sufitowe, zainstalowane w centralnym punkcie pokoju. Mo\u017cemy wybra\u0107 neutralne lampy w postaci halogen\u00f3w, plafon\u00f3w czy paneli lub proste lampy wisz\u0105ce.\u00a0<\/span><\/p>\n<p>&nbsp;<\/p>\n<div id=\"attachment_501\" style=\"width: 520px\" class=\"wp-caption aligncenter\"><img loading=\"lazy\" decoding=\"async\" aria-describedby=\"caption-attachment-501\" class=\"wp-image-501\" src=\"https:\/\/www.smd-led.pl\/blog\/wp-content\/uploads\/2018\/09\/oswietlenie-w-pokoju-dziecka.jpg\" alt=\"Jak o\u015bwietli\u0107 pok\u00f3j dziecka\" width=\"510\" height=\"504\" \/><p id=\"caption-attachment-501\" class=\"wp-caption-text\">O\u015bwietlenie w pokoju dziecka<\/p><\/div>\n<h2>O\u015bwietlenie pokoju ma\u0142ego dziecka<\/h2>\n<p style=\"text-align: justify;\"><span style=\"font-size: 14pt;\">W przypadku ma\u0142ego dziecka mo\u017cemy oczywi\u015bcie postawi\u0107 na stworzenie bajkowej krainy dla dzieci i wymieni\u0107 ca\u0142o\u015b\u0107, gdy dziecko podro\u015bnie. Tutaj postawmy na oryginalne rozwi\u0105zania. \u015awietnie sprawdz\u0105 si\u0119 lampy z ulubionymi bajkowymi postaciami naszych pociech lub te zwi\u0105zane z rozwijaj\u0105cymi si\u0119 u nich zainteresowaniami. W ofertach znajdziemy lampki w kszta\u0142cie motylk\u00f3w, baletnic, samochod\u00f3w, samolot\u00f3w, pi\u0142ek itp. Producenci prze\u015bcigaj\u0105 si\u0119 w tworzeniu coraz to nowych wzor\u00f3w, wi\u0119c bez problemu znajdziesz to, co spodoba si\u0119 twojemu dziecku. Przy wyborze pami\u0119taj o dobraniu odpowiedniej mocy o\u015bwietlenia. W przypadku lampek z wymiennym \u017ar\u00f3d\u0142em \u015bwiat\u0142a nie mamy problemu, gdy\u017c dobieramy je sami. Przy wyborze lamp ze zintegrowanym \u017ar\u00f3d\u0142em \u015bwiat\u0142a sprawd\u017amy jego moc i barw\u0119 i zastan\u00f3wmy si\u0119, czy b\u0119dzie ono wystarczaj\u0105ce do spe\u0142nienia swojej funkcji.\u00a0<\/span><\/p>\n<div class=\"call-to-action-05\" style=\"background-image: url('https:\/\/www.smd-led.pl\/blog\/wp-content\/uploads\/2024\/01\/oswietlenie_led_do_podbitki_dachowej-6.png')\"><div class=\"call-to-action-05__info-box\"><div class=\"call-to-action-05__info\"><p class=\"call-to-action-05__txt\">Zobacz wi\u0119cej z kategorii<\/p><span class=\"call-to-action-05__cat-title\">Lampy wisz\u0105ce dzieci\u0119ce \u2013 \u015bwiat\u0142o, kt\u00f3re tworzy magiczny pok\u00f3j<\/span><a href=\"https:\/\/www.smd-led.pl\/lampy-wiszace-dzieciece\" class=\"button\" id=\"dziecko_5\" target=\"_self\">Zobacz produkt<\/a><\/div><\/div><\/div>\n<p style=\"text-align: center;\"><strong>Zobacz wi\u0119cej<\/strong><\/p>\n<div class=\"cat-slider-02\"><div class=\"cat-slider-02__box\"><div class=\"cat-slider-02__wrapper\"><p class=\"cat-slider-02__title\"><\/p><div class=\"cat-slider-02__slider\"><div class=\"cat-slider-02__slide\"><a href=\"https:\/\/www.smd-led.pl\/blog\/minimalistyczne-oswietlenie-led-lampy-w-stylu-minimalistycznym-do-wnetrz\/\" class=\"cat-slider-02__link\"><div class=\"cat-slider-02__img-box\"><img loading=\"lazy\" decoding=\"async\" width=\"1024\" height=\"559\" src=\"https:\/\/www.smd-led.pl\/blog\/wp-content\/uploads\/2026\/03\/2026-03-23-minimalizm-hero-1024x559.png\" class=\"cat-slider-02__img wp-post-image\" alt=\"Minimalistyczne o\u015bwietlenie LED - linia \u015bwiat\u0142a w salonie\" srcset=\"https:\/\/www.smd-led.pl\/blog\/wp-content\/uploads\/2026\/03\/2026-03-23-minimalizm-hero-1024x559.png 1024w, https:\/\/www.smd-led.pl\/blog\/wp-content\/uploads\/2026\/03\/2026-03-23-minimalizm-hero-300x164.png 300w, https:\/\/www.smd-led.pl\/blog\/wp-content\/uploads\/2026\/03\/2026-03-23-minimalizm-hero-768x419.png 768w, https:\/\/www.smd-led.pl\/blog\/wp-content\/uploads\/2026\/03\/2026-03-23-minimalizm-hero-1536x838.png 1536w, https:\/\/www.smd-led.pl\/blog\/wp-content\/uploads\/2026\/03\/2026-03-23-minimalizm-hero-2048x1117.png 2048w\" sizes=\"auto, (max-width: 1024px) 100vw, 1024px\" \/><\/div><\/a><a href=\"https:\/\/www.smd-led.pl\/blog\/minimalistyczne-oswietlenie-led-lampy-w-stylu-minimalistycznym-do-wnetrz\/\" class=\"cat-slider-02__link\"><div class=\"cat-slider-02__heading-box\"><p class=\"cat-slider-02__post-title\">Minimalistyczne o\u015bwietlenie LED &#8211; lampy w stylu minimalistycznym do wn\u0119trz<\/p><p>Minimalistyczne o\u015bwietlenie LED &#8211; SMD-LED Minimalistyczne lampy wisz\u0105ce LED to odpowied\u017a na rosn\u0105ce zainteresowanie prostym [&hellip;]<\/p>\n<\/div><\/a><\/div><div class=\"cat-slider-02__slide\"><a href=\"https:\/\/www.smd-led.pl\/blog\/jak-oswietlic-balustrade-i-porecze-tarasu-swiatlem-led\/\" class=\"cat-slider-02__link\"><div class=\"cat-slider-02__img-box\"><img loading=\"lazy\" decoding=\"async\" width=\"1024\" height=\"559\" src=\"https:\/\/www.smd-led.pl\/blog\/wp-content\/uploads\/2026\/03\/2026-04-balustrada-hero-1024x559.png\" class=\"cat-slider-02__img wp-post-image\" alt=\"balustrada hero\" srcset=\"https:\/\/www.smd-led.pl\/blog\/wp-content\/uploads\/2026\/03\/2026-04-balustrada-hero-1024x559.png 1024w, https:\/\/www.smd-led.pl\/blog\/wp-content\/uploads\/2026\/03\/2026-04-balustrada-hero-300x164.png 300w, https:\/\/www.smd-led.pl\/blog\/wp-content\/uploads\/2026\/03\/2026-04-balustrada-hero-768x419.png 768w, https:\/\/www.smd-led.pl\/blog\/wp-content\/uploads\/2026\/03\/2026-04-balustrada-hero-1536x838.png 1536w, https:\/\/www.smd-led.pl\/blog\/wp-content\/uploads\/2026\/03\/2026-04-balustrada-hero-2048x1117.png 2048w\" sizes=\"auto, (max-width: 1024px) 100vw, 1024px\" \/><\/div><\/a><a href=\"https:\/\/www.smd-led.pl\/blog\/jak-oswietlic-balustrade-i-porecze-tarasu-swiatlem-led\/\" class=\"cat-slider-02__link\"><div class=\"cat-slider-02__heading-box\"><p class=\"cat-slider-02__post-title\">Jak o\u015bwietli\u0107 balustrad\u0119 i por\u0119cze tarasu \u015bwiat\u0142em LED<\/p><p>Balustrada tarasowa z pod\u015bwietleniem LED pod pochwytem Balustrady LED to monta\u017c ta\u015bm, modu\u0142\u00f3w lub profili [&hellip;]<\/p>\n<\/div><\/a><\/div><div class=\"cat-slider-02__slide\"><a href=\"https:\/\/www.smd-led.pl\/blog\/oswietlenie-led-w-podlodze-montaz-profilu-floor8-i-floor12-w-jastrychu-i-zywicy-kompletny-przewodnik\/\" class=\"cat-slider-02__link\"><div class=\"cat-slider-02__img-box\"><img loading=\"lazy\" decoding=\"async\" width=\"1024\" height=\"559\" src=\"https:\/\/www.smd-led.pl\/blog\/wp-content\/uploads\/2026\/03\/cover-image-YYYY-03-Mar-13-2026-1yy7k_jQexOfTRiuf69-3vOxi2gZ7ztQS-1024x559.webp\" class=\"cat-slider-02__img wp-post-image\" alt=\"\" srcset=\"https:\/\/www.smd-led.pl\/blog\/wp-content\/uploads\/2026\/03\/cover-image-YYYY-03-Mar-13-2026-1yy7k_jQexOfTRiuf69-3vOxi2gZ7ztQS-1024x559.webp 1024w, https:\/\/www.smd-led.pl\/blog\/wp-content\/uploads\/2026\/03\/cover-image-YYYY-03-Mar-13-2026-1yy7k_jQexOfTRiuf69-3vOxi2gZ7ztQS-300x164.webp 300w, https:\/\/www.smd-led.pl\/blog\/wp-content\/uploads\/2026\/03\/cover-image-YYYY-03-Mar-13-2026-1yy7k_jQexOfTRiuf69-3vOxi2gZ7ztQS-768x419.webp 768w, https:\/\/www.smd-led.pl\/blog\/wp-content\/uploads\/2026\/03\/cover-image-YYYY-03-Mar-13-2026-1yy7k_jQexOfTRiuf69-3vOxi2gZ7ztQS.webp 1200w\" sizes=\"auto, (max-width: 1024px) 100vw, 1024px\" \/><\/div><\/a><a href=\"https:\/\/www.smd-led.pl\/blog\/oswietlenie-led-w-podlodze-montaz-profilu-floor8-i-floor12-w-jastrychu-i-zywicy-kompletny-przewodnik\/\" class=\"cat-slider-02__link\"><div class=\"cat-slider-02__heading-box\"><p class=\"cat-slider-02__post-title\">O\u015bwietlenie LED w pod\u0142odze monta\u017c profilu FLOOR8 i FLOOR12 w jastrychu i \u017cywicy \u2013 kompletny przewodnik<\/p><p>O\u015bwietlenie w jastrychu z u\u017cyciem pod\u0142ogowych profili LED to innowacyjne rozwi\u0105zanie architektoniczne polegaj\u0105ce na zlicowaniu [&hellip;]<\/p>\n<\/div><\/a><\/div><div class=\"cat-slider-02__slide\"><a href=\"https:\/\/www.smd-led.pl\/blog\/oswietlenie-led-media-wall-kompletny-przewodnik\/\" class=\"cat-slider-02__link\"><div class=\"cat-slider-02__img-box\"><img loading=\"lazy\" decoding=\"async\" width=\"1024\" height=\"559\" src=\"https:\/\/www.smd-led.pl\/blog\/wp-content\/uploads\/2026\/03\/cover-image-YYYY-03-Mar-11-2026-1HGf-8Hrmhur4BgKa5GPYgRZwLgOxgEjp-1024x559.webp\" class=\"cat-slider-02__img wp-post-image\" alt=\"\" srcset=\"https:\/\/www.smd-led.pl\/blog\/wp-content\/uploads\/2026\/03\/cover-image-YYYY-03-Mar-11-2026-1HGf-8Hrmhur4BgKa5GPYgRZwLgOxgEjp-1024x559.webp 1024w, https:\/\/www.smd-led.pl\/blog\/wp-content\/uploads\/2026\/03\/cover-image-YYYY-03-Mar-11-2026-1HGf-8Hrmhur4BgKa5GPYgRZwLgOxgEjp-300x164.webp 300w, https:\/\/www.smd-led.pl\/blog\/wp-content\/uploads\/2026\/03\/cover-image-YYYY-03-Mar-11-2026-1HGf-8Hrmhur4BgKa5GPYgRZwLgOxgEjp-768x419.webp 768w, https:\/\/www.smd-led.pl\/blog\/wp-content\/uploads\/2026\/03\/cover-image-YYYY-03-Mar-11-2026-1HGf-8Hrmhur4BgKa5GPYgRZwLgOxgEjp.webp 1200w\" sizes=\"auto, (max-width: 1024px) 100vw, 1024px\" \/><\/div><\/a><a href=\"https:\/\/www.smd-led.pl\/blog\/oswietlenie-led-media-wall-kompletny-przewodnik\/\" class=\"cat-slider-02__link\"><div class=\"cat-slider-02__heading-box\"><p class=\"cat-slider-02__post-title\">O\u015bwietlenie LED media wall \u2013 kompletny przewodnik<\/p><p>O\u015bwietlenie LED media wall to innowacyjna \u015bciana wideo LED, \u0142\u0105cz\u0105ca standardowy ekran led z rozwi\u0105zaniami [&hellip;]<\/p>\n<\/div><\/a><\/div><div class=\"cat-slider-02__slide\"><a href=\"https:\/\/www.smd-led.pl\/blog\/profil-led-do-schodow-dywanowych-montaz-kompletny-przewodnik\/\" class=\"cat-slider-02__link\"><div class=\"cat-slider-02__img-box\"><img loading=\"lazy\" decoding=\"async\" width=\"1024\" height=\"559\" src=\"https:\/\/www.smd-led.pl\/blog\/wp-content\/uploads\/2026\/03\/cover-image-YYYY-03-Mar-9-2026-1uZKWDzshG0Qu-E3xglgtlaeVwCXLQkRk-1024x559.webp\" class=\"cat-slider-02__img wp-post-image\" alt=\"\" srcset=\"https:\/\/www.smd-led.pl\/blog\/wp-content\/uploads\/2026\/03\/cover-image-YYYY-03-Mar-9-2026-1uZKWDzshG0Qu-E3xglgtlaeVwCXLQkRk-1024x559.webp 1024w, https:\/\/www.smd-led.pl\/blog\/wp-content\/uploads\/2026\/03\/cover-image-YYYY-03-Mar-9-2026-1uZKWDzshG0Qu-E3xglgtlaeVwCXLQkRk-300x164.webp 300w, https:\/\/www.smd-led.pl\/blog\/wp-content\/uploads\/2026\/03\/cover-image-YYYY-03-Mar-9-2026-1uZKWDzshG0Qu-E3xglgtlaeVwCXLQkRk-768x419.webp 768w, https:\/\/www.smd-led.pl\/blog\/wp-content\/uploads\/2026\/03\/cover-image-YYYY-03-Mar-9-2026-1uZKWDzshG0Qu-E3xglgtlaeVwCXLQkRk.webp 1200w\" sizes=\"auto, (max-width: 1024px) 100vw, 1024px\" \/><\/div><\/a><a href=\"https:\/\/www.smd-led.pl\/blog\/profil-led-do-schodow-dywanowych-montaz-kompletny-przewodnik\/\" class=\"cat-slider-02__link\"><div class=\"cat-slider-02__heading-box\"><p class=\"cat-slider-02__post-title\">Profil LED do schod\u00f3w dywanowych monta\u017c \u2013 kompletny przewodnik<\/p><p>Wyfrezowany, starannie ukryty monta\u017c w stopniach samono\u015bnych to podstawa, by stworzy\u0107 dyskretne \u017ar\u00f3d\u0142o \u015bwiat\u0142a. Profesjonalne [&hellip;]<\/p>\n<\/div><\/a><\/div><div class=\"cat-slider-02__slide\"><a href=\"https:\/\/www.smd-led.pl\/blog\/oswietlenie-led-w-fugach-pod-prysznicem-kompletny-przewodnik\/\" class=\"cat-slider-02__link\"><div class=\"cat-slider-02__img-box\"><img loading=\"lazy\" decoding=\"async\" width=\"1024\" height=\"559\" src=\"https:\/\/www.smd-led.pl\/blog\/wp-content\/uploads\/2026\/03\/cover-image-YYYY-03-Mar-6-2026-1Cx4Rr4KLZTQfhKgH68syZE_vP3ZC7Z4x-1024x559.webp\" class=\"cat-slider-02__img wp-post-image\" alt=\"\" srcset=\"https:\/\/www.smd-led.pl\/blog\/wp-content\/uploads\/2026\/03\/cover-image-YYYY-03-Mar-6-2026-1Cx4Rr4KLZTQfhKgH68syZE_vP3ZC7Z4x-1024x559.webp 1024w, https:\/\/www.smd-led.pl\/blog\/wp-content\/uploads\/2026\/03\/cover-image-YYYY-03-Mar-6-2026-1Cx4Rr4KLZTQfhKgH68syZE_vP3ZC7Z4x-300x164.webp 300w, https:\/\/www.smd-led.pl\/blog\/wp-content\/uploads\/2026\/03\/cover-image-YYYY-03-Mar-6-2026-1Cx4Rr4KLZTQfhKgH68syZE_vP3ZC7Z4x-768x419.webp 768w, https:\/\/www.smd-led.pl\/blog\/wp-content\/uploads\/2026\/03\/cover-image-YYYY-03-Mar-6-2026-1Cx4Rr4KLZTQfhKgH68syZE_vP3ZC7Z4x.webp 1200w\" sizes=\"auto, (max-width: 1024px) 100vw, 1024px\" \/><\/div><\/a><a href=\"https:\/\/www.smd-led.pl\/blog\/oswietlenie-led-w-fugach-pod-prysznicem-kompletny-przewodnik\/\" class=\"cat-slider-02__link\"><div class=\"cat-slider-02__heading-box\"><p class=\"cat-slider-02__post-title\">O\u015bwietlenie LED w fugach pod prysznicem \u2013 kompletny przewodnik<\/p><p>O\u015bwietlenie LED w fugach pod prysznicem to nowoczesne rozwi\u0105zanie aran\u017cacyjne polegaj\u0105ce na monta\u017cu hermetycznych profili [&hellip;]<\/p>\n<\/div><\/a><\/div><div class=\"cat-slider-02__slide\"><a href=\"https:\/\/www.smd-led.pl\/blog\/oswietlenie-led-w-spizarni-kompletny-przewodnik\/\" class=\"cat-slider-02__link\"><div class=\"cat-slider-02__img-box\"><img loading=\"lazy\" decoding=\"async\" width=\"1024\" height=\"559\" src=\"https:\/\/www.smd-led.pl\/blog\/wp-content\/uploads\/2026\/03\/cover-image-YYYY-03-Mar-4-2026-1ZcsH_Zzfnm_cvBwwHZGarxNZfQEZxhlr-1024x559.webp\" class=\"cat-slider-02__img wp-post-image\" alt=\"\" srcset=\"https:\/\/www.smd-led.pl\/blog\/wp-content\/uploads\/2026\/03\/cover-image-YYYY-03-Mar-4-2026-1ZcsH_Zzfnm_cvBwwHZGarxNZfQEZxhlr-1024x559.webp 1024w, https:\/\/www.smd-led.pl\/blog\/wp-content\/uploads\/2026\/03\/cover-image-YYYY-03-Mar-4-2026-1ZcsH_Zzfnm_cvBwwHZGarxNZfQEZxhlr-300x164.webp 300w, https:\/\/www.smd-led.pl\/blog\/wp-content\/uploads\/2026\/03\/cover-image-YYYY-03-Mar-4-2026-1ZcsH_Zzfnm_cvBwwHZGarxNZfQEZxhlr-768x419.webp 768w, https:\/\/www.smd-led.pl\/blog\/wp-content\/uploads\/2026\/03\/cover-image-YYYY-03-Mar-4-2026-1ZcsH_Zzfnm_cvBwwHZGarxNZfQEZxhlr.webp 1200w\" sizes=\"auto, (max-width: 1024px) 100vw, 1024px\" \/><\/div><\/a><a href=\"https:\/\/www.smd-led.pl\/blog\/oswietlenie-led-w-spizarni-kompletny-przewodnik\/\" class=\"cat-slider-02__link\"><div class=\"cat-slider-02__heading-box\"><p class=\"cat-slider-02__post-title\">O\u015bwietlenie LED w spi\u017carni \u2013 kompletny przewodnik<\/p><p>O\u015bwietlenie LED w spi\u017carni \u2013 kompletny przewodnik to zbi\u00f3r zasad i technik pozwalaj\u0105cych przekszta\u0142ci\u0107 ciemny [&hellip;]<\/p>\n<\/div><\/a><\/div><div class=\"cat-slider-02__slide\"><a href=\"https:\/\/www.smd-led.pl\/blog\/oswietlenie-led-mebli-lewitujacych-kompletny-przewodnik\/\" class=\"cat-slider-02__link\"><div class=\"cat-slider-02__img-box\"><img loading=\"lazy\" decoding=\"async\" width=\"1024\" height=\"559\" src=\"https:\/\/www.smd-led.pl\/blog\/wp-content\/uploads\/2026\/03\/cover-image-YYYY-03-Mar-2-2026-1PhCzwqCXnVKH68VrYXTYETbj32cvk9TH-1024x559.webp\" class=\"cat-slider-02__img wp-post-image\" alt=\"\" srcset=\"https:\/\/www.smd-led.pl\/blog\/wp-content\/uploads\/2026\/03\/cover-image-YYYY-03-Mar-2-2026-1PhCzwqCXnVKH68VrYXTYETbj32cvk9TH-1024x559.webp 1024w, https:\/\/www.smd-led.pl\/blog\/wp-content\/uploads\/2026\/03\/cover-image-YYYY-03-Mar-2-2026-1PhCzwqCXnVKH68VrYXTYETbj32cvk9TH-300x164.webp 300w, https:\/\/www.smd-led.pl\/blog\/wp-content\/uploads\/2026\/03\/cover-image-YYYY-03-Mar-2-2026-1PhCzwqCXnVKH68VrYXTYETbj32cvk9TH-768x419.webp 768w, https:\/\/www.smd-led.pl\/blog\/wp-content\/uploads\/2026\/03\/cover-image-YYYY-03-Mar-2-2026-1PhCzwqCXnVKH68VrYXTYETbj32cvk9TH.webp 1200w\" sizes=\"auto, (max-width: 1024px) 100vw, 1024px\" \/><\/div><\/a><a href=\"https:\/\/www.smd-led.pl\/blog\/oswietlenie-led-mebli-lewitujacych-kompletny-przewodnik\/\" class=\"cat-slider-02__link\"><div class=\"cat-slider-02__heading-box\"><p class=\"cat-slider-02__post-title\">O\u015bwietlenie LED mebli lewituj\u0105cych \u2013 kompletny przewodnik<\/p><p>O\u015bwietlenie LED mebli lewituj\u0105cych to technika aran\u017cacyjna polegaj\u0105ca na monta\u017cu \u017ar\u00f3d\u0142a \u015bwiat\u0142a LED w coko\u0142ach [&hellip;]<\/p>\n<\/div><\/a><\/div><div class=\"cat-slider-02__slide\"><a href=\"https:\/\/www.smd-led.pl\/blog\/oswietlenie-led-salonu-inspiracje-na-przytulne-nastrojowe-wnetrze-zima\/\" class=\"cat-slider-02__link\"><div class=\"cat-slider-02__img-box\"><img loading=\"lazy\" decoding=\"async\" width=\"1024\" height=\"559\" src=\"https:\/\/www.smd-led.pl\/blog\/wp-content\/uploads\/2026\/02\/cover-image-YYYY-02-Feb-25-2026-1-yQL1V97MTCLpELIEj61EYnHz1dNp3JX-1024x559.webp\" class=\"cat-slider-02__img wp-post-image\" alt=\"\" srcset=\"https:\/\/www.smd-led.pl\/blog\/wp-content\/uploads\/2026\/02\/cover-image-YYYY-02-Feb-25-2026-1-yQL1V97MTCLpELIEj61EYnHz1dNp3JX-1024x559.webp 1024w, https:\/\/www.smd-led.pl\/blog\/wp-content\/uploads\/2026\/02\/cover-image-YYYY-02-Feb-25-2026-1-yQL1V97MTCLpELIEj61EYnHz1dNp3JX-300x164.webp 300w, https:\/\/www.smd-led.pl\/blog\/wp-content\/uploads\/2026\/02\/cover-image-YYYY-02-Feb-25-2026-1-yQL1V97MTCLpELIEj61EYnHz1dNp3JX-768x419.webp 768w, https:\/\/www.smd-led.pl\/blog\/wp-content\/uploads\/2026\/02\/cover-image-YYYY-02-Feb-25-2026-1-yQL1V97MTCLpELIEj61EYnHz1dNp3JX.webp 1200w\" sizes=\"auto, (max-width: 1024px) 100vw, 1024px\" \/><\/div><\/a><a href=\"https:\/\/www.smd-led.pl\/blog\/oswietlenie-led-salonu-inspiracje-na-przytulne-nastrojowe-wnetrze-zima\/\" class=\"cat-slider-02__link\"><div class=\"cat-slider-02__heading-box\"><p class=\"cat-slider-02__post-title\">O\u015bwietlenie LED salonu \u2013 inspiracje na przytulne, nastrojowe wn\u0119trze zim\u0105<\/p><p>O\u015bwietlenie LED salonu to system oparty na \u017ar\u00f3d\u0142ach \u015bwiat\u0142a LED \u2013 ta\u015bmach, panelach, \u017car\u00f3wkach i [&hellip;]<\/p>\n<\/div><\/a><\/div><div class=\"cat-slider-02__slide\"><a href=\"https:\/\/www.smd-led.pl\/blog\/profil-led-do-poreczy-montaz-kompletny-przewodnik\/\" class=\"cat-slider-02__link\"><div class=\"cat-slider-02__img-box\"><img loading=\"lazy\" decoding=\"async\" width=\"1024\" height=\"559\" src=\"https:\/\/www.smd-led.pl\/blog\/wp-content\/uploads\/2026\/02\/cover-image-YYYY-02-Feb-23-2026-1udrqWx4gN-SUbdaCI_9bvTJxp7PQVj0-1024x559.webp\" class=\"cat-slider-02__img wp-post-image\" alt=\"\" srcset=\"https:\/\/www.smd-led.pl\/blog\/wp-content\/uploads\/2026\/02\/cover-image-YYYY-02-Feb-23-2026-1udrqWx4gN-SUbdaCI_9bvTJxp7PQVj0-1024x559.webp 1024w, https:\/\/www.smd-led.pl\/blog\/wp-content\/uploads\/2026\/02\/cover-image-YYYY-02-Feb-23-2026-1udrqWx4gN-SUbdaCI_9bvTJxp7PQVj0-300x164.webp 300w, https:\/\/www.smd-led.pl\/blog\/wp-content\/uploads\/2026\/02\/cover-image-YYYY-02-Feb-23-2026-1udrqWx4gN-SUbdaCI_9bvTJxp7PQVj0-768x419.webp 768w, https:\/\/www.smd-led.pl\/blog\/wp-content\/uploads\/2026\/02\/cover-image-YYYY-02-Feb-23-2026-1udrqWx4gN-SUbdaCI_9bvTJxp7PQVj0.webp 1200w\" sizes=\"auto, (max-width: 1024px) 100vw, 1024px\" \/><\/div><\/a><a href=\"https:\/\/www.smd-led.pl\/blog\/profil-led-do-poreczy-montaz-kompletny-przewodnik\/\" class=\"cat-slider-02__link\"><div class=\"cat-slider-02__heading-box\"><p class=\"cat-slider-02__post-title\">Profil LED do por\u0119czy monta\u017c \u2013 kompletny przewodnik<\/p><p>Profil LED do por\u0119czy to specjalistyczny element monta\u017cowy wykonany z aluminium, s\u0142u\u017c\u0105cy do estetycznego i [&hellip;]<\/p>\n<\/div><\/a><\/div><div class=\"cat-slider-02__slide\"><a href=\"https:\/\/www.smd-led.pl\/blog\/profil-led-do-montazu-w-lustrze-lazienkowym-kompletny-przewodnik\/\" class=\"cat-slider-02__link\"><div class=\"cat-slider-02__img-box\"><img loading=\"lazy\" decoding=\"async\" width=\"1024\" height=\"1024\" src=\"https:\/\/www.smd-led.pl\/blog\/wp-content\/uploads\/2026\/02\/cover-image-YYYY-02-Feb-20-2026-1vKNqP1jzda4L3NTwG2tGxjdkzDHObmZn.webp\" class=\"cat-slider-02__img wp-post-image\" alt=\"\" srcset=\"https:\/\/www.smd-led.pl\/blog\/wp-content\/uploads\/2026\/02\/cover-image-YYYY-02-Feb-20-2026-1vKNqP1jzda4L3NTwG2tGxjdkzDHObmZn.webp 1024w, https:\/\/www.smd-led.pl\/blog\/wp-content\/uploads\/2026\/02\/cover-image-YYYY-02-Feb-20-2026-1vKNqP1jzda4L3NTwG2tGxjdkzDHObmZn-300x300.webp 300w, https:\/\/www.smd-led.pl\/blog\/wp-content\/uploads\/2026\/02\/cover-image-YYYY-02-Feb-20-2026-1vKNqP1jzda4L3NTwG2tGxjdkzDHObmZn-150x150.webp 150w, https:\/\/www.smd-led.pl\/blog\/wp-content\/uploads\/2026\/02\/cover-image-YYYY-02-Feb-20-2026-1vKNqP1jzda4L3NTwG2tGxjdkzDHObmZn-768x768.webp 768w\" sizes=\"auto, (max-width: 1024px) 100vw, 1024px\" \/><\/div><\/a><a href=\"https:\/\/www.smd-led.pl\/blog\/profil-led-do-montazu-w-lustrze-lazienkowym-kompletny-przewodnik\/\" class=\"cat-slider-02__link\"><div class=\"cat-slider-02__heading-box\"><p class=\"cat-slider-02__post-title\">Profil LED do monta\u017cu w lustrze \u0142azienkowym \u2013 kompletny przewodnik<\/p><p>Profil LED do monta\u017cu w lustrze \u0142azienkowym \u2013 kompletny przewodnik to specjalistyczna instrukcja doboru i [&hellip;]<\/p>\n<\/div><\/a><\/div><div class=\"cat-slider-02__slide\"><a href=\"https:\/\/www.smd-led.pl\/blog\/oswietlenie-led-wneki-na-zaslony-kompletny-przewodnik\/\" class=\"cat-slider-02__link\"><div class=\"cat-slider-02__img-box\"><img loading=\"lazy\" decoding=\"async\" width=\"1024\" height=\"559\" src=\"https:\/\/www.smd-led.pl\/blog\/wp-content\/uploads\/2026\/02\/cover-image-YYYY-02-Feb-18-2026-1FGha9-XKnznrc4Co_FI9eO6Ivg5a0opW-1024x559.webp\" class=\"cat-slider-02__img wp-post-image\" alt=\"\" srcset=\"https:\/\/www.smd-led.pl\/blog\/wp-content\/uploads\/2026\/02\/cover-image-YYYY-02-Feb-18-2026-1FGha9-XKnznrc4Co_FI9eO6Ivg5a0opW-1024x559.webp 1024w, https:\/\/www.smd-led.pl\/blog\/wp-content\/uploads\/2026\/02\/cover-image-YYYY-02-Feb-18-2026-1FGha9-XKnznrc4Co_FI9eO6Ivg5a0opW-300x164.webp 300w, https:\/\/www.smd-led.pl\/blog\/wp-content\/uploads\/2026\/02\/cover-image-YYYY-02-Feb-18-2026-1FGha9-XKnznrc4Co_FI9eO6Ivg5a0opW-768x419.webp 768w, https:\/\/www.smd-led.pl\/blog\/wp-content\/uploads\/2026\/02\/cover-image-YYYY-02-Feb-18-2026-1FGha9-XKnznrc4Co_FI9eO6Ivg5a0opW.webp 1200w\" sizes=\"auto, (max-width: 1024px) 100vw, 1024px\" \/><\/div><\/a><a href=\"https:\/\/www.smd-led.pl\/blog\/oswietlenie-led-wneki-na-zaslony-kompletny-przewodnik\/\" class=\"cat-slider-02__link\"><div class=\"cat-slider-02__heading-box\"><p class=\"cat-slider-02__post-title\">O\u015bwietlenie LED wn\u0119ki na zas\u0142ony \u2013 kompletny przewodnik<\/p><p>O\u015bwietlenie LED wn\u0119ki na zas\u0142ony to nowoczesna technika aran\u017cacyjna polegaj\u0105ca na monta\u017cu \u017ar\u00f3d\u0142a \u015bwiat\u0142a, najcz\u0119\u015bciej [&hellip;]<\/p>\n<\/div><\/a><\/div><div class=\"cat-slider-02__slide\"><a href=\"https:\/\/www.smd-led.pl\/blog\/oswietlenie-led-do-szafy-i-garderoby-kompletny-przewodnik\/\" class=\"cat-slider-02__link\"><div class=\"cat-slider-02__img-box\"><img loading=\"lazy\" decoding=\"async\" width=\"1024\" height=\"572\" src=\"https:\/\/www.smd-led.pl\/blog\/wp-content\/uploads\/2026\/02\/cover-image-YYYY-02-Feb-13-2026-1B44w6LmsaApQTFZ8CechRrhc8WE8WZiK-1024x572.webp\" class=\"cat-slider-02__img wp-post-image\" alt=\"\" srcset=\"https:\/\/www.smd-led.pl\/blog\/wp-content\/uploads\/2026\/02\/cover-image-YYYY-02-Feb-13-2026-1B44w6LmsaApQTFZ8CechRrhc8WE8WZiK-1024x572.webp 1024w, https:\/\/www.smd-led.pl\/blog\/wp-content\/uploads\/2026\/02\/cover-image-YYYY-02-Feb-13-2026-1B44w6LmsaApQTFZ8CechRrhc8WE8WZiK-300x168.webp 300w, https:\/\/www.smd-led.pl\/blog\/wp-content\/uploads\/2026\/02\/cover-image-YYYY-02-Feb-13-2026-1B44w6LmsaApQTFZ8CechRrhc8WE8WZiK-768x429.webp 768w, https:\/\/www.smd-led.pl\/blog\/wp-content\/uploads\/2026\/02\/cover-image-YYYY-02-Feb-13-2026-1B44w6LmsaApQTFZ8CechRrhc8WE8WZiK.webp 1200w\" sizes=\"auto, (max-width: 1024px) 100vw, 1024px\" \/><\/div><\/a><a href=\"https:\/\/www.smd-led.pl\/blog\/oswietlenie-led-do-szafy-i-garderoby-kompletny-przewodnik\/\" class=\"cat-slider-02__link\"><div class=\"cat-slider-02__heading-box\"><p class=\"cat-slider-02__post-title\">O\u015bwietlenie LED do szafy i garderoby \u2013 kompletny przewodnik<\/p><p>O\u015bwietlenie LED do szafy i garderoby to nowoczesny system, kt\u00f3ry zapewnia dok\u0142adne o\u015bwietlenie przestrzeni przechowywania, [&hellip;]<\/p>\n<\/div><\/a><\/div><div class=\"cat-slider-02__slide\"><a href=\"https:\/\/www.smd-led.pl\/blog\/profil-led-cieniowy-shadow-gap-montaz-kompletny-przewodnik\/\" class=\"cat-slider-02__link\"><div class=\"cat-slider-02__img-box\"><img loading=\"lazy\" decoding=\"async\" width=\"1024\" height=\"572\" src=\"https:\/\/www.smd-led.pl\/blog\/wp-content\/uploads\/2026\/02\/cover-image-YYYY-02-Feb-11-2026-1qTRw_riNS8Ik-OmA8x2H5sesdQd5y3dS-1024x572.webp\" class=\"cat-slider-02__img wp-post-image\" alt=\"\" srcset=\"https:\/\/www.smd-led.pl\/blog\/wp-content\/uploads\/2026\/02\/cover-image-YYYY-02-Feb-11-2026-1qTRw_riNS8Ik-OmA8x2H5sesdQd5y3dS-1024x572.webp 1024w, https:\/\/www.smd-led.pl\/blog\/wp-content\/uploads\/2026\/02\/cover-image-YYYY-02-Feb-11-2026-1qTRw_riNS8Ik-OmA8x2H5sesdQd5y3dS-300x168.webp 300w, https:\/\/www.smd-led.pl\/blog\/wp-content\/uploads\/2026\/02\/cover-image-YYYY-02-Feb-11-2026-1qTRw_riNS8Ik-OmA8x2H5sesdQd5y3dS-768x429.webp 768w, https:\/\/www.smd-led.pl\/blog\/wp-content\/uploads\/2026\/02\/cover-image-YYYY-02-Feb-11-2026-1qTRw_riNS8Ik-OmA8x2H5sesdQd5y3dS.webp 1200w\" sizes=\"auto, (max-width: 1024px) 100vw, 1024px\" \/><\/div><\/a><a href=\"https:\/\/www.smd-led.pl\/blog\/profil-led-cieniowy-shadow-gap-montaz-kompletny-przewodnik\/\" class=\"cat-slider-02__link\"><div class=\"cat-slider-02__heading-box\"><p class=\"cat-slider-02__post-title\">Profil LED cieniowy shadow gap monta\u017c \u2013 kompletny przewodnik<\/p><p>Profil LED cieniowy shadow gap monta\u017c to zaawansowana technika wyko\u0144czeniowa, polegaj\u0105ca na instalacji specjalistycznych profili [&hellip;]<\/p>\n<\/div><\/a><\/div><div class=\"cat-slider-02__slide\"><a href=\"https:\/\/www.smd-led.pl\/blog\/oswietlenie-led-piwniczki-na-wino-kompletny-przewodnik\/\" class=\"cat-slider-02__link\"><div class=\"cat-slider-02__img-box\"><img loading=\"lazy\" decoding=\"async\" width=\"1024\" height=\"559\" src=\"https:\/\/www.smd-led.pl\/blog\/wp-content\/uploads\/2026\/02\/cover-image-YYYY-02-Feb-6-2026-1V5CSbx_FvWq4E265Hr4ZIN_dr4HyJJwT-1024x559.webp\" class=\"cat-slider-02__img wp-post-image\" alt=\"\" srcset=\"https:\/\/www.smd-led.pl\/blog\/wp-content\/uploads\/2026\/02\/cover-image-YYYY-02-Feb-6-2026-1V5CSbx_FvWq4E265Hr4ZIN_dr4HyJJwT-1024x559.webp 1024w, https:\/\/www.smd-led.pl\/blog\/wp-content\/uploads\/2026\/02\/cover-image-YYYY-02-Feb-6-2026-1V5CSbx_FvWq4E265Hr4ZIN_dr4HyJJwT-300x164.webp 300w, https:\/\/www.smd-led.pl\/blog\/wp-content\/uploads\/2026\/02\/cover-image-YYYY-02-Feb-6-2026-1V5CSbx_FvWq4E265Hr4ZIN_dr4HyJJwT-768x419.webp 768w, https:\/\/www.smd-led.pl\/blog\/wp-content\/uploads\/2026\/02\/cover-image-YYYY-02-Feb-6-2026-1V5CSbx_FvWq4E265Hr4ZIN_dr4HyJJwT.webp 1200w\" sizes=\"auto, (max-width: 1024px) 100vw, 1024px\" \/><\/div><\/a><a href=\"https:\/\/www.smd-led.pl\/blog\/oswietlenie-led-piwniczki-na-wino-kompletny-przewodnik\/\" class=\"cat-slider-02__link\"><div class=\"cat-slider-02__heading-box\"><p class=\"cat-slider-02__post-title\">O\u015bwietlenie LED piwniczki na wino \u2013 kompletny przewodnik<\/p><p>O\u015bwietlenie LED piwniczki na wino \u2013 kompletny przewodnik to zbi\u00f3r zasad projektowania bezpiecznej i estetycznej [&hellip;]<\/p>\n<\/div><\/a><\/div><div class=\"cat-slider-02__slide\"><a href=\"https:\/\/www.smd-led.pl\/blog\/profil-led-do-szpachlowania-montaz-kompletny-przewodnik\/\" class=\"cat-slider-02__link\"><div class=\"cat-slider-02__img-box\"><img loading=\"lazy\" decoding=\"async\" width=\"1024\" height=\"559\" src=\"https:\/\/www.smd-led.pl\/blog\/wp-content\/uploads\/2026\/02\/cover-image-YYYY-02-Feb-4-2026-1-w4q8PEIOVh9M69I_qC6A3Xfs8HQUgIP-1024x559.webp\" class=\"cat-slider-02__img wp-post-image\" alt=\"\" srcset=\"https:\/\/www.smd-led.pl\/blog\/wp-content\/uploads\/2026\/02\/cover-image-YYYY-02-Feb-4-2026-1-w4q8PEIOVh9M69I_qC6A3Xfs8HQUgIP-1024x559.webp 1024w, https:\/\/www.smd-led.pl\/blog\/wp-content\/uploads\/2026\/02\/cover-image-YYYY-02-Feb-4-2026-1-w4q8PEIOVh9M69I_qC6A3Xfs8HQUgIP-300x164.webp 300w, https:\/\/www.smd-led.pl\/blog\/wp-content\/uploads\/2026\/02\/cover-image-YYYY-02-Feb-4-2026-1-w4q8PEIOVh9M69I_qC6A3Xfs8HQUgIP-768x419.webp 768w, https:\/\/www.smd-led.pl\/blog\/wp-content\/uploads\/2026\/02\/cover-image-YYYY-02-Feb-4-2026-1-w4q8PEIOVh9M69I_qC6A3Xfs8HQUgIP.webp 1200w\" sizes=\"auto, (max-width: 1024px) 100vw, 1024px\" \/><\/div><\/a><a href=\"https:\/\/www.smd-led.pl\/blog\/profil-led-do-szpachlowania-montaz-kompletny-przewodnik\/\" class=\"cat-slider-02__link\"><div class=\"cat-slider-02__heading-box\"><p class=\"cat-slider-02__post-title\">Profil LED do szpachlowania monta\u017c \u2013 kompletny przewodnik<\/p><p>Profil LED do szpachlowania monta\u017c to proces instalacji architektonicznych rozwi\u0105za\u0144 o\u015bwietleniowych, kt\u00f3ry pozwala uzyska\u0107 efekt [&hellip;]<\/p>\n<\/div><\/a><\/div><div class=\"cat-slider-02__slide\"><a href=\"https:\/\/www.smd-led.pl\/blog\/profil-led-do-plytek-montaz-kompletny-przewodnik\/\" class=\"cat-slider-02__link\"><div class=\"cat-slider-02__img-box\"><img loading=\"lazy\" decoding=\"async\" width=\"1024\" height=\"559\" src=\"https:\/\/www.smd-led.pl\/blog\/wp-content\/uploads\/2026\/02\/cover-image-YYYY-02-Feb-2-2026-1O6___F-FJwRWRRmHQrPptRhneHB-g2jq-1024x559.webp\" class=\"cat-slider-02__img wp-post-image\" alt=\"\" srcset=\"https:\/\/www.smd-led.pl\/blog\/wp-content\/uploads\/2026\/02\/cover-image-YYYY-02-Feb-2-2026-1O6___F-FJwRWRRmHQrPptRhneHB-g2jq-1024x559.webp 1024w, https:\/\/www.smd-led.pl\/blog\/wp-content\/uploads\/2026\/02\/cover-image-YYYY-02-Feb-2-2026-1O6___F-FJwRWRRmHQrPptRhneHB-g2jq-300x164.webp 300w, https:\/\/www.smd-led.pl\/blog\/wp-content\/uploads\/2026\/02\/cover-image-YYYY-02-Feb-2-2026-1O6___F-FJwRWRRmHQrPptRhneHB-g2jq-768x419.webp 768w, https:\/\/www.smd-led.pl\/blog\/wp-content\/uploads\/2026\/02\/cover-image-YYYY-02-Feb-2-2026-1O6___F-FJwRWRRmHQrPptRhneHB-g2jq.webp 1200w\" sizes=\"auto, (max-width: 1024px) 100vw, 1024px\" \/><\/div><\/a><a href=\"https:\/\/www.smd-led.pl\/blog\/profil-led-do-plytek-montaz-kompletny-przewodnik\/\" class=\"cat-slider-02__link\"><div class=\"cat-slider-02__heading-box\"><p class=\"cat-slider-02__post-title\">Profil LED do p\u0142ytek monta\u017c \u2013 kompletny przewodnik<\/p><p>Profil LED do p\u0142ytek monta\u017c \u2013 kompletny przewodnik to specjalistyczny proces integracji o\u015bwietlenia z powierzchni\u0105 [&hellip;]<\/p>\n<\/div><\/a><\/div><div class=\"cat-slider-02__slide\"><a href=\"https:\/\/www.smd-led.pl\/blog\/oswietlenie-szynowe-magnetyczne-48v-kompletny-przewodnik\/\" class=\"cat-slider-02__link\"><div class=\"cat-slider-02__img-box\"><img loading=\"lazy\" decoding=\"async\" width=\"1024\" height=\"572\" src=\"https:\/\/www.smd-led.pl\/blog\/wp-content\/uploads\/2026\/01\/cover-image-YYYY-01-Jan-21-2026-130Lvjs4grT1l5Ui7BF2-Seu6woLmvRPv-2-1024x572.webp\" class=\"cat-slider-02__img wp-post-image\" alt=\"\" srcset=\"https:\/\/www.smd-led.pl\/blog\/wp-content\/uploads\/2026\/01\/cover-image-YYYY-01-Jan-21-2026-130Lvjs4grT1l5Ui7BF2-Seu6woLmvRPv-2-1024x572.webp 1024w, https:\/\/www.smd-led.pl\/blog\/wp-content\/uploads\/2026\/01\/cover-image-YYYY-01-Jan-21-2026-130Lvjs4grT1l5Ui7BF2-Seu6woLmvRPv-2-300x168.webp 300w, https:\/\/www.smd-led.pl\/blog\/wp-content\/uploads\/2026\/01\/cover-image-YYYY-01-Jan-21-2026-130Lvjs4grT1l5Ui7BF2-Seu6woLmvRPv-2-768x429.webp 768w, https:\/\/www.smd-led.pl\/blog\/wp-content\/uploads\/2026\/01\/cover-image-YYYY-01-Jan-21-2026-130Lvjs4grT1l5Ui7BF2-Seu6woLmvRPv-2.webp 1200w\" sizes=\"auto, (max-width: 1024px) 100vw, 1024px\" \/><\/div><\/a><a href=\"https:\/\/www.smd-led.pl\/blog\/oswietlenie-szynowe-magnetyczne-48v-kompletny-przewodnik\/\" class=\"cat-slider-02__link\"><div class=\"cat-slider-02__heading-box\"><p class=\"cat-slider-02__post-title\">O\u015bwietlenie szynowe magnetyczne 48V \u2013 kompletny przewodnik<\/p><p>O\u015bwietlenie szynowe magnetyczne 48V to innowacyjny system o\u015bwietlenia magnetycznego, kt\u00f3ry wykorzystuje niskonapi\u0119ciowy szynoprzew\u00f3d magnetyczny do [&hellip;]<\/p>\n<\/div><\/a><\/div><div class=\"cat-slider-02__slide\"><a href=\"https:\/\/www.smd-led.pl\/blog\/jak-oswietlic-salon-praktyczny-poradnik-krok-po-kroku\/\" class=\"cat-slider-02__link\"><div class=\"cat-slider-02__img-box\"><img loading=\"lazy\" decoding=\"async\" width=\"1024\" height=\"559\" src=\"https:\/\/www.smd-led.pl\/blog\/wp-content\/uploads\/2026\/01\/cover-image-YYYY-01-Jan-2-2026-1l0RkjaNmzujPb7qDyVpvmmEYxPPWLRNJ-1024x559.webp\" class=\"cat-slider-02__img wp-post-image\" alt=\"\" srcset=\"https:\/\/www.smd-led.pl\/blog\/wp-content\/uploads\/2026\/01\/cover-image-YYYY-01-Jan-2-2026-1l0RkjaNmzujPb7qDyVpvmmEYxPPWLRNJ-1024x559.webp 1024w, https:\/\/www.smd-led.pl\/blog\/wp-content\/uploads\/2026\/01\/cover-image-YYYY-01-Jan-2-2026-1l0RkjaNmzujPb7qDyVpvmmEYxPPWLRNJ-300x164.webp 300w, https:\/\/www.smd-led.pl\/blog\/wp-content\/uploads\/2026\/01\/cover-image-YYYY-01-Jan-2-2026-1l0RkjaNmzujPb7qDyVpvmmEYxPPWLRNJ-768x419.webp 768w, https:\/\/www.smd-led.pl\/blog\/wp-content\/uploads\/2026\/01\/cover-image-YYYY-01-Jan-2-2026-1l0RkjaNmzujPb7qDyVpvmmEYxPPWLRNJ.webp 1200w\" sizes=\"auto, (max-width: 1024px) 100vw, 1024px\" \/><\/div><\/a><a href=\"https:\/\/www.smd-led.pl\/blog\/jak-oswietlic-salon-praktyczny-poradnik-krok-po-kroku\/\" class=\"cat-slider-02__link\"><div class=\"cat-slider-02__heading-box\"><p class=\"cat-slider-02__post-title\">Jak o\u015bwietli\u0107 salon \u2013 praktyczny poradnik krok po kroku<\/p><p>O\u015bwietlenie salonu to przemy\u015blany uk\u0142ad opraw i \u017ar\u00f3de\u0142 \u015bwiat\u0142a, kt\u00f3ry \u0142\u0105czy funkcj\u0119 og\u00f3ln\u0105, strefow\u0105 i [&hellip;]<\/p>\n<\/div><\/a><\/div><div class=\"cat-slider-02__slide\"><a href=\"https:\/\/www.smd-led.pl\/blog\/oswietlenie-blatu-kuchennego-tasmami-led-praktyczny-poradnik-krok-po-kroku\/\" class=\"cat-slider-02__link\"><div class=\"cat-slider-02__img-box\"><img loading=\"lazy\" decoding=\"async\" width=\"1024\" height=\"512\" src=\"https:\/\/www.smd-led.pl\/blog\/wp-content\/uploads\/2025\/12\/Jaka-barwa-swiatla-do-kuchni_-1-1024x512.png\" class=\"cat-slider-02__img wp-post-image\" alt=\"Pomoc w doborze o\u015bwietlenia do Kuchni\" srcset=\"https:\/\/www.smd-led.pl\/blog\/wp-content\/uploads\/2025\/12\/Jaka-barwa-swiatla-do-kuchni_-1-1024x512.png 1024w, https:\/\/www.smd-led.pl\/blog\/wp-content\/uploads\/2025\/12\/Jaka-barwa-swiatla-do-kuchni_-1-300x150.png 300w, https:\/\/www.smd-led.pl\/blog\/wp-content\/uploads\/2025\/12\/Jaka-barwa-swiatla-do-kuchni_-1-768x384.png 768w, https:\/\/www.smd-led.pl\/blog\/wp-content\/uploads\/2025\/12\/Jaka-barwa-swiatla-do-kuchni_-1.png 1200w\" sizes=\"auto, (max-width: 1024px) 100vw, 1024px\" \/><\/div><\/a><a href=\"https:\/\/www.smd-led.pl\/blog\/oswietlenie-blatu-kuchennego-tasmami-led-praktyczny-poradnik-krok-po-kroku\/\" class=\"cat-slider-02__link\"><div class=\"cat-slider-02__heading-box\"><p class=\"cat-slider-02__post-title\">O\u015bwietlenie blatu kuchennego ta\u015bmami LED \u2013 praktyczny poradnik krok po kroku<\/p><p>O\u015bwietlenie blatu kuchennego ta\u015bmami LED to funkcjonalny system do\u015bwietlenia strefy roboczej, montowany najcz\u0119\u015bciej pod szafkami [&hellip;]<\/p>\n<\/div><\/a><\/div><div class=\"cat-slider-02__slide\"><a href=\"https:\/\/www.smd-led.pl\/blog\/jakie-tasmy-led-najlepiej-wspolpracuja-z-profilami-aluminiowymi\/\" class=\"cat-slider-02__link\"><div class=\"cat-slider-02__img-box\"><img loading=\"lazy\" decoding=\"async\" width=\"1024\" height=\"576\" src=\"https:\/\/www.smd-led.pl\/blog\/wp-content\/uploads\/2024\/11\/2-1024x576.png\" class=\"cat-slider-02__img wp-post-image\" alt=\"Jakie ta\u015bmy LED najlepiej wsp\u00f3\u0142pracuj\u0105 z profilami aluminiowymi?\" srcset=\"https:\/\/www.smd-led.pl\/blog\/wp-content\/uploads\/2024\/11\/2-1024x576.png 1024w, https:\/\/www.smd-led.pl\/blog\/wp-content\/uploads\/2024\/11\/2-300x169.png 300w, https:\/\/www.smd-led.pl\/blog\/wp-content\/uploads\/2024\/11\/2-768x432.png 768w, https:\/\/www.smd-led.pl\/blog\/wp-content\/uploads\/2024\/11\/2-1536x864.png 1536w, https:\/\/www.smd-led.pl\/blog\/wp-content\/uploads\/2024\/11\/2.png 1920w\" sizes=\"auto, (max-width: 1024px) 100vw, 1024px\" \/><\/div><\/a><a href=\"https:\/\/www.smd-led.pl\/blog\/jakie-tasmy-led-najlepiej-wspolpracuja-z-profilami-aluminiowymi\/\" class=\"cat-slider-02__link\"><div class=\"cat-slider-02__heading-box\"><p class=\"cat-slider-02__post-title\">Jakie ta\u015bmy LED najlepiej wsp\u00f3\u0142pracuj\u0105 z profilami aluminiowymi?<\/p><p>Wprowadzenie do ta\u015bm LED i profili aluminiowych Technologia LED zrewolucjonizowa\u0142a spos\u00f3b, w jaki podchodzimy do [&hellip;]<\/p>\n<\/div><\/a><\/div><\/div><\/div><\/div><\/div>\n<h2>Funkcja \u015bwiat\u0142a w pokoju dziecka<\/h2>\n<p style=\"text-align: justify;\"><span style=\"font-size: 14pt;\">Wa\u017cn\u0105 rol\u0119 odgrywa r\u00f3wnie\u017c sama funkcja \u015bwiat\u0142a w pokoju dziecka. Niejednokrotnie kierowane bujna wyobra\u017ania dzieci, boja si\u0119 zasypia\u0107 w ciemno\u015bci. Warto wi\u0119c zainwestowa\u0107 w lampk\u0119 nocn\u0105 tu\u017c przy \u0142\u00f3\u017cku lub kinkiet z niewielkiej mocy \u017car\u00f3wk\u0105. Lampk\u0119 tak\u0105 w\u0142\u0105czymy, ale nie spowoduje ona mocnego rozb\u0142ysku \u015bwiat\u0142a, aby wybudzi\u0107 nas z g\u0142\u0119bokiego snu a jedynie roz\u015bwietli delikatnie mrok. Niewielkiej mocy \u015bwiat\u0142o punktowe mo\u017cemy zostawi\u0107 w\u0142\u0105czone przez ca\u0142\u0105 noc i nie musimy martwi\u0107 si\u0119, \u017ce dziecko, kt\u00f3re wybudzi si\u0119 w \u015brodku nocy, wpadnie w panik\u0119.\u00a0<\/span><\/p>\n<div id=\"attachment_502\" style=\"width: 532px\" class=\"wp-caption aligncenter\"><img loading=\"lazy\" decoding=\"async\" aria-describedby=\"caption-attachment-502\" class=\" wp-image-502\" src=\"https:\/\/www.smd-led.pl\/blog\/wp-content\/uploads\/2018\/09\/oswietlenie-pokoju-dziecka.jpg\" alt=\"Jak o\u015bwietli\u0107 pok\u00f3j dziecka\" width=\"522\" height=\"342\" \/><p id=\"caption-attachment-502\" class=\"wp-caption-text\">Pomys\u0142y na o\u015bwietlenie pokoju dziecka<\/p><\/div>\n<p style=\"text-align: justify;\"><span style=\"font-size: 14pt;\">Mo\u017cna pokusi\u0107 si\u0119 r\u00f3wnie\u017c o zainstalowanie w pobli\u017cu \u0142\u00f3\u017cka\u00a0<a href=\"https:\/\/www.smd-led.pl\/plafony_led.php?pro_id=5769\">plafonu z czujnikiem ruchu<\/a>, kt\u00f3ry zapali si\u0119, kiedy nasze dziecko si\u0119 wybudzi i zga\u015bnie, kiedy za\u015bnie, a w\u0119dr\u00f3wka w \u015brodku nocy do np. toalety, nie b\u0119dzie ju\u017c taka straszna. Niemniej jednak to wa\u017cny aspekt o\u015bwietlenia, kt\u00f3ry koniecznie musimy wzi\u0105\u0107 pod uwag\u0119, planuj\u0105c o\u015bwietlenie w pokoju dzieci\u0119cym.<\/span><\/p>\n<div class=\"call-to-action-05\" style=\"background-image: url('https:\/\/www.smd-led.pl\/blog\/wp-content\/uploads\/2023\/12\/oswietlenie_led_do_podbitki_dachowej-49.png')\"><div class=\"call-to-action-05__info-box\"><div class=\"call-to-action-05__info\"><p class=\"call-to-action-05__txt\">Zobacz wi\u0119cej z kategorii<\/p><span class=\"call-to-action-05__cat-title\">Lampy wisz\u0105ce dzieci\u0119ce \u2013 \u015bwiat\u0142o pe\u0142ne uroku<\/span><a href=\"https:\/\/www.smd-led.pl\/lampy-wiszace-dzieciece\" class=\"button\" id=\"lampka_nocna_dla_dzieci\" target=\"_self\">Zobacz produkt<\/a><\/div><\/div><\/div>\n<p style=\"text-align: justify;\"><span style=\"font-size: 14pt;\">Tworz\u0105c o\u015bwietlenie, pami\u0119tajmy o tym, aby wszystko, o\u015bwietlenie i wystr\u00f3j wn\u0119trza by\u0142y kompatybilne. Pi\u0119knie wygl\u0105daj\u0105 pokoje tematyczne z dobranym do nich o\u015bwietleniem, kt\u00f3re wsp\u00f3\u0142gra z ozdobami. Mo\u017cemy oczywi\u015bcie zastosowa\u0107 wsz\u0119dzie neutralny rodzaj lamp a pok\u00f3j o\u017cywi\u0107 jedynie dodatkami. Nie zapominajmy jednak o funkcjach, jakie pe\u0142ni \u015bwiat\u0142o w pokoju dziecka.\u00a0<\/span><\/p>\n<p>&nbsp;<\/p>\n<h2>Jak dobrze o\u015bwietli\u0107 pok\u00f3j dziecka do nauki<\/h2>\n<p style=\"text-align: justify;\"><span style=\"font-size: 14pt;\">Z czasem o\u015bwietlenie nocne przestaje mie\u0107 takie znaczenie, ale potrzebowa\u0107 zaczynamy dodatkowego do nauki. Tutaj sprawdzi si\u0119 ca\u0142kowicie inny rodzaj o\u015bwietlenia. Przede wszystkim ustawmy biurko jak najbli\u017cej okna, aby zapewni\u0107 dziecku jak najwi\u0119cej dziennego, naturalnego \u015bwiat\u0142a. Oczywi\u015bcie szybko zapadaj\u0105cy zmrok, zw\u0142aszcza w porach zimowych, wymusza na nas dodatkowe sztuczne \u015bwiat\u0142o. Najlepszym rozwi\u0105zaniem b\u0119d\u0105 oczywi\u015bcie dodatkowe lampki biurkowe najlepiej z regulowan\u0105 g\u0142\u00f3wk\u0105 tak, aby optymalnie rzuca\u0142y \u015bwiat\u0142o i u\u0142atwia\u0142y czytanie czy pisanie. W przypadku <strong>o\u015bwietlenia do nauki<\/strong> bardzo istotn\u0105 rol\u0119 odgrywa r\u00f3wnie\u017c temperatura barwowa zastosowanych \u017car\u00f3wek.\u00a0<\/span><\/p>\n<div id=\"attachment_574\" style=\"width: 724px\" class=\"wp-caption aligncenter\"><img loading=\"lazy\" decoding=\"async\" aria-describedby=\"caption-attachment-574\" class=\" wp-image-574\" src=\"https:\/\/www.smd-led.pl\/blog\/wp-content\/uploads\/2018\/09\/oswietlenie-pokoju-nastolatka.gif\" alt=\"Jak o\u015bwietli\u0107 pok\u00f3j dziecka\" width=\"714\" height=\"430\" \/><p id=\"caption-attachment-574\" class=\"wp-caption-text\">O\u015bwietlenie w pokoju dziecka<\/p><\/div>\n<p style=\"text-align: justify;\"><span style=\"font-size: 14pt;\">Barwa \u015bwiat\u0142a to wa\u017cny aspekt, gdy\u017c ma ona wp\u0142yw na nasze odczucia. Barwa mo\u017ce dzia\u0142a\u0107 zar\u00f3wno usypiaj\u0105c\u0105, jak i pobudzaj\u0105co. W przypadku nauki raczej zrezygnujmy z ciep\u0142ej barwy \u015bwiat\u0142a, sprzyja ona raczej relaksowi ni\u017c skupieniu. Do nauki wybierzmy \u017car\u00f3wki, czy lampki ze wbudowanym \u017ar\u00f3d\u0142em \u015bwiat\u0142a w barwie neutralnej lub wr\u0119cz zimnej, kt\u00f3re sprzyjaj\u0105 skupieniu. Barwa taka nie powoduje r\u00f3wnie\u017c, m\u0119czenia wzroku co przy d\u0142ugotrwa\u0142ym czytaniu czy pisaniu jest bardzo istotne. <strong>O\u015bwietlenie w pokoju dziecka<\/strong> do nauki musi by\u0107 odpowiednio dostosowane i nie mo\u017cemy o tym zapomnie\u0107.\u00a0<\/span><\/p>\n<p>&nbsp;<\/p>\n<h2>Kilka podstawowych uwag w sprawie o\u015bwietlenia pokoju dziecka<\/h2>\n<p>&nbsp;<\/p>\n<ul>\n<li><span style=\"font-size: 14pt;\">O\u015bwietlenie powinno by\u0107 podzielone na kilka sekcji<\/span><\/li>\n<li><span style=\"font-size: 14pt;\">Mieszaj barwy \u015bwiat\u0142a nie b\u00f3j si\u0119 eksperymentowa\u0107<\/span><\/li>\n<li><span style=\"font-size: 14pt;\">Stanowisko pracy dziecka typu biurko staraj si\u0119 dobrze do\u015bwietli\u0107<\/span><\/li>\n<li><span style=\"font-size: 14pt;\">Nie zapomnij o o\u015bwietleniu nocnym<\/span><\/li>\n<li><span style=\"font-size: 14pt;\">O\u015bwietlenie g\u0142\u00f3wne powinno by\u0107 do\u015b\u0107 mocne<\/span><\/li>\n<li><span style=\"font-size: 14pt;\">Nie zapomnij o r\u00f3wnomierno\u015bci o\u015bwietlenia\u00a0 g\u0142\u00f3wnego<\/span><\/li>\n<li><span style=\"font-size: 14pt;\">Lepiej u\u017cywaj wi\u0119kszej ilo\u015bci punkt\u00f3w \u015bwietlnych z ni\u017csz\u0105 moc\u0105 ni\u017c pojedyncze a super mocne<\/span><\/li>\n<li><span style=\"font-size: 14pt;\">Mo\u017cliwo\u015b\u0107 \u015bciemniania p\u0142ynnego to dodatkowy atut<\/span><\/li>\n<li><span style=\"font-size: 14pt;\">Zabawa kolorami uczy pociechy dodatkowej zabawy<\/span><\/li>\n<\/ul>\n<div class=\"call-to-action-07\"><div class=\"call-to-action-07__product-box\"><img decoding=\"async\" src=\"https:\/\/www.smd-led.pl\/blog\/wp-content\/uploads\/2023\/12\/tasma-led-cob-rgb-cct-24v-16w-840-led-m-highlight-1m-1.jpg\" alt=\"tasma-led-cob-rgb-cct-24v-16w-840-led-m-highlight-1m (1)\" \/><span class=\"call-to-action-07__product-title\">TA\u015aMA LED COB RGB CCT 24V 16W<\/span><a href=\"https:\/\/www.smd-led.pl\/tasma-led-cob\" class=\"button\" id=\"tasma_cob_rgb_zestaw\" target=\"_self\">Zobacz produkt<\/a><\/div><div class=\"call-to-action-07__product-box\"><img decoding=\"async\" src=\"https:\/\/www.smd-led.pl\/blog\/wp-content\/uploads\/2023\/12\/sterownik-rgb-cct-12v-24vdc-10a-miboxer-fut039.webp\" alt=\"STEROWNIK RGB\/CCT 12V-24VDC 10A MIBOXER FUT039\" \/><span class=\"call-to-action-07__product-title\">STEROWNIK RGB\/CCT 12V-24VDC 10A MIBOXER FUT039<\/span><a href=\"https:\/\/www.smd-led.pl\/sterownik-led\" class=\"button\" id=\"tasma_cob_rgb_zestaw\" target=\"_self\">Zobacz produkt<\/a><\/div><div class=\"call-to-action-07__product-box\"><img decoding=\"async\" src=\"https:\/\/www.smd-led.pl\/blog\/wp-content\/uploads\/2023\/12\/pilot-fut092-do-sterownika-led-rgb-cct-mi-light.jpg\" alt=\"PILOT FUT092 DO STEROWNIKA LED RGB\/CCT MI LIGHT\" \/><span class=\"call-to-action-07__product-title\">PILOT FUT092 DO STEROWNIKA LED RGB\/CCT MI LIGHT<\/span><a href=\"https:\/\/www.smd-led.pl\/sterowanie-i-zasilanie\" class=\"button\" id=\"tasma_cob_rgb_zestaw\" target=\"_self\">Zobacz produkt<\/a><\/div><\/div>\n<h2>Jak o\u015bwietli\u0107 pok\u00f3j dziecka kolorami<\/h2>\n<p style=\"text-align: justify;\"><span style=\"font-size: 14pt;\">O\u015bwietlenie w pokoju dziecka nie ma jedynie funkcji czysto u\u017cytkowej. R\u00f3wnie wa\u017cne jest jego funkcja dekoracyjna. Chc\u0105c stworzy\u0107 ciekaw\u0105 przestrze\u0144, kt\u00f3ra sprzyja\u0107 b\u0119dzie zabawie, odpoczynkowi czy spotkaniom w gronie przyjaci\u00f3\u0142 mo\u017cemy pokusi\u0107 si\u0119 o nowoczesne rozwi\u0105zania. O\u015bwietlenie zmieniaj\u0105ce kolor w pokoju dziecka mo\u017ce by\u0107 \u015bwietnym pomys\u0142em na uatrakcyjnienie. Kolory mocno dzia\u0142aj\u0105 na nasz\u0105 wyobra\u017ani\u0119. Oto jeden z przyk\u0142ad\u00f3w takiego monta\u017cu w profilu <a href=\"https:\/\/www.smd-led.pl\/profil_led_flaro.php\">aluminiowym o nazwie Flaro<\/a> w pokoju dziecka. Profil zosta\u0142 zamontowany w \u015bcianie z p\u0142yty z karton-gipsu na wysoko\u015bci ok 80 cm od pod\u0142ogi. W profilu zosta\u0142a zamontowana <a href=\"https:\/\/www.smd-led.pl\/tasma_led_rgbw.php\">ta\u015bma Led RGBW.<\/a> Wszystko spi\u0119te w jednym systemie sterowania. O\u015bwietlenie za\u0142\u0105cza si\u0119 z kontaktu na \u015bcianie, ale podzielone jest na kilka stref. Osobno plafony, osobno \u015bciana z ta\u015bm\u0105. Sterowa\u0107 te\u017c mo\u017cna za pomoc\u0105 jednego <a href=\"https:\/\/www.smd-led.pl\/piloty_mi_light.php?pro_id=3046\">Pilota z serii Mi Light<\/a>\u00a0i wybiera\u0107 dowolne sekwencje kolorystyczne.<\/span><\/p>\n<p><img loading=\"lazy\" decoding=\"async\" class=\"wp-image-2900 alignleft\" src=\"https:\/\/www.smd-led.pl\/blog\/wp-content\/uploads\/2018\/09\/Jak-oswietlic-pokoj-dziecka-43.jpg\" alt=\"Jak o\u015bwietli\u0107 pok\u00f3j dziecka\" width=\"300\" height=\"200\" \/><\/p>\n<p><img loading=\"lazy\" decoding=\"async\" class=\"alignleft wp-image-2899\" src=\"https:\/\/www.smd-led.pl\/blog\/wp-content\/uploads\/2018\/09\/Jak-oswietlic-pokoj-dziecka-42.jpg\" alt=\"Jak o\u015bwietli\u0107 pok\u00f3j dziecka\" width=\"300\" height=\"200\" \/><\/p>\n<p><img loading=\"lazy\" decoding=\"async\" class=\"alignleft wp-image-2898\" src=\"https:\/\/www.smd-led.pl\/blog\/wp-content\/uploads\/2018\/09\/Jak-oswietlic-pokoj-dziecka-41.jpg\" alt=\"Jak o\u015bwietli\u0107 pok\u00f3j dziecka\" width=\"300\" height=\"200\" \/><\/p>\n<p><img loading=\"lazy\" decoding=\"async\" class=\"alignleft wp-image-2897\" src=\"https:\/\/www.smd-led.pl\/blog\/wp-content\/uploads\/2018\/09\/Jak-oswietlic-pokoj-dziecka-40.jpg\" alt=\"Jak o\u015bwietli\u0107 pok\u00f3j dziecka\" width=\"300\" height=\"200\" \/><\/p>\n<p><img loading=\"lazy\" decoding=\"async\" class=\"alignleft wp-image-2896\" src=\"https:\/\/www.smd-led.pl\/blog\/wp-content\/uploads\/2018\/09\/Jak-oswietlic-pokoj-dziecka-39.jpg\" alt=\"Jak o\u015bwietli\u0107 pok\u00f3j dziecka\" width=\"300\" height=\"200\" \/><\/p>\n<p><img loading=\"lazy\" decoding=\"async\" class=\"alignleft wp-image-2895\" src=\"https:\/\/www.smd-led.pl\/blog\/wp-content\/uploads\/2018\/09\/Jak-oswietlic-pokoj-dziecka-38.jpg\" alt=\"Jak o\u015bwietli\u0107 pok\u00f3j dziecka\" width=\"300\" height=\"200\" \/><\/p>\n<p><img loading=\"lazy\" decoding=\"async\" class=\"alignleft wp-image-2894\" src=\"https:\/\/www.smd-led.pl\/blog\/wp-content\/uploads\/2018\/09\/Jak-oswietlic-pokoj-dziecka-37.jpg\" alt=\"Jak o\u015bwietli\u0107 pok\u00f3j dziecka\" width=\"300\" height=\"200\" \/><\/p>\n<p><img loading=\"lazy\" decoding=\"async\" class=\"alignleft wp-image-2893\" src=\"https:\/\/www.smd-led.pl\/blog\/wp-content\/uploads\/2018\/09\/Jak-oswietlic-pokoj-dziecka-36.jpg\" alt=\"Jak o\u015bwietli\u0107 pok\u00f3j dziecka\" width=\"300\" height=\"200\" \/><\/p>\n<p><img loading=\"lazy\" decoding=\"async\" class=\"alignleft wp-image-2892\" src=\"https:\/\/www.smd-led.pl\/blog\/wp-content\/uploads\/2018\/09\/Jak-oswietlic-pokoj-dziecka-35.jpg\" alt=\"Jak o\u015bwietli\u0107 pok\u00f3j dziecka\" width=\"300\" height=\"200\" \/><\/p>\n<p><img loading=\"lazy\" decoding=\"async\" class=\"alignleft wp-image-2901\" src=\"https:\/\/www.smd-led.pl\/blog\/wp-content\/uploads\/2018\/09\/Jak-oswietlic-pokoj-dziecka-44.jpg\" alt=\"Jak o\u015bwietli\u0107 pok\u00f3j dziecka\" width=\"300\" height=\"200\" \/><\/p>\n<p>&nbsp;<\/p>\n<p>&nbsp;<\/p>\n<p>&nbsp;<\/p>\n<p>&nbsp;<\/p>\n<p>&nbsp;<\/p>\n<p>&nbsp;<\/p>\n<p>&nbsp;<\/p>\n<p>&nbsp;<\/p>\n<p>&nbsp;<\/p>\n<p>&nbsp;<\/p>\n<p>&nbsp;<\/p>\n<p style=\"text-align: justify;\"><span style=\"font-size: 14pt;\">Opr\u00f3cz mo\u017cliwo\u015bci sterowania dowolnym kolorem mo\u017cna te\u017c nada\u0107 r\u00f3\u017cne odcienie bieli. W plafonach Led zamontowanych na suficie mo\u017cna uzyska\u0107 zar\u00f3wno kolor bia\u0142y ciep\u0142y, bia\u0142y dzienny, jak i bia\u0142y zimny. Jest to bardzo praktyczne rozwi\u0105zanie, kt\u00f3re sprawdzi si\u0119 podczas zabawy, jak i nauki.<\/span><\/p>\n<p><img loading=\"lazy\" decoding=\"async\" class=\"alignnone wp-image-2879\" src=\"https:\/\/www.smd-led.pl\/blog\/wp-content\/uploads\/2018\/09\/Jak-oswietlic-pokoj-dziecka-22.jpg\" alt=\"Jak o\u015bwietli\u0107 pok\u00f3j dziecka\" width=\"300\" height=\"200\" \/> <img loading=\"lazy\" decoding=\"async\" class=\"alignnone wp-image-2880\" src=\"https:\/\/www.smd-led.pl\/blog\/wp-content\/uploads\/2018\/09\/Jak-oswietlic-pokoj-dziecka-23.jpg\" alt=\"Jak o\u015bwietli\u0107 pok\u00f3j dziecka\" width=\"300\" height=\"200\" \/> <img loading=\"lazy\" decoding=\"async\" class=\"alignnone wp-image-2881\" src=\"https:\/\/www.smd-led.pl\/blog\/wp-content\/uploads\/2018\/09\/Jak-oswietlic-pokoj-dziecka-24.jpg\" alt=\"Jak o\u015bwietli\u0107 pok\u00f3j dziecka\" width=\"300\" height=\"200\" \/> <img loading=\"lazy\" decoding=\"async\" class=\"alignnone wp-image-2882\" src=\"https:\/\/www.smd-led.pl\/blog\/wp-content\/uploads\/2018\/09\/Jak-oswietlic-pokoj-dziecka-25.jpg\" alt=\"Jak o\u015bwietli\u0107 pok\u00f3j dziecka\" width=\"300\" height=\"200\" \/> <img loading=\"lazy\" decoding=\"async\" class=\"alignnone wp-image-2883\" src=\"https:\/\/www.smd-led.pl\/blog\/wp-content\/uploads\/2018\/09\/Jak-oswietlic-pokoj-dziecka-26.jpg\" alt=\"Jak o\u015bwietli\u0107 pok\u00f3j dziecka\" width=\"300\" height=\"200\" \/> <img loading=\"lazy\" decoding=\"async\" class=\"alignnone wp-image-2885\" src=\"https:\/\/www.smd-led.pl\/blog\/wp-content\/uploads\/2018\/09\/Jak-oswietlic-pokoj-dziecka-28.jpg\" alt=\"Jak o\u015bwietli\u0107 pok\u00f3j dziecka\" width=\"300\" height=\"200\" \/> <img loading=\"lazy\" decoding=\"async\" class=\"alignnone wp-image-2887\" src=\"https:\/\/www.smd-led.pl\/blog\/wp-content\/uploads\/2018\/09\/Jak-oswietlic-pokoj-dziecka-30.jpg\" alt=\"Jak o\u015bwietli\u0107 pok\u00f3j dziecka\" width=\"300\" height=\"200\" \/> <img loading=\"lazy\" decoding=\"async\" class=\"alignnone wp-image-2889\" src=\"https:\/\/www.smd-led.pl\/blog\/wp-content\/uploads\/2018\/09\/Jak-oswietlic-pokoj-dziecka-32.jpg\" alt=\"Jak o\u015bwietli\u0107 pok\u00f3j dziecka\" width=\"300\" height=\"200\" \/><img loading=\"lazy\" decoding=\"async\" class=\"alignnone wp-image-2890\" src=\"https:\/\/www.smd-led.pl\/blog\/wp-content\/uploads\/2018\/09\/Jak-oswietlic-pokoj-dziecka-33.jpg\" alt=\"Jak o\u015bwietli\u0107 pok\u00f3j dziecka\" width=\"300\" height=\"200\" \/> <img loading=\"lazy\" decoding=\"async\" class=\"alignnone wp-image-2884\" src=\"https:\/\/www.smd-led.pl\/blog\/wp-content\/uploads\/2018\/09\/Jak-oswietlic-pokoj-dziecka-27.jpg\" alt=\"Jak o\u015bwietli\u0107 pok\u00f3j dziecka\" width=\"300\" height=\"200\" \/> <img loading=\"lazy\" decoding=\"async\" class=\"alignnone wp-image-2886\" src=\"https:\/\/www.smd-led.pl\/blog\/wp-content\/uploads\/2018\/09\/Jak-oswietlic-pokoj-dziecka-29.jpg\" alt=\"Jak o\u015bwietli\u0107 pok\u00f3j dziecka\" width=\"300\" height=\"200\" \/> <img loading=\"lazy\" decoding=\"async\" class=\"alignnone wp-image-2876\" src=\"https:\/\/www.smd-led.pl\/blog\/wp-content\/uploads\/2018\/09\/Jak-oswietlic-pokoj-dziecka-19.jpg\" alt=\"Jak o\u015bwietli\u0107 pok\u00f3j dziecka\" width=\"300\" height=\"200\" \/><\/p>\n<p style=\"text-align: justify;\"><span style=\"font-size: 14pt;\">W pokoju, kt\u00f3ry widzimy na tych przyk\u0142adach, \u015bciany pierwotnie maj\u0105 kolory bieli i zieleni, podczas zabawy kolorami \u015bciana pomalowana zacz\u0119\u0142a zmienia\u0107 kolory. I nagle ze \u015bciany zielonej zrobi\u0142a si\u0119 nam br\u0105zowa, lekko bordowa a miejscami nawet uda\u0142o nam si\u0119 uzyska\u0107 kolor czarny. Jest to prosty spos\u00f3b na urozmaicenie zwyczajnego <strong>o\u015bwietlenia w pokoju dzieci. <\/strong>Stworzenie takiego o\u015bwietlenia nie jest specjalnie trudne i nie wymaga specjalnych umiej\u0119tno\u015bci. Jest to te\u017c spos\u00f3b na oryginalne wn\u0119trze, kt\u00f3re dzi\u0119ki r\u00f3\u017cnym kolorom d\u0142ugo nie znudzi si\u0119 naszemu dziecku.\u00a0<\/span><\/p>\n<p style=\"text-align: justify;\"><span style=\"font-size: 14pt;\"><strong>Jak o\u015bwietli\u0107 pok\u00f3j dziecka<\/strong> to kwestia bardzo istotna i mamy nadziej\u0119, \u017ce pomogli\u015bmy Pa\u0144stwu dokona\u0107 wyboru. Zwr\u00f3cili\u015bmy uwag\u0119 na wszystkie istotne aspekty. Pami\u0119tajmy zatem, \u017ce zar\u00f3wno ilo\u015b\u0107, moc jak, i barwa \u015bwiat\u0142a maj\u0105 istotne znaczenie, aby zapewni\u0107 dziecku warunki zar\u00f3wno do zabawy, odpoczynku i nauki. \u015awiat\u0142o to bardzo istotny aspekt nadaj\u0105cy klimat jak i narz\u0119dzie, dzi\u0119ki kt\u00f3remu podzielimy, wyeksponujemy i zagospodarujemy dost\u0119pn\u0105 przestrze\u0144.\u00a0<\/span><\/p>\n<p><img loading=\"lazy\" decoding=\"async\" class=\"size-full wp-image-14441 aligncenter\" src=\"https:\/\/www.smd-led.pl\/blog\/wp-content\/uploads\/2023\/11\/Jaka-barwa-swiatla-jest-odpowiednia-do-pokoju-dziecka.png\" alt=\"Jaka barwa \u015bwiat\u0142a jest odpowiednia do pokoju dziecka\" width=\"1200\" height=\"600\" srcset=\"https:\/\/www.smd-led.pl\/blog\/wp-content\/uploads\/2023\/11\/Jaka-barwa-swiatla-jest-odpowiednia-do-pokoju-dziecka.png 1200w, https:\/\/www.smd-led.pl\/blog\/wp-content\/uploads\/2023\/11\/Jaka-barwa-swiatla-jest-odpowiednia-do-pokoju-dziecka-300x150.png 300w, https:\/\/www.smd-led.pl\/blog\/wp-content\/uploads\/2023\/11\/Jaka-barwa-swiatla-jest-odpowiednia-do-pokoju-dziecka-1024x512.png 1024w, https:\/\/www.smd-led.pl\/blog\/wp-content\/uploads\/2023\/11\/Jaka-barwa-swiatla-jest-odpowiednia-do-pokoju-dziecka-768x384.png 768w\" sizes=\"auto, (max-width: 1200px) 100vw, 1200px\" \/><\/p>\n","protected":false},"excerpt":{"rendered":"<p>Jak o\u015bwietli\u0107 pok\u00f3j dziecka, aby by\u0142 nie tylko funkcjonalny, ale r\u00f3wnie\u017c przyjazny? W dzieci\u0119cym pokoju [&hellip;]<\/p>\n","protected":false},"author":7,"featured_media":2891,"comment_status":"closed","ping_status":"closed","sticky":false,"template":"","format":"standard","meta":{"inline_featured_image":false,"footnotes":""},"categories":[31],"tags":[],"class_list":["post-4307","post","type-post","status-publish","format-standard","has-post-thumbnail","hentry","category-oswietlenie-dla-domu"],"acf":[],"yoast_head":"<!-- This site is optimized with the Yoast SEO Premium plugin v26.8 (Yoast SEO v26.8) - https:\/\/yoast.com\/product\/yoast-seo-premium-wordpress\/ -->\n<title>Jak o\u015bwietli\u0107 pok\u00f3j dziecka? - SMD-LED<\/title>\n<meta name=\"description\" content=\"Jak nale\u017cy o\u015bwietli\u0107 pok\u00f3j dziecka, aby by\u0142 on funkcjonalny, bezpieczny dla zdrowia i mia\u0142 nowoczesny, atrakcyjny i przytulny wygl\u0105d.\" \/>\n<meta name=\"robots\" content=\"index, follow, max-snippet:-1, max-image-preview:large, max-video-preview:-1\" \/>\n<link rel=\"canonical\" href=\"https:\/\/www.smd-led.pl\/blog\/jak-oswietlic-pokoj-dziecka\/\" \/>\n<meta property=\"og:locale\" content=\"pl_PL\" \/>\n<meta property=\"og:type\" content=\"article\" \/>\n<meta property=\"og:title\" content=\"Jak o\u015bwietli\u0107 pok\u00f3j dziecka?\" \/>\n<meta property=\"og:description\" content=\"Jak nale\u017cy o\u015bwietli\u0107 pok\u00f3j dziecka, aby by\u0142 on funkcjonalny, bezpieczny dla zdrowia i mia\u0142 nowoczesny, atrakcyjny i przytulny wygl\u0105d.\" \/>\n<meta property=\"og:url\" content=\"https:\/\/www.smd-led.pl\/blog\/jak-oswietlic-pokoj-dziecka\/\" \/>\n<meta property=\"og:site_name\" content=\"SMD-LED\" \/>\n<meta property=\"article:published_time\" content=\"2018-09-24T16:03:34+00:00\" \/>\n<meta property=\"article:modified_time\" content=\"2024-01-16T12:28:19+00:00\" \/>\n<meta property=\"og:image\" content=\"https:\/\/www.smd-led.pl\/blog\/wp-content\/uploads\/2018\/09\/Jak-oswietlic-pokoj-dziecka-34.jpg\" \/>\n\t<meta property=\"og:image:width\" content=\"1024\" \/>\n\t<meta property=\"og:image:height\" content=\"683\" \/>\n\t<meta property=\"og:image:type\" content=\"image\/jpeg\" \/>\n<meta name=\"author\" content=\"Marcin Pietrasik\" \/>\n<meta name=\"twitter:card\" content=\"summary_large_image\" \/>\n<meta name=\"twitter:label1\" content=\"Napisane przez\" \/>\n\t<meta name=\"twitter:data1\" content=\"Marcin Pietrasik\" \/>\n\t<meta name=\"twitter:label2\" content=\"Szacowany czas czytania\" \/>\n\t<meta name=\"twitter:data2\" content=\"13 minut\" \/>\n<script type=\"application\/ld+json\" class=\"yoast-schema-graph\">{\"@context\":\"https:\/\/schema.org\",\"@graph\":[{\"@type\":\"Article\",\"@id\":\"https:\/\/www.smd-led.pl\/blog\/jak-oswietlic-pokoj-dziecka\/#article\",\"isPartOf\":{\"@id\":\"https:\/\/www.smd-led.pl\/blog\/jak-oswietlic-pokoj-dziecka\/\"},\"author\":{\"name\":\"Marcin Pietrasik\",\"@id\":\"https:\/\/www.smd-led.pl\/blog\/#\/schema\/person\/887fa24be503d7ae726f67021d1623f5\"},\"headline\":\"Jak o\u015bwietli\u0107 pok\u00f3j dziecka?\",\"datePublished\":\"2018-09-24T16:03:34+00:00\",\"dateModified\":\"2024-01-16T12:28:19+00:00\",\"mainEntityOfPage\":{\"@id\":\"https:\/\/www.smd-led.pl\/blog\/jak-oswietlic-pokoj-dziecka\/\"},\"wordCount\":1584,\"image\":{\"@id\":\"https:\/\/www.smd-led.pl\/blog\/jak-oswietlic-pokoj-dziecka\/#primaryimage\"},\"thumbnailUrl\":\"https:\/\/www.smd-led.pl\/blog\/wp-content\/uploads\/2018\/09\/Jak-oswietlic-pokoj-dziecka-34.jpg\",\"articleSection\":[\"O\u015bwietlenie dla domu\"],\"inLanguage\":\"pl-PL\"},{\"@type\":\"WebPage\",\"@id\":\"https:\/\/www.smd-led.pl\/blog\/jak-oswietlic-pokoj-dziecka\/\",\"url\":\"https:\/\/www.smd-led.pl\/blog\/jak-oswietlic-pokoj-dziecka\/\",\"name\":\"Jak o\u015bwietli\u0107 pok\u00f3j dziecka? - SMD-LED\",\"isPartOf\":{\"@id\":\"https:\/\/www.smd-led.pl\/blog\/#website\"},\"primaryImageOfPage\":{\"@id\":\"https:\/\/www.smd-led.pl\/blog\/jak-oswietlic-pokoj-dziecka\/#primaryimage\"},\"image\":{\"@id\":\"https:\/\/www.smd-led.pl\/blog\/jak-oswietlic-pokoj-dziecka\/#primaryimage\"},\"thumbnailUrl\":\"https:\/\/www.smd-led.pl\/blog\/wp-content\/uploads\/2018\/09\/Jak-oswietlic-pokoj-dziecka-34.jpg\",\"datePublished\":\"2018-09-24T16:03:34+00:00\",\"dateModified\":\"2024-01-16T12:28:19+00:00\",\"author\":{\"@id\":\"https:\/\/www.smd-led.pl\/blog\/#\/schema\/person\/887fa24be503d7ae726f67021d1623f5\"},\"description\":\"Jak nale\u017cy o\u015bwietli\u0107 pok\u00f3j dziecka, aby by\u0142 on funkcjonalny, bezpieczny dla zdrowia i mia\u0142 nowoczesny, atrakcyjny i przytulny wygl\u0105d.\",\"breadcrumb\":{\"@id\":\"https:\/\/www.smd-led.pl\/blog\/jak-oswietlic-pokoj-dziecka\/#breadcrumb\"},\"inLanguage\":\"pl-PL\",\"potentialAction\":[{\"@type\":\"ReadAction\",\"target\":[\"https:\/\/www.smd-led.pl\/blog\/jak-oswietlic-pokoj-dziecka\/\"]}]},{\"@type\":\"ImageObject\",\"inLanguage\":\"pl-PL\",\"@id\":\"https:\/\/www.smd-led.pl\/blog\/jak-oswietlic-pokoj-dziecka\/#primaryimage\",\"url\":\"https:\/\/www.smd-led.pl\/blog\/wp-content\/uploads\/2018\/09\/Jak-oswietlic-pokoj-dziecka-34.jpg\",\"contentUrl\":\"https:\/\/www.smd-led.pl\/blog\/wp-content\/uploads\/2018\/09\/Jak-oswietlic-pokoj-dziecka-34.jpg\",\"width\":6720,\"height\":4480,\"caption\":\"Jak o\u015bwietli\u0107 pok\u00f3j dziecka\"},{\"@type\":\"BreadcrumbList\",\"@id\":\"https:\/\/www.smd-led.pl\/blog\/jak-oswietlic-pokoj-dziecka\/#breadcrumb\",\"itemListElement\":[{\"@type\":\"ListItem\",\"position\":1,\"name\":\"Strona g\u0142\u00f3wna\",\"item\":\"https:\/\/www.smd-led.pl\/blog\/\"},{\"@type\":\"ListItem\",\"position\":2,\"name\":\"Jak o\u015bwietli\u0107 pok\u00f3j dziecka?\"}]},{\"@type\":\"WebSite\",\"@id\":\"https:\/\/www.smd-led.pl\/blog\/#website\",\"url\":\"https:\/\/www.smd-led.pl\/blog\/\",\"name\":\"SMD-LED\",\"description\":\"O\u015bwietlenie Led do domu i przemys\u0142u porady, testy i opinie ekspert\u00f3w\",\"potentialAction\":[{\"@type\":\"SearchAction\",\"target\":{\"@type\":\"EntryPoint\",\"urlTemplate\":\"https:\/\/www.smd-led.pl\/blog\/?s={search_term_string}\"},\"query-input\":{\"@type\":\"PropertyValueSpecification\",\"valueRequired\":true,\"valueName\":\"search_term_string\"}}],\"inLanguage\":\"pl-PL\"},{\"@type\":\"Person\",\"@id\":\"https:\/\/www.smd-led.pl\/blog\/#\/schema\/person\/887fa24be503d7ae726f67021d1623f5\",\"name\":\"Marcin Pietrasik\",\"image\":{\"@type\":\"ImageObject\",\"inLanguage\":\"pl-PL\",\"@id\":\"https:\/\/www.smd-led.pl\/blog\/#\/schema\/person\/image\/\",\"url\":\"https:\/\/secure.gravatar.com\/avatar\/c886f4ccbb5c83b665ee8b66f0b3401128439bc832dca6389b6e67c6bdc3d38b?s=96&d=mm&r=g\",\"contentUrl\":\"https:\/\/secure.gravatar.com\/avatar\/c886f4ccbb5c83b665ee8b66f0b3401128439bc832dca6389b6e67c6bdc3d38b?s=96&d=mm&r=g\",\"caption\":\"Marcin Pietrasik\"},\"url\":\"https:\/\/www.smd-led.pl\/blog\/author\/mpietrasik\/\"}]}<\/script>\n<!-- \/ Yoast SEO Premium plugin. -->","yoast_head_json":{"title":"Jak o\u015bwietli\u0107 pok\u00f3j dziecka? - SMD-LED","description":"Jak nale\u017cy o\u015bwietli\u0107 pok\u00f3j dziecka, aby by\u0142 on funkcjonalny, bezpieczny dla zdrowia i mia\u0142 nowoczesny, atrakcyjny i przytulny wygl\u0105d.","robots":{"index":"index","follow":"follow","max-snippet":"max-snippet:-1","max-image-preview":"max-image-preview:large","max-video-preview":"max-video-preview:-1"},"canonical":"https:\/\/www.smd-led.pl\/blog\/jak-oswietlic-pokoj-dziecka\/","og_locale":"pl_PL","og_type":"article","og_title":"Jak o\u015bwietli\u0107 pok\u00f3j dziecka?","og_description":"Jak nale\u017cy o\u015bwietli\u0107 pok\u00f3j dziecka, aby by\u0142 on funkcjonalny, bezpieczny dla zdrowia i mia\u0142 nowoczesny, atrakcyjny i przytulny wygl\u0105d.","og_url":"https:\/\/www.smd-led.pl\/blog\/jak-oswietlic-pokoj-dziecka\/","og_site_name":"SMD-LED","article_published_time":"2018-09-24T16:03:34+00:00","article_modified_time":"2024-01-16T12:28:19+00:00","og_image":[{"url":"https:\/\/www.smd-led.pl\/blog\/wp-content\/uploads\/2018\/09\/Jak-oswietlic-pokoj-dziecka-34.jpg","width":1024,"height":683,"type":"image\/jpeg"}],"author":"Marcin Pietrasik","twitter_card":"summary_large_image","twitter_misc":{"Napisane przez":"Marcin Pietrasik","Szacowany czas czytania":"13 minut"},"schema":{"@context":"https:\/\/schema.org","@graph":[{"@type":"Article","@id":"https:\/\/www.smd-led.pl\/blog\/jak-oswietlic-pokoj-dziecka\/#article","isPartOf":{"@id":"https:\/\/www.smd-led.pl\/blog\/jak-oswietlic-pokoj-dziecka\/"},"author":{"name":"Marcin Pietrasik","@id":"https:\/\/www.smd-led.pl\/blog\/#\/schema\/person\/887fa24be503d7ae726f67021d1623f5"},"headline":"Jak o\u015bwietli\u0107 pok\u00f3j dziecka?","datePublished":"2018-09-24T16:03:34+00:00","dateModified":"2024-01-16T12:28:19+00:00","mainEntityOfPage":{"@id":"https:\/\/www.smd-led.pl\/blog\/jak-oswietlic-pokoj-dziecka\/"},"wordCount":1584,"image":{"@id":"https:\/\/www.smd-led.pl\/blog\/jak-oswietlic-pokoj-dziecka\/#primaryimage"},"thumbnailUrl":"https:\/\/www.smd-led.pl\/blog\/wp-content\/uploads\/2018\/09\/Jak-oswietlic-pokoj-dziecka-34.jpg","articleSection":["O\u015bwietlenie dla domu"],"inLanguage":"pl-PL"},{"@type":"WebPage","@id":"https:\/\/www.smd-led.pl\/blog\/jak-oswietlic-pokoj-dziecka\/","url":"https:\/\/www.smd-led.pl\/blog\/jak-oswietlic-pokoj-dziecka\/","name":"Jak o\u015bwietli\u0107 pok\u00f3j dziecka? - SMD-LED","isPartOf":{"@id":"https:\/\/www.smd-led.pl\/blog\/#website"},"primaryImageOfPage":{"@id":"https:\/\/www.smd-led.pl\/blog\/jak-oswietlic-pokoj-dziecka\/#primaryimage"},"image":{"@id":"https:\/\/www.smd-led.pl\/blog\/jak-oswietlic-pokoj-dziecka\/#primaryimage"},"thumbnailUrl":"https:\/\/www.smd-led.pl\/blog\/wp-content\/uploads\/2018\/09\/Jak-oswietlic-pokoj-dziecka-34.jpg","datePublished":"2018-09-24T16:03:34+00:00","dateModified":"2024-01-16T12:28:19+00:00","author":{"@id":"https:\/\/www.smd-led.pl\/blog\/#\/schema\/person\/887fa24be503d7ae726f67021d1623f5"},"description":"Jak nale\u017cy o\u015bwietli\u0107 pok\u00f3j dziecka, aby by\u0142 on funkcjonalny, bezpieczny dla zdrowia i mia\u0142 nowoczesny, atrakcyjny i przytulny wygl\u0105d.","breadcrumb":{"@id":"https:\/\/www.smd-led.pl\/blog\/jak-oswietlic-pokoj-dziecka\/#breadcrumb"},"inLanguage":"pl-PL","potentialAction":[{"@type":"ReadAction","target":["https:\/\/www.smd-led.pl\/blog\/jak-oswietlic-pokoj-dziecka\/"]}]},{"@type":"ImageObject","inLanguage":"pl-PL","@id":"https:\/\/www.smd-led.pl\/blog\/jak-oswietlic-pokoj-dziecka\/#primaryimage","url":"https:\/\/www.smd-led.pl\/blog\/wp-content\/uploads\/2018\/09\/Jak-oswietlic-pokoj-dziecka-34.jpg","contentUrl":"https:\/\/www.smd-led.pl\/blog\/wp-content\/uploads\/2018\/09\/Jak-oswietlic-pokoj-dziecka-34.jpg","width":6720,"height":4480,"caption":"Jak o\u015bwietli\u0107 pok\u00f3j dziecka"},{"@type":"BreadcrumbList","@id":"https:\/\/www.smd-led.pl\/blog\/jak-oswietlic-pokoj-dziecka\/#breadcrumb","itemListElement":[{"@type":"ListItem","position":1,"name":"Strona g\u0142\u00f3wna","item":"https:\/\/www.smd-led.pl\/blog\/"},{"@type":"ListItem","position":2,"name":"Jak o\u015bwietli\u0107 pok\u00f3j dziecka?"}]},{"@type":"WebSite","@id":"https:\/\/www.smd-led.pl\/blog\/#website","url":"https:\/\/www.smd-led.pl\/blog\/","name":"SMD-LED","description":"O\u015bwietlenie Led do domu i przemys\u0142u porady, testy i opinie ekspert\u00f3w","potentialAction":[{"@type":"SearchAction","target":{"@type":"EntryPoint","urlTemplate":"https:\/\/www.smd-led.pl\/blog\/?s={search_term_string}"},"query-input":{"@type":"PropertyValueSpecification","valueRequired":true,"valueName":"search_term_string"}}],"inLanguage":"pl-PL"},{"@type":"Person","@id":"https:\/\/www.smd-led.pl\/blog\/#\/schema\/person\/887fa24be503d7ae726f67021d1623f5","name":"Marcin Pietrasik","image":{"@type":"ImageObject","inLanguage":"pl-PL","@id":"https:\/\/www.smd-led.pl\/blog\/#\/schema\/person\/image\/","url":"https:\/\/secure.gravatar.com\/avatar\/c886f4ccbb5c83b665ee8b66f0b3401128439bc832dca6389b6e67c6bdc3d38b?s=96&d=mm&r=g","contentUrl":"https:\/\/secure.gravatar.com\/avatar\/c886f4ccbb5c83b665ee8b66f0b3401128439bc832dca6389b6e67c6bdc3d38b?s=96&d=mm&r=g","caption":"Marcin Pietrasik"},"url":"https:\/\/www.smd-led.pl\/blog\/author\/mpietrasik\/"}]}},"_links":{"self":[{"href":"https:\/\/www.smd-led.pl\/blog\/wp-json\/wp\/v2\/posts\/4307","targetHints":{"allow":["GET"]}}],"collection":[{"href":"https:\/\/www.smd-led.pl\/blog\/wp-json\/wp\/v2\/posts"}],"about":[{"href":"https:\/\/www.smd-led.pl\/blog\/wp-json\/wp\/v2\/types\/post"}],"author":[{"embeddable":true,"href":"https:\/\/www.smd-led.pl\/blog\/wp-json\/wp\/v2\/users\/7"}],"replies":[{"embeddable":true,"href":"https:\/\/www.smd-led.pl\/blog\/wp-json\/wp\/v2\/comments?post=4307"}],"version-history":[{"count":10,"href":"https:\/\/www.smd-led.pl\/blog\/wp-json\/wp\/v2\/posts\/4307\/revisions"}],"predecessor-version":[{"id":17680,"href":"https:\/\/www.smd-led.pl\/blog\/wp-json\/wp\/v2\/posts\/4307\/revisions\/17680"}],"wp:featuredmedia":[{"embeddable":true,"href":"https:\/\/www.smd-led.pl\/blog\/wp-json\/wp\/v2\/media\/2891"}],"wp:attachment":[{"href":"https:\/\/www.smd-led.pl\/blog\/wp-json\/wp\/v2\/media?parent=4307"}],"wp:term":[{"taxonomy":"category","embeddable":true,"href":"https:\/\/www.smd-led.pl\/blog\/wp-json\/wp\/v2\/categories?post=4307"},{"taxonomy":"post_tag","embeddable":true,"href":"https:\/\/www.smd-led.pl\/blog\/wp-json\/wp\/v2\/tags?post=4307"}],"curies":[{"name":"wp","href":"https:\/\/api.w.org\/{rel}","templated":true}]}}