{"id":5110,"date":"2022-01-10T12:51:18","date_gmt":"2022-01-10T11:51:18","guid":{"rendered":"https:\/\/www.smd-led.pl\/blog\/?p=5110"},"modified":"2024-01-11T08:54:29","modified_gmt":"2024-01-11T07:54:29","slug":"normy-oswietlenia-szkol-i-uczelni","status":"publish","type":"post","link":"https:\/\/www.smd-led.pl\/blog\/normy-oswietlenia-szkol-i-uczelni\/","title":{"rendered":"Normy o\u015bwietleniowe &#8211; o\u015bwietlenie w szkole przepisy"},"content":{"rendered":"<p>Dobre o\u015bwietlenie w miejscu pracy jest niezb\u0119dne do wykonywania powierzonych zada\u0144 w komfortowy i jako\u015bciowy spos\u00f3b. Nie inaczej jest z nauk\u0105 w szkole. <b>Jakie s\u0105 normy o\u015bwietleniowe &#8211; o\u015bwietlenie w szkole posiada przepisy, kt\u00f3rych nale\u017cy przestrzega\u0107, by zaj\u0119cia odbywa\u0142y si\u0119 w poprawny spos\u00f3b. Przepisy te okre\u015blane s\u0105 przez norm\u0119 PN-EN 12464-1:2012 &#8222;\u015awiat\u0142o i o\u015bwietlenie &#8211; o\u015bwietlenie miejsc pracy &#8211; Cz\u0119\u015b\u0107 1&#8221;. Prawid\u0142owe o\u015bwietlenie w szkole czy uczelni, kt\u00f3re spe\u0142nia Polskie Normy, sprawia, \u017ce nauka jest przyjemniejsza i efektywniejsza a przede wszystkim bezpieczna . <\/b>Niew\u0142a\u015bciwe, zbyt s\u0142abe lub zbyt intensywne \u015bwiat\u0142o, mo\u017ce powodowa\u0107 dyskomfort, zm\u0119czenie psychiczne, a tak\u017ce utrudnia\u0107 skupienie. Zaprojektowanie systemu o\u015bwietlenia, kt\u00f3ry b\u0119dzie spe\u0142nia\u0142 wymagania, jest zatem kluczowe, by praca mog\u0142a przebiega\u0107 w prawid\u0142owy spos\u00f3b. Opr\u00f3cz odpowiedniego o\u015bwietlenia wszystkie\u00a0 szko\u0142y powinny posiada\u0107 <a href=\"https:\/\/www.smd-led.pl\/oswietlenie-awaryjne\">o\u015bwietlenie Awaryjne<\/a> i <a href=\"https:\/\/www.smd-led.pl\/oprawa-ewakuacyjna\">o\u015bwietlenie ewakuacyjne<\/a>.<\/p>\n<div><strong>\u00a0<\/strong>Czytaj\u0105c poni\u017cszy wpis, dowiesz si\u0119:<\/div>\n<ul>\n<li>W jaki spos\u00f3b o\u015bwietlenie wp\u0142ywa na efektywno\u015b\u0107 pracy i czy z\u0142e o\u015bwietlenie jest szkodliwe?<\/li>\n<li>Co dok\u0142adnie opisuj\u0105 Polskie Normy o\u015bwietlenia szk\u00f3\u0142?<\/li>\n<li>Czym jest i jak dzia\u0142a o\u015bwietlenie ewakuacyjne w szko\u0142ach?<\/li>\n<li>Czym charakteryzuje si\u0119 dobrze zaprojektowane o\u015bwietlenie w szkole?<\/li>\n<\/ul>\n<div id=\"attachment_5858\" style=\"width: 810px\" class=\"wp-caption aligncenter\"><img loading=\"lazy\" decoding=\"async\" aria-describedby=\"caption-attachment-5858\" class=\"wp-image-5858 size-full\" title=\"darmowy projekt o\u015bwietlenia twojej szko\u0142y - o\u015bwietlenie w szkole przepisy\" src=\"https:\/\/www.smd-led.pl\/blog\/wp-content\/uploads\/2022\/01\/Szukasz-oswietlenie-szkoly-zadzwon-2.png\" alt=\"darmowy projekt o\u015bwietlenia twojej szko\u0142y - o\u015bwietlenie w szkole przepisy\" width=\"800\" height=\"533\" \/><p id=\"caption-attachment-5858\" class=\"wp-caption-text\">darmowy projekt o\u015bwietlenia twojej szko\u0142y &#8211; o\u015bwietlenie w szkole przepisy<\/p><\/div>\n<p style=\"text-align: center;\"><strong><span style=\"font-size: 24pt; color: #ff0000;\">Najcz\u0119\u015bciej wybierane panele LED do szk\u00f3\u0142 przez naszych klient\u00f3w:<\/span><\/strong><\/p>\n<div class=\"call-to-action-07\"><div class=\"call-to-action-07__product-box\"><img decoding=\"async\" src=\"https:\/\/www.smd-led.pl\/blog\/wp-content\/uploads\/2023\/12\/panel-led-nelio-60x60-cm-40w-4400lm-biala-neutralna-1.webp\" alt=\"PANEL LED NELIO 60X60 CM 40W 4400LM - BIA\u0141A NEUTRALNA\" \/><span class=\"call-to-action-07__product-title\"><a href=\"https:\/\/www.smd-led.pl\/panele-led\" data-internallinksmanager029f6b8e52c=\"1\" title=\"Panele LED\">PANEL LED<\/a> NELIO 60X60 CM 40W 4400LM<\/span><a href=\"https:\/\/www.smd-led.pl\/panel-led-60x60\" class=\"button\" id=\"panele_led\" target=\"_self\">Zobacz produkt<\/a><\/div><div class=\"call-to-action-07__product-box\"><img decoding=\"async\" src=\"https:\/\/www.smd-led.pl\/blog\/wp-content\/uploads\/2023\/12\/panel-led-line-prime-backlit-40w-4000k-4800lm-595x595-2.webp\" alt=\"PANEL LED LINE PRIME BACKLIT 40W 4000K 4800LM 595X595\" \/><span class=\"call-to-action-07__product-title\">PANEL LED LINE PRIME BACKLIT 40W 4000K 4800LM 595X595<\/span><a href=\"https:\/\/www.smd-led.pl\/panele-led\" class=\"button\" id=\"panele_led\" target=\"_self\">Zobacz produkt<\/a><\/div><div class=\"call-to-action-07__product-box\"><img decoding=\"async\" src=\"https:\/\/www.smd-led.pl\/blog\/wp-content\/uploads\/2023\/12\/profil-led-wpuszczany-2026-03-23T091007.577.png\" alt=\"Panel Led 1195X295 50W 6500K 4500Lm Ip20 Bia\u0142y\" \/><span class=\"call-to-action-07__product-title\">Panel Led 1195X295 50W 6500K 4500Lm Ip20 Bia\u0142y<\/span><a href=\"https:\/\/www.smd-led.pl\/panel-led-120x30\" class=\"button\" id=\"panele_led\" target=\"_self\">Zobacz produkt<\/a><\/div><\/div>\n<h2>Normy o\u015bwietlenia w szkole &#8211; wp\u0142yw na ludzi<\/h2>\n<p>O\u015bwietlenie powinno by\u0107 czynnikiem pozytywnie wp\u0142ywaj\u0105cym na jako\u015b\u0107 wykonywanej pracy. Niestety, bardzo cz\u0119sto zdarza si\u0119, \u017ce w biurach lub szkolnych klasach nat\u0119\u017cenie o\u015bwietlenia jest nieprawid\u0142owe, przez co efektywno\u015b\u0107 pracy znacznie spada. <strong>Ludzie, a\u017c 83% informacji ze \u015bwiata czerpi\u0105 na podstawie wzroku. Kolor, kszta\u0142t, ruch \u2014 wszystko, co widzimy, ma wp\u0142yw na nasze samopoczucie i zachowanie. Dlatego tak wa\u017cne s\u0105 normy o\u015bwietlenia w szkole &#8211; wp\u0142yw na ludzi jest ogromy, nieprzestrzeganie norm o\u015bwietleniowych mo\u017ce prowadzi\u0107 do b\u00f3lu g\u0142owy, pogorszenia widzenia, a tak\u017ce mniejszej wydajno\u015bci.<\/strong><\/p>\n<p>Bez wzgl\u0119du na miejsce i rodzaj wykonywanej pracy, prawid\u0142owe \u015bwiat\u0142o jest niezb\u0119dne do wykonywania zada\u0144 w komfortowy i bezpieczny spos\u00f3b. Nawet niewidoczne na pierwszy rzut oka migotania lub z\u0142y k\u0105t padania \u015bwiat\u0142a mog\u0105 mie\u0107 wp\u0142yw na jako\u015b\u0107 pracy.<\/p>\n<p>Poziom nat\u0119\u017cenia \u015bwiat\u0142a w szkole jak i jego rozk\u0142ad, ma wp\u0142yw na to, jak uczniowie i nauczyciele szybko wykonuj\u0105 dane zadania, ale r\u00f3wnie\u017c na to, jak d\u0142ugo mog\u0105 pozosta\u0107 w skupieniu. Nieprawid\u0142owo dobrane oprawy o\u015bwietleniowe powoduj\u0105:<\/p>\n<ul>\n<li>b\u00f3le g\u0142owy,<\/li>\n<li>zm\u0119czenie wzroku,<\/li>\n<li>zmniejszenie ostro\u015bci widzenia,<\/li>\n<li>pogorszenie samopoczucia i zmniejszenie wydajno\u015bci pracy,<\/li>\n<li>zwi\u0119kszenie ryzyka wypadku,<\/li>\n<li>uczucie chronicznego zm\u0119czenia.<\/li>\n<\/ul>\n<p>Zastosowanie odpowiednich \u017ar\u00f3de\u0142 \u015bwiat\u0142a dostosowanych do szkolnych klas lub auli mo\u017ce pom\u00f3c zredukowa\u0107, lub ca\u0142kowicie wyeliminowa\u0107 te objawy.<\/p>\n<p>Jednym ze sprawdzonych rozwi\u0105za\u0144, na kt\u00f3re warto zwr\u00f3ci\u0107 uwag\u0119 projektuj\u0105c o\u015bwietlenie do szko\u0142y jest panel LED. Zbudowany jest z wysokiej jako\u015bci materia\u0142\u00f3w, a \u017ar\u00f3d\u0142em \u015bwiat\u0142a s\u0105 diody <a href=\"https:\/\/www.smd-led.pl\/\">LED SMD<\/a>, kt\u00f3re generuj\u0105 \u015bwiat\u0142o o naturalnej temperaturze 4000 K. K\u0105t rozsy\u0142u \u015bwiat\u0142a wynosi a\u017c 120 stopni, dzi\u0119ki czemu jest ono r\u00f3wnomiernie rozproszone po ca\u0142ej powierzchni. Dodatkowo charakteryzuje si\u0119 wysokim wsp\u00f3\u0142czynnikiem oddawania barw Ra&gt;80 oraz \u017cywotno\u015bci\u0105 na poziomie 20 000 godzin. Jest to zatem idealna oprawa do biur, szk\u00f3\u0142 oraz uczelni.<\/p>\n<p>Innym typem opraw, kt\u00f3ry r\u00f3wnie\u017c \u015bwietnie sprawdzi si\u0119 w tej roli, s\u0105 lampy liniowe LED, kt\u00f3re s\u0105 bardzo estetyczne i funkcjonalne.<\/p>\n<p>Interesuj\u0105 Ci\u0119 <a href=\"https:\/\/www.smd-led.pl\/oswietlenie-liniowe-led\" target=\"_blank\" rel=\"noopener noreferrer\">lampy liniowe LED<\/a> , a mo\u017ce <a href=\"https:\/\/www.smd-led.pl\/panele-led\" target=\"_blank\" rel=\"noopener noreferrer\">panel LED\u00a0<\/a>? Zapoznaj si\u0119 z ofert\u0105 naszego sklepu!<\/p>\n<p>Do o\u015bwietlenia szkolnych \u0142azienek doskonale sprawdzi si\u0119 <a href=\"https:\/\/www.smd-led.pl\/panel-led-120x30\">panel LED 120&#215;30<\/a> z podwy\u017cszon\u0105 klas\u0105 szczelno\u015bci.<\/p>\n<div id=\"attachment_5112\" style=\"width: 1010px\" class=\"wp-caption aligncenter\"><img loading=\"lazy\" decoding=\"async\" aria-describedby=\"caption-attachment-5112\" class=\"wp-image-5112 size-full\" src=\"https:\/\/www.smd-led.pl\/blog\/wp-content\/uploads\/2022\/01\/oswietlenie-szkol-2.jpg\" alt=\"Normy o\u015bwietlenia w szkole - wp\u0142yw na ludzi\" width=\"1000\" height=\"667\" \/><p id=\"caption-attachment-5112\" class=\"wp-caption-text\">Normy o\u015bwietlenia w szkole &#8211; wp\u0142yw na ludzi<\/p><\/div>\n<h2><strong>Nat\u0119\u017cenie o\u015bwietlenia w szkole &#8211; o\u015bwietlenie w szkole przepisy<\/strong><\/h2>\n<p>O\u015bwietlenie w niemal ka\u017cdym miejscu pracy jest dzi\u015b \u015bci\u015ble opisane w licznych rozporz\u0105dzeniach i normach. Nie inaczej jest z wymaganiami dotycz\u0105cymi o\u015bwietlenia w szko\u0142ach. Jedn\u0105 z najwa\u017cniejszych norm dotycz\u0105cych o\u015bwietlenia w pomieszczeniach dydaktycznych jest PN-EN 12464-1:2012 &#8222;\u015awiat\u0142o i o\u015bwietlenie &#8211; o\u015bwietlenie miejsc pracy &#8211; Cz\u0119\u015b\u0107 1&#8221;. Przedstawia ona m.in. wymagania dot. nat\u0119\u017cenia \u015bwiat\u0142a, optymalnej temperatury barwowej oraz wska\u017anika oddawania barw w pomieszczeniach biurowych. <strong>Nat\u0119\u017cenie o\u015bwietlenia w szkole omawia r\u00f3wnie\u017c Rozporz\u0105dzenie Ministra Edukacji Narodowej i Sportu z dnia 31.12.2002 roku w sprawie BHP w publicznych i niepublicznych szko\u0142ach i plac\u00f3wkach, a tak\u017ce Rozporz\u0105dzenie Ministra Infrastruktury z dnia 12.04.2002 roku w sprawie warunk\u00f3w technicznych, jakim powinny odpowiada\u0107 budynki przeznaczone na pobyt ludzi.<\/strong><\/p>\n<p>Poni\u017cej znajdziesz pokr\u00f3tce opisane najwa\u017cniejsze parametry charakteryzuj\u0105ce o\u015bwietlenie pomieszcze\u0144 dydaktycznych w szko\u0142ach i uczelniach.<\/p>\n<ul>\n<li>Biblioteki Czytelnie<\/li>\n<li>Biblioteki Rega\u0142y ksi\u0105\u017ckowe<\/li>\n<li>O\u015bwietlenie Tablic zielonych i bia\u0142ych<\/li>\n<li>Hale sportowe w plac\u00f3wkach edukacyjnych<\/li>\n<li>Hale wej\u015bciowe w plac\u00f3wkach edukacyjnych<\/li>\n<li>Kantyny szkolne<\/li>\n<li>Kre\u015blarnie szkolne<\/li>\n<li>Kre\u015blarnie i szko\u0142y artystyczne<\/li>\n<li>Kuchnie w plac\u00f3wkach edukacyjnych<\/li>\n<li>Laboratoria j\u0119zykowe<\/li>\n<li>Pok\u00f3j nauczycielski<\/li>\n<li>Pomieszczenia do \u0107wicze\u0144 i laboratoria<\/li>\n<li>Pomieszczenia do \u0107wicze\u0144 muzycznych<\/li>\n<li>Pomieszczenia dydaktyczne dla klas wieczorowych i szkolenia doros\u0142ych<\/li>\n<li>Pomieszczenia dydaktyczne, seminaria<\/li>\n<li>Pomieszczenia komputerowe<\/li>\n<li>Pomieszczenia pomocy naukowych<\/li>\n<li>Pomieszczenia przygotowawcze i warsztaty<\/li>\n<li>Pomieszczenia rysunku technicznego w obiektach szkolnych<\/li>\n<li>Pomieszczenia wsp\u00f3lne dla uczni\u00f3w i student\u00f3w, miejsca zgromadze\u0144<\/li>\n<li>Powierzchnie komunikacyjne, korytarze w instytucjach kszta\u0142c\u0105cych<\/li>\n<li>Sale rzemie\u015blnicze (do prac wykonywanych r\u0119cznie)<\/li>\n<li>Sale wyk\u0142adowe w plac\u00f3wkach o\u015bwiaty<\/li>\n<li>Schody w plac\u00f3wkach o\u015bwiaty<\/li>\n<li>St\u00f3\u0142 Prezentacyjny<\/li>\n<li>Warsztaty szkoleniowe<\/li>\n<\/ul>\n<h3>Pomiary nat\u0119\u017cenia o\u015bwietlenia w szko\u0142ach<\/h3>\n<p>Jak wygl\u0105daj\u0105 pomiary nat\u0119\u017cenia o\u015bwietlenia w szko\u0142ach? Tak jak w ka\u017cdym innym obiekcie, w szkole i pozosta\u0142ych plac\u00f3wkach o\u015bwiaty, obowi\u0105zuj\u0105 normy o\u015bwietleniowe, kt\u00f3rych nale\u017cy przestrzega\u0107. Pomiary nat\u0119\u017cenia o\u015bwietlenia wykonuje si\u0119 zazwyczaj na powierzchni roboczej na wysoko\u015bci 0.80 cm od pod\u0142o\u017ca. W zale\u017cno\u015bci od pomieszczenia nat\u0119\u017cenie zmienia si\u0119. Dla przyk\u0142adu w laboratoriach j\u0119zykowych nat\u0119\u017cenie powinno wynosi\u0107 300 luks\u00f3w, a w pomieszczeniach rysunku technicznego prawid\u0142owe nat\u0119\u017cenie wynosi 750 luks\u00f3w.<\/p>\n<div class=\"call-to-action-07\"><div class=\"call-to-action-07__product-box\"><img decoding=\"async\" src=\"https:\/\/www.smd-led.pl\/blog\/wp-content\/uploads\/2023\/12\/oprawa-hermetyczna-led-line-prime-linker-40w-4000k-150lm-w-220-240v-ip65-1.jpg\" alt=\"OPRAWA HERMETYCZNA LED LINE PRIME LINKER 40W\" \/><span class=\"call-to-action-07__product-title\">OPRAWA HERMETYCZNA LED LINE PRIME LINKER 40W<\/span><a href=\"https:\/\/www.smd-led.pl\/oprawa-hermetyczna\" class=\"button\" id=\"oprawy_hermetyczne_\" target=\"_self\">Zobacz produkt<\/a><\/div><div class=\"call-to-action-07__product-box\"><img decoding=\"async\" src=\"https:\/\/www.smd-led.pl\/blog\/wp-content\/uploads\/2023\/12\/oprawa-hermetyczna-led-v-tac-g-series-120cm-36w-120lm-w-vt-1249-4000k-4320lm.webp\" alt=\"Oprawa gara\u017cowa\" \/><span class=\"call-to-action-07__product-title\">LAMPA HERMETYCZNA LED LIMEA GIGANT 38W<\/span><a href=\"https:\/\/www.smd-led.pl\/swietlowki-i-oprawy-led\" class=\"button\" id=\"oprawy_hermetyczne_\" target=\"_self\">Zobacz Produkt<\/a><\/div><div class=\"call-to-action-07__product-box\"><img decoding=\"async\" src=\"https:\/\/www.smd-led.pl\/blog\/wp-content\/uploads\/2023\/12\/oprawa-led-nexforce1-60w-neutralna-biala.webp\" alt=\"OPRAWA LED NEXFORCE1 60W NEUTRALNA BIA\u0141A\" \/><span class=\"call-to-action-07__product-title\">OPRAWA LED NEXFORCE1 60W<\/span><a href=\"https:\/\/www.smd-led.pl\/lampa-led-do-garazu\" class=\"button\" id=\"oprawy_hermetyczne_\" target=\"_blank\">Zobacz produkt<\/a><\/div><\/div>\n<h3>Normy o\u015bwietlenia w bibliotece i czytelni<\/h3>\n<p>Wymagania nat\u0119\u017cenia o\u015bwietlenia w czytelniach i bibliotekach na powierzchni roboczej (0,80m) powinno wynosi\u0107 500 lx (luks\u00f3w) r\u00f3wnomierno\u015b\u0107 (Emin\/Em) utrzymana na poziomie 0.60. Wa\u017cne jest aby oprawy mia\u0142y niski wsp\u00f3\u0142czynnik UGR 19. Indeks oddawania barw <a href=\"https:\/\/www.smd-led.pl\/blog\/wspolczynnik-oddawania-barw-ra-cri\/\" data-internallinksmanager029f6b8e52c=\"2\" title=\"Wsp\u00f3\u0142czynnik oddawania barw RA - czym jest CRI?\">CRI<\/a> powy\u017cej 80.<\/p>\n<h3>Normy o\u015bwietlenia na rega\u0142ach ksi\u0105\u017ckowych<\/h3>\n<p>Wymagania nat\u0119\u017cenia o\u015bwietlenia w czytelniach i bibliotekach na rega\u0142ach ksi\u0105\u017ckowych na powierzchni p\u0142aszczyzny (0,80m) powinno wynosi\u0107 200 lx (luks\u00f3w) r\u00f3wnomierno\u015b\u0107 (Emin\/Em) utrzymana na poziomie 0.60. Wa\u017cne jest aby oprawy mia\u0142y niski wsp\u00f3\u0142czynnik UGR 19. Indeks oddawania barw CRI powy\u017cej 80.<\/p>\n<h3>Normy o\u015bwietlenia tablic zielonych i bia\u0142ych<\/h3>\n<p>Wymagania nat\u0119\u017cenia o\u015bwietlenia na szkolnych tablicach na powierzchni p\u0142aszczyzny (0,80m) powinno wynosi\u0107 500 lx (luks\u00f3w) r\u00f3wnomierno\u015b\u0107 (Emin\/Em) utrzymana na poziomie 0.70. Wa\u017cne jest aby oprawy mia\u0142y niski wsp\u00f3\u0142czynnik UGR 19. Indeks oddawania barw CRI powy\u017cej 80.<\/p>\n<div id=\"attachment_5868\" style=\"width: 1009px\" class=\"wp-caption aligncenter\"><img loading=\"lazy\" decoding=\"async\" aria-describedby=\"caption-attachment-5868\" class=\"wp-image-5868 size-full\" src=\"https:\/\/www.smd-led.pl\/blog\/wp-content\/uploads\/2022\/01\/Oswietlenie-tablic-szkolnych-1.jpg\" alt=\"Normy o\u015bwietlenia tablic zielonych i bia\u0142ych\" width=\"999\" height=\"667\" \/><p id=\"caption-attachment-5868\" class=\"wp-caption-text\">Normy o\u015bwietlenia tablic zielonych i bia\u0142ych<\/p><\/div>\n<h3>Nomy o\u015bwietlenia hal wej\u015bciowych w plac\u00f3wkach edukacyjnych &#8211; o\u015bwietlenie w szkole przepisy<\/h3>\n<p>Wymagania nat\u0119\u017cenia o\u015bwietlenia na halach wej\u015bciowych na powierzchni p\u0142aszczyzny (0.80m) powinno wynosi\u0107 200 lx (luks\u00f3w) r\u00f3wnomierno\u015b\u0107 (Emin\/Em) utrzymana na poziomie 0.40. Wa\u017cne jest aby oprawy mia\u0142y wsp\u00f3\u0142czynnik UGR 22. Indeks oddawania barw CRI powy\u017cej 80.<\/p>\n<h3>Normy o\u015bwietlenia w kantynach szkolnych &#8211; o\u015bwietlenie w szkole przepisy<\/h3>\n<p>Wymagania nat\u0119\u017cenia o\u015bwietlenia na kantynach szkolnych na powierzchni p\u0142aszczyzny (0.80m) powinno wynosi\u0107 200 lx (luks\u00f3w) r\u00f3wnomierno\u015b\u0107 (Emin\/Em) utrzymana na poziomie 0.40. Wa\u017cne jest aby oprawy mia\u0142y wsp\u00f3\u0142czynnik UGR 22. Indeks oddawania barw CRI powy\u017cej 80.<\/p>\n<div class=\"call-to-action-07\"><div class=\"call-to-action-07__product-box\"><img decoding=\"async\" src=\"https:\/\/www.smd-led.pl\/blog\/wp-content\/uploads\/2023\/12\/Lampa-awaryjna.png\" alt=\"Lampa awaryjna\" \/><span class=\"call-to-action-07__product-title\">Lampa awaryjna<\/span><a href=\"https:\/\/www.smd-led.pl\/lampa-awaryjna\" class=\"button\" id=\"awaryjne_1\" target=\"_self\">Zobacz produkty<\/a><\/div><div class=\"call-to-action-07__product-box\"><img decoding=\"async\" src=\"https:\/\/www.smd-led.pl\/blog\/wp-content\/uploads\/2023\/12\/Oprawa-LED-z-modulem-awaryjnym.png\" alt=\"PLAFONIERA INLKLO 97847 COSMIC LED 12W IP66 4000K MD\" \/><span class=\"call-to-action-07__product-title\">Oprawa LED z modu\u0142em awaryjnym<\/span><a href=\"https:\/\/www.smd-led.pl\/oprawa-led-z-modulem-awaryjnym\" class=\"button\" id=\"awaryjne_1\" target=\"_self\">Zobacz produkty<\/a><\/div><div class=\"call-to-action-07__product-box\"><img decoding=\"async\" src=\"https:\/\/www.smd-led.pl\/blog\/wp-content\/uploads\/2023\/12\/Oprawa-ewakuacyjna.png\" alt=\"Oprawa ewakuacyjna\" \/><span class=\"call-to-action-07__product-title\">Oprawa ewakuacyjna<\/span><a href=\"https:\/\/www.smd-led.pl\/oprawa-ewakuacyjna\" class=\"button\" id=\"awaryjne_1\" target=\"_self\">Zobacz produkty<\/a><\/div><\/div>\n<h3>Normy o\u015bwietlenia w kre\u015blarniach szkolnych<\/h3>\n<p>Wymagania nat\u0119\u017cenia o\u015bwietlenia na kre\u015blarniach (0.80m) na powierzchni p\u0142aszczyzny powinno wynosi\u0107 500 lx (luks\u00f3w) r\u00f3wnomierno\u015b\u0107 (Emin\/Em) utrzymana na poziomie 0.60. Wa\u017cne jest aby oprawy mia\u0142y niski wsp\u00f3\u0142czynnik UGR 19. Indeks oddawania barw CRI powy\u017cej 80.<\/p>\n<h3>Normy o\u015bwietlenia w kre\u015blarniach i w szko\u0142ach artystycznych<\/h3>\n<p>Wymagania nat\u0119\u017cenia o\u015bwietlenia w kre\u015blarniach i szko\u0142ach artystycznych na powierzchni p\u0142aszczyzny (0.80m) powinno wynosi\u0107 750 lx (luks\u00f3w) r\u00f3wnomierno\u015b\u0107 (Emin\/Em) utrzymana na poziomie 0.70. Wa\u017cne jest aby oprawy mia\u0142y wsp\u00f3\u0142czynnik UGR 19. Indeks oddawania barw CRI powy\u017cej 90.<\/p>\n<h3>Normy o\u015bwietlenia w kuchniach plac\u00f3wek edukacyjnych<\/h3>\n<p>Wymagania nat\u0119\u017cenia o\u015bwietlenia w kuchniach (0.80m) na powierzchni p\u0142aszczyzny powinno wynosi\u0107 500 lx (luks\u00f3w) r\u00f3wnomierno\u015b\u0107 (Emin\/Em) utrzymana na poziomie 0.60. Wa\u017cne jest aby oprawy mia\u0142y wsp\u00f3\u0142czynnik UGR 22. Indeks oddawania barw CRI powy\u017cej 80.<\/p>\n<h3>Normy o\u015bwietlenia w laboratoriach j\u0119zykowych<\/h3>\n<p>Wymagania nat\u0119\u017cenia o\u015bwietlenia w laboratoriach j\u0119zykowych na powierzchni p\u0142aszczyzny (0.80m) powinno wynosi\u0107 300 lx (luks\u00f3w) r\u00f3wnomierno\u015b\u0107 (Emin\/Em) utrzymana na poziomie 0.60. Wa\u017cne jest aby oprawy mia\u0142y niski wsp\u00f3\u0142czynnik UGR 19. Indeks oddawania barw CRI powy\u017cej 80.<\/p>\n<h3>Normy o\u015bwietlenia w pokoju nauczycielskim<\/h3>\n<p>Wymagania nat\u0119\u017cenia o\u015bwietlenia w pokoju nauczycielskim na powierzchni p\u0142aszczyzny (0.80m) powinno wynosi\u0107 300 lx (luks\u00f3w) r\u00f3wnomierno\u015b\u0107 (Emin\/Em) utrzymana na poziomie 0.60. Wa\u017cne jest aby oprawy mia\u0142y niski wsp\u00f3\u0142czynnik UGR 19. Indeks oddawania barw CRI powy\u017cej 80.<\/p>\n<h3>Normy o\u015bwietlenia w pomieszczeniach do \u0107wicze\u0144 i laboratoriach<\/h3>\n<p>Wymagania nat\u0119\u017cenia o\u015bwietlenia w pomieszczeniach do \u0107wicze\u0144 i laboratoriach na powierzchni p\u0142aszczyzny (0.80m) powinno wynosi\u0107 500 lx (luks\u00f3w) r\u00f3wnomierno\u015b\u0107 (Emin\/Em) utrzymana na poziomie 0.60. Wa\u017cne jest aby oprawy mia\u0142y niski wsp\u00f3\u0142czynnik UGR 19. Indeks oddawania barw CRI powy\u017cej 80.<\/p>\n<h3>Normy o\u015bwietlenia w pomieszczeniach do \u0107wicze\u0144 muzycznych<\/h3>\n<p>Wymagania nat\u0119\u017cenia o\u015bwietlenia w pomieszczeniach do \u0107wicze\u0144 muzycznych na powierzchni p\u0142aszczyzny (0.80m) powinno wynosi\u0107 300 lx (luks\u00f3w) r\u00f3wnomierno\u015b\u0107 (Emin\/Em) utrzymana na poziomie 0.60. Wa\u017cne jest aby oprawy mia\u0142y niski wsp\u00f3\u0142czynnik UGR 19. Indeks oddawania barw CRI powy\u017cej 80.<\/p>\n<div class=\"call-to-action-04\"><div class=\"call-to-action-04__img-box\"><img decoding=\"async\" src=\"https:\/\/www.smd-led.pl\/blog\/wp-content\/uploads\/2023\/12\/panel-led-60w-60x60-4000k-5400lm-ip20-bialy.webp\" alt=\"panel-led-60w-60x60-4000k-5400lm-ip20-bialy\" \/><\/div><div class=\"call-to-action-04__info-box\"><span class=\"call-to-action-04__product-title\"><a href=\"https:\/\/www.smd-led.pl\/panele-led\" data-internallinksmanager029f6b8e52c=\"18\" title=\"PANEL LED 60W 60X60 4000K 5400LM IP20 BIA\u0141Y\">PANEL LED 60W<\/a> 60X60 4000K<\/span><p><p><strong>Panel LED 60W<\/strong>\u00a060&#215;60 4000K 5400lm IP20 BIA\u0141Y to wysokiej jako\u015bci <a href=\"https:\/\/www.smd-led.pl\/panel-led-60x60\" data-internallinksmanager029f6b8e52c=\"3\" title=\"Panel LED 60x60\">panel led sufitowy 60&#215;60<\/a>, zapewniaj\u0105cy nie tylko znakomite o\u015bwietlenie, ale tak\u017ce oszcz\u0119dno\u015b\u0107 energii i trwa\u0142o\u015b\u0107. Ten zaawansowany technologicznie produkt to idealne rozwi\u0105zanie do zastosowania zar\u00f3wno w przestrzeni biurowej, jak i komercyjnej. Dzi\u0119ki odpowiedniej mocy i barwie, ten panel LED 60&#215;60 4000K zapewnia komfortowe, mocne \u015bwiat\u0142o.<\/p>\n<\/p><a href=\"https:\/\/www.smd-led.pl\/panel-led-60x60\" class=\"button\" id=\"panel_eco_60\" target=\"_self\">Zobacz produkt<\/a><\/div><\/div>\n<h3>Normy o\u015bwietlenia w pomieszczeniach dydaktycznych dla klas wieczorowych i szkolenia doros\u0142ych<\/h3>\n<p>Wymagania nat\u0119\u017cenia o\u015bwietlenia w pomieszczeniach dydaktycznych dla klas wieczorowych i szkolenia doros\u0142ych na powierzchni (0.80m) powinno wynosi\u0107 500 lx (luks\u00f3w) r\u00f3wnomierno\u015b\u0107 (Emin\/Em) utrzymana na poziomie 0.60. Wa\u017cne jest aby oprawy mia\u0142y niski wsp\u00f3\u0142czynnik UGR 19. Indeks oddawania barw CRI powy\u017cej 80.<\/p>\n<h3>Normy o\u015bwietlenia o\u015bwietlenia w pomieszczeniach dydaktycznych i seminariach<\/h3>\n<p>Wymagania nat\u0119\u017cenia o\u015bwietlenia w pomieszczeniach dydaktycznych i seminariach pomiaru dokonujemy w p\u0142aszczy\u017anie (0.80m) nat\u0119\u017cenie o\u015bwietlenia powinno wynosi\u0107 300 lx (luks\u00f3w). R\u00f3wnomierno\u015b\u0107 (Emin\/Em) utrzymana na poziomie 0.60. Wa\u017cne jest aby oprawy mia\u0142y niski wsp\u00f3\u0142czynnik UGR 19. Indeks oddawania barw CRI powy\u017cej 80.<\/p>\n<h3>Normy o\u015bwietlenia w pomieszczeniach komputerowych<\/h3>\n<p>Wymagania nat\u0119\u017cenia o\u015bwietlenia w pomieszczeniach komputerowych powinno wykona\u0107 si\u0119 na p\u0142aszczy\u017anie (0.80m) jej poziom nat\u0119\u017cenia to 300 lx (luks\u00f3w). R\u00f3wnomierno\u015b\u0107 (Emin\/Em) utrzymana na poziomie 0.60. Wa\u017cne jest aby oprawy mia\u0142y niski wsp\u00f3\u0142czynnik UGR 19. Indeks oddawania barw CRI powy\u017cej 80.<\/p>\n<h3>Normy o\u015bwietlenia w pomieszczeniach pomocy naukowych<\/h3>\n<p>Wymagania nat\u0119\u017cenia o\u015bwietlenia w pomieszczeniach pomocy naukowych pomiar dokonujemy (0.80m) powinno wynosi\u0107 100 lx (luks\u00f3w) r\u00f3wnomierno\u015b\u0107 (Emin\/Em) utrzymana na poziomie 0.40. Wa\u017cne jest aby oprawy mia\u0142y wsp\u00f3\u0142czynnik UGR 25. Indeks oddawania barw CRI powy\u017cej 80.<\/p>\n<h3>Normy o\u015bwietlenia w pomieszczeniach przygotowawczych i warsztatach<\/h3>\n<p>Wymagania nat\u0119\u017cenia o\u015bwietlenia w pomieszczeniach przygotowawczych i warsztatach mierzymy na wysoko\u015bci (0.80m) i powinno ono wynosi\u0107 500 lx (luks\u00f3w). R\u00f3wnomierno\u015b\u0107 (Emin\/Em) utrzymana na poziomie 0.60. Wa\u017cne jest aby oprawy mia\u0142y wsp\u00f3\u0142czynnik UGR 22. Indeks oddawania barw CRI powy\u017cej 80.<\/p>\n<h3>Normy o\u015bwietlenia na halach sportowych<\/h3>\n<p>Wymagania nat\u0119\u017cenia o\u015bwietlenia na halach sportowych na powierzchni p\u0142aszczyzny (1m) powinno wynosi\u0107 300 lx (luks\u00f3w) r\u00f3wnomierno\u015b\u0107 (Emin\/Em) utrzymana na poziomie 0.60. Wa\u017cne jest aby oprawy mia\u0142y wsp\u00f3\u0142czynnik UGR 22. Indeks oddawania barw CRI powy\u017cej 80.<\/p>\n<div id=\"attachment_8231\" style=\"width: 1010px\" class=\"wp-caption aligncenter\"><img loading=\"lazy\" decoding=\"async\" aria-describedby=\"caption-attachment-8231\" class=\"wp-image-8231 size-full\" src=\"https:\/\/www.smd-led.pl\/blog\/wp-content\/uploads\/2022\/01\/Hale-sportowe.jpg\" alt=\"Normy o\u015bwietlenia na halach sportowych\" width=\"1000\" height=\"622\" \/><p id=\"caption-attachment-8231\" class=\"wp-caption-text\">Normy o\u015bwietlenia na halach sportowych<\/p><\/div>\n<h3>Normy o\u015bwietlenia w pomieszczeniach rysunku technicznego<\/h3>\n<p>Wymagania nat\u0119\u017cenia o\u015bwietlenia w pomieszczeniach rysunku technicznego mierzone na wysoko\u015bci blatu roboczego (0.80m) powinno wynosi\u0107 750 lx (luks\u00f3w) r\u00f3wnomierno\u015b\u0107 (Emin\/Em) utrzymana na poziomie 0.70. Wa\u017cne jest aby oprawy mia\u0142y wsp\u00f3\u0142czynnik UGR 16. Indeks oddawania barw CRI powy\u017cej 80.<\/p>\n<h3>Normy o\u015bwietlenie w pomieszczeniach wsp\u00f3lnych dla uczni\u00f3w i student\u00f3w, miejscach zgromadze\u0144<\/h3>\n<p>Wymagania nat\u0119\u017cenia o\u015bwietlenia w pomieszczeniach wsp\u00f3lnych dla uczni\u00f3w i student\u00f3w, miejscach zgromadze\u0144, pomiar powinno dokonywa\u0107 si\u0119 na wysoko\u015bci (0.80m) nat\u0119\u017cenie powinno wynosi\u0107 200 lx (luks\u00f3w) r\u00f3wnomierno\u015b\u0107 (Emin\/Em) utrzymana na poziomie 0.40. Wa\u017cne jest aby oprawy mia\u0142y wsp\u00f3\u0142czynnik UGR 22. Indeks oddawania barw CRI powy\u017cej 80.<\/p>\n<h3>Normy o\u015bwietlenia w powierzchniach komunikacyjnych, korytarzach<\/h3>\n<p>Wymagania nat\u0119\u017cenia o\u015bwietlenia w powierzchniach komunikacyjnych, korytarzach (0.00m) powinno wynosi\u0107 100 lx (luks\u00f3w) r\u00f3wnomierno\u015b\u0107 (Emin\/Em) utrzymana na poziomie 0.40. Wa\u017cne jest aby oprawy mia\u0142y wsp\u00f3\u0142czynnik UGR 25. Indeks oddawania barw CRI powy\u017cej 80.<\/p>\n<h3>Normy o\u015bwietlenia w salach rzemie\u015blniczych &#8211; o\u015bwietlenie w szkole przepisy<\/h3>\n<p>Wymagania nat\u0119\u017cenia o\u015bwietlenia w salach rzemie\u015blniczych mierzona na powierzchni (0.80m) powinno wynosi\u0107 500 lx (luks\u00f3w) r\u00f3wnomierno\u015b\u0107 (Emin\/Em) utrzymana na poziomie 0.60. Wa\u017cne jest aby oprawy mia\u0142y niski wsp\u00f3\u0142czynnik UGR 19. Indeks oddawania barw CRI powy\u017cej 80.<\/p>\n<h3>Normy o\u015bwietlenia w salach wyk\u0142adowych &#8211; o\u015bwietlenie w szkole przepisy<\/h3>\n<p>Wymagania nat\u0119\u017cenia o\u015bwietlenia w salach wyk\u0142adowych przy pomiarze na wysoko\u015bci (0.80m) powinno wynosi\u0107 500 lx (luks\u00f3w) r\u00f3wnomierno\u015b\u0107 (Emin\/Em) utrzymana na poziomie 0.60. Wa\u017cne jest aby oprawy mia\u0142y niski wsp\u00f3\u0142czynnik UGR 19. Indeks oddawania barw CRI powy\u017cej 80.<\/p>\n<h3>Normy o\u015bwietlenia na schodach w plac\u00f3wkach o\u015bwiaty &#8211; o\u015bwietlenie w szkole przepisy<\/h3>\n<p>Wymagania nat\u0119\u017cenia o\u015bwietlenia na schodach w plac\u00f3wkach o\u015bwiaty. Pomiaru dokonuje si\u0119 przy pod\u0142odze.(0.00m)nat\u0119\u017cenie o\u015bwietlenia powinno Wynosi\u0107 150 lx (luks\u00f3w) r\u00f3wnomierno\u015b\u0107 (Emin\/Em) utrzymana na poziomie 0.40. Wa\u017cne jest aby oprawy mia\u0142y wsp\u00f3\u0142czynnik UGR 25. Indeks oddawania barw CRI powy\u017cej 80.<\/p>\n<h3>Normy o\u015bwietlenia na sto\u0142ach prezentacyjnych w plac\u00f3wkach edukacyjnych &#8211; o\u015bwietlenie w szkole przepisy<\/h3>\n<p>Wymagania nat\u0119\u017cenia na sto\u0142ach prezentacyjnych w plac\u00f3wkach edukacyjnych. Pomiaru dokonuje si\u0119 na wysoko\u015bci (0.80m)nat\u0119\u017cenie o\u015bwietlenia powinno Wynosi\u0107 500 lx (luks\u00f3w) r\u00f3wnomierno\u015b\u0107 (Emin\/Em) utrzymana na poziomie 0.70. Wa\u017cne jest aby oprawy mia\u0142y wsp\u00f3\u0142czynnik UGR 19. Indeks oddawania barw CRI powy\u017cej 80.<\/p>\n<h3>Normy o\u015bwietlenia w warsztatach szkoleniowych<\/h3>\n<p>Wymagania nat\u0119\u017cenia w warsztatach szkoleniowych powinny by\u0107 mierzone na wysoko\u015bci (0.80m) . Nat\u0119\u017cenie o\u015bwietlenia powinno Wynosi\u0107 500 lx (luks\u00f3w) r\u00f3wnomierno\u015b\u0107 (Emin\/Em) utrzymana na poziomie 0.60. Wa\u017cne jest aby oprawy mia\u0142y wsp\u00f3\u0142czynnik UGR 19. Indeks oddawania barw CRI powy\u017cej 80.<\/p>\n<h2>Polska norma o\u015bwietleniowa &#8211; plac\u00f3wki edukacyjne<\/h2>\n<h3>Pok\u00f3j zabaw &#8211; norma o\u015bwietleniowa<\/h3>\n<p>Norma o\u015bwietleniowa w pokojach zabaw szkolno-przedszkolnych. Pomiaru dokonuje si\u0119 na wysoko\u015bci (0.80m)nat\u0119\u017cenie o\u015bwietlenia powinno Wynosi\u0107 300 lx (luks\u00f3w) r\u00f3wnomierno\u015b\u0107 (Emin\/Em) utrzymana na poziomie 0.40. Wa\u017cne jest aby oprawy mia\u0142y wsp\u00f3\u0142czynnik UGR 22. Indeks oddawania barw CRI powy\u017cej 80.<\/p>\n<h3>Sale rzemie\u015blnicze (do prac wykonywanych r\u0119cznie) &#8211; norma o\u015bwietleniowa<\/h3>\n<p>Wymagania nat\u0119\u017cenia, czyli norma o\u015bwietleniowa w salach rzemie\u015blniczych plac\u00f3wek szklono przedszkolnych. Pomiaru dokonuje si\u0119 na wysoko\u015bci (0.80m)nat\u0119\u017cenie o\u015bwietlenia powinno Wynosi\u0107 300 lx (luks\u00f3w) r\u00f3wnomierno\u015b\u0107 (Emin\/Em) utrzymana na poziomie 0.60. Wa\u017cne jest aby oprawy mia\u0142y wsp\u00f3\u0142czynnik UGR 19. Indeks oddawania barw CRI powy\u017cej 80.<\/p>\n<h3>\u017b\u0142obki &#8211; norma o\u015bwietleniowa<\/h3>\n<p>Jakie s\u0105 normy o\u015bwietleniowe w \u017c\u0142obkach? Oto wymagania nat\u0119\u017cenia w \u017c\u0142obkach. Pomiaru dokonuje si\u0119 na wysoko\u015bci (0.80m)nat\u0119\u017cenie o\u015bwietlenia powinno Wynosi\u0107 300 lx (luks\u00f3w) r\u00f3wnomierno\u015b\u0107 (Emin\/Em) utrzymana na poziomie 0.40. Wa\u017cne jest aby oprawy mia\u0142y wsp\u00f3\u0142czynnik UGR 22. Indeks oddawania barw CRI powy\u017cej 80.<\/p>\n<h3>Nat\u0119\u017cenie o\u015bwietlenia w szkole &#8211; o\u015bwietlenie w szkole przepisy<\/h3>\n<p>Nat\u0119\u017cenie \u015bwiat\u0142a to najpro\u015bciej m\u00f3wi\u0105c ilo\u015b\u0107 \u015bwiat\u0142a w danym obszarze. Im wi\u0119ksze jest nat\u0119\u017cenie o\u015bwietlenia wyra\u017cone w luksach, tym ja\u015bniejsze jest pomieszczenie. I tak w zale\u017cno\u015bci od miejsca lub wykonywanej pracy, normy zawieraj\u0105 informacje o minimalnych warto\u015bciach tego parametru.<strong> Jakie powinno by\u0107 nat\u0119\u017cenie o\u015bwietlenia w szkole? Oto kilka przyk\u0142ad\u00f3w:<\/strong><\/p>\n<ul>\n<li><strong>korytarze, klatki schodowe i ci\u0105gi komunikacyjne &#8211; 100 lx<\/strong><\/li>\n<li><strong>sto\u0142\u00f3wki i hole wej\u015bciowe &#8211; 200 lx<\/strong><\/li>\n<li><strong>sale i klasy przeznaczone do zaj\u0119\u0107 komputerowych, laboratoria, biblioteki, sale sportowe, pokoje nauczycielskie i sale do zaj\u0119\u0107 praktycznych &#8211; 300 lx<\/strong><\/li>\n<li><strong>tablice szkolne i sto\u0142y demonstracyjne &#8211; 500 lx<\/strong><\/li>\n<li><strong>pracownie artystyczne oraz przeznaczone rysunku technicznego &#8211; 750 lx<\/strong><\/li>\n<\/ul>\n<h3>Jaka barwa \u015bwiat\u0142a &#8211; szko\u0142y &#8211; o\u015bwietlenie w szkole przepisy<\/h3>\n<p>Zastan\u00f3wmy si\u0119 jaka barwa \u015bwiat\u0142a do szko\u0142y jest odpowiednia? W salach lekcyjnych, ale i wszystkich miejscach wymagaj\u0105cych d\u0142ugiego skupienia, temperatura \u015bwiat\u0142a powinna by\u0107 jak najbardziej zbli\u017cona do naturalnej. Temperatura w przedziale 4000 &#8211; 4500 K nie m\u0119czy wzroku i nie powoduje senno\u015bci. Dodatkowo sprzyja do\u015bwietlaniu sali podczas dnia i zapewnia wysoki komfort pracy.<\/p>\n<h3>Wska\u017anik oddawania barw w szkole &#8211; o\u015bwietlenie w szkole przepisy<\/h3>\n<p>Wska\u017anik ten okre\u015bla, jak dobrze dane \u017ar\u00f3d\u0142o \u015bwiat\u0142a pozwala postrzega\u0107 realne kolory o\u015bwietlanych przedmiot\u00f3w. Punktem odniesienia jest \u015bwiat\u0142o s\u0142oneczne, kt\u00f3re zapewnia najlepsze oddawanie barw. Im wy\u017csza liczba w skali od 0 do 100, tym w lepszym stopniu oddawane s\u0105 barwy. W salach dydaktycznych i innych pomieszczeniach szkolnych minimalne Ra powinno wynosi\u0107 80.<\/p>\n<p style=\"text-align: center;\"><strong>Zobacz r\u00f3wnie\u017c nasze inne artyku\u0142y o o\u015bwietleniu szk\u00f3\u0142<\/strong><\/p>\n<div class=\"cat-slider-02\"><div class=\"cat-slider-02__box\"><div class=\"cat-slider-02__wrapper\"><p class=\"cat-slider-02__title\"><\/p><div class=\"cat-slider-02__slider\"><div class=\"cat-slider-02__slide\"><a href=\"https:\/\/www.smd-led.pl\/blog\/co-to-jest-wat\/\" class=\"cat-slider-02__link\"><div class=\"cat-slider-02__img-box\"><img loading=\"lazy\" decoding=\"async\" width=\"1024\" height=\"896\" src=\"https:\/\/www.smd-led.pl\/blog\/wp-content\/uploads\/2023\/12\/i-1024x896.png\" class=\"cat-slider-02__img wp-post-image\" alt=\"Co to jest Wat ?\" srcset=\"https:\/\/www.smd-led.pl\/blog\/wp-content\/uploads\/2023\/12\/i-1024x896.png 1024w, https:\/\/www.smd-led.pl\/blog\/wp-content\/uploads\/2023\/12\/i-300x263.png 300w, https:\/\/www.smd-led.pl\/blog\/wp-content\/uploads\/2023\/12\/i-768x672.png 768w, https:\/\/www.smd-led.pl\/blog\/wp-content\/uploads\/2023\/12\/i-1536x1344.png 1536w, https:\/\/www.smd-led.pl\/blog\/wp-content\/uploads\/2023\/12\/i.png 1600w\" sizes=\"auto, (max-width: 1024px) 100vw, 1024px\" \/><\/div><\/a><a href=\"https:\/\/www.smd-led.pl\/blog\/co-to-jest-wat\/\" class=\"cat-slider-02__link\"><div class=\"cat-slider-02__heading-box\"><p class=\"cat-slider-02__post-title\">Co to jest wat &#8211;  jak przelicza\u0107 jednostk\u0119 amper na wat lub volt<\/p><p>Wiele os\u00f3b zastanawia si\u0119, co to jest wat i jakie s\u0105 jego zastosowania. Wat to [&hellip;]<\/p>\n<\/div><\/a><\/div><div class=\"cat-slider-02__slide\"><a href=\"https:\/\/www.smd-led.pl\/blog\/oswietlenie-sali-lekcyjnej\/\" class=\"cat-slider-02__link\"><div class=\"cat-slider-02__img-box\"><img loading=\"lazy\" decoding=\"async\" width=\"1000\" height=\"667\" src=\"https:\/\/www.smd-led.pl\/blog\/wp-content\/uploads\/2022\/05\/oswietlenie-sali-lekcyjnej.jpg\" class=\"cat-slider-02__img wp-post-image\" alt=\"\" \/><\/div><\/a><a href=\"https:\/\/www.smd-led.pl\/blog\/oswietlenie-sali-lekcyjnej\/\" class=\"cat-slider-02__link\"><div class=\"cat-slider-02__heading-box\"><p class=\"cat-slider-02__post-title\">O\u015bwietlenie sali lekcyjnej &#8211; wymagania, normy i przepisy<\/p><p>Ze wzgl\u0119du na r\u00f3\u017cne kryteria, jakie \u015bwiat\u0142o musi spe\u0142nia\u0107 w takiej przestrzeni, w\u0142a\u015bciwe o\u015bwietlenie szko\u0142y [&hellip;]<\/p>\n<\/div><\/a><\/div><div class=\"cat-slider-02__slide\"><a href=\"https:\/\/www.smd-led.pl\/blog\/normy-oswietlenia-szkol-i-uczelni\/\" class=\"cat-slider-02__link\"><div class=\"cat-slider-02__img-box\"><img loading=\"lazy\" decoding=\"async\" width=\"999\" height=\"667\" src=\"https:\/\/www.smd-led.pl\/blog\/wp-content\/uploads\/2022\/01\/oswietlenie-szkol-1.jpg\" class=\"cat-slider-02__img wp-post-image\" alt=\"Modernizacja o\u015bwietlenia, jako spos\u00f3b na oszcz\u0119dno\u015b\u0107 pr\u0105du w szkole\" \/><\/div><\/a><a href=\"https:\/\/www.smd-led.pl\/blog\/normy-oswietlenia-szkol-i-uczelni\/\" class=\"cat-slider-02__link\"><div class=\"cat-slider-02__heading-box\"><p class=\"cat-slider-02__post-title\">Normy o\u015bwietleniowe &#8211; o\u015bwietlenie w szkole przepisy<\/p><p>Dobre o\u015bwietlenie w miejscu pracy jest niezb\u0119dne do wykonywania powierzonych zada\u0144 w komfortowy i jako\u015bciowy [&hellip;]<\/p>\n<\/div><\/a><\/div><div class=\"cat-slider-02__slide\"><a href=\"https:\/\/www.smd-led.pl\/blog\/profesjonalne-oswietlenie-sali-gimnastycznej\/\" class=\"cat-slider-02__link\"><div class=\"cat-slider-02__img-box\"><img loading=\"lazy\" decoding=\"async\" width=\"1000\" height=\"810\" src=\"https:\/\/www.smd-led.pl\/blog\/wp-content\/uploads\/2022\/01\/oswietlenie-sali-gimnastycznej-2.jpg\" class=\"cat-slider-02__img wp-post-image\" alt=\"Najlepsze o\u015bwietlenie sali gimnastycznej\" \/><\/div><\/a><a href=\"https:\/\/www.smd-led.pl\/blog\/profesjonalne-oswietlenie-sali-gimnastycznej\/\" class=\"cat-slider-02__link\"><div class=\"cat-slider-02__heading-box\"><p class=\"cat-slider-02__post-title\">Profesjonalne o\u015bwietlenie sali gimnastycznej &#8211; co musisz wiedzie\u0107?<\/p><p>Nowoczesne sale gimnastyczne s\u0105 wielofunkcyjnymi obiektami, kt\u00f3re w zale\u017cno\u015bci od potrzeb mog\u0105 sta\u0107 si\u0119 aren\u0105 [&hellip;]<\/p>\n<\/div><\/a><\/div><\/div><\/div><\/div><\/div>\n<h2>O\u015bwietlenie ewakuacyjne w szko\u0142ach &#8211; o\u015bwietlenie w szkole przepisy<\/h2>\n<p>Poza standardowym o\u015bwietleniem w szkole wymagane jest r\u00f3wnie\u017c o\u015bwietlenie awaryjne. Jego zadaniem jest umo\u017cliwienie bezpiecznego opuszczenia budynku szko\u0142y podczas awarii o\u015bwietlenia lub wypadku.<\/p>\n<p><strong>Jak powinno wygl\u0105da\u0107 o\u015bwietlenie ewakuacyjne w szko\u0142ach? Najnowsze rozporz\u0105dzenie omawiaj\u0105ce wymagania dot. o\u015bwietlenia awaryjnego to PN-EN 1838:2013-11.<\/strong> <strong>W szko\u0142ach instalacja awaryjna powinna o\u015bwietla\u0107 i wskazywa\u0107 drog\u0119 do najbli\u017cszego wyj\u015bcia ewakuacyjnego w bezpieczny spos\u00f3b. Opr\u00f3cz tego:<\/strong><\/p>\n<ul>\n<li><strong>nat\u0119\u017cenie \u015bwiat\u0142a w osi drogi ewakuacyjnej musi wynosi\u0107 przynajmniej 1 lx,<\/strong><\/li>\n<li><strong>stosunek maksymalnego do minimalnego nat\u0119\u017cenia \u015bwiat\u0142a wzd\u0142u\u017c linii drogi ewakuacyjnej musi by\u0107 wi\u0119kszy ni\u017c 40,<\/strong><\/li>\n<li><strong>w strefach otwartych nat\u0119\u017cenie \u015bwiat\u0142a nie mo\u017ce by\u0107 ni\u017csze ni\u017c 0,5 lx,<\/strong><\/li>\n<li><strong>oprawy o\u015bwietlenia ewakuacyjnego musz\u0105 by\u0107 umieszczone na wysoko\u015bci przynajmniej 2 m nad ziemi\u0105,<\/strong><\/li>\n<li><strong>ka\u017cdy znak ewakuacyjny musi by\u0107 odpowiednio o\u015bwietlony.<\/strong><\/li>\n<\/ul>\n<p>Potrzebne <a href=\"https:\/\/www.smd-led.pl\/oswietlenie-awaryjne\" target=\"_blank\" rel=\"noopener noreferrer\">o\u015bwietlenie awaryjne<\/a>? Znajdziesz je w naszym sklepie!<\/p>\n<p>Je\u015bli szukasz wi\u0119cej informacji zapraszamy do zapoznania si\u0119 z artyku\u0142em&#8221; <a href=\"https:\/\/www.smd-led.pl\/blog\/normy-i-przepisy-oswietlenia-awaryjnego-i-ewakuacyjnego-przepisy\/\" target=\"_blank\" rel=\"noopener noreferrer\">Normy i przepisy o\u015bwietlenia awaryjnego i ewakuacyjnego \u2013 przepisy<\/a>&#8222;.<\/p>\n<div id=\"attachment_5113\" style=\"width: 1010px\" class=\"wp-caption aligncenter\"><img loading=\"lazy\" decoding=\"async\" aria-describedby=\"caption-attachment-5113\" class=\"wp-image-5113 size-full\" title=\"O\u015bwietlenie ewakuacyjne w szko\u0142ach - o\u015bwietlenie w szkole przepisy\" src=\"https:\/\/www.smd-led.pl\/blog\/wp-content\/uploads\/2022\/01\/oswietlenie-szkol-3.jpg\" alt=\"O\u015bwietlenie ewakuacyjne w szko\u0142ach - o\u015bwietlenie w szkole przepisy\" width=\"1000\" height=\"715\" \/><p id=\"caption-attachment-5113\" class=\"wp-caption-text\">O\u015bwietlenie ewakuacyjne w szko\u0142ach &#8211; o\u015bwietlenie w szkole przepisy<\/p><\/div>\n<div class=\"call-to-action-05\" style=\"background-image: url('https:\/\/www.smd-led.pl\/blog\/wp-content\/uploads\/2023\/12\/oswietlenie_led_do_podbitki_dachowej-32.png')\"><div class=\"call-to-action-05__info-box\"><div class=\"call-to-action-05__info\"><p class=\"call-to-action-05__txt\">Zobacz wi\u0119cej z kategorii<\/p><span class=\"call-to-action-05__cat-title\">Oprawy elewacyjne \u2013 \u015bwiat\u0142o, kt\u00f3re podkre\u015bla architektur\u0119<\/span><a href=\"https:\/\/www.smd-led.pl\/oprawa-ewakuacyjna\" class=\"button\" id=\"awaryjne_2\" target=\"_self\">Zobacz produkt<\/a><\/div><\/div><\/div>\n<h2>Dobre o\u015bwietlenie w szkole \u2014 jakie powinno by\u0107?<\/h2>\n<p>\u017beby odpowiedzie\u0107 na to pytanie, trzeba najpierw zastanowi\u0107 si\u0119, do czego powinno s\u0142u\u017cy\u0107. W szko\u0142ach \u015bwiat\u0142o ma by\u0107 sojusznikiem, kt\u00f3ry pomaga w nauce i zdobywaniu nowych umiej\u0119tno\u015bci. Opr\u00f3cz tego celem szkolnego o\u015bwietlenia jest r\u00f3wnie\u017c wywo\u0142anie okre\u015blonego nastroju i umo\u017cliwienie wykonania danych czynno\u015bci jak pisanie i czytanie.<\/p>\n<p>Dobre o\u015bwietlenie w szkole powinno zatem zapewnia\u0107:<\/p>\n<ul>\n<li>komfort psychiczny, uczucie przyjemno\u015bci i brak zm\u0119czenia,<\/li>\n<li>sprawne postrzeganie pozbawione ryzyka,<\/li>\n<li>pe\u0142n\u0105 zdolno\u015b\u0107 rozr\u00f3\u017cniania szczeg\u00f3\u0142\u00f3w.<\/li>\n<\/ul>\n<p>Aby to wszystko by\u0142o mo\u017cliwe, nale\u017cy stosowa\u0107 nowoczesne urz\u0105dzenia i prawy o\u015bwietleniowe LED o bardzo dobrych cechach fotometrycznych i energetycznych.<\/p>\n<p><strong>Dobre o\u015bwietlenie w szkole &#8211; jakie powinno by\u0107? Aby przebywanie w szkole by\u0142o komfortowe i nie powodowa\u0142o zm\u0119czenia, ani dolegliwo\u015bci fizycznych jak np. b\u00f3l g\u0142owy, pami\u0119tajmy aspektach jak:<\/strong><\/p>\n<ul>\n<li><strong>r\u00f3wnomierno\u015b\u0107 o\u015bwietlenia &#8211;<\/strong> \u015bwiat\u0142o w salach lekcyjnych nie mo\u017ce by\u0107 zbyt skupione. Stosuj\u0105c specjalne oprawy o du\u017cym k\u0105cie emitowania \u015bwiat\u0142a masz pewno\u015b\u0107, \u017ce ka\u017cda \u0142awka w klasie b\u0119dzie odpowiednio o\u015bwietlona.<\/li>\n<li><strong>ol\u015bnienie <\/strong>&#8211; zbyt intensywne lub o\u015blepiaj\u0105ce \u017ar\u00f3d\u0142o \u015bwiat\u0142a tylko utrudni wykonywanie zada\u0144.<\/li>\n<li><strong>migotanie \u015bwiat\u0142a<\/strong> &#8211; nowoczesne \u017ar\u00f3d\u0142a LED nie maj\u0105 tego problemu, jednak w nieco starszych \u015bwietl\u00f3wkach mo\u017cna by\u0142o zauwa\u017cy\u0107 brak ci\u0105g\u0142o\u015bci pracy. Migotanie jest bardzo uci\u0105\u017cliwe i mo\u017ce powodowa\u0107 dyskomfort fizjologiczny.<\/li>\n<li><strong>rozk\u0142ad luminancji w otoczeniu <\/strong>&#8211; w\u0142a\u015bciwy rozk\u0142ad luminancji zapewnia komfort i wygod\u0119 widzenia.<\/li>\n<li><strong>koszty konserwacji opraw<\/strong> &#8211; zwr\u00f3\u0107 uwag\u0119, czy wybrane oprawy lub panele LED nie wymagaj\u0105 demonta\u017cu lub u\u017cycia specjalistycznych narz\u0119dzi do ich konserwacji.<\/li>\n<li><strong>koszty zwi\u0105zane z zakupem i eksploatacj\u0105 nowoczesnych opraw<\/strong> &#8211; bardzo cz\u0119sto kupuj\u0105c dro\u017csze oprawy LED, mimo pocz\u0105tkowo wi\u0119kszego wydatku na d\u0142u\u017csz\u0105 met\u0119 mo\u017cna sporo oszcz\u0119dzi\u0107. Zastan\u00f3w si\u0119, czy wolisz wyda\u0107 mniej i p\u0142aci\u0107 wi\u0119cej za energi\u0119, czy odwrotnie.<\/li>\n<li><strong>trwa\u0142o\u015b\u0107 i niezawodno\u015b\u0107 urz\u0105dze\u0144<\/strong> &#8211; \u017ar\u00f3d\u0142a \u015bwiat\u0142a LED charakteryzuj\u0105 si\u0119 zdecydowanie d\u0142u\u017csz\u0105 \u017cywotno\u015bci\u0105 i zapewniaj\u0105 bezawaryjn\u0105 prac\u0119 przez d\u0142ugi czas.<\/li>\n<\/ul>\n<p style=\"text-align: center;\"><strong>Sprawd\u017a na jakie parametry o\u015bwietleniowe nale\u017cy zwr\u00f3ci\u0107 uwag\u0119<\/strong><\/p>\n<div class=\"cat-slider-02\"><div class=\"cat-slider-02__box\"><div class=\"cat-slider-02__wrapper\"><p class=\"cat-slider-02__title\"><\/p><div class=\"cat-slider-02__slider\"><div class=\"cat-slider-02__slide\"><a href=\"https:\/\/www.smd-led.pl\/blog\/jak-oswietlic-zewnetrzne-schody-i-podjazd-led-bezpieczenstwo-i-estetyka\/\" class=\"cat-slider-02__link\"><div class=\"cat-slider-02__img-box\"><img loading=\"lazy\" decoding=\"async\" width=\"1024\" height=\"559\" src=\"https:\/\/www.smd-led.pl\/blog\/wp-content\/uploads\/2026\/03\/2026-04-schody-hero-1024x559.png\" class=\"cat-slider-02__img wp-post-image\" alt=\"schody hero\" srcset=\"https:\/\/www.smd-led.pl\/blog\/wp-content\/uploads\/2026\/03\/2026-04-schody-hero-1024x559.png 1024w, https:\/\/www.smd-led.pl\/blog\/wp-content\/uploads\/2026\/03\/2026-04-schody-hero-300x164.png 300w, https:\/\/www.smd-led.pl\/blog\/wp-content\/uploads\/2026\/03\/2026-04-schody-hero-768x419.png 768w, https:\/\/www.smd-led.pl\/blog\/wp-content\/uploads\/2026\/03\/2026-04-schody-hero-1536x838.png 1536w, https:\/\/www.smd-led.pl\/blog\/wp-content\/uploads\/2026\/03\/2026-04-schody-hero-2048x1117.png 2048w\" sizes=\"auto, (max-width: 1024px) 100vw, 1024px\" \/><\/div><\/a><a href=\"https:\/\/www.smd-led.pl\/blog\/jak-oswietlic-zewnetrzne-schody-i-podjazd-led-bezpieczenstwo-i-estetyka\/\" class=\"cat-slider-02__link\"><div class=\"cat-slider-02__heading-box\"><p class=\"cat-slider-02__post-title\">Jak o\u015bwietli\u0107 zewn\u0119trzne schody i podjazd LED &#8211; bezpiecze\u0144stwo i estetyka<\/p><p>Schody zewn\u0119trzne z o\u015bwietleniem LED pod noskiem stopnia O\u015bwietlenie schod\u00f3w zewn\u0119trznych LED to instalacja opraw [&hellip;]<\/p>\n<\/div><\/a><\/div><div class=\"cat-slider-02__slide\"><a href=\"https:\/\/www.smd-led.pl\/blog\/oswietlenie-led-w-podlodze-montaz-profilu-floor8-i-floor12-w-jastrychu-i-zywicy-kompletny-przewodnik\/\" class=\"cat-slider-02__link\"><div class=\"cat-slider-02__img-box\"><img loading=\"lazy\" decoding=\"async\" width=\"1024\" height=\"559\" src=\"https:\/\/www.smd-led.pl\/blog\/wp-content\/uploads\/2026\/03\/cover-image-YYYY-03-Mar-13-2026-1yy7k_jQexOfTRiuf69-3vOxi2gZ7ztQS-1024x559.webp\" class=\"cat-slider-02__img wp-post-image\" alt=\"\" srcset=\"https:\/\/www.smd-led.pl\/blog\/wp-content\/uploads\/2026\/03\/cover-image-YYYY-03-Mar-13-2026-1yy7k_jQexOfTRiuf69-3vOxi2gZ7ztQS-1024x559.webp 1024w, https:\/\/www.smd-led.pl\/blog\/wp-content\/uploads\/2026\/03\/cover-image-YYYY-03-Mar-13-2026-1yy7k_jQexOfTRiuf69-3vOxi2gZ7ztQS-300x164.webp 300w, https:\/\/www.smd-led.pl\/blog\/wp-content\/uploads\/2026\/03\/cover-image-YYYY-03-Mar-13-2026-1yy7k_jQexOfTRiuf69-3vOxi2gZ7ztQS-768x419.webp 768w, https:\/\/www.smd-led.pl\/blog\/wp-content\/uploads\/2026\/03\/cover-image-YYYY-03-Mar-13-2026-1yy7k_jQexOfTRiuf69-3vOxi2gZ7ztQS.webp 1200w\" sizes=\"auto, (max-width: 1024px) 100vw, 1024px\" \/><\/div><\/a><a href=\"https:\/\/www.smd-led.pl\/blog\/oswietlenie-led-w-podlodze-montaz-profilu-floor8-i-floor12-w-jastrychu-i-zywicy-kompletny-przewodnik\/\" class=\"cat-slider-02__link\"><div class=\"cat-slider-02__heading-box\"><p class=\"cat-slider-02__post-title\">O\u015bwietlenie LED w pod\u0142odze monta\u017c profilu FLOOR8 i FLOOR12 w jastrychu i \u017cywicy \u2013 kompletny przewodnik<\/p><p>O\u015bwietlenie w jastrychu z u\u017cyciem pod\u0142ogowych profili LED to innowacyjne rozwi\u0105zanie architektoniczne polegaj\u0105ce na zlicowaniu [&hellip;]<\/p>\n<\/div><\/a><\/div><div class=\"cat-slider-02__slide\"><a href=\"https:\/\/www.smd-led.pl\/blog\/profil-led-do-schodow-dywanowych-montaz-kompletny-przewodnik\/\" class=\"cat-slider-02__link\"><div class=\"cat-slider-02__img-box\"><img loading=\"lazy\" decoding=\"async\" width=\"1024\" height=\"559\" src=\"https:\/\/www.smd-led.pl\/blog\/wp-content\/uploads\/2026\/03\/cover-image-YYYY-03-Mar-9-2026-1uZKWDzshG0Qu-E3xglgtlaeVwCXLQkRk-1024x559.webp\" class=\"cat-slider-02__img wp-post-image\" alt=\"\" srcset=\"https:\/\/www.smd-led.pl\/blog\/wp-content\/uploads\/2026\/03\/cover-image-YYYY-03-Mar-9-2026-1uZKWDzshG0Qu-E3xglgtlaeVwCXLQkRk-1024x559.webp 1024w, https:\/\/www.smd-led.pl\/blog\/wp-content\/uploads\/2026\/03\/cover-image-YYYY-03-Mar-9-2026-1uZKWDzshG0Qu-E3xglgtlaeVwCXLQkRk-300x164.webp 300w, https:\/\/www.smd-led.pl\/blog\/wp-content\/uploads\/2026\/03\/cover-image-YYYY-03-Mar-9-2026-1uZKWDzshG0Qu-E3xglgtlaeVwCXLQkRk-768x419.webp 768w, https:\/\/www.smd-led.pl\/blog\/wp-content\/uploads\/2026\/03\/cover-image-YYYY-03-Mar-9-2026-1uZKWDzshG0Qu-E3xglgtlaeVwCXLQkRk.webp 1200w\" sizes=\"auto, (max-width: 1024px) 100vw, 1024px\" \/><\/div><\/a><a href=\"https:\/\/www.smd-led.pl\/blog\/profil-led-do-schodow-dywanowych-montaz-kompletny-przewodnik\/\" class=\"cat-slider-02__link\"><div class=\"cat-slider-02__heading-box\"><p class=\"cat-slider-02__post-title\">Profil LED do schod\u00f3w dywanowych monta\u017c \u2013 kompletny przewodnik<\/p><p>Wyfrezowany, starannie ukryty monta\u017c w stopniach samono\u015bnych to podstawa, by stworzy\u0107 dyskretne \u017ar\u00f3d\u0142o \u015bwiat\u0142a. Profesjonalne [&hellip;]<\/p>\n<\/div><\/a><\/div><div class=\"cat-slider-02__slide\"><a href=\"https:\/\/www.smd-led.pl\/blog\/profil-led-do-poreczy-montaz-kompletny-przewodnik\/\" class=\"cat-slider-02__link\"><div class=\"cat-slider-02__img-box\"><img loading=\"lazy\" decoding=\"async\" width=\"1024\" height=\"559\" src=\"https:\/\/www.smd-led.pl\/blog\/wp-content\/uploads\/2026\/02\/cover-image-YYYY-02-Feb-23-2026-1udrqWx4gN-SUbdaCI_9bvTJxp7PQVj0-1024x559.webp\" class=\"cat-slider-02__img wp-post-image\" alt=\"\" srcset=\"https:\/\/www.smd-led.pl\/blog\/wp-content\/uploads\/2026\/02\/cover-image-YYYY-02-Feb-23-2026-1udrqWx4gN-SUbdaCI_9bvTJxp7PQVj0-1024x559.webp 1024w, https:\/\/www.smd-led.pl\/blog\/wp-content\/uploads\/2026\/02\/cover-image-YYYY-02-Feb-23-2026-1udrqWx4gN-SUbdaCI_9bvTJxp7PQVj0-300x164.webp 300w, https:\/\/www.smd-led.pl\/blog\/wp-content\/uploads\/2026\/02\/cover-image-YYYY-02-Feb-23-2026-1udrqWx4gN-SUbdaCI_9bvTJxp7PQVj0-768x419.webp 768w, https:\/\/www.smd-led.pl\/blog\/wp-content\/uploads\/2026\/02\/cover-image-YYYY-02-Feb-23-2026-1udrqWx4gN-SUbdaCI_9bvTJxp7PQVj0.webp 1200w\" sizes=\"auto, (max-width: 1024px) 100vw, 1024px\" \/><\/div><\/a><a href=\"https:\/\/www.smd-led.pl\/blog\/profil-led-do-poreczy-montaz-kompletny-przewodnik\/\" class=\"cat-slider-02__link\"><div class=\"cat-slider-02__heading-box\"><p class=\"cat-slider-02__post-title\">Profil LED do por\u0119czy monta\u017c \u2013 kompletny przewodnik<\/p><p>Profil LED do por\u0119czy to specjalistyczny element monta\u017cowy wykonany z aluminium, s\u0142u\u017c\u0105cy do estetycznego i [&hellip;]<\/p>\n<\/div><\/a><\/div><div class=\"cat-slider-02__slide\"><a href=\"https:\/\/www.smd-led.pl\/blog\/profil-led-do-montazu-w-lustrze-lazienkowym-kompletny-przewodnik\/\" class=\"cat-slider-02__link\"><div class=\"cat-slider-02__img-box\"><img loading=\"lazy\" decoding=\"async\" width=\"1024\" height=\"1024\" src=\"https:\/\/www.smd-led.pl\/blog\/wp-content\/uploads\/2026\/02\/cover-image-YYYY-02-Feb-20-2026-1vKNqP1jzda4L3NTwG2tGxjdkzDHObmZn.webp\" class=\"cat-slider-02__img wp-post-image\" alt=\"\" srcset=\"https:\/\/www.smd-led.pl\/blog\/wp-content\/uploads\/2026\/02\/cover-image-YYYY-02-Feb-20-2026-1vKNqP1jzda4L3NTwG2tGxjdkzDHObmZn.webp 1024w, https:\/\/www.smd-led.pl\/blog\/wp-content\/uploads\/2026\/02\/cover-image-YYYY-02-Feb-20-2026-1vKNqP1jzda4L3NTwG2tGxjdkzDHObmZn-300x300.webp 300w, https:\/\/www.smd-led.pl\/blog\/wp-content\/uploads\/2026\/02\/cover-image-YYYY-02-Feb-20-2026-1vKNqP1jzda4L3NTwG2tGxjdkzDHObmZn-150x150.webp 150w, https:\/\/www.smd-led.pl\/blog\/wp-content\/uploads\/2026\/02\/cover-image-YYYY-02-Feb-20-2026-1vKNqP1jzda4L3NTwG2tGxjdkzDHObmZn-768x768.webp 768w\" sizes=\"auto, (max-width: 1024px) 100vw, 1024px\" \/><\/div><\/a><a href=\"https:\/\/www.smd-led.pl\/blog\/profil-led-do-montazu-w-lustrze-lazienkowym-kompletny-przewodnik\/\" class=\"cat-slider-02__link\"><div class=\"cat-slider-02__heading-box\"><p class=\"cat-slider-02__post-title\">Profil LED do monta\u017cu w lustrze \u0142azienkowym \u2013 kompletny przewodnik<\/p><p>Profil LED do monta\u017cu w lustrze \u0142azienkowym \u2013 kompletny przewodnik to specjalistyczna instrukcja doboru i [&hellip;]<\/p>\n<\/div><\/a><\/div><div class=\"cat-slider-02__slide\"><a href=\"https:\/\/www.smd-led.pl\/blog\/profil-led-cieniowy-shadow-gap-montaz-kompletny-przewodnik\/\" class=\"cat-slider-02__link\"><div class=\"cat-slider-02__img-box\"><img loading=\"lazy\" decoding=\"async\" width=\"1024\" height=\"572\" src=\"https:\/\/www.smd-led.pl\/blog\/wp-content\/uploads\/2026\/02\/cover-image-YYYY-02-Feb-11-2026-1qTRw_riNS8Ik-OmA8x2H5sesdQd5y3dS-1024x572.webp\" class=\"cat-slider-02__img wp-post-image\" alt=\"\" srcset=\"https:\/\/www.smd-led.pl\/blog\/wp-content\/uploads\/2026\/02\/cover-image-YYYY-02-Feb-11-2026-1qTRw_riNS8Ik-OmA8x2H5sesdQd5y3dS-1024x572.webp 1024w, https:\/\/www.smd-led.pl\/blog\/wp-content\/uploads\/2026\/02\/cover-image-YYYY-02-Feb-11-2026-1qTRw_riNS8Ik-OmA8x2H5sesdQd5y3dS-300x168.webp 300w, https:\/\/www.smd-led.pl\/blog\/wp-content\/uploads\/2026\/02\/cover-image-YYYY-02-Feb-11-2026-1qTRw_riNS8Ik-OmA8x2H5sesdQd5y3dS-768x429.webp 768w, https:\/\/www.smd-led.pl\/blog\/wp-content\/uploads\/2026\/02\/cover-image-YYYY-02-Feb-11-2026-1qTRw_riNS8Ik-OmA8x2H5sesdQd5y3dS.webp 1200w\" sizes=\"auto, (max-width: 1024px) 100vw, 1024px\" \/><\/div><\/a><a href=\"https:\/\/www.smd-led.pl\/blog\/profil-led-cieniowy-shadow-gap-montaz-kompletny-przewodnik\/\" class=\"cat-slider-02__link\"><div class=\"cat-slider-02__heading-box\"><p class=\"cat-slider-02__post-title\">Profil LED cieniowy shadow gap monta\u017c \u2013 kompletny przewodnik<\/p><p>Profil LED cieniowy shadow gap monta\u017c to zaawansowana technika wyko\u0144czeniowa, polegaj\u0105ca na instalacji specjalistycznych profili [&hellip;]<\/p>\n<\/div><\/a><\/div><div class=\"cat-slider-02__slide\"><a href=\"https:\/\/www.smd-led.pl\/blog\/profil-led-do-szpachlowania-montaz-kompletny-przewodnik\/\" class=\"cat-slider-02__link\"><div class=\"cat-slider-02__img-box\"><img loading=\"lazy\" decoding=\"async\" width=\"1024\" height=\"559\" src=\"https:\/\/www.smd-led.pl\/blog\/wp-content\/uploads\/2026\/02\/cover-image-YYYY-02-Feb-4-2026-1-w4q8PEIOVh9M69I_qC6A3Xfs8HQUgIP-1024x559.webp\" class=\"cat-slider-02__img wp-post-image\" alt=\"\" srcset=\"https:\/\/www.smd-led.pl\/blog\/wp-content\/uploads\/2026\/02\/cover-image-YYYY-02-Feb-4-2026-1-w4q8PEIOVh9M69I_qC6A3Xfs8HQUgIP-1024x559.webp 1024w, https:\/\/www.smd-led.pl\/blog\/wp-content\/uploads\/2026\/02\/cover-image-YYYY-02-Feb-4-2026-1-w4q8PEIOVh9M69I_qC6A3Xfs8HQUgIP-300x164.webp 300w, https:\/\/www.smd-led.pl\/blog\/wp-content\/uploads\/2026\/02\/cover-image-YYYY-02-Feb-4-2026-1-w4q8PEIOVh9M69I_qC6A3Xfs8HQUgIP-768x419.webp 768w, https:\/\/www.smd-led.pl\/blog\/wp-content\/uploads\/2026\/02\/cover-image-YYYY-02-Feb-4-2026-1-w4q8PEIOVh9M69I_qC6A3Xfs8HQUgIP.webp 1200w\" sizes=\"auto, (max-width: 1024px) 100vw, 1024px\" \/><\/div><\/a><a href=\"https:\/\/www.smd-led.pl\/blog\/profil-led-do-szpachlowania-montaz-kompletny-przewodnik\/\" class=\"cat-slider-02__link\"><div class=\"cat-slider-02__heading-box\"><p class=\"cat-slider-02__post-title\">Profil LED do szpachlowania monta\u017c \u2013 kompletny przewodnik<\/p><p>Profil LED do szpachlowania monta\u017c to proces instalacji architektonicznych rozwi\u0105za\u0144 o\u015bwietleniowych, kt\u00f3ry pozwala uzyska\u0107 efekt [&hellip;]<\/p>\n<\/div><\/a><\/div><div class=\"cat-slider-02__slide\"><a href=\"https:\/\/www.smd-led.pl\/blog\/profil-led-do-plytek-montaz-kompletny-przewodnik\/\" class=\"cat-slider-02__link\"><div class=\"cat-slider-02__img-box\"><img loading=\"lazy\" decoding=\"async\" width=\"1024\" height=\"559\" src=\"https:\/\/www.smd-led.pl\/blog\/wp-content\/uploads\/2026\/02\/cover-image-YYYY-02-Feb-2-2026-1O6___F-FJwRWRRmHQrPptRhneHB-g2jq-1024x559.webp\" class=\"cat-slider-02__img wp-post-image\" alt=\"\" srcset=\"https:\/\/www.smd-led.pl\/blog\/wp-content\/uploads\/2026\/02\/cover-image-YYYY-02-Feb-2-2026-1O6___F-FJwRWRRmHQrPptRhneHB-g2jq-1024x559.webp 1024w, https:\/\/www.smd-led.pl\/blog\/wp-content\/uploads\/2026\/02\/cover-image-YYYY-02-Feb-2-2026-1O6___F-FJwRWRRmHQrPptRhneHB-g2jq-300x164.webp 300w, https:\/\/www.smd-led.pl\/blog\/wp-content\/uploads\/2026\/02\/cover-image-YYYY-02-Feb-2-2026-1O6___F-FJwRWRRmHQrPptRhneHB-g2jq-768x419.webp 768w, https:\/\/www.smd-led.pl\/blog\/wp-content\/uploads\/2026\/02\/cover-image-YYYY-02-Feb-2-2026-1O6___F-FJwRWRRmHQrPptRhneHB-g2jq.webp 1200w\" sizes=\"auto, (max-width: 1024px) 100vw, 1024px\" \/><\/div><\/a><a href=\"https:\/\/www.smd-led.pl\/blog\/profil-led-do-plytek-montaz-kompletny-przewodnik\/\" class=\"cat-slider-02__link\"><div class=\"cat-slider-02__heading-box\"><p class=\"cat-slider-02__post-title\">Profil LED do p\u0142ytek monta\u017c \u2013 kompletny przewodnik<\/p><p>Profil LED do p\u0142ytek monta\u017c \u2013 kompletny przewodnik to specjalistyczny proces integracji o\u015bwietlenia z powierzchni\u0105 [&hellip;]<\/p>\n<\/div><\/a><\/div><div class=\"cat-slider-02__slide\"><a href=\"https:\/\/www.smd-led.pl\/blog\/jak-podlaczyc-zasilacz-na-szyne-din\/\" class=\"cat-slider-02__link\"><div class=\"cat-slider-02__img-box\"><img loading=\"lazy\" decoding=\"async\" width=\"1024\" height=\"682\" src=\"https:\/\/www.smd-led.pl\/blog\/wp-content\/uploads\/2025\/02\/Jak-podlaczyc-zasilacz-Din-do-szyny-1024x682.png\" class=\"cat-slider-02__img wp-post-image\" alt=\"Jak-podlaczyc-zasilacz-Din-do-szyny\" srcset=\"https:\/\/www.smd-led.pl\/blog\/wp-content\/uploads\/2025\/02\/Jak-podlaczyc-zasilacz-Din-do-szyny-1024x682.png 1024w, https:\/\/www.smd-led.pl\/blog\/wp-content\/uploads\/2025\/02\/Jak-podlaczyc-zasilacz-Din-do-szyny-300x200.png 300w, https:\/\/www.smd-led.pl\/blog\/wp-content\/uploads\/2025\/02\/Jak-podlaczyc-zasilacz-Din-do-szyny-768x512.png 768w, https:\/\/www.smd-led.pl\/blog\/wp-content\/uploads\/2025\/02\/Jak-podlaczyc-zasilacz-Din-do-szyny-1536x1024.png 1536w, https:\/\/www.smd-led.pl\/blog\/wp-content\/uploads\/2025\/02\/Jak-podlaczyc-zasilacz-Din-do-szyny.png 1880w\" sizes=\"auto, (max-width: 1024px) 100vw, 1024px\" \/><\/div><\/a><a href=\"https:\/\/www.smd-led.pl\/blog\/jak-podlaczyc-zasilacz-na-szyne-din\/\" class=\"cat-slider-02__link\"><div class=\"cat-slider-02__heading-box\"><p class=\"cat-slider-02__post-title\">Jak pod\u0142\u0105czy\u0107 zasilacz na szyn\u0119 DIN<\/p><p>Pod\u0142\u0105czanie zasilacza montowanego na szynie DIN to kluczowy etap w realizacji wielu projekt\u00f3w elektrycznych \u2013 [&hellip;]<\/p>\n<\/div><\/a><\/div><div class=\"cat-slider-02__slide\"><a href=\"https:\/\/www.smd-led.pl\/blog\/oswietlenie-klatek-schodowych-w-blokach\/\" class=\"cat-slider-02__link\"><div class=\"cat-slider-02__img-box\"><img loading=\"lazy\" decoding=\"async\" width=\"1024\" height=\"819\" src=\"https:\/\/www.smd-led.pl\/blog\/wp-content\/uploads\/2023\/12\/Jaki-plafon-LED-jako-oswietlenie-klatki-schodowej-w-bloku-1024x819.png\" class=\"cat-slider-02__img wp-post-image\" alt=\"Jaki plafon LED jako o\u015bwietlenie klatki schodowej w bloku\" srcset=\"https:\/\/www.smd-led.pl\/blog\/wp-content\/uploads\/2023\/12\/Jaki-plafon-LED-jako-oswietlenie-klatki-schodowej-w-bloku-1024x819.png 1024w, https:\/\/www.smd-led.pl\/blog\/wp-content\/uploads\/2023\/12\/Jaki-plafon-LED-jako-oswietlenie-klatki-schodowej-w-bloku-300x240.png 300w, https:\/\/www.smd-led.pl\/blog\/wp-content\/uploads\/2023\/12\/Jaki-plafon-LED-jako-oswietlenie-klatki-schodowej-w-bloku-768x614.png 768w, https:\/\/www.smd-led.pl\/blog\/wp-content\/uploads\/2023\/12\/Jaki-plafon-LED-jako-oswietlenie-klatki-schodowej-w-bloku-1536x1229.png 1536w, https:\/\/www.smd-led.pl\/blog\/wp-content\/uploads\/2023\/12\/Jaki-plafon-LED-jako-oswietlenie-klatki-schodowej-w-bloku.png 2000w\" sizes=\"auto, (max-width: 1024px) 100vw, 1024px\" \/><\/div><\/a><a href=\"https:\/\/www.smd-led.pl\/blog\/oswietlenie-klatek-schodowych-w-blokach\/\" class=\"cat-slider-02__link\"><div class=\"cat-slider-02__heading-box\"><p class=\"cat-slider-02__post-title\">O\u015bwietlenie klatek schodowych w blokach &#8211; oprawy LED z czujnikiem ruchu<\/p><p>O\u015bwietlenie klatek schodowych w blokach to kluczowy element, kt\u00f3ry wp\u0142ywa na bezpiecze\u0144stwo i komfort mieszka\u0144c\u00f3w. [&hellip;]<\/p>\n<\/div><\/a><\/div><div class=\"cat-slider-02__slide\"><a href=\"https:\/\/www.smd-led.pl\/blog\/montaz-tasmy-led-na-scianie\/\" class=\"cat-slider-02__link\"><div class=\"cat-slider-02__img-box\"><img loading=\"lazy\" decoding=\"async\" width=\"1024\" height=\"768\" src=\"https:\/\/www.smd-led.pl\/blog\/wp-content\/uploads\/2023\/04\/Profil-LED-P18-2_inspiracja-1024x768.jpg\" class=\"cat-slider-02__img wp-post-image\" alt=\"Profil LED P18-2_inspiracja\" srcset=\"https:\/\/www.smd-led.pl\/blog\/wp-content\/uploads\/2023\/04\/Profil-LED-P18-2_inspiracja-1024x768.jpg 1024w, https:\/\/www.smd-led.pl\/blog\/wp-content\/uploads\/2023\/04\/Profil-LED-P18-2_inspiracja-300x225.jpg 300w, https:\/\/www.smd-led.pl\/blog\/wp-content\/uploads\/2023\/04\/Profil-LED-P18-2_inspiracja-768x576.jpg 768w, https:\/\/www.smd-led.pl\/blog\/wp-content\/uploads\/2023\/04\/Profil-LED-P18-2_inspiracja-1536x1152.jpg 1536w, https:\/\/www.smd-led.pl\/blog\/wp-content\/uploads\/2023\/04\/Profil-LED-P18-2_inspiracja.jpg 1600w\" sizes=\"auto, (max-width: 1024px) 100vw, 1024px\" \/><\/div><\/a><a href=\"https:\/\/www.smd-led.pl\/blog\/montaz-tasmy-led-na-scianie\/\" class=\"cat-slider-02__link\"><div class=\"cat-slider-02__heading-box\"><p class=\"cat-slider-02__post-title\">Monta\u017c ta\u015bmy Led na \u015bcianie<\/p><p>Jak zrobi\u0107 prawid\u0142owo Monta\u017c ta\u015bmy Led na \u015bcianie? aby monta\u017c ta\u015bmy, by\u0142 zgodny z trendami [&hellip;]<\/p>\n<\/div><\/a><\/div><div class=\"cat-slider-02__slide\"><a href=\"https:\/\/www.smd-led.pl\/blog\/jak-zrobic-sufit-podwieszany-led-5-sposobow\/\" class=\"cat-slider-02__link\"><div class=\"cat-slider-02__img-box\"><img loading=\"lazy\" decoding=\"async\" width=\"1024\" height=\"768\" src=\"https:\/\/www.smd-led.pl\/blog\/wp-content\/uploads\/2023\/04\/Jak-zrobic-sufit-podwieszany-LED-5-sposobow-2-1024x768.jpg\" class=\"cat-slider-02__img wp-post-image\" alt=\"Jak zrobi\u0107 sufit podwieszany LED -5 sposob\u00f3w (2)\" srcset=\"https:\/\/www.smd-led.pl\/blog\/wp-content\/uploads\/2023\/04\/Jak-zrobic-sufit-podwieszany-LED-5-sposobow-2-1024x768.jpg 1024w, https:\/\/www.smd-led.pl\/blog\/wp-content\/uploads\/2023\/04\/Jak-zrobic-sufit-podwieszany-LED-5-sposobow-2-300x225.jpg 300w, https:\/\/www.smd-led.pl\/blog\/wp-content\/uploads\/2023\/04\/Jak-zrobic-sufit-podwieszany-LED-5-sposobow-2-768x576.jpg 768w, https:\/\/www.smd-led.pl\/blog\/wp-content\/uploads\/2023\/04\/Jak-zrobic-sufit-podwieszany-LED-5-sposobow-2-1536x1152.jpg 1536w, https:\/\/www.smd-led.pl\/blog\/wp-content\/uploads\/2023\/04\/Jak-zrobic-sufit-podwieszany-LED-5-sposobow-2.jpg 1600w\" sizes=\"auto, (max-width: 1024px) 100vw, 1024px\" \/><\/div><\/a><a href=\"https:\/\/www.smd-led.pl\/blog\/jak-zrobic-sufit-podwieszany-led-5-sposobow\/\" class=\"cat-slider-02__link\"><div class=\"cat-slider-02__heading-box\"><p class=\"cat-slider-02__post-title\">Jak zrobi\u0107 sufit podwieszany LED &#8211; 5 sposob\u00f3w<\/p><p>Sufit podwieszany LED to nie tylko stylowe i nowoczesne rozwi\u0105zanie, ale tak\u017ce praktyczne podej\u015bcie do [&hellip;]<\/p>\n<\/div><\/a><\/div><div class=\"cat-slider-02__slide\"><a href=\"https:\/\/www.smd-led.pl\/blog\/oswietlenie-blatu-kuchennego-10-sposobow-o-ktorych-musisz-wiedziec\/\" class=\"cat-slider-02__link\"><div class=\"cat-slider-02__img-box\"><img loading=\"lazy\" decoding=\"async\" width=\"1024\" height=\"512\" src=\"https:\/\/www.smd-led.pl\/blog\/wp-content\/uploads\/2018\/10\/oswietlenie-kuchni.jpg\" class=\"cat-slider-02__img wp-post-image\" alt=\"O\u015bwietlenie blatu kuchennego - 10 sposob\u00f3w o kt\u00f3rych musisz wiedzie\u0107\" \/><\/div><\/a><a href=\"https:\/\/www.smd-led.pl\/blog\/oswietlenie-blatu-kuchennego-10-sposobow-o-ktorych-musisz-wiedziec\/\" class=\"cat-slider-02__link\"><div class=\"cat-slider-02__heading-box\"><p class=\"cat-slider-02__post-title\">O\u015bwietlenie blatu kuchennego &#8211; 10 sposob\u00f3w o kt\u00f3rych musisz wiedzie\u0107<\/p><p>Ka\u017cda kuchnia potrzebuje dodatkowego o\u015bwietlenia. Najcz\u0119\u015bciej wybieranym miejscem w kuchni, kt\u00f3re do\u015bwietlamy to blaty. To [&hellip;]<\/p>\n<\/div><\/a><\/div><div class=\"cat-slider-02__slide\"><a href=\"https:\/\/www.smd-led.pl\/blog\/dlaczego-halogen-led-sie-zarzy\/\" class=\"cat-slider-02__link\"><div class=\"cat-slider-02__img-box\"><img loading=\"lazy\" decoding=\"async\" width=\"1024\" height=\"644\" src=\"https:\/\/www.smd-led.pl\/blog\/wp-content\/uploads\/2022\/09\/Dlaczego-halogen-LED-sie-zarzy.jpeg\" class=\"cat-slider-02__img wp-post-image\" alt=\"Dlaczego halogen LED si\u0119 \u017carzy?\" \/><\/div><\/a><a href=\"https:\/\/www.smd-led.pl\/blog\/dlaczego-halogen-led-sie-zarzy\/\" class=\"cat-slider-02__link\"><div class=\"cat-slider-02__heading-box\"><p class=\"cat-slider-02__post-title\">Dlaczego halogen LED si\u0119 \u017carzy?<\/p><p>Powod\u00f3w \u017carzenia si\u0119 halogen\u00f3w mo\u017ce by\u0107 kilka. W 2022 roku zwracamy uwag\u0119 na ka\u017cdy szczeg\u00f3\u0142, [&hellip;]<\/p>\n<\/div><\/a><\/div><div class=\"cat-slider-02__slide\"><a href=\"https:\/\/www.smd-led.pl\/blog\/jak-podlaczyc-zyrandol-poradnik\/\" class=\"cat-slider-02__link\"><div class=\"cat-slider-02__img-box\"><img loading=\"lazy\" decoding=\"async\" width=\"870\" height=\"870\" src=\"https:\/\/www.smd-led.pl\/blog\/wp-content\/uploads\/2020\/12\/zyrandol-diy.jpg\" class=\"cat-slider-02__img wp-post-image\" alt=\"Jak pod\u0142\u0105czy\u0107 \u017cyrandol - poradnik\" \/><\/div><\/a><a href=\"https:\/\/www.smd-led.pl\/blog\/jak-podlaczyc-zyrandol-poradnik\/\" class=\"cat-slider-02__link\"><div class=\"cat-slider-02__heading-box\"><p class=\"cat-slider-02__post-title\">Jak pod\u0142\u0105czy\u0107 \u017cyrandol &#8211; poradnik<\/p><p>Chcia\u0142by\u015b zmieni\u0107 rodzaj o\u015bwietlenia w swoim pomieszczeniu, ale nie wiesz jak pod\u0142\u0105czy\u0107 \u017cyrandol?\u00a0Pod\u0142\u0105czenie lampy\u00a0wydaje si\u0119 [&hellip;]<\/p>\n<\/div><\/a><\/div><div class=\"cat-slider-02__slide\"><a href=\"https:\/\/www.smd-led.pl\/blog\/montaz-opraw-oswietleniowych-jak-to-zrobic\/\" class=\"cat-slider-02__link\"><div class=\"cat-slider-02__img-box\"><img loading=\"lazy\" decoding=\"async\" width=\"1024\" height=\"683\" src=\"https:\/\/www.smd-led.pl\/blog\/wp-content\/uploads\/2019\/01\/Halogeny-w-suficie.jpg\" class=\"cat-slider-02__img wp-post-image\" alt=\"Monta\u017c opraw o\u015bwietleniowych - jak to zrobi\u0107?\" \/><\/div><\/a><a href=\"https:\/\/www.smd-led.pl\/blog\/montaz-opraw-oswietleniowych-jak-to-zrobic\/\" class=\"cat-slider-02__link\"><div class=\"cat-slider-02__heading-box\"><p class=\"cat-slider-02__post-title\">Monta\u017c opraw o\u015bwietleniowych &#8211; jak to zrobi\u0107?<\/p><p>Halogeny sufitowe\u00a0to chyba najcz\u0119\u015bciej wykorzystywane \u017ar\u00f3d\u0142a \u015bwiat\u0142a w o\u015bwietleniu sufitowym, a tak\u017ce meblowym. Wielu z [&hellip;]<\/p>\n<\/div><\/a><\/div><div class=\"cat-slider-02__slide\"><a href=\"https:\/\/www.smd-led.pl\/blog\/montaz-plafonu-jak-zamontowac-plafon-led\/\" class=\"cat-slider-02__link\"><div class=\"cat-slider-02__img-box\"><img loading=\"lazy\" decoding=\"async\" width=\"1024\" height=\"683\" src=\"https:\/\/www.smd-led.pl\/blog\/wp-content\/uploads\/2022\/08\/Plafon-LED-kwadraowy-montaz.jpg\" class=\"cat-slider-02__img wp-post-image\" alt=\"Monta\u017c plafonu - jak zamontowa\u0107 plafon LED?\" \/><\/div><\/a><a href=\"https:\/\/www.smd-led.pl\/blog\/montaz-plafonu-jak-zamontowac-plafon-led\/\" class=\"cat-slider-02__link\"><div class=\"cat-slider-02__heading-box\"><p class=\"cat-slider-02__post-title\">Monta\u017c plafonu &#8211; jak zamontowa\u0107 plafon LED?<\/p><p>Plafony ledowe to jedne z najmodniejszych i najcz\u0119\u015bciej wybieranych opraw o\u015bwietleniowych w ostatnich latach. Ich [&hellip;]<\/p>\n<\/div><\/a><\/div><div class=\"cat-slider-02__slide\"><a href=\"https:\/\/www.smd-led.pl\/blog\/panele-led-montaz-podtynkowy\/\" class=\"cat-slider-02__link\"><div class=\"cat-slider-02__img-box\"><img loading=\"lazy\" decoding=\"async\" width=\"800\" height=\"533\" src=\"https:\/\/www.smd-led.pl\/blog\/wp-content\/uploads\/2022\/08\/MG_7776.jpg\" class=\"cat-slider-02__img wp-post-image\" alt=\"Panele LED monta\u017c podtynkowy\" \/><\/div><\/a><a href=\"https:\/\/www.smd-led.pl\/blog\/panele-led-montaz-podtynkowy\/\" class=\"cat-slider-02__link\"><div class=\"cat-slider-02__heading-box\"><p class=\"cat-slider-02__post-title\">Panele LED monta\u017c podtynkowy<\/p><p>Panele LED monta\u017c podtynkowy &#8211; na czym polega? Je\u015bli chcemy zamocowa\u0107 panel LED podtynkowy nale\u017cy [&hellip;]<\/p>\n<\/div><\/a><\/div><div class=\"cat-slider-02__slide\"><a href=\"https:\/\/www.smd-led.pl\/blog\/panele-led-zwieszane-montaz-na-linkach\/\" class=\"cat-slider-02__link\"><div class=\"cat-slider-02__img-box\"><img loading=\"lazy\" decoding=\"async\" width=\"1000\" height=\"667\" src=\"https:\/\/www.smd-led.pl\/blog\/wp-content\/uploads\/2022\/08\/MG_7767-1.jpg\" class=\"cat-slider-02__img wp-post-image\" alt=\"Panele LED zwieszane - monta\u017c na linkach\" \/><\/div><\/a><a href=\"https:\/\/www.smd-led.pl\/blog\/panele-led-zwieszane-montaz-na-linkach\/\" class=\"cat-slider-02__link\"><div class=\"cat-slider-02__heading-box\"><p class=\"cat-slider-02__post-title\">Panele LED zwieszane &#8211; monta\u017c lampy na linkach<\/p><p>Panele LED zwieszane &#8211; monta\u017c lampy na linkach to jeden ciekawszych sposob\u00f3w na zamontowanie o\u015bwietlenia [&hellip;]<\/p>\n<\/div><\/a><\/div><div class=\"cat-slider-02__slide\"><a href=\"https:\/\/www.smd-led.pl\/blog\/jaki-otwor-pod-halogeny-sufitowe\/\" class=\"cat-slider-02__link\"><div class=\"cat-slider-02__img-box\"><img loading=\"lazy\" decoding=\"async\" width=\"1000\" height=\"666\" src=\"https:\/\/www.smd-led.pl\/blog\/wp-content\/uploads\/2022\/08\/Jak-wyciagnac-halogen-z-sufitu.jpg\" class=\"cat-slider-02__img wp-post-image\" alt=\"Z czego sk\u0142ada si\u0119 oprawa o\u015bwietleniowa?\" \/><\/div><\/a><a href=\"https:\/\/www.smd-led.pl\/blog\/jaki-otwor-pod-halogeny-sufitowe\/\" class=\"cat-slider-02__link\"><div class=\"cat-slider-02__heading-box\"><p class=\"cat-slider-02__post-title\">Jaki otw\u00f3r pod halogeny sufitowe?<\/p><p>Oprawy halogenowe\u00a0to obecnie bardzo ch\u0119tnie wykorzystywany rodzaj o\u015bwietlenie r\u00f3\u017cnych wn\u0119trz. Mo\u017cemy je spotka\u0107 zar\u00f3wno w [&hellip;]<\/p>\n<\/div><\/a><\/div><div class=\"cat-slider-02__slide\"><a href=\"https:\/\/www.smd-led.pl\/blog\/ledy-w-samochodzie-instalacja\/\" class=\"cat-slider-02__link\"><div class=\"cat-slider-02__img-box\"><img loading=\"lazy\" decoding=\"async\" width=\"1000\" height=\"660\" src=\"https:\/\/www.smd-led.pl\/blog\/wp-content\/uploads\/2022\/07\/Ledy-w-samochodzie-instalacja.jpg\" class=\"cat-slider-02__img wp-post-image\" alt=\"Ledy w samochodzie - instalacja\" \/><\/div><\/a><a href=\"https:\/\/www.smd-led.pl\/blog\/ledy-w-samochodzie-instalacja\/\" class=\"cat-slider-02__link\"><div class=\"cat-slider-02__heading-box\"><p class=\"cat-slider-02__post-title\">LED w samochodzie &#8211; instalacja<\/p><p>Ledy w samochodzie &#8211; instalacja ich jest uzale\u017cniona od przepis\u00f3w jakie obowi\u0105zuj\u0105 w do\u015bwietlaniu dodatkowym [&hellip;]<\/p>\n<\/div><\/a><\/div><\/div><\/div><\/div><\/div>\n<p><span style=\"font-weight: 400;\">Stosowanie odpowiednio dobranego o\u015bwietlenia mo\u017ce wp\u0142yn\u0105\u0107 nie tylko na zdrowie, ale r\u00f3wnie\u017c na efekty, jakie osi\u0105gaj\u0105 uczniowie w szko\u0142ach. Warto wi\u0119c podczas projektowania, wybra\u0107 takie rozwi\u0105zania, kt\u00f3re zapewni\u0105 najlepsze warunki do nauki i rozwijania pasji.<\/span><\/p>\n<div id=\"attachment_5114\" style=\"width: 1009px\" class=\"wp-caption aligncenter\"><img loading=\"lazy\" decoding=\"async\" aria-describedby=\"caption-attachment-5114\" class=\"wp-image-5114 size-full\" title=\"Dobre o\u015bwietlenie w szkole \u2014 jakie powinno by\u0107? - o\u015bwietlenie w szkole przepisy\" src=\"https:\/\/www.smd-led.pl\/blog\/wp-content\/uploads\/2022\/01\/oswietlenie-szkol-1.jpg\" alt=\"Dobre o\u015bwietlenie w szkole \u2014 jakie powinno by\u0107? - o\u015bwietlenie w szkole przepisy\" width=\"999\" height=\"667\" \/><p id=\"caption-attachment-5114\" class=\"wp-caption-text\">Dobre o\u015bwietlenie w szkole \u2014 jakie powinno by\u0107? &#8211; o\u015bwietlenie w szkole przepisy<\/p><\/div>\n<p>W naszym artykule skupili\u015bmy si\u0119 na wa\u017cnym aspekcie o\u015bwietlenia w szko\u0142ach, podkre\u015blaj\u0105c znaczenie dostosowania si\u0119 do obowi\u0105zuj\u0105cych norm o\u015bwietleniowych zgodnie z polskimi przepisami, w tym norm\u0105 PN-EN 12464-1:2012. Zwr\u00f3cili\u015bmy uwag\u0119 na wp\u0142yw o\u015bwietlenia na efektywno\u015b\u0107 pracy i nauki, podkre\u015blaj\u0105c znaczenie odpowiedniego nat\u0119\u017cenia, temperatury barwowej oraz indeksu oddawania barw. Om\u00f3wili\u015bmy r\u00f3\u017cnorodne wymagania dotycz\u0105ce nat\u0119\u017cenia \u015bwiat\u0142a w r\u00f3\u017cnych typach pomieszcze\u0144 szkolnych oraz znaczenie o\u015bwietlenia ewakuacyjnego i awaryjnego w szko\u0142ach.<\/p>\n<p>Podkre\u015blili\u015bmy, \u017ce dobre o\u015bwietlenie w szkole powinno zapewnia\u0107 komfort psychiczny, efektywne postrzeganie oraz zdolno\u015b\u0107 do rozr\u00f3\u017cniania szczeg\u00f3\u0142\u00f3w, zwracaj\u0105c uwag\u0119 na korzy\u015bci wynikaj\u0105ce z wykorzystania nowoczesnych \u017ar\u00f3de\u0142 \u015bwiat\u0142a LED. Podsumowuj\u0105c, odpowiednie o\u015bwietlenie w szkole jest kluczowe dla zdrowia i efektywno\u015bci uczni\u00f3w oraz nauczycieli i warto inwestowa\u0107 w nowoczesne rozwi\u0105zania o\u015bwietleniowe, kt\u00f3re s\u0105 efektywne zar\u00f3wno pod wzgl\u0119dem energetycznym, jak i edukacyjnym.<\/p>\n<p><img loading=\"lazy\" decoding=\"async\" class=\"wp-image-5858 size-full aligncenter\" title=\"darmowy projekt o\u015bwietlenia twojej szko\u0142y - o\u015bwietlenie w szkole przepisy\" src=\"https:\/\/www.smd-led.pl\/blog\/wp-content\/uploads\/2022\/01\/Szukasz-oswietlenie-szkoly-zadzwon-2.png\" alt=\"darmowy projekt o\u015bwietlenia twojej szko\u0142y - o\u015bwietlenie w szkole przepisy\" width=\"800\" height=\"533\" \/><\/p>\n","protected":false},"excerpt":{"rendered":"<p>Dobre o\u015bwietlenie w miejscu pracy jest niezb\u0119dne do wykonywania powierzonych zada\u0144 w komfortowy i jako\u015bciowy [&hellip;]<\/p>\n","protected":false},"author":7,"featured_media":5114,"comment_status":"closed","ping_status":"closed","sticky":false,"template":"","format":"standard","meta":{"inline_featured_image":false,"footnotes":""},"categories":[45,34,74],"tags":[],"class_list":["post-5110","post","type-post","status-publish","format-standard","has-post-thumbnail","hentry","category-awaryjne","category-poradnik-led","category-szkola"],"acf":[],"yoast_head":"<!-- This site is optimized with the Yoast SEO Premium plugin v26.8 (Yoast SEO v26.8) - https:\/\/yoast.com\/product\/yoast-seo-premium-wordpress\/ -->\n<title>Normy o\u015bwietleniowe - o\u015bwietlenie w szkole przepisy - SMD-LED<\/title>\n<meta name=\"description\" content=\"Jakie s\u0105 normy i przepisy o\u015bwietleniowe w plac\u00f3wkach o\u015bwiatowych? Jakie o\u015bwietlenie w szkole przepisy? Wymagane nat\u0119\u017cenie o\u015bwietlenia w kla..\" \/>\n<meta name=\"robots\" content=\"index, follow, max-snippet:-1, max-image-preview:large, max-video-preview:-1\" \/>\n<link rel=\"canonical\" href=\"https:\/\/www.smd-led.pl\/blog\/normy-oswietlenia-szkol-i-uczelni\/\" \/>\n<meta property=\"og:locale\" content=\"pl_PL\" \/>\n<meta property=\"og:type\" content=\"article\" \/>\n<meta property=\"og:title\" content=\"Normy o\u015bwietleniowe - o\u015bwietlenie w szkole przepisy\" \/>\n<meta property=\"og:description\" content=\"Jakie s\u0105 normy i przepisy o\u015bwietleniowe w plac\u00f3wkach o\u015bwiatowych? Jakie o\u015bwietlenie w szkole przepisy? Wymagane nat\u0119\u017cenie o\u015bwietlenia w kla..\" \/>\n<meta property=\"og:url\" content=\"https:\/\/www.smd-led.pl\/blog\/normy-oswietlenia-szkol-i-uczelni\/\" \/>\n<meta property=\"og:site_name\" content=\"SMD-LED\" \/>\n<meta property=\"article:published_time\" content=\"2022-01-10T11:51:18+00:00\" \/>\n<meta property=\"article:modified_time\" content=\"2024-01-11T07:54:29+00:00\" \/>\n<meta property=\"og:image\" content=\"https:\/\/www.smd-led.pl\/blog\/wp-content\/uploads\/2022\/01\/oswietlenie-szkol-1.jpg\" \/>\n\t<meta property=\"og:image:width\" content=\"999\" \/>\n\t<meta property=\"og:image:height\" content=\"667\" \/>\n\t<meta property=\"og:image:type\" content=\"image\/jpeg\" \/>\n<meta name=\"author\" content=\"Marcin Pietrasik\" \/>\n<meta name=\"twitter:card\" content=\"summary_large_image\" \/>\n<meta name=\"twitter:label1\" content=\"Napisane przez\" \/>\n\t<meta name=\"twitter:data1\" content=\"Marcin Pietrasik\" \/>\n\t<meta name=\"twitter:label2\" content=\"Szacowany czas czytania\" \/>\n\t<meta name=\"twitter:data2\" content=\"20 minut\" \/>\n<script type=\"application\/ld+json\" class=\"yoast-schema-graph\">{\"@context\":\"https:\/\/schema.org\",\"@graph\":[{\"@type\":\"Article\",\"@id\":\"https:\/\/www.smd-led.pl\/blog\/normy-oswietlenia-szkol-i-uczelni\/#article\",\"isPartOf\":{\"@id\":\"https:\/\/www.smd-led.pl\/blog\/normy-oswietlenia-szkol-i-uczelni\/\"},\"author\":{\"name\":\"Marcin Pietrasik\",\"@id\":\"https:\/\/www.smd-led.pl\/blog\/#\/schema\/person\/887fa24be503d7ae726f67021d1623f5\"},\"headline\":\"Normy o\u015bwietleniowe &#8211; o\u015bwietlenie w szkole przepisy\",\"datePublished\":\"2022-01-10T11:51:18+00:00\",\"dateModified\":\"2024-01-11T07:54:29+00:00\",\"mainEntityOfPage\":{\"@id\":\"https:\/\/www.smd-led.pl\/blog\/normy-oswietlenia-szkol-i-uczelni\/\"},\"wordCount\":3835,\"image\":{\"@id\":\"https:\/\/www.smd-led.pl\/blog\/normy-oswietlenia-szkol-i-uczelni\/#primaryimage\"},\"thumbnailUrl\":\"https:\/\/www.smd-led.pl\/blog\/wp-content\/uploads\/2022\/01\/oswietlenie-szkol-1.jpg\",\"articleSection\":[\"Awaryjne\",\"Poradnik LED\",\"Szko\u0142a\"],\"inLanguage\":\"pl-PL\"},{\"@type\":\"WebPage\",\"@id\":\"https:\/\/www.smd-led.pl\/blog\/normy-oswietlenia-szkol-i-uczelni\/\",\"url\":\"https:\/\/www.smd-led.pl\/blog\/normy-oswietlenia-szkol-i-uczelni\/\",\"name\":\"Normy o\u015bwietleniowe - o\u015bwietlenie w szkole przepisy - SMD-LED\",\"isPartOf\":{\"@id\":\"https:\/\/www.smd-led.pl\/blog\/#website\"},\"primaryImageOfPage\":{\"@id\":\"https:\/\/www.smd-led.pl\/blog\/normy-oswietlenia-szkol-i-uczelni\/#primaryimage\"},\"image\":{\"@id\":\"https:\/\/www.smd-led.pl\/blog\/normy-oswietlenia-szkol-i-uczelni\/#primaryimage\"},\"thumbnailUrl\":\"https:\/\/www.smd-led.pl\/blog\/wp-content\/uploads\/2022\/01\/oswietlenie-szkol-1.jpg\",\"datePublished\":\"2022-01-10T11:51:18+00:00\",\"dateModified\":\"2024-01-11T07:54:29+00:00\",\"author\":{\"@id\":\"https:\/\/www.smd-led.pl\/blog\/#\/schema\/person\/887fa24be503d7ae726f67021d1623f5\"},\"description\":\"Jakie s\u0105 normy i przepisy o\u015bwietleniowe w plac\u00f3wkach o\u015bwiatowych? Jakie o\u015bwietlenie w szkole przepisy? Wymagane nat\u0119\u017cenie o\u015bwietlenia w kla..\",\"breadcrumb\":{\"@id\":\"https:\/\/www.smd-led.pl\/blog\/normy-oswietlenia-szkol-i-uczelni\/#breadcrumb\"},\"inLanguage\":\"pl-PL\",\"potentialAction\":[{\"@type\":\"ReadAction\",\"target\":[\"https:\/\/www.smd-led.pl\/blog\/normy-oswietlenia-szkol-i-uczelni\/\"]}]},{\"@type\":\"ImageObject\",\"inLanguage\":\"pl-PL\",\"@id\":\"https:\/\/www.smd-led.pl\/blog\/normy-oswietlenia-szkol-i-uczelni\/#primaryimage\",\"url\":\"https:\/\/www.smd-led.pl\/blog\/wp-content\/uploads\/2022\/01\/oswietlenie-szkol-1.jpg\",\"contentUrl\":\"https:\/\/www.smd-led.pl\/blog\/wp-content\/uploads\/2022\/01\/oswietlenie-szkol-1.jpg\",\"width\":999,\"height\":667,\"caption\":\"Modernizacja o\u015bwietlenia, jako spos\u00f3b na oszcz\u0119dno\u015b\u0107 pr\u0105du w szkole\"},{\"@type\":\"BreadcrumbList\",\"@id\":\"https:\/\/www.smd-led.pl\/blog\/normy-oswietlenia-szkol-i-uczelni\/#breadcrumb\",\"itemListElement\":[{\"@type\":\"ListItem\",\"position\":1,\"name\":\"Strona g\u0142\u00f3wna\",\"item\":\"https:\/\/www.smd-led.pl\/blog\/\"},{\"@type\":\"ListItem\",\"position\":2,\"name\":\"Normy o\u015bwietleniowe &#8211; o\u015bwietlenie w szkole przepisy\"}]},{\"@type\":\"WebSite\",\"@id\":\"https:\/\/www.smd-led.pl\/blog\/#website\",\"url\":\"https:\/\/www.smd-led.pl\/blog\/\",\"name\":\"SMD-LED\",\"description\":\"O\u015bwietlenie Led do domu i przemys\u0142u porady, testy i opinie ekspert\u00f3w\",\"potentialAction\":[{\"@type\":\"SearchAction\",\"target\":{\"@type\":\"EntryPoint\",\"urlTemplate\":\"https:\/\/www.smd-led.pl\/blog\/?s={search_term_string}\"},\"query-input\":{\"@type\":\"PropertyValueSpecification\",\"valueRequired\":true,\"valueName\":\"search_term_string\"}}],\"inLanguage\":\"pl-PL\"},{\"@type\":\"Person\",\"@id\":\"https:\/\/www.smd-led.pl\/blog\/#\/schema\/person\/887fa24be503d7ae726f67021d1623f5\",\"name\":\"Marcin Pietrasik\",\"image\":{\"@type\":\"ImageObject\",\"inLanguage\":\"pl-PL\",\"@id\":\"https:\/\/www.smd-led.pl\/blog\/#\/schema\/person\/image\/\",\"url\":\"https:\/\/secure.gravatar.com\/avatar\/c886f4ccbb5c83b665ee8b66f0b3401128439bc832dca6389b6e67c6bdc3d38b?s=96&d=mm&r=g\",\"contentUrl\":\"https:\/\/secure.gravatar.com\/avatar\/c886f4ccbb5c83b665ee8b66f0b3401128439bc832dca6389b6e67c6bdc3d38b?s=96&d=mm&r=g\",\"caption\":\"Marcin Pietrasik\"},\"url\":\"https:\/\/www.smd-led.pl\/blog\/author\/mpietrasik\/\"}]}<\/script>\n<!-- \/ Yoast SEO Premium plugin. -->","yoast_head_json":{"title":"Normy o\u015bwietleniowe - o\u015bwietlenie w szkole przepisy - SMD-LED","description":"Jakie s\u0105 normy i przepisy o\u015bwietleniowe w plac\u00f3wkach o\u015bwiatowych? Jakie o\u015bwietlenie w szkole przepisy? Wymagane nat\u0119\u017cenie o\u015bwietlenia w kla..","robots":{"index":"index","follow":"follow","max-snippet":"max-snippet:-1","max-image-preview":"max-image-preview:large","max-video-preview":"max-video-preview:-1"},"canonical":"https:\/\/www.smd-led.pl\/blog\/normy-oswietlenia-szkol-i-uczelni\/","og_locale":"pl_PL","og_type":"article","og_title":"Normy o\u015bwietleniowe - o\u015bwietlenie w szkole przepisy","og_description":"Jakie s\u0105 normy i przepisy o\u015bwietleniowe w plac\u00f3wkach o\u015bwiatowych? Jakie o\u015bwietlenie w szkole przepisy? Wymagane nat\u0119\u017cenie o\u015bwietlenia w kla..","og_url":"https:\/\/www.smd-led.pl\/blog\/normy-oswietlenia-szkol-i-uczelni\/","og_site_name":"SMD-LED","article_published_time":"2022-01-10T11:51:18+00:00","article_modified_time":"2024-01-11T07:54:29+00:00","og_image":[{"width":999,"height":667,"url":"https:\/\/www.smd-led.pl\/blog\/wp-content\/uploads\/2022\/01\/oswietlenie-szkol-1.jpg","type":"image\/jpeg"}],"author":"Marcin Pietrasik","twitter_card":"summary_large_image","twitter_misc":{"Napisane przez":"Marcin Pietrasik","Szacowany czas czytania":"20 minut"},"schema":{"@context":"https:\/\/schema.org","@graph":[{"@type":"Article","@id":"https:\/\/www.smd-led.pl\/blog\/normy-oswietlenia-szkol-i-uczelni\/#article","isPartOf":{"@id":"https:\/\/www.smd-led.pl\/blog\/normy-oswietlenia-szkol-i-uczelni\/"},"author":{"name":"Marcin Pietrasik","@id":"https:\/\/www.smd-led.pl\/blog\/#\/schema\/person\/887fa24be503d7ae726f67021d1623f5"},"headline":"Normy o\u015bwietleniowe &#8211; o\u015bwietlenie w szkole przepisy","datePublished":"2022-01-10T11:51:18+00:00","dateModified":"2024-01-11T07:54:29+00:00","mainEntityOfPage":{"@id":"https:\/\/www.smd-led.pl\/blog\/normy-oswietlenia-szkol-i-uczelni\/"},"wordCount":3835,"image":{"@id":"https:\/\/www.smd-led.pl\/blog\/normy-oswietlenia-szkol-i-uczelni\/#primaryimage"},"thumbnailUrl":"https:\/\/www.smd-led.pl\/blog\/wp-content\/uploads\/2022\/01\/oswietlenie-szkol-1.jpg","articleSection":["Awaryjne","Poradnik LED","Szko\u0142a"],"inLanguage":"pl-PL"},{"@type":"WebPage","@id":"https:\/\/www.smd-led.pl\/blog\/normy-oswietlenia-szkol-i-uczelni\/","url":"https:\/\/www.smd-led.pl\/blog\/normy-oswietlenia-szkol-i-uczelni\/","name":"Normy o\u015bwietleniowe - o\u015bwietlenie w szkole przepisy - SMD-LED","isPartOf":{"@id":"https:\/\/www.smd-led.pl\/blog\/#website"},"primaryImageOfPage":{"@id":"https:\/\/www.smd-led.pl\/blog\/normy-oswietlenia-szkol-i-uczelni\/#primaryimage"},"image":{"@id":"https:\/\/www.smd-led.pl\/blog\/normy-oswietlenia-szkol-i-uczelni\/#primaryimage"},"thumbnailUrl":"https:\/\/www.smd-led.pl\/blog\/wp-content\/uploads\/2022\/01\/oswietlenie-szkol-1.jpg","datePublished":"2022-01-10T11:51:18+00:00","dateModified":"2024-01-11T07:54:29+00:00","author":{"@id":"https:\/\/www.smd-led.pl\/blog\/#\/schema\/person\/887fa24be503d7ae726f67021d1623f5"},"description":"Jakie s\u0105 normy i przepisy o\u015bwietleniowe w plac\u00f3wkach o\u015bwiatowych? Jakie o\u015bwietlenie w szkole przepisy? Wymagane nat\u0119\u017cenie o\u015bwietlenia w kla..","breadcrumb":{"@id":"https:\/\/www.smd-led.pl\/blog\/normy-oswietlenia-szkol-i-uczelni\/#breadcrumb"},"inLanguage":"pl-PL","potentialAction":[{"@type":"ReadAction","target":["https:\/\/www.smd-led.pl\/blog\/normy-oswietlenia-szkol-i-uczelni\/"]}]},{"@type":"ImageObject","inLanguage":"pl-PL","@id":"https:\/\/www.smd-led.pl\/blog\/normy-oswietlenia-szkol-i-uczelni\/#primaryimage","url":"https:\/\/www.smd-led.pl\/blog\/wp-content\/uploads\/2022\/01\/oswietlenie-szkol-1.jpg","contentUrl":"https:\/\/www.smd-led.pl\/blog\/wp-content\/uploads\/2022\/01\/oswietlenie-szkol-1.jpg","width":999,"height":667,"caption":"Modernizacja o\u015bwietlenia, jako spos\u00f3b na oszcz\u0119dno\u015b\u0107 pr\u0105du w szkole"},{"@type":"BreadcrumbList","@id":"https:\/\/www.smd-led.pl\/blog\/normy-oswietlenia-szkol-i-uczelni\/#breadcrumb","itemListElement":[{"@type":"ListItem","position":1,"name":"Strona g\u0142\u00f3wna","item":"https:\/\/www.smd-led.pl\/blog\/"},{"@type":"ListItem","position":2,"name":"Normy o\u015bwietleniowe &#8211; o\u015bwietlenie w szkole przepisy"}]},{"@type":"WebSite","@id":"https:\/\/www.smd-led.pl\/blog\/#website","url":"https:\/\/www.smd-led.pl\/blog\/","name":"SMD-LED","description":"O\u015bwietlenie Led do domu i przemys\u0142u porady, testy i opinie ekspert\u00f3w","potentialAction":[{"@type":"SearchAction","target":{"@type":"EntryPoint","urlTemplate":"https:\/\/www.smd-led.pl\/blog\/?s={search_term_string}"},"query-input":{"@type":"PropertyValueSpecification","valueRequired":true,"valueName":"search_term_string"}}],"inLanguage":"pl-PL"},{"@type":"Person","@id":"https:\/\/www.smd-led.pl\/blog\/#\/schema\/person\/887fa24be503d7ae726f67021d1623f5","name":"Marcin Pietrasik","image":{"@type":"ImageObject","inLanguage":"pl-PL","@id":"https:\/\/www.smd-led.pl\/blog\/#\/schema\/person\/image\/","url":"https:\/\/secure.gravatar.com\/avatar\/c886f4ccbb5c83b665ee8b66f0b3401128439bc832dca6389b6e67c6bdc3d38b?s=96&d=mm&r=g","contentUrl":"https:\/\/secure.gravatar.com\/avatar\/c886f4ccbb5c83b665ee8b66f0b3401128439bc832dca6389b6e67c6bdc3d38b?s=96&d=mm&r=g","caption":"Marcin Pietrasik"},"url":"https:\/\/www.smd-led.pl\/blog\/author\/mpietrasik\/"}]}},"_links":{"self":[{"href":"https:\/\/www.smd-led.pl\/blog\/wp-json\/wp\/v2\/posts\/5110","targetHints":{"allow":["GET"]}}],"collection":[{"href":"https:\/\/www.smd-led.pl\/blog\/wp-json\/wp\/v2\/posts"}],"about":[{"href":"https:\/\/www.smd-led.pl\/blog\/wp-json\/wp\/v2\/types\/post"}],"author":[{"embeddable":true,"href":"https:\/\/www.smd-led.pl\/blog\/wp-json\/wp\/v2\/users\/7"}],"replies":[{"embeddable":true,"href":"https:\/\/www.smd-led.pl\/blog\/wp-json\/wp\/v2\/comments?post=5110"}],"version-history":[{"count":11,"href":"https:\/\/www.smd-led.pl\/blog\/wp-json\/wp\/v2\/posts\/5110\/revisions"}],"predecessor-version":[{"id":17089,"href":"https:\/\/www.smd-led.pl\/blog\/wp-json\/wp\/v2\/posts\/5110\/revisions\/17089"}],"wp:featuredmedia":[{"embeddable":true,"href":"https:\/\/www.smd-led.pl\/blog\/wp-json\/wp\/v2\/media\/5114"}],"wp:attachment":[{"href":"https:\/\/www.smd-led.pl\/blog\/wp-json\/wp\/v2\/media?parent=5110"}],"wp:term":[{"taxonomy":"category","embeddable":true,"href":"https:\/\/www.smd-led.pl\/blog\/wp-json\/wp\/v2\/categories?post=5110"},{"taxonomy":"post_tag","embeddable":true,"href":"https:\/\/www.smd-led.pl\/blog\/wp-json\/wp\/v2\/tags?post=5110"}],"curies":[{"name":"wp","href":"https:\/\/api.w.org\/{rel}","templated":true}]}}