{"id":5687,"date":"2022-02-25T17:05:08","date_gmt":"2022-02-25T16:05:08","guid":{"rendered":"https:\/\/www.smd-led.pl\/blog\/?p=5687"},"modified":"2024-01-16T14:22:59","modified_gmt":"2024-01-16T13:22:59","slug":"mieszkanie-dla-seniora-oswietlenie","status":"publish","type":"post","link":"https:\/\/www.smd-led.pl\/blog\/mieszkanie-dla-seniora-oswietlenie\/","title":{"rendered":"Mieszkanie dla seniora \u2013 o\u015bwietlenie"},"content":{"rendered":"<p><b>O\u015bwietlenie jest niezwykle istotne w ka\u017cdym mieszkaniu \u2013 jeszcze wi\u0119ksze znaczenie ma jednak w mieszkaniu seniora. Dobre o\u015bwietlenie nie tylko b\u0119dzie pozytywnie wp\u0142ywa\u0107 na nastr\u00f3j starszej osoby, ale przede wszystkim \u2013 mo\u017ce poprawi\u0107 jej bezpiecze\u0144stwo. O czym zatem warto pami\u0119ta\u0107, je\u015bli chodzi o o\u015bwietlenie w mieszkaniu seniora?<\/b><\/p>\n<p><img loading=\"lazy\" decoding=\"async\" class=\"aligncenter size-full wp-image-5688\" src=\"https:\/\/www.smd-led.pl\/blog\/wp-content\/uploads\/2022\/02\/oswietlenie-mieszkanie.jpg\" alt=\"O\u015bwietlenie mieszkania seniora\" width=\"1000\" height=\"666\" \/><\/p>\n<div class=\"call-to-action-04\"><div class=\"call-to-action-04__img-box\"><img decoding=\"async\" src=\"https:\/\/www.smd-led.pl\/blog\/wp-content\/uploads\/2023\/12\/profil-led-wpuszczany-2026-03-20T145658.840.png\" alt=\"Lampy do salonu\" \/><\/div><div class=\"call-to-action-04__info-box\"><span class=\"call-to-action-04__product-title\">Lampy do salonu \u2013 styl i \u015bwiat\u0142o, kt\u00f3re tworz\u0105 klimat<\/span><p><p>Odkryj lampy do salonu, kt\u00f3re \u0142\u0105cz\u0105 nowoczesny design z funkcjonalnym o\u015bwietleniem. Podkre\u015bl charakter wn\u0119trza i stw\u00f3rz wyj\u0105tkow\u0105 atmosfer\u0119 dopasowan\u0105 do Twojego stylu.<\/p>\n<\/p><a href=\"https:\/\/www.smd-led.pl\/lampy-do-salonu\" class=\"button\" id=\"zyrandol_2\" target=\"_self\">Zobacz produkt<\/a><\/div><\/div>\n<h2>Dobrze do\u015bwietlone pomieszczenia: podstawa w mieszkaniu seniora<\/h2>\n<p><span style=\"font-weight: 400;\">W pierwszej kolejno\u015bci nale\u017cy zadba\u0107 o to, by w mieszkaniu znalaz\u0142a si\u0119 dostateczna ilo\u015b\u0107 \u017ar\u00f3de\u0142 \u015bwiat\u0142a. Starsze osoby zazwyczaj widz\u0105 mniej wyra\u017anie i lepiej czuj\u0105 si\u0119 w pomieszczeniach dobrze o\u015bwietlonych. Z tego wzgl\u0119du najlepiej po\u0142\u0105czy\u0107 o\u015bwietlenie sufitowe np. z nowoczesnym o\u015bwietleniem ledowym (ta\u015bmami LED) czy z kinkietami. Jednocze\u015bnie warto zadba\u0107 o to, by klosze by\u0142y p\u00f3\u0142przezroczyste \u2013 tak, by \u015bwiat\u0142o wydobywaj\u0105ce si\u0119 z lampy by\u0142o mocniejsze. W \u0142azience \u015bwietnie sprawdz\u0105 si\u0119 natomiast klasyczne plafony.\u00a0<\/span><\/p>\n<p style=\"text-align: center;\"><b>Sprawd\u017a nasze wszystkie artyku\u0142y o o\u015bwietleniu domowych wn\u0119trz<\/b><\/p>\n<div class=\"cat-slider-02\"><div class=\"cat-slider-02__box\"><div class=\"cat-slider-02__wrapper\"><p class=\"cat-slider-02__title\"><\/p><div class=\"cat-slider-02__slider\"><div class=\"cat-slider-02__slide\"><a href=\"https:\/\/www.smd-led.pl\/blog\/jakie-tasmy-led-najlepiej-wspolpracuja-z-profilami-aluminiowymi\/\" class=\"cat-slider-02__link\"><div class=\"cat-slider-02__img-box\"><img loading=\"lazy\" decoding=\"async\" width=\"1024\" height=\"576\" src=\"https:\/\/www.smd-led.pl\/blog\/wp-content\/uploads\/2024\/11\/2-1024x576.png\" class=\"cat-slider-02__img wp-post-image\" alt=\"Jakie ta\u015bmy LED najlepiej wsp\u00f3\u0142pracuj\u0105 z profilami aluminiowymi?\" srcset=\"https:\/\/www.smd-led.pl\/blog\/wp-content\/uploads\/2024\/11\/2-1024x576.png 1024w, https:\/\/www.smd-led.pl\/blog\/wp-content\/uploads\/2024\/11\/2-300x169.png 300w, https:\/\/www.smd-led.pl\/blog\/wp-content\/uploads\/2024\/11\/2-768x432.png 768w, https:\/\/www.smd-led.pl\/blog\/wp-content\/uploads\/2024\/11\/2-1536x864.png 1536w, https:\/\/www.smd-led.pl\/blog\/wp-content\/uploads\/2024\/11\/2.png 1920w\" sizes=\"auto, (max-width: 1024px) 100vw, 1024px\" \/><\/div><\/a><a href=\"https:\/\/www.smd-led.pl\/blog\/jakie-tasmy-led-najlepiej-wspolpracuja-z-profilami-aluminiowymi\/\" class=\"cat-slider-02__link\"><div class=\"cat-slider-02__heading-box\"><p class=\"cat-slider-02__post-title\">Jakie ta\u015bmy LED najlepiej wsp\u00f3\u0142pracuj\u0105 z profilami aluminiowymi?<\/p><p>Wprowadzenie do ta\u015bm LED i profili aluminiowych Technologia LED zrewolucjonizowa\u0142a spos\u00f3b, w jaki podchodzimy do [&hellip;]<\/p>\n<\/div><\/a><\/div><div class=\"cat-slider-02__slide\"><a href=\"https:\/\/www.smd-led.pl\/blog\/jaka-barwa-swiatla-do-sypialni-co-wybrac\/\" class=\"cat-slider-02__link\"><div class=\"cat-slider-02__img-box\"><img loading=\"lazy\" decoding=\"async\" width=\"1024\" height=\"1024\" src=\"https:\/\/www.smd-led.pl\/blog\/wp-content\/uploads\/2023\/11\/smdled_a_glamorous_style_bedroom_illuminated_with_slightly_blue_c98be2bb-a856-455d-aaaf-9133afda07fd.png\" class=\"cat-slider-02__img wp-post-image\" alt=\"\" srcset=\"https:\/\/www.smd-led.pl\/blog\/wp-content\/uploads\/2023\/11\/smdled_a_glamorous_style_bedroom_illuminated_with_slightly_blue_c98be2bb-a856-455d-aaaf-9133afda07fd.png 1024w, https:\/\/www.smd-led.pl\/blog\/wp-content\/uploads\/2023\/11\/smdled_a_glamorous_style_bedroom_illuminated_with_slightly_blue_c98be2bb-a856-455d-aaaf-9133afda07fd-300x300.png 300w, https:\/\/www.smd-led.pl\/blog\/wp-content\/uploads\/2023\/11\/smdled_a_glamorous_style_bedroom_illuminated_with_slightly_blue_c98be2bb-a856-455d-aaaf-9133afda07fd-150x150.png 150w, https:\/\/www.smd-led.pl\/blog\/wp-content\/uploads\/2023\/11\/smdled_a_glamorous_style_bedroom_illuminated_with_slightly_blue_c98be2bb-a856-455d-aaaf-9133afda07fd-768x768.png 768w\" sizes=\"auto, (max-width: 1024px) 100vw, 1024px\" \/><\/div><\/a><a href=\"https:\/\/www.smd-led.pl\/blog\/jaka-barwa-swiatla-do-sypialni-co-wybrac\/\" class=\"cat-slider-02__link\"><div class=\"cat-slider-02__heading-box\"><p class=\"cat-slider-02__post-title\">Jaka barwa \u015bwiat\u0142a do sypialni co wybra\u0107?<\/p><p>Wyb\u00f3r odpowiedniej barwy \u015bwiat\u0142a do sypialni jest niezwykle wa\u017cny, aby zapewni\u0107 komfort, funkcjonalno\u015b\u0107 oraz stworzy\u0107 [&hellip;]<\/p>\n<\/div><\/a><\/div><div class=\"cat-slider-02__slide\"><a href=\"https:\/\/www.smd-led.pl\/blog\/jak-podswietlic-lamele\/\" class=\"cat-slider-02__link\"><div class=\"cat-slider-02__img-box\"><img loading=\"lazy\" decoding=\"async\" width=\"1024\" height=\"512\" src=\"https:\/\/www.smd-led.pl\/blog\/wp-content\/uploads\/2023\/10\/Jak-podswietlic-lamele-2-1024x512.jpg\" class=\"cat-slider-02__img wp-post-image\" alt=\"Jak pod\u015bwietli\u0107 lamele\" srcset=\"https:\/\/www.smd-led.pl\/blog\/wp-content\/uploads\/2023\/10\/Jak-podswietlic-lamele-2-1024x512.jpg 1024w, https:\/\/www.smd-led.pl\/blog\/wp-content\/uploads\/2023\/10\/Jak-podswietlic-lamele-2-300x150.jpg 300w, https:\/\/www.smd-led.pl\/blog\/wp-content\/uploads\/2023\/10\/Jak-podswietlic-lamele-2-768x384.jpg 768w, https:\/\/www.smd-led.pl\/blog\/wp-content\/uploads\/2023\/10\/Jak-podswietlic-lamele-2.jpg 1200w\" sizes=\"auto, (max-width: 1024px) 100vw, 1024px\" \/><\/div><\/a><a href=\"https:\/\/www.smd-led.pl\/blog\/jak-podswietlic-lamele\/\" class=\"cat-slider-02__link\"><div class=\"cat-slider-02__heading-box\"><p class=\"cat-slider-02__post-title\">Jak pod\u015bwietli\u0107 lamele?<\/p><p>Ka\u017cdy z nas szuka sposob\u00f3w, aby uczyni\u0107 swoje wn\u0119trze wyj\u0105tkowym i niepowtarzalnym. W dzisiejszym \u015bwiecie [&hellip;]<\/p>\n<\/div><\/a><\/div><div class=\"cat-slider-02__slide\"><a href=\"https:\/\/www.smd-led.pl\/blog\/obraz-na-szarej-scianie\/\" class=\"cat-slider-02__link\"><div class=\"cat-slider-02__img-box\"><img loading=\"lazy\" decoding=\"async\" width=\"768\" height=\"502\" src=\"https:\/\/www.smd-led.pl\/blog\/wp-content\/uploads\/2023\/07\/Obraz-na-szarej-scianie-1-1.jpg\" class=\"cat-slider-02__img wp-post-image\" alt=\"Obraz na szarej \u015bcianie\" srcset=\"https:\/\/www.smd-led.pl\/blog\/wp-content\/uploads\/2023\/07\/Obraz-na-szarej-scianie-1-1.jpg 768w, https:\/\/www.smd-led.pl\/blog\/wp-content\/uploads\/2023\/07\/Obraz-na-szarej-scianie-1-1-300x196.jpg 300w\" sizes=\"auto, (max-width: 768px) 100vw, 768px\" \/><\/div><\/a><a href=\"https:\/\/www.smd-led.pl\/blog\/obraz-na-szarej-scianie\/\" class=\"cat-slider-02__link\"><div class=\"cat-slider-02__heading-box\"><p class=\"cat-slider-02__post-title\">Obraz na szarej \u015bcianie<\/p><p>&nbsp; Tw\u00f3j szary salon zas\u0142uguje na odrobin\u0119 magii i osobistego wyrazu. Dlatego te\u017c warto zastanowi\u0107 [&hellip;]<\/p>\n<\/div><\/a><\/div><div class=\"cat-slider-02__slide\"><a href=\"https:\/\/www.smd-led.pl\/blog\/montaz-tasmy-led-na-scianie\/\" class=\"cat-slider-02__link\"><div class=\"cat-slider-02__img-box\"><img loading=\"lazy\" decoding=\"async\" width=\"1024\" height=\"768\" src=\"https:\/\/www.smd-led.pl\/blog\/wp-content\/uploads\/2023\/04\/Profil-LED-P18-2_inspiracja-1024x768.jpg\" class=\"cat-slider-02__img wp-post-image\" alt=\"Profil LED P18-2_inspiracja\" srcset=\"https:\/\/www.smd-led.pl\/blog\/wp-content\/uploads\/2023\/04\/Profil-LED-P18-2_inspiracja-1024x768.jpg 1024w, https:\/\/www.smd-led.pl\/blog\/wp-content\/uploads\/2023\/04\/Profil-LED-P18-2_inspiracja-300x225.jpg 300w, https:\/\/www.smd-led.pl\/blog\/wp-content\/uploads\/2023\/04\/Profil-LED-P18-2_inspiracja-768x576.jpg 768w, https:\/\/www.smd-led.pl\/blog\/wp-content\/uploads\/2023\/04\/Profil-LED-P18-2_inspiracja-1536x1152.jpg 1536w, https:\/\/www.smd-led.pl\/blog\/wp-content\/uploads\/2023\/04\/Profil-LED-P18-2_inspiracja.jpg 1600w\" sizes=\"auto, (max-width: 1024px) 100vw, 1024px\" \/><\/div><\/a><a href=\"https:\/\/www.smd-led.pl\/blog\/montaz-tasmy-led-na-scianie\/\" class=\"cat-slider-02__link\"><div class=\"cat-slider-02__heading-box\"><p class=\"cat-slider-02__post-title\">Monta\u017c ta\u015bmy Led na \u015bcianie<\/p><p>Jak zrobi\u0107 prawid\u0142owo Monta\u017c ta\u015bmy Led na \u015bcianie? aby monta\u017c ta\u015bmy, by\u0142 zgodny z trendami [&hellip;]<\/p>\n<\/div><\/a><\/div><div class=\"cat-slider-02__slide\"><a href=\"https:\/\/www.smd-led.pl\/blog\/jak-przykleic-tasme-led-do-sufitu\/\" class=\"cat-slider-02__link\"><div class=\"cat-slider-02__img-box\"><img loading=\"lazy\" decoding=\"async\" width=\"1024\" height=\"768\" src=\"https:\/\/www.smd-led.pl\/blog\/wp-content\/uploads\/2023\/04\/Jak-przykleic-tasme-LED-do-sufitu-4-1024x768.jpg\" class=\"cat-slider-02__img wp-post-image\" alt=\"Jak przyklei\u0107 ta\u015bm\u0119 LED do sufitu (4)\" srcset=\"https:\/\/www.smd-led.pl\/blog\/wp-content\/uploads\/2023\/04\/Jak-przykleic-tasme-LED-do-sufitu-4-1024x768.jpg 1024w, https:\/\/www.smd-led.pl\/blog\/wp-content\/uploads\/2023\/04\/Jak-przykleic-tasme-LED-do-sufitu-4-300x225.jpg 300w, https:\/\/www.smd-led.pl\/blog\/wp-content\/uploads\/2023\/04\/Jak-przykleic-tasme-LED-do-sufitu-4-768x576.jpg 768w, https:\/\/www.smd-led.pl\/blog\/wp-content\/uploads\/2023\/04\/Jak-przykleic-tasme-LED-do-sufitu-4-1536x1152.jpg 1536w, https:\/\/www.smd-led.pl\/blog\/wp-content\/uploads\/2023\/04\/Jak-przykleic-tasme-LED-do-sufitu-4.jpg 1600w\" sizes=\"auto, (max-width: 1024px) 100vw, 1024px\" \/><\/div><\/a><a href=\"https:\/\/www.smd-led.pl\/blog\/jak-przykleic-tasme-led-do-sufitu\/\" class=\"cat-slider-02__link\"><div class=\"cat-slider-02__heading-box\"><p class=\"cat-slider-02__post-title\">Jak przyklei\u0107 ta\u015bm\u0119 LED do sufitu<\/p><p>Czy zastanawia\u0142e\u015b si\u0119 kiedy\u015b, jak efektywnie przyklei\u0107 ta\u015bm\u0119 LED do sufitu, aby doda\u0107 swojemu wn\u0119trzu [&hellip;]<\/p>\n<\/div><\/a><\/div><div class=\"cat-slider-02__slide\"><a href=\"https:\/\/www.smd-led.pl\/blog\/jak-zrobic-sufit-podwieszany-led-5-sposobow\/\" class=\"cat-slider-02__link\"><div class=\"cat-slider-02__img-box\"><img loading=\"lazy\" decoding=\"async\" width=\"1024\" height=\"768\" src=\"https:\/\/www.smd-led.pl\/blog\/wp-content\/uploads\/2023\/04\/Jak-zrobic-sufit-podwieszany-LED-5-sposobow-2-1024x768.jpg\" class=\"cat-slider-02__img wp-post-image\" alt=\"Jak zrobi\u0107 sufit podwieszany LED -5 sposob\u00f3w (2)\" srcset=\"https:\/\/www.smd-led.pl\/blog\/wp-content\/uploads\/2023\/04\/Jak-zrobic-sufit-podwieszany-LED-5-sposobow-2-1024x768.jpg 1024w, https:\/\/www.smd-led.pl\/blog\/wp-content\/uploads\/2023\/04\/Jak-zrobic-sufit-podwieszany-LED-5-sposobow-2-300x225.jpg 300w, https:\/\/www.smd-led.pl\/blog\/wp-content\/uploads\/2023\/04\/Jak-zrobic-sufit-podwieszany-LED-5-sposobow-2-768x576.jpg 768w, https:\/\/www.smd-led.pl\/blog\/wp-content\/uploads\/2023\/04\/Jak-zrobic-sufit-podwieszany-LED-5-sposobow-2-1536x1152.jpg 1536w, https:\/\/www.smd-led.pl\/blog\/wp-content\/uploads\/2023\/04\/Jak-zrobic-sufit-podwieszany-LED-5-sposobow-2.jpg 1600w\" sizes=\"auto, (max-width: 1024px) 100vw, 1024px\" \/><\/div><\/a><a href=\"https:\/\/www.smd-led.pl\/blog\/jak-zrobic-sufit-podwieszany-led-5-sposobow\/\" class=\"cat-slider-02__link\"><div class=\"cat-slider-02__heading-box\"><p class=\"cat-slider-02__post-title\">Jak zrobi\u0107 sufit podwieszany LED &#8211; 5 sposob\u00f3w<\/p><p>Sufit podwieszany LED to nie tylko stylowe i nowoczesne rozwi\u0105zanie, ale tak\u017ce praktyczne podej\u015bcie do [&hellip;]<\/p>\n<\/div><\/a><\/div><div class=\"cat-slider-02__slide\"><a href=\"https:\/\/www.smd-led.pl\/blog\/oswietlenie-podszafkowe\/\" class=\"cat-slider-02__link\"><div class=\"cat-slider-02__img-box\"><img loading=\"lazy\" decoding=\"async\" width=\"1024\" height=\"768\" src=\"https:\/\/www.smd-led.pl\/blog\/wp-content\/uploads\/2020\/08\/jaka-tasma-led-do-kuchni.jpg\" class=\"cat-slider-02__img wp-post-image\" alt=\"O\u015bwietlenie podszafkowe i mo\u017cliwo\u015b\u0107 opraw LED\" \/><\/div><\/a><a href=\"https:\/\/www.smd-led.pl\/blog\/oswietlenie-podszafkowe\/\" class=\"cat-slider-02__link\"><div class=\"cat-slider-02__heading-box\"><p class=\"cat-slider-02__post-title\">O\u015bwietlenie podszafkowe w 2023r. &#8211; poradnik od A do Z<\/p><p>W nowoczesnych wn\u0119trzach wa\u017cny jest ka\u017cdy aspekt wystroju. Odpowiednio dobrane o\u015bwietlenie to jedno z wa\u017cniejszych [&hellip;]<\/p>\n<\/div><\/a><\/div><div class=\"cat-slider-02__slide\"><a href=\"https:\/\/www.smd-led.pl\/blog\/jak-oswietlic-polki-w-lazience-nowe-trendy-w-2023r\/\" class=\"cat-slider-02__link\"><div class=\"cat-slider-02__img-box\"><img loading=\"lazy\" decoding=\"async\" width=\"1024\" height=\"768\" src=\"https:\/\/www.smd-led.pl\/blog\/wp-content\/uploads\/2023\/03\/Jak-oswietlic-polke-w-lazience-1024x768.jpg\" class=\"cat-slider-02__img wp-post-image\" alt=\"Jak o\u015bwietli\u0107 p\u00f3\u0142k\u0119 w \u0142azience?\" srcset=\"https:\/\/www.smd-led.pl\/blog\/wp-content\/uploads\/2023\/03\/Jak-oswietlic-polke-w-lazience-1024x768.jpg 1024w, https:\/\/www.smd-led.pl\/blog\/wp-content\/uploads\/2023\/03\/Jak-oswietlic-polke-w-lazience-300x225.jpg 300w, https:\/\/www.smd-led.pl\/blog\/wp-content\/uploads\/2023\/03\/Jak-oswietlic-polke-w-lazience-768x576.jpg 768w, https:\/\/www.smd-led.pl\/blog\/wp-content\/uploads\/2023\/03\/Jak-oswietlic-polke-w-lazience-1536x1152.jpg 1536w, https:\/\/www.smd-led.pl\/blog\/wp-content\/uploads\/2023\/03\/Jak-oswietlic-polke-w-lazience.jpg 1600w\" sizes=\"auto, (max-width: 1024px) 100vw, 1024px\" \/><\/div><\/a><a href=\"https:\/\/www.smd-led.pl\/blog\/jak-oswietlic-polki-w-lazience-nowe-trendy-w-2023r\/\" class=\"cat-slider-02__link\"><div class=\"cat-slider-02__heading-box\"><p class=\"cat-slider-02__post-title\">P\u00f3\u0142ka z o\u015bwietleniem led &#8211; Jak o\u015bwietli\u0107 p\u00f3\u0142ki w \u0142azience?<\/p><p>W obecnych czasach wygl\u0105d i aran\u017cacja wn\u0119trza ma ogromne znaczenie. Nasze domy i mieszkania s\u0105 [&hellip;]<\/p>\n<\/div><\/a><\/div><div class=\"cat-slider-02__slide\"><a href=\"https:\/\/www.smd-led.pl\/blog\/oswietlenie-pokoju-led\/\" class=\"cat-slider-02__link\"><div class=\"cat-slider-02__img-box\"><img loading=\"lazy\" decoding=\"async\" width=\"1024\" height=\"614\" src=\"https:\/\/www.smd-led.pl\/blog\/wp-content\/uploads\/2021\/01\/pokoj-goscinny.jpg\" class=\"cat-slider-02__img wp-post-image\" alt=\"O\u015bwietlenie pokoju LED\" \/><\/div><\/a><a href=\"https:\/\/www.smd-led.pl\/blog\/oswietlenie-pokoju-led\/\" class=\"cat-slider-02__link\"><div class=\"cat-slider-02__heading-box\"><p class=\"cat-slider-02__post-title\">O\u015bwietlenie pokoju LED<\/p><p>Jakie powinno by\u0107 o\u015bwietlenie pokoju LED? Wybieraj\u0105c rodzaj o\u015bwietlenia do pokoju nale\u017cy pami\u0119ta\u0107, \u017ce wa\u017cne [&hellip;]<\/p>\n<\/div><\/a><\/div><div class=\"cat-slider-02__slide\"><a href=\"https:\/\/www.smd-led.pl\/blog\/jak-podlaczyc-oswietlenie-schodowe\/\" class=\"cat-slider-02__link\"><div class=\"cat-slider-02__img-box\"><img loading=\"lazy\" decoding=\"async\" width=\"1000\" height=\"750\" src=\"https:\/\/www.smd-led.pl\/blog\/wp-content\/uploads\/2022\/08\/Jak-podlaczyc-oswietlenie-schodowe.jpg\" class=\"cat-slider-02__img wp-post-image\" alt=\"\" \/><\/div><\/a><a href=\"https:\/\/www.smd-led.pl\/blog\/jak-podlaczyc-oswietlenie-schodowe\/\" class=\"cat-slider-02__link\"><div class=\"cat-slider-02__heading-box\"><p class=\"cat-slider-02__post-title\">Jak pod\u0142\u0105czy\u0107 o\u015bwietlenie schodowe?<\/p><p>M\u0119czy Ci\u0119 ci\u0105g\u0142e zapalanie \u015bwiat\u0142a schodowego po zmroku? A mo\u017ce robisz remont swojego domu i [&hellip;]<\/p>\n<\/div><\/a><\/div><div class=\"cat-slider-02__slide\"><a href=\"https:\/\/www.smd-led.pl\/blog\/jak-oswietlic-garderobe\/\" class=\"cat-slider-02__link\"><div class=\"cat-slider-02__img-box\"><img loading=\"lazy\" decoding=\"async\" width=\"619\" height=\"1000\" src=\"https:\/\/www.smd-led.pl\/blog\/wp-content\/uploads\/2018\/10\/Jak-oswietlic-garderobe-1-1.jpg\" class=\"cat-slider-02__img wp-post-image\" alt=\"Jak o\u015bwietli\u0107 garderob\u0119\" \/><\/div><\/a><a href=\"https:\/\/www.smd-led.pl\/blog\/jak-oswietlic-garderobe\/\" class=\"cat-slider-02__link\"><div class=\"cat-slider-02__heading-box\"><p class=\"cat-slider-02__post-title\">Jak o\u015bwietli\u0107 garderob\u0119?<\/p><p>Wybieraj\u0105c odpowiednie o\u015bwietlenie do naszych pomieszcze\u0144, powinni\u015bmy zastanowi\u0107 si\u0119 przede wszystkim nad tym, jak\u0105 funkcj\u0119 [&hellip;]<\/p>\n<\/div><\/a><\/div><div class=\"cat-slider-02__slide\"><a href=\"https:\/\/www.smd-led.pl\/blog\/podswietlenie-sciany-tasma-led\/\" class=\"cat-slider-02__link\"><div class=\"cat-slider-02__img-box\"><img loading=\"lazy\" decoding=\"async\" width=\"1024\" height=\"576\" src=\"https:\/\/www.smd-led.pl\/blog\/wp-content\/uploads\/2021\/10\/living-room-update-Pietrasik_Living-Room-8.jpg\" class=\"cat-slider-02__img wp-post-image\" alt=\"Pod\u015bwietlenie \u015bciany ta\u015bm\u0105 LED\" \/><\/div><\/a><a href=\"https:\/\/www.smd-led.pl\/blog\/podswietlenie-sciany-tasma-led\/\" class=\"cat-slider-02__link\"><div class=\"cat-slider-02__heading-box\"><p class=\"cat-slider-02__post-title\">Pod\u015bwietlenie \u015bciany ta\u015bm\u0105 LED<\/p><p>Pod\u015bwietlenie \u015bciany ta\u015bm\u0105 LED jest coraz cz\u0119\u015bciej wybieranym rozwi\u0105zaniem na dekoracyjne o\u015bwietlenie wn\u0119trz. W 21. [&hellip;]<\/p>\n<\/div><\/a><\/div><div class=\"cat-slider-02__slide\"><a href=\"https:\/\/www.smd-led.pl\/blog\/jakie-oswietlenie-do-szafy-jakie-oswietlenie-led-wybrac\/\" class=\"cat-slider-02__link\"><div class=\"cat-slider-02__img-box\"><img loading=\"lazy\" decoding=\"async\" width=\"1024\" height=\"768\" src=\"https:\/\/www.smd-led.pl\/blog\/wp-content\/uploads\/2022\/07\/oswietlenie-szafy.jpg\" class=\"cat-slider-02__img wp-post-image\" alt=\"O\u015bwietlenie do szafy - jakie o\u015bwietlenie LED wybra\u0107\" \/><\/div><\/a><a href=\"https:\/\/www.smd-led.pl\/blog\/jakie-oswietlenie-do-szafy-jakie-oswietlenie-led-wybrac\/\" class=\"cat-slider-02__link\"><div class=\"cat-slider-02__heading-box\"><p class=\"cat-slider-02__post-title\">Pod\u015bwietlenie szafy \u2014 jakie o\u015bwietlenie LED wybra\u0107<\/p><p>Ka\u017cdego dnia korzystamy z szafy, zazwyczaj jest to wcze\u015bnie rano lub wieczorem, dlatego wa\u017cne jest, [&hellip;]<\/p>\n<\/div><\/a><\/div><div class=\"cat-slider-02__slide\"><a href=\"https:\/\/www.smd-led.pl\/blog\/nowoczesne-aranzacje-wnetrz\/\" class=\"cat-slider-02__link\"><div class=\"cat-slider-02__img-box\"><img loading=\"lazy\" decoding=\"async\" width=\"1024\" height=\"576\" src=\"https:\/\/www.smd-led.pl\/blog\/wp-content\/uploads\/2022\/07\/nowoczesne-aranzacje-wnetrz..jpeg\" class=\"cat-slider-02__img wp-post-image\" alt=\"Nowoczesne aran\u017cacje wn\u0119trz\" \/><\/div><\/a><a href=\"https:\/\/www.smd-led.pl\/blog\/nowoczesne-aranzacje-wnetrz\/\" class=\"cat-slider-02__link\"><div class=\"cat-slider-02__heading-box\"><p class=\"cat-slider-02__post-title\">Nowoczesne aran\u017cacje wn\u0119trz<\/p><p>Nowoczesne aran\u017cacje wn\u0119trz w 2022 roku to umiej\u0119tne po\u0142\u0105czenie aran\u017cacji o\u015bwietleniowej z og\u00f3ln\u0105 aran\u017cacj\u0105 i [&hellip;]<\/p>\n<\/div><\/a><\/div><div class=\"cat-slider-02__slide\"><a href=\"https:\/\/www.smd-led.pl\/blog\/najlepsze-oswietlenie-na-romantyczna-randke-w-domu\/\" class=\"cat-slider-02__link\"><div class=\"cat-slider-02__img-box\"><img loading=\"lazy\" decoding=\"async\" width=\"1000\" height=\"1000\" src=\"https:\/\/www.smd-led.pl\/blog\/wp-content\/uploads\/2022\/07\/Najlepsze-oswietlenie-na-romantyczna-randke-w-domu..jpg\" class=\"cat-slider-02__img wp-post-image\" alt=\"Najlepsze o\u015bwietlenie na romantyczn\u0105 randk\u0119 w domu\" \/><\/div><\/a><a href=\"https:\/\/www.smd-led.pl\/blog\/najlepsze-oswietlenie-na-romantyczna-randke-w-domu\/\" class=\"cat-slider-02__link\"><div class=\"cat-slider-02__heading-box\"><p class=\"cat-slider-02__post-title\">Najlepsze o\u015bwietlenie na romantyczn\u0105 randk\u0119 w domu<\/p><p>O\u015bwietlenie na randce w domu to bardzo istotny aspekt odgrywaj\u0105cy jedn\u0105 z kluczowych r\u00f3l. Najlepsze [&hellip;]<\/p>\n<\/div><\/a><\/div><div class=\"cat-slider-02__slide\"><a href=\"https:\/\/www.smd-led.pl\/blog\/oswietlenie-poddasza\/\" class=\"cat-slider-02__link\"><div class=\"cat-slider-02__img-box\"><img loading=\"lazy\" decoding=\"async\" width=\"1000\" height=\"667\" src=\"https:\/\/www.smd-led.pl\/blog\/wp-content\/uploads\/2022\/05\/oswietlenie-poddasza-ze-skosami.jpg\" class=\"cat-slider-02__img wp-post-image\" alt=\"Ile powinno by\u0107 lux\u00f3w?\" \/><\/div><\/a><a href=\"https:\/\/www.smd-led.pl\/blog\/oswietlenie-poddasza\/\" class=\"cat-slider-02__link\"><div class=\"cat-slider-02__heading-box\"><p class=\"cat-slider-02__post-title\">O\u015bwietlenie poddasza, czyli jak o\u015bwietli\u0107 poddasze?<\/p><p>Poddasze to pomieszczenie, kt\u00f3re coraz cz\u0119\u015bciej staramy si\u0119 zagospodarowa\u0107. Przytulnie urz\u0105dzone, doskonale sprawdzi si\u0119 jako [&hellip;]<\/p>\n<\/div><\/a><\/div><div class=\"cat-slider-02__slide\"><a href=\"https:\/\/www.smd-led.pl\/blog\/jak-oswietlic-schody-wewnetrzne\/\" class=\"cat-slider-02__link\"><div class=\"cat-slider-02__img-box\"><img loading=\"lazy\" decoding=\"async\" width=\"1000\" height=\"667\" src=\"https:\/\/www.smd-led.pl\/blog\/wp-content\/uploads\/2022\/04\/oswietlenie-schodow-4.jpg\" class=\"cat-slider-02__img wp-post-image\" alt=\"Jak zrobi\u0107 o\u015bwietlenie LED schod\u00f3w\" \/><\/div><\/a><a href=\"https:\/\/www.smd-led.pl\/blog\/jak-oswietlic-schody-wewnetrzne\/\" class=\"cat-slider-02__link\"><div class=\"cat-slider-02__heading-box\"><p class=\"cat-slider-02__post-title\">Jak o\u015bwietli\u0107 schody wewn\u0119trzne? &#8211; Wszystko, co warto wiedzie\u0107<\/p><p>Schody s\u0105 jednym z najwa\u017cniejszych element\u00f3w, od kt\u00f3rego zale\u017cy komfort i bezpiecze\u0144stwo poruszania si\u0119 po [&hellip;]<\/p>\n<\/div><\/a><\/div><div class=\"cat-slider-02__slide\"><a href=\"https:\/\/www.smd-led.pl\/blog\/oswietlenie-korytarza-co-warto-wiedziec\/\" class=\"cat-slider-02__link\"><div class=\"cat-slider-02__img-box\"><img loading=\"lazy\" decoding=\"async\" width=\"1024\" height=\"768\" src=\"https:\/\/www.smd-led.pl\/blog\/wp-content\/uploads\/2020\/07\/oswietlenie-korytarza.jpg\" class=\"cat-slider-02__img wp-post-image\" alt=\"O\u015bwietlenie korytarza\" \/><\/div><\/a><a href=\"https:\/\/www.smd-led.pl\/blog\/oswietlenie-korytarza-co-warto-wiedziec\/\" class=\"cat-slider-02__link\"><div class=\"cat-slider-02__heading-box\"><p class=\"cat-slider-02__post-title\">O\u015bwietlenie korytarza &#8211; co warto wiedzie\u0107?<\/p><p>O\u015bwietlenie korytarza jest bardzo istotne ze wzgl\u0119du na to, \u017ce cz\u0119sto korytarz jak i przedpok\u00f3j [&hellip;]<\/p>\n<\/div><\/a><\/div><div class=\"cat-slider-02__slide\"><a href=\"https:\/\/www.smd-led.pl\/blog\/oswietlenie-w-sypialni-nad-lozkiem\/\" class=\"cat-slider-02__link\"><div class=\"cat-slider-02__img-box\"><img loading=\"lazy\" decoding=\"async\" width=\"1024\" height=\"576\" src=\"https:\/\/www.smd-led.pl\/blog\/wp-content\/uploads\/2020\/01\/oswietlenie-sypialni-nad-lozkiem.jpg\" class=\"cat-slider-02__img wp-post-image\" alt=\"Kinkiet do pokoju m\u0142odzie\u017cowego\" \/><\/div><\/a><a href=\"https:\/\/www.smd-led.pl\/blog\/oswietlenie-w-sypialni-nad-lozkiem\/\" class=\"cat-slider-02__link\"><div class=\"cat-slider-02__heading-box\"><p class=\"cat-slider-02__post-title\">O\u015bwietlenie w sypialni nad \u0142\u00f3\u017ckiem<\/p><p>O\u015bwietlenie w sypialni nad \u0142\u00f3\u017ckiem s\u0105 coraz ch\u0119tniej wybierane przez obecnych projektant\u00f3w wn\u0119trz. Lampa nad [&hellip;]<\/p>\n<\/div><\/a><\/div><div class=\"cat-slider-02__slide\"><a href=\"https:\/\/www.smd-led.pl\/blog\/oswietlenie-na-klatce-schodowej\/\" class=\"cat-slider-02__link\"><div class=\"cat-slider-02__img-box\"><img loading=\"lazy\" decoding=\"async\" width=\"800\" height=\"533\" src=\"https:\/\/www.smd-led.pl\/blog\/wp-content\/uploads\/2019\/02\/Oswietlenie-schodow.jpg\" class=\"cat-slider-02__img wp-post-image\" alt=\"O\u015bwietlenie schod\u00f3w\" \/><\/div><\/a><a href=\"https:\/\/www.smd-led.pl\/blog\/oswietlenie-na-klatce-schodowej\/\" class=\"cat-slider-02__link\"><div class=\"cat-slider-02__heading-box\"><p class=\"cat-slider-02__post-title\">Jakie o\u015bwietlenie na klatk\u0119 schodow\u0105?<\/p><p>W\u015br\u00f3d wielu rodzaj\u00f3w o\u015bwietlenia, kt\u00f3re stosujemy zar\u00f3wno w domach jednorodzinnych, jak i du\u017cych blokowiskach, do\u015b\u0107 [&hellip;]<\/p>\n<\/div><\/a><\/div><\/div><\/div><\/div><\/div>\n<h2>Inne \u015bwiat\u0142o w salonie czy w \u0142azience, inne \u2013 w sypialni<\/h2>\n<p><span style=\"font-weight: 400;\">Wiele os\u00f3b starszych ma problemy z zasypianiem \u2013 z tego wzgl\u0119du warto pami\u0119ta\u0107, \u017ce o\u015bwietlenie w sypialni powinno by\u0107 nieco inne ni\u017c np. w salonie czy \u0142azience. Dobrze, je\u015bli nie b\u0119dzie ono a\u017c tak intensywne, a w dodatku b\u0119dzie mie\u0107 ciep\u0142y kolor. Jednocze\u015bnie koniecznie nale\u017cy zadba\u0107 o \u017ar\u00f3d\u0142o \u015bwiat\u0142a w pobli\u017cu \u0142\u00f3\u017cka \u2013 mo\u017ce by\u0107 to np. kinkiet z w\u0142\u0105cznikiem, kt\u00f3ry senior b\u0119dzie m\u00f3g\u0142 nacisn\u0105\u0107 nie wstaj\u0105c z \u0142\u00f3\u017cka. To niezwykle istotne, poniewa\u017c starsze osoby, chc\u0105c w nocy p\u00f3j\u015b\u0107 np. do \u0142azienki, powinny m\u00f3c w\u0142\u0105czy\u0107 o\u015bwietlenie jeszcze przed wstaniem.\u00a0<\/span><\/p>\n<p><span style=\"font-weight: 400;\">Z kolei je\u015bli chodzi np. o \u0142azienk\u0119 czy kuchni\u0119, warto postawi\u0107 na jasne \u015bwiat\u0142o o nieco ch\u0142odniejszej barwie. Ze wzgl\u0119du na wy\u017csze ryzyko ewentualnego po\u015blizgni\u0119cia czy upadku oba pomieszczenia powinny by\u0107 najlepiej o\u015bwietlonymi pomieszczeniami w ca\u0142ym mieszkaniu. W \u0142azience, opr\u00f3cz o\u015bwietlenia sufitowego, warto postawi\u0107 na dodatkowe kinkiety przy lustrze; natomiast w kuchni \u2013 na pod\u015bwietlenie podwieszanych szafek i blat\u00f3w.\u00a0<\/span><\/p>\n<div class=\"call-to-action-07\"><div class=\"call-to-action-07__product-box\"><img decoding=\"async\" src=\"https:\/\/www.smd-led.pl\/blog\/wp-content\/uploads\/2022\/07\/tasma-led-24v-cob-11w-480led-ip20-3000-100k-95lm-w-ra-90-8mm-1m.jpg\" alt=\"TA\u015aMA LED 24V \/ COB \/ 11W \/ 480LED \/ IP20 \/ 3000 +\/-100K \/ 95LM\/W \/ RA 90 \/ 8MM \/ 1M\" \/><span class=\"call-to-action-07__product-title\">TA\u015aMA LED 24V \/ COB \/ 11W \/ 3000K<\/span><a href=\"https:\/\/www.smd-led.pl\/tasma-led-24v-cob-11w-480led-ip20-3000-100k-95lm-w-ra-90-8mm-1m-116147\" class=\"button\" id=\"COB_NOWE\" target=\"_self\">Zobacz produkt<\/a><\/div><div class=\"call-to-action-07__product-box\"><img decoding=\"async\" src=\"https:\/\/www.smd-led.pl\/blog\/wp-content\/uploads\/2023\/07\/Tasma-Led-24V-Cob-11W-480Led-Ip20-4000-100K-100LmW-Ra-90-1M-8Mm.jpg\" alt=\"Ta\u015bma Led 24V Cob 11W 480Led Ip20 4000 +-100K 100LmW Ra 90 1M 8Mm\" \/><span class=\"call-to-action-07__product-title\">TA\u015aMA LED 24V \/ COB \/ 11W \/ 4000K<\/span><a href=\"https:\/\/www.smd-led.pl\/tasma-led-24v-cob-11w-480led-ip20-4000-100k-100lm-w-ra-90-1m-8mm-97390\" class=\"button\" id=\"COB_NOWE\" target=\"_self\">Zobacz produkt<\/a><\/div><div class=\"call-to-action-07__product-box\"><img decoding=\"async\" src=\"https:\/\/www.smd-led.pl\/blog\/wp-content\/uploads\/2022\/07\/tasma-led-24v-cob-11w-480led-ip20-6000-100k-100lm-w-ra-90-8mm-1m.jpg\" alt=\"TA\u015aMA LED 24V \/ COB \/ 11W \/ 480LED \/ IP20 \/ 6000 +\/-100K \/ 100LM\/W \/ RA 90 \/ 8MM \/ 1M\" \/><span class=\"call-to-action-07__product-title\">TA\u015aMA LED 24V \/ COB \/ 11W \/ 6000K<\/span><a href=\"https:\/\/www.smd-led.pl\/tasma-led-24v-cob-11w-480led-ip20-6000-100k-100lm-w-ra-90-8mm-1m-116158\" class=\"button\" id=\"COB_NOWE\" target=\"_self\">Zobacz produkt<\/a><\/div><\/div>\n<h2>Lampki z czujnikiem ruchu: nowoczesne rozwi\u0105zanie w mieszkaniu seniora<\/h2>\n<p><span style=\"font-weight: 400;\">Po wpisaniu w wyszukiwark\u0119 has\u0142a \u201e<\/span><a href=\"https:\/\/rynekpierwotny.pl\/deweloperzy\/s\/elblag\/\"><b>deweloperzy Elbl\u0105g<\/b><\/a><b>\u201d <\/b><span style=\"font-weight: 400;\">czy nawet \u201e<\/span><a href=\"https:\/\/rynekpierwotny.pl\/deweloperzy\/s\/olsztyn\/\"><b>deweloperzy Olsztyn<\/b><\/a><span style=\"font-weight: 400;\">\u201d nie nale\u017cy spodziewa\u0107 si\u0119 rezultat\u00f3w podobnych do innych, du\u017cych miast \u2013 wszystko dlatego, \u017ce wiele nieco mniejszych miast w Polsce jest zamieszkiwana g\u0142\u00f3wnie przez osoby starsze. Nie oznacza to jednak, \u017ce seniorzy nie potrzebuj\u0105 nowoczesnych rozwi\u0105za\u0144 \u2013 wr\u0119cz przeciwnie. Do takich, zw\u0142aszcza w kontek\u015bcie o\u015bwietlenia, nale\u017c\u0105 lampki z czujnikiem ruchu. Warto pomy\u015ble\u0107 o ich zamontowaniu przede wszystkim w takich miejscach jak toaleta czy przedpok\u00f3j \u2013 tak, by senior nie musia\u0142 szuka\u0107 w\u0142\u0105cznika wchodz\u0105c do danego pomieszczenia, zw\u0142aszcza, gdy b\u0119dzie porusza\u0142 si\u0119 po mieszkaniu w nocy.\u00a0<\/span><\/p>\n<p><span style=\"font-weight: 400;\">Podsumowuj\u0105c \u2013 o\u015bwietlenie w mieszkaniu seniora warto zaplanowa\u0107, maj\u0105c na uwadze pewne ograniczenia i s\u0142abo\u015bci organizmu wyst\u0119puj\u0105ce cz\u0119sto u os\u00f3b starszych. Opr\u00f3cz tego nale\u017cy te\u017c pami\u0119ta\u0107 o tym, \u017ce o\u015bwietlenie pe\u0142ni w mieszkaniu seniora dodatkow\u0105 funkcj\u0119 \u2013 ma bowiem wp\u0142yw na jego bezpiecze\u0144stwo.\u00a0\u00a0<\/span><\/p>\n","protected":false},"excerpt":{"rendered":"<p>O\u015bwietlenie jest niezwykle istotne w ka\u017cdym mieszkaniu \u2013 jeszcze wi\u0119ksze znaczenie ma jednak w mieszkaniu [&hellip;]<\/p>\n","protected":false},"author":7,"featured_media":5688,"comment_status":"closed","ping_status":"closed","sticky":false,"template":"","format":"standard","meta":{"inline_featured_image":false,"footnotes":""},"categories":[31],"tags":[],"class_list":["post-5687","post","type-post","status-publish","format-standard","has-post-thumbnail","hentry","category-oswietlenie-dla-domu"],"acf":[],"yoast_head":"<!-- This site is optimized with the Yoast SEO Premium plugin v26.8 (Yoast SEO v26.8) - https:\/\/yoast.com\/product\/yoast-seo-premium-wordpress\/ -->\n<title>Mieszkanie dla seniora \u2013 o\u015bwietlenie - SMD-LED<\/title>\n<meta name=\"description\" content=\"O\u015bwietlenie jest niezwykle istotne w ka\u017cdym mieszkaniu \u2013 jeszcze wi\u0119ksze znaczenie ma jednak w mieszkaniu seniora.\" \/>\n<meta name=\"robots\" content=\"index, follow, max-snippet:-1, max-image-preview:large, max-video-preview:-1\" \/>\n<link rel=\"canonical\" href=\"https:\/\/www.smd-led.pl\/blog\/mieszkanie-dla-seniora-oswietlenie\/\" \/>\n<meta property=\"og:locale\" content=\"pl_PL\" \/>\n<meta property=\"og:type\" content=\"article\" \/>\n<meta property=\"og:title\" content=\"Mieszkanie dla seniora \u2013 o\u015bwietlenie\" \/>\n<meta property=\"og:description\" content=\"O\u015bwietlenie jest niezwykle istotne w ka\u017cdym mieszkaniu \u2013 jeszcze wi\u0119ksze znaczenie ma jednak w mieszkaniu seniora.\" \/>\n<meta property=\"og:url\" content=\"https:\/\/www.smd-led.pl\/blog\/mieszkanie-dla-seniora-oswietlenie\/\" \/>\n<meta property=\"og:site_name\" content=\"SMD-LED\" \/>\n<meta property=\"article:published_time\" content=\"2022-02-25T16:05:08+00:00\" \/>\n<meta property=\"article:modified_time\" content=\"2024-01-16T13:22:59+00:00\" \/>\n<meta property=\"og:image\" content=\"https:\/\/www.smd-led.pl\/blog\/wp-content\/uploads\/2022\/02\/oswietlenie-mieszkanie.jpg\" \/>\n\t<meta property=\"og:image:width\" content=\"1000\" \/>\n\t<meta property=\"og:image:height\" content=\"666\" \/>\n\t<meta property=\"og:image:type\" content=\"image\/jpeg\" \/>\n<meta name=\"author\" content=\"Marcin Pietrasik\" \/>\n<meta name=\"twitter:card\" content=\"summary_large_image\" \/>\n<meta name=\"twitter:label1\" content=\"Napisane przez\" \/>\n\t<meta name=\"twitter:data1\" content=\"Marcin Pietrasik\" \/>\n\t<meta name=\"twitter:label2\" content=\"Szacowany czas czytania\" \/>\n\t<meta name=\"twitter:data2\" content=\"3 minuty\" \/>\n<script type=\"application\/ld+json\" class=\"yoast-schema-graph\">{\"@context\":\"https:\/\/schema.org\",\"@graph\":[{\"@type\":\"Article\",\"@id\":\"https:\/\/www.smd-led.pl\/blog\/mieszkanie-dla-seniora-oswietlenie\/#article\",\"isPartOf\":{\"@id\":\"https:\/\/www.smd-led.pl\/blog\/mieszkanie-dla-seniora-oswietlenie\/\"},\"author\":{\"name\":\"Marcin Pietrasik\",\"@id\":\"https:\/\/www.smd-led.pl\/blog\/#\/schema\/person\/887fa24be503d7ae726f67021d1623f5\"},\"headline\":\"Mieszkanie dla seniora \u2013 o\u015bwietlenie\",\"datePublished\":\"2022-02-25T16:05:08+00:00\",\"dateModified\":\"2024-01-16T13:22:59+00:00\",\"mainEntityOfPage\":{\"@id\":\"https:\/\/www.smd-led.pl\/blog\/mieszkanie-dla-seniora-oswietlenie\/\"},\"wordCount\":552,\"image\":{\"@id\":\"https:\/\/www.smd-led.pl\/blog\/mieszkanie-dla-seniora-oswietlenie\/#primaryimage\"},\"thumbnailUrl\":\"https:\/\/www.smd-led.pl\/blog\/wp-content\/uploads\/2022\/02\/oswietlenie-mieszkanie.jpg\",\"articleSection\":[\"O\u015bwietlenie dla domu\"],\"inLanguage\":\"pl-PL\"},{\"@type\":\"WebPage\",\"@id\":\"https:\/\/www.smd-led.pl\/blog\/mieszkanie-dla-seniora-oswietlenie\/\",\"url\":\"https:\/\/www.smd-led.pl\/blog\/mieszkanie-dla-seniora-oswietlenie\/\",\"name\":\"Mieszkanie dla seniora \u2013 o\u015bwietlenie - SMD-LED\",\"isPartOf\":{\"@id\":\"https:\/\/www.smd-led.pl\/blog\/#website\"},\"primaryImageOfPage\":{\"@id\":\"https:\/\/www.smd-led.pl\/blog\/mieszkanie-dla-seniora-oswietlenie\/#primaryimage\"},\"image\":{\"@id\":\"https:\/\/www.smd-led.pl\/blog\/mieszkanie-dla-seniora-oswietlenie\/#primaryimage\"},\"thumbnailUrl\":\"https:\/\/www.smd-led.pl\/blog\/wp-content\/uploads\/2022\/02\/oswietlenie-mieszkanie.jpg\",\"datePublished\":\"2022-02-25T16:05:08+00:00\",\"dateModified\":\"2024-01-16T13:22:59+00:00\",\"author\":{\"@id\":\"https:\/\/www.smd-led.pl\/blog\/#\/schema\/person\/887fa24be503d7ae726f67021d1623f5\"},\"description\":\"O\u015bwietlenie jest niezwykle istotne w ka\u017cdym mieszkaniu \u2013 jeszcze wi\u0119ksze znaczenie ma jednak w mieszkaniu seniora.\",\"breadcrumb\":{\"@id\":\"https:\/\/www.smd-led.pl\/blog\/mieszkanie-dla-seniora-oswietlenie\/#breadcrumb\"},\"inLanguage\":\"pl-PL\",\"potentialAction\":[{\"@type\":\"ReadAction\",\"target\":[\"https:\/\/www.smd-led.pl\/blog\/mieszkanie-dla-seniora-oswietlenie\/\"]}]},{\"@type\":\"ImageObject\",\"inLanguage\":\"pl-PL\",\"@id\":\"https:\/\/www.smd-led.pl\/blog\/mieszkanie-dla-seniora-oswietlenie\/#primaryimage\",\"url\":\"https:\/\/www.smd-led.pl\/blog\/wp-content\/uploads\/2022\/02\/oswietlenie-mieszkanie.jpg\",\"contentUrl\":\"https:\/\/www.smd-led.pl\/blog\/wp-content\/uploads\/2022\/02\/oswietlenie-mieszkanie.jpg\",\"width\":1000,\"height\":666,\"caption\":\"\"},{\"@type\":\"BreadcrumbList\",\"@id\":\"https:\/\/www.smd-led.pl\/blog\/mieszkanie-dla-seniora-oswietlenie\/#breadcrumb\",\"itemListElement\":[{\"@type\":\"ListItem\",\"position\":1,\"name\":\"Strona g\u0142\u00f3wna\",\"item\":\"https:\/\/www.smd-led.pl\/blog\/\"},{\"@type\":\"ListItem\",\"position\":2,\"name\":\"Mieszkanie dla seniora \u2013 o\u015bwietlenie\"}]},{\"@type\":\"WebSite\",\"@id\":\"https:\/\/www.smd-led.pl\/blog\/#website\",\"url\":\"https:\/\/www.smd-led.pl\/blog\/\",\"name\":\"SMD-LED\",\"description\":\"O\u015bwietlenie Led do domu i przemys\u0142u porady, testy i opinie ekspert\u00f3w\",\"potentialAction\":[{\"@type\":\"SearchAction\",\"target\":{\"@type\":\"EntryPoint\",\"urlTemplate\":\"https:\/\/www.smd-led.pl\/blog\/?s={search_term_string}\"},\"query-input\":{\"@type\":\"PropertyValueSpecification\",\"valueRequired\":true,\"valueName\":\"search_term_string\"}}],\"inLanguage\":\"pl-PL\"},{\"@type\":\"Person\",\"@id\":\"https:\/\/www.smd-led.pl\/blog\/#\/schema\/person\/887fa24be503d7ae726f67021d1623f5\",\"name\":\"Marcin Pietrasik\",\"image\":{\"@type\":\"ImageObject\",\"inLanguage\":\"pl-PL\",\"@id\":\"https:\/\/www.smd-led.pl\/blog\/#\/schema\/person\/image\/\",\"url\":\"https:\/\/secure.gravatar.com\/avatar\/c886f4ccbb5c83b665ee8b66f0b3401128439bc832dca6389b6e67c6bdc3d38b?s=96&d=mm&r=g\",\"contentUrl\":\"https:\/\/secure.gravatar.com\/avatar\/c886f4ccbb5c83b665ee8b66f0b3401128439bc832dca6389b6e67c6bdc3d38b?s=96&d=mm&r=g\",\"caption\":\"Marcin Pietrasik\"},\"url\":\"https:\/\/www.smd-led.pl\/blog\/author\/mpietrasik\/\"}]}<\/script>\n<!-- \/ Yoast SEO Premium plugin. -->","yoast_head_json":{"title":"Mieszkanie dla seniora \u2013 o\u015bwietlenie - SMD-LED","description":"O\u015bwietlenie jest niezwykle istotne w ka\u017cdym mieszkaniu \u2013 jeszcze wi\u0119ksze znaczenie ma jednak w mieszkaniu seniora.","robots":{"index":"index","follow":"follow","max-snippet":"max-snippet:-1","max-image-preview":"max-image-preview:large","max-video-preview":"max-video-preview:-1"},"canonical":"https:\/\/www.smd-led.pl\/blog\/mieszkanie-dla-seniora-oswietlenie\/","og_locale":"pl_PL","og_type":"article","og_title":"Mieszkanie dla seniora \u2013 o\u015bwietlenie","og_description":"O\u015bwietlenie jest niezwykle istotne w ka\u017cdym mieszkaniu \u2013 jeszcze wi\u0119ksze znaczenie ma jednak w mieszkaniu seniora.","og_url":"https:\/\/www.smd-led.pl\/blog\/mieszkanie-dla-seniora-oswietlenie\/","og_site_name":"SMD-LED","article_published_time":"2022-02-25T16:05:08+00:00","article_modified_time":"2024-01-16T13:22:59+00:00","og_image":[{"width":1000,"height":666,"url":"https:\/\/www.smd-led.pl\/blog\/wp-content\/uploads\/2022\/02\/oswietlenie-mieszkanie.jpg","type":"image\/jpeg"}],"author":"Marcin Pietrasik","twitter_card":"summary_large_image","twitter_misc":{"Napisane przez":"Marcin Pietrasik","Szacowany czas czytania":"3 minuty"},"schema":{"@context":"https:\/\/schema.org","@graph":[{"@type":"Article","@id":"https:\/\/www.smd-led.pl\/blog\/mieszkanie-dla-seniora-oswietlenie\/#article","isPartOf":{"@id":"https:\/\/www.smd-led.pl\/blog\/mieszkanie-dla-seniora-oswietlenie\/"},"author":{"name":"Marcin Pietrasik","@id":"https:\/\/www.smd-led.pl\/blog\/#\/schema\/person\/887fa24be503d7ae726f67021d1623f5"},"headline":"Mieszkanie dla seniora \u2013 o\u015bwietlenie","datePublished":"2022-02-25T16:05:08+00:00","dateModified":"2024-01-16T13:22:59+00:00","mainEntityOfPage":{"@id":"https:\/\/www.smd-led.pl\/blog\/mieszkanie-dla-seniora-oswietlenie\/"},"wordCount":552,"image":{"@id":"https:\/\/www.smd-led.pl\/blog\/mieszkanie-dla-seniora-oswietlenie\/#primaryimage"},"thumbnailUrl":"https:\/\/www.smd-led.pl\/blog\/wp-content\/uploads\/2022\/02\/oswietlenie-mieszkanie.jpg","articleSection":["O\u015bwietlenie dla domu"],"inLanguage":"pl-PL"},{"@type":"WebPage","@id":"https:\/\/www.smd-led.pl\/blog\/mieszkanie-dla-seniora-oswietlenie\/","url":"https:\/\/www.smd-led.pl\/blog\/mieszkanie-dla-seniora-oswietlenie\/","name":"Mieszkanie dla seniora \u2013 o\u015bwietlenie - SMD-LED","isPartOf":{"@id":"https:\/\/www.smd-led.pl\/blog\/#website"},"primaryImageOfPage":{"@id":"https:\/\/www.smd-led.pl\/blog\/mieszkanie-dla-seniora-oswietlenie\/#primaryimage"},"image":{"@id":"https:\/\/www.smd-led.pl\/blog\/mieszkanie-dla-seniora-oswietlenie\/#primaryimage"},"thumbnailUrl":"https:\/\/www.smd-led.pl\/blog\/wp-content\/uploads\/2022\/02\/oswietlenie-mieszkanie.jpg","datePublished":"2022-02-25T16:05:08+00:00","dateModified":"2024-01-16T13:22:59+00:00","author":{"@id":"https:\/\/www.smd-led.pl\/blog\/#\/schema\/person\/887fa24be503d7ae726f67021d1623f5"},"description":"O\u015bwietlenie jest niezwykle istotne w ka\u017cdym mieszkaniu \u2013 jeszcze wi\u0119ksze znaczenie ma jednak w mieszkaniu seniora.","breadcrumb":{"@id":"https:\/\/www.smd-led.pl\/blog\/mieszkanie-dla-seniora-oswietlenie\/#breadcrumb"},"inLanguage":"pl-PL","potentialAction":[{"@type":"ReadAction","target":["https:\/\/www.smd-led.pl\/blog\/mieszkanie-dla-seniora-oswietlenie\/"]}]},{"@type":"ImageObject","inLanguage":"pl-PL","@id":"https:\/\/www.smd-led.pl\/blog\/mieszkanie-dla-seniora-oswietlenie\/#primaryimage","url":"https:\/\/www.smd-led.pl\/blog\/wp-content\/uploads\/2022\/02\/oswietlenie-mieszkanie.jpg","contentUrl":"https:\/\/www.smd-led.pl\/blog\/wp-content\/uploads\/2022\/02\/oswietlenie-mieszkanie.jpg","width":1000,"height":666,"caption":""},{"@type":"BreadcrumbList","@id":"https:\/\/www.smd-led.pl\/blog\/mieszkanie-dla-seniora-oswietlenie\/#breadcrumb","itemListElement":[{"@type":"ListItem","position":1,"name":"Strona g\u0142\u00f3wna","item":"https:\/\/www.smd-led.pl\/blog\/"},{"@type":"ListItem","position":2,"name":"Mieszkanie dla seniora \u2013 o\u015bwietlenie"}]},{"@type":"WebSite","@id":"https:\/\/www.smd-led.pl\/blog\/#website","url":"https:\/\/www.smd-led.pl\/blog\/","name":"SMD-LED","description":"O\u015bwietlenie Led do domu i przemys\u0142u porady, testy i opinie ekspert\u00f3w","potentialAction":[{"@type":"SearchAction","target":{"@type":"EntryPoint","urlTemplate":"https:\/\/www.smd-led.pl\/blog\/?s={search_term_string}"},"query-input":{"@type":"PropertyValueSpecification","valueRequired":true,"valueName":"search_term_string"}}],"inLanguage":"pl-PL"},{"@type":"Person","@id":"https:\/\/www.smd-led.pl\/blog\/#\/schema\/person\/887fa24be503d7ae726f67021d1623f5","name":"Marcin Pietrasik","image":{"@type":"ImageObject","inLanguage":"pl-PL","@id":"https:\/\/www.smd-led.pl\/blog\/#\/schema\/person\/image\/","url":"https:\/\/secure.gravatar.com\/avatar\/c886f4ccbb5c83b665ee8b66f0b3401128439bc832dca6389b6e67c6bdc3d38b?s=96&d=mm&r=g","contentUrl":"https:\/\/secure.gravatar.com\/avatar\/c886f4ccbb5c83b665ee8b66f0b3401128439bc832dca6389b6e67c6bdc3d38b?s=96&d=mm&r=g","caption":"Marcin Pietrasik"},"url":"https:\/\/www.smd-led.pl\/blog\/author\/mpietrasik\/"}]}},"_links":{"self":[{"href":"https:\/\/www.smd-led.pl\/blog\/wp-json\/wp\/v2\/posts\/5687","targetHints":{"allow":["GET"]}}],"collection":[{"href":"https:\/\/www.smd-led.pl\/blog\/wp-json\/wp\/v2\/posts"}],"about":[{"href":"https:\/\/www.smd-led.pl\/blog\/wp-json\/wp\/v2\/types\/post"}],"author":[{"embeddable":true,"href":"https:\/\/www.smd-led.pl\/blog\/wp-json\/wp\/v2\/users\/7"}],"replies":[{"embeddable":true,"href":"https:\/\/www.smd-led.pl\/blog\/wp-json\/wp\/v2\/comments?post=5687"}],"version-history":[{"count":2,"href":"https:\/\/www.smd-led.pl\/blog\/wp-json\/wp\/v2\/posts\/5687\/revisions"}],"predecessor-version":[{"id":17703,"href":"https:\/\/www.smd-led.pl\/blog\/wp-json\/wp\/v2\/posts\/5687\/revisions\/17703"}],"wp:featuredmedia":[{"embeddable":true,"href":"https:\/\/www.smd-led.pl\/blog\/wp-json\/wp\/v2\/media\/5688"}],"wp:attachment":[{"href":"https:\/\/www.smd-led.pl\/blog\/wp-json\/wp\/v2\/media?parent=5687"}],"wp:term":[{"taxonomy":"category","embeddable":true,"href":"https:\/\/www.smd-led.pl\/blog\/wp-json\/wp\/v2\/categories?post=5687"},{"taxonomy":"post_tag","embeddable":true,"href":"https:\/\/www.smd-led.pl\/blog\/wp-json\/wp\/v2\/tags?post=5687"}],"curies":[{"name":"wp","href":"https:\/\/api.w.org\/{rel}","templated":true}]}}