{"id":7027,"date":"2022-07-14T15:32:22","date_gmt":"2022-07-14T13:32:22","guid":{"rendered":"https:\/\/www.smd-led.pl\/blog\/?p=7027"},"modified":"2023-12-29T15:26:53","modified_gmt":"2023-12-29T14:26:53","slug":"klasy-efektywnosci-energetycznej","status":"publish","type":"post","link":"https:\/\/www.smd-led.pl\/blog\/klasy-efektywnosci-energetycznej\/","title":{"rendered":"Klasy efektywno\u015bci energetycznej"},"content":{"rendered":"<div><strong>Klasy efektywno\u015bci energetycznej uleg\u0142y zmianie w marcu 2021 roku. Dawne oznaczenia na etykietach znacznie r\u00f3\u017cni\u0105 si\u0119 od obecnych klasyfikacji. W tera\u017aniejszych klasach do najlepszych mo\u017cemy zaliczy\u0107 klas\u0119 C. Wa\u017cn\u0105 informacj\u0105 jest odst\u0105pienie od u\u017cywania &#8222;+&#8221; w klasach.<\/strong><\/div>\n<div><\/div>\n<div>\n<div id=\"attachment_6117\" style=\"width: 810px\" class=\"wp-caption aligncenter\"><img loading=\"lazy\" decoding=\"async\" aria-describedby=\"caption-attachment-6117\" class=\"size-full wp-image-6117\" src=\"https:\/\/www.smd-led.pl\/blog\/wp-content\/uploads\/2020\/05\/Najlepsze-oswietlenie-LED-1.png\" alt=\"Najlepsze o\u015bwietlenie LED\" width=\"800\" height=\"533\" \/><p id=\"caption-attachment-6117\" class=\"wp-caption-text\">Najlepsze o\u015bwietlenie LED<\/p><\/div>\n<\/div>\n<p>Oznaczenia \u017car\u00f3wek energooszcz\u0119dnych LED podobnie jak telewizor\u00f3w ledowych, czy lod\u00f3wek posiadaj\u0105 na swoim pude\u0142ku zapis na temat efektywno\u015bci energetycznej. Tego typu informacj\u0119 o \u017car\u00f3wce najcz\u0119\u015bciej znajduj\u0105 si\u0119 na jej opakowaniu. Efektywno\u015b\u0107 energetyczna stanowi nic innego jak stosunek wydajno\u015bci \u017car\u00f3wek do ich poboru energii. Jest to oznaczenie oszacowane lub zmierzone, kt\u00f3re wskazuje nam ilo\u015b\u0107 energii, kt\u00f3ra zaoszcz\u0119dzimy, nie trac\u0105c przy tym na jako\u015bci o\u015bwietlenia. Zgodnie z dyrektyw\u0105 Unii Europejskiej ka\u017cdy tego rodzaju produkt o\u015bwietleniowy o mocy \u015bwietlnej powy\u017cej 30 lumen\u00f3w, powinien tak\u0105 etykiet\u0119 posiada\u0107.<\/p>\n<p style=\"text-align: center;\"><strong><span style=\"font-size: 24pt; color: #ff0000;\">Najcz\u0119\u015bciej wybierane kategorie \u017car\u00f3wek przez naszych klient\u00f3w:<\/span><\/strong><\/p>\n<div class=\"call-to-action-07\"><div class=\"call-to-action-07__product-box\"><img decoding=\"async\" src=\"https:\/\/www.smd-led.pl\/blog\/wp-content\/uploads\/2023\/12\/zarowka-led-v-tac-samsung-chip-11w-e27-a60-sciemnialna-vt-262d-3000k-1055lm-5-lat-gwarancji-1.jpg\" alt=\"\u017bar\u00f3wka LED E27\" \/><span class=\"call-to-action-07__product-title\"><a href=\"https:\/\/www.smd-led.pl\/zarowka-led-e27\" data-internallinksmanager029f6b8e52c=\"22\" title=\"\u017bar\u00f3wka LED E27\">\u017bar\u00f3wka LED E27<\/a><\/span><a href=\"https:\/\/www.smd-led.pl\/zarowka-led-e27\" class=\"button\" id=\"zarowki_\" target=\"_self\">Zobacz produkty<\/a><\/div><div class=\"call-to-action-07__product-box\"><img decoding=\"async\" src=\"https:\/\/www.smd-led.pl\/blog\/wp-content\/uploads\/2023\/12\/zarowka-led-v-tac-samsung-chip-65w-e14-kulka-p45-vt-270-6000k-600lm-5-lat-gwarancji.jpg\" alt=\"\u017bar\u00f3wki LED E14\" \/><span class=\"call-to-action-07__product-title\">\u017bar\u00f3wki LED E14<\/span><a href=\"https:\/\/www.smd-led.pl\/zarowki-led-e14\" class=\"button\" id=\"zarowki_\" target=\"_self\">Zobacz produkty<\/a><\/div><div class=\"call-to-action-07__product-box\"><img decoding=\"async\" src=\"https:\/\/www.smd-led.pl\/blog\/wp-content\/uploads\/2023\/12\/led-gu10-9w-3000k-premium.webp\" alt=\"\u017bar\u00f3wka GU10\" \/><span class=\"call-to-action-07__product-title\">\u017bar\u00f3wka GU10<\/span><a href=\"https:\/\/www.smd-led.pl\/zarowka-gu10\" class=\"button\" id=\"zarowki_\" target=\"_self\">Zobacz produkty<\/a><\/div><\/div>\n<h2>Nowe klasy efektywno\u015bci energetycznej<\/h2>\n<p><strong>Nowe klasy energetyczne wprowadzone zosta\u0142y w marcu 2021 roku. Pozwalaj\u0105 na lepsze rozeznanie w jako\u015bci produkt\u00f3w. Na etykietach z klas\u0105 energetyczn\u0105 znale\u017a\u0107 mo\u017cemy dodatkowo kod QR, kt\u00f3ry odsy\u0142a nas do szczeg\u00f3\u0142owych informacji. <\/strong>Dzi\u0119ki temu wyb\u00f3r odpowiedniego urz\u0105dzenia stanie si\u0119 jeszcze prostszy, a specyfikacja produktu nie b\u0119dzie dla nikogo zagadk\u0105. Kolejn\u0105 rzecz\u0105 jak\u0105 znajdziemy na etykietach s\u0105 piktogramy, co niekt\u00f3re uleg\u0142y zmianie. Znale\u017a\u0107 mo\u017cemy tak\u017ce oznaczenia klasy efektywno\u015bci wirowania pralki informuj\u0105ce o ilo\u015bci wody zu\u017cywanej do jednego cyklu prania. Spotka\u0107 mo\u017cemy te\u017c piktogram efektywno\u015bci energetycznej dla telewizor\u00f3w HDR. Wprowadzone zmiany obejmuj\u0105 spos\u00f3b przypisywania produktu do danej klasy. Dla wielu z nich mo\u017cemy spotka\u0107 bardziej rygorystyczne wytyczne. Jedn\u0105 z najbardziej zauwa\u017calnych zmian jest usuni\u0119cie &#8222;plus\u00f3w&#8221; z oznacze\u0144 klas.<\/p>\n<p>Zgodnie z Rozporz\u0105dzeniem UE 2019\/2015 z dnia 11 marca 2019 roku w odniesieniu do etykietowania energetycznego \u017ar\u00f3de\u0142 \u015bwiat\u0142a \u00a0ustanowione zosta\u0142y wymogi dotycz\u0105ce etykietowania \u017ar\u00f3de\u0142 \u015bwiat\u0142a z wbudowanym<br \/>\nosprz\u0119tem steruj\u0105cym lub bez niego oraz wymogi umieszczania na nich dodatkowych informacji o produkcie. Wymogi te maj\u0105<br \/>\nr\u00f3wnie\u017c zastosowanie do wprowadzanych do obrotu \u017ar\u00f3de\u0142 \u015bwiat\u0142a stanowi\u0105cych element produktu wyposa\u017conego.<\/p>\n<p>Ustanowione zosta\u0142y <strong>wymogi wobec dostawc\u00f3w \u017ar\u00f3de\u0142 \u015bwiat\u0142a<\/strong>:<\/p>\n<ul>\n<li>ka\u017cde \u017ar\u00f3d\u0142o \u015bwiat\u0142a (takie jak <a href=\"https:\/\/www.smd-led.pl\/panele-led\">panele LED<\/a>, czy \u017car\u00f3wki), kt\u00f3re jest wprowadzane do obrotu jako produkt niezale\u017cny znajduj\u0105ce si\u0119 w opakowaniu musi by\u0107 dostarczane wraz z etykiet\u0105 drukowan\u0105 na wyszczeg\u00f3lnionej etykiecie okre\u015blonej w ustawie<\/li>\n<li>do systemu nale\u017cy wprowadzi\u0107 parametry z karty informacyjnej produktu<\/li>\n<li>je\u015bli sprzedawca ma takie \u017cyczenie nale\u017cy udost\u0119pni\u0107 kart\u0119 informacyjn\u0105 w formie druku<\/li>\n<li>do bazy danych o produktach nale\u017cy wprowadzi\u0107 tre\u015b\u0107 dokumentacji technicznej<\/li>\n<li>reklamy wizualne konkretnego modelu \u017ar\u00f3d\u0142a \u015bwiat\u0142a musz\u0105 zawiera\u0107 na etykiecie klas\u0119 efektywno\u015bci energetycznej tego modelu i zakres dost\u0119pnych klas efektywno\u015bci<\/li>\n<li>&#8222;wszelkie promocyjne materia\u0142y techniczne dotycz\u0105ce konkretnych modeli \u017ar\u00f3de\u0142 \u015bwiat\u0142a, w tym promocyjne materia\u0142y techniczne w internecie, w kt\u00f3rych opisano ich konkretne parametry techniczne, musz\u0105 zawiera\u0107 na etykiecie klas\u0119<br \/>\nefektywno\u015bci energetycznej tych modeli i zakres dost\u0119pnych klas efektywno\u015bci energetycznej&#8221;<\/li>\n<li>sprzedawcom ka\u017cdego \u017ar\u00f3d\u0142a \u015bwiat\u0142a nale\u017cy udost\u0119pni\u0107 etykiet\u0119 elektroniczn\u0105 uwzgl\u0119dniaj\u0105c\u0105 format oraz informacje<\/li>\n<li>sprzedawcom ka\u017cdego modelu \u017ar\u00f3d\u0142a \u015bwiat\u0142a nale\u017cy udost\u0119pni\u0107 elektroniczn\u0105 kart\u0119 produktu<\/li>\n<li>na wniosek sprzedawcy drukowane s\u0105 etykiety w celu zmiany skali produkt\u00f3w s\u0105 dostarczane w formie naklejki o takim samym rozmiarze, jak etykieta ju\u017c istniej\u0105ca.<\/li>\n<\/ul>\n<div class=\"call-to-action-02\"><div class=\"call-to-action-02__spots-map\"><img decoding=\"async\" src=\"https:\/\/www.smd-led.pl\/blog\/wp-content\/uploads\/2023\/12\/oswietlenie_led_do_podbitki_dachowej-40.png\" alt=\"\u017car\u00f3wki LED\" class=\"call-to-action-02__spots-map-img\" \/><div class=\"call-to-action-02__spots\"><div class=\"call-to-action-02__spot1\"><div class=\"call-to-action-02__spot-icn\" style=\"top: 27.5755%; left: 24.9101%;     transform: translate(-50%, -50%);\"><div class=\"call-to-action-02__icon-box\"><img decoding=\"async\" src=\"https:\/\/moleo.pl\/wp-content\/themes\/moleotheme\/assets\/img\/plus-icon.svg\" class=\"call-to-action-02__icon\"><\/div><div class=\"call-to-action-02__spot-product-box\"><img decoding=\"async\" src=\"https:\/\/www.smd-led.pl\/blog\/wp-content\/uploads\/2023\/12\/profil-led-wpuszczany-2026-03-20T131353.551.png\" alt=\"\u017bar\u00f3wka LED E27\"\/><span class=\"call-to-action-02__product-title\">\u017bar\u00f3wka LED E27<\/span><a href=\"https:\/\/www.smd-led.pl\/zarowka-led-e27\" class=\"button\" id=\"zarowki_1\" target=\"_self\">Zobacz produkt<\/a><\/div><\/div><\/div><div class=\"call-to-action-02__spot1\"><div class=\"call-to-action-02__spot-icn\" style=\"top: 28.7342%; left: 49.7043%;     transform: translate(-50%, -50%);\"><div class=\"call-to-action-02__icon-box\"><img decoding=\"async\" src=\"https:\/\/moleo.pl\/wp-content\/themes\/moleotheme\/assets\/img\/plus-icon.svg\" class=\"call-to-action-02__icon\"><\/div><div class=\"call-to-action-02__spot-product-box\"><img decoding=\"async\" src=\"https:\/\/www.smd-led.pl\/blog\/wp-content\/uploads\/2023\/12\/profil-led-wpuszczany-2026-03-20T131519.202.png\" alt=\"\u017bar\u00f3wki LED E14\"\/><span class=\"call-to-action-02__product-title\">\u017bar\u00f3wki LED E14<\/span><a href=\"https:\/\/www.smd-led.pl\/zarowki-led-e14\" class=\"button\" id=\"zarowki_1\" target=\"_self\">Zobacz produkt<\/a><\/div><\/div><\/div><div class=\"call-to-action-02__spot1\"><div class=\"call-to-action-02__spot-icn\" style=\"top: 23.6362%; left: 74.3827%;     transform: translate(-50%, -50%);\"><div class=\"call-to-action-02__icon-box\"><img decoding=\"async\" src=\"https:\/\/moleo.pl\/wp-content\/themes\/moleotheme\/assets\/img\/plus-icon.svg\" class=\"call-to-action-02__icon\"><\/div><div class=\"call-to-action-02__spot-product-box\"><img decoding=\"async\" src=\"https:\/\/www.smd-led.pl\/blog\/wp-content\/uploads\/2023\/12\/profil-led-wpuszczany-2026-03-20T131717.887.png\" alt=\"\u017car\u00f3wka GU10\"\/><span class=\"call-to-action-02__product-title\">\u017car\u00f3wka GU10<\/span><a href=\"https:\/\/www.smd-led.pl\/zarowka-gu10\" class=\"button\" id=\"zarowki_1\" target=\"_self\">Zobacz produkt<\/a><\/div><\/div><\/div><div class=\"call-to-action-02__spot1\"><div class=\"call-to-action-02__spot-icn\" style=\"top: 70.9085%; left: 24.9101%;     transform: translate(-50%, -50%);\"><div class=\"call-to-action-02__icon-box\"><img decoding=\"async\" src=\"https:\/\/moleo.pl\/wp-content\/themes\/moleotheme\/assets\/img\/plus-icon.svg\" class=\"call-to-action-02__icon\"><\/div><div class=\"call-to-action-02__spot-product-box\"><img decoding=\"async\" src=\"https:\/\/www.smd-led.pl\/blog\/wp-content\/uploads\/2023\/12\/profil-led-wpuszczany-2026-03-20T132010.911.png\" alt=\"\u017bar\u00f3wka LED G9\"\/><span class=\"call-to-action-02__product-title\">\u017bar\u00f3wka LED G9<\/span><a href=\"https:\/\/www.smd-led.pl\/zarowka-g9\" class=\"button\" id=\"zarowki_1\" target=\"_self\">Zobacz produkt<\/a><\/div><\/div><\/div><div class=\"call-to-action-02__spot1\"><div class=\"call-to-action-02__spot-icn\" style=\"top: 74.1527%; left: 49.8202%;     transform: translate(-50%, -50%);\"><div class=\"call-to-action-02__icon-box\"><img decoding=\"async\" src=\"https:\/\/moleo.pl\/wp-content\/themes\/moleotheme\/assets\/img\/plus-icon.svg\" class=\"call-to-action-02__icon\"><\/div><div class=\"call-to-action-02__spot-product-box\"><img decoding=\"async\" src=\"https:\/\/www.smd-led.pl\/blog\/wp-content\/uploads\/2023\/12\/profil-led-wpuszczany-2026-03-20T132203.549.png\" alt=\"\u017bar\u00f3wka LED GU11\"\/><span class=\"call-to-action-02__product-title\">\u017bar\u00f3wka LED GU11<\/span><a href=\"https:\/\/www.smd-led.pl\/zarowka-led-gu11\" class=\"button\" id=\"zarowki_1\" target=\"_self\">Zobacz produkt<\/a><\/div><\/div><\/div><div class=\"call-to-action-02__spot1\"><div class=\"call-to-action-02__spot-icn\" style=\"top: 70.4451%; left: 75.1937%;     transform: translate(-50%, -50%);\"><div class=\"call-to-action-02__icon-box\"><img decoding=\"async\" src=\"https:\/\/moleo.pl\/wp-content\/themes\/moleotheme\/assets\/img\/plus-icon.svg\" class=\"call-to-action-02__icon\"><\/div><div class=\"call-to-action-02__spot-product-box\"><img decoding=\"async\" src=\"https:\/\/www.smd-led.pl\/blog\/wp-content\/uploads\/2023\/12\/profil-led-wpuszczany-2026-03-20T132426.629.png\" alt=\"\u017bar\u00f3wka LED G4\"\/><span class=\"call-to-action-02__product-title\">\u017bar\u00f3wka LED G4<\/span><a href=\"https:\/\/www.smd-led.pl\/zarowka-led-g4\" class=\"button\" id=\"zarowki_1\" target=\"_self\">Zobacz produkt<\/a><\/div><\/div><\/div><\/div><\/div><\/div>\n<p><strong>Obowi\u0105zki sprzedawc\u00f3w<\/strong> zgodnie z artyku\u0142em 4:<\/p>\n<p>Sprzedawcy zapewniaj\u0105, aby:<br \/>\na) ka\u017cde \u017ar\u00f3d\u0142o \u015bwiat\u0142a, kt\u00f3re nie znajduje si\u0119 w produkcie wyposa\u017conym, by\u0142o opatrzone w punkcie sprzeda\u017cy dostarczon\u0105 przez dostawc\u0119 etykiet\u0105, zgodnie z art. 3 ust. 1 lit. a), umieszczon\u0105 w taki spos\u00f3b, aby by\u0142a wyra\u017anie<br \/>\nwidoczna, zgodnie z za\u0142\u0105cznikiem III;<br \/>\nb) w przypadku sprzeda\u017cy na odleg\u0142o\u015b\u0107 etykieta i karta informacyjna produktu zosta\u0142y dostarczone zgodnie z za\u0142\u0105cznikami VII i VIII;<br \/>\nc) wszelkie reklamy wizualne konkretnego modelu \u017ar\u00f3d\u0142a \u015bwiat\u0142a, w tym w internecie, zawiera\u0142y na etykiecie klas\u0119 efektywno\u015bci energetycznej tego modelu i zakres dost\u0119pnych klas efektywno\u015bci energetycznej, zgodnie z za\u0142\u0105cznikiem<br \/>\nVII;<br \/>\nd) wszelkie promocyjne materia\u0142y techniczne dotycz\u0105ce konkretnych modeli \u017ar\u00f3de\u0142 \u015bwiat\u0142a, w tym promocyjne materia\u0142y techniczne w internecie, w kt\u00f3rych opisano ich konkretne parametry techniczne, zawiera\u0142y na etykiecie klas\u0119<br \/>\nefektywno\u015bci energetycznej tych modeli i zakres dost\u0119pnych klas efektywno\u015bci energetycznej, zgodnie z za\u0142\u0105cznikiem<br \/>\nVII;<br \/>\ne) istniej\u0105ce etykiety na \u017ar\u00f3d\u0142ach \u015bwiat\u0142a w punktach sprzeda\u017cy zosta\u0142y zast\u0105pione etykietami ze zmienion\u0105 skal\u0105 w taki<br \/>\nspos\u00f3b, aby przykry\u0107 istniej\u0105c\u0105 etykiet\u0119, w tym etykiety wydrukowane na opakowaniu lub do\u0142\u0105czone do opakowania, w terminie osiemnastu miesi\u0119cy od daty rozpocz\u0119cia stosowania niniejszego rozporz\u0105dzenia.<\/p>\n<p>oraz<\/p>\n<p><strong>Obwi\u0105zki internetowych platform hostingowych<\/strong>, zgodnie z artyku\u0142em 5 :<\/p>\n<p>&#8221; W przypadku gdy dostawca us\u0142ug hostingowych, o kt\u00f3rym mowa w art. 14 dyrektywy 2000\/31\/WE, dopuszcza sprzeda\u017c \u017ar\u00f3de\u0142 \u015bwiat\u0142a za po\u015brednictwem swojej strony internetowej, umo\u017cliwia on pokazanie etykiety elektronicznej i elektronicznej karty informacyjnej produktu dostarczonych przez sprzedawc\u0119 na mechanizmie wy\u015bwietlania zgodnie z przepisami za\u0142\u0105cznika VIII i informuje sprzedawc\u0119 o obowi\u0105zku wy\u015bwietlania tych informacji.&#8221;<\/p>\n<h3>Kod QR na nowej etykiecie energetycznej<\/h3>\n<p><strong>Co oznacza i dok\u0105d kieruje nas kod QR na nowej etykiecie energetycznej? Ustawa dotycz\u0105ca nowych etykiet energetycznych obowi\u0105zuje od 1 marca 2021 roku. Zgodnie z ni\u0105 ka\u017cdy producent sprzedaj\u0105cy niewymienne \u017ar\u00f3d\u0142o \u015bwiat\u0142a takie jak \u017car\u00f3wki, czy panele, ma obowi\u0105zek mi\u0119dzy innymi umieszczenia kodu QR na etykiecie.<\/strong> Czego mo\u017cemy oczekiwa\u0107 po zeskanowaniu kodu? Ot\u00f3\u017c po zeskanowaniu kodu QR z etykiety energetycznej danego produktu zostaniemy przeniesieni na stron\u0119 EPREL (przyk\u0142adowa strona produktu: <a href=\"https:\/\/eprel.ec.europa.eu\/screen\/product\/lightsources\/406179?navigatingfrom=qr\">EPREL Public website (europa.eu<\/a>)), w kt\u00f3rej znajdziemy wiele istotnych informacji o produkcie o\u015bwietleniowym. Dowiemy si\u0119 wszystkiego, co powinni\u015bmy wiedzie\u0107 o kupowanym produkcie, mi\u0119dzy innymi ile wynosi faktyczna moc urz\u0105dzenia oraz jego zu\u017cycie energii, przedstawiony nam zostanie wska\u017anik migotania, czy rodzaj trzonka. Dost\u0119p do najwa\u017cniejszych informacji na temat produktu maj\u0105 du\u017ce znaczenie. Warto pami\u0119ta\u0107 o tej mo\u017cliwo\u015bci, gdy\u017c daje nam ona pewno\u015b\u0107 co do jako\u015bci kupowanego urz\u0105dzenia. Je\u015bli mamy do czynienia z sytuacj\u0105, w kt\u00f3re po zeskanowaniu kodu widnieje napis: &#8222;Poszukiwanego modelu nie mo\u017cna znale\u017a\u0107 w naszej bazie danych. Mo\u017ce to by\u0107 powodowane brakiem publikacji informacji o danym modelu lub brakiem za\u0142adowania informacji o danym modelu na tej stronie internetowej. Prosz\u0119 spr\u00f3bowa\u0107 p\u00f3\u017aniej, informacje o danym modelu mog\u0105 si\u0119 pojawi\u0107 na tej stronie internetowej do 72h po jego wprowadzeniu na rynek.&#8221;. Zdarza si\u0119 jednak te\u017c, i\u017c QR kod po zeskanowaniu pokazuje nieprawid\u0142owe dane np. jaki\u015b nic niem\u00f3wi\u0105cy numer, adres lub bezsensowne znaki. Wtedy daje nam to podstaw\u0119 do podejrzenia, \u017ce produkt nie jest oryginalny lub parametry podane na opakowaniu nie maj\u0105 nic wsp\u00f3lnego z rzeczywisto\u015bci\u0105. Dlatego warto zawsze przed zakupem kupowa\u0107 produkty ze sprawdzonymi etykietami, wtedy mamy pewno\u015b\u0107, \u017ce produkty s\u0105 sprawdzone i wszystkie dane s\u0105 potwierdzone przez odpowiednie laboratoria.<\/p>\n<p>Je\u015bli chcesz pozna\u0107 wi\u0119cej cennych informacji na temat bazy EPREL, zapraszamy do naszego artyku\u0142u: &#8222;<a href=\"https:\/\/www.smd-led.pl\/blog\/co-to-jest-baza-eprel\/\">Co to jest baza EPREL<\/a>&#8222;.<\/p>\n<div id=\"attachment_8522\" style=\"width: 1042px\" class=\"wp-caption aligncenter\"><img loading=\"lazy\" decoding=\"async\" aria-describedby=\"caption-attachment-8522\" class=\"size-full wp-image-8522\" src=\"https:\/\/www.smd-led.pl\/blog\/wp-content\/uploads\/2022\/07\/Kod-QR-na-nowej-etykiecie-energetycznej-1.jpg\" alt=\"Co oznacza kod QR - etykieta energetyczna\" width=\"1032\" height=\"1183\" \/><p id=\"caption-attachment-8522\" class=\"wp-caption-text\">Kod QR na nowej etykiecie energetycznej<\/p><\/div>\n<p style=\"text-align: center;\"><strong>Zapraszamy na inne artyku\u0142y z tej kategorii<\/strong><\/p>\n<div class=\"cat-slider-02\"><div class=\"cat-slider-02__box\"><div class=\"cat-slider-02__wrapper\"><p class=\"cat-slider-02__title\"><\/p><div class=\"cat-slider-02__slider\"><div class=\"cat-slider-02__slide\"><a href=\"https:\/\/www.smd-led.pl\/blog\/temperatura-barwowa-led-jak-dobrac-do-wnetrza-i-na-zewnatrz\/\" class=\"cat-slider-02__link\"><div class=\"cat-slider-02__img-box\"><img loading=\"lazy\" decoding=\"async\" width=\"1024\" height=\"559\" src=\"https:\/\/www.smd-led.pl\/blog\/wp-content\/uploads\/2026\/03\/2026-04-temperatura-hero-1024x559.png\" class=\"cat-slider-02__img wp-post-image\" alt=\"temperatura hero\" srcset=\"https:\/\/www.smd-led.pl\/blog\/wp-content\/uploads\/2026\/03\/2026-04-temperatura-hero-1024x559.png 1024w, https:\/\/www.smd-led.pl\/blog\/wp-content\/uploads\/2026\/03\/2026-04-temperatura-hero-300x164.png 300w, https:\/\/www.smd-led.pl\/blog\/wp-content\/uploads\/2026\/03\/2026-04-temperatura-hero-768x419.png 768w, https:\/\/www.smd-led.pl\/blog\/wp-content\/uploads\/2026\/03\/2026-04-temperatura-hero-1536x838.png 1536w, https:\/\/www.smd-led.pl\/blog\/wp-content\/uploads\/2026\/03\/2026-04-temperatura-hero-2048x1117.png 2048w\" sizes=\"auto, (max-width: 1024px) 100vw, 1024px\" \/><\/div><\/a><a href=\"https:\/\/www.smd-led.pl\/blog\/temperatura-barwowa-led-jak-dobrac-do-wnetrza-i-na-zewnatrz\/\" class=\"cat-slider-02__link\"><div class=\"cat-slider-02__heading-box\"><p class=\"cat-slider-02__post-title\">Temperatura barwowa LED &#8211; jak dobra\u0107 do wn\u0119trza i na zewn\u0105trz<\/p><p>Por\u00f3wnanie temperatury barwowej LED: 2700K, 4000K, 6500K Temperatura barwowa LED to parametr wyra\u017cony w kelwinach [&hellip;]<\/p>\n<\/div><\/a><\/div><div class=\"cat-slider-02__slide\"><a href=\"https:\/\/www.smd-led.pl\/blog\/jak-dobrac-zasilacz-led-zewnetrzny-kalkulator-mocy-ip65-ip67\/\" class=\"cat-slider-02__link\"><div class=\"cat-slider-02__img-box\"><img loading=\"lazy\" decoding=\"async\" width=\"1024\" height=\"559\" src=\"https:\/\/www.smd-led.pl\/blog\/wp-content\/uploads\/2026\/03\/2026-04-zasilacz-hero-1024x559.png\" class=\"cat-slider-02__img wp-post-image\" alt=\"zasilacz hero\" srcset=\"https:\/\/www.smd-led.pl\/blog\/wp-content\/uploads\/2026\/03\/2026-04-zasilacz-hero-1024x559.png 1024w, https:\/\/www.smd-led.pl\/blog\/wp-content\/uploads\/2026\/03\/2026-04-zasilacz-hero-300x164.png 300w, https:\/\/www.smd-led.pl\/blog\/wp-content\/uploads\/2026\/03\/2026-04-zasilacz-hero-768x419.png 768w, https:\/\/www.smd-led.pl\/blog\/wp-content\/uploads\/2026\/03\/2026-04-zasilacz-hero-1536x838.png 1536w, https:\/\/www.smd-led.pl\/blog\/wp-content\/uploads\/2026\/03\/2026-04-zasilacz-hero-2048x1117.png 2048w\" sizes=\"auto, (max-width: 1024px) 100vw, 1024px\" \/><\/div><\/a><a href=\"https:\/\/www.smd-led.pl\/blog\/jak-dobrac-zasilacz-led-zewnetrzny-kalkulator-mocy-ip65-ip67\/\" class=\"cat-slider-02__link\"><div class=\"cat-slider-02__heading-box\"><p class=\"cat-slider-02__post-title\">Jak dobra\u0107 zasilacz LED zewn\u0119trzny &#8211; kalkulator mocy IP65\/IP67<\/p><p>Zasilacz LED wodoodporny IP67 monta\u017c zewn\u0119trzny Zasilacz LED zewn\u0119trzny to urz\u0105dzenie konwertuj\u0105ce napi\u0119cie sieciowe 230V [&hellip;]<\/p>\n<\/div><\/a><\/div><div class=\"cat-slider-02__slide\"><a href=\"https:\/\/www.smd-led.pl\/blog\/certyfikat-ce\/\" class=\"cat-slider-02__link\"><div class=\"cat-slider-02__img-box\"><img loading=\"lazy\" decoding=\"async\" width=\"1024\" height=\"647\" src=\"https:\/\/www.smd-led.pl\/blog\/wp-content\/uploads\/2024\/12\/Certyfikat-CE-1024x647.png\" class=\"cat-slider-02__img wp-post-image\" alt=\"Certyfikat CE\" srcset=\"https:\/\/www.smd-led.pl\/blog\/wp-content\/uploads\/2024\/12\/Certyfikat-CE-1024x647.png 1024w, https:\/\/www.smd-led.pl\/blog\/wp-content\/uploads\/2024\/12\/Certyfikat-CE-300x189.png 300w, https:\/\/www.smd-led.pl\/blog\/wp-content\/uploads\/2024\/12\/Certyfikat-CE-768x485.png 768w, https:\/\/www.smd-led.pl\/blog\/wp-content\/uploads\/2024\/12\/Certyfikat-CE-1536x970.png 1536w, https:\/\/www.smd-led.pl\/blog\/wp-content\/uploads\/2024\/12\/Certyfikat-CE.png 1900w\" sizes=\"auto, (max-width: 1024px) 100vw, 1024px\" \/><\/div><\/a><a href=\"https:\/\/www.smd-led.pl\/blog\/certyfikat-ce\/\" class=\"cat-slider-02__link\"><div class=\"cat-slider-02__heading-box\"><p class=\"cat-slider-02__post-title\">Co to jest certyfikat CE<\/p><p>Co Musisz Wiedzie\u0107 o Oznakowaniu Zgodno\u015bci W dzisiejszym, coraz bardziej zglobalizowanym \u015bwiecie, certyfikat CE odgrywa [&hellip;]<\/p>\n<\/div><\/a><\/div><div class=\"cat-slider-02__slide\"><a href=\"https:\/\/www.smd-led.pl\/blog\/certyfikat-rohs-co-to-jest-i-jak-go-uzyskac\/\" class=\"cat-slider-02__link\"><div class=\"cat-slider-02__img-box\"><img loading=\"lazy\" decoding=\"async\" width=\"1024\" height=\"647\" src=\"https:\/\/www.smd-led.pl\/blog\/wp-content\/uploads\/2024\/12\/Certyfikat-ROHS-1024x647.png\" class=\"cat-slider-02__img wp-post-image\" alt=\"Certyfikat ROHS\" srcset=\"https:\/\/www.smd-led.pl\/blog\/wp-content\/uploads\/2024\/12\/Certyfikat-ROHS-1024x647.png 1024w, https:\/\/www.smd-led.pl\/blog\/wp-content\/uploads\/2024\/12\/Certyfikat-ROHS-300x189.png 300w, https:\/\/www.smd-led.pl\/blog\/wp-content\/uploads\/2024\/12\/Certyfikat-ROHS-768x485.png 768w, https:\/\/www.smd-led.pl\/blog\/wp-content\/uploads\/2024\/12\/Certyfikat-ROHS-1536x970.png 1536w, https:\/\/www.smd-led.pl\/blog\/wp-content\/uploads\/2024\/12\/Certyfikat-ROHS.png 1900w\" sizes=\"auto, (max-width: 1024px) 100vw, 1024px\" \/><\/div><\/a><a href=\"https:\/\/www.smd-led.pl\/blog\/certyfikat-rohs-co-to-jest-i-jak-go-uzyskac\/\" class=\"cat-slider-02__link\"><div class=\"cat-slider-02__heading-box\"><p class=\"cat-slider-02__post-title\">Certyfikat RoHS: Co to jest i jak go uzyska\u0107?<\/p><p>W dzisiejszym \u015bwiecie, gdzie zr\u00f3wnowa\u017cony rozw\u00f3j i ochrona \u015brodowiska nabieraj\u0105 coraz wi\u0119kszego znaczenia, certyfikacja produkt\u00f3w [&hellip;]<\/p>\n<\/div><\/a><\/div><div class=\"cat-slider-02__slide\"><a href=\"https:\/\/www.smd-led.pl\/blog\/napiecie-elektryczne-definicje-rodzaje-i-zastosowania\/\" class=\"cat-slider-02__link\"><div class=\"cat-slider-02__img-box\"><img loading=\"lazy\" decoding=\"async\" width=\"1024\" height=\"647\" src=\"https:\/\/www.smd-led.pl\/blog\/wp-content\/uploads\/2024\/12\/2-1-1024x647.png\" class=\"cat-slider-02__img wp-post-image\" alt=\"Napi\u0119cie elektryczne jak je mierzymy\" srcset=\"https:\/\/www.smd-led.pl\/blog\/wp-content\/uploads\/2024\/12\/2-1-1024x647.png 1024w, https:\/\/www.smd-led.pl\/blog\/wp-content\/uploads\/2024\/12\/2-1-300x189.png 300w, https:\/\/www.smd-led.pl\/blog\/wp-content\/uploads\/2024\/12\/2-1-768x485.png 768w, https:\/\/www.smd-led.pl\/blog\/wp-content\/uploads\/2024\/12\/2-1-1536x970.png 1536w, https:\/\/www.smd-led.pl\/blog\/wp-content\/uploads\/2024\/12\/2-1.png 1900w\" sizes=\"auto, (max-width: 1024px) 100vw, 1024px\" \/><\/div><\/a><a href=\"https:\/\/www.smd-led.pl\/blog\/napiecie-elektryczne-definicje-rodzaje-i-zastosowania\/\" class=\"cat-slider-02__link\"><div class=\"cat-slider-02__heading-box\"><p class=\"cat-slider-02__post-title\">Napi\u0119cie elektryczne: Definicje, Rodzaje i Zastosowania<\/p><p>Napi\u0119cie elektryczne, znane r\u00f3wnie\u017c jako r\u00f3\u017cnica potencja\u0142\u00f3w, to jedno z kluczowych poj\u0119\u0107 w elektrotechnice. Mierzone [&hellip;]<\/p>\n<\/div><\/a><\/div><div class=\"cat-slider-02__slide\"><a href=\"https:\/\/www.smd-led.pl\/blog\/co-to-jest-wat\/\" class=\"cat-slider-02__link\"><div class=\"cat-slider-02__img-box\"><img loading=\"lazy\" decoding=\"async\" width=\"1024\" height=\"896\" src=\"https:\/\/www.smd-led.pl\/blog\/wp-content\/uploads\/2023\/12\/i-1024x896.png\" class=\"cat-slider-02__img wp-post-image\" alt=\"Co to jest Wat ?\" srcset=\"https:\/\/www.smd-led.pl\/blog\/wp-content\/uploads\/2023\/12\/i-1024x896.png 1024w, https:\/\/www.smd-led.pl\/blog\/wp-content\/uploads\/2023\/12\/i-300x263.png 300w, https:\/\/www.smd-led.pl\/blog\/wp-content\/uploads\/2023\/12\/i-768x672.png 768w, https:\/\/www.smd-led.pl\/blog\/wp-content\/uploads\/2023\/12\/i-1536x1344.png 1536w, https:\/\/www.smd-led.pl\/blog\/wp-content\/uploads\/2023\/12\/i.png 1600w\" sizes=\"auto, (max-width: 1024px) 100vw, 1024px\" \/><\/div><\/a><a href=\"https:\/\/www.smd-led.pl\/blog\/co-to-jest-wat\/\" class=\"cat-slider-02__link\"><div class=\"cat-slider-02__heading-box\"><p class=\"cat-slider-02__post-title\">Co to jest wat &#8211;  jak przelicza\u0107 jednostk\u0119 amper na wat lub volt<\/p><p>Wiele os\u00f3b zastanawia si\u0119, co to jest wat i jakie s\u0105 jego zastosowania. Wat to [&hellip;]<\/p>\n<\/div><\/a><\/div><div class=\"cat-slider-02__slide\"><a href=\"https:\/\/www.smd-led.pl\/blog\/stopien-ochrony-ip-normy-szczelnosci\/\" class=\"cat-slider-02__link\"><div class=\"cat-slider-02__img-box\"><img loading=\"lazy\" decoding=\"async\" width=\"640\" height=\"427\" src=\"https:\/\/www.smd-led.pl\/blog\/wp-content\/uploads\/2019\/02\/Stopien-ochrony-IP.jpg\" class=\"cat-slider-02__img wp-post-image\" alt=\"Stopie\u0144 ochrony IP\" \/><\/div><\/a><a href=\"https:\/\/www.smd-led.pl\/blog\/stopien-ochrony-ip-normy-szczelnosci\/\" class=\"cat-slider-02__link\"><div class=\"cat-slider-02__heading-box\"><p class=\"cat-slider-02__post-title\">Klasa ochronno\u015bci IP &#8211; normy szczelno\u015bci<\/p><p>Klasa ochronno\u015bci IP jest oznaczeniem kt\u00f3re znajdziemy np. na nowo zakupionej lampie LED. Jest to [&hellip;]<\/p>\n<\/div><\/a><\/div><div class=\"cat-slider-02__slide\"><a href=\"https:\/\/www.smd-led.pl\/blog\/barwa-swiatla-jak-ja-dobrac-i-czym-sie-kierowac\/\" class=\"cat-slider-02__link\"><div class=\"cat-slider-02__img-box\"><img loading=\"lazy\" decoding=\"async\" width=\"1024\" height=\"718\" src=\"https:\/\/www.smd-led.pl\/blog\/wp-content\/uploads\/2022\/08\/TEMPERATURABARWOWA.png\" class=\"cat-slider-02__img wp-post-image\" alt=\"Barwa \u015bwiat\u0142a - jak j\u0105 dobra\u0107 i czym si\u0119 kierowa\u0107?\" \/><\/div><\/a><a href=\"https:\/\/www.smd-led.pl\/blog\/barwa-swiatla-jak-ja-dobrac-i-czym-sie-kierowac\/\" class=\"cat-slider-02__link\"><div class=\"cat-slider-02__heading-box\"><p class=\"cat-slider-02__post-title\">Barwa \u015bwiat\u0142a &#8211; jak j\u0105 dobra\u0107 i czym si\u0119 kierowa\u0107?<\/p><p>Coraz szybciej rozwijaj\u0105ca si\u0119 technologia LED sprawi\u0142a, \u017ce dzisiaj barwa \u015bwiat\u0142a, czy temperatura barwowa mo\u017ce [&hellip;]<\/p>\n<\/div><\/a><\/div><div class=\"cat-slider-02__slide\"><a href=\"https:\/\/www.smd-led.pl\/blog\/co-to-jest-baza-eprel\/\" class=\"cat-slider-02__link\"><div class=\"cat-slider-02__img-box\"><img loading=\"lazy\" decoding=\"async\" width=\"1000\" height=\"667\" src=\"https:\/\/www.smd-led.pl\/blog\/wp-content\/uploads\/2022\/07\/Co-to-jest-baza-EPREL.jpg\" class=\"cat-slider-02__img wp-post-image\" alt=\"Co to jest baza EPREL\" \/><\/div><\/a><a href=\"https:\/\/www.smd-led.pl\/blog\/co-to-jest-baza-eprel\/\" class=\"cat-slider-02__link\"><div class=\"cat-slider-02__heading-box\"><p class=\"cat-slider-02__post-title\">Co to jest baza EPREL?<\/p><p>Co to jest baza EPREL? Jak sama nazwa wskazuje jest to baza danych Unii Europejskiej, [&hellip;]<\/p>\n<\/div><\/a><\/div><div class=\"cat-slider-02__slide\"><a href=\"https:\/\/www.smd-led.pl\/blog\/klasy-efektywnosci-energetycznej\/\" class=\"cat-slider-02__link\"><div class=\"cat-slider-02__img-box\"><img loading=\"lazy\" decoding=\"async\" width=\"1000\" height=\"668\" src=\"https:\/\/www.smd-led.pl\/blog\/wp-content\/uploads\/2022\/07\/Klasy-efektywnosci-energetycznej.jpg\" class=\"cat-slider-02__img wp-post-image\" alt=\"Efektywno\u015b\u0107 energetyczna - \u017car\u00f3wki LED\" \/><\/div><\/a><a href=\"https:\/\/www.smd-led.pl\/blog\/klasy-efektywnosci-energetycznej\/\" class=\"cat-slider-02__link\"><div class=\"cat-slider-02__heading-box\"><p class=\"cat-slider-02__post-title\">Klasy efektywno\u015bci energetycznej<\/p><p>Klasy efektywno\u015bci energetycznej uleg\u0142y zmianie w marcu 2021 roku. Dawne oznaczenia na etykietach znacznie r\u00f3\u017cni\u0105 [&hellip;]<\/p>\n<\/div><\/a><\/div><div class=\"cat-slider-02__slide\"><a href=\"https:\/\/www.smd-led.pl\/blog\/lumeny-na-waty-jak-przeliczyc-strumien-swietlny\/\" class=\"cat-slider-02__link\"><div class=\"cat-slider-02__img-box\"><img loading=\"lazy\" decoding=\"async\" width=\"500\" height=\"350\" src=\"https:\/\/www.smd-led.pl\/blog\/wp-content\/uploads\/2022\/06\/Kalkulator-lumenow.jpg\" class=\"cat-slider-02__img wp-post-image\" alt=\"Lumeny na waty - jak przeliczy\u0107 strumie\u0144 \u015bwietlny?\" \/><\/div><\/a><a href=\"https:\/\/www.smd-led.pl\/blog\/lumeny-na-waty-jak-przeliczyc-strumien-swietlny\/\" class=\"cat-slider-02__link\"><div class=\"cat-slider-02__heading-box\"><p class=\"cat-slider-02__post-title\">Lumeny na waty &#8211; jak przeliczy\u0107 strumie\u0144 \u015bwietlny?<\/p><p>Jak ju\u017c dobrze, wiemy moc \u015bwiecenia produkt\u00f3w, wykonanych w technologii LED mierzymy, sprawdzaj\u0105c lumeny danego [&hellip;]<\/p>\n<\/div><\/a><\/div><div class=\"cat-slider-02__slide\"><a href=\"https:\/\/www.smd-led.pl\/blog\/kat-swiecenia-swiatla\/\" class=\"cat-slider-02__link\"><div class=\"cat-slider-02__img-box\"><img loading=\"lazy\" decoding=\"async\" width=\"1024\" height=\"719\" src=\"https:\/\/www.smd-led.pl\/blog\/wp-content\/uploads\/2022\/06\/jaki-kat-swiecenia-wybrac.jpg\" class=\"cat-slider-02__img wp-post-image\" alt=\"Jaki k\u0105t \u015bwiecenia wybra\u0107\" \/><\/div><\/a><a href=\"https:\/\/www.smd-led.pl\/blog\/kat-swiecenia-swiatla\/\" class=\"cat-slider-02__link\"><div class=\"cat-slider-02__heading-box\"><p class=\"cat-slider-02__post-title\">K\u0105t \u015bwiecenia \u015bwiat\u0142a<\/p><p>Moc i strumie\u0144 \u015bwietlny to nie wszystko, na co powinni\u015bmy zwr\u00f3ci\u0107 uwag\u0119 podczas zakupu nowoczesnego [&hellip;]<\/p>\n<\/div><\/a><\/div><div class=\"cat-slider-02__slide\"><a href=\"https:\/\/www.smd-led.pl\/blog\/wspolczynnik-mocy-biernej\/\" class=\"cat-slider-02__link\"><div class=\"cat-slider-02__img-box\"><img loading=\"lazy\" decoding=\"async\" width=\"1024\" height=\"669\" src=\"https:\/\/www.smd-led.pl\/blog\/wp-content\/uploads\/2022\/01\/trtojkat-mocy-1.jpg\" class=\"cat-slider-02__img wp-post-image\" alt=\"Wsp\u00f3\u0142czynnik mocy biernej i czynnej wykres\" \/><\/div><\/a><a href=\"https:\/\/www.smd-led.pl\/blog\/wspolczynnik-mocy-biernej\/\" class=\"cat-slider-02__link\"><div class=\"cat-slider-02__heading-box\"><p class=\"cat-slider-02__post-title\">Moc bierna \u2014 jak wa\u017cny jest wysoki wsp\u00f3\u0142czynnik mocy biernej?<\/p><p>W ci\u0105gu kilkunastu ostatnich lat coraz wi\u0119ksz\u0105 uwag\u0119 przykuwa si\u0119 do jako\u015bci energii elektrycznej. Dzieje [&hellip;]<\/p>\n<\/div><\/a><\/div><div class=\"cat-slider-02__slide\"><a href=\"https:\/\/www.smd-led.pl\/blog\/odpornosc-na-upadki-i-zgniecenia\/\" class=\"cat-slider-02__link\"><div class=\"cat-slider-02__img-box\"><img loading=\"lazy\" decoding=\"async\" width=\"1024\" height=\"890\" src=\"https:\/\/www.smd-led.pl\/blog\/wp-content\/uploads\/2021\/12\/Klasyfikacja-IK-odpornosc-na-uderzenia.jpg\" class=\"cat-slider-02__img wp-post-image\" alt=\"Klasyfikacja IK odporno\u015b\u0107 na uderzenia\" \/><\/div><\/a><a href=\"https:\/\/www.smd-led.pl\/blog\/odpornosc-na-upadki-i-zgniecenia\/\" class=\"cat-slider-02__link\"><div class=\"cat-slider-02__heading-box\"><p class=\"cat-slider-02__post-title\">Odporno\u015b\u0107 na upadki i zgniecenia o\u015bwietlenia \u2014 stopie\u0144 ochrony ik<\/p><p>Parametr IK okre\u015bla wytrzyma\u0142o\u015b\u0107 mechaniczn\u0105 urz\u0105dze\u0144 w skali od 01 do 10. Jest on opisany [&hellip;]<\/p>\n<\/div><\/a><\/div><div class=\"cat-slider-02__slide\"><a href=\"https:\/\/www.smd-led.pl\/blog\/wspolczynnik-mocy-power-factor-najwazniejsze-informacje\/\" class=\"cat-slider-02__link\"><div class=\"cat-slider-02__img-box\"><img loading=\"lazy\" decoding=\"async\" width=\"1024\" height=\"575\" src=\"https:\/\/www.smd-led.pl\/blog\/wp-content\/uploads\/2021\/09\/Wspolczynnik-mocy-Power-Factor.jpg\" class=\"cat-slider-02__img wp-post-image\" alt=\"Wsp\u00f3\u0142czynnik mocy Power Factor\" \/><\/div><\/a><a href=\"https:\/\/www.smd-led.pl\/blog\/wspolczynnik-mocy-power-factor-najwazniejsze-informacje\/\" class=\"cat-slider-02__link\"><div class=\"cat-slider-02__heading-box\"><p class=\"cat-slider-02__post-title\">Wsp\u00f3\u0142czynnik mocy Power Factor &#8211; najwa\u017cniejsze informacje<\/p><p>wsp\u00f3\u0142czynnik mocy Power Factor\u00a0 jest miar\u0105 efektywno\u015bci energetycznej systemu. Jest on powszechnie podawany w procentach [&hellip;]<\/p>\n<\/div><\/a><\/div><div class=\"cat-slider-02__slide\"><a href=\"https:\/\/www.smd-led.pl\/blog\/co-to-jest-lux-i-lumen\/\" class=\"cat-slider-02__link\"><div class=\"cat-slider-02__img-box\"><img loading=\"lazy\" decoding=\"async\" width=\"630\" height=\"344\" src=\"https:\/\/www.smd-led.pl\/blog\/wp-content\/uploads\/2021\/09\/co-to-jest-LUX-i-lumen.jpg\" class=\"cat-slider-02__img wp-post-image\" alt=\"co to jest LUX i lumen\" \/><\/div><\/a><a href=\"https:\/\/www.smd-led.pl\/blog\/co-to-jest-lux-i-lumen\/\" class=\"cat-slider-02__link\"><div class=\"cat-slider-02__heading-box\"><p class=\"cat-slider-02__post-title\">Jednostka nat\u0119\u017cenia o\u015bwietlenia &#8211; co to jest LUX i lumen?<\/p><p>Nat\u0119\u017cenie o\u015bwietlenia jest terminem u\u017cywanym do opisania, jak jasne jest co\u015b, a luks jest jednostk\u0105 [&hellip;]<\/p>\n<\/div><\/a><\/div><div class=\"cat-slider-02__slide\"><a href=\"https:\/\/www.smd-led.pl\/blog\/wspolczynnik-oddawania-barw-ra-cri\/\" class=\"cat-slider-02__link\"><div class=\"cat-slider-02__img-box\"><img loading=\"lazy\" decoding=\"async\" width=\"678\" height=\"626\" src=\"https:\/\/www.smd-led.pl\/blog\/wp-content\/uploads\/2021\/09\/Wspolczynnik-oddawania-barw-CRI-Ra.jpg\" class=\"cat-slider-02__img wp-post-image\" alt=\"Wsp\u00f3\u0142czynnik oddawania barw CRI - Ra\" \/><\/div><\/a><a href=\"https:\/\/www.smd-led.pl\/blog\/wspolczynnik-oddawania-barw-ra-cri\/\" class=\"cat-slider-02__link\"><div class=\"cat-slider-02__heading-box\"><p class=\"cat-slider-02__post-title\">Wsp\u00f3\u0142czynnik oddawania barw RA &#8211; czym jest CRI?<\/p><p>W\u0142a\u015bciwo\u015b\u0107 oddawania barw \u017ar\u00f3d\u0142a \u015bwiat\u0142a jest niezwykle istotna. Zadaj\u0105c sobie pytanie co to wsp\u00f3\u0142czynnik oddawania [&hellip;]<\/p>\n<\/div><\/a><\/div><\/div><\/div><\/div><\/div>\n<h2>Jaka jest najlepsza klasa efektywno\u015bci energetycznej?<\/h2>\n<p><strong>Zapewne wielu z nas podczas zakup\u00f3w zastanawia si\u0119: jaka jest najlepsza klasa efektywno\u015bci energetycznej? Obecnie najlepsz\u0105 klas\u0105 efektywno\u015bci energetycznej jest klasa A. Warto nadmieni\u0107, \u017ce obecnie odesz\u0142o si\u0119 od &#8222;plus\u00f3w&#8221;, kt\u00f3re stosowa\u0142o si\u0119 do oznacze\u0144 klasy.<\/strong><\/p>\n<p>Metoda obliczeniowa zawarta w Ustawie:<\/p>\n<div id=\"attachment_7035\" style=\"width: 963px\" class=\"wp-caption aligncenter\"><img loading=\"lazy\" decoding=\"async\" aria-describedby=\"caption-attachment-7035\" class=\"size-full wp-image-7035\" src=\"https:\/\/www.smd-led.pl\/blog\/wp-content\/uploads\/2022\/07\/klasa-efektywnosci.png\" alt=\"Jaka jest najlepsza klasa efektywno\u015bci energetycznej?\" width=\"953\" height=\"883\" \/><p id=\"caption-attachment-7035\" class=\"wp-caption-text\">Jaka jest najlepsza klasa efektywno\u015bci energetycznej?<\/p><\/div>\n<h2>Czy klasa energetyczna G jest dobra?<\/h2>\n<p><strong>Klasyfikacja klas energetycznych jest dosy\u0107 prosta. Czy klasa energetyczna G jest dobra? Nie mo\u017cna odpowiedzie\u0107 jednoznacznie. Klasa energetyczna co prawda w obecnej klasyfikacji jest najmniej op\u0142acaln\u0105 oraz najmniej ekonomiczn\u0105, jednak to nie znaczy, \u017ce bardzo z\u0142\u0105. <\/strong>Wynika to z tego, \u017ce klasa G zawiera w sobie wcze\u015bniejsz\u0105 klas\u0119 B i C, natomiast produkty o niskiej klasie jak\u0105 by\u0142a klasa D zaprzestaj\u0105 by\u0107 produkowane. Niemniej jednak pami\u0119tajmy, \u017ce klasa G nale\u017cy do najni\u017cszej klasy oznaczonej czerwonym kolorem i najmocniej wp\u0142ywa na \u015brodowisko.<\/p>\n<div class=\"call-to-action-07\"><div class=\"call-to-action-07__product-box\"><img decoding=\"async\" src=\"https:\/\/www.smd-led.pl\/blog\/wp-content\/uploads\/2023\/12\/zarowka-led-g9-6w-barwa-zimnobiala.webp\" alt=\"\u017bar\u00f3wka G9\" \/><span class=\"call-to-action-07__product-title\">\u017bar\u00f3wka G9<\/span><a href=\"https:\/\/www.smd-led.pl\/zarowka-g9\" class=\"button\" id=\"zarowki_2\" target=\"_self\">Zobacz produkty<\/a><\/div><div class=\"call-to-action-07__product-box\"><img decoding=\"async\" src=\"https:\/\/www.smd-led.pl\/blog\/wp-content\/uploads\/2023\/12\/zarowka-led-wifi-v-tac-14w-e27-a65-amazon-alexa-google-home.webp\" alt=\"\u017bar\u00f3wki LED RGB\" \/><span class=\"call-to-action-07__product-title\">\u017bar\u00f3wki LED RGB<\/span><a href=\"https:\/\/www.smd-led.pl\/zarowki-led-rgb\" class=\"button\" id=\"zarowki_2\" target=\"_self\">Zobacz produkty<\/a><\/div><div class=\"call-to-action-07__product-box\"><img decoding=\"async\" src=\"https:\/\/www.smd-led.pl\/blog\/wp-content\/uploads\/2023\/12\/zarowka-led-v-tac-12w-filament-e27-a70-przezroczysta-vt-2133-6500k-1521lm.webp\" alt=\"\u017bar\u00f3wka Filament\" \/><span class=\"call-to-action-07__product-title\">\u017bar\u00f3wka Filament<\/span><a href=\"https:\/\/www.smd-led.pl\/zarowka-filament\" class=\"button\" id=\"zarowki_2\" target=\"_self\">Zobacz produkty<\/a><\/div><\/div>\n<h2>Co to s\u0105 klasy energetyczne?<\/h2>\n<p><strong>Sugeruj\u0105c si\u0119 reklamami, wiemy, \u017ce nale\u017cy wybiera\u0107 produkty z jak najlepsz\u0105 klas\u0105. Ale czy wiemy co to s\u0105 klasy energetyczne? Klasy energetyczne to parametry, kt\u00f3re okre\u015blaj\u0105 nam zu\u017cycie pr\u0105du przez produkt. Poza tym okre\u015bla te\u017c efektywno\u015b\u0107 urz\u0105dzenia, a tak\u017ce poziom oszcz\u0119dno\u015bci jaki mo\u017cemy uzyska\u0107.<\/strong><\/p>\n<p>Etykiety przedstawione w Ustawie:<\/p>\n<p>Etykieta o wielko\u015bci standardowej<\/p>\n<div id=\"attachment_7036\" style=\"width: 940px\" class=\"wp-caption aligncenter\"><img loading=\"lazy\" decoding=\"async\" aria-describedby=\"caption-attachment-7036\" class=\"size-full wp-image-7036\" src=\"https:\/\/www.smd-led.pl\/blog\/wp-content\/uploads\/2022\/07\/etykieta-standardowa.png\" alt=\"Co to s\u0105 klasy energetyczne?\" width=\"930\" height=\"536\" \/><p id=\"caption-attachment-7036\" class=\"wp-caption-text\">Co to s\u0105 klasy energetyczne?<\/p><\/div>\n<p>Etykieta o wielko\u015bci ma\u0142ej<\/p>\n<div id=\"attachment_7037\" style=\"width: 932px\" class=\"wp-caption aligncenter\"><img loading=\"lazy\" decoding=\"async\" aria-describedby=\"caption-attachment-7037\" class=\"size-full wp-image-7037\" src=\"https:\/\/www.smd-led.pl\/blog\/wp-content\/uploads\/2022\/07\/etykieta-mala.png\" alt=\"Co to s\u0105 klasy energetyczne?\" width=\"922\" height=\"516\" \/><p id=\"caption-attachment-7037\" class=\"wp-caption-text\">Co to s\u0105 klasy energetyczne?<\/p><\/div>\n<p>I &#8211; nazwa dostawcy lub znak towarowy<\/p>\n<p>II &#8211; identyfikator modelu dostawcy<\/p>\n<p>III &#8211; skala klas efektywno\u015bci energetycznej od A do G<\/p>\n<p>IV &#8211; zu\u017cycie energii wyra\u017cone w kWh energii elektrycznej zu\u017cywanej przez 1 000 godzin przez \u017ar\u00f3d\u0142o \u015bwiat\u0142a<br \/>\nw trybie w\u0142\u0105czenia<\/p>\n<p>V &#8211; kod QR<\/p>\n<p>VI &#8211; klasa efektywno\u015bci energetycznej<\/p>\n<p>VII &#8211; numer niniejszego rozporz\u0105dzenia, czyli \u201e2019\/2015\u201d<\/p>\n<p>&nbsp;<\/p>\n<h3>Klasa energetyczna A<\/h3>\n<p>Klasa energetyczna A, stosowana mia\u0142a by\u0107 do oznaczania urz\u0105dze\u0144 znacznie bardziej rozwini\u0119tych. W 2021 roku odesz\u0142o si\u0119 od stosowania oznacze\u0144 z &#8222;plusem&#8221;. Klasa energetyczna A jest zupe\u0142nie inna, ni\u017c klasa A+++.<\/p>\n<div id=\"attachment_7069\" style=\"width: 574px\" class=\"wp-caption aligncenter\"><img loading=\"lazy\" decoding=\"async\" aria-describedby=\"caption-attachment-7069\" class=\"size-full wp-image-7069\" src=\"https:\/\/www.smd-led.pl\/blog\/wp-content\/uploads\/2022\/07\/etykieta-a..png\" alt=\"Klasa energetyczna A\" width=\"564\" height=\"609\" \/><p id=\"caption-attachment-7069\" class=\"wp-caption-text\">Klasa energetyczna A<\/p><\/div>\n<h3>Klasa energetyczna B<\/h3>\n<p>Klasa energetyczna B zosta\u0142a stworzona dla bardziej energooszcz\u0119dnych urz\u0105dze\u0144, ni\u017c te, kt\u00f3re s\u0105 obecnie. Dlatego te\u017c tak jak w przypadku klasy A, s\u0105 spotykane sporadycznie. Przypisany do nich kolor to ziele\u0144.<\/p>\n<div id=\"attachment_7072\" style=\"width: 536px\" class=\"wp-caption aligncenter\"><img loading=\"lazy\" decoding=\"async\" aria-describedby=\"caption-attachment-7072\" class=\"size-full wp-image-7072\" src=\"https:\/\/www.smd-led.pl\/blog\/wp-content\/uploads\/2022\/07\/etykieta-bb..png\" alt=\"Klasa energetyczna B\" width=\"526\" height=\"544\" \/><p id=\"caption-attachment-7072\" class=\"wp-caption-text\">Klasa energetyczna B<\/p><\/div>\n<h3>Klasy energetyczna C<\/h3>\n<p>Klasa energetyczna C jest obecnie najlepsz\u0105 klas\u0105, cechuje si\u0119 najni\u017cszym zu\u017cyciem energii oraz ma ma\u0142o negatywny wp\u0142yw na \u015brodowisko. Jest odpowiednikiem dawnej klasy A +++. Klasa C jest oznaczona jasnozielonym kolorem.<\/p>\n<div id=\"attachment_7067\" style=\"width: 594px\" class=\"wp-caption aligncenter\"><img loading=\"lazy\" decoding=\"async\" aria-describedby=\"caption-attachment-7067\" class=\"size-full wp-image-7067\" src=\"https:\/\/www.smd-led.pl\/blog\/wp-content\/uploads\/2022\/07\/etykieta-c..png\" alt=\"Klasa energetyczna C\" width=\"584\" height=\"601\" \/><p id=\"caption-attachment-7067\" class=\"wp-caption-text\">Klasa energetyczna C<\/p><\/div>\n<h3>Klasa energetyczna D<\/h3>\n<p>Klasa energetyczna D tak jak w przypadku klasy C, mie\u015bci w sobie dawn\u0105 klas\u0119 A+++. Je\u015bli mamy do czynienia z klas\u0105 D, nale\u017cy wiedzie\u0107, \u017ce EEI jest mniejsze ni\u017c 44. Od klasy efektywno\u015bci energetycznej D mo\u017cemy spodziewa\u0107 si\u0119 wysokich oszcz\u0119dno\u015bci. Rozpoznamy j\u0105 po kolorze \u017c\u00f3\u0142tym.<\/p>\n<div id=\"attachment_7066\" style=\"width: 648px\" class=\"wp-caption aligncenter\"><img loading=\"lazy\" decoding=\"async\" aria-describedby=\"caption-attachment-7066\" class=\"size-full wp-image-7066\" src=\"https:\/\/www.smd-led.pl\/blog\/wp-content\/uploads\/2022\/07\/etykieta-d..png\" alt=\"Klasa energetyczna D\" width=\"638\" height=\"637\" \/><p id=\"caption-attachment-7066\" class=\"wp-caption-text\">Klasa energetyczna D<\/p><\/div>\n<h3>Klasy energetyczna E<\/h3>\n<p>Klasa energetyczna E nie jest ju\u017c tak dobr\u0105 klas\u0105, ale wci\u0105\u017c godn\u0105 uwagi. Klasa E zawiera w sobie dawniej stosowan\u0105 klas\u0119 A++. Klasa energetyczna E jest dobrym wyborem, szczeg\u00f3lnie je\u015bli zale\u017cy nam na dobrych produktach z r\u00f3wnie dobr\u0105 cen\u0105. Poza tym mo\u017cemy liczy\u0107 na energooszcz\u0119dno\u015b\u0107. Klasa energetyczna E oznaczona jest kolorem pomara\u0144czowym.<\/p>\n<div id=\"attachment_7065\" style=\"width: 684px\" class=\"wp-caption aligncenter\"><img loading=\"lazy\" decoding=\"async\" aria-describedby=\"caption-attachment-7065\" class=\"size-full wp-image-7065\" src=\"https:\/\/www.smd-led.pl\/blog\/wp-content\/uploads\/2022\/07\/etykieta-e..png\" alt=\"Klasa energetyczna E\" width=\"674\" height=\"628\" \/><p id=\"caption-attachment-7065\" class=\"wp-caption-text\">Klasa energetyczna E<\/p><\/div>\n<h3>Klasy efektywno\u015bci energetycznej F<\/h3>\n<p>Klasa efektywno\u015bci energetycznej F to odpowiednik dawniejszych oznacze\u0144 klas A+ oraz B. W klasie efektywno\u015bci F EEI jest mniejsze ni\u017c 55. Co do koloru jakim zosta\u0142a ta klasa oznaczona, nale\u017cy spodziewa\u0107 si\u0119 ciemnopomara\u0144czowego odcienia.<\/p>\n<div id=\"attachment_7064\" style=\"width: 671px\" class=\"wp-caption aligncenter\"><img loading=\"lazy\" decoding=\"async\" aria-describedby=\"caption-attachment-7064\" class=\"size-full wp-image-7064\" src=\"https:\/\/www.smd-led.pl\/blog\/wp-content\/uploads\/2022\/07\/etykieta-f..png\" alt=\"Klasa efektywno\u015bci energetycznej F\" width=\"661\" height=\"711\" \/><p id=\"caption-attachment-7064\" class=\"wp-caption-text\">Klasa efektywno\u015bci energetycznej F<\/p><\/div>\n<h3>Klasy efektywno\u015bci energetycznej G<\/h3>\n<p>Klasa efektywno\u015bci energetycznej G zawiera w sobie dawne oznaczenia klas B i C. Jako, \u017ce w obecnych czasach odchodzi si\u0119 od produkcji urz\u0105dze\u0144 o ni\u017cszych parametrach zu\u017cycia zasob\u00f3w, nie musimy obawia\u0107 si\u0119 zakupu produkt\u00f3w klasy G. Klasa G ma EEI na poziomie mniejszym ni\u017c 95. Dawniejsza klasa efektywno\u015bci energetycznej D nie ma ju\u017c miejsca w aktualnej klasyfikacji.<\/p>\n<div id=\"attachment_7063\" style=\"width: 564px\" class=\"wp-caption aligncenter\"><img loading=\"lazy\" decoding=\"async\" aria-describedby=\"caption-attachment-7063\" class=\"size-full wp-image-7063\" src=\"https:\/\/www.smd-led.pl\/blog\/wp-content\/uploads\/2022\/07\/etykieta-G..png\" alt=\"Klasa efektywno\u015bci energetycznej G\" width=\"554\" height=\"627\" \/><p id=\"caption-attachment-7063\" class=\"wp-caption-text\">Klasa efektywno\u015bci energetycznej G<\/p><\/div>\n<div class=\"call-to-action-06\" style=\"background-image: url('https:\/\/www.smd-led.pl\/blog\/wp-content\/uploads\/2023\/12\/Lampy-do-salonu-15.png')\"><div class=\"call-to-action-06__info-box\"><div class=\"call-to-action-06__info\"><p class=\"call-to-action-06__txt\">Zobacz wi\u0119cej z kategorii<\/p><span class=\"call-to-action-06__cat-title\">\u017bar\u00f3wki LED<\/span><a href=\"https:\/\/www.smd-led.pl\/zarowki-led\" class=\"button\" id=\"zarowki_kategoria\" target=\"_self\">Zobacz produkty<\/a><\/div><\/div><\/div>\n<h2>Klasy efektywno\u015bci energetycznej kiedy\u015b<\/h2>\n<p><strong>Klasy efektywno\u015bci energetycznej \u017car\u00f3wek<\/strong><\/p>\n<ul>\n<li><strong>A++<\/strong>\u00a0&#8211; najbardziej efektywna, kt\u00f3r\u0105 posiadaj\u0105 najlepsze ledy o niskim poborze energii i du\u017cej wydajno\u015bci \u015bwietlnej.<\/li>\n<li><strong>A+<\/strong>\u00a0&#8211; druga z najlepszych klas efektywno\u015bci, w kt\u00f3rej znajdziemy tak\u017ce bardzo energooszcz\u0119dne produkt, kt\u00f3re charakteryzuj\u0105 si\u0119 niskim poborem energii.<\/li>\n<\/ul>\n<div id=\"attachment_7028\" style=\"width: 468px\" class=\"wp-caption aligncenter\"><img loading=\"lazy\" decoding=\"async\" aria-describedby=\"caption-attachment-7028\" class=\"size-full wp-image-7028\" src=\"https:\/\/www.smd-led.pl\/blog\/wp-content\/uploads\/2022\/07\/Efektywnosc-energetyczna-zarowki.jpg\" alt=\"Klasy efektywno\u015bci energetycznej kiedy\u015b\" width=\"458\" height=\"458\" \/><p id=\"caption-attachment-7028\" class=\"wp-caption-text\">Klasy efektywno\u015bci energetycznej kiedy\u015b<\/p><\/div>\n<ul>\n<li><strong>A &#8211;<\/strong>\u00a0w tej klasie znajdziemy \u015brednie produkty LED, kt\u00f3re wzgl\u0119dem efektywno\u015bci do zu\u017cycia energii s\u0105 na poziomie \u015bwietl\u00f3wek kompaktowych.<\/li>\n<li><strong>B<\/strong>\u00a0&#8211; najwy\u017cszej jako\u015bci halogeny najni\u017cszego napi\u0119cia,\u00a0ma\u0142o efektywne lampy LED, ma\u0142o efektywne \u015bwietl\u00f3wki,<\/li>\n<li><strong>C<\/strong>\u00a0&#8211; halogeny najni\u017cszego napi\u0119cia<\/li>\n<li><strong>D<\/strong>\u00a0&#8211; halogeny i najwy\u017cszej jako\u015bci klasyczne \u017car\u00f3wki<\/li>\n<li><strong>E<\/strong>\u00a0&#8211; klasyczne \u017car\u00f3wki<\/li>\n<\/ul>\n<div id=\"attachment_7031\" style=\"width: 354px\" class=\"wp-caption aligncenter\"><img loading=\"lazy\" decoding=\"async\" aria-describedby=\"caption-attachment-7031\" class=\"size-full wp-image-7031\" src=\"https:\/\/www.smd-led.pl\/blog\/wp-content\/uploads\/2022\/07\/uniwersalna-klasa-energetyczna.jpg\" alt=\"Klasy efektywno\u015bci energetycznej kiedy\u015b\" width=\"344\" height=\"547\" \/><p id=\"caption-attachment-7031\" class=\"wp-caption-text\">Klasy efektywno\u015bci energetycznej kiedy\u015b<\/p><\/div>\n<p>Produkt z etykiet\u0105 tego rodzaju znajduje si\u0119 w klasie energetycznej od A++ do E. Oznacza to, \u017ce mo\u017cna zamontowa\u0107 w nim \u017car\u00f3wki ze wszystkich kategorii energetycznych (o ile pasuje mocowanie), pocz\u0105wszy od LED\u00f3w, na lampach \u017carowych sko\u0144czywszy.<\/p>\n<div id=\"attachment_7030\" style=\"width: 266px\" class=\"wp-caption aligncenter\"><img loading=\"lazy\" decoding=\"async\" aria-describedby=\"caption-attachment-7030\" class=\"size-full wp-image-7030\" src=\"https:\/\/www.smd-led.pl\/blog\/wp-content\/uploads\/2022\/07\/etykieta-energetyczna-a-1.jpg\" alt=\"Klasy efektywno\u015bci energetycznej kiedy\u015b\" width=\"256\" height=\"492\" \/><p id=\"caption-attachment-7030\" class=\"wp-caption-text\">Klasy efektywno\u015bci energetycznej kiedy\u015b<\/p><\/div>\n<p>Artyku\u0142 do kt\u00f3rego za\u0142\u0105czono etykiet\u0119 energetyczn\u0105 tak\u0105 jak na powy\u017cszym rysunku ma ograniczony zakres zastosowania. Mo\u017cemy w niej zamocowa\u0107 \u017car\u00f3wki w klasie A++, A+ oraz A. S\u0105 to g\u0142\u00f3wnie \u017ar\u00f3d\u0142a LED. Te klasy energetyczne zapewniaj\u0105 najmniejsze zu\u017cycie pr\u0105du.<\/p>\n<p>Na dole znajduje si\u0119 te\u017c informacja o tym, w jak\u0105 \u017car\u00f3wk\u0119 wyposa\u017cono opraw\u0119. W tym przypadku jest to \u017ar\u00f3d\u0142o \u015bwiat\u0142a w klasie energetycznej A.<\/p>\n<div id=\"attachment_7032\" style=\"width: 271px\" class=\"wp-caption aligncenter\"><img loading=\"lazy\" decoding=\"async\" aria-describedby=\"caption-attachment-7032\" class=\"size-full wp-image-7032\" src=\"https:\/\/www.smd-led.pl\/blog\/wp-content\/uploads\/2022\/07\/etykieta-led.jpg\" alt=\"Klasy efektywno\u015bci energetycznej kiedy\u015b\" width=\"261\" height=\"490\" \/><p id=\"caption-attachment-7032\" class=\"wp-caption-text\">Klasy efektywno\u015bci energetycznej kiedy\u015b<\/p><\/div>\n<p>Oprawy z t\u0105 etykiet\u0105, podobnie jak powy\u017csze pracuj\u0105 w klasach energetycznych od A++ do A. W por\u00f3wnaniu do poprzedniego modelu nie istnieje jednak mo\u017cliwo\u015b\u0107 wymiany \u017ar\u00f3d\u0142a \u015bwiat\u0142a &#8211; element o\u015bwietleniowy posiada wbudowane, zintegrowane \u017ar\u00f3d\u0142o LED.<\/p>\n<div id=\"attachment_7033\" style=\"width: 284px\" class=\"wp-caption aligncenter\"><img loading=\"lazy\" decoding=\"async\" aria-describedby=\"caption-attachment-7033\" class=\"size-full wp-image-7033\" src=\"https:\/\/www.smd-led.pl\/blog\/wp-content\/uploads\/2022\/07\/etykieta-zintegrowany-led.jpg\" alt=\"Klasy efektywno\u015bci energetycznej kiedy\u015b\" width=\"274\" height=\"500\" \/><p id=\"caption-attachment-7033\" class=\"wp-caption-text\">Klasy efektywno\u015bci energetycznej kiedy\u015b<\/p><\/div>\n<p>Powy\u017csza etykieta energetyczna jest swego rodzaju hybryd\u0105. \u0141\u0105czy w sobie cechy powy\u017cszych modeli:<\/p>\n<ul>\n<li>ma mo\u017cliwo\u015b\u0107 stosowania \u017car\u00f3wek w klasie energetycznej od C do E,<\/li>\n<li>ma zintegrowane \u017ar\u00f3d\u0142o \u015bwiat\u0142a w technologii LED.<\/li>\n<\/ul>\n<p>Ponadto widniej\u0105 tu dodatkowe informacje odno\u015bnie lampy:<\/p>\n<ul>\n<li>lampa jest sprzedawana w komplecie z \u017car\u00f3wk\u0105 z klasy D,<\/li>\n<li>lampa nie obs\u0142uguje \u017car\u00f3wek z klasy C.<\/li>\n<\/ul>\n<p>Nowe klasy efektywno\u015bci energetycznej, wprowadzone w marcu 2021 roku, upraszczaj\u0105 system oceny urz\u0105dze\u0144, w tym o\u015bwietlenia LED, zgodnie z skal\u0105 od A do G. Klasa C jest obecnie uznawana za najwy\u017csz\u0105 w zakresie efektywno\u015bci. Zniesienie oznacze\u0144 &#8222;+&#8221; u\u0142atwia por\u00f3wnywanie produkt\u00f3w. Etykiety energetyczne zawieraj\u0105 teraz kod QR, kt\u00f3ry prowadzi do bazy danych EPREL, oferuj\u0105c szczeg\u00f3\u0142owe informacje o produkcie. Zmiany te maj\u0105 na celu u\u0142atwienie konsumentom dokonywania \u015bwiadomych wybor\u00f3w, zwracaj\u0105c uwag\u0119 na zu\u017cycie energii i wp\u0142yw na \u015brodowisko. Dostawcy i sprzedawcy maj\u0105 obowi\u0105zek dostarczania etykiet oraz aktualizowania informacji w bazie danych. Og\u00f3lnie, te nowe przepisy zwi\u0119kszaj\u0105 przejrzysto\u015b\u0107 i \u015bwiadomo\u015b\u0107 konsument\u00f3w dotycz\u0105c\u0105 efektywno\u015bci energetycznej, sprzyjaj\u0105c wyborowi produkt\u00f3w bardziej przyjaznych dla \u015brodowiska.<\/p>\n<p><img loading=\"lazy\" decoding=\"async\" class=\"size-full wp-image-6117 aligncenter\" src=\"https:\/\/www.smd-led.pl\/blog\/wp-content\/uploads\/2020\/05\/Najlepsze-oswietlenie-LED-1.png\" alt=\"Najlepsze o\u015bwietlenie LED\" width=\"800\" height=\"533\" \/><\/p>\n","protected":false},"excerpt":{"rendered":"<p>Klasy efektywno\u015bci energetycznej uleg\u0142y zmianie w marcu 2021 roku. Dawne oznaczenia na etykietach znacznie r\u00f3\u017cni\u0105 [&hellip;]<\/p>\n","protected":false},"author":5,"featured_media":7039,"comment_status":"closed","ping_status":"closed","sticky":false,"template":"","format":"standard","meta":{"inline_featured_image":false,"footnotes":""},"categories":[76,77],"tags":[],"class_list":["post-7027","post","type-post","status-publish","format-standard","has-post-thumbnail","hentry","category-techniczny-oswietlenie","category-techniczny-parametr"],"acf":[],"yoast_head":"<!-- This site is optimized with the Yoast SEO Premium plugin v26.8 (Yoast SEO v26.8) - https:\/\/yoast.com\/product\/yoast-seo-premium-wordpress\/ -->\n<title>Klasy efektywno\u015bci energetycznej - SMD-LED<\/title>\n<meta name=\"description\" content=\"Sprawd\u017a, czym s\u0105 klasy efektywno\u015bci energetycznej i w jaki spos\u00f3b odpowiednio odczytywa\u0107 informacje o produktach.\" \/>\n<meta name=\"robots\" content=\"index, follow, max-snippet:-1, max-image-preview:large, max-video-preview:-1\" \/>\n<link rel=\"canonical\" href=\"https:\/\/www.smd-led.pl\/blog\/klasy-efektywnosci-energetycznej\/\" \/>\n<meta property=\"og:locale\" content=\"pl_PL\" \/>\n<meta property=\"og:type\" content=\"article\" \/>\n<meta property=\"og:title\" content=\"Klasy efektywno\u015bci energetycznej\" \/>\n<meta property=\"og:description\" content=\"Sprawd\u017a, czym s\u0105 klasy efektywno\u015bci energetycznej i w jaki spos\u00f3b odpowiednio odczytywa\u0107 informacje o produktach.\" \/>\n<meta property=\"og:url\" content=\"https:\/\/www.smd-led.pl\/blog\/klasy-efektywnosci-energetycznej\/\" \/>\n<meta property=\"og:site_name\" content=\"SMD-LED\" \/>\n<meta property=\"article:published_time\" content=\"2022-07-14T13:32:22+00:00\" \/>\n<meta property=\"article:modified_time\" content=\"2023-12-29T14:26:53+00:00\" \/>\n<meta property=\"og:image\" content=\"https:\/\/www.smd-led.pl\/blog\/wp-content\/uploads\/2022\/07\/Klasy-efektywnosci-energetycznej.jpg\" \/>\n\t<meta property=\"og:image:width\" content=\"1000\" \/>\n\t<meta property=\"og:image:height\" content=\"668\" \/>\n\t<meta property=\"og:image:type\" content=\"image\/jpeg\" \/>\n<meta name=\"author\" content=\"Edyta Kawnik\" \/>\n<meta name=\"twitter:card\" content=\"summary_large_image\" \/>\n<meta name=\"twitter:label1\" content=\"Napisane przez\" \/>\n\t<meta name=\"twitter:data1\" content=\"Edyta Kawnik\" \/>\n\t<meta name=\"twitter:label2\" content=\"Szacowany czas czytania\" \/>\n\t<meta name=\"twitter:data2\" content=\"17 minut\" \/>\n<script type=\"application\/ld+json\" class=\"yoast-schema-graph\">{\"@context\":\"https:\/\/schema.org\",\"@graph\":[{\"@type\":\"Article\",\"@id\":\"https:\/\/www.smd-led.pl\/blog\/klasy-efektywnosci-energetycznej\/#article\",\"isPartOf\":{\"@id\":\"https:\/\/www.smd-led.pl\/blog\/klasy-efektywnosci-energetycznej\/\"},\"author\":{\"name\":\"Edyta Kawnik\",\"@id\":\"https:\/\/www.smd-led.pl\/blog\/#\/schema\/person\/52262a6206acc26ec20f6f1eb454cc82\"},\"headline\":\"Klasy efektywno\u015bci energetycznej\",\"datePublished\":\"2022-07-14T13:32:22+00:00\",\"dateModified\":\"2023-12-29T14:26:53+00:00\",\"mainEntityOfPage\":{\"@id\":\"https:\/\/www.smd-led.pl\/blog\/klasy-efektywnosci-energetycznej\/\"},\"wordCount\":2570,\"image\":{\"@id\":\"https:\/\/www.smd-led.pl\/blog\/klasy-efektywnosci-energetycznej\/#primaryimage\"},\"thumbnailUrl\":\"https:\/\/www.smd-led.pl\/blog\/wp-content\/uploads\/2022\/07\/Klasy-efektywnosci-energetycznej.jpg\",\"articleSection\":[\"Techniczny o\u015bwietlenie\",\"Techniczny Parametr\"],\"inLanguage\":\"pl-PL\"},{\"@type\":\"WebPage\",\"@id\":\"https:\/\/www.smd-led.pl\/blog\/klasy-efektywnosci-energetycznej\/\",\"url\":\"https:\/\/www.smd-led.pl\/blog\/klasy-efektywnosci-energetycznej\/\",\"name\":\"Klasy efektywno\u015bci energetycznej - SMD-LED\",\"isPartOf\":{\"@id\":\"https:\/\/www.smd-led.pl\/blog\/#website\"},\"primaryImageOfPage\":{\"@id\":\"https:\/\/www.smd-led.pl\/blog\/klasy-efektywnosci-energetycznej\/#primaryimage\"},\"image\":{\"@id\":\"https:\/\/www.smd-led.pl\/blog\/klasy-efektywnosci-energetycznej\/#primaryimage\"},\"thumbnailUrl\":\"https:\/\/www.smd-led.pl\/blog\/wp-content\/uploads\/2022\/07\/Klasy-efektywnosci-energetycznej.jpg\",\"datePublished\":\"2022-07-14T13:32:22+00:00\",\"dateModified\":\"2023-12-29T14:26:53+00:00\",\"author\":{\"@id\":\"https:\/\/www.smd-led.pl\/blog\/#\/schema\/person\/52262a6206acc26ec20f6f1eb454cc82\"},\"description\":\"Sprawd\u017a, czym s\u0105 klasy efektywno\u015bci energetycznej i w jaki spos\u00f3b odpowiednio odczytywa\u0107 informacje o produktach.\",\"breadcrumb\":{\"@id\":\"https:\/\/www.smd-led.pl\/blog\/klasy-efektywnosci-energetycznej\/#breadcrumb\"},\"inLanguage\":\"pl-PL\",\"potentialAction\":[{\"@type\":\"ReadAction\",\"target\":[\"https:\/\/www.smd-led.pl\/blog\/klasy-efektywnosci-energetycznej\/\"]}]},{\"@type\":\"ImageObject\",\"inLanguage\":\"pl-PL\",\"@id\":\"https:\/\/www.smd-led.pl\/blog\/klasy-efektywnosci-energetycznej\/#primaryimage\",\"url\":\"https:\/\/www.smd-led.pl\/blog\/wp-content\/uploads\/2022\/07\/Klasy-efektywnosci-energetycznej.jpg\",\"contentUrl\":\"https:\/\/www.smd-led.pl\/blog\/wp-content\/uploads\/2022\/07\/Klasy-efektywnosci-energetycznej.jpg\",\"width\":1000,\"height\":668,\"caption\":\"Efektywno\u015b\u0107 energetyczna - \u017car\u00f3wki LED\"},{\"@type\":\"BreadcrumbList\",\"@id\":\"https:\/\/www.smd-led.pl\/blog\/klasy-efektywnosci-energetycznej\/#breadcrumb\",\"itemListElement\":[{\"@type\":\"ListItem\",\"position\":1,\"name\":\"Strona g\u0142\u00f3wna\",\"item\":\"https:\/\/www.smd-led.pl\/blog\/\"},{\"@type\":\"ListItem\",\"position\":2,\"name\":\"Klasy efektywno\u015bci energetycznej\"}]},{\"@type\":\"WebSite\",\"@id\":\"https:\/\/www.smd-led.pl\/blog\/#website\",\"url\":\"https:\/\/www.smd-led.pl\/blog\/\",\"name\":\"SMD-LED\",\"description\":\"O\u015bwietlenie Led do domu i przemys\u0142u porady, testy i opinie ekspert\u00f3w\",\"potentialAction\":[{\"@type\":\"SearchAction\",\"target\":{\"@type\":\"EntryPoint\",\"urlTemplate\":\"https:\/\/www.smd-led.pl\/blog\/?s={search_term_string}\"},\"query-input\":{\"@type\":\"PropertyValueSpecification\",\"valueRequired\":true,\"valueName\":\"search_term_string\"}}],\"inLanguage\":\"pl-PL\"},{\"@type\":\"Person\",\"@id\":\"https:\/\/www.smd-led.pl\/blog\/#\/schema\/person\/52262a6206acc26ec20f6f1eb454cc82\",\"name\":\"Edyta Kawnik\",\"image\":{\"@type\":\"ImageObject\",\"inLanguage\":\"pl-PL\",\"@id\":\"https:\/\/www.smd-led.pl\/blog\/#\/schema\/person\/image\/\",\"url\":\"https:\/\/secure.gravatar.com\/avatar\/d45e3bbe9c2fcb86a2dadc08dbe080337481c72aa3a0d3e8762d507d70d4e474?s=96&d=mm&r=g\",\"contentUrl\":\"https:\/\/secure.gravatar.com\/avatar\/d45e3bbe9c2fcb86a2dadc08dbe080337481c72aa3a0d3e8762d507d70d4e474?s=96&d=mm&r=g\",\"caption\":\"Edyta Kawnik\"},\"url\":\"https:\/\/www.smd-led.pl\/blog\/author\/ekawnik\/\"}]}<\/script>\n<!-- \/ Yoast SEO Premium plugin. -->","yoast_head_json":{"title":"Klasy efektywno\u015bci energetycznej - SMD-LED","description":"Sprawd\u017a, czym s\u0105 klasy efektywno\u015bci energetycznej i w jaki spos\u00f3b odpowiednio odczytywa\u0107 informacje o produktach.","robots":{"index":"index","follow":"follow","max-snippet":"max-snippet:-1","max-image-preview":"max-image-preview:large","max-video-preview":"max-video-preview:-1"},"canonical":"https:\/\/www.smd-led.pl\/blog\/klasy-efektywnosci-energetycznej\/","og_locale":"pl_PL","og_type":"article","og_title":"Klasy efektywno\u015bci energetycznej","og_description":"Sprawd\u017a, czym s\u0105 klasy efektywno\u015bci energetycznej i w jaki spos\u00f3b odpowiednio odczytywa\u0107 informacje o produktach.","og_url":"https:\/\/www.smd-led.pl\/blog\/klasy-efektywnosci-energetycznej\/","og_site_name":"SMD-LED","article_published_time":"2022-07-14T13:32:22+00:00","article_modified_time":"2023-12-29T14:26:53+00:00","og_image":[{"width":1000,"height":668,"url":"https:\/\/www.smd-led.pl\/blog\/wp-content\/uploads\/2022\/07\/Klasy-efektywnosci-energetycznej.jpg","type":"image\/jpeg"}],"author":"Edyta Kawnik","twitter_card":"summary_large_image","twitter_misc":{"Napisane przez":"Edyta Kawnik","Szacowany czas czytania":"17 minut"},"schema":{"@context":"https:\/\/schema.org","@graph":[{"@type":"Article","@id":"https:\/\/www.smd-led.pl\/blog\/klasy-efektywnosci-energetycznej\/#article","isPartOf":{"@id":"https:\/\/www.smd-led.pl\/blog\/klasy-efektywnosci-energetycznej\/"},"author":{"name":"Edyta Kawnik","@id":"https:\/\/www.smd-led.pl\/blog\/#\/schema\/person\/52262a6206acc26ec20f6f1eb454cc82"},"headline":"Klasy efektywno\u015bci energetycznej","datePublished":"2022-07-14T13:32:22+00:00","dateModified":"2023-12-29T14:26:53+00:00","mainEntityOfPage":{"@id":"https:\/\/www.smd-led.pl\/blog\/klasy-efektywnosci-energetycznej\/"},"wordCount":2570,"image":{"@id":"https:\/\/www.smd-led.pl\/blog\/klasy-efektywnosci-energetycznej\/#primaryimage"},"thumbnailUrl":"https:\/\/www.smd-led.pl\/blog\/wp-content\/uploads\/2022\/07\/Klasy-efektywnosci-energetycznej.jpg","articleSection":["Techniczny o\u015bwietlenie","Techniczny Parametr"],"inLanguage":"pl-PL"},{"@type":"WebPage","@id":"https:\/\/www.smd-led.pl\/blog\/klasy-efektywnosci-energetycznej\/","url":"https:\/\/www.smd-led.pl\/blog\/klasy-efektywnosci-energetycznej\/","name":"Klasy efektywno\u015bci energetycznej - SMD-LED","isPartOf":{"@id":"https:\/\/www.smd-led.pl\/blog\/#website"},"primaryImageOfPage":{"@id":"https:\/\/www.smd-led.pl\/blog\/klasy-efektywnosci-energetycznej\/#primaryimage"},"image":{"@id":"https:\/\/www.smd-led.pl\/blog\/klasy-efektywnosci-energetycznej\/#primaryimage"},"thumbnailUrl":"https:\/\/www.smd-led.pl\/blog\/wp-content\/uploads\/2022\/07\/Klasy-efektywnosci-energetycznej.jpg","datePublished":"2022-07-14T13:32:22+00:00","dateModified":"2023-12-29T14:26:53+00:00","author":{"@id":"https:\/\/www.smd-led.pl\/blog\/#\/schema\/person\/52262a6206acc26ec20f6f1eb454cc82"},"description":"Sprawd\u017a, czym s\u0105 klasy efektywno\u015bci energetycznej i w jaki spos\u00f3b odpowiednio odczytywa\u0107 informacje o produktach.","breadcrumb":{"@id":"https:\/\/www.smd-led.pl\/blog\/klasy-efektywnosci-energetycznej\/#breadcrumb"},"inLanguage":"pl-PL","potentialAction":[{"@type":"ReadAction","target":["https:\/\/www.smd-led.pl\/blog\/klasy-efektywnosci-energetycznej\/"]}]},{"@type":"ImageObject","inLanguage":"pl-PL","@id":"https:\/\/www.smd-led.pl\/blog\/klasy-efektywnosci-energetycznej\/#primaryimage","url":"https:\/\/www.smd-led.pl\/blog\/wp-content\/uploads\/2022\/07\/Klasy-efektywnosci-energetycznej.jpg","contentUrl":"https:\/\/www.smd-led.pl\/blog\/wp-content\/uploads\/2022\/07\/Klasy-efektywnosci-energetycznej.jpg","width":1000,"height":668,"caption":"Efektywno\u015b\u0107 energetyczna - \u017car\u00f3wki LED"},{"@type":"BreadcrumbList","@id":"https:\/\/www.smd-led.pl\/blog\/klasy-efektywnosci-energetycznej\/#breadcrumb","itemListElement":[{"@type":"ListItem","position":1,"name":"Strona g\u0142\u00f3wna","item":"https:\/\/www.smd-led.pl\/blog\/"},{"@type":"ListItem","position":2,"name":"Klasy efektywno\u015bci energetycznej"}]},{"@type":"WebSite","@id":"https:\/\/www.smd-led.pl\/blog\/#website","url":"https:\/\/www.smd-led.pl\/blog\/","name":"SMD-LED","description":"O\u015bwietlenie Led do domu i przemys\u0142u porady, testy i opinie ekspert\u00f3w","potentialAction":[{"@type":"SearchAction","target":{"@type":"EntryPoint","urlTemplate":"https:\/\/www.smd-led.pl\/blog\/?s={search_term_string}"},"query-input":{"@type":"PropertyValueSpecification","valueRequired":true,"valueName":"search_term_string"}}],"inLanguage":"pl-PL"},{"@type":"Person","@id":"https:\/\/www.smd-led.pl\/blog\/#\/schema\/person\/52262a6206acc26ec20f6f1eb454cc82","name":"Edyta Kawnik","image":{"@type":"ImageObject","inLanguage":"pl-PL","@id":"https:\/\/www.smd-led.pl\/blog\/#\/schema\/person\/image\/","url":"https:\/\/secure.gravatar.com\/avatar\/d45e3bbe9c2fcb86a2dadc08dbe080337481c72aa3a0d3e8762d507d70d4e474?s=96&d=mm&r=g","contentUrl":"https:\/\/secure.gravatar.com\/avatar\/d45e3bbe9c2fcb86a2dadc08dbe080337481c72aa3a0d3e8762d507d70d4e474?s=96&d=mm&r=g","caption":"Edyta Kawnik"},"url":"https:\/\/www.smd-led.pl\/blog\/author\/ekawnik\/"}]}},"_links":{"self":[{"href":"https:\/\/www.smd-led.pl\/blog\/wp-json\/wp\/v2\/posts\/7027","targetHints":{"allow":["GET"]}}],"collection":[{"href":"https:\/\/www.smd-led.pl\/blog\/wp-json\/wp\/v2\/posts"}],"about":[{"href":"https:\/\/www.smd-led.pl\/blog\/wp-json\/wp\/v2\/types\/post"}],"author":[{"embeddable":true,"href":"https:\/\/www.smd-led.pl\/blog\/wp-json\/wp\/v2\/users\/5"}],"replies":[{"embeddable":true,"href":"https:\/\/www.smd-led.pl\/blog\/wp-json\/wp\/v2\/comments?post=7027"}],"version-history":[{"count":5,"href":"https:\/\/www.smd-led.pl\/blog\/wp-json\/wp\/v2\/posts\/7027\/revisions"}],"predecessor-version":[{"id":16598,"href":"https:\/\/www.smd-led.pl\/blog\/wp-json\/wp\/v2\/posts\/7027\/revisions\/16598"}],"wp:featuredmedia":[{"embeddable":true,"href":"https:\/\/www.smd-led.pl\/blog\/wp-json\/wp\/v2\/media\/7039"}],"wp:attachment":[{"href":"https:\/\/www.smd-led.pl\/blog\/wp-json\/wp\/v2\/media?parent=7027"}],"wp:term":[{"taxonomy":"category","embeddable":true,"href":"https:\/\/www.smd-led.pl\/blog\/wp-json\/wp\/v2\/categories?post=7027"},{"taxonomy":"post_tag","embeddable":true,"href":"https:\/\/www.smd-led.pl\/blog\/wp-json\/wp\/v2\/tags?post=7027"}],"curies":[{"name":"wp","href":"https:\/\/api.w.org\/{rel}","templated":true}]}}