{"id":7940,"date":"2022-08-25T16:03:18","date_gmt":"2022-08-25T14:03:18","guid":{"rendered":"https:\/\/www.smd-led.pl\/blog\/?p=7940"},"modified":"2023-12-29T10:49:27","modified_gmt":"2023-12-29T09:49:27","slug":"montaz-plafonu-jak-zamontowac-plafon-led","status":"publish","type":"post","link":"https:\/\/www.smd-led.pl\/blog\/montaz-plafonu-jak-zamontowac-plafon-led\/","title":{"rendered":"Monta\u017c plafonu &#8211; jak zamontowa\u0107 plafon LED?"},"content":{"rendered":"<p>Plafony ledowe to jedne z najmodniejszych i najcz\u0119\u015bciej wybieranych opraw o\u015bwietleniowych w ostatnich latach. Ich kszta\u0142t i \u0142atwy monta\u017c sprawiaj\u0105, \u017ce s\u0105 tak ch\u0119tnie wybierane<strong>. Monta\u017c plafonu &#8211; jak zamontowa\u0107 plafon LED? Monta\u017c plafonu jest prosta. Przede wszystkim nale\u017cy pami\u0119ta\u0107, \u017ce zasilanie 230 V jest niebezpieczne, dlatego przed przyst\u0105pieniem do monta\u017cu nale\u017cy upewni\u0107 si\u0119, \u017ce \u017ar\u00f3d\u0142o zasilania zosta\u0142o wy\u0142\u0105czone. Plafon mo\u017cna zamontowa\u0107 w spos\u00f3b natynkowy i podtynkowy.<\/strong> Oba rodzaje monta\u017cu nie s\u0105 skomplikowane. To od nas zale\u017cy, kt\u00f3ry wybierzemy. Pami\u0119tajmy jednak, \u017ce bez wzgl\u0119du na wybrany przez nas spos\u00f3b, musimy zachowa\u0107 szczeg\u00f3ln\u0105 ostro\u017cno\u015b\u0107.<\/p>\n<div id=\"attachment_4454\" style=\"width: 810px\" class=\"wp-caption aligncenter\"><a href=\"https:\/\/www.smd-led.pl\/\"><img loading=\"lazy\" decoding=\"async\" aria-describedby=\"caption-attachment-4454\" class=\"size-full wp-image-4454\" src=\"https:\/\/www.smd-led.pl\/blog\/wp-content\/uploads\/2019\/01\/plafony-do-salonu-baner-reklamowy-sklep-z-oswietleniem-smd-led.pl_.jpeg\" alt=\"plafony do salonu, baner reklamowy, sklep z oswietleniem smd-led.pl\" width=\"800\" height=\"533\" \/><\/a><p id=\"caption-attachment-4454\" class=\"wp-caption-text\">Razem z SMD-LED.PL dobierzmy wyj\u0105tkowy plafon LED dla Twojego salonu<\/p><\/div>\n<p style=\"text-align: center;\"><strong><span style=\"color: #ff0000; font-size: 24pt;\">Najwi\u0119cej zapyta\u0144 i sprzeda\u017cy przez klient\u00f3w do naszych sprzedawc\u00f3w:<\/span><\/strong><\/p>\n<div class=\"call-to-action-05\" style=\"background-image: url('https:\/\/www.smd-led.pl\/blog\/wp-content\/uploads\/2023\/12\/oswietlenie_led_do_podbitki_dachowej-39.png')\"><div class=\"call-to-action-05__info-box\"><div class=\"call-to-action-05__info\"><p class=\"call-to-action-05__txt\">Zobacz wi\u0119cej z kategorii<\/p><span class=\"call-to-action-05__cat-title\">Plafony LED \u2013 nowoczesne \u015bwiat\u0142o do ka\u017cdego wn\u0119trza<\/span><a href=\"https:\/\/www.smd-led.pl\/plafony-led\" class=\"button\" id=\"plafon_\" target=\"_self\">Zobacz produkt<\/a><\/div><\/div><\/div>\n<h2>Plafon LED &#8211; czym jest?<\/h2>\n<p>W dzisiejszych czasach wystr\u00f3j wn\u0119trza jest niezwykle wa\u017cn\u0105 spraw\u0105, nie mo\u017cemy pozwoli\u0107 sobie na designerskie <em>faux pa. <\/em><strong>Plafon LED &#8211; czym jest? Plafon sufitowy to nowoczesne oprawy o\u015bwietleniowe, \u015bci\u015ble przylegaj\u0105ce do sufitu. Cieszy si\u0119 ogromn\u0105 popularno\u015bci\u0105, dzi\u0119ki swojej budowie, a tak\u017ce niskim zu\u017cyciem energii, dzi\u0119ki czemu mo\u017cemy zaoszcz\u0119dzi\u0107 nawet do 90% w por\u00f3wnaniu z tradycyjnym o\u015bwietleniem. <\/strong>Dzi\u0119ki swojemu nowoczesnemu wygl\u0105dowi, sprawdzaj\u0105 si\u0119 jako o\u015bwietlenie niemal ka\u017cdego pomieszczenia urz\u0105dzonego w dowolnym stylu. Plafony LED mo\u017cna zainstalowa\u0107 do \u015bciany lub sufitu, a ich monta\u017c nie jest trudny, ani wymagaj\u0105cy. Plafony to lampy sufitowe, kt\u00f3re idealnie sprawdz\u0105 si\u0119 w \u0142azienkach, salonach, a tak\u017ce sypialniach.<\/p>\n<div id=\"attachment_3481\" style=\"width: 490px\" class=\"wp-caption aligncenter\"><img loading=\"lazy\" decoding=\"async\" aria-describedby=\"caption-attachment-3481\" class=\"size-full wp-image-3481\" src=\"https:\/\/www.smd-led.pl\/blog\/wp-content\/uploads\/2021\/04\/plafon-led-kuchenny.jpg\" alt=\"Plafon LED - czym jest?\" width=\"480\" height=\"480\" \/><p id=\"caption-attachment-3481\" class=\"wp-caption-text\">Plafon LED &#8211; czym jest?<\/p><\/div>\n<h2>Monta\u017c plafonu podtynkowego<\/h2>\n<p>Cz\u0119sto zdarza nam si\u0119, \u017ce rezygnujemy z jakiego\u015b pomys\u0142u, kt\u00f3ry si\u0119 nam podoba z obawy, \u017ce bez pomocy fachowca nie b\u0119dziemy potrafili go sami zrealizowa\u0107. W zwi\u0105zku z powy\u017cszym wychodzimy naprzeciw oczekiwaniom naszych klient\u00f3w i zaczynamy seri\u0119 artyku\u0142\u00f3w, dzi\u0119ki kt\u00f3rym dowiesz\u00a0si\u0119 jak prosto zamontowa\u0107 i zdemontowa\u0107\u00a0niekt\u00f3re z dost\u0119pnych produkt\u00f3w. <strong>Jak wygl\u0105da monta\u017c plafonu podtynkowego? Przede wszystkim pami\u0119taj, \u017ce nale\u017cy od\u0142\u0105czy\u0107 \u017ar\u00f3d\u0142o zasilania. Je\u015bli dobra\u0142e\u015b ju\u017c odpowiednie lampy, do monta\u017cu potrzebne b\u0119dzie kilka podstawowych narz\u0119dzi takich jak k\u0105townik, wkr\u0119tarka, czy miarka. Nast\u0119pnie pod\u0105\u017caj za nasz\u0105 instrukcj\u0105.<\/strong><\/p>\n<div id=\"attachment_1251\" style=\"width: 810px\" class=\"wp-caption aligncenter\"><img loading=\"lazy\" decoding=\"async\" aria-describedby=\"caption-attachment-1251\" class=\"size-full wp-image-1251\" src=\"https:\/\/www.smd-led.pl\/blog\/wp-content\/uploads\/2018\/10\/Plafony-do-przedpokoju.jpg\" alt=\"Monta\u017c plafonu podtynkowego\" width=\"800\" height=\"800\" \/><p id=\"caption-attachment-1251\" class=\"wp-caption-text\">Monta\u017c plafonu podtynkowego<\/p><\/div>\n<p>Na pocz\u0105tek postanowili\u015bmy rozwia\u0107 Wasze obawy i opisa\u0107\u00a0jak banalnie prosto zamontuj\u0105 pa\u0144stwo Plafon podtynkowy Led, jedno z popularniejszych i bardzo eleganckich \u017ar\u00f3de\u0142 \u015bwiat\u0142a. Plafon, czyli nowoczesna lampa Led to jeden z ch\u0119tnie kupowanych i montowanych rodzaj\u00f3w o\u015bwietlenia. G\u0142ownie ze wzgl\u0119du na uniwersaln\u0105 i klasyczn\u0105 obudow\u0119, ale r\u00f3wnie\u017c ze wzgl\u0119du na mocne i energooszcz\u0119dne \u017ar\u00f3d\u0142o \u015bwiat\u0142a. Plafony dzielimy ze wzgl\u0119du na rodzaj monta\u017cu na podtynkowy i natynkowy i ze wzgl\u0119du na kszta\u0142t okr\u0105g\u0142y b\u0105d\u017a kwadratowy.\u00a0Dzi\u015b powiemy Pa\u0144stwu jak zamontowa\u0107 jego podtynkow\u0105 wersj\u0119.<\/p>\n<p style=\"text-align: center;\"><strong>Zapraszamy r\u00f3wnie\u017c bardzo serdecznie na inne poradniki monta\u017cowe\u00a0<\/strong><\/p>\n<div class=\"cat-slider-02\"><div class=\"cat-slider-02__box\"><div class=\"cat-slider-02__wrapper\"><p class=\"cat-slider-02__title\"><\/p><div class=\"cat-slider-02__slider\"><div class=\"cat-slider-02__slide\"><a href=\"https:\/\/www.smd-led.pl\/blog\/jak-oswietlic-zewnetrzne-schody-i-podjazd-led-bezpieczenstwo-i-estetyka\/\" class=\"cat-slider-02__link\"><div class=\"cat-slider-02__img-box\"><img loading=\"lazy\" decoding=\"async\" width=\"1024\" height=\"559\" src=\"https:\/\/www.smd-led.pl\/blog\/wp-content\/uploads\/2026\/03\/2026-04-schody-hero-1024x559.png\" class=\"cat-slider-02__img wp-post-image\" alt=\"schody hero\" srcset=\"https:\/\/www.smd-led.pl\/blog\/wp-content\/uploads\/2026\/03\/2026-04-schody-hero-1024x559.png 1024w, https:\/\/www.smd-led.pl\/blog\/wp-content\/uploads\/2026\/03\/2026-04-schody-hero-300x164.png 300w, https:\/\/www.smd-led.pl\/blog\/wp-content\/uploads\/2026\/03\/2026-04-schody-hero-768x419.png 768w, https:\/\/www.smd-led.pl\/blog\/wp-content\/uploads\/2026\/03\/2026-04-schody-hero-1536x838.png 1536w, https:\/\/www.smd-led.pl\/blog\/wp-content\/uploads\/2026\/03\/2026-04-schody-hero-2048x1117.png 2048w\" sizes=\"auto, (max-width: 1024px) 100vw, 1024px\" \/><\/div><\/a><a href=\"https:\/\/www.smd-led.pl\/blog\/jak-oswietlic-zewnetrzne-schody-i-podjazd-led-bezpieczenstwo-i-estetyka\/\" class=\"cat-slider-02__link\"><div class=\"cat-slider-02__heading-box\"><p class=\"cat-slider-02__post-title\">Jak o\u015bwietli\u0107 zewn\u0119trzne schody i podjazd LED &#8211; bezpiecze\u0144stwo i estetyka<\/p><p>Schody zewn\u0119trzne z o\u015bwietleniem LED pod noskiem stopnia O\u015bwietlenie schod\u00f3w zewn\u0119trznych LED to instalacja opraw [&hellip;]<\/p>\n<\/div><\/a><\/div><div class=\"cat-slider-02__slide\"><a href=\"https:\/\/www.smd-led.pl\/blog\/oswietlenie-led-w-podlodze-montaz-profilu-floor8-i-floor12-w-jastrychu-i-zywicy-kompletny-przewodnik\/\" class=\"cat-slider-02__link\"><div class=\"cat-slider-02__img-box\"><img loading=\"lazy\" decoding=\"async\" width=\"1024\" height=\"559\" src=\"https:\/\/www.smd-led.pl\/blog\/wp-content\/uploads\/2026\/03\/cover-image-YYYY-03-Mar-13-2026-1yy7k_jQexOfTRiuf69-3vOxi2gZ7ztQS-1024x559.webp\" class=\"cat-slider-02__img wp-post-image\" alt=\"\" srcset=\"https:\/\/www.smd-led.pl\/blog\/wp-content\/uploads\/2026\/03\/cover-image-YYYY-03-Mar-13-2026-1yy7k_jQexOfTRiuf69-3vOxi2gZ7ztQS-1024x559.webp 1024w, https:\/\/www.smd-led.pl\/blog\/wp-content\/uploads\/2026\/03\/cover-image-YYYY-03-Mar-13-2026-1yy7k_jQexOfTRiuf69-3vOxi2gZ7ztQS-300x164.webp 300w, https:\/\/www.smd-led.pl\/blog\/wp-content\/uploads\/2026\/03\/cover-image-YYYY-03-Mar-13-2026-1yy7k_jQexOfTRiuf69-3vOxi2gZ7ztQS-768x419.webp 768w, https:\/\/www.smd-led.pl\/blog\/wp-content\/uploads\/2026\/03\/cover-image-YYYY-03-Mar-13-2026-1yy7k_jQexOfTRiuf69-3vOxi2gZ7ztQS.webp 1200w\" sizes=\"auto, (max-width: 1024px) 100vw, 1024px\" \/><\/div><\/a><a href=\"https:\/\/www.smd-led.pl\/blog\/oswietlenie-led-w-podlodze-montaz-profilu-floor8-i-floor12-w-jastrychu-i-zywicy-kompletny-przewodnik\/\" class=\"cat-slider-02__link\"><div class=\"cat-slider-02__heading-box\"><p class=\"cat-slider-02__post-title\">O\u015bwietlenie LED w pod\u0142odze monta\u017c profilu FLOOR8 i FLOOR12 w jastrychu i \u017cywicy \u2013 kompletny przewodnik<\/p><p>O\u015bwietlenie w jastrychu z u\u017cyciem pod\u0142ogowych profili LED to innowacyjne rozwi\u0105zanie architektoniczne polegaj\u0105ce na zlicowaniu [&hellip;]<\/p>\n<\/div><\/a><\/div><div class=\"cat-slider-02__slide\"><a href=\"https:\/\/www.smd-led.pl\/blog\/profil-led-do-schodow-dywanowych-montaz-kompletny-przewodnik\/\" class=\"cat-slider-02__link\"><div class=\"cat-slider-02__img-box\"><img loading=\"lazy\" decoding=\"async\" width=\"1024\" height=\"559\" src=\"https:\/\/www.smd-led.pl\/blog\/wp-content\/uploads\/2026\/03\/cover-image-YYYY-03-Mar-9-2026-1uZKWDzshG0Qu-E3xglgtlaeVwCXLQkRk-1024x559.webp\" class=\"cat-slider-02__img wp-post-image\" alt=\"\" srcset=\"https:\/\/www.smd-led.pl\/blog\/wp-content\/uploads\/2026\/03\/cover-image-YYYY-03-Mar-9-2026-1uZKWDzshG0Qu-E3xglgtlaeVwCXLQkRk-1024x559.webp 1024w, https:\/\/www.smd-led.pl\/blog\/wp-content\/uploads\/2026\/03\/cover-image-YYYY-03-Mar-9-2026-1uZKWDzshG0Qu-E3xglgtlaeVwCXLQkRk-300x164.webp 300w, https:\/\/www.smd-led.pl\/blog\/wp-content\/uploads\/2026\/03\/cover-image-YYYY-03-Mar-9-2026-1uZKWDzshG0Qu-E3xglgtlaeVwCXLQkRk-768x419.webp 768w, https:\/\/www.smd-led.pl\/blog\/wp-content\/uploads\/2026\/03\/cover-image-YYYY-03-Mar-9-2026-1uZKWDzshG0Qu-E3xglgtlaeVwCXLQkRk.webp 1200w\" sizes=\"auto, (max-width: 1024px) 100vw, 1024px\" \/><\/div><\/a><a href=\"https:\/\/www.smd-led.pl\/blog\/profil-led-do-schodow-dywanowych-montaz-kompletny-przewodnik\/\" class=\"cat-slider-02__link\"><div class=\"cat-slider-02__heading-box\"><p class=\"cat-slider-02__post-title\">Profil LED do schod\u00f3w dywanowych monta\u017c \u2013 kompletny przewodnik<\/p><p>Wyfrezowany, starannie ukryty monta\u017c w stopniach samono\u015bnych to podstawa, by stworzy\u0107 dyskretne \u017ar\u00f3d\u0142o \u015bwiat\u0142a. Profesjonalne [&hellip;]<\/p>\n<\/div><\/a><\/div><div class=\"cat-slider-02__slide\"><a href=\"https:\/\/www.smd-led.pl\/blog\/profil-led-do-poreczy-montaz-kompletny-przewodnik\/\" class=\"cat-slider-02__link\"><div class=\"cat-slider-02__img-box\"><img loading=\"lazy\" decoding=\"async\" width=\"1024\" height=\"559\" src=\"https:\/\/www.smd-led.pl\/blog\/wp-content\/uploads\/2026\/02\/cover-image-YYYY-02-Feb-23-2026-1udrqWx4gN-SUbdaCI_9bvTJxp7PQVj0-1024x559.webp\" class=\"cat-slider-02__img wp-post-image\" alt=\"\" srcset=\"https:\/\/www.smd-led.pl\/blog\/wp-content\/uploads\/2026\/02\/cover-image-YYYY-02-Feb-23-2026-1udrqWx4gN-SUbdaCI_9bvTJxp7PQVj0-1024x559.webp 1024w, https:\/\/www.smd-led.pl\/blog\/wp-content\/uploads\/2026\/02\/cover-image-YYYY-02-Feb-23-2026-1udrqWx4gN-SUbdaCI_9bvTJxp7PQVj0-300x164.webp 300w, https:\/\/www.smd-led.pl\/blog\/wp-content\/uploads\/2026\/02\/cover-image-YYYY-02-Feb-23-2026-1udrqWx4gN-SUbdaCI_9bvTJxp7PQVj0-768x419.webp 768w, https:\/\/www.smd-led.pl\/blog\/wp-content\/uploads\/2026\/02\/cover-image-YYYY-02-Feb-23-2026-1udrqWx4gN-SUbdaCI_9bvTJxp7PQVj0.webp 1200w\" sizes=\"auto, (max-width: 1024px) 100vw, 1024px\" \/><\/div><\/a><a href=\"https:\/\/www.smd-led.pl\/blog\/profil-led-do-poreczy-montaz-kompletny-przewodnik\/\" class=\"cat-slider-02__link\"><div class=\"cat-slider-02__heading-box\"><p class=\"cat-slider-02__post-title\">Profil LED do por\u0119czy monta\u017c \u2013 kompletny przewodnik<\/p><p>Profil LED do por\u0119czy to specjalistyczny element monta\u017cowy wykonany z aluminium, s\u0142u\u017c\u0105cy do estetycznego i [&hellip;]<\/p>\n<\/div><\/a><\/div><div class=\"cat-slider-02__slide\"><a href=\"https:\/\/www.smd-led.pl\/blog\/profil-led-do-montazu-w-lustrze-lazienkowym-kompletny-przewodnik\/\" class=\"cat-slider-02__link\"><div class=\"cat-slider-02__img-box\"><img loading=\"lazy\" decoding=\"async\" width=\"1024\" height=\"1024\" src=\"https:\/\/www.smd-led.pl\/blog\/wp-content\/uploads\/2026\/02\/cover-image-YYYY-02-Feb-20-2026-1vKNqP1jzda4L3NTwG2tGxjdkzDHObmZn.webp\" class=\"cat-slider-02__img wp-post-image\" alt=\"\" srcset=\"https:\/\/www.smd-led.pl\/blog\/wp-content\/uploads\/2026\/02\/cover-image-YYYY-02-Feb-20-2026-1vKNqP1jzda4L3NTwG2tGxjdkzDHObmZn.webp 1024w, https:\/\/www.smd-led.pl\/blog\/wp-content\/uploads\/2026\/02\/cover-image-YYYY-02-Feb-20-2026-1vKNqP1jzda4L3NTwG2tGxjdkzDHObmZn-300x300.webp 300w, https:\/\/www.smd-led.pl\/blog\/wp-content\/uploads\/2026\/02\/cover-image-YYYY-02-Feb-20-2026-1vKNqP1jzda4L3NTwG2tGxjdkzDHObmZn-150x150.webp 150w, https:\/\/www.smd-led.pl\/blog\/wp-content\/uploads\/2026\/02\/cover-image-YYYY-02-Feb-20-2026-1vKNqP1jzda4L3NTwG2tGxjdkzDHObmZn-768x768.webp 768w\" sizes=\"auto, (max-width: 1024px) 100vw, 1024px\" \/><\/div><\/a><a href=\"https:\/\/www.smd-led.pl\/blog\/profil-led-do-montazu-w-lustrze-lazienkowym-kompletny-przewodnik\/\" class=\"cat-slider-02__link\"><div class=\"cat-slider-02__heading-box\"><p class=\"cat-slider-02__post-title\">Profil LED do monta\u017cu w lustrze \u0142azienkowym \u2013 kompletny przewodnik<\/p><p>Profil LED do monta\u017cu w lustrze \u0142azienkowym \u2013 kompletny przewodnik to specjalistyczna instrukcja doboru i [&hellip;]<\/p>\n<\/div><\/a><\/div><div class=\"cat-slider-02__slide\"><a href=\"https:\/\/www.smd-led.pl\/blog\/profil-led-cieniowy-shadow-gap-montaz-kompletny-przewodnik\/\" class=\"cat-slider-02__link\"><div class=\"cat-slider-02__img-box\"><img loading=\"lazy\" decoding=\"async\" width=\"1024\" height=\"572\" src=\"https:\/\/www.smd-led.pl\/blog\/wp-content\/uploads\/2026\/02\/cover-image-YYYY-02-Feb-11-2026-1qTRw_riNS8Ik-OmA8x2H5sesdQd5y3dS-1024x572.webp\" class=\"cat-slider-02__img wp-post-image\" alt=\"\" srcset=\"https:\/\/www.smd-led.pl\/blog\/wp-content\/uploads\/2026\/02\/cover-image-YYYY-02-Feb-11-2026-1qTRw_riNS8Ik-OmA8x2H5sesdQd5y3dS-1024x572.webp 1024w, https:\/\/www.smd-led.pl\/blog\/wp-content\/uploads\/2026\/02\/cover-image-YYYY-02-Feb-11-2026-1qTRw_riNS8Ik-OmA8x2H5sesdQd5y3dS-300x168.webp 300w, https:\/\/www.smd-led.pl\/blog\/wp-content\/uploads\/2026\/02\/cover-image-YYYY-02-Feb-11-2026-1qTRw_riNS8Ik-OmA8x2H5sesdQd5y3dS-768x429.webp 768w, https:\/\/www.smd-led.pl\/blog\/wp-content\/uploads\/2026\/02\/cover-image-YYYY-02-Feb-11-2026-1qTRw_riNS8Ik-OmA8x2H5sesdQd5y3dS.webp 1200w\" sizes=\"auto, (max-width: 1024px) 100vw, 1024px\" \/><\/div><\/a><a href=\"https:\/\/www.smd-led.pl\/blog\/profil-led-cieniowy-shadow-gap-montaz-kompletny-przewodnik\/\" class=\"cat-slider-02__link\"><div class=\"cat-slider-02__heading-box\"><p class=\"cat-slider-02__post-title\">Profil LED cieniowy shadow gap monta\u017c \u2013 kompletny przewodnik<\/p><p>Profil LED cieniowy shadow gap monta\u017c to zaawansowana technika wyko\u0144czeniowa, polegaj\u0105ca na instalacji specjalistycznych profili [&hellip;]<\/p>\n<\/div><\/a><\/div><div class=\"cat-slider-02__slide\"><a href=\"https:\/\/www.smd-led.pl\/blog\/profil-led-do-szpachlowania-montaz-kompletny-przewodnik\/\" class=\"cat-slider-02__link\"><div class=\"cat-slider-02__img-box\"><img loading=\"lazy\" decoding=\"async\" width=\"1024\" height=\"559\" src=\"https:\/\/www.smd-led.pl\/blog\/wp-content\/uploads\/2026\/02\/cover-image-YYYY-02-Feb-4-2026-1-w4q8PEIOVh9M69I_qC6A3Xfs8HQUgIP-1024x559.webp\" class=\"cat-slider-02__img wp-post-image\" alt=\"\" srcset=\"https:\/\/www.smd-led.pl\/blog\/wp-content\/uploads\/2026\/02\/cover-image-YYYY-02-Feb-4-2026-1-w4q8PEIOVh9M69I_qC6A3Xfs8HQUgIP-1024x559.webp 1024w, https:\/\/www.smd-led.pl\/blog\/wp-content\/uploads\/2026\/02\/cover-image-YYYY-02-Feb-4-2026-1-w4q8PEIOVh9M69I_qC6A3Xfs8HQUgIP-300x164.webp 300w, https:\/\/www.smd-led.pl\/blog\/wp-content\/uploads\/2026\/02\/cover-image-YYYY-02-Feb-4-2026-1-w4q8PEIOVh9M69I_qC6A3Xfs8HQUgIP-768x419.webp 768w, https:\/\/www.smd-led.pl\/blog\/wp-content\/uploads\/2026\/02\/cover-image-YYYY-02-Feb-4-2026-1-w4q8PEIOVh9M69I_qC6A3Xfs8HQUgIP.webp 1200w\" sizes=\"auto, (max-width: 1024px) 100vw, 1024px\" \/><\/div><\/a><a href=\"https:\/\/www.smd-led.pl\/blog\/profil-led-do-szpachlowania-montaz-kompletny-przewodnik\/\" class=\"cat-slider-02__link\"><div class=\"cat-slider-02__heading-box\"><p class=\"cat-slider-02__post-title\">Profil LED do szpachlowania monta\u017c \u2013 kompletny przewodnik<\/p><p>Profil LED do szpachlowania monta\u017c to proces instalacji architektonicznych rozwi\u0105za\u0144 o\u015bwietleniowych, kt\u00f3ry pozwala uzyska\u0107 efekt [&hellip;]<\/p>\n<\/div><\/a><\/div><div class=\"cat-slider-02__slide\"><a href=\"https:\/\/www.smd-led.pl\/blog\/profil-led-do-plytek-montaz-kompletny-przewodnik\/\" class=\"cat-slider-02__link\"><div class=\"cat-slider-02__img-box\"><img loading=\"lazy\" decoding=\"async\" width=\"1024\" height=\"559\" src=\"https:\/\/www.smd-led.pl\/blog\/wp-content\/uploads\/2026\/02\/cover-image-YYYY-02-Feb-2-2026-1O6___F-FJwRWRRmHQrPptRhneHB-g2jq-1024x559.webp\" class=\"cat-slider-02__img wp-post-image\" alt=\"\" srcset=\"https:\/\/www.smd-led.pl\/blog\/wp-content\/uploads\/2026\/02\/cover-image-YYYY-02-Feb-2-2026-1O6___F-FJwRWRRmHQrPptRhneHB-g2jq-1024x559.webp 1024w, https:\/\/www.smd-led.pl\/blog\/wp-content\/uploads\/2026\/02\/cover-image-YYYY-02-Feb-2-2026-1O6___F-FJwRWRRmHQrPptRhneHB-g2jq-300x164.webp 300w, https:\/\/www.smd-led.pl\/blog\/wp-content\/uploads\/2026\/02\/cover-image-YYYY-02-Feb-2-2026-1O6___F-FJwRWRRmHQrPptRhneHB-g2jq-768x419.webp 768w, https:\/\/www.smd-led.pl\/blog\/wp-content\/uploads\/2026\/02\/cover-image-YYYY-02-Feb-2-2026-1O6___F-FJwRWRRmHQrPptRhneHB-g2jq.webp 1200w\" sizes=\"auto, (max-width: 1024px) 100vw, 1024px\" \/><\/div><\/a><a href=\"https:\/\/www.smd-led.pl\/blog\/profil-led-do-plytek-montaz-kompletny-przewodnik\/\" class=\"cat-slider-02__link\"><div class=\"cat-slider-02__heading-box\"><p class=\"cat-slider-02__post-title\">Profil LED do p\u0142ytek monta\u017c \u2013 kompletny przewodnik<\/p><p>Profil LED do p\u0142ytek monta\u017c \u2013 kompletny przewodnik to specjalistyczny proces integracji o\u015bwietlenia z powierzchni\u0105 [&hellip;]<\/p>\n<\/div><\/a><\/div><div class=\"cat-slider-02__slide\"><a href=\"https:\/\/www.smd-led.pl\/blog\/jak-podlaczyc-zasilacz-na-szyne-din\/\" class=\"cat-slider-02__link\"><div class=\"cat-slider-02__img-box\"><img loading=\"lazy\" decoding=\"async\" width=\"1024\" height=\"682\" src=\"https:\/\/www.smd-led.pl\/blog\/wp-content\/uploads\/2025\/02\/Jak-podlaczyc-zasilacz-Din-do-szyny-1024x682.png\" class=\"cat-slider-02__img wp-post-image\" alt=\"Jak-podlaczyc-zasilacz-Din-do-szyny\" srcset=\"https:\/\/www.smd-led.pl\/blog\/wp-content\/uploads\/2025\/02\/Jak-podlaczyc-zasilacz-Din-do-szyny-1024x682.png 1024w, https:\/\/www.smd-led.pl\/blog\/wp-content\/uploads\/2025\/02\/Jak-podlaczyc-zasilacz-Din-do-szyny-300x200.png 300w, https:\/\/www.smd-led.pl\/blog\/wp-content\/uploads\/2025\/02\/Jak-podlaczyc-zasilacz-Din-do-szyny-768x512.png 768w, https:\/\/www.smd-led.pl\/blog\/wp-content\/uploads\/2025\/02\/Jak-podlaczyc-zasilacz-Din-do-szyny-1536x1024.png 1536w, https:\/\/www.smd-led.pl\/blog\/wp-content\/uploads\/2025\/02\/Jak-podlaczyc-zasilacz-Din-do-szyny.png 1880w\" sizes=\"auto, (max-width: 1024px) 100vw, 1024px\" \/><\/div><\/a><a href=\"https:\/\/www.smd-led.pl\/blog\/jak-podlaczyc-zasilacz-na-szyne-din\/\" class=\"cat-slider-02__link\"><div class=\"cat-slider-02__heading-box\"><p class=\"cat-slider-02__post-title\">Jak pod\u0142\u0105czy\u0107 zasilacz na szyn\u0119 DIN<\/p><p>Pod\u0142\u0105czanie zasilacza montowanego na szynie DIN to kluczowy etap w realizacji wielu projekt\u00f3w elektrycznych \u2013 [&hellip;]<\/p>\n<\/div><\/a><\/div><div class=\"cat-slider-02__slide\"><a href=\"https:\/\/www.smd-led.pl\/blog\/oswietlenie-klatek-schodowych-w-blokach\/\" class=\"cat-slider-02__link\"><div class=\"cat-slider-02__img-box\"><img loading=\"lazy\" decoding=\"async\" width=\"1024\" height=\"819\" src=\"https:\/\/www.smd-led.pl\/blog\/wp-content\/uploads\/2023\/12\/Jaki-plafon-LED-jako-oswietlenie-klatki-schodowej-w-bloku-1024x819.png\" class=\"cat-slider-02__img wp-post-image\" alt=\"Jaki plafon LED jako o\u015bwietlenie klatki schodowej w bloku\" srcset=\"https:\/\/www.smd-led.pl\/blog\/wp-content\/uploads\/2023\/12\/Jaki-plafon-LED-jako-oswietlenie-klatki-schodowej-w-bloku-1024x819.png 1024w, https:\/\/www.smd-led.pl\/blog\/wp-content\/uploads\/2023\/12\/Jaki-plafon-LED-jako-oswietlenie-klatki-schodowej-w-bloku-300x240.png 300w, https:\/\/www.smd-led.pl\/blog\/wp-content\/uploads\/2023\/12\/Jaki-plafon-LED-jako-oswietlenie-klatki-schodowej-w-bloku-768x614.png 768w, https:\/\/www.smd-led.pl\/blog\/wp-content\/uploads\/2023\/12\/Jaki-plafon-LED-jako-oswietlenie-klatki-schodowej-w-bloku-1536x1229.png 1536w, https:\/\/www.smd-led.pl\/blog\/wp-content\/uploads\/2023\/12\/Jaki-plafon-LED-jako-oswietlenie-klatki-schodowej-w-bloku.png 2000w\" sizes=\"auto, (max-width: 1024px) 100vw, 1024px\" \/><\/div><\/a><a href=\"https:\/\/www.smd-led.pl\/blog\/oswietlenie-klatek-schodowych-w-blokach\/\" class=\"cat-slider-02__link\"><div class=\"cat-slider-02__heading-box\"><p class=\"cat-slider-02__post-title\">O\u015bwietlenie klatek schodowych w blokach &#8211; oprawy LED z czujnikiem ruchu<\/p><p>O\u015bwietlenie klatek schodowych w blokach to kluczowy element, kt\u00f3ry wp\u0142ywa na bezpiecze\u0144stwo i komfort mieszka\u0144c\u00f3w. [&hellip;]<\/p>\n<\/div><\/a><\/div><div class=\"cat-slider-02__slide\"><a href=\"https:\/\/www.smd-led.pl\/blog\/montaz-tasmy-led-na-scianie\/\" class=\"cat-slider-02__link\"><div class=\"cat-slider-02__img-box\"><img loading=\"lazy\" decoding=\"async\" width=\"1024\" height=\"768\" src=\"https:\/\/www.smd-led.pl\/blog\/wp-content\/uploads\/2023\/04\/Profil-LED-P18-2_inspiracja-1024x768.jpg\" class=\"cat-slider-02__img wp-post-image\" alt=\"Profil LED P18-2_inspiracja\" srcset=\"https:\/\/www.smd-led.pl\/blog\/wp-content\/uploads\/2023\/04\/Profil-LED-P18-2_inspiracja-1024x768.jpg 1024w, https:\/\/www.smd-led.pl\/blog\/wp-content\/uploads\/2023\/04\/Profil-LED-P18-2_inspiracja-300x225.jpg 300w, https:\/\/www.smd-led.pl\/blog\/wp-content\/uploads\/2023\/04\/Profil-LED-P18-2_inspiracja-768x576.jpg 768w, https:\/\/www.smd-led.pl\/blog\/wp-content\/uploads\/2023\/04\/Profil-LED-P18-2_inspiracja-1536x1152.jpg 1536w, https:\/\/www.smd-led.pl\/blog\/wp-content\/uploads\/2023\/04\/Profil-LED-P18-2_inspiracja.jpg 1600w\" sizes=\"auto, (max-width: 1024px) 100vw, 1024px\" \/><\/div><\/a><a href=\"https:\/\/www.smd-led.pl\/blog\/montaz-tasmy-led-na-scianie\/\" class=\"cat-slider-02__link\"><div class=\"cat-slider-02__heading-box\"><p class=\"cat-slider-02__post-title\">Monta\u017c ta\u015bmy Led na \u015bcianie<\/p><p>Jak zrobi\u0107 prawid\u0142owo Monta\u017c ta\u015bmy Led na \u015bcianie? aby monta\u017c ta\u015bmy, by\u0142 zgodny z trendami [&hellip;]<\/p>\n<\/div><\/a><\/div><div class=\"cat-slider-02__slide\"><a href=\"https:\/\/www.smd-led.pl\/blog\/jak-zrobic-sufit-podwieszany-led-5-sposobow\/\" class=\"cat-slider-02__link\"><div class=\"cat-slider-02__img-box\"><img loading=\"lazy\" decoding=\"async\" width=\"1024\" height=\"768\" src=\"https:\/\/www.smd-led.pl\/blog\/wp-content\/uploads\/2023\/04\/Jak-zrobic-sufit-podwieszany-LED-5-sposobow-2-1024x768.jpg\" class=\"cat-slider-02__img wp-post-image\" alt=\"Jak zrobi\u0107 sufit podwieszany LED -5 sposob\u00f3w (2)\" srcset=\"https:\/\/www.smd-led.pl\/blog\/wp-content\/uploads\/2023\/04\/Jak-zrobic-sufit-podwieszany-LED-5-sposobow-2-1024x768.jpg 1024w, https:\/\/www.smd-led.pl\/blog\/wp-content\/uploads\/2023\/04\/Jak-zrobic-sufit-podwieszany-LED-5-sposobow-2-300x225.jpg 300w, https:\/\/www.smd-led.pl\/blog\/wp-content\/uploads\/2023\/04\/Jak-zrobic-sufit-podwieszany-LED-5-sposobow-2-768x576.jpg 768w, https:\/\/www.smd-led.pl\/blog\/wp-content\/uploads\/2023\/04\/Jak-zrobic-sufit-podwieszany-LED-5-sposobow-2-1536x1152.jpg 1536w, https:\/\/www.smd-led.pl\/blog\/wp-content\/uploads\/2023\/04\/Jak-zrobic-sufit-podwieszany-LED-5-sposobow-2.jpg 1600w\" sizes=\"auto, (max-width: 1024px) 100vw, 1024px\" \/><\/div><\/a><a href=\"https:\/\/www.smd-led.pl\/blog\/jak-zrobic-sufit-podwieszany-led-5-sposobow\/\" class=\"cat-slider-02__link\"><div class=\"cat-slider-02__heading-box\"><p class=\"cat-slider-02__post-title\">Jak zrobi\u0107 sufit podwieszany LED &#8211; 5 sposob\u00f3w<\/p><p>Sufit podwieszany LED to nie tylko stylowe i nowoczesne rozwi\u0105zanie, ale tak\u017ce praktyczne podej\u015bcie do [&hellip;]<\/p>\n<\/div><\/a><\/div><div class=\"cat-slider-02__slide\"><a href=\"https:\/\/www.smd-led.pl\/blog\/oswietlenie-blatu-kuchennego-10-sposobow-o-ktorych-musisz-wiedziec\/\" class=\"cat-slider-02__link\"><div class=\"cat-slider-02__img-box\"><img loading=\"lazy\" decoding=\"async\" width=\"1024\" height=\"512\" src=\"https:\/\/www.smd-led.pl\/blog\/wp-content\/uploads\/2018\/10\/oswietlenie-kuchni.jpg\" class=\"cat-slider-02__img wp-post-image\" alt=\"O\u015bwietlenie blatu kuchennego - 10 sposob\u00f3w o kt\u00f3rych musisz wiedzie\u0107\" \/><\/div><\/a><a href=\"https:\/\/www.smd-led.pl\/blog\/oswietlenie-blatu-kuchennego-10-sposobow-o-ktorych-musisz-wiedziec\/\" class=\"cat-slider-02__link\"><div class=\"cat-slider-02__heading-box\"><p class=\"cat-slider-02__post-title\">O\u015bwietlenie blatu kuchennego &#8211; 10 sposob\u00f3w o kt\u00f3rych musisz wiedzie\u0107<\/p><p>Ka\u017cda kuchnia potrzebuje dodatkowego o\u015bwietlenia. Najcz\u0119\u015bciej wybieranym miejscem w kuchni, kt\u00f3re do\u015bwietlamy to blaty. To [&hellip;]<\/p>\n<\/div><\/a><\/div><div class=\"cat-slider-02__slide\"><a href=\"https:\/\/www.smd-led.pl\/blog\/dlaczego-halogen-led-sie-zarzy\/\" class=\"cat-slider-02__link\"><div class=\"cat-slider-02__img-box\"><img loading=\"lazy\" decoding=\"async\" width=\"1024\" height=\"644\" src=\"https:\/\/www.smd-led.pl\/blog\/wp-content\/uploads\/2022\/09\/Dlaczego-halogen-LED-sie-zarzy.jpeg\" class=\"cat-slider-02__img wp-post-image\" alt=\"Dlaczego halogen LED si\u0119 \u017carzy?\" \/><\/div><\/a><a href=\"https:\/\/www.smd-led.pl\/blog\/dlaczego-halogen-led-sie-zarzy\/\" class=\"cat-slider-02__link\"><div class=\"cat-slider-02__heading-box\"><p class=\"cat-slider-02__post-title\">Dlaczego halogen LED si\u0119 \u017carzy?<\/p><p>Powod\u00f3w \u017carzenia si\u0119 halogen\u00f3w mo\u017ce by\u0107 kilka. W 2022 roku zwracamy uwag\u0119 na ka\u017cdy szczeg\u00f3\u0142, [&hellip;]<\/p>\n<\/div><\/a><\/div><div class=\"cat-slider-02__slide\"><a href=\"https:\/\/www.smd-led.pl\/blog\/jak-podlaczyc-zyrandol-poradnik\/\" class=\"cat-slider-02__link\"><div class=\"cat-slider-02__img-box\"><img loading=\"lazy\" decoding=\"async\" width=\"870\" height=\"870\" src=\"https:\/\/www.smd-led.pl\/blog\/wp-content\/uploads\/2020\/12\/zyrandol-diy.jpg\" class=\"cat-slider-02__img wp-post-image\" alt=\"Jak pod\u0142\u0105czy\u0107 \u017cyrandol - poradnik\" \/><\/div><\/a><a href=\"https:\/\/www.smd-led.pl\/blog\/jak-podlaczyc-zyrandol-poradnik\/\" class=\"cat-slider-02__link\"><div class=\"cat-slider-02__heading-box\"><p class=\"cat-slider-02__post-title\">Jak pod\u0142\u0105czy\u0107 \u017cyrandol &#8211; poradnik<\/p><p>Chcia\u0142by\u015b zmieni\u0107 rodzaj o\u015bwietlenia w swoim pomieszczeniu, ale nie wiesz jak pod\u0142\u0105czy\u0107 \u017cyrandol?\u00a0Pod\u0142\u0105czenie lampy\u00a0wydaje si\u0119 [&hellip;]<\/p>\n<\/div><\/a><\/div><div class=\"cat-slider-02__slide\"><a href=\"https:\/\/www.smd-led.pl\/blog\/montaz-opraw-oswietleniowych-jak-to-zrobic\/\" class=\"cat-slider-02__link\"><div class=\"cat-slider-02__img-box\"><img loading=\"lazy\" decoding=\"async\" width=\"1024\" height=\"683\" src=\"https:\/\/www.smd-led.pl\/blog\/wp-content\/uploads\/2019\/01\/Halogeny-w-suficie.jpg\" class=\"cat-slider-02__img wp-post-image\" alt=\"Monta\u017c opraw o\u015bwietleniowych - jak to zrobi\u0107?\" \/><\/div><\/a><a href=\"https:\/\/www.smd-led.pl\/blog\/montaz-opraw-oswietleniowych-jak-to-zrobic\/\" class=\"cat-slider-02__link\"><div class=\"cat-slider-02__heading-box\"><p class=\"cat-slider-02__post-title\">Monta\u017c opraw o\u015bwietleniowych &#8211; jak to zrobi\u0107?<\/p><p>Halogeny sufitowe\u00a0to chyba najcz\u0119\u015bciej wykorzystywane \u017ar\u00f3d\u0142a \u015bwiat\u0142a w o\u015bwietleniu sufitowym, a tak\u017ce meblowym. Wielu z [&hellip;]<\/p>\n<\/div><\/a><\/div><div class=\"cat-slider-02__slide\"><a href=\"https:\/\/www.smd-led.pl\/blog\/montaz-plafonu-jak-zamontowac-plafon-led\/\" class=\"cat-slider-02__link\"><div class=\"cat-slider-02__img-box\"><img loading=\"lazy\" decoding=\"async\" width=\"1024\" height=\"683\" src=\"https:\/\/www.smd-led.pl\/blog\/wp-content\/uploads\/2022\/08\/Plafon-LED-kwadraowy-montaz.jpg\" class=\"cat-slider-02__img wp-post-image\" alt=\"Monta\u017c plafonu - jak zamontowa\u0107 plafon LED?\" \/><\/div><\/a><a href=\"https:\/\/www.smd-led.pl\/blog\/montaz-plafonu-jak-zamontowac-plafon-led\/\" class=\"cat-slider-02__link\"><div class=\"cat-slider-02__heading-box\"><p class=\"cat-slider-02__post-title\">Monta\u017c plafonu &#8211; jak zamontowa\u0107 plafon LED?<\/p><p>Plafony ledowe to jedne z najmodniejszych i najcz\u0119\u015bciej wybieranych opraw o\u015bwietleniowych w ostatnich latach. Ich [&hellip;]<\/p>\n<\/div><\/a><\/div><div class=\"cat-slider-02__slide\"><a href=\"https:\/\/www.smd-led.pl\/blog\/panele-led-montaz-podtynkowy\/\" class=\"cat-slider-02__link\"><div class=\"cat-slider-02__img-box\"><img loading=\"lazy\" decoding=\"async\" width=\"800\" height=\"533\" src=\"https:\/\/www.smd-led.pl\/blog\/wp-content\/uploads\/2022\/08\/MG_7776.jpg\" class=\"cat-slider-02__img wp-post-image\" alt=\"Panele LED monta\u017c podtynkowy\" \/><\/div><\/a><a href=\"https:\/\/www.smd-led.pl\/blog\/panele-led-montaz-podtynkowy\/\" class=\"cat-slider-02__link\"><div class=\"cat-slider-02__heading-box\"><p class=\"cat-slider-02__post-title\">Panele LED monta\u017c podtynkowy<\/p><p>Panele LED monta\u017c podtynkowy &#8211; na czym polega? Je\u015bli chcemy zamocowa\u0107 panel LED podtynkowy nale\u017cy [&hellip;]<\/p>\n<\/div><\/a><\/div><div class=\"cat-slider-02__slide\"><a href=\"https:\/\/www.smd-led.pl\/blog\/panele-led-zwieszane-montaz-na-linkach\/\" class=\"cat-slider-02__link\"><div class=\"cat-slider-02__img-box\"><img loading=\"lazy\" decoding=\"async\" width=\"1000\" height=\"667\" src=\"https:\/\/www.smd-led.pl\/blog\/wp-content\/uploads\/2022\/08\/MG_7767-1.jpg\" class=\"cat-slider-02__img wp-post-image\" alt=\"Panele LED zwieszane - monta\u017c na linkach\" \/><\/div><\/a><a href=\"https:\/\/www.smd-led.pl\/blog\/panele-led-zwieszane-montaz-na-linkach\/\" class=\"cat-slider-02__link\"><div class=\"cat-slider-02__heading-box\"><p class=\"cat-slider-02__post-title\">Panele LED zwieszane &#8211; monta\u017c lampy na linkach<\/p><p>Panele LED zwieszane &#8211; monta\u017c lampy na linkach to jeden ciekawszych sposob\u00f3w na zamontowanie o\u015bwietlenia [&hellip;]<\/p>\n<\/div><\/a><\/div><div class=\"cat-slider-02__slide\"><a href=\"https:\/\/www.smd-led.pl\/blog\/jaki-otwor-pod-halogeny-sufitowe\/\" class=\"cat-slider-02__link\"><div class=\"cat-slider-02__img-box\"><img loading=\"lazy\" decoding=\"async\" width=\"1000\" height=\"666\" src=\"https:\/\/www.smd-led.pl\/blog\/wp-content\/uploads\/2022\/08\/Jak-wyciagnac-halogen-z-sufitu.jpg\" class=\"cat-slider-02__img wp-post-image\" alt=\"Z czego sk\u0142ada si\u0119 oprawa o\u015bwietleniowa?\" \/><\/div><\/a><a href=\"https:\/\/www.smd-led.pl\/blog\/jaki-otwor-pod-halogeny-sufitowe\/\" class=\"cat-slider-02__link\"><div class=\"cat-slider-02__heading-box\"><p class=\"cat-slider-02__post-title\">Jaki otw\u00f3r pod halogeny sufitowe?<\/p><p>Oprawy halogenowe\u00a0to obecnie bardzo ch\u0119tnie wykorzystywany rodzaj o\u015bwietlenie r\u00f3\u017cnych wn\u0119trz. Mo\u017cemy je spotka\u0107 zar\u00f3wno w [&hellip;]<\/p>\n<\/div><\/a><\/div><div class=\"cat-slider-02__slide\"><a href=\"https:\/\/www.smd-led.pl\/blog\/ledy-w-samochodzie-instalacja\/\" class=\"cat-slider-02__link\"><div class=\"cat-slider-02__img-box\"><img loading=\"lazy\" decoding=\"async\" width=\"1000\" height=\"660\" src=\"https:\/\/www.smd-led.pl\/blog\/wp-content\/uploads\/2022\/07\/Ledy-w-samochodzie-instalacja.jpg\" class=\"cat-slider-02__img wp-post-image\" alt=\"Ledy w samochodzie - instalacja\" \/><\/div><\/a><a href=\"https:\/\/www.smd-led.pl\/blog\/ledy-w-samochodzie-instalacja\/\" class=\"cat-slider-02__link\"><div class=\"cat-slider-02__heading-box\"><p class=\"cat-slider-02__post-title\">LED w samochodzie &#8211; instalacja<\/p><p>Ledy w samochodzie &#8211; instalacja ich jest uzale\u017cniona od przepis\u00f3w jakie obowi\u0105zuj\u0105 w do\u015bwietlaniu dodatkowym [&hellip;]<\/p>\n<\/div><\/a><\/div><\/div><\/div><\/div><\/div>\n<h2>Czego potrzebujemy do zamontowania plafonu Led podtynkowego?<\/h2>\n<p><strong>Do zamontowania plafonu Led\u00a0w p\u0142ycie OSB lub karton gipsie potrzebujemy:<\/strong><\/p>\n<ul>\n<li>o\u0142\u00f3wek<\/li>\n<li>miark\u0119<\/li>\n<li>k\u0105townik<\/li>\n<li>\u015brubokr\u0119t<\/li>\n<li>wkr\u0119tarka<\/li>\n<li>wiert\u0142o<\/li>\n<li>wyrzynarka lub opcjonalnie no\u017cyk do p\u0142yt z karton gipsu<\/li>\n<\/ul>\n<div id=\"attachment_7862\" style=\"width: 810px\" class=\"wp-caption aligncenter\"><img loading=\"lazy\" decoding=\"async\" aria-describedby=\"caption-attachment-7862\" class=\"size-full wp-image-7862\" src=\"https:\/\/www.smd-led.pl\/blog\/wp-content\/uploads\/2022\/08\/MG_7776-1.jpg\" alt=\"Czego potrzebujemy do zamontowania plafonu Led podtynkowego?\" width=\"800\" height=\"533\" \/><p id=\"caption-attachment-7862\" class=\"wp-caption-text\">Czego potrzebujemy do zamontowania plafonu Led podtynkowego?<\/p><\/div>\n<h2>Spos\u00f3b monta\u017cu plafonu Led podtynkowego &#8211; krok po kroku<\/h2>\n<p>Kiedy skompletujesz niezb\u0119dne rzeczy, czas zabra\u0107 si\u0119 do pracy. Pami\u0119taj, aby si\u0119 nie \u015bpieszy\u0107 i lepiej dwa razy wszystko sprawdzi\u0107 ni\u017c wyci\u0105\u0107 za du\u017co lub za ma\u0142o. Dobry humor to tez postawa i troch\u0119 ch\u0119ci te\u017c si\u0119 przyda. <strong>Oto spos\u00f3b monta\u017cu plafonu LED podtynkowego krok po kroku:<\/strong><\/p>\n<p>Wymierz dok\u0142adnie z ka\u017cdej strony ty\u0142 plafonu\u00a0pami\u0119taj\u0105c o spr\u0119\u017cynach mocuj\u0105cych. Sprawd\u017a dok\u0142adnie wymiary, je\u017celi\u00a0planujesz monta\u017c wi\u0119cej ni\u017c jednego plafonu warto\u00a0zrobi\u0107 szablon otworu monta\u017cowego z kartonu.<\/p>\n<div id=\"attachment_7956\" style=\"width: 1510px\" class=\"wp-caption aligncenter\"><img loading=\"lazy\" decoding=\"async\" aria-describedby=\"caption-attachment-7956\" class=\"size-full wp-image-7956\" src=\"https:\/\/www.smd-led.pl\/blog\/wp-content\/uploads\/2022\/08\/Plafon-LED-kwadraowy-montaz.jpg\" alt=\"Spos\u00f3b monta\u017cu plafonu Led podtynkowego - krok po kroku\" width=\"1500\" height=\"1000\" \/><p id=\"caption-attachment-7956\" class=\"wp-caption-text\">Monta\u017c plafonu Led podtynkowego &#8211; dokonywanie pomiaru<\/p><\/div>\n<p>Nanie\u015b dok\u0142adnie na \u015bcian\u0119, sufit czy inn\u0105 powierzchni\u0119, wcze\u015bniej zebrane wymiary. Sprawd\u017a ponownie i upewnij si\u0119, i\u017c to co nanios\u0142e\u015b na \u015bcian\u0119 zgadza si\u0119 z wymiarami twojego plafonu.<\/p>\n<div id=\"attachment_7957\" style=\"width: 1510px\" class=\"wp-caption aligncenter\"><img loading=\"lazy\" decoding=\"async\" aria-describedby=\"caption-attachment-7957\" class=\"size-full wp-image-7957\" src=\"https:\/\/www.smd-led.pl\/blog\/wp-content\/uploads\/2022\/08\/Plafon-LED-kwadraowy-montaz-2.jpg\" alt=\"Spos\u00f3b monta\u017cu plafonu Led podtynkowego - krok po kroku\" width=\"1500\" height=\"1000\" \/><p id=\"caption-attachment-7957\" class=\"wp-caption-text\">Monta\u017c plafonu Led podtynkowego &#8211; nanoszenie wymiar\u00f3w<\/p><\/div>\n<p>Kiedy przeniesiesz wymiary na sufit czy te\u017c \u015bcian\u0119 i upewnisz si\u0119, \u017ce to w\u0142a\u015bnie w tym miejscu ma zosta\u0107 umieszczony tw\u00f3j plafon, mo\u017cesz przyst\u0105pi\u0107 do wycinania otworu.<\/p>\n<p>Aby u\u0142atwi\u0107 sobie wprowadzenie wyrzynarki, wywier\u0107 w pod\u0142o\u017cu niewielki otw\u00f3r za pomoc\u0105 wiertarki.<\/p>\n<div id=\"attachment_7958\" style=\"width: 1510px\" class=\"wp-caption aligncenter\"><img loading=\"lazy\" decoding=\"async\" aria-describedby=\"caption-attachment-7958\" class=\"size-full wp-image-7958\" src=\"https:\/\/www.smd-led.pl\/blog\/wp-content\/uploads\/2022\/08\/Plafon-LED-kwadraowy-montaz-4.jpg\" alt=\"Spos\u00f3b monta\u017cu plafonu Led podtynkowego - krok po kroku\" width=\"1500\" height=\"1000\" \/><p id=\"caption-attachment-7958\" class=\"wp-caption-text\">Monta\u017c plafonu Led podtynkowego &#8211; wycinanie otworu<\/p><\/div>\n<p>Wybierz do wycinania n\u00f3\u017c z drobnymi z\u0105bkami, by powierzchnia wycinana by\u0142a odpowiednio g\u0142adka.<\/p>\n<div id=\"attachment_7959\" style=\"width: 1510px\" class=\"wp-caption aligncenter\"><img loading=\"lazy\" decoding=\"async\" aria-describedby=\"caption-attachment-7959\" class=\"size-full wp-image-7959\" src=\"https:\/\/www.smd-led.pl\/blog\/wp-content\/uploads\/2022\/08\/Plafon-LED-kwadraowy-montaz-5.jpg\" alt=\"Spos\u00f3b monta\u017cu plafonu Led podtynkowego - krok po kroku\" width=\"1500\" height=\"1000\" \/><p id=\"caption-attachment-7959\" class=\"wp-caption-text\">Monta\u017c plafonu Led podtynkowego &#8211; wycinanie otworu<\/p><\/div>\n<p>Po wyci\u0119ciu otworu, najtrudniejsz\u0105 cz\u0119\u015b\u0107 masz ju\u017c za sob\u0105. Teraz wystarczy jedynie \u015brubokr\u0119t kostka i odrobina rozwagi. Przy pod\u0142\u0105czeniu pami\u0119taj o tym, i\u017c plafon zasilany jest napi\u0119ciem 230V i aby pod\u0142\u0105czy\u0107 go do kostki\u00a0<strong>nale\u017cy bezwzgl\u0119dnie wy\u0142\u0105czy\u0107 zasilanie,<\/strong> by nie dopu\u015bci\u0107 do pora\u017cenia pr\u0105dem.<\/p>\n<div id=\"attachment_7960\" style=\"width: 1510px\" class=\"wp-caption aligncenter\"><img loading=\"lazy\" decoding=\"async\" aria-describedby=\"caption-attachment-7960\" class=\"size-full wp-image-7960\" src=\"https:\/\/www.smd-led.pl\/blog\/wp-content\/uploads\/2022\/08\/Plafon-LED-kwadraowy-montaz-7.jpg\" alt=\"Spos\u00f3b monta\u017cu plafonu Led podtynkowego - krok po kroku\" width=\"1500\" height=\"1000\" \/><p id=\"caption-attachment-7960\" class=\"wp-caption-text\">Monta\u017c plafonu Led podtynkowego &#8211; monta\u017c kostki<\/p><\/div>\n<p>Jedyne co\u00a0teraz musisz zrobi\u0107 to\u00a0<strong>wprowadzi\u0107 przew\u00f3d zasilaj\u0105cy AC do kostki.\u00a0\u00a0<\/strong>Upewnij si\u0119, \u017ce wszystkie kabelki s\u0105 odpowiednio umocowane i po\u0142\u0105czone z kostk\u0105.<\/p>\n<div id=\"attachment_7961\" style=\"width: 1510px\" class=\"wp-caption aligncenter\"><img loading=\"lazy\" decoding=\"async\" aria-describedby=\"caption-attachment-7961\" class=\"size-full wp-image-7961\" src=\"https:\/\/www.smd-led.pl\/blog\/wp-content\/uploads\/2022\/08\/Plafon-LED-kwadraowy-montaz-8.jpg\" alt=\"Spos\u00f3b monta\u017cu plafonu Led podtynkowego - krok po kroku\" width=\"1500\" height=\"1000\" \/><p id=\"caption-attachment-7961\" class=\"wp-caption-text\">Monta\u017c plafonu Led podtynkowego &#8211; wprowadzanie przewodu<\/p><\/div>\n<p>W komplecie z plafonem otrzymujesz sterownik Led, kt\u00f3ry\u00a0\u0142\u0105czymy z drugiej strony z nasz\u0105 kostk\u0105. Schemat post\u0119powania w tym przypadku jest analogiczny z pod\u0142\u0105czaniem jej do przewodu. Sprawdzamy czy kabelki s\u0105 poprawnie i mocno umocowane.<\/p>\n<div id=\"attachment_7962\" style=\"width: 1510px\" class=\"wp-caption aligncenter\"><img loading=\"lazy\" decoding=\"async\" aria-describedby=\"caption-attachment-7962\" class=\"size-full wp-image-7962\" src=\"https:\/\/www.smd-led.pl\/blog\/wp-content\/uploads\/2022\/08\/Plafon-LED-kwadraowy-montaz-9.jpg\" alt=\"Spos\u00f3b monta\u017cu plafonu Led podtynkowego - krok po kroku\" width=\"1500\" height=\"1000\" \/><p id=\"caption-attachment-7962\" class=\"wp-caption-text\">Monta\u017c plafonu Led podtynkowego &#8211; \u0142\u0105czenie ze sterownikiem<\/p><\/div>\n<p>Teraz pozostaje nam naj\u0142atwiejsza cz\u0119\u015b\u0107 zadania. Do sterownika pod\u0142\u0105czamy plafon i gotowe. Panel jest ju\u017c pod\u0142\u0105czony do zasilania wi\u0119c pozostaje nam umiejscowi\u0107 go w otworze monta\u017cowym.<\/p>\n<div id=\"attachment_7963\" style=\"width: 1510px\" class=\"wp-caption aligncenter\"><img loading=\"lazy\" decoding=\"async\" aria-describedby=\"caption-attachment-7963\" class=\"size-full wp-image-7963\" src=\"https:\/\/www.smd-led.pl\/blog\/wp-content\/uploads\/2022\/08\/Plafon-LED-kwadraowy-montaz-10.jpg\" alt=\"Spos\u00f3b monta\u017cu plafonu Led podtynkowego - krok po kroku\" width=\"1500\" height=\"1000\" \/><p id=\"caption-attachment-7963\" class=\"wp-caption-text\">Monta\u017c plafonu Led podtynkowego &#8211; umieszczanie plafonu w otworze<\/p><\/div>\n<p>Unie\u015b uchwyty spr\u0119\u017cynuj\u0105ce i powoli umie\u015b\u0107 plafon w otworze monta\u017cowym. Sprawd\u017a czy plafon mocno siedzi na swoim miejscu. Gotowe.<\/p>\n<div id=\"attachment_7964\" style=\"width: 1510px\" class=\"wp-caption aligncenter\"><img loading=\"lazy\" decoding=\"async\" aria-describedby=\"caption-attachment-7964\" class=\"size-full wp-image-7964\" src=\"https:\/\/www.smd-led.pl\/blog\/wp-content\/uploads\/2022\/08\/Plafon-LED-kwadraowy-montaz-12.jpg\" alt=\"Spos\u00f3b monta\u017cu plafonu Led podtynkowego - krok po kroku\" width=\"1500\" height=\"1000\" \/><p id=\"caption-attachment-7964\" class=\"wp-caption-text\">Spos\u00f3b monta\u017cu plafonu Led podtynkowego &#8211; efekt ko\u0144cowy<\/p><\/div>\n<p>Czy\u017c to nie banalnie proste? Oczywi\u015bcie, \u017ce tak. Je\u015bli kiedykolwiek postanowisz zmieni\u0107 plafon na inny lub z niego zrezygnowa\u0107, demonta\u017c plafonu jest r\u00f3wnie prosty co jego monta\u017c. Na pocz\u0105tek oczywi\u015bcie od\u0142\u0105cz zasilanie. Aby wyj\u0105\u0107 plafon wystarczy podwa\u017cy\u0107 lekko obudow\u0119, \u017ceby spr\u0119\u017cynki pu\u015bci\u0142y brzeg otworu monta\u017cowego i delikatnie wysun\u0105\u0107 go z otworu. Nast\u0119pnie od\u0142\u0105czamy zasilacz od plafonu. Za pomoc\u0105 \u015brubokr\u0119ta od\u0142\u0105czamy zasilacz od kostki i gotowe.<\/p>\n<p>Teraz ju\u017c doskonale wiesz\u00a0<strong>jak zamontowa\u0107 i wymontowa\u0107 plafon podtynkowy Led<\/strong>\u00a0i sam mo\u017cesz sta\u0107 si\u0119 prawdziwym ekspertem w tej dziedzinie.<\/p>\n<div class=\"call-to-action-03\"><div class=\"call-to-action-03__product-box\"><img decoding=\"async\" src=\"https:\/\/www.smd-led.pl\/blog\/wp-content\/uploads\/2023\/12\/plafon-malta-r-30-4000k-bk-az4244.webp\" alt=\"plafon-malta-r-30-4000k-bk-az4244\" \/><span class=\"call-to-action-03__product-title\">PLAFON MALTA R 30 4000K<\/span><a href=\"https:\/\/www.smd-led.pl\/plafon-czarny\" class=\"button\" id=\"Plafony_do_przedpokoju\" target=\"_self\">Zobacz produkt<\/a><\/div><div class=\"call-to-action-03__product-box\"><img decoding=\"async\" src=\"https:\/\/www.smd-led.pl\/blog\/wp-content\/uploads\/2023\/12\/lampa-sufitowa-okragla-szara-sovana-top-45-smart-gr-az3441.webp\" alt=\"lampa-sufitowa-okragla-szara-sovana-top-45-smart-gr-az3441\" \/><span class=\"call-to-action-03__product-title\">LAMPA SUFITOWA OKR\u0104G\u0141A SZARA SOVANA<\/span><a href=\"https:\/\/www.smd-led.pl\/plafon-okragly\" class=\"button\" id=\"Plafony_do_przedpokoju\" target=\"_self\">Zobacz produkt<\/a><\/div><div class=\"call-to-action-03__product-box\"><img decoding=\"async\" src=\"https:\/\/www.smd-led.pl\/blog\/wp-content\/uploads\/2023\/12\/lampa-sufitowa-k-8105-z-serii-corina.webp\" alt=\"lampa-sufitowa-k-8105-z-serii-corina\" \/><span class=\"call-to-action-03__product-title\">LAMPA SUFITOWA K-8105 Z SERII CORINA<\/span><a href=\"https:\/\/www.smd-led.pl\/plafon-led-natynkowy\" class=\"button\" id=\"Plafony_do_przedpokoju\" target=\"_self\">Zobacz produkt<\/a><\/div><div class=\"call-to-action-03__product-box\"><img decoding=\"async\" src=\"https:\/\/www.smd-led.pl\/blog\/wp-content\/uploads\/2023\/12\/plafon-monza-s-22-4000k-bk-20w.webp\" alt=\"plafon-monza-s-22-4000k-bk-20w\" \/><span class=\"call-to-action-03__product-title\">PLAFON MONZA S 22 4000K<\/span><a href=\"https:\/\/www.smd-led.pl\/plafon-kwadratowy\" class=\"button\" id=\"Plafony_do_przedpokoju\" target=\"_self\">Zobacz produkt<\/a><\/div><div class=\"call-to-action-03__product-box\"><img decoding=\"async\" src=\"https:\/\/www.smd-led.pl\/blog\/wp-content\/uploads\/2023\/12\/plafon-led-austin-48w-czarny-4000k-1.webp\" alt=\"plafon-led-austin-48w-czarny-4000k (1)\" \/><span class=\"call-to-action-03__product-title\">PLAFON LED AUSTIN 48W CZARNY 4000K<\/span><a href=\"https:\/\/www.smd-led.pl\/plafony-led\" class=\"button\" id=\"Plafony_do_przedpokoju\" target=\"_self\">Zobacz produkt<\/a><\/div><div class=\"call-to-action-03__product-box call-to-action-03__product-box--category\"><img decoding=\"async\" src=\"https:\/\/www.smd-led.pl\/blog\/wp-content\/uploads\/2023\/12\/plafon-salem-led-48w-4000k.jpg\" alt=\"plafon-salem-led-48w-4000k\" \/><div class=\"call-to-action-03__txt-box\"><p class=\"call-to-action-03__txt\">Zobacz wi\u0119cej z kategorii<\/p><span class=\"call-to-action-03__product-title\">Plafony do przedpokoju<\/span><\/div><a href=\"https:\/\/www.smd-led.pl\/plafony-do-przedpokoju\" class=\"button call-to-action-03__btn\" id=\"Plafony_do_przedpokoju\" target=\"_self\">Zobacz produkty<\/a><\/div><\/div>\n<h2 class=\"ql-align-center\">Monta\u017c plafonu Led natynkowego<\/h2>\n<p><strong>Jak wygl\u0105da monta\u017c plafonu LED natynkowego? Przed przyst\u0105pieniem do monta\u017cu upewnij si\u0119, \u017ce zasilanie jest wy\u0142\u0105czone. Aby zamontowa\u0107 plafon natynkowy, b\u0119dziesz musia\u0142 wywierci\u0107 dziury w suficie, potrzebne b\u0119d\u0105 uchwyty monta\u017cowe i odpowiednie pod\u0142\u0105czenie przewod\u00f3w. <\/strong>Przed monta\u017cem przygotuj wszystkie niezb\u0119dne rzeczy, aby\u015b wszystko mia\u0142 ju\u017c pod r\u0119k\u0105.<\/p>\n<div id=\"attachment_7943\" style=\"width: 810px\" class=\"wp-caption aligncenter\"><img loading=\"lazy\" decoding=\"async\" aria-describedby=\"caption-attachment-7943\" class=\"size-full wp-image-7943\" src=\"https:\/\/www.smd-led.pl\/blog\/wp-content\/uploads\/2022\/08\/8.jpg\" alt=\"Monta\u017c plafonu Led natynkowego\" width=\"800\" height=\"800\" \/><p id=\"caption-attachment-7943\" class=\"wp-caption-text\">Monta\u017c plafonu Led natynkowego<\/p><\/div>\n<h2>Czego potrzebujemy do zamontowania plafonu Led natynkowego?<\/h2>\n<p>Czego b\u0119dziesz potrzebowa\u0107? Do zamontowania plafonu natynkowego przygotuj takie rzeczy jak:<\/p>\n<ul>\n<li>wkr\u0119tarka,<\/li>\n<li>wiert\u0142a,<\/li>\n<li>miarka,<\/li>\n<li>o\u0142\u00f3wek,<\/li>\n<li>kostka,<\/li>\n<li>prob\u00f3wka,<\/li>\n<li>i oczywi\u015bcie plafon Led<\/li>\n<\/ul>\n<div id=\"attachment_7784\" style=\"width: 810px\" class=\"wp-caption aligncenter\"><img loading=\"lazy\" decoding=\"async\" aria-describedby=\"caption-attachment-7784\" class=\"size-full wp-image-7784\" src=\"https:\/\/www.smd-led.pl\/blog\/wp-content\/uploads\/2019\/08\/MG_7824.jpg\" alt=\"Czego potrzebujemy do zamontowania plafonu Led natynkowego?\" width=\"800\" height=\"533\" \/><p id=\"caption-attachment-7784\" class=\"wp-caption-text\">Czego potrzebujemy do zamontowania plafonu Led natynkowego?<\/p><\/div>\n<h2>Spos\u00f3b monta\u017cu plafonu Led natynkowego &#8211; krok po kroku<\/h2>\n<p>Kiedy skompletujesz niezb\u0119dne rzeczy mo\u017cesz zabra\u0107 si\u0119 do pracy. Pami\u0119taj, \u017ce wszystkie czynno\u015bci wykonujemy z zachowaniem zasad BHP. <strong>Przedstawiamy spos\u00f3b monta\u017cu plafonu LED natynkowego krok po kroku:<\/strong><\/p>\n<p>Do pracy przyst\u0105p po uprzednim od\u0142\u0105czeniu \u017ar\u00f3d\u0142a pr\u0105du. W pierwszej kolejno\u015bci wymierz plafon i miejsce na \u015bcianie lub suficie, w kt\u00f3rym dokonasz monta\u017cu plafonu LED. Dobrze przemy\u015bl swoja decyzj\u0119, nie ma sensu wierci\u0107 dziur w \u015bcianie czy suficie i by\u0107 niezadowolonym z efektu.<\/p>\n<div id=\"attachment_7944\" style=\"width: 1510px\" class=\"wp-caption aligncenter\"><img loading=\"lazy\" decoding=\"async\" aria-describedby=\"caption-attachment-7944\" class=\"size-full wp-image-7944\" src=\"https:\/\/www.smd-led.pl\/blog\/wp-content\/uploads\/2022\/08\/Plafon-LED-natynkowy-Montaz-20.jpg\" alt=\"Spos\u00f3b monta\u017cu plafonu Led natynkowego - krok po kroku\" width=\"1500\" height=\"1000\" \/><p id=\"caption-attachment-7944\" class=\"wp-caption-text\">Monta\u017c plafonu Led natynkowego &#8211; wymiary<\/p><\/div>\n<p>Po zaplanowaniu i dokonaniu pomiar\u00f3w zaznacz o\u0142\u00f3wkiem miejsce w kt\u00f3rym nawiercisz otw\u00f3r na przew\u00f3d elektryczny.<\/p>\n<div id=\"attachment_7945\" style=\"width: 1510px\" class=\"wp-caption aligncenter\"><img loading=\"lazy\" decoding=\"async\" aria-describedby=\"caption-attachment-7945\" class=\"size-full wp-image-7945\" src=\"https:\/\/www.smd-led.pl\/blog\/wp-content\/uploads\/2022\/08\/Plafon-LED-natynkowy-Montaz-21.jpg\" alt=\"Spos\u00f3b monta\u017cu plafonu Led natynkowego - krok po kroku\" width=\"1500\" height=\"1000\" \/><p id=\"caption-attachment-7945\" class=\"wp-caption-text\">Monta\u017c plafonu Led natynkowego &#8211; zaznaczanie miejsca<\/p><\/div>\n<p>Za pomoc\u0105 odpowiedniej grubo\u015bci wiert\u0142a wywier\u0107 otw\u00f3r na przew\u00f3d 3 \u017cy\u0142owy do kt\u00f3rego pod\u0142\u0105cza\u0107 b\u0119dziemy nasz plafon.<\/p>\n<div id=\"attachment_7946\" style=\"width: 1510px\" class=\"wp-caption aligncenter\"><img loading=\"lazy\" decoding=\"async\" aria-describedby=\"caption-attachment-7946\" class=\"size-full wp-image-7946\" src=\"https:\/\/www.smd-led.pl\/blog\/wp-content\/uploads\/2022\/08\/Plafon-LED-natynkowy-Montaz-23.jpg\" alt=\"Spos\u00f3b monta\u017cu plafonu Led natynkowego - krok po kroku\" width=\"1500\" height=\"1000\" \/><p id=\"caption-attachment-7946\" class=\"wp-caption-text\">Monta\u017c plafonu Led natynkowego &#8211; wiercenie otwor\u00f3w<\/p><\/div>\n<p>Przeprowad\u017a instalacj\u0119 elektryczn\u0105 lub, adoptuj istniej\u0105c\u0105. Zachowaj wszelkie \u015brodki ostro\u017cno\u015bci! Pami\u0119taj aby przy pod\u0142\u0105czaniu od\u0142\u0105czy\u0107 zasilanie. Plafon zasilany jest napi\u0119ciem 230V pr\u0105du zmiennego, czyli takiego jak w naszej sieci.<\/p>\n<div id=\"attachment_7947\" style=\"width: 1510px\" class=\"wp-caption aligncenter\"><img loading=\"lazy\" decoding=\"async\" aria-describedby=\"caption-attachment-7947\" class=\"size-full wp-image-7947\" src=\"https:\/\/www.smd-led.pl\/blog\/wp-content\/uploads\/2022\/08\/Plafon-LED-natynkowy-Montaz-24.jpg\" alt=\"Spos\u00f3b monta\u017cu plafonu Led natynkowego - krok po kroku\" width=\"1500\" height=\"1000\" \/><p id=\"caption-attachment-7947\" class=\"wp-caption-text\">Monta\u017c plafonu Led natynkowego &#8211; przeprowadzanie instalacji<\/p><\/div>\n<p>W nast\u0119pnej kolejno\u015bci przejd\u017a do monta\u017cu kostki. Za\u0142\u00f3\u017c kostk\u0119 elektryczn\u0105 na przewodzie zasilaj\u0105cym. Dokr\u0119\u0107 mocno kostk\u0119 i sprawd\u017a czy dobrze j\u0105 zamontowa\u0142e\u015b poci\u0105gaj\u0105c lekko za przewody. Je\u015bli si\u0119 nie wysuwaj\u0105 oznacza to, \u017ce dobrze wykona\u0142e\u015b swoj\u0105 prac\u0119<\/p>\n<div id=\"attachment_7949\" style=\"width: 610px\" class=\"wp-caption aligncenter\"><img loading=\"lazy\" decoding=\"async\" aria-describedby=\"caption-attachment-7949\" class=\"size-full wp-image-7949\" src=\"https:\/\/www.smd-led.pl\/blog\/wp-content\/uploads\/2022\/08\/img_1534516983.jpg\" alt=\"Spos\u00f3b monta\u017cu plafonu Led natynkowego - krok po kroku\" width=\"600\" height=\"400\" \/><p id=\"caption-attachment-7949\" class=\"wp-caption-text\">Monta\u017c plafonu Led natynkowego &#8211; monta\u017c kostki<\/p><\/div>\n<p>Teraz do naszej kostki nale\u017cy zamontowa\u0107 zasilacz do\u0142\u0105czony do zestawu zgodnie z opisem nadrukowanym na zasilaczu. Po wykonaniu tych czynno\u015bci, przechodzimy do montowania uchwytu na kt\u00f3rym umocowany jest nasz plafon.<\/p>\n<div id=\"attachment_7950\" style=\"width: 1510px\" class=\"wp-caption aligncenter\"><img loading=\"lazy\" decoding=\"async\" aria-describedby=\"caption-attachment-7950\" class=\"size-full wp-image-7950\" src=\"https:\/\/www.smd-led.pl\/blog\/wp-content\/uploads\/2022\/08\/Plafon-LED-natynkowy-Montaz-3.jpg\" alt=\"Spos\u00f3b monta\u017cu plafonu Led natynkowego - krok po kroku\" width=\"1500\" height=\"1000\" \/><p id=\"caption-attachment-7950\" class=\"wp-caption-text\">Monta\u017c plafonu Led natynkowego &#8211; monta\u017c uchwytu<\/p><\/div>\n<p>Za pomoc\u0105 ko\u0142k\u00f3w rozporowych przytwierd\u017a mocno i stabilnie uchwyt monta\u017cowy do \u015bciany lub sufitu. I sprawd\u017a jeszcze raz czy wszystko zosta\u0142o wykonane poprawnie i stabilnie<\/p>\n<div id=\"attachment_7951\" style=\"width: 1510px\" class=\"wp-caption aligncenter\"><img loading=\"lazy\" decoding=\"async\" aria-describedby=\"caption-attachment-7951\" class=\"size-full wp-image-7951\" src=\"https:\/\/www.smd-led.pl\/blog\/wp-content\/uploads\/2022\/08\/Plafon-LED-natynkowy-Montaz-4.jpg\" alt=\"Spos\u00f3b monta\u017cu plafonu Led natynkowego - krok po kroku\" width=\"1500\" height=\"1000\" \/><p id=\"caption-attachment-7951\" class=\"wp-caption-text\">Monta\u017c plafonu Led natynkowego &#8211; przytwierdzanie uchwytu<\/p><\/div>\n<p>Upewniwszy si\u0119, \u017ce tw\u00f3j uchwyt jest stabilnie zamontowany w miejscu\u00a0kt\u00f3rym wybra\u0142e\u015b, wystarczy nasun\u0105\u0107 odpowiednio plafon w uchwyt.<\/p>\n<div id=\"attachment_7952\" style=\"width: 1510px\" class=\"wp-caption aligncenter\"><img loading=\"lazy\" decoding=\"async\" aria-describedby=\"caption-attachment-7952\" class=\"size-full wp-image-7952\" src=\"https:\/\/www.smd-led.pl\/blog\/wp-content\/uploads\/2022\/08\/Plafon-LED-natynkowy-Montaz-12.jpg\" alt=\"Spos\u00f3b monta\u017cu plafonu Led natynkowego - krok po kroku\" width=\"1500\" height=\"1000\" \/><p id=\"caption-attachment-7952\" class=\"wp-caption-text\">Monta\u017c plafonu Led natynkowego &#8211; wk\u0142adanie plafonu<\/p><\/div>\n<p>Zasilacz swobodnie mie\u015bci si\u0119 mi\u0119dzy uchwytem, a plafonem wi\u0119c wsu\u0144 go do \u015brodka bez obawy o uszkodzenie twojej lampy Led.<\/p>\n<div id=\"attachment_7953\" style=\"width: 1510px\" class=\"wp-caption aligncenter\"><img loading=\"lazy\" decoding=\"async\" aria-describedby=\"caption-attachment-7953\" class=\"size-full wp-image-7953\" src=\"https:\/\/www.smd-led.pl\/blog\/wp-content\/uploads\/2022\/08\/Plafon-LED-natynkowy-Montaz-13.jpg\" alt=\"Spos\u00f3b monta\u017cu plafonu Led natynkowego - krok po kroku\" width=\"1500\" height=\"1000\" \/><p id=\"caption-attachment-7953\" class=\"wp-caption-text\">Monta\u017c plafonu Led natynkowego &#8211; wk\u0142adanie zasilacza<\/p><\/div>\n<p>Na koniec dokr\u0119\u0107 plafon do uchwytu za pomoc\u0105 do\u0142\u0105czonych do zestawu \u015brubek. Sprawd\u017a ponownie, czy zamocowa\u0142e\u015b wszystko stabilnie i jeste\u015b zadowolony z efektu ko\u0144cowego swojej pracy. Je\u015bli tak mo\u017cesz w\u0142\u0105czy\u0107 zasilanie.<\/p>\n<div id=\"attachment_7954\" style=\"width: 1510px\" class=\"wp-caption aligncenter\"><img loading=\"lazy\" decoding=\"async\" aria-describedby=\"caption-attachment-7954\" class=\"size-full wp-image-7954\" src=\"https:\/\/www.smd-led.pl\/blog\/wp-content\/uploads\/2022\/08\/Plafon-LED-natynkowy-Montaz-19.jpg\" alt=\"Spos\u00f3b monta\u017cu plafonu Led natynkowego - krok po kroku\" width=\"1500\" height=\"1000\" \/><p id=\"caption-attachment-7954\" class=\"wp-caption-text\">Spos\u00f3b monta\u017cu plafonu Led natynkowego &#8211; dokr\u0119canie plafonu<\/p><\/div>\n<p>Sam widzisz, \u017ce to banalnie proste! Kieruj\u0105c si\u0119 naszym poradnikiem r\u00f3wnie\u017c i Ty bez pomocy fachowca jeste\u015b w stanie zamontowa\u0107 plafon natynkowy w swoim domu czy biurze.<\/p>\n<p>Artyku\u0142 ten omawia proces monta\u017cu plafon\u00f3w LED, kt\u00f3re s\u0105 popularnym wyborem w nowoczesnym o\u015bwietleniu wn\u0119trz ze wzgl\u0119du na ich stylowy wygl\u0105d, energooszcz\u0119dno\u015b\u0107 i \u0142atwo\u015b\u0107 instalacji. Przedstawia dwa g\u0142\u00f3wne typy monta\u017cu: podtynkowy i natynkowy, z naciskiem na bezpiecze\u0144stwo i dok\u0142adno\u015b\u0107.<\/p>\n<ul>\n<li>Monta\u017c Plafonu Podtynkowego: Zaczyna si\u0119 od wy\u0142\u0105czenia zasilania, po czym nast\u0119puje wymierzenie i wyci\u0119cie otworu w suficie. Nast\u0119pnie przewody elektryczne s\u0105 pod\u0142\u0105czane do kostki, a plafon jest montowany w otworze. Monta\u017c ko\u0144czy si\u0119 instalacj\u0105 sterownika LED i umiejscowieniem plafonu w otworze monta\u017cowym.<\/li>\n<li>Monta\u017c Plafonu Natynkowego: Podobnie jak w przypadku monta\u017cu podtynkowego, zaczyna si\u0119 od od\u0142\u0105czenia zasilania. Nast\u0119pnie wykonywane s\u0105 pomiary, nawiercanie otwor\u00f3w i monta\u017c kostki elektrycznej. Po pod\u0142\u0105czeniu zasilacza do kostki, montowany jest uchwyt monta\u017cowy, a plafon jest umieszczany na uchwycie i dokr\u0119cany.<\/li>\n<\/ul>\n<p>Podsumowuj\u0105c, monta\u017c plafonu LED, zar\u00f3wno podtynkowego, jak i natynkowego, jest procesem prostym i bezpiecznym, je\u015bli przestrzegane s\u0105 zasady i kolejno\u015b\u0107 krok\u00f3w. Dzi\u0119ki temu artyku\u0142owi, u\u017cytkownicy mog\u0105 samodzielnie zainstalowa\u0107 plafony LED, oszcz\u0119dzaj\u0105c na kosztach i ciesz\u0105c si\u0119 nowoczesnym wygl\u0105dem i efektywno\u015bci\u0105 energetyczn\u0105 swojego o\u015bwietlenia.<\/p>\n<p><a href=\"https:\/\/www.smd-led.pl\/\"><img loading=\"lazy\" decoding=\"async\" class=\"size-full wp-image-4454 aligncenter\" src=\"https:\/\/www.smd-led.pl\/blog\/wp-content\/uploads\/2019\/01\/plafony-do-salonu-baner-reklamowy-sklep-z-oswietleniem-smd-led.pl_.jpeg\" alt=\"plafony do salonu, baner reklamowy, sklep z oswietleniem smd-led.pl\" width=\"800\" height=\"533\" \/><\/a><\/p>\n","protected":false},"excerpt":{"rendered":"<p>Plafony ledowe to jedne z najmodniejszych i najcz\u0119\u015bciej wybieranych opraw o\u015bwietleniowych w ostatnich latach. Ich [&hellip;]<\/p>\n","protected":false},"author":5,"featured_media":7956,"comment_status":"closed","ping_status":"closed","sticky":false,"template":"","format":"standard","meta":{"inline_featured_image":false,"footnotes":""},"categories":[34,64],"tags":[],"class_list":["post-7940","post","type-post","status-publish","format-standard","has-post-thumbnail","hentry","category-poradnik-led","category-poradnik-montaz"],"acf":[],"yoast_head":"<!-- This site is optimized with the Yoast SEO Premium plugin v26.8 (Yoast SEO v26.8) - https:\/\/yoast.com\/product\/yoast-seo-premium-wordpress\/ -->\n<title>Monta\u017c plafonu - jak zamontowa\u0107 plafon LED? - SMD-LED<\/title>\n<meta name=\"description\" content=\"Czy monta\u017c plafonu LED jest trudny? Mo\u017cemy zamontowa\u0107 go razem! Sprawd\u017a jak przebiega monta\u017c plafonu natynkowego i plafonu podtynkowego\" \/>\n<meta name=\"robots\" content=\"index, follow, max-snippet:-1, max-image-preview:large, max-video-preview:-1\" \/>\n<link rel=\"canonical\" href=\"https:\/\/www.smd-led.pl\/blog\/montaz-plafonu-jak-zamontowac-plafon-led\/\" \/>\n<meta property=\"og:locale\" content=\"pl_PL\" \/>\n<meta property=\"og:type\" content=\"article\" \/>\n<meta property=\"og:title\" content=\"Monta\u017c plafonu - jak zamontowa\u0107 plafon LED?\" \/>\n<meta property=\"og:description\" content=\"Czy monta\u017c plafonu LED jest trudny? Mo\u017cemy zamontowa\u0107 go razem! Sprawd\u017a jak przebiega monta\u017c plafonu natynkowego i plafonu podtynkowego\" \/>\n<meta property=\"og:url\" content=\"https:\/\/www.smd-led.pl\/blog\/montaz-plafonu-jak-zamontowac-plafon-led\/\" \/>\n<meta property=\"og:site_name\" content=\"SMD-LED\" \/>\n<meta property=\"article:published_time\" content=\"2022-08-25T14:03:18+00:00\" \/>\n<meta property=\"article:modified_time\" content=\"2023-12-29T09:49:27+00:00\" \/>\n<meta property=\"og:image\" content=\"https:\/\/www.smd-led.pl\/blog\/wp-content\/uploads\/2022\/08\/Plafon-LED-kwadraowy-montaz.jpg\" \/>\n\t<meta property=\"og:image:width\" content=\"1500\" \/>\n\t<meta property=\"og:image:height\" content=\"1000\" \/>\n\t<meta property=\"og:image:type\" content=\"image\/jpeg\" \/>\n<meta name=\"author\" content=\"Edyta Kawnik\" \/>\n<meta name=\"twitter:card\" content=\"summary_large_image\" \/>\n<meta name=\"twitter:label1\" content=\"Napisane przez\" \/>\n\t<meta name=\"twitter:data1\" content=\"Edyta Kawnik\" \/>\n\t<meta name=\"twitter:label2\" content=\"Szacowany czas czytania\" \/>\n\t<meta name=\"twitter:data2\" content=\"16 minut\" \/>\n<script type=\"application\/ld+json\" class=\"yoast-schema-graph\">{\"@context\":\"https:\/\/schema.org\",\"@graph\":[{\"@type\":\"Article\",\"@id\":\"https:\/\/www.smd-led.pl\/blog\/montaz-plafonu-jak-zamontowac-plafon-led\/#article\",\"isPartOf\":{\"@id\":\"https:\/\/www.smd-led.pl\/blog\/montaz-plafonu-jak-zamontowac-plafon-led\/\"},\"author\":{\"name\":\"Edyta Kawnik\",\"@id\":\"https:\/\/www.smd-led.pl\/blog\/#\/schema\/person\/52262a6206acc26ec20f6f1eb454cc82\"},\"headline\":\"Monta\u017c plafonu &#8211; jak zamontowa\u0107 plafon LED?\",\"datePublished\":\"2022-08-25T14:03:18+00:00\",\"dateModified\":\"2023-12-29T09:49:27+00:00\",\"mainEntityOfPage\":{\"@id\":\"https:\/\/www.smd-led.pl\/blog\/montaz-plafonu-jak-zamontowac-plafon-led\/\"},\"wordCount\":2082,\"image\":{\"@id\":\"https:\/\/www.smd-led.pl\/blog\/montaz-plafonu-jak-zamontowac-plafon-led\/#primaryimage\"},\"thumbnailUrl\":\"https:\/\/www.smd-led.pl\/blog\/wp-content\/uploads\/2022\/08\/Plafon-LED-kwadraowy-montaz.jpg\",\"articleSection\":[\"Poradnik LED\",\"Poradnik monta\u017c\"],\"inLanguage\":\"pl-PL\"},{\"@type\":\"WebPage\",\"@id\":\"https:\/\/www.smd-led.pl\/blog\/montaz-plafonu-jak-zamontowac-plafon-led\/\",\"url\":\"https:\/\/www.smd-led.pl\/blog\/montaz-plafonu-jak-zamontowac-plafon-led\/\",\"name\":\"Monta\u017c plafonu - jak zamontowa\u0107 plafon LED? - SMD-LED\",\"isPartOf\":{\"@id\":\"https:\/\/www.smd-led.pl\/blog\/#website\"},\"primaryImageOfPage\":{\"@id\":\"https:\/\/www.smd-led.pl\/blog\/montaz-plafonu-jak-zamontowac-plafon-led\/#primaryimage\"},\"image\":{\"@id\":\"https:\/\/www.smd-led.pl\/blog\/montaz-plafonu-jak-zamontowac-plafon-led\/#primaryimage\"},\"thumbnailUrl\":\"https:\/\/www.smd-led.pl\/blog\/wp-content\/uploads\/2022\/08\/Plafon-LED-kwadraowy-montaz.jpg\",\"datePublished\":\"2022-08-25T14:03:18+00:00\",\"dateModified\":\"2023-12-29T09:49:27+00:00\",\"author\":{\"@id\":\"https:\/\/www.smd-led.pl\/blog\/#\/schema\/person\/52262a6206acc26ec20f6f1eb454cc82\"},\"description\":\"Czy monta\u017c plafonu LED jest trudny? Mo\u017cemy zamontowa\u0107 go razem! Sprawd\u017a jak przebiega monta\u017c plafonu natynkowego i plafonu podtynkowego\",\"breadcrumb\":{\"@id\":\"https:\/\/www.smd-led.pl\/blog\/montaz-plafonu-jak-zamontowac-plafon-led\/#breadcrumb\"},\"inLanguage\":\"pl-PL\",\"potentialAction\":[{\"@type\":\"ReadAction\",\"target\":[\"https:\/\/www.smd-led.pl\/blog\/montaz-plafonu-jak-zamontowac-plafon-led\/\"]}]},{\"@type\":\"ImageObject\",\"inLanguage\":\"pl-PL\",\"@id\":\"https:\/\/www.smd-led.pl\/blog\/montaz-plafonu-jak-zamontowac-plafon-led\/#primaryimage\",\"url\":\"https:\/\/www.smd-led.pl\/blog\/wp-content\/uploads\/2022\/08\/Plafon-LED-kwadraowy-montaz.jpg\",\"contentUrl\":\"https:\/\/www.smd-led.pl\/blog\/wp-content\/uploads\/2022\/08\/Plafon-LED-kwadraowy-montaz.jpg\",\"width\":1500,\"height\":1000,\"caption\":\"Monta\u017c plafonu - jak zamontowa\u0107 plafon LED?\"},{\"@type\":\"BreadcrumbList\",\"@id\":\"https:\/\/www.smd-led.pl\/blog\/montaz-plafonu-jak-zamontowac-plafon-led\/#breadcrumb\",\"itemListElement\":[{\"@type\":\"ListItem\",\"position\":1,\"name\":\"Strona g\u0142\u00f3wna\",\"item\":\"https:\/\/www.smd-led.pl\/blog\/\"},{\"@type\":\"ListItem\",\"position\":2,\"name\":\"Monta\u017c plafonu &#8211; jak zamontowa\u0107 plafon LED?\"}]},{\"@type\":\"WebSite\",\"@id\":\"https:\/\/www.smd-led.pl\/blog\/#website\",\"url\":\"https:\/\/www.smd-led.pl\/blog\/\",\"name\":\"SMD-LED\",\"description\":\"O\u015bwietlenie Led do domu i przemys\u0142u porady, testy i opinie ekspert\u00f3w\",\"potentialAction\":[{\"@type\":\"SearchAction\",\"target\":{\"@type\":\"EntryPoint\",\"urlTemplate\":\"https:\/\/www.smd-led.pl\/blog\/?s={search_term_string}\"},\"query-input\":{\"@type\":\"PropertyValueSpecification\",\"valueRequired\":true,\"valueName\":\"search_term_string\"}}],\"inLanguage\":\"pl-PL\"},{\"@type\":\"Person\",\"@id\":\"https:\/\/www.smd-led.pl\/blog\/#\/schema\/person\/52262a6206acc26ec20f6f1eb454cc82\",\"name\":\"Edyta Kawnik\",\"image\":{\"@type\":\"ImageObject\",\"inLanguage\":\"pl-PL\",\"@id\":\"https:\/\/www.smd-led.pl\/blog\/#\/schema\/person\/image\/\",\"url\":\"https:\/\/secure.gravatar.com\/avatar\/d45e3bbe9c2fcb86a2dadc08dbe080337481c72aa3a0d3e8762d507d70d4e474?s=96&d=mm&r=g\",\"contentUrl\":\"https:\/\/secure.gravatar.com\/avatar\/d45e3bbe9c2fcb86a2dadc08dbe080337481c72aa3a0d3e8762d507d70d4e474?s=96&d=mm&r=g\",\"caption\":\"Edyta Kawnik\"},\"url\":\"https:\/\/www.smd-led.pl\/blog\/author\/ekawnik\/\"}]}<\/script>\n<!-- \/ Yoast SEO Premium plugin. -->","yoast_head_json":{"title":"Monta\u017c plafonu - jak zamontowa\u0107 plafon LED? - SMD-LED","description":"Czy monta\u017c plafonu LED jest trudny? Mo\u017cemy zamontowa\u0107 go razem! Sprawd\u017a jak przebiega monta\u017c plafonu natynkowego i plafonu podtynkowego","robots":{"index":"index","follow":"follow","max-snippet":"max-snippet:-1","max-image-preview":"max-image-preview:large","max-video-preview":"max-video-preview:-1"},"canonical":"https:\/\/www.smd-led.pl\/blog\/montaz-plafonu-jak-zamontowac-plafon-led\/","og_locale":"pl_PL","og_type":"article","og_title":"Monta\u017c plafonu - jak zamontowa\u0107 plafon LED?","og_description":"Czy monta\u017c plafonu LED jest trudny? Mo\u017cemy zamontowa\u0107 go razem! Sprawd\u017a jak przebiega monta\u017c plafonu natynkowego i plafonu podtynkowego","og_url":"https:\/\/www.smd-led.pl\/blog\/montaz-plafonu-jak-zamontowac-plafon-led\/","og_site_name":"SMD-LED","article_published_time":"2022-08-25T14:03:18+00:00","article_modified_time":"2023-12-29T09:49:27+00:00","og_image":[{"width":1500,"height":1000,"url":"https:\/\/www.smd-led.pl\/blog\/wp-content\/uploads\/2022\/08\/Plafon-LED-kwadraowy-montaz.jpg","type":"image\/jpeg"}],"author":"Edyta Kawnik","twitter_card":"summary_large_image","twitter_misc":{"Napisane przez":"Edyta Kawnik","Szacowany czas czytania":"16 minut"},"schema":{"@context":"https:\/\/schema.org","@graph":[{"@type":"Article","@id":"https:\/\/www.smd-led.pl\/blog\/montaz-plafonu-jak-zamontowac-plafon-led\/#article","isPartOf":{"@id":"https:\/\/www.smd-led.pl\/blog\/montaz-plafonu-jak-zamontowac-plafon-led\/"},"author":{"name":"Edyta Kawnik","@id":"https:\/\/www.smd-led.pl\/blog\/#\/schema\/person\/52262a6206acc26ec20f6f1eb454cc82"},"headline":"Monta\u017c plafonu &#8211; jak zamontowa\u0107 plafon LED?","datePublished":"2022-08-25T14:03:18+00:00","dateModified":"2023-12-29T09:49:27+00:00","mainEntityOfPage":{"@id":"https:\/\/www.smd-led.pl\/blog\/montaz-plafonu-jak-zamontowac-plafon-led\/"},"wordCount":2082,"image":{"@id":"https:\/\/www.smd-led.pl\/blog\/montaz-plafonu-jak-zamontowac-plafon-led\/#primaryimage"},"thumbnailUrl":"https:\/\/www.smd-led.pl\/blog\/wp-content\/uploads\/2022\/08\/Plafon-LED-kwadraowy-montaz.jpg","articleSection":["Poradnik LED","Poradnik monta\u017c"],"inLanguage":"pl-PL"},{"@type":"WebPage","@id":"https:\/\/www.smd-led.pl\/blog\/montaz-plafonu-jak-zamontowac-plafon-led\/","url":"https:\/\/www.smd-led.pl\/blog\/montaz-plafonu-jak-zamontowac-plafon-led\/","name":"Monta\u017c plafonu - jak zamontowa\u0107 plafon LED? - SMD-LED","isPartOf":{"@id":"https:\/\/www.smd-led.pl\/blog\/#website"},"primaryImageOfPage":{"@id":"https:\/\/www.smd-led.pl\/blog\/montaz-plafonu-jak-zamontowac-plafon-led\/#primaryimage"},"image":{"@id":"https:\/\/www.smd-led.pl\/blog\/montaz-plafonu-jak-zamontowac-plafon-led\/#primaryimage"},"thumbnailUrl":"https:\/\/www.smd-led.pl\/blog\/wp-content\/uploads\/2022\/08\/Plafon-LED-kwadraowy-montaz.jpg","datePublished":"2022-08-25T14:03:18+00:00","dateModified":"2023-12-29T09:49:27+00:00","author":{"@id":"https:\/\/www.smd-led.pl\/blog\/#\/schema\/person\/52262a6206acc26ec20f6f1eb454cc82"},"description":"Czy monta\u017c plafonu LED jest trudny? Mo\u017cemy zamontowa\u0107 go razem! Sprawd\u017a jak przebiega monta\u017c plafonu natynkowego i plafonu podtynkowego","breadcrumb":{"@id":"https:\/\/www.smd-led.pl\/blog\/montaz-plafonu-jak-zamontowac-plafon-led\/#breadcrumb"},"inLanguage":"pl-PL","potentialAction":[{"@type":"ReadAction","target":["https:\/\/www.smd-led.pl\/blog\/montaz-plafonu-jak-zamontowac-plafon-led\/"]}]},{"@type":"ImageObject","inLanguage":"pl-PL","@id":"https:\/\/www.smd-led.pl\/blog\/montaz-plafonu-jak-zamontowac-plafon-led\/#primaryimage","url":"https:\/\/www.smd-led.pl\/blog\/wp-content\/uploads\/2022\/08\/Plafon-LED-kwadraowy-montaz.jpg","contentUrl":"https:\/\/www.smd-led.pl\/blog\/wp-content\/uploads\/2022\/08\/Plafon-LED-kwadraowy-montaz.jpg","width":1500,"height":1000,"caption":"Monta\u017c plafonu - jak zamontowa\u0107 plafon LED?"},{"@type":"BreadcrumbList","@id":"https:\/\/www.smd-led.pl\/blog\/montaz-plafonu-jak-zamontowac-plafon-led\/#breadcrumb","itemListElement":[{"@type":"ListItem","position":1,"name":"Strona g\u0142\u00f3wna","item":"https:\/\/www.smd-led.pl\/blog\/"},{"@type":"ListItem","position":2,"name":"Monta\u017c plafonu &#8211; jak zamontowa\u0107 plafon LED?"}]},{"@type":"WebSite","@id":"https:\/\/www.smd-led.pl\/blog\/#website","url":"https:\/\/www.smd-led.pl\/blog\/","name":"SMD-LED","description":"O\u015bwietlenie Led do domu i przemys\u0142u porady, testy i opinie ekspert\u00f3w","potentialAction":[{"@type":"SearchAction","target":{"@type":"EntryPoint","urlTemplate":"https:\/\/www.smd-led.pl\/blog\/?s={search_term_string}"},"query-input":{"@type":"PropertyValueSpecification","valueRequired":true,"valueName":"search_term_string"}}],"inLanguage":"pl-PL"},{"@type":"Person","@id":"https:\/\/www.smd-led.pl\/blog\/#\/schema\/person\/52262a6206acc26ec20f6f1eb454cc82","name":"Edyta Kawnik","image":{"@type":"ImageObject","inLanguage":"pl-PL","@id":"https:\/\/www.smd-led.pl\/blog\/#\/schema\/person\/image\/","url":"https:\/\/secure.gravatar.com\/avatar\/d45e3bbe9c2fcb86a2dadc08dbe080337481c72aa3a0d3e8762d507d70d4e474?s=96&d=mm&r=g","contentUrl":"https:\/\/secure.gravatar.com\/avatar\/d45e3bbe9c2fcb86a2dadc08dbe080337481c72aa3a0d3e8762d507d70d4e474?s=96&d=mm&r=g","caption":"Edyta Kawnik"},"url":"https:\/\/www.smd-led.pl\/blog\/author\/ekawnik\/"}]}},"_links":{"self":[{"href":"https:\/\/www.smd-led.pl\/blog\/wp-json\/wp\/v2\/posts\/7940","targetHints":{"allow":["GET"]}}],"collection":[{"href":"https:\/\/www.smd-led.pl\/blog\/wp-json\/wp\/v2\/posts"}],"about":[{"href":"https:\/\/www.smd-led.pl\/blog\/wp-json\/wp\/v2\/types\/post"}],"author":[{"embeddable":true,"href":"https:\/\/www.smd-led.pl\/blog\/wp-json\/wp\/v2\/users\/5"}],"replies":[{"embeddable":true,"href":"https:\/\/www.smd-led.pl\/blog\/wp-json\/wp\/v2\/comments?post=7940"}],"version-history":[{"count":8,"href":"https:\/\/www.smd-led.pl\/blog\/wp-json\/wp\/v2\/posts\/7940\/revisions"}],"predecessor-version":[{"id":16430,"href":"https:\/\/www.smd-led.pl\/blog\/wp-json\/wp\/v2\/posts\/7940\/revisions\/16430"}],"wp:featuredmedia":[{"embeddable":true,"href":"https:\/\/www.smd-led.pl\/blog\/wp-json\/wp\/v2\/media\/7956"}],"wp:attachment":[{"href":"https:\/\/www.smd-led.pl\/blog\/wp-json\/wp\/v2\/media?parent=7940"}],"wp:term":[{"taxonomy":"category","embeddable":true,"href":"https:\/\/www.smd-led.pl\/blog\/wp-json\/wp\/v2\/categories?post=7940"},{"taxonomy":"post_tag","embeddable":true,"href":"https:\/\/www.smd-led.pl\/blog\/wp-json\/wp\/v2\/tags?post=7940"}],"curies":[{"name":"wp","href":"https:\/\/api.w.org\/{rel}","templated":true}]}}