{"id":8786,"date":"2019-02-06T17:14:36","date_gmt":"2019-02-06T16:14:36","guid":{"rendered":"https:\/\/www.smd-led.pl\/blog\/?p=1150"},"modified":"2024-02-01T10:44:50","modified_gmt":"2024-02-01T09:44:50","slug":"oswietlenie-na-klatce-schodowej","status":"publish","type":"post","link":"https:\/\/www.smd-led.pl\/blog\/oswietlenie-na-klatce-schodowej\/","title":{"rendered":"Jakie o\u015bwietlenie na klatk\u0119 schodow\u0105?"},"content":{"rendered":"<p>W\u015br\u00f3d wielu rodzaj\u00f3w o\u015bwietlenia, kt\u00f3re stosujemy zar\u00f3wno w domach jednorodzinnych, jak i du\u017cych blokowiskach, do\u015b\u0107 istotn\u0105 rol\u0119 odgrywa <strong>o\u015bwietlenie na klatce schodowej<\/strong>. Jest ono o tyle specyficznym typem o\u015bwietlenia, \u017ce w zale\u017cno\u015bci od u\u017cytkownika decyduj\u0105 tu dwa aspekty: dekoracyjny wygl\u0105d b\u0105d\u017a jak najni\u017cszy pob\u00f3r energii w podsumowaniu dziennym. Wynika to z tego, \u017ce cz\u0119sto klatki schodowe u\u017cytkowane s\u0105 w budynkach wielorodzinnych takich jak np. kamienice. To tam, najistotniejszym aspektem jest, by \u015bwiat\u0142o \u015bwieci\u0142o tylko i wy\u0142\u0105cznie wtedy, gdy jest to wymagane, aby w og\u00f3lnym rozrachunku maksymalnie obni\u017cy\u0107 zu\u017cycie pr\u0105du. Poni\u017cszy artyku\u0142 przedstawi kilka propozycji zar\u00f3wno dla os\u00f3b poszukuj\u0105cych eleganckiego aran\u017cacyjnego o\u015bwietlenia, jak i poszukuj\u0105cych oszcz\u0119dno\u015bci wsp\u00f3lnot mieszkaniowych oraz jakie o\u015bwietlenie na klatk\u0119 schodow\u0105?<\/p>\n<div id=\"attachment_4475\" style=\"width: 810px\" class=\"wp-caption aligncenter\"><img loading=\"lazy\" decoding=\"async\" aria-describedby=\"caption-attachment-4475\" class=\"size-full wp-image-4475\" src=\"https:\/\/www.smd-led.pl\/blog\/wp-content\/uploads\/2019\/02\/oswietlenie-na-klatce-schodowej-baner-reklamowy-sklep-z-oswietleniem-smd-led.pl_.jpeg\" alt=\"oswietlenie na klatce schodowej, baner reklamowy, sklep z oswietleniem smd-led.pl\" width=\"800\" height=\"533\" \/><p id=\"caption-attachment-4475\" class=\"wp-caption-text\">Razem z SMD-LED.PL dobierzmy wyj\u0105tkowe o\u015bwietlenie do Twojej klatki schodowej i ca\u0142ego wn\u0119trza<\/p><\/div>\n<div class=\"mceTemp\"><\/div>\n<p style=\"text-align: center;\"><span style=\"font-size: 24pt; color: #ff0000;\"><b style=\"color: #ff0000; font-size: 24pt;\">Lampy kt\u00f3re najcz\u0119\u015bciej s\u0105 wybierane do <\/b><span style=\"color: #ff0000;\"><span style=\"font-size: 32px;\"><b>klatek schodowych<\/b><\/span><\/span><b style=\"color: #ff0000; font-size: 24pt;\">: Plafon LED z czujnikiem ruchu<\/b><\/span><\/p>\n<div class=\"call-to-action-04\"><div class=\"call-to-action-04__img-box\"><img decoding=\"async\" src=\"https:\/\/www.smd-led.pl\/blog\/wp-content\/uploads\/2023\/12\/profil-led-wpuszczany-2026-03-23T095326.445.png\" alt=\"Plafony LED \u2013 nowoczesne \u015bwiat\u0142o do ka\u017cdego wn\u0119trza\" \/><\/div><div class=\"call-to-action-04__info-box\"><span class=\"call-to-action-04__product-title\">Plafony LED \u2013 nowoczesne \u015bwiat\u0142o do ka\u017cdego wn\u0119trza<\/span><p><p>Odkryj plafony LED, kt\u00f3re \u0142\u0105cz\u0105 estetyk\u0119, funkcjonalno\u015b\u0107 i energooszcz\u0119dno\u015b\u0107. Wybierz idealne o\u015bwietlenie do salonu, sypialni, kuchni lub biura.<\/p>\n<\/p><a href=\"https:\/\/www.smd-led.pl\/plafony-led\" class=\"button\" id=\"plafony_\" target=\"_self\">Zobacz produkt<\/a><\/div><\/div>\n<h3>O\u015bwietlenie klatki schodowej w domu jednorodzinnym<\/h3>\n<p>Domy jednorodzinne s\u0105 miejscem, gdzie klatki schodowe s\u0105 w wi\u0119kszo\u015bci przypadk\u00f3w niewielkie, a dedykowane im o\u015bwietlenie zale\u017cne jest od reszty stosowanego w domu \u015bwiat\u0142a. Dlatego te\u017c o\u015bwietla si\u0119 je za pomoc\u0105 przer\u00f3\u017cnych \u017ar\u00f3de\u0142 \u015bwiat\u0142a, takich jak np. <a href=\"https:\/\/www.smd-led.pl\/plafony_led.php\">plafony LED<\/a>, \u017cyrandole z \u017car\u00f3wkami LED, <a href=\"https:\/\/www.smd-led.pl\/lampy-kinkiety-scienne-led\">kinkiety \u015bcienne<\/a>, b\u0105d\u017a zintegrowane lampy LED. W przypadku dom\u00f3w jednorodzinnych istotniejszym aspektem jest sama instalacja elektryczna i spos\u00f3b sterowania tym o\u015bwietleniem. Istniej\u0105 dwa podstawowe sposoby sterowania <strong>o\u015bwietleniem na klatce schodowej w domu. <\/strong>Pierwszym jest zastosowanie czujnik\u00f3w ruchu. Za\u0142\u0105czaj\u0105 one o\u015bwietlenie, wyczuwaj\u0105c zbli\u017caj\u0105c\u0105 si\u0119 do klatki schodowej osob\u0119, a nast\u0119pnie \u2014 gdy ruch nie jest wyczuwany przez okre\u015blony czas \u2014 wygaszaj\u0105 lampy. Cz\u0119sto stosuje si\u0119 czujniki ruchowo-zmierzchowe, kt\u00f3re aktywuj\u0105 si\u0119, dopiero gdy zrobi si\u0119 wystarczaj\u0105co ciemno. Jest to rozwi\u0105zanie wygodne, jednak nale\u017cy pami\u0119ta\u0107 o tym, \u017ce czujniki musz\u0105 by\u0107 odpowiednio ustawione tak, by nie rozpala\u0142y lamp, gdy np. przechodzimy obok schod\u00f3w. Dodatkowo nie mamy wp\u0142ywu na to, czy lampa zapali si\u0119, czy nie \u2014 zale\u017cne jest to od czujnika. Dlatego te\u017c, w wi\u0119kszo\u015bci przypadk\u00f3w w domach jednorodzinnych stosuje si\u0119 tak zwane w\u0142\u0105czniki schodowe. Dzia\u0142aj\u0105 one podobnie jak standardowe w\u0142\u0105czniki \u015bwiat\u0142a jednak tym, co je wyr\u00f3\u017cnia, jest to, \u017ce lampa po\u0142\u0105czona jest z kilkoma w\u0142\u0105cznikami (w wi\u0119kszo\u015bci przypadk\u00f3w 2, ale dzi\u0119ki w\u0142\u0105cznikom krzy\u017cowym mo\u017cliwe jest zastosowanie wi\u0119kszej ilo\u015bci). Pozwala to na w\u0142\u0105czenie lampy, gdy zaczynamy wchodzi\u0107 po schodach oraz na wy\u0142\u0105czenie jej ju\u017c na pi\u0119trze (oraz analogicznie \u2014 w\u0142\u0105czenie, gdy schodzimy i wy\u0142\u0105czenie ich na parterze). Jest to prawdopodobnie najcz\u0119\u015bciej stosowane rozwi\u0105zanie w domach jednorodzinnych.<\/p>\n<div id=\"attachment_1169\" style=\"width: 650px\" class=\"wp-caption aligncenter\"><img loading=\"lazy\" decoding=\"async\" aria-describedby=\"caption-attachment-1169\" class=\"wp-image-1169 size-full\" src=\"https:\/\/www.smd-led.pl\/blog\/wp-content\/uploads\/2019\/02\/oswietlenie-klatki-schodowej-aranzacje.jpg\" alt=\"o\u015bwietlenie klatki schodowej aran\u017cacje - jakie o\u015bwietlenie na klatk\u0119 schodow\u0105\" width=\"640\" height=\"426\" \/><p id=\"caption-attachment-1169\" class=\"wp-caption-text\">o\u015bwietlenie klatki schodowej aran\u017cacje &#8211; jakie o\u015bwietlenie na klatk\u0119 schodow\u0105<\/p><\/div>\n<p>Na osobn\u0105 uwag\u0119 zas\u0142uguje <strong>o\u015bwietlenie klatek schodowych<\/strong> przy pomocy <a href=\"https:\/\/www.smd-led.pl\/tasmy-ledowe\">ta\u015bmy LED<\/a>. Jest to o\u015bwietlenie aran\u017cacyjne, kt\u00f3re cz\u0119sto opiera si\u0119 o roz\u015bwietlenie samych stopni, ewentualnie na wbudowaniu d\u0142ugiej linii \u015bwiat\u0142a w \u015bcian\u0119 wzd\u0142u\u017c schod\u00f3w. Samo sterowanie mo\u017ce odbywa\u0107 si\u0119 podobnie jak w przypadku lamp LED b\u0105d\u017a te\u017c za pomoc\u0105 specjalnych sterownik\u00f3w pozwalaj\u0105cych na sterowanie pilotem, a przy tym np. \u015bciemnianie, czy te\u017c zmian\u0119 barwy bieli b\u0105d\u017a koloru \u015bwiat\u0142a (przy wybraniu odpowiedniej ta\u015bmy). Dzi\u0119ki specjalnym programatorom mo\u017cliwe jest nawet osi\u0105gni\u0119cie efektu, przy kt\u00f3rym \u015bwiat\u0142o roz\u015bwietla stopniowo jeden schodek po drugim. Daje to niesamowity efekt wizualny. Ta\u015bmy LED w wi\u0119kszo\u015bci przypadk\u00f3w montuje si\u0119 wykorzystuj\u0105c <a href=\"https:\/\/www.smd-led.pl\/profil-aluminiowy-led\">profil aluminiowy LED<\/a>, kt\u00f3re dzi\u0119ki swojej r\u00f3\u017cnorodno\u015bci pozwalaj\u0105 na osi\u0105gni\u0119cie r\u00f3\u017cnorodnych efekt\u00f3w wizualnych. Dla przyk\u0142adu samym schodkiem mo\u017cemy zastosowa\u0107 profil natynkowy, wpuszczany w stopie\u0144, b\u0105d\u017a te\u017c k\u0105towy \u2014 przy ka\u017cdym osi\u0105gniemy inny efekt. Przy monta\u017cu w \u015bcianie mamy jeszcze wi\u0119cej mo\u017cliwo\u015bci, gdy\u017c opr\u00f3cz standardowych profili meblowych, do wykorzystania jest mn\u00f3stwo architektonicznych profili LED, kt\u00f3re nie tylko do\u015bwietl\u0105 klatk\u0119 schodow\u0105, ale r\u00f3wnie\u017c ubogac\u0105 wn\u0119trze swoj\u0105 nowoczesn\u0105 stylistyk\u0105.<\/p>\n<h3>O\u015bwietlenie klatek schodowych w budynkach wielorodzinnych<\/h3>\n<p>W przypadku dom\u00f3w wielorodzinnych sprawa o\u015bwietlenia klatek schodowych ma si\u0119 zgo\u0142a inaczej. Tutaj klatki bardzo cz\u0119sto s\u0105 o wiele wi\u0119ksze oraz s\u0105 oddzieln\u0105 cz\u0119\u015bci\u0105 budynku prowadz\u0105c\u0105 do wielu mieszka\u0144. Dlatego te\u017c, w przypadku o\u015bwietlenia klatek schodowych w blokach sam wygl\u0105d lamp nie ma nic wsp\u00f3lnego z innym o\u015bwietleniem stosowanym u lokator\u00f3w. Jako takie, o\u015bwietlenie LED tego typu dobiera si\u0119 zazwyczaj tak, aby by\u0142o jednolite dla ca\u0142o\u015bci budynku, oraz co najwa\u017cniejsze by spe\u0142ni\u0142o wymagane normy o\u015bwietleniowe przy optymalnie niskim poborze mocy. Jakie o\u015bwietlenie na klatk\u0119 schodow\u0105? Je\u015bli chodzi o o\u015bwietlenie klatek schodowych w budynkach takich jak kamienice, czy bloki, kr\u00f3luj\u0105 <a href=\"https:\/\/www.smd-led.pl\/plafon-led-z-czujnikiem-ruchu\">plafony LED z czujnikami ruchu<\/a>. Jest to rozwi\u0105zanie bardzo optymalne ze wzgl\u0119du na fakt, \u017ce lampy tego typu nie tylko maj\u0105 niewielkie pobory mocy (w wi\u0119kszo\u015bci przypadk\u00f3w dla osi\u0105gni\u0119cia wymaganego efektu wystarcz\u0105 plafony w zakresie mocy od 12W do 18W), ale r\u00f3wnie\u017c \u015bwiec\u0105 tylko i wy\u0142\u0105cznie, wtedy gdy kto\u015b porusza si\u0119 na klatce.<\/p>\n<div class=\"call-to-action-07\"><div class=\"call-to-action-07__product-box\"><img decoding=\"async\" src=\"https:\/\/www.smd-led.pl\/blog\/wp-content\/uploads\/2023\/12\/oprawa-led-defender-lx-z-czujnikiem-18w-ip66-barwa-neutralna.webp\" alt=\"oprawa-led-defender-lx-z-czujnikiem-18w-ip66-barwa-neutralna\" \/><span class=\"call-to-action-07__product-title\">OPRAWA LED DEFENDER LX Z CZUJNIKIEM 18W IP66 BARWA NEUTRALNA<\/span><a href=\"https:\/\/www.smd-led.pl\/plafon-led-z-czujnikiem-ruchu\" class=\"button\" id=\"plafon_potrzymanie\" target=\"_self\">Zobacz produkt<\/a><\/div><div class=\"call-to-action-07__product-box\"><img decoding=\"async\" src=\"https:\/\/www.smd-led.pl\/blog\/wp-content\/uploads\/2023\/12\/plafon-led-line-lunar-okragly-220-240v-22w-1870lm-4000k-biala-dzienna-ip65-z-czujnikiem-ruchu.webp\" alt=\"plafon-led-line-lunar-okragly-220-240v-22w-1870lm-4000k-biala-dzienna-ip65-z-czujnikiem-ruchu\" \/><span class=\"call-to-action-07__product-title\">PLAFON LED LINE LUNAR OKR\u0104G\u0141Y 220-240V 22W 1870LM 4000K<\/span><a href=\"https:\/\/www.smd-led.pl\/plafony-led\" class=\"button\" id=\"plafon_potrzymanie\" target=\"_self\">Zobacz produkt<\/a><\/div><div class=\"call-to-action-07__product-box\"><img decoding=\"async\" src=\"https:\/\/www.smd-led.pl\/blog\/wp-content\/uploads\/2023\/12\/oprawa-led-defender-lx-z-czujnikiem-24w-ip66-barwa-neutralna-1.webp\" alt=\"oprawa-led-defender-lx-z-czujnikiem-24w-ip66-barwa-neutralna (1)\" \/><span class=\"call-to-action-07__product-title\">OPRAWA LED DEFENDER LX Z CZUJNIKIEM 24W IP66 BARWA NEUTRALNA<\/span><a href=\"https:\/\/www.smd-led.pl\/plafon-led-natynkowy\" class=\"button\" id=\"plafon_potrzymanie\" target=\"_self\">Zobacz produkt<\/a><\/div><\/div>\n<p>Automatyczne wy\u0142\u0105czanie lamp to dodatkowy atut, gdy\u017c w przeciwie\u0144stwie do domu jednorodzinnego klatk\u0105 porusza si\u0119 wiele r\u00f3\u017cnych os\u00f3b, w tym wielu go\u015bci, kt\u00f3rym niekoniecznie zale\u017cy na tym, by \u015bwiat\u0142o wy\u0142\u0105czy\u0107 i cz\u0119sto o tym zapominaj\u0105. Sprawia to, \u017ce lampa z czujnikiem ruchu to optymalne rozwi\u0105zanie w tego typu przypadkach. Oczywi\u015bcie nadal cz\u0119sto stosuje si\u0119 lampy bez czujnika, jednak wtedy najcz\u0119\u015bciej u\u017cywa si\u0119 albo zewn\u0119trznej czujki, albo dowolnego automatu schodowego, kt\u00f3ry po czasie wygasi lampy na danej klatce. Jest to jednak rozwi\u0105zanie o tyle gorsze, \u017ce w wi\u0119kszo\u015bci przypadk\u00f3w odpala wszystkie lampy w pionie i trzyma je w\u0142\u0105czone przez do\u015b\u0107 d\u0142ugi czas, co przek\u0142ada si\u0119 na wi\u0119ksze zu\u017cycie pr\u0105du.<\/p>\n<p><img loading=\"lazy\" decoding=\"async\" class=\"aligncenter wp-image-1164 size-full\" src=\"https:\/\/www.smd-led.pl\/blog\/wp-content\/uploads\/2019\/02\/oswietlenie-klatki-schodowej-inspiracje.jpg\" alt=\"o\u015bwietlenie klatki schodowej inspiracje\" width=\"800\" height=\"533\" \/><\/p>\n<h3>O\u015bwietlenie klatki schodowej inspiracje<\/h3>\n<p>Czerpi\u0105c inspiracje przy o\u015bwietleniu klatki schodowej, nale\u017cy przede wszystkim zdecydowa\u0107 si\u0119, jaki design pragniemy osi\u0105gn\u0105\u0107. Dotyczy to r\u00f3wnie\u017c blok\u00f3w, gdy\u017c stosuj\u0105c plafoniery z czujnikiem ruchu, mo\u017cemy zdecydowa\u0107 si\u0119 na modele klasyczne (bia\u0142e, okr\u0105g\u0142e), ale te\u017c np. co\u015b bardziej ekstrawaganckiego jak plafony w srebrnej ramie (w formie ko\u0142a b\u0105d\u017a kwadratu), lub mocno industrialnego (np. lamp\u0119 z kratownic\u0105). W wi\u0119kszo\u015bci przypadk\u00f3w jednak g\u0142\u00f3wnym elementem decyduj\u0105cym w wyborze plafonu b\u0119dzie cena.<\/p>\n<p><img loading=\"lazy\" decoding=\"async\" class=\"aligncenter wp-image-1155 size-full\" src=\"https:\/\/www.smd-led.pl\/blog\/wp-content\/uploads\/2019\/02\/SCALA_1.jpg\" alt=\"O\u015bwietlenie klatki schodowej przy u\u017cyciu ta\u015bm LED\" width=\"3500\" height=\"2625\" \/><\/p>\n<p>Odrobin\u0119 inaczej sprawa ma si\u0119 w przypadku dom\u00f3w jednorodzinnych. Tutaj nale\u017cy czerpa\u0107 inspiracje z ca\u0142o\u015bci o\u015bwietlenia wyst\u0119puj\u0105cego w domu. Jakie o\u015bwietlenie na klatk\u0119 schodow\u0105? Je\u015bli wsz\u0119dzie wykorzystujemy podtynkowe plafony w bia\u0142ej obudowie, to warto postawi\u0107 na to samo minimalistyczne rozwi\u0105zanie, aby zachowa\u0107 wra\u017cenie jednolitego o\u015bwietlenia. To samo, je\u015bli mamy bardziej designerskie lampy \u2014 wykorzystanie ich w o\u015bwietleniu klatki schodowej zagwarantuje, \u017ce lampy nie b\u0119d\u0105 si\u0119 ze sob\u0105 \u201egry\u017a\u0107\u201d i finalnie ca\u0142o\u015b\u0107 wygl\u0105da\u0107 b\u0119dzie schludnie. Je\u015bli decydujemy si\u0119 na <a href=\"https:\/\/www.smd-led.pl\/blog\/profile-led-jako-nowy-trend-w-oswietleniu\/\">profile LED<\/a> i ta\u015bmy \u2014 tutaj mamy du\u017co wi\u0119ksze pole do popisu. Istnieje bardzo du\u017co r\u00f3\u017cnych modeli profili architektonicznych oraz meblowych. Za ich pomoc\u0105 mo\u017cemy roz\u015bwietli\u0107 klatk\u0119 na wiele sposob\u00f3w: pod\u015bwietlaj\u0105c stopnie, wpuszczaj\u0105c lini\u0119 \u015bwiat\u0142a w \u015bcian\u0119 przy schodach, czy tworz\u0105c liniow\u0105 lamp\u0119 zwieszon\u0105 na linkach.<\/p>\n<p style=\"text-align: center;\"><b>Znajd\u017a swoj\u0105 inspiracj\u0119 na o\u015bwietlenie klatki schodowej, czytaj\u0105c nasze artyku\u0142y<\/b><\/p>\n<style id=\"sp_pcp_dynamic_style17791\">#pcp_wrapper-17791:not(.sps-glossary-layout) .sp-pcp-row,#pcp_wrapper-17791 .sps-glossary-items-group .sps-glossary-items-content {margin-right: -10px;margin-left: -10px;}#pcp_wrapper-17791 .sp-pcp-row [class*='sp-pcp-col-']{padding-right: 10px;padding-left: 10px; padding-bottom:20px;}.pcp-wrapper-17791 .sp-pcp-title a {color: #111;display: inherit;} .pcp-wrapper-17791 .sp-pcp-title a:hover {color: #e1624b;}.pcp-wrapper-17791 .sp-pcp-post-content{color: #444; }#pcp_wrapper-17791 .sp-pcp-post {padding: 0 0 0 0;}#pcp_wrapper-17791.sp-slider_layout .sp-pcp-post .sp-pcp-post-details {top: 0; right:0; bottom:0; left:0;}#pcp_wrapper-17791 .sp-pcp-post {border: 0px solid #e2e2e2; border-radius: 0px }#pcp_wrapper-17791 .sp-pcp-post{background-color: transparent;}#pcp_wrapper-17791 .pcp-post-thumb-wrapper{border: 0px solid #dddddd;border-radius:0px;}.pcp-wrapper-17791 .sp-pcp-post-meta li,.pcp-wrapper-17791 .sp-pcp-post-meta ul,.pcp-wrapper-17791 .sp-pcp-post-meta li a{color: #888;}.pcp-wrapper-17791 .sp-pcp-post-meta li a:hover{color: #e1624b;}#pcp_wrapper-17791 .pcp-readmore-link{ background: transparent; color: #111; border: 1px solid #888; border-radius: 0px; } #pcp_wrapper-17791 .pcp-readmore-link:hover { background-color: #e1624b; color: #fff; border-color: #e1624b; }#pcp_wrapper-17791 .pcp-post-pagination .page-numbers.current, #pcp_wrapper-17791 .pcp-post-pagination a.active , #pcp_wrapper-17791 .pcp-post-pagination a:hover{ color: #ffffff; background: #e1624b; border-color: #e1624b; }#pcp_wrapper-17791 .pcp-post-pagination .page-numbers, .pcp-post-pagination a{ background: #ffffff; color:#5e5e5e; border: 2px solid #bbbbbb;border-radius: 2px; }#pcp_wrapper-17791 .pcp-post-pagination{text-align: left;}@media (min-width: 1200px) {.sp-pcp-row .sp-pcp-col-xl-1 {flex: 0 0 100%;}.sp-pcp-row .sp-pcp-col-xl-2 {flex: 1 1 calc( 50% - 20px);}.sp-pcp-row .sp-pcp-col-xl-3 {flex: 1 1 calc( 33.333% - 20px);}.sp-pcp-row .sp-pcp-col-xl-4 {flex: 1 1 calc( 25% - 20px);}.sp-pcp-row .sp-pcp-col-xl-5 { flex: 1 1 calc( 20% - 20px);}.sp-pcp-row .sp-pcp-col-xl-6 {flex: 1 1 calc( 16.66666666666667% - 20px);}.sp-pcp-row .sp-pcp-col-xl-7 {flex: 1 1 calc( 14.28571428% - 20px);}.sp-pcp-row .sp-pcp-col-xl-8 {flex: 1 1 calc( 12.5% - 20px);}}@media (max-width: 1200px) {.sp-pcp-row .sp-pcp-col-lg-1 {flex: 0 0 100%;}.sp-pcp-row .sp-pcp-col-lg-2 {flex: 1 1 calc( 50% - 20px);}.sp-pcp-row .sp-pcp-col-lg-3 {flex: 1 1 calc( 33.333% - 20px);}.sp-pcp-row .sp-pcp-col-lg-4 {flex: 1 1 calc( 25% - 20px);}.sp-pcp-row .sp-pcp-col-lg-5 { flex: 1 1 calc( 20% - 20px);}.sp-pcp-row .sp-pcp-col-lg-6 {flex: 1 1 calc( 16.66666666666667% - 20px);}.sp-pcp-row .sp-pcp-col-lg-7 {flex: 1 1 calc( 14.28571428% - 20px);}.sp-pcp-row .sp-pcp-col-lg-8 {flex: 1 1 calc( 12.5% - 20px);}}@media (max-width: 992px) {.sp-pcp-row .sp-pcp-col-md-1 {flex: 0 0 100%;}.sp-pcp-row .sp-pcp-col-md-2 {flex: 1 1 calc( 50% - 20px);}.sp-pcp-row .sp-pcp-col-md-2-5 {flex: 0 0 75%;}.sp-pcp-row .sp-pcp-col-md-3 {flex: 1 1 calc( 33.333% - 20px);}.sp-pcp-row .sp-pcp-col-md-4 {flex: 1 1 calc( 25% - 20px);}.sp-pcp-row .sp-pcp-col-md-5 { flex: 1 1 calc( 20% - 20px);}.sp-pcp-row .sp-pcp-col-md-6 {flex: 1 1 calc( 16.66666666666667% - 20px);}.sp-pcp-row .sp-pcp-col-md-7 {flex: 1 1 calc( 14.28571428% - 20px);}.sp-pcp-row .sp-pcp-col-md-8 {flex: 1 1 calc( 12.5% - 20px);}}@media (max-width: 768px) {.sp-pcp-row .sp-pcp-col-sm-1 {flex: 0 0 100%;}.sp-pcp-row .sp-pcp-col-sm-2 {flex: 1 1 calc( 50% - 20px);}.sp-pcp-row .sp-pcp-col-sm-2-5 {flex: 0 0 75%;}.sp-pcp-row .sp-pcp-col-sm-3 {flex: 1 1 calc( 33.333% - 20px);}.sp-pcp-row .sp-pcp-col-sm-4 {flex: 1 1 calc( 25% - 20px);}.sp-pcp-row .sp-pcp-col-sm-5 { flex: 1 1 calc( 20% - 20px);}.sp-pcp-row .sp-pcp-col-sm-6 {flex: 1 1 calc( 16.66666666666667% - 20px);}.sp-pcp-row .sp-pcp-col-sm-7 {flex: 1 1 calc( 14.28571428% - 20px);}.sp-pcp-row .sp-pcp-col-sm-8 {flex: 1 1 calc( 12.5% - 20px);}}@media (max-width: 420px) {.sp-pcp-row .sp-pcp-col-xs-1 {flex: 0 0 100%;}.sp-pcp-row .sp-pcp-col-xs-2 {flex: 1 1 calc( 50% - 20px);}.sp-pcp-row .sp-pcp-col-xs-3 {flex: 1 1 calc( 33.333% - 20px);}.sp-pcp-row .sp-pcp-col-xs-4 {flex: 1 1 calc( 25% - 20px);}.sp-pcp-row .sp-pcp-col-xs-5 { flex: 1 1 calc( 20% - 20px);}.sp-pcp-row .sp-pcp-col-xs-6 {flex: 1 1 calc( 16.66666666666667% - 20px);}.sp-pcp-row .sp-pcp-col-xs-7 {flex: 1 1 calc( 14.28571428% - 20px);}.sp-pcp-row .sp-pcp-col-xs-8 {flex: 1 1 calc( 12.5% - 20px);}}<\/style>\n<div id=\"pcp_wrapper-17791\" class=\"sp-pcp-section sp-pcp-container pcp-wrapper-17791\">\n<div id=\"pcp-preloader\" class=\"pcp-preloader\"><\/div>\n\t\t<div class=\"sp-pcp-row\">\n\t\t\t\t<div class=\" sp-pcp-col-xs-1 sp-pcp-col-sm-2 sp-pcp-col-md-3 sp-pcp-col-lg-4 sp-pcp-col-xl-4\">\n\t\t\t<div class=\"sp-pcp-post default pcp-item-14468\" data-id=\"14468\">\n\t\t\t\t\t\t\t\t<div class=\"pcp-post-thumb-wrapper\">\n\t\t\t\t\t<div class=\"sp-pcp-post-thumb-area\">\n\t\t\t\t\t\t\t\t\t\t\t\t<a class=\"sp-pcp-thumb\" href=\"https:\/\/www.smd-led.pl\/blog\/jaka-barwa-swiatla-do-sypialni-co-wybrac\/\" target=\"_self\" >\n\t\t\t\t\t\t\t\t\t\t\t\t\t<img loading=\"lazy\" decoding=\"async\" src=\"https:\/\/www.smd-led.pl\/blog\/wp-content\/uploads\/2023\/11\/smdled_a_glamorous_style_bedroom_illuminated_with_slightly_blue_c98be2bb-a856-455d-aaaf-9133afda07fd.png\" width=\"1024\" height=\"1024\" alt=\"\">\n\t\t\t\t\t\t<\/a>\n\t\t\t\t\t<\/div>\n\t\t\t\t<\/div>\n\t\t\t\t\t\t\t\t<div class=\"sp-pcp-post-details\">\n\t\t\t\t\t<div class=\"sp-pcp-post-details-content\">\n\t\t\t\t\t\t\t\t<h2 class=\"sp-pcp-title\">\n\t\t\t\t\t\t\t\t\t<a href=\"https:\/\/www.smd-led.pl\/blog\/jaka-barwa-swiatla-do-sypialni-co-wybrac\/\"  target=\"_self\">Jaka barwa \u015bwiat\u0142a do sypialni co wybra\u0107?<\/a>\t\t\t\t\t\t\t<\/h2>\n\t\t\t\t\t\t<div class=\"sp-pcp-post-meta\">\n\t\t\t<ul><li>\t\t\t\t\t<i class=\"fa fa-user\"><\/i>\n\t\t\t\t\t<a href=\"https:\/\/www.smd-led.pl\/blog\/author\/mpietrasik\/\"\n\t\t\t\t\t\trel=\"author\">Marcin Pietrasik<\/a>\n\t\t\t\t\t<\/li> <li>\t\t\t\t\t<i class=\"fa fa-calendar\"><\/i>\n\t\t\t\t\t<time class=\"entry-date published updated\">8 listopada, 2023<\/time>\n\t\t\t\t\t<\/li><\/ul>\t\t<\/div>\n\t\t\t\t\t<div class=\"sp-pcp-post-content\">\n\t\t\t<p>Wyb\u00f3r odpowiedniej barwy \u015bwiat\u0142a do sypialni jest niezwykle wa\u017cny, aby zapewni\u0107 komfort, funkcjonalno\u015b\u0107 oraz stworzy\u0107 [&hellip;]<\/p>\n\t\t<div class=\"sp-pcp-readmore\">\n\t\t\t\t\t\t\t<a class=\"pcp-readmore-link\" target=\"_self\" href=\"https:\/\/www.smd-led.pl\/blog\/jaka-barwa-swiatla-do-sypialni-co-wybrac\/\" >\n\t\t\t\t\t\tCzytaj wi\u0119cej! <\/a>\n\t\t<\/div>\n\t\t\t\t\t<\/div>\n\t\t\t\t\t\t\t\t<\/div>\n\t\t\t\t<\/div>\n\t\t\t<\/div>\n\t\t<\/div>\n\t\t\t\t<div class=\" sp-pcp-col-xs-1 sp-pcp-col-sm-2 sp-pcp-col-md-3 sp-pcp-col-lg-4 sp-pcp-col-xl-4\">\n\t\t\t<div class=\"sp-pcp-post default pcp-item-13918\" data-id=\"13918\">\n\t\t\t\t\t\t\t\t<div class=\"pcp-post-thumb-wrapper\">\n\t\t\t\t\t<div class=\"sp-pcp-post-thumb-area\">\n\t\t\t\t\t\t\t\t\t\t\t\t<a class=\"sp-pcp-thumb\" href=\"https:\/\/www.smd-led.pl\/blog\/jak-podswietlic-lamele\/\" target=\"_self\" >\n\t\t\t\t\t\t\t\t\t\t\t\t\t<img loading=\"lazy\" decoding=\"async\" src=\"https:\/\/www.smd-led.pl\/blog\/wp-content\/uploads\/2023\/10\/Jak-podswietlic-lamele-2.jpg\" width=\"1200\" height=\"600\" alt=\"Jak pod\u015bwietli\u0107 lamele\">\n\t\t\t\t\t\t<\/a>\n\t\t\t\t\t<\/div>\n\t\t\t\t<\/div>\n\t\t\t\t\t\t\t\t<div class=\"sp-pcp-post-details\">\n\t\t\t\t\t<div class=\"sp-pcp-post-details-content\">\n\t\t\t\t\t\t\t\t<h2 class=\"sp-pcp-title\">\n\t\t\t\t\t\t\t\t\t<a href=\"https:\/\/www.smd-led.pl\/blog\/jak-podswietlic-lamele\/\"  target=\"_self\">Jak pod\u015bwietli\u0107 lamele?<\/a>\t\t\t\t\t\t\t<\/h2>\n\t\t\t\t\t\t<div class=\"sp-pcp-post-meta\">\n\t\t\t<ul><li>\t\t\t\t\t<i class=\"fa fa-user\"><\/i>\n\t\t\t\t\t<a href=\"https:\/\/www.smd-led.pl\/blog\/author\/mpietrasik\/\"\n\t\t\t\t\t\trel=\"author\">Marcin Pietrasik<\/a>\n\t\t\t\t\t<\/li> <li>\t\t\t\t\t<i class=\"fa fa-calendar\"><\/i>\n\t\t\t\t\t<time class=\"entry-date published updated\">18 pa\u017adziernika, 2023<\/time>\n\t\t\t\t\t<\/li><\/ul>\t\t<\/div>\n\t\t\t\t\t<div class=\"sp-pcp-post-content\">\n\t\t\t<p>Ka\u017cdy z nas szuka sposob\u00f3w, aby uczyni\u0107 swoje wn\u0119trze wyj\u0105tkowym i niepowtarzalnym. W dzisiejszym \u015bwiecie [&hellip;]<\/p>\n\t\t<div class=\"sp-pcp-readmore\">\n\t\t\t\t\t\t\t<a class=\"pcp-readmore-link\" target=\"_self\" href=\"https:\/\/www.smd-led.pl\/blog\/jak-podswietlic-lamele\/\" >\n\t\t\t\t\t\tCzytaj wi\u0119cej! <\/a>\n\t\t<\/div>\n\t\t\t\t\t<\/div>\n\t\t\t\t\t\t\t\t<\/div>\n\t\t\t\t<\/div>\n\t\t\t<\/div>\n\t\t<\/div>\n\t\t\t\t<div class=\" sp-pcp-col-xs-1 sp-pcp-col-sm-2 sp-pcp-col-md-3 sp-pcp-col-lg-4 sp-pcp-col-xl-4\">\n\t\t\t<div class=\"sp-pcp-post default pcp-item-11330\" data-id=\"11330\">\n\t\t\t\t\t\t\t\t<div class=\"pcp-post-thumb-wrapper\">\n\t\t\t\t\t<div class=\"sp-pcp-post-thumb-area\">\n\t\t\t\t\t\t\t\t\t\t\t\t<a class=\"sp-pcp-thumb\" href=\"https:\/\/www.smd-led.pl\/blog\/obraz-na-szarej-scianie\/\" target=\"_self\" >\n\t\t\t\t\t\t\t\t\t\t\t\t\t<img loading=\"lazy\" decoding=\"async\" src=\"https:\/\/www.smd-led.pl\/blog\/wp-content\/uploads\/2023\/07\/Obraz-na-szarej-scianie-1-1.jpg\" width=\"768\" height=\"502\" alt=\"Obraz na szarej \u015bcianie\">\n\t\t\t\t\t\t<\/a>\n\t\t\t\t\t<\/div>\n\t\t\t\t<\/div>\n\t\t\t\t\t\t\t\t<div class=\"sp-pcp-post-details\">\n\t\t\t\t\t<div class=\"sp-pcp-post-details-content\">\n\t\t\t\t\t\t\t\t<h2 class=\"sp-pcp-title\">\n\t\t\t\t\t\t\t\t\t<a href=\"https:\/\/www.smd-led.pl\/blog\/obraz-na-szarej-scianie\/\"  target=\"_self\">Obraz na szarej \u015bcianie<\/a>\t\t\t\t\t\t\t<\/h2>\n\t\t\t\t\t\t<div class=\"sp-pcp-post-meta\">\n\t\t\t<ul><li>\t\t\t\t\t<i class=\"fa fa-user\"><\/i>\n\t\t\t\t\t<a href=\"https:\/\/www.smd-led.pl\/blog\/author\/mpietrasik\/\"\n\t\t\t\t\t\trel=\"author\">Marcin Pietrasik<\/a>\n\t\t\t\t\t<\/li> <li>\t\t\t\t\t<i class=\"fa fa-calendar\"><\/i>\n\t\t\t\t\t<time class=\"entry-date published updated\">24 lipca, 2023<\/time>\n\t\t\t\t\t<\/li><\/ul>\t\t<\/div>\n\t\t\t\t\t<div class=\"sp-pcp-post-content\">\n\t\t\t<p>&nbsp; Tw\u00f3j szary salon zas\u0142uguje na odrobin\u0119 magii i osobistego wyrazu. Dlatego te\u017c warto zastanowi\u0107 [&hellip;]<\/p>\n\t\t<div class=\"sp-pcp-readmore\">\n\t\t\t\t\t\t\t<a class=\"pcp-readmore-link\" target=\"_self\" href=\"https:\/\/www.smd-led.pl\/blog\/obraz-na-szarej-scianie\/\" >\n\t\t\t\t\t\tCzytaj wi\u0119cej! <\/a>\n\t\t<\/div>\n\t\t\t\t\t<\/div>\n\t\t\t\t\t\t\t\t<\/div>\n\t\t\t\t<\/div>\n\t\t\t<\/div>\n\t\t<\/div>\n\t\t\t\t<div class=\" sp-pcp-col-xs-1 sp-pcp-col-sm-2 sp-pcp-col-md-3 sp-pcp-col-lg-4 sp-pcp-col-xl-4\">\n\t\t\t<div class=\"sp-pcp-post default pcp-item-11112\" data-id=\"11112\">\n\t\t\t\t\t\t\t\t<div class=\"pcp-post-thumb-wrapper\">\n\t\t\t\t\t<div class=\"sp-pcp-post-thumb-area\">\n\t\t\t\t\t\t\t\t\t\t\t\t<a class=\"sp-pcp-thumb\" href=\"https:\/\/www.smd-led.pl\/blog\/montaz-tasmy-led-na-scianie\/\" target=\"_self\" >\n\t\t\t\t\t\t\t\t\t\t\t\t\t<img loading=\"lazy\" decoding=\"async\" src=\"https:\/\/www.smd-led.pl\/blog\/wp-content\/uploads\/2023\/04\/Profil-LED-P18-2_inspiracja.jpg\" width=\"1600\" height=\"1200\" alt=\"Profil LED P18-2_inspiracja\">\n\t\t\t\t\t\t<\/a>\n\t\t\t\t\t<\/div>\n\t\t\t\t<\/div>\n\t\t\t\t\t\t\t\t<div class=\"sp-pcp-post-details\">\n\t\t\t\t\t<div class=\"sp-pcp-post-details-content\">\n\t\t\t\t\t\t\t\t<h2 class=\"sp-pcp-title\">\n\t\t\t\t\t\t\t\t\t<a href=\"https:\/\/www.smd-led.pl\/blog\/montaz-tasmy-led-na-scianie\/\"  target=\"_self\">Monta\u017c ta\u015bmy Led na \u015bcianie<\/a>\t\t\t\t\t\t\t<\/h2>\n\t\t\t\t\t\t<div class=\"sp-pcp-post-meta\">\n\t\t\t<ul><li>\t\t\t\t\t<i class=\"fa fa-user\"><\/i>\n\t\t\t\t\t<a href=\"https:\/\/www.smd-led.pl\/blog\/author\/mpietrasik\/\"\n\t\t\t\t\t\trel=\"author\">Marcin Pietrasik<\/a>\n\t\t\t\t\t<\/li> <li>\t\t\t\t\t<i class=\"fa fa-calendar\"><\/i>\n\t\t\t\t\t<time class=\"entry-date published updated\">17 kwietnia, 2023<\/time>\n\t\t\t\t\t<\/li><\/ul>\t\t<\/div>\n\t\t\t\t\t<div class=\"sp-pcp-post-content\">\n\t\t\t<p>Jak zrobi\u0107 prawid\u0142owo Monta\u017c ta\u015bmy Led na \u015bcianie? aby monta\u017c ta\u015bmy, by\u0142 zgodny z trendami [&hellip;]<\/p>\n\t\t<div class=\"sp-pcp-readmore\">\n\t\t\t\t\t\t\t<a class=\"pcp-readmore-link\" target=\"_self\" href=\"https:\/\/www.smd-led.pl\/blog\/montaz-tasmy-led-na-scianie\/\" >\n\t\t\t\t\t\tCzytaj wi\u0119cej! <\/a>\n\t\t<\/div>\n\t\t\t\t\t<\/div>\n\t\t\t\t\t\t\t\t<\/div>\n\t\t\t\t<\/div>\n\t\t\t<\/div>\n\t\t<\/div>\n\t\t\t<\/div>\n\t\t<span class=\"sp-pcp-pagination-data\" style=\"display:none;\"><\/span>\n\n\t\t<nav class=\"pcp-post-pagination pcp-on-desktop\">\n\t\t\t\t\t<\/nav>\n\t\t\t\t\t<nav class=\"pcp-post-pagination pcp-on-mobile\">\n\t\t\t\t\t<\/nav>\n\t\t\t\t<\/div>\n\n<h3>Kto p\u0142aci za o\u015bwietlenie klatki schodowej<\/h3>\n<p>Rozmawiaj\u0105c o o\u015bwietleniu klatki schodowej, nale\u017cy zada\u0107 sobie pytanie: kto p\u0142aci za u\u017cywane na niej \u015bwiat\u0142o? W domu jednorodzinnym sprawa jest prosta. Jako \u017ce klatka jest nasz\u0105 w\u0142asno\u015bci\u0105, to op\u0142aty nale\u017c\u0105 do nas i wliczaj\u0105 si\u0119 w zestawienie op\u0142at za pr\u0105d. W domach wielorodzinnych sprawa jest troch\u0119 bardziej skomplikowana i wszystko zale\u017cy od tego, jak skonstruowana jest nasza umowa najmu. Istniej\u0105 osiedla, czy te\u017c mieszkania, gdzie mamy z g\u00f3ry ustalony czynsz i \u017cadne media takie jak pr\u0105d czy woda nas nie interesuj\u0105. Wydawa\u0107 by si\u0119 mog\u0142o, \u017ce w takich przypadkach nie interesuje nas czy na klatce wisi oszcz\u0119dne o\u015bwietlenie. Nic bardziej mylnego. W wi\u0119kszo\u015bci przypadk\u00f3w koszt korzystania z o\u015bwietlenia na klatce jest po prostu wkalkulowany w czynsz i dlatego te\u017c powinni\u015bmy d\u0105\u017cy\u0107 do redukcji poboru mocy na klatce. Podobnie sytuacja ma si\u0119 w przypadku, sp\u00f3\u0142dzielni czy wsp\u00f3lnot mieszkaniowych. Klatka schodowa nale\u017cy do tzw. cz\u0119\u015bci wsp\u00f3lnej budynku. Dlatego te\u017c, na koszt u\u017cytkowania \u015bwiat\u0142a sk\u0142adaj\u0105 si\u0119 wszyscy mieszka\u0144cy. Podsumowuj\u0105c niewa\u017cne, w jaki spos\u00f3b rozliczamy si\u0119 ze swoim najemc\u0105, w finalnych rozrachunku praktycznie zawsze i tak p\u0142acimy my.<\/p>\n<p><img loading=\"lazy\" decoding=\"async\" class=\"aligncenter wp-image-1168 size-full\" src=\"https:\/\/www.smd-led.pl\/blog\/wp-content\/uploads\/2019\/02\/oswietlenie-na-klatce-schodowej.jpg\" alt=\"o\u015bwietlenie na klatce schodowej\" width=\"640\" height=\"410\" \/><\/p>\n<div class=\"call-to-action-04\"><div class=\"call-to-action-04__img-box\"><img decoding=\"async\" src=\"https:\/\/www.smd-led.pl\/blog\/wp-content\/uploads\/2023\/12\/profil-led-wpuszczany-2026-03-23T095326.445.png\" alt=\"Plafony LED \u2013 nowoczesne \u015bwiat\u0142o do ka\u017cdego wn\u0119trza\" \/><\/div><div class=\"call-to-action-04__info-box\"><span class=\"call-to-action-04__product-title\">Plafony LED \u2013 nowoczesne \u015bwiat\u0142o do ka\u017cdego wn\u0119trza<\/span><p><p>Odkryj plafony LED, kt\u00f3re \u0142\u0105cz\u0105 estetyk\u0119, funkcjonalno\u015b\u0107 i energooszcz\u0119dno\u015b\u0107. Wybierz idealne o\u015bwietlenie do salonu, sypialni, kuchni lub biura.<\/p>\n<\/p><a href=\"https:\/\/www.smd-led.pl\/plafony-led\" class=\"button\" id=\"plafony_\" target=\"_self\">Zobacz produkt<\/a><\/div><\/div>\n<p>Dlatego te\u017c najcz\u0119\u015bciej stosowanym na chwil\u0119 obecn\u0105 rozwi\u0105zaniem, je\u015bli chodzi o o\u015bwietlenie miejsc tego typu, s\u0105 plafony LED ze zintegrowanym czujnikiem ruchu. Rozwi\u0105zanie to jest o tyle dobre, \u017ce nie do\u015b\u0107, \u017ce sam pob\u00f3r mocy plafonu LED jest bardzo niski, to dodatkowo za\u0142\u0105czenie go nast\u0119puje automatycznie wy\u0142\u0105cznie, wtedy gdy jest to wymagane, czyli gdy kto\u015b wchodzi na klatk\u0119. Specjalne czujniki ruchowo-zmierzchowe aktywuj\u0105 plafon tylko, gdy robi si\u0119 zbyt ciemno, by mo\u017cna by\u0142o bezpiecznie wej\u015b\u0107 bez dodatkowego o\u015bwietlenia, oraz automatycznie wy\u0142\u0105cza si\u0119, gdy przestanie wyczuwa\u0107 ruch na klatce. Pozwala to na maksymalizacj\u0119 oszcz\u0119dno\u015bci wynik\u0142ych z wymiany o\u015bwietlenia na lampy tego typu.<\/p>\n<h3>O\u015bwietlenie klatki schodowej aran\u017cacje<\/h3>\n<p>Istnieje wiele r\u00f3\u017cnych mo\u017cliwo\u015bci o\u015bwietlenia klatki schodowej w spos\u00f3b nowoczesny i elegancki. Wszystko zale\u017cy od sposobu, w jaki chcemy wykona\u0107 dan\u0105 instalacj\u0119 o\u015bwietleniow\u0105. jakie o\u015bwietlenie na klatk\u0119 schodow\u0105 jak j\u0105 o\u015bwietli\u0107?<\/p>\n<p><img loading=\"lazy\" decoding=\"async\" class=\"alignleft wp-image-1153\" src=\"https:\/\/www.smd-led.pl\/blog\/wp-content\/uploads\/2019\/02\/saje_starogard_druk_058.jpg\" alt=\"O\u015bwietlenie klatki schodowej przy pomocy lampy dekoracyjnej\" width=\"200\" height=\"270\" \/><\/p>\n<p>W przypadku\u00a0dom\u00f3w wielorodzinnych najcz\u0119\u015bciej stosowanym o\u015bwietleniem s\u0105 plafony z czujnikiem ruchu (o powodach tego rozwi\u0105zania mogli\u015bcie przeczyta\u0107 powy\u017cej). Dlatego te\u017c sam design zale\u017cy g\u0142\u00f3wnie od wygl\u0105du zastosowanej lampy. Ewentualnym rozwi\u0105zaniem jest r\u00f3wnie\u017c skorzystanie z dowolnej lampy dekoracyjnej podpi\u0119tej pod <a href=\"https:\/\/www.smd-led.pl\/czujnik-ruchu\">czujnik ruchu<\/a>. Podobnie ma si\u0119 sytuacja w przypadku dom\u00f3w jednorodzinnych i dekoracyjnych lamp sufitowych. Je\u015bli\u00a0decydujemy si\u0119 na taki krok, to realnie rzecz ujmuj\u0105c, jedyn\u0105 barier\u0105 jest nasza wyobra\u017ania i generalny design pomieszcze\u0144. Jedni preferuj\u0105 klasyczne o\u015bwietlenie i wykorzystaj\u0105 najbardziej podstawowy, bia\u0142y plafon, kt\u00f3ry nie b\u0119dzie rzuca\u0107 si\u0119 w oczy. Inni zdecyduj\u0105 si\u0119 na bardziej designerskie rozwi\u0105zanie, jak np. \u017car\u00f3wki zwieszone na kablach w dekoracyjnym oplocie (zdj\u0119cie z bazy kolorowe kable \u2014 mo\u017cemy u\u017cywa\u0107 potwierdzone). Taki prosty mog\u0142oby si\u0119 wydawa\u0107 zabieg, potrafi odmieni\u0107 tradycyjne oblicze klatki schodowej i nada\u0107 jej bardziej nowoczesny, lekko industrialny wygl\u0105d.<\/p>\n<p>Na osobne om\u00f3wienie zas\u0142uguj\u0105 ta\u015bmy LED i dedykowane im profile aluminiowe. Za pomoc\u0105 tego po\u0142\u0105czenia wykona\u0107 mo\u017cna niesamowite aran\u017cacje. Stosowane g\u0142\u00f3wnie w domach jednorodzinnych, aran\u017cacje \u015bwietlne z u\u017cyciem ta\u015bm potrafi\u0105 da\u0107 niesamowity efekt. Przyk\u0142adem jest jedno z cz\u0119stszych rozwi\u0105za\u0144, tj. roz\u015bwietlenie schod\u00f3w przy pomocy ta\u015bm mocowanych pod stopniami schod\u00f3w. Dzi\u0119ki u\u017cyciu odpowiednich komponent\u00f3w wykona\u0107 mo\u017cna r\u00f3\u017cne kompozycje \u015bwietlne nawet w przypadku o\u015bwietlenia tak subtelnego, jak o\u015bwietlenie stopni schod\u00f3w. Co ciekawe, rozwi\u0105zania tego typu s\u0105 r\u00f3wnie\u017c stosowane w spos\u00f3b bardziej przemys\u0142owy \u2014 g\u0142\u00f3wnie w oparciu o specjalne profile SCALA dedykowane do o\u015bwietlenia schodowego, kt\u00f3re posiadaj\u0105 specjaln\u0105 gumowan\u0105 powierzchni\u0119 zapobiegaj\u0105c\u0105 \u015blizganiu si\u0119. Jest to rozwi\u0105zanie cz\u0119sto stosowane np. w budynkach u\u017cyteczno\u015bci publicznej, kt\u00f3re posiadaj\u0105 cz\u0119sto ucz\u0119szczane klatki schodowe.<\/p>\n<div id=\"attachment_1154\" style=\"width: 3510px\" class=\"wp-caption aligncenter\"><img loading=\"lazy\" decoding=\"async\" aria-describedby=\"caption-attachment-1154\" class=\"wp-image-1154 size-full\" src=\"https:\/\/www.smd-led.pl\/blog\/wp-content\/uploads\/2019\/02\/H_3.jpg\" alt=\"O\u015bwietlenie stopni schod\u00f3w - jakie o\u015bwietlenie na klatk\u0119 schodow\u0105\" width=\"3500\" height=\"2625\" \/><p id=\"caption-attachment-1154\" class=\"wp-caption-text\">O\u015bwietlenie stopni schod\u00f3w &#8211; jakie o\u015bwietlenie na klatk\u0119 schodow\u0105<\/p><\/div>\n<div class=\"call-to-action-06\" style=\"background-image: url('https:\/\/www.smd-led.pl\/blog\/wp-content\/uploads\/2023\/12\/Lampy-do-salonu-2.png')\"><div class=\"call-to-action-06__info-box\"><div class=\"call-to-action-06__info\"><p class=\"call-to-action-06__txt\">Zobacz wi\u0119cej z kategorii<\/p><span class=\"call-to-action-06__cat-title\">Plafony LED<\/span><a href=\"https:\/\/www.smd-led.pl\/plafony-led\" class=\"button\" id=\"plafon_kategoria\" target=\"_self\">Zobacz produkty<\/a><\/div><\/div><\/div>\n<p>Jeszcze innym sposobem o\u015bwietlania klatek schodowych s\u0105 tzw. oprawki schodowe, montowane w \u015bcianie bezpo\u015brednio przy stopniach. Jest to tzw. o\u015bwietlenie boczne, wbudowane w \u015bcian\u0119 i o\u015bwietlaj\u0105ce schody w\u0142a\u015bnie. Innym rodzajem tego typu o\u015bwietlenia s\u0105 ponownie ta\u015bmy i profile, jednak wbudowane w \u015bcian\u0119 i tworz\u0105ce d\u0142ug\u0105 lini\u0119 o\u015bwietlenia biegn\u0105c\u0105 po \u015bcianie wzd\u0142u\u017c schod\u00f3w. Daje to niesamowity efekt wizualny, a dzi\u0119ki szerokiemu wyborowi architektonicznych profili do ta\u015bm LED, mo\u017cemy osi\u0105gn\u0105\u0107 przer\u00f3\u017cne, zapieraj\u0105ce dech w piersiach efekty. Ewentualnie zawsze mo\u017cna wykorzysta\u0107 profile LED do wykonania niewielkich lampek, b\u0119d\u0105cych w swym za\u0142o\u017ceniu zamiennikiem klasycznych opraw schodowych.<\/p>\n<div id=\"attachment_1156\" style=\"width: 3510px\" class=\"wp-caption aligncenter\"><img loading=\"lazy\" decoding=\"async\" aria-describedby=\"caption-attachment-1156\" class=\"wp-image-1156 size-full\" src=\"https:\/\/www.smd-led.pl\/blog\/wp-content\/uploads\/2019\/02\/TIANO_4.jpg\" alt=\"Oprawki schodowe z profilu aluminiowego TIANO - jakie o\u015bwietlenie na klatk\u0119 schodow\u0105\" width=\"3500\" height=\"2625\" \/><p id=\"caption-attachment-1156\" class=\"wp-caption-text\">Oprawki schodowe z profilu aluminiowego TIANO &#8211; jakie o\u015bwietlenie na klatk\u0119 schodow\u0105<\/p><\/div>\n<h3>O\u015bwietlenie klatki schodowej schemat<\/h3>\n<p>Schemat wykonania instalacji elektrycznej dla klatki schodowej r\u00f3\u017cni\u0107 si\u0119 b\u0119dzie w zale\u017cno\u015bci od indywidualnych ustale\u0144 i sposobu aktywacji o\u015bwietlenia. Dwa podstawowe rodzaje wykonania instalacji to ta oparta o w\u0142\u0105czniki schodowe oraz ta oparta o czujniki ruchu. Je\u015bli chodzi o w\u0142\u0105czniki schodowe, to podstawowym schematem, kt\u00f3ry nale\u017cy opanowa\u0107, jest schemat pod\u0142\u0105czenia samych w\u0142\u0105cznik\u00f3w do \u017ar\u00f3d\u0142a \u015bwiat\u0142a tak, by mo\u017cna by\u0142o nim odpowiednio sterowa\u0107. Poni\u017cej znajdziecie prosty schemat oraz opis ca\u0142ego po\u0142\u0105czenia.<\/p>\n<p>W standardowej instalacji opartej o w\u0142\u0105czniki schodowe przew\u00f3d ochronny PE oraz neutralny wpinamy bezpo\u015brednio w lamp\u0119, wpinaj\u0105c do pierwszego z w\u0142\u0105cznik\u00f3w przew\u00f3d fazowy zasilaj\u0105cy. Na samym w\u0142\u0105czniku oznaczone powinno by\u0107 gniazdo, w kt\u00f3re nale\u017cy wpi\u0105\u0107 si\u0119 owym przewodem. Nast\u0119pnie z w\u0142\u0105cznika wpi\u0119tego do zasilania wyprowadzamy dwa przewody (gniazda r\u00f3wnie\u017c powinny by\u0107 oznaczone), kt\u00f3re doprowadzi\u0107 nale\u017cy do drugiego w\u0142\u0105cznika schodowego, wpinaj\u0105c w te same gniazda co na w\u0142\u0105czniku pierwszym. Nast\u0119pnie z drugiego w\u0142\u0105cznika wyprowadzamy przew\u00f3d fazowy i wpinamy go w lamp\u0119, kt\u00f3ra ma by\u0107 sterowana za pomoc\u0105 powy\u017cszej instalacji. Z samego opisu mo\u017ce to wygl\u0105da\u0107 na do\u015b\u0107 skomplikowane po\u0142\u0105czenie, jednak gdy spojrzymy na schemat to wida\u0107, \u017ce tak naprawd\u0119 wcale takie nie jest. Najwa\u017cniejsze, aby odpowiednio rozprowadzi\u0107 okablowanie podczas planowania o\u015bwietlenia.<\/p>\n<p>W przypadku czujnika ruchu sprawa jest odrobin\u0119 prostsza. Wystarczy wpi\u0105\u0107 czujnik w linii zasilaj\u0105cej lamp\u0119 tak, by puszcza\u0142 napi\u0119cie tylko wtedy, gdy wyczuje ruch. Oczywi\u015bcie m\u00f3wi\u0119 tu o rozwi\u0105zaniu, gdy stosujemy jeden czujnik ruchu, kt\u00f3ry swym zasi\u0119giem pokrywa zar\u00f3wno wej\u015bcie, jak i zej\u015bcie na klatk\u0119, tak jak ma to zazwyczaj miejsce w budynkach wielorodzinnych. Troch\u0119 inaczej wygl\u0105da to, gdy opieramy si\u0119 o 2 bardziej czu\u0142e sensory. Ten typ instalacji opisz\u0119 jednak w p\u00f3\u017aniejszej cz\u0119\u015bci artyku\u0142u. Poni\u017cej szybki schemat wpi\u0119cia czujnika ruchu w lini\u0119 zasilaj\u0105c\u0105 lamp\u0119.<\/p>\n<div class=\"call-to-action-07\"><div class=\"call-to-action-07__product-box\"><img decoding=\"async\" src=\"https:\/\/www.smd-led.pl\/blog\/wp-content\/uploads\/2023\/12\/IP65-3.png\" alt=\"PLAFON LED 24W 1920LM IP44 4000K PIR\" \/><span class=\"call-to-action-07__product-title\">PLAFON LED 24W 1920LM IP44 4000K PIR<\/span><a href=\"https:\/\/www.smd-led.pl\/plafoniera-led\" class=\"button\" id=\"plafon_pir\" target=\"_self\">Zobacz produkt<\/a><\/div><div class=\"call-to-action-07__product-box\"><img decoding=\"async\" src=\"https:\/\/www.smd-led.pl\/blog\/wp-content\/uploads\/2023\/12\/IP65-4.png\" alt=\"PLAFON LED V-TAC SAMSUNG CHIP 12W CZUJNIK RUCHU\" \/><span class=\"call-to-action-07__product-title\">PLAFON LED V-TAC SAMSUNG CHIP 12W CZUJNIK RUCHU<\/span><a href=\"https:\/\/www.smd-led.pl\/plafon-led-z-czujnikiem-ruchu\" class=\"button\" id=\"plafon_pir\" target=\"_self\">Zobacz produkt<\/a><\/div><div class=\"call-to-action-07__product-box\"><img decoding=\"async\" src=\"https:\/\/www.smd-led.pl\/blog\/wp-content\/uploads\/2023\/12\/IP65-5.png\" alt=\"PLAFON 2XE27 PIR DALLAS\" \/><span class=\"call-to-action-07__product-title\">PLAFON 2XE27 PIR DALLAS<\/span><a href=\"https:\/\/www.smd-led.pl\/plafon-led-natynkowy\" class=\"button\" id=\"plafon_pir\" target=\"_self\">Zobacz produkt<\/a><\/div><\/div>\n<h3>O\u015bwietlenie klatki schodowej przepisy &#8211; jakie o\u015bwietlenie na klatk\u0119 schodow\u0105<\/h3>\n<p>Rozmawiaj\u0105c na temat o\u015bwietlenia klatek schodowych, nale\u017cy pami\u0119ta\u0107 o tym, i\u017c o\u015bwietlenie tego typu powinno spe\u0142nia\u0107 pewne standardy i by\u0107 zgodne z przepisami dotycz\u0105cymi tych\u017ce miejsc. W przypadku domu jednorodzinnego nie b\u0119dzie to istotne i jedynym aspektem, jaki nale\u017cy bra\u0107 pod uwag\u0119, s\u0105 si\u0142a \u015bwiecenia (kolokwialnie m\u00f3wi\u0105c, aby by\u0142o wystarczaj\u0105co widno przy odpaleniu), oraz aby wsp\u00f3\u0142czynnik oddawania barw Ra przekracza\u0142 80. Jest to wska\u017anik rekomendowany do miejsc, w kt\u00f3rym przebywaj\u0105 ludzie i lampy z ni\u017cszym wsp\u00f3\u0142czynnikiem mog\u0105 powodowa\u0107 z\u0142e samopoczucie korzystaj\u0105cych z klatki os\u00f3b.<\/p>\n<p>W przypadku budynk\u00f3w u\u017cyteczno\u015bci publicznej, czy te\u017c obiekt\u00f3w wielorodzinnych sprawa ma si\u0119 zgo\u0142a inaczej. W nich klatki schodowe podlegaj\u0105 pod przepisy o\u015bwietleniowe dotycz\u0105ce cz\u0119\u015bci wsp\u00f3lnej u\u017cytkowanej w obiekcie. Dlatego te\u017c nale\u017cy spe\u0142ni\u0107 wymogi normy o\u015bwietleniowej PN-EN 12464-1:2004 \u015awiat\u0142o i o\u015bwietlenie \u2013 O\u015bwietlenie miejsc pracy \u2013 Cz\u0119\u015b\u0107 1.: Miejsca pracy we wn\u0119trzach. Rzecz\u0105 najistotniejsz\u0105, jak\u0105 spe\u0142nia\u0107 powinny lampy, jest nat\u0119\u017cenie \u015bwiat\u0142a na powierzchni. Dla klatek schodowych wymagane nat\u0119\u017cenie to 150 lx. Dlatego te\u017c, montuj\u0105c o\u015bwietlenie, warto zweryfikowa\u0107 jakie warto\u015bci osi\u0105gamy przy u\u017cyciu danej lampy, \u017ceby p\u00f3\u017aniej nie okaza\u0142o si\u0119, \u017ce mimo wymiany na nowe \u017ar\u00f3d\u0142a, musimy robi\u0107 kolejny remont i zamian\u0119 na mocniejsze lampy. Innym istotnym aspektem jest to, \u017ce wchodz\u0105c na klatk\u0119 \u015bwiat\u0142o, powinno si\u0119 ju\u017c pali\u0107. Jest to cz\u0119sty problem, gdy mamy do czynienia z wind\u0105 i czujnik ruchu zamontowany w lampie uruchamia si\u0119 dopiero po wyj\u015bciu z niej. Optymalnym rozwi\u0105zaniem jest wykorzystanie lamp z mikrofalowym czujnikiem ruchu, kt\u00f3ry mo\u017cna odpowiednio wyregulowa\u0107 i ustawi\u0107 tak, by \u0142apa\u0142 ruch ju\u017c przy otwarciu drzwi windy.<\/p>\n<p>Osobnym aspektem, je\u015bli chodzi o o\u015bwietlenie klatek schodowych w budynkach wielorodzinnych i obiektach u\u017cyteczno\u015bci publicznej jest o\u015bwietlenie awaryjne i ewakuacyjne. Najcz\u0119\u015bciej droga prowadz\u0105ca przez klatki schodowe jest r\u00f3wnie\u017c drog\u0105 ewakuacyjn\u0105. Dlatego te\u017c nale\u017cy pami\u0119ta\u0107 o tym, aby zapewni\u0107 odpowiednie nat\u0119\u017cenie \u015bwiat\u0142a w przypadku zaniku napi\u0119cia, oraz odpowiednio pokierowa\u0107 ludzi do wyj\u015b\u0107 w trakcie ewakuacji. Je\u015bli chodzi o drog\u0119 ewakuacyjn\u0105 nat\u0119\u017cenie, jakie powinno by\u0107 zapewnione podczas ewakuacji to 1 lx. Wynika to z normy PN-EN 1838:2005 Zastosowanie o\u015bwietlenia \u2013 o\u015bwietlenie awaryjne. Je\u015bli chodzi o o\u015bwietlenie ewakuacyjne, to istnieje kilka podstawowych wytycznych, kt\u00f3rymi nale\u017cy si\u0119 kierowa\u0107 podczas planowania ustawienia lamp, jednak nie b\u0119d\u0119 ich opisywa\u0107, gdy\u017c znajduj\u0105 si\u0119 w artykule po\u015bwi\u0119conym temu zagadnieniu. Wa\u017cne jest, aby lampy posiada\u0142y certyfikat CNBOP dopuszczaj\u0105cy ich u\u017cycie jako lamp awaryjnych i ewakuacyjnych. Inaczej, podczas kontroli odpowiednie organy (Stra\u017c Po\u017carna czy te\u017c BHP), mo\u017ce nakaza\u0107 wymian\u0119 o\u015bwietlenia tego typu pomimo tego, \u017ce spe\u0142niaj\u0105 swoj\u0105 funkcj\u0119. Na chwil\u0119 obecn\u0105 najcz\u0119stszym i optymalnym cenowo rozwi\u0105zaniem jest stosowanie oddzielnych, autonomicznych lamp z w\u0142asnym akumulatorem.<\/p>\n<div class=\"call-to-action-04\"><div class=\"call-to-action-04__img-box\"><img decoding=\"async\" src=\"https:\/\/www.smd-led.pl\/blog\/wp-content\/uploads\/2023\/12\/oprawa-led-sofi-lx-z-czujnikiem-13w-premium-barwa-neutralna-1.webp\" alt=\"oprawa-led-sofi-lx-z-czujnikiem-13w-premium-barwa-neutralna (1)\" \/><\/div><div class=\"call-to-action-04__info-box\"><span class=\"call-to-action-04__product-title\">OPRAWA LED SOFI LX Z CZUJNIKIEM 13W PREMIUM BARWA NEUTRALNA<\/span><p><p>Oprawa LED Sofi Lx Z Czujnikiem 13W Premium Barwa Neutralna KFSX13WNB &#8211; idealne rozwi\u0105zanie dla os\u00f3b poszukuj\u0105cych nowoczesnych i praktycznych rozwi\u0105za\u0144 o\u015bwietleniowych. Super sprawdzi si\u0119 na klatkach schodowych!<\/p>\n<\/p><a href=\"https:\/\/www.smd-led.pl\/plafony-led\" class=\"button\" id=\"plafon_mirofalowy\" target=\"_self\">Zobacz produkt<\/a><\/div><\/div>\n<h3>O\u015bwietlenie schod\u00f3w z czujnikiem ruchu schemat<\/h3>\n<p>O\u015bwietlenie schod\u00f3w cz\u0119sto wi\u0105\u017ce si\u0119 z tym, \u017ce chcieliby\u015bmy, aby za\u0142\u0105cza\u0142o si\u0119 ono i wy\u0142\u0105cza\u0142o automatycznie. Dlatego te\u017c w wielu przypadkach stosujemy z nimi czujniki ruchu. Cz\u0119sto, gdy schody odchodz\u0105 np. od korytarza, nie chcemy r\u00f3wnie\u017c, by \u015bwiat\u0142o zapala\u0142o si\u0119 przy przechodzeniu obok. W\u0142a\u015bnie dlatego, w wielu przypadkach u\u017cywa si\u0119 dw\u00f3ch czujek o wysokiej czu\u0142o\u015bci \u2014 po jednej na dole i g\u00f3rze. Czujniki tego typu cz\u0119sto posiadaj\u0105 regulacj\u0119, dzi\u0119ki kt\u00f3rej ustawi\u0107 mo\u017cna je tak, by reagowa\u0142y wy\u0142\u0105cznie, gdy zaczynamy korzysta\u0107 ze schod\u00f3w. Jak jednak pod\u0142\u0105czy\u0107 czujniki, aby dzia\u0142a\u0142y tak, jak tego potrzebujemy. Poni\u017cej zaprezentuj\u0119 najprostszy schemat z u\u017cyciem dw\u00f3ch czujnik\u00f3w 230 V i zestawu ta\u015bm o\u015bwietlaj\u0105cych stopnie.<\/p>\n<p>Jak wida\u0107 na za\u0142\u0105czonym schemacie wszystko, co nale\u017cy zrobi\u0107 to pu\u015bci\u0107 nitk\u0119 przewod\u00f3w prowadz\u0105c\u0105 do czujnik\u00f3w i wpi\u0105\u0107 j\u0105 bezpo\u015brednio przed zasilaczem do LED. Dzi\u0119ki temu, napi\u0119cie na zasilacz zostanie podane wy\u0142\u0105cznie wtedy, gdy czujnik wykryje ruch. To spowoduje, \u017ce \u015bwiat\u0142o uruchomi si\u0119 tylko, gdy kto\u015b b\u0119dzie korzysta\u0142 z klatki.<\/p>\n<div class=\"call-to-action-01\"><div class=\"call-to-action-01__txt-box\"><span class=\"call-to-action-01__txt-box-title\">Plafon LED z regulacj\u0105 nat\u0119\u017cenia o\u015bwietlenia<\/span><p><p>Plafon LED z regulacj\u0105 nat\u0119\u017cenia o\u015bwietlenia to nowoczesne rozwi\u0105zanie o\u015bwietleniowe, kt\u00f3re umo\u017cliwia dostosowanie ilo\u015bci emitowanego \u015bwiat\u0142a do indywidualnych potrzeb i preferencji. Dzi\u0119ki zastosowaniu technologii LED, plafon jest energooszcz\u0119dny i charakteryzuje si\u0119 d\u0142ug\u0105 \u017cywotno\u015bci\u0105.<\/p>\n<\/p><\/div><div class=\"call-to-action-01__img-box\" style=\"background-image: url('https:\/\/www.smd-led.pl\/blog\/wp-content\/uploads\/2023\/12\/plafon-led-line-lunar-okragly-220-240v-16w-1360lm-4000k-biala-dzienna-ip65-z-czujnikiem-ruchu.webp')\"><\/div><div class=\"call-to-action-01__product-box\"><div class=\"call-to-action-01__product-img\"><img decoding=\"async\" src=\"https:\/\/www.smd-led.pl\/blog\/wp-content\/uploads\/2023\/12\/plafon-led-line-lunar-okragly-220-240v-16w-1360lm-4000k-biala-dzienna-ip65-z-czujnikiem-ruchu.jpg\" alt=\"PLAFON LED LINE LUNAR OKR\u0104G\u0141Y 220-240V 16W 1360LM 4000K BIA\u0141A DZIENNA IP65 Z CZUJNIKIEM RUCHU\" \/><\/div><div class=\"call-to-action-01__product-info\"><span class=\"call-to-action-01__product-title\">PLAFON LED LINE LUNAR OKR\u0104G\u0141Y<\/span><p><\/p><a href=\"https:\/\/www.smd-led.pl\/plafon-led-z-czujnikiem-ruchu\" class=\"button\" id=\"plafon_naterzenie\" target=\"_self\">Zobacz produkt<\/a><\/div><\/div><\/div>\n<h3>O\u015bwietlenie schod\u00f3w na jakiej wysoko\u015bci?<\/h3>\n<p>Cho\u0107 wiele os\u00f3b zadaje sobie pytanie, na jakiej wysoko\u015bci nale\u017cy wykona\u0107 o\u015bwietlenie schod\u00f3w, to nie ma na nie jednoznacznej odpowiedzi. Wszystko zale\u017cy bowiem od u\u017cytego \u017ar\u00f3d\u0142a \u015bwiat\u0142a oraz mo\u017cliwo\u015bci monta\u017cowych. W przypadku pod\u015bwietlenia stopni za pomoc\u0105 ta\u015bm sprawa rozwi\u0105zuje si\u0119 sama. To samo tyczy si\u0119 monta\u017cu na stropowego lamp \u2014 wysoko\u015b\u0107 zale\u017cy od wysoko\u015bci sufitu. Je\u015bli chodzi o o\u015bwietlenie boczne natomiast, warto pami\u0119ta\u0107 o tym, \u017ce wi\u0119kszo\u015b\u0107 oprawek schodowych nie ma du\u017cej mocy. Zwykle jest to zakres od 1 do 3W. Dlatego te\u017c powinny by\u0107 montowane nisko nad stopniem, aby mimo niewielkiej si\u0142y \u015bwiecenia o\u015bwietli\u0107 schody na tyle, by mo\u017cna by\u0142o z nich bezpiecznie korzysta\u0107. Osobnym przypadkiem s\u0105 lampy zwieszane z sufitu. Tutaj g\u0142\u00f3wnym aspektem powinno by\u0107 to, czy przy danej wysoko\u015bci zwieszenia lampa zapewnia prawid\u0142owe nat\u0119\u017cenie \u015bwiat\u0142a na powierzchni schod\u00f3w\/klatki chodowej (150 lx w przypadku cz\u0119\u015bci wsp\u00f3lnej w domach wielorodzinnych \/ wg potrzeb we w\u0142asnym domu).<\/p>\n<div id=\"attachment_1162\" style=\"width: 1010px\" class=\"wp-caption aligncenter\"><img loading=\"lazy\" decoding=\"async\" aria-describedby=\"caption-attachment-1162\" class=\"wp-image-1162 size-full\" src=\"https:\/\/www.smd-led.pl\/blog\/wp-content\/uploads\/Photogenica-PHX7437972.jpg\" alt=\"oswietlenie na klatce schodowej - jakie o\u015bwietlenie na klatk\u0119 schodow\u0105\" width=\"1000\" height=\"667\" srcset=\"https:\/\/www.smd-led.pl\/blog\/wp-content\/uploads\/Photogenica-PHX7437972.jpg 1000w, https:\/\/www.smd-led.pl\/blog\/wp-content\/uploads\/Photogenica-PHX7437972-300x200.jpg 300w, https:\/\/www.smd-led.pl\/blog\/wp-content\/uploads\/Photogenica-PHX7437972-768x512.jpg 768w\" sizes=\"auto, (max-width: 1000px) 100vw, 1000px\" \/><p id=\"caption-attachment-1162\" class=\"wp-caption-text\">O\u015bwietlenie na klatce schodowej &#8211; jakie o\u015bwietlenie na klatk\u0119 schodow\u0105<\/p><\/div>\n","protected":false},"excerpt":{"rendered":"<p>W\u015br\u00f3d wielu rodzaj\u00f3w o\u015bwietlenia, kt\u00f3re stosujemy zar\u00f3wno w domach jednorodzinnych, jak i du\u017cych blokowiskach, do\u015b\u0107 [&hellip;]<\/p>\n","protected":false},"author":7,"featured_media":3030,"comment_status":"closed","ping_status":"closed","sticky":false,"template":"","format":"standard","meta":{"inline_featured_image":false,"footnotes":""},"categories":[51,31,32],"tags":[801],"class_list":["post-8786","post","type-post","status-publish","format-standard","has-post-thumbnail","hentry","category-dom-wnetrza","category-oswietlenie-dla-domu","category-oswietlenie-przemyslowe","tag-wnetrza"],"acf":[],"yoast_head":"<!-- This site is optimized with the Yoast SEO Premium plugin v26.8 (Yoast SEO v26.8) - https:\/\/yoast.com\/product\/yoast-seo-premium-wordpress\/ -->\n<title>Jakie o\u015bwietlenie na klatk\u0119 schodow\u0105? - SMD-LED<\/title>\n<meta name=\"description\" content=\"Jakie o\u015bwietlenie na klatk\u0119 schodow\u0105? Sprawd\u017a najnowsze trendy, kt\u00f3re mog\u0105 Ci\u0119 zaskoczy\u0107 i rozwi\u0105za\u0107 problem o\u015bwietlenie klatki schodowej\" \/>\n<meta name=\"robots\" content=\"index, follow, max-snippet:-1, max-image-preview:large, max-video-preview:-1\" \/>\n<link rel=\"canonical\" href=\"https:\/\/www.smd-led.pl\/blog\/oswietlenie-na-klatce-schodowej\/\" \/>\n<meta property=\"og:locale\" content=\"pl_PL\" \/>\n<meta property=\"og:type\" content=\"article\" \/>\n<meta property=\"og:title\" content=\"Jakie o\u015bwietlenie na klatk\u0119 schodow\u0105?\" \/>\n<meta property=\"og:description\" content=\"Jakie o\u015bwietlenie na klatk\u0119 schodow\u0105? Sprawd\u017a najnowsze trendy, kt\u00f3re mog\u0105 Ci\u0119 zaskoczy\u0107 i rozwi\u0105za\u0107 problem o\u015bwietlenie klatki schodowej\" \/>\n<meta property=\"og:url\" content=\"https:\/\/www.smd-led.pl\/blog\/oswietlenie-na-klatce-schodowej\/\" \/>\n<meta property=\"og:site_name\" content=\"SMD-LED\" \/>\n<meta property=\"article:published_time\" content=\"2019-02-06T16:14:36+00:00\" \/>\n<meta property=\"article:modified_time\" content=\"2024-02-01T09:44:50+00:00\" \/>\n<meta property=\"og:image\" content=\"https:\/\/www.smd-led.pl\/blog\/wp-content\/uploads\/2019\/02\/Oswietlenie-schodow.jpg\" \/>\n\t<meta property=\"og:image:width\" content=\"800\" \/>\n\t<meta property=\"og:image:height\" content=\"533\" \/>\n\t<meta property=\"og:image:type\" content=\"image\/jpeg\" \/>\n<meta name=\"author\" content=\"Marcin Pietrasik\" \/>\n<meta name=\"twitter:card\" content=\"summary_large_image\" \/>\n<meta name=\"twitter:label1\" content=\"Napisane przez\" \/>\n\t<meta name=\"twitter:data1\" content=\"Marcin Pietrasik\" \/>\n\t<meta name=\"twitter:label2\" content=\"Szacowany czas czytania\" \/>\n\t<meta name=\"twitter:data2\" content=\"19 minut\" \/>\n<script type=\"application\/ld+json\" class=\"yoast-schema-graph\">{\"@context\":\"https:\/\/schema.org\",\"@graph\":[{\"@type\":\"Article\",\"@id\":\"https:\/\/www.smd-led.pl\/blog\/oswietlenie-na-klatce-schodowej\/#article\",\"isPartOf\":{\"@id\":\"https:\/\/www.smd-led.pl\/blog\/oswietlenie-na-klatce-schodowej\/\"},\"author\":{\"name\":\"Marcin Pietrasik\",\"@id\":\"https:\/\/www.smd-led.pl\/blog\/#\/schema\/person\/887fa24be503d7ae726f67021d1623f5\"},\"headline\":\"Jakie o\u015bwietlenie na klatk\u0119 schodow\u0105?\",\"datePublished\":\"2019-02-06T16:14:36+00:00\",\"dateModified\":\"2024-02-01T09:44:50+00:00\",\"mainEntityOfPage\":{\"@id\":\"https:\/\/www.smd-led.pl\/blog\/oswietlenie-na-klatce-schodowej\/\"},\"wordCount\":3496,\"image\":{\"@id\":\"https:\/\/www.smd-led.pl\/blog\/oswietlenie-na-klatce-schodowej\/#primaryimage\"},\"thumbnailUrl\":\"https:\/\/www.smd-led.pl\/blog\/wp-content\/uploads\/2019\/02\/Oswietlenie-schodow.jpg\",\"keywords\":[\"wn\u0119trza\"],\"articleSection\":[\"Dom wn\u0119trza\",\"O\u015bwietlenie dla domu\",\"O\u015bwietlenie przemys\u0142owe\"],\"inLanguage\":\"pl-PL\"},{\"@type\":\"WebPage\",\"@id\":\"https:\/\/www.smd-led.pl\/blog\/oswietlenie-na-klatce-schodowej\/\",\"url\":\"https:\/\/www.smd-led.pl\/blog\/oswietlenie-na-klatce-schodowej\/\",\"name\":\"Jakie o\u015bwietlenie na klatk\u0119 schodow\u0105? - SMD-LED\",\"isPartOf\":{\"@id\":\"https:\/\/www.smd-led.pl\/blog\/#website\"},\"primaryImageOfPage\":{\"@id\":\"https:\/\/www.smd-led.pl\/blog\/oswietlenie-na-klatce-schodowej\/#primaryimage\"},\"image\":{\"@id\":\"https:\/\/www.smd-led.pl\/blog\/oswietlenie-na-klatce-schodowej\/#primaryimage\"},\"thumbnailUrl\":\"https:\/\/www.smd-led.pl\/blog\/wp-content\/uploads\/2019\/02\/Oswietlenie-schodow.jpg\",\"datePublished\":\"2019-02-06T16:14:36+00:00\",\"dateModified\":\"2024-02-01T09:44:50+00:00\",\"author\":{\"@id\":\"https:\/\/www.smd-led.pl\/blog\/#\/schema\/person\/887fa24be503d7ae726f67021d1623f5\"},\"description\":\"Jakie o\u015bwietlenie na klatk\u0119 schodow\u0105? Sprawd\u017a najnowsze trendy, kt\u00f3re mog\u0105 Ci\u0119 zaskoczy\u0107 i rozwi\u0105za\u0107 problem o\u015bwietlenie klatki schodowej\",\"breadcrumb\":{\"@id\":\"https:\/\/www.smd-led.pl\/blog\/oswietlenie-na-klatce-schodowej\/#breadcrumb\"},\"inLanguage\":\"pl-PL\",\"potentialAction\":[{\"@type\":\"ReadAction\",\"target\":[\"https:\/\/www.smd-led.pl\/blog\/oswietlenie-na-klatce-schodowej\/\"]}]},{\"@type\":\"ImageObject\",\"inLanguage\":\"pl-PL\",\"@id\":\"https:\/\/www.smd-led.pl\/blog\/oswietlenie-na-klatce-schodowej\/#primaryimage\",\"url\":\"https:\/\/www.smd-led.pl\/blog\/wp-content\/uploads\/2019\/02\/Oswietlenie-schodow.jpg\",\"contentUrl\":\"https:\/\/www.smd-led.pl\/blog\/wp-content\/uploads\/2019\/02\/Oswietlenie-schodow.jpg\",\"width\":800,\"height\":533,\"caption\":\"O\u015bwietlenie na klatce schodowej\"},{\"@type\":\"BreadcrumbList\",\"@id\":\"https:\/\/www.smd-led.pl\/blog\/oswietlenie-na-klatce-schodowej\/#breadcrumb\",\"itemListElement\":[{\"@type\":\"ListItem\",\"position\":1,\"name\":\"Strona g\u0142\u00f3wna\",\"item\":\"https:\/\/www.smd-led.pl\/blog\/\"},{\"@type\":\"ListItem\",\"position\":2,\"name\":\"Jakie o\u015bwietlenie na klatk\u0119 schodow\u0105?\"}]},{\"@type\":\"WebSite\",\"@id\":\"https:\/\/www.smd-led.pl\/blog\/#website\",\"url\":\"https:\/\/www.smd-led.pl\/blog\/\",\"name\":\"SMD-LED\",\"description\":\"O\u015bwietlenie Led do domu i przemys\u0142u porady, testy i opinie ekspert\u00f3w\",\"potentialAction\":[{\"@type\":\"SearchAction\",\"target\":{\"@type\":\"EntryPoint\",\"urlTemplate\":\"https:\/\/www.smd-led.pl\/blog\/?s={search_term_string}\"},\"query-input\":{\"@type\":\"PropertyValueSpecification\",\"valueRequired\":true,\"valueName\":\"search_term_string\"}}],\"inLanguage\":\"pl-PL\"},{\"@type\":\"Person\",\"@id\":\"https:\/\/www.smd-led.pl\/blog\/#\/schema\/person\/887fa24be503d7ae726f67021d1623f5\",\"name\":\"Marcin Pietrasik\",\"image\":{\"@type\":\"ImageObject\",\"inLanguage\":\"pl-PL\",\"@id\":\"https:\/\/www.smd-led.pl\/blog\/#\/schema\/person\/image\/\",\"url\":\"https:\/\/secure.gravatar.com\/avatar\/c886f4ccbb5c83b665ee8b66f0b3401128439bc832dca6389b6e67c6bdc3d38b?s=96&d=mm&r=g\",\"contentUrl\":\"https:\/\/secure.gravatar.com\/avatar\/c886f4ccbb5c83b665ee8b66f0b3401128439bc832dca6389b6e67c6bdc3d38b?s=96&d=mm&r=g\",\"caption\":\"Marcin Pietrasik\"},\"url\":\"https:\/\/www.smd-led.pl\/blog\/author\/mpietrasik\/\"}]}<\/script>\n<!-- \/ Yoast SEO Premium plugin. -->","yoast_head_json":{"title":"Jakie o\u015bwietlenie na klatk\u0119 schodow\u0105? - SMD-LED","description":"Jakie o\u015bwietlenie na klatk\u0119 schodow\u0105? Sprawd\u017a najnowsze trendy, kt\u00f3re mog\u0105 Ci\u0119 zaskoczy\u0107 i rozwi\u0105za\u0107 problem o\u015bwietlenie klatki schodowej","robots":{"index":"index","follow":"follow","max-snippet":"max-snippet:-1","max-image-preview":"max-image-preview:large","max-video-preview":"max-video-preview:-1"},"canonical":"https:\/\/www.smd-led.pl\/blog\/oswietlenie-na-klatce-schodowej\/","og_locale":"pl_PL","og_type":"article","og_title":"Jakie o\u015bwietlenie na klatk\u0119 schodow\u0105?","og_description":"Jakie o\u015bwietlenie na klatk\u0119 schodow\u0105? Sprawd\u017a najnowsze trendy, kt\u00f3re mog\u0105 Ci\u0119 zaskoczy\u0107 i rozwi\u0105za\u0107 problem o\u015bwietlenie klatki schodowej","og_url":"https:\/\/www.smd-led.pl\/blog\/oswietlenie-na-klatce-schodowej\/","og_site_name":"SMD-LED","article_published_time":"2019-02-06T16:14:36+00:00","article_modified_time":"2024-02-01T09:44:50+00:00","og_image":[{"width":800,"height":533,"url":"https:\/\/www.smd-led.pl\/blog\/wp-content\/uploads\/2019\/02\/Oswietlenie-schodow.jpg","type":"image\/jpeg"}],"author":"Marcin Pietrasik","twitter_card":"summary_large_image","twitter_misc":{"Napisane przez":"Marcin Pietrasik","Szacowany czas czytania":"19 minut"},"schema":{"@context":"https:\/\/schema.org","@graph":[{"@type":"Article","@id":"https:\/\/www.smd-led.pl\/blog\/oswietlenie-na-klatce-schodowej\/#article","isPartOf":{"@id":"https:\/\/www.smd-led.pl\/blog\/oswietlenie-na-klatce-schodowej\/"},"author":{"name":"Marcin Pietrasik","@id":"https:\/\/www.smd-led.pl\/blog\/#\/schema\/person\/887fa24be503d7ae726f67021d1623f5"},"headline":"Jakie o\u015bwietlenie na klatk\u0119 schodow\u0105?","datePublished":"2019-02-06T16:14:36+00:00","dateModified":"2024-02-01T09:44:50+00:00","mainEntityOfPage":{"@id":"https:\/\/www.smd-led.pl\/blog\/oswietlenie-na-klatce-schodowej\/"},"wordCount":3496,"image":{"@id":"https:\/\/www.smd-led.pl\/blog\/oswietlenie-na-klatce-schodowej\/#primaryimage"},"thumbnailUrl":"https:\/\/www.smd-led.pl\/blog\/wp-content\/uploads\/2019\/02\/Oswietlenie-schodow.jpg","keywords":["wn\u0119trza"],"articleSection":["Dom wn\u0119trza","O\u015bwietlenie dla domu","O\u015bwietlenie przemys\u0142owe"],"inLanguage":"pl-PL"},{"@type":"WebPage","@id":"https:\/\/www.smd-led.pl\/blog\/oswietlenie-na-klatce-schodowej\/","url":"https:\/\/www.smd-led.pl\/blog\/oswietlenie-na-klatce-schodowej\/","name":"Jakie o\u015bwietlenie na klatk\u0119 schodow\u0105? - SMD-LED","isPartOf":{"@id":"https:\/\/www.smd-led.pl\/blog\/#website"},"primaryImageOfPage":{"@id":"https:\/\/www.smd-led.pl\/blog\/oswietlenie-na-klatce-schodowej\/#primaryimage"},"image":{"@id":"https:\/\/www.smd-led.pl\/blog\/oswietlenie-na-klatce-schodowej\/#primaryimage"},"thumbnailUrl":"https:\/\/www.smd-led.pl\/blog\/wp-content\/uploads\/2019\/02\/Oswietlenie-schodow.jpg","datePublished":"2019-02-06T16:14:36+00:00","dateModified":"2024-02-01T09:44:50+00:00","author":{"@id":"https:\/\/www.smd-led.pl\/blog\/#\/schema\/person\/887fa24be503d7ae726f67021d1623f5"},"description":"Jakie o\u015bwietlenie na klatk\u0119 schodow\u0105? Sprawd\u017a najnowsze trendy, kt\u00f3re mog\u0105 Ci\u0119 zaskoczy\u0107 i rozwi\u0105za\u0107 problem o\u015bwietlenie klatki schodowej","breadcrumb":{"@id":"https:\/\/www.smd-led.pl\/blog\/oswietlenie-na-klatce-schodowej\/#breadcrumb"},"inLanguage":"pl-PL","potentialAction":[{"@type":"ReadAction","target":["https:\/\/www.smd-led.pl\/blog\/oswietlenie-na-klatce-schodowej\/"]}]},{"@type":"ImageObject","inLanguage":"pl-PL","@id":"https:\/\/www.smd-led.pl\/blog\/oswietlenie-na-klatce-schodowej\/#primaryimage","url":"https:\/\/www.smd-led.pl\/blog\/wp-content\/uploads\/2019\/02\/Oswietlenie-schodow.jpg","contentUrl":"https:\/\/www.smd-led.pl\/blog\/wp-content\/uploads\/2019\/02\/Oswietlenie-schodow.jpg","width":800,"height":533,"caption":"O\u015bwietlenie na klatce schodowej"},{"@type":"BreadcrumbList","@id":"https:\/\/www.smd-led.pl\/blog\/oswietlenie-na-klatce-schodowej\/#breadcrumb","itemListElement":[{"@type":"ListItem","position":1,"name":"Strona g\u0142\u00f3wna","item":"https:\/\/www.smd-led.pl\/blog\/"},{"@type":"ListItem","position":2,"name":"Jakie o\u015bwietlenie na klatk\u0119 schodow\u0105?"}]},{"@type":"WebSite","@id":"https:\/\/www.smd-led.pl\/blog\/#website","url":"https:\/\/www.smd-led.pl\/blog\/","name":"SMD-LED","description":"O\u015bwietlenie Led do domu i przemys\u0142u porady, testy i opinie ekspert\u00f3w","potentialAction":[{"@type":"SearchAction","target":{"@type":"EntryPoint","urlTemplate":"https:\/\/www.smd-led.pl\/blog\/?s={search_term_string}"},"query-input":{"@type":"PropertyValueSpecification","valueRequired":true,"valueName":"search_term_string"}}],"inLanguage":"pl-PL"},{"@type":"Person","@id":"https:\/\/www.smd-led.pl\/blog\/#\/schema\/person\/887fa24be503d7ae726f67021d1623f5","name":"Marcin Pietrasik","image":{"@type":"ImageObject","inLanguage":"pl-PL","@id":"https:\/\/www.smd-led.pl\/blog\/#\/schema\/person\/image\/","url":"https:\/\/secure.gravatar.com\/avatar\/c886f4ccbb5c83b665ee8b66f0b3401128439bc832dca6389b6e67c6bdc3d38b?s=96&d=mm&r=g","contentUrl":"https:\/\/secure.gravatar.com\/avatar\/c886f4ccbb5c83b665ee8b66f0b3401128439bc832dca6389b6e67c6bdc3d38b?s=96&d=mm&r=g","caption":"Marcin Pietrasik"},"url":"https:\/\/www.smd-led.pl\/blog\/author\/mpietrasik\/"}]}},"_links":{"self":[{"href":"https:\/\/www.smd-led.pl\/blog\/wp-json\/wp\/v2\/posts\/8786","targetHints":{"allow":["GET"]}}],"collection":[{"href":"https:\/\/www.smd-led.pl\/blog\/wp-json\/wp\/v2\/posts"}],"about":[{"href":"https:\/\/www.smd-led.pl\/blog\/wp-json\/wp\/v2\/types\/post"}],"author":[{"embeddable":true,"href":"https:\/\/www.smd-led.pl\/blog\/wp-json\/wp\/v2\/users\/7"}],"replies":[{"embeddable":true,"href":"https:\/\/www.smd-led.pl\/blog\/wp-json\/wp\/v2\/comments?post=8786"}],"version-history":[{"count":6,"href":"https:\/\/www.smd-led.pl\/blog\/wp-json\/wp\/v2\/posts\/8786\/revisions"}],"predecessor-version":[{"id":17814,"href":"https:\/\/www.smd-led.pl\/blog\/wp-json\/wp\/v2\/posts\/8786\/revisions\/17814"}],"wp:featuredmedia":[{"embeddable":true,"href":"https:\/\/www.smd-led.pl\/blog\/wp-json\/wp\/v2\/media\/3030"}],"wp:attachment":[{"href":"https:\/\/www.smd-led.pl\/blog\/wp-json\/wp\/v2\/media?parent=8786"}],"wp:term":[{"taxonomy":"category","embeddable":true,"href":"https:\/\/www.smd-led.pl\/blog\/wp-json\/wp\/v2\/categories?post=8786"},{"taxonomy":"post_tag","embeddable":true,"href":"https:\/\/www.smd-led.pl\/blog\/wp-json\/wp\/v2\/tags?post=8786"}],"curies":[{"name":"wp","href":"https:\/\/api.w.org\/{rel}","templated":true}]}}