{"id":8795,"date":"2020-04-05T16:30:17","date_gmt":"2020-04-05T14:30:17","guid":{"rendered":"https:\/\/www.smd-led.pl\/blog\/?p=2608"},"modified":"2024-01-15T13:25:44","modified_gmt":"2024-01-15T12:25:44","slug":"lampy-do-lakierni-oswietlenie-lakierni","status":"publish","type":"post","link":"https:\/\/www.smd-led.pl\/blog\/lampy-do-lakierni-oswietlenie-lakierni\/","title":{"rendered":"Lampy do lakierni &#8211; o\u015bwietlenie lakierni"},"content":{"rendered":"<p>\u015awiat\u0142o mocno mo\u017ce wp\u0142ywa\u0107 na percepcj\u0119, szczeg\u00f3lnie kolor\u00f3w. Dlatego odpowiedni wyb\u00f3r o\u015bwietlenia mo\u017ce by\u0107 pomocny wszystkim osobom, dla kt\u00f3rych w\u0142a\u015bciwy odbi\u00f3r kolor\u00f3w b\u0119dzie pomocny w ich pracy. Z pewno\u015bci\u0105 jedn\u0105 z takich grup zawodowych s\u0105 lakiernicy. Dobrze dobrane <strong>o\u015bwietlenie lakierni<\/strong> u\u0142atwi im dob\u00f3r odcieni lakieru i pozwoli wychwyci\u0107 wszelkie wady lakiernicze powsta\u0142e podczas pracy. Przy niewystarczaj\u0105cym o\u015bwietleniu, efekty pracy lakiernika b\u0119d\u0105 raczej kiepskie i pozostawi on du\u017c\u0105 ilo\u015b\u0107 niedor\u00f3bek, widzianych dopiero w \u015bwietle dziennym. Dlatego warto zainwestowa\u0107 w dobre <strong>lampy do lakierni <\/strong>takie jak na przyk\u0142ad <a href=\"https:\/\/www.smd-led.pl\/lampa-przeciwwybuchowa\">oprawy przeciwwybuchowe<\/a>. Odwdzi\u0119cz\u0105 si\u0119 one wi\u0119kszym komfortem pracy i zdecydowanie wy\u017csz\u0105 jako\u015bci\u0105 wykonywanych prac lakierniczych.<\/p>\n<div id=\"attachment_6166\" style=\"width: 810px\" class=\"wp-caption aligncenter\"><img loading=\"lazy\" decoding=\"async\" aria-describedby=\"caption-attachment-6166\" class=\"size-full wp-image-6166\" src=\"https:\/\/www.smd-led.pl\/blog\/wp-content\/uploads\/2020\/04\/lampa-do-lakierni-1.png\" alt=\"Jaka lampa do lakierni\" width=\"800\" height=\"533\" \/><p id=\"caption-attachment-6166\" class=\"wp-caption-text\">Jaka lampa do lakierni<\/p><\/div>\n<p style=\"text-align: center;\"><strong><span style=\"font-size: 24pt; color: #ff0000;\">Najcz\u0119\u015bciej wybierane lampy przez naszych klient\u00f3w:<\/span><\/strong><\/p>\n<div class=\"call-to-action-07\"><div class=\"call-to-action-07__product-box\"><img decoding=\"async\" src=\"https:\/\/www.smd-led.pl\/blog\/wp-content\/uploads\/2023\/12\/oprawa-hermetyczna-led-line-prime-linker-40w-4000k-150lm-w-220-240v-ip65-1.jpg\" alt=\"OPRAWA HERMETYCZNA LED LINE PRIME LINKER 40W\" \/><span class=\"call-to-action-07__product-title\">OPRAWA HERMETYCZNA LED LINE PRIME LINKER 40W<\/span><a href=\"https:\/\/www.smd-led.pl\/oprawa-hermetyczna\" class=\"button\" id=\"oprawy_hermetyczne_\" target=\"_self\">Zobacz produkt<\/a><\/div><div class=\"call-to-action-07__product-box\"><img decoding=\"async\" src=\"https:\/\/www.smd-led.pl\/blog\/wp-content\/uploads\/2023\/12\/oprawa-hermetyczna-led-v-tac-g-series-120cm-36w-120lm-w-vt-1249-4000k-4320lm.webp\" alt=\"Oprawa gara\u017cowa\" \/><span class=\"call-to-action-07__product-title\">LAMPA HERMETYCZNA LED LIMEA GIGANT 38W<\/span><a href=\"https:\/\/www.smd-led.pl\/swietlowki-i-oprawy-led\" class=\"button\" id=\"oprawy_hermetyczne_\" target=\"_self\">Zobacz Produkt<\/a><\/div><div class=\"call-to-action-07__product-box\"><img decoding=\"async\" src=\"https:\/\/www.smd-led.pl\/blog\/wp-content\/uploads\/2023\/12\/oprawa-led-nexforce1-60w-neutralna-biala.webp\" alt=\"OPRAWA LED NEXFORCE1 60W NEUTRALNA BIA\u0141A\" \/><span class=\"call-to-action-07__product-title\">OPRAWA LED NEXFORCE1 60W<\/span><a href=\"https:\/\/www.smd-led.pl\/lampa-led-do-garazu\" class=\"button\" id=\"oprawy_hermetyczne_\" target=\"_blank\">Zobacz produkt<\/a><\/div><\/div>\n<h2>O\u015bwietlenie lakierni<\/h2>\n<p>Generalna zasada brzmi: im wi\u0119cej \u015bwiat\u0142a, tym lepiej. Lakiernia musi wi\u0119c by\u0107 wyposa\u017cona w du\u017c\u0105 ilo\u015b\u0107 mocnych \u017ar\u00f3de\u0142 \u015bwiat\u0142a, zapewniaj\u0105cych odpowiedni\u0105 jasno\u015b\u0107 w trakcie pracy. Z powodu zapotrzebowania na du\u017c\u0105 moc \u015bwiat\u0142a, korzystny b\u0119dzie wyb\u00f3r lamp LEDowych. <strong>O\u015bwietlenie LED do lakierni<\/strong> nie narazi na tak wysokie koszty zwi\u0105zane z jego funkcjonowaniem, jak to by\u0142oby w przypadku tradycyjnych \u017ar\u00f3de\u0142 \u015bwiat\u0142a. Zdecydowali\u015bmy ju\u017c o wyborze LED\u00f3w, teraz pytanie: jakie lampy i jakie oprawy do lakierni wybra\u0107? Podstawowym \u017ar\u00f3d\u0142em \u015bwiat\u0142a mog\u0105 by\u0107 <a href=\"https:\/\/www.smd-led.pl\/swietlowka-led\">\u015bwietl\u00f3wki LED<\/a> w oprawach hermetycznych.<\/p>\n<p><a href=\"https:\/\/www.smd-led.pl\/zestaw-premium-oprawa-ip65-2xtuba-led-t8-linio-120cm-2250lm-4000k-7383\"><img loading=\"lazy\" decoding=\"async\" class=\"aligncenter wp-image-2611 size-full\" src=\"https:\/\/www.smd-led.pl\/blog\/wp-content\/uploads\/2020\/04\/zestaw-swietlowkowy.jpg\" alt=\"Zestaw Premium - \u015bwietl\u00f3wki LED\" width=\"330\" height=\"330\" \/><\/a><\/p>\n<p>Oprawy musz\u0105 by\u0107 hermetyczne, poniewa\u017c podczas lakierowania powstaje wybuchowa mieszanina rozpuszczalnik\u00f3w i dla bezpiecze\u0144stwa nie powinna ona mie\u0107 kontaktu z wn\u0119trzem takiej niezabezpieczonej lampy. Podobnie zabezpieczone (ukryte w \u015bcianach) powinny by\u0107 wszelkie po\u0142\u0105czenia elektryczne i ca\u0142a instalacja. <a href=\"https:\/\/www.smd-led.pl\/lampa-hermetyczna\">Lampy hermetyczne<\/a> mog\u0105 zosta\u0107 wyposa\u017cone r\u00f3wnie\u017c w zintegrowane \u017ar\u00f3d\u0142o \u015bwiat\u0142a, kt\u00f3re powinni\u015bmy rozmie\u015bci\u0107 w spos\u00f3b jednolity na wszystkich \u015bcianach lakierni, aby o\u015bwietla\u0107 r\u00f3wnomiernie z ka\u017cdej strony lakierowany pojazd.<br \/>\nOdpowiednim rozwi\u0105zaniem do g\u0142\u00f3wnego <strong>o\u015bwietlenia lakierni<\/strong> b\u0119dzie tak\u017ce lampa przeciwwybuchowa. Jest to specjalnie zabezpieczona oprawa \u015bwietlna, kt\u00f3ra poradzi sobie nawet w najbardziej ekstremalnych warunkach w strefach zagro\u017cenia wybuchem gaz\u00f3w, par czy mgie\u0142 cieczy palnych z powietrzem.<\/p>\n<p><img loading=\"lazy\" decoding=\"async\" class=\"wp-image-2612 size-full aligncenter\" src=\"https:\/\/www.smd-led.pl\/blog\/wp-content\/uploads\/2020\/04\/lampy-przeciwwybuchowe.jpg\" alt=\"Lampy przeciwwybuchowe\" width=\"1570\" height=\"720\" \/><\/p>\n<p>Dobrze, je\u015bli mamy mo\u017cliwo\u015b\u0107 w\u0142\u0105czania o\u015bwietlenia sekcjami. Korzystne, g\u0142\u00f3wnie ekonomicznie jest, gdy mamy mo\u017cliwo\u015b\u0107 w\u0142\u0105czenia o\u015bwietlenia tylko tam, gdzie jest nam ono akurat potrzebne. Wa\u017cne tak\u017ce, aby nasz lakiernia wyposa\u017cona by\u0142a w skuteczny wyci\u0105g. Oka\u017ce si\u0119 on pomocny, gdy podczas samego lakierowania, g\u0142\u00f3wnie lakierem bezbarwnym powstanie mg\u0142a lakiernicza, rozpraszaj\u0105ca tak mocno \u015bwiat\u0142o, \u017ce momentami mo\u017ce by\u0107 nic nie wida\u0107. O\u015bwietlenie lakierni samochodowej powinno posiada\u0107 \u015bwiat\u0142o o barwie zbli\u017conej do \u015bwiat\u0142a dziennego ok. 4200K i posiada\u0107 nat\u0119\u017cenie co najmniej 750 lx.<\/p>\n<p><a href=\"https:\/\/www.smd-led.pl\/lampa-hermetyczna\"><img loading=\"lazy\" decoding=\"async\" class=\"aligncenter size-full wp-image-2613\" src=\"https:\/\/www.smd-led.pl\/blog\/wp-content\/uploads\/2020\/04\/lampa-hermetyczna.jpg\" alt=\"Lampy hermetyczne\" width=\"480\" height=\"480\" \/><\/a><\/p>\n<h2>Lampy do lakierni jak\u0105 wybra\u0107?<\/h2>\n<p>Przy wyborze lamp do lakierni warto rozwa\u017cy\u0107 kilka kluczowych aspekt\u00f3w. Na przyk\u0142ad, \u015bwiat\u0142a LED s\u0105 energooszcz\u0119dne i maj\u0105 d\u0142ug\u0105 \u017cywotno\u015b\u0107, ale mog\u0105 by\u0107 dro\u017csze w zakupie. \u015awietl\u00f3wki s\u0105 zwykle ta\u0144sze, ale mog\u0105 mie\u0107 kr\u00f3tsz\u0105 \u017cywotno\u015b\u0107 i zu\u017cywa\u0107 wi\u0119cej energii. Wa\u017cny jest r\u00f3wnie\u017c indeks odwzorowania barw (CRI), kt\u00f3ry powinien by\u0107 jak najwy\u017cszy, aby zapewni\u0107 najlepsze odwzorowanie kolor\u00f3w. Temperatura barwowa r\u00f3wnie\u017c ma znaczenie, gdy\u017c r\u00f3\u017cne temperatury mog\u0105 wp\u0142ywa\u0107 na percepcj\u0119 kolor\u00f3w. Odporno\u015b\u0107 na chemikalia i wilgo\u0107 to kolejny istotny czynnik, zw\u0142aszcza w wilgotnych lub chemicznie agresywnych \u015brodowiskach. Niekt\u00f3re lampy s\u0105 tak\u017ce zabezpieczone przed wybuchem, co mo\u017ce by\u0107 wa\u017cne w niekt\u00f3rych przemys\u0142owych ustawieniach. Mo\u017cliwo\u015b\u0107 regulacji jasno\u015bci i sterowania zdalnego mo\u017ce r\u00f3wnie\u017c okaza\u0107 si\u0119 u\u017cyteczna w zale\u017cno\u015bci od konkretnych potrzeb. Cho\u0107 pocz\u0105tkowy koszt mo\u017ce by\u0107 wy\u017cszy dla niekt\u00f3rych typ\u00f3w lamp, warto r\u00f3wnie\u017c rozwa\u017cy\u0107 ca\u0142kowite koszty eksploatacji, w tym zu\u017cycie energii i \u017cywotno\u015b\u0107 lamp. Przed dokonaniem wyboru najlepiej jest skonsultowa\u0107 si\u0119 z profesjonalistami i przetestowa\u0107 r\u00f3\u017cne opcje w warunkach, kt\u00f3re najbardziej odpowiadaj\u0105 rzeczywisto\u015bci.<\/p>\n<div class=\"call-to-action-05\" style=\"background-image: url('https:\/\/www.smd-led.pl\/blog\/wp-content\/uploads\/2024\/01\/przeciwycbuchowa.png')\"><div class=\"call-to-action-05__info-box\"><div class=\"call-to-action-05__info\"><p class=\"call-to-action-05__txt\">Zobacz wi\u0119cej z kategorii<\/p><span class=\"call-to-action-05__cat-title\">Lampy przeciwwybuchowe<\/span><a href=\"https:\/\/www.smd-led.pl\/lampa-przeciwwybuchowa\" class=\"button\" id=\"przeciwybuchowa_kategoria\" target=\"_self\">Zobacz produkty<\/a><\/div><\/div><\/div>\n<h2>Lampy do kabin lakierniczych<\/h2>\n<p>Komora lakiernicza jest przestrzeni\u0105 zamkni\u0119t\u0105, pozbawion\u0105 dost\u0119pu \u015bwiat\u0142a dziennego. Dlatego konieczne jest wyposa\u017cenie jej w sztuczne \u017ar\u00f3d\u0142o \u015bwiat\u0142a, kt\u00f3re zapewni dobre warunki do pracy. <strong>O\u015bwietlenie kabiny lakierniczej<\/strong> powinno by\u0107 tak skonstruowane, aby podczas pracy lakiernik nie rzuca\u0142 cienia na lakierowan\u0105 powierzchni\u0119. Dlatego dobrym miejscem instalacji lamp s\u0105 styki \u015bcian z sufitem lub te\u017c monta\u017c o\u015bwietlenia na \u015bcianach w dw\u00f3ch rz\u0119dach, g\u00f3rnym i dolnym. Pierwsze rozwi\u0105zanie daje du\u017ce niet\u0119\u017cenie \u015bwiat\u0142a przy mo\u017cliwie ma\u0142ej liczbie zainstalowanych \u015bwietl\u00f3wek. Niestety poprzez fakt wysoko zainstalowanych \u015bwietl\u00f3wek, mo\u017ce wyst\u0105pi\u0107 problem z do\u015bwietleniem lakierowanych cz\u0119\u015bci podprogowych.<\/p>\n<div class=\"call-to-action-04\"><div class=\"call-to-action-04__img-box\"><img decoding=\"async\" src=\"https:\/\/www.smd-led.pl\/blog\/wp-content\/uploads\/2024\/01\/profil-led-wpuszczany-2026-03-19T125354.847.png\" alt=\"Oprawy przeciwwybuchowe LED \u2013 bezpiecze\u0144stwo w strefach zagro\u017conych\" \/><\/div><div class=\"call-to-action-04__info-box\"><span class=\"call-to-action-04__product-title\">Oprawy przeciwwybuchowe LED \u2013 bezpiecze\u0144stwo w strefach zagro\u017conych<\/span><p><p>Profesjonalne oprawy przeciwwybuchowe LED do stref 1 i 21 zapewniaj\u0105 niezawodne i bezpieczne o\u015bwietlenie w wymagaj\u0105cych warunkach. To trwa\u0142e rozwi\u0105zanie stworzone z my\u015bl\u0105 o maksymalnej ochronie i wydajno\u015bci pracy.<\/p>\n<\/p><a href=\"https:\/\/www.smd-led.pl\/oprawa-led-do-stref-1-i-21\" class=\"button\" id=\"\" target=\"_self\">Zobacz produkt<\/a><\/div><\/div>\n<p>Zastosowanie dw\u00f3ch rz\u0119d\u00f3w \u015bwietl\u00f3wek, czy lamp LED daje dobre rozproszenie \u015bwiat\u0142a i wysokie jego nat\u0119\u017cenie w kabinie. Wymaga jednak zastosowania wi\u0119kszej liczby opraw, a tym samym zwi\u0119ksza zu\u017cycie energii elektrycznej. Mo\u017cemy jeszcze zdecydowa\u0107 si\u0119 na rozwi\u0105zanie po\u015brednie. Mo\u017cemy zainstalowa\u0107 lampy u g\u00f3ry w skosach i dodatkowo pionowo w naro\u017cnikach kabiny na poziomie pod\u0142ogi. Rozwi\u0105zanie to da nam dobre nat\u0119\u017cenie \u015bwiat\u0142a w polu roboczym, natomiast lampy pionowe do\u015bwietl\u0105 lakierowane cz\u0119\u015bci podprogowe, a przy okazji nie spowoduj\u0105 rzucania cienia przez lakiernika na lakierowany element. Ilo\u015b\u0107 lamp u\u017cytych do o\u015bwietlenia kabiny zale\u017ce\u0107 b\u0119dzie ju\u017c od rodzaju kabiny.<\/p>\n<p><img loading=\"lazy\" decoding=\"async\" class=\"wp-image-3392 size-full aligncenter\" src=\"https:\/\/www.smd-led.pl\/blog\/wp-content\/uploads\/2020\/04\/lampy-led-do-lakierni.jpg\" alt=\"Lampy LED do lakierni\" width=\"1280\" height=\"853\" \/><\/p>\n<p style=\"text-align: center;\"><strong>Zobacz r\u00f3wnie\u017c nasze inne artyku\u0142y o o\u015bwietleniu warsztat\u00f3w i gara\u017cy<\/strong><\/p>\n<div class=\"cat-slider-02\"><div class=\"cat-slider-02__box\"><div class=\"cat-slider-02__wrapper\"><p class=\"cat-slider-02__title\"><\/p><div class=\"cat-slider-02__slider\"><div class=\"cat-slider-02__slide\"><a href=\"https:\/\/www.smd-led.pl\/blog\/oswietlenie-led-wiaty-garazowej-i-carportu-5-projektow-architektonicznych\/\" class=\"cat-slider-02__link\"><div class=\"cat-slider-02__img-box\"><img loading=\"lazy\" decoding=\"async\" width=\"1024\" height=\"572\" src=\"https:\/\/www.smd-led.pl\/blog\/wp-content\/uploads\/2026\/03\/2026-04-wiata-hero-1024x572.png\" class=\"cat-slider-02__img wp-post-image\" alt=\"wiata hero\" srcset=\"https:\/\/www.smd-led.pl\/blog\/wp-content\/uploads\/2026\/03\/2026-04-wiata-hero-1024x572.png 1024w, https:\/\/www.smd-led.pl\/blog\/wp-content\/uploads\/2026\/03\/2026-04-wiata-hero-300x167.png 300w, https:\/\/www.smd-led.pl\/blog\/wp-content\/uploads\/2026\/03\/2026-04-wiata-hero-768x429.png 768w, https:\/\/www.smd-led.pl\/blog\/wp-content\/uploads\/2026\/03\/2026-04-wiata-hero-1536x857.png 1536w, https:\/\/www.smd-led.pl\/blog\/wp-content\/uploads\/2026\/03\/2026-04-wiata-hero-2048x1143.png 2048w\" sizes=\"auto, (max-width: 1024px) 100vw, 1024px\" \/><\/div><\/a><a href=\"https:\/\/www.smd-led.pl\/blog\/oswietlenie-led-wiaty-garazowej-i-carportu-5-projektow-architektonicznych\/\" class=\"cat-slider-02__link\"><div class=\"cat-slider-02__heading-box\"><p class=\"cat-slider-02__post-title\">O\u015bwietlenie LED wiaty gara\u017cowej i carportu &#8211; 5 projekt\u00f3w architektonicznych<\/p><p>O\u015bwietlenie wiaty gara\u017cowej LED &#8211; nowoczesna wiata z ta\u015bm\u0105 LED O\u015bwietlenie wiaty gara\u017cowej LED to [&hellip;]<\/p>\n<\/div><\/a><\/div><div class=\"cat-slider-02__slide\"><a href=\"https:\/\/www.smd-led.pl\/blog\/jak-oszczedzac-energie-elektryczna-w-warsztacie\/\" class=\"cat-slider-02__link\"><div class=\"cat-slider-02__img-box\"><img loading=\"lazy\" decoding=\"async\" width=\"626\" height=\"388\" src=\"https:\/\/www.smd-led.pl\/blog\/wp-content\/uploads\/2021\/06\/jak-otwierac-warsztat-samochodowy.jpg\" class=\"cat-slider-02__img wp-post-image\" alt=\"Jak oszcz\u0119dza\u0107 energi\u0119 elektryczn\u0105 w warsztacie?\" srcset=\"https:\/\/www.smd-led.pl\/blog\/wp-content\/uploads\/2021\/06\/jak-otwierac-warsztat-samochodowy.jpg 626w, https:\/\/www.smd-led.pl\/blog\/wp-content\/uploads\/2021\/06\/jak-otwierac-warsztat-samochodowy-300x186.jpg 300w\" sizes=\"auto, (max-width: 626px) 100vw, 626px\" \/><\/div><\/a><a href=\"https:\/\/www.smd-led.pl\/blog\/jak-oszczedzac-energie-elektryczna-w-warsztacie\/\" class=\"cat-slider-02__link\"><div class=\"cat-slider-02__heading-box\"><p class=\"cat-slider-02__post-title\">Jak oszcz\u0119dza\u0107 energi\u0119 elektryczn\u0105 w warsztacie?<\/p><p>Wy\u017csze rachunki za pr\u0105d s\u0105 ostatnio tematem na czasie. Wy\u017csze koszty pr\u0105du powoduj\u0105, \u017ce szukamy [&hellip;]<\/p>\n<\/div><\/a><\/div><div class=\"cat-slider-02__slide\"><a href=\"https:\/\/www.smd-led.pl\/blog\/lampy-robocze-led-jakie-wybrac\/\" class=\"cat-slider-02__link\"><div class=\"cat-slider-02__img-box\"><img loading=\"lazy\" decoding=\"async\" width=\"638\" height=\"502\" src=\"https:\/\/www.smd-led.pl\/blog\/wp-content\/uploads\/2020\/02\/lampy-robocze-led.jpg\" class=\"cat-slider-02__img wp-post-image\" alt=\"Lampy robocze LED\" \/><\/div><\/a><a href=\"https:\/\/www.smd-led.pl\/blog\/lampy-robocze-led-jakie-wybrac\/\" class=\"cat-slider-02__link\"><div class=\"cat-slider-02__heading-box\"><p class=\"cat-slider-02__post-title\">Lampy robocze LED &#8211; jakie wybra\u0107?<\/p><p>O\u015bwietlenie robocze to poj\u0119cie posiadaj\u0105ce bardzo szeroki zakres. Lampa robocza LED &#8211; jakie wybra\u0107? S\u0105 [&hellip;]<\/p>\n<\/div><\/a><\/div><div class=\"cat-slider-02__slide\"><a href=\"https:\/\/www.smd-led.pl\/blog\/jaki-halogen-led-do-quada\/\" class=\"cat-slider-02__link\"><div class=\"cat-slider-02__img-box\"><img loading=\"lazy\" decoding=\"async\" width=\"725\" height=\"533\" src=\"https:\/\/www.smd-led.pl\/blog\/wp-content\/uploads\/2022\/08\/Jaki-halogen-LED-do-Quada.jpeg\" class=\"cat-slider-02__img wp-post-image\" alt=\"Jaki halogen LED do Quada\" \/><\/div><\/a><a href=\"https:\/\/www.smd-led.pl\/blog\/jaki-halogen-led-do-quada\/\" class=\"cat-slider-02__link\"><div class=\"cat-slider-02__heading-box\"><p class=\"cat-slider-02__post-title\">Jaki halogen LED do Quada?<\/p><p>Dobre o\u015bwietlenie to gwarancja bezpiecze\u0144stwa, tyczy si\u0119 to zar\u00f3wno samochod\u00f3w jak i cz\u0119sto wybieranych w [&hellip;]<\/p>\n<\/div><\/a><\/div><div class=\"cat-slider-02__slide\"><a href=\"https:\/\/www.smd-led.pl\/blog\/lampa-garazowa-jak-oswietlic-garaz\/\" class=\"cat-slider-02__link\"><div class=\"cat-slider-02__img-box\"><img loading=\"lazy\" decoding=\"async\" width=\"1000\" height=\"600\" src=\"https:\/\/www.smd-led.pl\/blog\/wp-content\/uploads\/2019\/02\/Lampy-garazowe.jpg\" class=\"cat-slider-02__img wp-post-image\" alt=\"lampy garazowe - jak oswietlic garaz\" \/><\/div><\/a><a href=\"https:\/\/www.smd-led.pl\/blog\/lampa-garazowa-jak-oswietlic-garaz\/\" class=\"cat-slider-02__link\"><div class=\"cat-slider-02__heading-box\"><p class=\"cat-slider-02__post-title\">Lampa gara\u017cowa \u2013 jak o\u015bwietli\u0107 gara\u017c?<\/p><p>O\u015bwietlenie gara\u017cowe\u00a0to temat bardzo wa\u017cny dla ka\u017cdego z nas. Jest to rodzaj o\u015bwietlenia, kt\u00f3ry pozwoli [&hellip;]<\/p>\n<\/div><\/a><\/div><div class=\"cat-slider-02__slide\"><a href=\"https:\/\/www.smd-led.pl\/blog\/oprawa-hermetyczna-led-zastosowanie\/\" class=\"cat-slider-02__link\"><div class=\"cat-slider-02__img-box\"><img loading=\"lazy\" decoding=\"async\" width=\"960\" height=\"640\" src=\"https:\/\/www.smd-led.pl\/blog\/wp-content\/uploads\/2021\/03\/system-Dali-magazyn.jpg\" class=\"cat-slider-02__img wp-post-image\" alt=\"Bia\u0142y certyfikat - jak go zdoby\u0107?\" \/><\/div><\/a><a href=\"https:\/\/www.smd-led.pl\/blog\/oprawa-hermetyczna-led-zastosowanie\/\" class=\"cat-slider-02__link\"><div class=\"cat-slider-02__heading-box\"><p class=\"cat-slider-02__post-title\">Oprawa hermetyczna LED &#8211; zastosowanie<\/p><p>Posiadaj\u0105c warsztat samochodowy, gara\u017c, czy hale produkcyjne musimy pami\u0119ta\u0107 o tym, \u017ce dobre o\u015bwietlenie tego [&hellip;]<\/p>\n<\/div><\/a><\/div><div class=\"cat-slider-02__slide\"><a href=\"https:\/\/www.smd-led.pl\/blog\/jaki-halogen-na-budowe\/\" class=\"cat-slider-02__link\"><div class=\"cat-slider-02__img-box\"><img loading=\"lazy\" decoding=\"async\" width=\"999\" height=\"665\" src=\"https:\/\/www.smd-led.pl\/blog\/wp-content\/uploads\/2022\/08\/Jaki-halogen-na-budowe..jpg\" class=\"cat-slider-02__img wp-post-image\" alt=\"Jaki halogen na budow\u0119\" \/><\/div><\/a><a href=\"https:\/\/www.smd-led.pl\/blog\/jaki-halogen-na-budowe\/\" class=\"cat-slider-02__link\"><div class=\"cat-slider-02__heading-box\"><p class=\"cat-slider-02__post-title\">Jaki halogen na budow\u0119? &#8211; halogen budowlany<\/p><p>Jaki halogen na budow\u0119 jest odpowiedni? &#8211; halogen budowlany. Aby prawid\u0142owo o\u015bwietli\u0107 miejsce pracy na [&hellip;]<\/p>\n<\/div><\/a><\/div><div class=\"cat-slider-02__slide\"><a href=\"https:\/\/www.smd-led.pl\/blog\/lampy-do-warsztatu-ranking-top-10\/\" class=\"cat-slider-02__link\"><div class=\"cat-slider-02__img-box\"><img loading=\"lazy\" decoding=\"async\" width=\"800\" height=\"533\" src=\"https:\/\/www.smd-led.pl\/blog\/wp-content\/uploads\/2020\/07\/oswietlenie-warsztatu.jpg\" class=\"cat-slider-02__img wp-post-image\" alt=\"Co ma wp\u0142yw na prawid\u0142owe o\u015bwietlenie stanowiska pracy?\" \/><\/div><\/a><a href=\"https:\/\/www.smd-led.pl\/blog\/lampy-do-warsztatu-ranking-top-10\/\" class=\"cat-slider-02__link\"><div class=\"cat-slider-02__heading-box\"><p class=\"cat-slider-02__post-title\">Lampy do warsztatu &#8211; Ranking TOP 10<\/p><p>O\u015bwietlenie warsztatu\u00a0jest, czego nie potrzeba udowadnia\u0107, nad wyraz wa\u017cn\u0105 spraw\u0105. Jakie powinno by\u0107 to o\u015bwietlenie, [&hellip;]<\/p>\n<\/div><\/a><\/div><div class=\"cat-slider-02__slide\"><a href=\"https:\/\/www.smd-led.pl\/blog\/oswietlenie-stolarni\/\" class=\"cat-slider-02__link\"><div class=\"cat-slider-02__img-box\"><img loading=\"lazy\" decoding=\"async\" width=\"1000\" height=\"633\" src=\"https:\/\/www.smd-led.pl\/blog\/wp-content\/uploads\/2021\/12\/Oswietlenie-stolarni-1.jpg\" class=\"cat-slider-02__img wp-post-image\" alt=\"O\u015bwietlenie z certyfikatem ATEX do stolarni\" \/><\/div><\/a><a href=\"https:\/\/www.smd-led.pl\/blog\/oswietlenie-stolarni\/\" class=\"cat-slider-02__link\"><div class=\"cat-slider-02__heading-box\"><p class=\"cat-slider-02__post-title\">O\u015bwietlenie stolarni &#8211; na co zwr\u00f3ci\u0107 uwag\u0119 i jak dobrze wybra\u0107<\/p><p>Stolarnia jest miejscem, w kt\u00f3rym praca wykonywana jest ponad 8 godzin dziennie, a cz\u0119sto niekt\u00f3re [&hellip;]<\/p>\n<\/div><\/a><\/div><div class=\"cat-slider-02__slide\"><a href=\"https:\/\/www.smd-led.pl\/blog\/oswietlenie-kanalu-samochodowego-jakie-lampy-wybrac\/\" class=\"cat-slider-02__link\"><div class=\"cat-slider-02__img-box\"><img loading=\"lazy\" decoding=\"async\" width=\"1024\" height=\"682\" src=\"https:\/\/www.smd-led.pl\/blog\/wp-content\/uploads\/2020\/04\/oswietlenie-kanalu-w-warsztacie.jpg\" class=\"cat-slider-02__img wp-post-image\" alt=\"Jakie o\u015bwietlenie do gara\u017cu?\" \/><\/div><\/a><a href=\"https:\/\/www.smd-led.pl\/blog\/oswietlenie-kanalu-samochodowego-jakie-lampy-wybrac\/\" class=\"cat-slider-02__link\"><div class=\"cat-slider-02__heading-box\"><p class=\"cat-slider-02__post-title\">O\u015bwietlenie kana\u0142u samochodowego &#8211; jakie lampy wybra\u0107?<\/p><p>Gara\u017c \u2013 bawialnia doros\u0142ego ch\u0142opca. Mo\u017ce i jest to stwierdzenie \u017cartobliwe, ale jednak gara\u017c cz\u0119sto [&hellip;]<\/p>\n<\/div><\/a><\/div><div class=\"cat-slider-02__slide\"><a href=\"https:\/\/www.smd-led.pl\/blog\/lampy-do-lakierni-oswietlenie-lakierni\/\" class=\"cat-slider-02__link\"><div class=\"cat-slider-02__img-box\"><img loading=\"lazy\" decoding=\"async\" width=\"1024\" height=\"680\" src=\"https:\/\/www.smd-led.pl\/blog\/wp-content\/uploads\/2020\/04\/oswietlenie-lakierni.jpg\" class=\"cat-slider-02__img wp-post-image\" alt=\"O\u015bwietlenie lakierni\" \/><\/div><\/a><a href=\"https:\/\/www.smd-led.pl\/blog\/lampy-do-lakierni-oswietlenie-lakierni\/\" class=\"cat-slider-02__link\"><div class=\"cat-slider-02__heading-box\"><p class=\"cat-slider-02__post-title\">Lampy do lakierni &#8211; o\u015bwietlenie lakierni<\/p><p>\u015awiat\u0142o mocno mo\u017ce wp\u0142ywa\u0107 na percepcj\u0119, szczeg\u00f3lnie kolor\u00f3w. Dlatego odpowiedni wyb\u00f3r o\u015bwietlenia mo\u017ce by\u0107 pomocny [&hellip;]<\/p>\n<\/div><\/a><\/div><\/div><\/div><\/div><\/div>\n<h2>Jaka barwa \u015bwiat\u0142a do lakierni?<\/h2>\n<p>Aby zapewni\u0107 odpowiedni\u0105 <strong>jasno\u015b\u0107 kabiny lakierniczej<\/strong>, konieczne jest zastosowanie odpowiednio du\u017cej liczby punkt\u00f3w \u015bwietlnych. W celu unikni\u0119cia przek\u0142amywania w odcieniach kolor\u00f3w, \u015bwiat\u0142o w kabinie lakierniczej powinno by\u0107 maksymalnie zbli\u017cone do \u015bwiat\u0142a dziennego. Powinno to by\u0107 \u015bwiat\u0142o o nat\u0119\u017ceniu minimum 1000lx. Istotna jest r\u00f3wnie\u017c barwa \u015bwiat\u0142a u\u017cywanego w lakierni. Oprawy o\u015bwietleniowe do kabin lakierniczych powinny posiada\u0107 temperatur\u0119 barwow\u0105 emitowanego \u015bwiat\u0142a maksymalnie zbli\u017cona do neutralnej (4000K-4500K). Aby precyzyjnie oceni\u0107 dopasowanie koloru i jako\u015b\u0107 lakierowania, lampy kabiny lakierniczej powinny charakteryzowa\u0107 si\u0119 bardzo dobrym wsp\u00f3\u0142czynnikiem oddawania barw CRI&gt;85Ra. Oprawy zastosowane w kabinie lakierniczej nale\u017cy wybiera\u0107 takie, kt\u00f3re cechuj\u0105 si\u0119 zwi\u0119kszon\u0105 klas\u0105 szczelno\u015bci, co powoduje, \u017ce s\u0105 odporne na dzia\u0142anie rozpuszczalnik\u00f3w. Ca\u0142a instalacja elektryczne zasilaj\u0105ca o\u015bwietlenie powinna by\u0107 ukryta we wn\u0119kach, znajduj\u0105cych si\u0119 w panelach obudowy. Zapewni to bezpiecze\u0144stwo podczas pracy, redukuj\u0105c ryzyko kontaktu z powstaj\u0105cymi w komorze niebezpiecznymi mieszaninami wybuchowymi.<\/p>\n<div id=\"attachment_3393\" style=\"width: 1290px\" class=\"wp-caption aligncenter\"><img loading=\"lazy\" decoding=\"async\" aria-describedby=\"caption-attachment-3393\" class=\"wp-image-3393 size-full\" title=\"Jaka barwa \u015bwiat\u0142a do lakierni?\" src=\"https:\/\/www.smd-led.pl\/blog\/wp-content\/uploads\/2020\/04\/barwa-swiatla-w-lakierni.jpg\" alt=\"Jaka barwa \u015bwiat\u0142a do lakierni?\" width=\"1280\" height=\"788\" \/><p id=\"caption-attachment-3393\" class=\"wp-caption-text\">Jaka barwa \u015bwiat\u0142a do lakierni?<\/p><\/div>\n<p style=\"text-align: center;\"><strong>Dowiedz si\u0119 wi\u0119cej na temat najwa\u017cniejszych parametr\u00f3w o\u015bwietleniowych<\/strong><\/p>\n<div class=\"cat-slider-02\"><div class=\"cat-slider-02__box\"><div class=\"cat-slider-02__wrapper\"><p class=\"cat-slider-02__title\"><\/p><div class=\"cat-slider-02__slider\"><div class=\"cat-slider-02__slide\"><a href=\"https:\/\/www.smd-led.pl\/blog\/temperatura-barwowa-led-jak-dobrac-do-wnetrza-i-na-zewnatrz\/\" class=\"cat-slider-02__link\"><div class=\"cat-slider-02__img-box\"><img loading=\"lazy\" decoding=\"async\" width=\"1024\" height=\"559\" src=\"https:\/\/www.smd-led.pl\/blog\/wp-content\/uploads\/2026\/03\/2026-04-temperatura-hero-1024x559.png\" class=\"cat-slider-02__img wp-post-image\" alt=\"temperatura hero\" srcset=\"https:\/\/www.smd-led.pl\/blog\/wp-content\/uploads\/2026\/03\/2026-04-temperatura-hero-1024x559.png 1024w, https:\/\/www.smd-led.pl\/blog\/wp-content\/uploads\/2026\/03\/2026-04-temperatura-hero-300x164.png 300w, https:\/\/www.smd-led.pl\/blog\/wp-content\/uploads\/2026\/03\/2026-04-temperatura-hero-768x419.png 768w, https:\/\/www.smd-led.pl\/blog\/wp-content\/uploads\/2026\/03\/2026-04-temperatura-hero-1536x838.png 1536w, https:\/\/www.smd-led.pl\/blog\/wp-content\/uploads\/2026\/03\/2026-04-temperatura-hero-2048x1117.png 2048w\" sizes=\"auto, (max-width: 1024px) 100vw, 1024px\" \/><\/div><\/a><a href=\"https:\/\/www.smd-led.pl\/blog\/temperatura-barwowa-led-jak-dobrac-do-wnetrza-i-na-zewnatrz\/\" class=\"cat-slider-02__link\"><div class=\"cat-slider-02__heading-box\"><p class=\"cat-slider-02__post-title\">Temperatura barwowa LED &#8211; jak dobra\u0107 do wn\u0119trza i na zewn\u0105trz<\/p><p>Por\u00f3wnanie temperatury barwowej LED: 2700K, 4000K, 6500K Temperatura barwowa LED to parametr wyra\u017cony w kelwinach [&hellip;]<\/p>\n<\/div><\/a><\/div><div class=\"cat-slider-02__slide\"><a href=\"https:\/\/www.smd-led.pl\/blog\/jak-dobrac-zasilacz-led-zewnetrzny-kalkulator-mocy-ip65-ip67\/\" class=\"cat-slider-02__link\"><div class=\"cat-slider-02__img-box\"><img loading=\"lazy\" decoding=\"async\" width=\"1024\" height=\"559\" src=\"https:\/\/www.smd-led.pl\/blog\/wp-content\/uploads\/2026\/03\/2026-04-zasilacz-hero-1024x559.png\" class=\"cat-slider-02__img wp-post-image\" alt=\"zasilacz hero\" srcset=\"https:\/\/www.smd-led.pl\/blog\/wp-content\/uploads\/2026\/03\/2026-04-zasilacz-hero-1024x559.png 1024w, https:\/\/www.smd-led.pl\/blog\/wp-content\/uploads\/2026\/03\/2026-04-zasilacz-hero-300x164.png 300w, https:\/\/www.smd-led.pl\/blog\/wp-content\/uploads\/2026\/03\/2026-04-zasilacz-hero-768x419.png 768w, https:\/\/www.smd-led.pl\/blog\/wp-content\/uploads\/2026\/03\/2026-04-zasilacz-hero-1536x838.png 1536w, https:\/\/www.smd-led.pl\/blog\/wp-content\/uploads\/2026\/03\/2026-04-zasilacz-hero-2048x1117.png 2048w\" sizes=\"auto, (max-width: 1024px) 100vw, 1024px\" \/><\/div><\/a><a href=\"https:\/\/www.smd-led.pl\/blog\/jak-dobrac-zasilacz-led-zewnetrzny-kalkulator-mocy-ip65-ip67\/\" class=\"cat-slider-02__link\"><div class=\"cat-slider-02__heading-box\"><p class=\"cat-slider-02__post-title\">Jak dobra\u0107 zasilacz LED zewn\u0119trzny &#8211; kalkulator mocy IP65\/IP67<\/p><p>Zasilacz LED wodoodporny IP67 monta\u017c zewn\u0119trzny Zasilacz LED zewn\u0119trzny to urz\u0105dzenie konwertuj\u0105ce napi\u0119cie sieciowe 230V [&hellip;]<\/p>\n<\/div><\/a><\/div><div class=\"cat-slider-02__slide\"><a href=\"https:\/\/www.smd-led.pl\/blog\/certyfikat-ce\/\" class=\"cat-slider-02__link\"><div class=\"cat-slider-02__img-box\"><img loading=\"lazy\" decoding=\"async\" width=\"1024\" height=\"647\" src=\"https:\/\/www.smd-led.pl\/blog\/wp-content\/uploads\/2024\/12\/Certyfikat-CE-1024x647.png\" class=\"cat-slider-02__img wp-post-image\" alt=\"Certyfikat CE\" srcset=\"https:\/\/www.smd-led.pl\/blog\/wp-content\/uploads\/2024\/12\/Certyfikat-CE-1024x647.png 1024w, https:\/\/www.smd-led.pl\/blog\/wp-content\/uploads\/2024\/12\/Certyfikat-CE-300x189.png 300w, https:\/\/www.smd-led.pl\/blog\/wp-content\/uploads\/2024\/12\/Certyfikat-CE-768x485.png 768w, https:\/\/www.smd-led.pl\/blog\/wp-content\/uploads\/2024\/12\/Certyfikat-CE-1536x970.png 1536w, https:\/\/www.smd-led.pl\/blog\/wp-content\/uploads\/2024\/12\/Certyfikat-CE.png 1900w\" sizes=\"auto, (max-width: 1024px) 100vw, 1024px\" \/><\/div><\/a><a href=\"https:\/\/www.smd-led.pl\/blog\/certyfikat-ce\/\" class=\"cat-slider-02__link\"><div class=\"cat-slider-02__heading-box\"><p class=\"cat-slider-02__post-title\">Co to jest certyfikat CE<\/p><p>Co Musisz Wiedzie\u0107 o Oznakowaniu Zgodno\u015bci W dzisiejszym, coraz bardziej zglobalizowanym \u015bwiecie, certyfikat CE odgrywa [&hellip;]<\/p>\n<\/div><\/a><\/div><div class=\"cat-slider-02__slide\"><a href=\"https:\/\/www.smd-led.pl\/blog\/certyfikat-rohs-co-to-jest-i-jak-go-uzyskac\/\" class=\"cat-slider-02__link\"><div class=\"cat-slider-02__img-box\"><img loading=\"lazy\" decoding=\"async\" width=\"1024\" height=\"647\" src=\"https:\/\/www.smd-led.pl\/blog\/wp-content\/uploads\/2024\/12\/Certyfikat-ROHS-1024x647.png\" class=\"cat-slider-02__img wp-post-image\" alt=\"Certyfikat ROHS\" srcset=\"https:\/\/www.smd-led.pl\/blog\/wp-content\/uploads\/2024\/12\/Certyfikat-ROHS-1024x647.png 1024w, https:\/\/www.smd-led.pl\/blog\/wp-content\/uploads\/2024\/12\/Certyfikat-ROHS-300x189.png 300w, https:\/\/www.smd-led.pl\/blog\/wp-content\/uploads\/2024\/12\/Certyfikat-ROHS-768x485.png 768w, https:\/\/www.smd-led.pl\/blog\/wp-content\/uploads\/2024\/12\/Certyfikat-ROHS-1536x970.png 1536w, https:\/\/www.smd-led.pl\/blog\/wp-content\/uploads\/2024\/12\/Certyfikat-ROHS.png 1900w\" sizes=\"auto, (max-width: 1024px) 100vw, 1024px\" \/><\/div><\/a><a href=\"https:\/\/www.smd-led.pl\/blog\/certyfikat-rohs-co-to-jest-i-jak-go-uzyskac\/\" class=\"cat-slider-02__link\"><div class=\"cat-slider-02__heading-box\"><p class=\"cat-slider-02__post-title\">Certyfikat RoHS: Co to jest i jak go uzyska\u0107?<\/p><p>W dzisiejszym \u015bwiecie, gdzie zr\u00f3wnowa\u017cony rozw\u00f3j i ochrona \u015brodowiska nabieraj\u0105 coraz wi\u0119kszego znaczenia, certyfikacja produkt\u00f3w [&hellip;]<\/p>\n<\/div><\/a><\/div><div class=\"cat-slider-02__slide\"><a href=\"https:\/\/www.smd-led.pl\/blog\/napiecie-elektryczne-definicje-rodzaje-i-zastosowania\/\" class=\"cat-slider-02__link\"><div class=\"cat-slider-02__img-box\"><img loading=\"lazy\" decoding=\"async\" width=\"1024\" height=\"647\" src=\"https:\/\/www.smd-led.pl\/blog\/wp-content\/uploads\/2024\/12\/2-1-1024x647.png\" class=\"cat-slider-02__img wp-post-image\" alt=\"Napi\u0119cie elektryczne jak je mierzymy\" srcset=\"https:\/\/www.smd-led.pl\/blog\/wp-content\/uploads\/2024\/12\/2-1-1024x647.png 1024w, https:\/\/www.smd-led.pl\/blog\/wp-content\/uploads\/2024\/12\/2-1-300x189.png 300w, https:\/\/www.smd-led.pl\/blog\/wp-content\/uploads\/2024\/12\/2-1-768x485.png 768w, https:\/\/www.smd-led.pl\/blog\/wp-content\/uploads\/2024\/12\/2-1-1536x970.png 1536w, https:\/\/www.smd-led.pl\/blog\/wp-content\/uploads\/2024\/12\/2-1.png 1900w\" sizes=\"auto, (max-width: 1024px) 100vw, 1024px\" \/><\/div><\/a><a href=\"https:\/\/www.smd-led.pl\/blog\/napiecie-elektryczne-definicje-rodzaje-i-zastosowania\/\" class=\"cat-slider-02__link\"><div class=\"cat-slider-02__heading-box\"><p class=\"cat-slider-02__post-title\">Napi\u0119cie elektryczne: Definicje, Rodzaje i Zastosowania<\/p><p>Napi\u0119cie elektryczne, znane r\u00f3wnie\u017c jako r\u00f3\u017cnica potencja\u0142\u00f3w, to jedno z kluczowych poj\u0119\u0107 w elektrotechnice. Mierzone [&hellip;]<\/p>\n<\/div><\/a><\/div><div class=\"cat-slider-02__slide\"><a href=\"https:\/\/www.smd-led.pl\/blog\/co-to-jest-wat\/\" class=\"cat-slider-02__link\"><div class=\"cat-slider-02__img-box\"><img loading=\"lazy\" decoding=\"async\" width=\"1024\" height=\"896\" src=\"https:\/\/www.smd-led.pl\/blog\/wp-content\/uploads\/2023\/12\/i-1024x896.png\" class=\"cat-slider-02__img wp-post-image\" alt=\"Co to jest Wat ?\" srcset=\"https:\/\/www.smd-led.pl\/blog\/wp-content\/uploads\/2023\/12\/i-1024x896.png 1024w, https:\/\/www.smd-led.pl\/blog\/wp-content\/uploads\/2023\/12\/i-300x263.png 300w, https:\/\/www.smd-led.pl\/blog\/wp-content\/uploads\/2023\/12\/i-768x672.png 768w, https:\/\/www.smd-led.pl\/blog\/wp-content\/uploads\/2023\/12\/i-1536x1344.png 1536w, https:\/\/www.smd-led.pl\/blog\/wp-content\/uploads\/2023\/12\/i.png 1600w\" sizes=\"auto, (max-width: 1024px) 100vw, 1024px\" \/><\/div><\/a><a href=\"https:\/\/www.smd-led.pl\/blog\/co-to-jest-wat\/\" class=\"cat-slider-02__link\"><div class=\"cat-slider-02__heading-box\"><p class=\"cat-slider-02__post-title\">Co to jest wat &#8211;  jak przelicza\u0107 jednostk\u0119 amper na wat lub volt<\/p><p>Wiele os\u00f3b zastanawia si\u0119, co to jest wat i jakie s\u0105 jego zastosowania. Wat to [&hellip;]<\/p>\n<\/div><\/a><\/div><div class=\"cat-slider-02__slide\"><a href=\"https:\/\/www.smd-led.pl\/blog\/stopien-ochrony-ip-normy-szczelnosci\/\" class=\"cat-slider-02__link\"><div class=\"cat-slider-02__img-box\"><img loading=\"lazy\" decoding=\"async\" width=\"640\" height=\"427\" src=\"https:\/\/www.smd-led.pl\/blog\/wp-content\/uploads\/2019\/02\/Stopien-ochrony-IP.jpg\" class=\"cat-slider-02__img wp-post-image\" alt=\"Stopie\u0144 ochrony IP\" \/><\/div><\/a><a href=\"https:\/\/www.smd-led.pl\/blog\/stopien-ochrony-ip-normy-szczelnosci\/\" class=\"cat-slider-02__link\"><div class=\"cat-slider-02__heading-box\"><p class=\"cat-slider-02__post-title\">Klasa ochronno\u015bci IP &#8211; normy szczelno\u015bci<\/p><p>Klasa ochronno\u015bci IP jest oznaczeniem kt\u00f3re znajdziemy np. na nowo zakupionej lampie LED. Jest to [&hellip;]<\/p>\n<\/div><\/a><\/div><div class=\"cat-slider-02__slide\"><a href=\"https:\/\/www.smd-led.pl\/blog\/barwa-swiatla-jak-ja-dobrac-i-czym-sie-kierowac\/\" class=\"cat-slider-02__link\"><div class=\"cat-slider-02__img-box\"><img loading=\"lazy\" decoding=\"async\" width=\"1024\" height=\"718\" src=\"https:\/\/www.smd-led.pl\/blog\/wp-content\/uploads\/2022\/08\/TEMPERATURABARWOWA.png\" class=\"cat-slider-02__img wp-post-image\" alt=\"Barwa \u015bwiat\u0142a - jak j\u0105 dobra\u0107 i czym si\u0119 kierowa\u0107?\" \/><\/div><\/a><a href=\"https:\/\/www.smd-led.pl\/blog\/barwa-swiatla-jak-ja-dobrac-i-czym-sie-kierowac\/\" class=\"cat-slider-02__link\"><div class=\"cat-slider-02__heading-box\"><p class=\"cat-slider-02__post-title\">Barwa \u015bwiat\u0142a &#8211; jak j\u0105 dobra\u0107 i czym si\u0119 kierowa\u0107?<\/p><p>Coraz szybciej rozwijaj\u0105ca si\u0119 technologia LED sprawi\u0142a, \u017ce dzisiaj barwa \u015bwiat\u0142a, czy temperatura barwowa mo\u017ce [&hellip;]<\/p>\n<\/div><\/a><\/div><div class=\"cat-slider-02__slide\"><a href=\"https:\/\/www.smd-led.pl\/blog\/co-to-jest-baza-eprel\/\" class=\"cat-slider-02__link\"><div class=\"cat-slider-02__img-box\"><img loading=\"lazy\" decoding=\"async\" width=\"1000\" height=\"667\" src=\"https:\/\/www.smd-led.pl\/blog\/wp-content\/uploads\/2022\/07\/Co-to-jest-baza-EPREL.jpg\" class=\"cat-slider-02__img wp-post-image\" alt=\"Co to jest baza EPREL\" \/><\/div><\/a><a href=\"https:\/\/www.smd-led.pl\/blog\/co-to-jest-baza-eprel\/\" class=\"cat-slider-02__link\"><div class=\"cat-slider-02__heading-box\"><p class=\"cat-slider-02__post-title\">Co to jest baza EPREL?<\/p><p>Co to jest baza EPREL? Jak sama nazwa wskazuje jest to baza danych Unii Europejskiej, [&hellip;]<\/p>\n<\/div><\/a><\/div><div class=\"cat-slider-02__slide\"><a href=\"https:\/\/www.smd-led.pl\/blog\/klasy-efektywnosci-energetycznej\/\" class=\"cat-slider-02__link\"><div class=\"cat-slider-02__img-box\"><img loading=\"lazy\" decoding=\"async\" width=\"1000\" height=\"668\" src=\"https:\/\/www.smd-led.pl\/blog\/wp-content\/uploads\/2022\/07\/Klasy-efektywnosci-energetycznej.jpg\" class=\"cat-slider-02__img wp-post-image\" alt=\"Efektywno\u015b\u0107 energetyczna - \u017car\u00f3wki LED\" \/><\/div><\/a><a href=\"https:\/\/www.smd-led.pl\/blog\/klasy-efektywnosci-energetycznej\/\" class=\"cat-slider-02__link\"><div class=\"cat-slider-02__heading-box\"><p class=\"cat-slider-02__post-title\">Klasy efektywno\u015bci energetycznej<\/p><p>Klasy efektywno\u015bci energetycznej uleg\u0142y zmianie w marcu 2021 roku. Dawne oznaczenia na etykietach znacznie r\u00f3\u017cni\u0105 [&hellip;]<\/p>\n<\/div><\/a><\/div><div class=\"cat-slider-02__slide\"><a href=\"https:\/\/www.smd-led.pl\/blog\/lumeny-na-waty-jak-przeliczyc-strumien-swietlny\/\" class=\"cat-slider-02__link\"><div class=\"cat-slider-02__img-box\"><img loading=\"lazy\" decoding=\"async\" width=\"500\" height=\"350\" src=\"https:\/\/www.smd-led.pl\/blog\/wp-content\/uploads\/2022\/06\/Kalkulator-lumenow.jpg\" class=\"cat-slider-02__img wp-post-image\" alt=\"Lumeny na waty - jak przeliczy\u0107 strumie\u0144 \u015bwietlny?\" \/><\/div><\/a><a href=\"https:\/\/www.smd-led.pl\/blog\/lumeny-na-waty-jak-przeliczyc-strumien-swietlny\/\" class=\"cat-slider-02__link\"><div class=\"cat-slider-02__heading-box\"><p class=\"cat-slider-02__post-title\">Lumeny na waty &#8211; jak przeliczy\u0107 strumie\u0144 \u015bwietlny?<\/p><p>Jak ju\u017c dobrze, wiemy moc \u015bwiecenia produkt\u00f3w, wykonanych w technologii LED mierzymy, sprawdzaj\u0105c lumeny danego [&hellip;]<\/p>\n<\/div><\/a><\/div><div class=\"cat-slider-02__slide\"><a href=\"https:\/\/www.smd-led.pl\/blog\/kat-swiecenia-swiatla\/\" class=\"cat-slider-02__link\"><div class=\"cat-slider-02__img-box\"><img loading=\"lazy\" decoding=\"async\" width=\"1024\" height=\"719\" src=\"https:\/\/www.smd-led.pl\/blog\/wp-content\/uploads\/2022\/06\/jaki-kat-swiecenia-wybrac.jpg\" class=\"cat-slider-02__img wp-post-image\" alt=\"Jaki k\u0105t \u015bwiecenia wybra\u0107\" \/><\/div><\/a><a href=\"https:\/\/www.smd-led.pl\/blog\/kat-swiecenia-swiatla\/\" class=\"cat-slider-02__link\"><div class=\"cat-slider-02__heading-box\"><p class=\"cat-slider-02__post-title\">K\u0105t \u015bwiecenia \u015bwiat\u0142a<\/p><p>Moc i strumie\u0144 \u015bwietlny to nie wszystko, na co powinni\u015bmy zwr\u00f3ci\u0107 uwag\u0119 podczas zakupu nowoczesnego [&hellip;]<\/p>\n<\/div><\/a><\/div><div class=\"cat-slider-02__slide\"><a href=\"https:\/\/www.smd-led.pl\/blog\/wspolczynnik-mocy-biernej\/\" class=\"cat-slider-02__link\"><div class=\"cat-slider-02__img-box\"><img loading=\"lazy\" decoding=\"async\" width=\"1024\" height=\"669\" src=\"https:\/\/www.smd-led.pl\/blog\/wp-content\/uploads\/2022\/01\/trtojkat-mocy-1.jpg\" class=\"cat-slider-02__img wp-post-image\" alt=\"Wsp\u00f3\u0142czynnik mocy biernej i czynnej wykres\" \/><\/div><\/a><a href=\"https:\/\/www.smd-led.pl\/blog\/wspolczynnik-mocy-biernej\/\" class=\"cat-slider-02__link\"><div class=\"cat-slider-02__heading-box\"><p class=\"cat-slider-02__post-title\">Moc bierna \u2014 jak wa\u017cny jest wysoki wsp\u00f3\u0142czynnik mocy biernej?<\/p><p>W ci\u0105gu kilkunastu ostatnich lat coraz wi\u0119ksz\u0105 uwag\u0119 przykuwa si\u0119 do jako\u015bci energii elektrycznej. Dzieje [&hellip;]<\/p>\n<\/div><\/a><\/div><div class=\"cat-slider-02__slide\"><a href=\"https:\/\/www.smd-led.pl\/blog\/odpornosc-na-upadki-i-zgniecenia\/\" class=\"cat-slider-02__link\"><div class=\"cat-slider-02__img-box\"><img loading=\"lazy\" decoding=\"async\" width=\"1024\" height=\"890\" src=\"https:\/\/www.smd-led.pl\/blog\/wp-content\/uploads\/2021\/12\/Klasyfikacja-IK-odpornosc-na-uderzenia.jpg\" class=\"cat-slider-02__img wp-post-image\" alt=\"Klasyfikacja IK odporno\u015b\u0107 na uderzenia\" \/><\/div><\/a><a href=\"https:\/\/www.smd-led.pl\/blog\/odpornosc-na-upadki-i-zgniecenia\/\" class=\"cat-slider-02__link\"><div class=\"cat-slider-02__heading-box\"><p class=\"cat-slider-02__post-title\">Odporno\u015b\u0107 na upadki i zgniecenia o\u015bwietlenia \u2014 stopie\u0144 ochrony ik<\/p><p>Parametr IK okre\u015bla wytrzyma\u0142o\u015b\u0107 mechaniczn\u0105 urz\u0105dze\u0144 w skali od 01 do 10. Jest on opisany [&hellip;]<\/p>\n<\/div><\/a><\/div><div class=\"cat-slider-02__slide\"><a href=\"https:\/\/www.smd-led.pl\/blog\/wspolczynnik-mocy-power-factor-najwazniejsze-informacje\/\" class=\"cat-slider-02__link\"><div class=\"cat-slider-02__img-box\"><img loading=\"lazy\" decoding=\"async\" width=\"1024\" height=\"575\" src=\"https:\/\/www.smd-led.pl\/blog\/wp-content\/uploads\/2021\/09\/Wspolczynnik-mocy-Power-Factor.jpg\" class=\"cat-slider-02__img wp-post-image\" alt=\"Wsp\u00f3\u0142czynnik mocy Power Factor\" \/><\/div><\/a><a href=\"https:\/\/www.smd-led.pl\/blog\/wspolczynnik-mocy-power-factor-najwazniejsze-informacje\/\" class=\"cat-slider-02__link\"><div class=\"cat-slider-02__heading-box\"><p class=\"cat-slider-02__post-title\">Wsp\u00f3\u0142czynnik mocy Power Factor &#8211; najwa\u017cniejsze informacje<\/p><p>wsp\u00f3\u0142czynnik mocy Power Factor\u00a0 jest miar\u0105 efektywno\u015bci energetycznej systemu. Jest on powszechnie podawany w procentach [&hellip;]<\/p>\n<\/div><\/a><\/div><div class=\"cat-slider-02__slide\"><a href=\"https:\/\/www.smd-led.pl\/blog\/co-to-jest-lux-i-lumen\/\" class=\"cat-slider-02__link\"><div class=\"cat-slider-02__img-box\"><img loading=\"lazy\" decoding=\"async\" width=\"630\" height=\"344\" src=\"https:\/\/www.smd-led.pl\/blog\/wp-content\/uploads\/2021\/09\/co-to-jest-LUX-i-lumen.jpg\" class=\"cat-slider-02__img wp-post-image\" alt=\"co to jest LUX i lumen\" \/><\/div><\/a><a href=\"https:\/\/www.smd-led.pl\/blog\/co-to-jest-lux-i-lumen\/\" class=\"cat-slider-02__link\"><div class=\"cat-slider-02__heading-box\"><p class=\"cat-slider-02__post-title\">Jednostka nat\u0119\u017cenia o\u015bwietlenia &#8211; co to jest LUX i lumen?<\/p><p>Nat\u0119\u017cenie o\u015bwietlenia jest terminem u\u017cywanym do opisania, jak jasne jest co\u015b, a luks jest jednostk\u0105 [&hellip;]<\/p>\n<\/div><\/a><\/div><div class=\"cat-slider-02__slide\"><a href=\"https:\/\/www.smd-led.pl\/blog\/wspolczynnik-oddawania-barw-ra-cri\/\" class=\"cat-slider-02__link\"><div class=\"cat-slider-02__img-box\"><img loading=\"lazy\" decoding=\"async\" width=\"678\" height=\"626\" src=\"https:\/\/www.smd-led.pl\/blog\/wp-content\/uploads\/2021\/09\/Wspolczynnik-oddawania-barw-CRI-Ra.jpg\" class=\"cat-slider-02__img wp-post-image\" alt=\"Wsp\u00f3\u0142czynnik oddawania barw CRI - Ra\" \/><\/div><\/a><a href=\"https:\/\/www.smd-led.pl\/blog\/wspolczynnik-oddawania-barw-ra-cri\/\" class=\"cat-slider-02__link\"><div class=\"cat-slider-02__heading-box\"><p class=\"cat-slider-02__post-title\">Wsp\u00f3\u0142czynnik oddawania barw RA &#8211; czym jest CRI?<\/p><p>W\u0142a\u015bciwo\u015b\u0107 oddawania barw \u017ar\u00f3d\u0142a \u015bwiat\u0142a jest niezwykle istotna. Zadaj\u0105c sobie pytanie co to wsp\u00f3\u0142czynnik oddawania [&hellip;]<\/p>\n<\/div><\/a><\/div><\/div><\/div><\/div><\/div>\n<h2>O\u015bwietlenie LED w lakierni &#8211; lampy do lakierni<\/h2>\n<p>Praca lakiernika wymaga doskona\u0142ego odbioru przez niego bod\u017ac\u00f3w wzrokowych, rozr\u00f3\u017cniania kolor\u00f3w i dobierania w\u0142a\u015bciwych odcieni. Jest on swego rodzaju artyst\u0105 malarzem. Bez dobrego o\u015bwietlenia, lakierowanie nie mo\u017ce by\u0107 czynno\u015bci\u0105 \u0142atw\u0105 i bezproblemow\u0105. Wyposa\u017caj\u0105c wi\u0119c lakierni\u0119 czy komor\u0119 lakiernicz\u0105, nie lekcewa\u017cmy spraw o\u015bwietleniowych. One bowiem wp\u0142yn\u0105 chyba w najwi\u0119kszym stopniu na jako\u015b\u0107 i \u0142atwo\u015b\u0107 wykonywanych prac lakierniczych.<\/p>\n<div class=\"call-to-action-07\"><div class=\"call-to-action-07__product-box\"><img decoding=\"async\" src=\"https:\/\/www.smd-led.pl\/blog\/wp-content\/uploads\/2023\/12\/oprawa-przeciwwybuchowa-exf390led-25w-ip65-ok-120cm.webp\" alt=\"oprawa-przeciwwybuchowa-exf390led-25w-ip65-ok-120cm\" \/><span class=\"call-to-action-07__product-title\">OPRAWA PRZECIWWYBUCHOWA EXF390LED 25W IP65 OK. 120CM<\/span><a href=\"https:\/\/www.smd-led.pl\/oprawa-led-do-stref-1-i-21\" class=\"button\" id=\"oprawa_atex\" target=\"_self\">Zobacz produkt<\/a><\/div><div class=\"call-to-action-07__product-box\"><img decoding=\"async\" src=\"https:\/\/www.smd-led.pl\/blog\/wp-content\/uploads\/2023\/12\/oprawa-przeciwwybuchowa-exf300led-386w-ip67-ik10-ok-130cm.webp\" alt=\"oprawa-przeciwwybuchowa-exf300led-386w-ip67-ik10-ok-130cm\" \/><span class=\"call-to-action-07__product-title\">OPRAWA PRZECIWWYBUCHOWA EXF300LED 38,6W IP67 IK10 OK. 130CM<\/span><a href=\"https:\/\/www.smd-led.pl\/oprawa-led-do-stref-21-i-222\" class=\"button\" id=\"oprawa_atex\" target=\"_self\">Zobacz produkt<\/a><\/div><div class=\"call-to-action-07__product-box\"><img decoding=\"async\" src=\"https:\/\/www.smd-led.pl\/blog\/wp-content\/uploads\/2023\/12\/oprawa-przeciwwybuchowa-exf250led-386w-ip66-ok-130cm.webp\" alt=\"oprawa-przeciwwybuchowa-exf250led-386w-ip66-ok-130cm\" \/><span class=\"call-to-action-07__product-title\">OPRAWA PRZECIWWYBUCHOWA EXF250LED 38,6W IP66 OK. 130CM<\/span><a href=\"https:\/\/www.smd-led.pl\/lampa-przeciwwybuchowa\" class=\"button\" id=\"oprawa_atex\" target=\"_self\">Zobacz produkt<\/a><\/div><\/div>\n<p>Idealnie dobrany lakier i pozbawiony wad efekt lakierowania element\u00f3w karoserii b\u0119dzie finaln\u0105 nagrod\u0105 odpowiedniego i przemy\u015blanego wyposa\u017cenia o\u015bwietleniowego stanowiska pracy lakiernika samochodowego.<\/p>\n<p><img loading=\"lazy\" decoding=\"async\" class=\"wp-image-3389 size-full aligncenter\" src=\"https:\/\/www.smd-led.pl\/blog\/wp-content\/uploads\/2020\/04\/lampy-do-lakierni.jpg\" alt=\"Lampy do lakierni\" width=\"1280\" height=\"552\" \/><\/p>\n<p>O\u015bwietlenie lakierni odgrywa kluczow\u0105 rol\u0119 w pracy lakiernik\u00f3w, kt\u00f3rzy musz\u0105 precyzyjnie dobiera\u0107 kolory i osi\u0105ga\u0107 perfekcyjne wyko\u0144czenie powierzchni lakierowanych element\u00f3w. Odpowiednie o\u015bwietlenie ma istotny wp\u0142yw na jako\u015b\u0107 pracy i ko\u0144cowy efekt lakierowania. Najwa\u017cniejsze aspekty o\u015bwietlenia lakierni to nat\u0119\u017cenie \u015bwiat\u0142a, kt\u00f3re powinno by\u0107 jak najwy\u017csze, oraz wyb\u00f3r lamp LEDowych, kt\u00f3re s\u0105 energooszcz\u0119dne i maj\u0105 d\u0142ug\u0105 \u017cywotno\u015b\u0107. Lampy powinny by\u0107 hermetycznie zamkni\u0119te, aby unikn\u0105\u0107 kontaktu rozpuszczalnik\u00f3w z wn\u0119trzem lampy. W niekt\u00f3rych przypadkach, zw\u0142aszcza w strefach zagro\u017cenia wybuchem, warto rozwa\u017cy\u0107 u\u017cycie lamp przeciwwybuchowych. Regulacja jasno\u015bci i sterowanie zdalne mog\u0105 by\u0107 przydatne w zale\u017cno\u015bci od potrzeb. Barwa \u015bwiat\u0142a odgrywa istotn\u0105 rol\u0119, dlatego o\u015bwietlenie lakierni powinno emitowa\u0107 \u015bwiat\u0142o zbli\u017cone do \u015bwiat\u0142a dziennego. Indeks odwzorowania barw (CRI) powinien by\u0107 wysoki, aby zapewni\u0107 dok\u0142adne odwzorowanie kolor\u00f3w. Odporno\u015b\u0107 na chemikalia i wilgo\u0107 jest istotna, zw\u0142aszcza w wilgotnych lub chemicznie agresywnych \u015brodowiskach. Instalacja elektryczna zasilaj\u0105ca o\u015bwietlenie powinna by\u0107 ukryta, aby zminimalizowa\u0107 ryzyko kontaktu z niebezpiecznymi substancjami. Dobre o\u015bwietlenie lakierni to klucz do uzyskania doskona\u0142ych efekt\u00f3w w pracy lakiernika, dlatego warto zainwestowa\u0107 w odpowiednie \u017ar\u00f3d\u0142a \u015bwiat\u0142a.<\/p>\n<p><img loading=\"lazy\" decoding=\"async\" class=\"size-full wp-image-6166 aligncenter\" src=\"https:\/\/www.smd-led.pl\/blog\/wp-content\/uploads\/2020\/04\/lampa-do-lakierni-1.png\" alt=\"Jaka lampa do lakierni\" width=\"800\" height=\"533\" \/><\/p>\n","protected":false},"excerpt":{"rendered":"<p>\u015awiat\u0142o mocno mo\u017ce wp\u0142ywa\u0107 na percepcj\u0119, szczeg\u00f3lnie kolor\u00f3w. Dlatego odpowiedni wyb\u00f3r o\u015bwietlenia mo\u017ce by\u0107 pomocny [&hellip;]<\/p>\n","protected":false},"author":7,"featured_media":3388,"comment_status":"closed","ping_status":"closed","sticky":false,"template":"","format":"standard","meta":{"inline_featured_image":false,"footnotes":""},"categories":[32,80],"tags":[],"class_list":["post-8795","post","type-post","status-publish","format-standard","has-post-thumbnail","hentry","category-oswietlenie-przemyslowe","category-warsztaty-i-garaze"],"acf":[],"yoast_head":"<!-- This site is optimized with the Yoast SEO Premium plugin v26.8 (Yoast SEO v26.8) - https:\/\/yoast.com\/product\/yoast-seo-premium-wordpress\/ -->\n<title>Lampy do lakierni - o\u015bwietlenie lakierni - sprawd\u017a co wybra\u0107<\/title>\n<meta name=\"description\" content=\"Wyb\u00f3r odpowiedniej lampy do lakierni samochodowej to nie lada wyzwanie. Sprawd\u017a na jakie o\u015bwietlenie lakierni si\u0119 zdecydowa\u0107.\" \/>\n<meta name=\"robots\" content=\"index, follow, max-snippet:-1, max-image-preview:large, max-video-preview:-1\" \/>\n<link rel=\"canonical\" href=\"https:\/\/www.smd-led.pl\/blog\/lampy-do-lakierni-oswietlenie-lakierni\/\" \/>\n<meta property=\"og:locale\" content=\"pl_PL\" \/>\n<meta property=\"og:type\" content=\"article\" \/>\n<meta property=\"og:title\" content=\"Lampy do lakierni - o\u015bwietlenie lakierni\" \/>\n<meta property=\"og:description\" content=\"Wyb\u00f3r odpowiedniej lampy do lakierni samochodowej to nie lada wyzwanie. Sprawd\u017a na jakie o\u015bwietlenie lakierni si\u0119 zdecydowa\u0107.\" \/>\n<meta property=\"og:url\" content=\"https:\/\/www.smd-led.pl\/blog\/lampy-do-lakierni-oswietlenie-lakierni\/\" \/>\n<meta property=\"og:site_name\" content=\"SMD-LED\" \/>\n<meta property=\"article:published_time\" content=\"2020-04-05T14:30:17+00:00\" \/>\n<meta property=\"article:modified_time\" content=\"2024-01-15T12:25:44+00:00\" \/>\n<meta property=\"og:image\" content=\"https:\/\/www.smd-led.pl\/blog\/wp-content\/uploads\/2020\/04\/oswietlenie-lakierni.jpg\" \/>\n\t<meta property=\"og:image:width\" content=\"1280\" \/>\n\t<meta property=\"og:image:height\" content=\"850\" \/>\n\t<meta property=\"og:image:type\" content=\"image\/jpeg\" \/>\n<meta name=\"author\" content=\"Marcin Pietrasik\" \/>\n<meta name=\"twitter:card\" content=\"summary_large_image\" \/>\n<meta name=\"twitter:label1\" content=\"Napisane przez\" \/>\n\t<meta name=\"twitter:data1\" content=\"Marcin Pietrasik\" \/>\n\t<meta name=\"twitter:label2\" content=\"Szacowany czas czytania\" \/>\n\t<meta name=\"twitter:data2\" content=\"9 minut\" \/>\n<script type=\"application\/ld+json\" class=\"yoast-schema-graph\">{\"@context\":\"https:\/\/schema.org\",\"@graph\":[{\"@type\":\"Article\",\"@id\":\"https:\/\/www.smd-led.pl\/blog\/lampy-do-lakierni-oswietlenie-lakierni\/#article\",\"isPartOf\":{\"@id\":\"https:\/\/www.smd-led.pl\/blog\/lampy-do-lakierni-oswietlenie-lakierni\/\"},\"author\":{\"name\":\"Marcin Pietrasik\",\"@id\":\"https:\/\/www.smd-led.pl\/blog\/#\/schema\/person\/887fa24be503d7ae726f67021d1623f5\"},\"headline\":\"Lampy do lakierni &#8211; o\u015bwietlenie lakierni\",\"datePublished\":\"2020-04-05T14:30:17+00:00\",\"dateModified\":\"2024-01-15T12:25:44+00:00\",\"mainEntityOfPage\":{\"@id\":\"https:\/\/www.smd-led.pl\/blog\/lampy-do-lakierni-oswietlenie-lakierni\/\"},\"wordCount\":1496,\"image\":{\"@id\":\"https:\/\/www.smd-led.pl\/blog\/lampy-do-lakierni-oswietlenie-lakierni\/#primaryimage\"},\"thumbnailUrl\":\"https:\/\/www.smd-led.pl\/blog\/wp-content\/uploads\/2020\/04\/oswietlenie-lakierni.jpg\",\"articleSection\":[\"O\u015bwietlenie przemys\u0142owe\",\"Warsztaty i gara\u017ce\"],\"inLanguage\":\"pl-PL\"},{\"@type\":\"WebPage\",\"@id\":\"https:\/\/www.smd-led.pl\/blog\/lampy-do-lakierni-oswietlenie-lakierni\/\",\"url\":\"https:\/\/www.smd-led.pl\/blog\/lampy-do-lakierni-oswietlenie-lakierni\/\",\"name\":\"Lampy do lakierni - o\u015bwietlenie lakierni - sprawd\u017a co wybra\u0107\",\"isPartOf\":{\"@id\":\"https:\/\/www.smd-led.pl\/blog\/#website\"},\"primaryImageOfPage\":{\"@id\":\"https:\/\/www.smd-led.pl\/blog\/lampy-do-lakierni-oswietlenie-lakierni\/#primaryimage\"},\"image\":{\"@id\":\"https:\/\/www.smd-led.pl\/blog\/lampy-do-lakierni-oswietlenie-lakierni\/#primaryimage\"},\"thumbnailUrl\":\"https:\/\/www.smd-led.pl\/blog\/wp-content\/uploads\/2020\/04\/oswietlenie-lakierni.jpg\",\"datePublished\":\"2020-04-05T14:30:17+00:00\",\"dateModified\":\"2024-01-15T12:25:44+00:00\",\"author\":{\"@id\":\"https:\/\/www.smd-led.pl\/blog\/#\/schema\/person\/887fa24be503d7ae726f67021d1623f5\"},\"description\":\"Wyb\u00f3r odpowiedniej lampy do lakierni samochodowej to nie lada wyzwanie. Sprawd\u017a na jakie o\u015bwietlenie lakierni si\u0119 zdecydowa\u0107.\",\"breadcrumb\":{\"@id\":\"https:\/\/www.smd-led.pl\/blog\/lampy-do-lakierni-oswietlenie-lakierni\/#breadcrumb\"},\"inLanguage\":\"pl-PL\",\"potentialAction\":[{\"@type\":\"ReadAction\",\"target\":[\"https:\/\/www.smd-led.pl\/blog\/lampy-do-lakierni-oswietlenie-lakierni\/\"]}]},{\"@type\":\"ImageObject\",\"inLanguage\":\"pl-PL\",\"@id\":\"https:\/\/www.smd-led.pl\/blog\/lampy-do-lakierni-oswietlenie-lakierni\/#primaryimage\",\"url\":\"https:\/\/www.smd-led.pl\/blog\/wp-content\/uploads\/2020\/04\/oswietlenie-lakierni.jpg\",\"contentUrl\":\"https:\/\/www.smd-led.pl\/blog\/wp-content\/uploads\/2020\/04\/oswietlenie-lakierni.jpg\",\"width\":1280,\"height\":850,\"caption\":\"\"},{\"@type\":\"BreadcrumbList\",\"@id\":\"https:\/\/www.smd-led.pl\/blog\/lampy-do-lakierni-oswietlenie-lakierni\/#breadcrumb\",\"itemListElement\":[{\"@type\":\"ListItem\",\"position\":1,\"name\":\"Strona g\u0142\u00f3wna\",\"item\":\"https:\/\/www.smd-led.pl\/blog\/\"},{\"@type\":\"ListItem\",\"position\":2,\"name\":\"Lampy do lakierni &#8211; o\u015bwietlenie lakierni\"}]},{\"@type\":\"WebSite\",\"@id\":\"https:\/\/www.smd-led.pl\/blog\/#website\",\"url\":\"https:\/\/www.smd-led.pl\/blog\/\",\"name\":\"SMD-LED\",\"description\":\"O\u015bwietlenie Led do domu i przemys\u0142u porady, testy i opinie ekspert\u00f3w\",\"potentialAction\":[{\"@type\":\"SearchAction\",\"target\":{\"@type\":\"EntryPoint\",\"urlTemplate\":\"https:\/\/www.smd-led.pl\/blog\/?s={search_term_string}\"},\"query-input\":{\"@type\":\"PropertyValueSpecification\",\"valueRequired\":true,\"valueName\":\"search_term_string\"}}],\"inLanguage\":\"pl-PL\"},{\"@type\":\"Person\",\"@id\":\"https:\/\/www.smd-led.pl\/blog\/#\/schema\/person\/887fa24be503d7ae726f67021d1623f5\",\"name\":\"Marcin Pietrasik\",\"image\":{\"@type\":\"ImageObject\",\"inLanguage\":\"pl-PL\",\"@id\":\"https:\/\/www.smd-led.pl\/blog\/#\/schema\/person\/image\/\",\"url\":\"https:\/\/secure.gravatar.com\/avatar\/c886f4ccbb5c83b665ee8b66f0b3401128439bc832dca6389b6e67c6bdc3d38b?s=96&d=mm&r=g\",\"contentUrl\":\"https:\/\/secure.gravatar.com\/avatar\/c886f4ccbb5c83b665ee8b66f0b3401128439bc832dca6389b6e67c6bdc3d38b?s=96&d=mm&r=g\",\"caption\":\"Marcin Pietrasik\"},\"url\":\"https:\/\/www.smd-led.pl\/blog\/author\/mpietrasik\/\"}]}<\/script>\n<!-- \/ Yoast SEO Premium plugin. -->","yoast_head_json":{"title":"Lampy do lakierni - o\u015bwietlenie lakierni - sprawd\u017a co wybra\u0107","description":"Wyb\u00f3r odpowiedniej lampy do lakierni samochodowej to nie lada wyzwanie. Sprawd\u017a na jakie o\u015bwietlenie lakierni si\u0119 zdecydowa\u0107.","robots":{"index":"index","follow":"follow","max-snippet":"max-snippet:-1","max-image-preview":"max-image-preview:large","max-video-preview":"max-video-preview:-1"},"canonical":"https:\/\/www.smd-led.pl\/blog\/lampy-do-lakierni-oswietlenie-lakierni\/","og_locale":"pl_PL","og_type":"article","og_title":"Lampy do lakierni - o\u015bwietlenie lakierni","og_description":"Wyb\u00f3r odpowiedniej lampy do lakierni samochodowej to nie lada wyzwanie. Sprawd\u017a na jakie o\u015bwietlenie lakierni si\u0119 zdecydowa\u0107.","og_url":"https:\/\/www.smd-led.pl\/blog\/lampy-do-lakierni-oswietlenie-lakierni\/","og_site_name":"SMD-LED","article_published_time":"2020-04-05T14:30:17+00:00","article_modified_time":"2024-01-15T12:25:44+00:00","og_image":[{"width":1280,"height":850,"url":"https:\/\/www.smd-led.pl\/blog\/wp-content\/uploads\/2020\/04\/oswietlenie-lakierni.jpg","type":"image\/jpeg"}],"author":"Marcin Pietrasik","twitter_card":"summary_large_image","twitter_misc":{"Napisane przez":"Marcin Pietrasik","Szacowany czas czytania":"9 minut"},"schema":{"@context":"https:\/\/schema.org","@graph":[{"@type":"Article","@id":"https:\/\/www.smd-led.pl\/blog\/lampy-do-lakierni-oswietlenie-lakierni\/#article","isPartOf":{"@id":"https:\/\/www.smd-led.pl\/blog\/lampy-do-lakierni-oswietlenie-lakierni\/"},"author":{"name":"Marcin Pietrasik","@id":"https:\/\/www.smd-led.pl\/blog\/#\/schema\/person\/887fa24be503d7ae726f67021d1623f5"},"headline":"Lampy do lakierni &#8211; o\u015bwietlenie lakierni","datePublished":"2020-04-05T14:30:17+00:00","dateModified":"2024-01-15T12:25:44+00:00","mainEntityOfPage":{"@id":"https:\/\/www.smd-led.pl\/blog\/lampy-do-lakierni-oswietlenie-lakierni\/"},"wordCount":1496,"image":{"@id":"https:\/\/www.smd-led.pl\/blog\/lampy-do-lakierni-oswietlenie-lakierni\/#primaryimage"},"thumbnailUrl":"https:\/\/www.smd-led.pl\/blog\/wp-content\/uploads\/2020\/04\/oswietlenie-lakierni.jpg","articleSection":["O\u015bwietlenie przemys\u0142owe","Warsztaty i gara\u017ce"],"inLanguage":"pl-PL"},{"@type":"WebPage","@id":"https:\/\/www.smd-led.pl\/blog\/lampy-do-lakierni-oswietlenie-lakierni\/","url":"https:\/\/www.smd-led.pl\/blog\/lampy-do-lakierni-oswietlenie-lakierni\/","name":"Lampy do lakierni - o\u015bwietlenie lakierni - sprawd\u017a co wybra\u0107","isPartOf":{"@id":"https:\/\/www.smd-led.pl\/blog\/#website"},"primaryImageOfPage":{"@id":"https:\/\/www.smd-led.pl\/blog\/lampy-do-lakierni-oswietlenie-lakierni\/#primaryimage"},"image":{"@id":"https:\/\/www.smd-led.pl\/blog\/lampy-do-lakierni-oswietlenie-lakierni\/#primaryimage"},"thumbnailUrl":"https:\/\/www.smd-led.pl\/blog\/wp-content\/uploads\/2020\/04\/oswietlenie-lakierni.jpg","datePublished":"2020-04-05T14:30:17+00:00","dateModified":"2024-01-15T12:25:44+00:00","author":{"@id":"https:\/\/www.smd-led.pl\/blog\/#\/schema\/person\/887fa24be503d7ae726f67021d1623f5"},"description":"Wyb\u00f3r odpowiedniej lampy do lakierni samochodowej to nie lada wyzwanie. Sprawd\u017a na jakie o\u015bwietlenie lakierni si\u0119 zdecydowa\u0107.","breadcrumb":{"@id":"https:\/\/www.smd-led.pl\/blog\/lampy-do-lakierni-oswietlenie-lakierni\/#breadcrumb"},"inLanguage":"pl-PL","potentialAction":[{"@type":"ReadAction","target":["https:\/\/www.smd-led.pl\/blog\/lampy-do-lakierni-oswietlenie-lakierni\/"]}]},{"@type":"ImageObject","inLanguage":"pl-PL","@id":"https:\/\/www.smd-led.pl\/blog\/lampy-do-lakierni-oswietlenie-lakierni\/#primaryimage","url":"https:\/\/www.smd-led.pl\/blog\/wp-content\/uploads\/2020\/04\/oswietlenie-lakierni.jpg","contentUrl":"https:\/\/www.smd-led.pl\/blog\/wp-content\/uploads\/2020\/04\/oswietlenie-lakierni.jpg","width":1280,"height":850,"caption":""},{"@type":"BreadcrumbList","@id":"https:\/\/www.smd-led.pl\/blog\/lampy-do-lakierni-oswietlenie-lakierni\/#breadcrumb","itemListElement":[{"@type":"ListItem","position":1,"name":"Strona g\u0142\u00f3wna","item":"https:\/\/www.smd-led.pl\/blog\/"},{"@type":"ListItem","position":2,"name":"Lampy do lakierni &#8211; o\u015bwietlenie lakierni"}]},{"@type":"WebSite","@id":"https:\/\/www.smd-led.pl\/blog\/#website","url":"https:\/\/www.smd-led.pl\/blog\/","name":"SMD-LED","description":"O\u015bwietlenie Led do domu i przemys\u0142u porady, testy i opinie ekspert\u00f3w","potentialAction":[{"@type":"SearchAction","target":{"@type":"EntryPoint","urlTemplate":"https:\/\/www.smd-led.pl\/blog\/?s={search_term_string}"},"query-input":{"@type":"PropertyValueSpecification","valueRequired":true,"valueName":"search_term_string"}}],"inLanguage":"pl-PL"},{"@type":"Person","@id":"https:\/\/www.smd-led.pl\/blog\/#\/schema\/person\/887fa24be503d7ae726f67021d1623f5","name":"Marcin Pietrasik","image":{"@type":"ImageObject","inLanguage":"pl-PL","@id":"https:\/\/www.smd-led.pl\/blog\/#\/schema\/person\/image\/","url":"https:\/\/secure.gravatar.com\/avatar\/c886f4ccbb5c83b665ee8b66f0b3401128439bc832dca6389b6e67c6bdc3d38b?s=96&d=mm&r=g","contentUrl":"https:\/\/secure.gravatar.com\/avatar\/c886f4ccbb5c83b665ee8b66f0b3401128439bc832dca6389b6e67c6bdc3d38b?s=96&d=mm&r=g","caption":"Marcin Pietrasik"},"url":"https:\/\/www.smd-led.pl\/blog\/author\/mpietrasik\/"}]}},"_links":{"self":[{"href":"https:\/\/www.smd-led.pl\/blog\/wp-json\/wp\/v2\/posts\/8795","targetHints":{"allow":["GET"]}}],"collection":[{"href":"https:\/\/www.smd-led.pl\/blog\/wp-json\/wp\/v2\/posts"}],"about":[{"href":"https:\/\/www.smd-led.pl\/blog\/wp-json\/wp\/v2\/types\/post"}],"author":[{"embeddable":true,"href":"https:\/\/www.smd-led.pl\/blog\/wp-json\/wp\/v2\/users\/7"}],"replies":[{"embeddable":true,"href":"https:\/\/www.smd-led.pl\/blog\/wp-json\/wp\/v2\/comments?post=8795"}],"version-history":[{"count":8,"href":"https:\/\/www.smd-led.pl\/blog\/wp-json\/wp\/v2\/posts\/8795\/revisions"}],"predecessor-version":[{"id":17517,"href":"https:\/\/www.smd-led.pl\/blog\/wp-json\/wp\/v2\/posts\/8795\/revisions\/17517"}],"wp:featuredmedia":[{"embeddable":true,"href":"https:\/\/www.smd-led.pl\/blog\/wp-json\/wp\/v2\/media\/3388"}],"wp:attachment":[{"href":"https:\/\/www.smd-led.pl\/blog\/wp-json\/wp\/v2\/media?parent=8795"}],"wp:term":[{"taxonomy":"category","embeddable":true,"href":"https:\/\/www.smd-led.pl\/blog\/wp-json\/wp\/v2\/categories?post=8795"},{"taxonomy":"post_tag","embeddable":true,"href":"https:\/\/www.smd-led.pl\/blog\/wp-json\/wp\/v2\/tags?post=8795"}],"curies":[{"name":"wp","href":"https:\/\/api.w.org\/{rel}","templated":true}]}}