{"id":8805,"date":"2020-07-05T17:18:12","date_gmt":"2020-07-05T15:18:12","guid":{"rendered":"https:\/\/www.smd-led.pl\/blog\/?p=2789"},"modified":"2024-02-01T10:51:25","modified_gmt":"2024-02-01T09:51:25","slug":"oswietlenie-biurka-kilka-waznych-wskazowek","status":"publish","type":"post","link":"https:\/\/www.smd-led.pl\/blog\/oswietlenie-biurka-kilka-waznych-wskazowek\/","title":{"rendered":"O\u015bwietlenie biurka &#8211; kilka wa\u017cnych wskaz\u00f3wek"},"content":{"rendered":"<p>Jak wa\u017cne jest w\u0142a\u015bciwe <strong>o\u015bwietlenie biurka<\/strong>, nie trzeba chyba nikogo przekonywa\u0107. Poprawne o\u015bwietlenie biurka do pracy u\u0142atwi i usprawni wszelkie prace przy nim si\u0119 odbywaj\u0105ce, a przy okazji wp\u0142ynie pozytywnie na wzrok osoby przy nim si\u0119 znajduj\u0105cej. Czy b\u0119dzie to biurko dziecka, s\u0142u\u017c\u0105ce do odrabiania prac domowych czy rodzica, kt\u00f3ry przy nim pracuje w domu, zasady jego o\u015bwietlenia s\u0105 podobne, jednak jego przeznaczenie wp\u0142ynie na ostateczny kszta\u0142t o\u015bwietlenia, jakie przy biurku powinni\u015bmy zapewni\u0107. Najlepsz\u0105 opcj\u0105 w o\u015bwietleniu biurka s\u0105 lampki biurkowe kt\u00f3re idealnie sprostaj\u0105 ka\u017cdym oczekiwani\u0105. W dzisiejszym artykule postaramy si\u0119 pom\u00f3c w jego zaplanowaniu.<\/p>\n<p><img loading=\"lazy\" decoding=\"async\" class=\"aligncenter size-full wp-image-5919\" src=\"https:\/\/www.smd-led.pl\/blog\/wp-content\/uploads\/2020\/07\/szukasz-lampki-na-biurko.jpg\" alt=\"Szukasz lampki na biurko?\" width=\"800\" height=\"533\" \/><\/p>\n<p style=\"text-align: center;\"><strong><span style=\"font-size: 24pt; color: #ff0000;\">Najcz\u0119\u015bciej wybierane lampki burko przez naszych klient\u00f3w:<\/span><\/strong><\/p>\n<div class=\"call-to-action-05\" style=\"background-image: url('https:\/\/www.smd-led.pl\/blog\/wp-content\/uploads\/2023\/12\/oswietlenie_led_do_podbitki_dachowej-45.png')\"><div class=\"call-to-action-05__info-box\"><div class=\"call-to-action-05__info\"><p class=\"call-to-action-05__txt\">Zobacz wi\u0119cej z kategorii<\/p><span class=\"call-to-action-05__cat-title\">Lampki na biurko \u2013 wygodne \u015bwiat\u0142o do pracy i nauki<\/span><a href=\"https:\/\/www.smd-led.pl\/lampka-na-biurko\" class=\"button\" id=\"buiro_biurko\" target=\"_self\">Zobacz produkt<\/a><\/div><\/div><\/div>\n<h2>O\u015bwietlenie biurka LED<\/h2>\n<p>Naturaln\u0105 konsekwencj\u0105 rozwoju bran\u017cy o\u015bwietleniowej jest zast\u0105pienie dotychczasowych, tradycyjnych \u017ar\u00f3de\u0142 \u015bwiat\u0142a ledami. Tak\u017ce i o\u015bwietlenie biurka LED b\u0119dzie nad wyraz korzystnym rozwi\u0105zaniem. <strong>Biurko z o\u015bwietleniem LED<\/strong> b\u0119dzie bowiem funkcjonalnym i przyjaznym miejscem pracy, a przy okazji wp\u0142ynie pozytywnie na nasze finanse zwi\u0105zane z kosztami o\u015bwietlenia w domu. Trwa\u0142o\u015b\u0107 i energooszcz\u0119dno\u015b\u0107 led\u00f3w zapewni nam spore oszcz\u0119dno\u015bci w d\u0142u\u017cszej perspektywie u\u017cytkowania takiego o\u015bwietlenia. <strong>O\u015bwietlenie LED na biurko<\/strong> umo\u017cliwi nam tak\u017ce wyb\u00f3r \u017ar\u00f3d\u0142a \u015bwiat\u0142a idealnie spe\u0142niaj\u0105cego nasze oczekiwania. Szeroki wyb\u00f3r \u017car\u00f3wek o r\u00f3\u017cnych mocach, barwach emitowanego \u015bwiat\u0142a czy jasno\u015bci sprawia, \u017ce zawsze dobierzemy optymalne do naszych zastosowa\u0144. Zapewni\u0105 one bezpiecze\u0144stwo i komfort pracy przy biurku.<\/p>\n<p><img loading=\"lazy\" decoding=\"async\" class=\"aligncenter wp-image-2791\" src=\"https:\/\/www.smd-led.pl\/blog\/wp-content\/uploads\/2020\/07\/oswietlenie-biurka.jpg\" alt=\"O\u015bwietlenie biurka\" width=\"1000\" height=\"667\" \/><\/p>\n<h2>Prawid\u0142owe o\u015bwietlenie biurka<\/h2>\n<p>Planuj\u0105c <strong>prawid\u0142owe o\u015bwietlenie biurka<\/strong>, nie mo\u017cemy skupi\u0107 si\u0119 na zapewnieniu pojedynczego \u017ar\u00f3d\u0142a \u015bwiat\u0142a, lecz powinni\u015bmy pami\u0119ta\u0107, o stworzeniu kilku \u017ar\u00f3de\u0142 \u015bwita\u0142a. Wspomo\u017ce to stworzenie dobrych warunk\u00f3w zar\u00f3wno do pracy, jak i odpoczynku. Kilka \u017ar\u00f3de\u0142 \u015bwiat\u0142a zapewni przyjazn\u0105 atmosfer\u0119 s\u0142u\u017c\u0105c\u0105 zar\u00f3wno nauce i pracy, jak i relaksowi. Osoba pracuj\u0105ca przy biurku dzi\u0119ki temu b\u0119dzie czu\u0142a si\u0119 komfortowo, nie b\u0119dzie si\u0119 zbytnio m\u0119czy\u0142a, a dobre o\u015bwietlenie biurka wspomo\u017ce jej skupienie i koncentracj\u0119. Oczywi\u015bcie najlepszym \u015bwiat\u0142em do pracy jest \u015bwiat\u0142o dzienne. Jednak zar\u00f3wno cz\u0119ste, p\u00f3\u017ane odrabianie lekcji czy wieczorna praca po godzinach, jak i okres zimowy, dyskwalifikuj\u0105 o\u015bwietlenie dzienne jako jedyne \u017ar\u00f3d\u0142o \u015bwiat\u0142o przy biurku. Biurko powinni\u015bmy wi\u0119c umieszcza\u0107 mo\u017cliwie blisko okna umo\u017cliwiaj\u0105cego dost\u0119p \u015bwiat\u0142a dziennego, a w pomieszczeniu zainstalowa\u0107 o\u015bwietlenie uzupe\u0142niaj\u0105ce braki \u015bwiat\u0142a dziennego w okresach jego niedostatecznej ilo\u015bci. W pokoju musi znajdowa\u0107 si\u0119 \u015bwiat\u0142o g\u0142\u00f3wne. Najcz\u0119\u015bciej b\u0119dzie to o\u015bwietlenie sufitowe. Wyb\u00f3r jego formy i rodzaju zale\u017ce\u0107 b\u0119dzie jedynie od wymaga\u0144 i wystroju pokoju. Mo\u017ce to by\u0107 o\u015bwietlenie w postaci \u017cyrandola, <a href=\"https:\/\/www.smd-led.pl\/plafony-led\">plafonu LED<\/a>, a tak\u017ce szeregu punktowych lampek rozmieszczonych na suficie. Lampa taka powinna zapewni\u0107 r\u00f3wnomierne o\u015bwietlenie pomieszczenia \u015bwiat\u0142em o wystarczaj\u0105cej jasno\u015bci. O\u015bwietlenie ca\u0142ego pomieszczenia ciep\u0142ym \u015bwiat\u0142em stworzy odpowiednie podstawy o\u015bwietleniowe w pomieszczeniu. Na samym biurku powinno znale\u017a\u0107 si\u0119 miejsce dla lampki stoj\u0105cej. Regulowane b\u0105d\u017a elastyczne rami\u0119 umo\u017cliwi odpowiednie skierowanie strumienia \u015bwiat\u0142a w zale\u017cno\u015bci od aktualnych potrzeb.<\/p>\n<div class=\"call-to-action-05\" style=\"background-image: url('https:\/\/www.smd-led.pl\/blog\/wp-content\/uploads\/2024\/01\/oswietlenie_led_do_podbitki_dachowej-28.png')\"><div class=\"call-to-action-05__info-box\"><div class=\"call-to-action-05__info\"><p class=\"call-to-action-05__txt\">Zobacz wi\u0119cej z kategorii<\/p><span class=\"call-to-action-05__cat-title\"><a href=\"https:\/\/www.smd-led.pl\/lampka-na-biurko\" data-internallinksmanager029f6b8e52c=\"12\" title=\"Lampka na biurko\">Lampka na biurko<\/a> \u2013 wygodne \u015bwiat\u0142o do codziennych zada\u0144<\/span><a href=\"https:\/\/www.smd-led.pl\/lampka-na-biurko\" class=\"button\" id=\"biurko_3\" target=\"_self\">Zobacz produkt<\/a><\/div><\/div><\/div>\n<p><a href=\"https:\/\/www.smd-led.pl\/lampka-na-biurko\">Lampka biurkowa<\/a> powinna tak\u017ce cechowa\u0107 si\u0119 mobilno\u015bci\u0105, u\u0142atwiaj\u0105c\u0105 jej szybkie i \u0142atwe przestawienie w ka\u017cdej chwili w dowolne miejsce na biurku. Wi\u0119cej o wyborze najw\u0142a\u015bciwszej lampki na biurko przeczytaj\u0105 Pa\u0144stwo w naszym wpisie o lampkach biurkowych. O\u015bwietlenie do biurka powinno emitowa\u0107 \u015bwiat\u0142o mo\u017cliwie najbardziej zbli\u017cone do \u015bwiat\u0142a dziennego. W przypadku dzieci prawor\u0119cznych lampk\u0119 ustawiamy z lewej strony biurka, a gdy dziecko jest lewor\u0119czne z jego prawej strony. \u015awiat\u0142o padaj\u0105ce z g\u00f3ry z lampki biurkowej na powierzchni\u0119 blatu biurka nie o\u015blepi i nie zm\u0119czy oczu dziecka odrabiaj\u0105cego lekcje. Odleg\u0142o\u015b\u0107 mi\u0119dzy \u017ar\u00f3d\u0142em \u015bwiat\u0142a a o\u015bwietlanym miejscem nie powinna by\u0107 wi\u0119ksza ni\u017c 35-40cm. Zapewni to w\u0142a\u015bciwe o\u015bwietlenie miejsca pracy, a przy okazji nie b\u0119dzie m\u0119czy\u0107 oczu dziecka. W kwestii designu wyb\u00f3r lampki pozostawmy sobie lub dziecku w przypadku urz\u0105dzania biurka ucznia. Niech b\u0119dzie to lampka psuj\u0105ca do wystroju pokoju i spe\u0142niaj\u0105ca nasze b\u0105d\u017a dziecka oczekiwania. Nie wybierajmy jednak zbyt szalonych lampek, kt\u00f3re w przysz\u0142o\u015bci mog\u0105 dekoncentrowa\u0107 i rozprasza\u0107 nas podczas pracy czy m\u0142odego ucznia podczas odrabiania lekcji.<\/p>\n<p>Jako g\u0142\u00f3wne o\u015bwietlenie nad biurko sprawdzi si\u0119 bezramkowy <a href=\"https:\/\/www.smd-led.pl\/panel-bezramkowy-led-8w-800lm-4000k-19098\">LED panel 8 Watt<\/a>. Wypr\u00f3buj go!<\/p>\n<p><img loading=\"lazy\" decoding=\"async\" class=\"aligncenter wp-image-2781\" src=\"https:\/\/www.smd-led.pl\/blog\/wp-content\/uploads\/2020\/07\/jaka-lampka-na-biurko-do-pracy.jpg\" alt=\"Jaka lampka na biurko do pracy\" width=\"1000\" height=\"890\" \/><\/p>\n<h2>O\u015bwietlenie biurka do pracy<\/h2>\n<p>Biurko do pracy to zazwyczaj miejsce, przy kt\u00f3rym sp\u0119dza si\u0119 nawet kilka godzin dziennie. Istotnym jest wi\u0119c zapewnienie w tym miejscu odpowiedniej atmosfery i warunk\u00f3w sprzyjaj\u0105cych ci\u0119\u017ckiej dla wzroku pracy. Dobre o\u015bwietlenie uprzyjemni czas sp\u0119dzony przy biurku i zabezpieczy nasz wzrok. Im lepsze warunki o\u015bwietleniowe zapewnimy, tym lepiej b\u0119dziemy si\u0119 czuli i tym wydajniejsza i przyjemniejsza b\u0119dzie nasza praca biurowa. Istotnym przy wyborze o\u015bwietlenia biurka jest wska\u017anik oddawania barw Ra. Im wy\u017cszy ten wska\u017anik, tym bardziej realistycznie wygl\u0105daj\u0105 przedmioty. W\u0142a\u015bciwym b\u0119dzie wi\u0119c wyb\u00f3r o\u015bwietlenia, kt\u00f3rego wska\u017anik Ra wynosi\u0107 b\u0119dzie 80 lub wi\u0119cej (skalara zawiera si\u0119 w przedziale 1-100). Pracuj\u0105c przy biurku, bardzo cz\u0119sto korzystamy z komputera. Du\u017cy kontrast mi\u0119dzy ekranem a otoczeniem jest czynnikiem dzia\u0142aj\u0105cym negatywnie na nasz wzrok. Dlatego warto wyposa\u017cy\u0107 nasze biurko w lampk\u0119 z mo\u017cliwo\u015bci\u0105 regulacji jasno\u015bci \u015bwiecenia. Mo\u017cliwo\u015b\u0107 \u015bciemniania umo\u017cliwi nam dostosowanie ilo\u015bci \u015bwiat\u0142a do aktualnie wykonywanych prac i zabezpieczy nasz wzrok. <strong>O\u015bwietlenie przy biurku<\/strong> wyposa\u017conym w komputer powinno posiada\u0107 nat\u0119\u017cenie minimum 500 luks\u00f3w przy samym komputerze i 300 w pozosta\u0142ej cz\u0119\u015bci pomieszczenia.<\/p>\n<p style=\"text-align: center;\"><strong>Przeczytaj nasze pozosta\u0142e artyku\u0142y na temat o\u015bwietlenia biurka i wyboru odpowiednich lamp<\/strong><\/p>\n<style id=\"sp_pcp_dynamic_style16306\">#pcp_wrapper-16306:not(.sps-glossary-layout) .sp-pcp-row,#pcp_wrapper-16306 .sps-glossary-items-group .sps-glossary-items-content {margin-right: -10px;margin-left: -10px;}#pcp_wrapper-16306 .sp-pcp-row [class*='sp-pcp-col-']{padding-right: 10px;padding-left: 10px; padding-bottom:20px;}.pcp-wrapper-16306 .sp-pcp-title a {color: #111;display: inherit;} .pcp-wrapper-16306 .sp-pcp-title a:hover {color: #e1624b;}.pcp-wrapper-16306 .sp-pcp-post-content{color: #444; }#pcp_wrapper-16306 .dots .swiper-pagination-bullet{ background: #cccccc; } #pcp_wrapper-16306 .dots .swiper-pagination-bullet-active { background: #D64224; }#pcp_wrapper-16306 .pcp-button-prev,#pcp_wrapper-16306 .pcp-button-next{ background-image: none; background-size: auto; background-color: #fff; height: 33px; width: 33px; margin-top: 8px; border: 1px solid #aaa; text-align: center; line-height: 30px; -webkit-transition: 0.3s; border-radius: 3px; }#pcp_wrapper-16306 .pcp-button-prev:hover, #pcp_wrapper-16306 .pcp-button-next:hover{ background-color: #D64224; border-color: #D64224; } #pcp_wrapper-16306 .pcp-button-prev .fa, #pcp_wrapper-16306 .pcp-button-next .fa { color: #aaa; } #pcp_wrapper-16306 .pcp-button-prev:hover .fa, #pcp_wrapper-16306 .pcp-button-next:hover .fa { color: #fff; } #pcp_wrapper-16306.pcp-carousel-wrapper .sp-pcp-post{ margin-top: 0; }#pcp_wrapper-16306 .sp-pcp-post {padding: 0 0 0 0;}#pcp_wrapper-16306.sp-slider_layout .sp-pcp-post .sp-pcp-post-details {top: 0; right:0; bottom:0; left:0;}#pcp_wrapper-16306 .sp-pcp-post {border: 0px solid #e2e2e2; border-radius: 0px }#pcp_wrapper-16306 .sp-pcp-post{background-color: transparent;}#pcp_wrapper-16306 .pcp-post-thumb-wrapper{border: 0px solid #dddddd;border-radius:0px;}.pcp-wrapper-16306 .sp-pcp-post-meta li,.pcp-wrapper-16306 .sp-pcp-post-meta ul,.pcp-wrapper-16306 .sp-pcp-post-meta li a{color: #888;}.pcp-wrapper-16306 .sp-pcp-post-meta li a:hover{color: #e1624b;}#pcp_wrapper-16306 .pcp-readmore-link{ background: transparent; color: #111; border: 1px solid #888; border-radius: 0px; } #pcp_wrapper-16306 .pcp-readmore-link:hover { background-color: #e1624b; color: #fff; border-color: #e1624b; }#pcp_wrapper-16306 .pcp-post-pagination .page-numbers.current, #pcp_wrapper-16306 .pcp-post-pagination a.active , #pcp_wrapper-16306 .pcp-post-pagination a:hover{ color: #ffffff; background: #e1624b; border-color: #e1624b; }#pcp_wrapper-16306 .pcp-post-pagination .page-numbers, .pcp-post-pagination a{ background: #ffffff; color:#5e5e5e; border: 2px solid #bbbbbb;border-radius: 2px; }#pcp_wrapper-16306 .pcp-post-pagination{text-align: left;}@media (min-width: 1200px) {.sp-pcp-row .sp-pcp-col-xl-1 {flex: 0 0 100%;}.sp-pcp-row .sp-pcp-col-xl-2 {flex: 1 1 calc( 50% - 20px);}.sp-pcp-row .sp-pcp-col-xl-3 {flex: 1 1 calc( 33.333% - 20px);}.sp-pcp-row .sp-pcp-col-xl-4 {flex: 1 1 calc( 25% - 20px);}.sp-pcp-row .sp-pcp-col-xl-5 { flex: 1 1 calc( 20% - 20px);}.sp-pcp-row .sp-pcp-col-xl-6 {flex: 1 1 calc( 16.66666666666667% - 20px);}.sp-pcp-row .sp-pcp-col-xl-7 {flex: 1 1 calc( 14.28571428% - 20px);}.sp-pcp-row .sp-pcp-col-xl-8 {flex: 1 1 calc( 12.5% - 20px);}}@media (max-width: 1200px) {.sp-pcp-row .sp-pcp-col-lg-1 {flex: 0 0 100%;}.sp-pcp-row .sp-pcp-col-lg-2 {flex: 1 1 calc( 50% - 20px);}.sp-pcp-row .sp-pcp-col-lg-3 {flex: 1 1 calc( 33.333% - 20px);}.sp-pcp-row .sp-pcp-col-lg-4 {flex: 1 1 calc( 25% - 20px);}.sp-pcp-row .sp-pcp-col-lg-5 { flex: 1 1 calc( 20% - 20px);}.sp-pcp-row .sp-pcp-col-lg-6 {flex: 1 1 calc( 16.66666666666667% - 20px);}.sp-pcp-row .sp-pcp-col-lg-7 {flex: 1 1 calc( 14.28571428% - 20px);}.sp-pcp-row .sp-pcp-col-lg-8 {flex: 1 1 calc( 12.5% - 20px);}}@media (max-width: 992px) {.sp-pcp-row .sp-pcp-col-md-1 {flex: 0 0 100%;}.sp-pcp-row .sp-pcp-col-md-2 {flex: 1 1 calc( 50% - 20px);}.sp-pcp-row .sp-pcp-col-md-2-5 {flex: 0 0 75%;}.sp-pcp-row .sp-pcp-col-md-3 {flex: 1 1 calc( 33.333% - 20px);}.sp-pcp-row .sp-pcp-col-md-4 {flex: 1 1 calc( 25% - 20px);}.sp-pcp-row .sp-pcp-col-md-5 { flex: 1 1 calc( 20% - 20px);}.sp-pcp-row .sp-pcp-col-md-6 {flex: 1 1 calc( 16.66666666666667% - 20px);}.sp-pcp-row .sp-pcp-col-md-7 {flex: 1 1 calc( 14.28571428% - 20px);}.sp-pcp-row .sp-pcp-col-md-8 {flex: 1 1 calc( 12.5% - 20px);}}@media (max-width: 768px) {.sp-pcp-row .sp-pcp-col-sm-1 {flex: 0 0 100%;}.sp-pcp-row .sp-pcp-col-sm-2 {flex: 1 1 calc( 50% - 20px);}.sp-pcp-row .sp-pcp-col-sm-2-5 {flex: 0 0 75%;}.sp-pcp-row .sp-pcp-col-sm-3 {flex: 1 1 calc( 33.333% - 20px);}.sp-pcp-row .sp-pcp-col-sm-4 {flex: 1 1 calc( 25% - 20px);}.sp-pcp-row .sp-pcp-col-sm-5 { flex: 1 1 calc( 20% - 20px);}.sp-pcp-row .sp-pcp-col-sm-6 {flex: 1 1 calc( 16.66666666666667% - 20px);}.sp-pcp-row .sp-pcp-col-sm-7 {flex: 1 1 calc( 14.28571428% - 20px);}.sp-pcp-row .sp-pcp-col-sm-8 {flex: 1 1 calc( 12.5% - 20px);}}@media (max-width: 420px) {.sp-pcp-row .sp-pcp-col-xs-1 {flex: 0 0 100%;}.sp-pcp-row .sp-pcp-col-xs-2 {flex: 1 1 calc( 50% - 20px);}.sp-pcp-row .sp-pcp-col-xs-3 {flex: 1 1 calc( 33.333% - 20px);}.sp-pcp-row .sp-pcp-col-xs-4 {flex: 1 1 calc( 25% - 20px);}.sp-pcp-row .sp-pcp-col-xs-5 { flex: 1 1 calc( 20% - 20px);}.sp-pcp-row .sp-pcp-col-xs-6 {flex: 1 1 calc( 16.66666666666667% - 20px);}.sp-pcp-row .sp-pcp-col-xs-7 {flex: 1 1 calc( 14.28571428% - 20px);}.sp-pcp-row .sp-pcp-col-xs-8 {flex: 1 1 calc( 12.5% - 20px);}}<\/style><!-- Markup Starts -->\n<div id=\"pcp_wrapper-16306\" class=\"sp-pcp-section sp-pcp-container pcp-wrapper-16306 pcp-carousel-wrapper standard sp-carousel_layout\" data-sid=\"16306\">\n\t<div id=\"sp-pcp-id-16306\" class=\"swiper-container sp-pcp-carousel top_right\" dir=\"ltr\" data-carousel='{ \"speed\":600, \"items\":4, \"spaceBetween\":20, \"dynamicBullets\": false, \"navigation\":true, \"pagination\": true, \"autoplay\": true, \"autoplay_speed\": 2000, \"loop\": true, \"autoHeight\": false, \"lazy\":  true, \"simulateTouch\": true, \"freeMode\": false, \"slider_mouse_wheel\": false,\"allowTouchMove\": true, \"slidesPerView\": {\"lg_desktop\": 4, \"desktop\": 4, \"tablet\": 3, \"mobile_landscape\": 2, \"mobile\": 1}, \"navigation_mobile\": true, \"pagination_mobile\": true, \"stop_onHover\": true, \"enabled\": true, \"prevSlideMessage\": \"Previous slide\", \"nextSlideMessage\": \"Next slide\", \"firstSlideMessage\": \"This is the first slide\", \"lastSlideMessage\": \"This is the last slide\", \"keyboard\": \"true\", \"paginationBulletMessage\": \"Go to slide {{index}}\" }'>\n\t\t\t<div class=\"swiper-wrapper\">\n\t\t\t\t\t\t<div class=\" swiper-slide swiper-lazy\">\n\t\t\t<div class=\"sp-pcp-post default pcp-item-15579\" data-id=\"15579\">\n\t\t\t\t\t\t\t\t<div class=\"pcp-post-thumb-wrapper\">\n\t\t\t\t\t<div class=\"sp-pcp-post-thumb-area\">\n\t\t\t\t\t\t\t\t\t\t\t\t<a class=\"sp-pcp-thumb\" href=\"https:\/\/www.smd-led.pl\/blog\/jaki-fotel-biurowy-wybrac\/\" target=\"_self\" >\n\t\t\t\t\t\t\t\t\t\t\t\t\t<img loading=\"lazy\" decoding=\"async\" src=\"https:\/\/www.smd-led.pl\/blog\/wp-content\/uploads\/2023\/12\/Fotel-biurowy-obrotowy-jaki-fotel-biurowy-wybrac.png\" width=\"1600\" height=\"1400\" alt=\"Fotel biurowy obrotowy - jaki fotel biurowy wybra\u0107\">\n\t\t\t\t\t\t<\/a>\n\t\t\t\t\t<\/div>\n\t\t\t\t<\/div>\n\t\t\t\t\t\t\t\t<div class=\"sp-pcp-post-details\">\n\t\t\t\t\t<div class=\"sp-pcp-post-details-content\">\n\t\t\t\t\t\t\t\t<h2 class=\"sp-pcp-title\">\n\t\t\t\t\t\t\t\t\t<a href=\"https:\/\/www.smd-led.pl\/blog\/jaki-fotel-biurowy-wybrac\/\"  target=\"_self\">Fotel biurowy obrotowy &#8211; jaki fotel biurowy wybra\u0107?<\/a>\t\t\t\t\t\t\t<\/h2>\n\t\t\t\t\t\t<div class=\"sp-pcp-post-meta\">\n\t\t\t<ul><li>\t\t\t\t\t<i class=\"fa fa-user\"><\/i>\n\t\t\t\t\t<a href=\"https:\/\/www.smd-led.pl\/blog\/author\/mpietrasik\/\"\n\t\t\t\t\t\trel=\"author\">Marcin Pietrasik<\/a>\n\t\t\t\t\t<\/li> <li>\t\t\t\t\t<i class=\"fa fa-calendar\"><\/i>\n\t\t\t\t\t<time class=\"entry-date published updated\">27 grudnia, 2023<\/time>\n\t\t\t\t\t<\/li><\/ul>\t\t<\/div>\n\t\t\t\t\t<div class=\"sp-pcp-post-content\">\n\t\t\t<p>Fotel biurowy podobnie jak o\u015bwietlenie jest kluczowy dla komfortu pracy oraz zdrowia pracownik\u00f3w. Warto wspomnie\u0107 [&hellip;]<\/p>\n\t\t<div class=\"sp-pcp-readmore\">\n\t\t\t\t\t\t\t<a class=\"pcp-readmore-link\" target=\"_self\" href=\"https:\/\/www.smd-led.pl\/blog\/jaki-fotel-biurowy-wybrac\/\" >\n\t\t\t\t\t\tRead More <\/a>\n\t\t<\/div>\n\t\t\t\t\t<\/div>\n\t\t\t\t\t\t\t\t<\/div>\n\t\t\t\t<\/div>\n\t\t\t<\/div>\n\t\t<\/div>\n\t\t\t\t<div class=\" swiper-slide swiper-lazy\">\n\t\t\t<div class=\"sp-pcp-post default pcp-item-15570\" data-id=\"15570\">\n\t\t\t\t\t\t\t\t<div class=\"pcp-post-thumb-wrapper\">\n\t\t\t\t\t<div class=\"sp-pcp-post-thumb-area\">\n\t\t\t\t\t\t\t\t\t\t\t\t<a class=\"sp-pcp-thumb\" href=\"https:\/\/www.smd-led.pl\/blog\/krzeslo-do-biura\/\" target=\"_self\" >\n\t\t\t\t\t\t\t\t\t\t\t\t\t<img loading=\"lazy\" decoding=\"async\" src=\"https:\/\/www.smd-led.pl\/blog\/wp-content\/uploads\/2023\/12\/Krzeslo-do-biura-1.png\" width=\"1600\" height=\"1400\" alt=\"Krzes\u0142o do biura\">\n\t\t\t\t\t\t<\/a>\n\t\t\t\t\t<\/div>\n\t\t\t\t<\/div>\n\t\t\t\t\t\t\t\t<div class=\"sp-pcp-post-details\">\n\t\t\t\t\t<div class=\"sp-pcp-post-details-content\">\n\t\t\t\t\t\t\t\t<h2 class=\"sp-pcp-title\">\n\t\t\t\t\t\t\t\t\t<a href=\"https:\/\/www.smd-led.pl\/blog\/krzeslo-do-biura\/\"  target=\"_self\">Krzes\u0142o do biura &#8211; fotel biurowy jako krzes\u0142o do biurka.<\/a>\t\t\t\t\t\t\t<\/h2>\n\t\t\t\t\t\t<div class=\"sp-pcp-post-meta\">\n\t\t\t<ul><li>\t\t\t\t\t<i class=\"fa fa-user\"><\/i>\n\t\t\t\t\t<a href=\"https:\/\/www.smd-led.pl\/blog\/author\/mpietrasik\/\"\n\t\t\t\t\t\trel=\"author\">Marcin Pietrasik<\/a>\n\t\t\t\t\t<\/li> <li>\t\t\t\t\t<i class=\"fa fa-calendar\"><\/i>\n\t\t\t\t\t<time class=\"entry-date published updated\">21 grudnia, 2023<\/time>\n\t\t\t\t\t<\/li><\/ul>\t\t<\/div>\n\t\t\t\t\t<div class=\"sp-pcp-post-content\">\n\t\t\t<p>Krzes\u0142o do biura jest kluczowe dla komfortu pracy oraz zdrowia pracownik\u00f3w.\u00a0 Warto zaznaczy\u0107, \u017ce w [&hellip;]<\/p>\n\t\t<div class=\"sp-pcp-readmore\">\n\t\t\t\t\t\t\t<a class=\"pcp-readmore-link\" target=\"_self\" href=\"https:\/\/www.smd-led.pl\/blog\/krzeslo-do-biura\/\" >\n\t\t\t\t\t\tRead More <\/a>\n\t\t<\/div>\n\t\t\t\t\t<\/div>\n\t\t\t\t\t\t\t\t<\/div>\n\t\t\t\t<\/div>\n\t\t\t<\/div>\n\t\t<\/div>\n\t\t\t\t<div class=\" swiper-slide swiper-lazy\">\n\t\t\t<div class=\"sp-pcp-post default pcp-item-15548\" data-id=\"15548\">\n\t\t\t\t\t\t\t\t<div class=\"pcp-post-thumb-wrapper\">\n\t\t\t\t\t<div class=\"sp-pcp-post-thumb-area\">\n\t\t\t\t\t\t\t\t\t\t\t\t<a class=\"sp-pcp-thumb\" href=\"https:\/\/www.smd-led.pl\/blog\/stylizacja-do-pracy\/\" target=\"_self\" >\n\t\t\t\t\t\t\t\t\t\t\t\t\t<img loading=\"lazy\" decoding=\"async\" src=\"https:\/\/www.smd-led.pl\/blog\/wp-content\/uploads\/2023\/12\/Stylizacja-do-pracy-czyli-jak-sie-ubrac-do-biura.png\" width=\"1600\" height=\"1400\" alt=\"Stylizacja do pracy, czyli jak si\u0119 ubra\u0107 do biura\">\n\t\t\t\t\t\t<\/a>\n\t\t\t\t\t<\/div>\n\t\t\t\t<\/div>\n\t\t\t\t\t\t\t\t<div class=\"sp-pcp-post-details\">\n\t\t\t\t\t<div class=\"sp-pcp-post-details-content\">\n\t\t\t\t\t\t\t\t<h2 class=\"sp-pcp-title\">\n\t\t\t\t\t\t\t\t\t<a href=\"https:\/\/www.smd-led.pl\/blog\/stylizacja-do-pracy\/\"  target=\"_self\">Stylizacja do pracy, czyli jak si\u0119 ubra\u0107 do biura?<\/a>\t\t\t\t\t\t\t<\/h2>\n\t\t\t\t\t\t<div class=\"sp-pcp-post-meta\">\n\t\t\t<ul><li>\t\t\t\t\t<i class=\"fa fa-user\"><\/i>\n\t\t\t\t\t<a href=\"https:\/\/www.smd-led.pl\/blog\/author\/mpietrasik\/\"\n\t\t\t\t\t\trel=\"author\">Marcin Pietrasik<\/a>\n\t\t\t\t\t<\/li> <li>\t\t\t\t\t<i class=\"fa fa-calendar\"><\/i>\n\t\t\t\t\t<time class=\"entry-date published updated\">21 grudnia, 2023<\/time>\n\t\t\t\t\t<\/li><\/ul>\t\t<\/div>\n\t\t\t\t\t<div class=\"sp-pcp-post-content\">\n\t\t\t<p>Stylizacja do pracy odgrywa istotn\u0105 rol\u0119 w kszta\u0142towaniu odbioru i postrzegania osoby w miejscu pracy. [&hellip;]<\/p>\n\t\t<div class=\"sp-pcp-readmore\">\n\t\t\t\t\t\t\t<a class=\"pcp-readmore-link\" target=\"_self\" href=\"https:\/\/www.smd-led.pl\/blog\/stylizacja-do-pracy\/\" >\n\t\t\t\t\t\tRead More <\/a>\n\t\t<\/div>\n\t\t\t\t\t<\/div>\n\t\t\t\t\t\t\t\t<\/div>\n\t\t\t\t<\/div>\n\t\t\t<\/div>\n\t\t<\/div>\n\t\t\t\t<div class=\" swiper-slide swiper-lazy\">\n\t\t\t<div class=\"sp-pcp-post default pcp-item-15560\" data-id=\"15560\">\n\t\t\t\t\t\t\t\t<div class=\"pcp-post-thumb-wrapper\">\n\t\t\t\t\t<div class=\"sp-pcp-post-thumb-area\">\n\t\t\t\t\t\t\t\t\t\t\t\t<a class=\"sp-pcp-thumb\" href=\"https:\/\/www.smd-led.pl\/blog\/kwiaty-do-biura\/\" target=\"_self\" >\n\t\t\t\t\t\t\t\t\t\t\t\t\t<img loading=\"lazy\" decoding=\"async\" src=\"https:\/\/www.smd-led.pl\/blog\/wp-content\/uploads\/2023\/12\/Kwiaty-do-biura-Jakie-najlepsze-rosliny-do-biura.png\" width=\"1600\" height=\"1400\" alt=\"Kwiaty do biura Jakie najlepsze ro\u015bliny do biura\">\n\t\t\t\t\t\t<\/a>\n\t\t\t\t\t<\/div>\n\t\t\t\t<\/div>\n\t\t\t\t\t\t\t\t<div class=\"sp-pcp-post-details\">\n\t\t\t\t\t<div class=\"sp-pcp-post-details-content\">\n\t\t\t\t\t\t\t\t<h2 class=\"sp-pcp-title\">\n\t\t\t\t\t\t\t\t\t<a href=\"https:\/\/www.smd-led.pl\/blog\/kwiaty-do-biura\/\"  target=\"_self\">Kwiaty do biura Jakie najlepsze ro\u015bliny do biura?<\/a>\t\t\t\t\t\t\t<\/h2>\n\t\t\t\t\t\t<div class=\"sp-pcp-post-meta\">\n\t\t\t<ul><li>\t\t\t\t\t<i class=\"fa fa-user\"><\/i>\n\t\t\t\t\t<a href=\"https:\/\/www.smd-led.pl\/blog\/author\/mpietrasik\/\"\n\t\t\t\t\t\trel=\"author\">Marcin Pietrasik<\/a>\n\t\t\t\t\t<\/li> <li>\t\t\t\t\t<i class=\"fa fa-calendar\"><\/i>\n\t\t\t\t\t<time class=\"entry-date published updated\">20 grudnia, 2023<\/time>\n\t\t\t\t\t<\/li><\/ul>\t\t<\/div>\n\t\t\t\t\t<div class=\"sp-pcp-post-content\">\n\t\t\t<p>Idealne kwiaty do biura to takie, kt\u00f3re s\u0105 nie tylko estetycznie atrakcyjne, ale r\u00f3wnie\u017c \u0142atwe [&hellip;]<\/p>\n\t\t<div class=\"sp-pcp-readmore\">\n\t\t\t\t\t\t\t<a class=\"pcp-readmore-link\" target=\"_self\" href=\"https:\/\/www.smd-led.pl\/blog\/kwiaty-do-biura\/\" >\n\t\t\t\t\t\tRead More <\/a>\n\t\t<\/div>\n\t\t\t\t\t<\/div>\n\t\t\t\t\t\t\t\t<\/div>\n\t\t\t\t<\/div>\n\t\t\t<\/div>\n\t\t<\/div>\n\t\t\t\t<div class=\" swiper-slide swiper-lazy\">\n\t\t\t<div class=\"sp-pcp-post default pcp-item-15261\" data-id=\"15261\">\n\t\t\t\t\t\t\t\t<div class=\"pcp-post-thumb-wrapper\">\n\t\t\t\t\t<div class=\"sp-pcp-post-thumb-area\">\n\t\t\t\t\t\t\t\t\t\t\t\t<a class=\"sp-pcp-thumb\" href=\"https:\/\/www.smd-led.pl\/blog\/ozdoba-do-biura-inspirujaca-dekoracja-i-efektowne-miejsce-pracy\/\" target=\"_self\" >\n\t\t\t\t\t\t\t\t\t\t\t\t\t<img loading=\"lazy\" decoding=\"async\" src=\"https:\/\/www.smd-led.pl\/blog\/wp-content\/uploads\/2023\/12\/Ozdoba-do-biura_-Jak-stworzyc-inspirujace-i-efektowne-miejsce-pracy.png\" width=\"1600\" height=\"1200\" alt=\"Ozdoba do biura_ Jak stworzy\u0107 inspiruj\u0105ce i efektowne miejsce pracy\">\n\t\t\t\t\t\t<\/a>\n\t\t\t\t\t<\/div>\n\t\t\t\t<\/div>\n\t\t\t\t\t\t\t\t<div class=\"sp-pcp-post-details\">\n\t\t\t\t\t<div class=\"sp-pcp-post-details-content\">\n\t\t\t\t\t\t\t\t<h2 class=\"sp-pcp-title\">\n\t\t\t\t\t\t\t\t\t<a href=\"https:\/\/www.smd-led.pl\/blog\/ozdoba-do-biura-inspirujaca-dekoracja-i-efektowne-miejsce-pracy\/\"  target=\"_self\">Ozdoba do biura: Inspiruj\u0105ca dekoracja i efektowne miejsce pracy<\/a>\t\t\t\t\t\t\t<\/h2>\n\t\t\t\t\t\t<div class=\"sp-pcp-post-meta\">\n\t\t\t<ul><li>\t\t\t\t\t<i class=\"fa fa-user\"><\/i>\n\t\t\t\t\t<a href=\"https:\/\/www.smd-led.pl\/blog\/author\/eokrasa\/\"\n\t\t\t\t\t\trel=\"author\">Emil Okrasa<\/a>\n\t\t\t\t\t<\/li> <li>\t\t\t\t\t<i class=\"fa fa-calendar\"><\/i>\n\t\t\t\t\t<time class=\"entry-date published updated\">14 grudnia, 2023<\/time>\n\t\t\t\t\t<\/li><\/ul>\t\t<\/div>\n\t\t\t\t\t<div class=\"sp-pcp-post-content\">\n\t\t\t<p>Tworzenie inspiruj\u0105cego i efektownego miejsca pracy zaczyna si\u0119 od dekoracji, a to daje nam odpowiednia [&hellip;]<\/p>\n\t\t<div class=\"sp-pcp-readmore\">\n\t\t\t\t\t\t\t<a class=\"pcp-readmore-link\" target=\"_self\" href=\"https:\/\/www.smd-led.pl\/blog\/ozdoba-do-biura-inspirujaca-dekoracja-i-efektowne-miejsce-pracy\/\" >\n\t\t\t\t\t\tRead More <\/a>\n\t\t<\/div>\n\t\t\t\t\t<\/div>\n\t\t\t\t\t\t\t\t<\/div>\n\t\t\t\t<\/div>\n\t\t\t<\/div>\n\t\t<\/div>\n\t\t\t\t\t<\/div>\n\t\t\t\t\t\t<div class=\"pcp-pagination swiper-pagination dots\"><\/div>\n\t\t\t\t\t\t\t\t\t\t<div class=\"pcp-button-next swiper-button-next top_right\"><i class=\"fa fa-angle-right\"><\/i><\/div>\n\t\t\t\t<div class=\"pcp-button-prev swiper-button-prev top_right\"><i class=\"fa fa-angle-left\"><\/i><\/div>\t<\/div>\n<\/div>\n\n<p>Biurko wyposa\u017cone w komputer nie powinno by\u0107 o\u015bwietlone za pomoc\u0105 opraw kierunkowo odbijaj\u0105cych \u015bwiat\u0142o. Aby unikn\u0105\u0107, odbi\u0107 \u015bwiate\u0142 i wysokiej jaskrawo\u015bci, nale\u017cy te oprawy odpowiednio rozmie\u015bci\u0107. Pomoc przy rozmieszczeniu opraw mog\u0105 pa\u0144stwo uzyska\u0107 od naszych pracownik\u00f3w, kt\u00f3rzy ch\u0119tnie pomog\u0105 przy rozplanowaniu o\u015bwietlenia. Je\u015bli chodzi o wyb\u00f3r \u017ar\u00f3d\u0142a \u015bwiat\u0142a, obecnie najkorzystniejszymi s\u0105 wszelkie lampy LED. Technologia LED umo\u017cliwia nam wyb\u00f3r \u015bwiat\u0142a o r\u00f3\u017cnych parametrach. Jasno\u015b\u0107, moc, barwa, wska\u017anik oddawania barw, a tak\u017ce wiele innych parametr\u00f3w mo\u017cemy dostosowa\u0107 do w\u0142asnych potrzeb, korzystaj\u0105c z o\u015bwietlenia Led. Tradycyjne \u017ar\u00f3d\u0142a \u015bwiat\u0142a nie daj\u0105 nam a\u017c takich mo\u017cliwo\u015bci dopasowania o\u015bwietlenia. Przy okazji \u017ar\u00f3d\u0142a \u015bwiat\u0142a LED nie grzej\u0105 si\u0119 i nie powoduj\u0105 efektu migotania, co znacz\u0105co wp\u0142ywa pozytywnie na prac\u0119 przy biurku.<\/p>\n<p><img loading=\"lazy\" decoding=\"async\" class=\"aligncenter wp-image-2783\" src=\"https:\/\/www.smd-led.pl\/blog\/wp-content\/uploads\/2020\/07\/najlepsza-lampka-na-biurko.jpg\" alt=\"Najlepsza lampka na biurko\" width=\"1000\" height=\"576\" \/><\/p>\n<h2>O\u015bwietlenie biurka dziecka<\/h2>\n<p>Najkorzystniejszym <strong>o\u015bwietleniem biurka dziecka<\/strong> b\u0119dzie takie, kt\u00f3rego barwa b\u0119dzie z przedzia\u0142u 4000K-6000K, a emitowany strumie\u0144 \u015bwietlny w okolicy 1000 lumen\u00f3w. Ch\u0142odniejsze od naturalnego \u015bwiat\u0142o bowiem jest \u015bwiat\u0142em stymuluj\u0105cym koncentracje i aktywno\u015b\u0107. Ciep\u0142a barwa, tak sprzyjaj\u0105ca relaksowi i odpoczynkowi, przy nat\u0119\u017ceniu \u015bwiat\u0142a, jakie potrzebne jest przy biurku, mo\u017ce by\u0107 przyt\u0142aczaj\u0105ca , zmniejsza\u0107 koncentracj\u0119 i by\u0107 powodem szybszego znu\u017cenia dziecka. Szeroka oferta lampek na biurko dost\u0119pnych w naszym sklepie umo\u017cliwi Pa\u0144stwu wyb\u00f3r modelu odpowiedniego zar\u00f3wno dla ch\u0142opca, jak i dziewczynki. Dost\u0119pne s\u0105 bowiem modele w ciemnej kolorystyce (czarne, szare, granatowe), jak i w kolorach pastelowych b\u0105d\u017a bardziej intensywnych (czerwone, r\u00f3\u017cowe).<\/p>\n<p><img loading=\"lazy\" decoding=\"async\" class=\"aligncenter wp-image-2779\" src=\"https:\/\/www.smd-led.pl\/blog\/wp-content\/uploads\/2020\/07\/jaka-lampka-na-biurko-jest-najlepsza.jpg\" alt=\"Jaka lampka na biurko jest najlepsza\" width=\"1000\" height=\"889\" \/><\/p>\n<div class=\"call-to-action-05\" style=\"background-image: url('https:\/\/www.smd-led.pl\/blog\/wp-content\/uploads\/2024\/01\/oswietlenie_led_do_podbitki_dachowej-29.png')\"><div class=\"call-to-action-05__info-box\"><div class=\"call-to-action-05__info\"><p class=\"call-to-action-05__txt\">Zobacz wi\u0119cej z kategorii<\/p><span class=\"call-to-action-05__cat-title\">Lampka z klipsem \u2013 \u015bwiat\u0142o tam, gdzie go potrzebujesz<\/span><a href=\"https:\/\/www.smd-led.pl\/lampka-z-klipsem\" class=\"button\" id=\"biurko_2\" target=\"_self\">Zobacz produkt<\/a><\/div><\/div><\/div>\n<h2>Biurko z o\u015bwietleniem LED<\/h2>\n<p><strong>O\u015bwietlenie Led do biurka<\/strong> jak ju\u017c wcze\u015bniej wspomnieli\u015bmy, jest idealnym rozwi\u0105zaniem o\u015bwietleniowym. \u0179r\u00f3d\u0142a \u015bwiat\u0142a LED posiadaj\u0105 tak wiele zalet, \u017ce w dzisiejszych czasach praktycznie nikt nie rozwa\u017ca innego rodzaju o\u015bwietlenia ni\u017c ledy. Tak\u017ce i w przypadku o\u015bwietlenia miejsca pracy, jakim jest biurko. W naszym sklepie znajd\u0105 Pa\u0144stwo szeroki wyb\u00f3r biurkowych lampek LED, a tak\u017ce kinkiet\u00f3w \u015bciennych, kt\u00f3rymi mo\u017cemy do\u015bwietla\u0107 przestrze\u0144 robocz\u0105 biurka. O\u015bwietlenie Led biurka to r\u00f3wnie\u017c paski LED, tak\u017ce i wielokolorowe <a href=\"https:\/\/www.smd-led.pl\/tasma-led-rgb\">ta\u015bmy LED RGB<\/a>. Dzi\u0119ki nim mo\u017cemy stworzy\u0107 wyj\u0105tkowe i atrakcyjne otoczenie. Pod\u015bwietlenie biurka, szafek nad nim wisz\u0105cych czy \u015bcian wok\u00f3\u0142 niego ta\u015bmami LED zapewni podstawowe o\u015bwietlenie miejsca pracy, uatrakcyjniaj\u0105c jednocze\u015bnie ca\u0142\u0105 przestrze\u0144 robocz\u0105 i pod\u015bwietlaj\u0105c miejsca na biurku i wok\u00f3\u0142 niego, na kt\u00f3rych szczeg\u00f3lnie nam zale\u017cy.<\/p>\n<p style=\"text-align: center;\"><b>Odkryj najwa\u017cniejsze parametry \u015bwiat\u0142a, na kt\u00f3re nale\u017cy zwr\u00f3ci\u0107 uwag\u0119 przy wyborze o\u015bwietlenia<\/b><\/p>\n<div class=\"cat-slider-02\"><div class=\"cat-slider-02__box\"><div class=\"cat-slider-02__wrapper\"><p class=\"cat-slider-02__title\"><\/p><div class=\"cat-slider-02__slider\"><div class=\"cat-slider-02__slide\"><a href=\"https:\/\/www.smd-led.pl\/blog\/temperatura-barwowa-led-jak-dobrac-do-wnetrza-i-na-zewnatrz\/\" class=\"cat-slider-02__link\"><div class=\"cat-slider-02__img-box\"><img loading=\"lazy\" decoding=\"async\" width=\"1024\" height=\"559\" src=\"https:\/\/www.smd-led.pl\/blog\/wp-content\/uploads\/2026\/03\/2026-04-temperatura-hero-1024x559.png\" class=\"cat-slider-02__img wp-post-image\" alt=\"temperatura hero\" srcset=\"https:\/\/www.smd-led.pl\/blog\/wp-content\/uploads\/2026\/03\/2026-04-temperatura-hero-1024x559.png 1024w, https:\/\/www.smd-led.pl\/blog\/wp-content\/uploads\/2026\/03\/2026-04-temperatura-hero-300x164.png 300w, https:\/\/www.smd-led.pl\/blog\/wp-content\/uploads\/2026\/03\/2026-04-temperatura-hero-768x419.png 768w, https:\/\/www.smd-led.pl\/blog\/wp-content\/uploads\/2026\/03\/2026-04-temperatura-hero-1536x838.png 1536w, https:\/\/www.smd-led.pl\/blog\/wp-content\/uploads\/2026\/03\/2026-04-temperatura-hero-2048x1117.png 2048w\" sizes=\"auto, (max-width: 1024px) 100vw, 1024px\" \/><\/div><\/a><a href=\"https:\/\/www.smd-led.pl\/blog\/temperatura-barwowa-led-jak-dobrac-do-wnetrza-i-na-zewnatrz\/\" class=\"cat-slider-02__link\"><div class=\"cat-slider-02__heading-box\"><p class=\"cat-slider-02__post-title\">Temperatura barwowa LED &#8211; jak dobra\u0107 do wn\u0119trza i na zewn\u0105trz<\/p><p>Por\u00f3wnanie temperatury barwowej LED: 2700K, 4000K, 6500K Temperatura barwowa LED to parametr wyra\u017cony w kelwinach [&hellip;]<\/p>\n<\/div><\/a><\/div><div class=\"cat-slider-02__slide\"><a href=\"https:\/\/www.smd-led.pl\/blog\/jak-dobrac-zasilacz-led-zewnetrzny-kalkulator-mocy-ip65-ip67\/\" class=\"cat-slider-02__link\"><div class=\"cat-slider-02__img-box\"><img loading=\"lazy\" decoding=\"async\" width=\"1024\" height=\"559\" src=\"https:\/\/www.smd-led.pl\/blog\/wp-content\/uploads\/2026\/03\/2026-04-zasilacz-hero-1024x559.png\" class=\"cat-slider-02__img wp-post-image\" alt=\"zasilacz hero\" srcset=\"https:\/\/www.smd-led.pl\/blog\/wp-content\/uploads\/2026\/03\/2026-04-zasilacz-hero-1024x559.png 1024w, https:\/\/www.smd-led.pl\/blog\/wp-content\/uploads\/2026\/03\/2026-04-zasilacz-hero-300x164.png 300w, https:\/\/www.smd-led.pl\/blog\/wp-content\/uploads\/2026\/03\/2026-04-zasilacz-hero-768x419.png 768w, https:\/\/www.smd-led.pl\/blog\/wp-content\/uploads\/2026\/03\/2026-04-zasilacz-hero-1536x838.png 1536w, https:\/\/www.smd-led.pl\/blog\/wp-content\/uploads\/2026\/03\/2026-04-zasilacz-hero-2048x1117.png 2048w\" sizes=\"auto, (max-width: 1024px) 100vw, 1024px\" \/><\/div><\/a><a href=\"https:\/\/www.smd-led.pl\/blog\/jak-dobrac-zasilacz-led-zewnetrzny-kalkulator-mocy-ip65-ip67\/\" class=\"cat-slider-02__link\"><div class=\"cat-slider-02__heading-box\"><p class=\"cat-slider-02__post-title\">Jak dobra\u0107 zasilacz LED zewn\u0119trzny &#8211; kalkulator mocy IP65\/IP67<\/p><p>Zasilacz LED wodoodporny IP67 monta\u017c zewn\u0119trzny Zasilacz LED zewn\u0119trzny to urz\u0105dzenie konwertuj\u0105ce napi\u0119cie sieciowe 230V [&hellip;]<\/p>\n<\/div><\/a><\/div><div class=\"cat-slider-02__slide\"><a href=\"https:\/\/www.smd-led.pl\/blog\/certyfikat-ce\/\" class=\"cat-slider-02__link\"><div class=\"cat-slider-02__img-box\"><img loading=\"lazy\" decoding=\"async\" width=\"1024\" height=\"647\" src=\"https:\/\/www.smd-led.pl\/blog\/wp-content\/uploads\/2024\/12\/Certyfikat-CE-1024x647.png\" class=\"cat-slider-02__img wp-post-image\" alt=\"Certyfikat CE\" srcset=\"https:\/\/www.smd-led.pl\/blog\/wp-content\/uploads\/2024\/12\/Certyfikat-CE-1024x647.png 1024w, https:\/\/www.smd-led.pl\/blog\/wp-content\/uploads\/2024\/12\/Certyfikat-CE-300x189.png 300w, https:\/\/www.smd-led.pl\/blog\/wp-content\/uploads\/2024\/12\/Certyfikat-CE-768x485.png 768w, https:\/\/www.smd-led.pl\/blog\/wp-content\/uploads\/2024\/12\/Certyfikat-CE-1536x970.png 1536w, https:\/\/www.smd-led.pl\/blog\/wp-content\/uploads\/2024\/12\/Certyfikat-CE.png 1900w\" sizes=\"auto, (max-width: 1024px) 100vw, 1024px\" \/><\/div><\/a><a href=\"https:\/\/www.smd-led.pl\/blog\/certyfikat-ce\/\" class=\"cat-slider-02__link\"><div class=\"cat-slider-02__heading-box\"><p class=\"cat-slider-02__post-title\">Co to jest certyfikat CE<\/p><p>Co Musisz Wiedzie\u0107 o Oznakowaniu Zgodno\u015bci W dzisiejszym, coraz bardziej zglobalizowanym \u015bwiecie, certyfikat CE odgrywa [&hellip;]<\/p>\n<\/div><\/a><\/div><div class=\"cat-slider-02__slide\"><a href=\"https:\/\/www.smd-led.pl\/blog\/certyfikat-rohs-co-to-jest-i-jak-go-uzyskac\/\" class=\"cat-slider-02__link\"><div class=\"cat-slider-02__img-box\"><img loading=\"lazy\" decoding=\"async\" width=\"1024\" height=\"647\" src=\"https:\/\/www.smd-led.pl\/blog\/wp-content\/uploads\/2024\/12\/Certyfikat-ROHS-1024x647.png\" class=\"cat-slider-02__img wp-post-image\" alt=\"Certyfikat ROHS\" srcset=\"https:\/\/www.smd-led.pl\/blog\/wp-content\/uploads\/2024\/12\/Certyfikat-ROHS-1024x647.png 1024w, https:\/\/www.smd-led.pl\/blog\/wp-content\/uploads\/2024\/12\/Certyfikat-ROHS-300x189.png 300w, https:\/\/www.smd-led.pl\/blog\/wp-content\/uploads\/2024\/12\/Certyfikat-ROHS-768x485.png 768w, https:\/\/www.smd-led.pl\/blog\/wp-content\/uploads\/2024\/12\/Certyfikat-ROHS-1536x970.png 1536w, https:\/\/www.smd-led.pl\/blog\/wp-content\/uploads\/2024\/12\/Certyfikat-ROHS.png 1900w\" sizes=\"auto, (max-width: 1024px) 100vw, 1024px\" \/><\/div><\/a><a href=\"https:\/\/www.smd-led.pl\/blog\/certyfikat-rohs-co-to-jest-i-jak-go-uzyskac\/\" class=\"cat-slider-02__link\"><div class=\"cat-slider-02__heading-box\"><p class=\"cat-slider-02__post-title\">Certyfikat RoHS: Co to jest i jak go uzyska\u0107?<\/p><p>W dzisiejszym \u015bwiecie, gdzie zr\u00f3wnowa\u017cony rozw\u00f3j i ochrona \u015brodowiska nabieraj\u0105 coraz wi\u0119kszego znaczenia, certyfikacja produkt\u00f3w [&hellip;]<\/p>\n<\/div><\/a><\/div><div class=\"cat-slider-02__slide\"><a href=\"https:\/\/www.smd-led.pl\/blog\/napiecie-elektryczne-definicje-rodzaje-i-zastosowania\/\" class=\"cat-slider-02__link\"><div class=\"cat-slider-02__img-box\"><img loading=\"lazy\" decoding=\"async\" width=\"1024\" height=\"647\" src=\"https:\/\/www.smd-led.pl\/blog\/wp-content\/uploads\/2024\/12\/2-1-1024x647.png\" class=\"cat-slider-02__img wp-post-image\" alt=\"Napi\u0119cie elektryczne jak je mierzymy\" srcset=\"https:\/\/www.smd-led.pl\/blog\/wp-content\/uploads\/2024\/12\/2-1-1024x647.png 1024w, https:\/\/www.smd-led.pl\/blog\/wp-content\/uploads\/2024\/12\/2-1-300x189.png 300w, https:\/\/www.smd-led.pl\/blog\/wp-content\/uploads\/2024\/12\/2-1-768x485.png 768w, https:\/\/www.smd-led.pl\/blog\/wp-content\/uploads\/2024\/12\/2-1-1536x970.png 1536w, https:\/\/www.smd-led.pl\/blog\/wp-content\/uploads\/2024\/12\/2-1.png 1900w\" sizes=\"auto, (max-width: 1024px) 100vw, 1024px\" \/><\/div><\/a><a href=\"https:\/\/www.smd-led.pl\/blog\/napiecie-elektryczne-definicje-rodzaje-i-zastosowania\/\" class=\"cat-slider-02__link\"><div class=\"cat-slider-02__heading-box\"><p class=\"cat-slider-02__post-title\">Napi\u0119cie elektryczne: Definicje, Rodzaje i Zastosowania<\/p><p>Napi\u0119cie elektryczne, znane r\u00f3wnie\u017c jako r\u00f3\u017cnica potencja\u0142\u00f3w, to jedno z kluczowych poj\u0119\u0107 w elektrotechnice. Mierzone [&hellip;]<\/p>\n<\/div><\/a><\/div><div class=\"cat-slider-02__slide\"><a href=\"https:\/\/www.smd-led.pl\/blog\/co-to-jest-wat\/\" class=\"cat-slider-02__link\"><div class=\"cat-slider-02__img-box\"><img loading=\"lazy\" decoding=\"async\" width=\"1024\" height=\"896\" src=\"https:\/\/www.smd-led.pl\/blog\/wp-content\/uploads\/2023\/12\/i-1024x896.png\" class=\"cat-slider-02__img wp-post-image\" alt=\"Co to jest Wat ?\" srcset=\"https:\/\/www.smd-led.pl\/blog\/wp-content\/uploads\/2023\/12\/i-1024x896.png 1024w, https:\/\/www.smd-led.pl\/blog\/wp-content\/uploads\/2023\/12\/i-300x263.png 300w, https:\/\/www.smd-led.pl\/blog\/wp-content\/uploads\/2023\/12\/i-768x672.png 768w, https:\/\/www.smd-led.pl\/blog\/wp-content\/uploads\/2023\/12\/i-1536x1344.png 1536w, https:\/\/www.smd-led.pl\/blog\/wp-content\/uploads\/2023\/12\/i.png 1600w\" sizes=\"auto, (max-width: 1024px) 100vw, 1024px\" \/><\/div><\/a><a href=\"https:\/\/www.smd-led.pl\/blog\/co-to-jest-wat\/\" class=\"cat-slider-02__link\"><div class=\"cat-slider-02__heading-box\"><p class=\"cat-slider-02__post-title\">Co to jest wat &#8211;  jak przelicza\u0107 jednostk\u0119 amper na wat lub volt<\/p><p>Wiele os\u00f3b zastanawia si\u0119, co to jest wat i jakie s\u0105 jego zastosowania. Wat to [&hellip;]<\/p>\n<\/div><\/a><\/div><div class=\"cat-slider-02__slide\"><a href=\"https:\/\/www.smd-led.pl\/blog\/stopien-ochrony-ip-normy-szczelnosci\/\" class=\"cat-slider-02__link\"><div class=\"cat-slider-02__img-box\"><img loading=\"lazy\" decoding=\"async\" width=\"640\" height=\"427\" src=\"https:\/\/www.smd-led.pl\/blog\/wp-content\/uploads\/2019\/02\/Stopien-ochrony-IP.jpg\" class=\"cat-slider-02__img wp-post-image\" alt=\"Stopie\u0144 ochrony IP\" \/><\/div><\/a><a href=\"https:\/\/www.smd-led.pl\/blog\/stopien-ochrony-ip-normy-szczelnosci\/\" class=\"cat-slider-02__link\"><div class=\"cat-slider-02__heading-box\"><p class=\"cat-slider-02__post-title\">Klasa ochronno\u015bci IP &#8211; normy szczelno\u015bci<\/p><p>Klasa ochronno\u015bci IP jest oznaczeniem kt\u00f3re znajdziemy np. na nowo zakupionej lampie LED. Jest to [&hellip;]<\/p>\n<\/div><\/a><\/div><div class=\"cat-slider-02__slide\"><a href=\"https:\/\/www.smd-led.pl\/blog\/barwa-swiatla-jak-ja-dobrac-i-czym-sie-kierowac\/\" class=\"cat-slider-02__link\"><div class=\"cat-slider-02__img-box\"><img loading=\"lazy\" decoding=\"async\" width=\"1024\" height=\"718\" src=\"https:\/\/www.smd-led.pl\/blog\/wp-content\/uploads\/2022\/08\/TEMPERATURABARWOWA.png\" class=\"cat-slider-02__img wp-post-image\" alt=\"Barwa \u015bwiat\u0142a - jak j\u0105 dobra\u0107 i czym si\u0119 kierowa\u0107?\" \/><\/div><\/a><a href=\"https:\/\/www.smd-led.pl\/blog\/barwa-swiatla-jak-ja-dobrac-i-czym-sie-kierowac\/\" class=\"cat-slider-02__link\"><div class=\"cat-slider-02__heading-box\"><p class=\"cat-slider-02__post-title\">Barwa \u015bwiat\u0142a &#8211; jak j\u0105 dobra\u0107 i czym si\u0119 kierowa\u0107?<\/p><p>Coraz szybciej rozwijaj\u0105ca si\u0119 technologia LED sprawi\u0142a, \u017ce dzisiaj barwa \u015bwiat\u0142a, czy temperatura barwowa mo\u017ce [&hellip;]<\/p>\n<\/div><\/a><\/div><div class=\"cat-slider-02__slide\"><a href=\"https:\/\/www.smd-led.pl\/blog\/co-to-jest-baza-eprel\/\" class=\"cat-slider-02__link\"><div class=\"cat-slider-02__img-box\"><img loading=\"lazy\" decoding=\"async\" width=\"1000\" height=\"667\" src=\"https:\/\/www.smd-led.pl\/blog\/wp-content\/uploads\/2022\/07\/Co-to-jest-baza-EPREL.jpg\" class=\"cat-slider-02__img wp-post-image\" alt=\"Co to jest baza EPREL\" \/><\/div><\/a><a href=\"https:\/\/www.smd-led.pl\/blog\/co-to-jest-baza-eprel\/\" class=\"cat-slider-02__link\"><div class=\"cat-slider-02__heading-box\"><p class=\"cat-slider-02__post-title\">Co to jest baza EPREL?<\/p><p>Co to jest baza EPREL? Jak sama nazwa wskazuje jest to baza danych Unii Europejskiej, [&hellip;]<\/p>\n<\/div><\/a><\/div><div class=\"cat-slider-02__slide\"><a href=\"https:\/\/www.smd-led.pl\/blog\/klasy-efektywnosci-energetycznej\/\" class=\"cat-slider-02__link\"><div class=\"cat-slider-02__img-box\"><img loading=\"lazy\" decoding=\"async\" width=\"1000\" height=\"668\" src=\"https:\/\/www.smd-led.pl\/blog\/wp-content\/uploads\/2022\/07\/Klasy-efektywnosci-energetycznej.jpg\" class=\"cat-slider-02__img wp-post-image\" alt=\"Efektywno\u015b\u0107 energetyczna - \u017car\u00f3wki LED\" \/><\/div><\/a><a href=\"https:\/\/www.smd-led.pl\/blog\/klasy-efektywnosci-energetycznej\/\" class=\"cat-slider-02__link\"><div class=\"cat-slider-02__heading-box\"><p class=\"cat-slider-02__post-title\">Klasy efektywno\u015bci energetycznej<\/p><p>Klasy efektywno\u015bci energetycznej uleg\u0142y zmianie w marcu 2021 roku. Dawne oznaczenia na etykietach znacznie r\u00f3\u017cni\u0105 [&hellip;]<\/p>\n<\/div><\/a><\/div><div class=\"cat-slider-02__slide\"><a href=\"https:\/\/www.smd-led.pl\/blog\/lumeny-na-waty-jak-przeliczyc-strumien-swietlny\/\" class=\"cat-slider-02__link\"><div class=\"cat-slider-02__img-box\"><img loading=\"lazy\" decoding=\"async\" width=\"500\" height=\"350\" src=\"https:\/\/www.smd-led.pl\/blog\/wp-content\/uploads\/2022\/06\/Kalkulator-lumenow.jpg\" class=\"cat-slider-02__img wp-post-image\" alt=\"Lumeny na waty - jak przeliczy\u0107 strumie\u0144 \u015bwietlny?\" \/><\/div><\/a><a href=\"https:\/\/www.smd-led.pl\/blog\/lumeny-na-waty-jak-przeliczyc-strumien-swietlny\/\" class=\"cat-slider-02__link\"><div class=\"cat-slider-02__heading-box\"><p class=\"cat-slider-02__post-title\">Lumeny na waty &#8211; jak przeliczy\u0107 strumie\u0144 \u015bwietlny?<\/p><p>Jak ju\u017c dobrze, wiemy moc \u015bwiecenia produkt\u00f3w, wykonanych w technologii LED mierzymy, sprawdzaj\u0105c lumeny danego [&hellip;]<\/p>\n<\/div><\/a><\/div><div class=\"cat-slider-02__slide\"><a href=\"https:\/\/www.smd-led.pl\/blog\/kat-swiecenia-swiatla\/\" class=\"cat-slider-02__link\"><div class=\"cat-slider-02__img-box\"><img loading=\"lazy\" decoding=\"async\" width=\"1024\" height=\"719\" src=\"https:\/\/www.smd-led.pl\/blog\/wp-content\/uploads\/2022\/06\/jaki-kat-swiecenia-wybrac.jpg\" class=\"cat-slider-02__img wp-post-image\" alt=\"Jaki k\u0105t \u015bwiecenia wybra\u0107\" \/><\/div><\/a><a href=\"https:\/\/www.smd-led.pl\/blog\/kat-swiecenia-swiatla\/\" class=\"cat-slider-02__link\"><div class=\"cat-slider-02__heading-box\"><p class=\"cat-slider-02__post-title\">K\u0105t \u015bwiecenia \u015bwiat\u0142a<\/p><p>Moc i strumie\u0144 \u015bwietlny to nie wszystko, na co powinni\u015bmy zwr\u00f3ci\u0107 uwag\u0119 podczas zakupu nowoczesnego [&hellip;]<\/p>\n<\/div><\/a><\/div><div class=\"cat-slider-02__slide\"><a href=\"https:\/\/www.smd-led.pl\/blog\/wspolczynnik-mocy-biernej\/\" class=\"cat-slider-02__link\"><div class=\"cat-slider-02__img-box\"><img loading=\"lazy\" decoding=\"async\" width=\"1024\" height=\"669\" src=\"https:\/\/www.smd-led.pl\/blog\/wp-content\/uploads\/2022\/01\/trtojkat-mocy-1.jpg\" class=\"cat-slider-02__img wp-post-image\" alt=\"Wsp\u00f3\u0142czynnik mocy biernej i czynnej wykres\" \/><\/div><\/a><a href=\"https:\/\/www.smd-led.pl\/blog\/wspolczynnik-mocy-biernej\/\" class=\"cat-slider-02__link\"><div class=\"cat-slider-02__heading-box\"><p class=\"cat-slider-02__post-title\">Moc bierna \u2014 jak wa\u017cny jest wysoki wsp\u00f3\u0142czynnik mocy biernej?<\/p><p>W ci\u0105gu kilkunastu ostatnich lat coraz wi\u0119ksz\u0105 uwag\u0119 przykuwa si\u0119 do jako\u015bci energii elektrycznej. Dzieje [&hellip;]<\/p>\n<\/div><\/a><\/div><div class=\"cat-slider-02__slide\"><a href=\"https:\/\/www.smd-led.pl\/blog\/odpornosc-na-upadki-i-zgniecenia\/\" class=\"cat-slider-02__link\"><div class=\"cat-slider-02__img-box\"><img loading=\"lazy\" decoding=\"async\" width=\"1024\" height=\"890\" src=\"https:\/\/www.smd-led.pl\/blog\/wp-content\/uploads\/2021\/12\/Klasyfikacja-IK-odpornosc-na-uderzenia.jpg\" class=\"cat-slider-02__img wp-post-image\" alt=\"Klasyfikacja IK odporno\u015b\u0107 na uderzenia\" \/><\/div><\/a><a href=\"https:\/\/www.smd-led.pl\/blog\/odpornosc-na-upadki-i-zgniecenia\/\" class=\"cat-slider-02__link\"><div class=\"cat-slider-02__heading-box\"><p class=\"cat-slider-02__post-title\">Odporno\u015b\u0107 na upadki i zgniecenia o\u015bwietlenia \u2014 stopie\u0144 ochrony ik<\/p><p>Parametr IK okre\u015bla wytrzyma\u0142o\u015b\u0107 mechaniczn\u0105 urz\u0105dze\u0144 w skali od 01 do 10. Jest on opisany [&hellip;]<\/p>\n<\/div><\/a><\/div><div class=\"cat-slider-02__slide\"><a href=\"https:\/\/www.smd-led.pl\/blog\/wspolczynnik-mocy-power-factor-najwazniejsze-informacje\/\" class=\"cat-slider-02__link\"><div class=\"cat-slider-02__img-box\"><img loading=\"lazy\" decoding=\"async\" width=\"1024\" height=\"575\" src=\"https:\/\/www.smd-led.pl\/blog\/wp-content\/uploads\/2021\/09\/Wspolczynnik-mocy-Power-Factor.jpg\" class=\"cat-slider-02__img wp-post-image\" alt=\"Wsp\u00f3\u0142czynnik mocy Power Factor\" \/><\/div><\/a><a href=\"https:\/\/www.smd-led.pl\/blog\/wspolczynnik-mocy-power-factor-najwazniejsze-informacje\/\" class=\"cat-slider-02__link\"><div class=\"cat-slider-02__heading-box\"><p class=\"cat-slider-02__post-title\">Wsp\u00f3\u0142czynnik mocy Power Factor &#8211; najwa\u017cniejsze informacje<\/p><p>wsp\u00f3\u0142czynnik mocy Power Factor\u00a0 jest miar\u0105 efektywno\u015bci energetycznej systemu. Jest on powszechnie podawany w procentach [&hellip;]<\/p>\n<\/div><\/a><\/div><div class=\"cat-slider-02__slide\"><a href=\"https:\/\/www.smd-led.pl\/blog\/co-to-jest-lux-i-lumen\/\" class=\"cat-slider-02__link\"><div class=\"cat-slider-02__img-box\"><img loading=\"lazy\" decoding=\"async\" width=\"630\" height=\"344\" src=\"https:\/\/www.smd-led.pl\/blog\/wp-content\/uploads\/2021\/09\/co-to-jest-LUX-i-lumen.jpg\" class=\"cat-slider-02__img wp-post-image\" alt=\"co to jest LUX i lumen\" \/><\/div><\/a><a href=\"https:\/\/www.smd-led.pl\/blog\/co-to-jest-lux-i-lumen\/\" class=\"cat-slider-02__link\"><div class=\"cat-slider-02__heading-box\"><p class=\"cat-slider-02__post-title\">Jednostka nat\u0119\u017cenia o\u015bwietlenia &#8211; co to jest LUX i lumen?<\/p><p>Nat\u0119\u017cenie o\u015bwietlenia jest terminem u\u017cywanym do opisania, jak jasne jest co\u015b, a luks jest jednostk\u0105 [&hellip;]<\/p>\n<\/div><\/a><\/div><div class=\"cat-slider-02__slide\"><a href=\"https:\/\/www.smd-led.pl\/blog\/wspolczynnik-oddawania-barw-ra-cri\/\" class=\"cat-slider-02__link\"><div class=\"cat-slider-02__img-box\"><img loading=\"lazy\" decoding=\"async\" width=\"678\" height=\"626\" src=\"https:\/\/www.smd-led.pl\/blog\/wp-content\/uploads\/2021\/09\/Wspolczynnik-oddawania-barw-CRI-Ra.jpg\" class=\"cat-slider-02__img wp-post-image\" alt=\"Wsp\u00f3\u0142czynnik oddawania barw CRI - Ra\" \/><\/div><\/a><a href=\"https:\/\/www.smd-led.pl\/blog\/wspolczynnik-oddawania-barw-ra-cri\/\" class=\"cat-slider-02__link\"><div class=\"cat-slider-02__heading-box\"><p class=\"cat-slider-02__post-title\">Wsp\u00f3\u0142czynnik oddawania barw RA &#8211; czym jest CRI?<\/p><p>W\u0142a\u015bciwo\u015b\u0107 oddawania barw \u017ar\u00f3d\u0142a \u015bwiat\u0142a jest niezwykle istotna. Zadaj\u0105c sobie pytanie co to wsp\u00f3\u0142czynnik oddawania [&hellip;]<\/p>\n<\/div><\/a><\/div><\/div><\/div><\/div><\/div>\n<div id=\"attachment_2792\" style=\"width: 1010px\" class=\"wp-caption aligncenter\"><img loading=\"lazy\" decoding=\"async\" aria-describedby=\"caption-attachment-2792\" class=\"wp-image-2792\" title=\"o\u015bwietlenie biurka\" src=\"https:\/\/www.smd-led.pl\/blog\/wp-content\/uploads\/2020\/07\/oswietlenie-na-biurko.jpg\" alt=\"o\u015bwietlenie biurka\" width=\"1000\" height=\"600\" \/><p id=\"caption-attachment-2792\" class=\"wp-caption-text\">o\u015bwietlenie biurka<\/p><\/div>\n<p>Pami\u0119tajmy, \u017ce do monta\u017cu ta\u015bmy LED na biurku powinni\u015bmy zastosowa\u0107 <a href=\"https:\/\/www.smd-led.pl\/profile-aluminiowe-do-tasm-led\">profil aluminiowy LED<\/a>. Jest on niezb\u0119dny do zachowania odpowiedniej temperatury pracy diod LED, ale tak\u017ce chroni j\u0105 przed przypadkowym uszkodzeniem. Najpopularniejsze profile do stosowania przy o\u015bwietleniu biurka to:<\/p>\n<ul>\n<li><a href=\"https:\/\/www.smd-led.pl\/profil-led-zewnetrzny-typ-a\">Profil natynkowy typ A<\/a><\/li>\n<li><a href=\"https:\/\/www.smd-led.pl\/profil-led-aluminiowy-typ-d\">Profil natynkowy typ D<\/a><\/li>\n<li><a href=\"https:\/\/www.smd-led.pl\/profil-led-solis\">Profil LED szeroki Solis<\/a><\/li>\n<\/ul>\n<p><strong>Sprawa o\u015bwietlenia biurka<\/strong> jest, jak wida\u0107 bardzo wa\u017cn\u0105 kwesti\u0105. Odpowiednio dobrane o\u015bwietlenie biurkowe u\u0142atwia prac\u0119, uprzyjemnia czas sp\u0119dzony przy biurku i troszczy si\u0119 o nasze zdrowie, pozytywnie wp\u0142ywaj\u0105c na wzrok. Nie nale\u017cy bagatelizowa\u0107 tej kwestii, uznaj\u0105c, \u017ce wystarczy jakakolwiek lampka na biurku. Funkcjonalne i bezpieczne o\u015bwietlenie to gwarancja zdrowia i komfortu pracy. O wiele \u0142atwiej zatroszczy\u0107 si\u0119 o w\u0142a\u015bciwe o\u015bwietlenie miejsca pracy ni\u017c leczy\u0107 nast\u0119pstwa niedoboru \u015bwiat\u0142a w jego miejscu. Nakre\u015blili\u015bmy dzi\u015b kilka aspekt\u00f3w w\u0142a\u015bciwego o\u015bwietlenia biurka. Je\u015bli posiadaj\u0105 Pa\u0144stwo wi\u0119cej szczeg\u00f3\u0142owych pyta\u0144, zach\u0119camy do kontaktu. Nasi wyspecjalizowani pracownicy ch\u0119tnie dopomog\u0105 w wyborze i odpowiedz\u0105 na wszelkie nurtuj\u0105ce Pa\u0144stwa pytania i w\u0105tpliwo\u015bci.<\/p>\n<div class=\"call-to-action-05\" style=\"background-image: url('https:\/\/www.smd-led.pl\/blog\/wp-content\/uploads\/2023\/12\/Lampy-do-salonu-6.png')\"><div class=\"call-to-action-05__info-box\"><div class=\"call-to-action-05__info\"><p class=\"call-to-action-05__txt\">Zobacz wi\u0119cej z kategorii<\/p><span class=\"call-to-action-05__cat-title\"><a href=\"https:\/\/www.smd-led.pl\/profil-aluminiowy-led\" data-internallinksmanager029f6b8e52c=\"31\" title=\"Profile LED\">Profil aluminiowy LED<\/a><\/span><a href=\"https:\/\/www.smd-led.pl\/profil-aluminiowy-led\" class=\"button\" id=\"profile_kartegoria\" target=\"_self\">Zobacz produkty<\/a><\/div><\/div><\/div>\n<p><img loading=\"lazy\" decoding=\"async\" class=\"aligncenter size-full wp-image-5919\" src=\"https:\/\/www.smd-led.pl\/blog\/wp-content\/uploads\/2020\/07\/szukasz-lampki-na-biurko.jpg\" alt=\"Szukasz lampki na biurko?\" width=\"800\" height=\"533\" \/><\/p>\n","protected":false},"excerpt":{"rendered":"<p>Jak wa\u017cne jest w\u0142a\u015bciwe o\u015bwietlenie biurka, nie trzeba chyba nikogo przekonywa\u0107. Poprawne o\u015bwietlenie biurka do [&hellip;]<\/p>\n","protected":false},"author":7,"featured_media":3441,"comment_status":"closed","ping_status":"closed","sticky":false,"template":"","format":"standard","meta":{"inline_featured_image":false,"footnotes":""},"categories":[46,31,34],"tags":[],"class_list":["post-8805","post","type-post","status-publish","format-standard","has-post-thumbnail","hentry","category-biurko","category-oswietlenie-dla-domu","category-poradnik-led"],"acf":[],"yoast_head":"<!-- This site is optimized with the Yoast SEO Premium plugin v26.8 (Yoast SEO v26.8) - https:\/\/yoast.com\/product\/yoast-seo-premium-wordpress\/ -->\n<title>O\u015bwietlenie biurka - kilka wa\u017cnych wskaz\u00f3wek - Blog SMD-LED.pl<\/title>\n<meta name=\"description\" content=\"Prawid\u0142owe o\u015bwietlenie biurka pozwoli nam przy nim efektywnie i wygodnie pracowa\u0107. Sprawd\u017a jakie o\u015bwietlenie na biurko wybra\u0107.\" \/>\n<meta name=\"robots\" content=\"index, follow, max-snippet:-1, max-image-preview:large, max-video-preview:-1\" \/>\n<link rel=\"canonical\" href=\"https:\/\/www.smd-led.pl\/blog\/oswietlenie-biurka-kilka-waznych-wskazowek\/\" \/>\n<meta property=\"og:locale\" content=\"pl_PL\" \/>\n<meta property=\"og:type\" content=\"article\" \/>\n<meta property=\"og:title\" content=\"O\u015bwietlenie biurka - kilka wa\u017cnych wskaz\u00f3wek\" \/>\n<meta property=\"og:description\" content=\"Prawid\u0142owe o\u015bwietlenie biurka pozwoli nam przy nim efektywnie i wygodnie pracowa\u0107. Sprawd\u017a jakie o\u015bwietlenie na biurko wybra\u0107.\" \/>\n<meta property=\"og:url\" content=\"https:\/\/www.smd-led.pl\/blog\/oswietlenie-biurka-kilka-waznych-wskazowek\/\" \/>\n<meta property=\"og:site_name\" content=\"SMD-LED\" \/>\n<meta property=\"article:published_time\" content=\"2020-07-05T15:18:12+00:00\" \/>\n<meta property=\"article:modified_time\" content=\"2024-02-01T09:51:25+00:00\" \/>\n<meta property=\"og:image\" content=\"https:\/\/www.smd-led.pl\/blog\/wp-content\/uploads\/2020\/07\/oswietlenie-biurka-led.jpg\" \/>\n\t<meta property=\"og:image:width\" content=\"1600\" \/>\n\t<meta property=\"og:image:height\" content=\"960\" \/>\n\t<meta property=\"og:image:type\" content=\"image\/jpeg\" \/>\n<meta name=\"author\" content=\"Marcin Pietrasik\" \/>\n<meta name=\"twitter:card\" content=\"summary_large_image\" \/>\n<meta name=\"twitter:label1\" content=\"Napisane przez\" \/>\n\t<meta name=\"twitter:data1\" content=\"Marcin Pietrasik\" \/>\n\t<meta name=\"twitter:label2\" content=\"Szacowany czas czytania\" \/>\n\t<meta name=\"twitter:data2\" content=\"10 minut\" \/>\n<script type=\"application\/ld+json\" class=\"yoast-schema-graph\">{\"@context\":\"https:\/\/schema.org\",\"@graph\":[{\"@type\":\"Article\",\"@id\":\"https:\/\/www.smd-led.pl\/blog\/oswietlenie-biurka-kilka-waznych-wskazowek\/#article\",\"isPartOf\":{\"@id\":\"https:\/\/www.smd-led.pl\/blog\/oswietlenie-biurka-kilka-waznych-wskazowek\/\"},\"author\":{\"name\":\"Marcin Pietrasik\",\"@id\":\"https:\/\/www.smd-led.pl\/blog\/#\/schema\/person\/887fa24be503d7ae726f67021d1623f5\"},\"headline\":\"O\u015bwietlenie biurka &#8211; kilka wa\u017cnych wskaz\u00f3wek\",\"datePublished\":\"2020-07-05T15:18:12+00:00\",\"dateModified\":\"2024-02-01T09:51:25+00:00\",\"mainEntityOfPage\":{\"@id\":\"https:\/\/www.smd-led.pl\/blog\/oswietlenie-biurka-kilka-waznych-wskazowek\/\"},\"wordCount\":1712,\"image\":{\"@id\":\"https:\/\/www.smd-led.pl\/blog\/oswietlenie-biurka-kilka-waznych-wskazowek\/#primaryimage\"},\"thumbnailUrl\":\"https:\/\/www.smd-led.pl\/blog\/wp-content\/uploads\/2020\/07\/oswietlenie-biurka-led.jpg\",\"articleSection\":[\"Biurko\",\"O\u015bwietlenie dla domu\",\"Poradnik LED\"],\"inLanguage\":\"pl-PL\"},{\"@type\":\"WebPage\",\"@id\":\"https:\/\/www.smd-led.pl\/blog\/oswietlenie-biurka-kilka-waznych-wskazowek\/\",\"url\":\"https:\/\/www.smd-led.pl\/blog\/oswietlenie-biurka-kilka-waznych-wskazowek\/\",\"name\":\"O\u015bwietlenie biurka - kilka wa\u017cnych wskaz\u00f3wek - Blog SMD-LED.pl\",\"isPartOf\":{\"@id\":\"https:\/\/www.smd-led.pl\/blog\/#website\"},\"primaryImageOfPage\":{\"@id\":\"https:\/\/www.smd-led.pl\/blog\/oswietlenie-biurka-kilka-waznych-wskazowek\/#primaryimage\"},\"image\":{\"@id\":\"https:\/\/www.smd-led.pl\/blog\/oswietlenie-biurka-kilka-waznych-wskazowek\/#primaryimage\"},\"thumbnailUrl\":\"https:\/\/www.smd-led.pl\/blog\/wp-content\/uploads\/2020\/07\/oswietlenie-biurka-led.jpg\",\"datePublished\":\"2020-07-05T15:18:12+00:00\",\"dateModified\":\"2024-02-01T09:51:25+00:00\",\"author\":{\"@id\":\"https:\/\/www.smd-led.pl\/blog\/#\/schema\/person\/887fa24be503d7ae726f67021d1623f5\"},\"description\":\"Prawid\u0142owe o\u015bwietlenie biurka pozwoli nam przy nim efektywnie i wygodnie pracowa\u0107. Sprawd\u017a jakie o\u015bwietlenie na biurko wybra\u0107.\",\"breadcrumb\":{\"@id\":\"https:\/\/www.smd-led.pl\/blog\/oswietlenie-biurka-kilka-waznych-wskazowek\/#breadcrumb\"},\"inLanguage\":\"pl-PL\",\"potentialAction\":[{\"@type\":\"ReadAction\",\"target\":[\"https:\/\/www.smd-led.pl\/blog\/oswietlenie-biurka-kilka-waznych-wskazowek\/\"]}]},{\"@type\":\"ImageObject\",\"inLanguage\":\"pl-PL\",\"@id\":\"https:\/\/www.smd-led.pl\/blog\/oswietlenie-biurka-kilka-waznych-wskazowek\/#primaryimage\",\"url\":\"https:\/\/www.smd-led.pl\/blog\/wp-content\/uploads\/2020\/07\/oswietlenie-biurka-led.jpg\",\"contentUrl\":\"https:\/\/www.smd-led.pl\/blog\/wp-content\/uploads\/2020\/07\/oswietlenie-biurka-led.jpg\",\"width\":1600,\"height\":960,\"caption\":\"\"},{\"@type\":\"BreadcrumbList\",\"@id\":\"https:\/\/www.smd-led.pl\/blog\/oswietlenie-biurka-kilka-waznych-wskazowek\/#breadcrumb\",\"itemListElement\":[{\"@type\":\"ListItem\",\"position\":1,\"name\":\"Strona g\u0142\u00f3wna\",\"item\":\"https:\/\/www.smd-led.pl\/blog\/\"},{\"@type\":\"ListItem\",\"position\":2,\"name\":\"O\u015bwietlenie biurka &#8211; kilka wa\u017cnych wskaz\u00f3wek\"}]},{\"@type\":\"WebSite\",\"@id\":\"https:\/\/www.smd-led.pl\/blog\/#website\",\"url\":\"https:\/\/www.smd-led.pl\/blog\/\",\"name\":\"SMD-LED\",\"description\":\"O\u015bwietlenie Led do domu i przemys\u0142u porady, testy i opinie ekspert\u00f3w\",\"potentialAction\":[{\"@type\":\"SearchAction\",\"target\":{\"@type\":\"EntryPoint\",\"urlTemplate\":\"https:\/\/www.smd-led.pl\/blog\/?s={search_term_string}\"},\"query-input\":{\"@type\":\"PropertyValueSpecification\",\"valueRequired\":true,\"valueName\":\"search_term_string\"}}],\"inLanguage\":\"pl-PL\"},{\"@type\":\"Person\",\"@id\":\"https:\/\/www.smd-led.pl\/blog\/#\/schema\/person\/887fa24be503d7ae726f67021d1623f5\",\"name\":\"Marcin Pietrasik\",\"image\":{\"@type\":\"ImageObject\",\"inLanguage\":\"pl-PL\",\"@id\":\"https:\/\/www.smd-led.pl\/blog\/#\/schema\/person\/image\/\",\"url\":\"https:\/\/secure.gravatar.com\/avatar\/c886f4ccbb5c83b665ee8b66f0b3401128439bc832dca6389b6e67c6bdc3d38b?s=96&d=mm&r=g\",\"contentUrl\":\"https:\/\/secure.gravatar.com\/avatar\/c886f4ccbb5c83b665ee8b66f0b3401128439bc832dca6389b6e67c6bdc3d38b?s=96&d=mm&r=g\",\"caption\":\"Marcin Pietrasik\"},\"url\":\"https:\/\/www.smd-led.pl\/blog\/author\/mpietrasik\/\"}]}<\/script>\n<!-- \/ Yoast SEO Premium plugin. -->","yoast_head_json":{"title":"O\u015bwietlenie biurka - kilka wa\u017cnych wskaz\u00f3wek - Blog SMD-LED.pl","description":"Prawid\u0142owe o\u015bwietlenie biurka pozwoli nam przy nim efektywnie i wygodnie pracowa\u0107. Sprawd\u017a jakie o\u015bwietlenie na biurko wybra\u0107.","robots":{"index":"index","follow":"follow","max-snippet":"max-snippet:-1","max-image-preview":"max-image-preview:large","max-video-preview":"max-video-preview:-1"},"canonical":"https:\/\/www.smd-led.pl\/blog\/oswietlenie-biurka-kilka-waznych-wskazowek\/","og_locale":"pl_PL","og_type":"article","og_title":"O\u015bwietlenie biurka - kilka wa\u017cnych wskaz\u00f3wek","og_description":"Prawid\u0142owe o\u015bwietlenie biurka pozwoli nam przy nim efektywnie i wygodnie pracowa\u0107. Sprawd\u017a jakie o\u015bwietlenie na biurko wybra\u0107.","og_url":"https:\/\/www.smd-led.pl\/blog\/oswietlenie-biurka-kilka-waznych-wskazowek\/","og_site_name":"SMD-LED","article_published_time":"2020-07-05T15:18:12+00:00","article_modified_time":"2024-02-01T09:51:25+00:00","og_image":[{"width":1600,"height":960,"url":"https:\/\/www.smd-led.pl\/blog\/wp-content\/uploads\/2020\/07\/oswietlenie-biurka-led.jpg","type":"image\/jpeg"}],"author":"Marcin Pietrasik","twitter_card":"summary_large_image","twitter_misc":{"Napisane przez":"Marcin Pietrasik","Szacowany czas czytania":"10 minut"},"schema":{"@context":"https:\/\/schema.org","@graph":[{"@type":"Article","@id":"https:\/\/www.smd-led.pl\/blog\/oswietlenie-biurka-kilka-waznych-wskazowek\/#article","isPartOf":{"@id":"https:\/\/www.smd-led.pl\/blog\/oswietlenie-biurka-kilka-waznych-wskazowek\/"},"author":{"name":"Marcin Pietrasik","@id":"https:\/\/www.smd-led.pl\/blog\/#\/schema\/person\/887fa24be503d7ae726f67021d1623f5"},"headline":"O\u015bwietlenie biurka &#8211; kilka wa\u017cnych wskaz\u00f3wek","datePublished":"2020-07-05T15:18:12+00:00","dateModified":"2024-02-01T09:51:25+00:00","mainEntityOfPage":{"@id":"https:\/\/www.smd-led.pl\/blog\/oswietlenie-biurka-kilka-waznych-wskazowek\/"},"wordCount":1712,"image":{"@id":"https:\/\/www.smd-led.pl\/blog\/oswietlenie-biurka-kilka-waznych-wskazowek\/#primaryimage"},"thumbnailUrl":"https:\/\/www.smd-led.pl\/blog\/wp-content\/uploads\/2020\/07\/oswietlenie-biurka-led.jpg","articleSection":["Biurko","O\u015bwietlenie dla domu","Poradnik LED"],"inLanguage":"pl-PL"},{"@type":"WebPage","@id":"https:\/\/www.smd-led.pl\/blog\/oswietlenie-biurka-kilka-waznych-wskazowek\/","url":"https:\/\/www.smd-led.pl\/blog\/oswietlenie-biurka-kilka-waznych-wskazowek\/","name":"O\u015bwietlenie biurka - kilka wa\u017cnych wskaz\u00f3wek - Blog SMD-LED.pl","isPartOf":{"@id":"https:\/\/www.smd-led.pl\/blog\/#website"},"primaryImageOfPage":{"@id":"https:\/\/www.smd-led.pl\/blog\/oswietlenie-biurka-kilka-waznych-wskazowek\/#primaryimage"},"image":{"@id":"https:\/\/www.smd-led.pl\/blog\/oswietlenie-biurka-kilka-waznych-wskazowek\/#primaryimage"},"thumbnailUrl":"https:\/\/www.smd-led.pl\/blog\/wp-content\/uploads\/2020\/07\/oswietlenie-biurka-led.jpg","datePublished":"2020-07-05T15:18:12+00:00","dateModified":"2024-02-01T09:51:25+00:00","author":{"@id":"https:\/\/www.smd-led.pl\/blog\/#\/schema\/person\/887fa24be503d7ae726f67021d1623f5"},"description":"Prawid\u0142owe o\u015bwietlenie biurka pozwoli nam przy nim efektywnie i wygodnie pracowa\u0107. Sprawd\u017a jakie o\u015bwietlenie na biurko wybra\u0107.","breadcrumb":{"@id":"https:\/\/www.smd-led.pl\/blog\/oswietlenie-biurka-kilka-waznych-wskazowek\/#breadcrumb"},"inLanguage":"pl-PL","potentialAction":[{"@type":"ReadAction","target":["https:\/\/www.smd-led.pl\/blog\/oswietlenie-biurka-kilka-waznych-wskazowek\/"]}]},{"@type":"ImageObject","inLanguage":"pl-PL","@id":"https:\/\/www.smd-led.pl\/blog\/oswietlenie-biurka-kilka-waznych-wskazowek\/#primaryimage","url":"https:\/\/www.smd-led.pl\/blog\/wp-content\/uploads\/2020\/07\/oswietlenie-biurka-led.jpg","contentUrl":"https:\/\/www.smd-led.pl\/blog\/wp-content\/uploads\/2020\/07\/oswietlenie-biurka-led.jpg","width":1600,"height":960,"caption":""},{"@type":"BreadcrumbList","@id":"https:\/\/www.smd-led.pl\/blog\/oswietlenie-biurka-kilka-waznych-wskazowek\/#breadcrumb","itemListElement":[{"@type":"ListItem","position":1,"name":"Strona g\u0142\u00f3wna","item":"https:\/\/www.smd-led.pl\/blog\/"},{"@type":"ListItem","position":2,"name":"O\u015bwietlenie biurka &#8211; kilka wa\u017cnych wskaz\u00f3wek"}]},{"@type":"WebSite","@id":"https:\/\/www.smd-led.pl\/blog\/#website","url":"https:\/\/www.smd-led.pl\/blog\/","name":"SMD-LED","description":"O\u015bwietlenie Led do domu i przemys\u0142u porady, testy i opinie ekspert\u00f3w","potentialAction":[{"@type":"SearchAction","target":{"@type":"EntryPoint","urlTemplate":"https:\/\/www.smd-led.pl\/blog\/?s={search_term_string}"},"query-input":{"@type":"PropertyValueSpecification","valueRequired":true,"valueName":"search_term_string"}}],"inLanguage":"pl-PL"},{"@type":"Person","@id":"https:\/\/www.smd-led.pl\/blog\/#\/schema\/person\/887fa24be503d7ae726f67021d1623f5","name":"Marcin Pietrasik","image":{"@type":"ImageObject","inLanguage":"pl-PL","@id":"https:\/\/www.smd-led.pl\/blog\/#\/schema\/person\/image\/","url":"https:\/\/secure.gravatar.com\/avatar\/c886f4ccbb5c83b665ee8b66f0b3401128439bc832dca6389b6e67c6bdc3d38b?s=96&d=mm&r=g","contentUrl":"https:\/\/secure.gravatar.com\/avatar\/c886f4ccbb5c83b665ee8b66f0b3401128439bc832dca6389b6e67c6bdc3d38b?s=96&d=mm&r=g","caption":"Marcin Pietrasik"},"url":"https:\/\/www.smd-led.pl\/blog\/author\/mpietrasik\/"}]}},"_links":{"self":[{"href":"https:\/\/www.smd-led.pl\/blog\/wp-json\/wp\/v2\/posts\/8805","targetHints":{"allow":["GET"]}}],"collection":[{"href":"https:\/\/www.smd-led.pl\/blog\/wp-json\/wp\/v2\/posts"}],"about":[{"href":"https:\/\/www.smd-led.pl\/blog\/wp-json\/wp\/v2\/types\/post"}],"author":[{"embeddable":true,"href":"https:\/\/www.smd-led.pl\/blog\/wp-json\/wp\/v2\/users\/7"}],"replies":[{"embeddable":true,"href":"https:\/\/www.smd-led.pl\/blog\/wp-json\/wp\/v2\/comments?post=8805"}],"version-history":[{"count":6,"href":"https:\/\/www.smd-led.pl\/blog\/wp-json\/wp\/v2\/posts\/8805\/revisions"}],"predecessor-version":[{"id":17816,"href":"https:\/\/www.smd-led.pl\/blog\/wp-json\/wp\/v2\/posts\/8805\/revisions\/17816"}],"wp:featuredmedia":[{"embeddable":true,"href":"https:\/\/www.smd-led.pl\/blog\/wp-json\/wp\/v2\/media\/3441"}],"wp:attachment":[{"href":"https:\/\/www.smd-led.pl\/blog\/wp-json\/wp\/v2\/media?parent=8805"}],"wp:term":[{"taxonomy":"category","embeddable":true,"href":"https:\/\/www.smd-led.pl\/blog\/wp-json\/wp\/v2\/categories?post=8805"},{"taxonomy":"post_tag","embeddable":true,"href":"https:\/\/www.smd-led.pl\/blog\/wp-json\/wp\/v2\/tags?post=8805"}],"curies":[{"name":"wp","href":"https:\/\/api.w.org\/{rel}","templated":true}]}}