{"id":8808,"date":"2020-07-12T15:05:57","date_gmt":"2020-07-12T13:05:57","guid":{"rendered":"https:\/\/www.smd-led.pl\/blog\/?p=2809"},"modified":"2024-02-01T10:43:51","modified_gmt":"2024-02-01T09:43:51","slug":"oswietlenie-korytarza-co-warto-wiedziec","status":"publish","type":"post","link":"https:\/\/www.smd-led.pl\/blog\/oswietlenie-korytarza-co-warto-wiedziec\/","title":{"rendered":"O\u015bwietlenie korytarza &#8211; co warto wiedzie\u0107?"},"content":{"rendered":"<p>O\u015bwietlenie korytarza jest bardzo istotne ze wzgl\u0119du na to, \u017ce cz\u0119sto korytarz jak i przedpok\u00f3j s\u0105 pomieszczeniem pozbawionym okien, wi\u0119c wymagaj\u0105 dodatkowego o\u015bwietlenia. W korytarzach przecinaj\u0105 si\u0119 \u015bcie\u017cki komunikacyjne, wi\u0119c wa\u017cne jest, aby jego o\u015bwietlenie zapewnia\u0142o bezpiecze\u0144stwo poruszania si\u0119 i by\u0142o o\u015bwietleniem funkcjonalnym. Jak wi\u0119c o\u015bwietli\u0107 korytarz, jakie o\u015bwietlenie wybra\u0107 sufitowe czy \u015bcienne <a href=\"https:\/\/www.smd-led.pl\/kinkiet-do-przedpokoju\">kinkiety do przedpokoju<\/a>? Dzi\u015b postaramy si\u0119 udzieli\u0107 odpowiedzi na te pytania.<\/p>\n<p><img loading=\"lazy\" decoding=\"async\" class=\"aligncenter size-full wp-image-6006\" src=\"https:\/\/www.smd-led.pl\/blog\/wp-content\/uploads\/2020\/07\/oswietlenie-korytarza-1.jpg\" alt=\"O\u015bwietlenie na korytarz\" width=\"800\" height=\"533\" \/><\/p>\n<p style=\"text-align: center;\"><strong><span style=\"color: #ff0000; font-size: 24pt;\">Najcz\u0119\u015bciej wybierana ta\u015bma LED przez naszych klient\u00f3w do o\u015bwietlenia korytarza:<\/span><\/strong><\/p>\n<div class=\"call-to-action-07\"><div class=\"call-to-action-07__product-box\"><img decoding=\"async\" src=\"https:\/\/www.smd-led.pl\/blog\/wp-content\/uploads\/2022\/07\/tasma-led-24v-cob-11w-480led-ip20-3000-100k-95lm-w-ra-90-8mm-1m.jpg\" alt=\"TA\u015aMA LED 24V \/ COB \/ 11W \/ 480LED \/ IP20 \/ 3000 +\/-100K \/ 95LM\/W \/ RA 90 \/ 8MM \/ 1M\" \/><span class=\"call-to-action-07__product-title\">TA\u015aMA LED 24V \/ COB \/ 11W \/ 3000K<\/span><a href=\"https:\/\/www.smd-led.pl\/tasma-led-24v-cob-11w-480led-ip20-3000-100k-95lm-w-ra-90-8mm-1m-116147\" class=\"button\" id=\"COB_NOWE\" target=\"_self\">Zobacz produkt<\/a><\/div><div class=\"call-to-action-07__product-box\"><img decoding=\"async\" src=\"https:\/\/www.smd-led.pl\/blog\/wp-content\/uploads\/2023\/07\/Tasma-Led-24V-Cob-11W-480Led-Ip20-4000-100K-100LmW-Ra-90-1M-8Mm.jpg\" alt=\"Ta\u015bma Led 24V Cob 11W 480Led Ip20 4000 +-100K 100LmW Ra 90 1M 8Mm\" \/><span class=\"call-to-action-07__product-title\">TA\u015aMA LED 24V \/ COB \/ 11W \/ 4000K<\/span><a href=\"https:\/\/www.smd-led.pl\/tasma-led-24v-cob-11w-480led-ip20-4000-100k-100lm-w-ra-90-1m-8mm-97390\" class=\"button\" id=\"COB_NOWE\" target=\"_self\">Zobacz produkt<\/a><\/div><div class=\"call-to-action-07__product-box\"><img decoding=\"async\" src=\"https:\/\/www.smd-led.pl\/blog\/wp-content\/uploads\/2022\/07\/tasma-led-24v-cob-11w-480led-ip20-6000-100k-100lm-w-ra-90-8mm-1m.jpg\" alt=\"TA\u015aMA LED 24V \/ COB \/ 11W \/ 480LED \/ IP20 \/ 6000 +\/-100K \/ 100LM\/W \/ RA 90 \/ 8MM \/ 1M\" \/><span class=\"call-to-action-07__product-title\">TA\u015aMA LED 24V \/ COB \/ 11W \/ 6000K<\/span><a href=\"https:\/\/www.smd-led.pl\/tasma-led-24v-cob-11w-480led-ip20-6000-100k-100lm-w-ra-90-8mm-1m-116158\" class=\"button\" id=\"COB_NOWE\" target=\"_self\">Zobacz produkt<\/a><\/div><\/div>\n<h2>O\u015bwietlenie na korytarzu<\/h2>\n<p>Korytarze to pomieszczenia z regu\u0142y niewielkie, nie wymagaj\u0105 wi\u0119c ostrego \u015bwiat\u0142a. Jednak znajduj\u0105ce si\u0119 w nim o\u015bwietlenie powinno komponowa\u0107 si\u0119 z o\u015bwietleniem reszty domu. <strong>Lampa o\u015bwietlaj\u0105ca korytarz<\/strong> powinna by\u0107 estetyczna i funkcjonalna jednocze\u015bnie. Poniewa\u017c korytarz jest miejscem, w kt\u00f3rym przebywamy raczej kr\u00f3tko w ci\u0105gu dnia, ale bywamy w nim stosunkowo cz\u0119sto, <strong>o\u015bwietlenie korytarza<\/strong> o mocnym nat\u0119\u017ceniu si\u0119 nie sprawdzi. Jednak ze wzgl\u0119du na fakt cz\u0119stego pozbawienia okien, musimy zapewni\u0107 w nim wystarczaj\u0105c\u0105 i bezpieczn\u0105 ilo\u015b\u0107 \u015bwiat\u0142a. Na wyb\u00f3r o\u015bwietlenia w korytarzu wp\u0142yw ma r\u00f3wnie\u017c jego kszta\u0142t i wielko\u015b\u0107. Inaczej musimy podej\u015b\u0107 do tematu o\u015bwietlenia ma\u0142ego i w\u0105skiego korytarza, inaczej wybierzemy o\u015bwietlenie korytarza posiadaj\u0105cego liczne wn\u0119ki i zakamarki, a jeszcze inaczej o\u015bwietlimy przedpok\u00f3j w kszta\u0142cie kwadratu, posiadaj\u0105cy okno. W przypadku ma\u0142ych korytarzy wybierajmy o\u015bwietlenie optycznie go powi\u0119kszaj\u0105ce. Mo\u017cemy to osi\u0105gn\u0105\u0107, instaluj\u0105c w nim niewielkie lampy. Du\u017ce wybierajmy, tylko je\u015bli nasz przedpok\u00f3j jest pomieszczeniem du\u017cym i wysokim. Je\u015bli nasz korytarz jest d\u0142ugi, musimy zainstalowa\u0107 w nim kilka \u017ar\u00f3de\u0142 \u015bwiat\u0142a. W przypadku korytarza z wn\u0119kami nie zapomnijmy o ich o\u015bwietleniu. Pami\u0119tajmy, \u017ce korytarz jest pierwszym pomieszczeniem, do kt\u00f3rego wchodzimy. Niech b\u0119dzie on wizyt\u00f3wk\u0105 naszego domu, a nowoczesne i atrakcyjne wizualnie o\u015bwietlenie zdecydowanie nam w tym pomo\u017ce. W celu zapewnienia tych wszystkich cech, czyli odpowiedniej ilo\u015bci \u015bwiat\u0142a, jakie dadz\u0105 nam zainstalowane w korytarzu lampy, funkcjonalno\u015bci o\u015bwietlenia oraz nowoczesnego i efektownego wygl\u0105du, postawmy na o\u015bwietlenie ledowe. Spe\u0142ni ono wszystkie oczekiwania stawiane o\u015bwietleniu, a przy okazji nie uszczupli mocno naszego portfela, przy p\u0142aceniu rachunk\u00f3w za energi\u0119 elektryczn\u0105. Energooszcz\u0119dno\u015b\u0107 oraz trwa\u0142o\u015b\u0107 o\u015bwietlenia LED, sprawi\u0105, \u017ce wyb\u00f3r tego rodzaju \u017ar\u00f3d\u0142a \u015bwiat\u0142a oka\u017ce si\u0119 rozwi\u0105zaniem du\u017co korzystniejszym ni\u017c wyb\u00f3r tradycyjnych lamp. Mo\u017cliwo\u015bci sterowania i szeroki wyb\u00f3r lamp LED przy okazji sprawi\u0105, \u017ce nasz korytarz stanie si\u0119 miejscem o\u015bwietlonym nowocze\u015bnie i umiej\u0105cym zrobi\u0107 wra\u017cenie na odwiedzaj\u0105cych nasz dom go\u015bciach ju\u017c od samego wej\u015bcia.<\/p>\n<div id=\"attachment_2812\" style=\"width: 810px\" class=\"wp-caption aligncenter\"><img loading=\"lazy\" decoding=\"async\" aria-describedby=\"caption-attachment-2812\" class=\"wp-image-2812\" title=\"O\u015bwietlenie na korytarzu\" src=\"https:\/\/www.smd-led.pl\/blog\/wp-content\/uploads\/2020\/07\/oswietlenie-na-korytarzu.jpg\" alt=\"O\u015bwietlenie na korytarzu\" width=\"800\" height=\"532\" \/><p id=\"caption-attachment-2812\" class=\"wp-caption-text\">O\u015bwietlenie na korytarzu<\/p><\/div>\n<div class=\"call-to-action-07\"><div class=\"call-to-action-07__product-box\"><img decoding=\"async\" src=\"https:\/\/www.smd-led.pl\/blog\/wp-content\/uploads\/2023\/12\/oprawa-podtynkowa-bali-round-black.webp\" alt=\"OPRAWA PODTYNKOWA BALI\" \/><span class=\"call-to-action-07__product-title\">Tuby sufitowe<\/span><a href=\"https:\/\/www.smd-led.pl\/tuby-sufitowe\" class=\"button\" id=\"lampy_przedpokoj_kategorie\" target=\"_self\">Zobacz produkty<\/a><\/div><div class=\"call-to-action-07__product-box\"><img decoding=\"async\" src=\"https:\/\/www.smd-led.pl\/blog\/wp-content\/uploads\/2023\/01\/CZARNA-SZYNOWA-LAMPA-LED-27W-MDR-BRANTA-METALICA-940-60ST-4000K.jpg\" alt=\"O\u015bwietlenie szynowe\" \/><span class=\"call-to-action-07__product-title\">O\u015bwietlenie szynowe<\/span><a href=\"https:\/\/www.smd-led.pl\/oswietlenie-szynowe\" class=\"button\" id=\"lampy_przedpokoj_kategorie\" target=\"_self\">Zobacz produkty<\/a><\/div><div class=\"call-to-action-07__product-box\"><img decoding=\"async\" src=\"https:\/\/www.smd-led.pl\/blog\/wp-content\/uploads\/2023\/12\/lampa-sufitowa-okragla-szara-sovana-top-45-smart-gr-az3441.webp\" alt=\"lampa-sufitowa-okragla-szara-sovana-top-45-smart-gr-az3441\" \/><span class=\"call-to-action-07__product-title\">Plafony do przedpokoju<\/span><a href=\"https:\/\/www.smd-led.pl\/plafony-do-przedpokoju\" class=\"button\" id=\"lampy_przedpokoj_kategorie\" target=\"_self\">Zobacz produkty<\/a><\/div><\/div>\n<h2>Lampy do korytarza &#8211; o\u015bwietlenie korytarza<\/h2>\n<p>Do poprawnego o\u015bwietlenia korytarza nadadz\u0105 si\u0119 wszelkiego rodzaju lampy, kt\u00f3re mo\u017cemy wbudowa\u0107 w sufit, lub na nim je umie\u015bci\u0107. Wszelkiego typu oczka \u015bwietlne czy te\u017c <a href=\"https:\/\/www.smd-led.pl\/plafony-led\">plafony LED<\/a> wbudowane w sufit, a tak\u017ce <a href=\"https:\/\/www.smd-led.pl\/oprawy-halogenowe-led-line\">oprawy halogenowe<\/a> zainstalowane na suficie doskonale o\u015bwietl\u0105 przestrze\u0144 korytarza. W ma\u0142ych i niskich korytarzach lepiej unikajmy monta\u017cu lamp wisz\u0105cych, rezerwuj\u0105c sobie t\u0119 opcj\u0119 o\u015bwietleniow\u0105 dla korytarzy du\u017cych i wysokich. W niewielkich i d\u0142ugich przedpokojach sprawdz\u0105 si\u0119 lampy punktowe zamontowane na suficie. Oczka emituj\u0105ce \u015bwiat\u0142o powinny by\u0107 r\u00f3wnomiernie rozmieszczone, zapewniaj\u0105c dobre o\u015bwietlenie w ka\u017cdej cz\u0119\u015bci pomieszczenia.<img loading=\"lazy\" decoding=\"async\" class=\"aligncenter wp-image-2813\" src=\"https:\/\/www.smd-led.pl\/blog\/wp-content\/uploads\/2020\/07\/lampy-do-korytarza.jpg\" alt=\"Lampy do korytarza\" width=\"800\" height=\"533\" \/><\/p>\n<p>Atrakcyjn\u0105 form\u0105 o\u015bwietlenia korytarza b\u0119d\u0105 kinkiety zamieszczone na \u015bcianach. Kinkiety emituj\u0105ce \u015bwiat\u0142o ku g\u00f3rze pomog\u0105 nam optycznie podwy\u017cszy\u0107 nasze pomieszczenie. Mo\u017cemy tak\u017ce wybra\u0107 kinkiety emituj\u0105ce \u015bwiat\u0142o ku g\u00f3rze i do\u0142owi jednocze\u015bnie. Takie \u017ar\u00f3d\u0142o \u015bwiat\u0142a w naszym korytarzu b\u0119dzie oryginalnym i atrakcyjnym elementem o\u015bwietleniowym. Wiele mo\u017cliwo\u015bci wyboru rodzaj\u00f3w kinkiet\u00f3w, sprawia, \u017ce ka\u017cdy znajdzie co\u015b odpowiedniego dla siebie i w ten spos\u00f3b uatrakcyjni sw\u00f3j korytarz. Jedynym ograniczeniem zastosowania kinkiet\u00f3w jest sytuacja, gdy nasz korytarz jest bardzo ma\u0142y, w\u0105ski lub d\u0142ugi. W takich korytarzach instalacja kinkiet\u00f3w jest niewskazana, poniewa\u017c zabior\u0105 one cze\u015b\u0107 przestrzeni, kt\u00f3ra i tak jest ju\u017c ma\u0142a i optycznie jeszcze pomniejsz\u0105 pomieszczenie.<\/p>\n<p><img loading=\"lazy\" decoding=\"async\" class=\"aligncenter wp-image-2814\" src=\"https:\/\/www.smd-led.pl\/blog\/wp-content\/uploads\/2020\/07\/oswietlenie-w-korytarzu.jpg\" alt=\"O\u015bwietlenie w korytarzu - O\u015bwietlenie korytarza\" width=\"800\" height=\"533\" \/><\/p>\n<p>Korytarze d\u0142ugi i w\u0105skie mo\u017cemy wyposa\u017cy\u0107 w <a href=\"https:\/\/www.smd-led.pl\/oswietlenie-liniowe-led\">o\u015bwietlenie liniowe<\/a> w postaci ta\u015bm LED zamontowanych przy suficie, ale tak\u017ce na dole \u015bcian oraz w samej pod\u0142odze. Rozwi\u0105zanie takie wprowadzi do naszego mieszkania powiew nowoczesno\u015bci oraz presti\u017cu. Stosuj\u0105c <a href=\"https:\/\/www.smd-led.pl\/tasmy-ledowe\">ta\u015bmy LED<\/a> i listwy przypod\u0142ogowe, zyskamy jednocze\u015bnie mo\u017cliwo\u015b\u0107 tworzenia przer\u00f3\u017cnych, atrakcyjnych wizualnie scen \u015bwietlnych oraz dostosowywania o\u015bwietlenia do naszego aktualnego nastroju. Jednocze\u015bnie o\u015bwietlenie przypod\u0142ogowe umieszczone w rogach przedpokoju, optycznie go powi\u0119kszy.<\/p>\n<p>W przedpokoju z regu\u0142y znajduje si\u0119 szafa oraz lustro. Oba te miejsca wymagaj\u0105 dobrego o\u015bwietlenia. Idealnie sobie poradz\u0105 w tym miejscu <a href=\"https:\/\/www.smd-led.pl\/reflektor-punktowy-led\">reflektory punktowe LED<\/a> z mo\u017cliwo\u015bci\u0105 regulacji kierunku padania \u015bwiat\u0142a. Dzi\u0119ki nim zawsze b\u0119dziemy mieli o\u015bwietlone to, na czym akurat nam najbardziej zale\u017cy. Lustro mo\u017cemy tak\u017ce o\u015bwietli\u0107, umieszczaj\u0105c wok\u00f3\u0142 niego profile aluminiowe z umieszczonymi w ich ta\u015bmami LED. B\u0119dzie to opcja dyskretna, funkcjonalna i nowoczesna jednocze\u015bnie.<\/p>\n<p style=\"text-align: center;\"><b>Sprawd\u017a nasze pozosta\u0142e artyku\u0142y o o\u015bwietleniu wn\u0119trz<\/b><\/p>\n<style id=\"sp_pcp_dynamic_style17791\">#pcp_wrapper-17791:not(.sps-glossary-layout) .sp-pcp-row,#pcp_wrapper-17791 .sps-glossary-items-group .sps-glossary-items-content {margin-right: -10px;margin-left: -10px;}#pcp_wrapper-17791 .sp-pcp-row [class*='sp-pcp-col-']{padding-right: 10px;padding-left: 10px; padding-bottom:20px;}.pcp-wrapper-17791 .sp-pcp-title a {color: #111;display: inherit;} .pcp-wrapper-17791 .sp-pcp-title a:hover {color: #e1624b;}.pcp-wrapper-17791 .sp-pcp-post-content{color: #444; }#pcp_wrapper-17791 .sp-pcp-post {padding: 0 0 0 0;}#pcp_wrapper-17791.sp-slider_layout .sp-pcp-post .sp-pcp-post-details {top: 0; right:0; bottom:0; left:0;}#pcp_wrapper-17791 .sp-pcp-post {border: 0px solid #e2e2e2; border-radius: 0px }#pcp_wrapper-17791 .sp-pcp-post{background-color: transparent;}#pcp_wrapper-17791 .pcp-post-thumb-wrapper{border: 0px solid #dddddd;border-radius:0px;}.pcp-wrapper-17791 .sp-pcp-post-meta li,.pcp-wrapper-17791 .sp-pcp-post-meta ul,.pcp-wrapper-17791 .sp-pcp-post-meta li a{color: #888;}.pcp-wrapper-17791 .sp-pcp-post-meta li a:hover{color: #e1624b;}#pcp_wrapper-17791 .pcp-readmore-link{ background: transparent; color: #111; border: 1px solid #888; border-radius: 0px; } #pcp_wrapper-17791 .pcp-readmore-link:hover { background-color: #e1624b; color: #fff; border-color: #e1624b; }#pcp_wrapper-17791 .pcp-post-pagination .page-numbers.current, #pcp_wrapper-17791 .pcp-post-pagination a.active , #pcp_wrapper-17791 .pcp-post-pagination a:hover{ color: #ffffff; background: #e1624b; border-color: #e1624b; }#pcp_wrapper-17791 .pcp-post-pagination .page-numbers, .pcp-post-pagination a{ background: #ffffff; color:#5e5e5e; border: 2px solid #bbbbbb;border-radius: 2px; }#pcp_wrapper-17791 .pcp-post-pagination{text-align: left;}@media (min-width: 1200px) {.sp-pcp-row .sp-pcp-col-xl-1 {flex: 0 0 100%;}.sp-pcp-row .sp-pcp-col-xl-2 {flex: 1 1 calc( 50% - 20px);}.sp-pcp-row .sp-pcp-col-xl-3 {flex: 1 1 calc( 33.333% - 20px);}.sp-pcp-row .sp-pcp-col-xl-4 {flex: 1 1 calc( 25% - 20px);}.sp-pcp-row .sp-pcp-col-xl-5 { flex: 1 1 calc( 20% - 20px);}.sp-pcp-row .sp-pcp-col-xl-6 {flex: 1 1 calc( 16.66666666666667% - 20px);}.sp-pcp-row .sp-pcp-col-xl-7 {flex: 1 1 calc( 14.28571428% - 20px);}.sp-pcp-row .sp-pcp-col-xl-8 {flex: 1 1 calc( 12.5% - 20px);}}@media (max-width: 1200px) {.sp-pcp-row .sp-pcp-col-lg-1 {flex: 0 0 100%;}.sp-pcp-row .sp-pcp-col-lg-2 {flex: 1 1 calc( 50% - 20px);}.sp-pcp-row .sp-pcp-col-lg-3 {flex: 1 1 calc( 33.333% - 20px);}.sp-pcp-row .sp-pcp-col-lg-4 {flex: 1 1 calc( 25% - 20px);}.sp-pcp-row .sp-pcp-col-lg-5 { flex: 1 1 calc( 20% - 20px);}.sp-pcp-row .sp-pcp-col-lg-6 {flex: 1 1 calc( 16.66666666666667% - 20px);}.sp-pcp-row .sp-pcp-col-lg-7 {flex: 1 1 calc( 14.28571428% - 20px);}.sp-pcp-row .sp-pcp-col-lg-8 {flex: 1 1 calc( 12.5% - 20px);}}@media (max-width: 992px) {.sp-pcp-row .sp-pcp-col-md-1 {flex: 0 0 100%;}.sp-pcp-row .sp-pcp-col-md-2 {flex: 1 1 calc( 50% - 20px);}.sp-pcp-row .sp-pcp-col-md-2-5 {flex: 0 0 75%;}.sp-pcp-row .sp-pcp-col-md-3 {flex: 1 1 calc( 33.333% - 20px);}.sp-pcp-row .sp-pcp-col-md-4 {flex: 1 1 calc( 25% - 20px);}.sp-pcp-row .sp-pcp-col-md-5 { flex: 1 1 calc( 20% - 20px);}.sp-pcp-row .sp-pcp-col-md-6 {flex: 1 1 calc( 16.66666666666667% - 20px);}.sp-pcp-row .sp-pcp-col-md-7 {flex: 1 1 calc( 14.28571428% - 20px);}.sp-pcp-row .sp-pcp-col-md-8 {flex: 1 1 calc( 12.5% - 20px);}}@media (max-width: 768px) {.sp-pcp-row .sp-pcp-col-sm-1 {flex: 0 0 100%;}.sp-pcp-row .sp-pcp-col-sm-2 {flex: 1 1 calc( 50% - 20px);}.sp-pcp-row .sp-pcp-col-sm-2-5 {flex: 0 0 75%;}.sp-pcp-row .sp-pcp-col-sm-3 {flex: 1 1 calc( 33.333% - 20px);}.sp-pcp-row .sp-pcp-col-sm-4 {flex: 1 1 calc( 25% - 20px);}.sp-pcp-row .sp-pcp-col-sm-5 { flex: 1 1 calc( 20% - 20px);}.sp-pcp-row .sp-pcp-col-sm-6 {flex: 1 1 calc( 16.66666666666667% - 20px);}.sp-pcp-row .sp-pcp-col-sm-7 {flex: 1 1 calc( 14.28571428% - 20px);}.sp-pcp-row .sp-pcp-col-sm-8 {flex: 1 1 calc( 12.5% - 20px);}}@media (max-width: 420px) {.sp-pcp-row .sp-pcp-col-xs-1 {flex: 0 0 100%;}.sp-pcp-row .sp-pcp-col-xs-2 {flex: 1 1 calc( 50% - 20px);}.sp-pcp-row .sp-pcp-col-xs-3 {flex: 1 1 calc( 33.333% - 20px);}.sp-pcp-row .sp-pcp-col-xs-4 {flex: 1 1 calc( 25% - 20px);}.sp-pcp-row .sp-pcp-col-xs-5 { flex: 1 1 calc( 20% - 20px);}.sp-pcp-row .sp-pcp-col-xs-6 {flex: 1 1 calc( 16.66666666666667% - 20px);}.sp-pcp-row .sp-pcp-col-xs-7 {flex: 1 1 calc( 14.28571428% - 20px);}.sp-pcp-row .sp-pcp-col-xs-8 {flex: 1 1 calc( 12.5% - 20px);}}<\/style>\n<div id=\"pcp_wrapper-17791\" class=\"sp-pcp-section sp-pcp-container pcp-wrapper-17791\">\n<div id=\"pcp-preloader\" class=\"pcp-preloader\"><\/div>\n\t\t<div class=\"sp-pcp-row\">\n\t\t\t\t<div class=\" sp-pcp-col-xs-1 sp-pcp-col-sm-2 sp-pcp-col-md-3 sp-pcp-col-lg-4 sp-pcp-col-xl-4\">\n\t\t\t<div class=\"sp-pcp-post default pcp-item-14468\" data-id=\"14468\">\n\t\t\t\t\t\t\t\t<div class=\"pcp-post-thumb-wrapper\">\n\t\t\t\t\t<div class=\"sp-pcp-post-thumb-area\">\n\t\t\t\t\t\t\t\t\t\t\t\t<a class=\"sp-pcp-thumb\" href=\"https:\/\/www.smd-led.pl\/blog\/jaka-barwa-swiatla-do-sypialni-co-wybrac\/\" target=\"_self\" >\n\t\t\t\t\t\t\t\t\t\t\t\t\t<img loading=\"lazy\" decoding=\"async\" src=\"https:\/\/www.smd-led.pl\/blog\/wp-content\/uploads\/2023\/11\/smdled_a_glamorous_style_bedroom_illuminated_with_slightly_blue_c98be2bb-a856-455d-aaaf-9133afda07fd.png\" width=\"1024\" height=\"1024\" alt=\"\">\n\t\t\t\t\t\t<\/a>\n\t\t\t\t\t<\/div>\n\t\t\t\t<\/div>\n\t\t\t\t\t\t\t\t<div class=\"sp-pcp-post-details\">\n\t\t\t\t\t<div class=\"sp-pcp-post-details-content\">\n\t\t\t\t\t\t\t\t<h2 class=\"sp-pcp-title\">\n\t\t\t\t\t\t\t\t\t<a href=\"https:\/\/www.smd-led.pl\/blog\/jaka-barwa-swiatla-do-sypialni-co-wybrac\/\"  target=\"_self\">Jaka barwa \u015bwiat\u0142a do sypialni co wybra\u0107?<\/a>\t\t\t\t\t\t\t<\/h2>\n\t\t\t\t\t\t<div class=\"sp-pcp-post-meta\">\n\t\t\t<ul><li>\t\t\t\t\t<i class=\"fa fa-user\"><\/i>\n\t\t\t\t\t<a href=\"https:\/\/www.smd-led.pl\/blog\/author\/mpietrasik\/\"\n\t\t\t\t\t\trel=\"author\">Marcin Pietrasik<\/a>\n\t\t\t\t\t<\/li> <li>\t\t\t\t\t<i class=\"fa fa-calendar\"><\/i>\n\t\t\t\t\t<time class=\"entry-date published updated\">8 listopada, 2023<\/time>\n\t\t\t\t\t<\/li><\/ul>\t\t<\/div>\n\t\t\t\t\t<div class=\"sp-pcp-post-content\">\n\t\t\t<p>Wyb\u00f3r odpowiedniej barwy \u015bwiat\u0142a do sypialni jest niezwykle wa\u017cny, aby zapewni\u0107 komfort, funkcjonalno\u015b\u0107 oraz stworzy\u0107 [&hellip;]<\/p>\n\t\t<div class=\"sp-pcp-readmore\">\n\t\t\t\t\t\t\t<a class=\"pcp-readmore-link\" target=\"_self\" href=\"https:\/\/www.smd-led.pl\/blog\/jaka-barwa-swiatla-do-sypialni-co-wybrac\/\" >\n\t\t\t\t\t\tCzytaj wi\u0119cej! <\/a>\n\t\t<\/div>\n\t\t\t\t\t<\/div>\n\t\t\t\t\t\t\t\t<\/div>\n\t\t\t\t<\/div>\n\t\t\t<\/div>\n\t\t<\/div>\n\t\t\t\t<div class=\" sp-pcp-col-xs-1 sp-pcp-col-sm-2 sp-pcp-col-md-3 sp-pcp-col-lg-4 sp-pcp-col-xl-4\">\n\t\t\t<div class=\"sp-pcp-post default pcp-item-13918\" data-id=\"13918\">\n\t\t\t\t\t\t\t\t<div class=\"pcp-post-thumb-wrapper\">\n\t\t\t\t\t<div class=\"sp-pcp-post-thumb-area\">\n\t\t\t\t\t\t\t\t\t\t\t\t<a class=\"sp-pcp-thumb\" href=\"https:\/\/www.smd-led.pl\/blog\/jak-podswietlic-lamele\/\" target=\"_self\" >\n\t\t\t\t\t\t\t\t\t\t\t\t\t<img loading=\"lazy\" decoding=\"async\" src=\"https:\/\/www.smd-led.pl\/blog\/wp-content\/uploads\/2023\/10\/Jak-podswietlic-lamele-2.jpg\" width=\"1200\" height=\"600\" alt=\"Jak pod\u015bwietli\u0107 lamele\">\n\t\t\t\t\t\t<\/a>\n\t\t\t\t\t<\/div>\n\t\t\t\t<\/div>\n\t\t\t\t\t\t\t\t<div class=\"sp-pcp-post-details\">\n\t\t\t\t\t<div class=\"sp-pcp-post-details-content\">\n\t\t\t\t\t\t\t\t<h2 class=\"sp-pcp-title\">\n\t\t\t\t\t\t\t\t\t<a href=\"https:\/\/www.smd-led.pl\/blog\/jak-podswietlic-lamele\/\"  target=\"_self\">Jak pod\u015bwietli\u0107 lamele?<\/a>\t\t\t\t\t\t\t<\/h2>\n\t\t\t\t\t\t<div class=\"sp-pcp-post-meta\">\n\t\t\t<ul><li>\t\t\t\t\t<i class=\"fa fa-user\"><\/i>\n\t\t\t\t\t<a href=\"https:\/\/www.smd-led.pl\/blog\/author\/mpietrasik\/\"\n\t\t\t\t\t\trel=\"author\">Marcin Pietrasik<\/a>\n\t\t\t\t\t<\/li> <li>\t\t\t\t\t<i class=\"fa fa-calendar\"><\/i>\n\t\t\t\t\t<time class=\"entry-date published updated\">18 pa\u017adziernika, 2023<\/time>\n\t\t\t\t\t<\/li><\/ul>\t\t<\/div>\n\t\t\t\t\t<div class=\"sp-pcp-post-content\">\n\t\t\t<p>Ka\u017cdy z nas szuka sposob\u00f3w, aby uczyni\u0107 swoje wn\u0119trze wyj\u0105tkowym i niepowtarzalnym. W dzisiejszym \u015bwiecie [&hellip;]<\/p>\n\t\t<div class=\"sp-pcp-readmore\">\n\t\t\t\t\t\t\t<a class=\"pcp-readmore-link\" target=\"_self\" href=\"https:\/\/www.smd-led.pl\/blog\/jak-podswietlic-lamele\/\" >\n\t\t\t\t\t\tCzytaj wi\u0119cej! <\/a>\n\t\t<\/div>\n\t\t\t\t\t<\/div>\n\t\t\t\t\t\t\t\t<\/div>\n\t\t\t\t<\/div>\n\t\t\t<\/div>\n\t\t<\/div>\n\t\t\t\t<div class=\" sp-pcp-col-xs-1 sp-pcp-col-sm-2 sp-pcp-col-md-3 sp-pcp-col-lg-4 sp-pcp-col-xl-4\">\n\t\t\t<div class=\"sp-pcp-post default pcp-item-11330\" data-id=\"11330\">\n\t\t\t\t\t\t\t\t<div class=\"pcp-post-thumb-wrapper\">\n\t\t\t\t\t<div class=\"sp-pcp-post-thumb-area\">\n\t\t\t\t\t\t\t\t\t\t\t\t<a class=\"sp-pcp-thumb\" href=\"https:\/\/www.smd-led.pl\/blog\/obraz-na-szarej-scianie\/\" target=\"_self\" >\n\t\t\t\t\t\t\t\t\t\t\t\t\t<img loading=\"lazy\" decoding=\"async\" src=\"https:\/\/www.smd-led.pl\/blog\/wp-content\/uploads\/2023\/07\/Obraz-na-szarej-scianie-1-1.jpg\" width=\"768\" height=\"502\" alt=\"Obraz na szarej \u015bcianie\">\n\t\t\t\t\t\t<\/a>\n\t\t\t\t\t<\/div>\n\t\t\t\t<\/div>\n\t\t\t\t\t\t\t\t<div class=\"sp-pcp-post-details\">\n\t\t\t\t\t<div class=\"sp-pcp-post-details-content\">\n\t\t\t\t\t\t\t\t<h2 class=\"sp-pcp-title\">\n\t\t\t\t\t\t\t\t\t<a href=\"https:\/\/www.smd-led.pl\/blog\/obraz-na-szarej-scianie\/\"  target=\"_self\">Obraz na szarej \u015bcianie<\/a>\t\t\t\t\t\t\t<\/h2>\n\t\t\t\t\t\t<div class=\"sp-pcp-post-meta\">\n\t\t\t<ul><li>\t\t\t\t\t<i class=\"fa fa-user\"><\/i>\n\t\t\t\t\t<a href=\"https:\/\/www.smd-led.pl\/blog\/author\/mpietrasik\/\"\n\t\t\t\t\t\trel=\"author\">Marcin Pietrasik<\/a>\n\t\t\t\t\t<\/li> <li>\t\t\t\t\t<i class=\"fa fa-calendar\"><\/i>\n\t\t\t\t\t<time class=\"entry-date published updated\">24 lipca, 2023<\/time>\n\t\t\t\t\t<\/li><\/ul>\t\t<\/div>\n\t\t\t\t\t<div class=\"sp-pcp-post-content\">\n\t\t\t<p>&nbsp; Tw\u00f3j szary salon zas\u0142uguje na odrobin\u0119 magii i osobistego wyrazu. Dlatego te\u017c warto zastanowi\u0107 [&hellip;]<\/p>\n\t\t<div class=\"sp-pcp-readmore\">\n\t\t\t\t\t\t\t<a class=\"pcp-readmore-link\" target=\"_self\" href=\"https:\/\/www.smd-led.pl\/blog\/obraz-na-szarej-scianie\/\" >\n\t\t\t\t\t\tCzytaj wi\u0119cej! <\/a>\n\t\t<\/div>\n\t\t\t\t\t<\/div>\n\t\t\t\t\t\t\t\t<\/div>\n\t\t\t\t<\/div>\n\t\t\t<\/div>\n\t\t<\/div>\n\t\t\t\t<div class=\" sp-pcp-col-xs-1 sp-pcp-col-sm-2 sp-pcp-col-md-3 sp-pcp-col-lg-4 sp-pcp-col-xl-4\">\n\t\t\t<div class=\"sp-pcp-post default pcp-item-11112\" data-id=\"11112\">\n\t\t\t\t\t\t\t\t<div class=\"pcp-post-thumb-wrapper\">\n\t\t\t\t\t<div class=\"sp-pcp-post-thumb-area\">\n\t\t\t\t\t\t\t\t\t\t\t\t<a class=\"sp-pcp-thumb\" href=\"https:\/\/www.smd-led.pl\/blog\/montaz-tasmy-led-na-scianie\/\" target=\"_self\" >\n\t\t\t\t\t\t\t\t\t\t\t\t\t<img loading=\"lazy\" decoding=\"async\" src=\"https:\/\/www.smd-led.pl\/blog\/wp-content\/uploads\/2023\/04\/Profil-LED-P18-2_inspiracja.jpg\" width=\"1600\" height=\"1200\" alt=\"Profil LED P18-2_inspiracja\">\n\t\t\t\t\t\t<\/a>\n\t\t\t\t\t<\/div>\n\t\t\t\t<\/div>\n\t\t\t\t\t\t\t\t<div class=\"sp-pcp-post-details\">\n\t\t\t\t\t<div class=\"sp-pcp-post-details-content\">\n\t\t\t\t\t\t\t\t<h2 class=\"sp-pcp-title\">\n\t\t\t\t\t\t\t\t\t<a href=\"https:\/\/www.smd-led.pl\/blog\/montaz-tasmy-led-na-scianie\/\"  target=\"_self\">Monta\u017c ta\u015bmy Led na \u015bcianie<\/a>\t\t\t\t\t\t\t<\/h2>\n\t\t\t\t\t\t<div class=\"sp-pcp-post-meta\">\n\t\t\t<ul><li>\t\t\t\t\t<i class=\"fa fa-user\"><\/i>\n\t\t\t\t\t<a href=\"https:\/\/www.smd-led.pl\/blog\/author\/mpietrasik\/\"\n\t\t\t\t\t\trel=\"author\">Marcin Pietrasik<\/a>\n\t\t\t\t\t<\/li> <li>\t\t\t\t\t<i class=\"fa fa-calendar\"><\/i>\n\t\t\t\t\t<time class=\"entry-date published updated\">17 kwietnia, 2023<\/time>\n\t\t\t\t\t<\/li><\/ul>\t\t<\/div>\n\t\t\t\t\t<div class=\"sp-pcp-post-content\">\n\t\t\t<p>Jak zrobi\u0107 prawid\u0142owo Monta\u017c ta\u015bmy Led na \u015bcianie? aby monta\u017c ta\u015bmy, by\u0142 zgodny z trendami [&hellip;]<\/p>\n\t\t<div class=\"sp-pcp-readmore\">\n\t\t\t\t\t\t\t<a class=\"pcp-readmore-link\" target=\"_self\" href=\"https:\/\/www.smd-led.pl\/blog\/montaz-tasmy-led-na-scianie\/\" >\n\t\t\t\t\t\tCzytaj wi\u0119cej! <\/a>\n\t\t<\/div>\n\t\t\t\t\t<\/div>\n\t\t\t\t\t\t\t\t<\/div>\n\t\t\t\t<\/div>\n\t\t\t<\/div>\n\t\t<\/div>\n\t\t\t<\/div>\n\t\t<span class=\"sp-pcp-pagination-data\" style=\"display:none;\"><\/span>\n\n\t\t<nav class=\"pcp-post-pagination pcp-on-desktop\">\n\t\t\t\t\t<\/nav>\n\t\t\t\t\t<nav class=\"pcp-post-pagination pcp-on-mobile\">\n\t\t\t\t\t<\/nav>\n\t\t\t\t<\/div>\n\n<p>Wszelkie wn\u0119ki, w jakie nasz przedpok\u00f3j jest wyposa\u017cony, do\u015bwietlajmy lampami punktowymi. Czy b\u0119d\u0105 to halogeny wbudowane w sufit, czy reflektorowy z regulacj\u0105, zale\u017cy ju\u017c wy\u0142\u0105cznie od nas i wystroju naszego mieszkania.<\/p>\n<div id=\"attachment_2818\" style=\"width: 673px\" class=\"wp-caption aligncenter\"><img loading=\"lazy\" decoding=\"async\" aria-describedby=\"caption-attachment-2818\" class=\"wp-image-2818\" title=\"O\u015bwietlenie korytarza\" src=\"https:\/\/www.smd-led.pl\/blog\/wp-content\/uploads\/2020\/07\/oswietlenie-korytarz.jpg\" alt=\"O\u015bwietlenie korytarza\" width=\"663\" height=\"1000\" \/><p id=\"caption-attachment-2818\" class=\"wp-caption-text\">O\u015bwietlenie korytarza<\/p><\/div>\n<p>Opr\u00f3cz rodzaju lampy i jej wygl\u0105du wa\u017cnym jest jakie \u015bwiat\u0142o ona emituje. W przypadku korytarzy pozbawionych dost\u0119pu \u015bwiat\u0142a dziennego wskazane jest, aby by\u0142o to \u015bwiat\u0142o o barwie ciep\u0142ej, daj\u0105ce wra\u017cenie przytulno\u015bci i komfortu. Je\u015bli natomiast w naszym przedpokoju jest dost\u0119pne \u015bwiat\u0142o dzienne, lepiej wybra\u0107 \u015bwiat\u0142o zimne, kt\u00f3re nie wypadnie zbyt jaskrawo w takiej sytuacji. Nat\u0119\u017cenie o\u015bwietlenia w korytarzu powinno wynosi\u0107 co najmniej 150 luks\u00f3w w dzie\u0144 oraz 50-80 luks\u00f3w w nocy. Dlatego warto by nasze o\u015bwietlenie mia\u0142o mo\u017cliwo\u015bci regulacji nat\u0119\u017cenie i dostosowywania go do pory dnia. \u015awiat\u0142o emitowane przez lampy w naszym korytarzu powinno posiada\u0107 tak\u017ce wska\u017anik oddawani barw Ra na poziomie 80. B\u0119dzie ono dobrze oddawa\u0107 kolory, co mo\u017ce by\u0107 istotne w przypadku dobierania element\u00f3w stroju czy ostatnich poprawek makija\u017cu przed wyj\u015bciem z domu.<\/p>\n<div class=\"call-to-action-01\"><div class=\"call-to-action-01__txt-box\"><span class=\"call-to-action-01__txt-box-title\"><\/span><p><p><strong>Halogen potr\u00f3jny bia\u0142y MODERN DAY MINI SLIP002013\u00a0<\/strong>zosta\u0142 przystosowany do trzech \u017car\u00f3wek GU10. Wykonany z wysokiej jako\u015bci komponent\u00f3w.<\/p>\n<\/p><\/div><div class=\"call-to-action-01__img-box\" style=\"background-image: url('https:\/\/www.smd-led.pl\/blog\/wp-content\/uploads\/2023\/03\/oprawa-sufitowa-potrojna-modern.jpg')\"><\/div><div class=\"call-to-action-01__product-box\"><div class=\"call-to-action-01__product-img\"><img decoding=\"async\" src=\"https:\/\/www.smd-led.pl\/blog\/wp-content\/uploads\/2023\/03\/OPRAWA-SUFITOWA-POTROJNA-MODERN-DAY-MINI.jpg\" alt=\"OPRAWA SUFITOWA POTR\u00d3JNA MODERN DAY MINI\" \/><\/div><div class=\"call-to-action-01__product-info\"><span class=\"call-to-action-01__product-title\">OPRAWA SUFITOWA POTR\u00d3JNA MODERN DAY MINI<\/span><p><\/p><a href=\"https:\/\/www.smd-led.pl\/oprawa-halogenowa-potrojna\" class=\"button\" id=\"jakie_oswietlenie_do_lazienki_led_czy_halogeny_1\" target=\"_self\">Zobacz produkt<\/a><\/div><\/div><\/div>\n<h2>Lampy na korytarz \u2014 nasze propozycje &#8211; o\u015bwietlenie korytarza<\/h2>\n<p>Jak ju\u017c wcze\u015bniej wspomnieli\u015bmy, najkorzystniejsze jest <strong>o\u015bwietlenie korytarza LED<\/strong>. O zaletach technologii LED mo\u017cna przeczyta\u0107 w naszych poprzednich wpisach, wi\u0119c nie b\u0119dziemy ich teraz wymienia\u0107. Wybieraj\u0105c <strong>lampy do holu<\/strong>, najcz\u0119\u015bciej wybierzemy oprawy punktowe instalowane w suficie. Z oferty naszego sklepu warto wybra\u0107 oprawy halogenowe. S\u0105 to oprawy wysokiej jako\u015bci, charakteryzuj\u0105ce si\u0119 dba\u0142o\u015bci\u0105 o najdrobniejsze detale. Dlatego oczka sufitowe s\u0105 tak bardzo cenione i lubiane na wsp\u00f3\u0142czesnym rynku o\u015bwietleniowym. Takie lampy sufitowe na korytarz dost\u0119pne s\u0105 w szerokiej gamie kolorystycznej oraz w r\u00f3\u017cnych kszta\u0142tach i rozmiarach. Dost\u0119pne s\u0105 w wersjach zasilanych napi\u0119ciem sieciowym 230 V, a tak\u017ce napi\u0119ciem bezpiecznym 12 V. Mniejsze oprawy wyposa\u017cane s\u0105 w \u017car\u00f3wki GU11 lub \u017car\u00f3wki MR11,natomiast te wi\u0119ksze posiadaj\u0105 g\u0142\u00f3wnie \u017car\u00f3wki GU10 lub \u017car\u00f3wki MR16. Takie lampy sufitowe, w kt\u00f3re wyposa\u017cymy nasz korytarz, mo\u017cemy wybra\u0107 w wersji wpuszczanej lub te\u017c natynkowej. Obie wersje s\u0105 proste w monta\u017cu, a dostarczane produkty s\u0105 wyposa\u017cone ju\u017c w potrzebne do ich zainstalowania akcesoria (klipsy, wkr\u0119ty).<\/p>\n<p>W celu atrakcyjnego o\u015bwietlenia korytarzy zach\u0119camy do skorzystania ze znajduj\u0105cych si\u0119 w naszej ofercie ta\u015bm LED. Ta\u015bmy te mo\u017cna zainstalowa\u0107, korzystaj\u0105c z szerokiej gamy <a href=\"https:\/\/www.smd-led.pl\/profile-aluminiowe-do-tasm-led\">profili aluminiowych LED<\/a>, jakie posiadamy w sprzeda\u017cy. Profile dost\u0119pne s\u0105 w trzech r\u00f3\u017cnych d\u0142ugo\u015bciach oraz kolorach. Standardowe d\u0142ugo\u015bci profili to 1m, 2,02m, oraz 3m. Listwy do ta\u015bm LED dost\u0119pne s\u0105 w zale\u017cno\u015bci od wybranej wersji, nawet w 5 r\u00f3\u017cnych kolorach. Wyr\u00f3\u017cniamy: nieanodowane (surowe), anodowane (srebrne, inox, czarne) oraz lakierowane (bia\u0142e). Oczywi\u015bcie wszystkie profile LED mo\u017cemy dostosowa\u0107 do wymaga\u0144 kolorystycznych naszych klient\u00f3w, jak i do d\u0142ugo\u015bci, kt\u00f3ra by Pa\u0144stwa interesowa\u0142a. Oferujemy r\u00f3wnie\u017c profile szerokie, a tak\u017ce k\u0105towe (naro\u017cne). Do profili zakupi\u0105 Pa\u0144stwo u nas r\u00f3wnie\u017c wszelkie potrzebne do ich monta\u017cu akcesoria takie jak klosze, uchwyty czy za\u015blepki. Je\u015bli chcemy nasz korytarz wyposa\u017cy\u0107 w o\u015bwietlenie przypod\u0142ogowe, idealnym wyborem b\u0119dzie zakup profilu przypod\u0142ogowego <a href=\"https:\/\/www.smd-led.pl\/profil-led-tiano\">Tiano<\/a> lub <a href=\"https:\/\/www.smd-led.pl\/profil-led-flaro\">Flaro<\/a>. S\u0105 to wpuszczane listwy przypod\u0142ogowa montowane za pomoc\u0105 kleju monta\u017cowego lub spr\u0119\u017cynek monta\u017cowych, zast\u0119puj\u0105ce tradycyjne listwy przypod\u0142ogowe. O\u015bwietlenie wykonane z pomoc\u0105 takich profili stworzy niesamowity i bardzo designerski efekt \u015bwietlny.<br \/>\nW celu wykonania o\u015bwietlenia pod\u0142ogowego zach\u0119camy do wyboru profili pod\u0142ogowych Terra. <a href=\"https:\/\/www.smd-led.pl\/profil-led-terra-podlogowy\">Profil LED pod\u0142ogowy Terra<\/a> jest przystosowanych do monta\u017cu na r\u00f3\u017cnego rodzaju pod\u0142ogach i daje nam niesamowite mo\u017cliwo\u015bci w dekorowaniu naszych wn\u0119trz. Jest on odporny na tyle, \u017ce mo\u017cna po nim st\u0105pa\u0107, a tak\u017ce nie grozi mu ewentualne zalanie wod\u0105.<\/p>\n<div id=\"attachment_2815\" style=\"width: 1010px\" class=\"wp-caption aligncenter\"><img loading=\"lazy\" decoding=\"async\" aria-describedby=\"caption-attachment-2815\" class=\"wp-image-2815\" title=\"Lampy na korytarz - o\u015bwietlenie korytarza\" src=\"https:\/\/www.smd-led.pl\/blog\/wp-content\/uploads\/2020\/07\/lampy-na-korytarz.jpg\" alt=\"Lampy na korytarz\" width=\"1000\" height=\"750\" \/><p id=\"caption-attachment-2815\" class=\"wp-caption-text\">Lampy na korytarz &#8211; o\u015bwietlenie korytarza<\/p><\/div>\n<p>Je\u015bli Pa\u0144stwa przedpok\u00f3j ju\u017c wyposa\u017cony jest o\u015bwietleniowo, zach\u0119camy do wymiany tradycyjnych \u017car\u00f3wek halogenowych na <a href=\"https:\/\/www.smd-led.pl\/zarowka-gu10\" data-internallinksmanager029f6b8e52c=\"29\" title=\"\u017bar\u00f3wka GU10\">\u017car\u00f3wki LED GU10<\/a>. S\u0105 one bowiem zdecydowanie trwalsze, a przy okazji emituj\u0105 niewielk\u0105 ilo\u015b\u0107 ciep\u0142a, co w przypadku ma\u0142ych i niskich korytarzy jest olbrzymi\u0105 zalet\u0105. Wymiana na \u017car\u00f3wki Led przyniesie przy okazji nawet 90% oszcz\u0119dno\u015bci na zu\u017cyciu energii elektrycznej. \u017bar\u00f3wki LED GU10 wyst\u0119puj\u0105 w wielu wersjach i typach. Mo\u017cemy wybiera\u0107 po\u015br\u00f3d \u017car\u00f3wek z mlecznym lub przezroczystym szk\u0142em, jak i r\u00f3wnie\u017c dobra\u0107 k\u0105t \u015bwiecenia, kt\u00f3ry najbardziej b\u0119dzie dla nas odpowiedni. Wyst\u0119puj\u0105 one zar\u00f3wno w wersji 12 V, jak i 230 V. Do zasilania instalacji o\u015bwietleniowej potrzebowa\u0107 b\u0119d\u0105 Pa\u0144stwo odpowiedni <a href=\"https:\/\/www.smd-led.pl\/zasilacze-ledowe\">zasilacz LED<\/a>. Z naszej oferty wybior\u0105 Pa\u0144stwo zasilacz idealnie dostosowany do Pa\u0144stwa potrzeb. Mo\u017ce to by\u0107 zasilacz do puszki, zasilacz na szyn\u0119 DIN, a tak\u017ce ultrap\u0142aski, kt\u00f3ry mo\u017cna ukry\u0107 w profilu aluminiowym. Oferujemy zasilacze 12 V oraz 24 V, w r\u00f3\u017cnych wersjach mocy. Je\u015bli nie wiedza Pa\u0144stwo, jakiej mocy zasilacza potrzebuj\u0105, nasi pracownicy ch\u0119tnie pomog\u0105 przy doborze w\u0142a\u015bciwego. Nasz\u0105 wiedz\u0105 i do\u015bwiadczeniem s\u0142u\u017cymy r\u00f3wnie\u017c w ka\u017cdej innej sytuacji i z przyjemno\u015bci\u0105 pomo\u017cemy w doborze odpowiedniego o\u015bwietlenia oraz akcesori\u00f3w potrzebnych do jego instalacji.<\/p>\n<div id=\"attachment_2816\" style=\"width: 966px\" class=\"wp-caption aligncenter\"><img loading=\"lazy\" decoding=\"async\" aria-describedby=\"caption-attachment-2816\" class=\"wp-image-2816 size-full\" title=\"o\u015bwietlenie korytarza\" src=\"https:\/\/www.smd-led.pl\/blog\/wp-content\/uploads\/2020\/07\/oswietlenie-na-korytarz.jpg\" alt=\"o\u015bwietlenie korytarza\" width=\"956\" height=\"1280\" \/><p id=\"caption-attachment-2816\" class=\"wp-caption-text\">o\u015bwietlenie korytarza<\/p><\/div>\n<div class=\"call-to-action-07\"><div class=\"call-to-action-07__product-box\"><img decoding=\"async\" src=\"https:\/\/www.smd-led.pl\/blog\/wp-content\/uploads\/2023\/12\/panel-led-nelio-60x60-cm-40w-4400lm-biala-neutralna-1.webp\" alt=\"PANEL LED NELIO 60X60 CM 40W 4400LM - BIA\u0141A NEUTRALNA\" \/><span class=\"call-to-action-07__product-title\"><a href=\"https:\/\/www.smd-led.pl\/panele-led\" data-internallinksmanager029f6b8e52c=\"1\" title=\"Panele LED\">PANEL LED<\/a> NELIO 60X60 CM 40W 4400LM<\/span><a href=\"https:\/\/www.smd-led.pl\/panel-led-60x60\" class=\"button\" id=\"panele_led\" target=\"_self\">Zobacz produkt<\/a><\/div><div class=\"call-to-action-07__product-box\"><img decoding=\"async\" src=\"https:\/\/www.smd-led.pl\/blog\/wp-content\/uploads\/2023\/12\/panel-led-line-prime-backlit-40w-4000k-4800lm-595x595-2.webp\" alt=\"PANEL LED LINE PRIME BACKLIT 40W 4000K 4800LM 595X595\" \/><span class=\"call-to-action-07__product-title\">PANEL LED LINE PRIME BACKLIT 40W 4000K 4800LM 595X595<\/span><a href=\"https:\/\/www.smd-led.pl\/panele-led\" class=\"button\" id=\"panele_led\" target=\"_self\">Zobacz produkt<\/a><\/div><div class=\"call-to-action-07__product-box\"><img decoding=\"async\" src=\"https:\/\/www.smd-led.pl\/blog\/wp-content\/uploads\/2023\/12\/profil-led-wpuszczany-2026-03-23T091007.577.png\" alt=\"Panel Led 1195X295 50W 6500K 4500Lm Ip20 Bia\u0142y\" \/><span class=\"call-to-action-07__product-title\">Panel Led 1195X295 50W 6500K 4500Lm Ip20 Bia\u0142y<\/span><a href=\"https:\/\/www.smd-led.pl\/panel-led-120x30\" class=\"button\" id=\"panele_led\" target=\"_self\">Zobacz produkt<\/a><\/div><\/div>\n<h2>O\u015bwietlenie na korytarz \u2013 podsumowanie<\/h2>\n<p><strong>O\u015bwietlenie korytarza<\/strong>, cz\u0119sto zaniedbywane, stanowi bardzo istotn\u0105 rol\u0119 w komforcie \u017cycia domownik\u00f3w i odbiorze mieszkania przez go\u015bci. O\u015bwietlenie odgrywa bardzo wa\u017cn\u0105 rol\u0119 w aran\u017cacji korytarza i za jego mo\u017cemy ca\u0142kowicie odmieni\u0107 to pomieszczenie. Dzi\u0119ki w\u0142a\u015bciwemu doborowi lamp sprawimy, \u017ce korzystanie z korytarza stanie si\u0119 przyjemne i wygodne jednocze\u015bnie. Zastosowanie nowoczesnej technologii LED pomo\u017ce przy okazji uczyni\u0107 z naszego korytarza niezwykle nowoczesne i designerskie wn\u0119trze, umiej\u0105ce zadziwi\u0107 naszych go\u015bci. Warto wi\u0119c po\u015bwi\u0119ci\u0107 chwil\u0119 czasu i uwagi, aby uzyska\u0107 efekt, kt\u00f3ry b\u0119dzie nas cieszy\u0142 w przysz\u0142o\u015bci i nastraja\u0142 optymistycznie ju\u017c od samego wej\u015bcia do mieszkania. Czas, kt\u00f3ry po\u015bwi\u0119cimy na zaplanowanie i wyb\u00f3r o\u015bwietlenia, odwdzi\u0119czy si\u0119 nam z nawi\u0105zk\u0105 w przysz\u0142o\u015bci rado\u015bci\u0105 z korzystania z idealnie i nowocze\u015bnie o\u015bwietlonego korytarza. Naszym zdaniem, naprawd\u0119 warto pochyli\u0107 si\u0119 nad kwesti\u0105 wyboru lamp do korytarza.<\/p>\n","protected":false},"excerpt":{"rendered":"<p>O\u015bwietlenie korytarza jest bardzo istotne ze wzgl\u0119du na to, \u017ce cz\u0119sto korytarz jak i przedpok\u00f3j [&hellip;]<\/p>\n","protected":false},"author":7,"featured_media":3455,"comment_status":"closed","ping_status":"closed","sticky":false,"template":"","format":"standard","meta":{"inline_featured_image":false,"footnotes":""},"categories":[51,31],"tags":[801],"class_list":["post-8808","post","type-post","status-publish","format-standard","has-post-thumbnail","hentry","category-dom-wnetrza","category-oswietlenie-dla-domu","tag-wnetrza"],"acf":[],"yoast_head":"<!-- This site is optimized with the Yoast SEO Premium plugin v26.8 (Yoast SEO v26.8) - https:\/\/yoast.com\/product\/yoast-seo-premium-wordpress\/ -->\n<title>O\u015bwietlenie korytarza - co warto wiedzie\u0107? - Blog SMD-LED.pl<\/title>\n<meta name=\"description\" content=\"O\u015bwietlenie korytarza mo\u017ce by\u0107 eleganckie, funkcjonalne i nowoczesne. Sprawd\u017a jakie lampy na korytarz wybra\u0107.\" \/>\n<meta name=\"robots\" content=\"index, follow, max-snippet:-1, max-image-preview:large, max-video-preview:-1\" \/>\n<link rel=\"canonical\" href=\"https:\/\/www.smd-led.pl\/blog\/oswietlenie-korytarza-co-warto-wiedziec\/\" \/>\n<meta property=\"og:locale\" content=\"pl_PL\" \/>\n<meta property=\"og:type\" content=\"article\" \/>\n<meta property=\"og:title\" content=\"O\u015bwietlenie korytarza - co warto wiedzie\u0107?\" \/>\n<meta property=\"og:description\" content=\"O\u015bwietlenie korytarza mo\u017ce by\u0107 eleganckie, funkcjonalne i nowoczesne. Sprawd\u017a jakie lampy na korytarz wybra\u0107.\" \/>\n<meta property=\"og:url\" content=\"https:\/\/www.smd-led.pl\/blog\/oswietlenie-korytarza-co-warto-wiedziec\/\" \/>\n<meta property=\"og:site_name\" content=\"SMD-LED\" \/>\n<meta property=\"article:published_time\" content=\"2020-07-12T13:05:57+00:00\" \/>\n<meta property=\"article:modified_time\" content=\"2024-02-01T09:43:51+00:00\" \/>\n<meta property=\"og:image\" content=\"https:\/\/www.smd-led.pl\/blog\/wp-content\/uploads\/2020\/07\/oswietlenie-korytarza.jpg\" \/>\n\t<meta property=\"og:image:width\" content=\"1225\" \/>\n\t<meta property=\"og:image:height\" content=\"919\" \/>\n\t<meta property=\"og:image:type\" content=\"image\/jpeg\" \/>\n<meta name=\"author\" content=\"Marcin Pietrasik\" \/>\n<meta name=\"twitter:card\" content=\"summary_large_image\" \/>\n<meta name=\"twitter:label1\" content=\"Napisane przez\" \/>\n\t<meta name=\"twitter:data1\" content=\"Marcin Pietrasik\" \/>\n\t<meta name=\"twitter:label2\" content=\"Szacowany czas czytania\" \/>\n\t<meta name=\"twitter:data2\" content=\"11 minut\" \/>\n<script type=\"application\/ld+json\" class=\"yoast-schema-graph\">{\"@context\":\"https:\/\/schema.org\",\"@graph\":[{\"@type\":\"Article\",\"@id\":\"https:\/\/www.smd-led.pl\/blog\/oswietlenie-korytarza-co-warto-wiedziec\/#article\",\"isPartOf\":{\"@id\":\"https:\/\/www.smd-led.pl\/blog\/oswietlenie-korytarza-co-warto-wiedziec\/\"},\"author\":{\"name\":\"Marcin Pietrasik\",\"@id\":\"https:\/\/www.smd-led.pl\/blog\/#\/schema\/person\/887fa24be503d7ae726f67021d1623f5\"},\"headline\":\"O\u015bwietlenie korytarza &#8211; co warto wiedzie\u0107?\",\"datePublished\":\"2020-07-12T13:05:57+00:00\",\"dateModified\":\"2024-02-01T09:43:51+00:00\",\"mainEntityOfPage\":{\"@id\":\"https:\/\/www.smd-led.pl\/blog\/oswietlenie-korytarza-co-warto-wiedziec\/\"},\"wordCount\":2062,\"image\":{\"@id\":\"https:\/\/www.smd-led.pl\/blog\/oswietlenie-korytarza-co-warto-wiedziec\/#primaryimage\"},\"thumbnailUrl\":\"https:\/\/www.smd-led.pl\/blog\/wp-content\/uploads\/2020\/07\/oswietlenie-korytarza.jpg\",\"keywords\":[\"wn\u0119trza\"],\"articleSection\":[\"Dom wn\u0119trza\",\"O\u015bwietlenie dla domu\"],\"inLanguage\":\"pl-PL\"},{\"@type\":\"WebPage\",\"@id\":\"https:\/\/www.smd-led.pl\/blog\/oswietlenie-korytarza-co-warto-wiedziec\/\",\"url\":\"https:\/\/www.smd-led.pl\/blog\/oswietlenie-korytarza-co-warto-wiedziec\/\",\"name\":\"O\u015bwietlenie korytarza - co warto wiedzie\u0107? - Blog SMD-LED.pl\",\"isPartOf\":{\"@id\":\"https:\/\/www.smd-led.pl\/blog\/#website\"},\"primaryImageOfPage\":{\"@id\":\"https:\/\/www.smd-led.pl\/blog\/oswietlenie-korytarza-co-warto-wiedziec\/#primaryimage\"},\"image\":{\"@id\":\"https:\/\/www.smd-led.pl\/blog\/oswietlenie-korytarza-co-warto-wiedziec\/#primaryimage\"},\"thumbnailUrl\":\"https:\/\/www.smd-led.pl\/blog\/wp-content\/uploads\/2020\/07\/oswietlenie-korytarza.jpg\",\"datePublished\":\"2020-07-12T13:05:57+00:00\",\"dateModified\":\"2024-02-01T09:43:51+00:00\",\"author\":{\"@id\":\"https:\/\/www.smd-led.pl\/blog\/#\/schema\/person\/887fa24be503d7ae726f67021d1623f5\"},\"description\":\"O\u015bwietlenie korytarza mo\u017ce by\u0107 eleganckie, funkcjonalne i nowoczesne. Sprawd\u017a jakie lampy na korytarz wybra\u0107.\",\"breadcrumb\":{\"@id\":\"https:\/\/www.smd-led.pl\/blog\/oswietlenie-korytarza-co-warto-wiedziec\/#breadcrumb\"},\"inLanguage\":\"pl-PL\",\"potentialAction\":[{\"@type\":\"ReadAction\",\"target\":[\"https:\/\/www.smd-led.pl\/blog\/oswietlenie-korytarza-co-warto-wiedziec\/\"]}]},{\"@type\":\"ImageObject\",\"inLanguage\":\"pl-PL\",\"@id\":\"https:\/\/www.smd-led.pl\/blog\/oswietlenie-korytarza-co-warto-wiedziec\/#primaryimage\",\"url\":\"https:\/\/www.smd-led.pl\/blog\/wp-content\/uploads\/2020\/07\/oswietlenie-korytarza.jpg\",\"contentUrl\":\"https:\/\/www.smd-led.pl\/blog\/wp-content\/uploads\/2020\/07\/oswietlenie-korytarza.jpg\",\"width\":1225,\"height\":919,\"caption\":\"\"},{\"@type\":\"BreadcrumbList\",\"@id\":\"https:\/\/www.smd-led.pl\/blog\/oswietlenie-korytarza-co-warto-wiedziec\/#breadcrumb\",\"itemListElement\":[{\"@type\":\"ListItem\",\"position\":1,\"name\":\"Strona g\u0142\u00f3wna\",\"item\":\"https:\/\/www.smd-led.pl\/blog\/\"},{\"@type\":\"ListItem\",\"position\":2,\"name\":\"O\u015bwietlenie korytarza &#8211; co warto wiedzie\u0107?\"}]},{\"@type\":\"WebSite\",\"@id\":\"https:\/\/www.smd-led.pl\/blog\/#website\",\"url\":\"https:\/\/www.smd-led.pl\/blog\/\",\"name\":\"SMD-LED\",\"description\":\"O\u015bwietlenie Led do domu i przemys\u0142u porady, testy i opinie ekspert\u00f3w\",\"potentialAction\":[{\"@type\":\"SearchAction\",\"target\":{\"@type\":\"EntryPoint\",\"urlTemplate\":\"https:\/\/www.smd-led.pl\/blog\/?s={search_term_string}\"},\"query-input\":{\"@type\":\"PropertyValueSpecification\",\"valueRequired\":true,\"valueName\":\"search_term_string\"}}],\"inLanguage\":\"pl-PL\"},{\"@type\":\"Person\",\"@id\":\"https:\/\/www.smd-led.pl\/blog\/#\/schema\/person\/887fa24be503d7ae726f67021d1623f5\",\"name\":\"Marcin Pietrasik\",\"image\":{\"@type\":\"ImageObject\",\"inLanguage\":\"pl-PL\",\"@id\":\"https:\/\/www.smd-led.pl\/blog\/#\/schema\/person\/image\/\",\"url\":\"https:\/\/secure.gravatar.com\/avatar\/c886f4ccbb5c83b665ee8b66f0b3401128439bc832dca6389b6e67c6bdc3d38b?s=96&d=mm&r=g\",\"contentUrl\":\"https:\/\/secure.gravatar.com\/avatar\/c886f4ccbb5c83b665ee8b66f0b3401128439bc832dca6389b6e67c6bdc3d38b?s=96&d=mm&r=g\",\"caption\":\"Marcin Pietrasik\"},\"url\":\"https:\/\/www.smd-led.pl\/blog\/author\/mpietrasik\/\"}]}<\/script>\n<!-- \/ Yoast SEO Premium plugin. -->","yoast_head_json":{"title":"O\u015bwietlenie korytarza - co warto wiedzie\u0107? - Blog SMD-LED.pl","description":"O\u015bwietlenie korytarza mo\u017ce by\u0107 eleganckie, funkcjonalne i nowoczesne. Sprawd\u017a jakie lampy na korytarz wybra\u0107.","robots":{"index":"index","follow":"follow","max-snippet":"max-snippet:-1","max-image-preview":"max-image-preview:large","max-video-preview":"max-video-preview:-1"},"canonical":"https:\/\/www.smd-led.pl\/blog\/oswietlenie-korytarza-co-warto-wiedziec\/","og_locale":"pl_PL","og_type":"article","og_title":"O\u015bwietlenie korytarza - co warto wiedzie\u0107?","og_description":"O\u015bwietlenie korytarza mo\u017ce by\u0107 eleganckie, funkcjonalne i nowoczesne. Sprawd\u017a jakie lampy na korytarz wybra\u0107.","og_url":"https:\/\/www.smd-led.pl\/blog\/oswietlenie-korytarza-co-warto-wiedziec\/","og_site_name":"SMD-LED","article_published_time":"2020-07-12T13:05:57+00:00","article_modified_time":"2024-02-01T09:43:51+00:00","og_image":[{"width":1225,"height":919,"url":"https:\/\/www.smd-led.pl\/blog\/wp-content\/uploads\/2020\/07\/oswietlenie-korytarza.jpg","type":"image\/jpeg"}],"author":"Marcin Pietrasik","twitter_card":"summary_large_image","twitter_misc":{"Napisane przez":"Marcin Pietrasik","Szacowany czas czytania":"11 minut"},"schema":{"@context":"https:\/\/schema.org","@graph":[{"@type":"Article","@id":"https:\/\/www.smd-led.pl\/blog\/oswietlenie-korytarza-co-warto-wiedziec\/#article","isPartOf":{"@id":"https:\/\/www.smd-led.pl\/blog\/oswietlenie-korytarza-co-warto-wiedziec\/"},"author":{"name":"Marcin Pietrasik","@id":"https:\/\/www.smd-led.pl\/blog\/#\/schema\/person\/887fa24be503d7ae726f67021d1623f5"},"headline":"O\u015bwietlenie korytarza &#8211; co warto wiedzie\u0107?","datePublished":"2020-07-12T13:05:57+00:00","dateModified":"2024-02-01T09:43:51+00:00","mainEntityOfPage":{"@id":"https:\/\/www.smd-led.pl\/blog\/oswietlenie-korytarza-co-warto-wiedziec\/"},"wordCount":2062,"image":{"@id":"https:\/\/www.smd-led.pl\/blog\/oswietlenie-korytarza-co-warto-wiedziec\/#primaryimage"},"thumbnailUrl":"https:\/\/www.smd-led.pl\/blog\/wp-content\/uploads\/2020\/07\/oswietlenie-korytarza.jpg","keywords":["wn\u0119trza"],"articleSection":["Dom wn\u0119trza","O\u015bwietlenie dla domu"],"inLanguage":"pl-PL"},{"@type":"WebPage","@id":"https:\/\/www.smd-led.pl\/blog\/oswietlenie-korytarza-co-warto-wiedziec\/","url":"https:\/\/www.smd-led.pl\/blog\/oswietlenie-korytarza-co-warto-wiedziec\/","name":"O\u015bwietlenie korytarza - co warto wiedzie\u0107? - Blog SMD-LED.pl","isPartOf":{"@id":"https:\/\/www.smd-led.pl\/blog\/#website"},"primaryImageOfPage":{"@id":"https:\/\/www.smd-led.pl\/blog\/oswietlenie-korytarza-co-warto-wiedziec\/#primaryimage"},"image":{"@id":"https:\/\/www.smd-led.pl\/blog\/oswietlenie-korytarza-co-warto-wiedziec\/#primaryimage"},"thumbnailUrl":"https:\/\/www.smd-led.pl\/blog\/wp-content\/uploads\/2020\/07\/oswietlenie-korytarza.jpg","datePublished":"2020-07-12T13:05:57+00:00","dateModified":"2024-02-01T09:43:51+00:00","author":{"@id":"https:\/\/www.smd-led.pl\/blog\/#\/schema\/person\/887fa24be503d7ae726f67021d1623f5"},"description":"O\u015bwietlenie korytarza mo\u017ce by\u0107 eleganckie, funkcjonalne i nowoczesne. Sprawd\u017a jakie lampy na korytarz wybra\u0107.","breadcrumb":{"@id":"https:\/\/www.smd-led.pl\/blog\/oswietlenie-korytarza-co-warto-wiedziec\/#breadcrumb"},"inLanguage":"pl-PL","potentialAction":[{"@type":"ReadAction","target":["https:\/\/www.smd-led.pl\/blog\/oswietlenie-korytarza-co-warto-wiedziec\/"]}]},{"@type":"ImageObject","inLanguage":"pl-PL","@id":"https:\/\/www.smd-led.pl\/blog\/oswietlenie-korytarza-co-warto-wiedziec\/#primaryimage","url":"https:\/\/www.smd-led.pl\/blog\/wp-content\/uploads\/2020\/07\/oswietlenie-korytarza.jpg","contentUrl":"https:\/\/www.smd-led.pl\/blog\/wp-content\/uploads\/2020\/07\/oswietlenie-korytarza.jpg","width":1225,"height":919,"caption":""},{"@type":"BreadcrumbList","@id":"https:\/\/www.smd-led.pl\/blog\/oswietlenie-korytarza-co-warto-wiedziec\/#breadcrumb","itemListElement":[{"@type":"ListItem","position":1,"name":"Strona g\u0142\u00f3wna","item":"https:\/\/www.smd-led.pl\/blog\/"},{"@type":"ListItem","position":2,"name":"O\u015bwietlenie korytarza &#8211; co warto wiedzie\u0107?"}]},{"@type":"WebSite","@id":"https:\/\/www.smd-led.pl\/blog\/#website","url":"https:\/\/www.smd-led.pl\/blog\/","name":"SMD-LED","description":"O\u015bwietlenie Led do domu i przemys\u0142u porady, testy i opinie ekspert\u00f3w","potentialAction":[{"@type":"SearchAction","target":{"@type":"EntryPoint","urlTemplate":"https:\/\/www.smd-led.pl\/blog\/?s={search_term_string}"},"query-input":{"@type":"PropertyValueSpecification","valueRequired":true,"valueName":"search_term_string"}}],"inLanguage":"pl-PL"},{"@type":"Person","@id":"https:\/\/www.smd-led.pl\/blog\/#\/schema\/person\/887fa24be503d7ae726f67021d1623f5","name":"Marcin Pietrasik","image":{"@type":"ImageObject","inLanguage":"pl-PL","@id":"https:\/\/www.smd-led.pl\/blog\/#\/schema\/person\/image\/","url":"https:\/\/secure.gravatar.com\/avatar\/c886f4ccbb5c83b665ee8b66f0b3401128439bc832dca6389b6e67c6bdc3d38b?s=96&d=mm&r=g","contentUrl":"https:\/\/secure.gravatar.com\/avatar\/c886f4ccbb5c83b665ee8b66f0b3401128439bc832dca6389b6e67c6bdc3d38b?s=96&d=mm&r=g","caption":"Marcin Pietrasik"},"url":"https:\/\/www.smd-led.pl\/blog\/author\/mpietrasik\/"}]}},"_links":{"self":[{"href":"https:\/\/www.smd-led.pl\/blog\/wp-json\/wp\/v2\/posts\/8808","targetHints":{"allow":["GET"]}}],"collection":[{"href":"https:\/\/www.smd-led.pl\/blog\/wp-json\/wp\/v2\/posts"}],"about":[{"href":"https:\/\/www.smd-led.pl\/blog\/wp-json\/wp\/v2\/types\/post"}],"author":[{"embeddable":true,"href":"https:\/\/www.smd-led.pl\/blog\/wp-json\/wp\/v2\/users\/7"}],"replies":[{"embeddable":true,"href":"https:\/\/www.smd-led.pl\/blog\/wp-json\/wp\/v2\/comments?post=8808"}],"version-history":[{"count":7,"href":"https:\/\/www.smd-led.pl\/blog\/wp-json\/wp\/v2\/posts\/8808\/revisions"}],"predecessor-version":[{"id":17812,"href":"https:\/\/www.smd-led.pl\/blog\/wp-json\/wp\/v2\/posts\/8808\/revisions\/17812"}],"wp:featuredmedia":[{"embeddable":true,"href":"https:\/\/www.smd-led.pl\/blog\/wp-json\/wp\/v2\/media\/3455"}],"wp:attachment":[{"href":"https:\/\/www.smd-led.pl\/blog\/wp-json\/wp\/v2\/media?parent=8808"}],"wp:term":[{"taxonomy":"category","embeddable":true,"href":"https:\/\/www.smd-led.pl\/blog\/wp-json\/wp\/v2\/categories?post=8808"},{"taxonomy":"post_tag","embeddable":true,"href":"https:\/\/www.smd-led.pl\/blog\/wp-json\/wp\/v2\/tags?post=8808"}],"curies":[{"name":"wp","href":"https:\/\/api.w.org\/{rel}","templated":true}]}}